{"id":52263,"date":"2020-09-28T22:44:39","date_gmt":"2020-09-29T01:44:39","guid":{"rendered":"https:\/\/webdelmaestrocmf.com\/portal\/?p=52263"},"modified":"2022-06-07T21:06:14","modified_gmt":"2022-06-08T01:06:14","slug":"silvia-paredes-creo-que-no-se-puede-evaluar-todo-porque-no-se-puede-ensenar-todo-en-la-virtualidad","status":"publish","type":"post","link":"https:\/\/webdelmaestrocmf.com\/portal\/silvia-paredes-creo-que-no-se-puede-evaluar-todo-porque-no-se-puede-ensenar-todo-en-la-virtualidad\/","title":{"rendered":"Silvia Paredes: Creo que no se puede evaluar todo porque no se puede ense\u00f1ar todo en la virtualidad"},"content":{"rendered":"<h5 style=\"text-align: justify;\">La pandemia de enfermedad por coronavirus (COVID-19) ha provocado <strong>una crisis sin precedentes<\/strong> en todos los \u00e1mbitos, y son muchos los que reconocen ya la enorme p\u00e9rdida de vidas humanas, cambios muy profundos en <strong>la vida familiar<\/strong>, calamidades sanitarias que ponen al descubierto el poco valor de la vida humana frente a las <strong>ganancias de los laboratorios<\/strong>, la ca\u00edda los precios de las <strong>materias pri<\/strong>mas, las interrupciones de las <strong>cadenas de producci\u00f3n<\/strong> mundial, la baja <strong>demanda tur\u00edstica<\/strong> a nivel global, los cambios en <strong>las\u00a0 comunicaciones y las relaciones interpersonales<\/strong>, &#8230; y un inevitable <strong>cambio en todo el sistema educativo<\/strong> mundial.<\/h5>\n<p><!--more--><\/p>\n<p style=\"text-align: justify;\">El profesor Yuval Noah Harari nos dice que \u201clas decisiones que <strong>en tiempos normales podr\u00edan llevar a\u00f1os de deliberaci\u00f3n<\/strong> se aprueban en cuesti\u00f3n de horas. <strong>Se ponen en servicio tecnolog\u00edas inmaduras e incluso peligrosas, porque los riesgos de no hacer nada son mayores<\/strong>. Pa\u00edses enteros sirven como conejillos de indias en experimentos sociales a gran escala. \u00bfQu\u00e9 sucede cuando todos trabajan desde casa y se comunican solo a distancia? \u00bfQu\u00e9 sucede cuando escuelas y universidades enteras se conectan? En tiempos normales, los gobiernos, las empresas y las juntas educativas nunca estar\u00edan de acuerdo en realizar tales experimentos. <strong>Pero estos no son tiempos normales<\/strong>\u201d. \u00bfC\u00f3mo est\u00e1 respondiendo su pa\u00eds a esta emergencia?<\/p>\n<p><a href=\"https:\/\/webdelmaestrocmf.com\/portal\/wp-content\/uploads\/2020\/09\/1-copia-110.jpg\"><img loading=\"lazy\" decoding=\"async\" class=\"alignnone size-full wp-image-52264\" src=\"https:\/\/webdelmaestrocmf.com\/portal\/wp-content\/uploads\/2020\/09\/1-copia-110.jpg\" alt=\"\" width=\"1100\" height=\"680\" srcset=\"https:\/\/webdelmaestrocmf.com\/portal\/wp-content\/uploads\/2020\/09\/1-copia-110.jpg 1100w, https:\/\/webdelmaestrocmf.com\/portal\/wp-content\/uploads\/2020\/09\/1-copia-110-300x185.jpg 300w, https:\/\/webdelmaestrocmf.com\/portal\/wp-content\/uploads\/2020\/09\/1-copia-110-1024x633.jpg 1024w, https:\/\/webdelmaestrocmf.com\/portal\/wp-content\/uploads\/2020\/09\/1-copia-110-768x475.jpg 768w, https:\/\/webdelmaestrocmf.com\/portal\/wp-content\/uploads\/2020\/09\/1-copia-110-110x68.jpg 110w, https:\/\/webdelmaestrocmf.com\/portal\/wp-content\/uploads\/2020\/09\/1-copia-110-200x124.jpg 200w, https:\/\/webdelmaestrocmf.com\/portal\/wp-content\/uploads\/2020\/09\/1-copia-110-380x235.jpg 380w, https:\/\/webdelmaestrocmf.com\/portal\/wp-content\/uploads\/2020\/09\/1-copia-110-255x158.jpg 255w, https:\/\/webdelmaestrocmf.com\/portal\/wp-content\/uploads\/2020\/09\/1-copia-110-550x340.jpg 550w, https:\/\/webdelmaestrocmf.com\/portal\/wp-content\/uploads\/2020\/09\/1-copia-110-800x495.jpg 800w, https:\/\/webdelmaestrocmf.com\/portal\/wp-content\/uploads\/2020\/09\/1-copia-110-220x136.jpg 220w, https:\/\/webdelmaestrocmf.com\/portal\/wp-content\/uploads\/2020\/09\/1-copia-110-400x247.jpg 400w, https:\/\/webdelmaestrocmf.com\/portal\/wp-content\/uploads\/2020\/09\/1-copia-110-760x470.jpg 760w, https:\/\/webdelmaestrocmf.com\/portal\/wp-content\/uploads\/2020\/09\/1-copia-110-510x315.jpg 510w, https:\/\/webdelmaestrocmf.com\/portal\/wp-content\/uploads\/2020\/09\/1-copia-110-600x371.jpg 600w\" sizes=\"auto, (max-width: 1100px) 100vw, 1100px\" \/><\/a><\/p>\n<p style=\"text-align: justify;\">Art\u00edculo recomendado: <a href=\"https:\/\/webdelmaestrocmf.com\/portal\/yuval-noah-harari-los-profesores-debemos-ensenar-pensamiento-critico-comunicacion-colaboracion-y-creatividad\/\" target=\"_blank\" rel=\"noopener noreferrer\"><strong>YUVAL NOAH HARARI: LOS PROFESORES DEBEMOS ENSENAR PENSAMIENTO CRITICO, COMUNICACI\u00d3N, COLABORACI\u00d3N Y CREATIVIDAD<\/strong><\/a><\/p>\n<p style=\"text-align: justify;\">Para cada realidad educativa necesitamos el aporte, la iniciativa, la creatividad y el compromiso de todos los agentes educativos, por eso, es recomendable o muy sabio el que cada uno trate de <strong>conocer las experiencias y los resultados de otros<\/strong>, para tomar, mejorar o descartar sus itinerarios, como bien recomendaba el fil\u00f3sofo franc\u00e9s Voltaire: \u201chay personas tan inteligentes que aprenden de la experiencia de las dem\u00e1s\u201d. Cada comunidad educativa necesita decidir y <strong>optar por una respuesta propia<\/strong>. No se puede esperar mucho de quienes, detr\u00e1s de los escritorios de las secretar\u00edas y ministerios, planifican la educaci\u00f3n que no conocen.<\/p>\n<h5 style=\"text-align: justify;\"><strong>EDUCACI\u00d3N H\u00cdBRIDA <\/strong>(05\u00b437\u201d)<\/h5>\n<p><iframe loading=\"lazy\" src=\"https:\/\/www.youtube.com\/embed\/Zkcin5m3zuA\" width=\"100%\" height=\"400\" frameborder=\"0\" allowfullscreen=\"allowfullscreen\"><span data-mce-type=\"bookmark\" style=\"display: inline-block; width: 0px; overflow: hidden; line-height: 0;\" class=\"mce_SELRES_start\">\ufeff<\/span><\/iframe><\/p>\n<p style=\"text-align: justify;\">Nuestra vocaci\u00f3n docente nos reclama a nunca dejar de aprender, a tener la humildad de <strong>escuchar para dialogar y tomar decisiones<\/strong> asentadas solidos fundamentos. Hoy deseamos compartir con Ustedes, por razones \u00fanicamente educativas y de formaci\u00f3n permanente, partes de la publicaci\u00f3n del Portal de la <strong>Universidad Nacional de Villa Mar\u00eda<\/strong> (UNVM) (C\u00f3rdoba, Argentina), con una entrevista a la psicopedagoga y docente Silvia Paredes. Haciendo la advertencia que solo compartimos partes del di\u00e1logo, por lo que le sugerimos y recomendamos leer la entrevista completa en el enlace que indicamos al final de este art\u00edculo.<\/p>\n<p style=\"text-align: justify;\">La profesora Silvia Paredes tiene el grado de Licenciada y Profesora en Ciencias de la Educaci\u00f3n, y es Doctora en Ciencias sociales de Am\u00e9rica Latina. Orientaci\u00f3n Socio antropol\u00f3gica de la Educaci\u00f3n por la Universidad Nacional de C\u00f3rdoba (Argentina). Actualmente pertenece al claustro docente del Instituto de Educaci\u00f3n Superior del Centro de la Rep\u00fablica \u00abDr. \u00c1ngel Diego M\u00e1rquez\u00bb -INESCER- que depende de la Direcci\u00f3n General de Educaci\u00f3n Superior del Ministerio de Educaci\u00f3n de la Provincia de C\u00f3rdoba de Argentina.\u00a0 Curs\u00f3 el Diploma Superior de Universidad \u201cJ\u00f3venes en situaci\u00f3n de dificultad. Enfoques interculturales y pr\u00e1cticas profesionales\u201d. \u00a0Es coautora de \u201cEscritos para j\u00f3venes\u201d, una serie de art\u00edculos intentan generar nuevas preguntas, nuevas interpretaciones, nuevas miradas sobre cuestiones que nos conmueven y nos perturban, para poder de alguna manera comprenderlas con esperanza.<\/p>\n<p style=\"text-align: justify;\">Ella ofreci\u00f3 una entrevista, <strong>con validez para todos los niveles<\/strong> sobre la <strong>suspensi\u00f3n de la actividad presencial<\/strong>, los nuevos <strong>desaf\u00edos ante la necesidad de dar continuidad<\/strong> del proceso de ense\u00f1anza-aprendizaje a trav\u00e9s de herramientas y <strong>m\u00e9todos digitales<\/strong>, sobre los contenidos y <strong>formas de pedagog\u00edas<\/strong> que se ponen en juego en estos momentos de emergencia educativa, y opina sobre aspectos de la propuesta del <strong>\u201cm\u00e9todo h\u00edbrido\u201d.<\/strong><\/p>\n<p style=\"text-align: justify;\">Por razones \u00fanicamente educativas y de formaci\u00f3n permanente compartimos partes de sus respuestas, anotando que las letras cursivas y los resaltados son nuestros.<\/p>\n<h5 style=\"text-align: left;\"><strong>\u00bfCu\u00e1l es la perspectiva desde las Ciencias de la Educaci\u00f3n de la modalidad virtual de la educaci\u00f3n superior debido a la emergencia sanitaria?<\/strong><\/h5>\n<p style=\"text-align: justify;\"><strong>SILVIA PAREDES:<\/strong> \u201cLa situaci\u00f3n actual, absolutamente impensada meses atr\u00e1s, ha conmovido a la sociedad en su conjunto y a escala planetaria, y entre tantas instituciones y pr\u00e1cticas sociales, <strong>ha impactado en el sistema educativo y las pr\u00e1cticas docentes.<\/strong> Cuando digo sistema educativo <strong>incluyo todos los niveles y modalidades, desde el Jard\u00edn maternal hasta el posgrado universitario<\/strong>. Nuestros sistemas educativos se han construido hist\u00f3ricamente \u201chaciendo pie\u201d entre otros elementos, en la <strong>presencialidad<\/strong>, m\u00e1s all\u00e1 de las experiencias \u2013muchas muy valiosas- que se ven\u00edan desarrollando en la educaci\u00f3n a distancia [&#8230;] <strong>progresivamente nos vamos apropiando de diversas tecnolog\u00edas, vamos mejorando nuestras competencias<\/strong> en la producci\u00f3n de recursos educativos, pero, recordemos, en el marco de la emergencia, como una situaci\u00f3n excepcional y transitoria y con un trasfondo de mucha preocupaci\u00f3n y angustia.<\/p>\n<p style=\"text-align: justify;\">Esta situaci\u00f3n actual nos ha mostrado muchas cosas, muchas ya la sab\u00edamos, pero las ha puesto al desnudo y otras han venido a discutir alg\u00fan sentido com\u00fan que circulaba sobre la escuela. De esas muchas cosas <strong>voy a se\u00f1alar algunas <\/strong>[&#8230;] Una es la <strong>incidencia en las desigualdades sociales en el acceso a la educaci\u00f3n y al capital cultural<\/strong>; esta situaci\u00f3n de pandemia profundiza esas desigualdades y <strong>debe seguir siendo el centro de la preocupaci\u00f3n<\/strong> y la acci\u00f3n de la pol\u00edtica p\u00fablica. La segunda es la idea \u2013bastante generalizada- acerca de <strong>la rigidez de la escuela, la resistencia al cambio, la lentitud de las pol\u00edticas educativas<\/strong> para dar respuesta a las diferentes contingencias y de <strong>las dificultades de los docentes para adaptarse a nuevas situaciones<\/strong>; [&#8230;]\u00a0 La tercera es que el estudiar en casa dej\u00f3 en evidencia \u2013y muchas veces mostrado con humor de <strong>padres desesperados<\/strong> por no saber c\u00f3mo \u201cense\u00f1ar\u201d a sus hijos- [&#8230;]\u00a0ojal\u00e1 esto contribuya a la valoraci\u00f3n social del trabajo docente y a la mejora de las condiciones de trabajo [&#8230;]\u00a0Y la \u00faltima es que nos puso en evidencia la potencialidad que conserva la escuela [&#8230;] como <strong>el espacio privilegiado para el encuentro con otros<\/strong>, [&#8230;] su enorme capacidad de estructurar la vida social (yo creo efectivamente que hay ausencia de escuela tal como definimos <strong>m\u00e1s all\u00e1 de la continuidad pedag\u00f3gica y del enorme trabajo que estamos haciendo maestras, maestros, profesores y profesoras<\/strong>)\u201d.<\/p>\n<p><img loading=\"lazy\" decoding=\"async\" class=\"alignnone wp-image-52266\" src=\"https:\/\/webdelmaestrocmf.com\/portal\/wp-content\/uploads\/2020\/09\/2-2.jpeg\" alt=\"\" width=\"722\" height=\"722\" srcset=\"https:\/\/webdelmaestrocmf.com\/portal\/wp-content\/uploads\/2020\/09\/2-2.jpeg 640w, https:\/\/webdelmaestrocmf.com\/portal\/wp-content\/uploads\/2020\/09\/2-2-300x300.jpeg 300w, https:\/\/webdelmaestrocmf.com\/portal\/wp-content\/uploads\/2020\/09\/2-2-150x150.jpeg 150w, https:\/\/webdelmaestrocmf.com\/portal\/wp-content\/uploads\/2020\/09\/2-2-80x80.jpeg 80w, https:\/\/webdelmaestrocmf.com\/portal\/wp-content\/uploads\/2020\/09\/2-2-110x110.jpeg 110w, https:\/\/webdelmaestrocmf.com\/portal\/wp-content\/uploads\/2020\/09\/2-2-200x200.jpeg 200w, https:\/\/webdelmaestrocmf.com\/portal\/wp-content\/uploads\/2020\/09\/2-2-380x380.jpeg 380w, https:\/\/webdelmaestrocmf.com\/portal\/wp-content\/uploads\/2020\/09\/2-2-255x255.jpeg 255w, https:\/\/webdelmaestrocmf.com\/portal\/wp-content\/uploads\/2020\/09\/2-2-550x550.jpeg 550w, https:\/\/webdelmaestrocmf.com\/portal\/wp-content\/uploads\/2020\/09\/2-2-160x160.jpeg 160w, https:\/\/webdelmaestrocmf.com\/portal\/wp-content\/uploads\/2020\/09\/2-2-220x220.jpeg 220w, https:\/\/webdelmaestrocmf.com\/portal\/wp-content\/uploads\/2020\/09\/2-2-400x400.jpeg 400w, https:\/\/webdelmaestrocmf.com\/portal\/wp-content\/uploads\/2020\/09\/2-2-510x510.jpeg 510w, https:\/\/webdelmaestrocmf.com\/portal\/wp-content\/uploads\/2020\/09\/2-2-600x600.jpeg 600w\" sizes=\"auto, (max-width: 722px) 100vw, 722px\" \/><\/p>\n<h5 style=\"text-align: left;\"><strong>\u00bfQu\u00e9 tipo de herramientas se utilizan para poder llevar a cabo la educaci\u00f3n virtual?<\/strong><\/h5>\n<p style=\"text-align: justify;\"><strong>SILVIA PAREDES: <\/strong>\u201c<strong>No es solo virtual las tecnolog\u00edas que se utilizan<\/strong> hoy para sostener la continuidad pedag\u00f3gica, a lo largo del sistema escolar y a lo largo de los heterog\u00e9neos territorios <strong>se ha apelado a diversas tecnolog\u00edas:<\/strong> el cuadernillo creado por el docente con copias, pegatinas, escrituras propias; los materiales impresos del Ministerio de Naci\u00f3n; los contenidos educativos de radio y televisi\u00f3n, la comunicaci\u00f3n por email o whatsapp, las plataformas, etc\u00e9tera. [&#8230;] Por esto ten\u00edamos y <strong>tenemos m\u00e1s recursos disponibles que empezamos a utilizar<\/strong> y aprender cada vez m\u00e1s a aprovechar sus potencialidades\u201d.<\/p>\n<p style=\"text-align: justify;\">Art\u00edculo que le puede interesar: <a href=\"https:\/\/webdelmaestrocmf.com\/portal\/explicar-ensenar-7-caracteristicas-hacen-diferentes-estos-dos-terminos\/\" target=\"_blank\" rel=\"noopener noreferrer\"><strong>\u00bfQU\u00c9 DIFERENCIA EXISTE ENTRE EXPLICAR Y ENSE\u00d1AR?<\/strong><\/a><\/p>\n<h5 style=\"text-align: left;\"><strong>\u00bfQu\u00e9 tipos de contenidos y formas de pedagog\u00edas se ponen en juego en esta instancia?<\/strong><\/h5>\n<p style=\"text-align: justify;\"><strong>SILVIA PAREDES: <\/strong>\u201cEs necesario se\u00f1alar que la experiencia que estamos llevando adelante no es educaci\u00f3n a distancia, [&#8230;] Hoy estamos en una situaci\u00f3n de emergencia y <strong>estamos aprovechando todas las tecnolog\u00edas disponibles para la continuidad de los procesos de formaci\u00f3n<\/strong>; sin duda la ense\u00f1anza en entornos virtuales es muy valiosa y las experiencias y el conocimiento que nos provee <strong>la investigaci\u00f3n pedag\u00f3gica <\/strong>sobre el papel y el impacto de las mediatizaciones tecnol\u00f3gicas en los procesos de ense\u00f1anza realiza un aporte fundamental en este contexto\u201d.<\/p>\n<h5 style=\"text-align: left;\"><strong>\u00bfC\u00f3mo ha sido el traspaso de la presencialidad a la virtualidad desde las estrategias de la ense\u00f1anza docente?<\/strong><\/h5>\n<p style=\"text-align: justify;\"><strong>SILVIA PAREDES: <\/strong>\u201c[&#8230;] Lo que podemos suponer -a partir de lo que conocemos- es que ha sido muy heterog\u00e9nea la experiencia y los recursos y eso se vincula con diferentes cuestiones: por un lado, <strong>la naturaleza del conocimiento a trabajar y las destrezas y habilidades<\/strong> que sean responsabilidad de ese espacio curricular desarrollar; por otro lado, seg\u00fan la experiencia del docente en la utilizaci\u00f3n de otros recursos y tecnol\u00f3gicas. [&#8230;]\u00a0tendremos que conocer, incluso como un insumo fundamental para <strong>repensar las propuestas docentes<\/strong>. [&#8230;]\u00a0\u00bfC\u00f3mo trabajar con entornos virtuales, que utilizan la palabra escrita como veh\u00edculo fundamental, con ni\u00f1os peque\u00f1os? <strong>Piensen en el Nivel Inicial, piensen en la escuela primaria<\/strong>; all\u00ed aparecen otros actores como la familia que desarrolla un papel clave. [&#8230;] Desde el campo pedag\u00f3gico necesitamos generar una escucha muy atenta de estas experiencias, [&#8230;] creo que hay importantes desaf\u00edos por delante para la producci\u00f3n acad\u00e9mica. [&#8230;] Creo que <strong>hay muchos recursos que podemos aprender de las experiencias que estamos llevando adelante<\/strong> y que pueden instalarse [&#8230;]\u00a0Hay algunas experiencias de formaci\u00f3n que exigen <strong>la co- presencia<\/strong>, que requieren transitar un territorio, que se impone manipular determinados materiales o herramientas, que la discusi\u00f3n con otro es indispensable en el proceso de aprender. Me parece que podemos ense\u00f1ar y aprender mucho y muy bien en <strong>propuesta mediadas por tecnolog\u00edas<\/strong>, aun en situaciones de emergencia, pero tambi\u00e9n creo que algunas experiencias de formaci\u00f3n deber\u00e1n quedar a la espera de que retomemos actividades presenciales\u201d.<\/p>\n<h5 style=\"text-align: left;\"><strong>\u00bfSe puede pensar en un m\u00e9todo h\u00edbrido para cuando vuelva la presencialidad, rescatando aspectos positivos de la virtualidad?<\/strong><\/h5>\n<p style=\"text-align: justify;\"><strong>SILVIA PAREDES: <\/strong>\u201cMe parece que s\u00ed, que en la educaci\u00f3n superior ser\u00eda muy interesante; justamente porque <strong>podr\u00edamos priorizar los espacios y momentos de encuentros <\/strong>para el desarrollo de aquellos saberes que requieren m\u00e1s imperiosamente esta modalidad y mantener en otros entornos virtuales el desarrollo de aquellos saberes que son posibles de ser trabajados de esta manera. Esto exige una mirada muy detenida de cada espacio curricular, <strong>decisiones pedag\u00f3gicas en la organizaci\u00f3n de las propuestas de programas de los docentes<\/strong> produciendo modificaciones o reorganizaciones y decisiones institucionales y administrativas que validen estas maneras de trabajar\u201d.<\/p>\n<p style=\"text-align: justify;\">Art\u00edculo recomendado: <a href=\"https:\/\/webdelmaestrocmf.com\/portal\/como-sera-el-nuevo-rol-del-maestro-se-puede-hablar-de-un-nuevo-rol-maestro\/\" target=\"_blank\" rel=\"noopener noreferrer\"><strong>\u00bfC\u00d3MO SER\u00c1 EL NUEVO ROL DEL MAESTRO\u00b4 \u00bfSE PUEDE HABLAR DE UN \u201cNUEVO ROL DEL MAESTRO\u201d?<\/strong><\/a><\/p>\n<h5 style=\"text-align: left;\"><strong>\u00bfConsideras que las consecuencias de la pandemia cambiar\u00e1n de forma definitiva la educaci\u00f3n superior?<\/strong><\/h5>\n<p style=\"text-align: justify;\"><strong>SILVIA PAREDES: <\/strong>\u201c<strong>No lo s\u00e9,<\/strong> [&#8230;]\u00a0Ojal\u00e1 seamos capaces de aprender de esta situaci\u00f3n, <strong>ojal\u00e1 nos apropiemos de nuevas herramientas que mejoren nuestras pr\u00e1cticas<\/strong> y que ampl\u00eden las posibilidades de formarse a los estudiantes. [&#8230;] Pero sin ingenuidades, a sabiendas de la angustia y la complejidad de la vida de muchos, a sabiendas de que <strong>los efectos \u2013no solo sanitarios sino sociales, econ\u00f3micos culturales subjetivos- van a ser diversos y van a estar presentes por mucho tiempo<\/strong>. [&#8230;]\u00a0La evaluaci\u00f3n es siempre la \u201cpiedra del esc\u00e1ndalo\u201d porque los sistemas escolares en su totalidad y m\u00e1s a\u00fan la educaci\u00f3n superior se han estructurado en torno a la acreditaci\u00f3n. [&#8230;]\u00a0durante este tiempo se va a evaluar, pero no se va a calificar. [&#8230;] Pero hay que ser muy prudentes con emitir opiniones [&#8230;] Creo que <strong>no se puede evaluar todo porque no se puede ense\u00f1ar todo en la virtualidad<\/strong>; pero creo que, <strong>si desarrollamos propuestas de ense\u00f1anza en entornos virtuales<\/strong> [&#8230;]\u00a0pueden dise\u00f1arse estrategias de evaluaci\u00f3n en coherencia con esas propuestas y pueden configurarse como instancias de acreditaci\u00f3n. [&#8230;]\u201d.<\/p>\n<p style=\"text-align: justify;\">La publicaci\u00f3n completa de la entrevista la encuentra en este enlace:<a href=\"https:\/\/www.unvm.edu.ar\/noticias\/destacadas\/los-cambios-en-la-educacion-no-los-producira-la-pandemia\/\" target=\"_blank\" rel=\"noopener noreferrer\"><strong> \u201cLOS CAMBIOS EN LA EDUCACI\u00d3N NO LOS PRODUCIR\u00c1 LA PANDEMIA\u201d<\/strong><\/a><\/p>\n<p style=\"text-align: center;\">\u201cLejos de quienes sosten\u00edan que la tecnolog\u00eda reemplazar\u00eda en alg\u00fan momento a los profesores, hoy m\u00e1s que nunca, es posible reconocer que esa creencia solo se trata de un fantasma. El rol de los docentes se ha evidenciado como fundamental; [&#8230;] Es el docente quien genera y organiza las experiencias de aprendizaje para sus estudiantes\u201d. (Martina Valentini y Alejandra Gonzales).<\/p>\n<p style=\"text-align: right;\"><strong>REDACCI\u00d3N WEB DEL MAESTRO CMF<\/strong><\/p>\n\t\t<div class=\"pk-inline-posts\">\n\t\t\t\n\t\t\t<div class=\"pk-inline-posts-container pk-inline-posts-template-list\"\n\t\t\t\tdata-columns=\"1\">\n\t\t\t\t\t\t<article id=\"post-118510\" class=\"post-118510 post type-post status-publish format-standard has-post-thumbnail category-entrevistas category-noticias tag-aprendizaje tag-aula tag-docentes tag-educacion-2 tag-estudiantes tag-filosofia-2 tag-formacion-2 tag-inteligencia tag-jose-antonio-marina tag-pedagogia-2 tag-pensamiento-critico-2 cs-entry cs-video-wrap\">\n\t\t\t<div class=\"pk-post-outer\">\n\n\t\t\t\t\t\t\t\t<div class=\"pk-post-inner\">\n\t\t\t\t\t<div class=\"entry-thumbnail\">\n\t\t\t\t\t\t<div class=\"pk-overlay pk-overlay-ratio pk-ratio-landscape\">\n\t\t\t\t\t\t\t<div class=\"pk-overlay-background\">\n\t\t\t\t\t\t\t\t<a href=\"https:\/\/webdelmaestrocmf.com\/portal\/jose-antonio-marina-si-no-teneis-pensamiento-critico-o-si-no-hay-pensamiento-critico-la-manipulacion-va-a-ser-muy-sencilla\/\" class=\"pk-overlay-link\">\n\t\t\t\t\t\t\t\t\t<img loading=\"lazy\" decoding=\"async\" width=\"300\" height=\"225\" src=\"https:\/\/webdelmaestrocmf.com\/portal\/wp-content\/uploads\/2026\/04\/1AA-Banner-1-portada-imagen-10-1-copia-5-6-300x225.webp\" class=\"attachment-pk-thumbnail size-pk-thumbnail wp-post-image\" alt=\"\" \/>\t\t\t\t\t\t\t\t<\/a>\n\t\t\t\t\t\t\t<\/div>\n\t\t\t\t\t\t<\/div>\n\t\t\t\t\t<\/div>\n\t\t\t\t<\/div>\n\t\t\t\t\n\t\t\t\t<div class=\"pk-post-inner\">\n\t\t\t\t\t<header>\n\t\t\t\t\t\t<h3 class=\"pk-title\"><a href=\"https:\/\/webdelmaestrocmf.com\/portal\/jose-antonio-marina-si-no-teneis-pensamiento-critico-o-si-no-hay-pensamiento-critico-la-manipulacion-va-a-ser-muy-sencilla\/\" rel=\"bookmark\">Jos\u00e9 Antonio Marina: Si no ten\u00e9is pensamiento cr\u00edtico, o si no hay pensamiento cr\u00edtico, la manipulaci\u00f3n va a ser muy sencilla<\/a><\/h3>\t\t\t\t\t<\/header><!-- .entry-header -->\n\t\t\t\t<\/div><!-- .post-inner -->\n\n\t\t\t<\/div><!-- .post-outer -->\n\t\t<\/article>\n\t\t\t\t<\/div>\n\t\t<\/div>\n\t\t\n","protected":false},"excerpt":{"rendered":"La pandemia de enfermedad por coronavirus (COVID-19) ha provocado una crisis sin precedentes en todos los \u00e1mbitos, y&hellip;","protected":false},"author":1,"featured_media":52265,"comment_status":"open","ping_status":"closed","sticky":false,"template":"","format":"standard","meta":{"csco_display_header_overlay":false,"csco_singular_sidebar":"disabled","csco_page_header_type":"standard","csco_page_load_nextpost":"default","csco_post_video_location":[],"csco_post_video_location_hash":"","csco_post_video_url":"","csco_post_video_bg_start_time":0,"csco_post_video_bg_end_time":0,"csco_post_video_bg_volume":false,"_jetpack_memberships_contains_paid_content":false,"footnotes":""},"categories":[48,47],"tags":[4734,4798,2318,58,236,5762,284,1278,4863,5763,5761,1284,2422,5148],"class_list":{"0":"post-52263","1":"post","2":"type-post","3":"status-publish","4":"format-standard","5":"has-post-thumbnail","7":"category-entrevistas","8":"category-noticias","9":"tag-coronavirus","10":"tag-covid-19","11":"tag-digital","12":"tag-docentes","13":"tag-educar","14":"tag-ensenanza-a-distancia","15":"tag-entrevista","16":"tag-evaluacion","17":"tag-pandemia","18":"tag-presencialidad","19":"tag-silvia-paredes","20":"tag-video","21":"tag-virtual","22":"tag-yuval-noah-harari","23":"cs-entry","24":"cs-video-wrap"},"yoast_head":"<!-- This site is optimized with the Yoast SEO plugin v27.5 - https:\/\/yoast.com\/product\/yoast-seo-wordpress\/ -->\n<title>Silvia Paredes: Creo que no se puede evaluar todo porque no se puede ense\u00f1ar todo en la virtualidad - 2026<\/title>\n<meta name=\"description\" content=\"La pandemia de enfermedad por coronavirus (COVID-19) ha provocado una crisis sin precedentes en todos los \u00e1mbitos, y son...\" \/>\n<meta name=\"robots\" content=\"index, follow, max-snippet:-1, max-image-preview:large, max-video-preview:-1\" \/>\n<link rel=\"canonical\" href=\"https:\/\/webdelmaestrocmf.com\/portal\/silvia-paredes-creo-que-no-se-puede-evaluar-todo-porque-no-se-puede-ensenar-todo-en-la-virtualidad\/\" \/>\n<meta property=\"og:locale\" content=\"es_ES\" \/>\n<meta property=\"og:type\" content=\"article\" \/>\n<meta property=\"og:title\" content=\"Silvia Paredes: Creo que no se puede evaluar todo porque no se puede ense\u00f1ar todo en la virtualidad - 2026\" \/>\n<meta property=\"og:description\" content=\"La pandemia de enfermedad por coronavirus (COVID-19) ha provocado una crisis sin precedentes en todos los \u00e1mbitos, y son...\" \/>\n<meta property=\"og:url\" content=\"https:\/\/webdelmaestrocmf.com\/portal\/silvia-paredes-creo-que-no-se-puede-evaluar-todo-porque-no-se-puede-ensenar-todo-en-la-virtualidad\/\" \/>\n<meta property=\"og:site_name\" content=\"Web del Maestro CMF\" \/>\n<meta property=\"article:publisher\" content=\"https:\/\/www.facebook.com\/WebdelMaestroCMF\/\" \/>\n<meta property=\"article:author\" content=\"https:\/\/www.facebook.com\/WebdelMaestroCMF\/\" \/>\n<meta property=\"article:published_time\" content=\"2020-09-29T01:44:39+00:00\" \/>\n<meta property=\"article:modified_time\" content=\"2022-06-08T01:06:14+00:00\" \/>\n<meta property=\"og:image\" content=\"https:\/\/i0.wp.com\/webdelmaestrocmf.com\/portal\/wp-content\/uploads\/2020\/09\/2-copia-6.jpg?fit=1100%2C680&ssl=1\" \/>\n\t<meta property=\"og:image:width\" content=\"1100\" \/>\n\t<meta property=\"og:image:height\" content=\"680\" \/>\n\t<meta property=\"og:image:type\" content=\"image\/jpeg\" \/>\n<meta name=\"author\" content=\"Web del Maestro CMF\" \/>\n<meta name=\"twitter:card\" content=\"summary_large_image\" \/>\n<meta name=\"twitter:creator\" content=\"@cmf_w\" \/>\n<meta name=\"twitter:site\" content=\"@cmf_w\" \/>\n<script type=\"application\/ld+json\" class=\"yoast-schema-graph\">{\"@context\":\"https:\\\/\\\/schema.org\",\"@graph\":[{\"@type\":\"ScholarlyArticle\",\"@id\":\"https:\\\/\\\/webdelmaestrocmf.com\\\/portal\\\/silvia-paredes-creo-que-no-se-puede-evaluar-todo-porque-no-se-puede-ensenar-todo-en-la-virtualidad\\\/#article\",\"isPartOf\":{\"@id\":\"https:\\\/\\\/webdelmaestrocmf.com\\\/portal\\\/silvia-paredes-creo-que-no-se-puede-evaluar-todo-porque-no-se-puede-ensenar-todo-en-la-virtualidad\\\/\"},\"author\":{\"name\":\"Web del Maestro CMF\",\"@id\":\"https:\\\/\\\/webdelmaestrocmf.com\\\/portal\\\/#\\\/schema\\\/person\\\/1072a2ed7bd960df8ef99a551fa35dc5\"},\"headline\":\"Silvia Paredes: Creo que no se puede evaluar todo porque no se puede ense\u00f1ar todo en la virtualidad\",\"datePublished\":\"2020-09-29T01:44:39+00:00\",\"dateModified\":\"2022-06-08T01:06:14+00:00\",\"mainEntityOfPage\":{\"@id\":\"https:\\\/\\\/webdelmaestrocmf.com\\\/portal\\\/silvia-paredes-creo-que-no-se-puede-evaluar-todo-porque-no-se-puede-ensenar-todo-en-la-virtualidad\\\/\"},\"wordCount\":2080,\"commentCount\":0,\"publisher\":{\"@id\":\"https:\\\/\\\/webdelmaestrocmf.com\\\/portal\\\/#organization\"},\"image\":{\"@id\":\"https:\\\/\\\/webdelmaestrocmf.com\\\/portal\\\/silvia-paredes-creo-que-no-se-puede-evaluar-todo-porque-no-se-puede-ensenar-todo-en-la-virtualidad\\\/#primaryimage\"},\"thumbnailUrl\":\"https:\\\/\\\/webdelmaestrocmf.com\\\/portal\\\/wp-content\\\/uploads\\\/2020\\\/09\\\/2-copia-6.jpg\",\"keywords\":[\"coronavirus\",\"Covid 19\",\"DIGITAL\",\"DOCENTES\",\"educar\",\"Ense\u00f1anza a Distancia\",\"Entrevista\",\"EVALUACI\u00d3N\",\"pandemia\",\"Presencialidad\",\"Silvia Paredes\",\"video\",\"VIRTUAL\",\"Yuval Noah Harari\"],\"articleSection\":[\"Entrevistas\",\"Noticias\"],\"inLanguage\":\"es\",\"potentialAction\":[{\"@type\":\"CommentAction\",\"name\":\"Comment\",\"target\":[\"https:\\\/\\\/webdelmaestrocmf.com\\\/portal\\\/silvia-paredes-creo-que-no-se-puede-evaluar-todo-porque-no-se-puede-ensenar-todo-en-la-virtualidad\\\/#respond\"]}]},{\"@type\":\"WebPage\",\"@id\":\"https:\\\/\\\/webdelmaestrocmf.com\\\/portal\\\/silvia-paredes-creo-que-no-se-puede-evaluar-todo-porque-no-se-puede-ensenar-todo-en-la-virtualidad\\\/\",\"url\":\"https:\\\/\\\/webdelmaestrocmf.com\\\/portal\\\/silvia-paredes-creo-que-no-se-puede-evaluar-todo-porque-no-se-puede-ensenar-todo-en-la-virtualidad\\\/\",\"name\":\"Silvia Paredes: Creo que no se puede evaluar todo porque no se puede ense\u00f1ar todo en la virtualidad - 2026\",\"isPartOf\":{\"@id\":\"https:\\\/\\\/webdelmaestrocmf.com\\\/portal\\\/#website\"},\"primaryImageOfPage\":{\"@id\":\"https:\\\/\\\/webdelmaestrocmf.com\\\/portal\\\/silvia-paredes-creo-que-no-se-puede-evaluar-todo-porque-no-se-puede-ensenar-todo-en-la-virtualidad\\\/#primaryimage\"},\"image\":{\"@id\":\"https:\\\/\\\/webdelmaestrocmf.com\\\/portal\\\/silvia-paredes-creo-que-no-se-puede-evaluar-todo-porque-no-se-puede-ensenar-todo-en-la-virtualidad\\\/#primaryimage\"},\"thumbnailUrl\":\"https:\\\/\\\/webdelmaestrocmf.com\\\/portal\\\/wp-content\\\/uploads\\\/2020\\\/09\\\/2-copia-6.jpg\",\"datePublished\":\"2020-09-29T01:44:39+00:00\",\"dateModified\":\"2022-06-08T01:06:14+00:00\",\"description\":\"La pandemia de enfermedad por coronavirus (COVID-19) ha provocado una crisis sin precedentes en todos los \u00e1mbitos, y son...\",\"breadcrumb\":{\"@id\":\"https:\\\/\\\/webdelmaestrocmf.com\\\/portal\\\/silvia-paredes-creo-que-no-se-puede-evaluar-todo-porque-no-se-puede-ensenar-todo-en-la-virtualidad\\\/#breadcrumb\"},\"inLanguage\":\"es\",\"potentialAction\":[{\"@type\":\"ReadAction\",\"target\":[\"https:\\\/\\\/webdelmaestrocmf.com\\\/portal\\\/silvia-paredes-creo-que-no-se-puede-evaluar-todo-porque-no-se-puede-ensenar-todo-en-la-virtualidad\\\/\"]}]},{\"@type\":\"ImageObject\",\"inLanguage\":\"es\",\"@id\":\"https:\\\/\\\/webdelmaestrocmf.com\\\/portal\\\/silvia-paredes-creo-que-no-se-puede-evaluar-todo-porque-no-se-puede-ensenar-todo-en-la-virtualidad\\\/#primaryimage\",\"url\":\"https:\\\/\\\/webdelmaestrocmf.com\\\/portal\\\/wp-content\\\/uploads\\\/2020\\\/09\\\/2-copia-6.jpg\",\"contentUrl\":\"https:\\\/\\\/webdelmaestrocmf.com\\\/portal\\\/wp-content\\\/uploads\\\/2020\\\/09\\\/2-copia-6.jpg\",\"width\":1100,\"height\":680},{\"@type\":\"BreadcrumbList\",\"@id\":\"https:\\\/\\\/webdelmaestrocmf.com\\\/portal\\\/silvia-paredes-creo-que-no-se-puede-evaluar-todo-porque-no-se-puede-ensenar-todo-en-la-virtualidad\\\/#breadcrumb\",\"itemListElement\":[{\"@type\":\"ListItem\",\"position\":1,\"name\":\"Portada\",\"item\":\"https:\\\/\\\/webdelmaestrocmf.com\\\/portal\\\/\"},{\"@type\":\"ListItem\",\"position\":2,\"name\":\"Noticias\",\"item\":\"https:\\\/\\\/webdelmaestrocmf.com\\\/portal\\\/category\\\/noticias\\\/\"},{\"@type\":\"ListItem\",\"position\":3,\"name\":\"Silvia Paredes: Creo que no se puede evaluar todo porque no se puede ense\u00f1ar todo en la virtualidad\"}]},{\"@type\":\"WebSite\",\"@id\":\"https:\\\/\\\/webdelmaestrocmf.com\\\/portal\\\/#website\",\"url\":\"https:\\\/\\\/webdelmaestrocmf.com\\\/portal\\\/\",\"name\":\"Web del Maestro CMF\",\"description\":\"Maestros al servicio de la educaci\u00f3n\",\"publisher\":{\"@id\":\"https:\\\/\\\/webdelmaestrocmf.com\\\/portal\\\/#organization\"},\"alternateName\":\"WMCMF\",\"potentialAction\":[{\"@type\":\"SearchAction\",\"target\":{\"@type\":\"EntryPoint\",\"urlTemplate\":\"https:\\\/\\\/webdelmaestrocmf.com\\\/portal\\\/?s={search_term_string}\"},\"query-input\":{\"@type\":\"PropertyValueSpecification\",\"valueRequired\":true,\"valueName\":\"search_term_string\"}}],\"inLanguage\":\"es\"},{\"@type\":\"Organization\",\"@id\":\"https:\\\/\\\/webdelmaestrocmf.com\\\/portal\\\/#organization\",\"name\":\"Web del Maestro CMF\",\"alternateName\":\"WMCMF\",\"url\":\"https:\\\/\\\/webdelmaestrocmf.com\\\/portal\\\/\",\"logo\":{\"@type\":\"ImageObject\",\"inLanguage\":\"es\",\"@id\":\"https:\\\/\\\/webdelmaestrocmf.com\\\/portal\\\/#\\\/schema\\\/logo\\\/image\\\/\",\"url\":\"https:\\\/\\\/webdelmaestrocmf.com\\\/portal\\\/wp-content\\\/uploads\\\/2023\\\/01\\\/logo-wmcmf-2.png\",\"contentUrl\":\"https:\\\/\\\/webdelmaestrocmf.com\\\/portal\\\/wp-content\\\/uploads\\\/2023\\\/01\\\/logo-wmcmf-2.png\",\"width\":200,\"height\":60,\"caption\":\"Web del Maestro CMF\"},\"image\":{\"@id\":\"https:\\\/\\\/webdelmaestrocmf.com\\\/portal\\\/#\\\/schema\\\/logo\\\/image\\\/\"},\"sameAs\":[\"https:\\\/\\\/www.facebook.com\\\/WebdelMaestroCMF\\\/\",\"https:\\\/\\\/x.com\\\/cmf_w\",\"https:\\\/\\\/www.pinterest.com\\\/WMCMF\\\/\",\"https:\\\/\\\/www.linkedin.com\\\/company\\\/web-del-maestro-cmf\\\/\",\"https:\\\/\\\/www.instagram.com\\\/wmcmf\\\/\",\"https:\\\/\\\/www.youtube.com\\\/channel\\\/UCDPSvjbdodE5sHnC3OxutHw\",\"https:\\\/\\\/mastodon.social\\\/@wmcmf\",\"https:\\\/\\\/www.tiktok.com\\\/@webdelmaestrocmf\"]},{\"@type\":\"Person\",\"@id\":\"https:\\\/\\\/webdelmaestrocmf.com\\\/portal\\\/#\\\/schema\\\/person\\\/1072a2ed7bd960df8ef99a551fa35dc5\",\"name\":\"Web del Maestro CMF\",\"image\":{\"@type\":\"ImageObject\",\"inLanguage\":\"es\",\"@id\":\"https:\\\/\\\/secure.gravatar.com\\\/avatar\\\/23291dd5b5ae1077dcff3dbb04c3e02bd28403fa75af6d8787d5e97c5bbbe30b?s=96&d=mm&r=g\",\"url\":\"https:\\\/\\\/secure.gravatar.com\\\/avatar\\\/23291dd5b5ae1077dcff3dbb04c3e02bd28403fa75af6d8787d5e97c5bbbe30b?s=96&d=mm&r=g\",\"contentUrl\":\"https:\\\/\\\/secure.gravatar.com\\\/avatar\\\/23291dd5b5ae1077dcff3dbb04c3e02bd28403fa75af6d8787d5e97c5bbbe30b?s=96&d=mm&r=g\",\"caption\":\"Web del Maestro CMF\"},\"description\":\"Esta Web se cre\u00f3 sin fines de lucro, con fines educativos, cient\u00edficos y acad\u00e9micos, para personas que tengan dificultades y\\\/o inconvenientes en visualizar el material original. El objetivo es entregar recursos, compartir experiencias y materiales que ayuden a los padres de familia, maestros y estudiantes en su actualizaci\u00f3n y formaci\u00f3n permanente, en bien de la Educaci\u00f3n.\",\"sameAs\":[\"http:\\\/\\\/webdelmaestrocmf.com\\\/portal\",\"https:\\\/\\\/www.facebook.com\\\/WebdelMaestroCMF\\\/\",\"https:\\\/\\\/www.instagram.com\\\/wmcmf\\\/\",\"https:\\\/\\\/cl.linkedin.com\\\/company\\\/web-del-maestro-cmf\",\"https:\\\/\\\/www.pinterest.com\\\/WMCMF\\\/publicaciones\\\/\",\"https:\\\/\\\/x.com\\\/cmf_w\",\"https:\\\/\\\/www.youtube.com\\\/@WMCMF\"]}]}<\/script>\n<!-- \/ Yoast SEO plugin. -->","yoast_head_json":{"title":"Silvia Paredes: Creo que no se puede evaluar todo porque no se puede ense\u00f1ar todo en la virtualidad - 2026","description":"La pandemia de enfermedad por coronavirus (COVID-19) ha provocado una crisis sin precedentes en todos los \u00e1mbitos, y son...","robots":{"index":"index","follow":"follow","max-snippet":"max-snippet:-1","max-image-preview":"max-image-preview:large","max-video-preview":"max-video-preview:-1"},"canonical":"https:\/\/webdelmaestrocmf.com\/portal\/silvia-paredes-creo-que-no-se-puede-evaluar-todo-porque-no-se-puede-ensenar-todo-en-la-virtualidad\/","og_locale":"es_ES","og_type":"article","og_title":"Silvia Paredes: Creo que no se puede evaluar todo porque no se puede ense\u00f1ar todo en la virtualidad - 2026","og_description":"La pandemia de enfermedad por coronavirus (COVID-19) ha provocado una crisis sin precedentes en todos los \u00e1mbitos, y son...","og_url":"https:\/\/webdelmaestrocmf.com\/portal\/silvia-paredes-creo-que-no-se-puede-evaluar-todo-porque-no-se-puede-ensenar-todo-en-la-virtualidad\/","og_site_name":"Web del Maestro CMF","article_publisher":"https:\/\/www.facebook.com\/WebdelMaestroCMF\/","article_author":"https:\/\/www.facebook.com\/WebdelMaestroCMF\/","article_published_time":"2020-09-29T01:44:39+00:00","article_modified_time":"2022-06-08T01:06:14+00:00","og_image":[{"width":1100,"height":680,"url":"https:\/\/i0.wp.com\/webdelmaestrocmf.com\/portal\/wp-content\/uploads\/2020\/09\/2-copia-6.jpg?fit=1100%2C680&ssl=1","type":"image\/jpeg"}],"author":"Web del Maestro CMF","twitter_card":"summary_large_image","twitter_creator":"@cmf_w","twitter_site":"@cmf_w","schema":{"@context":"https:\/\/schema.org","@graph":[{"@type":"ScholarlyArticle","@id":"https:\/\/webdelmaestrocmf.com\/portal\/silvia-paredes-creo-que-no-se-puede-evaluar-todo-porque-no-se-puede-ensenar-todo-en-la-virtualidad\/#article","isPartOf":{"@id":"https:\/\/webdelmaestrocmf.com\/portal\/silvia-paredes-creo-que-no-se-puede-evaluar-todo-porque-no-se-puede-ensenar-todo-en-la-virtualidad\/"},"author":{"name":"Web del Maestro CMF","@id":"https:\/\/webdelmaestrocmf.com\/portal\/#\/schema\/person\/1072a2ed7bd960df8ef99a551fa35dc5"},"headline":"Silvia Paredes: Creo que no se puede evaluar todo porque no se puede ense\u00f1ar todo en la virtualidad","datePublished":"2020-09-29T01:44:39+00:00","dateModified":"2022-06-08T01:06:14+00:00","mainEntityOfPage":{"@id":"https:\/\/webdelmaestrocmf.com\/portal\/silvia-paredes-creo-que-no-se-puede-evaluar-todo-porque-no-se-puede-ensenar-todo-en-la-virtualidad\/"},"wordCount":2080,"commentCount":0,"publisher":{"@id":"https:\/\/webdelmaestrocmf.com\/portal\/#organization"},"image":{"@id":"https:\/\/webdelmaestrocmf.com\/portal\/silvia-paredes-creo-que-no-se-puede-evaluar-todo-porque-no-se-puede-ensenar-todo-en-la-virtualidad\/#primaryimage"},"thumbnailUrl":"https:\/\/webdelmaestrocmf.com\/portal\/wp-content\/uploads\/2020\/09\/2-copia-6.jpg","keywords":["coronavirus","Covid 19","DIGITAL","DOCENTES","educar","Ense\u00f1anza a Distancia","Entrevista","EVALUACI\u00d3N","pandemia","Presencialidad","Silvia Paredes","video","VIRTUAL","Yuval Noah Harari"],"articleSection":["Entrevistas","Noticias"],"inLanguage":"es","potentialAction":[{"@type":"CommentAction","name":"Comment","target":["https:\/\/webdelmaestrocmf.com\/portal\/silvia-paredes-creo-que-no-se-puede-evaluar-todo-porque-no-se-puede-ensenar-todo-en-la-virtualidad\/#respond"]}]},{"@type":"WebPage","@id":"https:\/\/webdelmaestrocmf.com\/portal\/silvia-paredes-creo-que-no-se-puede-evaluar-todo-porque-no-se-puede-ensenar-todo-en-la-virtualidad\/","url":"https:\/\/webdelmaestrocmf.com\/portal\/silvia-paredes-creo-que-no-se-puede-evaluar-todo-porque-no-se-puede-ensenar-todo-en-la-virtualidad\/","name":"Silvia Paredes: Creo que no se puede evaluar todo porque no se puede ense\u00f1ar todo en la virtualidad - 2026","isPartOf":{"@id":"https:\/\/webdelmaestrocmf.com\/portal\/#website"},"primaryImageOfPage":{"@id":"https:\/\/webdelmaestrocmf.com\/portal\/silvia-paredes-creo-que-no-se-puede-evaluar-todo-porque-no-se-puede-ensenar-todo-en-la-virtualidad\/#primaryimage"},"image":{"@id":"https:\/\/webdelmaestrocmf.com\/portal\/silvia-paredes-creo-que-no-se-puede-evaluar-todo-porque-no-se-puede-ensenar-todo-en-la-virtualidad\/#primaryimage"},"thumbnailUrl":"https:\/\/webdelmaestrocmf.com\/portal\/wp-content\/uploads\/2020\/09\/2-copia-6.jpg","datePublished":"2020-09-29T01:44:39+00:00","dateModified":"2022-06-08T01:06:14+00:00","description":"La pandemia de enfermedad por coronavirus (COVID-19) ha provocado una crisis sin precedentes en todos los \u00e1mbitos, y son...","breadcrumb":{"@id":"https:\/\/webdelmaestrocmf.com\/portal\/silvia-paredes-creo-que-no-se-puede-evaluar-todo-porque-no-se-puede-ensenar-todo-en-la-virtualidad\/#breadcrumb"},"inLanguage":"es","potentialAction":[{"@type":"ReadAction","target":["https:\/\/webdelmaestrocmf.com\/portal\/silvia-paredes-creo-que-no-se-puede-evaluar-todo-porque-no-se-puede-ensenar-todo-en-la-virtualidad\/"]}]},{"@type":"ImageObject","inLanguage":"es","@id":"https:\/\/webdelmaestrocmf.com\/portal\/silvia-paredes-creo-que-no-se-puede-evaluar-todo-porque-no-se-puede-ensenar-todo-en-la-virtualidad\/#primaryimage","url":"https:\/\/webdelmaestrocmf.com\/portal\/wp-content\/uploads\/2020\/09\/2-copia-6.jpg","contentUrl":"https:\/\/webdelmaestrocmf.com\/portal\/wp-content\/uploads\/2020\/09\/2-copia-6.jpg","width":1100,"height":680},{"@type":"BreadcrumbList","@id":"https:\/\/webdelmaestrocmf.com\/portal\/silvia-paredes-creo-que-no-se-puede-evaluar-todo-porque-no-se-puede-ensenar-todo-en-la-virtualidad\/#breadcrumb","itemListElement":[{"@type":"ListItem","position":1,"name":"Portada","item":"https:\/\/webdelmaestrocmf.com\/portal\/"},{"@type":"ListItem","position":2,"name":"Noticias","item":"https:\/\/webdelmaestrocmf.com\/portal\/category\/noticias\/"},{"@type":"ListItem","position":3,"name":"Silvia Paredes: Creo que no se puede evaluar todo porque no se puede ense\u00f1ar todo en la virtualidad"}]},{"@type":"WebSite","@id":"https:\/\/webdelmaestrocmf.com\/portal\/#website","url":"https:\/\/webdelmaestrocmf.com\/portal\/","name":"Web del Maestro CMF","description":"Maestros al servicio de la educaci\u00f3n","publisher":{"@id":"https:\/\/webdelmaestrocmf.com\/portal\/#organization"},"alternateName":"WMCMF","potentialAction":[{"@type":"SearchAction","target":{"@type":"EntryPoint","urlTemplate":"https:\/\/webdelmaestrocmf.com\/portal\/?s={search_term_string}"},"query-input":{"@type":"PropertyValueSpecification","valueRequired":true,"valueName":"search_term_string"}}],"inLanguage":"es"},{"@type":"Organization","@id":"https:\/\/webdelmaestrocmf.com\/portal\/#organization","name":"Web del Maestro CMF","alternateName":"WMCMF","url":"https:\/\/webdelmaestrocmf.com\/portal\/","logo":{"@type":"ImageObject","inLanguage":"es","@id":"https:\/\/webdelmaestrocmf.com\/portal\/#\/schema\/logo\/image\/","url":"https:\/\/webdelmaestrocmf.com\/portal\/wp-content\/uploads\/2023\/01\/logo-wmcmf-2.png","contentUrl":"https:\/\/webdelmaestrocmf.com\/portal\/wp-content\/uploads\/2023\/01\/logo-wmcmf-2.png","width":200,"height":60,"caption":"Web del Maestro CMF"},"image":{"@id":"https:\/\/webdelmaestrocmf.com\/portal\/#\/schema\/logo\/image\/"},"sameAs":["https:\/\/www.facebook.com\/WebdelMaestroCMF\/","https:\/\/x.com\/cmf_w","https:\/\/www.pinterest.com\/WMCMF\/","https:\/\/www.linkedin.com\/company\/web-del-maestro-cmf\/","https:\/\/www.instagram.com\/wmcmf\/","https:\/\/www.youtube.com\/channel\/UCDPSvjbdodE5sHnC3OxutHw","https:\/\/mastodon.social\/@wmcmf","https:\/\/www.tiktok.com\/@webdelmaestrocmf"]},{"@type":"Person","@id":"https:\/\/webdelmaestrocmf.com\/portal\/#\/schema\/person\/1072a2ed7bd960df8ef99a551fa35dc5","name":"Web del Maestro CMF","image":{"@type":"ImageObject","inLanguage":"es","@id":"https:\/\/secure.gravatar.com\/avatar\/23291dd5b5ae1077dcff3dbb04c3e02bd28403fa75af6d8787d5e97c5bbbe30b?s=96&d=mm&r=g","url":"https:\/\/secure.gravatar.com\/avatar\/23291dd5b5ae1077dcff3dbb04c3e02bd28403fa75af6d8787d5e97c5bbbe30b?s=96&d=mm&r=g","contentUrl":"https:\/\/secure.gravatar.com\/avatar\/23291dd5b5ae1077dcff3dbb04c3e02bd28403fa75af6d8787d5e97c5bbbe30b?s=96&d=mm&r=g","caption":"Web del Maestro CMF"},"description":"Esta Web se cre\u00f3 sin fines de lucro, con fines educativos, cient\u00edficos y acad\u00e9micos, para personas que tengan dificultades y\/o inconvenientes en visualizar el material original. El objetivo es entregar recursos, compartir experiencias y materiales que ayuden a los padres de familia, maestros y estudiantes en su actualizaci\u00f3n y formaci\u00f3n permanente, en bien de la Educaci\u00f3n.","sameAs":["http:\/\/webdelmaestrocmf.com\/portal","https:\/\/www.facebook.com\/WebdelMaestroCMF\/","https:\/\/www.instagram.com\/wmcmf\/","https:\/\/cl.linkedin.com\/company\/web-del-maestro-cmf","https:\/\/www.pinterest.com\/WMCMF\/publicaciones\/","https:\/\/x.com\/cmf_w","https:\/\/www.youtube.com\/@WMCMF"]}]}},"jetpack_featured_media_url":"https:\/\/webdelmaestrocmf.com\/portal\/wp-content\/uploads\/2020\/09\/2-copia-6.jpg","jetpack_sharing_enabled":true,"jetpack-related-posts":[{"id":48643,"url":"https:\/\/webdelmaestrocmf.com\/portal\/boaventura-de-sousa-santos-el-covid-19-es-un-pedagogo-cruel-porque-la-unica-manera-que-tiene-de-ensenarnos-es-matando-matando-a-inocentes\/","url_meta":{"origin":52263,"position":0},"title":"Boaventura de Sousa Santos: El Covid 19 es un pedagogo cruel, porque la \u00fanica manera que tiene de ense\u00f1arnos es matando, matando a inocentes","author":"Web del Maestro CMF","date":"3 julio, 2020","format":false,"excerpt":"El profesor Boaventura de Sousa Santos (1940), es doctor en Sociolog\u00eda del derecho por la Universidad de Yale (USA) y catedr\u00e1tico, ya jubilado, de Sociolog\u00eda en la Universidad de Co\u00edmbra (Portugal), investigador distinguido de la facultad de Derecho de la Universidad de Wisconsin-Madison, en Estados Unidos. Ha sido distinguido como\u2026","rel":"","context":"En \u00abEntrevistas\u00bb","block_context":{"text":"Entrevistas","link":"https:\/\/webdelmaestrocmf.com\/portal\/category\/noticias\/entrevistas\/"},"img":{"alt_text":"","src":"https:\/\/i0.wp.com\/webdelmaestrocmf.com\/portal\/wp-content\/uploads\/2020\/07\/2-15.jpg?resize=350%2C200&ssl=1","width":350,"height":200,"srcset":"https:\/\/i0.wp.com\/webdelmaestrocmf.com\/portal\/wp-content\/uploads\/2020\/07\/2-15.jpg?resize=350%2C200&ssl=1 1x, https:\/\/i0.wp.com\/webdelmaestrocmf.com\/portal\/wp-content\/uploads\/2020\/07\/2-15.jpg?resize=525%2C300&ssl=1 1.5x, https:\/\/i0.wp.com\/webdelmaestrocmf.com\/portal\/wp-content\/uploads\/2020\/07\/2-15.jpg?resize=700%2C400&ssl=1 2x, https:\/\/i0.wp.com\/webdelmaestrocmf.com\/portal\/wp-content\/uploads\/2020\/07\/2-15.jpg?resize=1050%2C600&ssl=1 3x"},"classes":[]},{"id":54681,"url":"https:\/\/webdelmaestrocmf.com\/portal\/alfredo-hernando-el-profesorado-durante-estos-meses-de-confinamiento-se-ha-formado-mas-y-ha-trabajado-mas\/","url_meta":{"origin":52263,"position":1},"title":"Alfredo Hernando: Propuestas de metodolog\u00edas de aprendizaje y modos de enfrentar el cambio educativo.","author":"Web del Maestro CMF","date":"17 noviembre, 2020","format":false,"excerpt":"El educador e investigador espa\u00f1ol Alfredo Hernando Calvo, ha obtenido\u00a0 un Certificado de Aptitud Pedag\u00f3gica y Profesor especialista en la ense\u00f1anza del espa\u00f1ol como lengua extranjera por la Universidad Complutense (Madrid) Universidad Complutense de Madrid, Especialista en tecnolog\u00edas de la informaci\u00f3n y la comunicaci\u00f3n. Herramientas para el profesorado por la\u2026","rel":"","context":"En \u00abEntrevistas\u00bb","block_context":{"text":"Entrevistas","link":"https:\/\/webdelmaestrocmf.com\/portal\/category\/noticias\/entrevistas\/"},"img":{"alt_text":"","src":"https:\/\/i0.wp.com\/webdelmaestrocmf.com\/portal\/wp-content\/uploads\/2020\/11\/2-copia-4.jpg?resize=350%2C200&ssl=1","width":350,"height":200,"srcset":"https:\/\/i0.wp.com\/webdelmaestrocmf.com\/portal\/wp-content\/uploads\/2020\/11\/2-copia-4.jpg?resize=350%2C200&ssl=1 1x, https:\/\/i0.wp.com\/webdelmaestrocmf.com\/portal\/wp-content\/uploads\/2020\/11\/2-copia-4.jpg?resize=525%2C300&ssl=1 1.5x, https:\/\/i0.wp.com\/webdelmaestrocmf.com\/portal\/wp-content\/uploads\/2020\/11\/2-copia-4.jpg?resize=700%2C400&ssl=1 2x, https:\/\/i0.wp.com\/webdelmaestrocmf.com\/portal\/wp-content\/uploads\/2020\/11\/2-copia-4.jpg?resize=1050%2C600&ssl=1 3x"},"classes":[]},{"id":63110,"url":"https:\/\/webdelmaestrocmf.com\/portal\/baul-del-docente-incertidumbre-mundial-clases-presenciales-o-virtuales\/","url_meta":{"origin":52263,"position":2},"title":"[Ba\u00fal del Docente] Incertidumbre mundial: \u00bfclases presenciales o virtuales?","author":"Web del Maestro CMF","date":"18 mayo, 2021","format":false,"excerpt":"Estimados docentes: Antes de finalizar el a\u00f1o 2020, en varios pa\u00edses se comenz\u00f3 a especular respecto de la posibilidad de que los alumnos y maestros puedan regresar a las escuelas al a\u00f1o siguiente, con miras a recuperar un poco el espacio perdido por los diez meses de pandemia que azotaron\u2026","rel":"","context":"En \u00abZ-Colaboradores\u00bb","block_context":{"text":"Z-Colaboradores","link":"https:\/\/webdelmaestrocmf.com\/portal\/category\/colaborador\/"},"img":{"alt_text":"","src":"https:\/\/i0.wp.com\/webdelmaestrocmf.com\/portal\/wp-content\/uploads\/2021\/05\/1-copia-24.jpg?resize=350%2C200&ssl=1","width":350,"height":200,"srcset":"https:\/\/i0.wp.com\/webdelmaestrocmf.com\/portal\/wp-content\/uploads\/2021\/05\/1-copia-24.jpg?resize=350%2C200&ssl=1 1x, https:\/\/i0.wp.com\/webdelmaestrocmf.com\/portal\/wp-content\/uploads\/2021\/05\/1-copia-24.jpg?resize=525%2C300&ssl=1 1.5x, https:\/\/i0.wp.com\/webdelmaestrocmf.com\/portal\/wp-content\/uploads\/2021\/05\/1-copia-24.jpg?resize=700%2C400&ssl=1 2x, https:\/\/i0.wp.com\/webdelmaestrocmf.com\/portal\/wp-content\/uploads\/2021\/05\/1-copia-24.jpg?resize=1050%2C600&ssl=1 3x"},"classes":[]},{"id":51704,"url":"https:\/\/webdelmaestrocmf.com\/portal\/yokoi-kenji-si-uno-no-es-grafico-no-es-bien-detallado-si-no-usa-el-humor-para-los-ninos-es-dificil-retener\/","url_meta":{"origin":52263,"position":3},"title":"Yokoi Kenji: Si uno no es gr\u00e1fico, no es bien detallado, si no usa el humor, para los ni\u00f1os es dif\u00edcil retener","author":"Web del Maestro CMF","date":"16 septiembre, 2020","format":false,"excerpt":"Kenji Orito Yokoi D\u00edaz (Bogot\u00e1, Colombia, 1979) es el mayor de cuatro hermanos, creci\u00f3 entre Colombia, Panam\u00e1 y Costa Rica, debido al trabajo de su padre como ingeniero de la empresa colombiana NEC. A los 10 a\u00f1os de edad debi\u00f3 mudarse a la ciudad de Yokohama en Jap\u00f3n, junto con\u2026","rel":"","context":"En \u00abEntrevistas\u00bb","block_context":{"text":"Entrevistas","link":"https:\/\/webdelmaestrocmf.com\/portal\/category\/noticias\/entrevistas\/"},"img":{"alt_text":"","src":"https:\/\/i0.wp.com\/webdelmaestrocmf.com\/portal\/wp-content\/uploads\/2020\/09\/Banner-1-portada-imagen-10-1-22.jpg?resize=350%2C200&ssl=1","width":350,"height":200,"srcset":"https:\/\/i0.wp.com\/webdelmaestrocmf.com\/portal\/wp-content\/uploads\/2020\/09\/Banner-1-portada-imagen-10-1-22.jpg?resize=350%2C200&ssl=1 1x, https:\/\/i0.wp.com\/webdelmaestrocmf.com\/portal\/wp-content\/uploads\/2020\/09\/Banner-1-portada-imagen-10-1-22.jpg?resize=525%2C300&ssl=1 1.5x, https:\/\/i0.wp.com\/webdelmaestrocmf.com\/portal\/wp-content\/uploads\/2020\/09\/Banner-1-portada-imagen-10-1-22.jpg?resize=700%2C400&ssl=1 2x"},"classes":[]},{"id":55417,"url":"https:\/\/webdelmaestrocmf.com\/portal\/el-covid-19-ha-cambiado-la-educacion-para-siempre-algunos-cambios-educativos-irreversibles-despues-de-la-pandemia-del-covid-19\/","url_meta":{"origin":52263,"position":4},"title":"\u00bfEl covid-19 ha cambiado la educaci\u00f3n para siempre? Algunos cambios educativos irreversibles despu\u00e9s de la pandemia del Covid 19","author":"Web del Maestro CMF","date":"25 diciembre, 2021","format":false,"excerpt":"La pandemia del Covid ha obligado al cierre de escuelas en casi todo el mundo, cambiando poco o toda la rutina escolar a m\u00e1s de 1.200 millones de ni\u00f1os de m\u00e1s de 180 pa\u00edses, y ha modificado la labor a 63 millones de profesores, de escuelas p\u00fablicas y privadas.\u00a0 Y\u2026","rel":"","context":"En \u00abYo opino - WMCMF\u00bb","block_context":{"text":"Yo opino - WMCMF","link":"https:\/\/webdelmaestrocmf.com\/portal\/category\/jamb\/"},"img":{"alt_text":"","src":"https:\/\/i0.wp.com\/webdelmaestrocmf.com\/portal\/wp-content\/uploads\/2020\/11\/1-copia-85.jpg?resize=350%2C200&ssl=1","width":350,"height":200,"srcset":"https:\/\/i0.wp.com\/webdelmaestrocmf.com\/portal\/wp-content\/uploads\/2020\/11\/1-copia-85.jpg?resize=350%2C200&ssl=1 1x, https:\/\/i0.wp.com\/webdelmaestrocmf.com\/portal\/wp-content\/uploads\/2020\/11\/1-copia-85.jpg?resize=525%2C300&ssl=1 1.5x, https:\/\/i0.wp.com\/webdelmaestrocmf.com\/portal\/wp-content\/uploads\/2020\/11\/1-copia-85.jpg?resize=700%2C400&ssl=1 2x, https:\/\/i0.wp.com\/webdelmaestrocmf.com\/portal\/wp-content\/uploads\/2020\/11\/1-copia-85.jpg?resize=1050%2C600&ssl=1 3x"},"classes":[]},{"id":47070,"url":"https:\/\/webdelmaestrocmf.com\/portal\/anthony-jose-rios-el-covid-19-reprueba-la-educacion-infantil\/","url_meta":{"origin":52263,"position":5},"title":"[Anthony Jos\u00e9 R\u00edos] El Covid-19 reprueba la educaci\u00f3n infantil","author":"Web del Maestro CMF","date":"9 mayo, 2020","format":false,"excerpt":"Debido a esta pandemia que vivimos la educaci\u00f3n debi\u00f3 redise\u00f1arse y comenzar un proceso virtual que lamentablemente en gran parte del mundo y en especial en Am\u00e9rica no se estaba preparado para esta eventualidad, todo ha sido simplemente un completo caos. Profesores cargados de trabajo por orden de sus directivos\u2026","rel":"","context":"En \u00abZ-Colaboradores\u00bb","block_context":{"text":"Z-Colaboradores","link":"https:\/\/webdelmaestrocmf.com\/portal\/category\/colaborador\/"},"img":{"alt_text":"","src":"https:\/\/i0.wp.com\/webdelmaestrocmf.com\/portal\/wp-content\/uploads\/2020\/05\/1a-3.jpg?resize=350%2C200&ssl=1","width":350,"height":200,"srcset":"https:\/\/i0.wp.com\/webdelmaestrocmf.com\/portal\/wp-content\/uploads\/2020\/05\/1a-3.jpg?resize=350%2C200&ssl=1 1x, https:\/\/i0.wp.com\/webdelmaestrocmf.com\/portal\/wp-content\/uploads\/2020\/05\/1a-3.jpg?resize=525%2C300&ssl=1 1.5x, https:\/\/i0.wp.com\/webdelmaestrocmf.com\/portal\/wp-content\/uploads\/2020\/05\/1a-3.jpg?resize=700%2C400&ssl=1 2x, https:\/\/i0.wp.com\/webdelmaestrocmf.com\/portal\/wp-content\/uploads\/2020\/05\/1a-3.jpg?resize=1050%2C600&ssl=1 3x"},"classes":[]}],"_links":{"self":[{"href":"https:\/\/webdelmaestrocmf.com\/portal\/wp-json\/wp\/v2\/posts\/52263","targetHints":{"allow":["GET"]}}],"collection":[{"href":"https:\/\/webdelmaestrocmf.com\/portal\/wp-json\/wp\/v2\/posts"}],"about":[{"href":"https:\/\/webdelmaestrocmf.com\/portal\/wp-json\/wp\/v2\/types\/post"}],"author":[{"embeddable":true,"href":"https:\/\/webdelmaestrocmf.com\/portal\/wp-json\/wp\/v2\/users\/1"}],"replies":[{"embeddable":true,"href":"https:\/\/webdelmaestrocmf.com\/portal\/wp-json\/wp\/v2\/comments?post=52263"}],"version-history":[{"count":0,"href":"https:\/\/webdelmaestrocmf.com\/portal\/wp-json\/wp\/v2\/posts\/52263\/revisions"}],"wp:featuredmedia":[{"embeddable":true,"href":"https:\/\/webdelmaestrocmf.com\/portal\/wp-json\/wp\/v2\/media\/52265"}],"wp:attachment":[{"href":"https:\/\/webdelmaestrocmf.com\/portal\/wp-json\/wp\/v2\/media?parent=52263"}],"wp:term":[{"taxonomy":"category","embeddable":true,"href":"https:\/\/webdelmaestrocmf.com\/portal\/wp-json\/wp\/v2\/categories?post=52263"},{"taxonomy":"post_tag","embeddable":true,"href":"https:\/\/webdelmaestrocmf.com\/portal\/wp-json\/wp\/v2\/tags?post=52263"}],"curies":[{"name":"wp","href":"https:\/\/api.w.org\/{rel}","templated":true}]}}