{"id":51981,"date":"2020-09-23T13:07:25","date_gmt":"2020-09-23T16:07:25","guid":{"rendered":"https:\/\/webdelmaestrocmf.com\/portal\/?p=51981"},"modified":"2020-09-23T13:08:31","modified_gmt":"2020-09-23T16:08:31","slug":"david-auris-educacion-gratuita-una-exigencia-pospandemia","status":"publish","type":"post","link":"https:\/\/webdelmaestrocmf.com\/portal\/david-auris-educacion-gratuita-una-exigencia-pospandemia\/","title":{"rendered":"[David Auris] Educaci\u00f3n gratuita:  una exigencia pospandemia"},"content":{"rendered":"<h5 style=\"text-align: justify;\">Nos han contado que la educaci\u00f3n es un instrumento de equidad. \u00bfSer\u00e1 cierto? Los expertos argumentan, la educaci\u00f3n sobrevive a duras penas en la esfera estatal, debido al liderazgo de gobiernos y funcionarios deshonestos y acartonados. De ser cierta esta tesis, somos c\u00f3mplices al aniquilar los sue\u00f1os de construir, una sociedad m\u00e1s justa, esgrimida por la ODS al 2030.<\/h5>\n<p><!--more--><\/p>\n<h5 style=\"text-align: justify;\">Parad\u00f3jicamente esta inequidad, se forja en el proceso educativo, en pa\u00edses en v\u00edas de desarrollo como Per\u00fa, con una espantosa educaci\u00f3n b\u00e1sica estatal y una educaci\u00f3n b\u00e1sica privada elitista. Acentuada m\u00e1s, esta brecha, durante el flagelo del Covid-19, como evidencia el Informe GEM 2020 de la Unesco.<\/h5>\n<p style=\"text-align: justify;\">Petardeando nuestra convivencia solidaria que es el norte del siglo XXI, el discurso privatizador de la educaci\u00f3n de acuerdo al modelo neoliberal, est\u00e1 segreg\u00e1ndonos. Mientras, la educaci\u00f3n p\u00fablica, como alternativa de resistencia org\u00e1nica, es nuestro mejor salvoconducto, para asegurarnos el porvenir y nuestra sobrevivencia como manifiesta Chomsky.<\/p>\n<p style=\"text-align: justify;\">El caso peruano y latinoamericano es sorprendente. La educaci\u00f3n estatal subsiste con menos de 6% del PBI. Gran parte del presupuesto se destina al gasto burocr\u00e1tico sobrecosteado. Magro sueldo magisterial. Como est\u00e1 dirigido a la mayor\u00eda, montan un curr\u00edculo anclado en el pasado. Estudiantes sin acceso a internet e inevitablemente domesticados por un ecosistema educativo, impuesto por grupos de poder confabulados con gobernantes y astutos pol\u00edticos.<\/p>\n<p style=\"text-align: justify;\">Aunque parezca una utop\u00eda, erradicar la educaci\u00f3n privada que excluye a millones de personas, significar\u00eda una arremetida mortal contra la inequidad. Manuel Bello, nos sugiere una sola educaci\u00f3n b\u00e1sica gratuita para todos los ni\u00f1os y ni\u00f1as, con el objetivo de generar espacios de desarrollo sostenido.<\/p>\n<p style=\"text-align: justify;\">Probablemente esta utop\u00eda, har\u00e1 posible desafiar a la incertidumbre del ma\u00f1ana. \u00bfAcaso la sociedad no estallar\u00e1 al verse asediado por los m\u00e1s ricos como producto de un sistema mundial corrupto e inequitativo? \u00bfEs justo que millones de personas, no accedan a una mejor vida a trav\u00e9s de una educaci\u00f3n de calidad?<\/p>\n<p style=\"text-align: justify;\">La ret\u00f3rica de la resiliencia recorre el planeta como ant\u00eddoto contra la pandemia. Pues bien, a partir de esa resiliencia, replanteemos una pol\u00edtica educativa de largo aliento centrado a conferir oportunidades a los ni\u00f1os y ni\u00f1as sin ninguna segregaci\u00f3n, exclusi\u00f3n y estigmatizaci\u00f3n como nos recomienda el reporte del 2020 de la Unesco.<\/p>\n<p><img loading=\"lazy\" decoding=\"async\" class=\"alignnone size-full wp-image-51984\" src=\"https:\/\/webdelmaestrocmf.com\/portal\/wp-content\/uploads\/2020\/09\/Captura-de-Pantalla-2020-09-23-a-las-13.05.43.png\" alt=\"\" width=\"1220\" height=\"1016\" srcset=\"https:\/\/webdelmaestrocmf.com\/portal\/wp-content\/uploads\/2020\/09\/Captura-de-Pantalla-2020-09-23-a-las-13.05.43.png 1220w, https:\/\/webdelmaestrocmf.com\/portal\/wp-content\/uploads\/2020\/09\/Captura-de-Pantalla-2020-09-23-a-las-13.05.43-300x250.png 300w, https:\/\/webdelmaestrocmf.com\/portal\/wp-content\/uploads\/2020\/09\/Captura-de-Pantalla-2020-09-23-a-las-13.05.43-1024x853.png 1024w, https:\/\/webdelmaestrocmf.com\/portal\/wp-content\/uploads\/2020\/09\/Captura-de-Pantalla-2020-09-23-a-las-13.05.43-768x640.png 768w, https:\/\/webdelmaestrocmf.com\/portal\/wp-content\/uploads\/2020\/09\/Captura-de-Pantalla-2020-09-23-a-las-13.05.43-110x92.png 110w, https:\/\/webdelmaestrocmf.com\/portal\/wp-content\/uploads\/2020\/09\/Captura-de-Pantalla-2020-09-23-a-las-13.05.43-200x167.png 200w, https:\/\/webdelmaestrocmf.com\/portal\/wp-content\/uploads\/2020\/09\/Captura-de-Pantalla-2020-09-23-a-las-13.05.43-380x316.png 380w, https:\/\/webdelmaestrocmf.com\/portal\/wp-content\/uploads\/2020\/09\/Captura-de-Pantalla-2020-09-23-a-las-13.05.43-255x212.png 255w, https:\/\/webdelmaestrocmf.com\/portal\/wp-content\/uploads\/2020\/09\/Captura-de-Pantalla-2020-09-23-a-las-13.05.43-550x458.png 550w, https:\/\/webdelmaestrocmf.com\/portal\/wp-content\/uploads\/2020\/09\/Captura-de-Pantalla-2020-09-23-a-las-13.05.43-800x666.png 800w, https:\/\/webdelmaestrocmf.com\/portal\/wp-content\/uploads\/2020\/09\/Captura-de-Pantalla-2020-09-23-a-las-13.05.43-1160x966.png 1160w, https:\/\/webdelmaestrocmf.com\/portal\/wp-content\/uploads\/2020\/09\/Captura-de-Pantalla-2020-09-23-a-las-13.05.43-220x183.png 220w, https:\/\/webdelmaestrocmf.com\/portal\/wp-content\/uploads\/2020\/09\/Captura-de-Pantalla-2020-09-23-a-las-13.05.43-400x333.png 400w, https:\/\/webdelmaestrocmf.com\/portal\/wp-content\/uploads\/2020\/09\/Captura-de-Pantalla-2020-09-23-a-las-13.05.43-760x633.png 760w, https:\/\/webdelmaestrocmf.com\/portal\/wp-content\/uploads\/2020\/09\/Captura-de-Pantalla-2020-09-23-a-las-13.05.43-510x425.png 510w, https:\/\/webdelmaestrocmf.com\/portal\/wp-content\/uploads\/2020\/09\/Captura-de-Pantalla-2020-09-23-a-las-13.05.43-600x500.png 600w, https:\/\/webdelmaestrocmf.com\/portal\/wp-content\/uploads\/2020\/09\/Captura-de-Pantalla-2020-09-23-a-las-13.05.43-1100x916.png 1100w\" sizes=\"auto, (max-width: 1220px) 100vw, 1220px\" \/><\/p>\n<p style=\"text-align: justify;\">\u00bfQui\u00e9nes son los ide\u00f3logos de la educaci\u00f3n estatal peruana y de otros pa\u00edses pobres? Son los funcionarios y tecn\u00f3cratas con postdoctorados, quienes perfilan el tipo de educaci\u00f3n a ejecutarse en las escuelas estatales, al que curiosamente no asisten sus hijos, van a las mejores escuelas privadas.<\/p>\n<p style=\"text-align: justify;\">En este sentido, globalizar la educaci\u00f3n b\u00e1sica estatal, puede sonar absurdo y descabellado si la direcci\u00f3n contin\u00faa en las manos de ciegos gobernantes y pol\u00edticos, financiados por los grupos de poder, quienes no aceptan la convivencia pedag\u00f3gica de sus hijos con los hijos de sus subordinados.<\/p>\n<p style=\"text-align: justify;\">Pero, si esa educaci\u00f3n estatal recae bajo el liderazgo de los expertos cient\u00edficos, toda la sociedad estar\u00edamos obsesionados por mejorar su calidad. Ya que una educaci\u00f3n b\u00e1sica gratuita para todos y de calidad, es un derecho natural, es m\u00e1s, es un valor \u00e9tico y democr\u00e1tico seg\u00fan Federico Mayor Zaragoza.<\/p>\n<p style=\"text-align: justify;\">En suma, apostar por un paradigma de educaci\u00f3n b\u00e1sica gratuita para todos y que ella, est\u00e9 liderada por un equipo cient\u00edfico y multidisciplinario, vigilada por la sociedad, quiz\u00e1s sea nuestro gran negocio del siglo. En esa l\u00ednea, desafiemos esta utop\u00eda pedag\u00f3gica. De lo contrario, transitaremos garabateando inteligentes discursos de equidad para la nada.<\/p>\n<h5 style=\"text-align: justify;\"><strong>Fuentes:<\/strong><\/h5>\n<ul style=\"text-align: justify;\">\n<li>Federico Mayor Zaragoza. La luz de las ideas. Recuperado de: <a href=\"https:\/\/www.youtube.com\/watch?v=n-Gryox9pUk\">https:\/\/www.youtube.com\/watch?v=n-Gryox9pUk<\/a> (20\/09\/2020)<\/li>\n<li><a href=\"https:\/\/es.unesco.org\/\">https:\/\/es.unesco.org\/<\/a><\/li>\n<li>https:\/\/gem-report-2020.unesco.org\/es\/inicio\/<\/li>\n<li>Manuel Bello. La educaci\u00f3n b\u00e1sica deber\u00eda ser gratuita para todos. Recuperado de: <a href=\"https:\/\/www.youtube.com\/watch?v=gFw94oDwq8Y\">https:\/\/www.youtube.com\/watch?v=gFw94oDwq8Y<\/a> (20\/09\/20)<\/li>\n<li>Noam Chomsky. Recuperado de: <a href=\"https:\/\/www.pagina12.com.ar\/288631-noam-chomsky-tenemos-poco-tiempo-para-decidir-si-la-vida-hum\">https:\/\/www.pagina12.com.ar\/288631-noam-chomsky-tenemos-poco-tiempo-para-decidir-si-la-vida-hum<\/a> (19\/09\/2020)<\/li>\n<\/ul>\n<p><strong>\u00a9 David Auris Villegas. Escritor y pedagogo<\/strong><\/p>\n<table class=\" alignleft\" border=\"0\" width=\"100%\" cellspacing=\"10\" cellpadding=\"10\">\n<tbody>\n<tr>\n<td style=\"text-align: center;\" width=\"30%\"><strong><img loading=\"lazy\" decoding=\"async\" class=\"size-full wp-image-49380 aligncenter\" src=\"https:\/\/webdelmaestrocmf.com\/portal\/wp-content\/uploads\/2020\/07\/2-copia-3.jpg\" alt=\"\" width=\"200\" height=\"200\" srcset=\"https:\/\/webdelmaestrocmf.com\/portal\/wp-content\/uploads\/2020\/07\/2-copia-3.jpg 200w, https:\/\/webdelmaestrocmf.com\/portal\/wp-content\/uploads\/2020\/07\/2-copia-3-150x150.jpg 150w, https:\/\/webdelmaestrocmf.com\/portal\/wp-content\/uploads\/2020\/07\/2-copia-3-80x80.jpg 80w, https:\/\/webdelmaestrocmf.com\/portal\/wp-content\/uploads\/2020\/07\/2-copia-3-110x110.jpg 110w\" sizes=\"auto, (max-width: 200px) 100vw, 200px\" \/><br \/>\nAutor: <\/strong>David Auris Villegas (Per\u00fa, 1975) Escritor, pedagogo, editor, columnista, profesor universitario y te\u00f3rico de la pedagog\u00eda \u00e9tica, educaci\u00f3n ciudadana, cultura de paz. <strong><br \/>\nExperiencia laboral:<\/strong> Licenciado en educaci\u00f3n por la Universidad Nacional Mayor de San Marcos y m\u00e1ster en educaci\u00f3n por la Universidad de la Habana. Ha sido profesor capacitador en la Universidad Nacional Mayor de San Marcos y profesor de posgrado en varias universidades peruanas. Ha publicado: <em>\u201cCuentos de medianoche\u201d, \u201cMa\u00f1ana al despertar piensa en m\u00ed\u201d, \u00abEstrategias did\u00e1cticas de comprensi\u00f3n lectora para la vida\u00bb, \u00abC\u00f3mo redactar art\u00edculos cient\u00edficos\u00bb <\/em>y<em> \u201cMinicuentos para so\u00f1ar\u201d<\/em>. Antologado en: <em>A Orillas del r\u00edo Ichu<\/em> y en, <em>Palabras sin fronteras, fronteras sin palabras, <\/em>y ha aparecido en las revistas: <em>La Tortuga Ecuestre<\/em>, <em>N\u00e9mesis<\/em> y <em>Entre par\u00e9ntesis<\/em>. Publica sus art\u00edculos pedag\u00f3gicos cada semana en varios portales del mundo. <strong><br \/>\nCorreo electr\u00f3nico: <\/strong><a href=\"mailto:davidauris@gmail.com\">davidauris@gmail.com<\/a><br \/>\n<strong>Cuenta de Facebook:<\/strong> <a href=\"https:\/\/www.facebook.com\/david.aurisvillegas.77\" target=\"_blank\" rel=\"noopener noreferrer\">david.aurisvillegas.77<\/a><\/td>\n<\/tr>\n<\/tbody>\n<\/table>\n<p style=\"text-align: left;\">.<\/p>\n\t\t<div class=\"pk-inline-posts\">\n\t\t\t\n\t\t\t<div class=\"pk-inline-posts-container pk-inline-posts-template-list\"\n\t\t\t\tdata-columns=\"1\">\n\t\t\t\t\t\t<article id=\"post-112061\" class=\"post-112061 post type-post status-publish format-standard has-post-thumbnail category-z-colaborador-david-auris category-colaborador tag-funcionarios tag-pedagogia tag-perversos cs-entry cs-video-wrap\">\n\t\t\t<div class=\"pk-post-outer\">\n\n\t\t\t\t\t\t\t\t<div class=\"pk-post-inner\">\n\t\t\t\t\t<div class=\"entry-thumbnail\">\n\t\t\t\t\t\t<div class=\"pk-overlay pk-overlay-ratio pk-ratio-landscape\">\n\t\t\t\t\t\t\t<div class=\"pk-overlay-background\">\n\t\t\t\t\t\t\t\t<a href=\"https:\/\/webdelmaestrocmf.com\/portal\/david-auris-poderosa-pedagogia-de-los-perversos-funcionarios-y-politicos-peruanos-2\/\" class=\"pk-overlay-link\">\n\t\t\t\t\t\t\t\t\t<img loading=\"lazy\" decoding=\"async\" width=\"300\" height=\"225\" src=\"https:\/\/webdelmaestrocmf.com\/portal\/wp-content\/uploads\/2025\/09\/1A-Banner-1-portada-imagen-10-1-copia-2025-09-11T183111.574-300x225.webp\" class=\"attachment-pk-thumbnail size-pk-thumbnail wp-post-image\" alt=\"\" \/>\t\t\t\t\t\t\t\t<\/a>\n\t\t\t\t\t\t\t<\/div>\n\t\t\t\t\t\t<\/div>\n\t\t\t\t\t<\/div>\n\t\t\t\t<\/div>\n\t\t\t\t\n\t\t\t\t<div class=\"pk-post-inner\">\n\t\t\t\t\t<header>\n\t\t\t\t\t\t<h3 class=\"pk-title\"><a href=\"https:\/\/webdelmaestrocmf.com\/portal\/david-auris-poderosa-pedagogia-de-los-perversos-funcionarios-y-politicos-peruanos-2\/\" rel=\"bookmark\">[David Auris] Poderosa pedagog\u00eda de los perversos funcionarios y pol\u00edticos peruanos\u00a0<\/a><\/h3>\t\t\t\t\t<\/header><!-- .entry-header -->\n\t\t\t\t<\/div><!-- .post-inner -->\n\n\t\t\t<\/div><!-- .post-outer -->\n\t\t<\/article>\n\t\t\t\t<\/div>\n\t\t<\/div>\n\t\t\n","protected":false},"excerpt":{"rendered":"Nos han contado que la educaci\u00f3n es un instrumento de equidad. \u00bfSer\u00e1 cierto? Los expertos argumentan, la educaci\u00f3n&hellip;","protected":false},"author":1,"featured_media":51983,"comment_status":"open","ping_status":"closed","sticky":false,"template":"","format":"standard","meta":{"csco_display_header_overlay":false,"csco_singular_sidebar":"default","csco_page_header_type":"default","csco_page_load_nextpost":"default","csco_post_video_location":[],"csco_post_video_location_hash":"","csco_post_video_url":"","csco_post_video_bg_start_time":0,"csco_post_video_bg_end_time":0,"csco_post_video_bg_volume":false,"_jetpack_memberships_contains_paid_content":false,"footnotes":""},"categories":[5341,1790],"tags":[5342,55,1777,784,5725],"class_list":{"0":"post-51981","1":"post","2":"type-post","3":"status-publish","4":"format-standard","5":"has-post-thumbnail","7":"category-z-colaborador-david-auris","8":"category-colaborador","9":"tag-david-auris","10":"tag-educacion","11":"tag-exigencia","12":"tag-gratuita","13":"tag-pospandemia","14":"cs-entry","15":"cs-video-wrap"},"yoast_head":"<!-- This site is optimized with the Yoast SEO plugin v27.5 - https:\/\/yoast.com\/product\/yoast-seo-wordpress\/ -->\n<title>[David Auris] Educaci\u00f3n gratuita: una exigencia pospandemia - 2026<\/title>\n<meta name=\"description\" content=\"Nos han contado que la educaci\u00f3n es un instrumento de equidad. \u00bfSer\u00e1 cierto? Los expertos argumentan, la educaci\u00f3n...\" \/>\n<meta name=\"robots\" content=\"index, follow, max-snippet:-1, max-image-preview:large, max-video-preview:-1\" \/>\n<link rel=\"canonical\" href=\"https:\/\/webdelmaestrocmf.com\/portal\/david-auris-educacion-gratuita-una-exigencia-pospandemia\/\" \/>\n<meta property=\"og:locale\" content=\"es_ES\" \/>\n<meta property=\"og:type\" content=\"article\" \/>\n<meta property=\"og:title\" content=\"[David Auris] Educaci\u00f3n gratuita: una exigencia pospandemia - 2026\" \/>\n<meta property=\"og:description\" content=\"Nos han contado que la educaci\u00f3n es un instrumento de equidad. \u00bfSer\u00e1 cierto? Los expertos argumentan, la educaci\u00f3n...\" \/>\n<meta property=\"og:url\" content=\"https:\/\/webdelmaestrocmf.com\/portal\/david-auris-educacion-gratuita-una-exigencia-pospandemia\/\" \/>\n<meta property=\"og:site_name\" content=\"Web del Maestro CMF\" \/>\n<meta property=\"article:publisher\" content=\"https:\/\/www.facebook.com\/WebdelMaestroCMF\/\" \/>\n<meta property=\"article:author\" content=\"https:\/\/www.facebook.com\/WebdelMaestroCMF\/\" \/>\n<meta property=\"article:published_time\" content=\"2020-09-23T16:07:25+00:00\" \/>\n<meta property=\"article:modified_time\" content=\"2020-09-23T16:08:31+00:00\" \/>\n<meta property=\"og:image\" content=\"https:\/\/i0.wp.com\/webdelmaestrocmf.com\/portal\/wp-content\/uploads\/2020\/09\/1-copia-86.jpg?fit=1100%2C680&ssl=1\" \/>\n\t<meta property=\"og:image:width\" content=\"1100\" \/>\n\t<meta property=\"og:image:height\" content=\"680\" \/>\n\t<meta property=\"og:image:type\" content=\"image\/jpeg\" \/>\n<meta name=\"author\" content=\"Web del Maestro CMF\" \/>\n<meta name=\"twitter:card\" content=\"summary_large_image\" \/>\n<meta name=\"twitter:creator\" content=\"@cmf_w\" \/>\n<meta name=\"twitter:site\" content=\"@cmf_w\" \/>\n<script type=\"application\/ld+json\" class=\"yoast-schema-graph\">{\"@context\":\"https:\\\/\\\/schema.org\",\"@graph\":[{\"@type\":\"ScholarlyArticle\",\"@id\":\"https:\\\/\\\/webdelmaestrocmf.com\\\/portal\\\/david-auris-educacion-gratuita-una-exigencia-pospandemia\\\/#article\",\"isPartOf\":{\"@id\":\"https:\\\/\\\/webdelmaestrocmf.com\\\/portal\\\/david-auris-educacion-gratuita-una-exigencia-pospandemia\\\/\"},\"author\":{\"name\":\"Web del Maestro CMF\",\"@id\":\"https:\\\/\\\/webdelmaestrocmf.com\\\/portal\\\/#\\\/schema\\\/person\\\/1072a2ed7bd960df8ef99a551fa35dc5\"},\"headline\":\"[David Auris] Educaci\u00f3n gratuita: una exigencia pospandemia\",\"datePublished\":\"2020-09-23T16:07:25+00:00\",\"dateModified\":\"2020-09-23T16:08:31+00:00\",\"mainEntityOfPage\":{\"@id\":\"https:\\\/\\\/webdelmaestrocmf.com\\\/portal\\\/david-auris-educacion-gratuita-una-exigencia-pospandemia\\\/\"},\"wordCount\":866,\"commentCount\":0,\"publisher\":{\"@id\":\"https:\\\/\\\/webdelmaestrocmf.com\\\/portal\\\/#organization\"},\"image\":{\"@id\":\"https:\\\/\\\/webdelmaestrocmf.com\\\/portal\\\/david-auris-educacion-gratuita-una-exigencia-pospandemia\\\/#primaryimage\"},\"thumbnailUrl\":\"https:\\\/\\\/webdelmaestrocmf.com\\\/portal\\\/wp-content\\\/uploads\\\/2020\\\/09\\\/1-copia-86.jpg\",\"keywords\":[\"David Auris\",\"EDUCACI\u00d3N\",\"EXIGENCIA\",\"gratuita\",\"pospandemia\"],\"articleSection\":[\"Z-Colaborador-David-Auris\",\"Z-Colaboradores\"],\"inLanguage\":\"es\",\"potentialAction\":[{\"@type\":\"CommentAction\",\"name\":\"Comment\",\"target\":[\"https:\\\/\\\/webdelmaestrocmf.com\\\/portal\\\/david-auris-educacion-gratuita-una-exigencia-pospandemia\\\/#respond\"]}]},{\"@type\":\"WebPage\",\"@id\":\"https:\\\/\\\/webdelmaestrocmf.com\\\/portal\\\/david-auris-educacion-gratuita-una-exigencia-pospandemia\\\/\",\"url\":\"https:\\\/\\\/webdelmaestrocmf.com\\\/portal\\\/david-auris-educacion-gratuita-una-exigencia-pospandemia\\\/\",\"name\":\"[David Auris] Educaci\u00f3n gratuita: una exigencia pospandemia - 2026\",\"isPartOf\":{\"@id\":\"https:\\\/\\\/webdelmaestrocmf.com\\\/portal\\\/#website\"},\"primaryImageOfPage\":{\"@id\":\"https:\\\/\\\/webdelmaestrocmf.com\\\/portal\\\/david-auris-educacion-gratuita-una-exigencia-pospandemia\\\/#primaryimage\"},\"image\":{\"@id\":\"https:\\\/\\\/webdelmaestrocmf.com\\\/portal\\\/david-auris-educacion-gratuita-una-exigencia-pospandemia\\\/#primaryimage\"},\"thumbnailUrl\":\"https:\\\/\\\/webdelmaestrocmf.com\\\/portal\\\/wp-content\\\/uploads\\\/2020\\\/09\\\/1-copia-86.jpg\",\"datePublished\":\"2020-09-23T16:07:25+00:00\",\"dateModified\":\"2020-09-23T16:08:31+00:00\",\"description\":\"Nos han contado que la educaci\u00f3n es un instrumento de equidad. \u00bfSer\u00e1 cierto? Los expertos argumentan, la educaci\u00f3n...\",\"breadcrumb\":{\"@id\":\"https:\\\/\\\/webdelmaestrocmf.com\\\/portal\\\/david-auris-educacion-gratuita-una-exigencia-pospandemia\\\/#breadcrumb\"},\"inLanguage\":\"es\",\"potentialAction\":[{\"@type\":\"ReadAction\",\"target\":[\"https:\\\/\\\/webdelmaestrocmf.com\\\/portal\\\/david-auris-educacion-gratuita-una-exigencia-pospandemia\\\/\"]}]},{\"@type\":\"ImageObject\",\"inLanguage\":\"es\",\"@id\":\"https:\\\/\\\/webdelmaestrocmf.com\\\/portal\\\/david-auris-educacion-gratuita-una-exigencia-pospandemia\\\/#primaryimage\",\"url\":\"https:\\\/\\\/webdelmaestrocmf.com\\\/portal\\\/wp-content\\\/uploads\\\/2020\\\/09\\\/1-copia-86.jpg\",\"contentUrl\":\"https:\\\/\\\/webdelmaestrocmf.com\\\/portal\\\/wp-content\\\/uploads\\\/2020\\\/09\\\/1-copia-86.jpg\",\"width\":1100,\"height\":680},{\"@type\":\"BreadcrumbList\",\"@id\":\"https:\\\/\\\/webdelmaestrocmf.com\\\/portal\\\/david-auris-educacion-gratuita-una-exigencia-pospandemia\\\/#breadcrumb\",\"itemListElement\":[{\"@type\":\"ListItem\",\"position\":1,\"name\":\"Portada\",\"item\":\"https:\\\/\\\/webdelmaestrocmf.com\\\/portal\\\/\"},{\"@type\":\"ListItem\",\"position\":2,\"name\":\"Z-Colaboradores\",\"item\":\"https:\\\/\\\/webdelmaestrocmf.com\\\/portal\\\/category\\\/colaborador\\\/\"},{\"@type\":\"ListItem\",\"position\":3,\"name\":\"[David Auris] Educaci\u00f3n gratuita: una exigencia pospandemia\"}]},{\"@type\":\"WebSite\",\"@id\":\"https:\\\/\\\/webdelmaestrocmf.com\\\/portal\\\/#website\",\"url\":\"https:\\\/\\\/webdelmaestrocmf.com\\\/portal\\\/\",\"name\":\"Web del Maestro CMF\",\"description\":\"Maestros al servicio de la educaci\u00f3n\",\"publisher\":{\"@id\":\"https:\\\/\\\/webdelmaestrocmf.com\\\/portal\\\/#organization\"},\"alternateName\":\"WMCMF\",\"potentialAction\":[{\"@type\":\"SearchAction\",\"target\":{\"@type\":\"EntryPoint\",\"urlTemplate\":\"https:\\\/\\\/webdelmaestrocmf.com\\\/portal\\\/?s={search_term_string}\"},\"query-input\":{\"@type\":\"PropertyValueSpecification\",\"valueRequired\":true,\"valueName\":\"search_term_string\"}}],\"inLanguage\":\"es\"},{\"@type\":\"Organization\",\"@id\":\"https:\\\/\\\/webdelmaestrocmf.com\\\/portal\\\/#organization\",\"name\":\"Web del Maestro CMF\",\"alternateName\":\"WMCMF\",\"url\":\"https:\\\/\\\/webdelmaestrocmf.com\\\/portal\\\/\",\"logo\":{\"@type\":\"ImageObject\",\"inLanguage\":\"es\",\"@id\":\"https:\\\/\\\/webdelmaestrocmf.com\\\/portal\\\/#\\\/schema\\\/logo\\\/image\\\/\",\"url\":\"https:\\\/\\\/webdelmaestrocmf.com\\\/portal\\\/wp-content\\\/uploads\\\/2023\\\/01\\\/logo-wmcmf-2.png\",\"contentUrl\":\"https:\\\/\\\/webdelmaestrocmf.com\\\/portal\\\/wp-content\\\/uploads\\\/2023\\\/01\\\/logo-wmcmf-2.png\",\"width\":200,\"height\":60,\"caption\":\"Web del Maestro CMF\"},\"image\":{\"@id\":\"https:\\\/\\\/webdelmaestrocmf.com\\\/portal\\\/#\\\/schema\\\/logo\\\/image\\\/\"},\"sameAs\":[\"https:\\\/\\\/www.facebook.com\\\/WebdelMaestroCMF\\\/\",\"https:\\\/\\\/x.com\\\/cmf_w\",\"https:\\\/\\\/www.pinterest.com\\\/WMCMF\\\/\",\"https:\\\/\\\/www.linkedin.com\\\/company\\\/web-del-maestro-cmf\\\/\",\"https:\\\/\\\/www.instagram.com\\\/wmcmf\\\/\",\"https:\\\/\\\/www.youtube.com\\\/channel\\\/UCDPSvjbdodE5sHnC3OxutHw\",\"https:\\\/\\\/mastodon.social\\\/@wmcmf\",\"https:\\\/\\\/www.tiktok.com\\\/@webdelmaestrocmf\"]},{\"@type\":\"Person\",\"@id\":\"https:\\\/\\\/webdelmaestrocmf.com\\\/portal\\\/#\\\/schema\\\/person\\\/1072a2ed7bd960df8ef99a551fa35dc5\",\"name\":\"Web del Maestro CMF\",\"image\":{\"@type\":\"ImageObject\",\"inLanguage\":\"es\",\"@id\":\"https:\\\/\\\/secure.gravatar.com\\\/avatar\\\/23291dd5b5ae1077dcff3dbb04c3e02bd28403fa75af6d8787d5e97c5bbbe30b?s=96&d=mm&r=g\",\"url\":\"https:\\\/\\\/secure.gravatar.com\\\/avatar\\\/23291dd5b5ae1077dcff3dbb04c3e02bd28403fa75af6d8787d5e97c5bbbe30b?s=96&d=mm&r=g\",\"contentUrl\":\"https:\\\/\\\/secure.gravatar.com\\\/avatar\\\/23291dd5b5ae1077dcff3dbb04c3e02bd28403fa75af6d8787d5e97c5bbbe30b?s=96&d=mm&r=g\",\"caption\":\"Web del Maestro CMF\"},\"description\":\"Esta Web se cre\u00f3 sin fines de lucro, con fines educativos, cient\u00edficos y acad\u00e9micos, para personas que tengan dificultades y\\\/o inconvenientes en visualizar el material original. El objetivo es entregar recursos, compartir experiencias y materiales que ayuden a los padres de familia, maestros y estudiantes en su actualizaci\u00f3n y formaci\u00f3n permanente, en bien de la Educaci\u00f3n.\",\"sameAs\":[\"http:\\\/\\\/webdelmaestrocmf.com\\\/portal\",\"https:\\\/\\\/www.facebook.com\\\/WebdelMaestroCMF\\\/\",\"https:\\\/\\\/www.instagram.com\\\/wmcmf\\\/\",\"https:\\\/\\\/cl.linkedin.com\\\/company\\\/web-del-maestro-cmf\",\"https:\\\/\\\/www.pinterest.com\\\/WMCMF\\\/publicaciones\\\/\",\"https:\\\/\\\/x.com\\\/cmf_w\",\"https:\\\/\\\/www.youtube.com\\\/@WMCMF\"]}]}<\/script>\n<!-- \/ Yoast SEO plugin. -->","yoast_head_json":{"title":"[David Auris] Educaci\u00f3n gratuita: una exigencia pospandemia - 2026","description":"Nos han contado que la educaci\u00f3n es un instrumento de equidad. \u00bfSer\u00e1 cierto? Los expertos argumentan, la educaci\u00f3n...","robots":{"index":"index","follow":"follow","max-snippet":"max-snippet:-1","max-image-preview":"max-image-preview:large","max-video-preview":"max-video-preview:-1"},"canonical":"https:\/\/webdelmaestrocmf.com\/portal\/david-auris-educacion-gratuita-una-exigencia-pospandemia\/","og_locale":"es_ES","og_type":"article","og_title":"[David Auris] Educaci\u00f3n gratuita: una exigencia pospandemia - 2026","og_description":"Nos han contado que la educaci\u00f3n es un instrumento de equidad. \u00bfSer\u00e1 cierto? Los expertos argumentan, la educaci\u00f3n...","og_url":"https:\/\/webdelmaestrocmf.com\/portal\/david-auris-educacion-gratuita-una-exigencia-pospandemia\/","og_site_name":"Web del Maestro CMF","article_publisher":"https:\/\/www.facebook.com\/WebdelMaestroCMF\/","article_author":"https:\/\/www.facebook.com\/WebdelMaestroCMF\/","article_published_time":"2020-09-23T16:07:25+00:00","article_modified_time":"2020-09-23T16:08:31+00:00","og_image":[{"width":1100,"height":680,"url":"https:\/\/i0.wp.com\/webdelmaestrocmf.com\/portal\/wp-content\/uploads\/2020\/09\/1-copia-86.jpg?fit=1100%2C680&ssl=1","type":"image\/jpeg"}],"author":"Web del Maestro CMF","twitter_card":"summary_large_image","twitter_creator":"@cmf_w","twitter_site":"@cmf_w","schema":{"@context":"https:\/\/schema.org","@graph":[{"@type":"ScholarlyArticle","@id":"https:\/\/webdelmaestrocmf.com\/portal\/david-auris-educacion-gratuita-una-exigencia-pospandemia\/#article","isPartOf":{"@id":"https:\/\/webdelmaestrocmf.com\/portal\/david-auris-educacion-gratuita-una-exigencia-pospandemia\/"},"author":{"name":"Web del Maestro CMF","@id":"https:\/\/webdelmaestrocmf.com\/portal\/#\/schema\/person\/1072a2ed7bd960df8ef99a551fa35dc5"},"headline":"[David Auris] Educaci\u00f3n gratuita: una exigencia pospandemia","datePublished":"2020-09-23T16:07:25+00:00","dateModified":"2020-09-23T16:08:31+00:00","mainEntityOfPage":{"@id":"https:\/\/webdelmaestrocmf.com\/portal\/david-auris-educacion-gratuita-una-exigencia-pospandemia\/"},"wordCount":866,"commentCount":0,"publisher":{"@id":"https:\/\/webdelmaestrocmf.com\/portal\/#organization"},"image":{"@id":"https:\/\/webdelmaestrocmf.com\/portal\/david-auris-educacion-gratuita-una-exigencia-pospandemia\/#primaryimage"},"thumbnailUrl":"https:\/\/webdelmaestrocmf.com\/portal\/wp-content\/uploads\/2020\/09\/1-copia-86.jpg","keywords":["David Auris","EDUCACI\u00d3N","EXIGENCIA","gratuita","pospandemia"],"articleSection":["Z-Colaborador-David-Auris","Z-Colaboradores"],"inLanguage":"es","potentialAction":[{"@type":"CommentAction","name":"Comment","target":["https:\/\/webdelmaestrocmf.com\/portal\/david-auris-educacion-gratuita-una-exigencia-pospandemia\/#respond"]}]},{"@type":"WebPage","@id":"https:\/\/webdelmaestrocmf.com\/portal\/david-auris-educacion-gratuita-una-exigencia-pospandemia\/","url":"https:\/\/webdelmaestrocmf.com\/portal\/david-auris-educacion-gratuita-una-exigencia-pospandemia\/","name":"[David Auris] Educaci\u00f3n gratuita: una exigencia pospandemia - 2026","isPartOf":{"@id":"https:\/\/webdelmaestrocmf.com\/portal\/#website"},"primaryImageOfPage":{"@id":"https:\/\/webdelmaestrocmf.com\/portal\/david-auris-educacion-gratuita-una-exigencia-pospandemia\/#primaryimage"},"image":{"@id":"https:\/\/webdelmaestrocmf.com\/portal\/david-auris-educacion-gratuita-una-exigencia-pospandemia\/#primaryimage"},"thumbnailUrl":"https:\/\/webdelmaestrocmf.com\/portal\/wp-content\/uploads\/2020\/09\/1-copia-86.jpg","datePublished":"2020-09-23T16:07:25+00:00","dateModified":"2020-09-23T16:08:31+00:00","description":"Nos han contado que la educaci\u00f3n es un instrumento de equidad. \u00bfSer\u00e1 cierto? Los expertos argumentan, la educaci\u00f3n...","breadcrumb":{"@id":"https:\/\/webdelmaestrocmf.com\/portal\/david-auris-educacion-gratuita-una-exigencia-pospandemia\/#breadcrumb"},"inLanguage":"es","potentialAction":[{"@type":"ReadAction","target":["https:\/\/webdelmaestrocmf.com\/portal\/david-auris-educacion-gratuita-una-exigencia-pospandemia\/"]}]},{"@type":"ImageObject","inLanguage":"es","@id":"https:\/\/webdelmaestrocmf.com\/portal\/david-auris-educacion-gratuita-una-exigencia-pospandemia\/#primaryimage","url":"https:\/\/webdelmaestrocmf.com\/portal\/wp-content\/uploads\/2020\/09\/1-copia-86.jpg","contentUrl":"https:\/\/webdelmaestrocmf.com\/portal\/wp-content\/uploads\/2020\/09\/1-copia-86.jpg","width":1100,"height":680},{"@type":"BreadcrumbList","@id":"https:\/\/webdelmaestrocmf.com\/portal\/david-auris-educacion-gratuita-una-exigencia-pospandemia\/#breadcrumb","itemListElement":[{"@type":"ListItem","position":1,"name":"Portada","item":"https:\/\/webdelmaestrocmf.com\/portal\/"},{"@type":"ListItem","position":2,"name":"Z-Colaboradores","item":"https:\/\/webdelmaestrocmf.com\/portal\/category\/colaborador\/"},{"@type":"ListItem","position":3,"name":"[David Auris] Educaci\u00f3n gratuita: una exigencia pospandemia"}]},{"@type":"WebSite","@id":"https:\/\/webdelmaestrocmf.com\/portal\/#website","url":"https:\/\/webdelmaestrocmf.com\/portal\/","name":"Web del Maestro CMF","description":"Maestros al servicio de la educaci\u00f3n","publisher":{"@id":"https:\/\/webdelmaestrocmf.com\/portal\/#organization"},"alternateName":"WMCMF","potentialAction":[{"@type":"SearchAction","target":{"@type":"EntryPoint","urlTemplate":"https:\/\/webdelmaestrocmf.com\/portal\/?s={search_term_string}"},"query-input":{"@type":"PropertyValueSpecification","valueRequired":true,"valueName":"search_term_string"}}],"inLanguage":"es"},{"@type":"Organization","@id":"https:\/\/webdelmaestrocmf.com\/portal\/#organization","name":"Web del Maestro CMF","alternateName":"WMCMF","url":"https:\/\/webdelmaestrocmf.com\/portal\/","logo":{"@type":"ImageObject","inLanguage":"es","@id":"https:\/\/webdelmaestrocmf.com\/portal\/#\/schema\/logo\/image\/","url":"https:\/\/webdelmaestrocmf.com\/portal\/wp-content\/uploads\/2023\/01\/logo-wmcmf-2.png","contentUrl":"https:\/\/webdelmaestrocmf.com\/portal\/wp-content\/uploads\/2023\/01\/logo-wmcmf-2.png","width":200,"height":60,"caption":"Web del Maestro CMF"},"image":{"@id":"https:\/\/webdelmaestrocmf.com\/portal\/#\/schema\/logo\/image\/"},"sameAs":["https:\/\/www.facebook.com\/WebdelMaestroCMF\/","https:\/\/x.com\/cmf_w","https:\/\/www.pinterest.com\/WMCMF\/","https:\/\/www.linkedin.com\/company\/web-del-maestro-cmf\/","https:\/\/www.instagram.com\/wmcmf\/","https:\/\/www.youtube.com\/channel\/UCDPSvjbdodE5sHnC3OxutHw","https:\/\/mastodon.social\/@wmcmf","https:\/\/www.tiktok.com\/@webdelmaestrocmf"]},{"@type":"Person","@id":"https:\/\/webdelmaestrocmf.com\/portal\/#\/schema\/person\/1072a2ed7bd960df8ef99a551fa35dc5","name":"Web del Maestro CMF","image":{"@type":"ImageObject","inLanguage":"es","@id":"https:\/\/secure.gravatar.com\/avatar\/23291dd5b5ae1077dcff3dbb04c3e02bd28403fa75af6d8787d5e97c5bbbe30b?s=96&d=mm&r=g","url":"https:\/\/secure.gravatar.com\/avatar\/23291dd5b5ae1077dcff3dbb04c3e02bd28403fa75af6d8787d5e97c5bbbe30b?s=96&d=mm&r=g","contentUrl":"https:\/\/secure.gravatar.com\/avatar\/23291dd5b5ae1077dcff3dbb04c3e02bd28403fa75af6d8787d5e97c5bbbe30b?s=96&d=mm&r=g","caption":"Web del Maestro CMF"},"description":"Esta Web se cre\u00f3 sin fines de lucro, con fines educativos, cient\u00edficos y acad\u00e9micos, para personas que tengan dificultades y\/o inconvenientes en visualizar el material original. El objetivo es entregar recursos, compartir experiencias y materiales que ayuden a los padres de familia, maestros y estudiantes en su actualizaci\u00f3n y formaci\u00f3n permanente, en bien de la Educaci\u00f3n.","sameAs":["http:\/\/webdelmaestrocmf.com\/portal","https:\/\/www.facebook.com\/WebdelMaestroCMF\/","https:\/\/www.instagram.com\/wmcmf\/","https:\/\/cl.linkedin.com\/company\/web-del-maestro-cmf","https:\/\/www.pinterest.com\/WMCMF\/publicaciones\/","https:\/\/x.com\/cmf_w","https:\/\/www.youtube.com\/@WMCMF"]}]}},"jetpack_featured_media_url":"https:\/\/webdelmaestrocmf.com\/portal\/wp-content\/uploads\/2020\/09\/1-copia-86.jpg","jetpack_sharing_enabled":true,"jetpack-related-posts":[{"id":101365,"url":"https:\/\/webdelmaestrocmf.com\/portal\/david-auris-educacion-y-perspectivas-de-huancavelica-peru\/","url_meta":{"origin":51981,"position":0},"title":"[David Auris] Educaci\u00f3n y perspectivas de Huancavelica, Per\u00fa","author":"Web del Maestro CMF","date":"3 diciembre, 2023","format":false,"excerpt":"La realidad educativa en Huancavelica exhibe un contexto disruptivo que alberga una serie de desaf\u00edos con m\u00e1s respuestas que interrogantes. Esta zona andina, embargada por la inequidad, requiere de una atenci\u00f3n urgente para romper ese c\u00edrculo de la pobreza que solo es pasajero, siempre y cuando se desarrolle el capital\u2026","rel":"","context":"En \u00abZ-Colaborador-David-Auris\u00bb","block_context":{"text":"Z-Colaborador-David-Auris","link":"https:\/\/webdelmaestrocmf.com\/portal\/category\/colaborador\/z-colaborador-david-auris\/"},"img":{"alt_text":"","src":"https:\/\/i0.wp.com\/webdelmaestrocmf.com\/portal\/wp-content\/uploads\/2023\/12\/Huancavelica.jpg?resize=350%2C200&ssl=1","width":350,"height":200,"srcset":"https:\/\/i0.wp.com\/webdelmaestrocmf.com\/portal\/wp-content\/uploads\/2023\/12\/Huancavelica.jpg?resize=350%2C200&ssl=1 1x, https:\/\/i0.wp.com\/webdelmaestrocmf.com\/portal\/wp-content\/uploads\/2023\/12\/Huancavelica.jpg?resize=525%2C300&ssl=1 1.5x, https:\/\/i0.wp.com\/webdelmaestrocmf.com\/portal\/wp-content\/uploads\/2023\/12\/Huancavelica.jpg?resize=700%2C400&ssl=1 2x"},"classes":[]},{"id":106866,"url":"https:\/\/webdelmaestrocmf.com\/portal\/david-auris-que-es-ser-maestro\/","url_meta":{"origin":51981,"position":1},"title":"[David Auris] \u00bfQu\u00e9 es ser Maestro?","author":"Web del Maestro CMF","date":"9 noviembre, 2024","format":false,"excerpt":"Ser maestro es alguien quien cada d\u00eda al intercambiar sus experiencias con los estudiantes aprende conscientemente hasta convertirse en una persona excepcional y esa forma de vivir irradia el destino de sus pupilos. Aunque, reconozcamos que no todos los docentes logran convertirse en maestros de la vida, es pertinente revalorarlos\u2026","rel":"","context":"En \u00abZ-Colaborador-David-Auris\u00bb","block_context":{"text":"Z-Colaborador-David-Auris","link":"https:\/\/webdelmaestrocmf.com\/portal\/category\/colaborador\/z-colaborador-david-auris\/"},"img":{"alt_text":"","src":"https:\/\/i0.wp.com\/webdelmaestrocmf.com\/portal\/wp-content\/uploads\/2024\/11\/Banner-1-portada-imagen-10-1-3.png?resize=350%2C200&ssl=1","width":350,"height":200,"srcset":"https:\/\/i0.wp.com\/webdelmaestrocmf.com\/portal\/wp-content\/uploads\/2024\/11\/Banner-1-portada-imagen-10-1-3.png?resize=350%2C200&ssl=1 1x, https:\/\/i0.wp.com\/webdelmaestrocmf.com\/portal\/wp-content\/uploads\/2024\/11\/Banner-1-portada-imagen-10-1-3.png?resize=525%2C300&ssl=1 1.5x, https:\/\/i0.wp.com\/webdelmaestrocmf.com\/portal\/wp-content\/uploads\/2024\/11\/Banner-1-portada-imagen-10-1-3.png?resize=700%2C400&ssl=1 2x"},"classes":[]},{"id":106777,"url":"https:\/\/webdelmaestrocmf.com\/portal\/david-auris-educacion-inclusiva-y-equidad\/","url_meta":{"origin":51981,"position":2},"title":"[David Auris] Educaci\u00f3n inclusiva y equidad","author":"Web del Maestro CMF","date":"29 octubre, 2024","format":false,"excerpt":"En pleno siglo XXI, donde el poder del conocimiento innovador es un \u00edcono de desarrollo, ocho millones de adultos peruanos no han culminado su educaci\u00f3n secundaria. Este espantoso dato, desnuda nuestra descomunal exclusi\u00f3n, a pesar de que, en todos los foros mundiales, se plantea la importancia de la educaci\u00f3n como\u2026","rel":"","context":"En \u00abZ-Colaborador-David-Auris\u00bb","block_context":{"text":"Z-Colaborador-David-Auris","link":"https:\/\/webdelmaestrocmf.com\/portal\/category\/colaborador\/z-colaborador-david-auris\/"},"img":{"alt_text":"","src":"https:\/\/i0.wp.com\/webdelmaestrocmf.com\/portal\/wp-content\/uploads\/2024\/10\/Banner-1-portada-imagen-10-1-10.jpg?resize=350%2C200&ssl=1","width":350,"height":200,"srcset":"https:\/\/i0.wp.com\/webdelmaestrocmf.com\/portal\/wp-content\/uploads\/2024\/10\/Banner-1-portada-imagen-10-1-10.jpg?resize=350%2C200&ssl=1 1x, https:\/\/i0.wp.com\/webdelmaestrocmf.com\/portal\/wp-content\/uploads\/2024\/10\/Banner-1-portada-imagen-10-1-10.jpg?resize=525%2C300&ssl=1 1.5x, https:\/\/i0.wp.com\/webdelmaestrocmf.com\/portal\/wp-content\/uploads\/2024\/10\/Banner-1-portada-imagen-10-1-10.jpg?resize=700%2C400&ssl=1 2x"},"classes":[]},{"id":105238,"url":"https:\/\/webdelmaestrocmf.com\/portal\/david-auris-educacion-y-capital-humano\/","url_meta":{"origin":51981,"position":3},"title":"[David Auris] Educaci\u00f3n y capital humano","author":"Web del Maestro CMF","date":"1 mayo, 2024","format":false,"excerpt":"La educaci\u00f3n es la mejor inversi\u00f3n para desarrollar el capital humano de cualquier pa\u00eds. Esta debe incluir en sus claustros a todos los ni\u00f1os y adolescentes, con el prop\u00f3sito de alcanzar el progreso sostenido. Es necesario comprender que la \u00fanica riqueza segura, es el poder del cerebro de la gente\u2026","rel":"","context":"En \u00abZ-Colaborador-David-Auris\u00bb","block_context":{"text":"Z-Colaborador-David-Auris","link":"https:\/\/webdelmaestrocmf.com\/portal\/category\/colaborador\/z-colaborador-david-auris\/"},"img":{"alt_text":"","src":"https:\/\/i0.wp.com\/webdelmaestrocmf.com\/portal\/wp-content\/uploads\/2024\/05\/Banner-1-portada-imagen-10-1-60.jpg?resize=350%2C200&ssl=1","width":350,"height":200,"srcset":"https:\/\/i0.wp.com\/webdelmaestrocmf.com\/portal\/wp-content\/uploads\/2024\/05\/Banner-1-portada-imagen-10-1-60.jpg?resize=350%2C200&ssl=1 1x, https:\/\/i0.wp.com\/webdelmaestrocmf.com\/portal\/wp-content\/uploads\/2024\/05\/Banner-1-portada-imagen-10-1-60.jpg?resize=525%2C300&ssl=1 1.5x, https:\/\/i0.wp.com\/webdelmaestrocmf.com\/portal\/wp-content\/uploads\/2024\/05\/Banner-1-portada-imagen-10-1-60.jpg?resize=700%2C400&ssl=1 2x"},"classes":[]},{"id":101868,"url":"https:\/\/webdelmaestrocmf.com\/portal\/davis-auris-prueba-pisa-2022-revela-la-desvalorizacion-del-docente-peruano\/","url_meta":{"origin":51981,"position":4},"title":"[David Auris] Prueba PISA 2022, revela la desvalorizaci\u00f3n del docente peruano","author":"Web del Maestro CMF","date":"26 diciembre, 2023","format":false,"excerpt":"El 5 de diciembre se public\u00f3 el informe de la prueba PISA 2022, conocida como Programa para la Evaluaci\u00f3n Internacional de Estudiantes, el cual revela que el Per\u00fa ha experimentado una disminuci\u00f3n en Matem\u00e1ticas y se mantiene en el mismo nivel en Ciencia y Lectura. Este resultado evidencia el limitado\u2026","rel":"","context":"En \u00abZ-Colaborador-David-Auris\u00bb","block_context":{"text":"Z-Colaborador-David-Auris","link":"https:\/\/webdelmaestrocmf.com\/portal\/category\/colaborador\/z-colaborador-david-auris\/"},"img":{"alt_text":"Prueba PISA 2022,","src":"https:\/\/i0.wp.com\/webdelmaestrocmf.com\/portal\/wp-content\/uploads\/2023\/12\/A12B3C4D-1-8.jpg?resize=350%2C200&ssl=1","width":350,"height":200,"srcset":"https:\/\/i0.wp.com\/webdelmaestrocmf.com\/portal\/wp-content\/uploads\/2023\/12\/A12B3C4D-1-8.jpg?resize=350%2C200&ssl=1 1x, https:\/\/i0.wp.com\/webdelmaestrocmf.com\/portal\/wp-content\/uploads\/2023\/12\/A12B3C4D-1-8.jpg?resize=525%2C300&ssl=1 1.5x, https:\/\/i0.wp.com\/webdelmaestrocmf.com\/portal\/wp-content\/uploads\/2023\/12\/A12B3C4D-1-8.jpg?resize=700%2C400&ssl=1 2x"},"classes":[]},{"id":50926,"url":"https:\/\/webdelmaestrocmf.com\/portal\/david-auris-aprendo-en-casa-y-la-pedagogia-del-reality-show\/","url_meta":{"origin":51981,"position":5},"title":"[David Auris] Aprendo en casa y la pedagog\u00eda del reality show","author":"Web del Maestro CMF","date":"4 septiembre, 2020","format":false,"excerpt":"La pedagog\u00eda del reality show, es uno de los \u201cenfoques\u201d m\u00e1s innovadores y dignos de estudios doctorales, surgido en esta pandemia, como aporte de los cient\u00edficos del Ministerio de Educaci\u00f3n del Per\u00fa a la educaci\u00f3n estatal, materializado en el programa, Aprendo en casa, simplemente al alcance de un clic en\u2026","rel":"","context":"En \u00abZ-Colaborador-David-Auris\u00bb","block_context":{"text":"Z-Colaborador-David-Auris","link":"https:\/\/webdelmaestrocmf.com\/portal\/category\/colaborador\/z-colaborador-david-auris\/"},"img":{"alt_text":"","src":"https:\/\/i0.wp.com\/webdelmaestrocmf.com\/portal\/wp-content\/uploads\/2020\/09\/1-copia-11.jpg?resize=350%2C200&ssl=1","width":350,"height":200,"srcset":"https:\/\/i0.wp.com\/webdelmaestrocmf.com\/portal\/wp-content\/uploads\/2020\/09\/1-copia-11.jpg?resize=350%2C200&ssl=1 1x, https:\/\/i0.wp.com\/webdelmaestrocmf.com\/portal\/wp-content\/uploads\/2020\/09\/1-copia-11.jpg?resize=525%2C300&ssl=1 1.5x, https:\/\/i0.wp.com\/webdelmaestrocmf.com\/portal\/wp-content\/uploads\/2020\/09\/1-copia-11.jpg?resize=700%2C400&ssl=1 2x, https:\/\/i0.wp.com\/webdelmaestrocmf.com\/portal\/wp-content\/uploads\/2020\/09\/1-copia-11.jpg?resize=1050%2C600&ssl=1 3x"},"classes":[]}],"_links":{"self":[{"href":"https:\/\/webdelmaestrocmf.com\/portal\/wp-json\/wp\/v2\/posts\/51981","targetHints":{"allow":["GET"]}}],"collection":[{"href":"https:\/\/webdelmaestrocmf.com\/portal\/wp-json\/wp\/v2\/posts"}],"about":[{"href":"https:\/\/webdelmaestrocmf.com\/portal\/wp-json\/wp\/v2\/types\/post"}],"author":[{"embeddable":true,"href":"https:\/\/webdelmaestrocmf.com\/portal\/wp-json\/wp\/v2\/users\/1"}],"replies":[{"embeddable":true,"href":"https:\/\/webdelmaestrocmf.com\/portal\/wp-json\/wp\/v2\/comments?post=51981"}],"version-history":[{"count":0,"href":"https:\/\/webdelmaestrocmf.com\/portal\/wp-json\/wp\/v2\/posts\/51981\/revisions"}],"wp:featuredmedia":[{"embeddable":true,"href":"https:\/\/webdelmaestrocmf.com\/portal\/wp-json\/wp\/v2\/media\/51983"}],"wp:attachment":[{"href":"https:\/\/webdelmaestrocmf.com\/portal\/wp-json\/wp\/v2\/media?parent=51981"}],"wp:term":[{"taxonomy":"category","embeddable":true,"href":"https:\/\/webdelmaestrocmf.com\/portal\/wp-json\/wp\/v2\/categories?post=51981"},{"taxonomy":"post_tag","embeddable":true,"href":"https:\/\/webdelmaestrocmf.com\/portal\/wp-json\/wp\/v2\/tags?post=51981"}],"curies":[{"name":"wp","href":"https:\/\/api.w.org\/{rel}","templated":true}]}}