{"id":51950,"date":"2020-09-22T17:02:03","date_gmt":"2020-09-22T20:02:03","guid":{"rendered":"https:\/\/webdelmaestrocmf.com\/portal\/?p=51950"},"modified":"2020-09-22T18:41:35","modified_gmt":"2020-09-22T21:41:35","slug":"mario-schiavelli-el-cerebro-tiene-genero","status":"publish","type":"post","link":"https:\/\/webdelmaestrocmf.com\/portal\/mario-schiavelli-el-cerebro-tiene-genero\/","title":{"rendered":"[Mario Schiavelli] El Cerebro tiene Ge\u0301nero"},"content":{"rendered":"<h5 style=\"text-align: justify;\">\u00bfExisten diferencias entre el cerebro de un nin\u0303o y el cerebro de una nin\u0303a? \u00bfO es nuestra influencia socio-cultural la que los difiere?<\/h5>\n<p><!--more--><\/p>\n<h5 style=\"text-align: justify;\">La Neurociencia nos dice que si\u0301: Los nin\u0303os y las nin\u0303as son diferentes. Los cerebros de los nin\u0303os son ma\u0301s grandes, pero el cerebro de las nin\u0303as crece ma\u0301s ra\u0301pido y sus intereses y estilos de aprendizaje vari\u0301an.<\/h5>\n<h5 style=\"text-align: justify;\">El ambiente que creamos para nuestros hijos es lo que tiene mayor impacto en la forma en que aprenden y lo que aprenden. Los padres tienen el mayor impacto en la supresio\u0301n o mejoramiento de la composicio\u0301n gene\u0301tica de sus hijos.<\/h5>\n<p style=\"text-align: justify;\">Es cierto que muchos nin\u0303os logran ser menos sociales que muchas nin\u0303as. Eso se debe a que el cerebro de las nin\u0303as produce ma\u0301s serotonina y oxitocina, por lo que son ma\u0301s tranquilas, pueden estar sentadas por ma\u0301s tiempo y esta\u0301n ma\u0301s enfocadas hacia las conexiones emocionales. Tienen su corteza cerebral ma\u0301s definida para la funcio\u0301n verbal. El hipocampo, donde se establecen la memoria y el lenguaje, se desarrolla ma\u0301s ra\u0301pidamente y es ma\u0301s grande que en los nin\u0303os.<\/p>\n<p style=\"text-align: justify;\">Esto influye en el vocabulario, la lectura y la escritura <strong>(\u00a1Es verdad que hablan ma\u0301s!).<\/strong> Los nin\u0303os por su lado, maduran ma\u0301s lentamente y tienen su corteza cerebral definida para las relaciones espaciales. Como resultado, aprenden fa\u0301cilmente a trave\u0301s del movimiento y la experiencia visual, adema\u0301s que necesitan moverse para sentirse co\u0301modos.<\/p>\n<p style=\"text-align: justify;\">Sin embargo, hay muy poca diferencia entre lo que las nin\u0303as y los nin\u0303os pueden aprender. De hecho, las diferencias son ma\u0301s pronunciadas en los nin\u0303os pequen\u0303os, y a medida que los nin\u0303os crecen, su entorno familiar y social, sus intereses y sus compan\u0303eros tienen mayor influencia sobre sus comportamientos. Despue\u0301s de los 15\/18 an\u0303os, las diferencias entre los nin\u0303os y las nin\u0303as son muy sutiles.<\/p>\n<p style=\"text-align: justify;\">En lo que a la escuela se refiere, los nin\u0303os y las nin\u0303as perciben sus problemas escolares de diferentes maneras. Las nin\u0303as tienden a tomar sus problemas y fracasos personalmente, y son mucho ma\u0301s autocri\u0301ticas. Los nin\u0303os, por otro lado, ven sus problemas de manera ma\u0301s enfocada y asignan su fracaso a un a\u0301rea particular de estudio, en lugar de generalizar y percibirse a si\u0301 mismos como incapaces. Sera\u0301 por eso que las nin\u0303as tienden a ir mejor en la escuela que los nin\u0303os y tienen ma\u0301s probabilidades de permanecer y graduarse.<\/p>\n<p style=\"text-align: justify;\">Entonces, como Educadores, <strong>\u00bfque\u0301 podemos hacer para respetar esas diferencias entre nin\u0303as y nin\u0303os sin etiquetarlas?<\/strong><\/p>\n<p style=\"text-align: justify;\">La escuela deberi\u0301a tener un programa de recreos que incluyeran tiempos de juegos no estructurados.<\/p>\n<p style=\"text-align: justify;\">Las nin\u0303as deberi\u0301an ser estimuladas a jugar con juguetes y actividades que les permitan utilizar sus habilidades espaciales de relacio\u0301n y manipulacio\u0301n.<\/p>\n<p><img loading=\"lazy\" decoding=\"async\" class=\"alignnone size-full wp-image-51951\" src=\"https:\/\/webdelmaestrocmf.com\/portal\/wp-content\/uploads\/2020\/09\/Captura-de-Pantalla-2020-09-22-a-las-16.54.31.png\" alt=\"\" width=\"1582\" height=\"1196\" srcset=\"https:\/\/webdelmaestrocmf.com\/portal\/wp-content\/uploads\/2020\/09\/Captura-de-Pantalla-2020-09-22-a-las-16.54.31.png 1582w, https:\/\/webdelmaestrocmf.com\/portal\/wp-content\/uploads\/2020\/09\/Captura-de-Pantalla-2020-09-22-a-las-16.54.31-300x227.png 300w, https:\/\/webdelmaestrocmf.com\/portal\/wp-content\/uploads\/2020\/09\/Captura-de-Pantalla-2020-09-22-a-las-16.54.31-1024x774.png 1024w, https:\/\/webdelmaestrocmf.com\/portal\/wp-content\/uploads\/2020\/09\/Captura-de-Pantalla-2020-09-22-a-las-16.54.31-768x581.png 768w, https:\/\/webdelmaestrocmf.com\/portal\/wp-content\/uploads\/2020\/09\/Captura-de-Pantalla-2020-09-22-a-las-16.54.31-1536x1161.png 1536w, https:\/\/webdelmaestrocmf.com\/portal\/wp-content\/uploads\/2020\/09\/Captura-de-Pantalla-2020-09-22-a-las-16.54.31-110x83.png 110w, https:\/\/webdelmaestrocmf.com\/portal\/wp-content\/uploads\/2020\/09\/Captura-de-Pantalla-2020-09-22-a-las-16.54.31-200x151.png 200w, https:\/\/webdelmaestrocmf.com\/portal\/wp-content\/uploads\/2020\/09\/Captura-de-Pantalla-2020-09-22-a-las-16.54.31-380x287.png 380w, https:\/\/webdelmaestrocmf.com\/portal\/wp-content\/uploads\/2020\/09\/Captura-de-Pantalla-2020-09-22-a-las-16.54.31-255x193.png 255w, https:\/\/webdelmaestrocmf.com\/portal\/wp-content\/uploads\/2020\/09\/Captura-de-Pantalla-2020-09-22-a-las-16.54.31-550x416.png 550w, https:\/\/webdelmaestrocmf.com\/portal\/wp-content\/uploads\/2020\/09\/Captura-de-Pantalla-2020-09-22-a-las-16.54.31-800x605.png 800w, https:\/\/webdelmaestrocmf.com\/portal\/wp-content\/uploads\/2020\/09\/Captura-de-Pantalla-2020-09-22-a-las-16.54.31-1160x877.png 1160w, https:\/\/webdelmaestrocmf.com\/portal\/wp-content\/uploads\/2020\/09\/Captura-de-Pantalla-2020-09-22-a-las-16.54.31-220x166.png 220w, https:\/\/webdelmaestrocmf.com\/portal\/wp-content\/uploads\/2020\/09\/Captura-de-Pantalla-2020-09-22-a-las-16.54.31-400x302.png 400w, https:\/\/webdelmaestrocmf.com\/portal\/wp-content\/uploads\/2020\/09\/Captura-de-Pantalla-2020-09-22-a-las-16.54.31-760x575.png 760w, https:\/\/webdelmaestrocmf.com\/portal\/wp-content\/uploads\/2020\/09\/Captura-de-Pantalla-2020-09-22-a-las-16.54.31-510x386.png 510w, https:\/\/webdelmaestrocmf.com\/portal\/wp-content\/uploads\/2020\/09\/Captura-de-Pantalla-2020-09-22-a-las-16.54.31-600x454.png 600w, https:\/\/webdelmaestrocmf.com\/portal\/wp-content\/uploads\/2020\/09\/Captura-de-Pantalla-2020-09-22-a-las-16.54.31-1100x832.png 1100w\" sizes=\"auto, (max-width: 1582px) 100vw, 1582px\" \/><\/p>\n<p style=\"text-align: justify;\">Los nin\u0303os deberi\u0301an tomar pausas de estudio y ser fi\u0301sicamente activos durante ellas.<\/p>\n<p style=\"text-align: justify;\">Ayudar a las nin\u0303as a hablar a trave\u0301s de sus senti- mientos sobre el trabajo escolar y los problemas de la escuela.<\/p>\n<p style=\"text-align: justify;\">Debido a que las nin\u0303as pueden centrarse en la comunicacio\u0301n, las relaciones y la atencio\u0301n para su aprobacio\u0301n, pueden ser fa\u0301cilmente atrapadas en una intensa experiencia emocional. A menudo una nin\u0303a subvertira\u0301 sus propios sentimientos, incluyendo sus necesidades, para obtener la aprobacio\u0301n de los dema\u0301s y ello le puede causar problemas de autoestima.<\/p>\n<p style=\"text-align: justify;\">Involucrar a las nin\u0303as en deportes para ayudarlas a construir confianza.<\/p>\n<p style=\"text-align: justify;\">Ayudar a los nin\u0303os con habilidades de lectura y escritura, incluyendo lectura, escritura, diario, dibujo, creatividad, fantasi\u0301a, humor, guerra y mitologi\u0301a. Los nin\u0303os son orientados a la accio\u0301n, a menudo son com- petitivos e impulsivos tomadores de riesgo, por lo que darles la oportunidad de expresarse creativamente y explorar sus intereses es muy importante. Esto ayuda- ra\u0301 a conectar sus palabras con sus sentimientos y validar ambos.<\/p>\n<p style=\"text-align: justify;\">Interpretar los diferentes estilos de aprendizaje de nin\u0303os y nin\u0303as para que se pueda crear un ambiente que satisfaga todas las necesidades, ensen\u0303ando dife- rentes modalidades para el enriquecimiento de todos por igual.<\/p>\n<p style=\"text-align: left;\"><strong>FUENTE:<\/strong> Mario Schiavelli, <strong>Ense\u00f1ar sin Ense\u00f1ar<\/strong>. Manual para el Nuevo Educador.<\/p>\n<p style=\"text-align: justify;\">Este art\u00edculo es propiedad intelectual de Mario Schiavelli, editado en su libro <a href=\"https:\/\/mega.nz\/file\/Xz5gzSoA#p4Ij-aSmLd0k0fU9t09vXVDlZb5OQTOjUGyN5ESf38w\" target=\"_blank\" rel=\"noopener noreferrer\"><strong>Ensen\u0303ar sin Ensen\u0303ar. <\/strong><strong>Manual para el Nuevo Educador<\/strong>,<\/a> que puede Usted descargar (gracias a la generosidad de su autor) haciendo click en el resaltado con negritas.<\/p>\n<table class=\" alignleft\" border=\"0\" width=\"100%\" cellspacing=\"10\" cellpadding=\"10\">\n<tbody>\n<tr>\n<td style=\"text-align: center;\" width=\"30%\"><strong><img loading=\"lazy\" decoding=\"async\" class=\"size-full wp-image-45404 aligncenter\" src=\"https:\/\/webdelmaestrocmf.com\/portal\/wp-content\/uploads\/2020\/03\/2-2.jpg\" alt=\"\" width=\"200\" height=\"200\" srcset=\"https:\/\/webdelmaestrocmf.com\/portal\/wp-content\/uploads\/2020\/03\/2-2.jpg 200w, https:\/\/webdelmaestrocmf.com\/portal\/wp-content\/uploads\/2020\/03\/2-2-150x150.jpg 150w, https:\/\/webdelmaestrocmf.com\/portal\/wp-content\/uploads\/2020\/03\/2-2-80x80.jpg 80w, https:\/\/webdelmaestrocmf.com\/portal\/wp-content\/uploads\/2020\/03\/2-2-110x110.jpg 110w\" sizes=\"auto, (max-width: 200px) 100vw, 200px\" \/><\/strong><\/p>\n<p><strong>Autor: Mario Schiavelli, <\/strong>de nacionalidad Italiana.<br \/>\n<strong>Profesor de Idiomas Modernos<\/strong> (Ingl\u00e9s &#8211; Italiano &#8211; Espa\u00f1ol &#8211; Portugu\u00e9s).<br \/>\nEgresado de las universidades de Siena y Perugia, Italia.<br \/>\n<strong>Coach en Neuroeducaci\u00f3n y Comunicaci\u00f3n Interpersonal<\/strong> &#8211; (International Coach Federation -ICF- EEUU).<br \/>\n<strong>Fundador y Director de <em>GOTEACH&amp;COACH (UK),<\/em> <\/strong>un proyecto multiling\u00fce de formaci\u00f3n y educaci\u00f3n para docentes y alumnos con la finalidad de promover cambios eficientes y eficaces en el \u00e1mbito educativo mundial. A tal prop\u00f3sito, organiza, dirige y dicta conferencias, seminarios y talleres sobre Neuroeducaci\u00f3n e Inteligencia Conversacional.<br \/>\nCreador de <strong>\u00abProyecto Icarus\u00bb,<\/strong> una iniciativa de promoci\u00f3n cultural sin fines de lucro para ni\u00f1os y j\u00f3venes de \u00e1reas econ\u00f3micamente desfavorecidas a trav\u00e9s de la ense\u00f1anza de idiomas y sus culturas para as\u00ed lograr promover una nueva y m\u00e1s proactiva visi\u00f3n del Mundo.<br \/>\n<strong>Autor de \u00abEnse\u00f1ar Sin Ense\u00f1ar<\/strong> &#8211; Manual para el nuevo Educador.\u00bb<br \/>\n<strong>Autor de \u00abConversar Sin Conversar<\/strong> &#8211; El poder de las Conversaciones.\u00bb<br \/>\n<strong>Blog<\/strong>: <a href=\"http:\/\/www.nocommenteducation.blogspot.com\" target=\"_blank\" rel=\"noopener noreferrer\">nocommenteducation.blogspot.com<\/a><\/td>\n<\/tr>\n<\/tbody>\n<\/table>\n<p style=\"text-align: left;\">.<\/p>\n\t\t<div class=\"pk-inline-posts\">\n\t\t\t\n\t\t\t<div class=\"pk-inline-posts-container pk-inline-posts-template-list\"\n\t\t\t\tdata-columns=\"1\">\n\t\t\t\t\t\t<article id=\"post-51527\" class=\"post-51527 post type-post status-publish format-standard has-post-thumbnail category-colaborador category-z-colaboradores-mario-schiavelli tag-cinco tag-mario-schiavelli tag-sentidos cs-entry cs-video-wrap\">\n\t\t\t<div class=\"pk-post-outer\">\n\n\t\t\t\t\t\t\t\t<div class=\"pk-post-inner\">\n\t\t\t\t\t<div class=\"entry-thumbnail\">\n\t\t\t\t\t\t<div class=\"pk-overlay pk-overlay-ratio pk-ratio-landscape\">\n\t\t\t\t\t\t\t<div class=\"pk-overlay-background\">\n\t\t\t\t\t\t\t\t<a href=\"https:\/\/webdelmaestrocmf.com\/portal\/mario-schiavelli-los-cinco-sentidos\/\" class=\"pk-overlay-link\">\n\t\t\t\t\t\t\t\t\t<img loading=\"lazy\" decoding=\"async\" width=\"300\" height=\"225\" src=\"https:\/\/webdelmaestrocmf.com\/portal\/wp-content\/uploads\/2020\/09\/1AA-Banner-1-portada-imagen-10-1-copia-300x225.webp\" class=\"attachment-pk-thumbnail size-pk-thumbnail wp-post-image\" alt=\"\" \/>\t\t\t\t\t\t\t\t<\/a>\n\t\t\t\t\t\t\t<\/div>\n\t\t\t\t\t\t<\/div>\n\t\t\t\t\t<\/div>\n\t\t\t\t<\/div>\n\t\t\t\t\n\t\t\t\t<div class=\"pk-post-inner\">\n\t\t\t\t\t<header>\n\t\t\t\t\t\t<h3 class=\"pk-title\"><a href=\"https:\/\/webdelmaestrocmf.com\/portal\/mario-schiavelli-los-cinco-sentidos\/\" rel=\"bookmark\">Los Cinco Sentidos:  Descarga la gu\u00eda \u00abTu cerebro y los cinco sentidos\u00bb<\/a><\/h3>\t\t\t\t\t<\/header><!-- .entry-header -->\n\t\t\t\t<\/div><!-- .post-inner -->\n\n\t\t\t<\/div><!-- .post-outer -->\n\t\t<\/article>\n\t\t\t\t<\/div>\n\t\t<\/div>\n\t\t\n","protected":false},"excerpt":{"rendered":"\u00bfExisten diferencias entre el cerebro de un nin\u0303o y el cerebro de una nin\u0303a? \u00bfO es nuestra influencia&hellip;","protected":false},"author":1,"featured_media":51952,"comment_status":"open","ping_status":"closed","sticky":false,"template":"","format":"standard","meta":{"csco_display_header_overlay":false,"csco_singular_sidebar":"default","csco_page_header_type":"default","csco_page_load_nextpost":"default","csco_post_video_location":[],"csco_post_video_location_hash":"","csco_post_video_url":"","csco_post_video_bg_start_time":0,"csco_post_video_bg_end_time":0,"csco_post_video_bg_volume":false,"_jetpack_memberships_contains_paid_content":false,"footnotes":""},"categories":[1790,4782],"tags":[662,3937,4783,5721],"class_list":{"0":"post-51950","1":"post","2":"type-post","3":"status-publish","4":"format-standard","5":"has-post-thumbnail","7":"category-colaborador","8":"category-z-colaboradores-mario-schiavelli","9":"tag-cerebro","10":"tag-genero","11":"tag-mario-schiavelli","12":"tag-tiene","13":"cs-entry","14":"cs-video-wrap"},"yoast_head":"<!-- This site is optimized with the Yoast SEO plugin v27.5 - https:\/\/yoast.com\/product\/yoast-seo-wordpress\/ -->\n<title>[Mario Schiavelli] El Cerebro tiene Ge\u0301nero - 2026<\/title>\n<meta name=\"description\" content=\"\u00bfExisten diferencias entre el cerebro de un nin\u0303o y el cerebro de una nin\u0303a? \u00bfO es nuestra influencia socio-cultural la que los difiere?\" \/>\n<meta name=\"robots\" content=\"index, follow, max-snippet:-1, max-image-preview:large, max-video-preview:-1\" \/>\n<link rel=\"canonical\" href=\"https:\/\/webdelmaestrocmf.com\/portal\/mario-schiavelli-el-cerebro-tiene-genero\/\" \/>\n<meta property=\"og:locale\" content=\"es_ES\" \/>\n<meta property=\"og:type\" content=\"article\" \/>\n<meta property=\"og:title\" content=\"[Mario Schiavelli] El Cerebro tiene Ge\u0301nero - 2026\" \/>\n<meta property=\"og:description\" content=\"\u00bfExisten diferencias entre el cerebro de un nin\u0303o y el cerebro de una nin\u0303a? \u00bfO es nuestra influencia socio-cultural la que los difiere?\" \/>\n<meta property=\"og:url\" content=\"https:\/\/webdelmaestrocmf.com\/portal\/mario-schiavelli-el-cerebro-tiene-genero\/\" \/>\n<meta property=\"og:site_name\" content=\"Web del Maestro CMF\" \/>\n<meta property=\"article:publisher\" content=\"https:\/\/www.facebook.com\/WebdelMaestroCMF\/\" \/>\n<meta property=\"article:author\" content=\"https:\/\/www.facebook.com\/WebdelMaestroCMF\/\" \/>\n<meta property=\"article:published_time\" content=\"2020-09-22T20:02:03+00:00\" \/>\n<meta property=\"article:modified_time\" content=\"2020-09-22T21:41:35+00:00\" \/>\n<meta property=\"og:image\" content=\"https:\/\/i0.wp.com\/webdelmaestrocmf.com\/portal\/wp-content\/uploads\/2020\/09\/1-copia-83.jpg?fit=1100%2C680&ssl=1\" \/>\n\t<meta property=\"og:image:width\" content=\"1100\" \/>\n\t<meta property=\"og:image:height\" content=\"680\" \/>\n\t<meta property=\"og:image:type\" content=\"image\/jpeg\" \/>\n<meta name=\"author\" content=\"Web del Maestro CMF\" \/>\n<meta name=\"twitter:card\" content=\"summary_large_image\" \/>\n<meta name=\"twitter:creator\" content=\"@cmf_w\" \/>\n<meta name=\"twitter:site\" content=\"@cmf_w\" \/>\n<script type=\"application\/ld+json\" class=\"yoast-schema-graph\">{\"@context\":\"https:\\\/\\\/schema.org\",\"@graph\":[{\"@type\":\"ScholarlyArticle\",\"@id\":\"https:\\\/\\\/webdelmaestrocmf.com\\\/portal\\\/mario-schiavelli-el-cerebro-tiene-genero\\\/#article\",\"isPartOf\":{\"@id\":\"https:\\\/\\\/webdelmaestrocmf.com\\\/portal\\\/mario-schiavelli-el-cerebro-tiene-genero\\\/\"},\"author\":{\"name\":\"Web del Maestro CMF\",\"@id\":\"https:\\\/\\\/webdelmaestrocmf.com\\\/portal\\\/#\\\/schema\\\/person\\\/1072a2ed7bd960df8ef99a551fa35dc5\"},\"headline\":\"[Mario Schiavelli] El Cerebro tiene Ge\u0301nero\",\"datePublished\":\"2020-09-22T20:02:03+00:00\",\"dateModified\":\"2020-09-22T21:41:35+00:00\",\"mainEntityOfPage\":{\"@id\":\"https:\\\/\\\/webdelmaestrocmf.com\\\/portal\\\/mario-schiavelli-el-cerebro-tiene-genero\\\/\"},\"wordCount\":966,\"commentCount\":0,\"publisher\":{\"@id\":\"https:\\\/\\\/webdelmaestrocmf.com\\\/portal\\\/#organization\"},\"image\":{\"@id\":\"https:\\\/\\\/webdelmaestrocmf.com\\\/portal\\\/mario-schiavelli-el-cerebro-tiene-genero\\\/#primaryimage\"},\"thumbnailUrl\":\"https:\\\/\\\/webdelmaestrocmf.com\\\/portal\\\/wp-content\\\/uploads\\\/2020\\\/09\\\/1-copia-83.jpg\",\"keywords\":[\"Cerebro\",\"G\u00c9NERO\",\"Mario Schiavelli\",\"tiene\"],\"articleSection\":[\"Z-Colaboradores\",\"Z-Colaboradores-Mario-Schiavelli\"],\"inLanguage\":\"es\",\"potentialAction\":[{\"@type\":\"CommentAction\",\"name\":\"Comment\",\"target\":[\"https:\\\/\\\/webdelmaestrocmf.com\\\/portal\\\/mario-schiavelli-el-cerebro-tiene-genero\\\/#respond\"]}]},{\"@type\":\"WebPage\",\"@id\":\"https:\\\/\\\/webdelmaestrocmf.com\\\/portal\\\/mario-schiavelli-el-cerebro-tiene-genero\\\/\",\"url\":\"https:\\\/\\\/webdelmaestrocmf.com\\\/portal\\\/mario-schiavelli-el-cerebro-tiene-genero\\\/\",\"name\":\"[Mario Schiavelli] El Cerebro tiene Ge\u0301nero - 2026\",\"isPartOf\":{\"@id\":\"https:\\\/\\\/webdelmaestrocmf.com\\\/portal\\\/#website\"},\"primaryImageOfPage\":{\"@id\":\"https:\\\/\\\/webdelmaestrocmf.com\\\/portal\\\/mario-schiavelli-el-cerebro-tiene-genero\\\/#primaryimage\"},\"image\":{\"@id\":\"https:\\\/\\\/webdelmaestrocmf.com\\\/portal\\\/mario-schiavelli-el-cerebro-tiene-genero\\\/#primaryimage\"},\"thumbnailUrl\":\"https:\\\/\\\/webdelmaestrocmf.com\\\/portal\\\/wp-content\\\/uploads\\\/2020\\\/09\\\/1-copia-83.jpg\",\"datePublished\":\"2020-09-22T20:02:03+00:00\",\"dateModified\":\"2020-09-22T21:41:35+00:00\",\"description\":\"\u00bfExisten diferencias entre el cerebro de un nin\u0303o y el cerebro de una nin\u0303a? \u00bfO es nuestra influencia socio-cultural la que los difiere?\",\"breadcrumb\":{\"@id\":\"https:\\\/\\\/webdelmaestrocmf.com\\\/portal\\\/mario-schiavelli-el-cerebro-tiene-genero\\\/#breadcrumb\"},\"inLanguage\":\"es\",\"potentialAction\":[{\"@type\":\"ReadAction\",\"target\":[\"https:\\\/\\\/webdelmaestrocmf.com\\\/portal\\\/mario-schiavelli-el-cerebro-tiene-genero\\\/\"]}]},{\"@type\":\"ImageObject\",\"inLanguage\":\"es\",\"@id\":\"https:\\\/\\\/webdelmaestrocmf.com\\\/portal\\\/mario-schiavelli-el-cerebro-tiene-genero\\\/#primaryimage\",\"url\":\"https:\\\/\\\/webdelmaestrocmf.com\\\/portal\\\/wp-content\\\/uploads\\\/2020\\\/09\\\/1-copia-83.jpg\",\"contentUrl\":\"https:\\\/\\\/webdelmaestrocmf.com\\\/portal\\\/wp-content\\\/uploads\\\/2020\\\/09\\\/1-copia-83.jpg\",\"width\":1100,\"height\":680},{\"@type\":\"BreadcrumbList\",\"@id\":\"https:\\\/\\\/webdelmaestrocmf.com\\\/portal\\\/mario-schiavelli-el-cerebro-tiene-genero\\\/#breadcrumb\",\"itemListElement\":[{\"@type\":\"ListItem\",\"position\":1,\"name\":\"Portada\",\"item\":\"https:\\\/\\\/webdelmaestrocmf.com\\\/portal\\\/\"},{\"@type\":\"ListItem\",\"position\":2,\"name\":\"Z-Colaboradores\",\"item\":\"https:\\\/\\\/webdelmaestrocmf.com\\\/portal\\\/category\\\/colaborador\\\/\"},{\"@type\":\"ListItem\",\"position\":3,\"name\":\"[Mario Schiavelli] El Cerebro tiene Ge\u0301nero\"}]},{\"@type\":\"WebSite\",\"@id\":\"https:\\\/\\\/webdelmaestrocmf.com\\\/portal\\\/#website\",\"url\":\"https:\\\/\\\/webdelmaestrocmf.com\\\/portal\\\/\",\"name\":\"Web del Maestro CMF\",\"description\":\"Maestros al servicio de la educaci\u00f3n\",\"publisher\":{\"@id\":\"https:\\\/\\\/webdelmaestrocmf.com\\\/portal\\\/#organization\"},\"alternateName\":\"WMCMF\",\"potentialAction\":[{\"@type\":\"SearchAction\",\"target\":{\"@type\":\"EntryPoint\",\"urlTemplate\":\"https:\\\/\\\/webdelmaestrocmf.com\\\/portal\\\/?s={search_term_string}\"},\"query-input\":{\"@type\":\"PropertyValueSpecification\",\"valueRequired\":true,\"valueName\":\"search_term_string\"}}],\"inLanguage\":\"es\"},{\"@type\":\"Organization\",\"@id\":\"https:\\\/\\\/webdelmaestrocmf.com\\\/portal\\\/#organization\",\"name\":\"Web del Maestro CMF\",\"alternateName\":\"WMCMF\",\"url\":\"https:\\\/\\\/webdelmaestrocmf.com\\\/portal\\\/\",\"logo\":{\"@type\":\"ImageObject\",\"inLanguage\":\"es\",\"@id\":\"https:\\\/\\\/webdelmaestrocmf.com\\\/portal\\\/#\\\/schema\\\/logo\\\/image\\\/\",\"url\":\"https:\\\/\\\/webdelmaestrocmf.com\\\/portal\\\/wp-content\\\/uploads\\\/2023\\\/01\\\/logo-wmcmf-2.png\",\"contentUrl\":\"https:\\\/\\\/webdelmaestrocmf.com\\\/portal\\\/wp-content\\\/uploads\\\/2023\\\/01\\\/logo-wmcmf-2.png\",\"width\":200,\"height\":60,\"caption\":\"Web del Maestro CMF\"},\"image\":{\"@id\":\"https:\\\/\\\/webdelmaestrocmf.com\\\/portal\\\/#\\\/schema\\\/logo\\\/image\\\/\"},\"sameAs\":[\"https:\\\/\\\/www.facebook.com\\\/WebdelMaestroCMF\\\/\",\"https:\\\/\\\/x.com\\\/cmf_w\",\"https:\\\/\\\/www.pinterest.com\\\/WMCMF\\\/\",\"https:\\\/\\\/www.linkedin.com\\\/company\\\/web-del-maestro-cmf\\\/\",\"https:\\\/\\\/www.instagram.com\\\/wmcmf\\\/\",\"https:\\\/\\\/www.youtube.com\\\/channel\\\/UCDPSvjbdodE5sHnC3OxutHw\",\"https:\\\/\\\/mastodon.social\\\/@wmcmf\",\"https:\\\/\\\/www.tiktok.com\\\/@webdelmaestrocmf\"]},{\"@type\":\"Person\",\"@id\":\"https:\\\/\\\/webdelmaestrocmf.com\\\/portal\\\/#\\\/schema\\\/person\\\/1072a2ed7bd960df8ef99a551fa35dc5\",\"name\":\"Web del Maestro CMF\",\"image\":{\"@type\":\"ImageObject\",\"inLanguage\":\"es\",\"@id\":\"https:\\\/\\\/secure.gravatar.com\\\/avatar\\\/23291dd5b5ae1077dcff3dbb04c3e02bd28403fa75af6d8787d5e97c5bbbe30b?s=96&d=mm&r=g\",\"url\":\"https:\\\/\\\/secure.gravatar.com\\\/avatar\\\/23291dd5b5ae1077dcff3dbb04c3e02bd28403fa75af6d8787d5e97c5bbbe30b?s=96&d=mm&r=g\",\"contentUrl\":\"https:\\\/\\\/secure.gravatar.com\\\/avatar\\\/23291dd5b5ae1077dcff3dbb04c3e02bd28403fa75af6d8787d5e97c5bbbe30b?s=96&d=mm&r=g\",\"caption\":\"Web del Maestro CMF\"},\"description\":\"Esta Web se cre\u00f3 sin fines de lucro, con fines educativos, cient\u00edficos y acad\u00e9micos, para personas que tengan dificultades y\\\/o inconvenientes en visualizar el material original. El objetivo es entregar recursos, compartir experiencias y materiales que ayuden a los padres de familia, maestros y estudiantes en su actualizaci\u00f3n y formaci\u00f3n permanente, en bien de la Educaci\u00f3n.\",\"sameAs\":[\"http:\\\/\\\/webdelmaestrocmf.com\\\/portal\",\"https:\\\/\\\/www.facebook.com\\\/WebdelMaestroCMF\\\/\",\"https:\\\/\\\/www.instagram.com\\\/wmcmf\\\/\",\"https:\\\/\\\/cl.linkedin.com\\\/company\\\/web-del-maestro-cmf\",\"https:\\\/\\\/www.pinterest.com\\\/WMCMF\\\/publicaciones\\\/\",\"https:\\\/\\\/x.com\\\/cmf_w\",\"https:\\\/\\\/www.youtube.com\\\/@WMCMF\"]}]}<\/script>\n<!-- \/ Yoast SEO plugin. -->","yoast_head_json":{"title":"[Mario Schiavelli] El Cerebro tiene Ge\u0301nero - 2026","description":"\u00bfExisten diferencias entre el cerebro de un nin\u0303o y el cerebro de una nin\u0303a? \u00bfO es nuestra influencia socio-cultural la que los difiere?","robots":{"index":"index","follow":"follow","max-snippet":"max-snippet:-1","max-image-preview":"max-image-preview:large","max-video-preview":"max-video-preview:-1"},"canonical":"https:\/\/webdelmaestrocmf.com\/portal\/mario-schiavelli-el-cerebro-tiene-genero\/","og_locale":"es_ES","og_type":"article","og_title":"[Mario Schiavelli] El Cerebro tiene Ge\u0301nero - 2026","og_description":"\u00bfExisten diferencias entre el cerebro de un nin\u0303o y el cerebro de una nin\u0303a? \u00bfO es nuestra influencia socio-cultural la que los difiere?","og_url":"https:\/\/webdelmaestrocmf.com\/portal\/mario-schiavelli-el-cerebro-tiene-genero\/","og_site_name":"Web del Maestro CMF","article_publisher":"https:\/\/www.facebook.com\/WebdelMaestroCMF\/","article_author":"https:\/\/www.facebook.com\/WebdelMaestroCMF\/","article_published_time":"2020-09-22T20:02:03+00:00","article_modified_time":"2020-09-22T21:41:35+00:00","og_image":[{"width":1100,"height":680,"url":"https:\/\/i0.wp.com\/webdelmaestrocmf.com\/portal\/wp-content\/uploads\/2020\/09\/1-copia-83.jpg?fit=1100%2C680&ssl=1","type":"image\/jpeg"}],"author":"Web del Maestro CMF","twitter_card":"summary_large_image","twitter_creator":"@cmf_w","twitter_site":"@cmf_w","schema":{"@context":"https:\/\/schema.org","@graph":[{"@type":"ScholarlyArticle","@id":"https:\/\/webdelmaestrocmf.com\/portal\/mario-schiavelli-el-cerebro-tiene-genero\/#article","isPartOf":{"@id":"https:\/\/webdelmaestrocmf.com\/portal\/mario-schiavelli-el-cerebro-tiene-genero\/"},"author":{"name":"Web del Maestro CMF","@id":"https:\/\/webdelmaestrocmf.com\/portal\/#\/schema\/person\/1072a2ed7bd960df8ef99a551fa35dc5"},"headline":"[Mario Schiavelli] El Cerebro tiene Ge\u0301nero","datePublished":"2020-09-22T20:02:03+00:00","dateModified":"2020-09-22T21:41:35+00:00","mainEntityOfPage":{"@id":"https:\/\/webdelmaestrocmf.com\/portal\/mario-schiavelli-el-cerebro-tiene-genero\/"},"wordCount":966,"commentCount":0,"publisher":{"@id":"https:\/\/webdelmaestrocmf.com\/portal\/#organization"},"image":{"@id":"https:\/\/webdelmaestrocmf.com\/portal\/mario-schiavelli-el-cerebro-tiene-genero\/#primaryimage"},"thumbnailUrl":"https:\/\/webdelmaestrocmf.com\/portal\/wp-content\/uploads\/2020\/09\/1-copia-83.jpg","keywords":["Cerebro","G\u00c9NERO","Mario Schiavelli","tiene"],"articleSection":["Z-Colaboradores","Z-Colaboradores-Mario-Schiavelli"],"inLanguage":"es","potentialAction":[{"@type":"CommentAction","name":"Comment","target":["https:\/\/webdelmaestrocmf.com\/portal\/mario-schiavelli-el-cerebro-tiene-genero\/#respond"]}]},{"@type":"WebPage","@id":"https:\/\/webdelmaestrocmf.com\/portal\/mario-schiavelli-el-cerebro-tiene-genero\/","url":"https:\/\/webdelmaestrocmf.com\/portal\/mario-schiavelli-el-cerebro-tiene-genero\/","name":"[Mario Schiavelli] El Cerebro tiene Ge\u0301nero - 2026","isPartOf":{"@id":"https:\/\/webdelmaestrocmf.com\/portal\/#website"},"primaryImageOfPage":{"@id":"https:\/\/webdelmaestrocmf.com\/portal\/mario-schiavelli-el-cerebro-tiene-genero\/#primaryimage"},"image":{"@id":"https:\/\/webdelmaestrocmf.com\/portal\/mario-schiavelli-el-cerebro-tiene-genero\/#primaryimage"},"thumbnailUrl":"https:\/\/webdelmaestrocmf.com\/portal\/wp-content\/uploads\/2020\/09\/1-copia-83.jpg","datePublished":"2020-09-22T20:02:03+00:00","dateModified":"2020-09-22T21:41:35+00:00","description":"\u00bfExisten diferencias entre el cerebro de un nin\u0303o y el cerebro de una nin\u0303a? \u00bfO es nuestra influencia socio-cultural la que los difiere?","breadcrumb":{"@id":"https:\/\/webdelmaestrocmf.com\/portal\/mario-schiavelli-el-cerebro-tiene-genero\/#breadcrumb"},"inLanguage":"es","potentialAction":[{"@type":"ReadAction","target":["https:\/\/webdelmaestrocmf.com\/portal\/mario-schiavelli-el-cerebro-tiene-genero\/"]}]},{"@type":"ImageObject","inLanguage":"es","@id":"https:\/\/webdelmaestrocmf.com\/portal\/mario-schiavelli-el-cerebro-tiene-genero\/#primaryimage","url":"https:\/\/webdelmaestrocmf.com\/portal\/wp-content\/uploads\/2020\/09\/1-copia-83.jpg","contentUrl":"https:\/\/webdelmaestrocmf.com\/portal\/wp-content\/uploads\/2020\/09\/1-copia-83.jpg","width":1100,"height":680},{"@type":"BreadcrumbList","@id":"https:\/\/webdelmaestrocmf.com\/portal\/mario-schiavelli-el-cerebro-tiene-genero\/#breadcrumb","itemListElement":[{"@type":"ListItem","position":1,"name":"Portada","item":"https:\/\/webdelmaestrocmf.com\/portal\/"},{"@type":"ListItem","position":2,"name":"Z-Colaboradores","item":"https:\/\/webdelmaestrocmf.com\/portal\/category\/colaborador\/"},{"@type":"ListItem","position":3,"name":"[Mario Schiavelli] El Cerebro tiene Ge\u0301nero"}]},{"@type":"WebSite","@id":"https:\/\/webdelmaestrocmf.com\/portal\/#website","url":"https:\/\/webdelmaestrocmf.com\/portal\/","name":"Web del Maestro CMF","description":"Maestros al servicio de la educaci\u00f3n","publisher":{"@id":"https:\/\/webdelmaestrocmf.com\/portal\/#organization"},"alternateName":"WMCMF","potentialAction":[{"@type":"SearchAction","target":{"@type":"EntryPoint","urlTemplate":"https:\/\/webdelmaestrocmf.com\/portal\/?s={search_term_string}"},"query-input":{"@type":"PropertyValueSpecification","valueRequired":true,"valueName":"search_term_string"}}],"inLanguage":"es"},{"@type":"Organization","@id":"https:\/\/webdelmaestrocmf.com\/portal\/#organization","name":"Web del Maestro CMF","alternateName":"WMCMF","url":"https:\/\/webdelmaestrocmf.com\/portal\/","logo":{"@type":"ImageObject","inLanguage":"es","@id":"https:\/\/webdelmaestrocmf.com\/portal\/#\/schema\/logo\/image\/","url":"https:\/\/webdelmaestrocmf.com\/portal\/wp-content\/uploads\/2023\/01\/logo-wmcmf-2.png","contentUrl":"https:\/\/webdelmaestrocmf.com\/portal\/wp-content\/uploads\/2023\/01\/logo-wmcmf-2.png","width":200,"height":60,"caption":"Web del Maestro CMF"},"image":{"@id":"https:\/\/webdelmaestrocmf.com\/portal\/#\/schema\/logo\/image\/"},"sameAs":["https:\/\/www.facebook.com\/WebdelMaestroCMF\/","https:\/\/x.com\/cmf_w","https:\/\/www.pinterest.com\/WMCMF\/","https:\/\/www.linkedin.com\/company\/web-del-maestro-cmf\/","https:\/\/www.instagram.com\/wmcmf\/","https:\/\/www.youtube.com\/channel\/UCDPSvjbdodE5sHnC3OxutHw","https:\/\/mastodon.social\/@wmcmf","https:\/\/www.tiktok.com\/@webdelmaestrocmf"]},{"@type":"Person","@id":"https:\/\/webdelmaestrocmf.com\/portal\/#\/schema\/person\/1072a2ed7bd960df8ef99a551fa35dc5","name":"Web del Maestro CMF","image":{"@type":"ImageObject","inLanguage":"es","@id":"https:\/\/secure.gravatar.com\/avatar\/23291dd5b5ae1077dcff3dbb04c3e02bd28403fa75af6d8787d5e97c5bbbe30b?s=96&d=mm&r=g","url":"https:\/\/secure.gravatar.com\/avatar\/23291dd5b5ae1077dcff3dbb04c3e02bd28403fa75af6d8787d5e97c5bbbe30b?s=96&d=mm&r=g","contentUrl":"https:\/\/secure.gravatar.com\/avatar\/23291dd5b5ae1077dcff3dbb04c3e02bd28403fa75af6d8787d5e97c5bbbe30b?s=96&d=mm&r=g","caption":"Web del Maestro CMF"},"description":"Esta Web se cre\u00f3 sin fines de lucro, con fines educativos, cient\u00edficos y acad\u00e9micos, para personas que tengan dificultades y\/o inconvenientes en visualizar el material original. El objetivo es entregar recursos, compartir experiencias y materiales que ayuden a los padres de familia, maestros y estudiantes en su actualizaci\u00f3n y formaci\u00f3n permanente, en bien de la Educaci\u00f3n.","sameAs":["http:\/\/webdelmaestrocmf.com\/portal","https:\/\/www.facebook.com\/WebdelMaestroCMF\/","https:\/\/www.instagram.com\/wmcmf\/","https:\/\/cl.linkedin.com\/company\/web-del-maestro-cmf","https:\/\/www.pinterest.com\/WMCMF\/publicaciones\/","https:\/\/x.com\/cmf_w","https:\/\/www.youtube.com\/@WMCMF"]}]}},"jetpack_featured_media_url":"https:\/\/webdelmaestrocmf.com\/portal\/wp-content\/uploads\/2020\/09\/1-copia-83.jpg","jetpack_sharing_enabled":true,"jetpack-related-posts":[{"id":46332,"url":"https:\/\/webdelmaestrocmf.com\/portal\/mario-schiavelli-los-nin%cc%83os-los-mejores-aprendices\/","url_meta":{"origin":51950,"position":0},"title":"[Mario Schiavelli] Los Nin\u0303os: Los mejores aprendices","author":"Web del Maestro CMF","date":"11 abril, 2020","format":false,"excerpt":"\u201cLo que se le de\u0301 a los nin\u0303os, los nin\u0303os lo dara\u0301n a la sociedad\u201d. (Karl Menninger) Desde que nacen, los nin\u0303os asimilan una inmensa cantidad de informacio\u0301n difi\u0301cil de cuantificar, sin embargo lo logran. Ellos nacen con aproximadamente unos 100.000 millones de neuronas pero muy pocas conexiones, unos 253\u2026","rel":"","context":"En \u00abZ-Colaboradores\u00bb","block_context":{"text":"Z-Colaboradores","link":"https:\/\/webdelmaestrocmf.com\/portal\/category\/colaborador\/"},"img":{"alt_text":"","src":"https:\/\/i0.wp.com\/webdelmaestrocmf.com\/portal\/wp-content\/uploads\/2020\/04\/3-62.jpg?resize=350%2C200&ssl=1","width":350,"height":200,"srcset":"https:\/\/i0.wp.com\/webdelmaestrocmf.com\/portal\/wp-content\/uploads\/2020\/04\/3-62.jpg?resize=350%2C200&ssl=1 1x, https:\/\/i0.wp.com\/webdelmaestrocmf.com\/portal\/wp-content\/uploads\/2020\/04\/3-62.jpg?resize=525%2C300&ssl=1 1.5x, https:\/\/i0.wp.com\/webdelmaestrocmf.com\/portal\/wp-content\/uploads\/2020\/04\/3-62.jpg?resize=700%2C400&ssl=1 2x, https:\/\/i0.wp.com\/webdelmaestrocmf.com\/portal\/wp-content\/uploads\/2020\/04\/3-62.jpg?resize=1050%2C600&ssl=1 3x"},"classes":[]},{"id":50685,"url":"https:\/\/webdelmaestrocmf.com\/portal\/mario-schiavelli-nuestro-cerebro-es-perezoso\/","url_meta":{"origin":51950,"position":1},"title":"[Mario Schiavelli] Nuestro Cerebro es perezoso","author":"Web del Maestro CMF","date":"31 agosto, 2020","format":false,"excerpt":"Todo Educador a la hora de ensen\u0303ar se enfrenta a un primer obsta\u0301culo: La pereza de nuestro cerebro. Nuestro cerebro posee la maravillosa capacidad de cambiar y rejuvenecer constantemente durante toda nuestra vida. Esta capacidad se conoce como Neuroplasticidad. Sin embargo, se siente \u201cco\u0301modo\u201d con sus ha\u0301bitos. Lo nuevo implica\u2026","rel":"","context":"En \u00abZ-Colaboradores\u00bb","block_context":{"text":"Z-Colaboradores","link":"https:\/\/webdelmaestrocmf.com\/portal\/category\/colaborador\/"},"img":{"alt_text":"","src":"https:\/\/i0.wp.com\/webdelmaestrocmf.com\/portal\/wp-content\/uploads\/2020\/08\/1-copia-78.jpg?resize=350%2C200&ssl=1","width":350,"height":200,"srcset":"https:\/\/i0.wp.com\/webdelmaestrocmf.com\/portal\/wp-content\/uploads\/2020\/08\/1-copia-78.jpg?resize=350%2C200&ssl=1 1x, https:\/\/i0.wp.com\/webdelmaestrocmf.com\/portal\/wp-content\/uploads\/2020\/08\/1-copia-78.jpg?resize=525%2C300&ssl=1 1.5x, https:\/\/i0.wp.com\/webdelmaestrocmf.com\/portal\/wp-content\/uploads\/2020\/08\/1-copia-78.jpg?resize=700%2C400&ssl=1 2x, https:\/\/i0.wp.com\/webdelmaestrocmf.com\/portal\/wp-content\/uploads\/2020\/08\/1-copia-78.jpg?resize=1050%2C600&ssl=1 3x"},"classes":[]},{"id":71174,"url":"https:\/\/webdelmaestrocmf.com\/portal\/mario-schiavelli-aprendizaje-eficaz\/","url_meta":{"origin":51950,"position":2},"title":"[Mario Schiavelli] Aprendizaje eficaz","author":"Web del Maestro CMF","date":"15 noviembre, 2021","format":false,"excerpt":"\u201cAprender es importante, c\u00f3mo lo hacemos, no\u201d. Como Nuevos Educadores debemos tratar que el estudiante pase de un claustrof\u00f3bico DEBO HACERLO (\u00a1qu\u00e9 fastidio!) a un PUEDO HACERLO (\u00bfpor qu\u00e9 no?), y finalmente a un QUIERO HACERLO (\u00a1hurra!). La emoci\u00f3n \u201cEl ni\u00f1o es un cuerpo que crece y un alma que\u2026","rel":"","context":"En \u00abZ-Colaboradores\u00bb","block_context":{"text":"Z-Colaboradores","link":"https:\/\/webdelmaestrocmf.com\/portal\/category\/colaborador\/"},"img":{"alt_text":"","src":"https:\/\/i0.wp.com\/webdelmaestrocmf.com\/portal\/wp-content\/uploads\/2021\/11\/1EWQ.jpg?resize=350%2C200&ssl=1","width":350,"height":200,"srcset":"https:\/\/i0.wp.com\/webdelmaestrocmf.com\/portal\/wp-content\/uploads\/2021\/11\/1EWQ.jpg?resize=350%2C200&ssl=1 1x, https:\/\/i0.wp.com\/webdelmaestrocmf.com\/portal\/wp-content\/uploads\/2021\/11\/1EWQ.jpg?resize=525%2C300&ssl=1 1.5x, https:\/\/i0.wp.com\/webdelmaestrocmf.com\/portal\/wp-content\/uploads\/2021\/11\/1EWQ.jpg?resize=700%2C400&ssl=1 2x, https:\/\/i0.wp.com\/webdelmaestrocmf.com\/portal\/wp-content\/uploads\/2021\/11\/1EWQ.jpg?resize=1050%2C600&ssl=1 3x"},"classes":[]},{"id":57651,"url":"https:\/\/webdelmaestrocmf.com\/portal\/mario-schiavelli-las-pausas\/","url_meta":{"origin":51950,"position":3},"title":"[Mario Schiavelli] Las Pausas","author":"Web del Maestro CMF","date":"14 enero, 2021","format":false,"excerpt":"\u201cNunca olvides el poder del silencio...\u201d. (LANCE MORROW) No hay dos cerebros iguales, y la velocidad con la cual \u00e9stos procesan informaci\u00f3n var\u00eda de estudiante a estudiante. En la misma aula tendremos alumnos que siempre levantar\u00e1n la mano primero, pero tambi\u00e9n tendremos alumnos que necesitar\u00e1n m\u00e1s tiempo para procesar la\u2026","rel":"","context":"En \u00abZ-Colaboradores\u00bb","block_context":{"text":"Z-Colaboradores","link":"https:\/\/webdelmaestrocmf.com\/portal\/category\/colaborador\/"},"img":{"alt_text":"","src":"https:\/\/i0.wp.com\/webdelmaestrocmf.com\/portal\/wp-content\/uploads\/2021\/01\/1-copia-91.jpg?resize=350%2C200&ssl=1","width":350,"height":200,"srcset":"https:\/\/i0.wp.com\/webdelmaestrocmf.com\/portal\/wp-content\/uploads\/2021\/01\/1-copia-91.jpg?resize=350%2C200&ssl=1 1x, https:\/\/i0.wp.com\/webdelmaestrocmf.com\/portal\/wp-content\/uploads\/2021\/01\/1-copia-91.jpg?resize=525%2C300&ssl=1 1.5x, https:\/\/i0.wp.com\/webdelmaestrocmf.com\/portal\/wp-content\/uploads\/2021\/01\/1-copia-91.jpg?resize=700%2C400&ssl=1 2x, https:\/\/i0.wp.com\/webdelmaestrocmf.com\/portal\/wp-content\/uploads\/2021\/01\/1-copia-91.jpg?resize=1050%2C600&ssl=1 3x"},"classes":[]},{"id":55674,"url":"https:\/\/webdelmaestrocmf.com\/portal\/mario-schiavelli-la-comunicacion-educador-estudiante\/","url_meta":{"origin":51950,"position":4},"title":"[Mario Schiavelli] La Comunicaci\u00f3n Educador &#8211; Estudiante","author":"Web del Maestro CMF","date":"7 diciembre, 2020","format":false,"excerpt":"Para todos los educadores que poseemos esa intensa pasi\u00f3n por educar y el deseo de mejorar constantemente nuestras capacidades y habilidades para hacer cada vez m\u00e1s emocionantes, eficaces y estimulantes los encuentros con nuestros estudiantes\u201d. Autor: Mario Schiavelli. \u00a0 1. Ser visible. La presencia y visibilidad en el aula es\u2026","rel":"","context":"En \u00abZ-Colaboradores\u00bb","block_context":{"text":"Z-Colaboradores","link":"https:\/\/webdelmaestrocmf.com\/portal\/category\/colaborador\/"},"img":{"alt_text":"","src":"https:\/\/i0.wp.com\/webdelmaestrocmf.com\/portal\/wp-content\/uploads\/2020\/12\/1-copia-20.jpg?resize=350%2C200&ssl=1","width":350,"height":200,"srcset":"https:\/\/i0.wp.com\/webdelmaestrocmf.com\/portal\/wp-content\/uploads\/2020\/12\/1-copia-20.jpg?resize=350%2C200&ssl=1 1x, https:\/\/i0.wp.com\/webdelmaestrocmf.com\/portal\/wp-content\/uploads\/2020\/12\/1-copia-20.jpg?resize=525%2C300&ssl=1 1.5x, https:\/\/i0.wp.com\/webdelmaestrocmf.com\/portal\/wp-content\/uploads\/2020\/12\/1-copia-20.jpg?resize=700%2C400&ssl=1 2x, https:\/\/i0.wp.com\/webdelmaestrocmf.com\/portal\/wp-content\/uploads\/2020\/12\/1-copia-20.jpg?resize=1050%2C600&ssl=1 3x"},"classes":[]},{"id":53788,"url":"https:\/\/webdelmaestrocmf.com\/portal\/mario-schiavelli-el-dolor-social-y-el-dolor-fisico\/","url_meta":{"origin":51950,"position":5},"title":"[Mario Schiavelli] El Dolor Social y el Dolor Fi\u0301sico","author":"Web del Maestro CMF","date":"1 noviembre, 2020","format":false,"excerpt":"Hoy en di\u0301a, gracias a la investigacio\u0301n neurocienti\u0301fica, sabemos que el cerebro percibe el dolor social de la misma forma que el dolor fi\u0301sico. Necesidades sociales y fi\u0301sicas son procesadas por el cerebro de la misma manera. Nuestro cerebro esta\u0301 constantemente monitoreando si hay una situacio\u0301n de \u201camenaza\u201d. Esto implica\u2026","rel":"","context":"En \u00abZ-Colaboradores\u00bb","block_context":{"text":"Z-Colaboradores","link":"https:\/\/webdelmaestrocmf.com\/portal\/category\/colaborador\/"},"img":{"alt_text":"","src":"https:\/\/i0.wp.com\/webdelmaestrocmf.com\/portal\/wp-content\/uploads\/2020\/11\/1-copia-2.jpg?resize=350%2C200&ssl=1","width":350,"height":200,"srcset":"https:\/\/i0.wp.com\/webdelmaestrocmf.com\/portal\/wp-content\/uploads\/2020\/11\/1-copia-2.jpg?resize=350%2C200&ssl=1 1x, https:\/\/i0.wp.com\/webdelmaestrocmf.com\/portal\/wp-content\/uploads\/2020\/11\/1-copia-2.jpg?resize=525%2C300&ssl=1 1.5x, https:\/\/i0.wp.com\/webdelmaestrocmf.com\/portal\/wp-content\/uploads\/2020\/11\/1-copia-2.jpg?resize=700%2C400&ssl=1 2x, https:\/\/i0.wp.com\/webdelmaestrocmf.com\/portal\/wp-content\/uploads\/2020\/11\/1-copia-2.jpg?resize=1050%2C600&ssl=1 3x"},"classes":[]}],"_links":{"self":[{"href":"https:\/\/webdelmaestrocmf.com\/portal\/wp-json\/wp\/v2\/posts\/51950","targetHints":{"allow":["GET"]}}],"collection":[{"href":"https:\/\/webdelmaestrocmf.com\/portal\/wp-json\/wp\/v2\/posts"}],"about":[{"href":"https:\/\/webdelmaestrocmf.com\/portal\/wp-json\/wp\/v2\/types\/post"}],"author":[{"embeddable":true,"href":"https:\/\/webdelmaestrocmf.com\/portal\/wp-json\/wp\/v2\/users\/1"}],"replies":[{"embeddable":true,"href":"https:\/\/webdelmaestrocmf.com\/portal\/wp-json\/wp\/v2\/comments?post=51950"}],"version-history":[{"count":0,"href":"https:\/\/webdelmaestrocmf.com\/portal\/wp-json\/wp\/v2\/posts\/51950\/revisions"}],"wp:featuredmedia":[{"embeddable":true,"href":"https:\/\/webdelmaestrocmf.com\/portal\/wp-json\/wp\/v2\/media\/51952"}],"wp:attachment":[{"href":"https:\/\/webdelmaestrocmf.com\/portal\/wp-json\/wp\/v2\/media?parent=51950"}],"wp:term":[{"taxonomy":"category","embeddable":true,"href":"https:\/\/webdelmaestrocmf.com\/portal\/wp-json\/wp\/v2\/categories?post=51950"},{"taxonomy":"post_tag","embeddable":true,"href":"https:\/\/webdelmaestrocmf.com\/portal\/wp-json\/wp\/v2\/tags?post=51950"}],"curies":[{"name":"wp","href":"https:\/\/api.w.org\/{rel}","templated":true}]}}