{"id":51435,"date":"2020-09-14T10:31:53","date_gmt":"2020-09-14T13:31:53","guid":{"rendered":"https:\/\/webdelmaestrocmf.com\/portal\/?p=51435"},"modified":"2023-04-11T18:53:32","modified_gmt":"2023-04-11T22:53:32","slug":"daniel-goleman-las-redes-sociales-no-han-ayudado-mucho-se-ve-ahi-mucha-desinformacion-pero-tambien-emociones-desbordadas-textos-irreflexivos-que-solo-aumentan-el-temor-y-la-ansiedad","status":"publish","type":"post","link":"https:\/\/webdelmaestrocmf.com\/portal\/daniel-goleman-las-redes-sociales-no-han-ayudado-mucho-se-ve-ahi-mucha-desinformacion-pero-tambien-emociones-desbordadas-textos-irreflexivos-que-solo-aumentan-el-temor-y-la-ansiedad\/","title":{"rendered":"Daniel Goleman: Las redes sociales no han ayudado mucho. Se ve ah\u00ed mucha desinformaci\u00f3n, pero tambi\u00e9n emociones desbordadas, textos irreflexivos, que solo aumentan el temor y la ansiedad"},"content":{"rendered":"<h5 id=\"p481176-m397-396-398\" class=\"contenido\" style=\"text-align: justify;\">Poco antes de contestar el tel\u00e9fono en su casa, cerca de Nueva York, para esta entrevista, Daniel Goleman les hab\u00eda estado leyendo a sus nietos, de 3 y 5 a\u00f1os, un libro de Dr. Seuss, el c\u00e9lebre creador de la serie ilustrada \u2018The Cat in the Hat\u2019.<\/h5>\n<p><!--more--><\/p>\n<h5 style=\"text-align: justify;\">Leer cuentos es un h\u00e1bito que Goleman \u2013uno de los psic\u00f3logos m\u00e1s conocidos de Estados Unidos desde que, en 1995, public\u00f3 su libro \u2018Inteligencia emocional\u2019\u2013 practic\u00f3 con sus hijos y ahora repite con sus nietos, pero esta vez no pudo hacerlo abrazando a los ni\u00f1os, como hubiera querido: no le qued\u00f3 otra que leerles y mostrarles los dibujos del libro a trav\u00e9s de la pantalla de su computador. Ellos est\u00e1n confinados en la casa de sus padres, y \u00e9l, en la suya. Est\u00e1n en cuarentena preventiva, como gran parte de la poblaci\u00f3n mundial, producto de la alarma causada por el coronavirus.<\/h5>\n<p style=\"text-align: justify;\">La distancia social que se recomienda, y a veces se obliga, para frenar el avance del virus es un tema que preocupa a Goleman como psic\u00f3logo, porque sabe que nuestro cerebro est\u00e1 hecho para conectar con otros y, si no lo hace, puede deprimirse. Estar aislados nos hace mal y desaf\u00eda nuestra salud mental, dice. Hablar mediante c\u00e1maras, como \u00e9l lo hizo con sus nietos, y reducir al m\u00ednimo los mensajes de texto, es fundamental en este contexto, asegura, porque se parece m\u00e1s a la comunicaci\u00f3n frente a frente.<\/p>\n<h5 id=\"p481176-m441-2-442\" class=\"contenido\" style=\"text-align: left;\"><b>\u00bfLa distancia social que se nos ha impuesto ser\u00e1 peor para quienes est\u00e1n solos o para quienes est\u00e1n en familia?<\/b><\/h5>\n<p style=\"text-align: justify;\">Pienso que los que est\u00e1n en familia la pueden sobrellevar m\u00e1s f\u00e1cil. Pueden buscar caminos para la paz y pensar: \u2018estamos en esto juntos\u2019. Ellos tienen m\u00e1s contacto con otras personas, cosa que por s\u00ed sola es un gran recurso para enfrentar un problema como el que estamos viviendo. Si las peleas son muchas, puedes hacer el esfuerzo de pensar en lo que te gusta de una persona, en lo que le agradeces, para dejar de enfocarte en lo que no te gusta. En cambio, la gente que est\u00e1 sola puede pasar tiempos m\u00e1s duros qued\u00e1ndose en la casa. Es importante que hagan m\u00e1s contacto con su gente del que hacen normalmente. Eso les ayudar\u00e1.<\/p>\n<p><a href=\"https:\/\/webdelmaestrocmf.com\/portal\/wp-content\/uploads\/2020\/09\/1-copia-50.jpg\"><img loading=\"lazy\" decoding=\"async\" class=\"alignnone size-full wp-image-51436\" src=\"https:\/\/webdelmaestrocmf.com\/portal\/wp-content\/uploads\/2020\/09\/1-copia-50.jpg\" alt=\"\" width=\"1100\" height=\"680\" srcset=\"https:\/\/webdelmaestrocmf.com\/portal\/wp-content\/uploads\/2020\/09\/1-copia-50.jpg 1100w, https:\/\/webdelmaestrocmf.com\/portal\/wp-content\/uploads\/2020\/09\/1-copia-50-300x185.jpg 300w, https:\/\/webdelmaestrocmf.com\/portal\/wp-content\/uploads\/2020\/09\/1-copia-50-1024x633.jpg 1024w, https:\/\/webdelmaestrocmf.com\/portal\/wp-content\/uploads\/2020\/09\/1-copia-50-768x475.jpg 768w, https:\/\/webdelmaestrocmf.com\/portal\/wp-content\/uploads\/2020\/09\/1-copia-50-110x68.jpg 110w, https:\/\/webdelmaestrocmf.com\/portal\/wp-content\/uploads\/2020\/09\/1-copia-50-200x124.jpg 200w, https:\/\/webdelmaestrocmf.com\/portal\/wp-content\/uploads\/2020\/09\/1-copia-50-380x235.jpg 380w, https:\/\/webdelmaestrocmf.com\/portal\/wp-content\/uploads\/2020\/09\/1-copia-50-255x158.jpg 255w, https:\/\/webdelmaestrocmf.com\/portal\/wp-content\/uploads\/2020\/09\/1-copia-50-550x340.jpg 550w, https:\/\/webdelmaestrocmf.com\/portal\/wp-content\/uploads\/2020\/09\/1-copia-50-800x495.jpg 800w, https:\/\/webdelmaestrocmf.com\/portal\/wp-content\/uploads\/2020\/09\/1-copia-50-220x136.jpg 220w, https:\/\/webdelmaestrocmf.com\/portal\/wp-content\/uploads\/2020\/09\/1-copia-50-400x247.jpg 400w, https:\/\/webdelmaestrocmf.com\/portal\/wp-content\/uploads\/2020\/09\/1-copia-50-760x470.jpg 760w, https:\/\/webdelmaestrocmf.com\/portal\/wp-content\/uploads\/2020\/09\/1-copia-50-510x315.jpg 510w, https:\/\/webdelmaestrocmf.com\/portal\/wp-content\/uploads\/2020\/09\/1-copia-50-600x371.jpg 600w\" sizes=\"auto, (max-width: 1100px) 100vw, 1100px\" \/><\/a><\/p>\n<h5 style=\"text-align: justify;\"><strong><span id=\"p481176-m447-3-448\" class=\"articulo-subtitulo\">Emociones y coronavirus<\/span><\/strong><\/h5>\n<p id=\"p481176-m453-4-454\" class=\"contenido\" style=\"text-align: justify;\">En t\u00e9rminos pr\u00e1cticos, la vida cotidiana no ha cambiado demasiado para Goleman con la cuarentena: lleva a\u00f1os, cuenta, trabajando desde su casa y dando conferencias en l\u00ednea. Por estos d\u00edas avanza en un nuevo libro: se trata de una suerte de continuaci\u00f3n de \u2018Los beneficios de la meditaci\u00f3n\u2019, que lanz\u00f3 en 2018, ahora con foco en c\u00f3mo convertir el \u2018mindfulness\u2019 y la meditaci\u00f3n tradicional en una herramienta de uso diario. Adem\u00e1s, se apronta para el aniversario n\u00famero 25, en septiembre de este a\u00f1o, de \u2018Inteligencia emocional\u2019 (1995), el libro que le dio fama global a \u00e9l y tambi\u00e9n a este concepto, incluido por Howard Gardner en su teor\u00eda de las inteligencias m\u00faltiples de 1983.<\/p>\n<h5 style=\"text-align: left;\"><b>En estos tiempos en los que el covid-19 est\u00e1 desafiando nuestra salud f\u00edsica y mental, \u00bfqu\u00e9 herramientas de la inteligencia emocional pueden ayudar a sobrellevar mejor la pandemia?<\/b><\/h5>\n<p style=\"text-align: justify;\">Hay dos. La resiliencia es clave, porque te ayuda a recuperarte pronto de algo que te preocupa y te pone en un estado en el que puedes tomar mejores decisiones. Pero lo primero es aprender a manejar tus propias reacciones emocionales frente a esta situaci\u00f3n. No ayuda estar simplemente asustado, no ayuda entrar en p\u00e1nico. Es mucho mejor mantenerse calmado y claro, porque as\u00ed puedes pensar mejor.<\/p>\n<p style=\"text-align: justify;\">Goleman explica que en el caso del\u00a0coronavirus, el potencial de preocupaciones y desaf\u00edos que plantea es infinito. Hay dudas sobre c\u00f3mo ser productivo desde la casa, o incertidumbre frente al contagio si tu trabajo te obliga a salir de ella; tambi\u00e9n, sobre el futuro de las fuentes de trabajo.<\/p>\n<p style=\"text-align: justify;\">\u201cEs oficial: estamos en una pandemia. En realidad, ante dos. Una, lo sabemos todos, es la expansi\u00f3n del coronavirus. La segunda es la pandemia del miedo\u201d, apunta al respecto en una entrada en su perfil en LinkedIn. Ah\u00ed asegura que \u201cla preocupaci\u00f3n t\u00f3xica se ha convertido en s\u00ed misma en una pandemia\u201d.<br \/>\n<b><\/b><\/p>\n<h5 style=\"text-align: left;\"><b>\u00bfDir\u00eda que, a veces, los seres humanos hemos llegado a estar fuera de control a causa de los temores asociados a la pandemia?<\/b><\/h5>\n<p style=\"text-align: justify;\">S\u00ed, claro. Lo not\u00e9 cuando fui al almac\u00e9n de mi barrio y la mitad de las repisas estaban vac\u00edas. La gente est\u00e1 haciendo lo que se conoce como \u2018compras de p\u00e1nico\u2019: si les dicen que junten comida como para dos semanas, compran para 10. Esto ocurre cuando la gente est\u00e1 aterrorizada. Cuando mencionas la posibilidad de la muerte, tiende a disminuir la preocupaci\u00f3n por otras personas y te lleva a enfocarte en ti mismo.<\/p>\n<p style=\"text-align: justify;\">En tiempos en los que la gente entra en p\u00e1nico, se pone en modo de sobrevivencia. Pienso que eso est\u00e1 causando gran parte de los problemas que hoy estamos viendo.<\/p>\n<p style=\"text-align: justify;\">Las redes sociales no han ayudado mucho. Se ve ah\u00ed mucha desinformaci\u00f3n, pero tambi\u00e9n emociones desbordadas, textos irreflexivos, que solo aumentan el temor y la ansiedad.<\/p>\n<p style=\"text-align: justify;\">Hay un estudio en el Instituto Tecnol\u00f3gico de Massachusetts (MIT) que muestra que las noticias altamente emocionales se esparcen mil veces m\u00e1s que los datos racionales. La emoci\u00f3n es un gancho, y por eso la gente tiende a compartir esa informaci\u00f3n (&#8230;). La realidad en l\u00ednea le ha quitado a la gente la habilidad para distinguir entre falsos rumores y noticias falsas. Estas noticias falsas, que existen con el fin de tratar de manipularte, son siempre emocionales y est\u00e1n hechas para hacerte sobrerreaccionar. Y esa es otra raz\u00f3n por la cual la inteligencia emocional es hoy tan importante: te hace ver esa historia, ese blog o lo que sea, y no sobrerreaccionar.<\/p>\n<h5 class=\"mensaje\" style=\"text-align: justify;\"><strong><span id=\"p481176-m483-6-484\" class=\"articulo-subtitulo\">\u2018Resetear\u2019 la mente<\/span><\/strong><\/h5>\n<p id=\"p481176-m489-7-490\" class=\"contenido\" style=\"text-align: justify;\">Para Goleman, lo m\u00e1s importante es saber que podemos evitar que los temores \u2013a contagiarse, a perder el trabajo, a tener que cerrar una empresa\u2013 nos paralicen y bloqueen nuestro raciocinio. El psic\u00f3logo asegura que, por m\u00e1s que el mecanismo del miedo se active a partir de sistemas ancestrales anidados en nuestra am\u00edgdala, que no podemos controlar, s\u00ed podemos elegir actuar positivamente.<\/p>\n<p style=\"text-align: justify;\">Seg\u00fan Goleman, mecanismos simples como la meditaci\u00f3n y ejercicios de respiraci\u00f3n pueden ser de gran ayuda para \u2018resetear\u2019 la mente y ayudarla a ir desde los pensamientos negativos.<\/p>\n<p id=\"p481176-m540-9-541\" class=\"contenido\" style=\"text-align: justify;\">Debemos entrenar lo que se conoce como control cognitivo, algo que la simple meditaci\u00f3n aumenta, explica.<\/p>\n<p style=\"text-align: justify;\">Se trata de la habilidad para mantener el foco en lo que es importante en cada momento, ignorando distracciones. Es lo que te permite agrandar la distancia entre el impulso y la acci\u00f3n, base de la madurez.<\/p>\n<p style=\"text-align: justify;\">Es muy importante aprender esta herramienta desde que se es ni\u00f1o: seg\u00fan Goleman, los estudios muestran que quienes son buenos en esto entre los 4 y los 8 a\u00f1os tienen mejores ingresos y salud cuando tienen entre 30 y 40 a\u00f1os.<\/p>\n<p style=\"text-align: justify;\">Hay muchas maneras de ense\u00f1arlo, pero necesitas ense\u00f1arlo una y otra vez. Cada vez que le dices a un hijo que puede jugar en su computador, pero debe hacer sus tareas primero, le ense\u00f1as control cognitivo.<\/p>\n<p id=\"p481176-m546-10-547\" class=\"contenido\" style=\"text-align: justify;\">El cultivo racional y premeditado de la empat\u00eda, agrega, tambi\u00e9n debiera ser reforzado en estos momentos en los que la humanidad est\u00e1 siendo puesta a prueba. Simplemente hablar sobre la situaci\u00f3n de otros puede ser de gran ayuda.<\/p>\n<h5 style=\"text-align: left;\"><b>Se ha visto a muchos j\u00f3venes que insisten en salir a las calles, pese a que se les advierte que podr\u00edan contagiar a otros. \u00bfA qu\u00e9 lo atribuye?<\/b><\/h5>\n<p style=\"text-align: justify;\">La gente m\u00e1s joven tiende a pensar que los riesgos no se aplican a ellos. Lo siniestro de este virus es, justamente, que puedes verte y sentirte muy bien y aun as\u00ed contagiar a otros. Estos j\u00f3venes debieran saberlo y protegerse a s\u00ed mismos y a otros qued\u00e1ndose en la casa.<\/p>\n<p style=\"text-align: justify;\">Goleman advierte que, junto con insistir en la comunicaci\u00f3n de esto por todos los medios posibles, el ejemplo de los adultos es la manera m\u00e1s eficiente de ense\u00f1ar empat\u00eda.<\/p>\n<p><img loading=\"lazy\" decoding=\"async\" class=\"alignnone size-full wp-image-51438\" src=\"https:\/\/webdelmaestrocmf.com\/portal\/wp-content\/uploads\/2020\/09\/1-75.jpg\" alt=\"\" width=\"1920\" height=\"1080\" srcset=\"https:\/\/webdelmaestrocmf.com\/portal\/wp-content\/uploads\/2020\/09\/1-75.jpg 1920w, https:\/\/webdelmaestrocmf.com\/portal\/wp-content\/uploads\/2020\/09\/1-75-300x169.jpg 300w, https:\/\/webdelmaestrocmf.com\/portal\/wp-content\/uploads\/2020\/09\/1-75-1024x576.jpg 1024w, https:\/\/webdelmaestrocmf.com\/portal\/wp-content\/uploads\/2020\/09\/1-75-768x432.jpg 768w, https:\/\/webdelmaestrocmf.com\/portal\/wp-content\/uploads\/2020\/09\/1-75-1536x864.jpg 1536w, https:\/\/webdelmaestrocmf.com\/portal\/wp-content\/uploads\/2020\/09\/1-75-110x62.jpg 110w, https:\/\/webdelmaestrocmf.com\/portal\/wp-content\/uploads\/2020\/09\/1-75-200x113.jpg 200w, https:\/\/webdelmaestrocmf.com\/portal\/wp-content\/uploads\/2020\/09\/1-75-380x214.jpg 380w, https:\/\/webdelmaestrocmf.com\/portal\/wp-content\/uploads\/2020\/09\/1-75-255x143.jpg 255w, https:\/\/webdelmaestrocmf.com\/portal\/wp-content\/uploads\/2020\/09\/1-75-550x309.jpg 550w, https:\/\/webdelmaestrocmf.com\/portal\/wp-content\/uploads\/2020\/09\/1-75-800x450.jpg 800w, https:\/\/webdelmaestrocmf.com\/portal\/wp-content\/uploads\/2020\/09\/1-75-1160x653.jpg 1160w, https:\/\/webdelmaestrocmf.com\/portal\/wp-content\/uploads\/2020\/09\/1-75-220x124.jpg 220w, https:\/\/webdelmaestrocmf.com\/portal\/wp-content\/uploads\/2020\/09\/1-75-400x225.jpg 400w, https:\/\/webdelmaestrocmf.com\/portal\/wp-content\/uploads\/2020\/09\/1-75-760x428.jpg 760w, https:\/\/webdelmaestrocmf.com\/portal\/wp-content\/uploads\/2020\/09\/1-75-510x287.jpg 510w, https:\/\/webdelmaestrocmf.com\/portal\/wp-content\/uploads\/2020\/09\/1-75-600x338.jpg 600w, https:\/\/webdelmaestrocmf.com\/portal\/wp-content\/uploads\/2020\/09\/1-75-1100x619.jpg 1100w, https:\/\/webdelmaestrocmf.com\/portal\/wp-content\/uploads\/2020\/09\/1-75-1600x900.jpg 1600w\" sizes=\"auto, (max-width: 1920px) 100vw, 1920px\" \/><\/p>\n<h5 style=\"text-align: left;\"><b>\u00bfQu\u00e9 consejo les dar\u00eda a los l\u00edderes que hoy est\u00e1n enfrentando esta pandemia, que trae problemas no solo de salud, sino tambi\u00e9n econ\u00f3micos y sociales?<\/b><\/h5>\n<p style=\"text-align: justify;\">Es muy importante que los l\u00edderes sean capaces de moderar (las emociones del resto) siendo calmados y claros. No deben tomar decisiones r\u00e1pidas basadas en emociones, sino sopesarlas. Deben mostrarse preocupados por los dem\u00e1s y tomar las decisiones que sean las mejores para sus comunidades. Es muy importante que los l\u00edderes tengan inteligencia emocional, para que se reproduzca a partir de su ejemplo.<\/p>\n<h5 style=\"text-align: justify;\"><b>\u00bfLos l\u00edderes est\u00e1n actuando con inteligencia emocional?<\/b><\/h5>\n<p style=\"text-align: justify;\">Bueno, solo puedo hablar por nuestro l\u00edder (Donald Trump), y ha cometido muchos errores. Una de las grandes equivocaciones que un l\u00edder pol\u00edtico puede cometer es ignorar la realidad de este virus por razones pol\u00edticas. Eso pas\u00f3 en nuestro pa\u00eds y dilat\u00f3 la respuesta tremendamente. La inteligencia emocional es muy individual. Es una combinaci\u00f3n de gen\u00e9tica, crianza y cultura. Lo bueno es que puede ser mejorada en cualquier etapa de tu vida.<\/p>\n<h5 style=\"text-align: left;\"><b>\u00bfMejorar nuestra inteligencia emocional es un desaf\u00edo para el mundo de hoy?<\/b><\/h5>\n<p style=\"text-align: justify;\">S\u00ed. Pero primero, superemos el virus.<\/p>\n<p style=\"text-align: justify;\">SOF\u00cdA BEUCHAT- EL MERCURIO (Chile) &#8211; GDA<\/p>\n<p><strong>Este contenido ha sido publicado originalmente por El Tiempo (Colombia) en la siguiente direcci\u00f3n: <a href=\"https:\/\/www.eltiempo.com\/vida\/educacion\/psicologo-daniel-goleman-habla-de-como-sobrellevar-emocionalmente-la-cuarentena-481176?fbclid=IwAR31cVnBTzJEPbCKCD7B3QollmL420jrbRKcskHFgbZJxgebHSEsoReRFos\" target=\"_blank\" rel=\"noopener noreferrer\">eltiempo.com<\/a><\/strong><\/p>\n\t\t<div class=\"pk-inline-posts\">\n\t\t\t\n\t\t\t<div class=\"pk-inline-posts-container pk-inline-posts-template-list\"\n\t\t\t\tdata-columns=\"1\">\n\t\t\t\t\t\t<article id=\"post-118510\" class=\"post-118510 post type-post status-publish format-standard has-post-thumbnail category-entrevistas category-noticias tag-aprendizaje tag-aula tag-docentes tag-educacion-2 tag-estudiantes tag-filosofia-2 tag-formacion-2 tag-inteligencia tag-jose-antonio-marina tag-pedagogia-2 tag-pensamiento-critico-2 cs-entry cs-video-wrap\">\n\t\t\t<div class=\"pk-post-outer\">\n\n\t\t\t\t\t\t\t\t<div class=\"pk-post-inner\">\n\t\t\t\t\t<div class=\"entry-thumbnail\">\n\t\t\t\t\t\t<div class=\"pk-overlay pk-overlay-ratio pk-ratio-landscape\">\n\t\t\t\t\t\t\t<div class=\"pk-overlay-background\">\n\t\t\t\t\t\t\t\t<a href=\"https:\/\/webdelmaestrocmf.com\/portal\/jose-antonio-marina-si-no-teneis-pensamiento-critico-o-si-no-hay-pensamiento-critico-la-manipulacion-va-a-ser-muy-sencilla\/\" class=\"pk-overlay-link\">\n\t\t\t\t\t\t\t\t\t<img loading=\"lazy\" decoding=\"async\" width=\"300\" height=\"225\" src=\"https:\/\/webdelmaestrocmf.com\/portal\/wp-content\/uploads\/2026\/04\/1AA-Banner-1-portada-imagen-10-1-copia-5-6-300x225.webp\" class=\"attachment-pk-thumbnail size-pk-thumbnail wp-post-image\" alt=\"\" \/>\t\t\t\t\t\t\t\t<\/a>\n\t\t\t\t\t\t\t<\/div>\n\t\t\t\t\t\t<\/div>\n\t\t\t\t\t<\/div>\n\t\t\t\t<\/div>\n\t\t\t\t\n\t\t\t\t<div class=\"pk-post-inner\">\n\t\t\t\t\t<header>\n\t\t\t\t\t\t<h3 class=\"pk-title\"><a href=\"https:\/\/webdelmaestrocmf.com\/portal\/jose-antonio-marina-si-no-teneis-pensamiento-critico-o-si-no-hay-pensamiento-critico-la-manipulacion-va-a-ser-muy-sencilla\/\" rel=\"bookmark\">Jos\u00e9 Antonio Marina: Si no ten\u00e9is pensamiento cr\u00edtico, o si no hay pensamiento cr\u00edtico, la manipulaci\u00f3n va a ser muy sencilla<\/a><\/h3>\t\t\t\t\t<\/header><!-- .entry-header -->\n\t\t\t\t<\/div><!-- .post-inner -->\n\n\t\t\t<\/div><!-- .post-outer -->\n\t\t<\/article>\n\t\t\t\t<\/div>\n\t\t<\/div>\n\t\t\n","protected":false},"excerpt":{"rendered":"Poco antes de contestar el tel\u00e9fono en su casa, cerca de Nueva York, para esta entrevista, Daniel Goleman&hellip;","protected":false},"author":1,"featured_media":51437,"comment_status":"open","ping_status":"closed","sticky":false,"template":"","format":"standard","meta":{"csco_display_header_overlay":false,"csco_singular_sidebar":"disabled","csco_page_header_type":"standard","csco_page_load_nextpost":"default","csco_post_video_location":[],"csco_post_video_location_hash":"","csco_post_video_url":"","csco_post_video_bg_start_time":0,"csco_post_video_bg_end_time":0,"csco_post_video_bg_volume":false,"_jetpack_memberships_contains_paid_content":false,"footnotes":""},"categories":[48,47],"tags":[398,5669,5668,276,876,877],"class_list":{"0":"post-51435","1":"post","2":"type-post","3":"status-publish","4":"format-standard","5":"has-post-thumbnail","7":"category-entrevistas","8":"category-noticias","9":"tag-daniel-goleman","10":"tag-desbordadas","11":"tag-desinformacion","12":"tag-emociones","13":"tag-redes","14":"tag-sociales","15":"cs-entry","16":"cs-video-wrap"},"yoast_head":"<!-- This site is optimized with the Yoast SEO plugin v27.5 - https:\/\/yoast.com\/product\/yoast-seo-wordpress\/ -->\n<title>Daniel Goleman: Las redes sociales no han ayudado mucho. Se ve ah\u00ed mucha desinformaci\u00f3n, pero tambi\u00e9n emociones desbordadas, textos irreflexivos, que solo aumentan el temor y la ansiedad - 2026<\/title>\n<meta name=\"description\" content=\"Poco antes de contestar el tel\u00e9fono en su casa, cerca de Nueva York, para esta entrevista, Daniel Goleman les hab\u00eda estado leyendo...\" \/>\n<meta name=\"robots\" content=\"index, follow, max-snippet:-1, max-image-preview:large, max-video-preview:-1\" \/>\n<link rel=\"canonical\" href=\"https:\/\/webdelmaestrocmf.com\/portal\/daniel-goleman-las-redes-sociales-no-han-ayudado-mucho-se-ve-ahi-mucha-desinformacion-pero-tambien-emociones-desbordadas-textos-irreflexivos-que-solo-aumentan-el-temor-y-la-ansiedad\/\" \/>\n<meta property=\"og:locale\" content=\"es_ES\" \/>\n<meta property=\"og:type\" content=\"article\" \/>\n<meta property=\"og:title\" content=\"Daniel Goleman: Las redes sociales no han ayudado mucho. Se ve ah\u00ed mucha desinformaci\u00f3n, pero tambi\u00e9n emociones desbordadas, textos irreflexivos, que solo aumentan el temor y la ansiedad - 2026\" \/>\n<meta property=\"og:description\" content=\"Poco antes de contestar el tel\u00e9fono en su casa, cerca de Nueva York, para esta entrevista, Daniel Goleman les hab\u00eda estado leyendo...\" \/>\n<meta property=\"og:url\" content=\"https:\/\/webdelmaestrocmf.com\/portal\/daniel-goleman-las-redes-sociales-no-han-ayudado-mucho-se-ve-ahi-mucha-desinformacion-pero-tambien-emociones-desbordadas-textos-irreflexivos-que-solo-aumentan-el-temor-y-la-ansiedad\/\" \/>\n<meta property=\"og:site_name\" content=\"Web del Maestro CMF\" \/>\n<meta property=\"article:publisher\" content=\"https:\/\/www.facebook.com\/WebdelMaestroCMF\/\" \/>\n<meta property=\"article:author\" content=\"https:\/\/www.facebook.com\/WebdelMaestroCMF\/\" \/>\n<meta property=\"article:published_time\" content=\"2020-09-14T13:31:53+00:00\" \/>\n<meta property=\"article:modified_time\" content=\"2023-04-11T22:53:32+00:00\" \/>\n<meta property=\"og:image\" content=\"https:\/\/i0.wp.com\/webdelmaestrocmf.com\/portal\/wp-content\/uploads\/2020\/09\/2-copia-2.jpg?fit=1100%2C680&ssl=1\" \/>\n\t<meta property=\"og:image:width\" content=\"1100\" \/>\n\t<meta property=\"og:image:height\" content=\"680\" \/>\n\t<meta property=\"og:image:type\" content=\"image\/jpeg\" \/>\n<meta name=\"author\" content=\"Web del Maestro CMF\" \/>\n<meta name=\"twitter:card\" content=\"summary_large_image\" \/>\n<meta name=\"twitter:creator\" content=\"@cmf_w\" \/>\n<meta name=\"twitter:site\" content=\"@cmf_w\" \/>\n<script type=\"application\/ld+json\" class=\"yoast-schema-graph\">{\"@context\":\"https:\\\/\\\/schema.org\",\"@graph\":[{\"@type\":\"ScholarlyArticle\",\"@id\":\"https:\\\/\\\/webdelmaestrocmf.com\\\/portal\\\/daniel-goleman-las-redes-sociales-no-han-ayudado-mucho-se-ve-ahi-mucha-desinformacion-pero-tambien-emociones-desbordadas-textos-irreflexivos-que-solo-aumentan-el-temor-y-la-ansiedad\\\/#article\",\"isPartOf\":{\"@id\":\"https:\\\/\\\/webdelmaestrocmf.com\\\/portal\\\/daniel-goleman-las-redes-sociales-no-han-ayudado-mucho-se-ve-ahi-mucha-desinformacion-pero-tambien-emociones-desbordadas-textos-irreflexivos-que-solo-aumentan-el-temor-y-la-ansiedad\\\/\"},\"author\":{\"name\":\"Web del Maestro CMF\",\"@id\":\"https:\\\/\\\/webdelmaestrocmf.com\\\/portal\\\/#\\\/schema\\\/person\\\/1072a2ed7bd960df8ef99a551fa35dc5\"},\"headline\":\"Daniel Goleman: Las redes sociales no han ayudado mucho. Se ve ah\u00ed mucha desinformaci\u00f3n, pero tambi\u00e9n emociones desbordadas, textos irreflexivos, que solo aumentan el temor y la ansiedad\",\"datePublished\":\"2020-09-14T13:31:53+00:00\",\"dateModified\":\"2023-04-11T22:53:32+00:00\",\"mainEntityOfPage\":{\"@id\":\"https:\\\/\\\/webdelmaestrocmf.com\\\/portal\\\/daniel-goleman-las-redes-sociales-no-han-ayudado-mucho-se-ve-ahi-mucha-desinformacion-pero-tambien-emociones-desbordadas-textos-irreflexivos-que-solo-aumentan-el-temor-y-la-ansiedad\\\/\"},\"wordCount\":1662,\"commentCount\":0,\"publisher\":{\"@id\":\"https:\\\/\\\/webdelmaestrocmf.com\\\/portal\\\/#organization\"},\"image\":{\"@id\":\"https:\\\/\\\/webdelmaestrocmf.com\\\/portal\\\/daniel-goleman-las-redes-sociales-no-han-ayudado-mucho-se-ve-ahi-mucha-desinformacion-pero-tambien-emociones-desbordadas-textos-irreflexivos-que-solo-aumentan-el-temor-y-la-ansiedad\\\/#primaryimage\"},\"thumbnailUrl\":\"https:\\\/\\\/webdelmaestrocmf.com\\\/portal\\\/wp-content\\\/uploads\\\/2020\\\/09\\\/2-copia-2.jpg\",\"keywords\":[\"DANIEL GOLEMAN\",\"desbordadas\",\"desinformaci\u00f3n\",\"EMOCIONES\",\"REDES\",\"SOCIALES\"],\"articleSection\":[\"Entrevistas\",\"Noticias\"],\"inLanguage\":\"es\",\"potentialAction\":[{\"@type\":\"CommentAction\",\"name\":\"Comment\",\"target\":[\"https:\\\/\\\/webdelmaestrocmf.com\\\/portal\\\/daniel-goleman-las-redes-sociales-no-han-ayudado-mucho-se-ve-ahi-mucha-desinformacion-pero-tambien-emociones-desbordadas-textos-irreflexivos-que-solo-aumentan-el-temor-y-la-ansiedad\\\/#respond\"]}]},{\"@type\":\"WebPage\",\"@id\":\"https:\\\/\\\/webdelmaestrocmf.com\\\/portal\\\/daniel-goleman-las-redes-sociales-no-han-ayudado-mucho-se-ve-ahi-mucha-desinformacion-pero-tambien-emociones-desbordadas-textos-irreflexivos-que-solo-aumentan-el-temor-y-la-ansiedad\\\/\",\"url\":\"https:\\\/\\\/webdelmaestrocmf.com\\\/portal\\\/daniel-goleman-las-redes-sociales-no-han-ayudado-mucho-se-ve-ahi-mucha-desinformacion-pero-tambien-emociones-desbordadas-textos-irreflexivos-que-solo-aumentan-el-temor-y-la-ansiedad\\\/\",\"name\":\"Daniel Goleman: Las redes sociales no han ayudado mucho. Se ve ah\u00ed mucha desinformaci\u00f3n, pero tambi\u00e9n emociones desbordadas, textos irreflexivos, que solo aumentan el temor y la ansiedad - 2026\",\"isPartOf\":{\"@id\":\"https:\\\/\\\/webdelmaestrocmf.com\\\/portal\\\/#website\"},\"primaryImageOfPage\":{\"@id\":\"https:\\\/\\\/webdelmaestrocmf.com\\\/portal\\\/daniel-goleman-las-redes-sociales-no-han-ayudado-mucho-se-ve-ahi-mucha-desinformacion-pero-tambien-emociones-desbordadas-textos-irreflexivos-que-solo-aumentan-el-temor-y-la-ansiedad\\\/#primaryimage\"},\"image\":{\"@id\":\"https:\\\/\\\/webdelmaestrocmf.com\\\/portal\\\/daniel-goleman-las-redes-sociales-no-han-ayudado-mucho-se-ve-ahi-mucha-desinformacion-pero-tambien-emociones-desbordadas-textos-irreflexivos-que-solo-aumentan-el-temor-y-la-ansiedad\\\/#primaryimage\"},\"thumbnailUrl\":\"https:\\\/\\\/webdelmaestrocmf.com\\\/portal\\\/wp-content\\\/uploads\\\/2020\\\/09\\\/2-copia-2.jpg\",\"datePublished\":\"2020-09-14T13:31:53+00:00\",\"dateModified\":\"2023-04-11T22:53:32+00:00\",\"description\":\"Poco antes de contestar el tel\u00e9fono en su casa, cerca de Nueva York, para esta entrevista, Daniel Goleman les hab\u00eda estado leyendo...\",\"breadcrumb\":{\"@id\":\"https:\\\/\\\/webdelmaestrocmf.com\\\/portal\\\/daniel-goleman-las-redes-sociales-no-han-ayudado-mucho-se-ve-ahi-mucha-desinformacion-pero-tambien-emociones-desbordadas-textos-irreflexivos-que-solo-aumentan-el-temor-y-la-ansiedad\\\/#breadcrumb\"},\"inLanguage\":\"es\",\"potentialAction\":[{\"@type\":\"ReadAction\",\"target\":[\"https:\\\/\\\/webdelmaestrocmf.com\\\/portal\\\/daniel-goleman-las-redes-sociales-no-han-ayudado-mucho-se-ve-ahi-mucha-desinformacion-pero-tambien-emociones-desbordadas-textos-irreflexivos-que-solo-aumentan-el-temor-y-la-ansiedad\\\/\"]}]},{\"@type\":\"ImageObject\",\"inLanguage\":\"es\",\"@id\":\"https:\\\/\\\/webdelmaestrocmf.com\\\/portal\\\/daniel-goleman-las-redes-sociales-no-han-ayudado-mucho-se-ve-ahi-mucha-desinformacion-pero-tambien-emociones-desbordadas-textos-irreflexivos-que-solo-aumentan-el-temor-y-la-ansiedad\\\/#primaryimage\",\"url\":\"https:\\\/\\\/webdelmaestrocmf.com\\\/portal\\\/wp-content\\\/uploads\\\/2020\\\/09\\\/2-copia-2.jpg\",\"contentUrl\":\"https:\\\/\\\/webdelmaestrocmf.com\\\/portal\\\/wp-content\\\/uploads\\\/2020\\\/09\\\/2-copia-2.jpg\",\"width\":1100,\"height\":680},{\"@type\":\"BreadcrumbList\",\"@id\":\"https:\\\/\\\/webdelmaestrocmf.com\\\/portal\\\/daniel-goleman-las-redes-sociales-no-han-ayudado-mucho-se-ve-ahi-mucha-desinformacion-pero-tambien-emociones-desbordadas-textos-irreflexivos-que-solo-aumentan-el-temor-y-la-ansiedad\\\/#breadcrumb\",\"itemListElement\":[{\"@type\":\"ListItem\",\"position\":1,\"name\":\"Portada\",\"item\":\"https:\\\/\\\/webdelmaestrocmf.com\\\/portal\\\/\"},{\"@type\":\"ListItem\",\"position\":2,\"name\":\"Noticias\",\"item\":\"https:\\\/\\\/webdelmaestrocmf.com\\\/portal\\\/category\\\/noticias\\\/\"},{\"@type\":\"ListItem\",\"position\":3,\"name\":\"Entrevistas\",\"item\":\"https:\\\/\\\/webdelmaestrocmf.com\\\/portal\\\/category\\\/noticias\\\/entrevistas\\\/\"},{\"@type\":\"ListItem\",\"position\":4,\"name\":\"Daniel Goleman: Las redes sociales no han ayudado mucho. Se ve ah\u00ed mucha desinformaci\u00f3n, pero tambi\u00e9n emociones desbordadas, textos irreflexivos, que solo aumentan el temor y la ansiedad\"}]},{\"@type\":\"WebSite\",\"@id\":\"https:\\\/\\\/webdelmaestrocmf.com\\\/portal\\\/#website\",\"url\":\"https:\\\/\\\/webdelmaestrocmf.com\\\/portal\\\/\",\"name\":\"Web del Maestro CMF\",\"description\":\"Maestros al servicio de la educaci\u00f3n\",\"publisher\":{\"@id\":\"https:\\\/\\\/webdelmaestrocmf.com\\\/portal\\\/#organization\"},\"alternateName\":\"WMCMF\",\"potentialAction\":[{\"@type\":\"SearchAction\",\"target\":{\"@type\":\"EntryPoint\",\"urlTemplate\":\"https:\\\/\\\/webdelmaestrocmf.com\\\/portal\\\/?s={search_term_string}\"},\"query-input\":{\"@type\":\"PropertyValueSpecification\",\"valueRequired\":true,\"valueName\":\"search_term_string\"}}],\"inLanguage\":\"es\"},{\"@type\":\"Organization\",\"@id\":\"https:\\\/\\\/webdelmaestrocmf.com\\\/portal\\\/#organization\",\"name\":\"Web del Maestro CMF\",\"alternateName\":\"WMCMF\",\"url\":\"https:\\\/\\\/webdelmaestrocmf.com\\\/portal\\\/\",\"logo\":{\"@type\":\"ImageObject\",\"inLanguage\":\"es\",\"@id\":\"https:\\\/\\\/webdelmaestrocmf.com\\\/portal\\\/#\\\/schema\\\/logo\\\/image\\\/\",\"url\":\"https:\\\/\\\/webdelmaestrocmf.com\\\/portal\\\/wp-content\\\/uploads\\\/2023\\\/01\\\/logo-wmcmf-2.png\",\"contentUrl\":\"https:\\\/\\\/webdelmaestrocmf.com\\\/portal\\\/wp-content\\\/uploads\\\/2023\\\/01\\\/logo-wmcmf-2.png\",\"width\":200,\"height\":60,\"caption\":\"Web del Maestro CMF\"},\"image\":{\"@id\":\"https:\\\/\\\/webdelmaestrocmf.com\\\/portal\\\/#\\\/schema\\\/logo\\\/image\\\/\"},\"sameAs\":[\"https:\\\/\\\/www.facebook.com\\\/WebdelMaestroCMF\\\/\",\"https:\\\/\\\/x.com\\\/cmf_w\",\"https:\\\/\\\/www.pinterest.com\\\/WMCMF\\\/\",\"https:\\\/\\\/www.linkedin.com\\\/company\\\/web-del-maestro-cmf\\\/\",\"https:\\\/\\\/www.instagram.com\\\/wmcmf\\\/\",\"https:\\\/\\\/www.youtube.com\\\/channel\\\/UCDPSvjbdodE5sHnC3OxutHw\",\"https:\\\/\\\/mastodon.social\\\/@wmcmf\",\"https:\\\/\\\/www.tiktok.com\\\/@webdelmaestrocmf\"]},{\"@type\":\"Person\",\"@id\":\"https:\\\/\\\/webdelmaestrocmf.com\\\/portal\\\/#\\\/schema\\\/person\\\/1072a2ed7bd960df8ef99a551fa35dc5\",\"name\":\"Web del Maestro CMF\",\"image\":{\"@type\":\"ImageObject\",\"inLanguage\":\"es\",\"@id\":\"https:\\\/\\\/secure.gravatar.com\\\/avatar\\\/23291dd5b5ae1077dcff3dbb04c3e02bd28403fa75af6d8787d5e97c5bbbe30b?s=96&d=mm&r=g\",\"url\":\"https:\\\/\\\/secure.gravatar.com\\\/avatar\\\/23291dd5b5ae1077dcff3dbb04c3e02bd28403fa75af6d8787d5e97c5bbbe30b?s=96&d=mm&r=g\",\"contentUrl\":\"https:\\\/\\\/secure.gravatar.com\\\/avatar\\\/23291dd5b5ae1077dcff3dbb04c3e02bd28403fa75af6d8787d5e97c5bbbe30b?s=96&d=mm&r=g\",\"caption\":\"Web del Maestro CMF\"},\"description\":\"Esta Web se cre\u00f3 sin fines de lucro, con fines educativos, cient\u00edficos y acad\u00e9micos, para personas que tengan dificultades y\\\/o inconvenientes en visualizar el material original. El objetivo es entregar recursos, compartir experiencias y materiales que ayuden a los padres de familia, maestros y estudiantes en su actualizaci\u00f3n y formaci\u00f3n permanente, en bien de la Educaci\u00f3n.\",\"sameAs\":[\"http:\\\/\\\/webdelmaestrocmf.com\\\/portal\",\"https:\\\/\\\/www.facebook.com\\\/WebdelMaestroCMF\\\/\",\"https:\\\/\\\/www.instagram.com\\\/wmcmf\\\/\",\"https:\\\/\\\/cl.linkedin.com\\\/company\\\/web-del-maestro-cmf\",\"https:\\\/\\\/www.pinterest.com\\\/WMCMF\\\/publicaciones\\\/\",\"https:\\\/\\\/x.com\\\/cmf_w\",\"https:\\\/\\\/www.youtube.com\\\/@WMCMF\"]}]}<\/script>\n<!-- \/ Yoast SEO plugin. -->","yoast_head_json":{"title":"Daniel Goleman: Las redes sociales no han ayudado mucho. Se ve ah\u00ed mucha desinformaci\u00f3n, pero tambi\u00e9n emociones desbordadas, textos irreflexivos, que solo aumentan el temor y la ansiedad - 2026","description":"Poco antes de contestar el tel\u00e9fono en su casa, cerca de Nueva York, para esta entrevista, Daniel Goleman les hab\u00eda estado leyendo...","robots":{"index":"index","follow":"follow","max-snippet":"max-snippet:-1","max-image-preview":"max-image-preview:large","max-video-preview":"max-video-preview:-1"},"canonical":"https:\/\/webdelmaestrocmf.com\/portal\/daniel-goleman-las-redes-sociales-no-han-ayudado-mucho-se-ve-ahi-mucha-desinformacion-pero-tambien-emociones-desbordadas-textos-irreflexivos-que-solo-aumentan-el-temor-y-la-ansiedad\/","og_locale":"es_ES","og_type":"article","og_title":"Daniel Goleman: Las redes sociales no han ayudado mucho. Se ve ah\u00ed mucha desinformaci\u00f3n, pero tambi\u00e9n emociones desbordadas, textos irreflexivos, que solo aumentan el temor y la ansiedad - 2026","og_description":"Poco antes de contestar el tel\u00e9fono en su casa, cerca de Nueva York, para esta entrevista, Daniel Goleman les hab\u00eda estado leyendo...","og_url":"https:\/\/webdelmaestrocmf.com\/portal\/daniel-goleman-las-redes-sociales-no-han-ayudado-mucho-se-ve-ahi-mucha-desinformacion-pero-tambien-emociones-desbordadas-textos-irreflexivos-que-solo-aumentan-el-temor-y-la-ansiedad\/","og_site_name":"Web del Maestro CMF","article_publisher":"https:\/\/www.facebook.com\/WebdelMaestroCMF\/","article_author":"https:\/\/www.facebook.com\/WebdelMaestroCMF\/","article_published_time":"2020-09-14T13:31:53+00:00","article_modified_time":"2023-04-11T22:53:32+00:00","og_image":[{"width":1100,"height":680,"url":"https:\/\/i0.wp.com\/webdelmaestrocmf.com\/portal\/wp-content\/uploads\/2020\/09\/2-copia-2.jpg?fit=1100%2C680&ssl=1","type":"image\/jpeg"}],"author":"Web del Maestro CMF","twitter_card":"summary_large_image","twitter_creator":"@cmf_w","twitter_site":"@cmf_w","schema":{"@context":"https:\/\/schema.org","@graph":[{"@type":"ScholarlyArticle","@id":"https:\/\/webdelmaestrocmf.com\/portal\/daniel-goleman-las-redes-sociales-no-han-ayudado-mucho-se-ve-ahi-mucha-desinformacion-pero-tambien-emociones-desbordadas-textos-irreflexivos-que-solo-aumentan-el-temor-y-la-ansiedad\/#article","isPartOf":{"@id":"https:\/\/webdelmaestrocmf.com\/portal\/daniel-goleman-las-redes-sociales-no-han-ayudado-mucho-se-ve-ahi-mucha-desinformacion-pero-tambien-emociones-desbordadas-textos-irreflexivos-que-solo-aumentan-el-temor-y-la-ansiedad\/"},"author":{"name":"Web del Maestro CMF","@id":"https:\/\/webdelmaestrocmf.com\/portal\/#\/schema\/person\/1072a2ed7bd960df8ef99a551fa35dc5"},"headline":"Daniel Goleman: Las redes sociales no han ayudado mucho. Se ve ah\u00ed mucha desinformaci\u00f3n, pero tambi\u00e9n emociones desbordadas, textos irreflexivos, que solo aumentan el temor y la ansiedad","datePublished":"2020-09-14T13:31:53+00:00","dateModified":"2023-04-11T22:53:32+00:00","mainEntityOfPage":{"@id":"https:\/\/webdelmaestrocmf.com\/portal\/daniel-goleman-las-redes-sociales-no-han-ayudado-mucho-se-ve-ahi-mucha-desinformacion-pero-tambien-emociones-desbordadas-textos-irreflexivos-que-solo-aumentan-el-temor-y-la-ansiedad\/"},"wordCount":1662,"commentCount":0,"publisher":{"@id":"https:\/\/webdelmaestrocmf.com\/portal\/#organization"},"image":{"@id":"https:\/\/webdelmaestrocmf.com\/portal\/daniel-goleman-las-redes-sociales-no-han-ayudado-mucho-se-ve-ahi-mucha-desinformacion-pero-tambien-emociones-desbordadas-textos-irreflexivos-que-solo-aumentan-el-temor-y-la-ansiedad\/#primaryimage"},"thumbnailUrl":"https:\/\/webdelmaestrocmf.com\/portal\/wp-content\/uploads\/2020\/09\/2-copia-2.jpg","keywords":["DANIEL GOLEMAN","desbordadas","desinformaci\u00f3n","EMOCIONES","REDES","SOCIALES"],"articleSection":["Entrevistas","Noticias"],"inLanguage":"es","potentialAction":[{"@type":"CommentAction","name":"Comment","target":["https:\/\/webdelmaestrocmf.com\/portal\/daniel-goleman-las-redes-sociales-no-han-ayudado-mucho-se-ve-ahi-mucha-desinformacion-pero-tambien-emociones-desbordadas-textos-irreflexivos-que-solo-aumentan-el-temor-y-la-ansiedad\/#respond"]}]},{"@type":"WebPage","@id":"https:\/\/webdelmaestrocmf.com\/portal\/daniel-goleman-las-redes-sociales-no-han-ayudado-mucho-se-ve-ahi-mucha-desinformacion-pero-tambien-emociones-desbordadas-textos-irreflexivos-que-solo-aumentan-el-temor-y-la-ansiedad\/","url":"https:\/\/webdelmaestrocmf.com\/portal\/daniel-goleman-las-redes-sociales-no-han-ayudado-mucho-se-ve-ahi-mucha-desinformacion-pero-tambien-emociones-desbordadas-textos-irreflexivos-que-solo-aumentan-el-temor-y-la-ansiedad\/","name":"Daniel Goleman: Las redes sociales no han ayudado mucho. Se ve ah\u00ed mucha desinformaci\u00f3n, pero tambi\u00e9n emociones desbordadas, textos irreflexivos, que solo aumentan el temor y la ansiedad - 2026","isPartOf":{"@id":"https:\/\/webdelmaestrocmf.com\/portal\/#website"},"primaryImageOfPage":{"@id":"https:\/\/webdelmaestrocmf.com\/portal\/daniel-goleman-las-redes-sociales-no-han-ayudado-mucho-se-ve-ahi-mucha-desinformacion-pero-tambien-emociones-desbordadas-textos-irreflexivos-que-solo-aumentan-el-temor-y-la-ansiedad\/#primaryimage"},"image":{"@id":"https:\/\/webdelmaestrocmf.com\/portal\/daniel-goleman-las-redes-sociales-no-han-ayudado-mucho-se-ve-ahi-mucha-desinformacion-pero-tambien-emociones-desbordadas-textos-irreflexivos-que-solo-aumentan-el-temor-y-la-ansiedad\/#primaryimage"},"thumbnailUrl":"https:\/\/webdelmaestrocmf.com\/portal\/wp-content\/uploads\/2020\/09\/2-copia-2.jpg","datePublished":"2020-09-14T13:31:53+00:00","dateModified":"2023-04-11T22:53:32+00:00","description":"Poco antes de contestar el tel\u00e9fono en su casa, cerca de Nueva York, para esta entrevista, Daniel Goleman les hab\u00eda estado leyendo...","breadcrumb":{"@id":"https:\/\/webdelmaestrocmf.com\/portal\/daniel-goleman-las-redes-sociales-no-han-ayudado-mucho-se-ve-ahi-mucha-desinformacion-pero-tambien-emociones-desbordadas-textos-irreflexivos-que-solo-aumentan-el-temor-y-la-ansiedad\/#breadcrumb"},"inLanguage":"es","potentialAction":[{"@type":"ReadAction","target":["https:\/\/webdelmaestrocmf.com\/portal\/daniel-goleman-las-redes-sociales-no-han-ayudado-mucho-se-ve-ahi-mucha-desinformacion-pero-tambien-emociones-desbordadas-textos-irreflexivos-que-solo-aumentan-el-temor-y-la-ansiedad\/"]}]},{"@type":"ImageObject","inLanguage":"es","@id":"https:\/\/webdelmaestrocmf.com\/portal\/daniel-goleman-las-redes-sociales-no-han-ayudado-mucho-se-ve-ahi-mucha-desinformacion-pero-tambien-emociones-desbordadas-textos-irreflexivos-que-solo-aumentan-el-temor-y-la-ansiedad\/#primaryimage","url":"https:\/\/webdelmaestrocmf.com\/portal\/wp-content\/uploads\/2020\/09\/2-copia-2.jpg","contentUrl":"https:\/\/webdelmaestrocmf.com\/portal\/wp-content\/uploads\/2020\/09\/2-copia-2.jpg","width":1100,"height":680},{"@type":"BreadcrumbList","@id":"https:\/\/webdelmaestrocmf.com\/portal\/daniel-goleman-las-redes-sociales-no-han-ayudado-mucho-se-ve-ahi-mucha-desinformacion-pero-tambien-emociones-desbordadas-textos-irreflexivos-que-solo-aumentan-el-temor-y-la-ansiedad\/#breadcrumb","itemListElement":[{"@type":"ListItem","position":1,"name":"Portada","item":"https:\/\/webdelmaestrocmf.com\/portal\/"},{"@type":"ListItem","position":2,"name":"Noticias","item":"https:\/\/webdelmaestrocmf.com\/portal\/category\/noticias\/"},{"@type":"ListItem","position":3,"name":"Entrevistas","item":"https:\/\/webdelmaestrocmf.com\/portal\/category\/noticias\/entrevistas\/"},{"@type":"ListItem","position":4,"name":"Daniel Goleman: Las redes sociales no han ayudado mucho. Se ve ah\u00ed mucha desinformaci\u00f3n, pero tambi\u00e9n emociones desbordadas, textos irreflexivos, que solo aumentan el temor y la ansiedad"}]},{"@type":"WebSite","@id":"https:\/\/webdelmaestrocmf.com\/portal\/#website","url":"https:\/\/webdelmaestrocmf.com\/portal\/","name":"Web del Maestro CMF","description":"Maestros al servicio de la educaci\u00f3n","publisher":{"@id":"https:\/\/webdelmaestrocmf.com\/portal\/#organization"},"alternateName":"WMCMF","potentialAction":[{"@type":"SearchAction","target":{"@type":"EntryPoint","urlTemplate":"https:\/\/webdelmaestrocmf.com\/portal\/?s={search_term_string}"},"query-input":{"@type":"PropertyValueSpecification","valueRequired":true,"valueName":"search_term_string"}}],"inLanguage":"es"},{"@type":"Organization","@id":"https:\/\/webdelmaestrocmf.com\/portal\/#organization","name":"Web del Maestro CMF","alternateName":"WMCMF","url":"https:\/\/webdelmaestrocmf.com\/portal\/","logo":{"@type":"ImageObject","inLanguage":"es","@id":"https:\/\/webdelmaestrocmf.com\/portal\/#\/schema\/logo\/image\/","url":"https:\/\/webdelmaestrocmf.com\/portal\/wp-content\/uploads\/2023\/01\/logo-wmcmf-2.png","contentUrl":"https:\/\/webdelmaestrocmf.com\/portal\/wp-content\/uploads\/2023\/01\/logo-wmcmf-2.png","width":200,"height":60,"caption":"Web del Maestro CMF"},"image":{"@id":"https:\/\/webdelmaestrocmf.com\/portal\/#\/schema\/logo\/image\/"},"sameAs":["https:\/\/www.facebook.com\/WebdelMaestroCMF\/","https:\/\/x.com\/cmf_w","https:\/\/www.pinterest.com\/WMCMF\/","https:\/\/www.linkedin.com\/company\/web-del-maestro-cmf\/","https:\/\/www.instagram.com\/wmcmf\/","https:\/\/www.youtube.com\/channel\/UCDPSvjbdodE5sHnC3OxutHw","https:\/\/mastodon.social\/@wmcmf","https:\/\/www.tiktok.com\/@webdelmaestrocmf"]},{"@type":"Person","@id":"https:\/\/webdelmaestrocmf.com\/portal\/#\/schema\/person\/1072a2ed7bd960df8ef99a551fa35dc5","name":"Web del Maestro CMF","image":{"@type":"ImageObject","inLanguage":"es","@id":"https:\/\/secure.gravatar.com\/avatar\/23291dd5b5ae1077dcff3dbb04c3e02bd28403fa75af6d8787d5e97c5bbbe30b?s=96&d=mm&r=g","url":"https:\/\/secure.gravatar.com\/avatar\/23291dd5b5ae1077dcff3dbb04c3e02bd28403fa75af6d8787d5e97c5bbbe30b?s=96&d=mm&r=g","contentUrl":"https:\/\/secure.gravatar.com\/avatar\/23291dd5b5ae1077dcff3dbb04c3e02bd28403fa75af6d8787d5e97c5bbbe30b?s=96&d=mm&r=g","caption":"Web del Maestro CMF"},"description":"Esta Web se cre\u00f3 sin fines de lucro, con fines educativos, cient\u00edficos y acad\u00e9micos, para personas que tengan dificultades y\/o inconvenientes en visualizar el material original. El objetivo es entregar recursos, compartir experiencias y materiales que ayuden a los padres de familia, maestros y estudiantes en su actualizaci\u00f3n y formaci\u00f3n permanente, en bien de la Educaci\u00f3n.","sameAs":["http:\/\/webdelmaestrocmf.com\/portal","https:\/\/www.facebook.com\/WebdelMaestroCMF\/","https:\/\/www.instagram.com\/wmcmf\/","https:\/\/cl.linkedin.com\/company\/web-del-maestro-cmf","https:\/\/www.pinterest.com\/WMCMF\/publicaciones\/","https:\/\/x.com\/cmf_w","https:\/\/www.youtube.com\/@WMCMF"]}]}},"jetpack_featured_media_url":"https:\/\/webdelmaestrocmf.com\/portal\/wp-content\/uploads\/2020\/09\/2-copia-2.jpg","jetpack_sharing_enabled":true,"jetpack-related-posts":[{"id":48986,"url":"https:\/\/webdelmaestrocmf.com\/portal\/daniel-goleman-los-que-dirigen-deben-tener-inteligencia-emocional-para-que-se-reproduzca-a-partir-de-su-ejemplo\/","url_meta":{"origin":51435,"position":0},"title":"Daniel Goleman: Los que dirigen deben tener inteligencia emocional, para que se reproduzca a partir de su ejemplo","author":"Web del Maestro CMF","date":"18 febrero, 2023","format":false,"excerpt":"Los l\u00edderes deben tener inteligencia emocional para inspirar calma, empat\u00eda y resiliencia, especialmente en contextos de crisis y desinformaci\u00f3n.","rel":"","context":"En \u00abEntrevistas\u00bb","block_context":{"text":"Entrevistas","link":"https:\/\/webdelmaestrocmf.com\/portal\/category\/noticias\/entrevistas\/"},"img":{"alt_text":"","src":"https:\/\/i0.wp.com\/webdelmaestrocmf.com\/portal\/wp-content\/uploads\/2020\/07\/1a2.jpg?resize=350%2C200&ssl=1","width":350,"height":200,"srcset":"https:\/\/i0.wp.com\/webdelmaestrocmf.com\/portal\/wp-content\/uploads\/2020\/07\/1a2.jpg?resize=350%2C200&ssl=1 1x, https:\/\/i0.wp.com\/webdelmaestrocmf.com\/portal\/wp-content\/uploads\/2020\/07\/1a2.jpg?resize=525%2C300&ssl=1 1.5x, https:\/\/i0.wp.com\/webdelmaestrocmf.com\/portal\/wp-content\/uploads\/2020\/07\/1a2.jpg?resize=700%2C400&ssl=1 2x"},"classes":[]},{"id":55904,"url":"https:\/\/webdelmaestrocmf.com\/portal\/daniel-goleman-una-forma-de-saber-que-no-eres-muy-resiliente-es-si-te-despiertas-preocupado\/","url_meta":{"origin":51435,"position":1},"title":"Daniel Goleman: Una forma de saber que no eres muy resiliente es si te despiertas preocupado","author":"Web del Maestro CMF","date":"14 diciembre, 2020","format":false,"excerpt":"El concepto de inteligencia emocional aparece en la literatura gracias a los psic\u00f3logos americanos Peter Salovey y John Mayer en el a\u00f1o 1990, pero fue Daniel Goleman (Stockton, California, USA, 1946) quien con la publicaci\u00f3n de su obra (best-seller) internacional Inteligencia Emocional (1995), hizo famoso el concepto en muchos campos\u2026","rel":"","context":"En \u00abEntrevistas\u00bb","block_context":{"text":"Entrevistas","link":"https:\/\/webdelmaestrocmf.com\/portal\/category\/noticias\/entrevistas\/"},"img":{"alt_text":"","src":"https:\/\/i0.wp.com\/webdelmaestrocmf.com\/portal\/wp-content\/uploads\/2020\/12\/2-copia-1.jpg?resize=350%2C200&ssl=1","width":350,"height":200,"srcset":"https:\/\/i0.wp.com\/webdelmaestrocmf.com\/portal\/wp-content\/uploads\/2020\/12\/2-copia-1.jpg?resize=350%2C200&ssl=1 1x, https:\/\/i0.wp.com\/webdelmaestrocmf.com\/portal\/wp-content\/uploads\/2020\/12\/2-copia-1.jpg?resize=525%2C300&ssl=1 1.5x, https:\/\/i0.wp.com\/webdelmaestrocmf.com\/portal\/wp-content\/uploads\/2020\/12\/2-copia-1.jpg?resize=700%2C400&ssl=1 2x, https:\/\/i0.wp.com\/webdelmaestrocmf.com\/portal\/wp-content\/uploads\/2020\/12\/2-copia-1.jpg?resize=1050%2C600&ssl=1 3x"},"classes":[]},{"id":42381,"url":"https:\/\/webdelmaestrocmf.com\/portal\/el-aprendizaje-social-y-emocional-que-es-la-nueva-imagen-de-la-inteligencia-emocional\/","url_meta":{"origin":51435,"position":2},"title":"Daniel Goleman: El aprendizaje social y emocional, es la nueva imagen de la inteligencia emocional","author":"Web del Maestro CMF","date":"22 junio, 2021","format":"video","excerpt":"Daniel Goleman (Stockton, USA, 1946) es un psic\u00f3logo, periodista y escritor estadounidense, hijo de Fay Goleman, profesora de sociolog\u00eda en la Universidad del Pac\u00edfico e Irving Goleman, profesor de humanidades en el Stockton College. \u201cEstudi\u00f3 en la India utilizando una beca predoctoral de Harvard y una beca postdoctoral del Consejo\u2026","rel":"","context":"En \u00abCharlas\u00bb","block_context":{"text":"Charlas","link":"https:\/\/webdelmaestrocmf.com\/portal\/category\/charlas\/"},"img":{"alt_text":"Daniel Goleman","src":"https:\/\/i0.wp.com\/webdelmaestrocmf.com\/portal\/wp-content\/uploads\/2019\/12\/1-copia-16.jpg?resize=350%2C200&ssl=1","width":350,"height":200,"srcset":"https:\/\/i0.wp.com\/webdelmaestrocmf.com\/portal\/wp-content\/uploads\/2019\/12\/1-copia-16.jpg?resize=350%2C200&ssl=1 1x, https:\/\/i0.wp.com\/webdelmaestrocmf.com\/portal\/wp-content\/uploads\/2019\/12\/1-copia-16.jpg?resize=525%2C300&ssl=1 1.5x, https:\/\/i0.wp.com\/webdelmaestrocmf.com\/portal\/wp-content\/uploads\/2019\/12\/1-copia-16.jpg?resize=700%2C400&ssl=1 2x, https:\/\/i0.wp.com\/webdelmaestrocmf.com\/portal\/wp-content\/uploads\/2019\/12\/1-copia-16.jpg?resize=1050%2C600&ssl=1 3x"},"classes":[]},{"id":10445,"url":"https:\/\/webdelmaestrocmf.com\/portal\/daniel-goleman-los-ninos-aprenden-la-inteligencia-emocional-en-la-vida-real\/","url_meta":{"origin":51435,"position":3},"title":"Daniel Goleman: Los ni\u00f1os aprenden la inteligencia emocional en la vida real","author":"Web del Maestro CMF","date":"29 diciembre, 2018","format":false,"excerpt":"Daniel Goleman\u00a0(Stockton,\u00a07 de marzo\u00a0de\u00a01946) es un\u00a0psic\u00f3logo,\u00a0periodista\u00a0y\u00a0escritor\u00a0estadounidense. Adquiri\u00f3 fama\u00a0mundial\u00a0a partir de la publicaci\u00f3n de su libro\u00a0Emotional Intelligence\u00a0(en espa\u00f1ol\u00a0Inteligencia emocional) en 1995. Editado por primera vez en 1995, el libro\u00a0Inteligencia emocional\u00a0se mantuvo durante un a\u00f1o y medio en la lista de los libros m\u00e1s vendidos del\u00a0The New York Times. Seg\u00fan la p\u00e1gina\u2026","rel":"","context":"En \u00abEntrevistas\u00bb","block_context":{"text":"Entrevistas","link":"https:\/\/webdelmaestrocmf.com\/portal\/category\/noticias\/entrevistas\/"},"img":{"alt_text":"","src":"https:\/\/i0.wp.com\/webdelmaestrocmf.com\/portal\/wp-content\/uploads\/2018\/03\/1-25.jpg?resize=350%2C200&ssl=1","width":350,"height":200,"srcset":"https:\/\/i0.wp.com\/webdelmaestrocmf.com\/portal\/wp-content\/uploads\/2018\/03\/1-25.jpg?resize=350%2C200&ssl=1 1x, https:\/\/i0.wp.com\/webdelmaestrocmf.com\/portal\/wp-content\/uploads\/2018\/03\/1-25.jpg?resize=525%2C300&ssl=1 1.5x, https:\/\/i0.wp.com\/webdelmaestrocmf.com\/portal\/wp-content\/uploads\/2018\/03\/1-25.jpg?resize=700%2C400&ssl=1 2x"},"classes":[]},{"id":20697,"url":"https:\/\/webdelmaestrocmf.com\/portal\/libro-completo-la-inteligencia-emocional-daniel-goleman\/","url_meta":{"origin":51435,"position":4},"title":"Daniel Goleman: La inteligencia emocional","author":"Web del Maestro CMF","date":"18 mayo, 2019","format":false,"excerpt":"Inteligencia emocional \u2013 Daniel Goleman, excelente libro de este autor en donde explora una interesante idea y es que muchas personas piensa que nuestro destino y nuestro \u00e9xito est\u00e1 destinado en el coeficiente intelectual, y a pesar de que esto no es del todo falso olvida la importancia que tiene\u2026","rel":"","context":"En \u00abLas m\u00e1s vistas\u00bb","block_context":{"text":"Las m\u00e1s vistas","link":"https:\/\/webdelmaestrocmf.com\/portal\/category\/pedagogia\/visitadas\/"},"img":{"alt_text":"","src":"https:\/\/i0.wp.com\/webdelmaestrocmf.com\/portal\/wp-content\/uploads\/2019\/05\/Banner-1-portada-imagen-10-19.jpg?resize=350%2C200&ssl=1","width":350,"height":200,"srcset":"https:\/\/i0.wp.com\/webdelmaestrocmf.com\/portal\/wp-content\/uploads\/2019\/05\/Banner-1-portada-imagen-10-19.jpg?resize=350%2C200&ssl=1 1x, https:\/\/i0.wp.com\/webdelmaestrocmf.com\/portal\/wp-content\/uploads\/2019\/05\/Banner-1-portada-imagen-10-19.jpg?resize=525%2C300&ssl=1 1.5x, https:\/\/i0.wp.com\/webdelmaestrocmf.com\/portal\/wp-content\/uploads\/2019\/05\/Banner-1-portada-imagen-10-19.jpg?resize=700%2C400&ssl=1 2x"},"classes":[]},{"id":88164,"url":"https:\/\/webdelmaestrocmf.com\/portal\/resena-del-libro-triple-focus-un-nuevo-acercamiento-a-la-educacion\/","url_meta":{"origin":51435,"position":5},"title":"Rese\u00f1a del libro \u00abTriple Focus: Un nuevo acercamiento a la educaci\u00f3n\u00bb","author":"Web del Maestro CMF","date":"28 abril, 2023","format":false,"excerpt":"Daniel Goleman y Peter M. Senge ofrecen a los profesionales de la educaci\u00f3n, a los padres con hijos en edad escolar y a todo aquel relacionado con la pedagog\u00eda, la incorporaci\u00f3n de tres conjuntos de habilidades b\u00e1sicas de comprensi\u00f3n: el triple enfoque. Estenuevo libro se encuentra en la estela de\u2026","rel":"","context":"En \u00abLibros\u00bb","block_context":{"text":"Libros","link":"https:\/\/webdelmaestrocmf.com\/portal\/category\/pedagogia\/libros\/"},"img":{"alt_text":"","src":"https:\/\/i0.wp.com\/webdelmaestrocmf.com\/portal\/wp-content\/uploads\/2023\/04\/A12B3C4D-40.jpg?resize=350%2C200&ssl=1","width":350,"height":200,"srcset":"https:\/\/i0.wp.com\/webdelmaestrocmf.com\/portal\/wp-content\/uploads\/2023\/04\/A12B3C4D-40.jpg?resize=350%2C200&ssl=1 1x, https:\/\/i0.wp.com\/webdelmaestrocmf.com\/portal\/wp-content\/uploads\/2023\/04\/A12B3C4D-40.jpg?resize=525%2C300&ssl=1 1.5x, https:\/\/i0.wp.com\/webdelmaestrocmf.com\/portal\/wp-content\/uploads\/2023\/04\/A12B3C4D-40.jpg?resize=700%2C400&ssl=1 2x"},"classes":[]}],"_links":{"self":[{"href":"https:\/\/webdelmaestrocmf.com\/portal\/wp-json\/wp\/v2\/posts\/51435","targetHints":{"allow":["GET"]}}],"collection":[{"href":"https:\/\/webdelmaestrocmf.com\/portal\/wp-json\/wp\/v2\/posts"}],"about":[{"href":"https:\/\/webdelmaestrocmf.com\/portal\/wp-json\/wp\/v2\/types\/post"}],"author":[{"embeddable":true,"href":"https:\/\/webdelmaestrocmf.com\/portal\/wp-json\/wp\/v2\/users\/1"}],"replies":[{"embeddable":true,"href":"https:\/\/webdelmaestrocmf.com\/portal\/wp-json\/wp\/v2\/comments?post=51435"}],"version-history":[{"count":0,"href":"https:\/\/webdelmaestrocmf.com\/portal\/wp-json\/wp\/v2\/posts\/51435\/revisions"}],"wp:featuredmedia":[{"embeddable":true,"href":"https:\/\/webdelmaestrocmf.com\/portal\/wp-json\/wp\/v2\/media\/51437"}],"wp:attachment":[{"href":"https:\/\/webdelmaestrocmf.com\/portal\/wp-json\/wp\/v2\/media?parent=51435"}],"wp:term":[{"taxonomy":"category","embeddable":true,"href":"https:\/\/webdelmaestrocmf.com\/portal\/wp-json\/wp\/v2\/categories?post=51435"},{"taxonomy":"post_tag","embeddable":true,"href":"https:\/\/webdelmaestrocmf.com\/portal\/wp-json\/wp\/v2\/tags?post=51435"}],"curies":[{"name":"wp","href":"https:\/\/api.w.org\/{rel}","templated":true}]}}