{"id":51359,"date":"2020-09-11T23:34:50","date_gmt":"2020-09-12T02:34:50","guid":{"rendered":"https:\/\/webdelmaestrocmf.com\/portal\/?p=51359"},"modified":"2020-09-11T23:34:50","modified_gmt":"2020-09-12T02:34:50","slug":"desde-mi-yo-adolescente","status":"publish","type":"post","link":"https:\/\/webdelmaestrocmf.com\/portal\/desde-mi-yo-adolescente\/","title":{"rendered":"Desde mi yo adolescente"},"content":{"rendered":"<h5 style=\"text-align: justify;\">El proyecto <strong>Aprendamos Juntos <\/strong>que promueve una vida mejor y que fue ideado y publicado por el BBVA, El Pa\u00eds y Editorial Santillana, consideramos que es un <strong>gran recurso de apoyo a la tarea educativa<\/strong> para quienes estamos en el mundo de la educaci\u00f3n, y por eso nos hemos tomado la libertad de compartir, por motivos \u00fanicamente educativos y de formaci\u00f3n permanente, desde hace m\u00e1s de dos a\u00f1os. Sabemos que, con la creatividad propia de los docentes, cada uno de Ustedes ha buscado <strong>usarlo seg\u00fan su propia realidad educativa<\/strong>. Tambi\u00e9n se ha convertido en una fuente de para <strong>conocer otras realidades, puntos de vista y nuevas propuestas<\/strong> para consolidar el compromiso y corresponsabilidad de los tres agentes principales del proceso ense\u00f1anza \u2013 aprendizaje.<\/h5>\n<p><!--more--><\/p>\n<h5 style=\"text-align: justify;\"><strong>LOS AMIGOS DE VERDAD <\/strong>David Pastor Vico (05\u00b4 38\u201d)<\/h5>\n<p><iframe loading=\"lazy\" src=\"https:\/\/www.youtube.com\/embed\/-i2a3H08WYw\" width=\"100%\" height=\"400\" frameborder=\"0\" allowfullscreen=\"allowfullscreen\"><span data-mce-type=\"bookmark\" style=\"display: inline-block; width: 0px; overflow: hidden; line-height: 0;\" class=\"mce_SELRES_start\">\ufeff<\/span><\/iframe><\/p>\n<p style=\"text-align: justify;\"><strong>Aprendamos Juntos,<\/strong> nos ha servido a muchos miembros de la comunidad educativa digital de la Web del Maestro CMF, a nivel personal y como <strong>Comunidad Magisterial en Formaci\u00f3n<\/strong>, como un valioso recurso para el servicio en nuestra tarea educativa y optimizar el proceso ense\u00f1anza &#8211; aprendizaje. Las<strong> opiniones y propuestas de especialistas de diferentes lugares del mundo<\/strong>, que comparten generosamente su experiencia en el campo educativo, nos est\u00e1n ayudando a conocer sus lecturas de realidades (quiz\u00e1) diferentes a las nuestras. Gracias a estas publicaciones hemos podido (algunos) conocer y analizar otras propuestas did\u00e1cticas y pedag\u00f3gicas innovadoras, sugerencias, consejos, &#8230; \u00a0y que nos ha ayudado a actualizarnos en el manejo de las redes. Y\u00a0 m\u00e1s ahora, a causa del cierre de las escuelas, nos viene sirviendo para nuestros encuentros y actividades virtuales.<\/p>\n<h5 style=\"text-align: justify;\"><strong>\u00bfTE SIENTES ESCUCHADO? <\/strong>David Trueba (04\u00b4 21\u201d)<\/h5>\n<p><iframe loading=\"lazy\" src=\"https:\/\/www.youtube.com\/embed\/zg1cYWGfl4c\" width=\"100%\" height=\"400\" frameborder=\"0\" allowfullscreen=\"allowfullscreen\"><span data-mce-type=\"bookmark\" style=\"display: inline-block; width: 0px; overflow: hidden; line-height: 0;\" class=\"mce_SELRES_start\">\ufeff<\/span><\/iframe><\/p>\n<p style=\"text-align: justify;\"><strong>Aprendamos Juntos <\/strong>nos ha permitido involucrarnos e involucrar a nuestros padres de familia y estudiantes <strong>por medio los nuevos medios tecnol\u00f3gicos, <\/strong>que est\u00e1n a nuestro alcance<strong>; con la pasi\u00f3n por aprender a aprender y desarrollar al m\u00e1ximo nuestras capacidades y competencias<\/strong>. Tambi\u00e9n es un valioso medio para <strong>motivar el intercambio de ideas, el di\u00e1logo y la b\u00fasqueda de nuevos y mejores itinerarios educativos<\/strong> entre padres de familia, profesores y estudiantes, como lo ser\u00e1 <strong>A mi yo adolescente<\/strong> desde otra perspectiva, ahora escuchando a los estudiantes y llev\u00e1ndolo para la reflexi\u00f3n de los padres de familia.<\/p>\n<p style=\"text-align: justify;\">Publicaci\u00f3n relacionada: <a href=\"https:\/\/webdelmaestrocmf.com\/portal\/yuval-noah-harari-los-profesores-debemos-ensenar-pensamiento-critico-comunicacion-colaboracion-y-creatividad\/\" target=\"_blank\" rel=\"noopener noreferrer\"><strong>YUVAL NOAH HARARI: LOS PROFESORES DEBEMOS ENSE\u00d1AR PENSAMIENTO CR\u00cdTICO, COMUNICACI\u00d3N, COLABORACI\u00d3N Y CREATIVIDAD<\/strong><\/a><\/p>\n<p style=\"text-align: justify;\">Esperamos <strong>enriquecer nuestra experiencia de formaci\u00f3n permanente<\/strong>, con siete episodios que nos ofrece el <strong>nuevo <\/strong><strong>proyecto <\/strong><strong>A mi yo adolescente<\/strong>, que ofrece el <strong>\u00a0BBVA<\/strong> (Banco Bilbao Vizcaya Argentaria S.A, del cual compartimos (en esta presentaci\u00f3n) <strong>cuatro videos <\/strong>(para tener una idea) de momentos destacados de los siete episodios, que nos descubren un adelanto del pensamiento y las inquietudes de adolescentes (posiblemente) de otra realidad cultural, social y educativa, que quiz\u00e1 \u00a0sean semejantes o diferentes de la de nuestros estudiantes en la etapa adolescente, pero que <strong>nos podr\u00edan ser \u00fatiles<\/strong>. Nos permitimos sugerirle que <strong>primero visualice Usted sus los padres de familia los videos, y se preparen para responder a los estudiantes adolescentes<\/strong>. Queda en cada uno de Ustedes el tomar, mejorar o descartar estos recursos audiovisuales.<\/p>\n<p style=\"text-align: justify;\">Con el material de <strong>A mi yo adolescente<\/strong>, podremos enriquecer nuestros recursos para reflexionar sobre la importancia que tiene el <strong>di\u00e1logo abierto y espont\u00e1neo de los padres de familia y profesores con los estudiantes.<\/strong> El coloquio conducido por personalidades destacadas y amigas del mundo educativo, nos permitir\u00e1 conocer su t\u00e9cnica para <strong>conducir un encuentro de este tipo y provocar que los j\u00f3venes adolescentes opinen abiertamente sobre temas que le interesan<\/strong> en esa edad, como el amor, la libertad, la amistad, los miedos\u2026 Las experiencias que comparte <strong>A mi yo adolescente<\/strong> nos pueden servir<strong> de recurso para perfeccionar el acompa\u00f1amiento formativo<\/strong> de nuestros estudiantes, y descubrir <strong>qu\u00e9 piensan, c\u00f3mo sienten y qu\u00e9 les preocupa en la etapa en que est\u00e1n.<\/strong><\/p>\n<p style=\"text-align: justify;\"><strong>EL SILENCIO ES EL MEJOR ALIADO DEL MIEDO <\/strong>Jos\u00e9 Antonio Marina (06\u00b4 20\u201d)<\/p>\n<p><iframe loading=\"lazy\" src=\"https:\/\/www.youtube.com\/embed\/PHU-f-DZMqg\" width=\"100%\" height=\"400\" frameborder=\"0\" allowfullscreen=\"allowfullscreen\"><span data-mce-type=\"bookmark\" style=\"display: inline-block; width: 0px; overflow: hidden; line-height: 0;\" class=\"mce_SELRES_start\">\ufeff<\/span><\/iframe><\/p>\n<p style=\"text-align: justify;\"><strong>A mi yo adolescente<\/strong>, es una serie con la participaci\u00f3n de un grupo distinto de j\u00f3venes en cada programa y con un conductor diferente en cada episodio, con la intervenci\u00f3n intercalada de otros especialistas. Este proyecto es un interesante material que nos puede orientar en el manejo del intercambio de opiniones de nuestros adolescentes, el saber escuchar sus puntos de vista en primera persona ya sea en las aulas o en los encuentros virtuales.<\/p>\n<p style=\"text-align: justify;\">Estos siete episodios los compartiremos en nuestra serie<strong> Desde mi yo adolescente<\/strong>, como una <strong>sugerencia propositiva para leer y conocer la publicaci\u00f3n completa <\/strong>en el enlace que indicamos final de cada publicaci\u00f3n. Lamentablemente <strong>no tenemos la transcripci\u00f3n complet<\/strong>a de cada video, pero s\u00ed nos facilita el entender las conversaciones los <strong>subt\u00edtulos<\/strong> en los videos.<\/p>\n<p style=\"text-align: justify;\">Art\u00edculo recomendado: <a href=\"https:\/\/webdelmaestrocmf.com\/portal\/los-jovenes-necesitan-aprender-la-habilidad-de-debatir-y-argumentar\/\" target=\"_blank\" rel=\"noopener noreferrer\"><strong>LOS J\u00d3VENES NECESITAN APRENDER LA HABILIDAD DE DEBATIR Y ARGUMENTAR<\/strong><\/a><strong>\u00a0<\/strong><\/p>\n<p style=\"text-align: justify;\">La experiencia nos ha ense\u00f1ado (a algunos) que<strong> escuchar con atenci\u00f3n las opiniones de los otros y pasarlas por el filtro de la reflexi\u00f3n cr\u00edtica, <\/strong>es la primera actitud para ense\u00f1ar a aprender. <strong>Educar empieza por ense\u00f1ar a aprender a escuchar<\/strong> Y con este material audiovisual podremos darnos cuenta <strong>qu\u00e9 importante es saber escuchar a nuestros estudiantes<\/strong>. Sin escucha, no hay posibilidad de poderse beneficiarse con el aporte de los otros, hacer un an\u00e1lisis cr\u00edtico ecu\u00e1nime, y facilitar el relativismo o el dogmatismo. Para evitar los extremos necesitamos cultivar la virtud de la humildad, sin la cual no se puede dar un proceso de ense\u00f1anza \u2013 aprendizaje liberador. Teniendo la capacidad de escuchar antes de opinar, que se aprende en la casa, se consolida en la escuela, y los profesores la \u00a0perfeccionamos en la formaci\u00f3n inicial docente, nos aseguraremos\u00a0 un mejor servicio docente. <strong>La humildad, nos permite tener la capacidad de escuchar y aprender permanentemente,<\/strong> y es \u201cel secreto de la sabidur\u00eda, del poder y del conocimiento\u201d (Ernest Hemingway).<\/p>\n<p style=\"text-align: justify;\">Art\u00edculo recomendado: <a href=\"https:\/\/webdelmaestrocmf.com\/portal\/ernesto-gonzalez-dialogar-o-discutir\/\" target=\"_blank\" rel=\"noopener noreferrer\"><strong>[ERNESTO GONZ\u00c1LEZ] \u00bfDIALOGAR O DISCUTIR?<\/strong><\/a><\/p>\n<p style=\"text-align: justify;\">Con estas publicaciones<strong> no se pretende que los profesores se conviertan en psic\u00f3logos<\/strong>, <strong>asistentes sociales,<\/strong> u <strong>orientadores escolares<\/strong>, pero mejorar\u00e1 el conocimiento de sus estudiantes adolescentes. Podr\u00e1n obtener mayor informaci\u00f3n sobre la etapa que viven sus estudiantes y ofrecerles las herramientas necesarias para que se sientan escuchados, apoyados y comprendidos, Sabemos que las opiniones de nuestros adolescentes no tienen por qu\u00e9 ser uniformes o semejantes, ya que cada uno viene de un hogar particular, pero s\u00ed nos puede ayudar a buscar -con ellos- los puntos de concordancia y de enriquecimiento mutuo; y lograr \u00a0como \u00a0nos dice Albert Einstein, \u201cdespertar la curiosidad en la expresi\u00f3n creativa y conocimiento\u201d, de nuestros estudiantes.<\/p>\n<p style=\"text-align: justify;\"><strong>En educaci\u00f3n sabemos que no hay recetas, solo experiencias educativas<\/strong>. El manejar los recursos que surgen de un conversatorio abierto y sincero, ampliar\u00e1 tambi\u00e9n el panorama dialogal con los padres de familia. <strong>\u00a0Y conversando con nuestros padres de familia <\/strong>lograremos un gran punto de apoyo para hacer un pacto educativo m\u00e1s din\u00e1mico y fuerte. La Alianza educativa entre la escuela y la familia adem\u00e1s de orientar acad\u00e9micamente a los alumnos, tambi\u00e9n los apoyar\u00e1 en el manejo de sus emociones \u201cante situaciones complicadas con las que se encontrar\u00e1n a lo largo de esta etapa y ense\u00f1arles a manejar de manera positiva y con optimismo cada situaci\u00f3n para obtener el mayor provecho en sus vidas como parte de su crecimiento personal y emocional\u201d. Cf <a href=\"https:\/\/medium.com\/schoolcontrol\/el-docente-y-la-adolescencia-622c105c26f7\" target=\"_blank\" rel=\"noopener noreferrer\"><strong>EL DOCENTE Y LA ADOLESCENCIA<\/strong><\/a><\/p>\n<h5 style=\"text-align: justify;\"><strong>LA IMPORTANCIA DEL AMOR <\/strong>Elsa Punset (05\u00b4 11\u201d)<\/h5>\n<p><iframe loading=\"lazy\" src=\"https:\/\/www.youtube.com\/embed\/58q_InzipwM\" width=\"100%\" height=\"400\" frameborder=\"0\" allowfullscreen=\"allowfullscreen\"><span data-mce-type=\"bookmark\" style=\"display: inline-block; width: 0px; overflow: hidden; line-height: 0;\" class=\"mce_SELRES_start\">\ufeff<\/span><\/iframe><\/p>\n<p style=\"text-align: justify;\">Art\u00edculo relacionado: <a href=\"https:\/\/webdelmaestrocmf.com\/portal\/serie-de-videos-aprendamos-juntos-para-sumar-por-la-educacion\/\" target=\"_blank\" rel=\"noopener noreferrer\"><strong>SERIE DE VIDEOS: APRENDAMOS JUNTOS PARA SUMAR POR LA EDUCACI\u00d3N<\/strong><\/a><\/p>\n<p style=\"text-align: justify;\"><strong>Desde mi yo adolescente<\/strong> nos acercar\u00e1 a reconocidas personalidades relacionadas con la Educaci\u00f3n y muy cercanas al ambiente educativo, como el director de cine David Trueba, la escritora Elsa Punset o el fil\u00f3sofo Jos\u00e9 Antonio Marina entre otros, y con la colaboraci\u00f3n de psic\u00f3logos, profesores, padres, madres y referentes de diversos \u00e1mbitos como Elvira Sastre, I\u00f1aki Gabilondo, Luis del Olmo y Michio Kaku, entre muchos otros.<\/p>\n<p style=\"text-align: justify;\">Ojal\u00e1 tengamos ese esquivo tiempo para la formaci\u00f3n permanente, pero tan necesario para sentir que<\/p>\n<p style=\"text-align: center;\"><em>\u201c&#8230; no hay que olvidar tampoco que, como ha sido mostrado en otros estudios, bajo las cifras promedio, se esconden fuertes desequilibrios entre j\u00f3venes ubicados en diferentes posiciones de la escala social, y que la igualdad de oportunidades para todos los j\u00f3venes todav\u00eda dista mucho de ser una realidad, comprometiendo seriamente tanto el presente como el futuro de amplios sectores de j\u00f3venes\u201d.<\/em> (Rosa Mar\u00eda Camarena C.)<\/p>\n<p style=\"text-align: right;\"><strong>REDACCI\u00d3N WEB DEL MAESTRO CMF<\/strong><\/p>\n\t\t<div class=\"pk-inline-posts\">\n\t\t\t\n\t\t\t<div class=\"pk-inline-posts-container pk-inline-posts-template-list\"\n\t\t\t\tdata-columns=\"1\">\n\t\t\t\t\t\t<article id=\"post-95717\" class=\"post-95717 post type-post status-publish format-video has-post-thumbnail category-charlas tag-aprendamos-juntos tag-aprendemos-juntos-2030 tag-aprender tag-aprendizaje tag-bbva tag-calificacion-por-notas tag-cerebro tag-compresion tag-descanso tag-dislexia tag-dormir tag-entrevista tag-error tag-escritura tag-fonologia tag-lectura tag-lenguaje-oral tag-matematica tag-memoria tag-neurociencia tag-neurona tag-para-sumar-por-la-educacion tag-pensamiento tag-sinapsis tag-stanislas-dehaene tag-sueno tag-tecnologia tag-videos post_format-post-format-video cs-entry cs-video-wrap\">\n\t\t\t<div class=\"pk-post-outer\">\n\n\t\t\t\t\t\t\t\t<div class=\"pk-post-inner\">\n\t\t\t\t\t<div class=\"entry-thumbnail\">\n\t\t\t\t\t\t<div class=\"pk-overlay pk-overlay-ratio pk-ratio-landscape\">\n\t\t\t\t\t\t\t<div class=\"pk-overlay-background\">\n\t\t\t\t\t\t\t\t<a href=\"https:\/\/webdelmaestrocmf.com\/portal\/stanislas-dehaene-el-mayor-talento-de-un-profesor-es-ser-capaz-de-dirigir-la-atencion-del-alumno-hacia-el-nivel-correcto\/\" class=\"pk-overlay-link\">\n\t\t\t\t\t\t\t\t\t<img loading=\"lazy\" decoding=\"async\" width=\"300\" height=\"225\" src=\"https:\/\/webdelmaestrocmf.com\/portal\/wp-content\/uploads\/2024\/02\/1AA-Banner-1-portada-imagen-10-1-copia-300x225.webp\" class=\"attachment-pk-thumbnail size-pk-thumbnail wp-post-image\" alt=\"\" \/>\t\t\t\t\t\t\t\t<\/a>\n\t\t\t\t\t\t\t<\/div>\n\t\t\t\t\t\t<\/div>\n\t\t\t\t\t<\/div>\n\t\t\t\t<\/div>\n\t\t\t\t\n\t\t\t\t<div class=\"pk-post-inner\">\n\t\t\t\t\t<header>\n\t\t\t\t\t\t<h3 class=\"pk-title\"><a href=\"https:\/\/webdelmaestrocmf.com\/portal\/stanislas-dehaene-el-mayor-talento-de-un-profesor-es-ser-capaz-de-dirigir-la-atencion-del-alumno-hacia-el-nivel-correcto\/\" rel=\"bookmark\">Stanislas Dehaene: El mayor talento de un profesor es ser capaz de dirigir la atenci\u00f3n del alumno, hacia el nivel correcto<\/a><\/h3>\t\t\t\t\t<\/header><!-- .entry-header -->\n\t\t\t\t<\/div><!-- .post-inner -->\n\n\t\t\t<\/div><!-- .post-outer -->\n\t\t<\/article>\n\t\t\t\t<\/div>\n\t\t<\/div>\n\t\t\n","protected":false},"excerpt":{"rendered":"El proyecto Aprendamos Juntos que promueve una vida mejor y que fue ideado y publicado por el BBVA,&hellip;","protected":false},"author":1,"featured_media":51364,"comment_status":"open","ping_status":"closed","sticky":false,"template":"","format":"video","meta":{"csco_display_header_overlay":false,"csco_singular_sidebar":"right","csco_page_header_type":"standard","csco_page_load_nextpost":"default","csco_post_video_location":[],"csco_post_video_location_hash":"","csco_post_video_url":"","csco_post_video_bg_start_time":0,"csco_post_video_bg_end_time":0,"csco_post_video_bg_volume":false,"_jetpack_memberships_contains_paid_content":false,"footnotes":""},"categories":[5658],"tags":[884,5659,3357,5660],"class_list":{"0":"post-51359","1":"post","2":"type-post","3":"status-publish","4":"format-video","5":"has-post-thumbnail","7":"category-adolescente","8":"tag-adolescente","9":"tag-desde","10":"tag-mi","11":"tag-yo","12":"post_format-post-format-video","13":"cs-entry","14":"cs-video-wrap"},"yoast_head":"<!-- This site is optimized with the Yoast SEO plugin v27.5 - https:\/\/yoast.com\/product\/yoast-seo-wordpress\/ -->\n<title>Desde mi yo adolescente - 2026<\/title>\n<meta name=\"description\" content=\"El proyecto Aprendamos Juntos que promueve una vida mejor y que fue ideado y publicado por el BBVA, El Pa\u00eds y Editorial Santillana...\" \/>\n<meta name=\"robots\" content=\"index, follow, max-snippet:-1, max-image-preview:large, max-video-preview:-1\" \/>\n<link rel=\"canonical\" href=\"https:\/\/webdelmaestrocmf.com\/portal\/desde-mi-yo-adolescente\/\" \/>\n<meta property=\"og:locale\" content=\"es_ES\" \/>\n<meta property=\"og:type\" content=\"article\" \/>\n<meta property=\"og:title\" content=\"Desde mi yo adolescente - 2026\" \/>\n<meta property=\"og:description\" content=\"El proyecto Aprendamos Juntos que promueve una vida mejor y que fue ideado y publicado por el BBVA, El Pa\u00eds y Editorial Santillana...\" \/>\n<meta property=\"og:url\" content=\"https:\/\/webdelmaestrocmf.com\/portal\/desde-mi-yo-adolescente\/\" \/>\n<meta property=\"og:site_name\" content=\"Web del Maestro CMF\" \/>\n<meta property=\"article:publisher\" content=\"https:\/\/www.facebook.com\/WebdelMaestroCMF\/\" \/>\n<meta property=\"article:author\" content=\"https:\/\/www.facebook.com\/WebdelMaestroCMF\/\" \/>\n<meta property=\"article:published_time\" content=\"2020-09-12T02:34:50+00:00\" \/>\n<meta property=\"og:image\" content=\"https:\/\/i0.wp.com\/webdelmaestrocmf.com\/portal\/wp-content\/uploads\/2020\/09\/1-copia-43.jpg?fit=1100%2C680&ssl=1\" \/>\n\t<meta property=\"og:image:width\" content=\"1100\" \/>\n\t<meta property=\"og:image:height\" content=\"680\" \/>\n\t<meta property=\"og:image:type\" content=\"image\/jpeg\" \/>\n<meta name=\"author\" content=\"Web del Maestro CMF\" \/>\n<meta name=\"twitter:card\" content=\"summary_large_image\" \/>\n<meta name=\"twitter:creator\" content=\"@cmf_w\" \/>\n<meta name=\"twitter:site\" content=\"@cmf_w\" \/>\n<script type=\"application\/ld+json\" class=\"yoast-schema-graph\">{\"@context\":\"https:\\\/\\\/schema.org\",\"@graph\":[{\"@type\":\"ScholarlyArticle\",\"@id\":\"https:\\\/\\\/webdelmaestrocmf.com\\\/portal\\\/desde-mi-yo-adolescente\\\/#article\",\"isPartOf\":{\"@id\":\"https:\\\/\\\/webdelmaestrocmf.com\\\/portal\\\/desde-mi-yo-adolescente\\\/\"},\"author\":{\"name\":\"Web del Maestro CMF\",\"@id\":\"https:\\\/\\\/webdelmaestrocmf.com\\\/portal\\\/#\\\/schema\\\/person\\\/1072a2ed7bd960df8ef99a551fa35dc5\"},\"headline\":\"Desde mi yo adolescente\",\"datePublished\":\"2020-09-12T02:34:50+00:00\",\"mainEntityOfPage\":{\"@id\":\"https:\\\/\\\/webdelmaestrocmf.com\\\/portal\\\/desde-mi-yo-adolescente\\\/\"},\"wordCount\":1447,\"commentCount\":0,\"publisher\":{\"@id\":\"https:\\\/\\\/webdelmaestrocmf.com\\\/portal\\\/#organization\"},\"image\":{\"@id\":\"https:\\\/\\\/webdelmaestrocmf.com\\\/portal\\\/desde-mi-yo-adolescente\\\/#primaryimage\"},\"thumbnailUrl\":\"https:\\\/\\\/webdelmaestrocmf.com\\\/portal\\\/wp-content\\\/uploads\\\/2020\\\/09\\\/1-copia-43.jpg\",\"keywords\":[\"adolescente\",\"Desde\",\"MI\",\"yo\"],\"articleSection\":[\"Adolescente\"],\"inLanguage\":\"es\",\"potentialAction\":[{\"@type\":\"CommentAction\",\"name\":\"Comment\",\"target\":[\"https:\\\/\\\/webdelmaestrocmf.com\\\/portal\\\/desde-mi-yo-adolescente\\\/#respond\"]}]},{\"@type\":\"WebPage\",\"@id\":\"https:\\\/\\\/webdelmaestrocmf.com\\\/portal\\\/desde-mi-yo-adolescente\\\/\",\"url\":\"https:\\\/\\\/webdelmaestrocmf.com\\\/portal\\\/desde-mi-yo-adolescente\\\/\",\"name\":\"Desde mi yo adolescente - 2026\",\"isPartOf\":{\"@id\":\"https:\\\/\\\/webdelmaestrocmf.com\\\/portal\\\/#website\"},\"primaryImageOfPage\":{\"@id\":\"https:\\\/\\\/webdelmaestrocmf.com\\\/portal\\\/desde-mi-yo-adolescente\\\/#primaryimage\"},\"image\":{\"@id\":\"https:\\\/\\\/webdelmaestrocmf.com\\\/portal\\\/desde-mi-yo-adolescente\\\/#primaryimage\"},\"thumbnailUrl\":\"https:\\\/\\\/webdelmaestrocmf.com\\\/portal\\\/wp-content\\\/uploads\\\/2020\\\/09\\\/1-copia-43.jpg\",\"datePublished\":\"2020-09-12T02:34:50+00:00\",\"description\":\"El proyecto Aprendamos Juntos que promueve una vida mejor y que fue ideado y publicado por el BBVA, El Pa\u00eds y Editorial Santillana...\",\"breadcrumb\":{\"@id\":\"https:\\\/\\\/webdelmaestrocmf.com\\\/portal\\\/desde-mi-yo-adolescente\\\/#breadcrumb\"},\"inLanguage\":\"es\",\"potentialAction\":[{\"@type\":\"ReadAction\",\"target\":[\"https:\\\/\\\/webdelmaestrocmf.com\\\/portal\\\/desde-mi-yo-adolescente\\\/\"]}]},{\"@type\":\"ImageObject\",\"inLanguage\":\"es\",\"@id\":\"https:\\\/\\\/webdelmaestrocmf.com\\\/portal\\\/desde-mi-yo-adolescente\\\/#primaryimage\",\"url\":\"https:\\\/\\\/webdelmaestrocmf.com\\\/portal\\\/wp-content\\\/uploads\\\/2020\\\/09\\\/1-copia-43.jpg\",\"contentUrl\":\"https:\\\/\\\/webdelmaestrocmf.com\\\/portal\\\/wp-content\\\/uploads\\\/2020\\\/09\\\/1-copia-43.jpg\",\"width\":1100,\"height\":680},{\"@type\":\"BreadcrumbList\",\"@id\":\"https:\\\/\\\/webdelmaestrocmf.com\\\/portal\\\/desde-mi-yo-adolescente\\\/#breadcrumb\",\"itemListElement\":[{\"@type\":\"ListItem\",\"position\":1,\"name\":\"Portada\",\"item\":\"https:\\\/\\\/webdelmaestrocmf.com\\\/portal\\\/\"},{\"@type\":\"ListItem\",\"position\":2,\"name\":\"Adolescente\",\"item\":\"https:\\\/\\\/webdelmaestrocmf.com\\\/portal\\\/category\\\/adolescente\\\/\"},{\"@type\":\"ListItem\",\"position\":3,\"name\":\"Desde mi yo adolescente\"}]},{\"@type\":\"WebSite\",\"@id\":\"https:\\\/\\\/webdelmaestrocmf.com\\\/portal\\\/#website\",\"url\":\"https:\\\/\\\/webdelmaestrocmf.com\\\/portal\\\/\",\"name\":\"Web del Maestro CMF\",\"description\":\"Maestros al servicio de la educaci\u00f3n\",\"publisher\":{\"@id\":\"https:\\\/\\\/webdelmaestrocmf.com\\\/portal\\\/#organization\"},\"alternateName\":\"WMCMF\",\"potentialAction\":[{\"@type\":\"SearchAction\",\"target\":{\"@type\":\"EntryPoint\",\"urlTemplate\":\"https:\\\/\\\/webdelmaestrocmf.com\\\/portal\\\/?s={search_term_string}\"},\"query-input\":{\"@type\":\"PropertyValueSpecification\",\"valueRequired\":true,\"valueName\":\"search_term_string\"}}],\"inLanguage\":\"es\"},{\"@type\":\"Organization\",\"@id\":\"https:\\\/\\\/webdelmaestrocmf.com\\\/portal\\\/#organization\",\"name\":\"Web del Maestro CMF\",\"alternateName\":\"WMCMF\",\"url\":\"https:\\\/\\\/webdelmaestrocmf.com\\\/portal\\\/\",\"logo\":{\"@type\":\"ImageObject\",\"inLanguage\":\"es\",\"@id\":\"https:\\\/\\\/webdelmaestrocmf.com\\\/portal\\\/#\\\/schema\\\/logo\\\/image\\\/\",\"url\":\"https:\\\/\\\/webdelmaestrocmf.com\\\/portal\\\/wp-content\\\/uploads\\\/2023\\\/01\\\/logo-wmcmf-2.png\",\"contentUrl\":\"https:\\\/\\\/webdelmaestrocmf.com\\\/portal\\\/wp-content\\\/uploads\\\/2023\\\/01\\\/logo-wmcmf-2.png\",\"width\":200,\"height\":60,\"caption\":\"Web del Maestro CMF\"},\"image\":{\"@id\":\"https:\\\/\\\/webdelmaestrocmf.com\\\/portal\\\/#\\\/schema\\\/logo\\\/image\\\/\"},\"sameAs\":[\"https:\\\/\\\/www.facebook.com\\\/WebdelMaestroCMF\\\/\",\"https:\\\/\\\/x.com\\\/cmf_w\",\"https:\\\/\\\/www.pinterest.com\\\/WMCMF\\\/\",\"https:\\\/\\\/www.linkedin.com\\\/company\\\/web-del-maestro-cmf\\\/\",\"https:\\\/\\\/www.instagram.com\\\/wmcmf\\\/\",\"https:\\\/\\\/www.youtube.com\\\/channel\\\/UCDPSvjbdodE5sHnC3OxutHw\",\"https:\\\/\\\/mastodon.social\\\/@wmcmf\",\"https:\\\/\\\/www.tiktok.com\\\/@webdelmaestrocmf\"]},{\"@type\":\"Person\",\"@id\":\"https:\\\/\\\/webdelmaestrocmf.com\\\/portal\\\/#\\\/schema\\\/person\\\/1072a2ed7bd960df8ef99a551fa35dc5\",\"name\":\"Web del Maestro CMF\",\"image\":{\"@type\":\"ImageObject\",\"inLanguage\":\"es\",\"@id\":\"https:\\\/\\\/secure.gravatar.com\\\/avatar\\\/23291dd5b5ae1077dcff3dbb04c3e02bd28403fa75af6d8787d5e97c5bbbe30b?s=96&d=mm&r=g\",\"url\":\"https:\\\/\\\/secure.gravatar.com\\\/avatar\\\/23291dd5b5ae1077dcff3dbb04c3e02bd28403fa75af6d8787d5e97c5bbbe30b?s=96&d=mm&r=g\",\"contentUrl\":\"https:\\\/\\\/secure.gravatar.com\\\/avatar\\\/23291dd5b5ae1077dcff3dbb04c3e02bd28403fa75af6d8787d5e97c5bbbe30b?s=96&d=mm&r=g\",\"caption\":\"Web del Maestro CMF\"},\"description\":\"Esta Web se cre\u00f3 sin fines de lucro, con fines educativos, cient\u00edficos y acad\u00e9micos, para personas que tengan dificultades y\\\/o inconvenientes en visualizar el material original. El objetivo es entregar recursos, compartir experiencias y materiales que ayuden a los padres de familia, maestros y estudiantes en su actualizaci\u00f3n y formaci\u00f3n permanente, en bien de la Educaci\u00f3n.\",\"sameAs\":[\"http:\\\/\\\/webdelmaestrocmf.com\\\/portal\",\"https:\\\/\\\/www.facebook.com\\\/WebdelMaestroCMF\\\/\",\"https:\\\/\\\/www.instagram.com\\\/wmcmf\\\/\",\"https:\\\/\\\/cl.linkedin.com\\\/company\\\/web-del-maestro-cmf\",\"https:\\\/\\\/www.pinterest.com\\\/WMCMF\\\/publicaciones\\\/\",\"https:\\\/\\\/x.com\\\/cmf_w\",\"https:\\\/\\\/www.youtube.com\\\/@WMCMF\"]}]}<\/script>\n<!-- \/ Yoast SEO plugin. -->","yoast_head_json":{"title":"Desde mi yo adolescente - 2026","description":"El proyecto Aprendamos Juntos que promueve una vida mejor y que fue ideado y publicado por el BBVA, El Pa\u00eds y Editorial Santillana...","robots":{"index":"index","follow":"follow","max-snippet":"max-snippet:-1","max-image-preview":"max-image-preview:large","max-video-preview":"max-video-preview:-1"},"canonical":"https:\/\/webdelmaestrocmf.com\/portal\/desde-mi-yo-adolescente\/","og_locale":"es_ES","og_type":"article","og_title":"Desde mi yo adolescente - 2026","og_description":"El proyecto Aprendamos Juntos que promueve una vida mejor y que fue ideado y publicado por el BBVA, El Pa\u00eds y Editorial Santillana...","og_url":"https:\/\/webdelmaestrocmf.com\/portal\/desde-mi-yo-adolescente\/","og_site_name":"Web del Maestro CMF","article_publisher":"https:\/\/www.facebook.com\/WebdelMaestroCMF\/","article_author":"https:\/\/www.facebook.com\/WebdelMaestroCMF\/","article_published_time":"2020-09-12T02:34:50+00:00","og_image":[{"width":1100,"height":680,"url":"https:\/\/i0.wp.com\/webdelmaestrocmf.com\/portal\/wp-content\/uploads\/2020\/09\/1-copia-43.jpg?fit=1100%2C680&ssl=1","type":"image\/jpeg"}],"author":"Web del Maestro CMF","twitter_card":"summary_large_image","twitter_creator":"@cmf_w","twitter_site":"@cmf_w","schema":{"@context":"https:\/\/schema.org","@graph":[{"@type":"ScholarlyArticle","@id":"https:\/\/webdelmaestrocmf.com\/portal\/desde-mi-yo-adolescente\/#article","isPartOf":{"@id":"https:\/\/webdelmaestrocmf.com\/portal\/desde-mi-yo-adolescente\/"},"author":{"name":"Web del Maestro CMF","@id":"https:\/\/webdelmaestrocmf.com\/portal\/#\/schema\/person\/1072a2ed7bd960df8ef99a551fa35dc5"},"headline":"Desde mi yo adolescente","datePublished":"2020-09-12T02:34:50+00:00","mainEntityOfPage":{"@id":"https:\/\/webdelmaestrocmf.com\/portal\/desde-mi-yo-adolescente\/"},"wordCount":1447,"commentCount":0,"publisher":{"@id":"https:\/\/webdelmaestrocmf.com\/portal\/#organization"},"image":{"@id":"https:\/\/webdelmaestrocmf.com\/portal\/desde-mi-yo-adolescente\/#primaryimage"},"thumbnailUrl":"https:\/\/webdelmaestrocmf.com\/portal\/wp-content\/uploads\/2020\/09\/1-copia-43.jpg","keywords":["adolescente","Desde","MI","yo"],"articleSection":["Adolescente"],"inLanguage":"es","potentialAction":[{"@type":"CommentAction","name":"Comment","target":["https:\/\/webdelmaestrocmf.com\/portal\/desde-mi-yo-adolescente\/#respond"]}]},{"@type":"WebPage","@id":"https:\/\/webdelmaestrocmf.com\/portal\/desde-mi-yo-adolescente\/","url":"https:\/\/webdelmaestrocmf.com\/portal\/desde-mi-yo-adolescente\/","name":"Desde mi yo adolescente - 2026","isPartOf":{"@id":"https:\/\/webdelmaestrocmf.com\/portal\/#website"},"primaryImageOfPage":{"@id":"https:\/\/webdelmaestrocmf.com\/portal\/desde-mi-yo-adolescente\/#primaryimage"},"image":{"@id":"https:\/\/webdelmaestrocmf.com\/portal\/desde-mi-yo-adolescente\/#primaryimage"},"thumbnailUrl":"https:\/\/webdelmaestrocmf.com\/portal\/wp-content\/uploads\/2020\/09\/1-copia-43.jpg","datePublished":"2020-09-12T02:34:50+00:00","description":"El proyecto Aprendamos Juntos que promueve una vida mejor y que fue ideado y publicado por el BBVA, El Pa\u00eds y Editorial Santillana...","breadcrumb":{"@id":"https:\/\/webdelmaestrocmf.com\/portal\/desde-mi-yo-adolescente\/#breadcrumb"},"inLanguage":"es","potentialAction":[{"@type":"ReadAction","target":["https:\/\/webdelmaestrocmf.com\/portal\/desde-mi-yo-adolescente\/"]}]},{"@type":"ImageObject","inLanguage":"es","@id":"https:\/\/webdelmaestrocmf.com\/portal\/desde-mi-yo-adolescente\/#primaryimage","url":"https:\/\/webdelmaestrocmf.com\/portal\/wp-content\/uploads\/2020\/09\/1-copia-43.jpg","contentUrl":"https:\/\/webdelmaestrocmf.com\/portal\/wp-content\/uploads\/2020\/09\/1-copia-43.jpg","width":1100,"height":680},{"@type":"BreadcrumbList","@id":"https:\/\/webdelmaestrocmf.com\/portal\/desde-mi-yo-adolescente\/#breadcrumb","itemListElement":[{"@type":"ListItem","position":1,"name":"Portada","item":"https:\/\/webdelmaestrocmf.com\/portal\/"},{"@type":"ListItem","position":2,"name":"Adolescente","item":"https:\/\/webdelmaestrocmf.com\/portal\/category\/adolescente\/"},{"@type":"ListItem","position":3,"name":"Desde mi yo adolescente"}]},{"@type":"WebSite","@id":"https:\/\/webdelmaestrocmf.com\/portal\/#website","url":"https:\/\/webdelmaestrocmf.com\/portal\/","name":"Web del Maestro CMF","description":"Maestros al servicio de la educaci\u00f3n","publisher":{"@id":"https:\/\/webdelmaestrocmf.com\/portal\/#organization"},"alternateName":"WMCMF","potentialAction":[{"@type":"SearchAction","target":{"@type":"EntryPoint","urlTemplate":"https:\/\/webdelmaestrocmf.com\/portal\/?s={search_term_string}"},"query-input":{"@type":"PropertyValueSpecification","valueRequired":true,"valueName":"search_term_string"}}],"inLanguage":"es"},{"@type":"Organization","@id":"https:\/\/webdelmaestrocmf.com\/portal\/#organization","name":"Web del Maestro CMF","alternateName":"WMCMF","url":"https:\/\/webdelmaestrocmf.com\/portal\/","logo":{"@type":"ImageObject","inLanguage":"es","@id":"https:\/\/webdelmaestrocmf.com\/portal\/#\/schema\/logo\/image\/","url":"https:\/\/webdelmaestrocmf.com\/portal\/wp-content\/uploads\/2023\/01\/logo-wmcmf-2.png","contentUrl":"https:\/\/webdelmaestrocmf.com\/portal\/wp-content\/uploads\/2023\/01\/logo-wmcmf-2.png","width":200,"height":60,"caption":"Web del Maestro CMF"},"image":{"@id":"https:\/\/webdelmaestrocmf.com\/portal\/#\/schema\/logo\/image\/"},"sameAs":["https:\/\/www.facebook.com\/WebdelMaestroCMF\/","https:\/\/x.com\/cmf_w","https:\/\/www.pinterest.com\/WMCMF\/","https:\/\/www.linkedin.com\/company\/web-del-maestro-cmf\/","https:\/\/www.instagram.com\/wmcmf\/","https:\/\/www.youtube.com\/channel\/UCDPSvjbdodE5sHnC3OxutHw","https:\/\/mastodon.social\/@wmcmf","https:\/\/www.tiktok.com\/@webdelmaestrocmf"]},{"@type":"Person","@id":"https:\/\/webdelmaestrocmf.com\/portal\/#\/schema\/person\/1072a2ed7bd960df8ef99a551fa35dc5","name":"Web del Maestro CMF","image":{"@type":"ImageObject","inLanguage":"es","@id":"https:\/\/secure.gravatar.com\/avatar\/23291dd5b5ae1077dcff3dbb04c3e02bd28403fa75af6d8787d5e97c5bbbe30b?s=96&d=mm&r=g","url":"https:\/\/secure.gravatar.com\/avatar\/23291dd5b5ae1077dcff3dbb04c3e02bd28403fa75af6d8787d5e97c5bbbe30b?s=96&d=mm&r=g","contentUrl":"https:\/\/secure.gravatar.com\/avatar\/23291dd5b5ae1077dcff3dbb04c3e02bd28403fa75af6d8787d5e97c5bbbe30b?s=96&d=mm&r=g","caption":"Web del Maestro CMF"},"description":"Esta Web se cre\u00f3 sin fines de lucro, con fines educativos, cient\u00edficos y acad\u00e9micos, para personas que tengan dificultades y\/o inconvenientes en visualizar el material original. El objetivo es entregar recursos, compartir experiencias y materiales que ayuden a los padres de familia, maestros y estudiantes en su actualizaci\u00f3n y formaci\u00f3n permanente, en bien de la Educaci\u00f3n.","sameAs":["http:\/\/webdelmaestrocmf.com\/portal","https:\/\/www.facebook.com\/WebdelMaestroCMF\/","https:\/\/www.instagram.com\/wmcmf\/","https:\/\/cl.linkedin.com\/company\/web-del-maestro-cmf","https:\/\/www.pinterest.com\/WMCMF\/publicaciones\/","https:\/\/x.com\/cmf_w","https:\/\/www.youtube.com\/@WMCMF"]}]}},"jetpack_featured_media_url":"https:\/\/webdelmaestrocmf.com\/portal\/wp-content\/uploads\/2020\/09\/1-copia-43.jpg","jetpack_sharing_enabled":true,"jetpack-related-posts":[{"id":116710,"url":"https:\/\/webdelmaestrocmf.com\/portal\/david-bueno-i-torrens-acompanarles-si-sobreprotegerles-nunca\/","url_meta":{"origin":51359,"position":0},"title":"David Bueno i Torrens: \u00abAcompa\u00f1arles s\u00ed, sobreprotegerles nunca\u00bb","author":"Web del Maestro CMF","date":"21 marzo, 2026","format":false,"excerpt":"Acompa\u00f1ar al adolescente implica comprender su desarrollo, respetar su proceso y guiar sin sobreproteger, favoreciendo autonom\u00eda, pensamiento cr\u00edtico y construcci\u00f3n de identidad en un entorno educativo consciente y equilibrado.","rel":"","context":"En \u00abEntrevistas\u00bb","block_context":{"text":"Entrevistas","link":"https:\/\/webdelmaestrocmf.com\/portal\/category\/noticias\/entrevistas\/"},"img":{"alt_text":"","src":"https:\/\/i0.wp.com\/webdelmaestrocmf.com\/portal\/wp-content\/uploads\/2026\/03\/1AA-Banner-1-portada-imagen-10-1-copia-12.webp?resize=350%2C200&ssl=1","width":350,"height":200,"srcset":"https:\/\/i0.wp.com\/webdelmaestrocmf.com\/portal\/wp-content\/uploads\/2026\/03\/1AA-Banner-1-portada-imagen-10-1-copia-12.webp?resize=350%2C200&ssl=1 1x, https:\/\/i0.wp.com\/webdelmaestrocmf.com\/portal\/wp-content\/uploads\/2026\/03\/1AA-Banner-1-portada-imagen-10-1-copia-12.webp?resize=525%2C300&ssl=1 1.5x, https:\/\/i0.wp.com\/webdelmaestrocmf.com\/portal\/wp-content\/uploads\/2026\/03\/1AA-Banner-1-portada-imagen-10-1-copia-12.webp?resize=700%2C400&ssl=1 2x, https:\/\/i0.wp.com\/webdelmaestrocmf.com\/portal\/wp-content\/uploads\/2026\/03\/1AA-Banner-1-portada-imagen-10-1-copia-12.webp?resize=1050%2C600&ssl=1 3x"},"classes":[]},{"id":43601,"url":"https:\/\/webdelmaestrocmf.com\/portal\/eva-bach-tenemos-adolescentes-de-30-40-anos-que-todavia-viven-con-los-padres\/","url_meta":{"origin":51359,"position":1},"title":"Eva Bach: Tenemos adolescentes de 30-40 a\u00f1os que todav\u00eda viven con los padres","author":"Web del Maestro CMF","date":"6 abril, 2026","format":false,"excerpt":"La adolescencia se prolonga por carencias en educaci\u00f3n emocional y acompa\u00f1amiento adulto. Formar j\u00f3venes aut\u00f3nomos exige ejemplo, l\u00edmites y desarrollo socioemocional desde la familia y la escuela.","rel":"","context":"En \u00abEntrevistas\u00bb","block_context":{"text":"Entrevistas","link":"https:\/\/webdelmaestrocmf.com\/portal\/category\/noticias\/entrevistas\/"},"img":{"alt_text":"","src":"https:\/\/i0.wp.com\/webdelmaestrocmf.com\/portal\/wp-content\/uploads\/2025\/09\/1AA-Banner-1-portada-imagen-10-1-copia-24.webp?resize=350%2C200&ssl=1","width":350,"height":200,"srcset":"https:\/\/i0.wp.com\/webdelmaestrocmf.com\/portal\/wp-content\/uploads\/2025\/09\/1AA-Banner-1-portada-imagen-10-1-copia-24.webp?resize=350%2C200&ssl=1 1x, https:\/\/i0.wp.com\/webdelmaestrocmf.com\/portal\/wp-content\/uploads\/2025\/09\/1AA-Banner-1-portada-imagen-10-1-copia-24.webp?resize=525%2C300&ssl=1 1.5x, https:\/\/i0.wp.com\/webdelmaestrocmf.com\/portal\/wp-content\/uploads\/2025\/09\/1AA-Banner-1-portada-imagen-10-1-copia-24.webp?resize=700%2C400&ssl=1 2x, https:\/\/i0.wp.com\/webdelmaestrocmf.com\/portal\/wp-content\/uploads\/2025\/09\/1AA-Banner-1-portada-imagen-10-1-copia-24.webp?resize=1050%2C600&ssl=1 3x"},"classes":[]},{"id":73986,"url":"https:\/\/webdelmaestrocmf.com\/portal\/no-hay-salud-fisica-sin-una-adecuada-salud-mental\/","url_meta":{"origin":51359,"position":2},"title":"No hay salud f\u00edsica sin una adecuada salud mental","author":"Web del Maestro CMF","date":"4 febrero, 2022","format":"video","excerpt":"La pediatra, escritora y madre de dos hijos adolescentes, Luc\u00eda Gal\u00e1n Bertrand (Oviedo, Espa\u00f1a, 1978), actualmente trabaja en su propio centro m\u00e9dico, del que es socia fundadora y y miembro del Consejo Asesor de UNICEF. Ha escrito libros como \u201cLo mejor de nuestras vidas\u201d, \u201cEres una madre maravillosa\u201d, El viaje\u2026","rel":"","context":"En \u00abAdolescente\u00bb","block_context":{"text":"Adolescente","link":"https:\/\/webdelmaestrocmf.com\/portal\/category\/adolescente\/"},"img":{"alt_text":"","src":"https:\/\/i0.wp.com\/webdelmaestrocmf.com\/portal\/wp-content\/uploads\/2022\/02\/1-38.jpg?resize=350%2C200&ssl=1","width":350,"height":200,"srcset":"https:\/\/i0.wp.com\/webdelmaestrocmf.com\/portal\/wp-content\/uploads\/2022\/02\/1-38.jpg?resize=350%2C200&ssl=1 1x, https:\/\/i0.wp.com\/webdelmaestrocmf.com\/portal\/wp-content\/uploads\/2022\/02\/1-38.jpg?resize=525%2C300&ssl=1 1.5x, https:\/\/i0.wp.com\/webdelmaestrocmf.com\/portal\/wp-content\/uploads\/2022\/02\/1-38.jpg?resize=700%2C400&ssl=1 2x, https:\/\/i0.wp.com\/webdelmaestrocmf.com\/portal\/wp-content\/uploads\/2022\/02\/1-38.jpg?resize=1050%2C600&ssl=1 3x"},"classes":[]},{"id":56950,"url":"https:\/\/webdelmaestrocmf.com\/portal\/el-adolescente-piensa-que-el-es-el-centro-de-atencion-del-mundo-y-esto-a-veces-da-lugar-a-falta-de-empatia-por-parte-del-adolescente\/","url_meta":{"origin":51359,"position":3},"title":"El adolescente piensa que \u00e9l es el centro de atenci\u00f3n del mundo. Y esto a veces da lugar a falta de empat\u00eda por parte del adolescente","author":"Web del Maestro CMF","date":"4 enero, 2021","format":"video","excerpt":"El profesor Javier Valverde Jimena es Licenciado en Ciencias de la Educaci\u00f3n en la Universitat Aut\u00f2noma de Barcelona (Espa\u00f1a); \u00a0con una maestr\u00eda como Formador de Formadores; experto europeo en Metodolog\u00edas y Gesti\u00f3n por la Universitat Polit\u00e8cnica de Catalunya \/ Universit\u00e9 Paris Dauphine; \u00a0Educador del Tribunal Tutelar de Menores del \u00a0Departament\u2026","rel":"","context":"En \u00abCharlas\u00bb","block_context":{"text":"Charlas","link":"https:\/\/webdelmaestrocmf.com\/portal\/category\/charlas\/"},"img":{"alt_text":"","src":"https:\/\/i0.wp.com\/webdelmaestrocmf.com\/portal\/wp-content\/uploads\/2021\/01\/1-copia-55.jpg?resize=350%2C200&ssl=1","width":350,"height":200,"srcset":"https:\/\/i0.wp.com\/webdelmaestrocmf.com\/portal\/wp-content\/uploads\/2021\/01\/1-copia-55.jpg?resize=350%2C200&ssl=1 1x, https:\/\/i0.wp.com\/webdelmaestrocmf.com\/portal\/wp-content\/uploads\/2021\/01\/1-copia-55.jpg?resize=525%2C300&ssl=1 1.5x, https:\/\/i0.wp.com\/webdelmaestrocmf.com\/portal\/wp-content\/uploads\/2021\/01\/1-copia-55.jpg?resize=700%2C400&ssl=1 2x, https:\/\/i0.wp.com\/webdelmaestrocmf.com\/portal\/wp-content\/uploads\/2021\/01\/1-copia-55.jpg?resize=1050%2C600&ssl=1 3x"},"classes":[]},{"id":70634,"url":"https:\/\/webdelmaestrocmf.com\/portal\/los-trastornos-mentales-no-se-notan-mucho-y-a-veces-se-confunden-con-el-propio-desarrollo-normal-del-adolescente\/","url_meta":{"origin":51359,"position":4},"title":"Montserrat Dolz Abadia: Los trastornos mentales no se notan mucho y a veces se confunden con el propio desarrollo normal del adolescente","author":"Web del Maestro CMF","date":"25 octubre, 2023","format":"video","excerpt":"Montserrat Dolz Abadia, Licenciada en Medicina por la Universidad de Barcelona (Espa\u00f1a), con la especialidad Psiquiatr\u00eda. Infantil y juvenil, se desempe\u00f1a como Jefe de Servicio de Psiquiatr\u00eda Hospital de Sant Joan de D\u00e9u (Barcelona), y coautora de soy coautora del libro \u201cUna mirada a la salud mental de los adolescentes\u201d.\u2026","rel":"","context":"En \u00abCharlas\u00bb","block_context":{"text":"Charlas","link":"https:\/\/webdelmaestrocmf.com\/portal\/category\/charlas\/"},"img":{"alt_text":"Montserrat Dolz Abadia","src":"https:\/\/i0.wp.com\/webdelmaestrocmf.com\/portal\/wp-content\/uploads\/2023\/04\/A12B3C4Dvv.jpg?resize=350%2C200&ssl=1","width":350,"height":200,"srcset":"https:\/\/i0.wp.com\/webdelmaestrocmf.com\/portal\/wp-content\/uploads\/2023\/04\/A12B3C4Dvv.jpg?resize=350%2C200&ssl=1 1x, https:\/\/i0.wp.com\/webdelmaestrocmf.com\/portal\/wp-content\/uploads\/2023\/04\/A12B3C4Dvv.jpg?resize=525%2C300&ssl=1 1.5x, https:\/\/i0.wp.com\/webdelmaestrocmf.com\/portal\/wp-content\/uploads\/2023\/04\/A12B3C4Dvv.jpg?resize=700%2C400&ssl=1 2x"},"classes":[]},{"id":53947,"url":"https:\/\/webdelmaestrocmf.com\/portal\/el-mejor-aliado-del-miedo-es-el-silencio\/","url_meta":{"origin":51359,"position":5},"title":"El mejor aliado del miedo es el silencio","author":"Web del Maestro CMF","date":"3 noviembre, 2020","format":"video","excerpt":"Durante las \u00faltimas d\u00e9cadas el reconocido fil\u00f3sofo y pedagogo Jos\u00e9 Antonio Marina (1939) ha desarrollado una corriente de pensamiento que resume en su propuesta de \u201cPacto Educativo\u201d. Sus investigaciones abarcan campos del conocimiento humano tan distintos como la literatura, la filosof\u00eda o el lenguaje, y especialmente la educaci\u00f3n y la\u2026","rel":"","context":"En \u00abAdolescente\u00bb","block_context":{"text":"Adolescente","link":"https:\/\/webdelmaestrocmf.com\/portal\/category\/adolescente\/"},"img":{"alt_text":"","src":"https:\/\/i0.wp.com\/webdelmaestrocmf.com\/portal\/wp-content\/uploads\/2020\/11\/1-27.jpg?resize=350%2C200&ssl=1","width":350,"height":200,"srcset":"https:\/\/i0.wp.com\/webdelmaestrocmf.com\/portal\/wp-content\/uploads\/2020\/11\/1-27.jpg?resize=350%2C200&ssl=1 1x, https:\/\/i0.wp.com\/webdelmaestrocmf.com\/portal\/wp-content\/uploads\/2020\/11\/1-27.jpg?resize=525%2C300&ssl=1 1.5x, https:\/\/i0.wp.com\/webdelmaestrocmf.com\/portal\/wp-content\/uploads\/2020\/11\/1-27.jpg?resize=700%2C400&ssl=1 2x, https:\/\/i0.wp.com\/webdelmaestrocmf.com\/portal\/wp-content\/uploads\/2020\/11\/1-27.jpg?resize=1050%2C600&ssl=1 3x"},"classes":[]}],"_links":{"self":[{"href":"https:\/\/webdelmaestrocmf.com\/portal\/wp-json\/wp\/v2\/posts\/51359","targetHints":{"allow":["GET"]}}],"collection":[{"href":"https:\/\/webdelmaestrocmf.com\/portal\/wp-json\/wp\/v2\/posts"}],"about":[{"href":"https:\/\/webdelmaestrocmf.com\/portal\/wp-json\/wp\/v2\/types\/post"}],"author":[{"embeddable":true,"href":"https:\/\/webdelmaestrocmf.com\/portal\/wp-json\/wp\/v2\/users\/1"}],"replies":[{"embeddable":true,"href":"https:\/\/webdelmaestrocmf.com\/portal\/wp-json\/wp\/v2\/comments?post=51359"}],"version-history":[{"count":0,"href":"https:\/\/webdelmaestrocmf.com\/portal\/wp-json\/wp\/v2\/posts\/51359\/revisions"}],"wp:featuredmedia":[{"embeddable":true,"href":"https:\/\/webdelmaestrocmf.com\/portal\/wp-json\/wp\/v2\/media\/51364"}],"wp:attachment":[{"href":"https:\/\/webdelmaestrocmf.com\/portal\/wp-json\/wp\/v2\/media?parent=51359"}],"wp:term":[{"taxonomy":"category","embeddable":true,"href":"https:\/\/webdelmaestrocmf.com\/portal\/wp-json\/wp\/v2\/categories?post=51359"},{"taxonomy":"post_tag","embeddable":true,"href":"https:\/\/webdelmaestrocmf.com\/portal\/wp-json\/wp\/v2\/tags?post=51359"}],"curies":[{"name":"wp","href":"https:\/\/api.w.org\/{rel}","templated":true}]}}