{"id":51110,"date":"2020-09-06T22:26:48","date_gmt":"2020-09-07T01:26:48","guid":{"rendered":"https:\/\/webdelmaestrocmf.com\/portal\/?p=51110"},"modified":"2025-01-04T14:33:51","modified_gmt":"2025-01-04T17:33:51","slug":"recursos-para-fortalecer-y-mejorar-el-equilibrio-emocional-y-la-salud-mental-de-los-docentes-parte-ii","status":"publish","type":"post","link":"https:\/\/webdelmaestrocmf.com\/portal\/recursos-para-fortalecer-y-mejorar-el-equilibrio-emocional-y-la-salud-mental-de-los-docentes-parte-ii\/","title":{"rendered":"Equilibrio emocional y la salud mental de los docentes (Parte II)"},"content":{"rendered":"<p style=\"text-align: justify;\"><strong>La psic\u00f3loga Mar\u00eda Jes\u00fas \u00c1lava nos dice que durante el confinamiento, cada uno sinti\u00f3 que el cuidarse a uno mismo fue\u00a0 fundamental. <\/strong>Si estuvimos cerrados en casa, nos dimos cuenta que so signific\u00f3 el abandonarnos, pues\u00a0 descubrimos que \u201c<strong>un buen estado de \u00e1nimo contribuye a elevar nuestras defensas y a mejorar nuestro sistema inmunitario\u201d. (Fuera de Serie 26\/03\/2020). Aprendimos que ser un docente emocionalmente saludable no significa que seamos felices todo el tiempo. \u201cSignifica que es consciente de sus emociones. Puede lidiar con ellas, ya sean positivas o negativas\u201d (fcf amilydoctor.org). Los profesores tenemos que animarnos a tomarnos un tiempo (<em>necesario y m\u00e1s urgente que el aire para algunos<\/em>) de relajaci\u00f3n, de silencio personal, de encuentro consigo mismos, &#8230; de curaci\u00f3n espiritual.<\/strong><\/p>\n<p><!--more--><\/p>\n<p style=\"text-align: justify;\">Es verdad, que, a no pocos, casos, <strong>los profesores vieron desordenada su rutina diaria<\/strong> que han mantenido por a\u00f1os. Por eso, consideramos que, es bueno detenerse, hacer un alto, para <strong>repotenciar, mejorar, depurar e innovar<\/strong> nuestra pasi\u00f3n (o si preferimos la llamamos, vocaci\u00f3n)\u00a0 por la educaci\u00f3n. Siempre estamos frente al <strong>desaf\u00edo de tomarnos un tiempo personal<\/strong> para revisar<strong> nuestra autenticidad personal y profesional<\/strong>, programar sin sometimientos ni presiones nuestro horario personal, alcanzar una mayor madurez en el manejo de nuestras emociones, examinar el c\u00f3mo no perder nunca la paz interior, buscar la ayuda profesional adecuada y oportuna, de ser necesaria. Los sabios recomiendan nunca meternos solos en las crisis, <strong>es bueno buscar apoyo<\/strong>. Y para esto nos viene bien revisar peri\u00f3dicamente nuestro equilibrio emocional y nuestra salud mental.<\/p>\n<p style=\"text-align: justify;\">Art\u00edculo recomendado: <a href=\"https:\/\/webdelmaestrocmf.com\/portal\/las-huellas-que-deja-el-covid-19-la-educacion-a-distancia-y-el-confinamiento-en-la-salud-emocional-y-mental-de-los-profesores-parte-i\/\" target=\"_blank\" rel=\"noopener noreferrer\"><strong>EL EQUILIBRIO EMOCIONAL Y SALUD MENTAL DE LOS PROFESORES (PARTE I)<\/strong><\/a><\/p>\n<p style=\"text-align: justify;\">Iniciemos esta segunda parte, recordando al profesor Daniel Goleman, quin nos dijo que hay dos pandemias: \u201cuna, lo sabemos todos, es <strong>la expansi\u00f3n del coronavirus<\/strong>. La segunda es la pandemia <strong>del miedo<\/strong>\u201d, que puede filtrase en nuestra vida laboral y familiar, como un <strong>factor negativo <\/strong>de este confinamiento sanitario, como una preocupaci\u00f3n t\u00f3xica que debilita nuestra salud interior, nuestra mente, nuestras emociones, nuestros sue\u00f1os. Children Change Colombia opina que los profesores somos \u201cuna parte esencial de nuestra sociedad. Inspiran e impulsan a los j\u00f3venes y tienen un impacto positivo en sus a\u00f1os cruciales de desarrollo. Muchos j\u00f3venes luchan con su salud mental y la escuela puede ser, para muchos, un espacio seguro para expresarse y tener acceso a sus necesidades de apoyo. [&#8230;] Los docentes demuestran ser un primer paso impactante para ayudar a ni\u00f1os y j\u00f3venes a mejorar su salud mental, especialmente fortaleciendo su confianza y autoestima, disminuyendo la depresi\u00f3n y actuando como un modelo a seguir. No obstante, los docentes necesitan m\u00e1s apoyo para garantizar que estos j\u00f3venes accedan al apoyo adecuado y adecuado. \u201c<\/p>\n<p style=\"text-align: justify;\"><u><a href=\"https:\/\/psykologisk.no\/sp\/2016\/07\/e11\/\">La Organizaci\u00f3n Mundial de la Salud (OMS) \u00a0<\/a><\/u>nos advierte que un ambiente psicosocial positivo en la escuela puede influir en la salud mental y el bienestar de los j\u00f3venes y los profesores estamos entrelazados en la contextualizaci\u00f3n de ese entorno educativo. \u201cAnte esta situaci\u00f3n, el cuidado de l<strong>a salud mental de los docentes no solo es responsabilidad de ellos, sino que tambi\u00e9n requiere del apoyo del contexto educativo y de la sociedad en general<\/strong>. Tenemos que crear espacios <strong>donde los maestros puedan encontrar escucha activa, contenci\u00f3n emocional y apoyo mutuo, aparte del crecimiento profesional cognitivo.<\/strong><\/p>\n<p style=\"text-align: justify;\">No ignoremos la importancia del bienestar del maestro, que no se limita a un solo aspecto, sino que abarca diferentes dimensiones: emocional, intelectual, social, tecnol\u00f3gico, espiritual, f\u00edsico y econ\u00f3mico. <em>\u201cUn maestro con un bienestar integral estar\u00e1 mejor preparado para afrontar los retos de su profesi\u00f3n y brindar una educaci\u00f3n de calidad a sus estudiantes.\u201d<\/em> (Elena Marulanda P\u00e1ez, Universidad Javeriana).<\/p>\n<p>La Gaceta de la UNAM (M\u00e9xico) nos dice que\u00a0 \u201c<strong>cuando los educadores est\u00e1n emocionalmente bien, son m\u00e1s capaces de enfrentar los desaf\u00edos inherentes a la ense\u00f1anza con claridad y efectividad; <\/strong>adem\u00e1s, les permite establecer conexiones m\u00e1s s\u00f3lidas con sus estudiantes, fomentando as\u00ed un ambiente de aprendizaje positivo y de apoyo mutuo.\u201d Y debemos <strong>buscar proporcionar herramientas -a todos los profesores- que les ayuden a a cuidar su salud mental. <\/strong>La educaci\u00f3n emocional desborda el \u00e1mbito educativo\u00a0para participar en la prevenci\u00f3n primaria en salud, la prevenci\u00f3n de la violencia y la mejora en la calidad de vida. Sobre este punto descansa la convicci\u00f3n de nuestro trabajo como formadores no es para cualquiera, sino para aquellos que desean vivir una vocaci\u00f3n \u00fanica y singular.<\/p>\n<p><img loading=\"lazy\" decoding=\"async\" class=\"alignnone size-full wp-image-51111\" src=\"https:\/\/webdelmaestrocmf.com\/portal\/wp-content\/uploads\/2020\/09\/1-copia-28.jpg\" alt=\"\" width=\"1100\" height=\"680\" srcset=\"https:\/\/webdelmaestrocmf.com\/portal\/wp-content\/uploads\/2020\/09\/1-copia-28.jpg 1100w, https:\/\/webdelmaestrocmf.com\/portal\/wp-content\/uploads\/2020\/09\/1-copia-28-300x185.jpg 300w, https:\/\/webdelmaestrocmf.com\/portal\/wp-content\/uploads\/2020\/09\/1-copia-28-1024x633.jpg 1024w, https:\/\/webdelmaestrocmf.com\/portal\/wp-content\/uploads\/2020\/09\/1-copia-28-768x475.jpg 768w, https:\/\/webdelmaestrocmf.com\/portal\/wp-content\/uploads\/2020\/09\/1-copia-28-110x68.jpg 110w, https:\/\/webdelmaestrocmf.com\/portal\/wp-content\/uploads\/2020\/09\/1-copia-28-200x124.jpg 200w, https:\/\/webdelmaestrocmf.com\/portal\/wp-content\/uploads\/2020\/09\/1-copia-28-380x235.jpg 380w, https:\/\/webdelmaestrocmf.com\/portal\/wp-content\/uploads\/2020\/09\/1-copia-28-255x158.jpg 255w, https:\/\/webdelmaestrocmf.com\/portal\/wp-content\/uploads\/2020\/09\/1-copia-28-550x340.jpg 550w, https:\/\/webdelmaestrocmf.com\/portal\/wp-content\/uploads\/2020\/09\/1-copia-28-800x495.jpg 800w, https:\/\/webdelmaestrocmf.com\/portal\/wp-content\/uploads\/2020\/09\/1-copia-28-220x136.jpg 220w, https:\/\/webdelmaestrocmf.com\/portal\/wp-content\/uploads\/2020\/09\/1-copia-28-400x247.jpg 400w, https:\/\/webdelmaestrocmf.com\/portal\/wp-content\/uploads\/2020\/09\/1-copia-28-760x470.jpg 760w, https:\/\/webdelmaestrocmf.com\/portal\/wp-content\/uploads\/2020\/09\/1-copia-28-510x315.jpg 510w, https:\/\/webdelmaestrocmf.com\/portal\/wp-content\/uploads\/2020\/09\/1-copia-28-600x371.jpg 600w\" sizes=\"auto, (max-width: 1100px) 100vw, 1100px\" \/><\/p>\n<p style=\"text-align: justify;\">Quisi\u00e9ramos que estas dos publicaciones los motive, y entre ustedes se motiven, para que se sean capaces (valientes quisiera decir) de <strong>encontrar un<\/strong> <strong>momento <\/strong>del d\u00eda<strong>,<\/strong> <strong>un espacio <\/strong>para ustedes solos, <strong>un<\/strong> <strong>\u201ccerrar las puertas hacia el exterior<\/strong>\u201d, un <strong>encontrarse consigo mismos<\/strong>,\u00a0 un no temer el <strong>mirarse interiormente<\/strong>, un sentirse sensibles, vivos y afectivos, &#8230;\u00a0 \u00a0un <strong>contemplarse a s\u00ed mismos con amor y confianza<\/strong>.\u00a0 La pandemia fue una crisis y de una crisis de la cual no salimos iguales: o salimos mejores o salimos peores. \u201c<strong>Nosotros debemos salir mejores,<\/strong> para mejorar las injusticias sociales y la degradaci\u00f3n ambiental. Hoy tenemos una ocasi\u00f3n para construir algo diferente\u201d (Papa Francisco, 19\/08\/2020).<\/p>\n<p style=\"text-align: justify;\">Art\u00edculo anterior: <a href=\"https:\/\/webdelmaestrocmf.com\/portal\/recursos-para-fortalecer-y-mejorar-el-equilibrio-emocional-y-la-salud-mental-de-los-docentes-parte-i\/\" target=\"_blank\" rel=\"noopener noreferrer\"><strong>RECURSOS PARA FORTALECER Y MEJORAR EL EQUILIBRIO EMOCIONAL Y LA SALUD MENTAL DE LOS DOCENTES (PARTE I)<\/strong><\/a><\/p>\n<p style=\"text-align: justify;\">Por favor, <strong>t\u00f3mense un tiempo para preparar sus lecciones y el mejor manejo de los recursos tecnol\u00f3gicos digitales, pero tambi\u00e9n para fortalecer su vida interior <\/strong>y gozar de \u00f3ptima salud mental.\u00a0 Les compartimos, dos mensajes con sus respectivos videos: el poema atribuido al poeta uruguayo <strong>Mario Benedetti<\/strong> y otro del profesor cubano <strong>Alexis Valdes<\/strong>, que les podr\u00edan ser \u00fatiles para buscar otros y mejores caminos de sanaci\u00f3n espiritual.<\/p>\n<h2 style=\"text-align: left;\"><strong>NO TE RINDAS (05\u00b406\u201d)<\/strong><\/h2>\n<p style=\"text-align: justify;\">(Autor Desconocido. Atribuido a Mario Benedetti)<\/p>\n<p style=\"text-align: justify;\"><a href=\"https:\/\/www.youtube.com\/watch?v=vFa85_Moo-c\" target=\"_blank\" rel=\"noopener\"><img loading=\"lazy\" decoding=\"async\" class=\"alignnone size-large wp-image-100495\" src=\"https:\/\/webdelmaestrocmf.com\/portal\/wp-content\/uploads\/2020\/09\/Captura-de-Pantalla-2023-11-18-a-las-17.34.06-1024x576.webp\" alt=\"\" width=\"1024\" height=\"576\" srcset=\"https:\/\/webdelmaestrocmf.com\/portal\/wp-content\/uploads\/2020\/09\/Captura-de-Pantalla-2023-11-18-a-las-17.34.06-1024x576.webp 1024w, https:\/\/webdelmaestrocmf.com\/portal\/wp-content\/uploads\/2020\/09\/Captura-de-Pantalla-2023-11-18-a-las-17.34.06-300x169.webp 300w, https:\/\/webdelmaestrocmf.com\/portal\/wp-content\/uploads\/2020\/09\/Captura-de-Pantalla-2023-11-18-a-las-17.34.06-768x432.webp 768w, https:\/\/webdelmaestrocmf.com\/portal\/wp-content\/uploads\/2020\/09\/Captura-de-Pantalla-2023-11-18-a-las-17.34.06-1536x864.webp 1536w, https:\/\/webdelmaestrocmf.com\/portal\/wp-content\/uploads\/2020\/09\/Captura-de-Pantalla-2023-11-18-a-las-17.34.06-380x214.webp 380w, https:\/\/webdelmaestrocmf.com\/portal\/wp-content\/uploads\/2020\/09\/Captura-de-Pantalla-2023-11-18-a-las-17.34.06-550x310.webp 550w, https:\/\/webdelmaestrocmf.com\/portal\/wp-content\/uploads\/2020\/09\/Captura-de-Pantalla-2023-11-18-a-las-17.34.06-800x450.webp 800w, https:\/\/webdelmaestrocmf.com\/portal\/wp-content\/uploads\/2020\/09\/Captura-de-Pantalla-2023-11-18-a-las-17.34.06-1160x653.webp 1160w, https:\/\/webdelmaestrocmf.com\/portal\/wp-content\/uploads\/2020\/09\/Captura-de-Pantalla-2023-11-18-a-las-17.34.06.webp 1688w\" sizes=\"auto, (max-width: 1024px) 100vw, 1024px\" \/><\/a><\/p>\n<p style=\"text-align: justify;\">\u00abNo te rindas\u00bb<br \/>\nNo te rindas, a\u00fan est\u00e1s a tiempo<br \/>\nde alcanzar y comenzar de nuevo,<br \/>\naceptar tus sombras,<br \/>\nenterrar tus miedos,<br \/>\nliberar el lastre,<br \/>\nretomar el vuelo.<\/p>\n<p style=\"text-align: justify;\">No te rindas que la vida es eso,<br \/>\ncontinuar el viaje,<br \/>\nperseguir tus sue\u00f1os,<br \/>\ndestrabar el tiempo,<br \/>\ncorrer los escombros,<br \/>\ny destapar el cielo.<\/p>\n<p style=\"text-align: justify;\">No te rindas, por favor no cedas,<br \/>\naunque el fr\u00edo queme,<br \/>\naunque el miedo muerda,<br \/>\naunque el sol se esconda,<br \/>\ny se calle el viento.<br \/>\nA\u00fan hay fuego en tu alma<br \/>\na\u00fan hay vida en tus sue\u00f1os.<\/p>\n<p style=\"text-align: justify;\">Porque la vida es tuya y tuyo tambi\u00e9n el deseo<br \/>\nporque lo has querido y porque te quiero.<br \/>\nPorque existe el vino y el amor, es cierto.<br \/>\nPorque no hay heridas que no cure el tiempo.<\/p>\n<p style=\"text-align: justify;\">Abrir las puertas,<br \/>\nquitar los cerrojos,<br \/>\nabandonar las murallas que te protegieron,<br \/>\nvivir la vida y aceptar el reto,<br \/>\nrecuperar la risa,<br \/>\nensayar un canto,<br \/>\nbajar la guardia y extender las manos<br \/>\ndesplegar las alas<br \/>\ne intentar de nuevo,<br \/>\ncelebrar la vida y retomar los cielos.<\/p>\n<p style=\"text-align: justify;\">No te rindas, por favor no cedas,<br \/>\naunque el fr\u00edo queme,<br \/>\naunque el miedo muerda,<br \/>\naunque el sol se ponga y se calle el viento,<br \/>\na\u00fan hay fuego en tu alma,<br \/>\na\u00fan hay vida en tus sue\u00f1os<\/p>\n<p style=\"text-align: justify;\">Porque cada d\u00eda es un comienzo nuevo,<br \/>\nporque esta es la hora y el mejor momento.<br \/>\nporque no est\u00e1s solo, porque yo te quiero\u201d.<strong>\u00a0<\/strong><\/p>\n<h2 style=\"text-align: left;\"><strong>ESPERANZA <\/strong><span style=\"font-family: -apple-system, BlinkMacSystemFont, 'Segoe UI', Roboto, 'Helvetica Neue', Arial, 'Noto Sans', sans-serif, 'Apple Color Emoji', 'Segoe UI Emoji', 'Segoe UI Symbol', 'Noto Color Emoji';\">(02\u00b444\u201d)<\/span><\/h2>\n<p style=\"text-align: justify;\">(Alexis Valdez)<\/p>\n<p><a href=\"https:\/\/www.youtube.com\/watch?v=mHds-kT00f4\" target=\"_blank\" rel=\"noopener\"><img loading=\"lazy\" decoding=\"async\" class=\"alignnone size-large wp-image-100497\" src=\"https:\/\/webdelmaestrocmf.com\/portal\/wp-content\/uploads\/2020\/09\/Captura-de-Pantalla-2023-11-18-a-las-17.35.17-1024x603.webp\" alt=\"\" width=\"1024\" height=\"603\" srcset=\"https:\/\/webdelmaestrocmf.com\/portal\/wp-content\/uploads\/2020\/09\/Captura-de-Pantalla-2023-11-18-a-las-17.35.17-1024x603.webp 1024w, https:\/\/webdelmaestrocmf.com\/portal\/wp-content\/uploads\/2020\/09\/Captura-de-Pantalla-2023-11-18-a-las-17.35.17-300x177.webp 300w, https:\/\/webdelmaestrocmf.com\/portal\/wp-content\/uploads\/2020\/09\/Captura-de-Pantalla-2023-11-18-a-las-17.35.17-768x452.webp 768w, https:\/\/webdelmaestrocmf.com\/portal\/wp-content\/uploads\/2020\/09\/Captura-de-Pantalla-2023-11-18-a-las-17.35.17-380x224.webp 380w, https:\/\/webdelmaestrocmf.com\/portal\/wp-content\/uploads\/2020\/09\/Captura-de-Pantalla-2023-11-18-a-las-17.35.17-550x324.webp 550w, https:\/\/webdelmaestrocmf.com\/portal\/wp-content\/uploads\/2020\/09\/Captura-de-Pantalla-2023-11-18-a-las-17.35.17-800x471.webp 800w, https:\/\/webdelmaestrocmf.com\/portal\/wp-content\/uploads\/2020\/09\/Captura-de-Pantalla-2023-11-18-a-las-17.35.17-1160x683.webp 1160w, https:\/\/webdelmaestrocmf.com\/portal\/wp-content\/uploads\/2020\/09\/Captura-de-Pantalla-2023-11-18-a-las-17.35.17.webp 1346w\" sizes=\"auto, (max-width: 1024px) 100vw, 1024px\" \/><\/a><\/p>\n<p style=\"text-align: justify;\">Cuando la tormenta pase<br \/>\ny se amansen los caminos<br \/>\ny seamos sobrevivientes<br \/>\nde un naufragio colectivo.<\/p>\n<p style=\"text-align: justify;\">Con el coraz\u00f3n lloroso<br \/>\ny el destino bendecido<br \/>\nnos sentiremos dichosos<br \/>\ntan s\u00f3lo por estar vivos.<\/p>\n<p style=\"text-align: justify;\">Y le daremos un abrazo<br \/>\nal primer desconocido<br \/>\ny alabaremos la suerte<br \/>\nde conservar un amigo.<\/p>\n<p style=\"text-align: justify;\">Y entonces recordaremos<br \/>\ntodo aquello que perdimos<br \/>\ny de una vez aprenderemos<br \/>\ntodo lo que no aprendimos.<\/p>\n<p style=\"text-align: justify;\">Ya no tendremos envidia<br \/>\npues todos habr\u00e1n sufrido.<br \/>\nYa no tendremos desidia,<br \/>\nseremos m\u00e1s compasivos.<\/p>\n<p style=\"text-align: justify;\">Valdr\u00e1 m\u00e1s lo que es de todos<br \/>\nque lo jamas conseguido.<br \/>\nSeremos m\u00e1s generosos<br \/>\ny mucho m\u00e1s comprometidos.<\/p>\n<p style=\"text-align: justify;\">Entenderemos lo fr\u00e1gil<br \/>\nque significa estar vivos.<br \/>\nSudaremos empat\u00eda<br \/>\npor quien est\u00e1 y quien se ha ido.<\/p>\n<p style=\"text-align: justify;\">Extra\u00f1aremos al viejo<br \/>\nque ped\u00eda un peso en el mercado,<br \/>\nque no supimos su nombre<br \/>\ny siempre estuvo a tu lado.<\/p>\n<p style=\"text-align: justify;\">Y quiz\u00e1s el viejo pobre<br \/>\nera tu Dios disfrazado.<br \/>\nNunca preguntaste el nombre<br \/>\nporque estabas apurado.<\/p>\n<p style=\"text-align: justify;\">Y todo ser\u00e1 un milagro.<br \/>\nY todo ser\u00e1 un legado.<br \/>\nY se respetar\u00e1 la vida,<br \/>\nla vida que hemos ganado.<\/p>\n<p style=\"text-align: justify;\">Cuando la tormenta pase<br \/>\nte pido Dios, apenado,<br \/>\nque nos devuelvas mejores,<br \/>\ncomo nos hab\u00edas so\u00f1ado.<\/p>\n<p style=\"text-align: justify;\"><strong>Para la buena salud emocional y mental de los profesores no hay manuales, ni orientaciones escritas, ni t\u00e9cnicas m\u00e1gicas,<\/strong> &#8230; solo necesita que usted tome la determinaci\u00f3n personal\u00edsima de preocuparse por sus salud emocional, su equilibrio psicol\u00f3gico, &#8230; su vida interior; asumir con decisi\u00f3n una actitud trascendente, como es en esencia su vocaci\u00f3n docente; volver a apreciar su experiencia de vida, encontrar nuevos y renovados caminos para disfrutar su rol de maestro y (si lo es) padre o madre de familia; decidirse a conocer, construir y estimar su autovaloraci\u00f3n y autoestima, &#8230; desarrollar esta dimensi\u00f3n de su ser usted mismo. <strong>Despu\u00e9s de esto, y solo despu\u00e9s, emb\u00e1rquese en la noble tarea de ayudar a sus padres de familia y estudiantes<\/strong>, despierte en ellos el deseo de conocer, descubrir, aprender, inventar, &#8230; <em>caminando junto a ellos, respetando sus ritmos, sus tiempos, sus pausas, y su propio crecimiento<\/em>.<\/p>\n<p style=\"text-align: justify;\">Cuide su vida interior, busque (de ser necesario) la ayuda de un amigo o un profesional en caso lo necesite, y crezca de adentro hacia afuera, para resguardarse de tantas amenazas, peligros y arideces, que tiene este camino de la tarea docente, porque \u201ca\u00fan hay fuego en tu alma\/ a\u00fan hay vida en tus sue\u00f1os\u201d,<\/p>\n<p style=\"text-align: right;\"><strong>REDACCI\u00d3N WEB DEL MAESTRO CMF<\/strong><\/p>\n\t\t<div class=\"pk-inline-posts\">\n\t\t\t\n\t\t\t<div class=\"pk-inline-posts-container pk-inline-posts-template-list\"\n\t\t\t\tdata-columns=\"1\">\n\t\t\t\t\t\t<article id=\"post-17756\" class=\"post-17756 post type-post status-publish format-standard has-post-thumbnail category-jamb tag-dia tag-dia-del-trabajo tag-jorge-bergoglio tag-maestros tag-trabajo cs-entry cs-video-wrap\">\n\t\t\t<div class=\"pk-post-outer\">\n\n\t\t\t\t\t\t\t\t<div class=\"pk-post-inner\">\n\t\t\t\t\t<div class=\"entry-thumbnail\">\n\t\t\t\t\t\t<div class=\"pk-overlay pk-overlay-ratio pk-ratio-landscape\">\n\t\t\t\t\t\t\t<div class=\"pk-overlay-background\">\n\t\t\t\t\t\t\t\t<a href=\"https:\/\/webdelmaestrocmf.com\/portal\/dia-del-trabajo-maestros-gracias-lo-hacen\/\" class=\"pk-overlay-link\">\n\t\t\t\t\t\t\t\t\t<img loading=\"lazy\" decoding=\"async\" width=\"300\" height=\"225\" src=\"https:\/\/webdelmaestrocmf.com\/portal\/wp-content\/uploads\/2023\/05\/Banner-1-portada-imagen-10-1-55-300x225.jpg\" class=\"attachment-pk-thumbnail size-pk-thumbnail wp-post-image\" alt=\"d\u00eda del trabajo\" \/>\t\t\t\t\t\t\t\t<\/a>\n\t\t\t\t\t\t\t<\/div>\n\t\t\t\t\t\t<\/div>\n\t\t\t\t\t<\/div>\n\t\t\t\t<\/div>\n\t\t\t\t\n\t\t\t\t<div class=\"pk-post-inner\">\n\t\t\t\t\t<header>\n\t\t\t\t\t\t<h3 class=\"pk-title\"><a href=\"https:\/\/webdelmaestrocmf.com\/portal\/dia-del-trabajo-maestros-gracias-lo-hacen\/\" rel=\"bookmark\">D\u00eda Internacional de los Trabajadores: Maestros, \u00a1gracias por lo que hacen!<\/a><\/h3>\t\t\t\t\t<\/header><!-- .entry-header -->\n\t\t\t\t<\/div><!-- .post-inner -->\n\n\t\t\t<\/div><!-- .post-outer -->\n\t\t<\/article>\n\t\t\t<article id=\"post-118333\" class=\"post-118333 post type-post status-publish format-standard has-post-thumbnail category-jamb tag-apego tag-crianza tag-docentes tag-educacion tag-escuela tag-familia tag-infancia tag-responsabilidad tag-vinculo cs-entry cs-video-wrap\">\n\t\t\t<div class=\"pk-post-outer\">\n\n\t\t\t\t\t\t\t\t<div class=\"pk-post-inner\">\n\t\t\t\t\t<div class=\"entry-thumbnail\">\n\t\t\t\t\t\t<div class=\"pk-overlay pk-overlay-ratio pk-ratio-landscape\">\n\t\t\t\t\t\t\t<div class=\"pk-overlay-background\">\n\t\t\t\t\t\t\t\t<a href=\"https:\/\/webdelmaestrocmf.com\/portal\/el-sistema-nos-rompe-a-todos-y-a-los-ninos-primero\/\" class=\"pk-overlay-link\">\n\t\t\t\t\t\t\t\t\t<img loading=\"lazy\" decoding=\"async\" width=\"300\" height=\"225\" src=\"https:\/\/webdelmaestrocmf.com\/portal\/wp-content\/uploads\/2026\/04\/1AA-Banner-1-portada-imagen-10-1-copia-2-300x225.jpg\" class=\"attachment-pk-thumbnail size-pk-thumbnail wp-post-image\" alt=\"\" \/>\t\t\t\t\t\t\t\t<\/a>\n\t\t\t\t\t\t\t<\/div>\n\t\t\t\t\t\t<\/div>\n\t\t\t\t\t<\/div>\n\t\t\t\t<\/div>\n\t\t\t\t\n\t\t\t\t<div class=\"pk-post-inner\">\n\t\t\t\t\t<header>\n\t\t\t\t\t\t<h3 class=\"pk-title\"><a href=\"https:\/\/webdelmaestrocmf.com\/portal\/el-sistema-nos-rompe-a-todos-y-a-los-ninos-primero\/\" rel=\"bookmark\">El sistema nos rompe a todos\u2026 y a los ni\u00f1os primero<\/a><\/h3>\t\t\t\t\t<\/header><!-- .entry-header -->\n\t\t\t\t<\/div><!-- .post-inner -->\n\n\t\t\t<\/div><!-- .post-outer -->\n\t\t<\/article>\n\t\t\t<article id=\"post-118324\" class=\"post-118324 post type-post status-publish format-standard has-post-thumbnail category-jamb tag-administracion-educativa tag-calidad-educativa tag-comunidad-educativa tag-direccion-escolar tag-educacion-digital tag-gestion-escolar tag-innovacion-educativa tag-liderazgo-educativo tag-mejora-continua tag-planificacion-educativa cs-entry cs-video-wrap\">\n\t\t\t<div class=\"pk-post-outer\">\n\n\t\t\t\t\t\t\t\t<div class=\"pk-post-inner\">\n\t\t\t\t\t<div class=\"entry-thumbnail\">\n\t\t\t\t\t\t<div class=\"pk-overlay pk-overlay-ratio pk-ratio-landscape\">\n\t\t\t\t\t\t\t<div class=\"pk-overlay-background\">\n\t\t\t\t\t\t\t\t<a href=\"https:\/\/webdelmaestrocmf.com\/portal\/la-administracion-educativa-el-pilar-silencioso-que-sostiene-la-escuela-administrar-o-gestionar-una-comunidad-educativa-es-lo-mismo\/\" class=\"pk-overlay-link\">\n\t\t\t\t\t\t\t\t\t<img loading=\"lazy\" decoding=\"async\" width=\"300\" height=\"225\" src=\"https:\/\/webdelmaestrocmf.com\/portal\/wp-content\/uploads\/2026\/04\/1AA-Banner-1-portada-imagen-10-1-copia-6-4-300x225.webp\" class=\"attachment-pk-thumbnail size-pk-thumbnail wp-post-image\" alt=\"\" \/>\t\t\t\t\t\t\t\t<\/a>\n\t\t\t\t\t\t\t<\/div>\n\t\t\t\t\t\t<\/div>\n\t\t\t\t\t<\/div>\n\t\t\t\t<\/div>\n\t\t\t\t\n\t\t\t\t<div class=\"pk-post-inner\">\n\t\t\t\t\t<header>\n\t\t\t\t\t\t<h3 class=\"pk-title\"><a href=\"https:\/\/webdelmaestrocmf.com\/portal\/la-administracion-educativa-el-pilar-silencioso-que-sostiene-la-escuela-administrar-o-gestionar-una-comunidad-educativa-es-lo-mismo\/\" rel=\"bookmark\">La administraci\u00f3n educativa: el pilar silencioso que sostiene la escuela. \u00bfAdministrar o gestionar una comunidad educativa es lo mismo?<\/a><\/h3>\t\t\t\t\t<\/header><!-- .entry-header -->\n\t\t\t\t<\/div><!-- .post-inner -->\n\n\t\t\t<\/div><!-- .post-outer -->\n\t\t<\/article>\n\t\t\t\t<\/div>\n\t\t<\/div>\n\t\t\n","protected":false},"excerpt":{"rendered":"La psic\u00f3loga Mar\u00eda Jes\u00fas \u00c1lava nos dice que durante el confinamiento, cada uno sinti\u00f3 que el cuidarse a&hellip;","protected":false},"author":1,"featured_media":51112,"comment_status":"open","ping_status":"closed","sticky":false,"template":"","format":"standard","meta":{"csco_display_header_overlay":false,"csco_singular_sidebar":"default","csco_page_header_type":"default","csco_page_load_nextpost":"default","csco_post_video_location":[],"csco_post_video_location_hash":"","csco_post_video_url":"","csco_post_video_bg_start_time":0,"csco_post_video_bg_end_time":0,"csco_post_video_bg_volume":false,"_jetpack_memberships_contains_paid_content":false,"footnotes":""},"categories":[61],"tags":[5620,1302,4796,55,399,5340,5618,2689,5623,5622,5619,3671,4863,2497,1084,1205,5621,1284,163],"class_list":{"0":"post-51110","1":"post","2":"type-post","3":"status-publish","4":"format-standard","5":"has-post-thumbnail","7":"category-jamb","8":"tag-alexis","9":"tag-autoestima","10":"tag-distancia","11":"tag-educacion","12":"tag-emocional","13":"tag-equilibrio","14":"tag-equilibrio-emocional","15":"tag-humanas","16":"tag-humildad","17":"tag-madurez","18":"tag-mario-benedetti","19":"tag-mental","20":"tag-pandemia","21":"tag-relaciones","22":"tag-resiliencia","23":"tag-salud","24":"tag-valdes","25":"tag-video","26":"tag-vocacion","27":"cs-entry","28":"cs-video-wrap"},"yoast_head":"<!-- This site is optimized with the Yoast SEO plugin v27.5 - https:\/\/yoast.com\/product\/yoast-seo-wordpress\/ -->\n<title>Equilibrio emocional y la salud mental de los docentes (Parte II) - 2026<\/title>\n<meta name=\"description\" content=\"La psic\u00f3loga Mar\u00eda Jes\u00fas \u00c1lava nos dice que \u201cdurante el confinamiento, cuidarse a uno mismo es fundamental. Que est\u00e9s encerrado...\" \/>\n<meta name=\"robots\" content=\"index, follow, max-snippet:-1, max-image-preview:large, max-video-preview:-1\" \/>\n<link rel=\"canonical\" href=\"https:\/\/webdelmaestrocmf.com\/portal\/recursos-para-fortalecer-y-mejorar-el-equilibrio-emocional-y-la-salud-mental-de-los-docentes-parte-ii\/\" \/>\n<meta property=\"og:locale\" content=\"es_ES\" \/>\n<meta property=\"og:type\" content=\"article\" \/>\n<meta property=\"og:title\" content=\"Equilibrio emocional y la salud mental de los docentes (Parte II) - 2026\" \/>\n<meta property=\"og:description\" content=\"La psic\u00f3loga Mar\u00eda Jes\u00fas \u00c1lava nos dice que \u201cdurante el confinamiento, cuidarse a uno mismo es fundamental. Que est\u00e9s encerrado...\" \/>\n<meta property=\"og:url\" content=\"https:\/\/webdelmaestrocmf.com\/portal\/recursos-para-fortalecer-y-mejorar-el-equilibrio-emocional-y-la-salud-mental-de-los-docentes-parte-ii\/\" \/>\n<meta property=\"og:site_name\" content=\"Web del Maestro CMF\" \/>\n<meta property=\"article:publisher\" content=\"https:\/\/www.facebook.com\/WebdelMaestroCMF\/\" \/>\n<meta property=\"article:author\" content=\"https:\/\/www.facebook.com\/WebdelMaestroCMF\/\" \/>\n<meta property=\"article:published_time\" content=\"2020-09-07T01:26:48+00:00\" \/>\n<meta property=\"article:modified_time\" content=\"2025-01-04T17:33:51+00:00\" \/>\n<meta property=\"og:image\" content=\"https:\/\/webdelmaestrocmf.com\/portal\/wp-content\/uploads\/2020\/09\/1-copia-29.jpg\" \/>\n\t<meta property=\"og:image:width\" content=\"1100\" \/>\n\t<meta property=\"og:image:height\" content=\"680\" \/>\n\t<meta property=\"og:image:type\" content=\"image\/jpeg\" \/>\n<meta name=\"author\" content=\"Web del Maestro CMF\" \/>\n<meta name=\"twitter:card\" content=\"summary_large_image\" \/>\n<meta name=\"twitter:creator\" content=\"@cmf_w\" \/>\n<meta name=\"twitter:site\" content=\"@cmf_w\" \/>\n<script type=\"application\/ld+json\" class=\"yoast-schema-graph\">{\"@context\":\"https:\\\/\\\/schema.org\",\"@graph\":[{\"@type\":\"ScholarlyArticle\",\"@id\":\"https:\\\/\\\/webdelmaestrocmf.com\\\/portal\\\/recursos-para-fortalecer-y-mejorar-el-equilibrio-emocional-y-la-salud-mental-de-los-docentes-parte-ii\\\/#article\",\"isPartOf\":{\"@id\":\"https:\\\/\\\/webdelmaestrocmf.com\\\/portal\\\/recursos-para-fortalecer-y-mejorar-el-equilibrio-emocional-y-la-salud-mental-de-los-docentes-parte-ii\\\/\"},\"author\":{\"name\":\"Web del Maestro CMF\",\"@id\":\"https:\\\/\\\/webdelmaestrocmf.com\\\/portal\\\/#\\\/schema\\\/person\\\/1072a2ed7bd960df8ef99a551fa35dc5\"},\"headline\":\"Equilibrio emocional y la salud mental de los docentes (Parte II)\",\"datePublished\":\"2020-09-07T01:26:48+00:00\",\"dateModified\":\"2025-01-04T17:33:51+00:00\",\"mainEntityOfPage\":{\"@id\":\"https:\\\/\\\/webdelmaestrocmf.com\\\/portal\\\/recursos-para-fortalecer-y-mejorar-el-equilibrio-emocional-y-la-salud-mental-de-los-docentes-parte-ii\\\/\"},\"wordCount\":1661,\"commentCount\":0,\"publisher\":{\"@id\":\"https:\\\/\\\/webdelmaestrocmf.com\\\/portal\\\/#organization\"},\"image\":{\"@id\":\"https:\\\/\\\/webdelmaestrocmf.com\\\/portal\\\/recursos-para-fortalecer-y-mejorar-el-equilibrio-emocional-y-la-salud-mental-de-los-docentes-parte-ii\\\/#primaryimage\"},\"thumbnailUrl\":\"https:\\\/\\\/webdelmaestrocmf.com\\\/portal\\\/wp-content\\\/uploads\\\/2020\\\/09\\\/1-copia-29.jpg\",\"keywords\":[\"ALEXIS\",\"AUTOESTIMA\",\"distancia\",\"EDUCACI\u00d3N\",\"EMOCIONAL\",\"equilibrio\",\"EQUILIBRIO EMOCIONAL\",\"HUMANAS\",\"HUMILDAD\",\"MADUREZ\",\"MARIO BENEDETTI\",\"MENTAL\",\"pandemia\",\"RELACIONES\",\"resiliencia\",\"salud\",\"VALDES\",\"video\",\"Vocaci\u00f3n\"],\"articleSection\":[\"Yo opino - WMCMF\"],\"inLanguage\":\"es\",\"potentialAction\":[{\"@type\":\"CommentAction\",\"name\":\"Comment\",\"target\":[\"https:\\\/\\\/webdelmaestrocmf.com\\\/portal\\\/recursos-para-fortalecer-y-mejorar-el-equilibrio-emocional-y-la-salud-mental-de-los-docentes-parte-ii\\\/#respond\"]}]},{\"@type\":\"WebPage\",\"@id\":\"https:\\\/\\\/webdelmaestrocmf.com\\\/portal\\\/recursos-para-fortalecer-y-mejorar-el-equilibrio-emocional-y-la-salud-mental-de-los-docentes-parte-ii\\\/\",\"url\":\"https:\\\/\\\/webdelmaestrocmf.com\\\/portal\\\/recursos-para-fortalecer-y-mejorar-el-equilibrio-emocional-y-la-salud-mental-de-los-docentes-parte-ii\\\/\",\"name\":\"Equilibrio emocional y la salud mental de los docentes (Parte II) - 2026\",\"isPartOf\":{\"@id\":\"https:\\\/\\\/webdelmaestrocmf.com\\\/portal\\\/#website\"},\"primaryImageOfPage\":{\"@id\":\"https:\\\/\\\/webdelmaestrocmf.com\\\/portal\\\/recursos-para-fortalecer-y-mejorar-el-equilibrio-emocional-y-la-salud-mental-de-los-docentes-parte-ii\\\/#primaryimage\"},\"image\":{\"@id\":\"https:\\\/\\\/webdelmaestrocmf.com\\\/portal\\\/recursos-para-fortalecer-y-mejorar-el-equilibrio-emocional-y-la-salud-mental-de-los-docentes-parte-ii\\\/#primaryimage\"},\"thumbnailUrl\":\"https:\\\/\\\/webdelmaestrocmf.com\\\/portal\\\/wp-content\\\/uploads\\\/2020\\\/09\\\/1-copia-29.jpg\",\"datePublished\":\"2020-09-07T01:26:48+00:00\",\"dateModified\":\"2025-01-04T17:33:51+00:00\",\"description\":\"La psic\u00f3loga Mar\u00eda Jes\u00fas \u00c1lava nos dice que \u201cdurante el confinamiento, cuidarse a uno mismo es fundamental. Que est\u00e9s encerrado...\",\"breadcrumb\":{\"@id\":\"https:\\\/\\\/webdelmaestrocmf.com\\\/portal\\\/recursos-para-fortalecer-y-mejorar-el-equilibrio-emocional-y-la-salud-mental-de-los-docentes-parte-ii\\\/#breadcrumb\"},\"inLanguage\":\"es\",\"potentialAction\":[{\"@type\":\"ReadAction\",\"target\":[\"https:\\\/\\\/webdelmaestrocmf.com\\\/portal\\\/recursos-para-fortalecer-y-mejorar-el-equilibrio-emocional-y-la-salud-mental-de-los-docentes-parte-ii\\\/\"]}]},{\"@type\":\"ImageObject\",\"inLanguage\":\"es\",\"@id\":\"https:\\\/\\\/webdelmaestrocmf.com\\\/portal\\\/recursos-para-fortalecer-y-mejorar-el-equilibrio-emocional-y-la-salud-mental-de-los-docentes-parte-ii\\\/#primaryimage\",\"url\":\"https:\\\/\\\/webdelmaestrocmf.com\\\/portal\\\/wp-content\\\/uploads\\\/2020\\\/09\\\/1-copia-29.jpg\",\"contentUrl\":\"https:\\\/\\\/webdelmaestrocmf.com\\\/portal\\\/wp-content\\\/uploads\\\/2020\\\/09\\\/1-copia-29.jpg\",\"width\":1100,\"height\":680},{\"@type\":\"BreadcrumbList\",\"@id\":\"https:\\\/\\\/webdelmaestrocmf.com\\\/portal\\\/recursos-para-fortalecer-y-mejorar-el-equilibrio-emocional-y-la-salud-mental-de-los-docentes-parte-ii\\\/#breadcrumb\",\"itemListElement\":[{\"@type\":\"ListItem\",\"position\":1,\"name\":\"Portada\",\"item\":\"https:\\\/\\\/webdelmaestrocmf.com\\\/portal\\\/\"},{\"@type\":\"ListItem\",\"position\":2,\"name\":\"Yo opino - WMCMF\",\"item\":\"https:\\\/\\\/webdelmaestrocmf.com\\\/portal\\\/category\\\/jamb\\\/\"},{\"@type\":\"ListItem\",\"position\":3,\"name\":\"Equilibrio emocional y la salud mental de los docentes (Parte II)\"}]},{\"@type\":\"WebSite\",\"@id\":\"https:\\\/\\\/webdelmaestrocmf.com\\\/portal\\\/#website\",\"url\":\"https:\\\/\\\/webdelmaestrocmf.com\\\/portal\\\/\",\"name\":\"Web del Maestro CMF\",\"description\":\"Maestros al servicio de la educaci\u00f3n\",\"publisher\":{\"@id\":\"https:\\\/\\\/webdelmaestrocmf.com\\\/portal\\\/#organization\"},\"alternateName\":\"WMCMF\",\"potentialAction\":[{\"@type\":\"SearchAction\",\"target\":{\"@type\":\"EntryPoint\",\"urlTemplate\":\"https:\\\/\\\/webdelmaestrocmf.com\\\/portal\\\/?s={search_term_string}\"},\"query-input\":{\"@type\":\"PropertyValueSpecification\",\"valueRequired\":true,\"valueName\":\"search_term_string\"}}],\"inLanguage\":\"es\"},{\"@type\":\"Organization\",\"@id\":\"https:\\\/\\\/webdelmaestrocmf.com\\\/portal\\\/#organization\",\"name\":\"Web del Maestro CMF\",\"alternateName\":\"WMCMF\",\"url\":\"https:\\\/\\\/webdelmaestrocmf.com\\\/portal\\\/\",\"logo\":{\"@type\":\"ImageObject\",\"inLanguage\":\"es\",\"@id\":\"https:\\\/\\\/webdelmaestrocmf.com\\\/portal\\\/#\\\/schema\\\/logo\\\/image\\\/\",\"url\":\"https:\\\/\\\/webdelmaestrocmf.com\\\/portal\\\/wp-content\\\/uploads\\\/2023\\\/01\\\/logo-wmcmf-2.png\",\"contentUrl\":\"https:\\\/\\\/webdelmaestrocmf.com\\\/portal\\\/wp-content\\\/uploads\\\/2023\\\/01\\\/logo-wmcmf-2.png\",\"width\":200,\"height\":60,\"caption\":\"Web del Maestro CMF\"},\"image\":{\"@id\":\"https:\\\/\\\/webdelmaestrocmf.com\\\/portal\\\/#\\\/schema\\\/logo\\\/image\\\/\"},\"sameAs\":[\"https:\\\/\\\/www.facebook.com\\\/WebdelMaestroCMF\\\/\",\"https:\\\/\\\/x.com\\\/cmf_w\",\"https:\\\/\\\/www.pinterest.com\\\/WMCMF\\\/\",\"https:\\\/\\\/www.linkedin.com\\\/company\\\/web-del-maestro-cmf\\\/\",\"https:\\\/\\\/www.instagram.com\\\/wmcmf\\\/\",\"https:\\\/\\\/www.youtube.com\\\/channel\\\/UCDPSvjbdodE5sHnC3OxutHw\",\"https:\\\/\\\/mastodon.social\\\/@wmcmf\",\"https:\\\/\\\/www.tiktok.com\\\/@webdelmaestrocmf\"]},{\"@type\":\"Person\",\"@id\":\"https:\\\/\\\/webdelmaestrocmf.com\\\/portal\\\/#\\\/schema\\\/person\\\/1072a2ed7bd960df8ef99a551fa35dc5\",\"name\":\"Web del Maestro CMF\",\"image\":{\"@type\":\"ImageObject\",\"inLanguage\":\"es\",\"@id\":\"https:\\\/\\\/secure.gravatar.com\\\/avatar\\\/23291dd5b5ae1077dcff3dbb04c3e02bd28403fa75af6d8787d5e97c5bbbe30b?s=96&d=mm&r=g\",\"url\":\"https:\\\/\\\/secure.gravatar.com\\\/avatar\\\/23291dd5b5ae1077dcff3dbb04c3e02bd28403fa75af6d8787d5e97c5bbbe30b?s=96&d=mm&r=g\",\"contentUrl\":\"https:\\\/\\\/secure.gravatar.com\\\/avatar\\\/23291dd5b5ae1077dcff3dbb04c3e02bd28403fa75af6d8787d5e97c5bbbe30b?s=96&d=mm&r=g\",\"caption\":\"Web del Maestro CMF\"},\"description\":\"Esta Web se cre\u00f3 sin fines de lucro, con fines educativos, cient\u00edficos y acad\u00e9micos, para personas que tengan dificultades y\\\/o inconvenientes en visualizar el material original. El objetivo es entregar recursos, compartir experiencias y materiales que ayuden a los padres de familia, maestros y estudiantes en su actualizaci\u00f3n y formaci\u00f3n permanente, en bien de la Educaci\u00f3n.\",\"sameAs\":[\"http:\\\/\\\/webdelmaestrocmf.com\\\/portal\",\"https:\\\/\\\/www.facebook.com\\\/WebdelMaestroCMF\\\/\",\"https:\\\/\\\/www.instagram.com\\\/wmcmf\\\/\",\"https:\\\/\\\/cl.linkedin.com\\\/company\\\/web-del-maestro-cmf\",\"https:\\\/\\\/www.pinterest.com\\\/WMCMF\\\/publicaciones\\\/\",\"https:\\\/\\\/x.com\\\/cmf_w\",\"https:\\\/\\\/www.youtube.com\\\/@WMCMF\"]}]}<\/script>\n<!-- \/ Yoast SEO plugin. -->","yoast_head_json":{"title":"Equilibrio emocional y la salud mental de los docentes (Parte II) - 2026","description":"La psic\u00f3loga Mar\u00eda Jes\u00fas \u00c1lava nos dice que \u201cdurante el confinamiento, cuidarse a uno mismo es fundamental. Que est\u00e9s encerrado...","robots":{"index":"index","follow":"follow","max-snippet":"max-snippet:-1","max-image-preview":"max-image-preview:large","max-video-preview":"max-video-preview:-1"},"canonical":"https:\/\/webdelmaestrocmf.com\/portal\/recursos-para-fortalecer-y-mejorar-el-equilibrio-emocional-y-la-salud-mental-de-los-docentes-parte-ii\/","og_locale":"es_ES","og_type":"article","og_title":"Equilibrio emocional y la salud mental de los docentes (Parte II) - 2026","og_description":"La psic\u00f3loga Mar\u00eda Jes\u00fas \u00c1lava nos dice que \u201cdurante el confinamiento, cuidarse a uno mismo es fundamental. Que est\u00e9s encerrado...","og_url":"https:\/\/webdelmaestrocmf.com\/portal\/recursos-para-fortalecer-y-mejorar-el-equilibrio-emocional-y-la-salud-mental-de-los-docentes-parte-ii\/","og_site_name":"Web del Maestro CMF","article_publisher":"https:\/\/www.facebook.com\/WebdelMaestroCMF\/","article_author":"https:\/\/www.facebook.com\/WebdelMaestroCMF\/","article_published_time":"2020-09-07T01:26:48+00:00","article_modified_time":"2025-01-04T17:33:51+00:00","og_image":[{"width":1100,"height":680,"url":"https:\/\/webdelmaestrocmf.com\/portal\/wp-content\/uploads\/2020\/09\/1-copia-29.jpg","type":"image\/jpeg"}],"author":"Web del Maestro CMF","twitter_card":"summary_large_image","twitter_creator":"@cmf_w","twitter_site":"@cmf_w","schema":{"@context":"https:\/\/schema.org","@graph":[{"@type":"ScholarlyArticle","@id":"https:\/\/webdelmaestrocmf.com\/portal\/recursos-para-fortalecer-y-mejorar-el-equilibrio-emocional-y-la-salud-mental-de-los-docentes-parte-ii\/#article","isPartOf":{"@id":"https:\/\/webdelmaestrocmf.com\/portal\/recursos-para-fortalecer-y-mejorar-el-equilibrio-emocional-y-la-salud-mental-de-los-docentes-parte-ii\/"},"author":{"name":"Web del Maestro CMF","@id":"https:\/\/webdelmaestrocmf.com\/portal\/#\/schema\/person\/1072a2ed7bd960df8ef99a551fa35dc5"},"headline":"Equilibrio emocional y la salud mental de los docentes (Parte II)","datePublished":"2020-09-07T01:26:48+00:00","dateModified":"2025-01-04T17:33:51+00:00","mainEntityOfPage":{"@id":"https:\/\/webdelmaestrocmf.com\/portal\/recursos-para-fortalecer-y-mejorar-el-equilibrio-emocional-y-la-salud-mental-de-los-docentes-parte-ii\/"},"wordCount":1661,"commentCount":0,"publisher":{"@id":"https:\/\/webdelmaestrocmf.com\/portal\/#organization"},"image":{"@id":"https:\/\/webdelmaestrocmf.com\/portal\/recursos-para-fortalecer-y-mejorar-el-equilibrio-emocional-y-la-salud-mental-de-los-docentes-parte-ii\/#primaryimage"},"thumbnailUrl":"https:\/\/webdelmaestrocmf.com\/portal\/wp-content\/uploads\/2020\/09\/1-copia-29.jpg","keywords":["ALEXIS","AUTOESTIMA","distancia","EDUCACI\u00d3N","EMOCIONAL","equilibrio","EQUILIBRIO EMOCIONAL","HUMANAS","HUMILDAD","MADUREZ","MARIO BENEDETTI","MENTAL","pandemia","RELACIONES","resiliencia","salud","VALDES","video","Vocaci\u00f3n"],"articleSection":["Yo opino - WMCMF"],"inLanguage":"es","potentialAction":[{"@type":"CommentAction","name":"Comment","target":["https:\/\/webdelmaestrocmf.com\/portal\/recursos-para-fortalecer-y-mejorar-el-equilibrio-emocional-y-la-salud-mental-de-los-docentes-parte-ii\/#respond"]}]},{"@type":"WebPage","@id":"https:\/\/webdelmaestrocmf.com\/portal\/recursos-para-fortalecer-y-mejorar-el-equilibrio-emocional-y-la-salud-mental-de-los-docentes-parte-ii\/","url":"https:\/\/webdelmaestrocmf.com\/portal\/recursos-para-fortalecer-y-mejorar-el-equilibrio-emocional-y-la-salud-mental-de-los-docentes-parte-ii\/","name":"Equilibrio emocional y la salud mental de los docentes (Parte II) - 2026","isPartOf":{"@id":"https:\/\/webdelmaestrocmf.com\/portal\/#website"},"primaryImageOfPage":{"@id":"https:\/\/webdelmaestrocmf.com\/portal\/recursos-para-fortalecer-y-mejorar-el-equilibrio-emocional-y-la-salud-mental-de-los-docentes-parte-ii\/#primaryimage"},"image":{"@id":"https:\/\/webdelmaestrocmf.com\/portal\/recursos-para-fortalecer-y-mejorar-el-equilibrio-emocional-y-la-salud-mental-de-los-docentes-parte-ii\/#primaryimage"},"thumbnailUrl":"https:\/\/webdelmaestrocmf.com\/portal\/wp-content\/uploads\/2020\/09\/1-copia-29.jpg","datePublished":"2020-09-07T01:26:48+00:00","dateModified":"2025-01-04T17:33:51+00:00","description":"La psic\u00f3loga Mar\u00eda Jes\u00fas \u00c1lava nos dice que \u201cdurante el confinamiento, cuidarse a uno mismo es fundamental. Que est\u00e9s encerrado...","breadcrumb":{"@id":"https:\/\/webdelmaestrocmf.com\/portal\/recursos-para-fortalecer-y-mejorar-el-equilibrio-emocional-y-la-salud-mental-de-los-docentes-parte-ii\/#breadcrumb"},"inLanguage":"es","potentialAction":[{"@type":"ReadAction","target":["https:\/\/webdelmaestrocmf.com\/portal\/recursos-para-fortalecer-y-mejorar-el-equilibrio-emocional-y-la-salud-mental-de-los-docentes-parte-ii\/"]}]},{"@type":"ImageObject","inLanguage":"es","@id":"https:\/\/webdelmaestrocmf.com\/portal\/recursos-para-fortalecer-y-mejorar-el-equilibrio-emocional-y-la-salud-mental-de-los-docentes-parte-ii\/#primaryimage","url":"https:\/\/webdelmaestrocmf.com\/portal\/wp-content\/uploads\/2020\/09\/1-copia-29.jpg","contentUrl":"https:\/\/webdelmaestrocmf.com\/portal\/wp-content\/uploads\/2020\/09\/1-copia-29.jpg","width":1100,"height":680},{"@type":"BreadcrumbList","@id":"https:\/\/webdelmaestrocmf.com\/portal\/recursos-para-fortalecer-y-mejorar-el-equilibrio-emocional-y-la-salud-mental-de-los-docentes-parte-ii\/#breadcrumb","itemListElement":[{"@type":"ListItem","position":1,"name":"Portada","item":"https:\/\/webdelmaestrocmf.com\/portal\/"},{"@type":"ListItem","position":2,"name":"Yo opino - WMCMF","item":"https:\/\/webdelmaestrocmf.com\/portal\/category\/jamb\/"},{"@type":"ListItem","position":3,"name":"Equilibrio emocional y la salud mental de los docentes (Parte II)"}]},{"@type":"WebSite","@id":"https:\/\/webdelmaestrocmf.com\/portal\/#website","url":"https:\/\/webdelmaestrocmf.com\/portal\/","name":"Web del Maestro CMF","description":"Maestros al servicio de la educaci\u00f3n","publisher":{"@id":"https:\/\/webdelmaestrocmf.com\/portal\/#organization"},"alternateName":"WMCMF","potentialAction":[{"@type":"SearchAction","target":{"@type":"EntryPoint","urlTemplate":"https:\/\/webdelmaestrocmf.com\/portal\/?s={search_term_string}"},"query-input":{"@type":"PropertyValueSpecification","valueRequired":true,"valueName":"search_term_string"}}],"inLanguage":"es"},{"@type":"Organization","@id":"https:\/\/webdelmaestrocmf.com\/portal\/#organization","name":"Web del Maestro CMF","alternateName":"WMCMF","url":"https:\/\/webdelmaestrocmf.com\/portal\/","logo":{"@type":"ImageObject","inLanguage":"es","@id":"https:\/\/webdelmaestrocmf.com\/portal\/#\/schema\/logo\/image\/","url":"https:\/\/webdelmaestrocmf.com\/portal\/wp-content\/uploads\/2023\/01\/logo-wmcmf-2.png","contentUrl":"https:\/\/webdelmaestrocmf.com\/portal\/wp-content\/uploads\/2023\/01\/logo-wmcmf-2.png","width":200,"height":60,"caption":"Web del Maestro CMF"},"image":{"@id":"https:\/\/webdelmaestrocmf.com\/portal\/#\/schema\/logo\/image\/"},"sameAs":["https:\/\/www.facebook.com\/WebdelMaestroCMF\/","https:\/\/x.com\/cmf_w","https:\/\/www.pinterest.com\/WMCMF\/","https:\/\/www.linkedin.com\/company\/web-del-maestro-cmf\/","https:\/\/www.instagram.com\/wmcmf\/","https:\/\/www.youtube.com\/channel\/UCDPSvjbdodE5sHnC3OxutHw","https:\/\/mastodon.social\/@wmcmf","https:\/\/www.tiktok.com\/@webdelmaestrocmf"]},{"@type":"Person","@id":"https:\/\/webdelmaestrocmf.com\/portal\/#\/schema\/person\/1072a2ed7bd960df8ef99a551fa35dc5","name":"Web del Maestro CMF","image":{"@type":"ImageObject","inLanguage":"es","@id":"https:\/\/secure.gravatar.com\/avatar\/23291dd5b5ae1077dcff3dbb04c3e02bd28403fa75af6d8787d5e97c5bbbe30b?s=96&d=mm&r=g","url":"https:\/\/secure.gravatar.com\/avatar\/23291dd5b5ae1077dcff3dbb04c3e02bd28403fa75af6d8787d5e97c5bbbe30b?s=96&d=mm&r=g","contentUrl":"https:\/\/secure.gravatar.com\/avatar\/23291dd5b5ae1077dcff3dbb04c3e02bd28403fa75af6d8787d5e97c5bbbe30b?s=96&d=mm&r=g","caption":"Web del Maestro CMF"},"description":"Esta Web se cre\u00f3 sin fines de lucro, con fines educativos, cient\u00edficos y acad\u00e9micos, para personas que tengan dificultades y\/o inconvenientes en visualizar el material original. El objetivo es entregar recursos, compartir experiencias y materiales que ayuden a los padres de familia, maestros y estudiantes en su actualizaci\u00f3n y formaci\u00f3n permanente, en bien de la Educaci\u00f3n.","sameAs":["http:\/\/webdelmaestrocmf.com\/portal","https:\/\/www.facebook.com\/WebdelMaestroCMF\/","https:\/\/www.instagram.com\/wmcmf\/","https:\/\/cl.linkedin.com\/company\/web-del-maestro-cmf","https:\/\/www.pinterest.com\/WMCMF\/publicaciones\/","https:\/\/x.com\/cmf_w","https:\/\/www.youtube.com\/@WMCMF"]}]}},"jetpack_featured_media_url":"https:\/\/webdelmaestrocmf.com\/portal\/wp-content\/uploads\/2020\/09\/1-copia-29.jpg","jetpack_sharing_enabled":true,"jetpack-related-posts":[{"id":50373,"url":"https:\/\/webdelmaestrocmf.com\/portal\/las-huellas-que-deja-el-covid-19-la-educacion-a-distancia-y-el-confinamiento-en-la-salud-emocional-y-mental-de-los-profesores-parte-ii\/","url_meta":{"origin":51110,"position":0},"title":"Equilibrio emocional y la salud mental de los docentes (Parte II)","author":"Web del Maestro CMF","date":"14 diciembre, 2025","format":false,"excerpt":"Como expusimos en la Parte I, del equilibrio emocional y la salud mental del profesor, depende mucho su efectividad y afectividad docente porque su trabajo no es solo transmitir contenidos, sino tambi\u00e9n guiar, motivar y acompa\u00f1ar a sus estudiantes en su desarrollo. La importancia de la salud emocional del docente,\u2026","rel":"","context":"En \u00abYo opino - WMCMF\u00bb","block_context":{"text":"Yo opino - WMCMF","link":"https:\/\/webdelmaestrocmf.com\/portal\/category\/jamb\/"},"img":{"alt_text":"","src":"https:\/\/i0.wp.com\/webdelmaestrocmf.com\/portal\/wp-content\/uploads\/2020\/08\/1A-Banner-1-portada-imagen-10-1-copia-5.webp?resize=350%2C200&ssl=1","width":350,"height":200,"srcset":"https:\/\/i0.wp.com\/webdelmaestrocmf.com\/portal\/wp-content\/uploads\/2020\/08\/1A-Banner-1-portada-imagen-10-1-copia-5.webp?resize=350%2C200&ssl=1 1x, https:\/\/i0.wp.com\/webdelmaestrocmf.com\/portal\/wp-content\/uploads\/2020\/08\/1A-Banner-1-portada-imagen-10-1-copia-5.webp?resize=525%2C300&ssl=1 1.5x, https:\/\/i0.wp.com\/webdelmaestrocmf.com\/portal\/wp-content\/uploads\/2020\/08\/1A-Banner-1-portada-imagen-10-1-copia-5.webp?resize=700%2C400&ssl=1 2x"},"classes":[]},{"id":49919,"url":"https:\/\/webdelmaestrocmf.com\/portal\/recursos-para-fortalecer-y-mejorar-el-equilibrio-emocional-y-la-salud-mental-de-los-docentes-parte-i\/","url_meta":{"origin":51110,"position":1},"title":"Recursos para fortalecer y mejorar el equilibrio emocional y la salud mental de los docentes (Parte I)","author":"Web del Maestro CMF","date":"4 enero, 2025","format":false,"excerpt":"Los profesores necesitamos, en el contexto actual de la educaci\u00f3n, responder dentro de nuestras capacidades y recursos personales al desaf\u00edo de mantener una comunicaci\u00f3n sana y positiva con nuestros estudiantes y sus familias. Esto implica equilibrar las demandas laborales con nuestra vida personal, estableciendo l\u00edmites claros y saludables. Es fundamental\u2026","rel":"","context":"En \u00abYo opino - WMCMF\u00bb","block_context":{"text":"Yo opino - WMCMF","link":"https:\/\/webdelmaestrocmf.com\/portal\/category\/jamb\/"},"img":{"alt_text":"","src":"https:\/\/i0.wp.com\/webdelmaestrocmf.com\/portal\/wp-content\/uploads\/2020\/08\/1A-Banner-1-portada-imagen-10-1-6.jpg?resize=350%2C200&ssl=1","width":350,"height":200,"srcset":"https:\/\/i0.wp.com\/webdelmaestrocmf.com\/portal\/wp-content\/uploads\/2020\/08\/1A-Banner-1-portada-imagen-10-1-6.jpg?resize=350%2C200&ssl=1 1x, https:\/\/i0.wp.com\/webdelmaestrocmf.com\/portal\/wp-content\/uploads\/2020\/08\/1A-Banner-1-portada-imagen-10-1-6.jpg?resize=525%2C300&ssl=1 1.5x, https:\/\/i0.wp.com\/webdelmaestrocmf.com\/portal\/wp-content\/uploads\/2020\/08\/1A-Banner-1-portada-imagen-10-1-6.jpg?resize=700%2C400&ssl=1 2x"},"classes":[]},{"id":61823,"url":"https:\/\/webdelmaestrocmf.com\/portal\/la-salud-mental-laboral-es-un-concepto-de-la-salud-preventiva-que-lamentablemente-en-los-profesores-a-menudo-se-deteriora-y-resulta-preocupante\/","url_meta":{"origin":51110,"position":2},"title":"La salud mental laboral es un concepto de la salud preventiva, que lamentablemente en los profesores, a menudo se deteriora y resulta preocupante. Descarga el cuaderno de ejercicios de estimulaci\u00f3n cognitiva, solo para docentes","author":"Web del Maestro CMF","date":"20 marzo, 2026","format":false,"excerpt":"Descarga estos ejercicios dise\u00f1ados para docentes, ideales para fortalecer la reflexi\u00f3n pedag\u00f3gica, mejorar la planificaci\u00f3n y analizar la realidad escolar con herramientas pr\u00e1cticas, claras y aplicables en el aula.","rel":"","context":"En \u00abEstr\u00e9s\u00bb","block_context":{"text":"Estr\u00e9s","link":"https:\/\/webdelmaestrocmf.com\/portal\/category\/pedagogia\/estres\/"},"img":{"alt_text":"","src":"https:\/\/i0.wp.com\/webdelmaestrocmf.com\/portal\/wp-content\/uploads\/2026\/03\/1AA-Banner-1-portada-imagen-10-1-copia-8-2.webp?resize=350%2C200&ssl=1","width":350,"height":200,"srcset":"https:\/\/i0.wp.com\/webdelmaestrocmf.com\/portal\/wp-content\/uploads\/2026\/03\/1AA-Banner-1-portada-imagen-10-1-copia-8-2.webp?resize=350%2C200&ssl=1 1x, https:\/\/i0.wp.com\/webdelmaestrocmf.com\/portal\/wp-content\/uploads\/2026\/03\/1AA-Banner-1-portada-imagen-10-1-copia-8-2.webp?resize=525%2C300&ssl=1 1.5x, https:\/\/i0.wp.com\/webdelmaestrocmf.com\/portal\/wp-content\/uploads\/2026\/03\/1AA-Banner-1-portada-imagen-10-1-copia-8-2.webp?resize=700%2C400&ssl=1 2x, https:\/\/i0.wp.com\/webdelmaestrocmf.com\/portal\/wp-content\/uploads\/2026\/03\/1AA-Banner-1-portada-imagen-10-1-copia-8-2.webp?resize=1050%2C600&ssl=1 3x"},"classes":[]},{"id":50308,"url":"https:\/\/webdelmaestrocmf.com\/portal\/siete-sugerencias-para-proteger-el-equilibrio-emocional-y-la-salud-mental-de-los-estudiantes-en-esta-cuarentena\/","url_meta":{"origin":51110,"position":3},"title":"Siete sugerencias para proteger el equilibrio emocional y la salud mental de los estudiantes en esta cuarentena","author":"Web del Maestro CMF","date":"22 agosto, 2020","format":false,"excerpt":"La psic\u00f3loga cl\u00ednica, Mar\u00eda Virginia L\u00f3pez, licenciada por la Facultad de Psicolog\u00eda de la Universidad de la Rep\u00fablica (Uruguay), opina que todos nuestros estudiantes, est\u00e1n frente a un nuevo escenario educativo, \u201cque genera incertidumbre, ansiedad, angustia y miedo. Por esa raz\u00f3n, es importante mantener la calma frente a ni\u00f1os y\u2026","rel":"","context":"En \u00abYo opino - WMCMF\u00bb","block_context":{"text":"Yo opino - WMCMF","link":"https:\/\/webdelmaestrocmf.com\/portal\/category\/jamb\/"},"img":{"alt_text":"","src":"https:\/\/i0.wp.com\/webdelmaestrocmf.com\/portal\/wp-content\/uploads\/2020\/08\/1-copia-48.jpg?resize=350%2C200&ssl=1","width":350,"height":200,"srcset":"https:\/\/i0.wp.com\/webdelmaestrocmf.com\/portal\/wp-content\/uploads\/2020\/08\/1-copia-48.jpg?resize=350%2C200&ssl=1 1x, https:\/\/i0.wp.com\/webdelmaestrocmf.com\/portal\/wp-content\/uploads\/2020\/08\/1-copia-48.jpg?resize=525%2C300&ssl=1 1.5x, https:\/\/i0.wp.com\/webdelmaestrocmf.com\/portal\/wp-content\/uploads\/2020\/08\/1-copia-48.jpg?resize=700%2C400&ssl=1 2x, https:\/\/i0.wp.com\/webdelmaestrocmf.com\/portal\/wp-content\/uploads\/2020\/08\/1-copia-48.jpg?resize=1050%2C600&ssl=1 3x"},"classes":[]},{"id":49639,"url":"https:\/\/webdelmaestrocmf.com\/portal\/las-huellas-que-deja-el-covid-19-la-educacion-a-distancia-y-el-confinamiento-en-la-salud-emocional-y-mental-de-los-profesores-parte-i\/","url_meta":{"origin":51110,"position":4},"title":"Equilibrio emocional y la salud mental de los docentes (Parte I)","author":"Web del Maestro CMF","date":"2 enero, 2024","format":false,"excerpt":"La experiencia de la educaci\u00f3n a distancia, adoptada como alternativa a la ense\u00f1anza presencial, puso a prueba no solo las competencias pedag\u00f3gicas, sino tambi\u00e9n la salud mental y emocional de los profesores. La necesidad de reinventar la ense\u00f1anza en tiempo real exigi\u00f3 imaginaci\u00f3n, creatividad, paciencia, autocontrol y una fortaleza emocional\u2026","rel":"","context":"En \u00abYo opino - WMCMF\u00bb","block_context":{"text":"Yo opino - WMCMF","link":"https:\/\/webdelmaestrocmf.com\/portal\/category\/jamb\/"},"img":{"alt_text":"","src":"https:\/\/i0.wp.com\/webdelmaestrocmf.com\/portal\/wp-content\/uploads\/2020\/08\/1A-Banner-1-portada-imagen-10-1.jpg?resize=350%2C200&ssl=1","width":350,"height":200,"srcset":"https:\/\/i0.wp.com\/webdelmaestrocmf.com\/portal\/wp-content\/uploads\/2020\/08\/1A-Banner-1-portada-imagen-10-1.jpg?resize=350%2C200&ssl=1 1x, https:\/\/i0.wp.com\/webdelmaestrocmf.com\/portal\/wp-content\/uploads\/2020\/08\/1A-Banner-1-portada-imagen-10-1.jpg?resize=525%2C300&ssl=1 1.5x, https:\/\/i0.wp.com\/webdelmaestrocmf.com\/portal\/wp-content\/uploads\/2020\/08\/1A-Banner-1-portada-imagen-10-1.jpg?resize=700%2C400&ssl=1 2x"},"classes":[]},{"id":111273,"url":"https:\/\/webdelmaestrocmf.com\/portal\/como-va-la-salud-mental-de-sus-padres-de-familia-y-estudiantes-i-parte-2\/","url_meta":{"origin":51110,"position":5},"title":"\u00bfC\u00f3mo va la salud mental de sus padres de familia y estudiantes? (I Parte)","author":"Web del Maestro CMF","date":"16 julio, 2025","format":false,"excerpt":"El aula refleja el estado emocional de sus protagonistas: sin salud mental, no hay aprendizaje, v\u00ednculos sanos ni futuro posible.","rel":"","context":"En \u00abYo opino - WMCMF\u00bb","block_context":{"text":"Yo opino - WMCMF","link":"https:\/\/webdelmaestrocmf.com\/portal\/category\/jamb\/"},"img":{"alt_text":"","src":"https:\/\/i0.wp.com\/webdelmaestrocmf.com\/portal\/wp-content\/uploads\/2025\/07\/1A-Banner-1-portada-imagen-10-1-copia-68.jpg?resize=350%2C200&ssl=1","width":350,"height":200,"srcset":"https:\/\/i0.wp.com\/webdelmaestrocmf.com\/portal\/wp-content\/uploads\/2025\/07\/1A-Banner-1-portada-imagen-10-1-copia-68.jpg?resize=350%2C200&ssl=1 1x, https:\/\/i0.wp.com\/webdelmaestrocmf.com\/portal\/wp-content\/uploads\/2025\/07\/1A-Banner-1-portada-imagen-10-1-copia-68.jpg?resize=525%2C300&ssl=1 1.5x, https:\/\/i0.wp.com\/webdelmaestrocmf.com\/portal\/wp-content\/uploads\/2025\/07\/1A-Banner-1-portada-imagen-10-1-copia-68.jpg?resize=700%2C400&ssl=1 2x"},"classes":[]}],"_links":{"self":[{"href":"https:\/\/webdelmaestrocmf.com\/portal\/wp-json\/wp\/v2\/posts\/51110","targetHints":{"allow":["GET"]}}],"collection":[{"href":"https:\/\/webdelmaestrocmf.com\/portal\/wp-json\/wp\/v2\/posts"}],"about":[{"href":"https:\/\/webdelmaestrocmf.com\/portal\/wp-json\/wp\/v2\/types\/post"}],"author":[{"embeddable":true,"href":"https:\/\/webdelmaestrocmf.com\/portal\/wp-json\/wp\/v2\/users\/1"}],"replies":[{"embeddable":true,"href":"https:\/\/webdelmaestrocmf.com\/portal\/wp-json\/wp\/v2\/comments?post=51110"}],"version-history":[{"count":0,"href":"https:\/\/webdelmaestrocmf.com\/portal\/wp-json\/wp\/v2\/posts\/51110\/revisions"}],"wp:featuredmedia":[{"embeddable":true,"href":"https:\/\/webdelmaestrocmf.com\/portal\/wp-json\/wp\/v2\/media\/51112"}],"wp:attachment":[{"href":"https:\/\/webdelmaestrocmf.com\/portal\/wp-json\/wp\/v2\/media?parent=51110"}],"wp:term":[{"taxonomy":"category","embeddable":true,"href":"https:\/\/webdelmaestrocmf.com\/portal\/wp-json\/wp\/v2\/categories?post=51110"},{"taxonomy":"post_tag","embeddable":true,"href":"https:\/\/webdelmaestrocmf.com\/portal\/wp-json\/wp\/v2\/tags?post=51110"}],"curies":[{"name":"wp","href":"https:\/\/api.w.org\/{rel}","templated":true}]}}