{"id":51106,"date":"2020-09-06T23:01:12","date_gmt":"2020-09-07T02:01:12","guid":{"rendered":"https:\/\/webdelmaestrocmf.com\/portal\/?p=51106"},"modified":"2023-11-08T20:44:40","modified_gmt":"2023-11-08T23:44:40","slug":"mar-romera-el-objetivo-es-cambiar-el-enfoque-global-en-el-paradigma-en-el-que-estamos-para-no-evolucionar-sino-revolucionar-ha-llegado-el-momento-de-una-revolucion-en-el-modelo-educativo","status":"publish","type":"post","link":"https:\/\/webdelmaestrocmf.com\/portal\/mar-romera-el-objetivo-es-cambiar-el-enfoque-global-en-el-paradigma-en-el-que-estamos-para-no-evolucionar-sino-revolucionar-ha-llegado-el-momento-de-una-revolucion-en-el-modelo-educativo\/","title":{"rendered":"Mar Romera: El objetivo es cambiar el enfoque global, en el paradigma en el que estamos, para no evolucionar, sino revolucionar. Ha llegado el momento de una revoluci\u00f3n en el modelo educativo"},"content":{"rendered":"<h5 style=\"text-align: justify;\">Mar Romera es Maestra, licenciada en pedagog\u00eda y en psicopedagog\u00eda. Especialista en Inteligencia emocional y autora de diversos de libros dedicados a la escuela, la infancia y la did\u00e1ctica activa. Es Presidenta de la Asociaci\u00f3n Pedag\u00f3gica Francesco Tonucci (APFRATO) y en la actualidad asesora pedag\u00f3gica en la implementaci\u00f3n de programas de innovaci\u00f3n en diferentes centros de nuestro pa\u00eds.<\/h5>\n<p style=\"text-align: justify;\"><!--more--><\/p>\n<h5 style=\"text-align: justify;\">Autora y coordinadora del modelo pedag\u00f3gico \u201cEducar con tres Cs: capacidades, competencias y coraz\u00f3n\u201d. y colaboradora en formaci\u00f3n permanente del profesorado en las diferentes comunidades aut\u00f3nomas de nuestro pa\u00eds en colaboraci\u00f3n con las diferentes Consejer\u00edas de educaci\u00f3n.<\/h5>\n<p style=\"text-align: justify;\">Mar considera que a ra\u00edz de la experiencia del cierre de las escuelas, llev\u00f3 a una mayor comunicaci\u00f3n mundial, pero tambi\u00e9n \u201c<strong>vivimos la mayor incomunicaci\u00f3n en casa, en los grupos de iguales<\/strong>\u2026 Necesitamos tiempo para pasear, para observar la naturaleza, tiempo para llorar y estas l\u00e1grimas tienen que ser en familia. Mis hijos tienen que ver que no soy insensible porque tengo prisa\u201d. <a href=\"https:\/\/www.serpadres.es\/mas-6-anos\/articulo\/mar-romera-una-hacker-de-la-educacion-emocional-contra-la-busqueda-de-la-felicidad-por-encima-de-todo-181512404854\" target=\"_blank\" rel=\"noopener noreferrer\"><strong>MAR ROMERA, UNA \u201cHACKER\u201d DE LA EDUCACI\u00d3N EMOCIONAL CONTRA LA B\u00daSQUEDA DE LA FELICIDAD POR ENCIMA DE TODO.<\/strong><\/a><\/p>\n<p style=\"text-align: justify;\">Compartimos con fines educativos y de formaci\u00f3n permanente partes de la entrevista a<strong> Mar Romera<\/strong> realizada por <strong>Marina Borr\u00e0s\u00a0<\/strong>para el portal<strong> La Nueva Espa\u00f1a,\u00a0 <\/strong>en donde la especialista en pedagog\u00eda y psicopedagog\u00eda hace hincapi\u00e9 en que es importante no caer en cierta corriente que propone <em>\u00abolvidar el profe que da clase y el alumno que escucha.\u201d Por eso nos plantea \u201ccambiar el enfoque global, en el paradigma en el que estamos, para no evolucionar, sino revolucionar. Ha llegado el momento de una revoluci\u00f3n en el modelo educativo.\u00bb<\/em><\/p>\n<h2 style=\"text-align: left;\">Mar Romera: \u201c<strong>educar es muy arriesgado, es como volar, que es arriesgado pero merece la pena\u201d.<\/strong><\/h2>\n<p style=\"text-align: justify;\">Toda la situaci\u00f3n que hemos vivido con la pandemia del COVID 19, nos ha hecho (o deber\u00eda habernos hecho) pensar y repensar sobre cu\u00e1l es el modelo de educaci\u00f3n que ten\u00edamos antes del coronavirus y c\u00f3mo queremos que sea el que venga a partir de ahora. A pesar de que <strong>nuestros hijos e hijas\u00a0hayan \u00abperdido\u00bb tres meses de clases<\/strong> <strong>convencionales<\/strong>, no podemos negar que este confinamiento les ha servido para aprender much\u00edsimas cosas nuevas, dejar volar su creatividad, jugar, aburrirse tambi\u00e9n, reflexionar&#8230; En definitiva, para crecer.<\/p>\n<p><a href=\"https:\/\/webdelmaestrocmf.com\/portal\/wp-content\/uploads\/2020\/09\/1-copia-27.jpg\"><img loading=\"lazy\" decoding=\"async\" class=\"alignnone size-full wp-image-51107\" src=\"https:\/\/webdelmaestrocmf.com\/portal\/wp-content\/uploads\/2020\/09\/1-copia-27.jpg\" alt=\"\" width=\"1100\" height=\"680\" srcset=\"https:\/\/webdelmaestrocmf.com\/portal\/wp-content\/uploads\/2020\/09\/1-copia-27.jpg 1100w, https:\/\/webdelmaestrocmf.com\/portal\/wp-content\/uploads\/2020\/09\/1-copia-27-300x185.jpg 300w, https:\/\/webdelmaestrocmf.com\/portal\/wp-content\/uploads\/2020\/09\/1-copia-27-1024x633.jpg 1024w, https:\/\/webdelmaestrocmf.com\/portal\/wp-content\/uploads\/2020\/09\/1-copia-27-768x475.jpg 768w, https:\/\/webdelmaestrocmf.com\/portal\/wp-content\/uploads\/2020\/09\/1-copia-27-110x68.jpg 110w, https:\/\/webdelmaestrocmf.com\/portal\/wp-content\/uploads\/2020\/09\/1-copia-27-200x124.jpg 200w, https:\/\/webdelmaestrocmf.com\/portal\/wp-content\/uploads\/2020\/09\/1-copia-27-380x235.jpg 380w, https:\/\/webdelmaestrocmf.com\/portal\/wp-content\/uploads\/2020\/09\/1-copia-27-255x158.jpg 255w, https:\/\/webdelmaestrocmf.com\/portal\/wp-content\/uploads\/2020\/09\/1-copia-27-550x340.jpg 550w, https:\/\/webdelmaestrocmf.com\/portal\/wp-content\/uploads\/2020\/09\/1-copia-27-800x495.jpg 800w, https:\/\/webdelmaestrocmf.com\/portal\/wp-content\/uploads\/2020\/09\/1-copia-27-220x136.jpg 220w, https:\/\/webdelmaestrocmf.com\/portal\/wp-content\/uploads\/2020\/09\/1-copia-27-400x247.jpg 400w, https:\/\/webdelmaestrocmf.com\/portal\/wp-content\/uploads\/2020\/09\/1-copia-27-760x470.jpg 760w, https:\/\/webdelmaestrocmf.com\/portal\/wp-content\/uploads\/2020\/09\/1-copia-27-510x315.jpg 510w, https:\/\/webdelmaestrocmf.com\/portal\/wp-content\/uploads\/2020\/09\/1-copia-27-600x371.jpg 600w\" sizes=\"auto, (max-width: 1100px) 100vw, 1100px\" \/><\/a><\/p>\n<p style=\"text-align: justify;\">Sin embargo,<strong> la vuelta al colegio no fue como los a\u00f1os anteriores<\/strong>, nos encontramos con escuelas diferentes a las que dejaron. Y es bueno preguntarse si esos cambios o\u00a0 transformaciones son un simple parche temporal, o <strong>ser\u00e1n cambios que modificar\u00e1n por completo el sistema educativo<\/strong> actual y llegaron para quedarse.<\/p>\n<p style=\"text-align: justify;\">Mar Romera quien es directora de la Asociaci\u00f3n Pedag\u00f3gica Francesco Tonucci (APFRATO), ha denominado a este nuevo panorama como una \u00abrevoluci\u00f3n educativa\u00bb.<\/p>\n<h5 style=\"text-align: left;\"><strong>Marina Borr\u00e0s: <em>Mar, ya empezamos a saber algunas de las medidas que se van a implementar de cara al nuevo curso escolar. \u00bfQu\u00e9 opinas sobre ellas? \u00bfCrees que van a hacer falta m\u00e1s recursos, profesorado, infraestructuras&#8230;?<\/em><\/strong><\/h5>\n<p style=\"text-align: justify;\"><strong>Mar Romera<\/strong>: \u201cMi opini\u00f3n es que <strong>siempre hacen falta m\u00e1s recursos, y que cuantos m\u00e1s recursos podamos tener, mucho mejor<\/strong> ser\u00e1 todo el proceso y todo el sistema educativo. [&#8230;] sobre todo en cuestiones de digitalizaci\u00f3n de los centros, y digitalizaci\u00f3n de las familias. <strong>Pero esto no va a resolver el problema real del sistema educativo<\/strong> que ya arrastramos desde antes del coronavirus. [&#8230;] desde APFRATO [&#8230;] que hemos trasladado tanto a las administraciones como en diferentes webinars p\u00fablicos, van encaminadas a adaptarnos a las circunstancias, pero <strong>aprovecharlas como una gran oportunidad para el cambio del modelo educativo.<\/strong> [&#8230;] Se trata de adaptarnos a un nuevo paradigma educativo, es como si el siglo XXI para la educaci\u00f3n hubiese empezado en 2020.\u201d<\/p>\n<p><strong>Tal vez le interese leer: <a href=\"https:\/\/webdelmaestrocmf.com\/portal\/la-educacion-del-siglo-veintiuno-es-la-educacion-que-se-ocupa-del-ser-no-del-saber\/\" target=\"_blank\" rel=\"noopener noreferrer\">La educaci\u00f3n del siglo veintiuno es la educaci\u00f3n que se ocupa del ser, no del saber<\/a><\/strong><\/p>\n<h5 style=\"text-align: left;\"><strong>Marina Borr\u00e0s: <em>\u00bfY en qu\u00e9 puntos crees que se deber\u00eda centrar este cambio de modelo educativo del que hablas?<\/em><\/strong><\/h5>\n<p style=\"text-align: justify;\"><strong>Mar Romera<\/strong>: \u201cLo primero de todo es <strong>potenciar de verdad la autonom\u00eda pedag\u00f3gica de los centros en relaci\u00f3n a casi todos los elementos curriculares, a los horarios, a los espacios, y a la toma de decisiones<\/strong> de la organizaci\u00f3n interna de los propios claustros. \u00bfY por qu\u00e9 digo autonom\u00eda pedag\u00f3gica? Porque no tiene nada que ver un centro educativo en el centro [&#8230; y] una escuelita rural [&#8230;] Es decir, <strong>hablar de instrucciones generales para todo el mundo no tiene ning\u00fan sentido.<\/strong> [&#8230;] &#8230; Lo que no podemos es establecer generalizaciones, ni en contextos, ni en formatos, ni en claustros. Por eso entendemos que <strong>una medida urgente es la autonom\u00eda pedag\u00f3gica real<\/strong>, que adem\u00e1s bajar\u00e1 de manera brutal todos los procedimientos burocr\u00e1ticos que soportan los coles para nada. <strong>Esta autonom\u00eda pedag\u00f3gica deber\u00eda relativizar much\u00edsimo la utilizaci\u00f3n de espacios.<\/strong> [&#8230;] Es un cambio de mirada. Vamos a relativizar los horarios, [&#8230;] para potenciar la autonom\u00eda moral, individual y la responsabilidad individual de los chicos y chicas, <strong>dise\u00f1ando pr\u00e1cticamente una educaci\u00f3n personalizada donde cada persona desde sus fortalezas,<\/strong> desde su b\u00fasqueda de plenitud, pueda tener su propia estructura curricular, y todo lo que tengamos en el centro est\u00e9 al servicio de la construcci\u00f3n de ese proyecto de vida. Por tanto, <strong>se trata de olvidar el profe que da clase y el alumno que escucha<\/strong>. El objetivo es cambiar el enfoque global, en el paradigma en el que estamos, para no evolucionar, sino revolucionar. Ha llegado el momento de una revoluci\u00f3n en el modelo educativo.\u201d<\/p>\n<h5 style=\"text-align: left;\"><strong>Marina Borr\u00e0s: <em>En cuanto a esto que comentas de relativizar los espacios, [&#8230;] los patios de los colegios y otros espacios para dar clase<\/em><\/strong><\/h5>\n<p style=\"text-align: justify;\"><strong>Mar Romera<\/strong>: \u201cNuestra idea <strong>no es solo es aprovechar los patios,<\/strong> nosotros hemos propuesto, de la mano y explicaci\u00f3n del propio Tonucci, <strong>que se utilicen todos los espacios de la comunidad.<\/strong> [&#8230;] Nuestra propuesta es que <strong>toda la comunidad se implique en el modelo educativo<\/strong>. [&#8230;] Es decir, implicar realmente a toda la comunidad en la educaci\u00f3n. [&#8230;] pero, insisto, no para dar clases como est\u00e1bamos haciendo, sino para hacer otro modelo de escuela.\u201d<\/p>\n<p><strong>Tal vez le interese leer: <a href=\"https:\/\/webdelmaestrocmf.com\/portal\/mar-romera-el-docente-del-siglo-xxi-tiene-que-ser-un-docente-culto-una-persona-que-lee-mucho-que-domina-los-medios-de-comunicacion-que-va-al-cine-que-escucha-musica-que-va-al-teatro-que-viaja\/\" target=\"_blank\" rel=\"noopener noreferrer\">Mar Romera: El docente del siglo XXI tiene que ser un docente culto, que lee mucho, que domina los medios de comunicaci\u00f3n&#8230;<\/a><\/strong><\/p>\n<h5 style=\"text-align: left;\"><strong>Marina Borr\u00e0s: <\/strong><em><strong>Hemos hablado [&#8230;] que los ni\u00f1os son el futuro de la sociedad, pero claro, tendremos que empezar a darles las herramientas que necesitan para el futuro ahora, en el presente. \u00bfNo crees?<\/strong><\/em><\/h5>\n<p style=\"text-align: justify;\"><strong>Mar Romera<\/strong>: \u201cPara empezar, yo me atrever\u00eda a decirte que <strong>los ni\u00f1os y ni\u00f1as no son ciudadanos del futuro, ya son ciudadanos hoy.<\/strong> Lo segundo es que con <strong>los primeros que hay que contar es con ellos, y a los primeros que hay que preguntar es a ellos: tenerlos en cuenta.<\/strong> Nos reunimos mesas sectoriales de directivos, profesorado, sindicatos, pol\u00edticos, t\u00e9cnicos&#8230; Ya, \u00bfy los ni\u00f1os? \u00bfalguien les ha preguntado a ellos? Si tienen las soluciones. [Despu\u00e9s de la experiencia del cierre de las escuelas]<strong>\u00a0el perder una secuencia de contenidos no tiene absolutamente ninguna importancia,<\/strong> lo que pasa es que todav\u00eda no hemos entendido que esos contenidos en la escuela <strong>se utilizan como recursos para provocar el proceso de madurez a nivel neurol\u00f3gico.<\/strong> [&#8230;] el tema es que nos preocupamos porque el ni\u00f1o no ha aprendido a restar con llevada. Pues, a ver, dentro de dos a\u00f1os ese mismo ni\u00f1o restar\u00e1 con llevada en 5 minutos, lo que este a\u00f1o le habr\u00eda costado cuatro meses, porque el proceso de madurez neurol\u00f3gica cognitiva ya estar\u00e1 adquirido. <strong>El tema es, si este proceso, en una vivencia excepcional en casa, desde una perspectiva de reflexi\u00f3n, de p\u00e9rdida que han tenido muchos, de no poder estar con sus amigos y comodidades de su vida normal.<\/strong>.. Probablemente, todo esto les ha ayudado y han aprendido much\u00edsimo m\u00e1s que si hubiesen estado en el cole.\u201d<\/p>\n<p><strong>Este contenido ha sido publicado originalmente por La Nueva Espa\u00f1a en la siguiente direcci\u00f3n: <a href=\"https:\/\/www.lne.es\/\" target=\"_blank\" rel=\"noopener noreferrer\">lne.es<\/a><\/strong><\/p>\n\t\t<div class=\"pk-inline-posts\">\n\t\t\t\n\t\t\t<div class=\"pk-inline-posts-container pk-inline-posts-template-list\"\n\t\t\t\tdata-columns=\"1\">\n\t\t\t\t\t\t<article id=\"post-118510\" class=\"post-118510 post type-post status-publish format-standard has-post-thumbnail category-entrevistas category-noticias tag-aprendizaje tag-aula tag-docentes tag-educacion-2 tag-estudiantes tag-filosofia-2 tag-formacion-2 tag-inteligencia tag-jose-antonio-marina tag-pedagogia-2 tag-pensamiento-critico-2 cs-entry cs-video-wrap\">\n\t\t\t<div class=\"pk-post-outer\">\n\n\t\t\t\t\t\t\t\t<div class=\"pk-post-inner\">\n\t\t\t\t\t<div class=\"entry-thumbnail\">\n\t\t\t\t\t\t<div class=\"pk-overlay pk-overlay-ratio pk-ratio-landscape\">\n\t\t\t\t\t\t\t<div class=\"pk-overlay-background\">\n\t\t\t\t\t\t\t\t<a href=\"https:\/\/webdelmaestrocmf.com\/portal\/jose-antonio-marina-si-no-teneis-pensamiento-critico-o-si-no-hay-pensamiento-critico-la-manipulacion-va-a-ser-muy-sencilla\/\" class=\"pk-overlay-link\">\n\t\t\t\t\t\t\t\t\t<img loading=\"lazy\" decoding=\"async\" width=\"300\" height=\"225\" src=\"https:\/\/webdelmaestrocmf.com\/portal\/wp-content\/uploads\/2026\/04\/1AA-Banner-1-portada-imagen-10-1-copia-5-6-300x225.webp\" class=\"attachment-pk-thumbnail size-pk-thumbnail wp-post-image\" alt=\"\" \/>\t\t\t\t\t\t\t\t<\/a>\n\t\t\t\t\t\t\t<\/div>\n\t\t\t\t\t\t<\/div>\n\t\t\t\t\t<\/div>\n\t\t\t\t<\/div>\n\t\t\t\t\n\t\t\t\t<div class=\"pk-post-inner\">\n\t\t\t\t\t<header>\n\t\t\t\t\t\t<h3 class=\"pk-title\"><a href=\"https:\/\/webdelmaestrocmf.com\/portal\/jose-antonio-marina-si-no-teneis-pensamiento-critico-o-si-no-hay-pensamiento-critico-la-manipulacion-va-a-ser-muy-sencilla\/\" rel=\"bookmark\">Jos\u00e9 Antonio Marina: Si no ten\u00e9is pensamiento cr\u00edtico, o si no hay pensamiento cr\u00edtico, la manipulaci\u00f3n va a ser muy sencilla<\/a><\/h3>\t\t\t\t\t<\/header><!-- .entry-header -->\n\t\t\t\t<\/div><!-- .post-inner -->\n\n\t\t\t<\/div><!-- .post-outer -->\n\t\t<\/article>\n\t\t\t\t<\/div>\n\t\t<\/div>\n\t\t\n","protected":false},"excerpt":{"rendered":"Mar Romera es Maestra, licenciada en pedagog\u00eda y en psicopedagog\u00eda. Especialista en Inteligencia emocional y autora de diversos&hellip;","protected":false},"author":1,"featured_media":51108,"comment_status":"open","ping_status":"closed","sticky":false,"template":"","format":"standard","meta":{"csco_display_header_overlay":false,"csco_singular_sidebar":"disabled","csco_page_header_type":"standard","csco_page_load_nextpost":"default","csco_post_video_location":[],"csco_post_video_location_hash":"","csco_post_video_url":"","csco_post_video_bg_start_time":0,"csco_post_video_bg_end_time":0,"csco_post_video_bg_volume":false,"_jetpack_memberships_contains_paid_content":false,"footnotes":""},"categories":[48,47],"tags":[1624,2124,5616,5617,39,3486,2925,438,1667],"class_list":{"0":"post-51106","1":"post","2":"type-post","3":"status-publish","4":"format-standard","5":"has-post-thumbnail","7":"category-entrevistas","8":"category-noticias","9":"tag-cambiar","10":"tag-enfoque","11":"tag-estamos","12":"tag-evolucionar","13":"tag-global","14":"tag-mar-romera","15":"tag-objetivo","16":"tag-paradigma","17":"tag-revolucionar","18":"cs-entry","19":"cs-video-wrap"},"yoast_head":"<!-- This site is optimized with the Yoast SEO plugin v27.5 - https:\/\/yoast.com\/product\/yoast-seo-wordpress\/ -->\n<title>Mar Romera: El objetivo es cambiar el enfoque global, en el paradigma en el que estamos, para no evolucionar, sino revolucionar. Ha llegado el momento de una revoluci\u00f3n en el modelo educativo - 2026<\/title>\n<meta name=\"description\" content=\"Vamos a relativizar los horarios, pero no para descongestionar la entrada y la salida en prevenci\u00f3n del contagio, que tambi\u00e9n...\" \/>\n<meta name=\"robots\" content=\"index, follow, max-snippet:-1, max-image-preview:large, max-video-preview:-1\" \/>\n<link rel=\"canonical\" href=\"https:\/\/webdelmaestrocmf.com\/portal\/mar-romera-el-objetivo-es-cambiar-el-enfoque-global-en-el-paradigma-en-el-que-estamos-para-no-evolucionar-sino-revolucionar-ha-llegado-el-momento-de-una-revolucion-en-el-modelo-educativo\/\" \/>\n<meta property=\"og:locale\" content=\"es_ES\" \/>\n<meta property=\"og:type\" content=\"article\" \/>\n<meta property=\"og:title\" content=\"Mar Romera: El objetivo es cambiar el enfoque global, en el paradigma en el que estamos, para no evolucionar, sino revolucionar. Ha llegado el momento de una revoluci\u00f3n en el modelo educativo - 2026\" \/>\n<meta property=\"og:description\" content=\"Vamos a relativizar los horarios, pero no para descongestionar la entrada y la salida en prevenci\u00f3n del contagio, que tambi\u00e9n...\" \/>\n<meta property=\"og:url\" content=\"https:\/\/webdelmaestrocmf.com\/portal\/mar-romera-el-objetivo-es-cambiar-el-enfoque-global-en-el-paradigma-en-el-que-estamos-para-no-evolucionar-sino-revolucionar-ha-llegado-el-momento-de-una-revolucion-en-el-modelo-educativo\/\" \/>\n<meta property=\"og:site_name\" content=\"Web del Maestro CMF\" \/>\n<meta property=\"article:publisher\" content=\"https:\/\/www.facebook.com\/WebdelMaestroCMF\/\" \/>\n<meta property=\"article:author\" content=\"https:\/\/www.facebook.com\/WebdelMaestroCMF\/\" \/>\n<meta property=\"article:published_time\" content=\"2020-09-07T02:01:12+00:00\" \/>\n<meta property=\"article:modified_time\" content=\"2023-11-08T23:44:40+00:00\" \/>\n<meta property=\"og:image\" content=\"https:\/\/webdelmaestrocmf.com\/portal\/wp-content\/uploads\/2020\/09\/2-copia.jpg\" \/>\n\t<meta property=\"og:image:width\" content=\"1100\" \/>\n\t<meta property=\"og:image:height\" content=\"680\" \/>\n\t<meta property=\"og:image:type\" content=\"image\/jpeg\" \/>\n<meta name=\"author\" content=\"Web del Maestro CMF\" \/>\n<meta name=\"twitter:card\" content=\"summary_large_image\" \/>\n<meta name=\"twitter:creator\" content=\"@cmf_w\" \/>\n<meta name=\"twitter:site\" content=\"@cmf_w\" \/>\n<script type=\"application\/ld+json\" class=\"yoast-schema-graph\">{\"@context\":\"https:\\\/\\\/schema.org\",\"@graph\":[{\"@type\":\"ScholarlyArticle\",\"@id\":\"https:\\\/\\\/webdelmaestrocmf.com\\\/portal\\\/mar-romera-el-objetivo-es-cambiar-el-enfoque-global-en-el-paradigma-en-el-que-estamos-para-no-evolucionar-sino-revolucionar-ha-llegado-el-momento-de-una-revolucion-en-el-modelo-educativo\\\/#article\",\"isPartOf\":{\"@id\":\"https:\\\/\\\/webdelmaestrocmf.com\\\/portal\\\/mar-romera-el-objetivo-es-cambiar-el-enfoque-global-en-el-paradigma-en-el-que-estamos-para-no-evolucionar-sino-revolucionar-ha-llegado-el-momento-de-una-revolucion-en-el-modelo-educativo\\\/\"},\"author\":{\"name\":\"Web del Maestro CMF\",\"@id\":\"https:\\\/\\\/webdelmaestrocmf.com\\\/portal\\\/#\\\/schema\\\/person\\\/1072a2ed7bd960df8ef99a551fa35dc5\"},\"headline\":\"Mar Romera: El objetivo es cambiar el enfoque global, en el paradigma en el que estamos, para no evolucionar, sino revolucionar. Ha llegado el momento de una revoluci\u00f3n en el modelo educativo\",\"datePublished\":\"2020-09-07T02:01:12+00:00\",\"dateModified\":\"2023-11-08T23:44:40+00:00\",\"mainEntityOfPage\":{\"@id\":\"https:\\\/\\\/webdelmaestrocmf.com\\\/portal\\\/mar-romera-el-objetivo-es-cambiar-el-enfoque-global-en-el-paradigma-en-el-que-estamos-para-no-evolucionar-sino-revolucionar-ha-llegado-el-momento-de-una-revolucion-en-el-modelo-educativo\\\/\"},\"wordCount\":1416,\"commentCount\":0,\"publisher\":{\"@id\":\"https:\\\/\\\/webdelmaestrocmf.com\\\/portal\\\/#organization\"},\"image\":{\"@id\":\"https:\\\/\\\/webdelmaestrocmf.com\\\/portal\\\/mar-romera-el-objetivo-es-cambiar-el-enfoque-global-en-el-paradigma-en-el-que-estamos-para-no-evolucionar-sino-revolucionar-ha-llegado-el-momento-de-una-revolucion-en-el-modelo-educativo\\\/#primaryimage\"},\"thumbnailUrl\":\"https:\\\/\\\/webdelmaestrocmf.com\\\/portal\\\/wp-content\\\/uploads\\\/2020\\\/09\\\/2-copia.jpg\",\"keywords\":[\"CAMBIAR\",\"ENFOQUE\",\"estamos\",\"evolucionar\",\"global\",\"MAR ROMERA\",\"OBJETIVO\",\"paradigma\",\"REVOLUCIONAR\"],\"articleSection\":[\"Entrevistas\",\"Noticias\"],\"inLanguage\":\"es\",\"potentialAction\":[{\"@type\":\"CommentAction\",\"name\":\"Comment\",\"target\":[\"https:\\\/\\\/webdelmaestrocmf.com\\\/portal\\\/mar-romera-el-objetivo-es-cambiar-el-enfoque-global-en-el-paradigma-en-el-que-estamos-para-no-evolucionar-sino-revolucionar-ha-llegado-el-momento-de-una-revolucion-en-el-modelo-educativo\\\/#respond\"]}]},{\"@type\":\"WebPage\",\"@id\":\"https:\\\/\\\/webdelmaestrocmf.com\\\/portal\\\/mar-romera-el-objetivo-es-cambiar-el-enfoque-global-en-el-paradigma-en-el-que-estamos-para-no-evolucionar-sino-revolucionar-ha-llegado-el-momento-de-una-revolucion-en-el-modelo-educativo\\\/\",\"url\":\"https:\\\/\\\/webdelmaestrocmf.com\\\/portal\\\/mar-romera-el-objetivo-es-cambiar-el-enfoque-global-en-el-paradigma-en-el-que-estamos-para-no-evolucionar-sino-revolucionar-ha-llegado-el-momento-de-una-revolucion-en-el-modelo-educativo\\\/\",\"name\":\"Mar Romera: El objetivo es cambiar el enfoque global, en el paradigma en el que estamos, para no evolucionar, sino revolucionar. Ha llegado el momento de una revoluci\u00f3n en el modelo educativo - 2026\",\"isPartOf\":{\"@id\":\"https:\\\/\\\/webdelmaestrocmf.com\\\/portal\\\/#website\"},\"primaryImageOfPage\":{\"@id\":\"https:\\\/\\\/webdelmaestrocmf.com\\\/portal\\\/mar-romera-el-objetivo-es-cambiar-el-enfoque-global-en-el-paradigma-en-el-que-estamos-para-no-evolucionar-sino-revolucionar-ha-llegado-el-momento-de-una-revolucion-en-el-modelo-educativo\\\/#primaryimage\"},\"image\":{\"@id\":\"https:\\\/\\\/webdelmaestrocmf.com\\\/portal\\\/mar-romera-el-objetivo-es-cambiar-el-enfoque-global-en-el-paradigma-en-el-que-estamos-para-no-evolucionar-sino-revolucionar-ha-llegado-el-momento-de-una-revolucion-en-el-modelo-educativo\\\/#primaryimage\"},\"thumbnailUrl\":\"https:\\\/\\\/webdelmaestrocmf.com\\\/portal\\\/wp-content\\\/uploads\\\/2020\\\/09\\\/2-copia.jpg\",\"datePublished\":\"2020-09-07T02:01:12+00:00\",\"dateModified\":\"2023-11-08T23:44:40+00:00\",\"description\":\"Vamos a relativizar los horarios, pero no para descongestionar la entrada y la salida en prevenci\u00f3n del contagio, que tambi\u00e9n...\",\"breadcrumb\":{\"@id\":\"https:\\\/\\\/webdelmaestrocmf.com\\\/portal\\\/mar-romera-el-objetivo-es-cambiar-el-enfoque-global-en-el-paradigma-en-el-que-estamos-para-no-evolucionar-sino-revolucionar-ha-llegado-el-momento-de-una-revolucion-en-el-modelo-educativo\\\/#breadcrumb\"},\"inLanguage\":\"es\",\"potentialAction\":[{\"@type\":\"ReadAction\",\"target\":[\"https:\\\/\\\/webdelmaestrocmf.com\\\/portal\\\/mar-romera-el-objetivo-es-cambiar-el-enfoque-global-en-el-paradigma-en-el-que-estamos-para-no-evolucionar-sino-revolucionar-ha-llegado-el-momento-de-una-revolucion-en-el-modelo-educativo\\\/\"]}]},{\"@type\":\"ImageObject\",\"inLanguage\":\"es\",\"@id\":\"https:\\\/\\\/webdelmaestrocmf.com\\\/portal\\\/mar-romera-el-objetivo-es-cambiar-el-enfoque-global-en-el-paradigma-en-el-que-estamos-para-no-evolucionar-sino-revolucionar-ha-llegado-el-momento-de-una-revolucion-en-el-modelo-educativo\\\/#primaryimage\",\"url\":\"https:\\\/\\\/webdelmaestrocmf.com\\\/portal\\\/wp-content\\\/uploads\\\/2020\\\/09\\\/2-copia.jpg\",\"contentUrl\":\"https:\\\/\\\/webdelmaestrocmf.com\\\/portal\\\/wp-content\\\/uploads\\\/2020\\\/09\\\/2-copia.jpg\",\"width\":1100,\"height\":680},{\"@type\":\"BreadcrumbList\",\"@id\":\"https:\\\/\\\/webdelmaestrocmf.com\\\/portal\\\/mar-romera-el-objetivo-es-cambiar-el-enfoque-global-en-el-paradigma-en-el-que-estamos-para-no-evolucionar-sino-revolucionar-ha-llegado-el-momento-de-una-revolucion-en-el-modelo-educativo\\\/#breadcrumb\",\"itemListElement\":[{\"@type\":\"ListItem\",\"position\":1,\"name\":\"Portada\",\"item\":\"https:\\\/\\\/webdelmaestrocmf.com\\\/portal\\\/\"},{\"@type\":\"ListItem\",\"position\":2,\"name\":\"Noticias\",\"item\":\"https:\\\/\\\/webdelmaestrocmf.com\\\/portal\\\/category\\\/noticias\\\/\"},{\"@type\":\"ListItem\",\"position\":3,\"name\":\"Mar Romera: El objetivo es cambiar el enfoque global, en el paradigma en el que estamos, para no evolucionar, sino revolucionar. Ha llegado el momento de una revoluci\u00f3n en el modelo educativo\"}]},{\"@type\":\"WebSite\",\"@id\":\"https:\\\/\\\/webdelmaestrocmf.com\\\/portal\\\/#website\",\"url\":\"https:\\\/\\\/webdelmaestrocmf.com\\\/portal\\\/\",\"name\":\"Web del Maestro CMF\",\"description\":\"Maestros al servicio de la educaci\u00f3n\",\"publisher\":{\"@id\":\"https:\\\/\\\/webdelmaestrocmf.com\\\/portal\\\/#organization\"},\"alternateName\":\"WMCMF\",\"potentialAction\":[{\"@type\":\"SearchAction\",\"target\":{\"@type\":\"EntryPoint\",\"urlTemplate\":\"https:\\\/\\\/webdelmaestrocmf.com\\\/portal\\\/?s={search_term_string}\"},\"query-input\":{\"@type\":\"PropertyValueSpecification\",\"valueRequired\":true,\"valueName\":\"search_term_string\"}}],\"inLanguage\":\"es\"},{\"@type\":\"Organization\",\"@id\":\"https:\\\/\\\/webdelmaestrocmf.com\\\/portal\\\/#organization\",\"name\":\"Web del Maestro CMF\",\"alternateName\":\"WMCMF\",\"url\":\"https:\\\/\\\/webdelmaestrocmf.com\\\/portal\\\/\",\"logo\":{\"@type\":\"ImageObject\",\"inLanguage\":\"es\",\"@id\":\"https:\\\/\\\/webdelmaestrocmf.com\\\/portal\\\/#\\\/schema\\\/logo\\\/image\\\/\",\"url\":\"https:\\\/\\\/webdelmaestrocmf.com\\\/portal\\\/wp-content\\\/uploads\\\/2023\\\/01\\\/logo-wmcmf-2.png\",\"contentUrl\":\"https:\\\/\\\/webdelmaestrocmf.com\\\/portal\\\/wp-content\\\/uploads\\\/2023\\\/01\\\/logo-wmcmf-2.png\",\"width\":200,\"height\":60,\"caption\":\"Web del Maestro CMF\"},\"image\":{\"@id\":\"https:\\\/\\\/webdelmaestrocmf.com\\\/portal\\\/#\\\/schema\\\/logo\\\/image\\\/\"},\"sameAs\":[\"https:\\\/\\\/www.facebook.com\\\/WebdelMaestroCMF\\\/\",\"https:\\\/\\\/x.com\\\/cmf_w\",\"https:\\\/\\\/www.pinterest.com\\\/WMCMF\\\/\",\"https:\\\/\\\/www.linkedin.com\\\/company\\\/web-del-maestro-cmf\\\/\",\"https:\\\/\\\/www.instagram.com\\\/wmcmf\\\/\",\"https:\\\/\\\/www.youtube.com\\\/channel\\\/UCDPSvjbdodE5sHnC3OxutHw\",\"https:\\\/\\\/mastodon.social\\\/@wmcmf\",\"https:\\\/\\\/www.tiktok.com\\\/@webdelmaestrocmf\"]},{\"@type\":\"Person\",\"@id\":\"https:\\\/\\\/webdelmaestrocmf.com\\\/portal\\\/#\\\/schema\\\/person\\\/1072a2ed7bd960df8ef99a551fa35dc5\",\"name\":\"Web del Maestro CMF\",\"image\":{\"@type\":\"ImageObject\",\"inLanguage\":\"es\",\"@id\":\"https:\\\/\\\/secure.gravatar.com\\\/avatar\\\/23291dd5b5ae1077dcff3dbb04c3e02bd28403fa75af6d8787d5e97c5bbbe30b?s=96&d=mm&r=g\",\"url\":\"https:\\\/\\\/secure.gravatar.com\\\/avatar\\\/23291dd5b5ae1077dcff3dbb04c3e02bd28403fa75af6d8787d5e97c5bbbe30b?s=96&d=mm&r=g\",\"contentUrl\":\"https:\\\/\\\/secure.gravatar.com\\\/avatar\\\/23291dd5b5ae1077dcff3dbb04c3e02bd28403fa75af6d8787d5e97c5bbbe30b?s=96&d=mm&r=g\",\"caption\":\"Web del Maestro CMF\"},\"description\":\"Esta Web se cre\u00f3 sin fines de lucro, con fines educativos, cient\u00edficos y acad\u00e9micos, para personas que tengan dificultades y\\\/o inconvenientes en visualizar el material original. El objetivo es entregar recursos, compartir experiencias y materiales que ayuden a los padres de familia, maestros y estudiantes en su actualizaci\u00f3n y formaci\u00f3n permanente, en bien de la Educaci\u00f3n.\",\"sameAs\":[\"http:\\\/\\\/webdelmaestrocmf.com\\\/portal\",\"https:\\\/\\\/www.facebook.com\\\/WebdelMaestroCMF\\\/\",\"https:\\\/\\\/www.instagram.com\\\/wmcmf\\\/\",\"https:\\\/\\\/cl.linkedin.com\\\/company\\\/web-del-maestro-cmf\",\"https:\\\/\\\/www.pinterest.com\\\/WMCMF\\\/publicaciones\\\/\",\"https:\\\/\\\/x.com\\\/cmf_w\",\"https:\\\/\\\/www.youtube.com\\\/@WMCMF\"]}]}<\/script>\n<!-- \/ Yoast SEO plugin. -->","yoast_head_json":{"title":"Mar Romera: El objetivo es cambiar el enfoque global, en el paradigma en el que estamos, para no evolucionar, sino revolucionar. Ha llegado el momento de una revoluci\u00f3n en el modelo educativo - 2026","description":"Vamos a relativizar los horarios, pero no para descongestionar la entrada y la salida en prevenci\u00f3n del contagio, que tambi\u00e9n...","robots":{"index":"index","follow":"follow","max-snippet":"max-snippet:-1","max-image-preview":"max-image-preview:large","max-video-preview":"max-video-preview:-1"},"canonical":"https:\/\/webdelmaestrocmf.com\/portal\/mar-romera-el-objetivo-es-cambiar-el-enfoque-global-en-el-paradigma-en-el-que-estamos-para-no-evolucionar-sino-revolucionar-ha-llegado-el-momento-de-una-revolucion-en-el-modelo-educativo\/","og_locale":"es_ES","og_type":"article","og_title":"Mar Romera: El objetivo es cambiar el enfoque global, en el paradigma en el que estamos, para no evolucionar, sino revolucionar. Ha llegado el momento de una revoluci\u00f3n en el modelo educativo - 2026","og_description":"Vamos a relativizar los horarios, pero no para descongestionar la entrada y la salida en prevenci\u00f3n del contagio, que tambi\u00e9n...","og_url":"https:\/\/webdelmaestrocmf.com\/portal\/mar-romera-el-objetivo-es-cambiar-el-enfoque-global-en-el-paradigma-en-el-que-estamos-para-no-evolucionar-sino-revolucionar-ha-llegado-el-momento-de-una-revolucion-en-el-modelo-educativo\/","og_site_name":"Web del Maestro CMF","article_publisher":"https:\/\/www.facebook.com\/WebdelMaestroCMF\/","article_author":"https:\/\/www.facebook.com\/WebdelMaestroCMF\/","article_published_time":"2020-09-07T02:01:12+00:00","article_modified_time":"2023-11-08T23:44:40+00:00","og_image":[{"width":1100,"height":680,"url":"https:\/\/webdelmaestrocmf.com\/portal\/wp-content\/uploads\/2020\/09\/2-copia.jpg","type":"image\/jpeg"}],"author":"Web del Maestro CMF","twitter_card":"summary_large_image","twitter_creator":"@cmf_w","twitter_site":"@cmf_w","schema":{"@context":"https:\/\/schema.org","@graph":[{"@type":"ScholarlyArticle","@id":"https:\/\/webdelmaestrocmf.com\/portal\/mar-romera-el-objetivo-es-cambiar-el-enfoque-global-en-el-paradigma-en-el-que-estamos-para-no-evolucionar-sino-revolucionar-ha-llegado-el-momento-de-una-revolucion-en-el-modelo-educativo\/#article","isPartOf":{"@id":"https:\/\/webdelmaestrocmf.com\/portal\/mar-romera-el-objetivo-es-cambiar-el-enfoque-global-en-el-paradigma-en-el-que-estamos-para-no-evolucionar-sino-revolucionar-ha-llegado-el-momento-de-una-revolucion-en-el-modelo-educativo\/"},"author":{"name":"Web del Maestro CMF","@id":"https:\/\/webdelmaestrocmf.com\/portal\/#\/schema\/person\/1072a2ed7bd960df8ef99a551fa35dc5"},"headline":"Mar Romera: El objetivo es cambiar el enfoque global, en el paradigma en el que estamos, para no evolucionar, sino revolucionar. Ha llegado el momento de una revoluci\u00f3n en el modelo educativo","datePublished":"2020-09-07T02:01:12+00:00","dateModified":"2023-11-08T23:44:40+00:00","mainEntityOfPage":{"@id":"https:\/\/webdelmaestrocmf.com\/portal\/mar-romera-el-objetivo-es-cambiar-el-enfoque-global-en-el-paradigma-en-el-que-estamos-para-no-evolucionar-sino-revolucionar-ha-llegado-el-momento-de-una-revolucion-en-el-modelo-educativo\/"},"wordCount":1416,"commentCount":0,"publisher":{"@id":"https:\/\/webdelmaestrocmf.com\/portal\/#organization"},"image":{"@id":"https:\/\/webdelmaestrocmf.com\/portal\/mar-romera-el-objetivo-es-cambiar-el-enfoque-global-en-el-paradigma-en-el-que-estamos-para-no-evolucionar-sino-revolucionar-ha-llegado-el-momento-de-una-revolucion-en-el-modelo-educativo\/#primaryimage"},"thumbnailUrl":"https:\/\/webdelmaestrocmf.com\/portal\/wp-content\/uploads\/2020\/09\/2-copia.jpg","keywords":["CAMBIAR","ENFOQUE","estamos","evolucionar","global","MAR ROMERA","OBJETIVO","paradigma","REVOLUCIONAR"],"articleSection":["Entrevistas","Noticias"],"inLanguage":"es","potentialAction":[{"@type":"CommentAction","name":"Comment","target":["https:\/\/webdelmaestrocmf.com\/portal\/mar-romera-el-objetivo-es-cambiar-el-enfoque-global-en-el-paradigma-en-el-que-estamos-para-no-evolucionar-sino-revolucionar-ha-llegado-el-momento-de-una-revolucion-en-el-modelo-educativo\/#respond"]}]},{"@type":"WebPage","@id":"https:\/\/webdelmaestrocmf.com\/portal\/mar-romera-el-objetivo-es-cambiar-el-enfoque-global-en-el-paradigma-en-el-que-estamos-para-no-evolucionar-sino-revolucionar-ha-llegado-el-momento-de-una-revolucion-en-el-modelo-educativo\/","url":"https:\/\/webdelmaestrocmf.com\/portal\/mar-romera-el-objetivo-es-cambiar-el-enfoque-global-en-el-paradigma-en-el-que-estamos-para-no-evolucionar-sino-revolucionar-ha-llegado-el-momento-de-una-revolucion-en-el-modelo-educativo\/","name":"Mar Romera: El objetivo es cambiar el enfoque global, en el paradigma en el que estamos, para no evolucionar, sino revolucionar. Ha llegado el momento de una revoluci\u00f3n en el modelo educativo - 2026","isPartOf":{"@id":"https:\/\/webdelmaestrocmf.com\/portal\/#website"},"primaryImageOfPage":{"@id":"https:\/\/webdelmaestrocmf.com\/portal\/mar-romera-el-objetivo-es-cambiar-el-enfoque-global-en-el-paradigma-en-el-que-estamos-para-no-evolucionar-sino-revolucionar-ha-llegado-el-momento-de-una-revolucion-en-el-modelo-educativo\/#primaryimage"},"image":{"@id":"https:\/\/webdelmaestrocmf.com\/portal\/mar-romera-el-objetivo-es-cambiar-el-enfoque-global-en-el-paradigma-en-el-que-estamos-para-no-evolucionar-sino-revolucionar-ha-llegado-el-momento-de-una-revolucion-en-el-modelo-educativo\/#primaryimage"},"thumbnailUrl":"https:\/\/webdelmaestrocmf.com\/portal\/wp-content\/uploads\/2020\/09\/2-copia.jpg","datePublished":"2020-09-07T02:01:12+00:00","dateModified":"2023-11-08T23:44:40+00:00","description":"Vamos a relativizar los horarios, pero no para descongestionar la entrada y la salida en prevenci\u00f3n del contagio, que tambi\u00e9n...","breadcrumb":{"@id":"https:\/\/webdelmaestrocmf.com\/portal\/mar-romera-el-objetivo-es-cambiar-el-enfoque-global-en-el-paradigma-en-el-que-estamos-para-no-evolucionar-sino-revolucionar-ha-llegado-el-momento-de-una-revolucion-en-el-modelo-educativo\/#breadcrumb"},"inLanguage":"es","potentialAction":[{"@type":"ReadAction","target":["https:\/\/webdelmaestrocmf.com\/portal\/mar-romera-el-objetivo-es-cambiar-el-enfoque-global-en-el-paradigma-en-el-que-estamos-para-no-evolucionar-sino-revolucionar-ha-llegado-el-momento-de-una-revolucion-en-el-modelo-educativo\/"]}]},{"@type":"ImageObject","inLanguage":"es","@id":"https:\/\/webdelmaestrocmf.com\/portal\/mar-romera-el-objetivo-es-cambiar-el-enfoque-global-en-el-paradigma-en-el-que-estamos-para-no-evolucionar-sino-revolucionar-ha-llegado-el-momento-de-una-revolucion-en-el-modelo-educativo\/#primaryimage","url":"https:\/\/webdelmaestrocmf.com\/portal\/wp-content\/uploads\/2020\/09\/2-copia.jpg","contentUrl":"https:\/\/webdelmaestrocmf.com\/portal\/wp-content\/uploads\/2020\/09\/2-copia.jpg","width":1100,"height":680},{"@type":"BreadcrumbList","@id":"https:\/\/webdelmaestrocmf.com\/portal\/mar-romera-el-objetivo-es-cambiar-el-enfoque-global-en-el-paradigma-en-el-que-estamos-para-no-evolucionar-sino-revolucionar-ha-llegado-el-momento-de-una-revolucion-en-el-modelo-educativo\/#breadcrumb","itemListElement":[{"@type":"ListItem","position":1,"name":"Portada","item":"https:\/\/webdelmaestrocmf.com\/portal\/"},{"@type":"ListItem","position":2,"name":"Noticias","item":"https:\/\/webdelmaestrocmf.com\/portal\/category\/noticias\/"},{"@type":"ListItem","position":3,"name":"Mar Romera: El objetivo es cambiar el enfoque global, en el paradigma en el que estamos, para no evolucionar, sino revolucionar. Ha llegado el momento de una revoluci\u00f3n en el modelo educativo"}]},{"@type":"WebSite","@id":"https:\/\/webdelmaestrocmf.com\/portal\/#website","url":"https:\/\/webdelmaestrocmf.com\/portal\/","name":"Web del Maestro CMF","description":"Maestros al servicio de la educaci\u00f3n","publisher":{"@id":"https:\/\/webdelmaestrocmf.com\/portal\/#organization"},"alternateName":"WMCMF","potentialAction":[{"@type":"SearchAction","target":{"@type":"EntryPoint","urlTemplate":"https:\/\/webdelmaestrocmf.com\/portal\/?s={search_term_string}"},"query-input":{"@type":"PropertyValueSpecification","valueRequired":true,"valueName":"search_term_string"}}],"inLanguage":"es"},{"@type":"Organization","@id":"https:\/\/webdelmaestrocmf.com\/portal\/#organization","name":"Web del Maestro CMF","alternateName":"WMCMF","url":"https:\/\/webdelmaestrocmf.com\/portal\/","logo":{"@type":"ImageObject","inLanguage":"es","@id":"https:\/\/webdelmaestrocmf.com\/portal\/#\/schema\/logo\/image\/","url":"https:\/\/webdelmaestrocmf.com\/portal\/wp-content\/uploads\/2023\/01\/logo-wmcmf-2.png","contentUrl":"https:\/\/webdelmaestrocmf.com\/portal\/wp-content\/uploads\/2023\/01\/logo-wmcmf-2.png","width":200,"height":60,"caption":"Web del Maestro CMF"},"image":{"@id":"https:\/\/webdelmaestrocmf.com\/portal\/#\/schema\/logo\/image\/"},"sameAs":["https:\/\/www.facebook.com\/WebdelMaestroCMF\/","https:\/\/x.com\/cmf_w","https:\/\/www.pinterest.com\/WMCMF\/","https:\/\/www.linkedin.com\/company\/web-del-maestro-cmf\/","https:\/\/www.instagram.com\/wmcmf\/","https:\/\/www.youtube.com\/channel\/UCDPSvjbdodE5sHnC3OxutHw","https:\/\/mastodon.social\/@wmcmf","https:\/\/www.tiktok.com\/@webdelmaestrocmf"]},{"@type":"Person","@id":"https:\/\/webdelmaestrocmf.com\/portal\/#\/schema\/person\/1072a2ed7bd960df8ef99a551fa35dc5","name":"Web del Maestro CMF","image":{"@type":"ImageObject","inLanguage":"es","@id":"https:\/\/secure.gravatar.com\/avatar\/23291dd5b5ae1077dcff3dbb04c3e02bd28403fa75af6d8787d5e97c5bbbe30b?s=96&d=mm&r=g","url":"https:\/\/secure.gravatar.com\/avatar\/23291dd5b5ae1077dcff3dbb04c3e02bd28403fa75af6d8787d5e97c5bbbe30b?s=96&d=mm&r=g","contentUrl":"https:\/\/secure.gravatar.com\/avatar\/23291dd5b5ae1077dcff3dbb04c3e02bd28403fa75af6d8787d5e97c5bbbe30b?s=96&d=mm&r=g","caption":"Web del Maestro CMF"},"description":"Esta Web se cre\u00f3 sin fines de lucro, con fines educativos, cient\u00edficos y acad\u00e9micos, para personas que tengan dificultades y\/o inconvenientes en visualizar el material original. El objetivo es entregar recursos, compartir experiencias y materiales que ayuden a los padres de familia, maestros y estudiantes en su actualizaci\u00f3n y formaci\u00f3n permanente, en bien de la Educaci\u00f3n.","sameAs":["http:\/\/webdelmaestrocmf.com\/portal","https:\/\/www.facebook.com\/WebdelMaestroCMF\/","https:\/\/www.instagram.com\/wmcmf\/","https:\/\/cl.linkedin.com\/company\/web-del-maestro-cmf","https:\/\/www.pinterest.com\/WMCMF\/publicaciones\/","https:\/\/x.com\/cmf_w","https:\/\/www.youtube.com\/@WMCMF"]}]}},"jetpack_featured_media_url":"https:\/\/webdelmaestrocmf.com\/portal\/wp-content\/uploads\/2020\/09\/2-copia.jpg","jetpack_sharing_enabled":true,"jetpack-related-posts":[{"id":54024,"url":"https:\/\/webdelmaestrocmf.com\/portal\/mar-romera-durante-el-punto-algido-de-la-pandemia-y-el-confinamiento-los-ninos-no-existieron-aparecieron-los-ultimos-en-la-escala-de-prioridades\/","url_meta":{"origin":51106,"position":0},"title":"Mar Romera: Durante el punto \u00e1lgido de la pandemia y el confinamiento, los ni\u00f1os no existieron, aparecieron los \u00faltimos en la escala de prioridades","author":"Web del Maestro CMF","date":"4 noviembre, 2020","format":false,"excerpt":"A Mar Romera (1967), maestra, pedagoga, psicopedagoga y presidenta de la Asociaci\u00f3n Pedag\u00f3gica Francesco Tonucci (APFRATO), se le ilumina la voz cuando habla de una de sus especialidades, la inteligencia emocional. Esa emoci\u00f3n se percibe\u00a0 en su voz y la forma en que su brillo traspasa la pantalla durante su\u2026","rel":"","context":"En \u00abEntrevistas\u00bb","block_context":{"text":"Entrevistas","link":"https:\/\/webdelmaestrocmf.com\/portal\/category\/noticias\/entrevistas\/"},"img":{"alt_text":"","src":"https:\/\/i0.wp.com\/webdelmaestrocmf.com\/portal\/wp-content\/uploads\/2020\/11\/1-copia-12.jpg?resize=350%2C200&ssl=1","width":350,"height":200,"srcset":"https:\/\/i0.wp.com\/webdelmaestrocmf.com\/portal\/wp-content\/uploads\/2020\/11\/1-copia-12.jpg?resize=350%2C200&ssl=1 1x, https:\/\/i0.wp.com\/webdelmaestrocmf.com\/portal\/wp-content\/uploads\/2020\/11\/1-copia-12.jpg?resize=525%2C300&ssl=1 1.5x, https:\/\/i0.wp.com\/webdelmaestrocmf.com\/portal\/wp-content\/uploads\/2020\/11\/1-copia-12.jpg?resize=700%2C400&ssl=1 2x, https:\/\/i0.wp.com\/webdelmaestrocmf.com\/portal\/wp-content\/uploads\/2020\/11\/1-copia-12.jpg?resize=1050%2C600&ssl=1 3x"},"classes":[]},{"id":57550,"url":"https:\/\/webdelmaestrocmf.com\/portal\/mar-romera-cada-docente-no-puede-seguir-siendolo-sin-estudiar-cada-dia-sin-leer-sin-evolucionar-sin-cambiar-sin-desaprender-para-aprender\/","url_meta":{"origin":51106,"position":1},"title":"Mar Romera: Cada docente no puede seguir si\u00e9ndolo sin estudiar cada d\u00eda, sin leer, sin evolucionar, sin cambiar, sin desaprender para aprender","author":"Web del Maestro CMF","date":"15 mayo, 2022","format":false,"excerpt":"La profesora Mar Romera, pedagoga y psicopedagoga, es presidenta de la Asociaci\u00f3n pedag\u00f3gica Francesco Tonucci (APFRATO) y autora del modelo pedag\u00f3gico 'Educar con tres ces: capacidades, competencias y coraz\u00f3n'. Realiza formaci\u00f3n permanente del profesorado en diferentes comunidades aut\u00f3nomas en colaboraci\u00f3n con las consejer\u00edas de educaci\u00f3n, y es ponente en multitud\u2026","rel":"","context":"En \u00abEntrevistas\u00bb","block_context":{"text":"Entrevistas","link":"https:\/\/webdelmaestrocmf.com\/portal\/category\/noticias\/entrevistas\/"},"img":{"alt_text":"","src":"https:\/\/i0.wp.com\/webdelmaestrocmf.com\/portal\/wp-content\/uploads\/2021\/01\/2-23.jpg?resize=350%2C200&ssl=1","width":350,"height":200,"srcset":"https:\/\/i0.wp.com\/webdelmaestrocmf.com\/portal\/wp-content\/uploads\/2021\/01\/2-23.jpg?resize=350%2C200&ssl=1 1x, https:\/\/i0.wp.com\/webdelmaestrocmf.com\/portal\/wp-content\/uploads\/2021\/01\/2-23.jpg?resize=525%2C300&ssl=1 1.5x, https:\/\/i0.wp.com\/webdelmaestrocmf.com\/portal\/wp-content\/uploads\/2021\/01\/2-23.jpg?resize=700%2C400&ssl=1 2x, https:\/\/i0.wp.com\/webdelmaestrocmf.com\/portal\/wp-content\/uploads\/2021\/01\/2-23.jpg?resize=1050%2C600&ssl=1 3x"},"classes":[]},{"id":35964,"url":"https:\/\/webdelmaestrocmf.com\/portal\/mar-romera-el-docente-del-siglo-xxi-tiene-que-ser-un-docente-culto-una-persona-que-lee-mucho-que-domina-los-medios-de-comunicacion-que-va-al-cine-que-escucha-musica-que-va-al-teatro-que-viaja\/","url_meta":{"origin":51106,"position":2},"title":"Mar Romera: el docente del siglo XXI tiene que ser un docente culto, una persona que lee mucho, que domina los medios de comunicaci\u00f3n, que va al cine, que escucha m\u00fasica, que va al teatro, que viaja\u2026 Alguien con una mente abierta y permeable.","author":"Web del Maestro CMF","date":"3 enero, 2026","format":false,"excerpt":"La educaci\u00f3n debe centrarse en el presente del ni\u00f1o, promover su autonom\u00eda y participaci\u00f3n real. El docente es clave: gu\u00eda, aprende, escucha y forma personas con pensamiento cr\u00edtico y valores.","rel":"","context":"En \u00abEntrevistas\u00bb","block_context":{"text":"Entrevistas","link":"https:\/\/webdelmaestrocmf.com\/portal\/category\/noticias\/entrevistas\/"},"img":{"alt_text":"","src":"https:\/\/i0.wp.com\/webdelmaestrocmf.com\/portal\/wp-content\/uploads\/2020\/07\/Banner-portada-2023.jpg?resize=350%2C200&ssl=1","width":350,"height":200,"srcset":"https:\/\/i0.wp.com\/webdelmaestrocmf.com\/portal\/wp-content\/uploads\/2020\/07\/Banner-portada-2023.jpg?resize=350%2C200&ssl=1 1x, https:\/\/i0.wp.com\/webdelmaestrocmf.com\/portal\/wp-content\/uploads\/2020\/07\/Banner-portada-2023.jpg?resize=525%2C300&ssl=1 1.5x, https:\/\/i0.wp.com\/webdelmaestrocmf.com\/portal\/wp-content\/uploads\/2020\/07\/Banner-portada-2023.jpg?resize=700%2C400&ssl=1 2x"},"classes":[]},{"id":86404,"url":"https:\/\/webdelmaestrocmf.com\/portal\/como-planificar-y-evaluar-en-el-aula-propuestas-y-ejemplos\/","url_meta":{"origin":51106,"position":3},"title":"C\u00f3mo Planificar y Evaluar en el Aula (Propuestas y Ejemplos)","author":"Web del Maestro CMF","date":"28 marzo, 2023","format":false,"excerpt":"En el din\u00e1mico mundo de la educaci\u00f3n, la planificaci\u00f3n y evaluaci\u00f3n en el aula juegan un papel fundamental en el proceso de ense\u00f1anza-aprendizaje. Estas dos herramientas est\u00e1n intr\u00ednsecamente vinculadas y desempe\u00f1an un papel crucial en la creaci\u00f3n de experiencias educativas efectivas y significativas para los estudiantes. Una planificaci\u00f3n cuidadosa sienta\u2026","rel":"","context":"En \u00abLibros\u00bb","block_context":{"text":"Libros","link":"https:\/\/webdelmaestrocmf.com\/portal\/category\/pedagogia\/libros\/"},"img":{"alt_text":"Planificar y Evaluar","src":"https:\/\/i0.wp.com\/webdelmaestrocmf.com\/portal\/wp-content\/uploads\/2023\/03\/A12B3C4D-57.jpg?resize=350%2C200&ssl=1","width":350,"height":200,"srcset":"https:\/\/i0.wp.com\/webdelmaestrocmf.com\/portal\/wp-content\/uploads\/2023\/03\/A12B3C4D-57.jpg?resize=350%2C200&ssl=1 1x, https:\/\/i0.wp.com\/webdelmaestrocmf.com\/portal\/wp-content\/uploads\/2023\/03\/A12B3C4D-57.jpg?resize=525%2C300&ssl=1 1.5x, https:\/\/i0.wp.com\/webdelmaestrocmf.com\/portal\/wp-content\/uploads\/2023\/03\/A12B3C4D-57.jpg?resize=700%2C400&ssl=1 2x"},"classes":[]},{"id":107382,"url":"https:\/\/webdelmaestrocmf.com\/portal\/mar-romera-sobreproteger-sobre-regalar-sobre-estimular-e-hiper-conectar-para-que-se-sientan-bien-son-grandes-errores\/","url_meta":{"origin":51106,"position":4},"title":"Mar Romera: Sobreproteger, sobre regalar, sobre estimular e hiperconectar para que \u201cse sientan bien\u201d son grandes errores","author":"Web del Maestro CMF","date":"6 enero, 2025","format":false,"excerpt":"Mar Romera Mor\u00f3n (1967), naci\u00f3 en Heidenheim (Alemania), es licenciada en pedagog\u00eda y psicopedagog\u00eda especialista en Inteligencia Emocional y comparte conferencias, art\u00edculos, libros foros, charlas y seminarios sobre la escuela, la infancia y la did\u00e1ctica activa. Tiene experiencia en todas las etapas del sistema educativo, desde educaci\u00f3n infantil, primaria, educaci\u00f3n\u2026","rel":"","context":"En \u00abEntrevistas\u00bb","block_context":{"text":"Entrevistas","link":"https:\/\/webdelmaestrocmf.com\/portal\/category\/noticias\/entrevistas\/"},"img":{"alt_text":"","src":"https:\/\/i0.wp.com\/webdelmaestrocmf.com\/portal\/wp-content\/uploads\/2025\/01\/1A-Banner-1-portada-imagen-10-1-8.jpg?resize=350%2C200&ssl=1","width":350,"height":200,"srcset":"https:\/\/i0.wp.com\/webdelmaestrocmf.com\/portal\/wp-content\/uploads\/2025\/01\/1A-Banner-1-portada-imagen-10-1-8.jpg?resize=350%2C200&ssl=1 1x, https:\/\/i0.wp.com\/webdelmaestrocmf.com\/portal\/wp-content\/uploads\/2025\/01\/1A-Banner-1-portada-imagen-10-1-8.jpg?resize=525%2C300&ssl=1 1.5x, https:\/\/i0.wp.com\/webdelmaestrocmf.com\/portal\/wp-content\/uploads\/2025\/01\/1A-Banner-1-portada-imagen-10-1-8.jpg?resize=700%2C400&ssl=1 2x"},"classes":[]},{"id":96238,"url":"https:\/\/webdelmaestrocmf.com\/portal\/javier-touron-el-profesor-no-tiene-que-ensenar-tiene-que-lograr-que-sus-alumnos-aprendan\/","url_meta":{"origin":51106,"position":5},"title":"Javier Tour\u00f3n: El profesor no tiene que ense\u00f1ar, tiene que lograr que sus alumnos aprendan","author":"Web del Maestro CMF","date":"29 septiembre, 2023","format":false,"excerpt":"La educaci\u00f3n es un campo en constante evoluci\u00f3n, donde nuevas tendencias y enfoques pedag\u00f3gicos aparecen regularmente, prometiendo revolucionar la forma en que los estudiantes aprenden y los profesores ense\u00f1an. Sin embargo, no todas estas modas resisten el paso del tiempo o cumplen con sus promesas iniciales. Javier Tour\u00f3n, Vicerrector de\u2026","rel":"","context":"En \u00abEntrevistas\u00bb","block_context":{"text":"Entrevistas","link":"https:\/\/webdelmaestrocmf.com\/portal\/category\/noticias\/entrevistas\/"},"img":{"alt_text":"Javier Tour\u00f3n","src":"https:\/\/i0.wp.com\/webdelmaestrocmf.com\/portal\/wp-content\/uploads\/2023\/09\/A12B3C4D-7-6.jpg?resize=350%2C200&ssl=1","width":350,"height":200,"srcset":"https:\/\/i0.wp.com\/webdelmaestrocmf.com\/portal\/wp-content\/uploads\/2023\/09\/A12B3C4D-7-6.jpg?resize=350%2C200&ssl=1 1x, https:\/\/i0.wp.com\/webdelmaestrocmf.com\/portal\/wp-content\/uploads\/2023\/09\/A12B3C4D-7-6.jpg?resize=525%2C300&ssl=1 1.5x, https:\/\/i0.wp.com\/webdelmaestrocmf.com\/portal\/wp-content\/uploads\/2023\/09\/A12B3C4D-7-6.jpg?resize=700%2C400&ssl=1 2x"},"classes":[]}],"_links":{"self":[{"href":"https:\/\/webdelmaestrocmf.com\/portal\/wp-json\/wp\/v2\/posts\/51106","targetHints":{"allow":["GET"]}}],"collection":[{"href":"https:\/\/webdelmaestrocmf.com\/portal\/wp-json\/wp\/v2\/posts"}],"about":[{"href":"https:\/\/webdelmaestrocmf.com\/portal\/wp-json\/wp\/v2\/types\/post"}],"author":[{"embeddable":true,"href":"https:\/\/webdelmaestrocmf.com\/portal\/wp-json\/wp\/v2\/users\/1"}],"replies":[{"embeddable":true,"href":"https:\/\/webdelmaestrocmf.com\/portal\/wp-json\/wp\/v2\/comments?post=51106"}],"version-history":[{"count":0,"href":"https:\/\/webdelmaestrocmf.com\/portal\/wp-json\/wp\/v2\/posts\/51106\/revisions"}],"wp:featuredmedia":[{"embeddable":true,"href":"https:\/\/webdelmaestrocmf.com\/portal\/wp-json\/wp\/v2\/media\/51108"}],"wp:attachment":[{"href":"https:\/\/webdelmaestrocmf.com\/portal\/wp-json\/wp\/v2\/media?parent=51106"}],"wp:term":[{"taxonomy":"category","embeddable":true,"href":"https:\/\/webdelmaestrocmf.com\/portal\/wp-json\/wp\/v2\/categories?post=51106"},{"taxonomy":"post_tag","embeddable":true,"href":"https:\/\/webdelmaestrocmf.com\/portal\/wp-json\/wp\/v2\/tags?post=51106"}],"curies":[{"name":"wp","href":"https:\/\/api.w.org\/{rel}","templated":true}]}}