{"id":50926,"date":"2020-09-04T17:42:55","date_gmt":"2020-09-04T21:42:55","guid":{"rendered":"https:\/\/webdelmaestrocmf.com\/portal\/?p=50926"},"modified":"2020-09-04T17:44:54","modified_gmt":"2020-09-04T21:44:54","slug":"david-auris-aprendo-en-casa-y-la-pedagogia-del-reality-show","status":"publish","type":"post","link":"https:\/\/webdelmaestrocmf.com\/portal\/david-auris-aprendo-en-casa-y-la-pedagogia-del-reality-show\/","title":{"rendered":"[David Auris] Aprendo en casa y la pedagog\u00eda del reality show"},"content":{"rendered":"<h5 style=\"text-align: justify;\">La pedagog\u00eda del <em>reality show<\/em>, es uno de los \u201cenfoques\u201d m\u00e1s innovadores y dignos de estudios doctorales, surgido en esta pandemia, como aporte de los cient\u00edficos del Ministerio de Educaci\u00f3n del Per\u00fa a la educaci\u00f3n estatal, materializado en el programa, Aprendo en casa, simplemente al alcance de un clic en <em>Youtube<\/em>, gestada de esta manera.<\/h5>\n<p><!--more--><\/p>\n<h5 style=\"text-align: justify;\">\u00a1Ustedes atr\u00e1s! As\u00ed releg\u00f3 el Minedu a la comunidad docente, al poner a actrices y conductores medi\u00e1ticos al frente del programa educativo oficial, Aprendo en casa, dirigido a los estudiantes del ecosistema estatal. Con esta extra\u00f1a actitud, Minedu como un patr\u00f3n medioeval, vapule\u00f3 a su personal, erosionando la alica\u00edda imagen del magisterio, confin\u00e1ndolos a un segundo plano, en momentos que los exigen a liderar este nov\u00edsimo aprendizaje digital.<\/h5>\n<p style=\"text-align: justify;\">Aprendo en casa, programa educativo dirigido a m\u00e1s de seis millones de estudiantes de la Educaci\u00f3n B\u00e1sica del sector estatal, impulsado por Minedu, se lanz\u00f3 el 06 abril, como una alternativa de vanguardia pedag\u00f3gica, curiosamente protagonizado por actores y esbeltas e inteligentes actrices, en el contexto de la pandemia, para iniciar emotivamente el proceso de aprendizaje a trav\u00e9s de la internet, televisi\u00f3n y radio.<\/p>\n<p style=\"text-align: justify;\">\u201cNo se trata que el Pap\u00e1 se vuelva profesor, porque ah\u00ed entramos en crisis total\u201d, dijo al respeto, el Ministro de Educaci\u00f3n, Benavides, en una entrevista en marzo. De lo dicho, entendemos que Minedu, dispon\u00eda de tiempo para seleccionar docentes y prepararlos para la actuaci\u00f3n ante c\u00e1maras, por lo cual, desconocemos las razones de preferir el facilismo neocolonial.<\/p>\n<p style=\"text-align: justify;\">Habida cuenta que, para el ejercicio docente estatal, seg\u00fan la ley de Educaci\u00f3n N\u00b028044, se requiere t\u00edtulo pedag\u00f3gico y se accede a trav\u00e9s de un concurso p\u00fablico. En ese sentido, \u00bfBaj\u00f3 qu\u00e9 criterios habr\u00e1n elegido a las actrices, actores y estudiantes universitarios, como estrellas de la educaci\u00f3n virtual? \u00bfAcaso pretenden imponernos su novedoso enfoque? La pedagog\u00eda del <em>reality show<\/em>, para aquellos quienes no podemos solventar una educaci\u00f3n privada.<\/p>\n<p style=\"text-align: justify;\">Probablemente el criterio, fue la competencia del arte dram\u00e1tico, entonces, \u00bfDe entre m\u00e1s de medio mill\u00f3n de docentes no habr\u00e1 quienes manejen el arte esc\u00e9nico? Por supuesto que hay miles. Sin embargo, los preclaros ejecutivos, lejos de un juicio cient\u00edfico pedag\u00f3gico, con hijos en instituciones privadas, prefirieron a los \u201c<em>influencer<\/em>\u201d, como una irreverente falta de respeto al colectivo docente, t\u00e1citamente consider\u00e1ndolos, profesionales de segunda.<\/p>\n<p style=\"text-align: justify;\">Desconociendo que somos un pa\u00eds extremadamente dependiente de los factores socioculturales, y ciegos ante la b\u00e1rbara digitalizaci\u00f3n, Minedu, renuncia promocionar la virtualizaci\u00f3n docente como profesionales de exportaci\u00f3n, neg\u00e1ndolos un rol protag\u00f3nico en las pantallas de la televisi\u00f3n, monopolizados por personajes medi\u00e1ticos que poco o nada tiene que decirnos.<\/p>\n<p style=\"text-align: justify;\">Observemos a la pedagog\u00eda chilena, de quien podemos aprender. En abril iniciaron sus clases virtuales con el programa Aprendo Tv, con sus docentes como protagonistas y l\u00edderes del aprendizaje. El programa peruano, Aprendo en casa, inici\u00f3 en abril, encabezada por animadoras y conductores, con docentes de la esfera estatal como \u201cactores de reparto o extras, cual coro de una tragedia griega\u201d.<\/p>\n<p><img loading=\"lazy\" decoding=\"async\" class=\"alignnone size-full wp-image-50928\" src=\"https:\/\/webdelmaestrocmf.com\/portal\/wp-content\/uploads\/2020\/09\/1-copia.png\" alt=\"\" width=\"1572\" height=\"1180\" srcset=\"https:\/\/webdelmaestrocmf.com\/portal\/wp-content\/uploads\/2020\/09\/1-copia.png 1572w, https:\/\/webdelmaestrocmf.com\/portal\/wp-content\/uploads\/2020\/09\/1-copia-300x225.png 300w, https:\/\/webdelmaestrocmf.com\/portal\/wp-content\/uploads\/2020\/09\/1-copia-1024x769.png 1024w, https:\/\/webdelmaestrocmf.com\/portal\/wp-content\/uploads\/2020\/09\/1-copia-768x576.png 768w, https:\/\/webdelmaestrocmf.com\/portal\/wp-content\/uploads\/2020\/09\/1-copia-1536x1153.png 1536w, https:\/\/webdelmaestrocmf.com\/portal\/wp-content\/uploads\/2020\/09\/1-copia-110x83.png 110w, https:\/\/webdelmaestrocmf.com\/portal\/wp-content\/uploads\/2020\/09\/1-copia-200x150.png 200w, https:\/\/webdelmaestrocmf.com\/portal\/wp-content\/uploads\/2020\/09\/1-copia-380x285.png 380w, https:\/\/webdelmaestrocmf.com\/portal\/wp-content\/uploads\/2020\/09\/1-copia-255x191.png 255w, https:\/\/webdelmaestrocmf.com\/portal\/wp-content\/uploads\/2020\/09\/1-copia-550x413.png 550w, https:\/\/webdelmaestrocmf.com\/portal\/wp-content\/uploads\/2020\/09\/1-copia-800x601.png 800w, https:\/\/webdelmaestrocmf.com\/portal\/wp-content\/uploads\/2020\/09\/1-copia-1160x871.png 1160w, https:\/\/webdelmaestrocmf.com\/portal\/wp-content\/uploads\/2020\/09\/1-copia-600x450.png 600w, https:\/\/webdelmaestrocmf.com\/portal\/wp-content\/uploads\/2020\/09\/1-copia-220x165.png 220w, https:\/\/webdelmaestrocmf.com\/portal\/wp-content\/uploads\/2020\/09\/1-copia-400x300.png 400w, https:\/\/webdelmaestrocmf.com\/portal\/wp-content\/uploads\/2020\/09\/1-copia-760x570.png 760w, https:\/\/webdelmaestrocmf.com\/portal\/wp-content\/uploads\/2020\/09\/1-copia-510x383.png 510w, https:\/\/webdelmaestrocmf.com\/portal\/wp-content\/uploads\/2020\/09\/1-copia-1100x826.png 1100w\" sizes=\"auto, (max-width: 1572px) 100vw, 1572px\" \/><\/p>\n<p style=\"text-align: justify;\">Para valorar comparativamente, en Wikipedia, Aprendo Tv, aparece organizado pedag\u00f3gicamente y resalta los t\u00f3picos tratados. Aprendo en casa, patentiza el <em>reality show,<\/em> resaltando a las conductoras sin importar los temas tratados, desoyendo la voz de los expertos, quienes argumentan, la educaci\u00f3n es muy importante que no podemos dejar en manos de bur\u00f3cratas carentes de visi\u00f3n de desarrollo sostenido y equidad.<\/p>\n<p style=\"text-align: justify;\">Coincidiendo con Ignacia G\u00f3mez, creo que el estado peruano, est\u00e1 violando nuestro derecho a la educaci\u00f3n de calidad, trat\u00e1ndonos como ciudadanos de segunda categor\u00eda, por el simple hecho de pertenecer al bols\u00f3n de la educaci\u00f3n estatal; mientras la esfera de la educaci\u00f3n privada, es manejada bajo otros patrones cognitivos, profundizando a\u00fan m\u00e1s, nuestra brecha acad\u00e9mica.<\/p>\n<p style=\"text-align: justify;\">Ante esta paradoja educativa, \u00bfEs ineludible sustituir a los altos ejecutivos del Minedu, por cient\u00edficos multidisciplinarios para reformular su liderazgo, facilitando el espacio protag\u00f3nico a los docentes, como epicentro del aprendizaje? As\u00ed como esta coyuntura de la pandemia, no debe servir de argumento para banalizar a la educaci\u00f3n estatal y socavar la autoestima de la familia educativa, imponi\u00e9ndonos esta rara pedagog\u00eda del <em>reality show<\/em> con aires de inequidad, en una sociedad, aletargada en brazos de las redes sociales.<\/p>\n<h5 style=\"text-align: justify;\"><strong>Notas:<\/strong><\/h5>\n<ul style=\"text-align: justify;\">\n<li>Aprendo en casa. (Per\u00fa) Recuperado de: <a style=\"font-family: -apple-system, BlinkMacSystemFont, 'Segoe UI', Roboto, 'Helvetica Neue', Arial, 'Noto Sans', sans-serif, 'Apple Color Emoji', 'Segoe UI Emoji', 'Segoe UI Symbol', 'Noto Color Emoji';\" href=\"https:\/\/www.youtube.com\/watch?v=ZEghO1nY7tM&amp;t=168s\" target=\"_blank\" rel=\"noopener noreferrer\">https:\/\/www.youtube.com\/<\/a> <span style=\"font-family: -apple-system, BlinkMacSystemFont, 'Segoe UI', Roboto, 'Helvetica Neue', Arial, 'Noto Sans', sans-serif, 'Apple Color Emoji', 'Segoe UI Emoji', 'Segoe UI Symbol', 'Noto Color Emoji';\">15\/07\/2020)<\/span><\/li>\n<li>Aprendo Tv. (Chile) Recuperado de: <a style=\"font-family: -apple-system, BlinkMacSystemFont, 'Segoe UI', Roboto, 'Helvetica Neue', Arial, 'Noto Sans', sans-serif, 'Apple Color Emoji', 'Segoe UI Emoji', 'Segoe UI Symbol', 'Noto Color Emoji';\" href=\"https:\/\/www.youtube.com\/watch?v=duSAt-tp9Rw&amp;t=73s\" target=\"_blank\" rel=\"noopener noreferrer\">https:\/\/www.youtube.com\/<\/a><span style=\"font-family: -apple-system, BlinkMacSystemFont, 'Segoe UI', Roboto, 'Helvetica Neue', Arial, 'Noto Sans', sans-serif, 'Apple Color Emoji', 'Segoe UI Emoji', 'Segoe UI Symbol', 'Noto Color Emoji';\">\u00a0 (15\/07\/2020) <\/span><\/li>\n<li><a style=\"font-family: -apple-system, BlinkMacSystemFont, 'Segoe UI', Roboto, 'Helvetica Neue', Arial, 'Noto Sans', sans-serif, 'Apple Color Emoji', 'Segoe UI Emoji', 'Segoe UI Symbol', 'Noto Color Emoji';\" href=\"https:\/\/es.wikipedia.org\/wiki\/Aprendo_en_casa_(programa_de_televisi%C3%B3n)\" target=\"_blank\" rel=\"noopener noreferrer\">https:\/\/es.wikipedia.org\/wiki\/<\/a> <span style=\"font-family: -apple-system, BlinkMacSystemFont, 'Segoe UI', Roboto, 'Helvetica Neue', Arial, 'Noto Sans', sans-serif, 'Apple Color Emoji', 'Segoe UI Emoji', 'Segoe UI Symbol', 'Noto Color Emoji';\">(15\/07\/2020)<\/span><\/li>\n<li><a href=\"https:\/\/es.wikipedia.org\/wiki\/TV_Educa_Chile\" target=\"_blank\" rel=\"noopener noreferrer\">https:\/\/es.wikipedia.org\/wiki\/TV_Educa_Chile<\/a> (15\/07\/2020)<\/li>\n<li>Ignacia G\u00f3mez. Recuperado de: <a href=\"https:\/\/www.latercera.com\/opinion\/noticia\/tv-educa-chile-un-gran-proyecto-no-puede-acentuar-las-desigualdades\/AFL3PDOCWNG5FJOXKUF64BK7MM\/\" target=\"_blank\" rel=\"noopener noreferrer\">https:\/\/www.latercera.com\/<\/a>\u00a0(16\/07\/2020)<\/li>\n<li>Mart\u00edn Benavides. Entrevista. Recuperado de: <a href=\"https:\/\/www.youtube.com\/watch?v=V5pT2Pb4LYs\" target=\"_blank\" rel=\"noopener noreferrer\">https:\/\/www.youtube.com\/<\/a>\u00a0(16\/07\/2020)<\/li>\n<\/ul>\n<p><strong>\u00a9 David Auris Villegas. Escritor y pedagogo<\/strong><\/p>\n<table class=\" alignleft\" border=\"0\" width=\"100%\" cellspacing=\"10\" cellpadding=\"10\">\n<tbody>\n<tr>\n<td style=\"text-align: center;\" width=\"30%\"><strong><img loading=\"lazy\" decoding=\"async\" class=\"size-full wp-image-49380 aligncenter\" src=\"https:\/\/webdelmaestrocmf.com\/portal\/wp-content\/uploads\/2020\/07\/2-copia-3.jpg\" alt=\"\" width=\"200\" height=\"200\" srcset=\"https:\/\/webdelmaestrocmf.com\/portal\/wp-content\/uploads\/2020\/07\/2-copia-3.jpg 200w, https:\/\/webdelmaestrocmf.com\/portal\/wp-content\/uploads\/2020\/07\/2-copia-3-150x150.jpg 150w, https:\/\/webdelmaestrocmf.com\/portal\/wp-content\/uploads\/2020\/07\/2-copia-3-80x80.jpg 80w, https:\/\/webdelmaestrocmf.com\/portal\/wp-content\/uploads\/2020\/07\/2-copia-3-110x110.jpg 110w\" sizes=\"auto, (max-width: 200px) 100vw, 200px\" \/><br \/>\nAutor: <\/strong>David Auris Villegas (Per\u00fa, 1975) Escritor, pedagogo, editor, columnista, profesor universitario y te\u00f3rico de la pedagog\u00eda \u00e9tica, educaci\u00f3n ciudadana, cultura de paz. <strong><br \/>\nExperiencia laboral:<\/strong> Licenciado en educaci\u00f3n por la Universidad Nacional Mayor de San Marcos y m\u00e1ster en educaci\u00f3n por la Universidad de la Habana. Ha sido profesor capacitador en la Universidad Nacional Mayor de San Marcos y profesor de posgrado en varias universidades peruanas. Ha publicado: <em>\u201cCuentos de medianoche\u201d, \u201cMa\u00f1ana al despertar piensa en m\u00ed\u201d, \u00abEstrategias did\u00e1cticas de comprensi\u00f3n lectora para la vida\u00bb, \u00abC\u00f3mo redactar art\u00edculos cient\u00edficos\u00bb <\/em>y<em> \u201cMinicuentos para so\u00f1ar\u201d<\/em>. Antologado en: <em>A Orillas del r\u00edo Ichu<\/em> y en, <em>Palabras sin fronteras, fronteras sin palabras, <\/em>y ha aparecido en las revistas: <em>La Tortuga Ecuestre<\/em>, <em>N\u00e9mesis<\/em> y <em>Entre par\u00e9ntesis<\/em>. Publica sus art\u00edculos pedag\u00f3gicos cada semana en varios portales del mundo. <strong><br \/>\nCorreo electr\u00f3nico: <\/strong><a href=\"mailto:davidauris@gmail.com\">davidauris@gmail.com<\/a><br \/>\n<strong>Cuenta de Facebook:<\/strong> <a href=\"https:\/\/www.facebook.com\/david.aurisvillegas.77\" target=\"_blank\" rel=\"noopener noreferrer\">david.aurisvillegas.77<\/a><\/td>\n<\/tr>\n<\/tbody>\n<\/table>\n<p style=\"text-align: left;\">.<\/p>\n\t\t<div class=\"pk-inline-posts\">\n\t\t\t\n\t\t\t<div class=\"pk-inline-posts-container pk-inline-posts-template-list\"\n\t\t\t\tdata-columns=\"1\">\n\t\t\t\t\t\t<article id=\"post-112061\" class=\"post-112061 post type-post status-publish format-standard has-post-thumbnail category-z-colaborador-david-auris category-colaborador tag-funcionarios tag-pedagogia tag-perversos cs-entry cs-video-wrap\">\n\t\t\t<div class=\"pk-post-outer\">\n\n\t\t\t\t\t\t\t\t<div class=\"pk-post-inner\">\n\t\t\t\t\t<div class=\"entry-thumbnail\">\n\t\t\t\t\t\t<div class=\"pk-overlay pk-overlay-ratio pk-ratio-landscape\">\n\t\t\t\t\t\t\t<div class=\"pk-overlay-background\">\n\t\t\t\t\t\t\t\t<a href=\"https:\/\/webdelmaestrocmf.com\/portal\/david-auris-poderosa-pedagogia-de-los-perversos-funcionarios-y-politicos-peruanos-2\/\" class=\"pk-overlay-link\">\n\t\t\t\t\t\t\t\t\t<img loading=\"lazy\" decoding=\"async\" width=\"300\" height=\"225\" src=\"https:\/\/webdelmaestrocmf.com\/portal\/wp-content\/uploads\/2025\/09\/1A-Banner-1-portada-imagen-10-1-copia-2025-09-11T183111.574-300x225.webp\" class=\"attachment-pk-thumbnail size-pk-thumbnail wp-post-image\" alt=\"\" \/>\t\t\t\t\t\t\t\t<\/a>\n\t\t\t\t\t\t\t<\/div>\n\t\t\t\t\t\t<\/div>\n\t\t\t\t\t<\/div>\n\t\t\t\t<\/div>\n\t\t\t\t\n\t\t\t\t<div class=\"pk-post-inner\">\n\t\t\t\t\t<header>\n\t\t\t\t\t\t<h3 class=\"pk-title\"><a href=\"https:\/\/webdelmaestrocmf.com\/portal\/david-auris-poderosa-pedagogia-de-los-perversos-funcionarios-y-politicos-peruanos-2\/\" rel=\"bookmark\">[David Auris] Poderosa pedagog\u00eda de los perversos funcionarios y pol\u00edticos peruanos\u00a0<\/a><\/h3>\t\t\t\t\t<\/header><!-- .entry-header -->\n\t\t\t\t<\/div><!-- .post-inner -->\n\n\t\t\t<\/div><!-- .post-outer -->\n\t\t<\/article>\n\t\t\t\t<\/div>\n\t\t<\/div>\n\t\t\n","protected":false},"excerpt":{"rendered":"La pedagog\u00eda del reality show, es uno de los \u201cenfoques\u201d m\u00e1s innovadores y dignos de estudios doctorales, surgido&hellip;","protected":false},"author":1,"featured_media":50927,"comment_status":"open","ping_status":"closed","sticky":false,"template":"","format":"standard","meta":{"csco_display_header_overlay":false,"csco_singular_sidebar":"default","csco_page_header_type":"default","csco_page_load_nextpost":"default","csco_post_video_location":[],"csco_post_video_location_hash":"","csco_post_video_url":"","csco_post_video_bg_start_time":0,"csco_post_video_bg_end_time":0,"csco_post_video_bg_volume":false,"_jetpack_memberships_contains_paid_content":false,"footnotes":""},"categories":[5341,1790],"tags":[4871,1838,5342,1589,5603,5604],"class_list":{"0":"post-50926","1":"post","2":"type-post","3":"status-publish","4":"format-standard","5":"has-post-thumbnail","7":"category-z-colaborador-david-auris","8":"category-colaborador","9":"tag-aprendo","10":"tag-casa","11":"tag-david-auris","12":"tag-pedagogia","13":"tag-reality","14":"tag-show","15":"cs-entry","16":"cs-video-wrap"},"yoast_head":"<!-- This site is optimized with the Yoast SEO plugin v27.5 - https:\/\/yoast.com\/product\/yoast-seo-wordpress\/ -->\n<title>[David Auris] Aprendo en casa y la pedagog\u00eda del reality show - 2026<\/title>\n<meta name=\"description\" content=\"La pedagog\u00eda del reality show, es uno de los \u201cenfoques\u201d m\u00e1s innovadores y dignos de estudios doctorales, surgido en esta...\" \/>\n<meta name=\"robots\" content=\"index, follow, max-snippet:-1, max-image-preview:large, max-video-preview:-1\" \/>\n<link rel=\"canonical\" href=\"https:\/\/webdelmaestrocmf.com\/portal\/david-auris-aprendo-en-casa-y-la-pedagogia-del-reality-show\/\" \/>\n<meta property=\"og:locale\" content=\"es_ES\" \/>\n<meta property=\"og:type\" content=\"article\" \/>\n<meta property=\"og:title\" content=\"[David Auris] Aprendo en casa y la pedagog\u00eda del reality show - 2026\" \/>\n<meta property=\"og:description\" content=\"La pedagog\u00eda del reality show, es uno de los \u201cenfoques\u201d m\u00e1s innovadores y dignos de estudios doctorales, surgido en esta...\" \/>\n<meta property=\"og:url\" content=\"https:\/\/webdelmaestrocmf.com\/portal\/david-auris-aprendo-en-casa-y-la-pedagogia-del-reality-show\/\" \/>\n<meta property=\"og:site_name\" content=\"Web del Maestro CMF\" \/>\n<meta property=\"article:publisher\" content=\"https:\/\/www.facebook.com\/WebdelMaestroCMF\/\" \/>\n<meta property=\"article:author\" content=\"https:\/\/www.facebook.com\/WebdelMaestroCMF\/\" \/>\n<meta property=\"article:published_time\" content=\"2020-09-04T21:42:55+00:00\" \/>\n<meta property=\"article:modified_time\" content=\"2020-09-04T21:44:54+00:00\" \/>\n<meta property=\"og:image\" content=\"https:\/\/i0.wp.com\/webdelmaestrocmf.com\/portal\/wp-content\/uploads\/2020\/09\/1-copia-11.jpg?fit=1100%2C680&ssl=1\" \/>\n\t<meta property=\"og:image:width\" content=\"1100\" \/>\n\t<meta property=\"og:image:height\" content=\"680\" \/>\n\t<meta property=\"og:image:type\" content=\"image\/jpeg\" \/>\n<meta name=\"author\" content=\"Web del Maestro CMF\" \/>\n<meta name=\"twitter:card\" content=\"summary_large_image\" \/>\n<meta name=\"twitter:creator\" content=\"@cmf_w\" \/>\n<meta name=\"twitter:site\" content=\"@cmf_w\" \/>\n<script type=\"application\/ld+json\" class=\"yoast-schema-graph\">{\"@context\":\"https:\\\/\\\/schema.org\",\"@graph\":[{\"@type\":\"ScholarlyArticle\",\"@id\":\"https:\\\/\\\/webdelmaestrocmf.com\\\/portal\\\/david-auris-aprendo-en-casa-y-la-pedagogia-del-reality-show\\\/#article\",\"isPartOf\":{\"@id\":\"https:\\\/\\\/webdelmaestrocmf.com\\\/portal\\\/david-auris-aprendo-en-casa-y-la-pedagogia-del-reality-show\\\/\"},\"author\":{\"name\":\"Web del Maestro CMF\",\"@id\":\"https:\\\/\\\/webdelmaestrocmf.com\\\/portal\\\/#\\\/schema\\\/person\\\/1072a2ed7bd960df8ef99a551fa35dc5\"},\"headline\":\"[David Auris] Aprendo en casa y la pedagog\u00eda del reality show\",\"datePublished\":\"2020-09-04T21:42:55+00:00\",\"dateModified\":\"2020-09-04T21:44:54+00:00\",\"mainEntityOfPage\":{\"@id\":\"https:\\\/\\\/webdelmaestrocmf.com\\\/portal\\\/david-auris-aprendo-en-casa-y-la-pedagogia-del-reality-show\\\/\"},\"wordCount\":981,\"commentCount\":0,\"publisher\":{\"@id\":\"https:\\\/\\\/webdelmaestrocmf.com\\\/portal\\\/#organization\"},\"image\":{\"@id\":\"https:\\\/\\\/webdelmaestrocmf.com\\\/portal\\\/david-auris-aprendo-en-casa-y-la-pedagogia-del-reality-show\\\/#primaryimage\"},\"thumbnailUrl\":\"https:\\\/\\\/webdelmaestrocmf.com\\\/portal\\\/wp-content\\\/uploads\\\/2020\\\/09\\\/1-copia-11.jpg\",\"keywords\":[\"Aprendo\",\"CASA\",\"David Auris\",\"PEDAGOG\u00cdA\",\"reality\",\"show\"],\"articleSection\":[\"Z-Colaborador-David-Auris\",\"Z-Colaboradores\"],\"inLanguage\":\"es\",\"potentialAction\":[{\"@type\":\"CommentAction\",\"name\":\"Comment\",\"target\":[\"https:\\\/\\\/webdelmaestrocmf.com\\\/portal\\\/david-auris-aprendo-en-casa-y-la-pedagogia-del-reality-show\\\/#respond\"]}]},{\"@type\":\"WebPage\",\"@id\":\"https:\\\/\\\/webdelmaestrocmf.com\\\/portal\\\/david-auris-aprendo-en-casa-y-la-pedagogia-del-reality-show\\\/\",\"url\":\"https:\\\/\\\/webdelmaestrocmf.com\\\/portal\\\/david-auris-aprendo-en-casa-y-la-pedagogia-del-reality-show\\\/\",\"name\":\"[David Auris] Aprendo en casa y la pedagog\u00eda del reality show - 2026\",\"isPartOf\":{\"@id\":\"https:\\\/\\\/webdelmaestrocmf.com\\\/portal\\\/#website\"},\"primaryImageOfPage\":{\"@id\":\"https:\\\/\\\/webdelmaestrocmf.com\\\/portal\\\/david-auris-aprendo-en-casa-y-la-pedagogia-del-reality-show\\\/#primaryimage\"},\"image\":{\"@id\":\"https:\\\/\\\/webdelmaestrocmf.com\\\/portal\\\/david-auris-aprendo-en-casa-y-la-pedagogia-del-reality-show\\\/#primaryimage\"},\"thumbnailUrl\":\"https:\\\/\\\/webdelmaestrocmf.com\\\/portal\\\/wp-content\\\/uploads\\\/2020\\\/09\\\/1-copia-11.jpg\",\"datePublished\":\"2020-09-04T21:42:55+00:00\",\"dateModified\":\"2020-09-04T21:44:54+00:00\",\"description\":\"La pedagog\u00eda del reality show, es uno de los \u201cenfoques\u201d m\u00e1s innovadores y dignos de estudios doctorales, surgido en esta...\",\"breadcrumb\":{\"@id\":\"https:\\\/\\\/webdelmaestrocmf.com\\\/portal\\\/david-auris-aprendo-en-casa-y-la-pedagogia-del-reality-show\\\/#breadcrumb\"},\"inLanguage\":\"es\",\"potentialAction\":[{\"@type\":\"ReadAction\",\"target\":[\"https:\\\/\\\/webdelmaestrocmf.com\\\/portal\\\/david-auris-aprendo-en-casa-y-la-pedagogia-del-reality-show\\\/\"]}]},{\"@type\":\"ImageObject\",\"inLanguage\":\"es\",\"@id\":\"https:\\\/\\\/webdelmaestrocmf.com\\\/portal\\\/david-auris-aprendo-en-casa-y-la-pedagogia-del-reality-show\\\/#primaryimage\",\"url\":\"https:\\\/\\\/webdelmaestrocmf.com\\\/portal\\\/wp-content\\\/uploads\\\/2020\\\/09\\\/1-copia-11.jpg\",\"contentUrl\":\"https:\\\/\\\/webdelmaestrocmf.com\\\/portal\\\/wp-content\\\/uploads\\\/2020\\\/09\\\/1-copia-11.jpg\",\"width\":1100,\"height\":680},{\"@type\":\"BreadcrumbList\",\"@id\":\"https:\\\/\\\/webdelmaestrocmf.com\\\/portal\\\/david-auris-aprendo-en-casa-y-la-pedagogia-del-reality-show\\\/#breadcrumb\",\"itemListElement\":[{\"@type\":\"ListItem\",\"position\":1,\"name\":\"Portada\",\"item\":\"https:\\\/\\\/webdelmaestrocmf.com\\\/portal\\\/\"},{\"@type\":\"ListItem\",\"position\":2,\"name\":\"Z-Colaboradores\",\"item\":\"https:\\\/\\\/webdelmaestrocmf.com\\\/portal\\\/category\\\/colaborador\\\/\"},{\"@type\":\"ListItem\",\"position\":3,\"name\":\"[David Auris] Aprendo en casa y la pedagog\u00eda del reality show\"}]},{\"@type\":\"WebSite\",\"@id\":\"https:\\\/\\\/webdelmaestrocmf.com\\\/portal\\\/#website\",\"url\":\"https:\\\/\\\/webdelmaestrocmf.com\\\/portal\\\/\",\"name\":\"Web del Maestro CMF\",\"description\":\"Maestros al servicio de la educaci\u00f3n\",\"publisher\":{\"@id\":\"https:\\\/\\\/webdelmaestrocmf.com\\\/portal\\\/#organization\"},\"alternateName\":\"WMCMF\",\"potentialAction\":[{\"@type\":\"SearchAction\",\"target\":{\"@type\":\"EntryPoint\",\"urlTemplate\":\"https:\\\/\\\/webdelmaestrocmf.com\\\/portal\\\/?s={search_term_string}\"},\"query-input\":{\"@type\":\"PropertyValueSpecification\",\"valueRequired\":true,\"valueName\":\"search_term_string\"}}],\"inLanguage\":\"es\"},{\"@type\":\"Organization\",\"@id\":\"https:\\\/\\\/webdelmaestrocmf.com\\\/portal\\\/#organization\",\"name\":\"Web del Maestro CMF\",\"alternateName\":\"WMCMF\",\"url\":\"https:\\\/\\\/webdelmaestrocmf.com\\\/portal\\\/\",\"logo\":{\"@type\":\"ImageObject\",\"inLanguage\":\"es\",\"@id\":\"https:\\\/\\\/webdelmaestrocmf.com\\\/portal\\\/#\\\/schema\\\/logo\\\/image\\\/\",\"url\":\"https:\\\/\\\/webdelmaestrocmf.com\\\/portal\\\/wp-content\\\/uploads\\\/2023\\\/01\\\/logo-wmcmf-2.png\",\"contentUrl\":\"https:\\\/\\\/webdelmaestrocmf.com\\\/portal\\\/wp-content\\\/uploads\\\/2023\\\/01\\\/logo-wmcmf-2.png\",\"width\":200,\"height\":60,\"caption\":\"Web del Maestro CMF\"},\"image\":{\"@id\":\"https:\\\/\\\/webdelmaestrocmf.com\\\/portal\\\/#\\\/schema\\\/logo\\\/image\\\/\"},\"sameAs\":[\"https:\\\/\\\/www.facebook.com\\\/WebdelMaestroCMF\\\/\",\"https:\\\/\\\/x.com\\\/cmf_w\",\"https:\\\/\\\/www.pinterest.com\\\/WMCMF\\\/\",\"https:\\\/\\\/www.linkedin.com\\\/company\\\/web-del-maestro-cmf\\\/\",\"https:\\\/\\\/www.instagram.com\\\/wmcmf\\\/\",\"https:\\\/\\\/www.youtube.com\\\/channel\\\/UCDPSvjbdodE5sHnC3OxutHw\",\"https:\\\/\\\/mastodon.social\\\/@wmcmf\",\"https:\\\/\\\/www.tiktok.com\\\/@webdelmaestrocmf\"]},{\"@type\":\"Person\",\"@id\":\"https:\\\/\\\/webdelmaestrocmf.com\\\/portal\\\/#\\\/schema\\\/person\\\/1072a2ed7bd960df8ef99a551fa35dc5\",\"name\":\"Web del Maestro CMF\",\"image\":{\"@type\":\"ImageObject\",\"inLanguage\":\"es\",\"@id\":\"https:\\\/\\\/secure.gravatar.com\\\/avatar\\\/23291dd5b5ae1077dcff3dbb04c3e02bd28403fa75af6d8787d5e97c5bbbe30b?s=96&d=mm&r=g\",\"url\":\"https:\\\/\\\/secure.gravatar.com\\\/avatar\\\/23291dd5b5ae1077dcff3dbb04c3e02bd28403fa75af6d8787d5e97c5bbbe30b?s=96&d=mm&r=g\",\"contentUrl\":\"https:\\\/\\\/secure.gravatar.com\\\/avatar\\\/23291dd5b5ae1077dcff3dbb04c3e02bd28403fa75af6d8787d5e97c5bbbe30b?s=96&d=mm&r=g\",\"caption\":\"Web del Maestro CMF\"},\"description\":\"Esta Web se cre\u00f3 sin fines de lucro, con fines educativos, cient\u00edficos y acad\u00e9micos, para personas que tengan dificultades y\\\/o inconvenientes en visualizar el material original. El objetivo es entregar recursos, compartir experiencias y materiales que ayuden a los padres de familia, maestros y estudiantes en su actualizaci\u00f3n y formaci\u00f3n permanente, en bien de la Educaci\u00f3n.\",\"sameAs\":[\"http:\\\/\\\/webdelmaestrocmf.com\\\/portal\",\"https:\\\/\\\/www.facebook.com\\\/WebdelMaestroCMF\\\/\",\"https:\\\/\\\/www.instagram.com\\\/wmcmf\\\/\",\"https:\\\/\\\/cl.linkedin.com\\\/company\\\/web-del-maestro-cmf\",\"https:\\\/\\\/www.pinterest.com\\\/WMCMF\\\/publicaciones\\\/\",\"https:\\\/\\\/x.com\\\/cmf_w\",\"https:\\\/\\\/www.youtube.com\\\/@WMCMF\"]}]}<\/script>\n<!-- \/ Yoast SEO plugin. -->","yoast_head_json":{"title":"[David Auris] Aprendo en casa y la pedagog\u00eda del reality show - 2026","description":"La pedagog\u00eda del reality show, es uno de los \u201cenfoques\u201d m\u00e1s innovadores y dignos de estudios doctorales, surgido en esta...","robots":{"index":"index","follow":"follow","max-snippet":"max-snippet:-1","max-image-preview":"max-image-preview:large","max-video-preview":"max-video-preview:-1"},"canonical":"https:\/\/webdelmaestrocmf.com\/portal\/david-auris-aprendo-en-casa-y-la-pedagogia-del-reality-show\/","og_locale":"es_ES","og_type":"article","og_title":"[David Auris] Aprendo en casa y la pedagog\u00eda del reality show - 2026","og_description":"La pedagog\u00eda del reality show, es uno de los \u201cenfoques\u201d m\u00e1s innovadores y dignos de estudios doctorales, surgido en esta...","og_url":"https:\/\/webdelmaestrocmf.com\/portal\/david-auris-aprendo-en-casa-y-la-pedagogia-del-reality-show\/","og_site_name":"Web del Maestro CMF","article_publisher":"https:\/\/www.facebook.com\/WebdelMaestroCMF\/","article_author":"https:\/\/www.facebook.com\/WebdelMaestroCMF\/","article_published_time":"2020-09-04T21:42:55+00:00","article_modified_time":"2020-09-04T21:44:54+00:00","og_image":[{"width":1100,"height":680,"url":"https:\/\/i0.wp.com\/webdelmaestrocmf.com\/portal\/wp-content\/uploads\/2020\/09\/1-copia-11.jpg?fit=1100%2C680&ssl=1","type":"image\/jpeg"}],"author":"Web del Maestro CMF","twitter_card":"summary_large_image","twitter_creator":"@cmf_w","twitter_site":"@cmf_w","schema":{"@context":"https:\/\/schema.org","@graph":[{"@type":"ScholarlyArticle","@id":"https:\/\/webdelmaestrocmf.com\/portal\/david-auris-aprendo-en-casa-y-la-pedagogia-del-reality-show\/#article","isPartOf":{"@id":"https:\/\/webdelmaestrocmf.com\/portal\/david-auris-aprendo-en-casa-y-la-pedagogia-del-reality-show\/"},"author":{"name":"Web del Maestro CMF","@id":"https:\/\/webdelmaestrocmf.com\/portal\/#\/schema\/person\/1072a2ed7bd960df8ef99a551fa35dc5"},"headline":"[David Auris] Aprendo en casa y la pedagog\u00eda del reality show","datePublished":"2020-09-04T21:42:55+00:00","dateModified":"2020-09-04T21:44:54+00:00","mainEntityOfPage":{"@id":"https:\/\/webdelmaestrocmf.com\/portal\/david-auris-aprendo-en-casa-y-la-pedagogia-del-reality-show\/"},"wordCount":981,"commentCount":0,"publisher":{"@id":"https:\/\/webdelmaestrocmf.com\/portal\/#organization"},"image":{"@id":"https:\/\/webdelmaestrocmf.com\/portal\/david-auris-aprendo-en-casa-y-la-pedagogia-del-reality-show\/#primaryimage"},"thumbnailUrl":"https:\/\/webdelmaestrocmf.com\/portal\/wp-content\/uploads\/2020\/09\/1-copia-11.jpg","keywords":["Aprendo","CASA","David Auris","PEDAGOG\u00cdA","reality","show"],"articleSection":["Z-Colaborador-David-Auris","Z-Colaboradores"],"inLanguage":"es","potentialAction":[{"@type":"CommentAction","name":"Comment","target":["https:\/\/webdelmaestrocmf.com\/portal\/david-auris-aprendo-en-casa-y-la-pedagogia-del-reality-show\/#respond"]}]},{"@type":"WebPage","@id":"https:\/\/webdelmaestrocmf.com\/portal\/david-auris-aprendo-en-casa-y-la-pedagogia-del-reality-show\/","url":"https:\/\/webdelmaestrocmf.com\/portal\/david-auris-aprendo-en-casa-y-la-pedagogia-del-reality-show\/","name":"[David Auris] Aprendo en casa y la pedagog\u00eda del reality show - 2026","isPartOf":{"@id":"https:\/\/webdelmaestrocmf.com\/portal\/#website"},"primaryImageOfPage":{"@id":"https:\/\/webdelmaestrocmf.com\/portal\/david-auris-aprendo-en-casa-y-la-pedagogia-del-reality-show\/#primaryimage"},"image":{"@id":"https:\/\/webdelmaestrocmf.com\/portal\/david-auris-aprendo-en-casa-y-la-pedagogia-del-reality-show\/#primaryimage"},"thumbnailUrl":"https:\/\/webdelmaestrocmf.com\/portal\/wp-content\/uploads\/2020\/09\/1-copia-11.jpg","datePublished":"2020-09-04T21:42:55+00:00","dateModified":"2020-09-04T21:44:54+00:00","description":"La pedagog\u00eda del reality show, es uno de los \u201cenfoques\u201d m\u00e1s innovadores y dignos de estudios doctorales, surgido en esta...","breadcrumb":{"@id":"https:\/\/webdelmaestrocmf.com\/portal\/david-auris-aprendo-en-casa-y-la-pedagogia-del-reality-show\/#breadcrumb"},"inLanguage":"es","potentialAction":[{"@type":"ReadAction","target":["https:\/\/webdelmaestrocmf.com\/portal\/david-auris-aprendo-en-casa-y-la-pedagogia-del-reality-show\/"]}]},{"@type":"ImageObject","inLanguage":"es","@id":"https:\/\/webdelmaestrocmf.com\/portal\/david-auris-aprendo-en-casa-y-la-pedagogia-del-reality-show\/#primaryimage","url":"https:\/\/webdelmaestrocmf.com\/portal\/wp-content\/uploads\/2020\/09\/1-copia-11.jpg","contentUrl":"https:\/\/webdelmaestrocmf.com\/portal\/wp-content\/uploads\/2020\/09\/1-copia-11.jpg","width":1100,"height":680},{"@type":"BreadcrumbList","@id":"https:\/\/webdelmaestrocmf.com\/portal\/david-auris-aprendo-en-casa-y-la-pedagogia-del-reality-show\/#breadcrumb","itemListElement":[{"@type":"ListItem","position":1,"name":"Portada","item":"https:\/\/webdelmaestrocmf.com\/portal\/"},{"@type":"ListItem","position":2,"name":"Z-Colaboradores","item":"https:\/\/webdelmaestrocmf.com\/portal\/category\/colaborador\/"},{"@type":"ListItem","position":3,"name":"[David Auris] Aprendo en casa y la pedagog\u00eda del reality show"}]},{"@type":"WebSite","@id":"https:\/\/webdelmaestrocmf.com\/portal\/#website","url":"https:\/\/webdelmaestrocmf.com\/portal\/","name":"Web del Maestro CMF","description":"Maestros al servicio de la educaci\u00f3n","publisher":{"@id":"https:\/\/webdelmaestrocmf.com\/portal\/#organization"},"alternateName":"WMCMF","potentialAction":[{"@type":"SearchAction","target":{"@type":"EntryPoint","urlTemplate":"https:\/\/webdelmaestrocmf.com\/portal\/?s={search_term_string}"},"query-input":{"@type":"PropertyValueSpecification","valueRequired":true,"valueName":"search_term_string"}}],"inLanguage":"es"},{"@type":"Organization","@id":"https:\/\/webdelmaestrocmf.com\/portal\/#organization","name":"Web del Maestro CMF","alternateName":"WMCMF","url":"https:\/\/webdelmaestrocmf.com\/portal\/","logo":{"@type":"ImageObject","inLanguage":"es","@id":"https:\/\/webdelmaestrocmf.com\/portal\/#\/schema\/logo\/image\/","url":"https:\/\/webdelmaestrocmf.com\/portal\/wp-content\/uploads\/2023\/01\/logo-wmcmf-2.png","contentUrl":"https:\/\/webdelmaestrocmf.com\/portal\/wp-content\/uploads\/2023\/01\/logo-wmcmf-2.png","width":200,"height":60,"caption":"Web del Maestro CMF"},"image":{"@id":"https:\/\/webdelmaestrocmf.com\/portal\/#\/schema\/logo\/image\/"},"sameAs":["https:\/\/www.facebook.com\/WebdelMaestroCMF\/","https:\/\/x.com\/cmf_w","https:\/\/www.pinterest.com\/WMCMF\/","https:\/\/www.linkedin.com\/company\/web-del-maestro-cmf\/","https:\/\/www.instagram.com\/wmcmf\/","https:\/\/www.youtube.com\/channel\/UCDPSvjbdodE5sHnC3OxutHw","https:\/\/mastodon.social\/@wmcmf","https:\/\/www.tiktok.com\/@webdelmaestrocmf"]},{"@type":"Person","@id":"https:\/\/webdelmaestrocmf.com\/portal\/#\/schema\/person\/1072a2ed7bd960df8ef99a551fa35dc5","name":"Web del Maestro CMF","image":{"@type":"ImageObject","inLanguage":"es","@id":"https:\/\/secure.gravatar.com\/avatar\/23291dd5b5ae1077dcff3dbb04c3e02bd28403fa75af6d8787d5e97c5bbbe30b?s=96&d=mm&r=g","url":"https:\/\/secure.gravatar.com\/avatar\/23291dd5b5ae1077dcff3dbb04c3e02bd28403fa75af6d8787d5e97c5bbbe30b?s=96&d=mm&r=g","contentUrl":"https:\/\/secure.gravatar.com\/avatar\/23291dd5b5ae1077dcff3dbb04c3e02bd28403fa75af6d8787d5e97c5bbbe30b?s=96&d=mm&r=g","caption":"Web del Maestro CMF"},"description":"Esta Web se cre\u00f3 sin fines de lucro, con fines educativos, cient\u00edficos y acad\u00e9micos, para personas que tengan dificultades y\/o inconvenientes en visualizar el material original. El objetivo es entregar recursos, compartir experiencias y materiales que ayuden a los padres de familia, maestros y estudiantes en su actualizaci\u00f3n y formaci\u00f3n permanente, en bien de la Educaci\u00f3n.","sameAs":["http:\/\/webdelmaestrocmf.com\/portal","https:\/\/www.facebook.com\/WebdelMaestroCMF\/","https:\/\/www.instagram.com\/wmcmf\/","https:\/\/cl.linkedin.com\/company\/web-del-maestro-cmf","https:\/\/www.pinterest.com\/WMCMF\/publicaciones\/","https:\/\/x.com\/cmf_w","https:\/\/www.youtube.com\/@WMCMF"]}]}},"jetpack_featured_media_url":"https:\/\/webdelmaestrocmf.com\/portal\/wp-content\/uploads\/2020\/09\/1-copia-11.jpg","jetpack_sharing_enabled":true,"jetpack-related-posts":[{"id":94000,"url":"https:\/\/webdelmaestrocmf.com\/portal\/david-auris-cambiemos-el-rostro-de-nuestras-escuelas-erradicando-el-bullying\/","url_meta":{"origin":50926,"position":0},"title":"[David Auris] Cambiemos el rostro de nuestras escuelas: Erradicando el bullying","author":"Web del Maestro CMF","date":"4 septiembre, 2023","format":false,"excerpt":"En el ecosistema de la educaci\u00f3n, las escuelas son instituciones educativas en el que los estudiantes cultivan habilidades y amistades para desenrollarse como personas. No obstante, en este ambiente aparentemente id\u00edlico, crece un acoso escolar que, en nuestro pa\u00eds, seg\u00fan S\u00edseVE del Ministerio de Educaci\u00f3n, (MINEDU), en lo que va\u2026","rel":"","context":"En \u00abZ-Colaborador-David-Auris\u00bb","block_context":{"text":"Z-Colaborador-David-Auris","link":"https:\/\/webdelmaestrocmf.com\/portal\/category\/colaborador\/z-colaborador-david-auris\/"},"img":{"alt_text":"","src":"https:\/\/i0.wp.com\/webdelmaestrocmf.com\/portal\/wp-content\/uploads\/2023\/09\/A12B3C4D-92.jpg?resize=350%2C200&ssl=1","width":350,"height":200,"srcset":"https:\/\/i0.wp.com\/webdelmaestrocmf.com\/portal\/wp-content\/uploads\/2023\/09\/A12B3C4D-92.jpg?resize=350%2C200&ssl=1 1x, https:\/\/i0.wp.com\/webdelmaestrocmf.com\/portal\/wp-content\/uploads\/2023\/09\/A12B3C4D-92.jpg?resize=525%2C300&ssl=1 1.5x, https:\/\/i0.wp.com\/webdelmaestrocmf.com\/portal\/wp-content\/uploads\/2023\/09\/A12B3C4D-92.jpg?resize=700%2C400&ssl=1 2x"},"classes":[]},{"id":104070,"url":"https:\/\/webdelmaestrocmf.com\/portal\/david-auris-pedagogia-del-ocio-y-desarrollo-personal\/","url_meta":{"origin":50926,"position":1},"title":"[David Auris] Pedagog\u00eda del ocio y desarrollo personal","author":"Web del Maestro CMF","date":"19 febrero, 2024","format":false,"excerpt":"Ahora que los estudiantes de la educaci\u00f3n b\u00e1sica peruana, est\u00e1n disfrutando de sus vacaciones, es fundamental establecer al descanso productivo como la pedagog\u00eda del ocio para el logro del desarrollo personal. Aprovechar este espacio libre, explorando nuevas experiencias de cursos en l\u00ednea o participando en actividades presenciales, contribuye significativamente a\u2026","rel":"","context":"En \u00abZ-Colaborador-David-Auris\u00bb","block_context":{"text":"Z-Colaborador-David-Auris","link":"https:\/\/webdelmaestrocmf.com\/portal\/category\/colaborador\/z-colaborador-david-auris\/"},"img":{"alt_text":"","src":"https:\/\/i0.wp.com\/webdelmaestrocmf.com\/portal\/wp-content\/uploads\/2024\/02\/Banner-1-portada-imagen-10-1-18-1.jpg?resize=350%2C200&ssl=1","width":350,"height":200,"srcset":"https:\/\/i0.wp.com\/webdelmaestrocmf.com\/portal\/wp-content\/uploads\/2024\/02\/Banner-1-portada-imagen-10-1-18-1.jpg?resize=350%2C200&ssl=1 1x, https:\/\/i0.wp.com\/webdelmaestrocmf.com\/portal\/wp-content\/uploads\/2024\/02\/Banner-1-portada-imagen-10-1-18-1.jpg?resize=525%2C300&ssl=1 1.5x, https:\/\/i0.wp.com\/webdelmaestrocmf.com\/portal\/wp-content\/uploads\/2024\/02\/Banner-1-portada-imagen-10-1-18-1.jpg?resize=700%2C400&ssl=1 2x"},"classes":[]},{"id":107291,"url":"https:\/\/webdelmaestrocmf.com\/portal\/david-auris-pedagogia-de-la-navidad-antesala-inspiradora-al-2025\/","url_meta":{"origin":50926,"position":2},"title":"[David Auris] Pedagog\u00eda de la Navidad: antesala inspiradora al 2025","author":"Web del Maestro CMF","date":"29 diciembre, 2024","format":false,"excerpt":"La Navidad en un hermoso pretexto de solidaridad, perd\u00f3n y autorreflexi\u00f3n, pilares fundamentales de toda familia. El valor del amor y la alegr\u00eda de compartir de manera colaborativa, es clave cultivarlas en las escuelas con el objetivo de formar ni\u00f1os y sociedades m\u00e1s fraternas. Esta pedagog\u00eda navide\u00f1a es una decorada\u2026","rel":"","context":"En \u00abZ-Colaborador-David-Auris\u00bb","block_context":{"text":"Z-Colaborador-David-Auris","link":"https:\/\/webdelmaestrocmf.com\/portal\/category\/colaborador\/z-colaborador-david-auris\/"},"img":{"alt_text":"","src":"https:\/\/i0.wp.com\/webdelmaestrocmf.com\/portal\/wp-content\/uploads\/2024\/12\/Banner-1-portada-imagen-10-1-49.jpg?resize=350%2C200&ssl=1","width":350,"height":200,"srcset":"https:\/\/i0.wp.com\/webdelmaestrocmf.com\/portal\/wp-content\/uploads\/2024\/12\/Banner-1-portada-imagen-10-1-49.jpg?resize=350%2C200&ssl=1 1x, https:\/\/i0.wp.com\/webdelmaestrocmf.com\/portal\/wp-content\/uploads\/2024\/12\/Banner-1-portada-imagen-10-1-49.jpg?resize=525%2C300&ssl=1 1.5x, https:\/\/i0.wp.com\/webdelmaestrocmf.com\/portal\/wp-content\/uploads\/2024\/12\/Banner-1-portada-imagen-10-1-49.jpg?resize=700%2C400&ssl=1 2x"},"classes":[]},{"id":105562,"url":"https:\/\/webdelmaestrocmf.com\/portal\/david-auris-nombramiento-docente-meritocracia-o-justicia\/","url_meta":{"origin":50926,"position":3},"title":"[David Auris] Nombramiento docente: \u00bfmeritocracia o justicia?","author":"Web del Maestro CMF","date":"18 mayo, 2024","format":false,"excerpt":"La Ley N.\u00ba 31996, que promueve el acceso a la carrera p\u00fablica docente a los profesores interinos que fueron retirados el 31 de mayo de 2015, fue publicada este 9 de abril. Algunos expertos argumentan que esta ley es un golpe contra la calidad educativa y ciertos congresistas se\u00f1alan que\u2026","rel":"","context":"En \u00abZ-Colaborador-David-Auris\u00bb","block_context":{"text":"Z-Colaborador-David-Auris","link":"https:\/\/webdelmaestrocmf.com\/portal\/category\/colaborador\/z-colaborador-david-auris\/"},"img":{"alt_text":"","src":"https:\/\/i0.wp.com\/webdelmaestrocmf.com\/portal\/wp-content\/uploads\/2024\/05\/Banner-1-portada-imagen-10-1-2024-05-18T193616.909.jpg?resize=350%2C200&ssl=1","width":350,"height":200,"srcset":"https:\/\/i0.wp.com\/webdelmaestrocmf.com\/portal\/wp-content\/uploads\/2024\/05\/Banner-1-portada-imagen-10-1-2024-05-18T193616.909.jpg?resize=350%2C200&ssl=1 1x, https:\/\/i0.wp.com\/webdelmaestrocmf.com\/portal\/wp-content\/uploads\/2024\/05\/Banner-1-portada-imagen-10-1-2024-05-18T193616.909.jpg?resize=525%2C300&ssl=1 1.5x, https:\/\/i0.wp.com\/webdelmaestrocmf.com\/portal\/wp-content\/uploads\/2024\/05\/Banner-1-portada-imagen-10-1-2024-05-18T193616.909.jpg?resize=700%2C400&ssl=1 2x"},"classes":[]},{"id":79810,"url":"https:\/\/webdelmaestrocmf.com\/portal\/david-auris-educacion-peruana-problemas-y-respuestas\/","url_meta":{"origin":50926,"position":4},"title":"[David Auris] Educaci\u00f3n peruana: problemas y respuestas","author":"Web del Maestro CMF","date":"29 agosto, 2022","format":false,"excerpt":"La sociedad peruana, est\u00e1 siendo traicionado por un presidente de extraordinario cinismo que deja mal parado a la comunidad docente. Su incapacidad de aceptar haber plagiado su tesis ya pintaba su inmoralidad que hoy vemos at\u00f3nitos, pues la Fiscal\u00eda de la Naci\u00f3n le ha abierto una sexta investigaci\u00f3n preliminar por\u2026","rel":"","context":"En \u00abZ-Colaborador-David-Auris\u00bb","block_context":{"text":"Z-Colaborador-David-Auris","link":"https:\/\/webdelmaestrocmf.com\/portal\/category\/colaborador\/z-colaborador-david-auris\/"},"img":{"alt_text":"","src":"https:\/\/i0.wp.com\/webdelmaestrocmf.com\/portal\/wp-content\/uploads\/2022\/08\/1-68.jpg?resize=350%2C200&ssl=1","width":350,"height":200,"srcset":"https:\/\/i0.wp.com\/webdelmaestrocmf.com\/portal\/wp-content\/uploads\/2022\/08\/1-68.jpg?resize=350%2C200&ssl=1 1x, https:\/\/i0.wp.com\/webdelmaestrocmf.com\/portal\/wp-content\/uploads\/2022\/08\/1-68.jpg?resize=525%2C300&ssl=1 1.5x, https:\/\/i0.wp.com\/webdelmaestrocmf.com\/portal\/wp-content\/uploads\/2022\/08\/1-68.jpg?resize=700%2C400&ssl=1 2x"},"classes":[]},{"id":101368,"url":"https:\/\/webdelmaestrocmf.com\/portal\/david-auris-poderosa-pedagogia-de-los-perversos-funcionarios-y-politicos-peruanos\/","url_meta":{"origin":50926,"position":5},"title":"[David Auris] Poderosa pedagog\u00eda de los perversos funcionarios y pol\u00edticos peruanos","author":"Web del Maestro CMF","date":"3 diciembre, 2023","format":false,"excerpt":"Algo compungido y pesimista, escribo este art\u00edculo, a pesar de mi fe en la humanidad. Es com\u00fan que las instituciones educativas eduquen al ser humano, sin embargo, la educaci\u00f3n m\u00e1s poderosa proviene de los malos funcionarios y pol\u00edticos de cualquier pa\u00eds. Con sus perversas acciones y torpes ejemplos que son\u2026","rel":"","context":"En \u00abZ-Colaborador-David-Auris\u00bb","block_context":{"text":"Z-Colaborador-David-Auris","link":"https:\/\/webdelmaestrocmf.com\/portal\/category\/colaborador\/z-colaborador-david-auris\/"},"img":{"alt_text":"","src":"https:\/\/i0.wp.com\/webdelmaestrocmf.com\/portal\/wp-content\/uploads\/2023\/12\/A12B3C4D-3.jpg?resize=350%2C200&ssl=1","width":350,"height":200,"srcset":"https:\/\/i0.wp.com\/webdelmaestrocmf.com\/portal\/wp-content\/uploads\/2023\/12\/A12B3C4D-3.jpg?resize=350%2C200&ssl=1 1x, https:\/\/i0.wp.com\/webdelmaestrocmf.com\/portal\/wp-content\/uploads\/2023\/12\/A12B3C4D-3.jpg?resize=525%2C300&ssl=1 1.5x, https:\/\/i0.wp.com\/webdelmaestrocmf.com\/portal\/wp-content\/uploads\/2023\/12\/A12B3C4D-3.jpg?resize=700%2C400&ssl=1 2x"},"classes":[]}],"_links":{"self":[{"href":"https:\/\/webdelmaestrocmf.com\/portal\/wp-json\/wp\/v2\/posts\/50926","targetHints":{"allow":["GET"]}}],"collection":[{"href":"https:\/\/webdelmaestrocmf.com\/portal\/wp-json\/wp\/v2\/posts"}],"about":[{"href":"https:\/\/webdelmaestrocmf.com\/portal\/wp-json\/wp\/v2\/types\/post"}],"author":[{"embeddable":true,"href":"https:\/\/webdelmaestrocmf.com\/portal\/wp-json\/wp\/v2\/users\/1"}],"replies":[{"embeddable":true,"href":"https:\/\/webdelmaestrocmf.com\/portal\/wp-json\/wp\/v2\/comments?post=50926"}],"version-history":[{"count":0,"href":"https:\/\/webdelmaestrocmf.com\/portal\/wp-json\/wp\/v2\/posts\/50926\/revisions"}],"wp:featuredmedia":[{"embeddable":true,"href":"https:\/\/webdelmaestrocmf.com\/portal\/wp-json\/wp\/v2\/media\/50927"}],"wp:attachment":[{"href":"https:\/\/webdelmaestrocmf.com\/portal\/wp-json\/wp\/v2\/media?parent=50926"}],"wp:term":[{"taxonomy":"category","embeddable":true,"href":"https:\/\/webdelmaestrocmf.com\/portal\/wp-json\/wp\/v2\/categories?post=50926"},{"taxonomy":"post_tag","embeddable":true,"href":"https:\/\/webdelmaestrocmf.com\/portal\/wp-json\/wp\/v2\/tags?post=50926"}],"curies":[{"name":"wp","href":"https:\/\/api.w.org\/{rel}","templated":true}]}}