{"id":50813,"date":"2026-04-11T16:11:00","date_gmt":"2026-04-11T20:11:00","guid":{"rendered":"https:\/\/webdelmaestrocmf.com\/portal\/?p=50813"},"modified":"2026-04-11T16:52:17","modified_gmt":"2026-04-11T20:52:17","slug":"recursos-para-reforzar-la-resiliencia-docente-en-tiempos-traumaticos","status":"publish","type":"post","link":"https:\/\/webdelmaestrocmf.com\/portal\/recursos-para-reforzar-la-resiliencia-docente-en-tiempos-traumaticos\/","title":{"rendered":"Recursos para reforzar la resiliencia docente: Descarga el Manual de ejercicios de Psicolog\u00eda Positiva"},"content":{"rendered":"\n<p>Para quienes estamos en el mundo de la educaci\u00f3n, sabemos por formaci\u00f3n profesional que <strong>la actualizaci\u00f3n permanente es una tarea intr\u00ednseca a nuestro servicio<\/strong>. Hoy enfrentamos un contexto exigente que <strong>interpela profundamente la pr\u00e1ctica docente<\/strong>, pero que tambi\u00e9n abre una oportunidad real de <strong>renovaci\u00f3n, cambio y mejora<\/strong>. Es un momento para <strong>fortalecer el equilibrio emocional<\/strong>, cuidar la salud mental y sostener con claridad el sentido de nuestra vocaci\u00f3n.<\/p>\n\n\n\n<p>Publicaci\u00f3n anterior que le recomendamos: <a href=\"https:\/\/webdelmaestrocmf.com\/portal\/recursos-para-fortalecer-y-mejorar-el-equilibrio-emocional-y-la-salud-mental-de-los-docentes-parte-i\/\" target=\"_blank\" rel=\"noreferrer noopener\">RECURSOS PARA FORTALECER Y MEJORAR EL EQUILIBRIO EMOCIONAL Y LA SALUD MENTAL DE LOS DOCENTES (PARTE I)<\/a><\/p>\n\n\n\n<p>Nuestra labor nos enfrenta a <strong>miedos, ansiedades, dudas e incertidumbres<\/strong>. Aun as\u00ed, seguimos adelante en un servicio que muchas veces no ha sido suficientemente valorado ni reconocido. Por ello, resulta imprescindible <strong>atender nuestro bienestar emocional como condici\u00f3n para educar con calidad<\/strong>, sostener el v\u00ednculo pedag\u00f3gico y responder con responsabilidad a los desaf\u00edos actuales.<\/p>\n\n\n\n<p>\u201cLa realidad es que la resiliencia es una caracter\u00edstica ordinaria, no extraordinaria. Somos m\u00e1s capaces de salir adelante y de superar los obst\u00e1culos de lo que percibimos en nosotros mismos. Aquellos que superamos las situaciones traum\u00e1ticas y seguimos adelante no somos unos pocos elegidos, somos la gran mayor\u00eda. Somos m\u00e1s fuertes de lo que creemos, m\u00e1s capaces, m\u00e1s resistentes. No nacemos con la capacidad de ser resilientes, sino que aprendemos a serlo. Y el hecho de que sea un aprendizaje, significa que todos podemos desarrollar esta capacidad\u201d. RESILIENCIA: SUPERANDO LAS SITUACIONES TRAUM\u00c1TICAS<\/p>\n\n\n\n<p>En este escenario educativo, debemos, sin imposici\u00f3n pero con responsabilidad vocacional, <strong>revisar c\u00f3mo estamos gestionando nuestras emociones frente a los desaf\u00edos del aula<\/strong>. Las inseguridades emocionales, si no se gestionan adecuadamente, se instalan en la mente y afectan nuestro desempe\u00f1o. Los docentes necesitamos <strong>buscar recursos que fortalezcan nuestra resiliencia<\/strong>, cultivar con firmeza nuestro equilibrio emocional y evitar el desgaste provocado por la sobrecarga laboral, la adaptaci\u00f3n a nuevas herramientas y las demandas institucionales.<\/p>\n\n\n\n<p>El docente que gestiona y eval\u00faa adecuadamente sus emociones <strong>puede salir fortalecido de los desaf\u00edos<\/strong>, siempre que conserve una visi\u00f3n amplia, con prop\u00f3sito de superaci\u00f3n, optimismo, esperanza y confianza. Esta actitud influir\u00e1 positivamente en su crecimiento personal y profesional, permiti\u00e9ndole <strong>asumir un rol activo, tomar decisiones oportunas y proyectarse con seguridad<\/strong> hacia nuevos escenarios educativos.<\/p>\n\n\n\n<p>Compartimos, por motivos \u00fanicamente educativos y de formaci\u00f3n permanente, cinco videos que pueden apoyar el fortalecimiento de su resiliencia. Esperamos que encuentren en ellos <strong><strong>orientaciones \u00fatiles, nuevas perspectivas y herramientas concretas<\/strong> para enriquecer su pr\u00e1ctica docente.<\/strong><\/p>\n\n\n\n<h2 class=\"wp-block-heading\"><strong>RESILIENCIA<\/strong><\/h2>\n\n\n\n<p><strong>Universidad Nacional de Educaci\u00f3n a Distancia<\/strong> (UNED) ha colgado en YouTube un video con opiniones de especialistas sobre el tema de la resiliencia, que le denominan poli\u00e9drico, con una perspectiva desde la <strong>Psicolog\u00eda Positiva<\/strong>, que es una rama de la Psicolog\u00eda que favorece el bienestar de la persona y la felicidad del ser humano. Le sugerimos la visualizaci\u00f3n de este video antes de continuar con los siguientes.<\/p>\n\n\n\n<h3 class=\"wp-block-heading\"><strong>RESILIENCIA: CONCEPTOS DE PSICOLOG\u00cdA POSITIVA. (23\u00b415\u201d)<\/strong><\/h3>\n\n\n\n<p><iframe loading=\"lazy\" src=\"https:\/\/www.youtube.com\/embed\/E_LnRk4wYco?start=361\" width=\"100%\" height=\"400\" frameborder=\"0\" allowfullscreen=\"allowfullscreen\"><span data-mce-type=\"bookmark\" style=\"display: inline-block; width: 0px; overflow: hidden; line-height: 0;\" class=\"mce_SELRES_start\">\ufeff<\/span><\/iframe><\/p>\n\n\n\n<h2 class=\"wp-block-heading\"><strong>VENCER LA ADVERSIDAD<\/strong><\/h2>\n\n\n\n<p>Video en el cual el recordado conferencista mexicano <strong>Miguel \u00c1ngel Cornejo<\/strong> expone sobre las crisis, la experiencia, la resiliencia y la superaci\u00f3n personal. Est\u00e1 en YouTube colgado por Claudia Elizalde. Un poquito extenso, pero muy recomendable para ver los siguientes videos.<\/p>\n\n\n\n<h3 class=\"wp-block-heading\"><strong>SUPERACI\u00d3N PERSONAL (15\u00b441\u201d)<\/strong><\/h3>\n\n\n\n<p><iframe loading=\"lazy\" src=\"https:\/\/www.youtube.com\/embed\/aHRRFY3LN3E\" width=\"100%\" height=\"400\" frameborder=\"0\" allowfullscreen=\"allowfullscreen\"><span data-mce-type=\"bookmark\" style=\"display: inline-block; width: 0px; overflow: hidden; line-height: 0;\" class=\"mce_SELRES_start\">\ufeff<\/span><\/iframe><\/p>\n\n\n\n<p>Publicaci\u00f3n relacionada: <a href=\"https:\/\/webdelmaestrocmf.com\/portal\/mis-padres-de-forma-instintiva-descubrieron-que-la-sobreproteccion-mata-a-las-personas\/\" target=\"_blank\" rel=\"noopener noreferrer\"><strong>MIS PADRES DE FORMA INSTINTIVA DESCUBRIERON QUE LA SOBREPROTECCI\u00d3N MATA A LAS PERSONAS<\/strong><\/a><\/p>\n\n\n\n<h2 class=\"wp-block-heading\"><strong>BORIS CYRULNIK: TRAUMA Y RESILIENCIA &#8211; LAS ALMAS HERIDAS<\/strong><\/h2>\n\n\n\n<p>Video compartido por Editorial Gedisa, en el cual Boris Cyrulnik, visit\u00f3 Barcelona (Espa\u00f1a) en febrero de 2016 y habl\u00f3 sobre la resiliencia y su nuevo libro, Las almas heridas. Este video est\u00e1 en franc\u00e9s, pero con subt\u00edtulos en espa\u00f1ol.<\/p>\n\n\n\n<h3 class=\"wp-block-heading\"><strong>TRAUMA Y RESILIENCIA (07\u00b446\u201d)<\/strong><\/h3>\n\n\n\n<p><iframe loading=\"lazy\" src=\"https:\/\/www.youtube.com\/embed\/5rtb_k3bKfE\" width=\"100%\" height=\"400\" frameborder=\"0\" allowfullscreen=\"allowfullscreen\"><span data-mce-type=\"bookmark\" style=\"display: inline-block; width: 0px; overflow: hidden; line-height: 0;\" class=\"mce_SELRES_start\">\ufeff<\/span><\/iframe><\/p>\n\n\n\n<h2 class=\"wp-block-heading\"><strong>\u00bfQU\u00c9 ES LA RESILIENCIA?<\/strong><\/h2>\n\n\n\n<p>Video creado con textos adecuados por la Psicoterapeuta argentina Marta L. Quelle, y que est\u00e1 en YouTube, espacio que ha manejo con mucho \u00e9xito.<\/p>\n\n\n\n<h3 class=\"wp-block-heading\"><strong>LA RESILIENCIA (05\u00b426\u201d)<\/strong><\/h3>\n\n\n\n<p><iframe loading=\"lazy\" src=\"https:\/\/www.youtube.com\/embed\/7wRM-7gMFpA\" width=\"100%\" height=\"400\" frameborder=\"0\" allowfullscreen=\"allowfullscreen\"><span data-mce-type=\"bookmark\" style=\"display: inline-block; width: 0px; overflow: hidden; line-height: 0;\" class=\"mce_SELRES_start\">\ufeff<\/span><\/iframe><\/p>\n\n\n\n<h2 class=\"wp-block-heading\"><strong>CAPACIDAD DE SALIR ADELANTE<\/strong><\/h2>\n\n\n\n<p>Video colgado en YouTube por Reinaldo Guti\u00e9rrez, con la Animaci\u00f3n de Yi Zhao, Lectura y Adaptaci\u00f3n por el Psic\u00f3logo Jorge D. Ram\u00f3n Levario y m\u00fasica de Maarten Sprujit<\/p>\n\n\n\n<h3 class=\"wp-block-heading\"><strong>LIDERAZGO A TRAV\u00c9S DE LARESILIENCIA <\/strong>(07\u00b406\u201d)<\/h3>\n\n\n\n<p><iframe loading=\"lazy\" src=\"https:\/\/www.youtube.com\/embed\/XR0iPo-5128\" width=\"100%\" height=\"400\" frameborder=\"0\" allowfullscreen=\"allowfullscreen\"><span data-mce-type=\"bookmark\" style=\"display: inline-block; width: 0px; overflow: hidden; line-height: 0;\" class=\"mce_SELRES_start\">\ufeff<\/span><\/iframe><\/p>\n\n\n\n<p>Quien transita su labor docente con esp\u00edritu de derrota, resentimiento o evasi\u00f3n emocional, corre el riesgo de aislarse y construir barreras que afectan su desarrollo personal y profesional. Negar la realidad, mostrarse autosuficiente o distante no fortalece, debilita. La falta de empat\u00eda, la intolerancia y la incomunicaci\u00f3n deterioran el v\u00ednculo pedag\u00f3gico y limitan el crecimiento humano. Un docente que aspira a impactar verdaderamente necesita reconocer sus emociones, gestionar sus dificultades y sostener una actitud abierta, consciente y comprometida con su propio bienestar y el de sus estudiantes.<\/p>\n\n\n\n<blockquote class=\"wp-block-quote has-text-align-center is-layout-flow wp-block-quote-is-layout-flow\">\n<p class=\"has-text-align-center\"><em>\u201cLa adversidad tiene el don de despertar talentos que en la prosperidad hubieran permanecido dormidos\u201d.<\/em> (Horacio)<\/p>\n<\/blockquote>\n\n\n\n<p class=\"has-text-align-center\">Recomendamos a la Comunidad Educativa Digital tener en cuenta que, el enlace y\/o la carpeta en donde est\u00e1n alojados los libros, recursos y\/o materiales, no es administrado por la Web del Maestro CMF, pueda ser que en cuesti\u00f3n de d\u00edas (o seg\u00fan el tiempo transcurrido desde su publicaci\u00f3n), los enlaces no funcionen y el material ya no se encuentre disponible. Gracias por su comprensi\u00f3n.<\/p>\n\n\n\n<h3 class=\"wp-block-heading\">ENLACE DE LECTURA:<\/h3>\n\n\n\n<p class=\"has-text-align-center\">\u00a1Comparte y as\u00ed m\u00e1s docentes utilizar\u00e1n estos recursos&nbsp;gratis! Muchas gracias.<\/p>\n\n\n\n<p class=\"has-text-align-right\"><strong>Redacci\u00f3n | Web del Maestro CMF<\/strong><\/p>\n\n\n\n<p style=\"display:block; background:#e5e7eb; color:#333; padding:10px 18px; border-radius:6px; font-size:16px; text-align:center; width:fit-content; margin:20px auto;\"> MATERIAL DE DESCARGA: <a href=\"https:\/\/drive.google.com\/file\/d\/168tqazeRghKTQ2Jd6Umzm9m6V0ekUtMV\/view\" target=\"_blank\" rel=\"noopener noreferrer\" style=\"text-decoration:none; color:#333;\"> MANUAL DE EJERCICIOS DE PSICOLOG\u00cdA POSITIVA APLICADA<\/a><\/p>\n\n\n\t\t<div class=\"pk-inline-posts\">\n\t\t\t\t\t\t\t<h5 class=\"pk-inline-posts-title pk-title pk-font-block\">\n\t\t\t\t\t\u00daltimas entradas\t\t\t\t<\/h5>\n\t\t\t\n\t\t\t<div class=\"pk-inline-posts-container pk-inline-posts-template-list\"\n\t\t\t\tdata-columns=\"1\">\n\t\t\t\t\t\t<article id=\"post-17756\" class=\"post-17756 post type-post status-publish format-standard has-post-thumbnail category-jamb tag-dia tag-dia-del-trabajo tag-jorge-bergoglio tag-maestros tag-trabajo cs-entry cs-video-wrap\">\n\t\t\t<div class=\"pk-post-outer\">\n\n\t\t\t\t\t\t\t\t<div class=\"pk-post-inner\">\n\t\t\t\t\t<div class=\"entry-thumbnail\">\n\t\t\t\t\t\t<div class=\"pk-overlay pk-overlay-ratio pk-ratio-landscape\">\n\t\t\t\t\t\t\t<div class=\"pk-overlay-background\">\n\t\t\t\t\t\t\t\t<a href=\"https:\/\/webdelmaestrocmf.com\/portal\/dia-del-trabajo-maestros-gracias-lo-hacen\/\" class=\"pk-overlay-link\">\n\t\t\t\t\t\t\t\t\t<img loading=\"lazy\" decoding=\"async\" width=\"300\" height=\"225\" src=\"https:\/\/webdelmaestrocmf.com\/portal\/wp-content\/uploads\/2023\/05\/Banner-1-portada-imagen-10-1-55-300x225.jpg\" class=\"attachment-pk-thumbnail size-pk-thumbnail wp-post-image\" alt=\"d\u00eda del trabajo\" \/>\t\t\t\t\t\t\t\t<\/a>\n\t\t\t\t\t\t\t<\/div>\n\t\t\t\t\t\t<\/div>\n\t\t\t\t\t<\/div>\n\t\t\t\t<\/div>\n\t\t\t\t\n\t\t\t\t<div class=\"pk-post-inner\">\n\t\t\t\t\t<header>\n\t\t\t\t\t\t<h3 class=\"pk-title\"><a href=\"https:\/\/webdelmaestrocmf.com\/portal\/dia-del-trabajo-maestros-gracias-lo-hacen\/\" rel=\"bookmark\">D\u00eda Internacional de los Trabajadores: Maestros, \u00a1gracias por lo que hacen!<\/a><\/h3>\t\t\t\t\t<\/header><!-- .entry-header -->\n\t\t\t\t<\/div><!-- .post-inner -->\n\n\t\t\t<\/div><!-- .post-outer -->\n\t\t<\/article>\n\t\t\t<article id=\"post-118333\" class=\"post-118333 post type-post status-publish format-standard has-post-thumbnail category-jamb tag-apego tag-crianza tag-docentes tag-educacion tag-escuela tag-familia tag-infancia tag-responsabilidad tag-vinculo cs-entry cs-video-wrap\">\n\t\t\t<div class=\"pk-post-outer\">\n\n\t\t\t\t\t\t\t\t<div class=\"pk-post-inner\">\n\t\t\t\t\t<div class=\"entry-thumbnail\">\n\t\t\t\t\t\t<div class=\"pk-overlay pk-overlay-ratio pk-ratio-landscape\">\n\t\t\t\t\t\t\t<div class=\"pk-overlay-background\">\n\t\t\t\t\t\t\t\t<a href=\"https:\/\/webdelmaestrocmf.com\/portal\/el-sistema-nos-rompe-a-todos-y-a-los-ninos-primero\/\" class=\"pk-overlay-link\">\n\t\t\t\t\t\t\t\t\t<img loading=\"lazy\" decoding=\"async\" width=\"300\" height=\"225\" src=\"https:\/\/webdelmaestrocmf.com\/portal\/wp-content\/uploads\/2026\/04\/1AA-Banner-1-portada-imagen-10-1-copia-2-300x225.jpg\" class=\"attachment-pk-thumbnail size-pk-thumbnail wp-post-image\" alt=\"\" \/>\t\t\t\t\t\t\t\t<\/a>\n\t\t\t\t\t\t\t<\/div>\n\t\t\t\t\t\t<\/div>\n\t\t\t\t\t<\/div>\n\t\t\t\t<\/div>\n\t\t\t\t\n\t\t\t\t<div class=\"pk-post-inner\">\n\t\t\t\t\t<header>\n\t\t\t\t\t\t<h3 class=\"pk-title\"><a href=\"https:\/\/webdelmaestrocmf.com\/portal\/el-sistema-nos-rompe-a-todos-y-a-los-ninos-primero\/\" rel=\"bookmark\">El sistema nos rompe a todos\u2026 y a los ni\u00f1os primero<\/a><\/h3>\t\t\t\t\t<\/header><!-- .entry-header -->\n\t\t\t\t<\/div><!-- .post-inner -->\n\n\t\t\t<\/div><!-- .post-outer -->\n\t\t<\/article>\n\t\t\t<article id=\"post-118324\" class=\"post-118324 post type-post status-publish format-standard has-post-thumbnail category-jamb tag-administracion-educativa tag-calidad-educativa tag-comunidad-educativa tag-direccion-escolar tag-educacion-digital tag-gestion-escolar tag-innovacion-educativa tag-liderazgo-educativo tag-mejora-continua tag-planificacion-educativa cs-entry cs-video-wrap\">\n\t\t\t<div class=\"pk-post-outer\">\n\n\t\t\t\t\t\t\t\t<div class=\"pk-post-inner\">\n\t\t\t\t\t<div class=\"entry-thumbnail\">\n\t\t\t\t\t\t<div class=\"pk-overlay pk-overlay-ratio pk-ratio-landscape\">\n\t\t\t\t\t\t\t<div class=\"pk-overlay-background\">\n\t\t\t\t\t\t\t\t<a href=\"https:\/\/webdelmaestrocmf.com\/portal\/la-administracion-educativa-el-pilar-silencioso-que-sostiene-la-escuela-administrar-o-gestionar-una-comunidad-educativa-es-lo-mismo\/\" class=\"pk-overlay-link\">\n\t\t\t\t\t\t\t\t\t<img loading=\"lazy\" decoding=\"async\" width=\"300\" height=\"225\" src=\"https:\/\/webdelmaestrocmf.com\/portal\/wp-content\/uploads\/2026\/04\/1AA-Banner-1-portada-imagen-10-1-copia-6-4-300x225.webp\" class=\"attachment-pk-thumbnail size-pk-thumbnail wp-post-image\" alt=\"\" \/>\t\t\t\t\t\t\t\t<\/a>\n\t\t\t\t\t\t\t<\/div>\n\t\t\t\t\t\t<\/div>\n\t\t\t\t\t<\/div>\n\t\t\t\t<\/div>\n\t\t\t\t\n\t\t\t\t<div class=\"pk-post-inner\">\n\t\t\t\t\t<header>\n\t\t\t\t\t\t<h3 class=\"pk-title\"><a href=\"https:\/\/webdelmaestrocmf.com\/portal\/la-administracion-educativa-el-pilar-silencioso-que-sostiene-la-escuela-administrar-o-gestionar-una-comunidad-educativa-es-lo-mismo\/\" rel=\"bookmark\">La administraci\u00f3n educativa: el pilar silencioso que sostiene la escuela. \u00bfAdministrar o gestionar una comunidad educativa es lo mismo?<\/a><\/h3>\t\t\t\t\t<\/header><!-- .entry-header -->\n\t\t\t\t<\/div><!-- .post-inner -->\n\n\t\t\t<\/div><!-- .post-outer -->\n\t\t<\/article>\n\t\t\t\t<\/div>\n\t\t<\/div>\n\t\t\n","protected":false},"excerpt":{"rendered":"Docentes enfrentan sobrecarga, estr\u00e9s y demandas constantes; por ello, es clave establecer l\u00edmites, organizar tiempos y priorizar el autocuidado para proteger su salud mental y mejorar la calidad educativa.","protected":false},"author":1,"featured_media":117644,"comment_status":"open","ping_status":"closed","sticky":false,"template":"","format":"standard","meta":{"csco_display_header_overlay":false,"csco_singular_sidebar":"default","csco_page_header_type":"default","csco_page_load_nextpost":"default","csco_post_video_location":[],"csco_post_video_location_hash":"","csco_post_video_url":"","csco_post_video_bg_start_time":0,"csco_post_video_bg_end_time":0,"csco_post_video_bg_volume":false,"_jetpack_memberships_contains_paid_content":false,"footnotes":""},"categories":[61],"tags":[4669,1464,305,682,3671,437,4863,1084,3023,1205,5578,2773],"class_list":{"0":"post-50813","1":"post","2":"type-post","3":"status-publish","4":"format-standard","5":"has-post-thumbnail","7":"category-jamb","8":"tag-boris-cyrulnik","9":"tag-crisis","10":"tag-educacion-emocional","11":"tag-estres","12":"tag-mental","13":"tag-miguel-angel-cornejo","14":"tag-pandemia","15":"tag-resiliencia","16":"tag-rol-docente","17":"tag-salud","18":"tag-trauma","19":"tag-videos","20":"cs-entry","21":"cs-video-wrap"},"yoast_head":"<!-- This site is optimized with the Yoast SEO plugin v27.5 - https:\/\/yoast.com\/product\/yoast-seo-wordpress\/ -->\n<title>Recursos para reforzar la resiliencia docente: Descarga el Manual de ejercicios de Psicolog\u00eda Positiva - 2026<\/title>\n<meta name=\"description\" content=\"Hoy enfrentamos un contexto exigente que interpela profundamente la pr\u00e1ctica docente, pero que tambi\u00e9n abre una oportunidad real...\" \/>\n<meta name=\"robots\" content=\"index, follow, max-snippet:-1, max-image-preview:large, max-video-preview:-1\" \/>\n<link rel=\"canonical\" href=\"https:\/\/webdelmaestrocmf.com\/portal\/recursos-para-reforzar-la-resiliencia-docente-en-tiempos-traumaticos\/\" \/>\n<meta property=\"og:locale\" content=\"es_ES\" \/>\n<meta property=\"og:type\" content=\"article\" \/>\n<meta property=\"og:title\" content=\"Recursos para reforzar la resiliencia docente: Descarga el Manual de ejercicios de Psicolog\u00eda Positiva - 2026\" \/>\n<meta property=\"og:description\" content=\"Hoy enfrentamos un contexto exigente que interpela profundamente la pr\u00e1ctica docente, pero que tambi\u00e9n abre una oportunidad real...\" \/>\n<meta property=\"og:url\" content=\"https:\/\/webdelmaestrocmf.com\/portal\/recursos-para-reforzar-la-resiliencia-docente-en-tiempos-traumaticos\/\" \/>\n<meta property=\"og:site_name\" content=\"Web del Maestro CMF\" \/>\n<meta property=\"article:publisher\" content=\"https:\/\/www.facebook.com\/WebdelMaestroCMF\/\" \/>\n<meta property=\"article:author\" content=\"https:\/\/www.facebook.com\/WebdelMaestroCMF\/\" \/>\n<meta property=\"article:published_time\" content=\"2026-04-11T20:11:00+00:00\" \/>\n<meta property=\"article:modified_time\" content=\"2026-04-11T20:52:17+00:00\" \/>\n<meta property=\"og:image\" content=\"https:\/\/webdelmaestrocmf.com\/portal\/wp-content\/uploads\/2026\/04\/1AA-Banner-1-portada-imagen-10-1-copia-5-2.webp\" \/>\n\t<meta property=\"og:image:width\" content=\"1200\" \/>\n\t<meta property=\"og:image:height\" content=\"675\" \/>\n\t<meta property=\"og:image:type\" content=\"image\/webp\" \/>\n<meta name=\"author\" content=\"Web del Maestro CMF\" \/>\n<meta name=\"twitter:card\" content=\"summary_large_image\" \/>\n<meta name=\"twitter:creator\" content=\"@cmf_w\" \/>\n<meta name=\"twitter:site\" content=\"@cmf_w\" \/>\n<script type=\"application\/ld+json\" class=\"yoast-schema-graph\">{\"@context\":\"https:\\\/\\\/schema.org\",\"@graph\":[{\"@type\":\"ScholarlyArticle\",\"@id\":\"https:\\\/\\\/webdelmaestrocmf.com\\\/portal\\\/recursos-para-reforzar-la-resiliencia-docente-en-tiempos-traumaticos\\\/#article\",\"isPartOf\":{\"@id\":\"https:\\\/\\\/webdelmaestrocmf.com\\\/portal\\\/recursos-para-reforzar-la-resiliencia-docente-en-tiempos-traumaticos\\\/\"},\"author\":{\"name\":\"Web del Maestro CMF\",\"@id\":\"https:\\\/\\\/webdelmaestrocmf.com\\\/portal\\\/#\\\/schema\\\/person\\\/1072a2ed7bd960df8ef99a551fa35dc5\"},\"headline\":\"Recursos para reforzar la resiliencia docente: Descarga el Manual de ejercicios de Psicolog\u00eda Positiva\",\"datePublished\":\"2026-04-11T20:11:00+00:00\",\"dateModified\":\"2026-04-11T20:52:17+00:00\",\"mainEntityOfPage\":{\"@id\":\"https:\\\/\\\/webdelmaestrocmf.com\\\/portal\\\/recursos-para-reforzar-la-resiliencia-docente-en-tiempos-traumaticos\\\/\"},\"wordCount\":954,\"commentCount\":0,\"publisher\":{\"@id\":\"https:\\\/\\\/webdelmaestrocmf.com\\\/portal\\\/#organization\"},\"image\":{\"@id\":\"https:\\\/\\\/webdelmaestrocmf.com\\\/portal\\\/recursos-para-reforzar-la-resiliencia-docente-en-tiempos-traumaticos\\\/#primaryimage\"},\"thumbnailUrl\":\"https:\\\/\\\/webdelmaestrocmf.com\\\/portal\\\/wp-content\\\/uploads\\\/2026\\\/04\\\/1AA-Banner-1-portada-imagen-10-1-copia-5-2.webp\",\"keywords\":[\"Boris Cyrulnik\",\"CRISIS\",\"EDUCACI\u00d3N EMOCIONAL\",\"ESTR\u00c9S\",\"MENTAL\",\"Miguel \u00c1ngel Cornejo\",\"pandemia\",\"resiliencia\",\"ROL DOCENTE\",\"salud\",\"TRAUMA\",\"VIDEOS\"],\"articleSection\":[\"Yo opino - WMCMF\"],\"inLanguage\":\"es\",\"potentialAction\":[{\"@type\":\"CommentAction\",\"name\":\"Comment\",\"target\":[\"https:\\\/\\\/webdelmaestrocmf.com\\\/portal\\\/recursos-para-reforzar-la-resiliencia-docente-en-tiempos-traumaticos\\\/#respond\"]}]},{\"@type\":\"WebPage\",\"@id\":\"https:\\\/\\\/webdelmaestrocmf.com\\\/portal\\\/recursos-para-reforzar-la-resiliencia-docente-en-tiempos-traumaticos\\\/\",\"url\":\"https:\\\/\\\/webdelmaestrocmf.com\\\/portal\\\/recursos-para-reforzar-la-resiliencia-docente-en-tiempos-traumaticos\\\/\",\"name\":\"Recursos para reforzar la resiliencia docente: Descarga el Manual de ejercicios de Psicolog\u00eda Positiva - 2026\",\"isPartOf\":{\"@id\":\"https:\\\/\\\/webdelmaestrocmf.com\\\/portal\\\/#website\"},\"primaryImageOfPage\":{\"@id\":\"https:\\\/\\\/webdelmaestrocmf.com\\\/portal\\\/recursos-para-reforzar-la-resiliencia-docente-en-tiempos-traumaticos\\\/#primaryimage\"},\"image\":{\"@id\":\"https:\\\/\\\/webdelmaestrocmf.com\\\/portal\\\/recursos-para-reforzar-la-resiliencia-docente-en-tiempos-traumaticos\\\/#primaryimage\"},\"thumbnailUrl\":\"https:\\\/\\\/webdelmaestrocmf.com\\\/portal\\\/wp-content\\\/uploads\\\/2026\\\/04\\\/1AA-Banner-1-portada-imagen-10-1-copia-5-2.webp\",\"datePublished\":\"2026-04-11T20:11:00+00:00\",\"dateModified\":\"2026-04-11T20:52:17+00:00\",\"description\":\"Hoy enfrentamos un contexto exigente que interpela profundamente la pr\u00e1ctica docente, pero que tambi\u00e9n abre una oportunidad real...\",\"breadcrumb\":{\"@id\":\"https:\\\/\\\/webdelmaestrocmf.com\\\/portal\\\/recursos-para-reforzar-la-resiliencia-docente-en-tiempos-traumaticos\\\/#breadcrumb\"},\"inLanguage\":\"es\",\"potentialAction\":[{\"@type\":\"ReadAction\",\"target\":[\"https:\\\/\\\/webdelmaestrocmf.com\\\/portal\\\/recursos-para-reforzar-la-resiliencia-docente-en-tiempos-traumaticos\\\/\"]}]},{\"@type\":\"ImageObject\",\"inLanguage\":\"es\",\"@id\":\"https:\\\/\\\/webdelmaestrocmf.com\\\/portal\\\/recursos-para-reforzar-la-resiliencia-docente-en-tiempos-traumaticos\\\/#primaryimage\",\"url\":\"https:\\\/\\\/webdelmaestrocmf.com\\\/portal\\\/wp-content\\\/uploads\\\/2026\\\/04\\\/1AA-Banner-1-portada-imagen-10-1-copia-5-2.webp\",\"contentUrl\":\"https:\\\/\\\/webdelmaestrocmf.com\\\/portal\\\/wp-content\\\/uploads\\\/2026\\\/04\\\/1AA-Banner-1-portada-imagen-10-1-copia-5-2.webp\",\"width\":1200,\"height\":675},{\"@type\":\"BreadcrumbList\",\"@id\":\"https:\\\/\\\/webdelmaestrocmf.com\\\/portal\\\/recursos-para-reforzar-la-resiliencia-docente-en-tiempos-traumaticos\\\/#breadcrumb\",\"itemListElement\":[{\"@type\":\"ListItem\",\"position\":1,\"name\":\"Portada\",\"item\":\"https:\\\/\\\/webdelmaestrocmf.com\\\/portal\\\/\"},{\"@type\":\"ListItem\",\"position\":2,\"name\":\"Yo opino - WMCMF\",\"item\":\"https:\\\/\\\/webdelmaestrocmf.com\\\/portal\\\/category\\\/jamb\\\/\"},{\"@type\":\"ListItem\",\"position\":3,\"name\":\"Recursos para reforzar la resiliencia docente: Descarga el Manual de ejercicios de Psicolog\u00eda Positiva\"}]},{\"@type\":\"WebSite\",\"@id\":\"https:\\\/\\\/webdelmaestrocmf.com\\\/portal\\\/#website\",\"url\":\"https:\\\/\\\/webdelmaestrocmf.com\\\/portal\\\/\",\"name\":\"Web del Maestro CMF\",\"description\":\"Maestros al servicio de la educaci\u00f3n\",\"publisher\":{\"@id\":\"https:\\\/\\\/webdelmaestrocmf.com\\\/portal\\\/#organization\"},\"alternateName\":\"WMCMF\",\"potentialAction\":[{\"@type\":\"SearchAction\",\"target\":{\"@type\":\"EntryPoint\",\"urlTemplate\":\"https:\\\/\\\/webdelmaestrocmf.com\\\/portal\\\/?s={search_term_string}\"},\"query-input\":{\"@type\":\"PropertyValueSpecification\",\"valueRequired\":true,\"valueName\":\"search_term_string\"}}],\"inLanguage\":\"es\"},{\"@type\":\"Organization\",\"@id\":\"https:\\\/\\\/webdelmaestrocmf.com\\\/portal\\\/#organization\",\"name\":\"Web del Maestro CMF\",\"alternateName\":\"WMCMF\",\"url\":\"https:\\\/\\\/webdelmaestrocmf.com\\\/portal\\\/\",\"logo\":{\"@type\":\"ImageObject\",\"inLanguage\":\"es\",\"@id\":\"https:\\\/\\\/webdelmaestrocmf.com\\\/portal\\\/#\\\/schema\\\/logo\\\/image\\\/\",\"url\":\"https:\\\/\\\/webdelmaestrocmf.com\\\/portal\\\/wp-content\\\/uploads\\\/2023\\\/01\\\/logo-wmcmf-2.png\",\"contentUrl\":\"https:\\\/\\\/webdelmaestrocmf.com\\\/portal\\\/wp-content\\\/uploads\\\/2023\\\/01\\\/logo-wmcmf-2.png\",\"width\":200,\"height\":60,\"caption\":\"Web del Maestro CMF\"},\"image\":{\"@id\":\"https:\\\/\\\/webdelmaestrocmf.com\\\/portal\\\/#\\\/schema\\\/logo\\\/image\\\/\"},\"sameAs\":[\"https:\\\/\\\/www.facebook.com\\\/WebdelMaestroCMF\\\/\",\"https:\\\/\\\/x.com\\\/cmf_w\",\"https:\\\/\\\/www.pinterest.com\\\/WMCMF\\\/\",\"https:\\\/\\\/www.linkedin.com\\\/company\\\/web-del-maestro-cmf\\\/\",\"https:\\\/\\\/www.instagram.com\\\/wmcmf\\\/\",\"https:\\\/\\\/www.youtube.com\\\/channel\\\/UCDPSvjbdodE5sHnC3OxutHw\",\"https:\\\/\\\/mastodon.social\\\/@wmcmf\",\"https:\\\/\\\/www.tiktok.com\\\/@webdelmaestrocmf\"]},{\"@type\":\"Person\",\"@id\":\"https:\\\/\\\/webdelmaestrocmf.com\\\/portal\\\/#\\\/schema\\\/person\\\/1072a2ed7bd960df8ef99a551fa35dc5\",\"name\":\"Web del Maestro CMF\",\"image\":{\"@type\":\"ImageObject\",\"inLanguage\":\"es\",\"@id\":\"https:\\\/\\\/secure.gravatar.com\\\/avatar\\\/23291dd5b5ae1077dcff3dbb04c3e02bd28403fa75af6d8787d5e97c5bbbe30b?s=96&d=mm&r=g\",\"url\":\"https:\\\/\\\/secure.gravatar.com\\\/avatar\\\/23291dd5b5ae1077dcff3dbb04c3e02bd28403fa75af6d8787d5e97c5bbbe30b?s=96&d=mm&r=g\",\"contentUrl\":\"https:\\\/\\\/secure.gravatar.com\\\/avatar\\\/23291dd5b5ae1077dcff3dbb04c3e02bd28403fa75af6d8787d5e97c5bbbe30b?s=96&d=mm&r=g\",\"caption\":\"Web del Maestro CMF\"},\"description\":\"Esta Web se cre\u00f3 sin fines de lucro, con fines educativos, cient\u00edficos y acad\u00e9micos, para personas que tengan dificultades y\\\/o inconvenientes en visualizar el material original. El objetivo es entregar recursos, compartir experiencias y materiales que ayuden a los padres de familia, maestros y estudiantes en su actualizaci\u00f3n y formaci\u00f3n permanente, en bien de la Educaci\u00f3n.\",\"sameAs\":[\"http:\\\/\\\/webdelmaestrocmf.com\\\/portal\",\"https:\\\/\\\/www.facebook.com\\\/WebdelMaestroCMF\\\/\",\"https:\\\/\\\/www.instagram.com\\\/wmcmf\\\/\",\"https:\\\/\\\/cl.linkedin.com\\\/company\\\/web-del-maestro-cmf\",\"https:\\\/\\\/www.pinterest.com\\\/WMCMF\\\/publicaciones\\\/\",\"https:\\\/\\\/x.com\\\/cmf_w\",\"https:\\\/\\\/www.youtube.com\\\/@WMCMF\"]}]}<\/script>\n<!-- \/ Yoast SEO plugin. -->","yoast_head_json":{"title":"Recursos para reforzar la resiliencia docente: Descarga el Manual de ejercicios de Psicolog\u00eda Positiva - 2026","description":"Hoy enfrentamos un contexto exigente que interpela profundamente la pr\u00e1ctica docente, pero que tambi\u00e9n abre una oportunidad real...","robots":{"index":"index","follow":"follow","max-snippet":"max-snippet:-1","max-image-preview":"max-image-preview:large","max-video-preview":"max-video-preview:-1"},"canonical":"https:\/\/webdelmaestrocmf.com\/portal\/recursos-para-reforzar-la-resiliencia-docente-en-tiempos-traumaticos\/","og_locale":"es_ES","og_type":"article","og_title":"Recursos para reforzar la resiliencia docente: Descarga el Manual de ejercicios de Psicolog\u00eda Positiva - 2026","og_description":"Hoy enfrentamos un contexto exigente que interpela profundamente la pr\u00e1ctica docente, pero que tambi\u00e9n abre una oportunidad real...","og_url":"https:\/\/webdelmaestrocmf.com\/portal\/recursos-para-reforzar-la-resiliencia-docente-en-tiempos-traumaticos\/","og_site_name":"Web del Maestro CMF","article_publisher":"https:\/\/www.facebook.com\/WebdelMaestroCMF\/","article_author":"https:\/\/www.facebook.com\/WebdelMaestroCMF\/","article_published_time":"2026-04-11T20:11:00+00:00","article_modified_time":"2026-04-11T20:52:17+00:00","og_image":[{"width":1200,"height":675,"url":"https:\/\/webdelmaestrocmf.com\/portal\/wp-content\/uploads\/2026\/04\/1AA-Banner-1-portada-imagen-10-1-copia-5-2.webp","type":"image\/webp"}],"author":"Web del Maestro CMF","twitter_card":"summary_large_image","twitter_creator":"@cmf_w","twitter_site":"@cmf_w","schema":{"@context":"https:\/\/schema.org","@graph":[{"@type":"ScholarlyArticle","@id":"https:\/\/webdelmaestrocmf.com\/portal\/recursos-para-reforzar-la-resiliencia-docente-en-tiempos-traumaticos\/#article","isPartOf":{"@id":"https:\/\/webdelmaestrocmf.com\/portal\/recursos-para-reforzar-la-resiliencia-docente-en-tiempos-traumaticos\/"},"author":{"name":"Web del Maestro CMF","@id":"https:\/\/webdelmaestrocmf.com\/portal\/#\/schema\/person\/1072a2ed7bd960df8ef99a551fa35dc5"},"headline":"Recursos para reforzar la resiliencia docente: Descarga el Manual de ejercicios de Psicolog\u00eda Positiva","datePublished":"2026-04-11T20:11:00+00:00","dateModified":"2026-04-11T20:52:17+00:00","mainEntityOfPage":{"@id":"https:\/\/webdelmaestrocmf.com\/portal\/recursos-para-reforzar-la-resiliencia-docente-en-tiempos-traumaticos\/"},"wordCount":954,"commentCount":0,"publisher":{"@id":"https:\/\/webdelmaestrocmf.com\/portal\/#organization"},"image":{"@id":"https:\/\/webdelmaestrocmf.com\/portal\/recursos-para-reforzar-la-resiliencia-docente-en-tiempos-traumaticos\/#primaryimage"},"thumbnailUrl":"https:\/\/webdelmaestrocmf.com\/portal\/wp-content\/uploads\/2026\/04\/1AA-Banner-1-portada-imagen-10-1-copia-5-2.webp","keywords":["Boris Cyrulnik","CRISIS","EDUCACI\u00d3N EMOCIONAL","ESTR\u00c9S","MENTAL","Miguel \u00c1ngel Cornejo","pandemia","resiliencia","ROL DOCENTE","salud","TRAUMA","VIDEOS"],"articleSection":["Yo opino - WMCMF"],"inLanguage":"es","potentialAction":[{"@type":"CommentAction","name":"Comment","target":["https:\/\/webdelmaestrocmf.com\/portal\/recursos-para-reforzar-la-resiliencia-docente-en-tiempos-traumaticos\/#respond"]}]},{"@type":"WebPage","@id":"https:\/\/webdelmaestrocmf.com\/portal\/recursos-para-reforzar-la-resiliencia-docente-en-tiempos-traumaticos\/","url":"https:\/\/webdelmaestrocmf.com\/portal\/recursos-para-reforzar-la-resiliencia-docente-en-tiempos-traumaticos\/","name":"Recursos para reforzar la resiliencia docente: Descarga el Manual de ejercicios de Psicolog\u00eda Positiva - 2026","isPartOf":{"@id":"https:\/\/webdelmaestrocmf.com\/portal\/#website"},"primaryImageOfPage":{"@id":"https:\/\/webdelmaestrocmf.com\/portal\/recursos-para-reforzar-la-resiliencia-docente-en-tiempos-traumaticos\/#primaryimage"},"image":{"@id":"https:\/\/webdelmaestrocmf.com\/portal\/recursos-para-reforzar-la-resiliencia-docente-en-tiempos-traumaticos\/#primaryimage"},"thumbnailUrl":"https:\/\/webdelmaestrocmf.com\/portal\/wp-content\/uploads\/2026\/04\/1AA-Banner-1-portada-imagen-10-1-copia-5-2.webp","datePublished":"2026-04-11T20:11:00+00:00","dateModified":"2026-04-11T20:52:17+00:00","description":"Hoy enfrentamos un contexto exigente que interpela profundamente la pr\u00e1ctica docente, pero que tambi\u00e9n abre una oportunidad real...","breadcrumb":{"@id":"https:\/\/webdelmaestrocmf.com\/portal\/recursos-para-reforzar-la-resiliencia-docente-en-tiempos-traumaticos\/#breadcrumb"},"inLanguage":"es","potentialAction":[{"@type":"ReadAction","target":["https:\/\/webdelmaestrocmf.com\/portal\/recursos-para-reforzar-la-resiliencia-docente-en-tiempos-traumaticos\/"]}]},{"@type":"ImageObject","inLanguage":"es","@id":"https:\/\/webdelmaestrocmf.com\/portal\/recursos-para-reforzar-la-resiliencia-docente-en-tiempos-traumaticos\/#primaryimage","url":"https:\/\/webdelmaestrocmf.com\/portal\/wp-content\/uploads\/2026\/04\/1AA-Banner-1-portada-imagen-10-1-copia-5-2.webp","contentUrl":"https:\/\/webdelmaestrocmf.com\/portal\/wp-content\/uploads\/2026\/04\/1AA-Banner-1-portada-imagen-10-1-copia-5-2.webp","width":1200,"height":675},{"@type":"BreadcrumbList","@id":"https:\/\/webdelmaestrocmf.com\/portal\/recursos-para-reforzar-la-resiliencia-docente-en-tiempos-traumaticos\/#breadcrumb","itemListElement":[{"@type":"ListItem","position":1,"name":"Portada","item":"https:\/\/webdelmaestrocmf.com\/portal\/"},{"@type":"ListItem","position":2,"name":"Yo opino - WMCMF","item":"https:\/\/webdelmaestrocmf.com\/portal\/category\/jamb\/"},{"@type":"ListItem","position":3,"name":"Recursos para reforzar la resiliencia docente: Descarga el Manual de ejercicios de Psicolog\u00eda Positiva"}]},{"@type":"WebSite","@id":"https:\/\/webdelmaestrocmf.com\/portal\/#website","url":"https:\/\/webdelmaestrocmf.com\/portal\/","name":"Web del Maestro CMF","description":"Maestros al servicio de la educaci\u00f3n","publisher":{"@id":"https:\/\/webdelmaestrocmf.com\/portal\/#organization"},"alternateName":"WMCMF","potentialAction":[{"@type":"SearchAction","target":{"@type":"EntryPoint","urlTemplate":"https:\/\/webdelmaestrocmf.com\/portal\/?s={search_term_string}"},"query-input":{"@type":"PropertyValueSpecification","valueRequired":true,"valueName":"search_term_string"}}],"inLanguage":"es"},{"@type":"Organization","@id":"https:\/\/webdelmaestrocmf.com\/portal\/#organization","name":"Web del Maestro CMF","alternateName":"WMCMF","url":"https:\/\/webdelmaestrocmf.com\/portal\/","logo":{"@type":"ImageObject","inLanguage":"es","@id":"https:\/\/webdelmaestrocmf.com\/portal\/#\/schema\/logo\/image\/","url":"https:\/\/webdelmaestrocmf.com\/portal\/wp-content\/uploads\/2023\/01\/logo-wmcmf-2.png","contentUrl":"https:\/\/webdelmaestrocmf.com\/portal\/wp-content\/uploads\/2023\/01\/logo-wmcmf-2.png","width":200,"height":60,"caption":"Web del Maestro CMF"},"image":{"@id":"https:\/\/webdelmaestrocmf.com\/portal\/#\/schema\/logo\/image\/"},"sameAs":["https:\/\/www.facebook.com\/WebdelMaestroCMF\/","https:\/\/x.com\/cmf_w","https:\/\/www.pinterest.com\/WMCMF\/","https:\/\/www.linkedin.com\/company\/web-del-maestro-cmf\/","https:\/\/www.instagram.com\/wmcmf\/","https:\/\/www.youtube.com\/channel\/UCDPSvjbdodE5sHnC3OxutHw","https:\/\/mastodon.social\/@wmcmf","https:\/\/www.tiktok.com\/@webdelmaestrocmf"]},{"@type":"Person","@id":"https:\/\/webdelmaestrocmf.com\/portal\/#\/schema\/person\/1072a2ed7bd960df8ef99a551fa35dc5","name":"Web del Maestro CMF","image":{"@type":"ImageObject","inLanguage":"es","@id":"https:\/\/secure.gravatar.com\/avatar\/23291dd5b5ae1077dcff3dbb04c3e02bd28403fa75af6d8787d5e97c5bbbe30b?s=96&d=mm&r=g","url":"https:\/\/secure.gravatar.com\/avatar\/23291dd5b5ae1077dcff3dbb04c3e02bd28403fa75af6d8787d5e97c5bbbe30b?s=96&d=mm&r=g","contentUrl":"https:\/\/secure.gravatar.com\/avatar\/23291dd5b5ae1077dcff3dbb04c3e02bd28403fa75af6d8787d5e97c5bbbe30b?s=96&d=mm&r=g","caption":"Web del Maestro CMF"},"description":"Esta Web se cre\u00f3 sin fines de lucro, con fines educativos, cient\u00edficos y acad\u00e9micos, para personas que tengan dificultades y\/o inconvenientes en visualizar el material original. El objetivo es entregar recursos, compartir experiencias y materiales que ayuden a los padres de familia, maestros y estudiantes en su actualizaci\u00f3n y formaci\u00f3n permanente, en bien de la Educaci\u00f3n.","sameAs":["http:\/\/webdelmaestrocmf.com\/portal","https:\/\/www.facebook.com\/WebdelMaestroCMF\/","https:\/\/www.instagram.com\/wmcmf\/","https:\/\/cl.linkedin.com\/company\/web-del-maestro-cmf","https:\/\/www.pinterest.com\/WMCMF\/publicaciones\/","https:\/\/x.com\/cmf_w","https:\/\/www.youtube.com\/@WMCMF"]}]}},"jetpack_featured_media_url":"https:\/\/webdelmaestrocmf.com\/portal\/wp-content\/uploads\/2026\/04\/1AA-Banner-1-portada-imagen-10-1-copia-5-2.webp","jetpack_sharing_enabled":true,"jetpack-related-posts":[{"id":51110,"url":"https:\/\/webdelmaestrocmf.com\/portal\/recursos-para-fortalecer-y-mejorar-el-equilibrio-emocional-y-la-salud-mental-de-los-docentes-parte-ii\/","url_meta":{"origin":50813,"position":0},"title":"Equilibrio emocional y la salud mental de los docentes (Parte II)","author":"Web del Maestro CMF","date":"6 septiembre, 2020","format":false,"excerpt":"La psic\u00f3loga Mar\u00eda Jes\u00fas \u00c1lava nos dice que durante el confinamiento, cada uno sinti\u00f3 que el cuidarse a uno mismo fue\u00a0 fundamental. Si estuvimos cerrados en casa, nos dimos cuenta que so signific\u00f3 el abandonarnos, pues\u00a0 descubrimos que \u201cun buen estado de \u00e1nimo contribuye a elevar nuestras defensas y a\u2026","rel":"","context":"En \u00abYo opino - WMCMF\u00bb","block_context":{"text":"Yo opino - WMCMF","link":"https:\/\/webdelmaestrocmf.com\/portal\/category\/jamb\/"},"img":{"alt_text":"","src":"https:\/\/i0.wp.com\/webdelmaestrocmf.com\/portal\/wp-content\/uploads\/2020\/09\/1-copia-29.jpg?resize=350%2C200&ssl=1","width":350,"height":200,"srcset":"https:\/\/i0.wp.com\/webdelmaestrocmf.com\/portal\/wp-content\/uploads\/2020\/09\/1-copia-29.jpg?resize=350%2C200&ssl=1 1x, https:\/\/i0.wp.com\/webdelmaestrocmf.com\/portal\/wp-content\/uploads\/2020\/09\/1-copia-29.jpg?resize=525%2C300&ssl=1 1.5x, https:\/\/i0.wp.com\/webdelmaestrocmf.com\/portal\/wp-content\/uploads\/2020\/09\/1-copia-29.jpg?resize=700%2C400&ssl=1 2x, https:\/\/i0.wp.com\/webdelmaestrocmf.com\/portal\/wp-content\/uploads\/2020\/09\/1-copia-29.jpg?resize=1050%2C600&ssl=1 3x"},"classes":[]},{"id":49639,"url":"https:\/\/webdelmaestrocmf.com\/portal\/las-huellas-que-deja-el-covid-19-la-educacion-a-distancia-y-el-confinamiento-en-la-salud-emocional-y-mental-de-los-profesores-parte-i\/","url_meta":{"origin":50813,"position":1},"title":"Equilibrio emocional y la salud mental de los docentes (Parte I)","author":"Web del Maestro CMF","date":"2 enero, 2024","format":false,"excerpt":"La experiencia de la educaci\u00f3n a distancia, adoptada como alternativa a la ense\u00f1anza presencial, puso a prueba no solo las competencias pedag\u00f3gicas, sino tambi\u00e9n la salud mental y emocional de los profesores. La necesidad de reinventar la ense\u00f1anza en tiempo real exigi\u00f3 imaginaci\u00f3n, creatividad, paciencia, autocontrol y una fortaleza emocional\u2026","rel":"","context":"En \u00abYo opino - WMCMF\u00bb","block_context":{"text":"Yo opino - WMCMF","link":"https:\/\/webdelmaestrocmf.com\/portal\/category\/jamb\/"},"img":{"alt_text":"","src":"https:\/\/i0.wp.com\/webdelmaestrocmf.com\/portal\/wp-content\/uploads\/2020\/08\/1A-Banner-1-portada-imagen-10-1.jpg?resize=350%2C200&ssl=1","width":350,"height":200,"srcset":"https:\/\/i0.wp.com\/webdelmaestrocmf.com\/portal\/wp-content\/uploads\/2020\/08\/1A-Banner-1-portada-imagen-10-1.jpg?resize=350%2C200&ssl=1 1x, https:\/\/i0.wp.com\/webdelmaestrocmf.com\/portal\/wp-content\/uploads\/2020\/08\/1A-Banner-1-portada-imagen-10-1.jpg?resize=525%2C300&ssl=1 1.5x, https:\/\/i0.wp.com\/webdelmaestrocmf.com\/portal\/wp-content\/uploads\/2020\/08\/1A-Banner-1-portada-imagen-10-1.jpg?resize=700%2C400&ssl=1 2x"},"classes":[]},{"id":89703,"url":"https:\/\/webdelmaestrocmf.com\/portal\/la-sostenibilidad-emocional-en-la-escuela-frente-al-proceso-cognitivo-la-memoria-la-inteligencia-y-las-cualidades-racionales\/","url_meta":{"origin":50813,"position":2},"title":"La sostenibilidad emocional en la escuela, frente al proceso cognitivo, la memoria, la inteligencia y las cualidades racionales","author":"Web del Maestro CMF","date":"31 mayo, 2023","format":false,"excerpt":"El t\u00e9rmino sostenibilidad, entendido como adjetivo indica que algo que se puede mantener durante largo tiempo sin agotar los recursos o causar grave da\u00f1o, y aunque mayormente est\u00e1n referidos al medio ambiente, tambi\u00e9n podemos usarlo con una visi\u00f3n educativa a nivel personal, relacionado \u201ca un cambio interior que determine un\u2026","rel":"","context":"En \u00abYo opino - WMCMF\u00bb","block_context":{"text":"Yo opino - WMCMF","link":"https:\/\/webdelmaestrocmf.com\/portal\/category\/jamb\/"},"img":{"alt_text":"","src":"https:\/\/i0.wp.com\/webdelmaestrocmf.com\/portal\/wp-content\/uploads\/2023\/05\/A12B3C4D-2023-05-31T230229.240.jpg?resize=350%2C200&ssl=1","width":350,"height":200,"srcset":"https:\/\/i0.wp.com\/webdelmaestrocmf.com\/portal\/wp-content\/uploads\/2023\/05\/A12B3C4D-2023-05-31T230229.240.jpg?resize=350%2C200&ssl=1 1x, https:\/\/i0.wp.com\/webdelmaestrocmf.com\/portal\/wp-content\/uploads\/2023\/05\/A12B3C4D-2023-05-31T230229.240.jpg?resize=525%2C300&ssl=1 1.5x, https:\/\/i0.wp.com\/webdelmaestrocmf.com\/portal\/wp-content\/uploads\/2023\/05\/A12B3C4D-2023-05-31T230229.240.jpg?resize=700%2C400&ssl=1 2x"},"classes":[]},{"id":49919,"url":"https:\/\/webdelmaestrocmf.com\/portal\/recursos-para-fortalecer-y-mejorar-el-equilibrio-emocional-y-la-salud-mental-de-los-docentes-parte-i\/","url_meta":{"origin":50813,"position":3},"title":"Recursos para fortalecer y mejorar el equilibrio emocional y la salud mental de los docentes (Parte I)","author":"Web del Maestro CMF","date":"4 enero, 2025","format":false,"excerpt":"Los profesores necesitamos, en el contexto actual de la educaci\u00f3n, responder dentro de nuestras capacidades y recursos personales al desaf\u00edo de mantener una comunicaci\u00f3n sana y positiva con nuestros estudiantes y sus familias. Esto implica equilibrar las demandas laborales con nuestra vida personal, estableciendo l\u00edmites claros y saludables. Es fundamental\u2026","rel":"","context":"En \u00abYo opino - WMCMF\u00bb","block_context":{"text":"Yo opino - WMCMF","link":"https:\/\/webdelmaestrocmf.com\/portal\/category\/jamb\/"},"img":{"alt_text":"","src":"https:\/\/i0.wp.com\/webdelmaestrocmf.com\/portal\/wp-content\/uploads\/2020\/08\/1A-Banner-1-portada-imagen-10-1-6.jpg?resize=350%2C200&ssl=1","width":350,"height":200,"srcset":"https:\/\/i0.wp.com\/webdelmaestrocmf.com\/portal\/wp-content\/uploads\/2020\/08\/1A-Banner-1-portada-imagen-10-1-6.jpg?resize=350%2C200&ssl=1 1x, https:\/\/i0.wp.com\/webdelmaestrocmf.com\/portal\/wp-content\/uploads\/2020\/08\/1A-Banner-1-portada-imagen-10-1-6.jpg?resize=525%2C300&ssl=1 1.5x, https:\/\/i0.wp.com\/webdelmaestrocmf.com\/portal\/wp-content\/uploads\/2020\/08\/1A-Banner-1-portada-imagen-10-1-6.jpg?resize=700%2C400&ssl=1 2x"},"classes":[]},{"id":112842,"url":"https:\/\/webdelmaestrocmf.com\/portal\/como-va-la-salud-mental-de-sus-padres-de-familia-y-estudiantes-ii-parte\/","url_meta":{"origin":50813,"position":4},"title":"C\u00f3mo va la salud mental y emocional de sus padres de familia y estudiantes? (II Parte)","author":"Web del Maestro CMF","date":"26 octubre, 2025","format":false,"excerpt":"La salud mental es el pilar invisible que sostiene la educaci\u00f3n: sin bienestar emocional no hay aprendizaje posible ni convivencia sana en las escuelas.","rel":"","context":"En \u00abYo opino - WMCMF\u00bb","block_context":{"text":"Yo opino - WMCMF","link":"https:\/\/webdelmaestrocmf.com\/portal\/category\/jamb\/"},"img":{"alt_text":"","src":"https:\/\/i0.wp.com\/webdelmaestrocmf.com\/portal\/wp-content\/uploads\/2025\/10\/1A-Banner-1-portada-imagen-10-1-copia-21.webp?resize=350%2C200&ssl=1","width":350,"height":200,"srcset":"https:\/\/i0.wp.com\/webdelmaestrocmf.com\/portal\/wp-content\/uploads\/2025\/10\/1A-Banner-1-portada-imagen-10-1-copia-21.webp?resize=350%2C200&ssl=1 1x, https:\/\/i0.wp.com\/webdelmaestrocmf.com\/portal\/wp-content\/uploads\/2025\/10\/1A-Banner-1-portada-imagen-10-1-copia-21.webp?resize=525%2C300&ssl=1 1.5x, https:\/\/i0.wp.com\/webdelmaestrocmf.com\/portal\/wp-content\/uploads\/2025\/10\/1A-Banner-1-portada-imagen-10-1-copia-21.webp?resize=700%2C400&ssl=1 2x"},"classes":[]},{"id":50373,"url":"https:\/\/webdelmaestrocmf.com\/portal\/las-huellas-que-deja-el-covid-19-la-educacion-a-distancia-y-el-confinamiento-en-la-salud-emocional-y-mental-de-los-profesores-parte-ii\/","url_meta":{"origin":50813,"position":5},"title":"Equilibrio emocional y la salud mental de los docentes (Parte II)","author":"Web del Maestro CMF","date":"14 diciembre, 2025","format":false,"excerpt":"Como expusimos en la Parte I, del equilibrio emocional y la salud mental del profesor, depende mucho su efectividad y afectividad docente porque su trabajo no es solo transmitir contenidos, sino tambi\u00e9n guiar, motivar y acompa\u00f1ar a sus estudiantes en su desarrollo. La importancia de la salud emocional del docente,\u2026","rel":"","context":"En \u00abYo opino - WMCMF\u00bb","block_context":{"text":"Yo opino - WMCMF","link":"https:\/\/webdelmaestrocmf.com\/portal\/category\/jamb\/"},"img":{"alt_text":"","src":"https:\/\/i0.wp.com\/webdelmaestrocmf.com\/portal\/wp-content\/uploads\/2020\/08\/1A-Banner-1-portada-imagen-10-1-copia-5.webp?resize=350%2C200&ssl=1","width":350,"height":200,"srcset":"https:\/\/i0.wp.com\/webdelmaestrocmf.com\/portal\/wp-content\/uploads\/2020\/08\/1A-Banner-1-portada-imagen-10-1-copia-5.webp?resize=350%2C200&ssl=1 1x, https:\/\/i0.wp.com\/webdelmaestrocmf.com\/portal\/wp-content\/uploads\/2020\/08\/1A-Banner-1-portada-imagen-10-1-copia-5.webp?resize=525%2C300&ssl=1 1.5x, https:\/\/i0.wp.com\/webdelmaestrocmf.com\/portal\/wp-content\/uploads\/2020\/08\/1A-Banner-1-portada-imagen-10-1-copia-5.webp?resize=700%2C400&ssl=1 2x"},"classes":[]}],"_links":{"self":[{"href":"https:\/\/webdelmaestrocmf.com\/portal\/wp-json\/wp\/v2\/posts\/50813","targetHints":{"allow":["GET"]}}],"collection":[{"href":"https:\/\/webdelmaestrocmf.com\/portal\/wp-json\/wp\/v2\/posts"}],"about":[{"href":"https:\/\/webdelmaestrocmf.com\/portal\/wp-json\/wp\/v2\/types\/post"}],"author":[{"embeddable":true,"href":"https:\/\/webdelmaestrocmf.com\/portal\/wp-json\/wp\/v2\/users\/1"}],"replies":[{"embeddable":true,"href":"https:\/\/webdelmaestrocmf.com\/portal\/wp-json\/wp\/v2\/comments?post=50813"}],"version-history":[{"count":10,"href":"https:\/\/webdelmaestrocmf.com\/portal\/wp-json\/wp\/v2\/posts\/50813\/revisions"}],"predecessor-version":[{"id":117643,"href":"https:\/\/webdelmaestrocmf.com\/portal\/wp-json\/wp\/v2\/posts\/50813\/revisions\/117643"}],"wp:featuredmedia":[{"embeddable":true,"href":"https:\/\/webdelmaestrocmf.com\/portal\/wp-json\/wp\/v2\/media\/117644"}],"wp:attachment":[{"href":"https:\/\/webdelmaestrocmf.com\/portal\/wp-json\/wp\/v2\/media?parent=50813"}],"wp:term":[{"taxonomy":"category","embeddable":true,"href":"https:\/\/webdelmaestrocmf.com\/portal\/wp-json\/wp\/v2\/categories?post=50813"},{"taxonomy":"post_tag","embeddable":true,"href":"https:\/\/webdelmaestrocmf.com\/portal\/wp-json\/wp\/v2\/tags?post=50813"}],"curies":[{"name":"wp","href":"https:\/\/api.w.org\/{rel}","templated":true}]}}