{"id":50791,"date":"2020-09-02T10:46:38","date_gmt":"2020-09-02T14:46:38","guid":{"rendered":"https:\/\/webdelmaestrocmf.com\/portal\/?p=50791"},"modified":"2020-09-02T17:40:53","modified_gmt":"2020-09-02T21:40:53","slug":"profesores-no-dan-mas-el-57-dice-que-siente-un-desgaste-extremo-por-la-crisis","status":"publish","type":"post","link":"https:\/\/webdelmaestrocmf.com\/portal\/profesores-no-dan-mas-el-57-dice-que-siente-un-desgaste-extremo-por-la-crisis\/","title":{"rendered":"Profesores no dan m\u00e1s: el 57% dice que siente un desgaste extremo por la crisis, tras cinco meses de educaci\u00f3n a distancia"},"content":{"rendered":"<h5 style=\"text-align: justify;\">Encuesta de la Fundaci\u00f3n Chile alerta que al menos 141 mil docentes est\u00e1n agotados tras cinco meses de educaci\u00f3n a distancia, en medio de la pandemia. Otra medici\u00f3n, de Educaci\u00f3n 2020, afirma que el 81% de los apoderados no enviar\u00eda a sus hijos al colegio hasta que haya una vacuna.<\/h5>\n<p><!--more--><\/p>\n<h5 class=\"paragraph \" style=\"text-align: justify;\">Para Carolina Qui\u00f1ones, los \u00faltimos cinco meses han sido los m\u00e1s agotadores de su carrera. Ella es profesora del Colegio Brother\u2019s School, de La Florida, y cuenta que la virtualizaci\u00f3n de la ense\u00f1anza, con sus cambios y precariedades, ha sido demoledor.<\/h5>\n<p class=\"paragraph \" style=\"text-align: justify;\">\u201cTengo que pasar demasiadas horas seguidas frente a una pantalla, ya sea planificando, realizando clases, asistiendo al Consejo de Profesores, teniendo reuniones extraprogram\u00e1ticas y respondiendo correos y mensajes de apoderados\u201d, relata.<\/p>\n<p class=\"paragraph \" style=\"text-align: justify;\"><b>Y ese trabajo no acaba cuando termina su horario laboral, porque luego tiene que atender llamadas de apoderados desde las 19 horas o los fines de semana<\/b>, cuando \u201cme preguntan acerca de las actividades o sobre c\u00f3mo ser\u00e1 la promoci\u00f3n al pr\u00f3ximo a\u00f1o\u201d, dice.<\/p>\n<p class=\"paragraph \" style=\"text-align: justify;\">En mayor o menor medida, esa\u00a0<b>ha sido la realidad de los 248 mil profesores que tiene el\u00a0<\/b>pa\u00eds, que hoy sufren un agotamiento dram\u00e1tico.<b>\u00a0As\u00ed qued\u00f3 reflejado en una encuesta realizada por la Fundaci\u00f3n Chile, a trav\u00e9s de su consultora Circular HR, que midi\u00f3 el nivel de fatiga y compromiso (engagement) en 2.657 docentes,\u00a0<\/b>tras cinco meses de trabajo virtual.<\/p>\n<p><img loading=\"lazy\" decoding=\"async\" class=\"alignnone size-full wp-image-50792\" src=\"https:\/\/webdelmaestrocmf.com\/portal\/wp-content\/uploads\/2020\/09\/1-15.jpg\" alt=\"\" width=\"960\" height=\"720\" srcset=\"https:\/\/webdelmaestrocmf.com\/portal\/wp-content\/uploads\/2020\/09\/1-15.jpg 960w, https:\/\/webdelmaestrocmf.com\/portal\/wp-content\/uploads\/2020\/09\/1-15-300x225.jpg 300w, https:\/\/webdelmaestrocmf.com\/portal\/wp-content\/uploads\/2020\/09\/1-15-768x576.jpg 768w, https:\/\/webdelmaestrocmf.com\/portal\/wp-content\/uploads\/2020\/09\/1-15-110x83.jpg 110w, https:\/\/webdelmaestrocmf.com\/portal\/wp-content\/uploads\/2020\/09\/1-15-200x150.jpg 200w, https:\/\/webdelmaestrocmf.com\/portal\/wp-content\/uploads\/2020\/09\/1-15-380x285.jpg 380w, https:\/\/webdelmaestrocmf.com\/portal\/wp-content\/uploads\/2020\/09\/1-15-255x191.jpg 255w, https:\/\/webdelmaestrocmf.com\/portal\/wp-content\/uploads\/2020\/09\/1-15-550x413.jpg 550w, https:\/\/webdelmaestrocmf.com\/portal\/wp-content\/uploads\/2020\/09\/1-15-800x600.jpg 800w, https:\/\/webdelmaestrocmf.com\/portal\/wp-content\/uploads\/2020\/09\/1-15-600x450.jpg 600w, https:\/\/webdelmaestrocmf.com\/portal\/wp-content\/uploads\/2020\/09\/1-15-220x165.jpg 220w, https:\/\/webdelmaestrocmf.com\/portal\/wp-content\/uploads\/2020\/09\/1-15-400x300.jpg 400w, https:\/\/webdelmaestrocmf.com\/portal\/wp-content\/uploads\/2020\/09\/1-15-760x570.jpg 760w, https:\/\/webdelmaestrocmf.com\/portal\/wp-content\/uploads\/2020\/09\/1-15-510x383.jpg 510w\" sizes=\"auto, (max-width: 960px) 100vw, 960px\" \/><\/p>\n<p class=\"paragraph \" style=\"text-align: justify;\">El resultado es alarmante:\u00a0<b>el 57% de los profesores tiene un desgaste extremo, con una sensaci\u00f3n de fatiga cr\u00f3nica, y otro 20% est\u00e1 en peligro de caer en lo mismo.<\/b>\u00a0El cansancio es mucho mayor que en otros sectores laborales, donde el agotamiento total alcanza al 28% de los trabajadores. Si se extrapola este sondeo a la realidad nacional, se concluye que\u00a0<b>el desgaste extremo afecta a 141 mil docentes.<\/b><\/p>\n<p class=\"paragraph \" style=\"text-align: justify;\">El estudio muestra que, a esta altura del a\u00f1o, solo el 6% de los maestros siente total compromiso y pasi\u00f3n por su labor. Adem\u00e1s, la mayor\u00eda de los profesores dice que su colegio no le ha entregado herramientas para desarrollar la educaci\u00f3n a distancia, aunque el 65% cree que s\u00ed tiene las competencias para hacerlo.<\/p>\n<p class=\"paragraph \" style=\"text-align: justify;\">Hern\u00e1n Araneda, gerente de Desarrollo Humano de la Fundaci\u00f3n Chile, explica que el agotamiento de los docentes se debe al radical cambio de su rubro. \u201cLos m\u00e9dicos hoy tienen m\u00e1s pega, pero es un trabajo que ya conocen. Para los docentes, todo cambi\u00f3 r\u00e1pido y hoy tienen una metodolog\u00eda h\u00edbrida, donde todo vale: pueden ense\u00f1ar por correo, por tel\u00e9fono o por Zoom, dependiendo de las condiciones del alumno\u201d, explica.<\/p>\n<p class=\"paragraph \" style=\"text-align: justify;\">As\u00ed, la docencia se transform\u00f3 en otra profesi\u00f3n de \u201cprimera l\u00ednea\u201d, pero sin condiciones \u00f3ptimas, por lo que Araneda recomienda entregarles m\u00e1s recursos de apoyo, \u201cque les permitan tener m\u00e1s control sobre el trabajo de sus estudiantes\u201d y as\u00ed no se desmotiven. Una ayuda para ello, detalla, fue la suspensi\u00f3n de la Evaluaci\u00f3n Docente. Pero tambi\u00e9n sirve el asumir que este a\u00f1o no se impartir\u00e1n ni el 80% ni el 50% de los aprendizajes, sino que solo se ense\u00f1ar\u00e1 un tercio y se privilegiar\u00e1 la salud y el apoyo socioemocional. \u201cEste a\u00f1o, importa menos cu\u00e1nto se aprende y m\u00e1s la salud. Hay que bajar las expectativas\u201d, plantea.<\/p>\n<div class=\"header |\" style=\"text-align: justify;\">\n<h5><strong>Malas condiciones<\/strong><\/h5>\n<\/div>\n<p class=\"paragraph \" style=\"text-align: justify;\">El estudio muestra que solo el 25% de los profesores ve que sus pupilos tienen las condiciones necesarias para estudiar en casa, y si bien la mayor\u00eda dice que ellos cumplen con sus tareas, una parte importante cree que no tienen el apoyo de un adulto en la casa.<\/p>\n<p class=\"paragraph \" style=\"text-align: justify;\">La profesora Qui\u00f1ones confirma esta inquietud. \u201cNo todos los escolares poseen los mismos recursos, esto lo digo por experiencia propia, ya que trabajo en un colegio municipal. Y en el caso de los cursos m\u00e1s peque\u00f1os, se han tenido que cambiar reiteradamente las metodolog\u00edas para captar su motivaci\u00f3n y atenci\u00f3n en las clases\u201d, relata.<\/p>\n<p class=\"paragraph \" style=\"text-align: justify;\">Raimundo Larra\u00edn, jefe de Educaci\u00f3n General del Mineduc, dice que hay especial \u00e9nfasis en el cuidado del bienestar de los docentes, por lo que \u201cpusimos a su disposici\u00f3n una bit\u00e1cora, que est\u00e1n utilizando activamente m\u00e1s de 30 mil profesores del pa\u00eds, y que aborda cuatro claves para desarrollar el bienestar de forma aut\u00f3noma\u201d. Y agrega que \u201casimismo, m\u00e1s de 100 mil docentes han participado de seminarios que profundizan en estrategias para sobrellevar estos momentos, con buenas pr\u00e1cticas y evidencia\u201d.<\/p>\n<div class=\"header |\" style=\"text-align: justify;\">\n<h5>Regreso a clases<\/h5>\n<\/div>\n<p class=\"paragraph \" style=\"text-align: justify;\">El problema del agotamiento se mezcla con el temor al coronavirus, que es incluso mayor al miedo a perder los aprendizajes del a\u00f1o. As\u00ed lo releva otra encuesta, realizada por Ipsos y Educaci\u00f3n 2020, que midi\u00f3 la percepci\u00f3n de 5.660 docentes, apoderados, escolares y directivos sobre un eventual retorno a clases.<\/p>\n<p class=\"paragraph \" style=\"text-align: justify;\"><b>La medici\u00f3n muestra que el 85% de los apoderados prefiere mantener la educaci\u00f3n remota el resto del a\u00f1o, independiente de los contagios, y que el 81% dice que no enviar\u00eda a sus hijos a clases hasta que haya una vacuna.\u00a0<\/b>En la vereda opuesta, el 16% s\u00ed quiere clases lo antes posible.<\/p>\n<p class=\"paragraph \" style=\"text-align: justify;\">Entre los escolares, la visi\u00f3n es m\u00e1s optimista: el 54% est\u00e1 en desacuerdo con que se pierda el a\u00f1o escolar. Adem\u00e1s, un 25% dice que ha aprendido mucho o bastante en la casa. Por el contrario, el 20% dice que no ha aprendido nada.<\/p>\n<p><strong>Este contenido ha sido publicado originalmente por La Tercera (Chile) en la siguiente direcci\u00f3n: <a href=\"http:\/\/latercera.com\" target=\"_blank\" rel=\"noopener noreferrer\">latercera.com<\/a> | escrito por Carlos Said<\/strong><\/p>\n\t\t<div class=\"pk-inline-posts\">\n\t\t\t\n\t\t\t<div class=\"pk-inline-posts-container pk-inline-posts-template-list\"\n\t\t\t\tdata-columns=\"1\">\n\t\t\t\t\t\t<article id=\"post-20592\" class=\"post-20592 post type-post status-publish format-standard has-post-thumbnail category-descarga category-descargas-manuales-pdf category-estres category-pedagogia tag-docentes tag-educadores tag-guia tag-mindfulness tag-practica cs-entry cs-video-wrap\">\n\t\t\t<div class=\"pk-post-outer\">\n\n\t\t\t\t\t\t\t\t<div class=\"pk-post-inner\">\n\t\t\t\t\t<div class=\"entry-thumbnail\">\n\t\t\t\t\t\t<div class=\"pk-overlay pk-overlay-ratio pk-ratio-landscape\">\n\t\t\t\t\t\t\t<div class=\"pk-overlay-background\">\n\t\t\t\t\t\t\t\t<a href=\"https:\/\/webdelmaestrocmf.com\/portal\/mindfulness-guia-practica-docentes-educadores\/\" class=\"pk-overlay-link\">\n\t\t\t\t\t\t\t\t\t<img loading=\"lazy\" decoding=\"async\" width=\"300\" height=\"225\" src=\"https:\/\/webdelmaestrocmf.com\/portal\/wp-content\/uploads\/2020\/03\/1AA-Banner-1-portada-imagen-10-1-copia-4-300x225.webp\" class=\"attachment-pk-thumbnail size-pk-thumbnail wp-post-image\" alt=\"\" \/>\t\t\t\t\t\t\t\t<\/a>\n\t\t\t\t\t\t\t<\/div>\n\t\t\t\t\t\t<\/div>\n\t\t\t\t\t<\/div>\n\t\t\t\t<\/div>\n\t\t\t\t\n\t\t\t\t<div class=\"pk-post-inner\">\n\t\t\t\t\t<header>\n\t\t\t\t\t\t<h3 class=\"pk-title\"><a href=\"https:\/\/webdelmaestrocmf.com\/portal\/mindfulness-guia-practica-docentes-educadores\/\" rel=\"bookmark\">Mindfulness: Gu\u00eda pr\u00e1ctica para docentes y educadores<\/a><\/h3>\t\t\t\t\t<\/header><!-- .entry-header -->\n\t\t\t\t<\/div><!-- .post-inner -->\n\n\t\t\t<\/div><!-- .post-outer -->\n\t\t<\/article>\n\t\t\t\t<\/div>\n\t\t<\/div>\n\t\t\n","protected":false},"excerpt":{"rendered":"Encuesta de la Fundaci\u00f3n Chile alerta que al menos 141 mil docentes est\u00e1n agotados tras cinco meses de&hellip;","protected":false},"author":1,"featured_media":50793,"comment_status":"open","ping_status":"closed","sticky":false,"template":"","format":"standard","meta":{"csco_display_header_overlay":false,"csco_singular_sidebar":"default","csco_page_header_type":"default","csco_page_load_nextpost":"default","csco_post_video_location":[],"csco_post_video_location_hash":"","csco_post_video_url":"","csco_post_video_bg_start_time":0,"csco_post_video_bg_end_time":0,"csco_post_video_bg_volume":false,"_jetpack_memberships_contains_paid_content":false,"footnotes":""},"categories":[570,1626,735],"tags":[5569,723,58,1955,5570,2052,62,5168],"class_list":{"0":"post-50791","1":"post","2":"type-post","3":"status-publish","4":"format-standard","5":"has-post-thumbnail","7":"category-docentes","8":"category-estres","9":"category-pedagogia","10":"tag-dan","11":"tag-desgaste","12":"tag-docentes","13":"tag-estresados","14":"tag-extremo-por-la-crisis","15":"tag-mas","16":"tag-profesores","17":"tag-siente","18":"cs-entry","19":"cs-video-wrap"},"yoast_head":"<!-- This site is optimized with the Yoast SEO plugin v27.5 - https:\/\/yoast.com\/product\/yoast-seo-wordpress\/ -->\n<title>Profesores no dan m\u00e1s: el 57% dice que siente un desgaste extremo por la crisis, tras cinco meses de educaci\u00f3n a distancia - 2026<\/title>\n<meta name=\"description\" content=\"Encuesta de la Fundaci\u00f3n Chile alerta que al menos 141 mil docentes est\u00e1n agotados tras cinco meses de educaci\u00f3n a distancia, en medio de...\" \/>\n<meta name=\"robots\" content=\"index, follow, max-snippet:-1, max-image-preview:large, max-video-preview:-1\" \/>\n<link rel=\"canonical\" href=\"https:\/\/webdelmaestrocmf.com\/portal\/profesores-no-dan-mas-el-57-dice-que-siente-un-desgaste-extremo-por-la-crisis\/\" \/>\n<meta property=\"og:locale\" content=\"es_ES\" \/>\n<meta property=\"og:type\" content=\"article\" \/>\n<meta property=\"og:title\" content=\"Profesores no dan m\u00e1s: el 57% dice que siente un desgaste extremo por la crisis, tras cinco meses de educaci\u00f3n a distancia - 2026\" \/>\n<meta property=\"og:description\" content=\"Encuesta de la Fundaci\u00f3n Chile alerta que al menos 141 mil docentes est\u00e1n agotados tras cinco meses de educaci\u00f3n a distancia, en medio de...\" \/>\n<meta property=\"og:url\" content=\"https:\/\/webdelmaestrocmf.com\/portal\/profesores-no-dan-mas-el-57-dice-que-siente-un-desgaste-extremo-por-la-crisis\/\" \/>\n<meta property=\"og:site_name\" content=\"Web del Maestro CMF\" \/>\n<meta property=\"article:publisher\" content=\"https:\/\/www.facebook.com\/WebdelMaestroCMF\/\" \/>\n<meta property=\"article:author\" content=\"https:\/\/www.facebook.com\/WebdelMaestroCMF\/\" \/>\n<meta property=\"article:published_time\" content=\"2020-09-02T14:46:38+00:00\" \/>\n<meta property=\"article:modified_time\" content=\"2020-09-02T21:40:53+00:00\" \/>\n<meta property=\"og:image\" content=\"https:\/\/i0.wp.com\/webdelmaestrocmf.com\/portal\/wp-content\/uploads\/2020\/09\/1-16.jpg?fit=1100%2C680&ssl=1\" \/>\n\t<meta property=\"og:image:width\" content=\"1100\" \/>\n\t<meta property=\"og:image:height\" content=\"680\" \/>\n\t<meta property=\"og:image:type\" content=\"image\/jpeg\" \/>\n<meta name=\"author\" content=\"Web del Maestro CMF\" \/>\n<meta name=\"twitter:card\" content=\"summary_large_image\" \/>\n<meta name=\"twitter:creator\" content=\"@cmf_w\" \/>\n<meta name=\"twitter:site\" content=\"@cmf_w\" \/>\n<script type=\"application\/ld+json\" class=\"yoast-schema-graph\">{\"@context\":\"https:\\\/\\\/schema.org\",\"@graph\":[{\"@type\":\"ScholarlyArticle\",\"@id\":\"https:\\\/\\\/webdelmaestrocmf.com\\\/portal\\\/profesores-no-dan-mas-el-57-dice-que-siente-un-desgaste-extremo-por-la-crisis\\\/#article\",\"isPartOf\":{\"@id\":\"https:\\\/\\\/webdelmaestrocmf.com\\\/portal\\\/profesores-no-dan-mas-el-57-dice-que-siente-un-desgaste-extremo-por-la-crisis\\\/\"},\"author\":{\"name\":\"Web del Maestro CMF\",\"@id\":\"https:\\\/\\\/webdelmaestrocmf.com\\\/portal\\\/#\\\/schema\\\/person\\\/1072a2ed7bd960df8ef99a551fa35dc5\"},\"headline\":\"Profesores no dan m\u00e1s: el 57% dice que siente un desgaste extremo por la crisis, tras cinco meses de educaci\u00f3n a distancia\",\"datePublished\":\"2020-09-02T14:46:38+00:00\",\"dateModified\":\"2020-09-02T21:40:53+00:00\",\"mainEntityOfPage\":{\"@id\":\"https:\\\/\\\/webdelmaestrocmf.com\\\/portal\\\/profesores-no-dan-mas-el-57-dice-que-siente-un-desgaste-extremo-por-la-crisis\\\/\"},\"wordCount\":960,\"commentCount\":2,\"publisher\":{\"@id\":\"https:\\\/\\\/webdelmaestrocmf.com\\\/portal\\\/#organization\"},\"image\":{\"@id\":\"https:\\\/\\\/webdelmaestrocmf.com\\\/portal\\\/profesores-no-dan-mas-el-57-dice-que-siente-un-desgaste-extremo-por-la-crisis\\\/#primaryimage\"},\"thumbnailUrl\":\"https:\\\/\\\/webdelmaestrocmf.com\\\/portal\\\/wp-content\\\/uploads\\\/2020\\\/09\\\/1-16.jpg\",\"keywords\":[\"dan\",\"DESGASTE\",\"DOCENTES\",\"ESTRESADOS\",\"extremo por la crisis\",\"m\u00e1s\",\"profesores\",\"siente\"],\"articleSection\":[\"Docentes\",\"Estr\u00e9s\",\"Recursos\"],\"inLanguage\":\"es\",\"potentialAction\":[{\"@type\":\"CommentAction\",\"name\":\"Comment\",\"target\":[\"https:\\\/\\\/webdelmaestrocmf.com\\\/portal\\\/profesores-no-dan-mas-el-57-dice-que-siente-un-desgaste-extremo-por-la-crisis\\\/#respond\"]}]},{\"@type\":\"WebPage\",\"@id\":\"https:\\\/\\\/webdelmaestrocmf.com\\\/portal\\\/profesores-no-dan-mas-el-57-dice-que-siente-un-desgaste-extremo-por-la-crisis\\\/\",\"url\":\"https:\\\/\\\/webdelmaestrocmf.com\\\/portal\\\/profesores-no-dan-mas-el-57-dice-que-siente-un-desgaste-extremo-por-la-crisis\\\/\",\"name\":\"Profesores no dan m\u00e1s: el 57% dice que siente un desgaste extremo por la crisis, tras cinco meses de educaci\u00f3n a distancia - 2026\",\"isPartOf\":{\"@id\":\"https:\\\/\\\/webdelmaestrocmf.com\\\/portal\\\/#website\"},\"primaryImageOfPage\":{\"@id\":\"https:\\\/\\\/webdelmaestrocmf.com\\\/portal\\\/profesores-no-dan-mas-el-57-dice-que-siente-un-desgaste-extremo-por-la-crisis\\\/#primaryimage\"},\"image\":{\"@id\":\"https:\\\/\\\/webdelmaestrocmf.com\\\/portal\\\/profesores-no-dan-mas-el-57-dice-que-siente-un-desgaste-extremo-por-la-crisis\\\/#primaryimage\"},\"thumbnailUrl\":\"https:\\\/\\\/webdelmaestrocmf.com\\\/portal\\\/wp-content\\\/uploads\\\/2020\\\/09\\\/1-16.jpg\",\"datePublished\":\"2020-09-02T14:46:38+00:00\",\"dateModified\":\"2020-09-02T21:40:53+00:00\",\"description\":\"Encuesta de la Fundaci\u00f3n Chile alerta que al menos 141 mil docentes est\u00e1n agotados tras cinco meses de educaci\u00f3n a distancia, en medio de...\",\"breadcrumb\":{\"@id\":\"https:\\\/\\\/webdelmaestrocmf.com\\\/portal\\\/profesores-no-dan-mas-el-57-dice-que-siente-un-desgaste-extremo-por-la-crisis\\\/#breadcrumb\"},\"inLanguage\":\"es\",\"potentialAction\":[{\"@type\":\"ReadAction\",\"target\":[\"https:\\\/\\\/webdelmaestrocmf.com\\\/portal\\\/profesores-no-dan-mas-el-57-dice-que-siente-un-desgaste-extremo-por-la-crisis\\\/\"]}]},{\"@type\":\"ImageObject\",\"inLanguage\":\"es\",\"@id\":\"https:\\\/\\\/webdelmaestrocmf.com\\\/portal\\\/profesores-no-dan-mas-el-57-dice-que-siente-un-desgaste-extremo-por-la-crisis\\\/#primaryimage\",\"url\":\"https:\\\/\\\/webdelmaestrocmf.com\\\/portal\\\/wp-content\\\/uploads\\\/2020\\\/09\\\/1-16.jpg\",\"contentUrl\":\"https:\\\/\\\/webdelmaestrocmf.com\\\/portal\\\/wp-content\\\/uploads\\\/2020\\\/09\\\/1-16.jpg\",\"width\":1100,\"height\":680},{\"@type\":\"BreadcrumbList\",\"@id\":\"https:\\\/\\\/webdelmaestrocmf.com\\\/portal\\\/profesores-no-dan-mas-el-57-dice-que-siente-un-desgaste-extremo-por-la-crisis\\\/#breadcrumb\",\"itemListElement\":[{\"@type\":\"ListItem\",\"position\":1,\"name\":\"Portada\",\"item\":\"https:\\\/\\\/webdelmaestrocmf.com\\\/portal\\\/\"},{\"@type\":\"ListItem\",\"position\":2,\"name\":\"Recursos\",\"item\":\"https:\\\/\\\/webdelmaestrocmf.com\\\/portal\\\/category\\\/pedagogia\\\/\"},{\"@type\":\"ListItem\",\"position\":3,\"name\":\"Profesores no dan m\u00e1s: el 57% dice que siente un desgaste extremo por la crisis, tras cinco meses de educaci\u00f3n a distancia\"}]},{\"@type\":\"WebSite\",\"@id\":\"https:\\\/\\\/webdelmaestrocmf.com\\\/portal\\\/#website\",\"url\":\"https:\\\/\\\/webdelmaestrocmf.com\\\/portal\\\/\",\"name\":\"Web del Maestro CMF\",\"description\":\"Maestros al servicio de la educaci\u00f3n\",\"publisher\":{\"@id\":\"https:\\\/\\\/webdelmaestrocmf.com\\\/portal\\\/#organization\"},\"alternateName\":\"WMCMF\",\"potentialAction\":[{\"@type\":\"SearchAction\",\"target\":{\"@type\":\"EntryPoint\",\"urlTemplate\":\"https:\\\/\\\/webdelmaestrocmf.com\\\/portal\\\/?s={search_term_string}\"},\"query-input\":{\"@type\":\"PropertyValueSpecification\",\"valueRequired\":true,\"valueName\":\"search_term_string\"}}],\"inLanguage\":\"es\"},{\"@type\":\"Organization\",\"@id\":\"https:\\\/\\\/webdelmaestrocmf.com\\\/portal\\\/#organization\",\"name\":\"Web del Maestro CMF\",\"alternateName\":\"WMCMF\",\"url\":\"https:\\\/\\\/webdelmaestrocmf.com\\\/portal\\\/\",\"logo\":{\"@type\":\"ImageObject\",\"inLanguage\":\"es\",\"@id\":\"https:\\\/\\\/webdelmaestrocmf.com\\\/portal\\\/#\\\/schema\\\/logo\\\/image\\\/\",\"url\":\"https:\\\/\\\/webdelmaestrocmf.com\\\/portal\\\/wp-content\\\/uploads\\\/2023\\\/01\\\/logo-wmcmf-2.png\",\"contentUrl\":\"https:\\\/\\\/webdelmaestrocmf.com\\\/portal\\\/wp-content\\\/uploads\\\/2023\\\/01\\\/logo-wmcmf-2.png\",\"width\":200,\"height\":60,\"caption\":\"Web del Maestro CMF\"},\"image\":{\"@id\":\"https:\\\/\\\/webdelmaestrocmf.com\\\/portal\\\/#\\\/schema\\\/logo\\\/image\\\/\"},\"sameAs\":[\"https:\\\/\\\/www.facebook.com\\\/WebdelMaestroCMF\\\/\",\"https:\\\/\\\/x.com\\\/cmf_w\",\"https:\\\/\\\/www.pinterest.com\\\/WMCMF\\\/\",\"https:\\\/\\\/www.linkedin.com\\\/company\\\/web-del-maestro-cmf\\\/\",\"https:\\\/\\\/www.instagram.com\\\/wmcmf\\\/\",\"https:\\\/\\\/www.youtube.com\\\/channel\\\/UCDPSvjbdodE5sHnC3OxutHw\",\"https:\\\/\\\/mastodon.social\\\/@wmcmf\",\"https:\\\/\\\/www.tiktok.com\\\/@webdelmaestrocmf\"]},{\"@type\":\"Person\",\"@id\":\"https:\\\/\\\/webdelmaestrocmf.com\\\/portal\\\/#\\\/schema\\\/person\\\/1072a2ed7bd960df8ef99a551fa35dc5\",\"name\":\"Web del Maestro CMF\",\"image\":{\"@type\":\"ImageObject\",\"inLanguage\":\"es\",\"@id\":\"https:\\\/\\\/secure.gravatar.com\\\/avatar\\\/23291dd5b5ae1077dcff3dbb04c3e02bd28403fa75af6d8787d5e97c5bbbe30b?s=96&d=mm&r=g\",\"url\":\"https:\\\/\\\/secure.gravatar.com\\\/avatar\\\/23291dd5b5ae1077dcff3dbb04c3e02bd28403fa75af6d8787d5e97c5bbbe30b?s=96&d=mm&r=g\",\"contentUrl\":\"https:\\\/\\\/secure.gravatar.com\\\/avatar\\\/23291dd5b5ae1077dcff3dbb04c3e02bd28403fa75af6d8787d5e97c5bbbe30b?s=96&d=mm&r=g\",\"caption\":\"Web del Maestro CMF\"},\"description\":\"Esta Web se cre\u00f3 sin fines de lucro, con fines educativos, cient\u00edficos y acad\u00e9micos, para personas que tengan dificultades y\\\/o inconvenientes en visualizar el material original. El objetivo es entregar recursos, compartir experiencias y materiales que ayuden a los padres de familia, maestros y estudiantes en su actualizaci\u00f3n y formaci\u00f3n permanente, en bien de la Educaci\u00f3n.\",\"sameAs\":[\"http:\\\/\\\/webdelmaestrocmf.com\\\/portal\",\"https:\\\/\\\/www.facebook.com\\\/WebdelMaestroCMF\\\/\",\"https:\\\/\\\/www.instagram.com\\\/wmcmf\\\/\",\"https:\\\/\\\/cl.linkedin.com\\\/company\\\/web-del-maestro-cmf\",\"https:\\\/\\\/www.pinterest.com\\\/WMCMF\\\/publicaciones\\\/\",\"https:\\\/\\\/x.com\\\/cmf_w\",\"https:\\\/\\\/www.youtube.com\\\/@WMCMF\"]}]}<\/script>\n<!-- \/ Yoast SEO plugin. -->","yoast_head_json":{"title":"Profesores no dan m\u00e1s: el 57% dice que siente un desgaste extremo por la crisis, tras cinco meses de educaci\u00f3n a distancia - 2026","description":"Encuesta de la Fundaci\u00f3n Chile alerta que al menos 141 mil docentes est\u00e1n agotados tras cinco meses de educaci\u00f3n a distancia, en medio de...","robots":{"index":"index","follow":"follow","max-snippet":"max-snippet:-1","max-image-preview":"max-image-preview:large","max-video-preview":"max-video-preview:-1"},"canonical":"https:\/\/webdelmaestrocmf.com\/portal\/profesores-no-dan-mas-el-57-dice-que-siente-un-desgaste-extremo-por-la-crisis\/","og_locale":"es_ES","og_type":"article","og_title":"Profesores no dan m\u00e1s: el 57% dice que siente un desgaste extremo por la crisis, tras cinco meses de educaci\u00f3n a distancia - 2026","og_description":"Encuesta de la Fundaci\u00f3n Chile alerta que al menos 141 mil docentes est\u00e1n agotados tras cinco meses de educaci\u00f3n a distancia, en medio de...","og_url":"https:\/\/webdelmaestrocmf.com\/portal\/profesores-no-dan-mas-el-57-dice-que-siente-un-desgaste-extremo-por-la-crisis\/","og_site_name":"Web del Maestro CMF","article_publisher":"https:\/\/www.facebook.com\/WebdelMaestroCMF\/","article_author":"https:\/\/www.facebook.com\/WebdelMaestroCMF\/","article_published_time":"2020-09-02T14:46:38+00:00","article_modified_time":"2020-09-02T21:40:53+00:00","og_image":[{"width":1100,"height":680,"url":"https:\/\/i0.wp.com\/webdelmaestrocmf.com\/portal\/wp-content\/uploads\/2020\/09\/1-16.jpg?fit=1100%2C680&ssl=1","type":"image\/jpeg"}],"author":"Web del Maestro CMF","twitter_card":"summary_large_image","twitter_creator":"@cmf_w","twitter_site":"@cmf_w","schema":{"@context":"https:\/\/schema.org","@graph":[{"@type":"ScholarlyArticle","@id":"https:\/\/webdelmaestrocmf.com\/portal\/profesores-no-dan-mas-el-57-dice-que-siente-un-desgaste-extremo-por-la-crisis\/#article","isPartOf":{"@id":"https:\/\/webdelmaestrocmf.com\/portal\/profesores-no-dan-mas-el-57-dice-que-siente-un-desgaste-extremo-por-la-crisis\/"},"author":{"name":"Web del Maestro CMF","@id":"https:\/\/webdelmaestrocmf.com\/portal\/#\/schema\/person\/1072a2ed7bd960df8ef99a551fa35dc5"},"headline":"Profesores no dan m\u00e1s: el 57% dice que siente un desgaste extremo por la crisis, tras cinco meses de educaci\u00f3n a distancia","datePublished":"2020-09-02T14:46:38+00:00","dateModified":"2020-09-02T21:40:53+00:00","mainEntityOfPage":{"@id":"https:\/\/webdelmaestrocmf.com\/portal\/profesores-no-dan-mas-el-57-dice-que-siente-un-desgaste-extremo-por-la-crisis\/"},"wordCount":960,"commentCount":2,"publisher":{"@id":"https:\/\/webdelmaestrocmf.com\/portal\/#organization"},"image":{"@id":"https:\/\/webdelmaestrocmf.com\/portal\/profesores-no-dan-mas-el-57-dice-que-siente-un-desgaste-extremo-por-la-crisis\/#primaryimage"},"thumbnailUrl":"https:\/\/webdelmaestrocmf.com\/portal\/wp-content\/uploads\/2020\/09\/1-16.jpg","keywords":["dan","DESGASTE","DOCENTES","ESTRESADOS","extremo por la crisis","m\u00e1s","profesores","siente"],"articleSection":["Docentes","Estr\u00e9s","Recursos"],"inLanguage":"es","potentialAction":[{"@type":"CommentAction","name":"Comment","target":["https:\/\/webdelmaestrocmf.com\/portal\/profesores-no-dan-mas-el-57-dice-que-siente-un-desgaste-extremo-por-la-crisis\/#respond"]}]},{"@type":"WebPage","@id":"https:\/\/webdelmaestrocmf.com\/portal\/profesores-no-dan-mas-el-57-dice-que-siente-un-desgaste-extremo-por-la-crisis\/","url":"https:\/\/webdelmaestrocmf.com\/portal\/profesores-no-dan-mas-el-57-dice-que-siente-un-desgaste-extremo-por-la-crisis\/","name":"Profesores no dan m\u00e1s: el 57% dice que siente un desgaste extremo por la crisis, tras cinco meses de educaci\u00f3n a distancia - 2026","isPartOf":{"@id":"https:\/\/webdelmaestrocmf.com\/portal\/#website"},"primaryImageOfPage":{"@id":"https:\/\/webdelmaestrocmf.com\/portal\/profesores-no-dan-mas-el-57-dice-que-siente-un-desgaste-extremo-por-la-crisis\/#primaryimage"},"image":{"@id":"https:\/\/webdelmaestrocmf.com\/portal\/profesores-no-dan-mas-el-57-dice-que-siente-un-desgaste-extremo-por-la-crisis\/#primaryimage"},"thumbnailUrl":"https:\/\/webdelmaestrocmf.com\/portal\/wp-content\/uploads\/2020\/09\/1-16.jpg","datePublished":"2020-09-02T14:46:38+00:00","dateModified":"2020-09-02T21:40:53+00:00","description":"Encuesta de la Fundaci\u00f3n Chile alerta que al menos 141 mil docentes est\u00e1n agotados tras cinco meses de educaci\u00f3n a distancia, en medio de...","breadcrumb":{"@id":"https:\/\/webdelmaestrocmf.com\/portal\/profesores-no-dan-mas-el-57-dice-que-siente-un-desgaste-extremo-por-la-crisis\/#breadcrumb"},"inLanguage":"es","potentialAction":[{"@type":"ReadAction","target":["https:\/\/webdelmaestrocmf.com\/portal\/profesores-no-dan-mas-el-57-dice-que-siente-un-desgaste-extremo-por-la-crisis\/"]}]},{"@type":"ImageObject","inLanguage":"es","@id":"https:\/\/webdelmaestrocmf.com\/portal\/profesores-no-dan-mas-el-57-dice-que-siente-un-desgaste-extremo-por-la-crisis\/#primaryimage","url":"https:\/\/webdelmaestrocmf.com\/portal\/wp-content\/uploads\/2020\/09\/1-16.jpg","contentUrl":"https:\/\/webdelmaestrocmf.com\/portal\/wp-content\/uploads\/2020\/09\/1-16.jpg","width":1100,"height":680},{"@type":"BreadcrumbList","@id":"https:\/\/webdelmaestrocmf.com\/portal\/profesores-no-dan-mas-el-57-dice-que-siente-un-desgaste-extremo-por-la-crisis\/#breadcrumb","itemListElement":[{"@type":"ListItem","position":1,"name":"Portada","item":"https:\/\/webdelmaestrocmf.com\/portal\/"},{"@type":"ListItem","position":2,"name":"Recursos","item":"https:\/\/webdelmaestrocmf.com\/portal\/category\/pedagogia\/"},{"@type":"ListItem","position":3,"name":"Profesores no dan m\u00e1s: el 57% dice que siente un desgaste extremo por la crisis, tras cinco meses de educaci\u00f3n a distancia"}]},{"@type":"WebSite","@id":"https:\/\/webdelmaestrocmf.com\/portal\/#website","url":"https:\/\/webdelmaestrocmf.com\/portal\/","name":"Web del Maestro CMF","description":"Maestros al servicio de la educaci\u00f3n","publisher":{"@id":"https:\/\/webdelmaestrocmf.com\/portal\/#organization"},"alternateName":"WMCMF","potentialAction":[{"@type":"SearchAction","target":{"@type":"EntryPoint","urlTemplate":"https:\/\/webdelmaestrocmf.com\/portal\/?s={search_term_string}"},"query-input":{"@type":"PropertyValueSpecification","valueRequired":true,"valueName":"search_term_string"}}],"inLanguage":"es"},{"@type":"Organization","@id":"https:\/\/webdelmaestrocmf.com\/portal\/#organization","name":"Web del Maestro CMF","alternateName":"WMCMF","url":"https:\/\/webdelmaestrocmf.com\/portal\/","logo":{"@type":"ImageObject","inLanguage":"es","@id":"https:\/\/webdelmaestrocmf.com\/portal\/#\/schema\/logo\/image\/","url":"https:\/\/webdelmaestrocmf.com\/portal\/wp-content\/uploads\/2023\/01\/logo-wmcmf-2.png","contentUrl":"https:\/\/webdelmaestrocmf.com\/portal\/wp-content\/uploads\/2023\/01\/logo-wmcmf-2.png","width":200,"height":60,"caption":"Web del Maestro CMF"},"image":{"@id":"https:\/\/webdelmaestrocmf.com\/portal\/#\/schema\/logo\/image\/"},"sameAs":["https:\/\/www.facebook.com\/WebdelMaestroCMF\/","https:\/\/x.com\/cmf_w","https:\/\/www.pinterest.com\/WMCMF\/","https:\/\/www.linkedin.com\/company\/web-del-maestro-cmf\/","https:\/\/www.instagram.com\/wmcmf\/","https:\/\/www.youtube.com\/channel\/UCDPSvjbdodE5sHnC3OxutHw","https:\/\/mastodon.social\/@wmcmf","https:\/\/www.tiktok.com\/@webdelmaestrocmf"]},{"@type":"Person","@id":"https:\/\/webdelmaestrocmf.com\/portal\/#\/schema\/person\/1072a2ed7bd960df8ef99a551fa35dc5","name":"Web del Maestro CMF","image":{"@type":"ImageObject","inLanguage":"es","@id":"https:\/\/secure.gravatar.com\/avatar\/23291dd5b5ae1077dcff3dbb04c3e02bd28403fa75af6d8787d5e97c5bbbe30b?s=96&d=mm&r=g","url":"https:\/\/secure.gravatar.com\/avatar\/23291dd5b5ae1077dcff3dbb04c3e02bd28403fa75af6d8787d5e97c5bbbe30b?s=96&d=mm&r=g","contentUrl":"https:\/\/secure.gravatar.com\/avatar\/23291dd5b5ae1077dcff3dbb04c3e02bd28403fa75af6d8787d5e97c5bbbe30b?s=96&d=mm&r=g","caption":"Web del Maestro CMF"},"description":"Esta Web se cre\u00f3 sin fines de lucro, con fines educativos, cient\u00edficos y acad\u00e9micos, para personas que tengan dificultades y\/o inconvenientes en visualizar el material original. El objetivo es entregar recursos, compartir experiencias y materiales que ayuden a los padres de familia, maestros y estudiantes en su actualizaci\u00f3n y formaci\u00f3n permanente, en bien de la Educaci\u00f3n.","sameAs":["http:\/\/webdelmaestrocmf.com\/portal","https:\/\/www.facebook.com\/WebdelMaestroCMF\/","https:\/\/www.instagram.com\/wmcmf\/","https:\/\/cl.linkedin.com\/company\/web-del-maestro-cmf","https:\/\/www.pinterest.com\/WMCMF\/publicaciones\/","https:\/\/x.com\/cmf_w","https:\/\/www.youtube.com\/@WMCMF"]}]}},"jetpack_featured_media_url":"https:\/\/webdelmaestrocmf.com\/portal\/wp-content\/uploads\/2020\/09\/1-16.jpg","jetpack_sharing_enabled":true,"jetpack-related-posts":[{"id":114629,"url":"https:\/\/webdelmaestrocmf.com\/portal\/estudio-revela-preocupante-nivel-de-agotamiento-tanto-fisico-como-mental-de-los-docentes-al-terminar-el-ano-academico\/","url_meta":{"origin":50791,"position":0},"title":"Estudio revela preocupante nivel de agotamiento, tanto f\u00edsico como mental, de los docentes al terminar el a\u00f1o acad\u00e9mico","author":"Web del Maestro CMF","date":"7 enero, 2026","format":false,"excerpt":"Un estudio en Chile advierte que muchos docentes terminan el a\u00f1o escolar con severo agotamiento f\u00edsico y mental por exigencias laborales constantes.","rel":"","context":"En \u00abBienestar docente\u00bb","block_context":{"text":"Bienestar docente","link":"https:\/\/webdelmaestrocmf.com\/portal\/category\/pedagogia\/bienestar-docente\/"},"img":{"alt_text":"","src":"https:\/\/i0.wp.com\/webdelmaestrocmf.com\/portal\/wp-content\/uploads\/2026\/01\/1A-Banner-1-portada-imagen-10-1-copia-5-2.webp?resize=350%2C200&ssl=1","width":350,"height":200,"srcset":"https:\/\/i0.wp.com\/webdelmaestrocmf.com\/portal\/wp-content\/uploads\/2026\/01\/1A-Banner-1-portada-imagen-10-1-copia-5-2.webp?resize=350%2C200&ssl=1 1x, https:\/\/i0.wp.com\/webdelmaestrocmf.com\/portal\/wp-content\/uploads\/2026\/01\/1A-Banner-1-portada-imagen-10-1-copia-5-2.webp?resize=525%2C300&ssl=1 1.5x, https:\/\/i0.wp.com\/webdelmaestrocmf.com\/portal\/wp-content\/uploads\/2026\/01\/1A-Banner-1-portada-imagen-10-1-copia-5-2.webp?resize=700%2C400&ssl=1 2x"},"classes":[]},{"id":115422,"url":"https:\/\/webdelmaestrocmf.com\/portal\/la-salud-mental-del-profesorado-en-crisis-una-vocacion-bajo-presion\/","url_meta":{"origin":50791,"position":1},"title":"La salud mental del profesorado en crisis: una vocaci\u00f3n bajo presi\u00f3n","author":"Web del Maestro CMF","date":"17 febrero, 2026","format":false,"excerpt":"Uno de cada cinco docentes de Secundaria se plantea abandonar la ense\u00f1anza por estr\u00e9s, burocracia, falta de apoyo institucional y desgaste emocional.","rel":"","context":"En \u00abBienestar docente\u00bb","block_context":{"text":"Bienestar docente","link":"https:\/\/webdelmaestrocmf.com\/portal\/category\/pedagogia\/bienestar-docente\/"},"img":{"alt_text":"","src":"https:\/\/i0.wp.com\/webdelmaestrocmf.com\/portal\/wp-content\/uploads\/2026\/02\/1A-Banner-1-portada-imagen-10-1-copia-1-5.webp?resize=350%2C200&ssl=1","width":350,"height":200,"srcset":"https:\/\/i0.wp.com\/webdelmaestrocmf.com\/portal\/wp-content\/uploads\/2026\/02\/1A-Banner-1-portada-imagen-10-1-copia-1-5.webp?resize=350%2C200&ssl=1 1x, https:\/\/i0.wp.com\/webdelmaestrocmf.com\/portal\/wp-content\/uploads\/2026\/02\/1A-Banner-1-portada-imagen-10-1-copia-1-5.webp?resize=525%2C300&ssl=1 1.5x, https:\/\/i0.wp.com\/webdelmaestrocmf.com\/portal\/wp-content\/uploads\/2026\/02\/1A-Banner-1-portada-imagen-10-1-copia-1-5.webp?resize=700%2C400&ssl=1 2x"},"classes":[]},{"id":113885,"url":"https:\/\/webdelmaestrocmf.com\/portal\/la-denuncia-de-una-profesora-en-tiktok-reabre-un-debate-urgente-el-respeto-perdido-en-las-aulas\/","url_meta":{"origin":50791,"position":2},"title":"Profesora denuncia la falta de respeto en las aulas: \u201cNo hay manera de hablar, no escuchan\u201d","author":"Web del Maestro CMF","date":"8 diciembre, 2025","format":false,"excerpt":"Una profesora expone en TikTok el desgaste docente y la falta de respeto en las aulas, desatando un debate urgente sobre la convivencia escolar.","rel":"","context":"En \u00abNoticias Internacionales\u00bb","block_context":{"text":"Noticias Internacionales","link":"https:\/\/webdelmaestrocmf.com\/portal\/category\/noticias-internacionales\/"},"img":{"alt_text":"","src":"https:\/\/i0.wp.com\/webdelmaestrocmf.com\/portal\/wp-content\/uploads\/2025\/12\/1A-Banner-1-portada-imagen-10-1-copia-9.webp?resize=350%2C200&ssl=1","width":350,"height":200,"srcset":"https:\/\/i0.wp.com\/webdelmaestrocmf.com\/portal\/wp-content\/uploads\/2025\/12\/1A-Banner-1-portada-imagen-10-1-copia-9.webp?resize=350%2C200&ssl=1 1x, https:\/\/i0.wp.com\/webdelmaestrocmf.com\/portal\/wp-content\/uploads\/2025\/12\/1A-Banner-1-portada-imagen-10-1-copia-9.webp?resize=525%2C300&ssl=1 1.5x, https:\/\/i0.wp.com\/webdelmaestrocmf.com\/portal\/wp-content\/uploads\/2025\/12\/1A-Banner-1-portada-imagen-10-1-copia-9.webp?resize=700%2C400&ssl=1 2x"},"classes":[]},{"id":116706,"url":"https:\/\/webdelmaestrocmf.com\/portal\/docentes-mueren-en-pleno-ejercicio-laboral-el-desgaste-invisible-que-el-sistema-sigue-ignorando\/","url_meta":{"origin":50791,"position":3},"title":"Docentes mueren en pleno ejercicio laboral: el desgaste invisible que el sistema sigue ignorando","author":"Web del Maestro CMF","date":"20 marzo, 2026","format":false,"excerpt":"Dos docentes fallecen en plena jornada laboral, evidenciando el impacto del estr\u00e9s y la sobrecarga. El desgaste docente ya no es invisible: es urgente atender la salud f\u00edsica y emocional.","rel":"","context":"En \u00abNoticias Internacionales\u00bb","block_context":{"text":"Noticias Internacionales","link":"https:\/\/webdelmaestrocmf.com\/portal\/category\/noticias-internacionales\/"},"img":{"alt_text":"","src":"https:\/\/i0.wp.com\/webdelmaestrocmf.com\/portal\/wp-content\/uploads\/2026\/03\/1AA-Banner-1-portada-imagen-10-1-copia-2-6.webp?resize=350%2C200&ssl=1","width":350,"height":200,"srcset":"https:\/\/i0.wp.com\/webdelmaestrocmf.com\/portal\/wp-content\/uploads\/2026\/03\/1AA-Banner-1-portada-imagen-10-1-copia-2-6.webp?resize=350%2C200&ssl=1 1x, https:\/\/i0.wp.com\/webdelmaestrocmf.com\/portal\/wp-content\/uploads\/2026\/03\/1AA-Banner-1-portada-imagen-10-1-copia-2-6.webp?resize=525%2C300&ssl=1 1.5x, https:\/\/i0.wp.com\/webdelmaestrocmf.com\/portal\/wp-content\/uploads\/2026\/03\/1AA-Banner-1-portada-imagen-10-1-copia-2-6.webp?resize=700%2C400&ssl=1 2x, https:\/\/i0.wp.com\/webdelmaestrocmf.com\/portal\/wp-content\/uploads\/2026\/03\/1AA-Banner-1-portada-imagen-10-1-copia-2-6.webp?resize=1050%2C600&ssl=1 3x"},"classes":[]},{"id":10230,"url":"https:\/\/webdelmaestrocmf.com\/portal\/consecuencias-del-burnout-o-sindrome-del-desgaste-profesional-en-la-docencia\/","url_meta":{"origin":50791,"position":4},"title":"Consecuencias del burnout o desgaste profesional en la docencia","author":"Web del Maestro CMF","date":"7 noviembre, 2016","format":false,"excerpt":"El S\u00edndrome de Burnout (tambi\u00e9n llamado simplemente \"Burnout\" o \"s\u00edndrome del trabajador quemado\") es un tipo de estr\u00e9s laboral, de car\u00e1cter cr\u00f3nico. En el caso de la docencia y el desgaste profesional del educador, se presenta cuando una serie de situaciones o problem\u00e1ticas socioeducativas afectan su actividad en los colegios\u2026","rel":"","context":"En \u00abBurnout o Agotamiento\u00bb","block_context":{"text":"Burnout o Agotamiento","link":"https:\/\/webdelmaestrocmf.com\/portal\/category\/pedagogia\/burnout-o-agotamiento\/"},"img":{"alt_text":"","src":"https:\/\/i0.wp.com\/webdelmaestrocmf.com\/portal\/wp-content\/uploads\/2016\/11\/A12B3C4D-7.jpg?resize=350%2C200&ssl=1","width":350,"height":200,"srcset":"https:\/\/i0.wp.com\/webdelmaestrocmf.com\/portal\/wp-content\/uploads\/2016\/11\/A12B3C4D-7.jpg?resize=350%2C200&ssl=1 1x, https:\/\/i0.wp.com\/webdelmaestrocmf.com\/portal\/wp-content\/uploads\/2016\/11\/A12B3C4D-7.jpg?resize=525%2C300&ssl=1 1.5x, https:\/\/i0.wp.com\/webdelmaestrocmf.com\/portal\/wp-content\/uploads\/2016\/11\/A12B3C4D-7.jpg?resize=700%2C400&ssl=1 2x"},"classes":[]},{"id":115057,"url":"https:\/\/webdelmaestrocmf.com\/portal\/uno-de-cada-cinco-docentes-de-secundaria-se-plantea-abandonar-la-profesion\/","url_meta":{"origin":50791,"position":5},"title":"Uno de cada cinco docentes de Secundaria se plantea abandonar la profesi\u00f3n","author":"Web del Maestro CMF","date":"30 enero, 2026","format":false,"excerpt":"Uno de cada cinco docentes de Secundaria piensa abandonar la docencia por estr\u00e9s, burocracia, falta de tiempo y aulas complejas.","rel":"","context":"En \u00abNoticias Internacionales\u00bb","block_context":{"text":"Noticias Internacionales","link":"https:\/\/webdelmaestrocmf.com\/portal\/category\/noticias-internacionales\/"},"img":{"alt_text":"","src":"https:\/\/i0.wp.com\/webdelmaestrocmf.com\/portal\/wp-content\/uploads\/2026\/01\/1A-Banner-1-portada-imagen-10-1-copia-4.jpg?resize=350%2C200&ssl=1","width":350,"height":200,"srcset":"https:\/\/i0.wp.com\/webdelmaestrocmf.com\/portal\/wp-content\/uploads\/2026\/01\/1A-Banner-1-portada-imagen-10-1-copia-4.jpg?resize=350%2C200&ssl=1 1x, https:\/\/i0.wp.com\/webdelmaestrocmf.com\/portal\/wp-content\/uploads\/2026\/01\/1A-Banner-1-portada-imagen-10-1-copia-4.jpg?resize=525%2C300&ssl=1 1.5x, https:\/\/i0.wp.com\/webdelmaestrocmf.com\/portal\/wp-content\/uploads\/2026\/01\/1A-Banner-1-portada-imagen-10-1-copia-4.jpg?resize=700%2C400&ssl=1 2x"},"classes":[]}],"_links":{"self":[{"href":"https:\/\/webdelmaestrocmf.com\/portal\/wp-json\/wp\/v2\/posts\/50791","targetHints":{"allow":["GET"]}}],"collection":[{"href":"https:\/\/webdelmaestrocmf.com\/portal\/wp-json\/wp\/v2\/posts"}],"about":[{"href":"https:\/\/webdelmaestrocmf.com\/portal\/wp-json\/wp\/v2\/types\/post"}],"author":[{"embeddable":true,"href":"https:\/\/webdelmaestrocmf.com\/portal\/wp-json\/wp\/v2\/users\/1"}],"replies":[{"embeddable":true,"href":"https:\/\/webdelmaestrocmf.com\/portal\/wp-json\/wp\/v2\/comments?post=50791"}],"version-history":[{"count":0,"href":"https:\/\/webdelmaestrocmf.com\/portal\/wp-json\/wp\/v2\/posts\/50791\/revisions"}],"wp:featuredmedia":[{"embeddable":true,"href":"https:\/\/webdelmaestrocmf.com\/portal\/wp-json\/wp\/v2\/media\/50793"}],"wp:attachment":[{"href":"https:\/\/webdelmaestrocmf.com\/portal\/wp-json\/wp\/v2\/media?parent=50791"}],"wp:term":[{"taxonomy":"category","embeddable":true,"href":"https:\/\/webdelmaestrocmf.com\/portal\/wp-json\/wp\/v2\/categories?post=50791"},{"taxonomy":"post_tag","embeddable":true,"href":"https:\/\/webdelmaestrocmf.com\/portal\/wp-json\/wp\/v2\/tags?post=50791"}],"curies":[{"name":"wp","href":"https:\/\/api.w.org\/{rel}","templated":true}]}}