{"id":50754,"date":"2020-09-01T19:02:59","date_gmt":"2020-09-01T23:02:59","guid":{"rendered":"https:\/\/webdelmaestrocmf.com\/portal\/?p=50754"},"modified":"2020-09-29T22:58:13","modified_gmt":"2020-09-30T01:58:13","slug":"maria-montessori-que-nos-diria-a-los-maestros-que-estamos-en-la-crisis-del-covid-19","status":"publish","type":"post","link":"https:\/\/webdelmaestrocmf.com\/portal\/maria-montessori-que-nos-diria-a-los-maestros-que-estamos-en-la-crisis-del-covid-19\/","title":{"rendered":"Mar\u00eda Montessori: \u00bfQu\u00e9 nos dir\u00eda a los maestros que estamos en la crisis del Covid 19?"},"content":{"rendered":"<h5 style=\"text-align: justify;\">Mar\u00eda Montessori (1870), excelente referente para quienes estamos en la el mundo de la educaci\u00f3n por su creatividad, fuerza interior, resiliencia y amor por educar. En este 2020 celebramos 150 a\u00f1os de su nacimiento en Chiaravalle, Ancona, Italia, y agradecemos nos haya dejado <strong>una filosof\u00eda de la educaci\u00f3n<\/strong> tan humana e inspiradora. Sus escritos sobre pedagog\u00eda cient\u00edfica nos ofrecen <strong>una corriente pedag\u00f3gica apoyada en seis principios b\u00e1sicos<\/strong>: autonom\u00eda, independencia, capacidad para elegir, autodisciplina, voluntad e iniciativa, que partiendo de la premisa <strong>que todos los ni\u00f1os<\/strong>,<strong> gracias a su curiosidad y creatividad pod\u00edan actuar y pensar por s\u00ed mismos<\/strong>, sin depender constantemente de los adultos. Ella logr\u00f3 ense\u00f1ar a leer y escribir a varios ni\u00f1os de los asilos romanos, con trastornos severos de aprendizaje, que los <strong>present\u00f3 en una escuela p\u00fablica<\/strong> para un examen junto con ni\u00f1os normales, logrando que aprobaran el examen con \u00e9xito. \u201cEn pos de ello, <strong>revolucion\u00f3 los par\u00e1metros educativos existentes hasta ese momento,<\/strong> ideando nuevos materiales did\u00e1cticos basados en el principio de autocorrecci\u00f3n. Adem\u00e1s, incorpor\u00f3 un concepto insospechado hasta la fecha, el estado f\u00edsico del ni\u00f1o\u201d. <a href=\"https:\/\/www.lavanguardia.com\/hemeroteca\/20200830\/483204920864\/maria-montessori-pedagogia-educacion-metodos-educativos.html\" target=\"_blank\" rel=\"noopener noreferrer\"><strong>MAR\u00cdA MONTESSORI Y SUS DIEZ MANDAMIENTOS PARA EDUCAR A NUESTROS HIJOS<\/strong><\/a><\/h5>\n<p><!--more--><\/p>\n<p style=\"text-align: justify;\">\u201cPero Mar\u00eda, adem\u00e1s de una pedagoga revolucionaria, <strong>fue una rompedora de techos de cristal, una pionera del feminismo y una luchadora en favor de los desfavorecidos.<\/strong> Con 16 a\u00f1os, en el \u00faltimo cuarto del siglo XIX, asisti\u00f3 a una escuela t\u00e9cnica a la que solo iban chicos porque quer\u00eda ser ingeniera y diez a\u00f1os despu\u00e9s se convirti\u00f3 en una de las tres primeras licenciadas en Medicina italianas. Defendi\u00f3 la emancipaci\u00f3n y el sufragio femenino, el amor libre y la igualdad laboral entre hombres y mujeres como delegada en los congresos femeninos internacionales de Berl\u00edn y Londres &#8230; [&#8230;]\u00a0\u00ab<strong>Era un genio, y los genios raramente son f\u00e1ciles<\/strong>. Era autoritaria, estaba convencida de que Dios le hab\u00eda confiado una misi\u00f3n, y era muy oportunista a la hora de buscar apoyos en cualquier parte\u00bb. Recibi\u00f3 tres nominaciones al Premio Nobel de la Paz, pero \u2013 seg\u00fan especialistas- por su apoyo al fascismo de Mussolini, se lo negaron. Fue condecorada con la Legi\u00f3n de Honor de Francia y recibi\u00f3 el doctorado Honoris Causa por la Universidad de \u00c1msterdam. cf <a href=\"https:\/\/www.hoy.es\/sociedad\/educacion\/nino-maestro-20200829193215-ntrc.html?ref=https:%2F%2Fwww.hoy.es%2Fsociedad%2Feducacion%2Fnino-maestro-20200829193215-ntrc.html\" target=\"_blank\" rel=\"noopener noreferrer\"><strong>CUANDO EL NI\u00d1O ES EL MAESTRO<\/strong><\/a><\/p>\n<h5 style=\"text-align: justify;\"><strong>EL MAESTRO ES EL NI\u00d1O (TRAILER)\u00a0<\/strong>(01\u00b437\u201d)<\/h5>\n<p style=\"text-align: justify;\"><iframe loading=\"lazy\" src=\"https:\/\/www.youtube.com\/embed\/3_B1V45kRIU\" width=\"100%\" height=\"400\" frameborder=\"0\" allowfullscreen=\"allowfullscreen\"><span data-mce-type=\"bookmark\" style=\"display: inline-block; width: 0px; overflow: hidden; line-height: 0;\" class=\"mce_SELRES_start\">\ufeff<\/span><\/iframe><\/p>\n<p style=\"text-align: justify;\">Fue en el barrio de san Lorenzo en Roma, la zona sureste de la capital, entre los Muros Aurelianos y el Cementerio de Verano, uno de los m\u00e1s pobres, donde la reci\u00e9n licenciada en medicina Mar\u00eda Montessori, fund\u00f3 su primera escuela. De esa experiencia nos ha dejado una\u00a0 pedagog\u00eda que se motiv\u00f3 ense\u00f1ando a <strong>ni\u00f1os <\/strong><strong>excluidos, marginados, <\/strong><strong>\u00abineducables\u00bb,<\/strong> quienes jugando con las migajas de la comida -porque no hab\u00eda ning\u00fan objeto m\u00e1s en el sitio-, lograron, con la maestra Montessori, cultivar su inteligencia y personalidad.<\/p>\n<p style=\"text-align: justify;\">Parad\u00f3jicamente hoy, en el Siglo XXI, <strong>una buena cantidad de centros educativos con su nombre y su metodolog\u00eda, son <\/strong><strong>\u201cexclusivamente\u201d <\/strong><strong>para ni\u00f1os cuyos padres pueden pagar altas sumas de dinero<\/strong>. Su m\u00e9todo pensado para la inclusi\u00f3n, para ayudar a los ni\u00f1os con dificultad, se ha convertido en un m\u00e9todo para los hijos de ricos, en \u201calguna de las 65.000 escuelas montessori que se cuentan en el mundo y reciban una educaci\u00f3n exclusiva y, sin duda, mucho mejor que la tradicional\u201d; aunque vale la pena resaltar que en algunos \u201cpa\u00edses en v\u00edas de desarrollo se emplea el M\u00e9todo Montessori para ayudar por ejemplo a los ni\u00f1os que han vivido guerras\u201d. <a href=\"https:\/\/www.bbc.com\/mundo\/noticias-53949706\" target=\"_blank\" rel=\"noopener noreferrer\"><strong>M\u00c9TODO MONTESSORI: LA PARAD\u00d3JICA VIDA DE MARIA MONTESSORI, LA CREADORA DE UN M\u00c9TODO EDUCATIVO PARA NI\u00d1OS DESFAVORECIDOS QUE TERMIN\u00d3 CONVERTIDO EN UN SISTEMA PARA RICOS<\/strong><\/a><\/p>\n<p style=\"text-align: justify;\">Les recomendamos esta publicaci\u00f3n anterior: <a href=\"https:\/\/webdelmaestrocmf.com\/portal\/maria-montessori-pelicula-que-todo-educador-y-estudiante-de-educacion-tendria-que-ver\/\" target=\"_blank\" rel=\"noopener noreferrer\"><strong>MAR\u00cdA MONTESSORI: UNA PEL\u00cdCULA QUE TODO EDUCADOR Y ESTUDIANTE DE EDUCACI\u00d3N TENDR\u00cdA QUE VER<\/strong><\/a><\/p>\n<p style=\"text-align: justify;\"><strong>El ni\u00f1o es el maestro<\/strong> (Lumen), escrito por Cristina De Stefano (1967) periodista y agente literaria, hace una lectura biogr\u00e1fica de Mar\u00eda Montessori, describi\u00e9ndola as\u00ed: \u00ab<strong>Sigmund Freud descubri\u00f3 el inconsciente, Albert Einstein la relatividad y Mar\u00eda Montessori, al ni\u00f1o<\/strong>\u201d. En este libro se detalla la vida y las sombras de una mujer cuyo pensamiento inaugur\u00f3 una nueva \u00e9poca, y muchas de las cosas que hoy damos por descontadas -el respeto a los ni\u00f1os, la escuela democr\u00e1tica, el parto dulce- son resultado de sus ideas\u201d. El peri\u00f3dico digital \u201cEl Espa\u00f1ol\u201d, (28\/08\/2020), de Pedro J. Ram\u00edrez, publica <strong>la entrevista de Lorena G. Maldonado, jefa de la Secci\u00f3n Cultural y columnista, con Cristina De Stefano<\/strong>, quien responde, sobre la personalidad de la pedagoga italiana y cu\u00e1les ser\u00edan sus respuestas ante <strong>el cierre de las escuelas, a causa de la pandemia del Covid 19<\/strong>, que ha perjudicado las actividades educativas tradicionales.<\/p>\n<p style=\"text-align: justify;\">Nos hemos permitido, por motivos \u00fanicamente educativos, y de formaci\u00f3n permanente, compartir fragmentos de la entrevista, cuyos resaltados y letras cursivas son nuestras. Les sugerimos leer la publicaci\u00f3n completa en el enlace que indicamos al final de este art\u00edculo.<\/p>\n<h5 style=\"text-align: left;\"><strong>LORENA MALDONADO: <\/strong><strong>\u00bfpodemos decir que Montessori era anarquista?<\/strong><\/h5>\n<p style=\"text-align: justify;\"><strong>CRISTINA DE STEFANO:<\/strong> \u201cEs una pregunta eterna: <strong>Montessori y la libertad<\/strong>. Los anarquistas apreciaban mucho su trabajo al principio, pero despu\u00e9s la acusaron de ser demasiado autoritaria. <strong>Ella cre\u00eda en la libertad como algo que nace desde dentro del ni\u00f1o, no algo que se pueda imponer desde el exterior<\/strong>. Su visi\u00f3n de la libertad no era \u2018dejemos que los ni\u00f1os hagan lo que les d\u00e9 la gana\u2019: era libertaria dentro de una organizaci\u00f3n muy clara y precisa. Era ordenada, muy cient\u00edfica. Hab\u00eda demostrado que <strong>cuando el ni\u00f1o se encontraba dentro de una serie de condiciones se convert\u00eda en alguien libremente ordenado o libremente tranquilo<\/strong>. [&#8230;]\u00a0invitaba a los profesores a <strong>observar al ni\u00f1o.<\/strong> Eso requiere un gran trabajo por parte del maestro, por eso es tan dif\u00edcil que se implemente completamente en la escuela su m\u00e9todo. <strong>Requiere de observaci\u00f3n cient\u00edfica<\/strong>, casi de psicoan\u00e1lisis. Cada ni\u00f1o tiene su manera de estar en clase\u201d.<\/p>\n<p><a href=\"https:\/\/webdelmaestrocmf.com\/portal\/wp-content\/uploads\/2020\/09\/2.jpg\"><img loading=\"lazy\" decoding=\"async\" class=\"alignnone size-full wp-image-50756\" src=\"https:\/\/webdelmaestrocmf.com\/portal\/wp-content\/uploads\/2020\/09\/2.jpg\" alt=\"\" width=\"1477\" height=\"2560\" srcset=\"https:\/\/webdelmaestrocmf.com\/portal\/wp-content\/uploads\/2020\/09\/2.jpg 1477w, https:\/\/webdelmaestrocmf.com\/portal\/wp-content\/uploads\/2020\/09\/2-173x300.jpg 173w, https:\/\/webdelmaestrocmf.com\/portal\/wp-content\/uploads\/2020\/09\/2-591x1024.jpg 591w, https:\/\/webdelmaestrocmf.com\/portal\/wp-content\/uploads\/2020\/09\/2-768x1331.jpg 768w, https:\/\/webdelmaestrocmf.com\/portal\/wp-content\/uploads\/2020\/09\/2-886x1536.jpg 886w, https:\/\/webdelmaestrocmf.com\/portal\/wp-content\/uploads\/2020\/09\/2-1182x2048.jpg 1182w, https:\/\/webdelmaestrocmf.com\/portal\/wp-content\/uploads\/2020\/09\/2-110x191.jpg 110w, https:\/\/webdelmaestrocmf.com\/portal\/wp-content\/uploads\/2020\/09\/2-200x347.jpg 200w, https:\/\/webdelmaestrocmf.com\/portal\/wp-content\/uploads\/2020\/09\/2-380x659.jpg 380w, https:\/\/webdelmaestrocmf.com\/portal\/wp-content\/uploads\/2020\/09\/2-255x442.jpg 255w, https:\/\/webdelmaestrocmf.com\/portal\/wp-content\/uploads\/2020\/09\/2-300x520.jpg 300w, https:\/\/webdelmaestrocmf.com\/portal\/wp-content\/uploads\/2020\/09\/2-550x953.jpg 550w, https:\/\/webdelmaestrocmf.com\/portal\/wp-content\/uploads\/2020\/09\/2-800x1387.jpg 800w, https:\/\/webdelmaestrocmf.com\/portal\/wp-content\/uploads\/2020\/09\/2-1160x2011.jpg 1160w, https:\/\/webdelmaestrocmf.com\/portal\/wp-content\/uploads\/2020\/09\/2-220x381.jpg 220w, https:\/\/webdelmaestrocmf.com\/portal\/wp-content\/uploads\/2020\/09\/2-400x693.jpg 400w, https:\/\/webdelmaestrocmf.com\/portal\/wp-content\/uploads\/2020\/09\/2-760x1317.jpg 760w, https:\/\/webdelmaestrocmf.com\/portal\/wp-content\/uploads\/2020\/09\/2-510x884.jpg 510w, https:\/\/webdelmaestrocmf.com\/portal\/wp-content\/uploads\/2020\/09\/2-600x1040.jpg 600w, https:\/\/webdelmaestrocmf.com\/portal\/wp-content\/uploads\/2020\/09\/2-1100x1907.jpg 1100w, https:\/\/webdelmaestrocmf.com\/portal\/wp-content\/uploads\/2020\/09\/2-346x600.jpg 346w\" sizes=\"auto, (max-width: 1477px) 100vw, 1477px\" \/><\/a><\/p>\n<h5 style=\"text-align: left;\"><strong>LORENA MALDONADO: \u00bfEso quiere decir que s\u00f3lo se puede aplicar su trabajo en grupos reducidos? Justo una de las grandes problem\u00e1ticas que aparecen ahora con la educaci\u00f3n en la era de la Covid-19.<\/strong><\/h5>\n<p style=\"text-align: justify;\"><strong>CRISTINA DE STEFANO:<\/strong> \u201c[&#8230;] Si tienes un profesor Montessori, puedes tener cincuenta ni\u00f1os solos <strong>con un adulto que no intervenga mucho<\/strong>. La clase Montessori puede ser numerosa si se trabaja bien y desde el principio de la educaci\u00f3n del cr\u00edo.\u00a0 [&#8230;]\u00a0se usa un solo ejemplar para toda la clase<strong>, hay muy poco material did\u00e1ctico, porque ella quer\u00eda que los ni\u00f1os aprendieran a esperar para utilizar el material. <\/strong>[&#8230;] Te hace incluso ahorrar dinero, porque el material es eterno. Una cosa m\u00e1s: <strong>las clases pod\u00edan ser de distintas edades<\/strong>, ella confiaba en mezclar a ni\u00f1os de seis con los de ocho, por ejemplo, como en las familias\u201d.<\/p>\n<h5 style=\"text-align: left;\"><strong>LORENA MALDONADO: \u00bfCree que hoy Montessori estar\u00eda a favor de la educaci\u00f3n no presencial, en este contexto de pandemia? \u00bfSe puede ense\u00f1ar a distancia?<\/strong><\/h5>\n<p style=\"text-align: justify;\"><strong>CRISTINA DE STEFANO:<\/strong> \u201c[&#8230;] una educaci\u00f3n Montessori aplicada desde el principio <strong>ser\u00eda muy \u00fatil en estos tiempos<\/strong>, porque educa a <strong>ni\u00f1os muy activos que saben ser aut\u00f3nomos y trabajar por su cuenta<\/strong>. Claro que <strong>la did\u00e1ctica a distancia es un desastre, es una complicaci\u00f3n para una escuela normal,<\/strong> pero la Montessori cr\u00eda ni\u00f1os que saben utilizar su material, que saben ejercer su libertad con responsabilidad. Un ni\u00f1o as\u00ed <strong>puede estudiar en su casa y aprender a mucha m\u00e1s velocidad<\/strong> que un alumno que ha trabajado de una forma mucho m\u00e1s pasiva, m\u00e1s centrada en las \u00f3rdenes del profesor\u201d.<\/p>\n<p style=\"text-align: justify;\">Art\u00edculo relacionado: <a href=\"https:\/\/webdelmaestrocmf.com\/portal\/consejos-de-maria-montessori-a-los-padres-de-familia\/\" target=\"_blank\" rel=\"noopener noreferrer\"><strong>CONSEJOS DE MAR\u00cdA MONTESSORI A LOS PADRES DE FAMILIA<\/strong><\/a><\/p>\n<h5 style=\"text-align: justify;\"><strong>LORENA MALDONADO: \u00bfQu\u00e9 m\u00e1s recomendar\u00eda ella hoy?<\/strong><\/h5>\n<p style=\"text-align: justify;\"><strong>CRISTINA DE STEFANO:<\/strong> \u201cEsta crisis ha demostrado que <strong>la escuela no est\u00e1 entre las prioridades de los Gobiernos<\/strong>: se piensa antes en abrir las discotecas que en estudiar las posibilidades de un colegio. Yo <strong>espero que esta crisis ayude a transformar de manera positiva las escuelas.<\/strong> [&#8230;]\u00a0<strong>Hay que repensar los espacios de la escuela<\/strong>: eso ser\u00eda lo deseable para Montessori hoy. Las escuelas no deben ser lugares donde aparcar a los ni\u00f1os mientras los padres est\u00e1n en la oficina\u201d.<\/p>\n<p style=\"text-align: justify;\">La entrevista completa la encuentra en este enlace:<a href=\"https:\/\/www.elespanol.com\/cultura\/20200828\/metodo-revolucionaria-montessori-predijo-vuelta-cole-covid\/516199714_0.html\" target=\"_blank\" rel=\"noopener noreferrer\"><strong> EL M\u00c9TODO DE LA REVOLUCIONARIA MONTESSORI YA LO PREDIJO: AS\u00cd SER\u00cdA SU VUELTA AL COLE TRAS LA COVID<\/strong><\/a><\/p>\n<p style=\"text-align: center;\">\u201c&#8217;El ni\u00f1o, guiado por un maestro interior trabaja infatigablemente con alegr\u00eda para construir al hombre. Nosotros educadores, solo podemos ayudar. As\u00ed daremos testimonio del nacimiento del hombre nuevo\u201d.<\/p>\n<p style=\"text-align: right;\"><strong>REDACCI\u00d3N WEB DEL MAESTRO CMF<\/strong><\/p>\n<p style=\"text-align: center;\">Recomendamos a la Comunidad Educativa Digital tener en cuenta que, el enlace y\/o la carpeta en donde est\u00e1n alojados los libros, recursos y\/o materiales, no es administrado por la Web del Maestro CMF, pueda ser que en cuesti\u00f3n de d\u00edas (o seg\u00fan el tiempo transcurrido desde su publicaci\u00f3n), los enlaces no funcionen y el material ya no se encuentre disponible. Gracias por su comprensi\u00f3n.<\/p>\n<h3>ENLACE DE LECTURA:<\/h3>\n<p style=\"text-align: center;\">\u00a1Comparte y as\u00ed m\u00e1s docentes utilizar\u00e1n estos recursos\u00a0gratis! Muchas gracias.<\/p>\n<p style=\"text-align: center;\"><strong>LECTURA 1: <span style=\"color: #000000;\"><a style=\"color: #000000;\" href=\"https:\/\/webdelmaestrocmf.com\/portal\/wp-content\/uploads\/2020\/09\/2.jpg\" target=\"_blank\" rel=\"noopener noreferrer\">VEA LA INFOGRAF\u00cdA COMPLETA SOBRE LA EDUCACI\u00d3N ALTERNATIVA POR DENTRO\u00a0<\/a><\/span><\/strong><\/p>\n\t\t<div class=\"pk-inline-posts\">\n\t\t\t\n\t\t\t<div class=\"pk-inline-posts-container pk-inline-posts-template-list\"\n\t\t\t\tdata-columns=\"1\">\n\t\t\t\t\t\t<article id=\"post-118333\" class=\"post-118333 post type-post status-publish format-standard has-post-thumbnail category-jamb tag-apego tag-crianza tag-docentes tag-educacion tag-escuela tag-familia tag-infancia tag-responsabilidad tag-vinculo cs-entry cs-video-wrap\">\n\t\t\t<div class=\"pk-post-outer\">\n\n\t\t\t\t\t\t\t\t<div class=\"pk-post-inner\">\n\t\t\t\t\t<div class=\"entry-thumbnail\">\n\t\t\t\t\t\t<div class=\"pk-overlay pk-overlay-ratio pk-ratio-landscape\">\n\t\t\t\t\t\t\t<div class=\"pk-overlay-background\">\n\t\t\t\t\t\t\t\t<a href=\"https:\/\/webdelmaestrocmf.com\/portal\/el-sistema-nos-rompe-a-todos-y-a-los-ninos-primero\/\" class=\"pk-overlay-link\">\n\t\t\t\t\t\t\t\t\t<img loading=\"lazy\" decoding=\"async\" width=\"300\" height=\"225\" src=\"https:\/\/webdelmaestrocmf.com\/portal\/wp-content\/uploads\/2026\/04\/1AA-Banner-1-portada-imagen-10-1-copia-2-300x225.jpg\" class=\"attachment-pk-thumbnail size-pk-thumbnail wp-post-image\" alt=\"\" \/>\t\t\t\t\t\t\t\t<\/a>\n\t\t\t\t\t\t\t<\/div>\n\t\t\t\t\t\t<\/div>\n\t\t\t\t\t<\/div>\n\t\t\t\t<\/div>\n\t\t\t\t\n\t\t\t\t<div class=\"pk-post-inner\">\n\t\t\t\t\t<header>\n\t\t\t\t\t\t<h3 class=\"pk-title\"><a href=\"https:\/\/webdelmaestrocmf.com\/portal\/el-sistema-nos-rompe-a-todos-y-a-los-ninos-primero\/\" rel=\"bookmark\">El sistema nos rompe a todos\u2026 y a los ni\u00f1os primero<\/a><\/h3>\t\t\t\t\t<\/header><!-- .entry-header -->\n\t\t\t\t<\/div><!-- .post-inner -->\n\n\t\t\t<\/div><!-- .post-outer -->\n\t\t<\/article>\n\t\t\t\t<\/div>\n\t\t<\/div>\n\t\t\n","protected":false},"excerpt":{"rendered":"Mar\u00eda Montessori (1870), excelente referente para quienes estamos en la el mundo de la educaci\u00f3n por su creatividad,&hellip;","protected":false},"author":1,"featured_media":50755,"comment_status":"open","ping_status":"closed","sticky":false,"template":"","format":"standard","meta":{"csco_display_header_overlay":false,"csco_singular_sidebar":"default","csco_page_header_type":"default","csco_page_load_nextpost":"default","csco_post_video_location":[],"csco_post_video_location_hash":"","csco_post_video_url":"","csco_post_video_bg_start_time":0,"csco_post_video_bg_end_time":0,"csco_post_video_bg_volume":false,"_jetpack_memberships_contains_paid_content":false,"footnotes":""},"categories":[61],"tags":[73,5563,301,52,97,2164,131,1229,1669,184,2997],"class_list":{"0":"post-50754","1":"post","2":"type-post","3":"status-publish","4":"format-standard","5":"has-post-thumbnail","7":"category-jamb","8":"tag-creatividad","9":"tag-cristina-de-stefano","10":"tag-curiosidad","11":"tag-docente","12":"tag-familia","13":"tag-libertad","14":"tag-maria-montessori","15":"tag-metodo","16":"tag-montessori","17":"tag-padres","18":"tag-rol","19":"cs-entry","20":"cs-video-wrap"},"yoast_head":"<!-- This site is optimized with the Yoast SEO plugin v27.5 - https:\/\/yoast.com\/product\/yoast-seo-wordpress\/ -->\n<title>Mar\u00eda Montessori: \u00bfQu\u00e9 nos dir\u00eda a los maestros que estamos en la crisis del Covid 19? - 2026<\/title>\n<meta name=\"description\" content=\"Mar\u00eda Montessori (1870), excelente referente para quienes estamos en la el mundo de la educaci\u00f3n por su creatividad, fuerza interior...\" \/>\n<meta name=\"robots\" content=\"index, follow, max-snippet:-1, max-image-preview:large, max-video-preview:-1\" \/>\n<link rel=\"canonical\" href=\"https:\/\/webdelmaestrocmf.com\/portal\/maria-montessori-que-nos-diria-a-los-maestros-que-estamos-en-la-crisis-del-covid-19\/\" \/>\n<meta property=\"og:locale\" content=\"es_ES\" \/>\n<meta property=\"og:type\" content=\"article\" \/>\n<meta property=\"og:title\" content=\"Mar\u00eda Montessori: \u00bfQu\u00e9 nos dir\u00eda a los maestros que estamos en la crisis del Covid 19? - 2026\" \/>\n<meta property=\"og:description\" content=\"Mar\u00eda Montessori (1870), excelente referente para quienes estamos en la el mundo de la educaci\u00f3n por su creatividad, fuerza interior...\" \/>\n<meta property=\"og:url\" content=\"https:\/\/webdelmaestrocmf.com\/portal\/maria-montessori-que-nos-diria-a-los-maestros-que-estamos-en-la-crisis-del-covid-19\/\" \/>\n<meta property=\"og:site_name\" content=\"Web del Maestro CMF\" \/>\n<meta property=\"article:publisher\" content=\"https:\/\/www.facebook.com\/WebdelMaestroCMF\/\" \/>\n<meta property=\"article:author\" content=\"https:\/\/www.facebook.com\/WebdelMaestroCMF\/\" \/>\n<meta property=\"article:published_time\" content=\"2020-09-01T23:02:59+00:00\" \/>\n<meta property=\"article:modified_time\" content=\"2020-09-30T01:58:13+00:00\" \/>\n<meta property=\"og:image\" content=\"https:\/\/i0.wp.com\/webdelmaestrocmf.com\/portal\/wp-content\/uploads\/2020\/09\/1-2.jpg?fit=1100%2C680&ssl=1\" \/>\n\t<meta property=\"og:image:width\" content=\"1100\" \/>\n\t<meta property=\"og:image:height\" content=\"680\" \/>\n\t<meta property=\"og:image:type\" content=\"image\/jpeg\" \/>\n<meta name=\"author\" content=\"Web del Maestro CMF\" \/>\n<meta name=\"twitter:card\" content=\"summary_large_image\" \/>\n<meta name=\"twitter:creator\" content=\"@cmf_w\" \/>\n<meta name=\"twitter:site\" content=\"@cmf_w\" \/>\n<script type=\"application\/ld+json\" class=\"yoast-schema-graph\">{\"@context\":\"https:\\\/\\\/schema.org\",\"@graph\":[{\"@type\":\"ScholarlyArticle\",\"@id\":\"https:\\\/\\\/webdelmaestrocmf.com\\\/portal\\\/maria-montessori-que-nos-diria-a-los-maestros-que-estamos-en-la-crisis-del-covid-19\\\/#article\",\"isPartOf\":{\"@id\":\"https:\\\/\\\/webdelmaestrocmf.com\\\/portal\\\/maria-montessori-que-nos-diria-a-los-maestros-que-estamos-en-la-crisis-del-covid-19\\\/\"},\"author\":{\"name\":\"Web del Maestro CMF\",\"@id\":\"https:\\\/\\\/webdelmaestrocmf.com\\\/portal\\\/#\\\/schema\\\/person\\\/1072a2ed7bd960df8ef99a551fa35dc5\"},\"headline\":\"Mar\u00eda Montessori: \u00bfQu\u00e9 nos dir\u00eda a los maestros que estamos en la crisis del Covid 19?\",\"datePublished\":\"2020-09-01T23:02:59+00:00\",\"dateModified\":\"2020-09-30T01:58:13+00:00\",\"mainEntityOfPage\":{\"@id\":\"https:\\\/\\\/webdelmaestrocmf.com\\\/portal\\\/maria-montessori-que-nos-diria-a-los-maestros-que-estamos-en-la-crisis-del-covid-19\\\/\"},\"wordCount\":1626,\"commentCount\":0,\"publisher\":{\"@id\":\"https:\\\/\\\/webdelmaestrocmf.com\\\/portal\\\/#organization\"},\"image\":{\"@id\":\"https:\\\/\\\/webdelmaestrocmf.com\\\/portal\\\/maria-montessori-que-nos-diria-a-los-maestros-que-estamos-en-la-crisis-del-covid-19\\\/#primaryimage\"},\"thumbnailUrl\":\"https:\\\/\\\/webdelmaestrocmf.com\\\/portal\\\/wp-content\\\/uploads\\\/2020\\\/09\\\/1-2.jpg\",\"keywords\":[\"creatividad\",\"Cristina de Stefano\",\"CURIOSIDAD\",\"DOCENTE\",\"familia\",\"LIBERTAD\",\"Mar\u00eda Montessori\",\"M\u00c9TODO\",\"MONTESSORI\",\"padres\",\"ROL\"],\"articleSection\":[\"Yo opino - WMCMF\"],\"inLanguage\":\"es\",\"potentialAction\":[{\"@type\":\"CommentAction\",\"name\":\"Comment\",\"target\":[\"https:\\\/\\\/webdelmaestrocmf.com\\\/portal\\\/maria-montessori-que-nos-diria-a-los-maestros-que-estamos-en-la-crisis-del-covid-19\\\/#respond\"]}]},{\"@type\":\"WebPage\",\"@id\":\"https:\\\/\\\/webdelmaestrocmf.com\\\/portal\\\/maria-montessori-que-nos-diria-a-los-maestros-que-estamos-en-la-crisis-del-covid-19\\\/\",\"url\":\"https:\\\/\\\/webdelmaestrocmf.com\\\/portal\\\/maria-montessori-que-nos-diria-a-los-maestros-que-estamos-en-la-crisis-del-covid-19\\\/\",\"name\":\"Mar\u00eda Montessori: \u00bfQu\u00e9 nos dir\u00eda a los maestros que estamos en la crisis del Covid 19? - 2026\",\"isPartOf\":{\"@id\":\"https:\\\/\\\/webdelmaestrocmf.com\\\/portal\\\/#website\"},\"primaryImageOfPage\":{\"@id\":\"https:\\\/\\\/webdelmaestrocmf.com\\\/portal\\\/maria-montessori-que-nos-diria-a-los-maestros-que-estamos-en-la-crisis-del-covid-19\\\/#primaryimage\"},\"image\":{\"@id\":\"https:\\\/\\\/webdelmaestrocmf.com\\\/portal\\\/maria-montessori-que-nos-diria-a-los-maestros-que-estamos-en-la-crisis-del-covid-19\\\/#primaryimage\"},\"thumbnailUrl\":\"https:\\\/\\\/webdelmaestrocmf.com\\\/portal\\\/wp-content\\\/uploads\\\/2020\\\/09\\\/1-2.jpg\",\"datePublished\":\"2020-09-01T23:02:59+00:00\",\"dateModified\":\"2020-09-30T01:58:13+00:00\",\"description\":\"Mar\u00eda Montessori (1870), excelente referente para quienes estamos en la el mundo de la educaci\u00f3n por su creatividad, fuerza interior...\",\"breadcrumb\":{\"@id\":\"https:\\\/\\\/webdelmaestrocmf.com\\\/portal\\\/maria-montessori-que-nos-diria-a-los-maestros-que-estamos-en-la-crisis-del-covid-19\\\/#breadcrumb\"},\"inLanguage\":\"es\",\"potentialAction\":[{\"@type\":\"ReadAction\",\"target\":[\"https:\\\/\\\/webdelmaestrocmf.com\\\/portal\\\/maria-montessori-que-nos-diria-a-los-maestros-que-estamos-en-la-crisis-del-covid-19\\\/\"]}]},{\"@type\":\"ImageObject\",\"inLanguage\":\"es\",\"@id\":\"https:\\\/\\\/webdelmaestrocmf.com\\\/portal\\\/maria-montessori-que-nos-diria-a-los-maestros-que-estamos-en-la-crisis-del-covid-19\\\/#primaryimage\",\"url\":\"https:\\\/\\\/webdelmaestrocmf.com\\\/portal\\\/wp-content\\\/uploads\\\/2020\\\/09\\\/1-2.jpg\",\"contentUrl\":\"https:\\\/\\\/webdelmaestrocmf.com\\\/portal\\\/wp-content\\\/uploads\\\/2020\\\/09\\\/1-2.jpg\",\"width\":1100,\"height\":680},{\"@type\":\"BreadcrumbList\",\"@id\":\"https:\\\/\\\/webdelmaestrocmf.com\\\/portal\\\/maria-montessori-que-nos-diria-a-los-maestros-que-estamos-en-la-crisis-del-covid-19\\\/#breadcrumb\",\"itemListElement\":[{\"@type\":\"ListItem\",\"position\":1,\"name\":\"Portada\",\"item\":\"https:\\\/\\\/webdelmaestrocmf.com\\\/portal\\\/\"},{\"@type\":\"ListItem\",\"position\":2,\"name\":\"Yo opino - WMCMF\",\"item\":\"https:\\\/\\\/webdelmaestrocmf.com\\\/portal\\\/category\\\/jamb\\\/\"},{\"@type\":\"ListItem\",\"position\":3,\"name\":\"Mar\u00eda Montessori: \u00bfQu\u00e9 nos dir\u00eda a los maestros que estamos en la crisis del Covid 19?\"}]},{\"@type\":\"WebSite\",\"@id\":\"https:\\\/\\\/webdelmaestrocmf.com\\\/portal\\\/#website\",\"url\":\"https:\\\/\\\/webdelmaestrocmf.com\\\/portal\\\/\",\"name\":\"Web del Maestro CMF\",\"description\":\"Maestros al servicio de la educaci\u00f3n\",\"publisher\":{\"@id\":\"https:\\\/\\\/webdelmaestrocmf.com\\\/portal\\\/#organization\"},\"alternateName\":\"WMCMF\",\"potentialAction\":[{\"@type\":\"SearchAction\",\"target\":{\"@type\":\"EntryPoint\",\"urlTemplate\":\"https:\\\/\\\/webdelmaestrocmf.com\\\/portal\\\/?s={search_term_string}\"},\"query-input\":{\"@type\":\"PropertyValueSpecification\",\"valueRequired\":true,\"valueName\":\"search_term_string\"}}],\"inLanguage\":\"es\"},{\"@type\":\"Organization\",\"@id\":\"https:\\\/\\\/webdelmaestrocmf.com\\\/portal\\\/#organization\",\"name\":\"Web del Maestro CMF\",\"alternateName\":\"WMCMF\",\"url\":\"https:\\\/\\\/webdelmaestrocmf.com\\\/portal\\\/\",\"logo\":{\"@type\":\"ImageObject\",\"inLanguage\":\"es\",\"@id\":\"https:\\\/\\\/webdelmaestrocmf.com\\\/portal\\\/#\\\/schema\\\/logo\\\/image\\\/\",\"url\":\"https:\\\/\\\/webdelmaestrocmf.com\\\/portal\\\/wp-content\\\/uploads\\\/2023\\\/01\\\/logo-wmcmf-2.png\",\"contentUrl\":\"https:\\\/\\\/webdelmaestrocmf.com\\\/portal\\\/wp-content\\\/uploads\\\/2023\\\/01\\\/logo-wmcmf-2.png\",\"width\":200,\"height\":60,\"caption\":\"Web del Maestro CMF\"},\"image\":{\"@id\":\"https:\\\/\\\/webdelmaestrocmf.com\\\/portal\\\/#\\\/schema\\\/logo\\\/image\\\/\"},\"sameAs\":[\"https:\\\/\\\/www.facebook.com\\\/WebdelMaestroCMF\\\/\",\"https:\\\/\\\/x.com\\\/cmf_w\",\"https:\\\/\\\/www.pinterest.com\\\/WMCMF\\\/\",\"https:\\\/\\\/www.linkedin.com\\\/company\\\/web-del-maestro-cmf\\\/\",\"https:\\\/\\\/www.instagram.com\\\/wmcmf\\\/\",\"https:\\\/\\\/www.youtube.com\\\/channel\\\/UCDPSvjbdodE5sHnC3OxutHw\",\"https:\\\/\\\/mastodon.social\\\/@wmcmf\",\"https:\\\/\\\/www.tiktok.com\\\/@webdelmaestrocmf\"]},{\"@type\":\"Person\",\"@id\":\"https:\\\/\\\/webdelmaestrocmf.com\\\/portal\\\/#\\\/schema\\\/person\\\/1072a2ed7bd960df8ef99a551fa35dc5\",\"name\":\"Web del Maestro CMF\",\"image\":{\"@type\":\"ImageObject\",\"inLanguage\":\"es\",\"@id\":\"https:\\\/\\\/secure.gravatar.com\\\/avatar\\\/23291dd5b5ae1077dcff3dbb04c3e02bd28403fa75af6d8787d5e97c5bbbe30b?s=96&d=mm&r=g\",\"url\":\"https:\\\/\\\/secure.gravatar.com\\\/avatar\\\/23291dd5b5ae1077dcff3dbb04c3e02bd28403fa75af6d8787d5e97c5bbbe30b?s=96&d=mm&r=g\",\"contentUrl\":\"https:\\\/\\\/secure.gravatar.com\\\/avatar\\\/23291dd5b5ae1077dcff3dbb04c3e02bd28403fa75af6d8787d5e97c5bbbe30b?s=96&d=mm&r=g\",\"caption\":\"Web del Maestro CMF\"},\"description\":\"Esta Web se cre\u00f3 sin fines de lucro, con fines educativos, cient\u00edficos y acad\u00e9micos, para personas que tengan dificultades y\\\/o inconvenientes en visualizar el material original. El objetivo es entregar recursos, compartir experiencias y materiales que ayuden a los padres de familia, maestros y estudiantes en su actualizaci\u00f3n y formaci\u00f3n permanente, en bien de la Educaci\u00f3n.\",\"sameAs\":[\"http:\\\/\\\/webdelmaestrocmf.com\\\/portal\",\"https:\\\/\\\/www.facebook.com\\\/WebdelMaestroCMF\\\/\",\"https:\\\/\\\/www.instagram.com\\\/wmcmf\\\/\",\"https:\\\/\\\/cl.linkedin.com\\\/company\\\/web-del-maestro-cmf\",\"https:\\\/\\\/www.pinterest.com\\\/WMCMF\\\/publicaciones\\\/\",\"https:\\\/\\\/x.com\\\/cmf_w\",\"https:\\\/\\\/www.youtube.com\\\/@WMCMF\"]}]}<\/script>\n<!-- \/ Yoast SEO plugin. -->","yoast_head_json":{"title":"Mar\u00eda Montessori: \u00bfQu\u00e9 nos dir\u00eda a los maestros que estamos en la crisis del Covid 19? - 2026","description":"Mar\u00eda Montessori (1870), excelente referente para quienes estamos en la el mundo de la educaci\u00f3n por su creatividad, fuerza interior...","robots":{"index":"index","follow":"follow","max-snippet":"max-snippet:-1","max-image-preview":"max-image-preview:large","max-video-preview":"max-video-preview:-1"},"canonical":"https:\/\/webdelmaestrocmf.com\/portal\/maria-montessori-que-nos-diria-a-los-maestros-que-estamos-en-la-crisis-del-covid-19\/","og_locale":"es_ES","og_type":"article","og_title":"Mar\u00eda Montessori: \u00bfQu\u00e9 nos dir\u00eda a los maestros que estamos en la crisis del Covid 19? - 2026","og_description":"Mar\u00eda Montessori (1870), excelente referente para quienes estamos en la el mundo de la educaci\u00f3n por su creatividad, fuerza interior...","og_url":"https:\/\/webdelmaestrocmf.com\/portal\/maria-montessori-que-nos-diria-a-los-maestros-que-estamos-en-la-crisis-del-covid-19\/","og_site_name":"Web del Maestro CMF","article_publisher":"https:\/\/www.facebook.com\/WebdelMaestroCMF\/","article_author":"https:\/\/www.facebook.com\/WebdelMaestroCMF\/","article_published_time":"2020-09-01T23:02:59+00:00","article_modified_time":"2020-09-30T01:58:13+00:00","og_image":[{"width":1100,"height":680,"url":"https:\/\/i0.wp.com\/webdelmaestrocmf.com\/portal\/wp-content\/uploads\/2020\/09\/1-2.jpg?fit=1100%2C680&ssl=1","type":"image\/jpeg"}],"author":"Web del Maestro CMF","twitter_card":"summary_large_image","twitter_creator":"@cmf_w","twitter_site":"@cmf_w","schema":{"@context":"https:\/\/schema.org","@graph":[{"@type":"ScholarlyArticle","@id":"https:\/\/webdelmaestrocmf.com\/portal\/maria-montessori-que-nos-diria-a-los-maestros-que-estamos-en-la-crisis-del-covid-19\/#article","isPartOf":{"@id":"https:\/\/webdelmaestrocmf.com\/portal\/maria-montessori-que-nos-diria-a-los-maestros-que-estamos-en-la-crisis-del-covid-19\/"},"author":{"name":"Web del Maestro CMF","@id":"https:\/\/webdelmaestrocmf.com\/portal\/#\/schema\/person\/1072a2ed7bd960df8ef99a551fa35dc5"},"headline":"Mar\u00eda Montessori: \u00bfQu\u00e9 nos dir\u00eda a los maestros que estamos en la crisis del Covid 19?","datePublished":"2020-09-01T23:02:59+00:00","dateModified":"2020-09-30T01:58:13+00:00","mainEntityOfPage":{"@id":"https:\/\/webdelmaestrocmf.com\/portal\/maria-montessori-que-nos-diria-a-los-maestros-que-estamos-en-la-crisis-del-covid-19\/"},"wordCount":1626,"commentCount":0,"publisher":{"@id":"https:\/\/webdelmaestrocmf.com\/portal\/#organization"},"image":{"@id":"https:\/\/webdelmaestrocmf.com\/portal\/maria-montessori-que-nos-diria-a-los-maestros-que-estamos-en-la-crisis-del-covid-19\/#primaryimage"},"thumbnailUrl":"https:\/\/webdelmaestrocmf.com\/portal\/wp-content\/uploads\/2020\/09\/1-2.jpg","keywords":["creatividad","Cristina de Stefano","CURIOSIDAD","DOCENTE","familia","LIBERTAD","Mar\u00eda Montessori","M\u00c9TODO","MONTESSORI","padres","ROL"],"articleSection":["Yo opino - WMCMF"],"inLanguage":"es","potentialAction":[{"@type":"CommentAction","name":"Comment","target":["https:\/\/webdelmaestrocmf.com\/portal\/maria-montessori-que-nos-diria-a-los-maestros-que-estamos-en-la-crisis-del-covid-19\/#respond"]}]},{"@type":"WebPage","@id":"https:\/\/webdelmaestrocmf.com\/portal\/maria-montessori-que-nos-diria-a-los-maestros-que-estamos-en-la-crisis-del-covid-19\/","url":"https:\/\/webdelmaestrocmf.com\/portal\/maria-montessori-que-nos-diria-a-los-maestros-que-estamos-en-la-crisis-del-covid-19\/","name":"Mar\u00eda Montessori: \u00bfQu\u00e9 nos dir\u00eda a los maestros que estamos en la crisis del Covid 19? - 2026","isPartOf":{"@id":"https:\/\/webdelmaestrocmf.com\/portal\/#website"},"primaryImageOfPage":{"@id":"https:\/\/webdelmaestrocmf.com\/portal\/maria-montessori-que-nos-diria-a-los-maestros-que-estamos-en-la-crisis-del-covid-19\/#primaryimage"},"image":{"@id":"https:\/\/webdelmaestrocmf.com\/portal\/maria-montessori-que-nos-diria-a-los-maestros-que-estamos-en-la-crisis-del-covid-19\/#primaryimage"},"thumbnailUrl":"https:\/\/webdelmaestrocmf.com\/portal\/wp-content\/uploads\/2020\/09\/1-2.jpg","datePublished":"2020-09-01T23:02:59+00:00","dateModified":"2020-09-30T01:58:13+00:00","description":"Mar\u00eda Montessori (1870), excelente referente para quienes estamos en la el mundo de la educaci\u00f3n por su creatividad, fuerza interior...","breadcrumb":{"@id":"https:\/\/webdelmaestrocmf.com\/portal\/maria-montessori-que-nos-diria-a-los-maestros-que-estamos-en-la-crisis-del-covid-19\/#breadcrumb"},"inLanguage":"es","potentialAction":[{"@type":"ReadAction","target":["https:\/\/webdelmaestrocmf.com\/portal\/maria-montessori-que-nos-diria-a-los-maestros-que-estamos-en-la-crisis-del-covid-19\/"]}]},{"@type":"ImageObject","inLanguage":"es","@id":"https:\/\/webdelmaestrocmf.com\/portal\/maria-montessori-que-nos-diria-a-los-maestros-que-estamos-en-la-crisis-del-covid-19\/#primaryimage","url":"https:\/\/webdelmaestrocmf.com\/portal\/wp-content\/uploads\/2020\/09\/1-2.jpg","contentUrl":"https:\/\/webdelmaestrocmf.com\/portal\/wp-content\/uploads\/2020\/09\/1-2.jpg","width":1100,"height":680},{"@type":"BreadcrumbList","@id":"https:\/\/webdelmaestrocmf.com\/portal\/maria-montessori-que-nos-diria-a-los-maestros-que-estamos-en-la-crisis-del-covid-19\/#breadcrumb","itemListElement":[{"@type":"ListItem","position":1,"name":"Portada","item":"https:\/\/webdelmaestrocmf.com\/portal\/"},{"@type":"ListItem","position":2,"name":"Yo opino - WMCMF","item":"https:\/\/webdelmaestrocmf.com\/portal\/category\/jamb\/"},{"@type":"ListItem","position":3,"name":"Mar\u00eda Montessori: \u00bfQu\u00e9 nos dir\u00eda a los maestros que estamos en la crisis del Covid 19?"}]},{"@type":"WebSite","@id":"https:\/\/webdelmaestrocmf.com\/portal\/#website","url":"https:\/\/webdelmaestrocmf.com\/portal\/","name":"Web del Maestro CMF","description":"Maestros al servicio de la educaci\u00f3n","publisher":{"@id":"https:\/\/webdelmaestrocmf.com\/portal\/#organization"},"alternateName":"WMCMF","potentialAction":[{"@type":"SearchAction","target":{"@type":"EntryPoint","urlTemplate":"https:\/\/webdelmaestrocmf.com\/portal\/?s={search_term_string}"},"query-input":{"@type":"PropertyValueSpecification","valueRequired":true,"valueName":"search_term_string"}}],"inLanguage":"es"},{"@type":"Organization","@id":"https:\/\/webdelmaestrocmf.com\/portal\/#organization","name":"Web del Maestro CMF","alternateName":"WMCMF","url":"https:\/\/webdelmaestrocmf.com\/portal\/","logo":{"@type":"ImageObject","inLanguage":"es","@id":"https:\/\/webdelmaestrocmf.com\/portal\/#\/schema\/logo\/image\/","url":"https:\/\/webdelmaestrocmf.com\/portal\/wp-content\/uploads\/2023\/01\/logo-wmcmf-2.png","contentUrl":"https:\/\/webdelmaestrocmf.com\/portal\/wp-content\/uploads\/2023\/01\/logo-wmcmf-2.png","width":200,"height":60,"caption":"Web del Maestro CMF"},"image":{"@id":"https:\/\/webdelmaestrocmf.com\/portal\/#\/schema\/logo\/image\/"},"sameAs":["https:\/\/www.facebook.com\/WebdelMaestroCMF\/","https:\/\/x.com\/cmf_w","https:\/\/www.pinterest.com\/WMCMF\/","https:\/\/www.linkedin.com\/company\/web-del-maestro-cmf\/","https:\/\/www.instagram.com\/wmcmf\/","https:\/\/www.youtube.com\/channel\/UCDPSvjbdodE5sHnC3OxutHw","https:\/\/mastodon.social\/@wmcmf","https:\/\/www.tiktok.com\/@webdelmaestrocmf"]},{"@type":"Person","@id":"https:\/\/webdelmaestrocmf.com\/portal\/#\/schema\/person\/1072a2ed7bd960df8ef99a551fa35dc5","name":"Web del Maestro CMF","image":{"@type":"ImageObject","inLanguage":"es","@id":"https:\/\/secure.gravatar.com\/avatar\/23291dd5b5ae1077dcff3dbb04c3e02bd28403fa75af6d8787d5e97c5bbbe30b?s=96&d=mm&r=g","url":"https:\/\/secure.gravatar.com\/avatar\/23291dd5b5ae1077dcff3dbb04c3e02bd28403fa75af6d8787d5e97c5bbbe30b?s=96&d=mm&r=g","contentUrl":"https:\/\/secure.gravatar.com\/avatar\/23291dd5b5ae1077dcff3dbb04c3e02bd28403fa75af6d8787d5e97c5bbbe30b?s=96&d=mm&r=g","caption":"Web del Maestro CMF"},"description":"Esta Web se cre\u00f3 sin fines de lucro, con fines educativos, cient\u00edficos y acad\u00e9micos, para personas que tengan dificultades y\/o inconvenientes en visualizar el material original. El objetivo es entregar recursos, compartir experiencias y materiales que ayuden a los padres de familia, maestros y estudiantes en su actualizaci\u00f3n y formaci\u00f3n permanente, en bien de la Educaci\u00f3n.","sameAs":["http:\/\/webdelmaestrocmf.com\/portal","https:\/\/www.facebook.com\/WebdelMaestroCMF\/","https:\/\/www.instagram.com\/wmcmf\/","https:\/\/cl.linkedin.com\/company\/web-del-maestro-cmf","https:\/\/www.pinterest.com\/WMCMF\/publicaciones\/","https:\/\/x.com\/cmf_w","https:\/\/www.youtube.com\/@WMCMF"]}]}},"jetpack_featured_media_url":"https:\/\/webdelmaestrocmf.com\/portal\/wp-content\/uploads\/2020\/09\/1-2.jpg","jetpack_sharing_enabled":true,"jetpack-related-posts":[{"id":107863,"url":"https:\/\/webdelmaestrocmf.com\/portal\/las-cualidades-de-un-buen-docente-por-maria-montessori\/","url_meta":{"origin":50754,"position":0},"title":"Las cualidades de un buen docente por Mar\u00eda Montessori","author":"Web del Maestro CMF","date":"25 junio, 2025","format":false,"excerpt":"Ser docente es mucho m\u00e1s que transmitir conocimientos. Es acompa\u00f1ar, observar, preparar el ambiente y confiar en el potencial de cada ni\u00f1o.","rel":"","context":"En \u00abCualidades caracter\u00edsticas habilidades\u00bb","block_context":{"text":"Cualidades caracter\u00edsticas habilidades","link":"https:\/\/webdelmaestrocmf.com\/portal\/category\/pedagogia\/cualidades-caracteristicas-habilidades\/"},"img":{"alt_text":"","src":"https:\/\/i0.wp.com\/webdelmaestrocmf.com\/portal\/wp-content\/uploads\/2025\/02\/1A-Banner-1-portada-imagen-10-1-59.jpg?resize=350%2C200&ssl=1","width":350,"height":200,"srcset":"https:\/\/i0.wp.com\/webdelmaestrocmf.com\/portal\/wp-content\/uploads\/2025\/02\/1A-Banner-1-portada-imagen-10-1-59.jpg?resize=350%2C200&ssl=1 1x, https:\/\/i0.wp.com\/webdelmaestrocmf.com\/portal\/wp-content\/uploads\/2025\/02\/1A-Banner-1-portada-imagen-10-1-59.jpg?resize=525%2C300&ssl=1 1.5x, https:\/\/i0.wp.com\/webdelmaestrocmf.com\/portal\/wp-content\/uploads\/2025\/02\/1A-Banner-1-portada-imagen-10-1-59.jpg?resize=700%2C400&ssl=1 2x"},"classes":[]},{"id":108471,"url":"https:\/\/webdelmaestrocmf.com\/portal\/el-triangulo-montessori-la-clave-de-una-pedagogia-transformadora\/","url_meta":{"origin":50754,"position":1},"title":"El tri\u00e1ngulo Montessori: La clave de una pedagog\u00eda transformadora","author":"Web del Maestro CMF","date":"26 marzo, 2025","format":false,"excerpt":"La pedagog\u00eda Montessori no se basa en f\u00f3rmulas r\u00edgidas ni en m\u00e9todos de ense\u00f1anza tradicionales. Su esencia est\u00e1 en un equilibrio sutil pero poderoso entre tres elementos fundamentales que forman lo que se conoce como el tri\u00e1ngulo Montessori: el ni\u00f1o, el adulto preparado y el ambiente. Comprender c\u00f3mo se relacionan\u2026","rel":"","context":"En \u00abMontessori\u00bb","block_context":{"text":"Montessori","link":"https:\/\/webdelmaestrocmf.com\/portal\/category\/pedagogia\/montessori\/"},"img":{"alt_text":"","src":"https:\/\/i0.wp.com\/webdelmaestrocmf.com\/portal\/wp-content\/uploads\/2025\/03\/1A-Banner-1-portada-imagen-10-1-10.jpg?resize=350%2C200&ssl=1","width":350,"height":200,"srcset":"https:\/\/i0.wp.com\/webdelmaestrocmf.com\/portal\/wp-content\/uploads\/2025\/03\/1A-Banner-1-portada-imagen-10-1-10.jpg?resize=350%2C200&ssl=1 1x, https:\/\/i0.wp.com\/webdelmaestrocmf.com\/portal\/wp-content\/uploads\/2025\/03\/1A-Banner-1-portada-imagen-10-1-10.jpg?resize=525%2C300&ssl=1 1.5x, https:\/\/i0.wp.com\/webdelmaestrocmf.com\/portal\/wp-content\/uploads\/2025\/03\/1A-Banner-1-portada-imagen-10-1-10.jpg?resize=700%2C400&ssl=1 2x"},"classes":[]},{"id":34020,"url":"https:\/\/webdelmaestrocmf.com\/portal\/educados-con-el-metodo-montessori-garcia-marquez-jeff-bezos-sergey-brin-y-larry-page\/","url_meta":{"origin":50754,"position":2},"title":"Garc\u00eda M\u00e1rquez, Jeff Bezos, Sergey Brin y Larry Page, fueron educados con el \u00abM\u00e9todo Montessori\u00bb","author":"Web del Maestro CMF","date":"21 diciembre, 2021","format":false,"excerpt":"La educadora italiana Mar\u00eda Montessori (1870 \u2013 1952), cuyo nombre completo fue Maria Tecla Artemisia Montessori, fue tambi\u00e9n pedagoga, cient\u00edfica, m\u00e9dica, psiquiatra, fil\u00f3sofa, antrop\u00f3loga, bi\u00f3loga, psic\u00f3loga, feminista y humanista, \u201ccre\u00eda que el entorno del aprendizaje del ni\u00f1o deb\u00eda adaptarse a su nivel de desarrollo y no al rev\u00e9s. Para ello\u2026","rel":"","context":"En \u00abYo opino - WMCMF\u00bb","block_context":{"text":"Yo opino - WMCMF","link":"https:\/\/webdelmaestrocmf.com\/portal\/category\/jamb\/"},"img":{"alt_text":"Montessori","src":"https:\/\/i0.wp.com\/webdelmaestrocmf.com\/portal\/wp-content\/uploads\/2018\/12\/1-3.jpg?resize=350%2C200&ssl=1","width":350,"height":200,"srcset":"https:\/\/i0.wp.com\/webdelmaestrocmf.com\/portal\/wp-content\/uploads\/2018\/12\/1-3.jpg?resize=350%2C200&ssl=1 1x, https:\/\/i0.wp.com\/webdelmaestrocmf.com\/portal\/wp-content\/uploads\/2018\/12\/1-3.jpg?resize=525%2C300&ssl=1 1.5x, https:\/\/i0.wp.com\/webdelmaestrocmf.com\/portal\/wp-content\/uploads\/2018\/12\/1-3.jpg?resize=700%2C400&ssl=1 2x"},"classes":[]},{"id":86341,"url":"https:\/\/webdelmaestrocmf.com\/portal\/educacion-montessori-en-125-tips\/","url_meta":{"origin":50754,"position":3},"title":"Educaci\u00f3n Montessori en 125 Tips","author":"Web del Maestro CMF","date":"27 marzo, 2023","format":false,"excerpt":"Desde hace m\u00e1s de 100 a\u00f1os, la filosof\u00eda Montessori ha estado presente en la vida de muchos ni\u00f1os a lo largo de todo el mundo. Cada vez son m\u00e1s las familias que aplicando los conceptos y principios de la pedagog\u00eda cient\u00edfica desarrollada por la Dra. Mar\u00eda Montessori, se unen a\u2026","rel":"","context":"En \u00abMontessori\u00bb","block_context":{"text":"Montessori","link":"https:\/\/webdelmaestrocmf.com\/portal\/category\/pedagogia\/montessori\/"},"img":{"alt_text":"","src":"https:\/\/i0.wp.com\/webdelmaestrocmf.com\/portal\/wp-content\/uploads\/2023\/03\/A12B3C4D-50.jpg?resize=350%2C200&ssl=1","width":350,"height":200,"srcset":"https:\/\/i0.wp.com\/webdelmaestrocmf.com\/portal\/wp-content\/uploads\/2023\/03\/A12B3C4D-50.jpg?resize=350%2C200&ssl=1 1x, https:\/\/i0.wp.com\/webdelmaestrocmf.com\/portal\/wp-content\/uploads\/2023\/03\/A12B3C4D-50.jpg?resize=525%2C300&ssl=1 1.5x, https:\/\/i0.wp.com\/webdelmaestrocmf.com\/portal\/wp-content\/uploads\/2023\/03\/A12B3C4D-50.jpg?resize=700%2C400&ssl=1 2x"},"classes":[]},{"id":14299,"url":"https:\/\/webdelmaestrocmf.com\/portal\/nueve-claves-montessori-aplicar-la-educacion-tus-hijos\/","url_meta":{"origin":50754,"position":4},"title":"Recomendaciones para aplicar el m\u00e9todo Montessori","author":"Web del Maestro CMF","date":"6 febrero, 2022","format":false,"excerpt":"Mar\u00eda Montessori bas\u00f3 su m\u00e9todo en el trabajo del ni\u00f1o y en la colaboraci\u00f3n adulto \u2013 ni\u00f1o, y su filosof\u00eda se funda directamente en las leyes de la vida. \u201cEl ni\u00f1o posee dentro de s\u00ed, desde antes de nacer, directrices para desarrollarse ps\u00edquicamente. Los adultos somos simples colaboradores en esta\u2026","rel":"","context":"En \u00abBienestar Familiar\u00bb","block_context":{"text":"Bienestar Familiar","link":"https:\/\/webdelmaestrocmf.com\/portal\/category\/pedagogia\/bienestar-familiar\/"},"img":{"alt_text":"montessori","src":"https:\/\/i0.wp.com\/webdelmaestrocmf.com\/portal\/wp-content\/uploads\/2022\/02\/A12B3C4D-4.jpg?resize=350%2C200&ssl=1","width":350,"height":200,"srcset":"https:\/\/i0.wp.com\/webdelmaestrocmf.com\/portal\/wp-content\/uploads\/2022\/02\/A12B3C4D-4.jpg?resize=350%2C200&ssl=1 1x, https:\/\/i0.wp.com\/webdelmaestrocmf.com\/portal\/wp-content\/uploads\/2022\/02\/A12B3C4D-4.jpg?resize=525%2C300&ssl=1 1.5x, https:\/\/i0.wp.com\/webdelmaestrocmf.com\/portal\/wp-content\/uploads\/2022\/02\/A12B3C4D-4.jpg?resize=700%2C400&ssl=1 2x"},"classes":[]},{"id":37803,"url":"https:\/\/webdelmaestrocmf.com\/portal\/maria-montessori-pelicula-que-todo-educador-y-estudiante-de-educacion-tendria-que-ver\/","url_meta":{"origin":50754,"position":5},"title":"Mar\u00eda Montessori: pel\u00edcula para docentes y estudiantes","author":"Web del Maestro CMF","date":"20 junio, 2019","format":false,"excerpt":"Mar\u00eda Montessori, (Ancona, Italia 1870), fue la primera mujer en ingresar en la Facultad de Medicina y Cirug\u00eda en Italia, en 1892, provoc\u00e1ndole la experiencia de ser mal recibida por la mayor\u00eda de sus compa\u00f1eros de estudios, que en lugar de desanimarla, le sirvi\u00f3 de provocaci\u00f3n para superar ese \u201chostil\u201d\u2026","rel":"","context":"En \u00abYo opino - WMCMF\u00bb","block_context":{"text":"Yo opino - WMCMF","link":"https:\/\/webdelmaestrocmf.com\/portal\/category\/jamb\/"},"img":{"alt_text":"Mar\u00eda Montessori","src":"https:\/\/i0.wp.com\/webdelmaestrocmf.com\/portal\/wp-content\/uploads\/2019\/06\/2-10.jpg?resize=350%2C200&ssl=1","width":350,"height":200,"srcset":"https:\/\/i0.wp.com\/webdelmaestrocmf.com\/portal\/wp-content\/uploads\/2019\/06\/2-10.jpg?resize=350%2C200&ssl=1 1x, https:\/\/i0.wp.com\/webdelmaestrocmf.com\/portal\/wp-content\/uploads\/2019\/06\/2-10.jpg?resize=525%2C300&ssl=1 1.5x, https:\/\/i0.wp.com\/webdelmaestrocmf.com\/portal\/wp-content\/uploads\/2019\/06\/2-10.jpg?resize=700%2C400&ssl=1 2x, https:\/\/i0.wp.com\/webdelmaestrocmf.com\/portal\/wp-content\/uploads\/2019\/06\/2-10.jpg?resize=1050%2C600&ssl=1 3x"},"classes":[]}],"_links":{"self":[{"href":"https:\/\/webdelmaestrocmf.com\/portal\/wp-json\/wp\/v2\/posts\/50754","targetHints":{"allow":["GET"]}}],"collection":[{"href":"https:\/\/webdelmaestrocmf.com\/portal\/wp-json\/wp\/v2\/posts"}],"about":[{"href":"https:\/\/webdelmaestrocmf.com\/portal\/wp-json\/wp\/v2\/types\/post"}],"author":[{"embeddable":true,"href":"https:\/\/webdelmaestrocmf.com\/portal\/wp-json\/wp\/v2\/users\/1"}],"replies":[{"embeddable":true,"href":"https:\/\/webdelmaestrocmf.com\/portal\/wp-json\/wp\/v2\/comments?post=50754"}],"version-history":[{"count":0,"href":"https:\/\/webdelmaestrocmf.com\/portal\/wp-json\/wp\/v2\/posts\/50754\/revisions"}],"wp:featuredmedia":[{"embeddable":true,"href":"https:\/\/webdelmaestrocmf.com\/portal\/wp-json\/wp\/v2\/media\/50755"}],"wp:attachment":[{"href":"https:\/\/webdelmaestrocmf.com\/portal\/wp-json\/wp\/v2\/media?parent=50754"}],"wp:term":[{"taxonomy":"category","embeddable":true,"href":"https:\/\/webdelmaestrocmf.com\/portal\/wp-json\/wp\/v2\/categories?post=50754"},{"taxonomy":"post_tag","embeddable":true,"href":"https:\/\/webdelmaestrocmf.com\/portal\/wp-json\/wp\/v2\/tags?post=50754"}],"curies":[{"name":"wp","href":"https:\/\/api.w.org\/{rel}","templated":true}]}}