{"id":50725,"date":"2020-08-31T22:52:14","date_gmt":"2020-09-01T02:52:14","guid":{"rendered":"https:\/\/webdelmaestrocmf.com\/portal\/?p=50725"},"modified":"2020-12-22T17:58:08","modified_gmt":"2020-12-22T20:58:08","slug":"maestro-esta-listo-para-dar-el-siguiente-paso-a-la-realidad-aumentada-y-realidad-virtual","status":"publish","type":"post","link":"https:\/\/webdelmaestrocmf.com\/portal\/maestro-esta-listo-para-dar-el-siguiente-paso-a-la-realidad-aumentada-y-realidad-virtual\/","title":{"rendered":"Maestro, est\u00e1 listo para dar el siguiente paso a la Realidad Aumentada y Realidad Virtual"},"content":{"rendered":"<h5 style=\"text-align: justify;\">El presente EduTrends ofrece un acercamiento amplio al papel que est\u00e1n jugando en el \u00e1mbito educativo internacional tendencias como la Realidad Aumentada y la Realidad Virtual. La adopci\u00f3n e integraci\u00f3n de estas tecnolog\u00edas representan un sinf\u00edn de posibilidades para innovar en nuestra pr\u00e1ctica docente, tal y como se aprecia en este documento que responde a preguntas tales como: \u00bfQue\u0301 implicaciones tienen estos recursos en la manera en que un profesor ense\u00f1a? \u00bfQue\u0301 impacto tienen en el aprendizaje y c\u00f3mo evaluarlo? \u00bfQue\u0301 desaf\u00edos enfrentan para volverse recursos fundamentales en la educaci\u00f3n?<\/h5>\n<p style=\"text-align: justify;\"><!--more--><\/p>\n<p style=\"text-align: justify;\">Antes de profundizar sobre lo que conocemos hoy como\u00a0<strong>Realidad Aumentada<\/strong>\u00a0(RA) y\u00a0<strong>Realidad Virtual<\/strong>\u00a0(RV), es importante mencionar que existen diversas tecnolog\u00edas inmersivas que ofrecen diferentes maneras de combinar el mundo digital con la realidad en varios niveles de inmersi\u00f3n. De hecho, puede resultar bastante complejo darle seguimiento a cada uno de los t\u00e9rminos que describen experiencias tecnol\u00f3gicas inmersivas ya que para ello existe una amplia variedad de opciones.<\/p>\n<p style=\"text-align: justify;\">Haremos un breve recorrido sobre el abanico de posibilidades que ofrecen las tecnolog\u00edas inmersivas. Iniciaremos con el video de 360 grados que podemos obtener con una videoc\u00e1mara, el cual capta todo lo que sucede a nuestro alrededor y es un excelente material para utilizarse en una plataforma de realidad virtual. A su vez, la realidad virtual es una experiencia totalmente inmersiva que presenta un mundo completamente nuevo alrededor y al cual podemos acceder mediante el uso de lentes, visores y\/o cascos especiales. Tambi\u00e9n existe la realidad aumentada que es una tecnolog\u00eda que superpone im\u00e1genes generadas por computadora en la vista del mundo real. Para ello es necesario el uso de alg\u00fan dispositivo m\u00f3vil como smartphone, tablet, lentes y\/o visores. Adicionalmente existe la realidad mixta que es una categor\u00eda de la realidad aumentada que combina contenido interactivo en 3D con la realidad (Pixvana, 2017).<\/p>\n<p><iframe loading=\"lazy\" src=\"https:\/\/www.youtube.com\/embed\/PLpDCK3Zy7Q\" width=\"100%\" height=\"400\" frameborder=\"0\" allowfullscreen=\"allowfullscreen\"><span data-mce-type=\"bookmark\" style=\"display: inline-block; width: 0px; overflow: hidden; line-height: 0;\" class=\"mce_SELRES_start\">\ufeff<\/span><\/iframe><\/p>\n<p style=\"text-align: justify;\">Como podemos darnos cuenta, existe una amplia variedad de tecnolog\u00edas inmersivas y\/o \u201crealidades\u201d. Recientemente se comenz\u00f3 a utilizar el concepto de Realidad Extendida (XR) o Extended Reality, que es un t\u00e9rmino gen\u00e9rico que encapsula otros semejantes como realidad aumentada (RA), realidad virtual (RV), realidad mixta (RM) y otras que puedan surgir con el avance tecnol\u00f3gico relacionadas con el mismo concepto (Qualcomm Technologies, Inc., 2017).<\/p>\n<p style=\"text-align: justify;\">La necesidad de comprender y explicar la interacci\u00f3n que podemos llevar a cabo en un espacio real y virtual no es nuevo. Paul Milgram y Fumio Kishino (1994) acu\u00f1aron el t\u00e9rmino de Continuo de la Virtualidad o Virtuality Continuum, donde explican el concepto de la realidad mixta, la cual es la interacci\u00f3n entre un ambiente real y un ambiente virtual en diferentes niveles.<\/p>\n<p style=\"text-align: justify;\"><img loading=\"lazy\" decoding=\"async\" class=\"alignnone size-full wp-image-50734\" src=\"https:\/\/webdelmaestrocmf.com\/portal\/wp-content\/uploads\/2020\/08\/1-42.png\" alt=\"\" width=\"690\" height=\"432\" srcset=\"https:\/\/webdelmaestrocmf.com\/portal\/wp-content\/uploads\/2020\/08\/1-42.png 690w, https:\/\/webdelmaestrocmf.com\/portal\/wp-content\/uploads\/2020\/08\/1-42-300x188.png 300w, https:\/\/webdelmaestrocmf.com\/portal\/wp-content\/uploads\/2020\/08\/1-42-110x69.png 110w, https:\/\/webdelmaestrocmf.com\/portal\/wp-content\/uploads\/2020\/08\/1-42-200x125.png 200w, https:\/\/webdelmaestrocmf.com\/portal\/wp-content\/uploads\/2020\/08\/1-42-380x238.png 380w, https:\/\/webdelmaestrocmf.com\/portal\/wp-content\/uploads\/2020\/08\/1-42-255x160.png 255w, https:\/\/webdelmaestrocmf.com\/portal\/wp-content\/uploads\/2020\/08\/1-42-550x344.png 550w, https:\/\/webdelmaestrocmf.com\/portal\/wp-content\/uploads\/2020\/08\/1-42-220x138.png 220w, https:\/\/webdelmaestrocmf.com\/portal\/wp-content\/uploads\/2020\/08\/1-42-400x250.png 400w, https:\/\/webdelmaestrocmf.com\/portal\/wp-content\/uploads\/2020\/08\/1-42-510x319.png 510w, https:\/\/webdelmaestrocmf.com\/portal\/wp-content\/uploads\/2020\/08\/1-42-600x376.png 600w\" sizes=\"auto, (max-width: 690px) 100vw, 690px\" \/><\/p>\n<p style=\"text-align: justify;\">El concepto de Realidad Aumentada y Realidad Virtual est\u00e1n siendo utilizados cada vez m\u00e1s en el campo de la educaci\u00f3n, como puede verificarse en el prestigioso Informe Horizon (Johnson y cols., 2016), donde se registran las tendencias educativas de mayor relevancia en el futuro pr\u00f3ximo a nivel mundial. Dicho informe se\u00f1al\u00f3 que ambas tecnolog\u00edas ser\u00e1n claves en el futuro de la educaci\u00f3n, con un crecimiento exponencial en un plazo de 3 a\u00f1os.<\/p>\n<p style=\"text-align: justify;\">En el a\u00f1o 2016 la Realidad Aumentada (RA, por sus siglas) pas\u00f3 de ser un t\u00e9rmino de moda entre geeks de la tecnolog\u00eda al colarse en las conversaciones de todo el planeta. La aplicaci\u00f3n del juego Pok\u00e9mon Go convirti\u00f3 los espacios verdes, las plazas y los centros comerciales de las grandes ciudades en parques tem\u00e1ticos donde jugar y relacionarse con otros jugadores (Mar\u00edn, 2017).<\/p>\n<p><iframe loading=\"lazy\" src=\"https:\/\/www.youtube.com\/embed\/HkWVhmCLw7E\" width=\"100%\" height=\"400\" frameborder=\"0\" allowfullscreen=\"allowfullscreen\"><span data-mce-type=\"bookmark\" style=\"display: inline-block; width: 0px; overflow: hidden; line-height: 0;\" class=\"mce_SELRES_start\">\ufeff<\/span><\/iframe><\/p>\n<p style=\"text-align: justify;\">En ese mismo a\u00f1o, las grandes compa\u00f1\u00edas de la tecnolog\u00eda lanzaron al mercado sus diferentes dispositivos de Realidad Virtual (RV, por sus siglas): Facebook redise\u00f1\u00f3 el casco Oculus Rift, Google apost\u00f3 por Daydream como plataforma de RV para smartphones y Sony lanz\u00f3 la PlayStation VR con sus lentes de RV.<\/p>\n<p style=\"text-align: justify;\">Aunque la implementaci\u00f3n de estas tendencias es muy reciente dentro del sistema educativo, se ha comprobado los efectos positivos en el aprendizaje. Sin embargo, estamos en una etapa a\u00fan exploratoria y son m\u00e1s las dudas que las certezas. \u00bfC\u00f3mo se est\u00e1n aplicando la RA y la RV en la educaci\u00f3n? \u00bfQu\u00e9 implicaciones tienen estos recursos en la manera en que un profesor ense\u00f1a? \u00bfQu\u00e9 impacto tienen en el aprendizaje y c\u00f3mo evaluarlo? \u00bfQu\u00e9 desaf\u00edos enfrentan para volverse recursos fundamentales en la educaci\u00f3n? Responder con sencillez a estas interrogantes es el prop\u00f3sito de este Edu Trends.<\/p>\n<p style=\"text-align: justify;\"><img loading=\"lazy\" decoding=\"async\" class=\"alignnone size-full wp-image-50735\" src=\"https:\/\/webdelmaestrocmf.com\/portal\/wp-content\/uploads\/2020\/08\/1-164.jpg\" alt=\"\" width=\"646\" height=\"471\" srcset=\"https:\/\/webdelmaestrocmf.com\/portal\/wp-content\/uploads\/2020\/08\/1-164.jpg 646w, https:\/\/webdelmaestrocmf.com\/portal\/wp-content\/uploads\/2020\/08\/1-164-300x219.jpg 300w, https:\/\/webdelmaestrocmf.com\/portal\/wp-content\/uploads\/2020\/08\/1-164-110x80.jpg 110w, https:\/\/webdelmaestrocmf.com\/portal\/wp-content\/uploads\/2020\/08\/1-164-200x146.jpg 200w, https:\/\/webdelmaestrocmf.com\/portal\/wp-content\/uploads\/2020\/08\/1-164-380x277.jpg 380w, https:\/\/webdelmaestrocmf.com\/portal\/wp-content\/uploads\/2020\/08\/1-164-255x186.jpg 255w, https:\/\/webdelmaestrocmf.com\/portal\/wp-content\/uploads\/2020\/08\/1-164-550x401.jpg 550w, https:\/\/webdelmaestrocmf.com\/portal\/wp-content\/uploads\/2020\/08\/1-164-220x160.jpg 220w, https:\/\/webdelmaestrocmf.com\/portal\/wp-content\/uploads\/2020\/08\/1-164-400x292.jpg 400w, https:\/\/webdelmaestrocmf.com\/portal\/wp-content\/uploads\/2020\/08\/1-164-510x372.jpg 510w, https:\/\/webdelmaestrocmf.com\/portal\/wp-content\/uploads\/2020\/08\/1-164-600x437.jpg 600w\" sizes=\"auto, (max-width: 646px) 100vw, 646px\" \/><\/p>\n<h5 style=\"text-align: justify;\"><strong>PRINCIPIOS PEDAG\u00d3GICOS DE LA RA Y LA RV<\/strong><\/h5>\n<p style=\"text-align: justify;\">La espectacularidad sensorial de la RA y la RV no genera por s\u00ed misma el aprendizaje. Para que ello suceda, dentro de un sistema educativo, los recursos tecnol\u00f3gicos deben ser parte de una actividad cuyo dise\u00f1o es responsabilidad del educador. \u00bfC\u00f3mo sacarles el mejor partido a esos recursos?\u00bfQu\u00e9 principios pedag\u00f3gicos pueden orientar la labor de quien conduce esa experiencia de aprendizaje?<\/p>\n<p style=\"text-align: justify;\">Por una parte, es com\u00fan utilizar la RA y RV como recursos puntuales al servicio de pr\u00e1cticas instruccionales tradicionales (Hanson y Shelton, 2008). El principal valor de la RA y RV en estos casos es aumentar la motivaci\u00f3n del alumnado y enriquecer los recursos de aprendizaje.<\/p>\n<p style=\"text-align: justify;\">Sin embargo, desde una perspectiva sociocultural contempor\u00e1nea, la revoluci\u00f3n tecnol\u00f3gica actual requiere una revoluci\u00f3n tambi\u00e9n en el campo educativo, una transformaci\u00f3n m\u00e1s profunda en las pr\u00e1cticas de ense\u00f1anza y aprendizaje y no s\u00f3lo en los materiales educativos. Lankshear y Knobel (2008) afirman que los docentes corren el riesgo de ofrecer \u201cvino viejo en botella nueva\u201d. Requiere, por tanto, de \u201cpedagog\u00edas emergentes\u201d (Adell y Casta\u00f1eda, 2012) que exploren con \u00e9xito las posibilidades que propician las nuevas tecnolog\u00edas.<\/p>\n<p style=\"text-align: justify;\">En el caso concreto de la RA y la RV las lecciones extra\u00eddas de su aplicaci\u00f3n educativa indican que las mejores pr\u00e1cticas responden a un enfoque pedag\u00f3gico de legado constructivista, orientado al aprendizaje activo (\u201clearning by doing\u201d), puesto que los alumnos son quienes deciden c\u00f3mo combinar la informaci\u00f3n aumentada o c\u00f3mo interactuar con la simulaci\u00f3n virtual. La relaci\u00f3n del estudiante con el objeto de aprendizaje no est\u00e1 basada, por tanto, s\u00f3lo en la consulta de un contenido intelectual sino que implica una experiencia de inmersi\u00f3n en el entorno de aprendizaje.<\/p>\n<p><iframe loading=\"lazy\" src=\"https:\/\/www.youtube.com\/embed\/ALQnNGKHdCc\" width=\"100%\" height=\"400\" frameborder=\"0\" allowfullscreen=\"allowfullscreen\"><span data-mce-type=\"bookmark\" style=\"display: inline-block; width: 0px; overflow: hidden; line-height: 0;\" class=\"mce_SELRES_start\">\ufeff<\/span><\/iframe><\/p>\n<p style=\"text-align: justify;\">Algunas tendencias pedag\u00f3gicas destacadas:<\/p>\n<h5 style=\"text-align: justify;\"><strong>Materiales educativos digitales<\/strong><\/h5>\n<p style=\"text-align: justify;\">Una tendencia en auge es la evoluci\u00f3n desde los materiales de lectoescritura tradicionales que apoyan el aprendizaje (libros, fotocopias, etc.) hacia un nuevo ecosistema de recursos digitales. El mejor ejemplo de RA son los \u201clibros m\u00e1gicos\u201d, que consisten en textos con marcadores que activan la visualizaci\u00f3n de informaci\u00f3n agregada en 3D a trav\u00e9s de un dispositivo digital. La disponibilidad creciente de videojuegos basados en RV tambi\u00e9n supone una revoluci\u00f3n en la oferta de materiales para vivir una experiencia de inmersi\u00f3n y no s\u00f3lo para consultar informaci\u00f3n.<\/p>\n<h5 style=\"text-align: justify;\"><strong>Gamificaci\u00f3n<\/strong><\/h5>\n<p style=\"text-align: justify;\">La capacidad de los juegos para generar aprendizaje es una de las tendencias educativas en expansi\u00f3n. La ventaja de la RV es la sensaci\u00f3n de inmersi\u00f3n total en el juego y la aportaci\u00f3n de la RA es la capacidad para transformar cualquier escenario real en un tablero l\u00fadico. Esto es posible, no s\u00f3lo en aquellas aplicaciones dise\u00f1adas espec\u00edficamente como juego sino tambi\u00e9n aquellas que incorporan din\u00e1micas de juego (colaborativas o competitivas) en un entorno de aprendizaje \u201cserio\u201d. Las gymkanas, por ejemplo, en las que el alumno debe seguir una serie de pistas o lograr superar varios niveles es una de las tendencias de uso educativo m\u00e1s frecuentes de estas tecnolog\u00edas (Fundaci\u00f3n Telef\u00f3nica, 2011).<\/p>\n<h5 style=\"text-align: justify;\"><strong>Aprendizaje basado en la experimentaci\u00f3n<\/strong><\/h5>\n<p style=\"text-align: justify;\">Tanto la RA como la RV posibilitan escenarios en los que el alumno puede someter a diferentes pruebas la teor\u00eda aprendida sobre ciertos contenidos, explorando las condiciones en las que aplican o no (Wojciechowski y Cellary, 2013). Estas tecnolog\u00edas digitales permiten, con un costo relativamente bajo, acercar al alumno a la realidad susceptible de estudio a trav\u00e9s de casos a los que resultar\u00eda imposible aproximarse de otro modo, tales como: escenarios hist\u00f3ricos; o contextos muy costosos como el entrenamiento de pilotos a\u00e9reos que son sustituidos por simulaciones de vuelos; o situaciones altamente riesgosas, como las manipulaciones m\u00e9dicas de cuerpos enfermos.<\/p>\n<h5 style=\"text-align: justify;\"><strong>Aprendizaje m\u00f3vil (mobile learning)<\/strong><\/h5>\n<p style=\"text-align: justify;\">Los estudiantes pueden explorar los contenidos de aprendizaje basados en RA o en RV, en el orden, momento y lugar que m\u00e1s les interese, sin estar sujetos a las restricciones de los horarios de clase y el aula, siempre y cuando dispongan del dispositivo digital adecuado. Ofrece la ventaja (y el reto) de que cualquier lugar puede convertirse en un escenario de aprendizaje, y el dise\u00f1o de la actividad puede ubicarse en el entorno simulado o real m\u00e1s propicio para desarrollarla (Redondo y cols., 2012).<\/p>\n<h5 style=\"text-align: justify;\"><strong>Aprendizaje h\u00edbrido o mixto (blended learning)<\/strong><\/h5>\n<p style=\"text-align: justify;\">Una de las cr\u00edticas recibidas por el uso intensivo de apps digitales para el aprendizaje es, precisamente, la ausencia de un plan pedag\u00f3gico que integre los recursos que ofrecen la RA y la RV dentro de una secuencia dise\u00f1ada expresamente para el desarrollo de competencias. Es por ello que algunos autores apuestan por un modelo h\u00edbrido que combine las virtudes de la ense\u00f1anza presencial (cercan\u00eda con un profesor, evaluaci\u00f3n del desempe\u00f1o, retroalimentaci\u00f3n de un experto) con las del aprendizaje en l\u00ednea (Cadavieco y Pascual, 2017).<\/p>\n<p><img loading=\"lazy\" decoding=\"async\" class=\"alignnone size-full wp-image-50738\" src=\"https:\/\/webdelmaestrocmf.com\/portal\/wp-content\/uploads\/2020\/08\/1-165.jpg\" alt=\"\" width=\"1024\" height=\"576\" srcset=\"https:\/\/webdelmaestrocmf.com\/portal\/wp-content\/uploads\/2020\/08\/1-165.jpg 1024w, https:\/\/webdelmaestrocmf.com\/portal\/wp-content\/uploads\/2020\/08\/1-165-300x169.jpg 300w, https:\/\/webdelmaestrocmf.com\/portal\/wp-content\/uploads\/2020\/08\/1-165-768x432.jpg 768w, https:\/\/webdelmaestrocmf.com\/portal\/wp-content\/uploads\/2020\/08\/1-165-110x62.jpg 110w, https:\/\/webdelmaestrocmf.com\/portal\/wp-content\/uploads\/2020\/08\/1-165-200x113.jpg 200w, https:\/\/webdelmaestrocmf.com\/portal\/wp-content\/uploads\/2020\/08\/1-165-380x214.jpg 380w, https:\/\/webdelmaestrocmf.com\/portal\/wp-content\/uploads\/2020\/08\/1-165-255x143.jpg 255w, https:\/\/webdelmaestrocmf.com\/portal\/wp-content\/uploads\/2020\/08\/1-165-550x309.jpg 550w, https:\/\/webdelmaestrocmf.com\/portal\/wp-content\/uploads\/2020\/08\/1-165-800x450.jpg 800w, https:\/\/webdelmaestrocmf.com\/portal\/wp-content\/uploads\/2020\/08\/1-165-220x124.jpg 220w, https:\/\/webdelmaestrocmf.com\/portal\/wp-content\/uploads\/2020\/08\/1-165-400x225.jpg 400w, https:\/\/webdelmaestrocmf.com\/portal\/wp-content\/uploads\/2020\/08\/1-165-760x428.jpg 760w, https:\/\/webdelmaestrocmf.com\/portal\/wp-content\/uploads\/2020\/08\/1-165-510x287.jpg 510w, https:\/\/webdelmaestrocmf.com\/portal\/wp-content\/uploads\/2020\/08\/1-165-600x338.jpg 600w\" sizes=\"auto, (max-width: 1024px) 100vw, 1024px\" \/><\/p>\n<h5 style=\"text-align: justify;\"><strong>Educaci\u00f3n expandida<\/strong><\/h5>\n<p style=\"text-align: justify;\">En un sentido m\u00e1s amplio, el car\u00e1cter disruptivo de la RA y la RV radica en su capacidad para generar entornos de aprendizaje protagonizados por el sujeto que aprende, sin necesidad de un programa de estudios espec\u00edfico o la gu\u00eda de un profesor, tal como lo defienden los promotores del concepto de educaci\u00f3n expandida (D\u00edaz y Freire, 2012). Las plataformas que ofrecen herramientas para el desarrollo de aplicaciones digitales permiten que los individuos puedan codise\u00f1ar en laboratorios de innovaci\u00f3n social sus propias experiencias de aprendizaje.<\/p>\n<h5 style=\"text-align: justify;\"><strong>ACCIONES RECOMENDADAS PARA PROFESORES<\/strong><\/h5>\n<p style=\"text-align: justify;\">En la educaci\u00f3n se ha adoptado a la Realidad Aumentada y a la Realidad Virtual como algunas de las principales tendencias en tecnolog\u00eda educativa. Son numerosas las aplicaciones en el \u00e1rea que tienen su base en estas herramientas, las cuales son utilizadas dentro y fuera de las aulas. Por ejemplo, se usan en proyectos de clase, como complemento de las actividades o protagonistas de las mismas, donde alumnos y profesores generalmente son quienes generan la informaci\u00f3n que se comparte.<\/p>\n<p style=\"text-align: justify;\">Las recomendaciones que el Observatorio de Innovaci\u00f3n Educativa propone a los docentes para la implementaci\u00f3n de RA y RV en sus clases son las siguientes:<\/p>\n<ol style=\"text-align: justify;\">\n<li>Aseg\u00farate de que la tecnolog\u00eda del equipo de hardware y el software sean \u00f3ptimos y que vayan acorde con las exigencias de los contenidos de tu asignatura. Para ello, es necesario que los dispositivos cuenten con los sensores apropiados y con pantallas de alta resoluci\u00f3n preferiblemente.<\/li>\n<li>El uso de los dispositivos electr\u00f3nicos que recomiendes para determinada clase debe ser c\u00f3modo, es decir, no deben generar cansancio o desgaste f\u00edsico en los estudiantes.<\/li>\n<li>El docente debe cuidar los aspectos de conectividad y compatibilidad entre los dispositivos que se utilizan en la clase.<\/li>\n<li>Verifica que los estudiantes interact\u00faan con informaci\u00f3n compleja f\u00e1cilmente.<\/li>\n<li>Las actividades deben estar dise\u00f1adas de manera tal que el estudiante pueda interactuar y formar parte de la narrativa que las dirige.<\/li>\n<li>Una excelente estrategia para estimular el aprendizaje es generar debates con base en lo observado tanto en el mundo real como en el virtual.<\/li>\n<li>El uso \u00f3ptimo de las herramientas permite complementar los temas que se estudian en la clase, por lo tanto es recomendable utilizar servicios como la geolocalizaci\u00f3n (GPS o br\u00fajula) o los marcadores (c\u00f3digos QR).<\/li>\n<li>Las actividades colaborativas coadyuvan en la construcci\u00f3n del conocimiento con base en el trabajo en equipo.<\/li>\n<li>Fomentar las relaciones sociales entre estudiantes.<\/li>\n<li>Motivar el aprender haciendo (learning by doing).<\/li>\n<\/ol>\n<h5 style=\"text-align: justify;\"><strong>REFERENCIAS:<\/strong><\/h5>\n<ul style=\"text-align: justify;\">\n<li>Adell, J. y Casta\u00f1eda, L. (2013). (Eds.). Entornos Personales de Aprendizaje: claves para el ecosistema educativo en red. Alcoy: Ed. Marfil.<\/li>\n<li>Cadavieco, y Pascual, M. (2017). La producci\u00f3n cient\u00edfica sobre Realidad Aumentada, un an\u00e1lisis de la situaci\u00f3n educativa desde la perspectiva SCOPUS. Edmetic, Revista de Educaci\u00f3n Medi\u00e1tica y TIC, 6 (1), pp. 39-61.<\/li>\n<li>D\u00edaz, R. y Freire, J. (Coord.). (2012). Educaci\u00f3n expandida. Zemos98. Disponible en: <a href=\"http:\/\/www.zemos98.org\/descargas\/educacion_expandida-ZEMOS98.pdf\" target=\"_blank\" rel=\"noopener\">http:\/\/www.zemos98.org\/<\/a><\/li>\n<li>Fundaci\u00f3n Telef\u00f3nica. (2011). Realidad Aumentada: una nueva lente para ver el mundo. Madrid: Fundaci\u00f3n Telef\u00f3nica\/Ariel.<\/li>\n<li>Hanson, K. &amp; Shelton, B. E. (2008). Design and Development o f Virtual Reality: Analysis of Challenges Faced by Educators. Educational Technology &amp; Society, 11 (1), 118-131.<\/li>\n<li>Horizon Report (2016). NMC Horizon Report: Edici\u00f3n Educaci\u00f3n Superior 2016. Recuperado de:\u00a0<a href=\"http:\/\/www.aprendevirtual.org\/centro-documentacion-pdf\/2016-nmc-horizon-report-HE-ES.pdf\" target=\"_blank\" rel=\"noopener\">http:\/\/www.aprendevirtual.org\/<\/a><\/li>\n<li>Lankshear, C. y Knobel, M. (2008). Nuevos alfabetismos. Su pr\u00e1ctica cotidiana y el aprendizaje en el aula. Madrid: Ed. Morata.<\/li>\n<li>Mar\u00edn, V. (2017). La emergencia de la Realidad Aumentada en la educaci\u00f3n.<\/li>\n<li>Revista Edmetic, 6 (1), pp.<\/li>\n<li>Milgram, Paul &amp; Kishino, Fumio (1994). A Taxonomy of Mixed Reality Visual Displays. IEICE Trans. Information Systems. vol. E77-D, no. 12. 1321-1329. Recuperado de:\u00a0<a href=\"https:\/\/www.researchgate.net\/publication\/231514051_A_Taxonomy_of_Mixed_Reality_Visual_Displays\" target=\"_blank\" rel=\"noopener\">https:\/\/www.researchgate.net\/<\/a><\/li>\n<li>Pixvana (2017). XR Guide: What is X-Reality?. Recuperado de:\u00a0<a href=\"https:\/\/www.youtube.com\/watch?v=0d_liG40ypM&amp;feature=youtu.be\" target=\"_blank\" rel=\"noopener\">https:\/\/www.youtube.com\/<\/a><\/li>\n<li>Qualcomm Technologies (2017). Extended reality: the future of mobile computing. Recuperado de:\u00a0<a href=\"https:\/\/www.qualcomm.com\/invention\/cognitive-technologies\/immersive-experiences\/extended-reality\" target=\"_blank\" rel=\"noopener\">https:\/\/www.qualcomm.com\/<\/a><\/li>\n<li>Redondo, E., S\u00e1nchez, A., &amp; Moya, J. (2012). La ciudad como aula digital. Ense\u00f1ando urbanismo y arquitectura mediante mobile learning y la realidad aumentada. Un estudio de viabilidad y de caso. Ace: Architecture, City and Environment, 7(19).<\/li>\n<li>Wojciechowski, R., y Cellary, W. (2013). Evaluation of learners\u2019 attitude toward learning in ARIES augmented reality environments. Computers &amp; Education, 68, pp. 570-585.<\/li>\n<\/ul>\n<h5 style=\"text-align: justify;\"><strong>CR\u00c9DITOS<\/strong>:<\/h5>\n<p style=\"text-align: justify;\"><span style=\"text-align: justify; font-family: -apple-system, BlinkMacSystemFont, 'Segoe UI', Roboto, 'Helvetica Neue', Arial, 'Noto Sans', sans-serif, 'Apple Color Emoji', 'Segoe UI Emoji', 'Segoe UI Symbol', 'Noto Color Emoji';\">Esta es una adaptaci\u00f3n del documento \u00abEdu Trends | Realidad Aumentada y Realidad Virtual\u00bb de la serie EduTrends y publicado originalmente por el Observatorio de Innovaci\u00f3n Educativa del Tecnol\u00f3gico de Monterrey. Las opiniones expresadas en esta adaptaci\u00f3n son exclusiva responsabilidad de Eduteka y no son avaladas por el Tecnol\u00f3gico de Monterrey.<\/span><\/p>\n<article>\n<p style=\"text-align: justify;\">Usted es libre de compartir, copiar y redistribuir este material en cualquier medio o formato, adaptar, remezclar, transformar y crear a partir del material sin cargo o cobro alguno por alguno de los autores, coautores o representantes de acuerdo con los t\u00e9rminos de la licencia Creative Commons: Atribuci\u00f3n &#8211; No comercial \u2013 Compartir Igual 4.0 Internacional. Algunas de las Im\u00e1genes pueden tener derechos reservados.<\/p>\n<p>Publicaci\u00f3n de este documento en EDUTEKA: Enero 18 de 2018.<br \/>\n\u00daltima modificaci\u00f3n de este documento: Abril 20 de 2020.<\/p>\n<\/article>\n<p><strong>Autor de este documento:<\/strong> Observatorio de Innovaci\u00f3n Educativa del Tecnol\u00f3gico de Monterrey &#8211; <span style=\"text-align: justify; font-family: -apple-system, BlinkMacSystemFont, 'Segoe UI', Roboto, 'Helvetica Neue', Arial, 'Noto Sans', sans-serif, 'Apple Color Emoji', 'Segoe UI Emoji', 'Segoe UI Symbol', 'Noto Color Emoji';\">URL:<\/span><a href=\"http:\/\/www.eduteka.org\/articulos\/edutrends-realidad-virtual-y-aumentada\" target=\"_blank\" rel=\"noopener noreferrer\"><b style=\"text-align: justify; font-family: -apple-system, BlinkMacSystemFont, 'Segoe UI', Roboto, 'Helvetica Neue', Arial, 'Noto Sans', sans-serif, 'Apple Color Emoji', 'Segoe UI Emoji', 'Segoe UI Symbol', 'Noto Color Emoji';\">http:\/\/www.eduteka.org<\/b><\/a><\/p>\n<p><strong>Este contenido ha sido publicado originalmente por EDUTEKA en la siguiente direcci\u00f3n: <a href=\"http:\/\/eduteka.icesi.edu.co\/\" target=\"_blank\" rel=\"noopener noreferrer\">eduteka.icesi.edu.co<\/a><\/strong><\/p>\n<p style=\"text-align: center;\">Recomendamos a la Comunidad Educativa Digital tener en cuenta que, el enlace y\/o la carpeta en donde est\u00e1n alojados los libros, recursos y\/o materiales, no es administrado por la Web del Maestro CMF, pueda ser que en cuesti\u00f3n de d\u00edas (o seg\u00fan el tiempo transcurrido desde su publicaci\u00f3n), los enlaces no funcionen y el material ya no se encuentre disponible. Gracias por su comprensi\u00f3n.<\/p>\n<h3>ENLACE DE LECTURA:<\/h3>\n<p style=\"text-align: center;\">\u00a1Comparte y as\u00ed m\u00e1s docentes utilizar\u00e1n estos recursos\u00a0gratis! Muchas gracias.<\/p>\n<p style=\"text-align: center;\"><span style=\"color: #000000;\"><strong>ENLACE 1: <a style=\"color: #000000;\" href=\"http:\/\/eduteka.icesi.edu.co\/pdfdir\/edutrends-realidad-virtual-y-aumentada.pdf\" target=\"_blank\" rel=\"noopener noreferrer\">REALIDAD AUMENTADA Y VIRTUAL<\/a><\/strong><\/span><\/p>\n\t\t<div class=\"pk-inline-posts\">\n\t\t\t\n\t\t\t<div class=\"pk-inline-posts-container pk-inline-posts-template-list\"\n\t\t\t\tdata-columns=\"1\">\n\t\t\t\t\t\t<article id=\"post-92567\" class=\"post-92567 post type-post status-publish format-standard has-post-thumbnail category-software category-tecnologia tag-adaptacion-curricular tag-adaptacion-de-contenidos tag-analisis-de-resultados tag-apoyo-socioemocional tag-aprendizaje-cooperativo tag-aprendizaje-personalizado tag-diseno-de-actividades-motivadoras tag-ensenanza tag-estrategias-de-ensenanza tag-estrategias-de-ensenanza-aprendizaje tag-estrategias-de-evaluacion-continua tag-estrategias-de-recuperacion tag-evaluacion-autentica tag-evaluacion-continua tag-evaluacion-del-desempeno tag-evaluacion-diagnostica tag-evaluacion-diferenciada tag-evaluacion-formativa tag-evaluacion-formativa-y-sumativa tag-evaluacion-integral tag-evaluacion-participativa tag-evaluacion-sumativa tag-interactivas tag-intervencion-pedagogica tag-metacognicion tag-planes-de-intervencion tag-planificacion-curricular tag-potenciando tag-powerpoint tag-recursos-educativos-digitales tag-reforzamiento-academico tag-retroalimentacion-constructiva tag-revision-de-objetivos-de-aprendizaje tag-ruletas tag-toma-de-decisiones-pedagogicas cs-entry cs-video-wrap\">\n\t\t\t<div class=\"pk-post-outer\">\n\n\t\t\t\t\t\t\t\t<div class=\"pk-post-inner\">\n\t\t\t\t\t<div class=\"entry-thumbnail\">\n\t\t\t\t\t\t<div class=\"pk-overlay pk-overlay-ratio pk-ratio-landscape\">\n\t\t\t\t\t\t\t<div class=\"pk-overlay-background\">\n\t\t\t\t\t\t\t\t<a href=\"https:\/\/webdelmaestrocmf.com\/portal\/ruletas-interactivas-en-powerpoint-potenciando-la-ensenanza\/\" class=\"pk-overlay-link\">\n\t\t\t\t\t\t\t\t\t<img loading=\"lazy\" decoding=\"async\" width=\"300\" height=\"225\" src=\"https:\/\/webdelmaestrocmf.com\/portal\/wp-content\/uploads\/2026\/04\/1AA-Banner-1-portada-imagen-10-1-copia-5-3-300x225.webp\" class=\"attachment-pk-thumbnail size-pk-thumbnail wp-post-image\" alt=\"\" \/>\t\t\t\t\t\t\t\t<\/a>\n\t\t\t\t\t\t\t<\/div>\n\t\t\t\t\t\t<\/div>\n\t\t\t\t\t<\/div>\n\t\t\t\t<\/div>\n\t\t\t\t\n\t\t\t\t<div class=\"pk-post-inner\">\n\t\t\t\t\t<header>\n\t\t\t\t\t\t<h3 class=\"pk-title\"><a href=\"https:\/\/webdelmaestrocmf.com\/portal\/ruletas-interactivas-en-powerpoint-potenciando-la-ensenanza\/\" rel=\"bookmark\">Ruleta Interactiva en PowerPoint: descarga la ruleta lista para usarny las dos gu\u00ecas<\/a><\/h3>\t\t\t\t\t<\/header><!-- .entry-header -->\n\t\t\t\t<\/div><!-- .post-inner -->\n\n\t\t\t<\/div><!-- .post-outer -->\n\t\t<\/article>\n\t\t\t\t<\/div>\n\t\t<\/div>\n\t\t\n","protected":false},"excerpt":{"rendered":"El presente EduTrends ofrece un acercamiento amplio al papel que est\u00e1n jugando en el \u00e1mbito educativo internacional tendencias&hellip;","protected":false},"author":1,"featured_media":50737,"comment_status":"open","ping_status":"closed","sticky":false,"template":"","format":"standard","meta":{"csco_display_header_overlay":false,"csco_singular_sidebar":"default","csco_page_header_type":"default","csco_page_load_nextpost":"default","csco_post_video_location":[],"csco_post_video_location_hash":"","csco_post_video_url":"","csco_post_video_bg_start_time":0,"csco_post_video_bg_end_time":0,"csco_post_video_bg_volume":false,"_jetpack_memberships_contains_paid_content":false,"footnotes":""},"categories":[1648,737,1545],"tags":[4188,2050,5561,216,5152,2157,5071,2422],"class_list":{"0":"post-50725","1":"post","2":"type-post","3":"status-publish","4":"format-standard","5":"has-post-thumbnail","7":"category-software","8":"category-tecnologia","9":"category-tic","10":"tag-aumentada","11":"tag-dar","12":"tag-listo","13":"tag-maestro","14":"tag-paso","15":"tag-realidad","16":"tag-siguiente","17":"tag-virtual","18":"cs-entry","19":"cs-video-wrap"},"yoast_head":"<!-- This site is optimized with the Yoast SEO plugin v27.5 - https:\/\/yoast.com\/product\/yoast-seo-wordpress\/ -->\n<title>Maestro, est\u00e1 listo para dar el siguiente paso a la Realidad Aumentada y Realidad Virtual - 2026<\/title>\n<meta name=\"description\" content=\"Haremos un breve recorrido sobre el abanico de posibilidades que ofrecen las tecnolog\u00edas inmersivas. Iniciaremos con el...\" \/>\n<meta name=\"robots\" content=\"index, follow, max-snippet:-1, max-image-preview:large, max-video-preview:-1\" \/>\n<link rel=\"canonical\" href=\"https:\/\/webdelmaestrocmf.com\/portal\/maestro-esta-listo-para-dar-el-siguiente-paso-a-la-realidad-aumentada-y-realidad-virtual\/\" \/>\n<meta property=\"og:locale\" content=\"es_ES\" \/>\n<meta property=\"og:type\" content=\"article\" \/>\n<meta property=\"og:title\" content=\"Maestro, est\u00e1 listo para dar el siguiente paso a la Realidad Aumentada y Realidad Virtual - 2026\" \/>\n<meta property=\"og:description\" content=\"Haremos un breve recorrido sobre el abanico de posibilidades que ofrecen las tecnolog\u00edas inmersivas. Iniciaremos con el...\" \/>\n<meta property=\"og:url\" content=\"https:\/\/webdelmaestrocmf.com\/portal\/maestro-esta-listo-para-dar-el-siguiente-paso-a-la-realidad-aumentada-y-realidad-virtual\/\" \/>\n<meta property=\"og:site_name\" content=\"Web del Maestro CMF\" \/>\n<meta property=\"article:publisher\" content=\"https:\/\/www.facebook.com\/WebdelMaestroCMF\/\" \/>\n<meta property=\"article:author\" content=\"https:\/\/www.facebook.com\/WebdelMaestroCMF\/\" \/>\n<meta property=\"article:published_time\" content=\"2020-09-01T02:52:14+00:00\" \/>\n<meta property=\"article:modified_time\" content=\"2020-12-22T20:58:08+00:00\" \/>\n<meta property=\"og:image\" content=\"https:\/\/i0.wp.com\/webdelmaestrocmf.com\/portal\/wp-content\/uploads\/2020\/08\/1-copia-84.jpg?fit=1100%2C680&ssl=1\" \/>\n\t<meta property=\"og:image:width\" content=\"1100\" \/>\n\t<meta property=\"og:image:height\" content=\"680\" \/>\n\t<meta property=\"og:image:type\" content=\"image\/jpeg\" \/>\n<meta name=\"author\" content=\"Web del Maestro CMF\" \/>\n<meta name=\"twitter:card\" content=\"summary_large_image\" \/>\n<meta name=\"twitter:creator\" content=\"@cmf_w\" \/>\n<meta name=\"twitter:site\" content=\"@cmf_w\" \/>\n<script type=\"application\/ld+json\" class=\"yoast-schema-graph\">{\"@context\":\"https:\\\/\\\/schema.org\",\"@graph\":[{\"@type\":\"ScholarlyArticle\",\"@id\":\"https:\\\/\\\/webdelmaestrocmf.com\\\/portal\\\/maestro-esta-listo-para-dar-el-siguiente-paso-a-la-realidad-aumentada-y-realidad-virtual\\\/#article\",\"isPartOf\":{\"@id\":\"https:\\\/\\\/webdelmaestrocmf.com\\\/portal\\\/maestro-esta-listo-para-dar-el-siguiente-paso-a-la-realidad-aumentada-y-realidad-virtual\\\/\"},\"author\":{\"name\":\"Web del Maestro CMF\",\"@id\":\"https:\\\/\\\/webdelmaestrocmf.com\\\/portal\\\/#\\\/schema\\\/person\\\/1072a2ed7bd960df8ef99a551fa35dc5\"},\"headline\":\"Maestro, est\u00e1 listo para dar el siguiente paso a la Realidad Aumentada y Realidad Virtual\",\"datePublished\":\"2020-09-01T02:52:14+00:00\",\"dateModified\":\"2020-12-22T20:58:08+00:00\",\"mainEntityOfPage\":{\"@id\":\"https:\\\/\\\/webdelmaestrocmf.com\\\/portal\\\/maestro-esta-listo-para-dar-el-siguiente-paso-a-la-realidad-aumentada-y-realidad-virtual\\\/\"},\"wordCount\":2612,\"commentCount\":0,\"publisher\":{\"@id\":\"https:\\\/\\\/webdelmaestrocmf.com\\\/portal\\\/#organization\"},\"image\":{\"@id\":\"https:\\\/\\\/webdelmaestrocmf.com\\\/portal\\\/maestro-esta-listo-para-dar-el-siguiente-paso-a-la-realidad-aumentada-y-realidad-virtual\\\/#primaryimage\"},\"thumbnailUrl\":\"https:\\\/\\\/webdelmaestrocmf.com\\\/portal\\\/wp-content\\\/uploads\\\/2020\\\/08\\\/1-copia-84.jpg\",\"keywords\":[\"AUMENTADA\",\"dar\",\"listo\",\"Maestro\",\"paso\",\"REALIDAD\",\"siguiente\",\"VIRTUAL\"],\"articleSection\":[\"Software\",\"Tecnolog\u00eda\",\"TIC\"],\"inLanguage\":\"es\",\"potentialAction\":[{\"@type\":\"CommentAction\",\"name\":\"Comment\",\"target\":[\"https:\\\/\\\/webdelmaestrocmf.com\\\/portal\\\/maestro-esta-listo-para-dar-el-siguiente-paso-a-la-realidad-aumentada-y-realidad-virtual\\\/#respond\"]}]},{\"@type\":\"WebPage\",\"@id\":\"https:\\\/\\\/webdelmaestrocmf.com\\\/portal\\\/maestro-esta-listo-para-dar-el-siguiente-paso-a-la-realidad-aumentada-y-realidad-virtual\\\/\",\"url\":\"https:\\\/\\\/webdelmaestrocmf.com\\\/portal\\\/maestro-esta-listo-para-dar-el-siguiente-paso-a-la-realidad-aumentada-y-realidad-virtual\\\/\",\"name\":\"Maestro, est\u00e1 listo para dar el siguiente paso a la Realidad Aumentada y Realidad Virtual - 2026\",\"isPartOf\":{\"@id\":\"https:\\\/\\\/webdelmaestrocmf.com\\\/portal\\\/#website\"},\"primaryImageOfPage\":{\"@id\":\"https:\\\/\\\/webdelmaestrocmf.com\\\/portal\\\/maestro-esta-listo-para-dar-el-siguiente-paso-a-la-realidad-aumentada-y-realidad-virtual\\\/#primaryimage\"},\"image\":{\"@id\":\"https:\\\/\\\/webdelmaestrocmf.com\\\/portal\\\/maestro-esta-listo-para-dar-el-siguiente-paso-a-la-realidad-aumentada-y-realidad-virtual\\\/#primaryimage\"},\"thumbnailUrl\":\"https:\\\/\\\/webdelmaestrocmf.com\\\/portal\\\/wp-content\\\/uploads\\\/2020\\\/08\\\/1-copia-84.jpg\",\"datePublished\":\"2020-09-01T02:52:14+00:00\",\"dateModified\":\"2020-12-22T20:58:08+00:00\",\"description\":\"Haremos un breve recorrido sobre el abanico de posibilidades que ofrecen las tecnolog\u00edas inmersivas. Iniciaremos con el...\",\"breadcrumb\":{\"@id\":\"https:\\\/\\\/webdelmaestrocmf.com\\\/portal\\\/maestro-esta-listo-para-dar-el-siguiente-paso-a-la-realidad-aumentada-y-realidad-virtual\\\/#breadcrumb\"},\"inLanguage\":\"es\",\"potentialAction\":[{\"@type\":\"ReadAction\",\"target\":[\"https:\\\/\\\/webdelmaestrocmf.com\\\/portal\\\/maestro-esta-listo-para-dar-el-siguiente-paso-a-la-realidad-aumentada-y-realidad-virtual\\\/\"]}]},{\"@type\":\"ImageObject\",\"inLanguage\":\"es\",\"@id\":\"https:\\\/\\\/webdelmaestrocmf.com\\\/portal\\\/maestro-esta-listo-para-dar-el-siguiente-paso-a-la-realidad-aumentada-y-realidad-virtual\\\/#primaryimage\",\"url\":\"https:\\\/\\\/webdelmaestrocmf.com\\\/portal\\\/wp-content\\\/uploads\\\/2020\\\/08\\\/1-copia-84.jpg\",\"contentUrl\":\"https:\\\/\\\/webdelmaestrocmf.com\\\/portal\\\/wp-content\\\/uploads\\\/2020\\\/08\\\/1-copia-84.jpg\",\"width\":1100,\"height\":680},{\"@type\":\"BreadcrumbList\",\"@id\":\"https:\\\/\\\/webdelmaestrocmf.com\\\/portal\\\/maestro-esta-listo-para-dar-el-siguiente-paso-a-la-realidad-aumentada-y-realidad-virtual\\\/#breadcrumb\",\"itemListElement\":[{\"@type\":\"ListItem\",\"position\":1,\"name\":\"Portada\",\"item\":\"https:\\\/\\\/webdelmaestrocmf.com\\\/portal\\\/\"},{\"@type\":\"ListItem\",\"position\":2,\"name\":\"Tecnolog\u00eda\",\"item\":\"https:\\\/\\\/webdelmaestrocmf.com\\\/portal\\\/category\\\/tecnologia\\\/\"},{\"@type\":\"ListItem\",\"position\":3,\"name\":\"Maestro, est\u00e1 listo para dar el siguiente paso a la Realidad Aumentada y Realidad Virtual\"}]},{\"@type\":\"WebSite\",\"@id\":\"https:\\\/\\\/webdelmaestrocmf.com\\\/portal\\\/#website\",\"url\":\"https:\\\/\\\/webdelmaestrocmf.com\\\/portal\\\/\",\"name\":\"Web del Maestro CMF\",\"description\":\"Maestros al servicio de la educaci\u00f3n\",\"publisher\":{\"@id\":\"https:\\\/\\\/webdelmaestrocmf.com\\\/portal\\\/#organization\"},\"alternateName\":\"WMCMF\",\"potentialAction\":[{\"@type\":\"SearchAction\",\"target\":{\"@type\":\"EntryPoint\",\"urlTemplate\":\"https:\\\/\\\/webdelmaestrocmf.com\\\/portal\\\/?s={search_term_string}\"},\"query-input\":{\"@type\":\"PropertyValueSpecification\",\"valueRequired\":true,\"valueName\":\"search_term_string\"}}],\"inLanguage\":\"es\"},{\"@type\":\"Organization\",\"@id\":\"https:\\\/\\\/webdelmaestrocmf.com\\\/portal\\\/#organization\",\"name\":\"Web del Maestro CMF\",\"alternateName\":\"WMCMF\",\"url\":\"https:\\\/\\\/webdelmaestrocmf.com\\\/portal\\\/\",\"logo\":{\"@type\":\"ImageObject\",\"inLanguage\":\"es\",\"@id\":\"https:\\\/\\\/webdelmaestrocmf.com\\\/portal\\\/#\\\/schema\\\/logo\\\/image\\\/\",\"url\":\"https:\\\/\\\/webdelmaestrocmf.com\\\/portal\\\/wp-content\\\/uploads\\\/2023\\\/01\\\/logo-wmcmf-2.png\",\"contentUrl\":\"https:\\\/\\\/webdelmaestrocmf.com\\\/portal\\\/wp-content\\\/uploads\\\/2023\\\/01\\\/logo-wmcmf-2.png\",\"width\":200,\"height\":60,\"caption\":\"Web del Maestro CMF\"},\"image\":{\"@id\":\"https:\\\/\\\/webdelmaestrocmf.com\\\/portal\\\/#\\\/schema\\\/logo\\\/image\\\/\"},\"sameAs\":[\"https:\\\/\\\/www.facebook.com\\\/WebdelMaestroCMF\\\/\",\"https:\\\/\\\/x.com\\\/cmf_w\",\"https:\\\/\\\/www.pinterest.com\\\/WMCMF\\\/\",\"https:\\\/\\\/www.linkedin.com\\\/company\\\/web-del-maestro-cmf\\\/\",\"https:\\\/\\\/www.instagram.com\\\/wmcmf\\\/\",\"https:\\\/\\\/www.youtube.com\\\/channel\\\/UCDPSvjbdodE5sHnC3OxutHw\",\"https:\\\/\\\/mastodon.social\\\/@wmcmf\",\"https:\\\/\\\/www.tiktok.com\\\/@webdelmaestrocmf\"]},{\"@type\":\"Person\",\"@id\":\"https:\\\/\\\/webdelmaestrocmf.com\\\/portal\\\/#\\\/schema\\\/person\\\/1072a2ed7bd960df8ef99a551fa35dc5\",\"name\":\"Web del Maestro CMF\",\"image\":{\"@type\":\"ImageObject\",\"inLanguage\":\"es\",\"@id\":\"https:\\\/\\\/secure.gravatar.com\\\/avatar\\\/23291dd5b5ae1077dcff3dbb04c3e02bd28403fa75af6d8787d5e97c5bbbe30b?s=96&d=mm&r=g\",\"url\":\"https:\\\/\\\/secure.gravatar.com\\\/avatar\\\/23291dd5b5ae1077dcff3dbb04c3e02bd28403fa75af6d8787d5e97c5bbbe30b?s=96&d=mm&r=g\",\"contentUrl\":\"https:\\\/\\\/secure.gravatar.com\\\/avatar\\\/23291dd5b5ae1077dcff3dbb04c3e02bd28403fa75af6d8787d5e97c5bbbe30b?s=96&d=mm&r=g\",\"caption\":\"Web del Maestro CMF\"},\"description\":\"Esta Web se cre\u00f3 sin fines de lucro, con fines educativos, cient\u00edficos y acad\u00e9micos, para personas que tengan dificultades y\\\/o inconvenientes en visualizar el material original. El objetivo es entregar recursos, compartir experiencias y materiales que ayuden a los padres de familia, maestros y estudiantes en su actualizaci\u00f3n y formaci\u00f3n permanente, en bien de la Educaci\u00f3n.\",\"sameAs\":[\"http:\\\/\\\/webdelmaestrocmf.com\\\/portal\",\"https:\\\/\\\/www.facebook.com\\\/WebdelMaestroCMF\\\/\",\"https:\\\/\\\/www.instagram.com\\\/wmcmf\\\/\",\"https:\\\/\\\/cl.linkedin.com\\\/company\\\/web-del-maestro-cmf\",\"https:\\\/\\\/www.pinterest.com\\\/WMCMF\\\/publicaciones\\\/\",\"https:\\\/\\\/x.com\\\/cmf_w\",\"https:\\\/\\\/www.youtube.com\\\/@WMCMF\"]}]}<\/script>\n<!-- \/ Yoast SEO plugin. -->","yoast_head_json":{"title":"Maestro, est\u00e1 listo para dar el siguiente paso a la Realidad Aumentada y Realidad Virtual - 2026","description":"Haremos un breve recorrido sobre el abanico de posibilidades que ofrecen las tecnolog\u00edas inmersivas. Iniciaremos con el...","robots":{"index":"index","follow":"follow","max-snippet":"max-snippet:-1","max-image-preview":"max-image-preview:large","max-video-preview":"max-video-preview:-1"},"canonical":"https:\/\/webdelmaestrocmf.com\/portal\/maestro-esta-listo-para-dar-el-siguiente-paso-a-la-realidad-aumentada-y-realidad-virtual\/","og_locale":"es_ES","og_type":"article","og_title":"Maestro, est\u00e1 listo para dar el siguiente paso a la Realidad Aumentada y Realidad Virtual - 2026","og_description":"Haremos un breve recorrido sobre el abanico de posibilidades que ofrecen las tecnolog\u00edas inmersivas. Iniciaremos con el...","og_url":"https:\/\/webdelmaestrocmf.com\/portal\/maestro-esta-listo-para-dar-el-siguiente-paso-a-la-realidad-aumentada-y-realidad-virtual\/","og_site_name":"Web del Maestro CMF","article_publisher":"https:\/\/www.facebook.com\/WebdelMaestroCMF\/","article_author":"https:\/\/www.facebook.com\/WebdelMaestroCMF\/","article_published_time":"2020-09-01T02:52:14+00:00","article_modified_time":"2020-12-22T20:58:08+00:00","og_image":[{"width":1100,"height":680,"url":"https:\/\/i0.wp.com\/webdelmaestrocmf.com\/portal\/wp-content\/uploads\/2020\/08\/1-copia-84.jpg?fit=1100%2C680&ssl=1","type":"image\/jpeg"}],"author":"Web del Maestro CMF","twitter_card":"summary_large_image","twitter_creator":"@cmf_w","twitter_site":"@cmf_w","schema":{"@context":"https:\/\/schema.org","@graph":[{"@type":"ScholarlyArticle","@id":"https:\/\/webdelmaestrocmf.com\/portal\/maestro-esta-listo-para-dar-el-siguiente-paso-a-la-realidad-aumentada-y-realidad-virtual\/#article","isPartOf":{"@id":"https:\/\/webdelmaestrocmf.com\/portal\/maestro-esta-listo-para-dar-el-siguiente-paso-a-la-realidad-aumentada-y-realidad-virtual\/"},"author":{"name":"Web del Maestro CMF","@id":"https:\/\/webdelmaestrocmf.com\/portal\/#\/schema\/person\/1072a2ed7bd960df8ef99a551fa35dc5"},"headline":"Maestro, est\u00e1 listo para dar el siguiente paso a la Realidad Aumentada y Realidad Virtual","datePublished":"2020-09-01T02:52:14+00:00","dateModified":"2020-12-22T20:58:08+00:00","mainEntityOfPage":{"@id":"https:\/\/webdelmaestrocmf.com\/portal\/maestro-esta-listo-para-dar-el-siguiente-paso-a-la-realidad-aumentada-y-realidad-virtual\/"},"wordCount":2612,"commentCount":0,"publisher":{"@id":"https:\/\/webdelmaestrocmf.com\/portal\/#organization"},"image":{"@id":"https:\/\/webdelmaestrocmf.com\/portal\/maestro-esta-listo-para-dar-el-siguiente-paso-a-la-realidad-aumentada-y-realidad-virtual\/#primaryimage"},"thumbnailUrl":"https:\/\/webdelmaestrocmf.com\/portal\/wp-content\/uploads\/2020\/08\/1-copia-84.jpg","keywords":["AUMENTADA","dar","listo","Maestro","paso","REALIDAD","siguiente","VIRTUAL"],"articleSection":["Software","Tecnolog\u00eda","TIC"],"inLanguage":"es","potentialAction":[{"@type":"CommentAction","name":"Comment","target":["https:\/\/webdelmaestrocmf.com\/portal\/maestro-esta-listo-para-dar-el-siguiente-paso-a-la-realidad-aumentada-y-realidad-virtual\/#respond"]}]},{"@type":"WebPage","@id":"https:\/\/webdelmaestrocmf.com\/portal\/maestro-esta-listo-para-dar-el-siguiente-paso-a-la-realidad-aumentada-y-realidad-virtual\/","url":"https:\/\/webdelmaestrocmf.com\/portal\/maestro-esta-listo-para-dar-el-siguiente-paso-a-la-realidad-aumentada-y-realidad-virtual\/","name":"Maestro, est\u00e1 listo para dar el siguiente paso a la Realidad Aumentada y Realidad Virtual - 2026","isPartOf":{"@id":"https:\/\/webdelmaestrocmf.com\/portal\/#website"},"primaryImageOfPage":{"@id":"https:\/\/webdelmaestrocmf.com\/portal\/maestro-esta-listo-para-dar-el-siguiente-paso-a-la-realidad-aumentada-y-realidad-virtual\/#primaryimage"},"image":{"@id":"https:\/\/webdelmaestrocmf.com\/portal\/maestro-esta-listo-para-dar-el-siguiente-paso-a-la-realidad-aumentada-y-realidad-virtual\/#primaryimage"},"thumbnailUrl":"https:\/\/webdelmaestrocmf.com\/portal\/wp-content\/uploads\/2020\/08\/1-copia-84.jpg","datePublished":"2020-09-01T02:52:14+00:00","dateModified":"2020-12-22T20:58:08+00:00","description":"Haremos un breve recorrido sobre el abanico de posibilidades que ofrecen las tecnolog\u00edas inmersivas. Iniciaremos con el...","breadcrumb":{"@id":"https:\/\/webdelmaestrocmf.com\/portal\/maestro-esta-listo-para-dar-el-siguiente-paso-a-la-realidad-aumentada-y-realidad-virtual\/#breadcrumb"},"inLanguage":"es","potentialAction":[{"@type":"ReadAction","target":["https:\/\/webdelmaestrocmf.com\/portal\/maestro-esta-listo-para-dar-el-siguiente-paso-a-la-realidad-aumentada-y-realidad-virtual\/"]}]},{"@type":"ImageObject","inLanguage":"es","@id":"https:\/\/webdelmaestrocmf.com\/portal\/maestro-esta-listo-para-dar-el-siguiente-paso-a-la-realidad-aumentada-y-realidad-virtual\/#primaryimage","url":"https:\/\/webdelmaestrocmf.com\/portal\/wp-content\/uploads\/2020\/08\/1-copia-84.jpg","contentUrl":"https:\/\/webdelmaestrocmf.com\/portal\/wp-content\/uploads\/2020\/08\/1-copia-84.jpg","width":1100,"height":680},{"@type":"BreadcrumbList","@id":"https:\/\/webdelmaestrocmf.com\/portal\/maestro-esta-listo-para-dar-el-siguiente-paso-a-la-realidad-aumentada-y-realidad-virtual\/#breadcrumb","itemListElement":[{"@type":"ListItem","position":1,"name":"Portada","item":"https:\/\/webdelmaestrocmf.com\/portal\/"},{"@type":"ListItem","position":2,"name":"Tecnolog\u00eda","item":"https:\/\/webdelmaestrocmf.com\/portal\/category\/tecnologia\/"},{"@type":"ListItem","position":3,"name":"Maestro, est\u00e1 listo para dar el siguiente paso a la Realidad Aumentada y Realidad Virtual"}]},{"@type":"WebSite","@id":"https:\/\/webdelmaestrocmf.com\/portal\/#website","url":"https:\/\/webdelmaestrocmf.com\/portal\/","name":"Web del Maestro CMF","description":"Maestros al servicio de la educaci\u00f3n","publisher":{"@id":"https:\/\/webdelmaestrocmf.com\/portal\/#organization"},"alternateName":"WMCMF","potentialAction":[{"@type":"SearchAction","target":{"@type":"EntryPoint","urlTemplate":"https:\/\/webdelmaestrocmf.com\/portal\/?s={search_term_string}"},"query-input":{"@type":"PropertyValueSpecification","valueRequired":true,"valueName":"search_term_string"}}],"inLanguage":"es"},{"@type":"Organization","@id":"https:\/\/webdelmaestrocmf.com\/portal\/#organization","name":"Web del Maestro CMF","alternateName":"WMCMF","url":"https:\/\/webdelmaestrocmf.com\/portal\/","logo":{"@type":"ImageObject","inLanguage":"es","@id":"https:\/\/webdelmaestrocmf.com\/portal\/#\/schema\/logo\/image\/","url":"https:\/\/webdelmaestrocmf.com\/portal\/wp-content\/uploads\/2023\/01\/logo-wmcmf-2.png","contentUrl":"https:\/\/webdelmaestrocmf.com\/portal\/wp-content\/uploads\/2023\/01\/logo-wmcmf-2.png","width":200,"height":60,"caption":"Web del Maestro CMF"},"image":{"@id":"https:\/\/webdelmaestrocmf.com\/portal\/#\/schema\/logo\/image\/"},"sameAs":["https:\/\/www.facebook.com\/WebdelMaestroCMF\/","https:\/\/x.com\/cmf_w","https:\/\/www.pinterest.com\/WMCMF\/","https:\/\/www.linkedin.com\/company\/web-del-maestro-cmf\/","https:\/\/www.instagram.com\/wmcmf\/","https:\/\/www.youtube.com\/channel\/UCDPSvjbdodE5sHnC3OxutHw","https:\/\/mastodon.social\/@wmcmf","https:\/\/www.tiktok.com\/@webdelmaestrocmf"]},{"@type":"Person","@id":"https:\/\/webdelmaestrocmf.com\/portal\/#\/schema\/person\/1072a2ed7bd960df8ef99a551fa35dc5","name":"Web del Maestro CMF","image":{"@type":"ImageObject","inLanguage":"es","@id":"https:\/\/secure.gravatar.com\/avatar\/23291dd5b5ae1077dcff3dbb04c3e02bd28403fa75af6d8787d5e97c5bbbe30b?s=96&d=mm&r=g","url":"https:\/\/secure.gravatar.com\/avatar\/23291dd5b5ae1077dcff3dbb04c3e02bd28403fa75af6d8787d5e97c5bbbe30b?s=96&d=mm&r=g","contentUrl":"https:\/\/secure.gravatar.com\/avatar\/23291dd5b5ae1077dcff3dbb04c3e02bd28403fa75af6d8787d5e97c5bbbe30b?s=96&d=mm&r=g","caption":"Web del Maestro CMF"},"description":"Esta Web se cre\u00f3 sin fines de lucro, con fines educativos, cient\u00edficos y acad\u00e9micos, para personas que tengan dificultades y\/o inconvenientes en visualizar el material original. El objetivo es entregar recursos, compartir experiencias y materiales que ayuden a los padres de familia, maestros y estudiantes en su actualizaci\u00f3n y formaci\u00f3n permanente, en bien de la Educaci\u00f3n.","sameAs":["http:\/\/webdelmaestrocmf.com\/portal","https:\/\/www.facebook.com\/WebdelMaestroCMF\/","https:\/\/www.instagram.com\/wmcmf\/","https:\/\/cl.linkedin.com\/company\/web-del-maestro-cmf","https:\/\/www.pinterest.com\/WMCMF\/publicaciones\/","https:\/\/x.com\/cmf_w","https:\/\/www.youtube.com\/@WMCMF"]}]}},"jetpack_featured_media_url":"https:\/\/webdelmaestrocmf.com\/portal\/wp-content\/uploads\/2020\/08\/1-copia-84.jpg","jetpack_sharing_enabled":true,"jetpack-related-posts":[{"id":59437,"url":"https:\/\/webdelmaestrocmf.com\/portal\/21-aplicaciones-de-realidad-aumentada-para-educacion\/","url_meta":{"origin":50725,"position":0},"title":"21 aplicaciones de Realidad Aumentada para educaci\u00f3n","author":"Web del Maestro CMF","date":"16 febrero, 2021","format":false,"excerpt":"El presente EduTrends ofrece un acercamiento amplio al papel que est\u00e1n jugando en el \u00e1mbito educativo internacional tendencias como la Realidad Aumentada y la Realidad Virtual. La adopci\u00f3n e integraci\u00f3n de estas tecnolog\u00edas representan un sinf\u00edn de posibilidades para innovar en nuestra pr\u00e1ctica docente, tal y como se aprecia en\u2026","rel":"","context":"En \u00abSoftware\u00bb","block_context":{"text":"Software","link":"https:\/\/webdelmaestrocmf.com\/portal\/category\/tecnologia\/software\/"},"img":{"alt_text":"","src":"https:\/\/i0.wp.com\/webdelmaestrocmf.com\/portal\/wp-content\/uploads\/2021\/02\/1-37.jpg?resize=350%2C200&ssl=1","width":350,"height":200,"srcset":"https:\/\/i0.wp.com\/webdelmaestrocmf.com\/portal\/wp-content\/uploads\/2021\/02\/1-37.jpg?resize=350%2C200&ssl=1 1x, https:\/\/i0.wp.com\/webdelmaestrocmf.com\/portal\/wp-content\/uploads\/2021\/02\/1-37.jpg?resize=525%2C300&ssl=1 1.5x, https:\/\/i0.wp.com\/webdelmaestrocmf.com\/portal\/wp-content\/uploads\/2021\/02\/1-37.jpg?resize=700%2C400&ssl=1 2x, https:\/\/i0.wp.com\/webdelmaestrocmf.com\/portal\/wp-content\/uploads\/2021\/02\/1-37.jpg?resize=1050%2C600&ssl=1 3x"},"classes":[]},{"id":89720,"url":"https:\/\/webdelmaestrocmf.com\/portal\/carlos-massuh-la-realidad-aumentada-ra-como-recurso-didactico\/","url_meta":{"origin":50725,"position":1},"title":"[Carlos Massuh] La Realidad Aumentada (RA) como recurso did\u00e1ctico","author":"Web del Maestro CMF","date":"1 junio, 2023","format":false,"excerpt":"La realidad aumentada (RA) es una tecnolog\u00eda que combina elementos virtuales con el entorno real, ofreciendo una experiencia interactiva e inmersiva. Implementar recursos de realidad aumentada en el aula puede enriquecer el proceso de ense\u00f1anza-aprendizaje al proporcionar una experiencia visual y pr\u00e1ctica m\u00e1s atractiva para los estudiantes. A continuaci\u00f3n, se\u2026","rel":"","context":"En \u00abZ-Colaboradores\u00bb","block_context":{"text":"Z-Colaboradores","link":"https:\/\/webdelmaestrocmf.com\/portal\/category\/colaborador\/"},"img":{"alt_text":"","src":"https:\/\/i0.wp.com\/webdelmaestrocmf.com\/portal\/wp-content\/uploads\/2023\/06\/A12B3C4D-2023-06-01T160125.381.jpg?resize=350%2C200&ssl=1","width":350,"height":200,"srcset":"https:\/\/i0.wp.com\/webdelmaestrocmf.com\/portal\/wp-content\/uploads\/2023\/06\/A12B3C4D-2023-06-01T160125.381.jpg?resize=350%2C200&ssl=1 1x, https:\/\/i0.wp.com\/webdelmaestrocmf.com\/portal\/wp-content\/uploads\/2023\/06\/A12B3C4D-2023-06-01T160125.381.jpg?resize=525%2C300&ssl=1 1.5x, https:\/\/i0.wp.com\/webdelmaestrocmf.com\/portal\/wp-content\/uploads\/2023\/06\/A12B3C4D-2023-06-01T160125.381.jpg?resize=700%2C400&ssl=1 2x"},"classes":[]},{"id":91000,"url":"https:\/\/webdelmaestrocmf.com\/portal\/como-usar-la-realidad-aumentada-colaborativa-con-las-siguientes-metologias\/","url_meta":{"origin":50725,"position":2},"title":"\u00bfC\u00f3mo usar la Realidad Aumentada \u00abColaborativa\u00bb con las siguientes metodolog\u00edas?","author":"Web del Maestro CMF","date":"25 julio, 2023","format":false,"excerpt":"La Realidad Aumentada \"Colaborativa\" RAC es una tecnolog\u00eda que combina la realidad aumentada con la colaboraci\u00f3n en tiempo real, permitiendo superponer elementos digitales en el entorno f\u00edsico compartido. A trav\u00e9s de la RAC, los docentes pueden enriquecer la experiencia educativa al agregar elementos visuales, interactivos y 3D que pueden mejorar\u2026","rel":"","context":"En \u00abMetodolog\u00edas\u00bb","block_context":{"text":"Metodolog\u00edas","link":"https:\/\/webdelmaestrocmf.com\/portal\/category\/pedagogia\/metodologias\/"},"img":{"alt_text":"","src":"https:\/\/i0.wp.com\/webdelmaestrocmf.com\/portal\/wp-content\/uploads\/2023\/07\/A12B3C4D-4-1.jpg?resize=350%2C200&ssl=1","width":350,"height":200,"srcset":"https:\/\/i0.wp.com\/webdelmaestrocmf.com\/portal\/wp-content\/uploads\/2023\/07\/A12B3C4D-4-1.jpg?resize=350%2C200&ssl=1 1x, https:\/\/i0.wp.com\/webdelmaestrocmf.com\/portal\/wp-content\/uploads\/2023\/07\/A12B3C4D-4-1.jpg?resize=525%2C300&ssl=1 1.5x, https:\/\/i0.wp.com\/webdelmaestrocmf.com\/portal\/wp-content\/uploads\/2023\/07\/A12B3C4D-4-1.jpg?resize=700%2C400&ssl=1 2x"},"classes":[]},{"id":66557,"url":"https:\/\/webdelmaestrocmf.com\/portal\/aprende-geografia-con-este-atlas-en-realidad-aumentada\/","url_meta":{"origin":50725,"position":3},"title":"Aprende geograf\u00eda con este Atlas en Realidad Aumentada","author":"Web del Maestro CMF","date":"14 agosto, 2021","format":false,"excerpt":"Con el\u00a0Atlas mundial en Realidad Aumentada\u00a0que ofrecemos en nuestra app los alumnos podr\u00e1n aprender sobre la geograf\u00eda mundial en un entorno innovador, divertido y altamente efectivo. La experiencia permite que los alumnos y maestros interact\u00faen con un\u00a0globo terr\u00e1queo virtual en 3D\u00a0en cualquier espacio f\u00edsico y accedan a informaci\u00f3n relevante de\u2026","rel":"","context":"En \u00abRedes Sociales\u00bb","block_context":{"text":"Redes Sociales","link":"https:\/\/webdelmaestrocmf.com\/portal\/category\/tecnologia\/redes-sociales\/"},"img":{"alt_text":"","src":"https:\/\/i0.wp.com\/webdelmaestrocmf.com\/portal\/wp-content\/uploads\/2021\/08\/1-90.jpg?resize=350%2C200&ssl=1","width":350,"height":200,"srcset":"https:\/\/i0.wp.com\/webdelmaestrocmf.com\/portal\/wp-content\/uploads\/2021\/08\/1-90.jpg?resize=350%2C200&ssl=1 1x, https:\/\/i0.wp.com\/webdelmaestrocmf.com\/portal\/wp-content\/uploads\/2021\/08\/1-90.jpg?resize=525%2C300&ssl=1 1.5x, https:\/\/i0.wp.com\/webdelmaestrocmf.com\/portal\/wp-content\/uploads\/2021\/08\/1-90.jpg?resize=700%2C400&ssl=1 2x, https:\/\/i0.wp.com\/webdelmaestrocmf.com\/portal\/wp-content\/uploads\/2021\/08\/1-90.jpg?resize=1050%2C600&ssl=1 3x"},"classes":[]},{"id":62367,"url":"https:\/\/webdelmaestrocmf.com\/portal\/claves-para-incluir-a-un-nino-o-nina-con-autismo-o-asperger-en-nuestras-clases-de-educacion-fisica-por-zoom\/","url_meta":{"origin":50725,"position":4},"title":"Claves para incluir a un ni\u00f1o o ni\u00f1a con Autismo o Asperger en nuestras clases de educaci\u00f3n f\u00edsica por Zoom","author":"Web del Maestro CMF","date":"28 abril, 2021","format":false,"excerpt":"El t\u00e9rmino \u201cautismo\u201d hace inclusi\u00f3n a una variedad de trastornos que se conocen como \u201cTrastornos del Espectro Autista\u201d (TEA). Estos trastornos son clasificados como TEA y se manifiestan en los primeros tres a\u00f1os de vida de un\u00a0ni\u00f1o, el cual es\u00a0neurobiol\u00f3gico\u00a0y\u00a0perdura durante todo el\u00a0ciclo vital. Uno de los mayores retos de\u2026","rel":"","context":"En \u00abSoftware\u00bb","block_context":{"text":"Software","link":"https:\/\/webdelmaestrocmf.com\/portal\/category\/tecnologia\/software\/"},"img":{"alt_text":"","src":"https:\/\/i0.wp.com\/webdelmaestrocmf.com\/portal\/wp-content\/uploads\/2021\/04\/1-153.jpg?resize=350%2C200&ssl=1","width":350,"height":200,"srcset":"https:\/\/i0.wp.com\/webdelmaestrocmf.com\/portal\/wp-content\/uploads\/2021\/04\/1-153.jpg?resize=350%2C200&ssl=1 1x, https:\/\/i0.wp.com\/webdelmaestrocmf.com\/portal\/wp-content\/uploads\/2021\/04\/1-153.jpg?resize=525%2C300&ssl=1 1.5x, https:\/\/i0.wp.com\/webdelmaestrocmf.com\/portal\/wp-content\/uploads\/2021\/04\/1-153.jpg?resize=700%2C400&ssl=1 2x, https:\/\/i0.wp.com\/webdelmaestrocmf.com\/portal\/wp-content\/uploads\/2021\/04\/1-153.jpg?resize=1050%2C600&ssl=1 3x"},"classes":[]},{"id":49350,"url":"https:\/\/webdelmaestrocmf.com\/portal\/5-usos-comunes-de-la-tecnologia-en-el-aula-de-hoy\/","url_meta":{"origin":50725,"position":5},"title":"15 usos comunes de la tecnolog\u00eda en el aula de hoy","author":"Web del Maestro CMF","date":"22 julio, 2020","format":false,"excerpt":"En la era digital actual, la tecnolog\u00eda se ha convertido en un componente fundamental de la educaci\u00f3n. Los docentes se encuentran en un momento de transformaci\u00f3n, donde la integraci\u00f3n efectiva de la tecnolog\u00eda en el aula puede abrir puertas a un mundo de posibilidades educativas. Con la r\u00e1pida evoluci\u00f3n de\u2026","rel":"","context":"En \u00abRecursos\u00bb","block_context":{"text":"Recursos","link":"https:\/\/webdelmaestrocmf.com\/portal\/category\/pedagogia\/"},"img":{"alt_text":"tecnolog\u00eda en el aula","src":"https:\/\/i0.wp.com\/webdelmaestrocmf.com\/portal\/wp-content\/uploads\/2020\/07\/1-copia-49.jpg?resize=350%2C200&ssl=1","width":350,"height":200,"srcset":"https:\/\/i0.wp.com\/webdelmaestrocmf.com\/portal\/wp-content\/uploads\/2020\/07\/1-copia-49.jpg?resize=350%2C200&ssl=1 1x, https:\/\/i0.wp.com\/webdelmaestrocmf.com\/portal\/wp-content\/uploads\/2020\/07\/1-copia-49.jpg?resize=525%2C300&ssl=1 1.5x, https:\/\/i0.wp.com\/webdelmaestrocmf.com\/portal\/wp-content\/uploads\/2020\/07\/1-copia-49.jpg?resize=700%2C400&ssl=1 2x, https:\/\/i0.wp.com\/webdelmaestrocmf.com\/portal\/wp-content\/uploads\/2020\/07\/1-copia-49.jpg?resize=1050%2C600&ssl=1 3x"},"classes":[]}],"_links":{"self":[{"href":"https:\/\/webdelmaestrocmf.com\/portal\/wp-json\/wp\/v2\/posts\/50725","targetHints":{"allow":["GET"]}}],"collection":[{"href":"https:\/\/webdelmaestrocmf.com\/portal\/wp-json\/wp\/v2\/posts"}],"about":[{"href":"https:\/\/webdelmaestrocmf.com\/portal\/wp-json\/wp\/v2\/types\/post"}],"author":[{"embeddable":true,"href":"https:\/\/webdelmaestrocmf.com\/portal\/wp-json\/wp\/v2\/users\/1"}],"replies":[{"embeddable":true,"href":"https:\/\/webdelmaestrocmf.com\/portal\/wp-json\/wp\/v2\/comments?post=50725"}],"version-history":[{"count":0,"href":"https:\/\/webdelmaestrocmf.com\/portal\/wp-json\/wp\/v2\/posts\/50725\/revisions"}],"wp:featuredmedia":[{"embeddable":true,"href":"https:\/\/webdelmaestrocmf.com\/portal\/wp-json\/wp\/v2\/media\/50737"}],"wp:attachment":[{"href":"https:\/\/webdelmaestrocmf.com\/portal\/wp-json\/wp\/v2\/media?parent=50725"}],"wp:term":[{"taxonomy":"category","embeddable":true,"href":"https:\/\/webdelmaestrocmf.com\/portal\/wp-json\/wp\/v2\/categories?post=50725"},{"taxonomy":"post_tag","embeddable":true,"href":"https:\/\/webdelmaestrocmf.com\/portal\/wp-json\/wp\/v2\/tags?post=50725"}],"curies":[{"name":"wp","href":"https:\/\/api.w.org\/{rel}","templated":true}]}}