{"id":50681,"date":"2020-08-31T12:22:22","date_gmt":"2020-08-31T16:22:22","guid":{"rendered":"https:\/\/webdelmaestrocmf.com\/portal\/?p=50681"},"modified":"2023-02-19T15:19:22","modified_gmt":"2023-02-19T18:19:22","slug":"educacion-a-distancia-inclusiva-con-planes-de-aprendizaje-accesibles-adaptados-e-individualizados","status":"publish","type":"post","link":"https:\/\/webdelmaestrocmf.com\/portal\/educacion-a-distancia-inclusiva-con-planes-de-aprendizaje-accesibles-adaptados-e-individualizados\/","title":{"rendered":"Educaci\u00f3n a Distancia Inclusiva con planes de aprendizaje accesibles, adaptados e individualizados"},"content":{"rendered":"<h5 style=\"text-align: justify;\">El Programa de Acci\u00f3n Mundial para las Personas con Discapacidad (GLAD, por sus siglas en ingl\u00e9s), hace un llamado a <strong>garantizar el derecho a la educaci\u00f3n de los educandos discapacitados en este tiempo de emergencia educativa a causa del Covid 19,<\/strong> y nos llama a reducir las desigualdades que <strong>parecen ignoradas o invisibilizadas en los planes de estudio.<\/strong> Como educadores sabemos que debemos -aunque las autoridades educativas no lo hagan- garantizar la continuidad del aprendizaje, la inclusi\u00f3n y la equidad para todos los estudiantes.<\/h5>\n<p><!--more--><\/p>\n<h5 style=\"text-align: justify;\">Antes de continuar, vale la pena tener en cuenta que seg\u00fan la <strong>Convenci\u00f3n Internacional por los Derechos de las Personas con Discapacidad de Naciones Unidas (ONU)<\/strong> se dispuso que el <strong>t\u00e9rmino adecuado<\/strong> para referirnos a las personas que tienen una o m\u00e1s discapacidades es: \u201c<strong>Personas con Discapacidad\u201d (PCD) o \u201cPersonas en situaci\u00f3n de Discapacidad\u201d <\/strong>(PeSD).<\/h5>\n<p style=\"text-align: justify;\">\u201cPorque <strong>la discapacidad nace de una situaci\u00f3n provocada en la misma interacci\u00f3n de la persona con el entorno<\/strong>. Que no siempre se encuentra habilitado ni en su medio f\u00edsico o social. La discapacidad en si misma no es un atributo del ser humano. Eso se desarrolla como un modelo social en la discapacidad. Ya no es un tema de salud netamente sino de <strong>Derechos Humanos<\/strong>. Evitar el asistencialismo y promover una visi\u00f3n positiva para abordar el tema\u201d. Y desde esta perspectiva compartimos una lectura positiva de la educaci\u00f3n a distancia inclusiva del <strong>GLAD<\/strong>, la <strong>UNESCO<\/strong> y la <strong>UNICEF<\/strong>, cuyos enlace<strong>s les sugerimos leer para tener una informaci\u00f3n m\u00e1s completa<\/strong>. <a href=\"https:\/\/disiswork.com\/blog\/como-se-dice-discapacidad-vs-habilidades-diferentes\/#:~:text=Seg%C3%BAn%20la%20Convenci%C3%B3n%20Internacional%20por,de%20Discapacidad%E2%80%9D%20(PeSD).\" target=\"_blank\" rel=\"noopener noreferrer\">Cf <strong>C\u00d3MO SE DICE \u2013 DISCAPACIDAD VS. HABILIDADES DIFERENTES<\/strong><\/a><\/p>\n<p style=\"text-align: justify;\">\u201cPara que <strong>todos los educandos discapacitados<\/strong> sigan recibiendo una educaci\u00f3n de calidad, hay que tomar medidas urgentes que tengan en cuenta sus necesidades espec\u00edficas para establecer <strong>planes de aprendizaje accesibles, adaptados e individualizados<\/strong>. Los enfoques que combinan soluciones poco tecnol\u00f3gicas o en las que la tecnolog\u00eda est\u00e1 excluida, opciones de subt\u00edtulos y lenguaje de signos, incluidas la integraci\u00f3n de cursos de recuperaci\u00f3n, son tan buenos como el apoyo a los alumnos excluidos del aprendizaje en sus casas y velar porque se satisfagan sus necesidades sociales y emoci\u00f3n. <a href=\"https:\/\/es.unesco.org\/news\/incluir-educandos-discapacidades-respuestas-educativas-al-covid-19\" target=\"_blank\" rel=\"noopener noreferrer\"><strong>INCLUIR A LOS EDUCANDOS CON DISCAPACIDADES EN LAS RESPUESTAS EDUCATIVAS AL COVID-19<\/strong><\/a><\/p>\n<p style=\"text-align: justify;\">Art\u00edculo recomendado: <a href=\"https:\/\/webdelmaestrocmf.com\/portal\/herramienta-digital-personas-discapacidad-intelectual\/\" target=\"_blank\" rel=\"noopener noreferrer\"><strong>HERRAMIENTA DIGITAL PARA PERSONAS CON DISCAPACIDAD INTELECTUAL<\/strong><\/a><\/p>\n<p><img loading=\"lazy\" decoding=\"async\" class=\"alignnone wp-image-50683\" src=\"https:\/\/webdelmaestrocmf.com\/portal\/wp-content\/uploads\/2020\/08\/1-160.jpg\" alt=\"\" width=\"706\" height=\"397\" srcset=\"https:\/\/webdelmaestrocmf.com\/portal\/wp-content\/uploads\/2020\/08\/1-160.jpg 640w, https:\/\/webdelmaestrocmf.com\/portal\/wp-content\/uploads\/2020\/08\/1-160-300x169.jpg 300w, https:\/\/webdelmaestrocmf.com\/portal\/wp-content\/uploads\/2020\/08\/1-160-110x62.jpg 110w, https:\/\/webdelmaestrocmf.com\/portal\/wp-content\/uploads\/2020\/08\/1-160-200x113.jpg 200w, https:\/\/webdelmaestrocmf.com\/portal\/wp-content\/uploads\/2020\/08\/1-160-380x214.jpg 380w, https:\/\/webdelmaestrocmf.com\/portal\/wp-content\/uploads\/2020\/08\/1-160-255x143.jpg 255w, https:\/\/webdelmaestrocmf.com\/portal\/wp-content\/uploads\/2020\/08\/1-160-550x309.jpg 550w, https:\/\/webdelmaestrocmf.com\/portal\/wp-content\/uploads\/2020\/08\/1-160-220x124.jpg 220w, https:\/\/webdelmaestrocmf.com\/portal\/wp-content\/uploads\/2020\/08\/1-160-400x225.jpg 400w, https:\/\/webdelmaestrocmf.com\/portal\/wp-content\/uploads\/2020\/08\/1-160-510x287.jpg 510w, https:\/\/webdelmaestrocmf.com\/portal\/wp-content\/uploads\/2020\/08\/1-160-600x338.jpg 600w\" sizes=\"auto, (max-width: 706px) 100vw, 706px\" \/><\/p>\n<p style=\"text-align: justify;\">En la Declaraci\u00f3n general del Grupo de Trabajo de Educaci\u00f3n Inclusiva (GLAD), ante la <strong>creciente inequidad en la educaci\u00f3n debido a la pandemia COVID19<\/strong> que afecta especialmente a las personas con discapacidad, nos recomienda la urgente necesidad de <strong>apoyar a los alumnos con discapacidad en todos los niveles educativos<\/strong>, proponiendo respaldar, para incluir las necesidades de todos los educandos y en favor del reconocimiento de las desigualdades actuales en el acceso de las personas discapacitadas, las siguientes consideraciones:<\/p>\n<ol style=\"text-align: justify;\">\n<li>Fomentar el uso de los principios del Dise\u00f1o Universal para el Aprendizaje en los programas educativos y <strong>proporcionar ajustes razonables y apoyo individual<\/strong> para los estudiantes con discapacidades.<\/li>\n<li>La planificaci\u00f3n para la provisi\u00f3n de <strong>acceso equitativo a la educaci\u00f3n y el aprendizaje para todas las personas con discapacidad <\/strong>debe ser una parte fundamental de la estrategia de reapertura de las escuelas.<\/li>\n<li>Apoyar y facilitar la colaboraci\u00f3n de los ministerios y secretar\u00edas responsables de <strong>finanzas, protecci\u00f3n social, salud, recopilaci\u00f3n de datos, transporte, agua y saneamiento, infraestructura, etc.,<\/strong> en el soporte de la educaci\u00f3n inclusiva y la construcci\u00f3n de una sociedad inclusiva.<\/li>\n<li>Promover la implementaci\u00f3n de una <strong>pedagog\u00eda inclusiva<\/strong> que utilice la variedad de materiales de aprendizaje virtuales, transmitidos e impresos accesibles para el aprendizaje a distancia y la ense\u00f1anza a todos estudiantes, incluidos los estudiantes con discapacidades, por ejemplo, con el apoyo de <strong>subt\u00edtulos, letra m\u00e1s grande, Braille, lenguaje de se\u00f1as, f\u00e1cil de leer para personas con discapacidades intelectuales; con formatos escritos o video sin subt\u00edtulos de texto y\/o lenguaje de se\u00f1as para personas con discapacidad auditiva; y contenido web accesible para aquellos que utilizan tecnolog\u00edas de asistencia como el lector de pantalla.<\/strong><\/li>\n<li>Apoyar a familias y estudiantes con diversas necesidades de aprendizaje a trav\u00e9s de la <strong>atenci\u00f3n individual y controles durante el aprendizaje a distancia<\/strong>, con el personal especializado, voluntarios o miembros de la comunidad, adem\u00e1s del los recursos disponibles y necesarios. <a href=\"https:\/\/translate.google.com\/translate?hl=es-419&amp;sl=en&amp;u=https:\/\/gladnetwork.net\/search\/resources\/general-statement-glad-inclusive-education-working-group-response-covid-19-crisis&amp;prev=search&amp;pto=aue\" target=\"_blank\" rel=\"noopener noreferrer\"><strong>DECLARACI\u00d3N GENERAL DEL GRUPO DE TRABAJO DE EDUCACI\u00d3N INCLUSIVA GLAD EN RESPUESTA A LA CRISIS COVID-19<\/strong><\/a><\/li>\n<\/ol>\n<p style=\"text-align: justify;\">Art\u00edculo relacionado: <a href=\"https:\/\/webdelmaestrocmf.com\/portal\/la-educacion-inclusiva-derecho-humano-los-estudiantes-educados-todos-juntos\/\" target=\"_blank\" rel=\"noopener noreferrer\"><strong>GORDON PORTER: LA EDUCACI\u00d3N INCLUSIVA ES UN DERECHO HUMANO DE LOS ESTUDIANTES A SER EDUCADOS TODOS JUNTOS<\/strong><\/a><\/p>\n<p style=\"text-align: justify;\">La UNICEF tambi\u00e9n nos exhorta a tener en cuenta la <strong>inclusi\u00f3n de las personas con discapacidad <\/strong>en todas las medidas de la emergencia educativa, adoptada como <strong>respuesta a la pandemia del COVID-19. <\/strong>La educaci\u00f3n virtual, on line o a distancia debe de ser <strong>deliberada y propositiva<\/strong> con las personas con discapacidad o habilidades diferentes \u201cSi no se incluye expl\u00edcitamente en la planificaci\u00f3n desde el principio, incluso en la presupuestaci\u00f3n y la asignaci\u00f3n de recursos, <strong>existe el riesgo de que las personas con discapacidad sean excluidas de las medidas de prevenci\u00f3n y respuesta,<\/strong> a pesar de enfrentar un mayor riesgo\u201d.<\/p>\n<p><iframe loading=\"lazy\" title=\"\u00bfQU\u00c9 ES LA EDUCACI\u00d3N INCLUSIVA? Concepto, m\u00e9todos y aspectos principales de su aplicaci\u00f3n.\" width=\"1200\" height=\"675\" src=\"https:\/\/www.youtube.com\/embed\/bWQ3J6UvS7c?feature=oembed\" frameborder=\"0\" allow=\"accelerometer; autoplay; clipboard-write; encrypted-media; gyroscope; picture-in-picture; web-share\" allowfullscreen><\/iframe><\/p>\n<p style=\"text-align: justify;\">A fin de garantizar la educaci\u00f3n a distancia inclusiva, Identificar las barreras y abordar las dificultades de la educaci\u00f3n a distancia, la UNICEF nos pide tener en cuenta:<\/p>\n<ol style=\"text-align: justify;\">\n<li>A<strong>poyar la tarea de los padres de familia y los profesores,<\/strong> para minimizar las consecuencias humanas de la pandemia y la educaci\u00f3n a distancia.<\/li>\n<li>Garantizar que las plataformas de aprendizaje a distancia sean <strong>seguras y accesibles<\/strong> para los ni\u00f1os con discapacidades.<\/li>\n<li>Que <strong>los maestros reciban la debida y buena capacitaci\u00f3n<\/strong> para apoyar a los estudiantes con discapacidades de forma remota.<\/li>\n<li>Que cualquier <strong>programa de educaci\u00f3n <\/strong>especial se incluya en las medidas para garantizar la continuidad de la educaci\u00f3n.<\/li>\n<li>Proporcionar <strong>apoyo a los cuidadores de ni\u00f1os con disc<\/strong>apacidades, incluidos aquellos con desarrollo y\/o discapacidades intelectuales.<\/li>\n<li>Dotar de la <strong>implementaci\u00f3n espec\u00edfica<\/strong> para prestar la atenci\u00f3n y la educaci\u00f3n en los hogares.<\/li>\n<li>Vigilar y <strong>cuidar salud mental<\/strong> <strong>y bienestar psico<\/strong>social de los estudiantes con discapacidad.<\/li>\n<\/ol>\n<p style=\"text-align: justify;\">Les sugerimos la lectura del art\u00edculo fuente:<a href=\"https:\/\/www.unicef.org\/disabilities\/files\/RESPUESTA_COVID_-_SPANISH.pdf\" target=\"_blank\" rel=\"noopener noreferrer\"><strong> RESPUESTA COVID-19: CONSIDERACIONES PARA NIN\u0303AS, NIN\u0303OS Y ADULTOS CON DISCAPACIDADES<\/strong><\/a><\/p>\n<p style=\"text-align: justify;\">En esta emergencia educativa, con la educaci\u00f3n a distancia, los profesores tampoco la tenemos f\u00e1cil. <strong>Preparamos las clases con los contenidos y la informaci\u00f3n establecida por las autoridades educativas<\/strong>, luego nos conectamos, pensando en la mejor manera para que los estudiantes puedan acceder y recibir las clases a distancia, \u201cpero sabemos que, <strong>aunque quisi\u00e9ramos, no llegamos a todos<\/strong>. Y aqu\u00ed pensamos no s\u00f3lo en los ni\u00f1os con discapacidad, si no tambi\u00e9n en los ni\u00f1os con pocos recursos, sin ordenador (computadora), celular inteligente, o sin acceso a internet\u201d, dice una profesora espa\u00f1ola; \u201cmientras, los padres est\u00e1n en casa, haciendo malabarismos entre el trabajo, la educaci\u00f3n y el cuidado de sus hijos sin saber cu\u00e1nto tiempo m\u00e1s podr\u00e1n con esto\u201d.<\/p>\n<p style=\"text-align: justify;\">A pesar de todo, el asumir con seriedad y responsabilidad <strong>la educaci\u00f3n a distancia con su caracter\u00edstica inclusiva,<\/strong> \u201cpuede ser una oportunidad para generar conciencia y visibilizar el aporte de las personas con discapacidad a la sociedad\u201d, esperando que <strong>entre todos podamos encontrar nuevos caminos educativos<\/strong> que no ignoren ni discriminen a ning\u00fan ni\u00f1o ni joven, de tal manera que entre todos evitemos que la Educaci\u00f3n a Distancia Inclusiva sea una ilusi\u00f3n m\u00e1s, despu\u00e9s que hayamos superado la emergencia sanitaria, educativa, econ\u00f3mica y social que nos ha planteado el Covid 19. <a href=\"https:\/\/www.somosiberoamerica.org\/temas\/discapacidad\/lecciones-de-educacion-inclusiva-en-tiempos-de-reclusion\/\" target=\"_blank\" rel=\"noopener noreferrer\"><strong>LECCIONES DE EDUCACI\u00d3N INCLUSIVA EN TIEMPOS DE RECLUSI\u00d3N<\/strong><\/a><\/p>\n<p style=\"text-align: justify;\">En esta l\u00ednea, Carlos Vargas-Tamez, jefe de la unidad de desarrollo docente de la oficina regional de Educaci\u00f3n para Am\u00e9rica Latina y el Caribe de UNESCO, sostiene que \u00abentre las lecciones que nos deja el covid-19 est\u00e1 que <strong>la inclusi\u00f3n educativa es tarea de todos y todas<\/strong>. <strong>Desde quienes hacen las leyes, hasta los profesores, las familias, los estudiantes, etc.\u00bb<\/strong>.\u00a0 Por eso el consejo es \u00ab<strong>desbancar prejuicios acerca de lo que es mejor para ciertos grupos, de c\u00f3mo debe ser la educaci\u00f3n, de qu\u00e9 contenidos tienen que aprender los distintos estudiantes, o de qu\u00e9 tipos de disciplinas son mejores para unos y otros<\/strong>\u00ab. \u00abEstos prejuicios son los que han estado en la base de esta exclusi\u00f3n educativa\u00bb. <a href=\"https:\/\/www.bbc.com\/mundo\/noticias-53146030\" target=\"_blank\" rel=\"noopener noreferrer\"><strong>EDUCACI\u00d3N INCLUSIVA: CU\u00c1LES SON LOS 5 PA\u00cdSES DEL MUNDO QUE TIENEN LEYES QUE LA PROMUEVEN (Y DOS EST\u00c1N EN AM\u00c9RICA LATINA)<\/strong><\/a><\/p>\n<p style=\"text-align: center;\"><em>\u201cLa educaci\u00f3n es un derecho humano b\u00e1sico. Es un imperativo. S\u00f3lo la educaci\u00f3n romper\u00e1 los ciclos de pobreza, enfermedad y explotaci\u00f3n que afectan a tantos ni\u00f1os del mundo. Si hacemos este compromiso ahora, la inversi\u00f3n producir\u00e1 beneficios para las generaciones venideras\u201d<\/em> (Ashton Kutcher).<\/p>\n<p style=\"text-align: right;\"><strong>REDACCI\u00d3N WEB DEL MAESTRO CMF<\/strong><\/p>\n\t\t<div class=\"pk-inline-posts\">\n\t\t\t\n\t\t\t<div class=\"pk-inline-posts-container pk-inline-posts-template-list\"\n\t\t\t\tdata-columns=\"1\">\n\t\t\t\t\t\t<article id=\"post-17756\" class=\"post-17756 post type-post status-publish format-standard has-post-thumbnail category-jamb tag-dia tag-dia-del-trabajo tag-jorge-bergoglio tag-maestros tag-trabajo cs-entry cs-video-wrap\">\n\t\t\t<div class=\"pk-post-outer\">\n\n\t\t\t\t\t\t\t\t<div class=\"pk-post-inner\">\n\t\t\t\t\t<div class=\"entry-thumbnail\">\n\t\t\t\t\t\t<div class=\"pk-overlay pk-overlay-ratio pk-ratio-landscape\">\n\t\t\t\t\t\t\t<div class=\"pk-overlay-background\">\n\t\t\t\t\t\t\t\t<a href=\"https:\/\/webdelmaestrocmf.com\/portal\/dia-del-trabajo-maestros-gracias-lo-hacen\/\" class=\"pk-overlay-link\">\n\t\t\t\t\t\t\t\t\t<img loading=\"lazy\" decoding=\"async\" width=\"300\" height=\"225\" src=\"https:\/\/webdelmaestrocmf.com\/portal\/wp-content\/uploads\/2023\/05\/Banner-1-portada-imagen-10-1-55-300x225.jpg\" class=\"attachment-pk-thumbnail size-pk-thumbnail wp-post-image\" alt=\"d\u00eda del trabajo\" \/>\t\t\t\t\t\t\t\t<\/a>\n\t\t\t\t\t\t\t<\/div>\n\t\t\t\t\t\t<\/div>\n\t\t\t\t\t<\/div>\n\t\t\t\t<\/div>\n\t\t\t\t\n\t\t\t\t<div class=\"pk-post-inner\">\n\t\t\t\t\t<header>\n\t\t\t\t\t\t<h3 class=\"pk-title\"><a href=\"https:\/\/webdelmaestrocmf.com\/portal\/dia-del-trabajo-maestros-gracias-lo-hacen\/\" rel=\"bookmark\">D\u00eda Internacional de los Trabajadores: Maestros, \u00a1gracias por lo que hacen!<\/a><\/h3>\t\t\t\t\t<\/header><!-- .entry-header -->\n\t\t\t\t<\/div><!-- .post-inner -->\n\n\t\t\t<\/div><!-- .post-outer -->\n\t\t<\/article>\n\t\t\t\t<\/div>\n\t\t<\/div>\n\t\t\n","protected":false},"excerpt":{"rendered":"El Programa de Acci\u00f3n Mundial para las Personas con Discapacidad (GLAD, por sus siglas en ingl\u00e9s), hace un&hellip;","protected":false},"author":1,"featured_media":50682,"comment_status":"open","ping_status":"closed","sticky":false,"template":"","format":"standard","meta":{"csco_display_header_overlay":false,"csco_singular_sidebar":"default","csco_page_header_type":"default","csco_page_load_nextpost":"default","csco_post_video_location":[],"csco_post_video_location_hash":"","csco_post_video_url":"","csco_post_video_bg_start_time":0,"csco_post_video_bg_end_time":0,"csco_post_video_bg_volume":false,"_jetpack_memberships_contains_paid_content":false,"footnotes":""},"categories":[61],"tags":[5547,5548,77,4796,55,3336,5549,5546],"class_list":{"0":"post-50681","1":"post","2":"type-post","3":"status-publish","4":"format-standard","5":"has-post-thumbnail","7":"category-jamb","8":"tag-accesibles","9":"tag-adaptados","10":"tag-aprendizaje","11":"tag-distancia","12":"tag-educacion","13":"tag-inclusiva","14":"tag-individualizados","15":"tag-planes","16":"cs-entry","17":"cs-video-wrap"},"yoast_head":"<!-- This site is optimized with the Yoast SEO plugin v27.5 - https:\/\/yoast.com\/product\/yoast-seo-wordpress\/ -->\n<title>Educaci\u00f3n a Distancia Inclusiva con planes de aprendizaje accesibles, adaptados e individualizados - 2026<\/title>\n<meta name=\"description\" content=\"El Programa de Acci\u00f3n Mundial para las Personas con Discapacidad (GLAD, por sus siglas en ingl\u00e9s), hace un llamado a...\" \/>\n<meta name=\"robots\" content=\"index, follow, max-snippet:-1, max-image-preview:large, max-video-preview:-1\" \/>\n<link rel=\"canonical\" href=\"https:\/\/webdelmaestrocmf.com\/portal\/educacion-a-distancia-inclusiva-con-planes-de-aprendizaje-accesibles-adaptados-e-individualizados\/\" \/>\n<meta property=\"og:locale\" content=\"es_ES\" \/>\n<meta property=\"og:type\" content=\"article\" \/>\n<meta property=\"og:title\" content=\"Educaci\u00f3n a Distancia Inclusiva con planes de aprendizaje accesibles, adaptados e individualizados - 2026\" \/>\n<meta property=\"og:description\" content=\"El Programa de Acci\u00f3n Mundial para las Personas con Discapacidad (GLAD, por sus siglas en ingl\u00e9s), hace un llamado a...\" \/>\n<meta property=\"og:url\" content=\"https:\/\/webdelmaestrocmf.com\/portal\/educacion-a-distancia-inclusiva-con-planes-de-aprendizaje-accesibles-adaptados-e-individualizados\/\" \/>\n<meta property=\"og:site_name\" content=\"Web del Maestro CMF\" \/>\n<meta property=\"article:publisher\" content=\"https:\/\/www.facebook.com\/WebdelMaestroCMF\/\" \/>\n<meta property=\"article:author\" content=\"https:\/\/www.facebook.com\/WebdelMaestroCMF\/\" \/>\n<meta property=\"article:published_time\" content=\"2020-08-31T16:22:22+00:00\" \/>\n<meta property=\"article:modified_time\" content=\"2023-02-19T18:19:22+00:00\" \/>\n<meta property=\"og:image\" content=\"https:\/\/i0.wp.com\/webdelmaestrocmf.com\/portal\/wp-content\/uploads\/2020\/08\/1-copia-76.jpg?fit=1100%2C680&ssl=1\" \/>\n\t<meta property=\"og:image:width\" content=\"1100\" \/>\n\t<meta property=\"og:image:height\" content=\"680\" \/>\n\t<meta property=\"og:image:type\" content=\"image\/jpeg\" \/>\n<meta name=\"author\" content=\"Web del Maestro CMF\" \/>\n<meta name=\"twitter:card\" content=\"summary_large_image\" \/>\n<meta name=\"twitter:creator\" content=\"@cmf_w\" \/>\n<meta name=\"twitter:site\" content=\"@cmf_w\" \/>\n<script type=\"application\/ld+json\" class=\"yoast-schema-graph\">{\"@context\":\"https:\\\/\\\/schema.org\",\"@graph\":[{\"@type\":\"ScholarlyArticle\",\"@id\":\"https:\\\/\\\/webdelmaestrocmf.com\\\/portal\\\/educacion-a-distancia-inclusiva-con-planes-de-aprendizaje-accesibles-adaptados-e-individualizados\\\/#article\",\"isPartOf\":{\"@id\":\"https:\\\/\\\/webdelmaestrocmf.com\\\/portal\\\/educacion-a-distancia-inclusiva-con-planes-de-aprendizaje-accesibles-adaptados-e-individualizados\\\/\"},\"author\":{\"name\":\"Web del Maestro CMF\",\"@id\":\"https:\\\/\\\/webdelmaestrocmf.com\\\/portal\\\/#\\\/schema\\\/person\\\/1072a2ed7bd960df8ef99a551fa35dc5\"},\"headline\":\"Educaci\u00f3n a Distancia Inclusiva con planes de aprendizaje accesibles, adaptados e individualizados\",\"datePublished\":\"2020-08-31T16:22:22+00:00\",\"dateModified\":\"2023-02-19T18:19:22+00:00\",\"mainEntityOfPage\":{\"@id\":\"https:\\\/\\\/webdelmaestrocmf.com\\\/portal\\\/educacion-a-distancia-inclusiva-con-planes-de-aprendizaje-accesibles-adaptados-e-individualizados\\\/\"},\"wordCount\":1526,\"commentCount\":0,\"publisher\":{\"@id\":\"https:\\\/\\\/webdelmaestrocmf.com\\\/portal\\\/#organization\"},\"image\":{\"@id\":\"https:\\\/\\\/webdelmaestrocmf.com\\\/portal\\\/educacion-a-distancia-inclusiva-con-planes-de-aprendizaje-accesibles-adaptados-e-individualizados\\\/#primaryimage\"},\"thumbnailUrl\":\"https:\\\/\\\/webdelmaestrocmf.com\\\/portal\\\/wp-content\\\/uploads\\\/2020\\\/08\\\/1-copia-76.jpg\",\"keywords\":[\"accesibles\",\"adaptados\",\"aprendizaje\",\"distancia\",\"EDUCACI\u00d3N\",\"INCLUSIVA\",\"individualizados\",\"planes\"],\"articleSection\":[\"Yo opino - WMCMF\"],\"inLanguage\":\"es\",\"potentialAction\":[{\"@type\":\"CommentAction\",\"name\":\"Comment\",\"target\":[\"https:\\\/\\\/webdelmaestrocmf.com\\\/portal\\\/educacion-a-distancia-inclusiva-con-planes-de-aprendizaje-accesibles-adaptados-e-individualizados\\\/#respond\"]}]},{\"@type\":\"WebPage\",\"@id\":\"https:\\\/\\\/webdelmaestrocmf.com\\\/portal\\\/educacion-a-distancia-inclusiva-con-planes-de-aprendizaje-accesibles-adaptados-e-individualizados\\\/\",\"url\":\"https:\\\/\\\/webdelmaestrocmf.com\\\/portal\\\/educacion-a-distancia-inclusiva-con-planes-de-aprendizaje-accesibles-adaptados-e-individualizados\\\/\",\"name\":\"Educaci\u00f3n a Distancia Inclusiva con planes de aprendizaje accesibles, adaptados e individualizados - 2026\",\"isPartOf\":{\"@id\":\"https:\\\/\\\/webdelmaestrocmf.com\\\/portal\\\/#website\"},\"primaryImageOfPage\":{\"@id\":\"https:\\\/\\\/webdelmaestrocmf.com\\\/portal\\\/educacion-a-distancia-inclusiva-con-planes-de-aprendizaje-accesibles-adaptados-e-individualizados\\\/#primaryimage\"},\"image\":{\"@id\":\"https:\\\/\\\/webdelmaestrocmf.com\\\/portal\\\/educacion-a-distancia-inclusiva-con-planes-de-aprendizaje-accesibles-adaptados-e-individualizados\\\/#primaryimage\"},\"thumbnailUrl\":\"https:\\\/\\\/webdelmaestrocmf.com\\\/portal\\\/wp-content\\\/uploads\\\/2020\\\/08\\\/1-copia-76.jpg\",\"datePublished\":\"2020-08-31T16:22:22+00:00\",\"dateModified\":\"2023-02-19T18:19:22+00:00\",\"description\":\"El Programa de Acci\u00f3n Mundial para las Personas con Discapacidad (GLAD, por sus siglas en ingl\u00e9s), hace un llamado a...\",\"breadcrumb\":{\"@id\":\"https:\\\/\\\/webdelmaestrocmf.com\\\/portal\\\/educacion-a-distancia-inclusiva-con-planes-de-aprendizaje-accesibles-adaptados-e-individualizados\\\/#breadcrumb\"},\"inLanguage\":\"es\",\"potentialAction\":[{\"@type\":\"ReadAction\",\"target\":[\"https:\\\/\\\/webdelmaestrocmf.com\\\/portal\\\/educacion-a-distancia-inclusiva-con-planes-de-aprendizaje-accesibles-adaptados-e-individualizados\\\/\"]}]},{\"@type\":\"ImageObject\",\"inLanguage\":\"es\",\"@id\":\"https:\\\/\\\/webdelmaestrocmf.com\\\/portal\\\/educacion-a-distancia-inclusiva-con-planes-de-aprendizaje-accesibles-adaptados-e-individualizados\\\/#primaryimage\",\"url\":\"https:\\\/\\\/webdelmaestrocmf.com\\\/portal\\\/wp-content\\\/uploads\\\/2020\\\/08\\\/1-copia-76.jpg\",\"contentUrl\":\"https:\\\/\\\/webdelmaestrocmf.com\\\/portal\\\/wp-content\\\/uploads\\\/2020\\\/08\\\/1-copia-76.jpg\",\"width\":1100,\"height\":680},{\"@type\":\"BreadcrumbList\",\"@id\":\"https:\\\/\\\/webdelmaestrocmf.com\\\/portal\\\/educacion-a-distancia-inclusiva-con-planes-de-aprendizaje-accesibles-adaptados-e-individualizados\\\/#breadcrumb\",\"itemListElement\":[{\"@type\":\"ListItem\",\"position\":1,\"name\":\"Portada\",\"item\":\"https:\\\/\\\/webdelmaestrocmf.com\\\/portal\\\/\"},{\"@type\":\"ListItem\",\"position\":2,\"name\":\"Yo opino - WMCMF\",\"item\":\"https:\\\/\\\/webdelmaestrocmf.com\\\/portal\\\/category\\\/jamb\\\/\"},{\"@type\":\"ListItem\",\"position\":3,\"name\":\"Educaci\u00f3n a Distancia Inclusiva con planes de aprendizaje accesibles, adaptados e individualizados\"}]},{\"@type\":\"WebSite\",\"@id\":\"https:\\\/\\\/webdelmaestrocmf.com\\\/portal\\\/#website\",\"url\":\"https:\\\/\\\/webdelmaestrocmf.com\\\/portal\\\/\",\"name\":\"Web del Maestro CMF\",\"description\":\"Maestros al servicio de la educaci\u00f3n\",\"publisher\":{\"@id\":\"https:\\\/\\\/webdelmaestrocmf.com\\\/portal\\\/#organization\"},\"alternateName\":\"WMCMF\",\"potentialAction\":[{\"@type\":\"SearchAction\",\"target\":{\"@type\":\"EntryPoint\",\"urlTemplate\":\"https:\\\/\\\/webdelmaestrocmf.com\\\/portal\\\/?s={search_term_string}\"},\"query-input\":{\"@type\":\"PropertyValueSpecification\",\"valueRequired\":true,\"valueName\":\"search_term_string\"}}],\"inLanguage\":\"es\"},{\"@type\":\"Organization\",\"@id\":\"https:\\\/\\\/webdelmaestrocmf.com\\\/portal\\\/#organization\",\"name\":\"Web del Maestro CMF\",\"alternateName\":\"WMCMF\",\"url\":\"https:\\\/\\\/webdelmaestrocmf.com\\\/portal\\\/\",\"logo\":{\"@type\":\"ImageObject\",\"inLanguage\":\"es\",\"@id\":\"https:\\\/\\\/webdelmaestrocmf.com\\\/portal\\\/#\\\/schema\\\/logo\\\/image\\\/\",\"url\":\"https:\\\/\\\/webdelmaestrocmf.com\\\/portal\\\/wp-content\\\/uploads\\\/2023\\\/01\\\/logo-wmcmf-2.png\",\"contentUrl\":\"https:\\\/\\\/webdelmaestrocmf.com\\\/portal\\\/wp-content\\\/uploads\\\/2023\\\/01\\\/logo-wmcmf-2.png\",\"width\":200,\"height\":60,\"caption\":\"Web del Maestro CMF\"},\"image\":{\"@id\":\"https:\\\/\\\/webdelmaestrocmf.com\\\/portal\\\/#\\\/schema\\\/logo\\\/image\\\/\"},\"sameAs\":[\"https:\\\/\\\/www.facebook.com\\\/WebdelMaestroCMF\\\/\",\"https:\\\/\\\/x.com\\\/cmf_w\",\"https:\\\/\\\/www.pinterest.com\\\/WMCMF\\\/\",\"https:\\\/\\\/www.linkedin.com\\\/company\\\/web-del-maestro-cmf\\\/\",\"https:\\\/\\\/www.instagram.com\\\/wmcmf\\\/\",\"https:\\\/\\\/www.youtube.com\\\/channel\\\/UCDPSvjbdodE5sHnC3OxutHw\",\"https:\\\/\\\/mastodon.social\\\/@wmcmf\",\"https:\\\/\\\/www.tiktok.com\\\/@webdelmaestrocmf\"]},{\"@type\":\"Person\",\"@id\":\"https:\\\/\\\/webdelmaestrocmf.com\\\/portal\\\/#\\\/schema\\\/person\\\/1072a2ed7bd960df8ef99a551fa35dc5\",\"name\":\"Web del Maestro CMF\",\"image\":{\"@type\":\"ImageObject\",\"inLanguage\":\"es\",\"@id\":\"https:\\\/\\\/secure.gravatar.com\\\/avatar\\\/23291dd5b5ae1077dcff3dbb04c3e02bd28403fa75af6d8787d5e97c5bbbe30b?s=96&d=mm&r=g\",\"url\":\"https:\\\/\\\/secure.gravatar.com\\\/avatar\\\/23291dd5b5ae1077dcff3dbb04c3e02bd28403fa75af6d8787d5e97c5bbbe30b?s=96&d=mm&r=g\",\"contentUrl\":\"https:\\\/\\\/secure.gravatar.com\\\/avatar\\\/23291dd5b5ae1077dcff3dbb04c3e02bd28403fa75af6d8787d5e97c5bbbe30b?s=96&d=mm&r=g\",\"caption\":\"Web del Maestro CMF\"},\"description\":\"Esta Web se cre\u00f3 sin fines de lucro, con fines educativos, cient\u00edficos y acad\u00e9micos, para personas que tengan dificultades y\\\/o inconvenientes en visualizar el material original. El objetivo es entregar recursos, compartir experiencias y materiales que ayuden a los padres de familia, maestros y estudiantes en su actualizaci\u00f3n y formaci\u00f3n permanente, en bien de la Educaci\u00f3n.\",\"sameAs\":[\"http:\\\/\\\/webdelmaestrocmf.com\\\/portal\",\"https:\\\/\\\/www.facebook.com\\\/WebdelMaestroCMF\\\/\",\"https:\\\/\\\/www.instagram.com\\\/wmcmf\\\/\",\"https:\\\/\\\/cl.linkedin.com\\\/company\\\/web-del-maestro-cmf\",\"https:\\\/\\\/www.pinterest.com\\\/WMCMF\\\/publicaciones\\\/\",\"https:\\\/\\\/x.com\\\/cmf_w\",\"https:\\\/\\\/www.youtube.com\\\/@WMCMF\"]}]}<\/script>\n<!-- \/ Yoast SEO plugin. -->","yoast_head_json":{"title":"Educaci\u00f3n a Distancia Inclusiva con planes de aprendizaje accesibles, adaptados e individualizados - 2026","description":"El Programa de Acci\u00f3n Mundial para las Personas con Discapacidad (GLAD, por sus siglas en ingl\u00e9s), hace un llamado a...","robots":{"index":"index","follow":"follow","max-snippet":"max-snippet:-1","max-image-preview":"max-image-preview:large","max-video-preview":"max-video-preview:-1"},"canonical":"https:\/\/webdelmaestrocmf.com\/portal\/educacion-a-distancia-inclusiva-con-planes-de-aprendizaje-accesibles-adaptados-e-individualizados\/","og_locale":"es_ES","og_type":"article","og_title":"Educaci\u00f3n a Distancia Inclusiva con planes de aprendizaje accesibles, adaptados e individualizados - 2026","og_description":"El Programa de Acci\u00f3n Mundial para las Personas con Discapacidad (GLAD, por sus siglas en ingl\u00e9s), hace un llamado a...","og_url":"https:\/\/webdelmaestrocmf.com\/portal\/educacion-a-distancia-inclusiva-con-planes-de-aprendizaje-accesibles-adaptados-e-individualizados\/","og_site_name":"Web del Maestro CMF","article_publisher":"https:\/\/www.facebook.com\/WebdelMaestroCMF\/","article_author":"https:\/\/www.facebook.com\/WebdelMaestroCMF\/","article_published_time":"2020-08-31T16:22:22+00:00","article_modified_time":"2023-02-19T18:19:22+00:00","og_image":[{"width":1100,"height":680,"url":"https:\/\/i0.wp.com\/webdelmaestrocmf.com\/portal\/wp-content\/uploads\/2020\/08\/1-copia-76.jpg?fit=1100%2C680&ssl=1","type":"image\/jpeg"}],"author":"Web del Maestro CMF","twitter_card":"summary_large_image","twitter_creator":"@cmf_w","twitter_site":"@cmf_w","schema":{"@context":"https:\/\/schema.org","@graph":[{"@type":"ScholarlyArticle","@id":"https:\/\/webdelmaestrocmf.com\/portal\/educacion-a-distancia-inclusiva-con-planes-de-aprendizaje-accesibles-adaptados-e-individualizados\/#article","isPartOf":{"@id":"https:\/\/webdelmaestrocmf.com\/portal\/educacion-a-distancia-inclusiva-con-planes-de-aprendizaje-accesibles-adaptados-e-individualizados\/"},"author":{"name":"Web del Maestro CMF","@id":"https:\/\/webdelmaestrocmf.com\/portal\/#\/schema\/person\/1072a2ed7bd960df8ef99a551fa35dc5"},"headline":"Educaci\u00f3n a Distancia Inclusiva con planes de aprendizaje accesibles, adaptados e individualizados","datePublished":"2020-08-31T16:22:22+00:00","dateModified":"2023-02-19T18:19:22+00:00","mainEntityOfPage":{"@id":"https:\/\/webdelmaestrocmf.com\/portal\/educacion-a-distancia-inclusiva-con-planes-de-aprendizaje-accesibles-adaptados-e-individualizados\/"},"wordCount":1526,"commentCount":0,"publisher":{"@id":"https:\/\/webdelmaestrocmf.com\/portal\/#organization"},"image":{"@id":"https:\/\/webdelmaestrocmf.com\/portal\/educacion-a-distancia-inclusiva-con-planes-de-aprendizaje-accesibles-adaptados-e-individualizados\/#primaryimage"},"thumbnailUrl":"https:\/\/webdelmaestrocmf.com\/portal\/wp-content\/uploads\/2020\/08\/1-copia-76.jpg","keywords":["accesibles","adaptados","aprendizaje","distancia","EDUCACI\u00d3N","INCLUSIVA","individualizados","planes"],"articleSection":["Yo opino - WMCMF"],"inLanguage":"es","potentialAction":[{"@type":"CommentAction","name":"Comment","target":["https:\/\/webdelmaestrocmf.com\/portal\/educacion-a-distancia-inclusiva-con-planes-de-aprendizaje-accesibles-adaptados-e-individualizados\/#respond"]}]},{"@type":"WebPage","@id":"https:\/\/webdelmaestrocmf.com\/portal\/educacion-a-distancia-inclusiva-con-planes-de-aprendizaje-accesibles-adaptados-e-individualizados\/","url":"https:\/\/webdelmaestrocmf.com\/portal\/educacion-a-distancia-inclusiva-con-planes-de-aprendizaje-accesibles-adaptados-e-individualizados\/","name":"Educaci\u00f3n a Distancia Inclusiva con planes de aprendizaje accesibles, adaptados e individualizados - 2026","isPartOf":{"@id":"https:\/\/webdelmaestrocmf.com\/portal\/#website"},"primaryImageOfPage":{"@id":"https:\/\/webdelmaestrocmf.com\/portal\/educacion-a-distancia-inclusiva-con-planes-de-aprendizaje-accesibles-adaptados-e-individualizados\/#primaryimage"},"image":{"@id":"https:\/\/webdelmaestrocmf.com\/portal\/educacion-a-distancia-inclusiva-con-planes-de-aprendizaje-accesibles-adaptados-e-individualizados\/#primaryimage"},"thumbnailUrl":"https:\/\/webdelmaestrocmf.com\/portal\/wp-content\/uploads\/2020\/08\/1-copia-76.jpg","datePublished":"2020-08-31T16:22:22+00:00","dateModified":"2023-02-19T18:19:22+00:00","description":"El Programa de Acci\u00f3n Mundial para las Personas con Discapacidad (GLAD, por sus siglas en ingl\u00e9s), hace un llamado a...","breadcrumb":{"@id":"https:\/\/webdelmaestrocmf.com\/portal\/educacion-a-distancia-inclusiva-con-planes-de-aprendizaje-accesibles-adaptados-e-individualizados\/#breadcrumb"},"inLanguage":"es","potentialAction":[{"@type":"ReadAction","target":["https:\/\/webdelmaestrocmf.com\/portal\/educacion-a-distancia-inclusiva-con-planes-de-aprendizaje-accesibles-adaptados-e-individualizados\/"]}]},{"@type":"ImageObject","inLanguage":"es","@id":"https:\/\/webdelmaestrocmf.com\/portal\/educacion-a-distancia-inclusiva-con-planes-de-aprendizaje-accesibles-adaptados-e-individualizados\/#primaryimage","url":"https:\/\/webdelmaestrocmf.com\/portal\/wp-content\/uploads\/2020\/08\/1-copia-76.jpg","contentUrl":"https:\/\/webdelmaestrocmf.com\/portal\/wp-content\/uploads\/2020\/08\/1-copia-76.jpg","width":1100,"height":680},{"@type":"BreadcrumbList","@id":"https:\/\/webdelmaestrocmf.com\/portal\/educacion-a-distancia-inclusiva-con-planes-de-aprendizaje-accesibles-adaptados-e-individualizados\/#breadcrumb","itemListElement":[{"@type":"ListItem","position":1,"name":"Portada","item":"https:\/\/webdelmaestrocmf.com\/portal\/"},{"@type":"ListItem","position":2,"name":"Yo opino - WMCMF","item":"https:\/\/webdelmaestrocmf.com\/portal\/category\/jamb\/"},{"@type":"ListItem","position":3,"name":"Educaci\u00f3n a Distancia Inclusiva con planes de aprendizaje accesibles, adaptados e individualizados"}]},{"@type":"WebSite","@id":"https:\/\/webdelmaestrocmf.com\/portal\/#website","url":"https:\/\/webdelmaestrocmf.com\/portal\/","name":"Web del Maestro CMF","description":"Maestros al servicio de la educaci\u00f3n","publisher":{"@id":"https:\/\/webdelmaestrocmf.com\/portal\/#organization"},"alternateName":"WMCMF","potentialAction":[{"@type":"SearchAction","target":{"@type":"EntryPoint","urlTemplate":"https:\/\/webdelmaestrocmf.com\/portal\/?s={search_term_string}"},"query-input":{"@type":"PropertyValueSpecification","valueRequired":true,"valueName":"search_term_string"}}],"inLanguage":"es"},{"@type":"Organization","@id":"https:\/\/webdelmaestrocmf.com\/portal\/#organization","name":"Web del Maestro CMF","alternateName":"WMCMF","url":"https:\/\/webdelmaestrocmf.com\/portal\/","logo":{"@type":"ImageObject","inLanguage":"es","@id":"https:\/\/webdelmaestrocmf.com\/portal\/#\/schema\/logo\/image\/","url":"https:\/\/webdelmaestrocmf.com\/portal\/wp-content\/uploads\/2023\/01\/logo-wmcmf-2.png","contentUrl":"https:\/\/webdelmaestrocmf.com\/portal\/wp-content\/uploads\/2023\/01\/logo-wmcmf-2.png","width":200,"height":60,"caption":"Web del Maestro CMF"},"image":{"@id":"https:\/\/webdelmaestrocmf.com\/portal\/#\/schema\/logo\/image\/"},"sameAs":["https:\/\/www.facebook.com\/WebdelMaestroCMF\/","https:\/\/x.com\/cmf_w","https:\/\/www.pinterest.com\/WMCMF\/","https:\/\/www.linkedin.com\/company\/web-del-maestro-cmf\/","https:\/\/www.instagram.com\/wmcmf\/","https:\/\/www.youtube.com\/channel\/UCDPSvjbdodE5sHnC3OxutHw","https:\/\/mastodon.social\/@wmcmf","https:\/\/www.tiktok.com\/@webdelmaestrocmf"]},{"@type":"Person","@id":"https:\/\/webdelmaestrocmf.com\/portal\/#\/schema\/person\/1072a2ed7bd960df8ef99a551fa35dc5","name":"Web del Maestro CMF","image":{"@type":"ImageObject","inLanguage":"es","@id":"https:\/\/secure.gravatar.com\/avatar\/23291dd5b5ae1077dcff3dbb04c3e02bd28403fa75af6d8787d5e97c5bbbe30b?s=96&d=mm&r=g","url":"https:\/\/secure.gravatar.com\/avatar\/23291dd5b5ae1077dcff3dbb04c3e02bd28403fa75af6d8787d5e97c5bbbe30b?s=96&d=mm&r=g","contentUrl":"https:\/\/secure.gravatar.com\/avatar\/23291dd5b5ae1077dcff3dbb04c3e02bd28403fa75af6d8787d5e97c5bbbe30b?s=96&d=mm&r=g","caption":"Web del Maestro CMF"},"description":"Esta Web se cre\u00f3 sin fines de lucro, con fines educativos, cient\u00edficos y acad\u00e9micos, para personas que tengan dificultades y\/o inconvenientes en visualizar el material original. El objetivo es entregar recursos, compartir experiencias y materiales que ayuden a los padres de familia, maestros y estudiantes en su actualizaci\u00f3n y formaci\u00f3n permanente, en bien de la Educaci\u00f3n.","sameAs":["http:\/\/webdelmaestrocmf.com\/portal","https:\/\/www.facebook.com\/WebdelMaestroCMF\/","https:\/\/www.instagram.com\/wmcmf\/","https:\/\/cl.linkedin.com\/company\/web-del-maestro-cmf","https:\/\/www.pinterest.com\/WMCMF\/publicaciones\/","https:\/\/x.com\/cmf_w","https:\/\/www.youtube.com\/@WMCMF"]}]}},"jetpack_featured_media_url":"https:\/\/webdelmaestrocmf.com\/portal\/wp-content\/uploads\/2020\/08\/1-copia-76.jpg","jetpack_sharing_enabled":true,"jetpack-related-posts":[{"id":98782,"url":"https:\/\/webdelmaestrocmf.com\/portal\/estrategias-para-eliminar-las-barreras-para-el-aprendizaje-y-la-participacion-bap\/","url_meta":{"origin":50681,"position":0},"title":"Estrategias para eliminar las barreras para el aprendizaje y la participaci\u00f3n (BAP)","author":"Web del Maestro CMF","date":"28 octubre, 2023","format":false,"excerpt":"En el vasto mundo de la educaci\u00f3n, donde cada estudiante es \u00fanico y enfrenta desaf\u00edos y oportunidades diversos, es esencial abordar las barreras para el aprendizaje y la participaci\u00f3n (BAP) con determinaci\u00f3n y comprensi\u00f3n. Estas barreras pueden manifestarse de diversas formas, ya sea en la forma de obst\u00e1culos personales, ambientales\u2026","rel":"","context":"En \u00abBarreras para el Aprendizaje y la Participaci\u00f3n\u00bb","block_context":{"text":"Barreras para el Aprendizaje y la Participaci\u00f3n","link":"https:\/\/webdelmaestrocmf.com\/portal\/category\/pedagogia\/barreras-para-el-aprendizaje-y-la-participacion\/"},"img":{"alt_text":"Ejemplos de BAP barreras para el aprendizaje y la participaci\u00f3n","src":"https:\/\/i0.wp.com\/webdelmaestrocmf.com\/portal\/wp-content\/uploads\/2023\/10\/A12B3C4D-48.jpg?resize=350%2C200&ssl=1","width":350,"height":200,"srcset":"https:\/\/i0.wp.com\/webdelmaestrocmf.com\/portal\/wp-content\/uploads\/2023\/10\/A12B3C4D-48.jpg?resize=350%2C200&ssl=1 1x, https:\/\/i0.wp.com\/webdelmaestrocmf.com\/portal\/wp-content\/uploads\/2023\/10\/A12B3C4D-48.jpg?resize=525%2C300&ssl=1 1.5x, https:\/\/i0.wp.com\/webdelmaestrocmf.com\/portal\/wp-content\/uploads\/2023\/10\/A12B3C4D-48.jpg?resize=700%2C400&ssl=1 2x"},"classes":[]},{"id":111256,"url":"https:\/\/webdelmaestrocmf.com\/portal\/la-inteligencia-artificial-al-servicio-de-la-educacion-inclusiva-descarga-la-miniguia-pdf\/","url_meta":{"origin":50681,"position":1},"title":"La inteligencia artificial al servicio de la educaci\u00f3n inclusiva: descarga la minigu\u00eda PDF","author":"Web del Maestro CMF","date":"16 julio, 2025","format":false,"excerpt":"Facilita una educaci\u00f3n personalizada y accesible, apoyando a estudiantes con necesidades espec\u00edficas y fortaleciendo la labor docente inclusiva.","rel":"","context":"En \u00abDescarga\u00bb","block_context":{"text":"Descarga","link":"https:\/\/webdelmaestrocmf.com\/portal\/category\/descarga\/"},"img":{"alt_text":"","src":"https:\/\/i0.wp.com\/webdelmaestrocmf.com\/portal\/wp-content\/uploads\/2025\/07\/1A-Banner-1-portada-imagen-10-1-copia-57.webp?resize=350%2C200&ssl=1","width":350,"height":200,"srcset":"https:\/\/i0.wp.com\/webdelmaestrocmf.com\/portal\/wp-content\/uploads\/2025\/07\/1A-Banner-1-portada-imagen-10-1-copia-57.webp?resize=350%2C200&ssl=1 1x, https:\/\/i0.wp.com\/webdelmaestrocmf.com\/portal\/wp-content\/uploads\/2025\/07\/1A-Banner-1-portada-imagen-10-1-copia-57.webp?resize=525%2C300&ssl=1 1.5x, https:\/\/i0.wp.com\/webdelmaestrocmf.com\/portal\/wp-content\/uploads\/2025\/07\/1A-Banner-1-portada-imagen-10-1-copia-57.webp?resize=700%2C400&ssl=1 2x"},"classes":[]},{"id":89741,"url":"https:\/\/webdelmaestrocmf.com\/portal\/inclusion-educativa-que-es-y-como-se-aplica\/","url_meta":{"origin":50681,"position":2},"title":"Inclusi\u00f3n educativa \u00bfQu\u00e9 es y c\u00f3mo se aplica? Descarga las Herramientas de inclusi\u00f3n educativa para aulas diversas","author":"Web del Maestro CMF","date":"1 junio, 2023","format":false,"excerpt":"La inclusi\u00f3n educativa es un enfoque pedag\u00f3gico que busca garantizar que todos los estudiantes, independientemente de sus caracter\u00edsticas, necesidades o habilidades, tengan acceso equitativo a la educaci\u00f3n y participen plenamente en el proceso de ense\u00f1anza-aprendizaje. En un entorno inclusivo, se valora y respeta la diversidad, se promueve la igualdad de\u2026","rel":"","context":"En \u00abInclusi\u00f3n educativa\u00bb","block_context":{"text":"Inclusi\u00f3n educativa","link":"https:\/\/webdelmaestrocmf.com\/portal\/category\/pedagogia\/inclusion-educativa\/"},"img":{"alt_text":"","src":"https:\/\/i0.wp.com\/webdelmaestrocmf.com\/portal\/wp-content\/uploads\/2023\/06\/1A-Banner-1-portada-imagen-10-1-copia-2-1.jpg?resize=350%2C200&ssl=1","width":350,"height":200,"srcset":"https:\/\/i0.wp.com\/webdelmaestrocmf.com\/portal\/wp-content\/uploads\/2023\/06\/1A-Banner-1-portada-imagen-10-1-copia-2-1.jpg?resize=350%2C200&ssl=1 1x, https:\/\/i0.wp.com\/webdelmaestrocmf.com\/portal\/wp-content\/uploads\/2023\/06\/1A-Banner-1-portada-imagen-10-1-copia-2-1.jpg?resize=525%2C300&ssl=1 1.5x, https:\/\/i0.wp.com\/webdelmaestrocmf.com\/portal\/wp-content\/uploads\/2023\/06\/1A-Banner-1-portada-imagen-10-1-copia-2-1.jpg?resize=700%2C400&ssl=1 2x"},"classes":[]},{"id":97958,"url":"https:\/\/webdelmaestrocmf.com\/portal\/diseno-universal-para-el-aprendizaje\/","url_meta":{"origin":50681,"position":3},"title":"\u00bfQu\u00e9 es y c\u00f3mo aplicar el Dise\u00f1o Universal para el Aprendizaje en el aula?","author":"Web del Maestro CMF","date":"2 diciembre, 2024","format":false,"excerpt":"En un mundo diverso, la educaci\u00f3n se encuentra en constante evoluci\u00f3n para adaptarse a las necesidades de todos los estudiantes. Una de las estrategias m\u00e1s prometedoras en este sentido es el Dise\u00f1o Universal para el Aprendizaje (DUA), un enfoque que busca garantizar que el aprendizaje sea accesible y efectivo para\u2026","rel":"","context":"En \u00abAprendizaje\u00bb","block_context":{"text":"Aprendizaje","link":"https:\/\/webdelmaestrocmf.com\/portal\/category\/pedagogia\/aprendizaje\/"},"img":{"alt_text":"","src":"https:\/\/i0.wp.com\/webdelmaestrocmf.com\/portal\/wp-content\/uploads\/2023\/10\/Banner-1-portada-imagen-10-1-23.jpg?resize=350%2C200&ssl=1","width":350,"height":200,"srcset":"https:\/\/i0.wp.com\/webdelmaestrocmf.com\/portal\/wp-content\/uploads\/2023\/10\/Banner-1-portada-imagen-10-1-23.jpg?resize=350%2C200&ssl=1 1x, https:\/\/i0.wp.com\/webdelmaestrocmf.com\/portal\/wp-content\/uploads\/2023\/10\/Banner-1-portada-imagen-10-1-23.jpg?resize=525%2C300&ssl=1 1.5x, https:\/\/i0.wp.com\/webdelmaestrocmf.com\/portal\/wp-content\/uploads\/2023\/10\/Banner-1-portada-imagen-10-1-23.jpg?resize=700%2C400&ssl=1 2x"},"classes":[]},{"id":66076,"url":"https:\/\/webdelmaestrocmf.com\/portal\/aprendizajes-clave-para-la-educacion-integral\/","url_meta":{"origin":50681,"position":4},"title":"Aprendizajes clave para la educaci\u00f3n integral","author":"Web del Maestro CMF","date":"7 septiembre, 2022","format":false,"excerpt":"En el \u00e1mbito nacional e internacional existen diversos fundamentos jur\u00eddicos que sustentan los principios de la educaci\u00f3n inclusiva y la obligaci\u00f3n de los Estados para lograr la equidad e inclusi\u00f3n en la educaci\u00f3n. En el \u00e1mbito internacional La Declaraci\u00f3n Universal de los Derechos Humanos establece que \u201cTodos somos iguales ante\u2026","rel":"","context":"En \u00abDescargas Manuales PDF\u00bb","block_context":{"text":"Descargas Manuales PDF","link":"https:\/\/webdelmaestrocmf.com\/portal\/category\/pedagogia\/descargas-manuales-pdf\/"},"img":{"alt_text":"","src":"https:\/\/i0.wp.com\/webdelmaestrocmf.com\/portal\/wp-content\/uploads\/2021\/08\/1-9.jpg?resize=350%2C200&ssl=1","width":350,"height":200,"srcset":"https:\/\/i0.wp.com\/webdelmaestrocmf.com\/portal\/wp-content\/uploads\/2021\/08\/1-9.jpg?resize=350%2C200&ssl=1 1x, https:\/\/i0.wp.com\/webdelmaestrocmf.com\/portal\/wp-content\/uploads\/2021\/08\/1-9.jpg?resize=525%2C300&ssl=1 1.5x, https:\/\/i0.wp.com\/webdelmaestrocmf.com\/portal\/wp-content\/uploads\/2021\/08\/1-9.jpg?resize=700%2C400&ssl=1 2x, https:\/\/i0.wp.com\/webdelmaestrocmf.com\/portal\/wp-content\/uploads\/2021\/08\/1-9.jpg?resize=1050%2C600&ssl=1 3x"},"classes":[]},{"id":107287,"url":"https:\/\/webdelmaestrocmf.com\/portal\/las-revoluciones-educativas-un-analisis-de-las-etapas-de-la-evolucion-en-la-ensenanza\/","url_meta":{"origin":50681,"position":5},"title":"Las revoluciones educativas: un an\u00e1lisis de las etapas de la evoluci\u00f3n en la ense\u00f1anza","author":"Web del Maestro CMF","date":"29 diciembre, 2024","format":false,"excerpt":"La educaci\u00f3n, como pilar fundamental de cualquier sociedad, ha experimentado m\u00faltiples transformaciones a lo largo de los siglos. Desde los modelos m\u00e1s tradicionales, donde el maestro era el centro del proceso, hasta los enfoques m\u00e1s modernos que integran tecnolog\u00edas avanzadas, cada etapa ha sido parte de una evoluci\u00f3n para mejorar\u2026","rel":"","context":"En \u00abPedagog\u00eda\u00bb","block_context":{"text":"Pedagog\u00eda","link":"https:\/\/webdelmaestrocmf.com\/portal\/category\/pedagogia\/educacion-pedagogia\/"},"img":{"alt_text":"","src":"https:\/\/i0.wp.com\/webdelmaestrocmf.com\/portal\/wp-content\/uploads\/2024\/12\/Banner-1-portada-imagen-10-1-48.jpg?resize=350%2C200&ssl=1","width":350,"height":200,"srcset":"https:\/\/i0.wp.com\/webdelmaestrocmf.com\/portal\/wp-content\/uploads\/2024\/12\/Banner-1-portada-imagen-10-1-48.jpg?resize=350%2C200&ssl=1 1x, https:\/\/i0.wp.com\/webdelmaestrocmf.com\/portal\/wp-content\/uploads\/2024\/12\/Banner-1-portada-imagen-10-1-48.jpg?resize=525%2C300&ssl=1 1.5x, https:\/\/i0.wp.com\/webdelmaestrocmf.com\/portal\/wp-content\/uploads\/2024\/12\/Banner-1-portada-imagen-10-1-48.jpg?resize=700%2C400&ssl=1 2x"},"classes":[]}],"_links":{"self":[{"href":"https:\/\/webdelmaestrocmf.com\/portal\/wp-json\/wp\/v2\/posts\/50681","targetHints":{"allow":["GET"]}}],"collection":[{"href":"https:\/\/webdelmaestrocmf.com\/portal\/wp-json\/wp\/v2\/posts"}],"about":[{"href":"https:\/\/webdelmaestrocmf.com\/portal\/wp-json\/wp\/v2\/types\/post"}],"author":[{"embeddable":true,"href":"https:\/\/webdelmaestrocmf.com\/portal\/wp-json\/wp\/v2\/users\/1"}],"replies":[{"embeddable":true,"href":"https:\/\/webdelmaestrocmf.com\/portal\/wp-json\/wp\/v2\/comments?post=50681"}],"version-history":[{"count":0,"href":"https:\/\/webdelmaestrocmf.com\/portal\/wp-json\/wp\/v2\/posts\/50681\/revisions"}],"wp:featuredmedia":[{"embeddable":true,"href":"https:\/\/webdelmaestrocmf.com\/portal\/wp-json\/wp\/v2\/media\/50682"}],"wp:attachment":[{"href":"https:\/\/webdelmaestrocmf.com\/portal\/wp-json\/wp\/v2\/media?parent=50681"}],"wp:term":[{"taxonomy":"category","embeddable":true,"href":"https:\/\/webdelmaestrocmf.com\/portal\/wp-json\/wp\/v2\/categories?post=50681"},{"taxonomy":"post_tag","embeddable":true,"href":"https:\/\/webdelmaestrocmf.com\/portal\/wp-json\/wp\/v2\/tags?post=50681"}],"curies":[{"name":"wp","href":"https:\/\/api.w.org\/{rel}","templated":true}]}}