{"id":50441,"date":"2020-08-26T13:25:59","date_gmt":"2020-08-26T17:25:59","guid":{"rendered":"https:\/\/webdelmaestrocmf.com\/portal\/?p=50441"},"modified":"2020-09-06T19:01:25","modified_gmt":"2020-09-06T22:01:25","slug":"ernesto-gonzalez-la-fonetica-y-la-mascarilla","status":"publish","type":"post","link":"https:\/\/webdelmaestrocmf.com\/portal\/ernesto-gonzalez-la-fonetica-y-la-mascarilla\/","title":{"rendered":"[Ernesto Gonz\u00e1lez] La fon\u00e9tica y la mascarilla"},"content":{"rendered":"<h5 style=\"text-align: justify;\">La mascarilla (tambi\u00e9n llamado nasobuco, tapabocas, cubre bocas o barbijo), instrumento dir\u00eda que vital en tiempos actuales, como medida preventiva \u2013 sin contar con el celular, lo cual nos han convertido en seres con una mano siempre ocupada y que tiende a la atrofia -, unas universales, otras propias para el sector de la medicina, pero que en general la diferencia entre una y otra estriba en el nivel o capacidad de filtraci\u00f3n de las got\u00edculas del transmitidas por el paciente que contiene al COVID 19, la respirabilidad adecuada (durante la inhalaci\u00f3n y la exhalaci\u00f3n) , as\u00ed como la resistencia a la penetraci\u00f3n por l\u00edquidos corporales.<\/h5>\n<p><!--more--><\/p>\n<h5 style=\"text-align: left;\">\u00bfCu\u00e1nto debe dificultar el uso de la mascarilla, a un docente al impartir clases en modo presencial?<\/h5>\n<p style=\"text-align: justify;\">No queda duda que la nueva presencia de dicho \u201cobst\u00e1culo\u201d, dificultar\u00e1n los sonidos f\u00edsicos del discurso humano, enti\u00e9ndase la Fon\u00e9tica, rama de la ling\u00fc\u00edstica que estudia la producci\u00f3n y percepci\u00f3n de los sonidos de una lengua con respecto a sus manifestaciones f\u00edsicas.<\/p>\n<p style=\"text-align: justify;\">Donde desde el punto de vista fisiol\u00f3gico intervienen en la producci\u00f3n del sonido los \u00f3rganos orales siguientes: los labios, la mand\u00edbula, la lengua y las cuerdas vocales, con los que el hablante modifica la salida del aire que procede de los pulmones, todo ello corresponde a la fon\u00e9tica articulatoria.<\/p>\n<p style=\"text-align: justify;\">Tambi\u00e9n contamos con la fon\u00e9tica ac\u00fastica la cual se encarga de la medici\u00f3n cient\u00edfica de las ondas de sonido o sonoras que se crean en el aire cuando hablamos, donde est\u00e1n presentes los llamados rasgos ac\u00fasticos: voc\u00e1lico\/no voc\u00e1lico y conson\u00e1ntico\/no conson\u00e1ntico, compacto\/difuso sonoro\/sordo, nasal\/oral, intercepto\/continuo, estridente\/mate, grave\/agudo.<\/p>\n<p><img loading=\"lazy\" decoding=\"async\" class=\"alignnone size-full wp-image-50444\" src=\"https:\/\/webdelmaestrocmf.com\/portal\/wp-content\/uploads\/2020\/08\/1-131.jpg\" alt=\"\" width=\"1200\" height=\"630\" srcset=\"https:\/\/webdelmaestrocmf.com\/portal\/wp-content\/uploads\/2020\/08\/1-131.jpg 1200w, https:\/\/webdelmaestrocmf.com\/portal\/wp-content\/uploads\/2020\/08\/1-131-300x158.jpg 300w, https:\/\/webdelmaestrocmf.com\/portal\/wp-content\/uploads\/2020\/08\/1-131-1024x538.jpg 1024w, https:\/\/webdelmaestrocmf.com\/portal\/wp-content\/uploads\/2020\/08\/1-131-768x403.jpg 768w, https:\/\/webdelmaestrocmf.com\/portal\/wp-content\/uploads\/2020\/08\/1-131-110x58.jpg 110w, https:\/\/webdelmaestrocmf.com\/portal\/wp-content\/uploads\/2020\/08\/1-131-200x105.jpg 200w, https:\/\/webdelmaestrocmf.com\/portal\/wp-content\/uploads\/2020\/08\/1-131-380x200.jpg 380w, https:\/\/webdelmaestrocmf.com\/portal\/wp-content\/uploads\/2020\/08\/1-131-255x134.jpg 255w, https:\/\/webdelmaestrocmf.com\/portal\/wp-content\/uploads\/2020\/08\/1-131-550x289.jpg 550w, https:\/\/webdelmaestrocmf.com\/portal\/wp-content\/uploads\/2020\/08\/1-131-800x420.jpg 800w, https:\/\/webdelmaestrocmf.com\/portal\/wp-content\/uploads\/2020\/08\/1-131-1160x609.jpg 1160w, https:\/\/webdelmaestrocmf.com\/portal\/wp-content\/uploads\/2020\/08\/1-131-220x116.jpg 220w, https:\/\/webdelmaestrocmf.com\/portal\/wp-content\/uploads\/2020\/08\/1-131-400x210.jpg 400w, https:\/\/webdelmaestrocmf.com\/portal\/wp-content\/uploads\/2020\/08\/1-131-760x399.jpg 760w, https:\/\/webdelmaestrocmf.com\/portal\/wp-content\/uploads\/2020\/08\/1-131-510x268.jpg 510w, https:\/\/webdelmaestrocmf.com\/portal\/wp-content\/uploads\/2020\/08\/1-131-600x315.jpg 600w, https:\/\/webdelmaestrocmf.com\/portal\/wp-content\/uploads\/2020\/08\/1-131-1100x578.jpg 1100w\" sizes=\"auto, (max-width: 1200px) 100vw, 1200px\" \/><\/p>\n<p style=\"text-align: justify;\">Sonido propagado a trav\u00e9s del aire, siendo su velocidad de unos 330 metros y cuya intensidad o volumen del sonido podr\u00e1 ser fuerte (bocina de un veh\u00edculo) o d\u00e9bil (un susurro); la problem\u00e1tica estar\u00e1 ante la \u201cnueva barrera\u201d donde el choque de la onda sonora emitida por el docente reducir\u00e1 los decibeles (db) y dificultar\u00e1 la llegada de la \u201cinformaci\u00f3n\u201d al receptor (estudiante), en este caso hablamos de la fon\u00e9tica auditiva.<\/p>\n<p style=\"text-align: justify;\">Hecho que puede ocasionar \u2013 como consecuencia \u2013 que el estudiante \u201ccuelgue\u201d ante la no escucha.<\/p>\n<p style=\"text-align: justify;\">\u00bfSoluciones posibles y consecuencias? Aumento de decibeles, que conlleva a mayor abuso de las cuerdas vocales, resequedad de la cavidad bucal, a lo que se adiciona la dificultad para llevar la mascarilla en ambientes c\u00e1lidos y h\u00famedos; la posibilidad de contaminaci\u00f3n de no cambiar la mascarilla que se ha humedecido, ensuciado o deteriorado por el uso excesivo del tiempo que incluye la aparici\u00f3n de lesiones cut\u00e1neas de la cara.<\/p>\n<p style=\"text-align: justify;\">En fin un nuevo \u00bfenigma?, o \u00bfreto?, s\u00ed. Habr\u00e1 que pensar en que los docentes y estudiantes hagan uso de mascarillas \u201ccon ventanas o transparencias\u201d donde ambos puedan leerse los labios, recurrir a presentaciones de refuerzo, uso de discursos breves, apoyarse de manos para enfatizar los puntos importantes y las cosas que se quieran destacar, posturas y movimientos del cuerpo y rostro (en este caso limitado) para transmitir informaci\u00f3n sobre las emociones y pensamientos del emisor.<\/p>\n<p style=\"text-align: justify;\">En resumen la respuesta adecuada estar\u00e1 una vez m\u00e1s en la creatividad del docente.<\/p>\n<table class=\" alignleft\" border=\"0\" width=\"100%\" cellspacing=\"10\" cellpadding=\"10\">\n<tbody>\n<tr>\n<td style=\"text-align: center;\" width=\"30%\"><strong><img loading=\"lazy\" decoding=\"async\" class=\"size-full wp-image-35086 aligncenter\" src=\"http:\/\/webdelmaestrocmf.com\/portal\/wp-content\/uploads\/2019\/02\/1-6.jpg\" alt=\"\" width=\"200\" height=\"200\" srcset=\"https:\/\/webdelmaestrocmf.com\/portal\/wp-content\/uploads\/2019\/02\/1-6.jpg 200w, https:\/\/webdelmaestrocmf.com\/portal\/wp-content\/uploads\/2019\/02\/1-6-150x150.jpg 150w, https:\/\/webdelmaestrocmf.com\/portal\/wp-content\/uploads\/2019\/02\/1-6-109x109.jpg 109w, https:\/\/webdelmaestrocmf.com\/portal\/wp-content\/uploads\/2019\/02\/1-6-100x100.jpg 100w, https:\/\/webdelmaestrocmf.com\/portal\/wp-content\/uploads\/2019\/02\/1-6-65x65.jpg 65w\" sizes=\"auto, (max-width: 200px) 100vw, 200px\" \/><br \/>\nAutor: <\/strong>Ernesto Gonzalez , ciudadano nicarag\u00fcense, nacido en Cuba.<strong><br \/>\nExperiencia laboral:<\/strong> Lic. en Ciencias Pedag\u00f3gicas con menci\u00f3n en qu\u00edmica. 40 a\u00f1os de experiencia como docente en los niveles de educaci\u00f3n media y superior; cursos de posgrado propios de la especialidad y en pedagog\u00eda; autor de libros de texto para la ense\u00f1anza media tanto en ciencias naturales, como sociales. Articulista para los peri\u00f3dicos La Prensa, El Nuevo Diario (nicarag\u00fcenses 2000-2008), actualmente para el peri\u00f3dico El Siglo 21 guatemalteco.<strong><br \/>\nCorreo electr\u00f3nico:<\/strong> <a href=\"mailto:eglezvaldes@gmail.com\">eglezvaldes@gmail.com<\/a><br \/>\n<strong>Cuenta de twitter:<\/strong> <a href=\"https:\/\/twitter.com\/search?q=%40gonzlez_ernesto&amp;src=typd\" target=\"_blank\" rel=\"noopener noreferrer\">@gonzlez_ernesto<\/a><\/td>\n<\/tr>\n<\/tbody>\n<\/table>\n<p style=\"text-align: left;\">.<\/p>\n\t\t<div class=\"pk-inline-posts\">\n\t\t\t\n\t\t\t<div class=\"pk-inline-posts-container pk-inline-posts-template-list\"\n\t\t\t\tdata-columns=\"1\">\n\t\t\t\t\t\t<article id=\"post-83656\" class=\"post-83656 post type-post status-publish format-standard has-post-thumbnail category-colaborador category-z-colaboradores-ernesto-gonzalez tag-blandas tag-competencias tag-ernesto-gonzalez cs-entry cs-video-wrap\">\n\t\t\t<div class=\"pk-post-outer\">\n\n\t\t\t\t\t\t\t\t<div class=\"pk-post-inner\">\n\t\t\t\t\t<div class=\"entry-thumbnail\">\n\t\t\t\t\t\t<div class=\"pk-overlay pk-overlay-ratio pk-ratio-landscape\">\n\t\t\t\t\t\t\t<div class=\"pk-overlay-background\">\n\t\t\t\t\t\t\t\t<a href=\"https:\/\/webdelmaestrocmf.com\/portal\/ernesto-gonzalezcompetencias-blandas\/\" class=\"pk-overlay-link\">\n\t\t\t\t\t\t\t\t\t<img loading=\"lazy\" decoding=\"async\" width=\"300\" height=\"225\" src=\"https:\/\/webdelmaestrocmf.com\/portal\/wp-content\/uploads\/2023\/02\/1-1-300x225.jpg\" class=\"attachment-pk-thumbnail size-pk-thumbnail wp-post-image\" alt=\"\" srcset=\"https:\/\/webdelmaestrocmf.com\/portal\/wp-content\/uploads\/2023\/02\/1-1-300x225.jpg 300w, https:\/\/webdelmaestrocmf.com\/portal\/wp-content\/uploads\/2023\/02\/1-1-200x150.jpg 200w, https:\/\/webdelmaestrocmf.com\/portal\/wp-content\/uploads\/2023\/02\/1-1-260x195.jpg 260w\" sizes=\"auto, (max-width: 300px) 100vw, 300px\" \/>\t\t\t\t\t\t\t\t<\/a>\n\t\t\t\t\t\t\t<\/div>\n\t\t\t\t\t\t<\/div>\n\t\t\t\t\t<\/div>\n\t\t\t\t<\/div>\n\t\t\t\t\n\t\t\t\t<div class=\"pk-post-inner\">\n\t\t\t\t\t<header>\n\t\t\t\t\t\t<h3 class=\"pk-title\"><a href=\"https:\/\/webdelmaestrocmf.com\/portal\/ernesto-gonzalezcompetencias-blandas\/\" rel=\"bookmark\">[Ernesto Gonz\u00e1lez]\u00bfCompetencias blandas?<\/a><\/h3>\t\t\t\t\t<\/header><!-- .entry-header -->\n\t\t\t\t<\/div><!-- .post-inner -->\n\n\t\t\t<\/div><!-- .post-outer -->\n\t\t<\/article>\n\t\t\t\t<\/div>\n\t\t<\/div>\n\t\t\n","protected":false},"excerpt":{"rendered":"La mascarilla (tambi\u00e9n llamado nasobuco, tapabocas, cubre bocas o barbijo), instrumento dir\u00eda que vital en tiempos actuales, como&hellip;","protected":false},"author":1,"featured_media":50447,"comment_status":"open","ping_status":"closed","sticky":false,"template":"","format":"standard","meta":{"csco_display_header_overlay":false,"csco_singular_sidebar":"default","csco_page_header_type":"default","csco_page_load_nextpost":"default","csco_post_video_location":[],"csco_post_video_location_hash":"","csco_post_video_url":"","csco_post_video_bg_start_time":0,"csco_post_video_bg_end_time":0,"csco_post_video_bg_volume":false,"_jetpack_memberships_contains_paid_content":false,"footnotes":""},"categories":[1790,4122],"tags":[4123,5503,5504],"class_list":{"0":"post-50441","1":"post","2":"type-post","3":"status-publish","4":"format-standard","5":"has-post-thumbnail","7":"category-colaborador","8":"category-z-colaboradores-ernesto-gonzalez","9":"tag-ernesto-gonzalez","10":"tag-fonetica","11":"tag-mascarilla","12":"cs-entry","13":"cs-video-wrap"},"yoast_head":"<!-- This site is optimized with the Yoast SEO plugin v27.5 - https:\/\/yoast.com\/product\/yoast-seo-wordpress\/ -->\n<title>[Ernesto Gonz\u00e1lez] La fon\u00e9tica y la mascarilla - 2026<\/title>\n<meta name=\"description\" content=\"La mascarilla (tambi\u00e9n llamado nasobuco, tapabocas, cubre bocas o barbijo), instrumento dir\u00eda que vital en tiempos actuales, como...\" \/>\n<meta name=\"robots\" content=\"index, follow, max-snippet:-1, max-image-preview:large, max-video-preview:-1\" \/>\n<link rel=\"canonical\" href=\"https:\/\/webdelmaestrocmf.com\/portal\/ernesto-gonzalez-la-fonetica-y-la-mascarilla\/\" \/>\n<meta property=\"og:locale\" content=\"es_ES\" \/>\n<meta property=\"og:type\" content=\"article\" \/>\n<meta property=\"og:title\" content=\"[Ernesto Gonz\u00e1lez] La fon\u00e9tica y la mascarilla - 2026\" \/>\n<meta property=\"og:description\" content=\"La mascarilla (tambi\u00e9n llamado nasobuco, tapabocas, cubre bocas o barbijo), instrumento dir\u00eda que vital en tiempos actuales, como...\" \/>\n<meta property=\"og:url\" content=\"https:\/\/webdelmaestrocmf.com\/portal\/ernesto-gonzalez-la-fonetica-y-la-mascarilla\/\" \/>\n<meta property=\"og:site_name\" content=\"Web del Maestro CMF\" \/>\n<meta property=\"article:publisher\" content=\"https:\/\/www.facebook.com\/WebdelMaestroCMF\/\" \/>\n<meta property=\"article:author\" content=\"https:\/\/www.facebook.com\/WebdelMaestroCMF\/\" \/>\n<meta property=\"article:published_time\" content=\"2020-08-26T17:25:59+00:00\" \/>\n<meta property=\"article:modified_time\" content=\"2020-09-06T22:01:25+00:00\" \/>\n<meta property=\"og:image\" content=\"https:\/\/i0.wp.com\/webdelmaestrocmf.com\/portal\/wp-content\/uploads\/2020\/08\/1-copia-58.jpg?fit=1100%2C680&ssl=1\" \/>\n\t<meta property=\"og:image:width\" content=\"1100\" \/>\n\t<meta property=\"og:image:height\" content=\"680\" \/>\n\t<meta property=\"og:image:type\" content=\"image\/jpeg\" \/>\n<meta name=\"author\" content=\"Web del Maestro CMF\" \/>\n<meta name=\"twitter:card\" content=\"summary_large_image\" \/>\n<meta name=\"twitter:creator\" content=\"@cmf_w\" \/>\n<meta name=\"twitter:site\" content=\"@cmf_w\" \/>\n<script type=\"application\/ld+json\" class=\"yoast-schema-graph\">{\"@context\":\"https:\\\/\\\/schema.org\",\"@graph\":[{\"@type\":\"ScholarlyArticle\",\"@id\":\"https:\\\/\\\/webdelmaestrocmf.com\\\/portal\\\/ernesto-gonzalez-la-fonetica-y-la-mascarilla\\\/#article\",\"isPartOf\":{\"@id\":\"https:\\\/\\\/webdelmaestrocmf.com\\\/portal\\\/ernesto-gonzalez-la-fonetica-y-la-mascarilla\\\/\"},\"author\":{\"name\":\"Web del Maestro CMF\",\"@id\":\"https:\\\/\\\/webdelmaestrocmf.com\\\/portal\\\/#\\\/schema\\\/person\\\/1072a2ed7bd960df8ef99a551fa35dc5\"},\"headline\":\"[Ernesto Gonz\u00e1lez] La fon\u00e9tica y la mascarilla\",\"datePublished\":\"2020-08-26T17:25:59+00:00\",\"dateModified\":\"2020-09-06T22:01:25+00:00\",\"mainEntityOfPage\":{\"@id\":\"https:\\\/\\\/webdelmaestrocmf.com\\\/portal\\\/ernesto-gonzalez-la-fonetica-y-la-mascarilla\\\/\"},\"wordCount\":662,\"commentCount\":0,\"publisher\":{\"@id\":\"https:\\\/\\\/webdelmaestrocmf.com\\\/portal\\\/#organization\"},\"image\":{\"@id\":\"https:\\\/\\\/webdelmaestrocmf.com\\\/portal\\\/ernesto-gonzalez-la-fonetica-y-la-mascarilla\\\/#primaryimage\"},\"thumbnailUrl\":\"https:\\\/\\\/webdelmaestrocmf.com\\\/portal\\\/wp-content\\\/uploads\\\/2020\\\/08\\\/1-copia-58.jpg\",\"keywords\":[\"ERNESTO GONZALEZ\",\"fon\u00e9tica\",\"mascarilla\"],\"articleSection\":[\"Z-Colaboradores\",\"Z-Colaboradores-Ernesto-Gonzalez\"],\"inLanguage\":\"es\",\"potentialAction\":[{\"@type\":\"CommentAction\",\"name\":\"Comment\",\"target\":[\"https:\\\/\\\/webdelmaestrocmf.com\\\/portal\\\/ernesto-gonzalez-la-fonetica-y-la-mascarilla\\\/#respond\"]}]},{\"@type\":\"WebPage\",\"@id\":\"https:\\\/\\\/webdelmaestrocmf.com\\\/portal\\\/ernesto-gonzalez-la-fonetica-y-la-mascarilla\\\/\",\"url\":\"https:\\\/\\\/webdelmaestrocmf.com\\\/portal\\\/ernesto-gonzalez-la-fonetica-y-la-mascarilla\\\/\",\"name\":\"[Ernesto Gonz\u00e1lez] La fon\u00e9tica y la mascarilla - 2026\",\"isPartOf\":{\"@id\":\"https:\\\/\\\/webdelmaestrocmf.com\\\/portal\\\/#website\"},\"primaryImageOfPage\":{\"@id\":\"https:\\\/\\\/webdelmaestrocmf.com\\\/portal\\\/ernesto-gonzalez-la-fonetica-y-la-mascarilla\\\/#primaryimage\"},\"image\":{\"@id\":\"https:\\\/\\\/webdelmaestrocmf.com\\\/portal\\\/ernesto-gonzalez-la-fonetica-y-la-mascarilla\\\/#primaryimage\"},\"thumbnailUrl\":\"https:\\\/\\\/webdelmaestrocmf.com\\\/portal\\\/wp-content\\\/uploads\\\/2020\\\/08\\\/1-copia-58.jpg\",\"datePublished\":\"2020-08-26T17:25:59+00:00\",\"dateModified\":\"2020-09-06T22:01:25+00:00\",\"description\":\"La mascarilla (tambi\u00e9n llamado nasobuco, tapabocas, cubre bocas o barbijo), instrumento dir\u00eda que vital en tiempos actuales, como...\",\"breadcrumb\":{\"@id\":\"https:\\\/\\\/webdelmaestrocmf.com\\\/portal\\\/ernesto-gonzalez-la-fonetica-y-la-mascarilla\\\/#breadcrumb\"},\"inLanguage\":\"es\",\"potentialAction\":[{\"@type\":\"ReadAction\",\"target\":[\"https:\\\/\\\/webdelmaestrocmf.com\\\/portal\\\/ernesto-gonzalez-la-fonetica-y-la-mascarilla\\\/\"]}]},{\"@type\":\"ImageObject\",\"inLanguage\":\"es\",\"@id\":\"https:\\\/\\\/webdelmaestrocmf.com\\\/portal\\\/ernesto-gonzalez-la-fonetica-y-la-mascarilla\\\/#primaryimage\",\"url\":\"https:\\\/\\\/webdelmaestrocmf.com\\\/portal\\\/wp-content\\\/uploads\\\/2020\\\/08\\\/1-copia-58.jpg\",\"contentUrl\":\"https:\\\/\\\/webdelmaestrocmf.com\\\/portal\\\/wp-content\\\/uploads\\\/2020\\\/08\\\/1-copia-58.jpg\",\"width\":1100,\"height\":680},{\"@type\":\"BreadcrumbList\",\"@id\":\"https:\\\/\\\/webdelmaestrocmf.com\\\/portal\\\/ernesto-gonzalez-la-fonetica-y-la-mascarilla\\\/#breadcrumb\",\"itemListElement\":[{\"@type\":\"ListItem\",\"position\":1,\"name\":\"Portada\",\"item\":\"https:\\\/\\\/webdelmaestrocmf.com\\\/portal\\\/\"},{\"@type\":\"ListItem\",\"position\":2,\"name\":\"Z-Colaboradores\",\"item\":\"https:\\\/\\\/webdelmaestrocmf.com\\\/portal\\\/category\\\/colaborador\\\/\"},{\"@type\":\"ListItem\",\"position\":3,\"name\":\"[Ernesto Gonz\u00e1lez] La fon\u00e9tica y la mascarilla\"}]},{\"@type\":\"WebSite\",\"@id\":\"https:\\\/\\\/webdelmaestrocmf.com\\\/portal\\\/#website\",\"url\":\"https:\\\/\\\/webdelmaestrocmf.com\\\/portal\\\/\",\"name\":\"Web del Maestro CMF\",\"description\":\"Maestros al servicio de la educaci\u00f3n\",\"publisher\":{\"@id\":\"https:\\\/\\\/webdelmaestrocmf.com\\\/portal\\\/#organization\"},\"alternateName\":\"WMCMF\",\"potentialAction\":[{\"@type\":\"SearchAction\",\"target\":{\"@type\":\"EntryPoint\",\"urlTemplate\":\"https:\\\/\\\/webdelmaestrocmf.com\\\/portal\\\/?s={search_term_string}\"},\"query-input\":{\"@type\":\"PropertyValueSpecification\",\"valueRequired\":true,\"valueName\":\"search_term_string\"}}],\"inLanguage\":\"es\"},{\"@type\":\"Organization\",\"@id\":\"https:\\\/\\\/webdelmaestrocmf.com\\\/portal\\\/#organization\",\"name\":\"Web del Maestro CMF\",\"alternateName\":\"WMCMF\",\"url\":\"https:\\\/\\\/webdelmaestrocmf.com\\\/portal\\\/\",\"logo\":{\"@type\":\"ImageObject\",\"inLanguage\":\"es\",\"@id\":\"https:\\\/\\\/webdelmaestrocmf.com\\\/portal\\\/#\\\/schema\\\/logo\\\/image\\\/\",\"url\":\"https:\\\/\\\/webdelmaestrocmf.com\\\/portal\\\/wp-content\\\/uploads\\\/2023\\\/01\\\/logo-wmcmf-2.png\",\"contentUrl\":\"https:\\\/\\\/webdelmaestrocmf.com\\\/portal\\\/wp-content\\\/uploads\\\/2023\\\/01\\\/logo-wmcmf-2.png\",\"width\":200,\"height\":60,\"caption\":\"Web del Maestro CMF\"},\"image\":{\"@id\":\"https:\\\/\\\/webdelmaestrocmf.com\\\/portal\\\/#\\\/schema\\\/logo\\\/image\\\/\"},\"sameAs\":[\"https:\\\/\\\/www.facebook.com\\\/WebdelMaestroCMF\\\/\",\"https:\\\/\\\/x.com\\\/cmf_w\",\"https:\\\/\\\/www.pinterest.com\\\/WMCMF\\\/\",\"https:\\\/\\\/www.linkedin.com\\\/company\\\/web-del-maestro-cmf\\\/\",\"https:\\\/\\\/www.instagram.com\\\/wmcmf\\\/\",\"https:\\\/\\\/www.youtube.com\\\/channel\\\/UCDPSvjbdodE5sHnC3OxutHw\",\"https:\\\/\\\/mastodon.social\\\/@wmcmf\",\"https:\\\/\\\/www.tiktok.com\\\/@webdelmaestrocmf\"]},{\"@type\":\"Person\",\"@id\":\"https:\\\/\\\/webdelmaestrocmf.com\\\/portal\\\/#\\\/schema\\\/person\\\/1072a2ed7bd960df8ef99a551fa35dc5\",\"name\":\"Web del Maestro CMF\",\"image\":{\"@type\":\"ImageObject\",\"inLanguage\":\"es\",\"@id\":\"https:\\\/\\\/secure.gravatar.com\\\/avatar\\\/23291dd5b5ae1077dcff3dbb04c3e02bd28403fa75af6d8787d5e97c5bbbe30b?s=96&d=mm&r=g\",\"url\":\"https:\\\/\\\/secure.gravatar.com\\\/avatar\\\/23291dd5b5ae1077dcff3dbb04c3e02bd28403fa75af6d8787d5e97c5bbbe30b?s=96&d=mm&r=g\",\"contentUrl\":\"https:\\\/\\\/secure.gravatar.com\\\/avatar\\\/23291dd5b5ae1077dcff3dbb04c3e02bd28403fa75af6d8787d5e97c5bbbe30b?s=96&d=mm&r=g\",\"caption\":\"Web del Maestro CMF\"},\"description\":\"Esta Web se cre\u00f3 sin fines de lucro, con fines educativos, cient\u00edficos y acad\u00e9micos, para personas que tengan dificultades y\\\/o inconvenientes en visualizar el material original. El objetivo es entregar recursos, compartir experiencias y materiales que ayuden a los padres de familia, maestros y estudiantes en su actualizaci\u00f3n y formaci\u00f3n permanente, en bien de la Educaci\u00f3n.\",\"sameAs\":[\"http:\\\/\\\/webdelmaestrocmf.com\\\/portal\",\"https:\\\/\\\/www.facebook.com\\\/WebdelMaestroCMF\\\/\",\"https:\\\/\\\/www.instagram.com\\\/wmcmf\\\/\",\"https:\\\/\\\/cl.linkedin.com\\\/company\\\/web-del-maestro-cmf\",\"https:\\\/\\\/www.pinterest.com\\\/WMCMF\\\/publicaciones\\\/\",\"https:\\\/\\\/x.com\\\/cmf_w\",\"https:\\\/\\\/www.youtube.com\\\/@WMCMF\"]}]}<\/script>\n<!-- \/ Yoast SEO plugin. -->","yoast_head_json":{"title":"[Ernesto Gonz\u00e1lez] La fon\u00e9tica y la mascarilla - 2026","description":"La mascarilla (tambi\u00e9n llamado nasobuco, tapabocas, cubre bocas o barbijo), instrumento dir\u00eda que vital en tiempos actuales, como...","robots":{"index":"index","follow":"follow","max-snippet":"max-snippet:-1","max-image-preview":"max-image-preview:large","max-video-preview":"max-video-preview:-1"},"canonical":"https:\/\/webdelmaestrocmf.com\/portal\/ernesto-gonzalez-la-fonetica-y-la-mascarilla\/","og_locale":"es_ES","og_type":"article","og_title":"[Ernesto Gonz\u00e1lez] La fon\u00e9tica y la mascarilla - 2026","og_description":"La mascarilla (tambi\u00e9n llamado nasobuco, tapabocas, cubre bocas o barbijo), instrumento dir\u00eda que vital en tiempos actuales, como...","og_url":"https:\/\/webdelmaestrocmf.com\/portal\/ernesto-gonzalez-la-fonetica-y-la-mascarilla\/","og_site_name":"Web del Maestro CMF","article_publisher":"https:\/\/www.facebook.com\/WebdelMaestroCMF\/","article_author":"https:\/\/www.facebook.com\/WebdelMaestroCMF\/","article_published_time":"2020-08-26T17:25:59+00:00","article_modified_time":"2020-09-06T22:01:25+00:00","og_image":[{"width":1100,"height":680,"url":"https:\/\/i0.wp.com\/webdelmaestrocmf.com\/portal\/wp-content\/uploads\/2020\/08\/1-copia-58.jpg?fit=1100%2C680&ssl=1","type":"image\/jpeg"}],"author":"Web del Maestro CMF","twitter_card":"summary_large_image","twitter_creator":"@cmf_w","twitter_site":"@cmf_w","schema":{"@context":"https:\/\/schema.org","@graph":[{"@type":"ScholarlyArticle","@id":"https:\/\/webdelmaestrocmf.com\/portal\/ernesto-gonzalez-la-fonetica-y-la-mascarilla\/#article","isPartOf":{"@id":"https:\/\/webdelmaestrocmf.com\/portal\/ernesto-gonzalez-la-fonetica-y-la-mascarilla\/"},"author":{"name":"Web del Maestro CMF","@id":"https:\/\/webdelmaestrocmf.com\/portal\/#\/schema\/person\/1072a2ed7bd960df8ef99a551fa35dc5"},"headline":"[Ernesto Gonz\u00e1lez] La fon\u00e9tica y la mascarilla","datePublished":"2020-08-26T17:25:59+00:00","dateModified":"2020-09-06T22:01:25+00:00","mainEntityOfPage":{"@id":"https:\/\/webdelmaestrocmf.com\/portal\/ernesto-gonzalez-la-fonetica-y-la-mascarilla\/"},"wordCount":662,"commentCount":0,"publisher":{"@id":"https:\/\/webdelmaestrocmf.com\/portal\/#organization"},"image":{"@id":"https:\/\/webdelmaestrocmf.com\/portal\/ernesto-gonzalez-la-fonetica-y-la-mascarilla\/#primaryimage"},"thumbnailUrl":"https:\/\/webdelmaestrocmf.com\/portal\/wp-content\/uploads\/2020\/08\/1-copia-58.jpg","keywords":["ERNESTO GONZALEZ","fon\u00e9tica","mascarilla"],"articleSection":["Z-Colaboradores","Z-Colaboradores-Ernesto-Gonzalez"],"inLanguage":"es","potentialAction":[{"@type":"CommentAction","name":"Comment","target":["https:\/\/webdelmaestrocmf.com\/portal\/ernesto-gonzalez-la-fonetica-y-la-mascarilla\/#respond"]}]},{"@type":"WebPage","@id":"https:\/\/webdelmaestrocmf.com\/portal\/ernesto-gonzalez-la-fonetica-y-la-mascarilla\/","url":"https:\/\/webdelmaestrocmf.com\/portal\/ernesto-gonzalez-la-fonetica-y-la-mascarilla\/","name":"[Ernesto Gonz\u00e1lez] La fon\u00e9tica y la mascarilla - 2026","isPartOf":{"@id":"https:\/\/webdelmaestrocmf.com\/portal\/#website"},"primaryImageOfPage":{"@id":"https:\/\/webdelmaestrocmf.com\/portal\/ernesto-gonzalez-la-fonetica-y-la-mascarilla\/#primaryimage"},"image":{"@id":"https:\/\/webdelmaestrocmf.com\/portal\/ernesto-gonzalez-la-fonetica-y-la-mascarilla\/#primaryimage"},"thumbnailUrl":"https:\/\/webdelmaestrocmf.com\/portal\/wp-content\/uploads\/2020\/08\/1-copia-58.jpg","datePublished":"2020-08-26T17:25:59+00:00","dateModified":"2020-09-06T22:01:25+00:00","description":"La mascarilla (tambi\u00e9n llamado nasobuco, tapabocas, cubre bocas o barbijo), instrumento dir\u00eda que vital en tiempos actuales, como...","breadcrumb":{"@id":"https:\/\/webdelmaestrocmf.com\/portal\/ernesto-gonzalez-la-fonetica-y-la-mascarilla\/#breadcrumb"},"inLanguage":"es","potentialAction":[{"@type":"ReadAction","target":["https:\/\/webdelmaestrocmf.com\/portal\/ernesto-gonzalez-la-fonetica-y-la-mascarilla\/"]}]},{"@type":"ImageObject","inLanguage":"es","@id":"https:\/\/webdelmaestrocmf.com\/portal\/ernesto-gonzalez-la-fonetica-y-la-mascarilla\/#primaryimage","url":"https:\/\/webdelmaestrocmf.com\/portal\/wp-content\/uploads\/2020\/08\/1-copia-58.jpg","contentUrl":"https:\/\/webdelmaestrocmf.com\/portal\/wp-content\/uploads\/2020\/08\/1-copia-58.jpg","width":1100,"height":680},{"@type":"BreadcrumbList","@id":"https:\/\/webdelmaestrocmf.com\/portal\/ernesto-gonzalez-la-fonetica-y-la-mascarilla\/#breadcrumb","itemListElement":[{"@type":"ListItem","position":1,"name":"Portada","item":"https:\/\/webdelmaestrocmf.com\/portal\/"},{"@type":"ListItem","position":2,"name":"Z-Colaboradores","item":"https:\/\/webdelmaestrocmf.com\/portal\/category\/colaborador\/"},{"@type":"ListItem","position":3,"name":"[Ernesto Gonz\u00e1lez] La fon\u00e9tica y la mascarilla"}]},{"@type":"WebSite","@id":"https:\/\/webdelmaestrocmf.com\/portal\/#website","url":"https:\/\/webdelmaestrocmf.com\/portal\/","name":"Web del Maestro CMF","description":"Maestros al servicio de la educaci\u00f3n","publisher":{"@id":"https:\/\/webdelmaestrocmf.com\/portal\/#organization"},"alternateName":"WMCMF","potentialAction":[{"@type":"SearchAction","target":{"@type":"EntryPoint","urlTemplate":"https:\/\/webdelmaestrocmf.com\/portal\/?s={search_term_string}"},"query-input":{"@type":"PropertyValueSpecification","valueRequired":true,"valueName":"search_term_string"}}],"inLanguage":"es"},{"@type":"Organization","@id":"https:\/\/webdelmaestrocmf.com\/portal\/#organization","name":"Web del Maestro CMF","alternateName":"WMCMF","url":"https:\/\/webdelmaestrocmf.com\/portal\/","logo":{"@type":"ImageObject","inLanguage":"es","@id":"https:\/\/webdelmaestrocmf.com\/portal\/#\/schema\/logo\/image\/","url":"https:\/\/webdelmaestrocmf.com\/portal\/wp-content\/uploads\/2023\/01\/logo-wmcmf-2.png","contentUrl":"https:\/\/webdelmaestrocmf.com\/portal\/wp-content\/uploads\/2023\/01\/logo-wmcmf-2.png","width":200,"height":60,"caption":"Web del Maestro CMF"},"image":{"@id":"https:\/\/webdelmaestrocmf.com\/portal\/#\/schema\/logo\/image\/"},"sameAs":["https:\/\/www.facebook.com\/WebdelMaestroCMF\/","https:\/\/x.com\/cmf_w","https:\/\/www.pinterest.com\/WMCMF\/","https:\/\/www.linkedin.com\/company\/web-del-maestro-cmf\/","https:\/\/www.instagram.com\/wmcmf\/","https:\/\/www.youtube.com\/channel\/UCDPSvjbdodE5sHnC3OxutHw","https:\/\/mastodon.social\/@wmcmf","https:\/\/www.tiktok.com\/@webdelmaestrocmf"]},{"@type":"Person","@id":"https:\/\/webdelmaestrocmf.com\/portal\/#\/schema\/person\/1072a2ed7bd960df8ef99a551fa35dc5","name":"Web del Maestro CMF","image":{"@type":"ImageObject","inLanguage":"es","@id":"https:\/\/secure.gravatar.com\/avatar\/23291dd5b5ae1077dcff3dbb04c3e02bd28403fa75af6d8787d5e97c5bbbe30b?s=96&d=mm&r=g","url":"https:\/\/secure.gravatar.com\/avatar\/23291dd5b5ae1077dcff3dbb04c3e02bd28403fa75af6d8787d5e97c5bbbe30b?s=96&d=mm&r=g","contentUrl":"https:\/\/secure.gravatar.com\/avatar\/23291dd5b5ae1077dcff3dbb04c3e02bd28403fa75af6d8787d5e97c5bbbe30b?s=96&d=mm&r=g","caption":"Web del Maestro CMF"},"description":"Esta Web se cre\u00f3 sin fines de lucro, con fines educativos, cient\u00edficos y acad\u00e9micos, para personas que tengan dificultades y\/o inconvenientes en visualizar el material original. El objetivo es entregar recursos, compartir experiencias y materiales que ayuden a los padres de familia, maestros y estudiantes en su actualizaci\u00f3n y formaci\u00f3n permanente, en bien de la Educaci\u00f3n.","sameAs":["http:\/\/webdelmaestrocmf.com\/portal","https:\/\/www.facebook.com\/WebdelMaestroCMF\/","https:\/\/www.instagram.com\/wmcmf\/","https:\/\/cl.linkedin.com\/company\/web-del-maestro-cmf","https:\/\/www.pinterest.com\/WMCMF\/publicaciones\/","https:\/\/x.com\/cmf_w","https:\/\/www.youtube.com\/@WMCMF"]}]}},"jetpack_featured_media_url":"https:\/\/webdelmaestrocmf.com\/portal\/wp-content\/uploads\/2020\/08\/1-copia-58.jpg","jetpack_sharing_enabled":true,"jetpack-related-posts":[{"id":47364,"url":"https:\/\/webdelmaestrocmf.com\/portal\/ernesto-gonzalez-para-muestravarios-botones\/","url_meta":{"origin":50441,"position":0},"title":"[Ernesto Gonz\u00e1lez] Para muestra\u2026varios botones","author":"Web del Maestro CMF","date":"25 mayo, 2020","format":false,"excerpt":"No escribir en tiempo presente ante y sobre la situaci\u00f3n pand\u00e9mica resulta complejo, queda claro que una gran influencia lo generan los medios audiovisuales y escritos en formato digital, de aqu\u00ed que es lo que m\u00e1s llama la atenci\u00f3n y que en este momento se vincula a lo econ\u00f3mico, donde\u2026","rel":"","context":"En \u00abZ-Colaboradores\u00bb","block_context":{"text":"Z-Colaboradores","link":"https:\/\/webdelmaestrocmf.com\/portal\/category\/colaborador\/"},"img":{"alt_text":"","src":"https:\/\/i0.wp.com\/webdelmaestrocmf.com\/portal\/wp-content\/uploads\/2020\/05\/1-31.jpg?resize=350%2C200&ssl=1","width":350,"height":200,"srcset":"https:\/\/i0.wp.com\/webdelmaestrocmf.com\/portal\/wp-content\/uploads\/2020\/05\/1-31.jpg?resize=350%2C200&ssl=1 1x, https:\/\/i0.wp.com\/webdelmaestrocmf.com\/portal\/wp-content\/uploads\/2020\/05\/1-31.jpg?resize=525%2C300&ssl=1 1.5x, https:\/\/i0.wp.com\/webdelmaestrocmf.com\/portal\/wp-content\/uploads\/2020\/05\/1-31.jpg?resize=700%2C400&ssl=1 2x, https:\/\/i0.wp.com\/webdelmaestrocmf.com\/portal\/wp-content\/uploads\/2020\/05\/1-31.jpg?resize=1050%2C600&ssl=1 3x"},"classes":[]},{"id":72036,"url":"https:\/\/webdelmaestrocmf.com\/portal\/ernesto-gonzalez-al-ritmo-de-las-mascaras\/","url_meta":{"origin":50441,"position":1},"title":"[Ernesto Gonz\u00e1lez] Al \u201critmo\u201d de las m\u00e1scaras","author":"Web del Maestro CMF","date":"15 diciembre, 2021","format":false,"excerpt":"Un poco para parafrasear \u2013 con relaci\u00f3n al t\u00edtulo del art\u00edculo - el llamado Baile de las m\u00e1scaras (o\u00a0bal masqu\u00e9), \u00e9ste constitu\u00eda (caracter\u00edstica de la temporada de\u00a0Carnaval Siglo XV, festividades que sol\u00edan desarrollarse al aire libre, celebrando bodas y otros eventos din\u00e1sticos de la vida de corte medieval tard\u00eda) -\u2026","rel":"","context":"En \u00abZ-Colaboradores\u00bb","block_context":{"text":"Z-Colaboradores","link":"https:\/\/webdelmaestrocmf.com\/portal\/category\/colaborador\/"},"img":{"alt_text":"","src":"https:\/\/i0.wp.com\/webdelmaestrocmf.com\/portal\/wp-content\/uploads\/2021\/12\/1-25.jpg?resize=350%2C200&ssl=1","width":350,"height":200,"srcset":"https:\/\/i0.wp.com\/webdelmaestrocmf.com\/portal\/wp-content\/uploads\/2021\/12\/1-25.jpg?resize=350%2C200&ssl=1 1x, https:\/\/i0.wp.com\/webdelmaestrocmf.com\/portal\/wp-content\/uploads\/2021\/12\/1-25.jpg?resize=525%2C300&ssl=1 1.5x, https:\/\/i0.wp.com\/webdelmaestrocmf.com\/portal\/wp-content\/uploads\/2021\/12\/1-25.jpg?resize=700%2C400&ssl=1 2x, https:\/\/i0.wp.com\/webdelmaestrocmf.com\/portal\/wp-content\/uploads\/2021\/12\/1-25.jpg?resize=1050%2C600&ssl=1 3x"},"classes":[]},{"id":77381,"url":"https:\/\/webdelmaestrocmf.com\/portal\/ernesto-gonzalez-posible-descontrol-con-el-regreso-a-clase-sin-pandemia\/","url_meta":{"origin":50441,"position":2},"title":"[Ernesto Gonz\u00e1lez] Posible descontrol con el regreso a clase sin pandemia","author":"Web del Maestro CMF","date":"8 junio, 2022","format":false,"excerpt":"Hace poco conversaba con una docente y nos planteaba la problem\u00e1tica del uso de las TIC en particular, \u00bfqu\u00e9 suceder\u00eda con el regreso a clase? \u00a0Si bien ha sido solucionado parcialmente el problema generado por el COVID, donde la respuesta de las instituciones y pa\u00edses han sido muy diferente, como\u2026","rel":"","context":"En \u00abZ-Colaboradores\u00bb","block_context":{"text":"Z-Colaboradores","link":"https:\/\/webdelmaestrocmf.com\/portal\/category\/colaborador\/"},"img":{"alt_text":"","src":"https:\/\/i0.wp.com\/webdelmaestrocmf.com\/portal\/wp-content\/uploads\/2022\/06\/1-15.jpg?resize=350%2C200&ssl=1","width":350,"height":200,"srcset":"https:\/\/i0.wp.com\/webdelmaestrocmf.com\/portal\/wp-content\/uploads\/2022\/06\/1-15.jpg?resize=350%2C200&ssl=1 1x, https:\/\/i0.wp.com\/webdelmaestrocmf.com\/portal\/wp-content\/uploads\/2022\/06\/1-15.jpg?resize=525%2C300&ssl=1 1.5x, https:\/\/i0.wp.com\/webdelmaestrocmf.com\/portal\/wp-content\/uploads\/2022\/06\/1-15.jpg?resize=700%2C400&ssl=1 2x, https:\/\/i0.wp.com\/webdelmaestrocmf.com\/portal\/wp-content\/uploads\/2022\/06\/1-15.jpg?resize=1050%2C600&ssl=1 3x"},"classes":[]},{"id":71711,"url":"https:\/\/webdelmaestrocmf.com\/portal\/ernesto-gonzalez-algunos-tips-para-el-proximo-curso-academico\/","url_meta":{"origin":50441,"position":3},"title":"[Ernesto Gonz\u00e1lez] Algunos tips para el pr\u00f3ximo curso acad\u00e9mico","author":"Web del Maestro CMF","date":"2 diciembre, 2021","format":false,"excerpt":"A\u00f1o que casi termina para estudiantes, docentes y por supuesto padres de familia; \u00bfsatisfacci\u00f3n al esfuerzo de haber sido promovido? Por supuesto, aunque siempre habr\u00e1 sus diferencias, de si realmente se logr\u00f3 ser reconocido en cuanto \u201cmejor graduado(a)\u201d, Cum laude, Magna cum laude o Summa cum laude. Pero en fin\u2026","rel":"","context":"En \u00abZ-Colaboradores\u00bb","block_context":{"text":"Z-Colaboradores","link":"https:\/\/webdelmaestrocmf.com\/portal\/category\/colaborador\/"},"img":{"alt_text":"","src":"https:\/\/i0.wp.com\/webdelmaestrocmf.com\/portal\/wp-content\/uploads\/2021\/12\/1-3.jpg?resize=350%2C200&ssl=1","width":350,"height":200,"srcset":"https:\/\/i0.wp.com\/webdelmaestrocmf.com\/portal\/wp-content\/uploads\/2021\/12\/1-3.jpg?resize=350%2C200&ssl=1 1x, https:\/\/i0.wp.com\/webdelmaestrocmf.com\/portal\/wp-content\/uploads\/2021\/12\/1-3.jpg?resize=525%2C300&ssl=1 1.5x, https:\/\/i0.wp.com\/webdelmaestrocmf.com\/portal\/wp-content\/uploads\/2021\/12\/1-3.jpg?resize=700%2C400&ssl=1 2x, https:\/\/i0.wp.com\/webdelmaestrocmf.com\/portal\/wp-content\/uploads\/2021\/12\/1-3.jpg?resize=1050%2C600&ssl=1 3x"},"classes":[]},{"id":60923,"url":"https:\/\/webdelmaestrocmf.com\/portal\/ernesto-gonzalez-mapa-semantico\/","url_meta":{"origin":50441,"position":4},"title":"[Ernesto Gonz\u00e1lez] Mapa sem\u00e1ntico","author":"Web del Maestro CMF","date":"24 marzo, 2021","format":false,"excerpt":"Resulta innegable en el presente y nuevo siglo XXI, la incorporaci\u00f3n de un conjunto de acciones planificadas y dise\u00f1adas (estrategias) por el\/la docente, para facilitar la toma de decisiones y orientadas a alcanzar un determinado resultado, en nuestro caso las competencias de cada unidad o tema, por parte del estudiante.\u2026","rel":"","context":"En \u00abZ-Colaboradores\u00bb","block_context":{"text":"Z-Colaboradores","link":"https:\/\/webdelmaestrocmf.com\/portal\/category\/colaborador\/"},"img":{"alt_text":"","src":"https:\/\/i0.wp.com\/webdelmaestrocmf.com\/portal\/wp-content\/uploads\/2021\/03\/1-128.jpg?resize=350%2C200&ssl=1","width":350,"height":200,"srcset":"https:\/\/i0.wp.com\/webdelmaestrocmf.com\/portal\/wp-content\/uploads\/2021\/03\/1-128.jpg?resize=350%2C200&ssl=1 1x, https:\/\/i0.wp.com\/webdelmaestrocmf.com\/portal\/wp-content\/uploads\/2021\/03\/1-128.jpg?resize=525%2C300&ssl=1 1.5x, https:\/\/i0.wp.com\/webdelmaestrocmf.com\/portal\/wp-content\/uploads\/2021\/03\/1-128.jpg?resize=700%2C400&ssl=1 2x, https:\/\/i0.wp.com\/webdelmaestrocmf.com\/portal\/wp-content\/uploads\/2021\/03\/1-128.jpg?resize=1050%2C600&ssl=1 3x"},"classes":[]},{"id":55056,"url":"https:\/\/webdelmaestrocmf.com\/portal\/ernesto-gonzalez-conversemos-un-rato-ii-e-book-descarga-gratuita\/","url_meta":{"origin":50441,"position":5},"title":"[Ernesto Gonz\u00e1lez] \u00a1Conversemos un rato II! (E-book descarga gratuita)","author":"Web del Maestro CMF","date":"23 noviembre, 2020","format":false,"excerpt":"\u201cEn esta nueva entrega, el profesor Ernesto Gonz\u00e1lez se propone transmitir valores esenciales para el funcionamiento del proceso educativo y compartirnos su amor por educar y mejorar la calidad de la educaci\u00f3n, pues con su vasta experiencia como docente y como directivo de diferentes instituciones educativas le dan la autoridad\u2026","rel":"","context":"En \u00abZ-Colaboradores\u00bb","block_context":{"text":"Z-Colaboradores","link":"https:\/\/webdelmaestrocmf.com\/portal\/category\/colaborador\/"},"img":{"alt_text":"","src":"https:\/\/i0.wp.com\/webdelmaestrocmf.com\/portal\/wp-content\/uploads\/2020\/11\/1-copia-66.jpg?resize=350%2C200&ssl=1","width":350,"height":200,"srcset":"https:\/\/i0.wp.com\/webdelmaestrocmf.com\/portal\/wp-content\/uploads\/2020\/11\/1-copia-66.jpg?resize=350%2C200&ssl=1 1x, https:\/\/i0.wp.com\/webdelmaestrocmf.com\/portal\/wp-content\/uploads\/2020\/11\/1-copia-66.jpg?resize=525%2C300&ssl=1 1.5x, https:\/\/i0.wp.com\/webdelmaestrocmf.com\/portal\/wp-content\/uploads\/2020\/11\/1-copia-66.jpg?resize=700%2C400&ssl=1 2x, https:\/\/i0.wp.com\/webdelmaestrocmf.com\/portal\/wp-content\/uploads\/2020\/11\/1-copia-66.jpg?resize=1050%2C600&ssl=1 3x"},"classes":[]}],"_links":{"self":[{"href":"https:\/\/webdelmaestrocmf.com\/portal\/wp-json\/wp\/v2\/posts\/50441","targetHints":{"allow":["GET"]}}],"collection":[{"href":"https:\/\/webdelmaestrocmf.com\/portal\/wp-json\/wp\/v2\/posts"}],"about":[{"href":"https:\/\/webdelmaestrocmf.com\/portal\/wp-json\/wp\/v2\/types\/post"}],"author":[{"embeddable":true,"href":"https:\/\/webdelmaestrocmf.com\/portal\/wp-json\/wp\/v2\/users\/1"}],"replies":[{"embeddable":true,"href":"https:\/\/webdelmaestrocmf.com\/portal\/wp-json\/wp\/v2\/comments?post=50441"}],"version-history":[{"count":0,"href":"https:\/\/webdelmaestrocmf.com\/portal\/wp-json\/wp\/v2\/posts\/50441\/revisions"}],"wp:featuredmedia":[{"embeddable":true,"href":"https:\/\/webdelmaestrocmf.com\/portal\/wp-json\/wp\/v2\/media\/50447"}],"wp:attachment":[{"href":"https:\/\/webdelmaestrocmf.com\/portal\/wp-json\/wp\/v2\/media?parent=50441"}],"wp:term":[{"taxonomy":"category","embeddable":true,"href":"https:\/\/webdelmaestrocmf.com\/portal\/wp-json\/wp\/v2\/categories?post=50441"},{"taxonomy":"post_tag","embeddable":true,"href":"https:\/\/webdelmaestrocmf.com\/portal\/wp-json\/wp\/v2\/tags?post=50441"}],"curies":[{"name":"wp","href":"https:\/\/api.w.org\/{rel}","templated":true}]}}