{"id":50413,"date":"2022-08-28T22:45:34","date_gmt":"2022-08-29T02:45:34","guid":{"rendered":"https:\/\/webdelmaestrocmf.com\/portal\/?p=50413"},"modified":"2023-09-23T13:40:32","modified_gmt":"2023-09-23T16:40:32","slug":"humberto-maturana-lo-fundamental-de-la-convivencia-es-la-honestidad-y-el-mutuo-respeto","status":"publish","type":"post","link":"https:\/\/webdelmaestrocmf.com\/portal\/humberto-maturana-lo-fundamental-de-la-convivencia-es-la-honestidad-y-el-mutuo-respeto\/","title":{"rendered":"Humberto Maturana: Lo fundamental de la convivencia es la honestidad y el mutuo respeto"},"content":{"rendered":"<h5 style=\"text-align: justify;\">El bi\u00f3logo y Premio Nacional de Ciencias, fundador de la escuela de pensamiento Matr\u00edztica, Humberto Maturana (1928), estudi\u00f3 medicina y biolog\u00eda en la Universidad de Chile, anatom\u00eda y neurofisiolog\u00eda en el University College de Londres y se doctor\u00f3 en biolog\u00eda por la Universidad de Harvard (USA). Es doctor &#8216;honoris causa&#8217; por las universidades Libre de Bruselas (B\u00e9lgica), Santiago (Chile) y M\u00e1laga (Espa\u00f1a). Autor, entre otros, de los libros De m\u00e1quinas y seres vivos, con Francisco Varela (1972), Autopoiesis and cognition (1980), El \u00e1rbol del conocimiento, con Francisco Varela (1984), Emociones y lenguaje en educaci\u00f3n y pol\u00edtica (1990), El sentido de lo humano (1991), Desde la biolog\u00eda a la psicolog\u00eda (1993), La realidad, \u00bfobjetiva o construida?, 2 vols. (1996), La objetividad, un argumento para obligar (1997), Transformaci\u00f3n en la convivencia (1999), From Being to Doing. The Origins of the Biology of Cognition, con Bernhard Poerksen (2004), The Origins of Humanness in the Biology of Love, con Gerda Verden-Zoller (2009).<\/h5>\n<p><!--more--><\/p>\n<p style=\"text-align: justify;\">Art\u00edculo recomendado. <a href=\"https:\/\/webdelmaestrocmf.com\/portal\/las-emociones-son-el-fundamento-de-todo-hacer\/\" target=\"_blank\" rel=\"noopener noreferrer\"><strong>HUMBERTO MATURANA: LAS EMOCIONES SON EL FUNDAMENTO DE TODO HACER <\/strong><\/a><\/p>\n<p style=\"text-align: justify;\">Como educadores, seg\u00fan el profesor Maturana, <strong>\u201cno podemos reflexionar acerca de la educaci\u00f3n<\/strong> <strong>sin hacerlo antes o simult\u00e1neamente acerca de esta cosa tan fundamental en el vivir cotidiano<\/strong>\u201d. Y ahora, nuestra cotidianidad es la pandemia del Covid 19 y sus consecuencias sanitarias, econ\u00f3micas, educativas y sociales que estamos viviendo estudiantes, padres de familia y profesores, en todo el planeta, sin mucha distinci\u00f3n de nuestra ubicaci\u00f3n en el informe PISA.<\/p>\n<p><a href=\"https:\/\/webdelmaestrocmf.com\/portal\/wp-content\/uploads\/2020\/08\/1-copia-55.jpg\"><img loading=\"lazy\" decoding=\"async\" class=\"alignnone size-full wp-image-50415\" src=\"https:\/\/webdelmaestrocmf.com\/portal\/wp-content\/uploads\/2020\/08\/1-copia-55.jpg\" alt=\"\" width=\"1100\" height=\"680\" srcset=\"https:\/\/webdelmaestrocmf.com\/portal\/wp-content\/uploads\/2020\/08\/1-copia-55.jpg 1100w, https:\/\/webdelmaestrocmf.com\/portal\/wp-content\/uploads\/2020\/08\/1-copia-55-300x185.jpg 300w, https:\/\/webdelmaestrocmf.com\/portal\/wp-content\/uploads\/2020\/08\/1-copia-55-1024x633.jpg 1024w, https:\/\/webdelmaestrocmf.com\/portal\/wp-content\/uploads\/2020\/08\/1-copia-55-768x475.jpg 768w, https:\/\/webdelmaestrocmf.com\/portal\/wp-content\/uploads\/2020\/08\/1-copia-55-110x68.jpg 110w, https:\/\/webdelmaestrocmf.com\/portal\/wp-content\/uploads\/2020\/08\/1-copia-55-200x124.jpg 200w, https:\/\/webdelmaestrocmf.com\/portal\/wp-content\/uploads\/2020\/08\/1-copia-55-380x235.jpg 380w, https:\/\/webdelmaestrocmf.com\/portal\/wp-content\/uploads\/2020\/08\/1-copia-55-255x158.jpg 255w, https:\/\/webdelmaestrocmf.com\/portal\/wp-content\/uploads\/2020\/08\/1-copia-55-550x340.jpg 550w, https:\/\/webdelmaestrocmf.com\/portal\/wp-content\/uploads\/2020\/08\/1-copia-55-800x495.jpg 800w, https:\/\/webdelmaestrocmf.com\/portal\/wp-content\/uploads\/2020\/08\/1-copia-55-220x136.jpg 220w, https:\/\/webdelmaestrocmf.com\/portal\/wp-content\/uploads\/2020\/08\/1-copia-55-400x247.jpg 400w, https:\/\/webdelmaestrocmf.com\/portal\/wp-content\/uploads\/2020\/08\/1-copia-55-760x470.jpg 760w, https:\/\/webdelmaestrocmf.com\/portal\/wp-content\/uploads\/2020\/08\/1-copia-55-510x315.jpg 510w, https:\/\/webdelmaestrocmf.com\/portal\/wp-content\/uploads\/2020\/08\/1-copia-55-600x371.jpg 600w\" sizes=\"auto, (max-width: 1100px) 100vw, 1100px\" \/><\/a><\/p>\n<p style=\"text-align: justify;\">Lectura sugerida: <a href=\"https:\/\/webdelmaestrocmf.com\/portal\/mensajes-humberto-maturana-los-educadores-amar-educa\/\" target=\"_blank\" rel=\"noopener noreferrer\"><strong>MENSAJE DE HUMBERTO MATURANA A LOS EDUCADORES: \u201cAMAR EDUCA\u201d<\/strong><\/a><\/p>\n<p style=\"text-align: justify;\">El profesor Humberto Maturana opina que todos estamos viviendo un momento muy especial y que \u201cnos lleva a darnos cuenta que somos humanidad, <strong>no somos seres aislados, por lo tanto, tal vez nos pueda inspirar a un vivir de conversaciones <\/strong>para colaborar y en el deseo de convivir en forma honesta\u201d. Su reflexi\u00f3n (consideramos) nos puede ayudar, como profesores, a <strong>prepararnos a dialogar con nuestros estudiantes y despejar el camino, para que con un pensamiento cr\u00edtico tengan la posibilidad \u201cde rechazar lo establecido, cambiar el rumbo y hacerse cargo de lo que hemos alterado y da\u00f1ado\u201d<\/strong>, los que estamos encargados de su educaci\u00f3n.<\/p>\n<p style=\"text-align: justify;\">Compartimos, por motivos \u00fanicamente educativos y de formaci\u00f3n permanente, <strong>partes de dos entrevistas con las respuestas del profesor Maturana<\/strong>, de quien ya hemos publicado anteriormente temas relacionados a con nuestro quehacer docente, que consideramos que nos pueden ayudar a <strong>tener mayores elementos de juicio<\/strong>, fortalecer <strong>nuestra realizaci\u00f3n individual como profesores y<\/strong> mejorar nuestro servicio en el proceso ense\u00f1anza \u2013 aprendizaje que prepara a <strong>los futuros ciudadanos<\/strong> <strong>para que sean capaces de mejorar el orden pol\u00edtico cultural,<\/strong> generador de las excesivas desigualdades que traen pobreza y sufrimiento material y espiritual, tan al descubierto ahora con la emergencia del Covid 19. cf <a href=\"https:\/\/redfilosoficadeluruguay.wordpress.com\/2012\/09\/23\/para-que-sirve-la-educacion-humberto-maturana\/\" target=\"_blank\" rel=\"noopener noreferrer\"><strong>\u00bfPARA QU\u00c9 SIRVE LA EDUCACI\u00d3N?, HUMBERTO MATURANA<\/strong><\/a><\/p>\n<h5 style=\"text-align: justify;\"><strong>RELACIONARSE DESDE LA EMOCI\u00d3N <\/strong>(02\u00b452\u201d)<\/h5>\n<p><iframe loading=\"lazy\" src=\"https:\/\/www.youtube.com\/embed\/ytM4PnlYdTc\" width=\"100%\" height=\"400\" frameborder=\"0\" allowfullscreen=\"allowfullscreen\"><span data-mce-type=\"bookmark\" style=\"display: inline-block; width: 0px; overflow: hidden; line-height: 0;\" class=\"mce_SELRES_start\">\ufeff<\/span><\/iframe><\/p>\n<p style=\"text-align: justify;\">CNN Chile, en su secci\u00f3n <strong>#LODIJERONENCNN CORONAVIRUS<\/strong>, publica la entrevista que realiza la periodista <strong>Macarena Pizarro<\/strong>, al Doctor Humberto Maturana y la docente en Biolog\u00eda Cultural y cofundadora de Matr\u00edztica, Ximena Paz D\u00e1vila Y\u00e1\u00f1ez; sobre <strong>la experiencia de vivir la pandemia del Covid 19<\/strong>. Ellos le respondieron \u201cguardando estricto confinamiento\u201d. <strong>Pedimos disculpas, por no compartir <\/strong>(en esta oportunidad)<strong> las respuestas de la profesora D\u00e1vila, <\/strong>Perm\u00edtannos tomarnos la libertad de aconsejarles la lectura completa de la publicaci\u00f3n de CNN, ya que las declaraciones, de ambos profesores, <strong>son complementarias y se enriquecen mutuamente<\/strong>. Tambi\u00e9n dejamos muy en claro que solo hemos tomado algunas de las preguntas y respuestas realizadas.<\/p>\n<h5 style=\"text-align: left;\"><strong>MACARENA PIZARRO: &#8230; \u00bfc\u00f3mo interpreta(n) este momento hist\u00f3rico?<\/strong><\/h5>\n<p style=\"text-align: justify;\"><strong>HUMBERTO MATURANA:<\/strong> \u201cYo creo que hay un factor, que es el crecimiento de la poblaci\u00f3n. [&#8230;]\u00a0La humanidad ha vivido pandemias en otras ocasiones y ha habido muertes enormes, y mientras no se llegue a una vacuna o un remedio directo, la \u00fanica posibilidad es evitar los contagios. Entonces aparece la colaboraci\u00f3n. <strong>Podemos empezar a construir un espacio de convivencia, en el mutuo respeto y en la confianza<\/strong>, porque nos vemos como parte de lo mismo, porque estamos viviendo algo juntos\u201d.<\/p>\n<h5 style=\"text-align: left;\"><strong>MACARENA PIZARRO: \u00bfY hay una paradoja en esto de buscar la colaboraci\u00f3n, para enfrentar juntos el problema, y al mismo tiempo tener que hacer distanciamiento social?<\/strong><\/h5>\n<p style=\"text-align: justify;\"><strong>HUMBERTO MATURANA:<\/strong> \u201cHay que distinguir, porque <strong>no es un distanciamiento social, es un distanciamiento espacial.<\/strong> Porque justamente lo fundamental es la conciencia social, que tiene que ver con <strong>el respeto y el deseo de convivencia<\/strong>. \u00a0[&#8230;]\u00a0Pero convivir significa poder hacer cosas juntos, pero para poder hacer cosas juntos en una situaci\u00f3n de esta naturaleza tenemos que ser capaces de encontrarnos en <strong>lo fundamental de la convivencia que es la honestidad y el mutuo respeto<\/strong>\u201d.<\/p>\n<h5 style=\"text-align: left;\"><strong>MACARENA PIZARRO: Entonces, \u00bfesta pandemia nos hace m\u00e1s humanos?<\/strong><\/h5>\n<p style=\"text-align: justify;\"><strong>HUMBERTO MATURANA:<\/strong> \u201cNos da una oportunidad de ser efectivamente seres \u201chumanos\u201d, en el mutuo respeto. Pero <strong>hemos vivido en una cultura en la cual se enfatiza en la competencia, la lucha, el ser mejor que el otro, en ganarle al otro, etc. <\/strong>[&#8230;]\u00a0para que aparezca la colaboraci\u00f3n tengo que confiar, tiene que haber honestidad. Pero <strong>convivir en la competencia abre el espacio para la deshonestidad, abre espacio para encontrar los resquicios, los caminos a trav\u00e9s de los cuales yo puedo ganarle al otro, y uno de esos es el enga\u00f1o.<\/strong> [&#8230;]\u00a0Entonces nuestra verdadera dificultad es ser honestos, no mentir, no enga\u00f1ar. <strong>Uno se puede equivocar, por supuesto que nos equivocamos.<\/strong> Pero <strong>uno puede reflexionar para corregir los errores<\/strong> en compa\u00f1\u00eda con los otros, porque colaboramos, nos respetamos y deseamos convivir\u201d.<\/p>\n<h5 style=\"text-align: left;\"><strong>MACARENA PIZARRO: Y en esta pandemia si no colaboramos, nos perjudicamos todos\u2026<\/strong><\/h5>\n<p style=\"text-align: justify;\"><strong>HUMBERTO MATURANA:<\/strong> \u201cExactamente. <strong>Podemos ver esta pandemia como una amenaza<\/strong>, pero tambi\u00e9n como una oportunidad\u201d.<\/p>\n<p style=\"text-align: justify;\">El di\u00e1logo completo lo encuentra en este enlace:<a href=\"https:\/\/www.cnnchile.com\/lodijeronencnn\/entrevista-con-humberto-maturana-la-pandemia-nos-da-una-oportunidad-de-ser-efectivamente-humanos_20200501\/\" target=\"_blank\" rel=\"noopener noreferrer\"><strong> ENTREVISTA CON HUMBERTO MATURANA: \u201cLA PANDEMIA NOS DA UNA OPORTUNIDAD DE SER EFECTIVAMENTE HUMANOS\u201d<\/strong><\/a><\/p>\n<p style=\"text-align: justify;\">Para complementar las respuestas anteriores de CNN, compartimos algunas preguntas y respuestas del profesor Maturana, tomadas de la entrevista del periodista y comunicador social Andr\u00e9s G\u00f3mez Bravo para La Tercera (Chile), al profesor Maturana y la profesora D\u00e1vila.<\/p>\n<h5 style=\"text-align: left;\"><strong>ANDR\u00c9S G\u00d3MEZ: \u00bfEl combate con el virus podr\u00eda calificarse como una guerra? \u00bfEl virus es un enemigo?<\/strong><\/h5>\n<p style=\"text-align: justify;\"><strong>HUMBERTO MATURANA:<\/strong> \u201c\u00bfQu\u00e9 es un enemigo? Es un agresor que nos ataca directamente a nosotros, intencionalmente, es un suceder diferente que aparece all\u00ed y que no es coherente con la forma en que queremos vivir. <strong>Yo creo que no podemos tratar a la pandemia como un enemigo.<\/strong> Es un proceso en el que tenemos que entender que la \u00fanica forma de deshacernos de ella no es destruy\u00e9ndola sino generando la distancia que la evita\u201d.<\/p>\n<p><img loading=\"lazy\" decoding=\"async\" class=\"alignnone size-full wp-image-50417\" src=\"https:\/\/webdelmaestrocmf.com\/portal\/wp-content\/uploads\/2020\/08\/2-7.jpg\" alt=\"\" width=\"700\" height=\"500\" srcset=\"https:\/\/webdelmaestrocmf.com\/portal\/wp-content\/uploads\/2020\/08\/2-7.jpg 700w, https:\/\/webdelmaestrocmf.com\/portal\/wp-content\/uploads\/2020\/08\/2-7-300x214.jpg 300w, https:\/\/webdelmaestrocmf.com\/portal\/wp-content\/uploads\/2020\/08\/2-7-110x79.jpg 110w, https:\/\/webdelmaestrocmf.com\/portal\/wp-content\/uploads\/2020\/08\/2-7-200x143.jpg 200w, https:\/\/webdelmaestrocmf.com\/portal\/wp-content\/uploads\/2020\/08\/2-7-380x271.jpg 380w, https:\/\/webdelmaestrocmf.com\/portal\/wp-content\/uploads\/2020\/08\/2-7-255x182.jpg 255w, https:\/\/webdelmaestrocmf.com\/portal\/wp-content\/uploads\/2020\/08\/2-7-550x393.jpg 550w, https:\/\/webdelmaestrocmf.com\/portal\/wp-content\/uploads\/2020\/08\/2-7-220x157.jpg 220w, https:\/\/webdelmaestrocmf.com\/portal\/wp-content\/uploads\/2020\/08\/2-7-400x286.jpg 400w, https:\/\/webdelmaestrocmf.com\/portal\/wp-content\/uploads\/2020\/08\/2-7-510x364.jpg 510w, https:\/\/webdelmaestrocmf.com\/portal\/wp-content\/uploads\/2020\/08\/2-7-600x429.jpg 600w\" sizes=\"auto, (max-width: 700px) 100vw, 700px\" \/><\/p>\n<h5 style=\"text-align: left;\"><strong>ANDR\u00c9S G\u00d3MEZ: \u00bfEl virus tiene inteligencia o se le podr\u00eda considerar inteligente?<\/strong><\/h5>\n<p style=\"text-align: justify;\"><strong>HUMBERTO MATURANA:<\/strong> \u201cNo, <strong>el virus no es inteligente<\/strong>, no tiene inteligencia, <strong>no tiene prop\u00f3sito<\/strong>. El virus encuentra una c\u00e9lula, se mete adentro y la c\u00e9lula produce m\u00e1s virus. <strong>La inteligencia consciente implica intencionalidad<\/strong>, y el virus no tiene intencionalidad. [&#8230;] Y para entender qu\u00e9 nos pasa y c\u00f3mo resolvemos eso entre nosotros <strong>tenemos que ponernos de acuerdo para que el virus deje de estar presente <\/strong>generando desarmonizaciones en la vida.<\/p>\n<h5 style=\"text-align: left;\"><strong>ANDR\u00c9S G\u00d3MEZ: \u00bfCu\u00e1l es la responsabilidad que nos cabe en esta crisis?<\/strong><strong>\u00a0<\/strong><\/h5>\n<p style=\"text-align: justify;\"><strong>HUMBERTO MATURANA:<\/strong> \u201cEsta situaci\u00f3n <strong>tiene que llevarnos a entendernos nosotros y a generar espacios de colaboraci\u00f3n<\/strong> para que esto desaparezca. El virus no est\u00e1 orientado hacia nosotros de manera negativa. El hace lo suyo: entra en la c\u00e9lula y la c\u00e9lula produce m\u00e1s virus, eso es todo. [&#8230;] Entonces <strong>somos nosotros los que tenemos que escoger qu\u00e9 hacer seg\u00fan lo que queremos.<\/strong> Si tratamos al virus como enemigo vamos a funcionar con esa l\u00f3gica y no vamos a tratar de entenderlo como funciona. <strong>Hay de evitar que el virus siga dando vueltas<\/strong> para poder recuperar la armon\u00eda\u201d.<\/p>\n<h5 style=\"text-align: left;\"><strong>ANDR\u00c9S G\u00d3MEZ: Algunos intelectuales sostienen que en esta situaci\u00f3n volvemos a ser comunidad y que la epidemia ha favorecido la solidaridad, \u00bfcomparte(n) esa impresi\u00f3n?<\/strong><\/h5>\n<p style=\"text-align: justify;\"><strong>HUMBERTO MATURANA:<\/strong> \u201cLo importante es que seamos capaces de mirarnos. <strong>El virus no nos obliga a mirarnos<\/strong>, incluso puede pasar que nos rechacemos. Lo interesante es <strong>que tengamos la sensibilidad de mirarnos<\/strong> y darnos cuenta de que lleg\u00f3 el momento de escucharnos, que las quejas sobre la convivencia que ten\u00edamos son verdaderas. Que en el fondo no estamos haciendo lo que quisi\u00e9ramos hacer, porque no estamos generando bienestar en la convivencia\u201d.<\/p>\n<p style=\"text-align: justify;\"><strong>ANDR\u00c9S G\u00d3MEZ: Usted(es) plantea(n) una convivencia basada en la colaboraci\u00f3n en lugar de la competencia, \u00bfesta crisis podr\u00eda brindar la oportunidad de hacer un cambio en esa direcci\u00f3n?<\/strong><\/p>\n<p style=\"text-align: justify;\"><strong>HUMBERTO MATURANA:<\/strong> \u201cHay teor\u00edas econ\u00f3micas y filos\u00f3ficas que se fundan justamente en la competencia, por ejemplo, <strong>la idea de progreso competitivo, prosperar haciendo las cosas mejor que el otro.<\/strong> Si compites, tienes que anular al otro para hacer lo tuyo. El neoliberalismo mete el concepto de la competencia y <strong>es contrario al respeto y la colaboraci\u00f3n<\/strong>. Competir es negar al otro, y lo niego desde m\u00ed, no desde la naturaleza o de la calidad del hacer\u201d.<\/p>\n<p style=\"text-align: justify;\">Les sugerimos leer la entrevista completa en este enlace:<a href=\"https:\/\/www.latercera.com\/culto\/2020\/04\/10\/humberto-maturana-premio-nacional-de-ciencias-esto-nos-lleva-a-darnos-cuenta-de-que-somos-humanidad\/\" target=\"_blank\" rel=\"noopener noreferrer\"><strong> HUMBERTO MATURANA, PREMIO NACIONAL DE CIENCIAS: \u201cESTO NOS LLEVA A DARNOS CUENTA DE QUE SOMOS HUMANIDAD\u00bb<\/strong><\/a><\/p>\n<p style=\"text-align: center;\">\u201cEstamos muy centrados en la cr\u00edtica, en la descalificaci\u00f3n, en oponernos los unos a los otros. Estamos muy limitados en nuestra disposici\u00f3n a colaborar. Y el colaborar no se hace entre especialistas, entre los due\u00f1os de la verdad, entre relaciones de autoridad, sino en el mutuo respeto\u00bb (La Tercera).<\/p>\n<p style=\"text-align: right;\"><strong>REDACCI\u00d3N WEB DEL MAESTRO CMF<\/strong><\/p>\n\t\t<div class=\"pk-inline-posts\">\n\t\t\t\n\t\t\t<div class=\"pk-inline-posts-container pk-inline-posts-template-list\"\n\t\t\t\tdata-columns=\"1\">\n\t\t\t\t\t\t<article id=\"post-118510\" class=\"post-118510 post type-post status-publish format-standard has-post-thumbnail category-entrevistas category-noticias tag-aprendizaje tag-aula tag-docentes tag-educacion-2 tag-estudiantes tag-filosofia-2 tag-formacion-2 tag-inteligencia tag-jose-antonio-marina tag-pedagogia-2 tag-pensamiento-critico-2 cs-entry cs-video-wrap\">\n\t\t\t<div class=\"pk-post-outer\">\n\n\t\t\t\t\t\t\t\t<div class=\"pk-post-inner\">\n\t\t\t\t\t<div class=\"entry-thumbnail\">\n\t\t\t\t\t\t<div class=\"pk-overlay pk-overlay-ratio pk-ratio-landscape\">\n\t\t\t\t\t\t\t<div class=\"pk-overlay-background\">\n\t\t\t\t\t\t\t\t<a href=\"https:\/\/webdelmaestrocmf.com\/portal\/jose-antonio-marina-si-no-teneis-pensamiento-critico-o-si-no-hay-pensamiento-critico-la-manipulacion-va-a-ser-muy-sencilla\/\" class=\"pk-overlay-link\">\n\t\t\t\t\t\t\t\t\t<img loading=\"lazy\" decoding=\"async\" width=\"300\" height=\"225\" src=\"https:\/\/webdelmaestrocmf.com\/portal\/wp-content\/uploads\/2026\/04\/1AA-Banner-1-portada-imagen-10-1-copia-5-6-300x225.webp\" class=\"attachment-pk-thumbnail size-pk-thumbnail wp-post-image\" alt=\"\" \/>\t\t\t\t\t\t\t\t<\/a>\n\t\t\t\t\t\t\t<\/div>\n\t\t\t\t\t\t<\/div>\n\t\t\t\t\t<\/div>\n\t\t\t\t<\/div>\n\t\t\t\t\n\t\t\t\t<div class=\"pk-post-inner\">\n\t\t\t\t\t<header>\n\t\t\t\t\t\t<h3 class=\"pk-title\"><a href=\"https:\/\/webdelmaestrocmf.com\/portal\/jose-antonio-marina-si-no-teneis-pensamiento-critico-o-si-no-hay-pensamiento-critico-la-manipulacion-va-a-ser-muy-sencilla\/\" rel=\"bookmark\">Jos\u00e9 Antonio Marina: Si no ten\u00e9is pensamiento cr\u00edtico, o si no hay pensamiento cr\u00edtico, la manipulaci\u00f3n va a ser muy sencilla<\/a><\/h3>\t\t\t\t\t<\/header><!-- .entry-header -->\n\t\t\t\t<\/div><!-- .post-inner -->\n\n\t\t\t<\/div><!-- .post-outer -->\n\t\t<\/article>\n\t\t\t\t<\/div>\n\t\t<\/div>\n\t\t\n","protected":false},"excerpt":{"rendered":"El bi\u00f3logo y Premio Nacional de Ciencias, fundador de la escuela de pensamiento Matr\u00edztica, Humberto Maturana (1928), estudi\u00f3&hellip;","protected":false},"author":1,"featured_media":50414,"comment_status":"open","ping_status":"closed","sticky":false,"template":"","format":"standard","meta":{"csco_display_header_overlay":false,"csco_singular_sidebar":"disabled","csco_page_header_type":"standard","csco_page_load_nextpost":"default","csco_post_video_location":[],"csco_post_video_location_hash":"","csco_post_video_url":"","csco_post_video_bg_start_time":0,"csco_post_video_bg_end_time":0,"csco_post_video_bg_volume":false,"_jetpack_memberships_contains_paid_content":false,"footnotes":""},"categories":[48,47],"tags":[2147,5500,5501,2608,5502,1576],"class_list":{"0":"post-50413","1":"post","2":"type-post","3":"status-publish","4":"format-standard","5":"has-post-thumbnail","7":"category-entrevistas","8":"category-noticias","9":"tag-convivencia","10":"tag-fundamental","11":"tag-honestidad","12":"tag-humberto-maturana","13":"tag-mutuo","14":"tag-respeto","15":"cs-entry","16":"cs-video-wrap"},"yoast_head":"<!-- This site is optimized with the Yoast SEO plugin v27.5 - https:\/\/yoast.com\/product\/yoast-seo-wordpress\/ -->\n<title>Humberto Maturana: Lo fundamental de la convivencia es la honestidad y el mutuo respeto - 2026<\/title>\n<meta name=\"description\" content=\"El bi\u00f3logo y Premio Nacional de Ciencias, fundador de la escuela de pensamiento Matr\u00edztica, Humberto Maturana (1928), estudi\u00f3...\" \/>\n<meta name=\"robots\" content=\"index, follow, max-snippet:-1, max-image-preview:large, max-video-preview:-1\" \/>\n<link rel=\"canonical\" href=\"https:\/\/webdelmaestrocmf.com\/portal\/humberto-maturana-lo-fundamental-de-la-convivencia-es-la-honestidad-y-el-mutuo-respeto\/\" \/>\n<meta property=\"og:locale\" content=\"es_ES\" \/>\n<meta property=\"og:type\" content=\"article\" \/>\n<meta property=\"og:title\" content=\"Humberto Maturana: Lo fundamental de la convivencia es la honestidad y el mutuo respeto - 2026\" \/>\n<meta property=\"og:description\" content=\"El bi\u00f3logo y Premio Nacional de Ciencias, fundador de la escuela de pensamiento Matr\u00edztica, Humberto Maturana (1928), estudi\u00f3...\" \/>\n<meta property=\"og:url\" content=\"https:\/\/webdelmaestrocmf.com\/portal\/humberto-maturana-lo-fundamental-de-la-convivencia-es-la-honestidad-y-el-mutuo-respeto\/\" \/>\n<meta property=\"og:site_name\" content=\"Web del Maestro CMF\" \/>\n<meta property=\"article:publisher\" content=\"https:\/\/www.facebook.com\/WebdelMaestroCMF\/\" \/>\n<meta property=\"article:author\" content=\"https:\/\/www.facebook.com\/WebdelMaestroCMF\/\" \/>\n<meta property=\"article:published_time\" content=\"2022-08-29T02:45:34+00:00\" \/>\n<meta property=\"article:modified_time\" content=\"2023-09-23T16:40:32+00:00\" \/>\n<meta property=\"og:image\" content=\"https:\/\/i0.wp.com\/webdelmaestrocmf.com\/portal\/wp-content\/uploads\/2020\/08\/1-copia-54.jpg?fit=1100%2C680&ssl=1\" \/>\n\t<meta property=\"og:image:width\" content=\"1100\" \/>\n\t<meta property=\"og:image:height\" content=\"680\" \/>\n\t<meta property=\"og:image:type\" content=\"image\/jpeg\" \/>\n<meta name=\"author\" content=\"Web del Maestro CMF\" \/>\n<meta name=\"twitter:card\" content=\"summary_large_image\" \/>\n<meta name=\"twitter:creator\" content=\"@cmf_w\" \/>\n<meta name=\"twitter:site\" content=\"@cmf_w\" \/>\n<script type=\"application\/ld+json\" class=\"yoast-schema-graph\">{\"@context\":\"https:\\\/\\\/schema.org\",\"@graph\":[{\"@type\":\"ScholarlyArticle\",\"@id\":\"https:\\\/\\\/webdelmaestrocmf.com\\\/portal\\\/humberto-maturana-lo-fundamental-de-la-convivencia-es-la-honestidad-y-el-mutuo-respeto\\\/#article\",\"isPartOf\":{\"@id\":\"https:\\\/\\\/webdelmaestrocmf.com\\\/portal\\\/humberto-maturana-lo-fundamental-de-la-convivencia-es-la-honestidad-y-el-mutuo-respeto\\\/\"},\"author\":{\"name\":\"Web del Maestro CMF\",\"@id\":\"https:\\\/\\\/webdelmaestrocmf.com\\\/portal\\\/#\\\/schema\\\/person\\\/1072a2ed7bd960df8ef99a551fa35dc5\"},\"headline\":\"Humberto Maturana: Lo fundamental de la convivencia es la honestidad y el mutuo respeto\",\"datePublished\":\"2022-08-29T02:45:34+00:00\",\"dateModified\":\"2023-09-23T16:40:32+00:00\",\"mainEntityOfPage\":{\"@id\":\"https:\\\/\\\/webdelmaestrocmf.com\\\/portal\\\/humberto-maturana-lo-fundamental-de-la-convivencia-es-la-honestidad-y-el-mutuo-respeto\\\/\"},\"wordCount\":1646,\"commentCount\":0,\"publisher\":{\"@id\":\"https:\\\/\\\/webdelmaestrocmf.com\\\/portal\\\/#organization\"},\"image\":{\"@id\":\"https:\\\/\\\/webdelmaestrocmf.com\\\/portal\\\/humberto-maturana-lo-fundamental-de-la-convivencia-es-la-honestidad-y-el-mutuo-respeto\\\/#primaryimage\"},\"thumbnailUrl\":\"https:\\\/\\\/webdelmaestrocmf.com\\\/portal\\\/wp-content\\\/uploads\\\/2020\\\/08\\\/1-copia-54.jpg\",\"keywords\":[\"CONVIVENCIA\",\"fundamental\",\"honestidad\",\"HUMBERTO MATURANA\",\"mutuo\",\"RESPETO\"],\"articleSection\":[\"Entrevistas\",\"Noticias\"],\"inLanguage\":\"es\",\"potentialAction\":[{\"@type\":\"CommentAction\",\"name\":\"Comment\",\"target\":[\"https:\\\/\\\/webdelmaestrocmf.com\\\/portal\\\/humberto-maturana-lo-fundamental-de-la-convivencia-es-la-honestidad-y-el-mutuo-respeto\\\/#respond\"]}]},{\"@type\":\"WebPage\",\"@id\":\"https:\\\/\\\/webdelmaestrocmf.com\\\/portal\\\/humberto-maturana-lo-fundamental-de-la-convivencia-es-la-honestidad-y-el-mutuo-respeto\\\/\",\"url\":\"https:\\\/\\\/webdelmaestrocmf.com\\\/portal\\\/humberto-maturana-lo-fundamental-de-la-convivencia-es-la-honestidad-y-el-mutuo-respeto\\\/\",\"name\":\"Humberto Maturana: Lo fundamental de la convivencia es la honestidad y el mutuo respeto - 2026\",\"isPartOf\":{\"@id\":\"https:\\\/\\\/webdelmaestrocmf.com\\\/portal\\\/#website\"},\"primaryImageOfPage\":{\"@id\":\"https:\\\/\\\/webdelmaestrocmf.com\\\/portal\\\/humberto-maturana-lo-fundamental-de-la-convivencia-es-la-honestidad-y-el-mutuo-respeto\\\/#primaryimage\"},\"image\":{\"@id\":\"https:\\\/\\\/webdelmaestrocmf.com\\\/portal\\\/humberto-maturana-lo-fundamental-de-la-convivencia-es-la-honestidad-y-el-mutuo-respeto\\\/#primaryimage\"},\"thumbnailUrl\":\"https:\\\/\\\/webdelmaestrocmf.com\\\/portal\\\/wp-content\\\/uploads\\\/2020\\\/08\\\/1-copia-54.jpg\",\"datePublished\":\"2022-08-29T02:45:34+00:00\",\"dateModified\":\"2023-09-23T16:40:32+00:00\",\"description\":\"El bi\u00f3logo y Premio Nacional de Ciencias, fundador de la escuela de pensamiento Matr\u00edztica, Humberto Maturana (1928), estudi\u00f3...\",\"breadcrumb\":{\"@id\":\"https:\\\/\\\/webdelmaestrocmf.com\\\/portal\\\/humberto-maturana-lo-fundamental-de-la-convivencia-es-la-honestidad-y-el-mutuo-respeto\\\/#breadcrumb\"},\"inLanguage\":\"es\",\"potentialAction\":[{\"@type\":\"ReadAction\",\"target\":[\"https:\\\/\\\/webdelmaestrocmf.com\\\/portal\\\/humberto-maturana-lo-fundamental-de-la-convivencia-es-la-honestidad-y-el-mutuo-respeto\\\/\"]}]},{\"@type\":\"ImageObject\",\"inLanguage\":\"es\",\"@id\":\"https:\\\/\\\/webdelmaestrocmf.com\\\/portal\\\/humberto-maturana-lo-fundamental-de-la-convivencia-es-la-honestidad-y-el-mutuo-respeto\\\/#primaryimage\",\"url\":\"https:\\\/\\\/webdelmaestrocmf.com\\\/portal\\\/wp-content\\\/uploads\\\/2020\\\/08\\\/1-copia-54.jpg\",\"contentUrl\":\"https:\\\/\\\/webdelmaestrocmf.com\\\/portal\\\/wp-content\\\/uploads\\\/2020\\\/08\\\/1-copia-54.jpg\",\"width\":1100,\"height\":680},{\"@type\":\"BreadcrumbList\",\"@id\":\"https:\\\/\\\/webdelmaestrocmf.com\\\/portal\\\/humberto-maturana-lo-fundamental-de-la-convivencia-es-la-honestidad-y-el-mutuo-respeto\\\/#breadcrumb\",\"itemListElement\":[{\"@type\":\"ListItem\",\"position\":1,\"name\":\"Portada\",\"item\":\"https:\\\/\\\/webdelmaestrocmf.com\\\/portal\\\/\"},{\"@type\":\"ListItem\",\"position\":2,\"name\":\"Noticias\",\"item\":\"https:\\\/\\\/webdelmaestrocmf.com\\\/portal\\\/category\\\/noticias\\\/\"},{\"@type\":\"ListItem\",\"position\":3,\"name\":\"Humberto Maturana: Lo fundamental de la convivencia es la honestidad y el mutuo respeto\"}]},{\"@type\":\"WebSite\",\"@id\":\"https:\\\/\\\/webdelmaestrocmf.com\\\/portal\\\/#website\",\"url\":\"https:\\\/\\\/webdelmaestrocmf.com\\\/portal\\\/\",\"name\":\"Web del Maestro CMF\",\"description\":\"Maestros al servicio de la educaci\u00f3n\",\"publisher\":{\"@id\":\"https:\\\/\\\/webdelmaestrocmf.com\\\/portal\\\/#organization\"},\"alternateName\":\"WMCMF\",\"potentialAction\":[{\"@type\":\"SearchAction\",\"target\":{\"@type\":\"EntryPoint\",\"urlTemplate\":\"https:\\\/\\\/webdelmaestrocmf.com\\\/portal\\\/?s={search_term_string}\"},\"query-input\":{\"@type\":\"PropertyValueSpecification\",\"valueRequired\":true,\"valueName\":\"search_term_string\"}}],\"inLanguage\":\"es\"},{\"@type\":\"Organization\",\"@id\":\"https:\\\/\\\/webdelmaestrocmf.com\\\/portal\\\/#organization\",\"name\":\"Web del Maestro CMF\",\"alternateName\":\"WMCMF\",\"url\":\"https:\\\/\\\/webdelmaestrocmf.com\\\/portal\\\/\",\"logo\":{\"@type\":\"ImageObject\",\"inLanguage\":\"es\",\"@id\":\"https:\\\/\\\/webdelmaestrocmf.com\\\/portal\\\/#\\\/schema\\\/logo\\\/image\\\/\",\"url\":\"https:\\\/\\\/webdelmaestrocmf.com\\\/portal\\\/wp-content\\\/uploads\\\/2023\\\/01\\\/logo-wmcmf-2.png\",\"contentUrl\":\"https:\\\/\\\/webdelmaestrocmf.com\\\/portal\\\/wp-content\\\/uploads\\\/2023\\\/01\\\/logo-wmcmf-2.png\",\"width\":200,\"height\":60,\"caption\":\"Web del Maestro CMF\"},\"image\":{\"@id\":\"https:\\\/\\\/webdelmaestrocmf.com\\\/portal\\\/#\\\/schema\\\/logo\\\/image\\\/\"},\"sameAs\":[\"https:\\\/\\\/www.facebook.com\\\/WebdelMaestroCMF\\\/\",\"https:\\\/\\\/x.com\\\/cmf_w\",\"https:\\\/\\\/www.pinterest.com\\\/WMCMF\\\/\",\"https:\\\/\\\/www.linkedin.com\\\/company\\\/web-del-maestro-cmf\\\/\",\"https:\\\/\\\/www.instagram.com\\\/wmcmf\\\/\",\"https:\\\/\\\/www.youtube.com\\\/channel\\\/UCDPSvjbdodE5sHnC3OxutHw\",\"https:\\\/\\\/mastodon.social\\\/@wmcmf\",\"https:\\\/\\\/www.tiktok.com\\\/@webdelmaestrocmf\"]},{\"@type\":\"Person\",\"@id\":\"https:\\\/\\\/webdelmaestrocmf.com\\\/portal\\\/#\\\/schema\\\/person\\\/1072a2ed7bd960df8ef99a551fa35dc5\",\"name\":\"Web del Maestro CMF\",\"image\":{\"@type\":\"ImageObject\",\"inLanguage\":\"es\",\"@id\":\"https:\\\/\\\/secure.gravatar.com\\\/avatar\\\/23291dd5b5ae1077dcff3dbb04c3e02bd28403fa75af6d8787d5e97c5bbbe30b?s=96&d=mm&r=g\",\"url\":\"https:\\\/\\\/secure.gravatar.com\\\/avatar\\\/23291dd5b5ae1077dcff3dbb04c3e02bd28403fa75af6d8787d5e97c5bbbe30b?s=96&d=mm&r=g\",\"contentUrl\":\"https:\\\/\\\/secure.gravatar.com\\\/avatar\\\/23291dd5b5ae1077dcff3dbb04c3e02bd28403fa75af6d8787d5e97c5bbbe30b?s=96&d=mm&r=g\",\"caption\":\"Web del Maestro CMF\"},\"description\":\"Esta Web se cre\u00f3 sin fines de lucro, con fines educativos, cient\u00edficos y acad\u00e9micos, para personas que tengan dificultades y\\\/o inconvenientes en visualizar el material original. El objetivo es entregar recursos, compartir experiencias y materiales que ayuden a los padres de familia, maestros y estudiantes en su actualizaci\u00f3n y formaci\u00f3n permanente, en bien de la Educaci\u00f3n.\",\"sameAs\":[\"http:\\\/\\\/webdelmaestrocmf.com\\\/portal\",\"https:\\\/\\\/www.facebook.com\\\/WebdelMaestroCMF\\\/\",\"https:\\\/\\\/www.instagram.com\\\/wmcmf\\\/\",\"https:\\\/\\\/cl.linkedin.com\\\/company\\\/web-del-maestro-cmf\",\"https:\\\/\\\/www.pinterest.com\\\/WMCMF\\\/publicaciones\\\/\",\"https:\\\/\\\/x.com\\\/cmf_w\",\"https:\\\/\\\/www.youtube.com\\\/@WMCMF\"]}]}<\/script>\n<!-- \/ Yoast SEO plugin. -->","yoast_head_json":{"title":"Humberto Maturana: Lo fundamental de la convivencia es la honestidad y el mutuo respeto - 2026","description":"El bi\u00f3logo y Premio Nacional de Ciencias, fundador de la escuela de pensamiento Matr\u00edztica, Humberto Maturana (1928), estudi\u00f3...","robots":{"index":"index","follow":"follow","max-snippet":"max-snippet:-1","max-image-preview":"max-image-preview:large","max-video-preview":"max-video-preview:-1"},"canonical":"https:\/\/webdelmaestrocmf.com\/portal\/humberto-maturana-lo-fundamental-de-la-convivencia-es-la-honestidad-y-el-mutuo-respeto\/","og_locale":"es_ES","og_type":"article","og_title":"Humberto Maturana: Lo fundamental de la convivencia es la honestidad y el mutuo respeto - 2026","og_description":"El bi\u00f3logo y Premio Nacional de Ciencias, fundador de la escuela de pensamiento Matr\u00edztica, Humberto Maturana (1928), estudi\u00f3...","og_url":"https:\/\/webdelmaestrocmf.com\/portal\/humberto-maturana-lo-fundamental-de-la-convivencia-es-la-honestidad-y-el-mutuo-respeto\/","og_site_name":"Web del Maestro CMF","article_publisher":"https:\/\/www.facebook.com\/WebdelMaestroCMF\/","article_author":"https:\/\/www.facebook.com\/WebdelMaestroCMF\/","article_published_time":"2022-08-29T02:45:34+00:00","article_modified_time":"2023-09-23T16:40:32+00:00","og_image":[{"width":1100,"height":680,"url":"https:\/\/i0.wp.com\/webdelmaestrocmf.com\/portal\/wp-content\/uploads\/2020\/08\/1-copia-54.jpg?fit=1100%2C680&ssl=1","type":"image\/jpeg"}],"author":"Web del Maestro CMF","twitter_card":"summary_large_image","twitter_creator":"@cmf_w","twitter_site":"@cmf_w","schema":{"@context":"https:\/\/schema.org","@graph":[{"@type":"ScholarlyArticle","@id":"https:\/\/webdelmaestrocmf.com\/portal\/humberto-maturana-lo-fundamental-de-la-convivencia-es-la-honestidad-y-el-mutuo-respeto\/#article","isPartOf":{"@id":"https:\/\/webdelmaestrocmf.com\/portal\/humberto-maturana-lo-fundamental-de-la-convivencia-es-la-honestidad-y-el-mutuo-respeto\/"},"author":{"name":"Web del Maestro CMF","@id":"https:\/\/webdelmaestrocmf.com\/portal\/#\/schema\/person\/1072a2ed7bd960df8ef99a551fa35dc5"},"headline":"Humberto Maturana: Lo fundamental de la convivencia es la honestidad y el mutuo respeto","datePublished":"2022-08-29T02:45:34+00:00","dateModified":"2023-09-23T16:40:32+00:00","mainEntityOfPage":{"@id":"https:\/\/webdelmaestrocmf.com\/portal\/humberto-maturana-lo-fundamental-de-la-convivencia-es-la-honestidad-y-el-mutuo-respeto\/"},"wordCount":1646,"commentCount":0,"publisher":{"@id":"https:\/\/webdelmaestrocmf.com\/portal\/#organization"},"image":{"@id":"https:\/\/webdelmaestrocmf.com\/portal\/humberto-maturana-lo-fundamental-de-la-convivencia-es-la-honestidad-y-el-mutuo-respeto\/#primaryimage"},"thumbnailUrl":"https:\/\/webdelmaestrocmf.com\/portal\/wp-content\/uploads\/2020\/08\/1-copia-54.jpg","keywords":["CONVIVENCIA","fundamental","honestidad","HUMBERTO MATURANA","mutuo","RESPETO"],"articleSection":["Entrevistas","Noticias"],"inLanguage":"es","potentialAction":[{"@type":"CommentAction","name":"Comment","target":["https:\/\/webdelmaestrocmf.com\/portal\/humberto-maturana-lo-fundamental-de-la-convivencia-es-la-honestidad-y-el-mutuo-respeto\/#respond"]}]},{"@type":"WebPage","@id":"https:\/\/webdelmaestrocmf.com\/portal\/humberto-maturana-lo-fundamental-de-la-convivencia-es-la-honestidad-y-el-mutuo-respeto\/","url":"https:\/\/webdelmaestrocmf.com\/portal\/humberto-maturana-lo-fundamental-de-la-convivencia-es-la-honestidad-y-el-mutuo-respeto\/","name":"Humberto Maturana: Lo fundamental de la convivencia es la honestidad y el mutuo respeto - 2026","isPartOf":{"@id":"https:\/\/webdelmaestrocmf.com\/portal\/#website"},"primaryImageOfPage":{"@id":"https:\/\/webdelmaestrocmf.com\/portal\/humberto-maturana-lo-fundamental-de-la-convivencia-es-la-honestidad-y-el-mutuo-respeto\/#primaryimage"},"image":{"@id":"https:\/\/webdelmaestrocmf.com\/portal\/humberto-maturana-lo-fundamental-de-la-convivencia-es-la-honestidad-y-el-mutuo-respeto\/#primaryimage"},"thumbnailUrl":"https:\/\/webdelmaestrocmf.com\/portal\/wp-content\/uploads\/2020\/08\/1-copia-54.jpg","datePublished":"2022-08-29T02:45:34+00:00","dateModified":"2023-09-23T16:40:32+00:00","description":"El bi\u00f3logo y Premio Nacional de Ciencias, fundador de la escuela de pensamiento Matr\u00edztica, Humberto Maturana (1928), estudi\u00f3...","breadcrumb":{"@id":"https:\/\/webdelmaestrocmf.com\/portal\/humberto-maturana-lo-fundamental-de-la-convivencia-es-la-honestidad-y-el-mutuo-respeto\/#breadcrumb"},"inLanguage":"es","potentialAction":[{"@type":"ReadAction","target":["https:\/\/webdelmaestrocmf.com\/portal\/humberto-maturana-lo-fundamental-de-la-convivencia-es-la-honestidad-y-el-mutuo-respeto\/"]}]},{"@type":"ImageObject","inLanguage":"es","@id":"https:\/\/webdelmaestrocmf.com\/portal\/humberto-maturana-lo-fundamental-de-la-convivencia-es-la-honestidad-y-el-mutuo-respeto\/#primaryimage","url":"https:\/\/webdelmaestrocmf.com\/portal\/wp-content\/uploads\/2020\/08\/1-copia-54.jpg","contentUrl":"https:\/\/webdelmaestrocmf.com\/portal\/wp-content\/uploads\/2020\/08\/1-copia-54.jpg","width":1100,"height":680},{"@type":"BreadcrumbList","@id":"https:\/\/webdelmaestrocmf.com\/portal\/humberto-maturana-lo-fundamental-de-la-convivencia-es-la-honestidad-y-el-mutuo-respeto\/#breadcrumb","itemListElement":[{"@type":"ListItem","position":1,"name":"Portada","item":"https:\/\/webdelmaestrocmf.com\/portal\/"},{"@type":"ListItem","position":2,"name":"Noticias","item":"https:\/\/webdelmaestrocmf.com\/portal\/category\/noticias\/"},{"@type":"ListItem","position":3,"name":"Humberto Maturana: Lo fundamental de la convivencia es la honestidad y el mutuo respeto"}]},{"@type":"WebSite","@id":"https:\/\/webdelmaestrocmf.com\/portal\/#website","url":"https:\/\/webdelmaestrocmf.com\/portal\/","name":"Web del Maestro CMF","description":"Maestros al servicio de la educaci\u00f3n","publisher":{"@id":"https:\/\/webdelmaestrocmf.com\/portal\/#organization"},"alternateName":"WMCMF","potentialAction":[{"@type":"SearchAction","target":{"@type":"EntryPoint","urlTemplate":"https:\/\/webdelmaestrocmf.com\/portal\/?s={search_term_string}"},"query-input":{"@type":"PropertyValueSpecification","valueRequired":true,"valueName":"search_term_string"}}],"inLanguage":"es"},{"@type":"Organization","@id":"https:\/\/webdelmaestrocmf.com\/portal\/#organization","name":"Web del Maestro CMF","alternateName":"WMCMF","url":"https:\/\/webdelmaestrocmf.com\/portal\/","logo":{"@type":"ImageObject","inLanguage":"es","@id":"https:\/\/webdelmaestrocmf.com\/portal\/#\/schema\/logo\/image\/","url":"https:\/\/webdelmaestrocmf.com\/portal\/wp-content\/uploads\/2023\/01\/logo-wmcmf-2.png","contentUrl":"https:\/\/webdelmaestrocmf.com\/portal\/wp-content\/uploads\/2023\/01\/logo-wmcmf-2.png","width":200,"height":60,"caption":"Web del Maestro CMF"},"image":{"@id":"https:\/\/webdelmaestrocmf.com\/portal\/#\/schema\/logo\/image\/"},"sameAs":["https:\/\/www.facebook.com\/WebdelMaestroCMF\/","https:\/\/x.com\/cmf_w","https:\/\/www.pinterest.com\/WMCMF\/","https:\/\/www.linkedin.com\/company\/web-del-maestro-cmf\/","https:\/\/www.instagram.com\/wmcmf\/","https:\/\/www.youtube.com\/channel\/UCDPSvjbdodE5sHnC3OxutHw","https:\/\/mastodon.social\/@wmcmf","https:\/\/www.tiktok.com\/@webdelmaestrocmf"]},{"@type":"Person","@id":"https:\/\/webdelmaestrocmf.com\/portal\/#\/schema\/person\/1072a2ed7bd960df8ef99a551fa35dc5","name":"Web del Maestro CMF","image":{"@type":"ImageObject","inLanguage":"es","@id":"https:\/\/secure.gravatar.com\/avatar\/23291dd5b5ae1077dcff3dbb04c3e02bd28403fa75af6d8787d5e97c5bbbe30b?s=96&d=mm&r=g","url":"https:\/\/secure.gravatar.com\/avatar\/23291dd5b5ae1077dcff3dbb04c3e02bd28403fa75af6d8787d5e97c5bbbe30b?s=96&d=mm&r=g","contentUrl":"https:\/\/secure.gravatar.com\/avatar\/23291dd5b5ae1077dcff3dbb04c3e02bd28403fa75af6d8787d5e97c5bbbe30b?s=96&d=mm&r=g","caption":"Web del Maestro CMF"},"description":"Esta Web se cre\u00f3 sin fines de lucro, con fines educativos, cient\u00edficos y acad\u00e9micos, para personas que tengan dificultades y\/o inconvenientes en visualizar el material original. El objetivo es entregar recursos, compartir experiencias y materiales que ayuden a los padres de familia, maestros y estudiantes en su actualizaci\u00f3n y formaci\u00f3n permanente, en bien de la Educaci\u00f3n.","sameAs":["http:\/\/webdelmaestrocmf.com\/portal","https:\/\/www.facebook.com\/WebdelMaestroCMF\/","https:\/\/www.instagram.com\/wmcmf\/","https:\/\/cl.linkedin.com\/company\/web-del-maestro-cmf","https:\/\/www.pinterest.com\/WMCMF\/publicaciones\/","https:\/\/x.com\/cmf_w","https:\/\/www.youtube.com\/@WMCMF"]}]}},"jetpack_featured_media_url":"https:\/\/webdelmaestrocmf.com\/portal\/wp-content\/uploads\/2020\/08\/1-copia-54.jpg","jetpack_sharing_enabled":true,"jetpack-related-posts":[{"id":62607,"url":"https:\/\/webdelmaestrocmf.com\/portal\/humberto-maturana-in-memoriam-el-ser-humano-posee-dos-vias-para-acceder-al-conocimiento-la-razon-y-el-amor\/","url_meta":{"origin":50413,"position":0},"title":"Humberto Maturana, in memoriam: El ser humano posee dos v\u00edas para acceder al conocimiento: la raz\u00f3n y el amor","author":"Web del Maestro CMF","date":"6 mayo, 2021","format":false,"excerpt":"El profesor chileno Humberto Augusto Maturana Romec\u00edn (1928 \u2013 2021), estudi\u00f3 en el Liceo Manuel de Salas y en 1950 ingres\u00f3 a la Facultad de Medicina de la Universidad de Chile. En el a\u00f1o 1954 se traslad\u00f3 al University College de Londres (Inglaterra) para estudiar anatom\u00eda y neurofisiolog\u00eda, gracias a\u2026","rel":"","context":"En \u00abEntrevistas\u00bb","block_context":{"text":"Entrevistas","link":"https:\/\/webdelmaestrocmf.com\/portal\/category\/noticias\/entrevistas\/"},"img":{"alt_text":"Humberto Maturana","src":"https:\/\/i0.wp.com\/webdelmaestrocmf.com\/portal\/wp-content\/uploads\/2021\/05\/2-1.jpg?resize=350%2C200&ssl=1","width":350,"height":200,"srcset":"https:\/\/i0.wp.com\/webdelmaestrocmf.com\/portal\/wp-content\/uploads\/2021\/05\/2-1.jpg?resize=350%2C200&ssl=1 1x, https:\/\/i0.wp.com\/webdelmaestrocmf.com\/portal\/wp-content\/uploads\/2021\/05\/2-1.jpg?resize=525%2C300&ssl=1 1.5x, https:\/\/i0.wp.com\/webdelmaestrocmf.com\/portal\/wp-content\/uploads\/2021\/05\/2-1.jpg?resize=700%2C400&ssl=1 2x, https:\/\/i0.wp.com\/webdelmaestrocmf.com\/portal\/wp-content\/uploads\/2021\/05\/2-1.jpg?resize=1050%2C600&ssl=1 3x"},"classes":[]},{"id":71287,"url":"https:\/\/webdelmaestrocmf.com\/portal\/alexander-ortiz-quien-es-humberto-maturana-y-cuales-son-sus-aportes-cientificos\/","url_meta":{"origin":50413,"position":1},"title":"[Alexander Ortiz] \u00bfQui\u00e9n es Humberto Maturana y cu\u00e1les son sus aportes cient\u00edficos?","author":"Web del Maestro CMF","date":"18 noviembre, 2021","format":false,"excerpt":"Humberto Maturana Romes\u00edn es un bi\u00f3logo, fil\u00f3sofo\u00a0y\u00a0epistem\u00f3logo chileno, nacido el 14 de septiembre\u00a0de 1928 en Santiago de Chile. En 1947, a los 19 a\u00f1os de edad, al egresar del\u00a0Liceo Manuel de Salas, se inscribe en el programa de Medicina\u00a0en la Universidad de Chile. Siete a\u00f1os despu\u00e9s, en 1954, la Fundaci\u00f3n\u2026","rel":"","context":"En \u00abZ-Colaboradores\u00bb","block_context":{"text":"Z-Colaboradores","link":"https:\/\/webdelmaestrocmf.com\/portal\/category\/colaborador\/"},"img":{"alt_text":"","src":"https:\/\/i0.wp.com\/webdelmaestrocmf.com\/portal\/wp-content\/uploads\/2021\/11\/1TREW.jpg?resize=350%2C200&ssl=1","width":350,"height":200,"srcset":"https:\/\/i0.wp.com\/webdelmaestrocmf.com\/portal\/wp-content\/uploads\/2021\/11\/1TREW.jpg?resize=350%2C200&ssl=1 1x, https:\/\/i0.wp.com\/webdelmaestrocmf.com\/portal\/wp-content\/uploads\/2021\/11\/1TREW.jpg?resize=525%2C300&ssl=1 1.5x, https:\/\/i0.wp.com\/webdelmaestrocmf.com\/portal\/wp-content\/uploads\/2021\/11\/1TREW.jpg?resize=700%2C400&ssl=1 2x, https:\/\/i0.wp.com\/webdelmaestrocmf.com\/portal\/wp-content\/uploads\/2021\/11\/1TREW.jpg?resize=1050%2C600&ssl=1 3x"},"classes":[]},{"id":21233,"url":"https:\/\/webdelmaestrocmf.com\/portal\/mensajes-humberto-maturana-los-educadores-amar-educa\/","url_meta":{"origin":50413,"position":2},"title":"Mensaje de Humberto Maturana a los educadores: \u201camar educa\u201d","author":"Web del Maestro CMF","date":"12 noviembre, 2018","format":false,"excerpt":"Naci\u00f3 el 14 de septiembre de\u00a01928 en Santiago. Estudi\u00f3 en el\u00a0Liceo Manuel de Salas\u00a0y en 1950 ingres\u00f3 a a\u00a0Facultad de Medicina de la Universidad de Chile. En 1954 se traslad\u00f3 al\u00a0University College London\u00a0para estudiar anatom\u00eda y neurofisiolog\u00eda, gracias a una beca de la\u00a0Fundaci\u00f3n Rockefeller. En 1958 obtuvo el\u00a0Doctorado en Biolog\u00eda\u00a0de\u2026","rel":"","context":"En \u00abEntrevistas\u00bb","block_context":{"text":"Entrevistas","link":"https:\/\/webdelmaestrocmf.com\/portal\/category\/noticias\/entrevistas\/"},"img":{"alt_text":"","src":"https:\/\/i0.wp.com\/webdelmaestrocmf.com\/portal\/wp-content\/uploads\/2018\/11\/2-32.jpg?resize=350%2C200&ssl=1","width":350,"height":200,"srcset":"https:\/\/i0.wp.com\/webdelmaestrocmf.com\/portal\/wp-content\/uploads\/2018\/11\/2-32.jpg?resize=350%2C200&ssl=1 1x, https:\/\/i0.wp.com\/webdelmaestrocmf.com\/portal\/wp-content\/uploads\/2018\/11\/2-32.jpg?resize=525%2C300&ssl=1 1.5x, https:\/\/i0.wp.com\/webdelmaestrocmf.com\/portal\/wp-content\/uploads\/2018\/11\/2-32.jpg?resize=700%2C400&ssl=1 2x, https:\/\/i0.wp.com\/webdelmaestrocmf.com\/portal\/wp-content\/uploads\/2018\/11\/2-32.jpg?resize=1050%2C600&ssl=1 3x"},"classes":[]},{"id":90398,"url":"https:\/\/webdelmaestrocmf.com\/portal\/humberto-maturana-para-luchar-contra-la-discriminacion-la-formacion-de-los-profesores-y-profesoras-es-muy-importante\/","url_meta":{"origin":50413,"position":3},"title":"Humberto Maturana: Para luchar contra la discriminaci\u00f3n la formaci\u00f3n de los profesores y profesoras es muy importante","author":"Web del Maestro CMF","date":"3 julio, 2023","format":false,"excerpt":"El fil\u00f3sofo y escritor chileno Humberto Augusto Gast\u00f3n Maturana Romes\u00edn (1928- 2021), bi\u00f3logo, pero de mucha influencia en las ciencias sociales, la filosof\u00eda y la educaci\u00f3n, conversa con al epistem\u00f3loga y orientadora en relaciones familiares y organizacionales, Ximena D\u00e1vila. Este di\u00e1logo fue publicado en Revista de Educaci\u00f3n (376), y que\u2026","rel":"","context":"En \u00abEntrevistas\u00bb","block_context":{"text":"Entrevistas","link":"https:\/\/webdelmaestrocmf.com\/portal\/category\/noticias\/entrevistas\/"},"img":{"alt_text":"","src":"https:\/\/i0.wp.com\/webdelmaestrocmf.com\/portal\/wp-content\/uploads\/2023\/07\/A12B3C4D-21.jpg?resize=350%2C200&ssl=1","width":350,"height":200,"srcset":"https:\/\/i0.wp.com\/webdelmaestrocmf.com\/portal\/wp-content\/uploads\/2023\/07\/A12B3C4D-21.jpg?resize=350%2C200&ssl=1 1x, https:\/\/i0.wp.com\/webdelmaestrocmf.com\/portal\/wp-content\/uploads\/2023\/07\/A12B3C4D-21.jpg?resize=525%2C300&ssl=1 1.5x, https:\/\/i0.wp.com\/webdelmaestrocmf.com\/portal\/wp-content\/uploads\/2023\/07\/A12B3C4D-21.jpg?resize=700%2C400&ssl=1 2x"},"classes":[]},{"id":21562,"url":"https:\/\/webdelmaestrocmf.com\/portal\/las-emociones-son-el-fundamento-de-todo-hacer\/","url_meta":{"origin":50413,"position":4},"title":"Humberto Maturana: Las emociones son el fundamento de todo hacer","author":"Web del Maestro CMF","date":"25 julio, 2020","format":false,"excerpt":"En los setenta revolucion\u00f3 a la ciencia con su concepto de autopoiesis. Luego remeci\u00f3 a los m\u00e1s tradicionales con su objetividad entre par\u00e9ntesis. Y m\u00e1s tarde plante\u00f3 que todo argumento racional se funda en premisas no racionales aceptadas desde la emoci\u00f3n. Humberto Maturana, el hombre detr\u00e1s de estas afirmaciones, fue\u2026","rel":"","context":"En \u00abEntrevistas\u00bb","block_context":{"text":"Entrevistas","link":"https:\/\/webdelmaestrocmf.com\/portal\/category\/noticias\/entrevistas\/"},"img":{"alt_text":"","src":"https:\/\/i0.wp.com\/webdelmaestrocmf.com\/portal\/wp-content\/uploads\/2019\/12\/2-35.jpg?resize=350%2C200&ssl=1","width":350,"height":200,"srcset":"https:\/\/i0.wp.com\/webdelmaestrocmf.com\/portal\/wp-content\/uploads\/2019\/12\/2-35.jpg?resize=350%2C200&ssl=1 1x, https:\/\/i0.wp.com\/webdelmaestrocmf.com\/portal\/wp-content\/uploads\/2019\/12\/2-35.jpg?resize=525%2C300&ssl=1 1.5x, https:\/\/i0.wp.com\/webdelmaestrocmf.com\/portal\/wp-content\/uploads\/2019\/12\/2-35.jpg?resize=700%2C400&ssl=1 2x, https:\/\/i0.wp.com\/webdelmaestrocmf.com\/portal\/wp-content\/uploads\/2019\/12\/2-35.jpg?resize=1050%2C600&ssl=1 3x"},"classes":[]},{"id":65199,"url":"https:\/\/webdelmaestrocmf.com\/portal\/david-auris-humberto-maturana-educador-del-alma\/","url_meta":{"origin":50413,"position":5},"title":"[David Auris] Humberto Maturana: educador del alma","author":"Web del Maestro CMF","date":"14 julio, 2021","format":false,"excerpt":"Con su discurso, amar educa, Humberto Maturana, ha renovado nuestro ritual docente, comprometi\u00e9ndonos a devolver lo mejor de nosotros a la sociedad y construir un ecosistema sostenible, aceptando cada individualidad, como ciudadanos capaces de colaborar y convivir respetuosamente. En esta convulsionada \u00e9poca, impregnada de incertidumbre y brutal inequidad, encaminado a\u2026","rel":"","context":"En \u00abZ-Colaborador-David-Auris\u00bb","block_context":{"text":"Z-Colaborador-David-Auris","link":"https:\/\/webdelmaestrocmf.com\/portal\/category\/colaborador\/z-colaborador-david-auris\/"},"img":{"alt_text":"","src":"https:\/\/i0.wp.com\/webdelmaestrocmf.com\/portal\/wp-content\/uploads\/2021\/07\/1-52.jpg?resize=350%2C200&ssl=1","width":350,"height":200,"srcset":"https:\/\/i0.wp.com\/webdelmaestrocmf.com\/portal\/wp-content\/uploads\/2021\/07\/1-52.jpg?resize=350%2C200&ssl=1 1x, https:\/\/i0.wp.com\/webdelmaestrocmf.com\/portal\/wp-content\/uploads\/2021\/07\/1-52.jpg?resize=525%2C300&ssl=1 1.5x, https:\/\/i0.wp.com\/webdelmaestrocmf.com\/portal\/wp-content\/uploads\/2021\/07\/1-52.jpg?resize=700%2C400&ssl=1 2x, https:\/\/i0.wp.com\/webdelmaestrocmf.com\/portal\/wp-content\/uploads\/2021\/07\/1-52.jpg?resize=1050%2C600&ssl=1 3x"},"classes":[]}],"_links":{"self":[{"href":"https:\/\/webdelmaestrocmf.com\/portal\/wp-json\/wp\/v2\/posts\/50413","targetHints":{"allow":["GET"]}}],"collection":[{"href":"https:\/\/webdelmaestrocmf.com\/portal\/wp-json\/wp\/v2\/posts"}],"about":[{"href":"https:\/\/webdelmaestrocmf.com\/portal\/wp-json\/wp\/v2\/types\/post"}],"author":[{"embeddable":true,"href":"https:\/\/webdelmaestrocmf.com\/portal\/wp-json\/wp\/v2\/users\/1"}],"replies":[{"embeddable":true,"href":"https:\/\/webdelmaestrocmf.com\/portal\/wp-json\/wp\/v2\/comments?post=50413"}],"version-history":[{"count":0,"href":"https:\/\/webdelmaestrocmf.com\/portal\/wp-json\/wp\/v2\/posts\/50413\/revisions"}],"wp:featuredmedia":[{"embeddable":true,"href":"https:\/\/webdelmaestrocmf.com\/portal\/wp-json\/wp\/v2\/media\/50414"}],"wp:attachment":[{"href":"https:\/\/webdelmaestrocmf.com\/portal\/wp-json\/wp\/v2\/media?parent=50413"}],"wp:term":[{"taxonomy":"category","embeddable":true,"href":"https:\/\/webdelmaestrocmf.com\/portal\/wp-json\/wp\/v2\/categories?post=50413"},{"taxonomy":"post_tag","embeddable":true,"href":"https:\/\/webdelmaestrocmf.com\/portal\/wp-json\/wp\/v2\/tags?post=50413"}],"curies":[{"name":"wp","href":"https:\/\/api.w.org\/{rel}","templated":true}]}}