{"id":50383,"date":"2020-08-26T12:41:15","date_gmt":"2020-08-26T16:41:15","guid":{"rendered":"https:\/\/webdelmaestrocmf.com\/portal\/?p=50383"},"modified":"2020-08-26T12:58:06","modified_gmt":"2020-08-26T16:58:06","slug":"david-auris-desafios-pedagogicos-en-tiempos-del-covid-19","status":"publish","type":"post","link":"https:\/\/webdelmaestrocmf.com\/portal\/david-auris-desafios-pedagogicos-en-tiempos-del-covid-19\/","title":{"rendered":"[David Auris] Desaf\u00edos pedag\u00f3gicos en tiempos del Covid-19"},"content":{"rendered":"<h5 style=\"text-align: justify;\">Si algo tenemos que agradecer al Covid-19, es que nos ha encargo a todos, asumir nuestra misi\u00f3n educadora. Algo que nos hubiera tomado d\u00e9cadas hacerlo. Un enorme desaf\u00edo en \u00e9pocas ins\u00f3litas, donde nuestra sapiencia de poco sirvi\u00f3 para afrontar esta crisis mundial. Por lo que urgimos aprender, ignoradas maneras de sobrevivencia, acudiendo a nuestro estupendo patrimonio, la educaci\u00f3n.<\/h5>\n<p><!--more--><\/p>\n<h5 style=\"text-align: justify;\">Los gobiernos, se encuentran ante dilemas de tomar decisiones para transformar la educaci\u00f3n en favor del desarrollo sostenido, acortar la brecha digital y econ\u00f3mica. Replanteando planes curriculares, con pocos contenidos funcionales en todos los niveles educativos, para afrontar futuras pandemias y desarrollar conceptos transversales como: solidaridad, resiliencia, y empoderar la competencia de aprender novedades r\u00e1pidamente, seg\u00fan Peter Senge.<\/h5>\n<p style=\"text-align: justify;\">Los estados, se ven forzados a acortar la brecha de inequidad, asignando el 15% del PBI al sector educaci\u00f3n, para incluir a todos en el proceso educativo y dotar de libre acceso a internet de banda ancha, con robustos aparatos digitales para las clases, con \u00e9nfasis en las zonas rurales y sociedades vulnerables, garantizando el derecho a una educaci\u00f3n de calidad, reclamada por Juli\u00e1n de Zubir\u00eda.<\/p>\n<p style=\"text-align: justify;\">Obsesionados a desarrollar el capital humano, los docentes no entrenados en el manejo de tecnolog\u00edas digitales, bruscamente fuimos arrojados del espacio presencial de la esfera virtual. Ahora, forzados a aprender disruptivamente, realizamos videoconferencias, curioseamos diferentes plataformas, acudiendo a nuestra creatividad y resiliencia pedag\u00f3gica. Pero, \u00bfAcaso todos poseemos pertrechos digitales y ambientes educativos?<\/p>\n<p style=\"text-align: justify;\">Adem\u00e1s de verse limitado nuestra did\u00e1ctica presencial, como actores centrales del aprendizaje, gestionamos las emociones de los estudiantes ante la p\u00e9rdida de un familiar, creando sociedades de aprendizaje como nos sugiere la Unesco. Asimismo, lidiamos ante los embates de los directivos que a\u00fan, solicitan evidencias, distrayendo nuestra misi\u00f3n, la de conocer y transitar c\u00f3modos, los archipi\u00e9lagos virtuales para generar aprendizaje disruptivo y solidario.<\/p>\n<p style=\"text-align: justify;\">Millones de estudiantes ante una fr\u00eda computadora, se ven obligados a aprender de manera aut\u00f3noma y como era de esperar, fortalecen sus capacidades colaborativas con sus dem\u00e1s compa\u00f1eros. Sin embargo, \u00bfQu\u00e9 de aquellos que no poseen las herramientas digitales? As\u00ed como tampoco cuentan con una sala de estudios, millones de ni\u00f1os de las zonas rurales, no acceden a internet, limit\u00e1ndose a la televisi\u00f3n y la radio.<\/p>\n<p><img loading=\"lazy\" decoding=\"async\" class=\"alignnone size-full wp-image-50439\" src=\"https:\/\/webdelmaestrocmf.com\/portal\/wp-content\/uploads\/2020\/08\/1-35.png\" alt=\"\" width=\"856\" height=\"554\" srcset=\"https:\/\/webdelmaestrocmf.com\/portal\/wp-content\/uploads\/2020\/08\/1-35.png 856w, https:\/\/webdelmaestrocmf.com\/portal\/wp-content\/uploads\/2020\/08\/1-35-300x194.png 300w, https:\/\/webdelmaestrocmf.com\/portal\/wp-content\/uploads\/2020\/08\/1-35-768x497.png 768w, https:\/\/webdelmaestrocmf.com\/portal\/wp-content\/uploads\/2020\/08\/1-35-110x71.png 110w, https:\/\/webdelmaestrocmf.com\/portal\/wp-content\/uploads\/2020\/08\/1-35-200x129.png 200w, https:\/\/webdelmaestrocmf.com\/portal\/wp-content\/uploads\/2020\/08\/1-35-380x246.png 380w, https:\/\/webdelmaestrocmf.com\/portal\/wp-content\/uploads\/2020\/08\/1-35-255x165.png 255w, https:\/\/webdelmaestrocmf.com\/portal\/wp-content\/uploads\/2020\/08\/1-35-550x356.png 550w, https:\/\/webdelmaestrocmf.com\/portal\/wp-content\/uploads\/2020\/08\/1-35-800x518.png 800w, https:\/\/webdelmaestrocmf.com\/portal\/wp-content\/uploads\/2020\/08\/1-35-220x142.png 220w, https:\/\/webdelmaestrocmf.com\/portal\/wp-content\/uploads\/2020\/08\/1-35-400x259.png 400w, https:\/\/webdelmaestrocmf.com\/portal\/wp-content\/uploads\/2020\/08\/1-35-760x492.png 760w, https:\/\/webdelmaestrocmf.com\/portal\/wp-content\/uploads\/2020\/08\/1-35-510x330.png 510w, https:\/\/webdelmaestrocmf.com\/portal\/wp-content\/uploads\/2020\/08\/1-35-600x388.png 600w\" sizes=\"auto, (max-width: 856px) 100vw, 856px\" \/><\/p>\n<p style=\"text-align: justify;\">Otro bols\u00f3n de estudiantes con limitaciones f\u00edsicas se ven afectados, pues adolecemos de herramientas digitales que socorra su aprendizaje, llev\u00e1ndose la peor parte en este cosmos l\u00edquido planteado por Zygmunt Bauman. Los estudiantes de la media b\u00e1sica y el nivel superior, autorregulan, controlando sus pensamientos y sus motivaciones, para lograr aprender. Pero, la clave de la formaci\u00f3n personal, los dicentes del nivel inicial y primario, a\u00fan no operan eficazmente la tecnolog\u00eda digital pedag\u00f3gica, abriendo otro desaf\u00edo mundial.<\/p>\n<p style=\"text-align: justify;\">Los padres de familia, quienes enconadamente criticaban nuestra labor pedag\u00f3gica, ignorando que seguimos las pautas del sistema ya dise\u00f1ados por un estado abocado a evaluar documentos. Esos mismos padres, hoy est\u00e1n asumiendo su verdadero rol educador e irremediablemente se ven obligados, hacer de sus hogares un lugar m\u00e1s agradable, no solo para la convivencia, sino para apoyar el aprendizaje de sus hijos.<\/p>\n<p style=\"text-align: justify;\">En este tiempo hondamente sensible, est\u00e1n volcados a ejercer la tolerancia filial y realizar el esfuerzo de acompa\u00f1arlos en la aventura del aprendizaje aut\u00f3nomo y cr\u00edtico. Ahora, \u00bfQu\u00e9 concepto tendr\u00e1n los padres de familia acerca de nuestra actividad acad\u00e9mica?<\/p>\n<p style=\"text-align: justify;\">Ante el drama que vivimos, la responsabilidad \u00e9tica del empresariado, ponen a prueba su cultura pedag\u00f3gica y posiblemente aprovechen esta oportunidad para congratularse con la colectividad, invirtiendo en internet de acceso libre para anclar el aprendizaje, as\u00ed como financiar programas educativos y culturales en los medios de comunicaci\u00f3n de se\u00f1al abierta, que a\u00fan trasmiten bodrios programas.<\/p>\n<p style=\"text-align: justify;\">Ante esta prueba de la vida, las universidades y los institutos de los pa\u00edses en v\u00edas de desarrollo, est\u00e1n obligados asumir su funci\u00f3n pedag\u00f3gica y liderar la batalla cient\u00edfica contra el Covid-19. Apostando a la trasferencia tecnol\u00f3gica en la b\u00fasqueda de la vacuna y la prescripci\u00f3n m\u00e9dica para el cuidado de la sociedad.<\/p>\n<p style=\"text-align: justify;\">Finalmente, el formidable desaf\u00edo educativo del Estado ante la pandemia, es que no sucumban los m\u00e1s d\u00e9biles. Retando a la torpe burocracia, los educadores como l\u00edderes pedag\u00f3gicos, estamos comprometidos a capitalizar esta crisis y crear comunidades de aprendizaje para el desarrollo sostenido. As\u00ed como la sociedad, ineludiblemente asume su funci\u00f3n educadora, erigiendo barricadas de aprendizaje emocional y cognitivo contra la pandemia, y \u00bfCu\u00e1l es tu rol pedag\u00f3gico en esta hist\u00f3rica cruzada por la vida?<\/p>\n<h5 style=\"text-align: justify;\"><strong>Fuentes:<\/strong><\/h5>\n<ul style=\"text-align: justify;\">\n<li>Juli\u00e1n de Zubir\u00eda<\/li>\n<li>Peter Senge<\/li>\n<li>UNESCO<\/li>\n<li>Zygmunt Bauman<\/li>\n<\/ul>\n<p><strong>\u00a9 David Auris Villegas. Escritor y pedagogo<\/strong><\/p>\n<table class=\" alignleft\" border=\"0\" width=\"100%\" cellspacing=\"10\" cellpadding=\"10\">\n<tbody>\n<tr>\n<td style=\"text-align: center;\" width=\"30%\"><strong><img loading=\"lazy\" decoding=\"async\" class=\"size-full wp-image-49380 aligncenter\" src=\"https:\/\/webdelmaestrocmf.com\/portal\/wp-content\/uploads\/2020\/07\/2-copia-3.jpg\" alt=\"\" width=\"200\" height=\"200\" srcset=\"https:\/\/webdelmaestrocmf.com\/portal\/wp-content\/uploads\/2020\/07\/2-copia-3.jpg 200w, https:\/\/webdelmaestrocmf.com\/portal\/wp-content\/uploads\/2020\/07\/2-copia-3-150x150.jpg 150w, https:\/\/webdelmaestrocmf.com\/portal\/wp-content\/uploads\/2020\/07\/2-copia-3-80x80.jpg 80w, https:\/\/webdelmaestrocmf.com\/portal\/wp-content\/uploads\/2020\/07\/2-copia-3-110x110.jpg 110w\" sizes=\"auto, (max-width: 200px) 100vw, 200px\" \/><br \/>\nAutor: <\/strong>David Auris Villegas (Per\u00fa, 1975) Escritor, pedagogo, editor, columnista, profesor universitario y te\u00f3rico de la pedagog\u00eda \u00e9tica, educaci\u00f3n ciudadana, cultura de paz. <strong><br \/>\nExperiencia laboral:<\/strong> Licenciado en educaci\u00f3n por la Universidad Nacional Mayor de San Marcos y m\u00e1ster en educaci\u00f3n por la Universidad de la Habana. Ha sido profesor capacitador en la Universidad Nacional Mayor de San Marcos y profesor de posgrado en varias universidades peruanas. Ha publicado: <em>\u201cCuentos de medianoche\u201d, \u201cMa\u00f1ana al despertar piensa en m\u00ed\u201d, \u00abEstrategias did\u00e1cticas de comprensi\u00f3n lectora para la vida\u00bb, \u00abC\u00f3mo redactar art\u00edculos cient\u00edficos\u00bb <\/em>y<em> \u201cMinicuentos para so\u00f1ar\u201d<\/em>. Antologado en: <em>A Orillas del r\u00edo Ichu<\/em> y en, <em>Palabras sin fronteras, fronteras sin palabras, <\/em>y ha aparecido en las revistas: <em>La Tortuga Ecuestre<\/em>, <em>N\u00e9mesis<\/em> y <em>Entre par\u00e9ntesis<\/em>. Publica sus art\u00edculos pedag\u00f3gicos cada semana en varios portales del mundo. <strong><br \/>\nCorreo electr\u00f3nico: <\/strong><a href=\"mailto:davidauris@gmail.com\">davidauris@gmail.com<\/a><br \/>\n<strong>Cuenta de Facebook:<\/strong> <a href=\"https:\/\/www.facebook.com\/david.aurisvillegas.77\" target=\"_blank\" rel=\"noopener noreferrer\">david.aurisvillegas.77<\/a><\/td>\n<\/tr>\n<\/tbody>\n<\/table>\n<p style=\"text-align: left;\">.<\/p>\n\t\t<div class=\"pk-inline-posts\">\n\t\t\t\n\t\t\t<div class=\"pk-inline-posts-container pk-inline-posts-template-list\"\n\t\t\t\tdata-columns=\"1\">\n\t\t\t\t\t\t<article id=\"post-112061\" class=\"post-112061 post type-post status-publish format-standard has-post-thumbnail category-z-colaborador-david-auris category-colaborador tag-funcionarios tag-pedagogia tag-perversos cs-entry cs-video-wrap\">\n\t\t\t<div class=\"pk-post-outer\">\n\n\t\t\t\t\t\t\t\t<div class=\"pk-post-inner\">\n\t\t\t\t\t<div class=\"entry-thumbnail\">\n\t\t\t\t\t\t<div class=\"pk-overlay pk-overlay-ratio pk-ratio-landscape\">\n\t\t\t\t\t\t\t<div class=\"pk-overlay-background\">\n\t\t\t\t\t\t\t\t<a href=\"https:\/\/webdelmaestrocmf.com\/portal\/david-auris-poderosa-pedagogia-de-los-perversos-funcionarios-y-politicos-peruanos-2\/\" class=\"pk-overlay-link\">\n\t\t\t\t\t\t\t\t\t<img loading=\"lazy\" decoding=\"async\" width=\"300\" height=\"225\" src=\"https:\/\/webdelmaestrocmf.com\/portal\/wp-content\/uploads\/2025\/09\/1A-Banner-1-portada-imagen-10-1-copia-2025-09-11T183111.574-300x225.webp\" class=\"attachment-pk-thumbnail size-pk-thumbnail wp-post-image\" alt=\"\" \/>\t\t\t\t\t\t\t\t<\/a>\n\t\t\t\t\t\t\t<\/div>\n\t\t\t\t\t\t<\/div>\n\t\t\t\t\t<\/div>\n\t\t\t\t<\/div>\n\t\t\t\t\n\t\t\t\t<div class=\"pk-post-inner\">\n\t\t\t\t\t<header>\n\t\t\t\t\t\t<h3 class=\"pk-title\"><a href=\"https:\/\/webdelmaestrocmf.com\/portal\/david-auris-poderosa-pedagogia-de-los-perversos-funcionarios-y-politicos-peruanos-2\/\" rel=\"bookmark\">[David Auris] Poderosa pedagog\u00eda de los perversos funcionarios y pol\u00edticos peruanos\u00a0<\/a><\/h3>\t\t\t\t\t<\/header><!-- .entry-header -->\n\t\t\t\t<\/div><!-- .post-inner -->\n\n\t\t\t<\/div><!-- .post-outer -->\n\t\t<\/article>\n\t\t\t\t<\/div>\n\t\t<\/div>\n\t\t\n","protected":false},"excerpt":{"rendered":"Si algo tenemos que agradecer al Covid-19, es que nos ha encargo a todos, asumir nuestra misi\u00f3n educadora.&hellip;","protected":false},"author":1,"featured_media":50438,"comment_status":"open","ping_status":"closed","sticky":false,"template":"","format":"standard","meta":{"csco_display_header_overlay":false,"csco_singular_sidebar":"default","csco_page_header_type":"default","csco_page_load_nextpost":"default","csco_post_video_location":[],"csco_post_video_location_hash":"","csco_post_video_url":"","csco_post_video_bg_start_time":0,"csco_post_video_bg_end_time":0,"csco_post_video_bg_volume":false,"_jetpack_memberships_contains_paid_content":false,"footnotes":""},"categories":[5341,1790],"tags":[4798,5342,219,2153,4807],"class_list":{"0":"post-50383","1":"post","2":"type-post","3":"status-publish","4":"format-standard","5":"has-post-thumbnail","7":"category-z-colaborador-david-auris","8":"category-colaborador","9":"tag-covid-19","10":"tag-david-auris","11":"tag-desafios","12":"tag-pedagogicos","13":"tag-tiempos","14":"cs-entry","15":"cs-video-wrap"},"yoast_head":"<!-- This site is optimized with the Yoast SEO plugin v27.5 - https:\/\/yoast.com\/product\/yoast-seo-wordpress\/ -->\n<title>[David Auris] Desaf\u00edos pedag\u00f3gicos en tiempos del Covid-19 - 2026<\/title>\n<meta name=\"description\" content=\"Si algo tenemos que agradecer al Covid-19, es que nos ha encargo a todos, asumir nuestra misi\u00f3n educadora. Algo que...\" \/>\n<meta name=\"robots\" content=\"index, follow, max-snippet:-1, max-image-preview:large, max-video-preview:-1\" \/>\n<link rel=\"canonical\" href=\"https:\/\/webdelmaestrocmf.com\/portal\/david-auris-desafios-pedagogicos-en-tiempos-del-covid-19\/\" \/>\n<meta property=\"og:locale\" content=\"es_ES\" \/>\n<meta property=\"og:type\" content=\"article\" \/>\n<meta property=\"og:title\" content=\"[David Auris] Desaf\u00edos pedag\u00f3gicos en tiempos del Covid-19 - 2026\" \/>\n<meta property=\"og:description\" content=\"Si algo tenemos que agradecer al Covid-19, es que nos ha encargo a todos, asumir nuestra misi\u00f3n educadora. Algo que...\" \/>\n<meta property=\"og:url\" content=\"https:\/\/webdelmaestrocmf.com\/portal\/david-auris-desafios-pedagogicos-en-tiempos-del-covid-19\/\" \/>\n<meta property=\"og:site_name\" content=\"Web del Maestro CMF\" \/>\n<meta property=\"article:publisher\" content=\"https:\/\/www.facebook.com\/WebdelMaestroCMF\/\" \/>\n<meta property=\"article:author\" content=\"https:\/\/www.facebook.com\/WebdelMaestroCMF\/\" \/>\n<meta property=\"article:published_time\" content=\"2020-08-26T16:41:15+00:00\" \/>\n<meta property=\"article:modified_time\" content=\"2020-08-26T16:58:06+00:00\" \/>\n<meta property=\"og:image\" content=\"https:\/\/i0.wp.com\/webdelmaestrocmf.com\/portal\/wp-content\/uploads\/2020\/08\/1-copia-56.jpg?fit=1100%2C680&ssl=1\" \/>\n\t<meta property=\"og:image:width\" content=\"1100\" \/>\n\t<meta property=\"og:image:height\" content=\"680\" \/>\n\t<meta property=\"og:image:type\" content=\"image\/jpeg\" \/>\n<meta name=\"author\" content=\"Web del Maestro CMF\" \/>\n<meta name=\"twitter:card\" content=\"summary_large_image\" \/>\n<meta name=\"twitter:creator\" content=\"@cmf_w\" \/>\n<meta name=\"twitter:site\" content=\"@cmf_w\" \/>\n<script type=\"application\/ld+json\" class=\"yoast-schema-graph\">{\"@context\":\"https:\\\/\\\/schema.org\",\"@graph\":[{\"@type\":\"ScholarlyArticle\",\"@id\":\"https:\\\/\\\/webdelmaestrocmf.com\\\/portal\\\/david-auris-desafios-pedagogicos-en-tiempos-del-covid-19\\\/#article\",\"isPartOf\":{\"@id\":\"https:\\\/\\\/webdelmaestrocmf.com\\\/portal\\\/david-auris-desafios-pedagogicos-en-tiempos-del-covid-19\\\/\"},\"author\":{\"name\":\"Web del Maestro CMF\",\"@id\":\"https:\\\/\\\/webdelmaestrocmf.com\\\/portal\\\/#\\\/schema\\\/person\\\/1072a2ed7bd960df8ef99a551fa35dc5\"},\"headline\":\"[David Auris] Desaf\u00edos pedag\u00f3gicos en tiempos del Covid-19\",\"datePublished\":\"2020-08-26T16:41:15+00:00\",\"dateModified\":\"2020-08-26T16:58:06+00:00\",\"mainEntityOfPage\":{\"@id\":\"https:\\\/\\\/webdelmaestrocmf.com\\\/portal\\\/david-auris-desafios-pedagogicos-en-tiempos-del-covid-19\\\/\"},\"wordCount\":984,\"commentCount\":0,\"publisher\":{\"@id\":\"https:\\\/\\\/webdelmaestrocmf.com\\\/portal\\\/#organization\"},\"image\":{\"@id\":\"https:\\\/\\\/webdelmaestrocmf.com\\\/portal\\\/david-auris-desafios-pedagogicos-en-tiempos-del-covid-19\\\/#primaryimage\"},\"thumbnailUrl\":\"https:\\\/\\\/webdelmaestrocmf.com\\\/portal\\\/wp-content\\\/uploads\\\/2020\\\/08\\\/1-copia-56.jpg\",\"keywords\":[\"Covid 19\",\"David Auris\",\"DESAF\u00cdOS\",\"PEDAG\u00d3GICOS\",\"tiempos\"],\"articleSection\":[\"Z-Colaborador-David-Auris\",\"Z-Colaboradores\"],\"inLanguage\":\"es\",\"potentialAction\":[{\"@type\":\"CommentAction\",\"name\":\"Comment\",\"target\":[\"https:\\\/\\\/webdelmaestrocmf.com\\\/portal\\\/david-auris-desafios-pedagogicos-en-tiempos-del-covid-19\\\/#respond\"]}]},{\"@type\":\"WebPage\",\"@id\":\"https:\\\/\\\/webdelmaestrocmf.com\\\/portal\\\/david-auris-desafios-pedagogicos-en-tiempos-del-covid-19\\\/\",\"url\":\"https:\\\/\\\/webdelmaestrocmf.com\\\/portal\\\/david-auris-desafios-pedagogicos-en-tiempos-del-covid-19\\\/\",\"name\":\"[David Auris] Desaf\u00edos pedag\u00f3gicos en tiempos del Covid-19 - 2026\",\"isPartOf\":{\"@id\":\"https:\\\/\\\/webdelmaestrocmf.com\\\/portal\\\/#website\"},\"primaryImageOfPage\":{\"@id\":\"https:\\\/\\\/webdelmaestrocmf.com\\\/portal\\\/david-auris-desafios-pedagogicos-en-tiempos-del-covid-19\\\/#primaryimage\"},\"image\":{\"@id\":\"https:\\\/\\\/webdelmaestrocmf.com\\\/portal\\\/david-auris-desafios-pedagogicos-en-tiempos-del-covid-19\\\/#primaryimage\"},\"thumbnailUrl\":\"https:\\\/\\\/webdelmaestrocmf.com\\\/portal\\\/wp-content\\\/uploads\\\/2020\\\/08\\\/1-copia-56.jpg\",\"datePublished\":\"2020-08-26T16:41:15+00:00\",\"dateModified\":\"2020-08-26T16:58:06+00:00\",\"description\":\"Si algo tenemos que agradecer al Covid-19, es que nos ha encargo a todos, asumir nuestra misi\u00f3n educadora. Algo que...\",\"breadcrumb\":{\"@id\":\"https:\\\/\\\/webdelmaestrocmf.com\\\/portal\\\/david-auris-desafios-pedagogicos-en-tiempos-del-covid-19\\\/#breadcrumb\"},\"inLanguage\":\"es\",\"potentialAction\":[{\"@type\":\"ReadAction\",\"target\":[\"https:\\\/\\\/webdelmaestrocmf.com\\\/portal\\\/david-auris-desafios-pedagogicos-en-tiempos-del-covid-19\\\/\"]}]},{\"@type\":\"ImageObject\",\"inLanguage\":\"es\",\"@id\":\"https:\\\/\\\/webdelmaestrocmf.com\\\/portal\\\/david-auris-desafios-pedagogicos-en-tiempos-del-covid-19\\\/#primaryimage\",\"url\":\"https:\\\/\\\/webdelmaestrocmf.com\\\/portal\\\/wp-content\\\/uploads\\\/2020\\\/08\\\/1-copia-56.jpg\",\"contentUrl\":\"https:\\\/\\\/webdelmaestrocmf.com\\\/portal\\\/wp-content\\\/uploads\\\/2020\\\/08\\\/1-copia-56.jpg\",\"width\":1100,\"height\":680},{\"@type\":\"BreadcrumbList\",\"@id\":\"https:\\\/\\\/webdelmaestrocmf.com\\\/portal\\\/david-auris-desafios-pedagogicos-en-tiempos-del-covid-19\\\/#breadcrumb\",\"itemListElement\":[{\"@type\":\"ListItem\",\"position\":1,\"name\":\"Portada\",\"item\":\"https:\\\/\\\/webdelmaestrocmf.com\\\/portal\\\/\"},{\"@type\":\"ListItem\",\"position\":2,\"name\":\"Z-Colaboradores\",\"item\":\"https:\\\/\\\/webdelmaestrocmf.com\\\/portal\\\/category\\\/colaborador\\\/\"},{\"@type\":\"ListItem\",\"position\":3,\"name\":\"Z-Colaborador-David-Auris\",\"item\":\"https:\\\/\\\/webdelmaestrocmf.com\\\/portal\\\/category\\\/colaborador\\\/z-colaborador-david-auris\\\/\"},{\"@type\":\"ListItem\",\"position\":4,\"name\":\"[David Auris] Desaf\u00edos pedag\u00f3gicos en tiempos del Covid-19\"}]},{\"@type\":\"WebSite\",\"@id\":\"https:\\\/\\\/webdelmaestrocmf.com\\\/portal\\\/#website\",\"url\":\"https:\\\/\\\/webdelmaestrocmf.com\\\/portal\\\/\",\"name\":\"Web del Maestro CMF\",\"description\":\"Maestros al servicio de la educaci\u00f3n\",\"publisher\":{\"@id\":\"https:\\\/\\\/webdelmaestrocmf.com\\\/portal\\\/#organization\"},\"alternateName\":\"WMCMF\",\"potentialAction\":[{\"@type\":\"SearchAction\",\"target\":{\"@type\":\"EntryPoint\",\"urlTemplate\":\"https:\\\/\\\/webdelmaestrocmf.com\\\/portal\\\/?s={search_term_string}\"},\"query-input\":{\"@type\":\"PropertyValueSpecification\",\"valueRequired\":true,\"valueName\":\"search_term_string\"}}],\"inLanguage\":\"es\"},{\"@type\":\"Organization\",\"@id\":\"https:\\\/\\\/webdelmaestrocmf.com\\\/portal\\\/#organization\",\"name\":\"Web del Maestro CMF\",\"alternateName\":\"WMCMF\",\"url\":\"https:\\\/\\\/webdelmaestrocmf.com\\\/portal\\\/\",\"logo\":{\"@type\":\"ImageObject\",\"inLanguage\":\"es\",\"@id\":\"https:\\\/\\\/webdelmaestrocmf.com\\\/portal\\\/#\\\/schema\\\/logo\\\/image\\\/\",\"url\":\"https:\\\/\\\/webdelmaestrocmf.com\\\/portal\\\/wp-content\\\/uploads\\\/2023\\\/01\\\/logo-wmcmf-2.png\",\"contentUrl\":\"https:\\\/\\\/webdelmaestrocmf.com\\\/portal\\\/wp-content\\\/uploads\\\/2023\\\/01\\\/logo-wmcmf-2.png\",\"width\":200,\"height\":60,\"caption\":\"Web del Maestro CMF\"},\"image\":{\"@id\":\"https:\\\/\\\/webdelmaestrocmf.com\\\/portal\\\/#\\\/schema\\\/logo\\\/image\\\/\"},\"sameAs\":[\"https:\\\/\\\/www.facebook.com\\\/WebdelMaestroCMF\\\/\",\"https:\\\/\\\/x.com\\\/cmf_w\",\"https:\\\/\\\/www.pinterest.com\\\/WMCMF\\\/\",\"https:\\\/\\\/www.linkedin.com\\\/company\\\/web-del-maestro-cmf\\\/\",\"https:\\\/\\\/www.instagram.com\\\/wmcmf\\\/\",\"https:\\\/\\\/www.youtube.com\\\/channel\\\/UCDPSvjbdodE5sHnC3OxutHw\",\"https:\\\/\\\/mastodon.social\\\/@wmcmf\",\"https:\\\/\\\/www.tiktok.com\\\/@webdelmaestrocmf\"]},{\"@type\":\"Person\",\"@id\":\"https:\\\/\\\/webdelmaestrocmf.com\\\/portal\\\/#\\\/schema\\\/person\\\/1072a2ed7bd960df8ef99a551fa35dc5\",\"name\":\"Web del Maestro CMF\",\"image\":{\"@type\":\"ImageObject\",\"inLanguage\":\"es\",\"@id\":\"https:\\\/\\\/secure.gravatar.com\\\/avatar\\\/23291dd5b5ae1077dcff3dbb04c3e02bd28403fa75af6d8787d5e97c5bbbe30b?s=96&d=mm&r=g\",\"url\":\"https:\\\/\\\/secure.gravatar.com\\\/avatar\\\/23291dd5b5ae1077dcff3dbb04c3e02bd28403fa75af6d8787d5e97c5bbbe30b?s=96&d=mm&r=g\",\"contentUrl\":\"https:\\\/\\\/secure.gravatar.com\\\/avatar\\\/23291dd5b5ae1077dcff3dbb04c3e02bd28403fa75af6d8787d5e97c5bbbe30b?s=96&d=mm&r=g\",\"caption\":\"Web del Maestro CMF\"},\"description\":\"Esta Web se cre\u00f3 sin fines de lucro, con fines educativos, cient\u00edficos y acad\u00e9micos, para personas que tengan dificultades y\\\/o inconvenientes en visualizar el material original. El objetivo es entregar recursos, compartir experiencias y materiales que ayuden a los padres de familia, maestros y estudiantes en su actualizaci\u00f3n y formaci\u00f3n permanente, en bien de la Educaci\u00f3n.\",\"sameAs\":[\"http:\\\/\\\/webdelmaestrocmf.com\\\/portal\",\"https:\\\/\\\/www.facebook.com\\\/WebdelMaestroCMF\\\/\",\"https:\\\/\\\/www.instagram.com\\\/wmcmf\\\/\",\"https:\\\/\\\/cl.linkedin.com\\\/company\\\/web-del-maestro-cmf\",\"https:\\\/\\\/www.pinterest.com\\\/WMCMF\\\/publicaciones\\\/\",\"https:\\\/\\\/x.com\\\/cmf_w\",\"https:\\\/\\\/www.youtube.com\\\/@WMCMF\"]}]}<\/script>\n<!-- \/ Yoast SEO plugin. -->","yoast_head_json":{"title":"[David Auris] Desaf\u00edos pedag\u00f3gicos en tiempos del Covid-19 - 2026","description":"Si algo tenemos que agradecer al Covid-19, es que nos ha encargo a todos, asumir nuestra misi\u00f3n educadora. Algo que...","robots":{"index":"index","follow":"follow","max-snippet":"max-snippet:-1","max-image-preview":"max-image-preview:large","max-video-preview":"max-video-preview:-1"},"canonical":"https:\/\/webdelmaestrocmf.com\/portal\/david-auris-desafios-pedagogicos-en-tiempos-del-covid-19\/","og_locale":"es_ES","og_type":"article","og_title":"[David Auris] Desaf\u00edos pedag\u00f3gicos en tiempos del Covid-19 - 2026","og_description":"Si algo tenemos que agradecer al Covid-19, es que nos ha encargo a todos, asumir nuestra misi\u00f3n educadora. Algo que...","og_url":"https:\/\/webdelmaestrocmf.com\/portal\/david-auris-desafios-pedagogicos-en-tiempos-del-covid-19\/","og_site_name":"Web del Maestro CMF","article_publisher":"https:\/\/www.facebook.com\/WebdelMaestroCMF\/","article_author":"https:\/\/www.facebook.com\/WebdelMaestroCMF\/","article_published_time":"2020-08-26T16:41:15+00:00","article_modified_time":"2020-08-26T16:58:06+00:00","og_image":[{"width":1100,"height":680,"url":"https:\/\/i0.wp.com\/webdelmaestrocmf.com\/portal\/wp-content\/uploads\/2020\/08\/1-copia-56.jpg?fit=1100%2C680&ssl=1","type":"image\/jpeg"}],"author":"Web del Maestro CMF","twitter_card":"summary_large_image","twitter_creator":"@cmf_w","twitter_site":"@cmf_w","schema":{"@context":"https:\/\/schema.org","@graph":[{"@type":"ScholarlyArticle","@id":"https:\/\/webdelmaestrocmf.com\/portal\/david-auris-desafios-pedagogicos-en-tiempos-del-covid-19\/#article","isPartOf":{"@id":"https:\/\/webdelmaestrocmf.com\/portal\/david-auris-desafios-pedagogicos-en-tiempos-del-covid-19\/"},"author":{"name":"Web del Maestro CMF","@id":"https:\/\/webdelmaestrocmf.com\/portal\/#\/schema\/person\/1072a2ed7bd960df8ef99a551fa35dc5"},"headline":"[David Auris] Desaf\u00edos pedag\u00f3gicos en tiempos del Covid-19","datePublished":"2020-08-26T16:41:15+00:00","dateModified":"2020-08-26T16:58:06+00:00","mainEntityOfPage":{"@id":"https:\/\/webdelmaestrocmf.com\/portal\/david-auris-desafios-pedagogicos-en-tiempos-del-covid-19\/"},"wordCount":984,"commentCount":0,"publisher":{"@id":"https:\/\/webdelmaestrocmf.com\/portal\/#organization"},"image":{"@id":"https:\/\/webdelmaestrocmf.com\/portal\/david-auris-desafios-pedagogicos-en-tiempos-del-covid-19\/#primaryimage"},"thumbnailUrl":"https:\/\/webdelmaestrocmf.com\/portal\/wp-content\/uploads\/2020\/08\/1-copia-56.jpg","keywords":["Covid 19","David Auris","DESAF\u00cdOS","PEDAG\u00d3GICOS","tiempos"],"articleSection":["Z-Colaborador-David-Auris","Z-Colaboradores"],"inLanguage":"es","potentialAction":[{"@type":"CommentAction","name":"Comment","target":["https:\/\/webdelmaestrocmf.com\/portal\/david-auris-desafios-pedagogicos-en-tiempos-del-covid-19\/#respond"]}]},{"@type":"WebPage","@id":"https:\/\/webdelmaestrocmf.com\/portal\/david-auris-desafios-pedagogicos-en-tiempos-del-covid-19\/","url":"https:\/\/webdelmaestrocmf.com\/portal\/david-auris-desafios-pedagogicos-en-tiempos-del-covid-19\/","name":"[David Auris] Desaf\u00edos pedag\u00f3gicos en tiempos del Covid-19 - 2026","isPartOf":{"@id":"https:\/\/webdelmaestrocmf.com\/portal\/#website"},"primaryImageOfPage":{"@id":"https:\/\/webdelmaestrocmf.com\/portal\/david-auris-desafios-pedagogicos-en-tiempos-del-covid-19\/#primaryimage"},"image":{"@id":"https:\/\/webdelmaestrocmf.com\/portal\/david-auris-desafios-pedagogicos-en-tiempos-del-covid-19\/#primaryimage"},"thumbnailUrl":"https:\/\/webdelmaestrocmf.com\/portal\/wp-content\/uploads\/2020\/08\/1-copia-56.jpg","datePublished":"2020-08-26T16:41:15+00:00","dateModified":"2020-08-26T16:58:06+00:00","description":"Si algo tenemos que agradecer al Covid-19, es que nos ha encargo a todos, asumir nuestra misi\u00f3n educadora. Algo que...","breadcrumb":{"@id":"https:\/\/webdelmaestrocmf.com\/portal\/david-auris-desafios-pedagogicos-en-tiempos-del-covid-19\/#breadcrumb"},"inLanguage":"es","potentialAction":[{"@type":"ReadAction","target":["https:\/\/webdelmaestrocmf.com\/portal\/david-auris-desafios-pedagogicos-en-tiempos-del-covid-19\/"]}]},{"@type":"ImageObject","inLanguage":"es","@id":"https:\/\/webdelmaestrocmf.com\/portal\/david-auris-desafios-pedagogicos-en-tiempos-del-covid-19\/#primaryimage","url":"https:\/\/webdelmaestrocmf.com\/portal\/wp-content\/uploads\/2020\/08\/1-copia-56.jpg","contentUrl":"https:\/\/webdelmaestrocmf.com\/portal\/wp-content\/uploads\/2020\/08\/1-copia-56.jpg","width":1100,"height":680},{"@type":"BreadcrumbList","@id":"https:\/\/webdelmaestrocmf.com\/portal\/david-auris-desafios-pedagogicos-en-tiempos-del-covid-19\/#breadcrumb","itemListElement":[{"@type":"ListItem","position":1,"name":"Portada","item":"https:\/\/webdelmaestrocmf.com\/portal\/"},{"@type":"ListItem","position":2,"name":"Z-Colaboradores","item":"https:\/\/webdelmaestrocmf.com\/portal\/category\/colaborador\/"},{"@type":"ListItem","position":3,"name":"Z-Colaborador-David-Auris","item":"https:\/\/webdelmaestrocmf.com\/portal\/category\/colaborador\/z-colaborador-david-auris\/"},{"@type":"ListItem","position":4,"name":"[David Auris] Desaf\u00edos pedag\u00f3gicos en tiempos del Covid-19"}]},{"@type":"WebSite","@id":"https:\/\/webdelmaestrocmf.com\/portal\/#website","url":"https:\/\/webdelmaestrocmf.com\/portal\/","name":"Web del Maestro CMF","description":"Maestros al servicio de la educaci\u00f3n","publisher":{"@id":"https:\/\/webdelmaestrocmf.com\/portal\/#organization"},"alternateName":"WMCMF","potentialAction":[{"@type":"SearchAction","target":{"@type":"EntryPoint","urlTemplate":"https:\/\/webdelmaestrocmf.com\/portal\/?s={search_term_string}"},"query-input":{"@type":"PropertyValueSpecification","valueRequired":true,"valueName":"search_term_string"}}],"inLanguage":"es"},{"@type":"Organization","@id":"https:\/\/webdelmaestrocmf.com\/portal\/#organization","name":"Web del Maestro CMF","alternateName":"WMCMF","url":"https:\/\/webdelmaestrocmf.com\/portal\/","logo":{"@type":"ImageObject","inLanguage":"es","@id":"https:\/\/webdelmaestrocmf.com\/portal\/#\/schema\/logo\/image\/","url":"https:\/\/webdelmaestrocmf.com\/portal\/wp-content\/uploads\/2023\/01\/logo-wmcmf-2.png","contentUrl":"https:\/\/webdelmaestrocmf.com\/portal\/wp-content\/uploads\/2023\/01\/logo-wmcmf-2.png","width":200,"height":60,"caption":"Web del Maestro CMF"},"image":{"@id":"https:\/\/webdelmaestrocmf.com\/portal\/#\/schema\/logo\/image\/"},"sameAs":["https:\/\/www.facebook.com\/WebdelMaestroCMF\/","https:\/\/x.com\/cmf_w","https:\/\/www.pinterest.com\/WMCMF\/","https:\/\/www.linkedin.com\/company\/web-del-maestro-cmf\/","https:\/\/www.instagram.com\/wmcmf\/","https:\/\/www.youtube.com\/channel\/UCDPSvjbdodE5sHnC3OxutHw","https:\/\/mastodon.social\/@wmcmf","https:\/\/www.tiktok.com\/@webdelmaestrocmf"]},{"@type":"Person","@id":"https:\/\/webdelmaestrocmf.com\/portal\/#\/schema\/person\/1072a2ed7bd960df8ef99a551fa35dc5","name":"Web del Maestro CMF","image":{"@type":"ImageObject","inLanguage":"es","@id":"https:\/\/secure.gravatar.com\/avatar\/23291dd5b5ae1077dcff3dbb04c3e02bd28403fa75af6d8787d5e97c5bbbe30b?s=96&d=mm&r=g","url":"https:\/\/secure.gravatar.com\/avatar\/23291dd5b5ae1077dcff3dbb04c3e02bd28403fa75af6d8787d5e97c5bbbe30b?s=96&d=mm&r=g","contentUrl":"https:\/\/secure.gravatar.com\/avatar\/23291dd5b5ae1077dcff3dbb04c3e02bd28403fa75af6d8787d5e97c5bbbe30b?s=96&d=mm&r=g","caption":"Web del Maestro CMF"},"description":"Esta Web se cre\u00f3 sin fines de lucro, con fines educativos, cient\u00edficos y acad\u00e9micos, para personas que tengan dificultades y\/o inconvenientes en visualizar el material original. El objetivo es entregar recursos, compartir experiencias y materiales que ayuden a los padres de familia, maestros y estudiantes en su actualizaci\u00f3n y formaci\u00f3n permanente, en bien de la Educaci\u00f3n.","sameAs":["http:\/\/webdelmaestrocmf.com\/portal","https:\/\/www.facebook.com\/WebdelMaestroCMF\/","https:\/\/www.instagram.com\/wmcmf\/","https:\/\/cl.linkedin.com\/company\/web-del-maestro-cmf","https:\/\/www.pinterest.com\/WMCMF\/publicaciones\/","https:\/\/x.com\/cmf_w","https:\/\/www.youtube.com\/@WMCMF"]}]}},"jetpack_featured_media_url":"https:\/\/webdelmaestrocmf.com\/portal\/wp-content\/uploads\/2020\/08\/1-copia-56.jpg","jetpack_sharing_enabled":true,"jetpack-related-posts":[{"id":66326,"url":"https:\/\/webdelmaestrocmf.com\/portal\/david-auris-educacion-motor-del-bicentenario-peruano\/","url_meta":{"origin":50383,"position":0},"title":"[David Auris] Educaci\u00f3n: motor del Bicentenario peruano","author":"Web del Maestro CMF","date":"8 agosto, 2021","format":false,"excerpt":"La Educaci\u00f3n necesita morar en crisis para perfeccionarla continuamente, de lo contrario, ser\u00eda perfecta lindando con lo absurdo. Por ello, cuando escuchamos al gobernante peruano, declararla en emergencia, sencillamente est\u00e1 reivindicando su importancia en el Bicentenario que, ciertamente hay poco por celebrar, salvo nuestra sobrevivencia al Covid-19 y, la esperanza\u2026","rel":"","context":"En \u00abZ-Colaborador-David-Auris\u00bb","block_context":{"text":"Z-Colaborador-David-Auris","link":"https:\/\/webdelmaestrocmf.com\/portal\/category\/colaborador\/z-colaborador-david-auris\/"},"img":{"alt_text":"","src":"https:\/\/i0.wp.com\/webdelmaestrocmf.com\/portal\/wp-content\/uploads\/2021\/08\/1-53.jpg?resize=350%2C200&ssl=1","width":350,"height":200,"srcset":"https:\/\/i0.wp.com\/webdelmaestrocmf.com\/portal\/wp-content\/uploads\/2021\/08\/1-53.jpg?resize=350%2C200&ssl=1 1x, https:\/\/i0.wp.com\/webdelmaestrocmf.com\/portal\/wp-content\/uploads\/2021\/08\/1-53.jpg?resize=525%2C300&ssl=1 1.5x, https:\/\/i0.wp.com\/webdelmaestrocmf.com\/portal\/wp-content\/uploads\/2021\/08\/1-53.jpg?resize=700%2C400&ssl=1 2x, https:\/\/i0.wp.com\/webdelmaestrocmf.com\/portal\/wp-content\/uploads\/2021\/08\/1-53.jpg?resize=1050%2C600&ssl=1 3x"},"classes":[]},{"id":53203,"url":"https:\/\/webdelmaestrocmf.com\/portal\/david-auris-educacion-ciudadana-ante-el-covid-19\/","url_meta":{"origin":50383,"position":1},"title":"[David Auris] Educaci\u00f3n ciudadana ante el Covid-19","author":"Web del Maestro CMF","date":"21 octubre, 2020","format":false,"excerpt":"Vivimos tiempos extra\u00f1os que nos lo recuerda J\u00fcrgen Habermas, \u201cnunca hab\u00edamos sabido tanto de nuestra ignorancia\u201d. Estamos asumiendo nuevas actitudes y desaf\u00edos como la cuarentena rompiendo nuestro h\u00e1bito gregario, ante un enemigo invisible que, sino practicamos la educaci\u00f3n ciudadana positiva, este virus har\u00e1 a\u00f1icos a pa\u00edses pobres como Per\u00fa con\u2026","rel":"","context":"En \u00abZ-Colaborador-David-Auris\u00bb","block_context":{"text":"Z-Colaborador-David-Auris","link":"https:\/\/webdelmaestrocmf.com\/portal\/category\/colaborador\/z-colaborador-david-auris\/"},"img":{"alt_text":"","src":"https:\/\/i0.wp.com\/webdelmaestrocmf.com\/portal\/wp-content\/uploads\/2020\/10\/1-92.jpg?resize=350%2C200&ssl=1","width":350,"height":200,"srcset":"https:\/\/i0.wp.com\/webdelmaestrocmf.com\/portal\/wp-content\/uploads\/2020\/10\/1-92.jpg?resize=350%2C200&ssl=1 1x, https:\/\/i0.wp.com\/webdelmaestrocmf.com\/portal\/wp-content\/uploads\/2020\/10\/1-92.jpg?resize=525%2C300&ssl=1 1.5x, https:\/\/i0.wp.com\/webdelmaestrocmf.com\/portal\/wp-content\/uploads\/2020\/10\/1-92.jpg?resize=700%2C400&ssl=1 2x, https:\/\/i0.wp.com\/webdelmaestrocmf.com\/portal\/wp-content\/uploads\/2020\/10\/1-92.jpg?resize=1050%2C600&ssl=1 3x"},"classes":[]},{"id":51981,"url":"https:\/\/webdelmaestrocmf.com\/portal\/david-auris-educacion-gratuita-una-exigencia-pospandemia\/","url_meta":{"origin":50383,"position":2},"title":"[David Auris] Educaci\u00f3n gratuita:  una exigencia pospandemia","author":"Web del Maestro CMF","date":"23 septiembre, 2020","format":false,"excerpt":"Nos han contado que la educaci\u00f3n es un instrumento de equidad. \u00bfSer\u00e1 cierto? Los expertos argumentan, la educaci\u00f3n sobrevive a duras penas en la esfera estatal, debido al liderazgo de gobiernos y funcionarios deshonestos y acartonados. De ser cierta esta tesis, somos c\u00f3mplices al aniquilar los sue\u00f1os de construir, una\u2026","rel":"","context":"En \u00abZ-Colaborador-David-Auris\u00bb","block_context":{"text":"Z-Colaborador-David-Auris","link":"https:\/\/webdelmaestrocmf.com\/portal\/category\/colaborador\/z-colaborador-david-auris\/"},"img":{"alt_text":"","src":"https:\/\/i0.wp.com\/webdelmaestrocmf.com\/portal\/wp-content\/uploads\/2020\/09\/1-copia-86.jpg?resize=350%2C200&ssl=1","width":350,"height":200,"srcset":"https:\/\/i0.wp.com\/webdelmaestrocmf.com\/portal\/wp-content\/uploads\/2020\/09\/1-copia-86.jpg?resize=350%2C200&ssl=1 1x, https:\/\/i0.wp.com\/webdelmaestrocmf.com\/portal\/wp-content\/uploads\/2020\/09\/1-copia-86.jpg?resize=525%2C300&ssl=1 1.5x, https:\/\/i0.wp.com\/webdelmaestrocmf.com\/portal\/wp-content\/uploads\/2020\/09\/1-copia-86.jpg?resize=700%2C400&ssl=1 2x, https:\/\/i0.wp.com\/webdelmaestrocmf.com\/portal\/wp-content\/uploads\/2020\/09\/1-copia-86.jpg?resize=1050%2C600&ssl=1 3x"},"classes":[]},{"id":92206,"url":"https:\/\/webdelmaestrocmf.com\/portal\/david-auris-dia-internacional-de-la-juventud-educacion-y-capital-humano\/","url_meta":{"origin":50383,"position":3},"title":"[David Auris] D\u00eda internacional de la juventud: Educaci\u00f3n y capital humano","author":"Web del Maestro CMF","date":"14 agosto, 2023","format":false,"excerpt":"Desde 1999, cada 12 de agosto, celebramos el D\u00eda Internacional de la Juventud. Es un espacio de reflexi\u00f3n sobre los desaf\u00edos, las frustraciones y los sue\u00f1os que afrontan este batall\u00f3n repleto de adrenalinas y esperanzas. En un mundo impredecible, la educaci\u00f3n de calidad es la mejor herramienta que la sociedad\u2026","rel":"","context":"En \u00abZ-Colaborador-David-Auris\u00bb","block_context":{"text":"Z-Colaborador-David-Auris","link":"https:\/\/webdelmaestrocmf.com\/portal\/category\/colaborador\/z-colaborador-david-auris\/"},"img":{"alt_text":"","src":"https:\/\/i0.wp.com\/webdelmaestrocmf.com\/portal\/wp-content\/uploads\/2023\/08\/A12B3C4D-56.jpg?resize=350%2C200&ssl=1","width":350,"height":200,"srcset":"https:\/\/i0.wp.com\/webdelmaestrocmf.com\/portal\/wp-content\/uploads\/2023\/08\/A12B3C4D-56.jpg?resize=350%2C200&ssl=1 1x, https:\/\/i0.wp.com\/webdelmaestrocmf.com\/portal\/wp-content\/uploads\/2023\/08\/A12B3C4D-56.jpg?resize=525%2C300&ssl=1 1.5x, https:\/\/i0.wp.com\/webdelmaestrocmf.com\/portal\/wp-content\/uploads\/2023\/08\/A12B3C4D-56.jpg?resize=700%2C400&ssl=1 2x"},"classes":[]},{"id":69116,"url":"https:\/\/webdelmaestrocmf.com\/portal\/david-auris-dia-mundial-docente\/","url_meta":{"origin":50383,"position":4},"title":"[David Auris] D\u00eda Mundial Docente","author":"Web del Maestro CMF","date":"11 octubre, 2021","format":false,"excerpt":"Cada cinco de octubre celebramos, el D\u00eda mundial Docente, comprometidos a esbozar un mundo de posibilidades humanas. Parad\u00f3jicamente, la pandemia nos empuja homenajear a la sagrada memoria de millares de docentes, ca\u00eddos bajo las garras del Covid-19. Sin embargo, como militantes de la educaci\u00f3n, contin\u00faan transformando vidas, para un universo\u2026","rel":"","context":"En \u00abZ-Colaborador-David-Auris\u00bb","block_context":{"text":"Z-Colaborador-David-Auris","link":"https:\/\/webdelmaestrocmf.com\/portal\/category\/colaborador\/z-colaborador-david-auris\/"},"img":{"alt_text":"","src":"https:\/\/i0.wp.com\/webdelmaestrocmf.com\/portal\/wp-content\/uploads\/2021\/10\/1-58.jpg?resize=350%2C200&ssl=1","width":350,"height":200,"srcset":"https:\/\/i0.wp.com\/webdelmaestrocmf.com\/portal\/wp-content\/uploads\/2021\/10\/1-58.jpg?resize=350%2C200&ssl=1 1x, https:\/\/i0.wp.com\/webdelmaestrocmf.com\/portal\/wp-content\/uploads\/2021\/10\/1-58.jpg?resize=525%2C300&ssl=1 1.5x, https:\/\/i0.wp.com\/webdelmaestrocmf.com\/portal\/wp-content\/uploads\/2021\/10\/1-58.jpg?resize=700%2C400&ssl=1 2x, https:\/\/i0.wp.com\/webdelmaestrocmf.com\/portal\/wp-content\/uploads\/2021\/10\/1-58.jpg?resize=1050%2C600&ssl=1 3x"},"classes":[]},{"id":58382,"url":"https:\/\/webdelmaestrocmf.com\/portal\/david-auris-pedagogia-del-amor-para-una-vida-mejor\/","url_meta":{"origin":50383,"position":5},"title":"[David Auris] Pedagog\u00eda del amor para una vida mejor","author":"Web del Maestro CMF","date":"26 enero, 2021","format":false,"excerpt":"El amor es el verbo de todo acto pedag\u00f3gico. No existe educaci\u00f3n sin ternura, cognici\u00f3n y creatividad. Toda colectividad educativa est\u00e1 obligada a aceptar cada individualidad, para erigir una sociedad solidaria, sin ganadores ni perdedores. Nuestra sociedad posmoderna, sitiada por el Covid-19 y atrapado en la incertidumbre, violencia, exclusi\u00f3n e\u2026","rel":"","context":"En \u00abZ-Colaborador-David-Auris\u00bb","block_context":{"text":"Z-Colaborador-David-Auris","link":"https:\/\/webdelmaestrocmf.com\/portal\/category\/colaborador\/z-colaborador-david-auris\/"},"img":{"alt_text":"","src":"https:\/\/i0.wp.com\/webdelmaestrocmf.com\/portal\/wp-content\/uploads\/2021\/01\/2-43.jpg?resize=350%2C200&ssl=1","width":350,"height":200,"srcset":"https:\/\/i0.wp.com\/webdelmaestrocmf.com\/portal\/wp-content\/uploads\/2021\/01\/2-43.jpg?resize=350%2C200&ssl=1 1x, https:\/\/i0.wp.com\/webdelmaestrocmf.com\/portal\/wp-content\/uploads\/2021\/01\/2-43.jpg?resize=525%2C300&ssl=1 1.5x, https:\/\/i0.wp.com\/webdelmaestrocmf.com\/portal\/wp-content\/uploads\/2021\/01\/2-43.jpg?resize=700%2C400&ssl=1 2x, https:\/\/i0.wp.com\/webdelmaestrocmf.com\/portal\/wp-content\/uploads\/2021\/01\/2-43.jpg?resize=1050%2C600&ssl=1 3x"},"classes":[]}],"_links":{"self":[{"href":"https:\/\/webdelmaestrocmf.com\/portal\/wp-json\/wp\/v2\/posts\/50383","targetHints":{"allow":["GET"]}}],"collection":[{"href":"https:\/\/webdelmaestrocmf.com\/portal\/wp-json\/wp\/v2\/posts"}],"about":[{"href":"https:\/\/webdelmaestrocmf.com\/portal\/wp-json\/wp\/v2\/types\/post"}],"author":[{"embeddable":true,"href":"https:\/\/webdelmaestrocmf.com\/portal\/wp-json\/wp\/v2\/users\/1"}],"replies":[{"embeddable":true,"href":"https:\/\/webdelmaestrocmf.com\/portal\/wp-json\/wp\/v2\/comments?post=50383"}],"version-history":[{"count":0,"href":"https:\/\/webdelmaestrocmf.com\/portal\/wp-json\/wp\/v2\/posts\/50383\/revisions"}],"wp:featuredmedia":[{"embeddable":true,"href":"https:\/\/webdelmaestrocmf.com\/portal\/wp-json\/wp\/v2\/media\/50438"}],"wp:attachment":[{"href":"https:\/\/webdelmaestrocmf.com\/portal\/wp-json\/wp\/v2\/media?parent=50383"}],"wp:term":[{"taxonomy":"category","embeddable":true,"href":"https:\/\/webdelmaestrocmf.com\/portal\/wp-json\/wp\/v2\/categories?post=50383"},{"taxonomy":"post_tag","embeddable":true,"href":"https:\/\/webdelmaestrocmf.com\/portal\/wp-json\/wp\/v2\/tags?post=50383"}],"curies":[{"name":"wp","href":"https:\/\/api.w.org\/{rel}","templated":true}]}}