{"id":50295,"date":"2020-08-22T10:45:09","date_gmt":"2020-08-22T14:45:09","guid":{"rendered":"https:\/\/webdelmaestrocmf.com\/portal\/?p=50295"},"modified":"2020-08-22T18:47:31","modified_gmt":"2020-08-22T22:47:31","slug":"el-poder-de-la-empatia-profesor-se-conmueve-tras-enterarse-que-sus-alumnos-le-ayudaran-a-usar-herramientas-tecnologicas","status":"publish","type":"post","link":"https:\/\/webdelmaestrocmf.com\/portal\/el-poder-de-la-empatia-profesor-se-conmueve-tras-enterarse-que-sus-alumnos-le-ayudaran-a-usar-herramientas-tecnologicas\/","title":{"rendered":"El poder de la empat\u00eda: profesor se conmueve tras enterarse que sus alumnos le ayudar\u00e1n a usar herramientas tecnol\u00f3gicas"},"content":{"rendered":"<h5 class=\"DefaultSubtitle\" style=\"text-align: justify;\">En una clase virtual v\u00eda Zoom, un profesor estuvo al borde del llanto luego de ser testigo de la gratitud de sus estudiantes. \u00abNo se angustie, no se preocupe. Nosotros le apoyaremos\u00bb, expres\u00f3 una alumna.<\/h5>\n<h5 style=\"text-align: justify;\">Durante la\u00a0cuarentena\u00a0por el\u00a0<b>coronavirus<\/b>, los profesores han tenido que adaptarse a las nuevas formas de ense\u00f1anza. Por ejemplo, el manejo de\u00a0Zoom\u00a0por parte de los educadores ha sido determinante para poder impartir las clases a los alumnos, quienes est\u00e1n \u00e1vidos por aprender.<\/h5>\n<p><!--more--><\/p>\n<p class=\"\" style=\"text-align: justify;\">Pero, \u00bfqu\u00e9 sucede cuando los maestros no dominan muy bien estas plataformas? En estos casos, los educandos est\u00e1n para asistir a su mentor en aras del aprendizaje. En esa l\u00ednea, un docente de\u00a0M\u00e9xico\u00a0fue comprendido por sus estudiantes que no dudaron en enviarle mensajes alentadores.<\/p>\n<p class=\"\" style=\"text-align: justify;\">Las muestras de agradecimiento tampoco se hicieron esperar, pues en m\u00e1s de una oportunidad los\u00a0j\u00f3venes\u00a0decidieron hablar, y no necesariamente para hacer una interrogante.<\/p>\n<p><iframe loading=\"lazy\" src=\"https:\/\/www.youtube.com\/embed\/mheYBNtN79I\" width=\"100%\" height=\"400\" frameborder=\"0\" allowfullscreen=\"allowfullscreen\"><span data-mce-type=\"bookmark\" style=\"display: inline-block; width: 0px; overflow: hidden; line-height: 0;\" class=\"mce_SELRES_start\">\ufeff<\/span><\/iframe><\/p>\n<p class=\"\" style=\"text-align: justify;\">A tan solo minutos de acabar la clase, el profesor mexicano realiz\u00f3 una consulta que dio pie a las expresiones llenas de gratitud. \u201cAlg\u00fan comentario, idea, sugerencia o reclamo. Todo se acepta\u201d, dijo desde su casa.<\/p>\n<p><strong>Tal vez le interese leer: <a href=\"https:\/\/webdelmaestrocmf.com\/portal\/muchos-son-los-hijos-que-desde-su-computadora-han-tenido-que-ensenar-a-sus-padres-como-se-hace-el-teletrabajo\/\" target=\"_blank\" rel=\"noopener noreferrer\">Muchos son los hijos que desde su computadora han tenido que ense\u00f1ar a sus padres c\u00f3mo se hace el teletrabajo<\/a><\/strong><\/p>\n<p class=\"\" style=\"text-align: justify;\">Para su sorpresa, el hombre conoci\u00f3 la empat\u00eda de sus\u00a0<b>alumnos\u00a0<\/b>que lo conmovieron. \u201cDecirle que no se angustie, no se preocupe. Nosotros le apoyaremos, y usted puede subir los\u00a0<b>videos\u00a0<\/b>a la plataforma o nos manda el link. Le ayudamos a ponerlo\u201d, expres\u00f3 una se\u00f1orita.<\/p>\n<p><img loading=\"lazy\" decoding=\"async\" class=\"alignnone size-full wp-image-50296\" src=\"https:\/\/webdelmaestrocmf.com\/portal\/wp-content\/uploads\/2020\/08\/1-106-scaled.jpg\" alt=\"\" width=\"2560\" height=\"1435\" srcset=\"https:\/\/webdelmaestrocmf.com\/portal\/wp-content\/uploads\/2020\/08\/1-106-scaled.jpg 2560w, https:\/\/webdelmaestrocmf.com\/portal\/wp-content\/uploads\/2020\/08\/1-106-300x168.jpg 300w, https:\/\/webdelmaestrocmf.com\/portal\/wp-content\/uploads\/2020\/08\/1-106-1024x574.jpg 1024w, https:\/\/webdelmaestrocmf.com\/portal\/wp-content\/uploads\/2020\/08\/1-106-768x431.jpg 768w, https:\/\/webdelmaestrocmf.com\/portal\/wp-content\/uploads\/2020\/08\/1-106-1536x861.jpg 1536w, https:\/\/webdelmaestrocmf.com\/portal\/wp-content\/uploads\/2020\/08\/1-106-2048x1148.jpg 2048w, https:\/\/webdelmaestrocmf.com\/portal\/wp-content\/uploads\/2020\/08\/1-106-110x62.jpg 110w, https:\/\/webdelmaestrocmf.com\/portal\/wp-content\/uploads\/2020\/08\/1-106-200x112.jpg 200w, https:\/\/webdelmaestrocmf.com\/portal\/wp-content\/uploads\/2020\/08\/1-106-380x213.jpg 380w, https:\/\/webdelmaestrocmf.com\/portal\/wp-content\/uploads\/2020\/08\/1-106-255x143.jpg 255w, https:\/\/webdelmaestrocmf.com\/portal\/wp-content\/uploads\/2020\/08\/1-106-550x308.jpg 550w, https:\/\/webdelmaestrocmf.com\/portal\/wp-content\/uploads\/2020\/08\/1-106-800x449.jpg 800w, https:\/\/webdelmaestrocmf.com\/portal\/wp-content\/uploads\/2020\/08\/1-106-1160x650.jpg 1160w, https:\/\/webdelmaestrocmf.com\/portal\/wp-content\/uploads\/2020\/08\/1-106-3072x1722.jpg 3072w, https:\/\/webdelmaestrocmf.com\/portal\/wp-content\/uploads\/2020\/08\/1-106-220x123.jpg 220w, https:\/\/webdelmaestrocmf.com\/portal\/wp-content\/uploads\/2020\/08\/1-106-400x224.jpg 400w, https:\/\/webdelmaestrocmf.com\/portal\/wp-content\/uploads\/2020\/08\/1-106-760x426.jpg 760w, https:\/\/webdelmaestrocmf.com\/portal\/wp-content\/uploads\/2020\/08\/1-106-510x286.jpg 510w, https:\/\/webdelmaestrocmf.com\/portal\/wp-content\/uploads\/2020\/08\/1-106-600x336.jpg 600w, https:\/\/webdelmaestrocmf.com\/portal\/wp-content\/uploads\/2020\/08\/1-106-1100x617.jpg 1100w, https:\/\/webdelmaestrocmf.com\/portal\/wp-content\/uploads\/2020\/08\/1-106-1600x897.jpg 1600w, https:\/\/webdelmaestrocmf.com\/portal\/wp-content\/uploads\/2020\/08\/1-106-2320x1301.jpg 2320w\" sizes=\"auto, (max-width: 2560px) 100vw, 2560px\" \/><\/p>\n<p class=\"\" style=\"text-align: justify;\">Luego de la pregunta que hizo el profesor, otros\u00a0<b>estudiantes\u00a0<\/b>le agradecieron por su trabajo. \u201cGracias, doctor, por su dedicaci\u00f3n\u201d, \u201cMuy interesante su clase\u201d, \u201cMe gust\u00f3 su clase\u201d fueron las palabras que manifestaron los j\u00f3venes.<\/p>\n<p><iframe loading=\"lazy\" src=\"https:\/\/www.youtube.com\/embed\/feo6wlHKriE\" width=\"100%\" height=\"400\" frameborder=\"0\" allowfullscreen=\"allowfullscreen\"><span data-mce-type=\"bookmark\" style=\"display: inline-block; width: 0px; overflow: hidden; line-height: 0;\" class=\"mce_SELRES_start\">\ufeff<\/span><\/iframe><\/p>\n<p class=\"\" style=\"text-align: justify;\">Estas muestras de agradecimiento casi hacen llorar al educador, pues en el video que difundi\u00f3 la p\u00e1gina Tercera V\u00eda se le puede ver con los ojos cerrados y, adem\u00e1s, el tono de voz cambi\u00f3.<\/p>\n<p class=\"\" style=\"text-align: justify;\">\u201cGracias, estuve al borde del llanto, pero muchas gracias (risas). Muy amables, que est\u00e9n muy bien\u201d, finaliz\u00f3 el\u00a0<b>docente<\/b>. Cabe mencionar que, en tiempos de coronavirus, los profesionales del sector educaci\u00f3n han utilizado plataformas digitales para desarrollar su trabajo. Sin embargo, no todos han estado adaptados a la tecnolog\u00eda. Ante este panorama, es importante practicar la\u00a0<b>empat\u00eda<\/b>.<\/p>\n<p><strong>Este contenido ha sido publicado originalmente por La Republica (Per\u00fa) en la siguiente direcci\u00f3n: <a href=\"http:\/\/larepublica.pe\" target=\"_blank\" rel=\"noopener noreferrer\">larepublica.pe<\/a><\/strong><\/p>\n","protected":false},"excerpt":{"rendered":"En una clase virtual v\u00eda Zoom, un profesor estuvo al borde del llanto luego de ser testigo de&hellip;","protected":false},"author":1,"featured_media":50297,"comment_status":"open","ping_status":"closed","sticky":false,"template":"","format":"standard","meta":{"csco_display_header_overlay":false,"csco_singular_sidebar":"default","csco_page_header_type":"default","csco_page_load_nextpost":"default","csco_post_video_location":[],"csco_post_video_location_hash":"","csco_post_video_url":"","csco_post_video_bg_start_time":0,"csco_post_video_bg_end_time":0,"csco_post_video_bg_volume":false,"_jetpack_memberships_contains_paid_content":false,"footnotes":""},"categories":[3900,735],"tags":[299,2724,5488,607,5489,751,1486,342,837],"class_list":{"0":"post-50295","1":"post","2":"type-post","3":"status-publish","4":"format-standard","5":"has-post-thumbnail","7":"category-emociones","8":"category-pedagogia","9":"tag-alumnos","10":"tag-ayudaran","11":"tag-conmueve","12":"tag-empatia","13":"tag-enterarse","14":"tag-herramientas","15":"tag-poder","16":"tag-profesor","17":"tag-tecnologicas","18":"cs-entry","19":"cs-video-wrap"},"yoast_head":"<!-- This site is optimized with the Yoast SEO plugin v27.5 - https:\/\/yoast.com\/product\/yoast-seo-wordpress\/ -->\n<title>El poder de la empat\u00eda: profesor se conmueve tras enterarse que sus alumnos le ayudar\u00e1n a usar herramientas tecnol\u00f3gicas - 2026<\/title>\n<meta name=\"description\" content=\"En una clase virtual v\u00eda Zoom, un profesor estuvo al borde del llanto luego de ser testigo de la gratitud de sus estudiantes. &quot;No se....\" \/>\n<meta name=\"robots\" content=\"index, follow, max-snippet:-1, max-image-preview:large, max-video-preview:-1\" \/>\n<link rel=\"canonical\" href=\"https:\/\/webdelmaestrocmf.com\/portal\/el-poder-de-la-empatia-profesor-se-conmueve-tras-enterarse-que-sus-alumnos-le-ayudaran-a-usar-herramientas-tecnologicas\/\" \/>\n<meta property=\"og:locale\" content=\"es_ES\" \/>\n<meta property=\"og:type\" content=\"article\" \/>\n<meta property=\"og:title\" content=\"El poder de la empat\u00eda: profesor se conmueve tras enterarse que sus alumnos le ayudar\u00e1n a usar herramientas tecnol\u00f3gicas - 2026\" \/>\n<meta property=\"og:description\" content=\"En una clase virtual v\u00eda Zoom, un profesor estuvo al borde del llanto luego de ser testigo de la gratitud de sus estudiantes. &quot;No se....\" \/>\n<meta property=\"og:url\" content=\"https:\/\/webdelmaestrocmf.com\/portal\/el-poder-de-la-empatia-profesor-se-conmueve-tras-enterarse-que-sus-alumnos-le-ayudaran-a-usar-herramientas-tecnologicas\/\" \/>\n<meta property=\"og:site_name\" content=\"Web del Maestro CMF\" \/>\n<meta property=\"article:publisher\" content=\"https:\/\/www.facebook.com\/WebdelMaestroCMF\/\" \/>\n<meta property=\"article:author\" content=\"https:\/\/www.facebook.com\/WebdelMaestroCMF\/\" \/>\n<meta property=\"article:published_time\" content=\"2020-08-22T14:45:09+00:00\" \/>\n<meta property=\"article:modified_time\" content=\"2020-08-22T22:47:31+00:00\" \/>\n<meta property=\"og:image\" content=\"https:\/\/i0.wp.com\/webdelmaestrocmf.com\/portal\/wp-content\/uploads\/2020\/08\/1-107.jpg?fit=1100%2C680&ssl=1\" \/>\n\t<meta property=\"og:image:width\" content=\"1100\" \/>\n\t<meta property=\"og:image:height\" content=\"680\" \/>\n\t<meta property=\"og:image:type\" content=\"image\/jpeg\" \/>\n<meta name=\"author\" content=\"Web del Maestro CMF\" \/>\n<meta name=\"twitter:card\" content=\"summary_large_image\" \/>\n<meta name=\"twitter:creator\" content=\"@cmf_w\" \/>\n<meta name=\"twitter:site\" content=\"@cmf_w\" \/>\n<script type=\"application\/ld+json\" class=\"yoast-schema-graph\">{\"@context\":\"https:\\\/\\\/schema.org\",\"@graph\":[{\"@type\":\"ScholarlyArticle\",\"@id\":\"https:\\\/\\\/webdelmaestrocmf.com\\\/portal\\\/el-poder-de-la-empatia-profesor-se-conmueve-tras-enterarse-que-sus-alumnos-le-ayudaran-a-usar-herramientas-tecnologicas\\\/#article\",\"isPartOf\":{\"@id\":\"https:\\\/\\\/webdelmaestrocmf.com\\\/portal\\\/el-poder-de-la-empatia-profesor-se-conmueve-tras-enterarse-que-sus-alumnos-le-ayudaran-a-usar-herramientas-tecnologicas\\\/\"},\"author\":{\"name\":\"Web del Maestro CMF\",\"@id\":\"https:\\\/\\\/webdelmaestrocmf.com\\\/portal\\\/#\\\/schema\\\/person\\\/1072a2ed7bd960df8ef99a551fa35dc5\"},\"headline\":\"El poder de la empat\u00eda: profesor se conmueve tras enterarse que sus alumnos le ayudar\u00e1n a usar herramientas tecnol\u00f3gicas\",\"datePublished\":\"2020-08-22T14:45:09+00:00\",\"dateModified\":\"2020-08-22T22:47:31+00:00\",\"mainEntityOfPage\":{\"@id\":\"https:\\\/\\\/webdelmaestrocmf.com\\\/portal\\\/el-poder-de-la-empatia-profesor-se-conmueve-tras-enterarse-que-sus-alumnos-le-ayudaran-a-usar-herramientas-tecnologicas\\\/\"},\"wordCount\":445,\"commentCount\":0,\"publisher\":{\"@id\":\"https:\\\/\\\/webdelmaestrocmf.com\\\/portal\\\/#organization\"},\"image\":{\"@id\":\"https:\\\/\\\/webdelmaestrocmf.com\\\/portal\\\/el-poder-de-la-empatia-profesor-se-conmueve-tras-enterarse-que-sus-alumnos-le-ayudaran-a-usar-herramientas-tecnologicas\\\/#primaryimage\"},\"thumbnailUrl\":\"https:\\\/\\\/webdelmaestrocmf.com\\\/portal\\\/wp-content\\\/uploads\\\/2020\\\/08\\\/1-107.jpg\",\"keywords\":[\"alumnos\",\"AYUDAR\u00c1N\",\"conmueve\",\"EMPAT\u00cdA\",\"enterarse\",\"herramientas\",\"PODER\",\"profesor\",\"TECNOL\u00d3GICAS\"],\"articleSection\":[\"Emociones\",\"Recursos\"],\"inLanguage\":\"es\",\"potentialAction\":[{\"@type\":\"CommentAction\",\"name\":\"Comment\",\"target\":[\"https:\\\/\\\/webdelmaestrocmf.com\\\/portal\\\/el-poder-de-la-empatia-profesor-se-conmueve-tras-enterarse-que-sus-alumnos-le-ayudaran-a-usar-herramientas-tecnologicas\\\/#respond\"]}]},{\"@type\":\"WebPage\",\"@id\":\"https:\\\/\\\/webdelmaestrocmf.com\\\/portal\\\/el-poder-de-la-empatia-profesor-se-conmueve-tras-enterarse-que-sus-alumnos-le-ayudaran-a-usar-herramientas-tecnologicas\\\/\",\"url\":\"https:\\\/\\\/webdelmaestrocmf.com\\\/portal\\\/el-poder-de-la-empatia-profesor-se-conmueve-tras-enterarse-que-sus-alumnos-le-ayudaran-a-usar-herramientas-tecnologicas\\\/\",\"name\":\"El poder de la empat\u00eda: profesor se conmueve tras enterarse que sus alumnos le ayudar\u00e1n a usar herramientas tecnol\u00f3gicas - 2026\",\"isPartOf\":{\"@id\":\"https:\\\/\\\/webdelmaestrocmf.com\\\/portal\\\/#website\"},\"primaryImageOfPage\":{\"@id\":\"https:\\\/\\\/webdelmaestrocmf.com\\\/portal\\\/el-poder-de-la-empatia-profesor-se-conmueve-tras-enterarse-que-sus-alumnos-le-ayudaran-a-usar-herramientas-tecnologicas\\\/#primaryimage\"},\"image\":{\"@id\":\"https:\\\/\\\/webdelmaestrocmf.com\\\/portal\\\/el-poder-de-la-empatia-profesor-se-conmueve-tras-enterarse-que-sus-alumnos-le-ayudaran-a-usar-herramientas-tecnologicas\\\/#primaryimage\"},\"thumbnailUrl\":\"https:\\\/\\\/webdelmaestrocmf.com\\\/portal\\\/wp-content\\\/uploads\\\/2020\\\/08\\\/1-107.jpg\",\"datePublished\":\"2020-08-22T14:45:09+00:00\",\"dateModified\":\"2020-08-22T22:47:31+00:00\",\"description\":\"En una clase virtual v\u00eda Zoom, un profesor estuvo al borde del llanto luego de ser testigo de la gratitud de sus estudiantes. \\\"No se....\",\"breadcrumb\":{\"@id\":\"https:\\\/\\\/webdelmaestrocmf.com\\\/portal\\\/el-poder-de-la-empatia-profesor-se-conmueve-tras-enterarse-que-sus-alumnos-le-ayudaran-a-usar-herramientas-tecnologicas\\\/#breadcrumb\"},\"inLanguage\":\"es\",\"potentialAction\":[{\"@type\":\"ReadAction\",\"target\":[\"https:\\\/\\\/webdelmaestrocmf.com\\\/portal\\\/el-poder-de-la-empatia-profesor-se-conmueve-tras-enterarse-que-sus-alumnos-le-ayudaran-a-usar-herramientas-tecnologicas\\\/\"]}]},{\"@type\":\"ImageObject\",\"inLanguage\":\"es\",\"@id\":\"https:\\\/\\\/webdelmaestrocmf.com\\\/portal\\\/el-poder-de-la-empatia-profesor-se-conmueve-tras-enterarse-que-sus-alumnos-le-ayudaran-a-usar-herramientas-tecnologicas\\\/#primaryimage\",\"url\":\"https:\\\/\\\/webdelmaestrocmf.com\\\/portal\\\/wp-content\\\/uploads\\\/2020\\\/08\\\/1-107.jpg\",\"contentUrl\":\"https:\\\/\\\/webdelmaestrocmf.com\\\/portal\\\/wp-content\\\/uploads\\\/2020\\\/08\\\/1-107.jpg\",\"width\":1100,\"height\":680},{\"@type\":\"BreadcrumbList\",\"@id\":\"https:\\\/\\\/webdelmaestrocmf.com\\\/portal\\\/el-poder-de-la-empatia-profesor-se-conmueve-tras-enterarse-que-sus-alumnos-le-ayudaran-a-usar-herramientas-tecnologicas\\\/#breadcrumb\",\"itemListElement\":[{\"@type\":\"ListItem\",\"position\":1,\"name\":\"Portada\",\"item\":\"https:\\\/\\\/webdelmaestrocmf.com\\\/portal\\\/\"},{\"@type\":\"ListItem\",\"position\":2,\"name\":\"Recursos\",\"item\":\"https:\\\/\\\/webdelmaestrocmf.com\\\/portal\\\/category\\\/pedagogia\\\/\"},{\"@type\":\"ListItem\",\"position\":3,\"name\":\"El poder de la empat\u00eda: profesor se conmueve tras enterarse que sus alumnos le ayudar\u00e1n a usar herramientas tecnol\u00f3gicas\"}]},{\"@type\":\"WebSite\",\"@id\":\"https:\\\/\\\/webdelmaestrocmf.com\\\/portal\\\/#website\",\"url\":\"https:\\\/\\\/webdelmaestrocmf.com\\\/portal\\\/\",\"name\":\"Web del Maestro CMF\",\"description\":\"Maestros al servicio de la educaci\u00f3n\",\"publisher\":{\"@id\":\"https:\\\/\\\/webdelmaestrocmf.com\\\/portal\\\/#organization\"},\"alternateName\":\"WMCMF\",\"potentialAction\":[{\"@type\":\"SearchAction\",\"target\":{\"@type\":\"EntryPoint\",\"urlTemplate\":\"https:\\\/\\\/webdelmaestrocmf.com\\\/portal\\\/?s={search_term_string}\"},\"query-input\":{\"@type\":\"PropertyValueSpecification\",\"valueRequired\":true,\"valueName\":\"search_term_string\"}}],\"inLanguage\":\"es\"},{\"@type\":\"Organization\",\"@id\":\"https:\\\/\\\/webdelmaestrocmf.com\\\/portal\\\/#organization\",\"name\":\"Web del Maestro CMF\",\"alternateName\":\"WMCMF\",\"url\":\"https:\\\/\\\/webdelmaestrocmf.com\\\/portal\\\/\",\"logo\":{\"@type\":\"ImageObject\",\"inLanguage\":\"es\",\"@id\":\"https:\\\/\\\/webdelmaestrocmf.com\\\/portal\\\/#\\\/schema\\\/logo\\\/image\\\/\",\"url\":\"https:\\\/\\\/webdelmaestrocmf.com\\\/portal\\\/wp-content\\\/uploads\\\/2023\\\/01\\\/logo-wmcmf-2.png\",\"contentUrl\":\"https:\\\/\\\/webdelmaestrocmf.com\\\/portal\\\/wp-content\\\/uploads\\\/2023\\\/01\\\/logo-wmcmf-2.png\",\"width\":200,\"height\":60,\"caption\":\"Web del Maestro CMF\"},\"image\":{\"@id\":\"https:\\\/\\\/webdelmaestrocmf.com\\\/portal\\\/#\\\/schema\\\/logo\\\/image\\\/\"},\"sameAs\":[\"https:\\\/\\\/www.facebook.com\\\/WebdelMaestroCMF\\\/\",\"https:\\\/\\\/x.com\\\/cmf_w\",\"https:\\\/\\\/www.pinterest.com\\\/WMCMF\\\/\",\"https:\\\/\\\/www.linkedin.com\\\/company\\\/web-del-maestro-cmf\\\/\",\"https:\\\/\\\/www.instagram.com\\\/wmcmf\\\/\",\"https:\\\/\\\/www.youtube.com\\\/channel\\\/UCDPSvjbdodE5sHnC3OxutHw\",\"https:\\\/\\\/mastodon.social\\\/@wmcmf\",\"https:\\\/\\\/www.tiktok.com\\\/@webdelmaestrocmf\"]},{\"@type\":\"Person\",\"@id\":\"https:\\\/\\\/webdelmaestrocmf.com\\\/portal\\\/#\\\/schema\\\/person\\\/1072a2ed7bd960df8ef99a551fa35dc5\",\"name\":\"Web del Maestro CMF\",\"image\":{\"@type\":\"ImageObject\",\"inLanguage\":\"es\",\"@id\":\"https:\\\/\\\/secure.gravatar.com\\\/avatar\\\/23291dd5b5ae1077dcff3dbb04c3e02bd28403fa75af6d8787d5e97c5bbbe30b?s=96&d=mm&r=g\",\"url\":\"https:\\\/\\\/secure.gravatar.com\\\/avatar\\\/23291dd5b5ae1077dcff3dbb04c3e02bd28403fa75af6d8787d5e97c5bbbe30b?s=96&d=mm&r=g\",\"contentUrl\":\"https:\\\/\\\/secure.gravatar.com\\\/avatar\\\/23291dd5b5ae1077dcff3dbb04c3e02bd28403fa75af6d8787d5e97c5bbbe30b?s=96&d=mm&r=g\",\"caption\":\"Web del Maestro CMF\"},\"description\":\"Esta Web se cre\u00f3 sin fines de lucro, con fines educativos, cient\u00edficos y acad\u00e9micos, para personas que tengan dificultades y\\\/o inconvenientes en visualizar el material original. El objetivo es entregar recursos, compartir experiencias y materiales que ayuden a los padres de familia, maestros y estudiantes en su actualizaci\u00f3n y formaci\u00f3n permanente, en bien de la Educaci\u00f3n.\",\"sameAs\":[\"http:\\\/\\\/webdelmaestrocmf.com\\\/portal\",\"https:\\\/\\\/www.facebook.com\\\/WebdelMaestroCMF\\\/\",\"https:\\\/\\\/www.instagram.com\\\/wmcmf\\\/\",\"https:\\\/\\\/cl.linkedin.com\\\/company\\\/web-del-maestro-cmf\",\"https:\\\/\\\/www.pinterest.com\\\/WMCMF\\\/publicaciones\\\/\",\"https:\\\/\\\/x.com\\\/cmf_w\",\"https:\\\/\\\/www.youtube.com\\\/@WMCMF\"]}]}<\/script>\n<!-- \/ Yoast SEO plugin. -->","yoast_head_json":{"title":"El poder de la empat\u00eda: profesor se conmueve tras enterarse que sus alumnos le ayudar\u00e1n a usar herramientas tecnol\u00f3gicas - 2026","description":"En una clase virtual v\u00eda Zoom, un profesor estuvo al borde del llanto luego de ser testigo de la gratitud de sus estudiantes. \"No se....","robots":{"index":"index","follow":"follow","max-snippet":"max-snippet:-1","max-image-preview":"max-image-preview:large","max-video-preview":"max-video-preview:-1"},"canonical":"https:\/\/webdelmaestrocmf.com\/portal\/el-poder-de-la-empatia-profesor-se-conmueve-tras-enterarse-que-sus-alumnos-le-ayudaran-a-usar-herramientas-tecnologicas\/","og_locale":"es_ES","og_type":"article","og_title":"El poder de la empat\u00eda: profesor se conmueve tras enterarse que sus alumnos le ayudar\u00e1n a usar herramientas tecnol\u00f3gicas - 2026","og_description":"En una clase virtual v\u00eda Zoom, un profesor estuvo al borde del llanto luego de ser testigo de la gratitud de sus estudiantes. \"No se....","og_url":"https:\/\/webdelmaestrocmf.com\/portal\/el-poder-de-la-empatia-profesor-se-conmueve-tras-enterarse-que-sus-alumnos-le-ayudaran-a-usar-herramientas-tecnologicas\/","og_site_name":"Web del Maestro CMF","article_publisher":"https:\/\/www.facebook.com\/WebdelMaestroCMF\/","article_author":"https:\/\/www.facebook.com\/WebdelMaestroCMF\/","article_published_time":"2020-08-22T14:45:09+00:00","article_modified_time":"2020-08-22T22:47:31+00:00","og_image":[{"width":1100,"height":680,"url":"https:\/\/i0.wp.com\/webdelmaestrocmf.com\/portal\/wp-content\/uploads\/2020\/08\/1-107.jpg?fit=1100%2C680&ssl=1","type":"image\/jpeg"}],"author":"Web del Maestro CMF","twitter_card":"summary_large_image","twitter_creator":"@cmf_w","twitter_site":"@cmf_w","schema":{"@context":"https:\/\/schema.org","@graph":[{"@type":"ScholarlyArticle","@id":"https:\/\/webdelmaestrocmf.com\/portal\/el-poder-de-la-empatia-profesor-se-conmueve-tras-enterarse-que-sus-alumnos-le-ayudaran-a-usar-herramientas-tecnologicas\/#article","isPartOf":{"@id":"https:\/\/webdelmaestrocmf.com\/portal\/el-poder-de-la-empatia-profesor-se-conmueve-tras-enterarse-que-sus-alumnos-le-ayudaran-a-usar-herramientas-tecnologicas\/"},"author":{"name":"Web del Maestro CMF","@id":"https:\/\/webdelmaestrocmf.com\/portal\/#\/schema\/person\/1072a2ed7bd960df8ef99a551fa35dc5"},"headline":"El poder de la empat\u00eda: profesor se conmueve tras enterarse que sus alumnos le ayudar\u00e1n a usar herramientas tecnol\u00f3gicas","datePublished":"2020-08-22T14:45:09+00:00","dateModified":"2020-08-22T22:47:31+00:00","mainEntityOfPage":{"@id":"https:\/\/webdelmaestrocmf.com\/portal\/el-poder-de-la-empatia-profesor-se-conmueve-tras-enterarse-que-sus-alumnos-le-ayudaran-a-usar-herramientas-tecnologicas\/"},"wordCount":445,"commentCount":0,"publisher":{"@id":"https:\/\/webdelmaestrocmf.com\/portal\/#organization"},"image":{"@id":"https:\/\/webdelmaestrocmf.com\/portal\/el-poder-de-la-empatia-profesor-se-conmueve-tras-enterarse-que-sus-alumnos-le-ayudaran-a-usar-herramientas-tecnologicas\/#primaryimage"},"thumbnailUrl":"https:\/\/webdelmaestrocmf.com\/portal\/wp-content\/uploads\/2020\/08\/1-107.jpg","keywords":["alumnos","AYUDAR\u00c1N","conmueve","EMPAT\u00cdA","enterarse","herramientas","PODER","profesor","TECNOL\u00d3GICAS"],"articleSection":["Emociones","Recursos"],"inLanguage":"es","potentialAction":[{"@type":"CommentAction","name":"Comment","target":["https:\/\/webdelmaestrocmf.com\/portal\/el-poder-de-la-empatia-profesor-se-conmueve-tras-enterarse-que-sus-alumnos-le-ayudaran-a-usar-herramientas-tecnologicas\/#respond"]}]},{"@type":"WebPage","@id":"https:\/\/webdelmaestrocmf.com\/portal\/el-poder-de-la-empatia-profesor-se-conmueve-tras-enterarse-que-sus-alumnos-le-ayudaran-a-usar-herramientas-tecnologicas\/","url":"https:\/\/webdelmaestrocmf.com\/portal\/el-poder-de-la-empatia-profesor-se-conmueve-tras-enterarse-que-sus-alumnos-le-ayudaran-a-usar-herramientas-tecnologicas\/","name":"El poder de la empat\u00eda: profesor se conmueve tras enterarse que sus alumnos le ayudar\u00e1n a usar herramientas tecnol\u00f3gicas - 2026","isPartOf":{"@id":"https:\/\/webdelmaestrocmf.com\/portal\/#website"},"primaryImageOfPage":{"@id":"https:\/\/webdelmaestrocmf.com\/portal\/el-poder-de-la-empatia-profesor-se-conmueve-tras-enterarse-que-sus-alumnos-le-ayudaran-a-usar-herramientas-tecnologicas\/#primaryimage"},"image":{"@id":"https:\/\/webdelmaestrocmf.com\/portal\/el-poder-de-la-empatia-profesor-se-conmueve-tras-enterarse-que-sus-alumnos-le-ayudaran-a-usar-herramientas-tecnologicas\/#primaryimage"},"thumbnailUrl":"https:\/\/webdelmaestrocmf.com\/portal\/wp-content\/uploads\/2020\/08\/1-107.jpg","datePublished":"2020-08-22T14:45:09+00:00","dateModified":"2020-08-22T22:47:31+00:00","description":"En una clase virtual v\u00eda Zoom, un profesor estuvo al borde del llanto luego de ser testigo de la gratitud de sus estudiantes. \"No se....","breadcrumb":{"@id":"https:\/\/webdelmaestrocmf.com\/portal\/el-poder-de-la-empatia-profesor-se-conmueve-tras-enterarse-que-sus-alumnos-le-ayudaran-a-usar-herramientas-tecnologicas\/#breadcrumb"},"inLanguage":"es","potentialAction":[{"@type":"ReadAction","target":["https:\/\/webdelmaestrocmf.com\/portal\/el-poder-de-la-empatia-profesor-se-conmueve-tras-enterarse-que-sus-alumnos-le-ayudaran-a-usar-herramientas-tecnologicas\/"]}]},{"@type":"ImageObject","inLanguage":"es","@id":"https:\/\/webdelmaestrocmf.com\/portal\/el-poder-de-la-empatia-profesor-se-conmueve-tras-enterarse-que-sus-alumnos-le-ayudaran-a-usar-herramientas-tecnologicas\/#primaryimage","url":"https:\/\/webdelmaestrocmf.com\/portal\/wp-content\/uploads\/2020\/08\/1-107.jpg","contentUrl":"https:\/\/webdelmaestrocmf.com\/portal\/wp-content\/uploads\/2020\/08\/1-107.jpg","width":1100,"height":680},{"@type":"BreadcrumbList","@id":"https:\/\/webdelmaestrocmf.com\/portal\/el-poder-de-la-empatia-profesor-se-conmueve-tras-enterarse-que-sus-alumnos-le-ayudaran-a-usar-herramientas-tecnologicas\/#breadcrumb","itemListElement":[{"@type":"ListItem","position":1,"name":"Portada","item":"https:\/\/webdelmaestrocmf.com\/portal\/"},{"@type":"ListItem","position":2,"name":"Recursos","item":"https:\/\/webdelmaestrocmf.com\/portal\/category\/pedagogia\/"},{"@type":"ListItem","position":3,"name":"El poder de la empat\u00eda: profesor se conmueve tras enterarse que sus alumnos le ayudar\u00e1n a usar herramientas tecnol\u00f3gicas"}]},{"@type":"WebSite","@id":"https:\/\/webdelmaestrocmf.com\/portal\/#website","url":"https:\/\/webdelmaestrocmf.com\/portal\/","name":"Web del Maestro CMF","description":"Maestros al servicio de la educaci\u00f3n","publisher":{"@id":"https:\/\/webdelmaestrocmf.com\/portal\/#organization"},"alternateName":"WMCMF","potentialAction":[{"@type":"SearchAction","target":{"@type":"EntryPoint","urlTemplate":"https:\/\/webdelmaestrocmf.com\/portal\/?s={search_term_string}"},"query-input":{"@type":"PropertyValueSpecification","valueRequired":true,"valueName":"search_term_string"}}],"inLanguage":"es"},{"@type":"Organization","@id":"https:\/\/webdelmaestrocmf.com\/portal\/#organization","name":"Web del Maestro CMF","alternateName":"WMCMF","url":"https:\/\/webdelmaestrocmf.com\/portal\/","logo":{"@type":"ImageObject","inLanguage":"es","@id":"https:\/\/webdelmaestrocmf.com\/portal\/#\/schema\/logo\/image\/","url":"https:\/\/webdelmaestrocmf.com\/portal\/wp-content\/uploads\/2023\/01\/logo-wmcmf-2.png","contentUrl":"https:\/\/webdelmaestrocmf.com\/portal\/wp-content\/uploads\/2023\/01\/logo-wmcmf-2.png","width":200,"height":60,"caption":"Web del Maestro CMF"},"image":{"@id":"https:\/\/webdelmaestrocmf.com\/portal\/#\/schema\/logo\/image\/"},"sameAs":["https:\/\/www.facebook.com\/WebdelMaestroCMF\/","https:\/\/x.com\/cmf_w","https:\/\/www.pinterest.com\/WMCMF\/","https:\/\/www.linkedin.com\/company\/web-del-maestro-cmf\/","https:\/\/www.instagram.com\/wmcmf\/","https:\/\/www.youtube.com\/channel\/UCDPSvjbdodE5sHnC3OxutHw","https:\/\/mastodon.social\/@wmcmf","https:\/\/www.tiktok.com\/@webdelmaestrocmf"]},{"@type":"Person","@id":"https:\/\/webdelmaestrocmf.com\/portal\/#\/schema\/person\/1072a2ed7bd960df8ef99a551fa35dc5","name":"Web del Maestro CMF","image":{"@type":"ImageObject","inLanguage":"es","@id":"https:\/\/secure.gravatar.com\/avatar\/23291dd5b5ae1077dcff3dbb04c3e02bd28403fa75af6d8787d5e97c5bbbe30b?s=96&d=mm&r=g","url":"https:\/\/secure.gravatar.com\/avatar\/23291dd5b5ae1077dcff3dbb04c3e02bd28403fa75af6d8787d5e97c5bbbe30b?s=96&d=mm&r=g","contentUrl":"https:\/\/secure.gravatar.com\/avatar\/23291dd5b5ae1077dcff3dbb04c3e02bd28403fa75af6d8787d5e97c5bbbe30b?s=96&d=mm&r=g","caption":"Web del Maestro CMF"},"description":"Esta Web se cre\u00f3 sin fines de lucro, con fines educativos, cient\u00edficos y acad\u00e9micos, para personas que tengan dificultades y\/o inconvenientes en visualizar el material original. El objetivo es entregar recursos, compartir experiencias y materiales que ayuden a los padres de familia, maestros y estudiantes en su actualizaci\u00f3n y formaci\u00f3n permanente, en bien de la Educaci\u00f3n.","sameAs":["http:\/\/webdelmaestrocmf.com\/portal","https:\/\/www.facebook.com\/WebdelMaestroCMF\/","https:\/\/www.instagram.com\/wmcmf\/","https:\/\/cl.linkedin.com\/company\/web-del-maestro-cmf","https:\/\/www.pinterest.com\/WMCMF\/publicaciones\/","https:\/\/x.com\/cmf_w","https:\/\/www.youtube.com\/@WMCMF"]}]}},"jetpack_featured_media_url":"https:\/\/webdelmaestrocmf.com\/portal\/wp-content\/uploads\/2020\/08\/1-107.jpg","jetpack_sharing_enabled":true,"jetpack-related-posts":[{"id":47528,"url":"https:\/\/webdelmaestrocmf.com\/portal\/practicas-recomendadas-para-proteger-su-aula-virtual-en-zoom\/","url_meta":{"origin":50295,"position":0},"title":"Pr\u00e1cticas recomendadas para proteger su aula virtual en Zoom","author":"Web del Maestro CMF","date":"31 mayo, 2020","format":false,"excerpt":"Zoom ha contribuido a que miles de escuelas y profesores de todo el mundo migren r\u00e1pidamente a m\u00e9todos de ense\u00f1anza remota virtual, siendo nuestro deseo que todos dispongan de un entorno productivo id\u00e9ntico al del sus aulas tradicionales. Zoom integra de forma predeterminada diversas funciones de seguridad dise\u00f1adas para controlar\u2026","rel":"","context":"En \u00abSoftware\u00bb","block_context":{"text":"Software","link":"https:\/\/webdelmaestrocmf.com\/portal\/category\/tecnologia\/software\/"},"img":{"alt_text":"","src":"https:\/\/i0.wp.com\/webdelmaestrocmf.com\/portal\/wp-content\/uploads\/2020\/05\/2-21.jpg?resize=350%2C200&ssl=1","width":350,"height":200,"srcset":"https:\/\/i0.wp.com\/webdelmaestrocmf.com\/portal\/wp-content\/uploads\/2020\/05\/2-21.jpg?resize=350%2C200&ssl=1 1x, https:\/\/i0.wp.com\/webdelmaestrocmf.com\/portal\/wp-content\/uploads\/2020\/05\/2-21.jpg?resize=525%2C300&ssl=1 1.5x, https:\/\/i0.wp.com\/webdelmaestrocmf.com\/portal\/wp-content\/uploads\/2020\/05\/2-21.jpg?resize=700%2C400&ssl=1 2x, https:\/\/i0.wp.com\/webdelmaestrocmf.com\/portal\/wp-content\/uploads\/2020\/05\/2-21.jpg?resize=1050%2C600&ssl=1 3x"},"classes":[]},{"id":54481,"url":"https:\/\/webdelmaestrocmf.com\/portal\/peru-profesor-universitario-anuncio-su-renuncia-a-sus-alumnos-via-zoom-y-plantea-4-retos-de-la-educacion-a-distancia\/","url_meta":{"origin":50295,"position":1},"title":"[Per\u00fa] Profesor universitario anunci\u00f3 su renuncia a sus alumnos v\u00eda Zoom, y plantea 4 retos de la educaci\u00f3n a distancia","author":"Web del Maestro CMF","date":"12 noviembre, 2020","format":false,"excerpt":"El profesor universitario de nacionalidad, Juan Francisco Balde\u00f3n, tiene una experiencia docente de 17 a\u00f1os dictado clases de Derecho Minero, y desde hace tres a\u00f1os que impart\u00eda clases en plataformas digitales similares a Zoom. \u00c9l se sincer\u00f3 y dijo que el mes pasado lleg\u00f3 a un nivel de frustraci\u00f3n del\u2026","rel":"","context":"En \u00abNoticias\u00bb","block_context":{"text":"Noticias","link":"https:\/\/webdelmaestrocmf.com\/portal\/category\/pedagogia\/noticias-pedagogia\/"},"img":{"alt_text":"","src":"https:\/\/i0.wp.com\/webdelmaestrocmf.com\/portal\/wp-content\/uploads\/2020\/11\/1-copia-40.jpg?resize=350%2C200&ssl=1","width":350,"height":200,"srcset":"https:\/\/i0.wp.com\/webdelmaestrocmf.com\/portal\/wp-content\/uploads\/2020\/11\/1-copia-40.jpg?resize=350%2C200&ssl=1 1x, https:\/\/i0.wp.com\/webdelmaestrocmf.com\/portal\/wp-content\/uploads\/2020\/11\/1-copia-40.jpg?resize=525%2C300&ssl=1 1.5x, https:\/\/i0.wp.com\/webdelmaestrocmf.com\/portal\/wp-content\/uploads\/2020\/11\/1-copia-40.jpg?resize=700%2C400&ssl=1 2x, https:\/\/i0.wp.com\/webdelmaestrocmf.com\/portal\/wp-content\/uploads\/2020\/11\/1-copia-40.jpg?resize=1050%2C600&ssl=1 3x"},"classes":[]},{"id":57146,"url":"https:\/\/webdelmaestrocmf.com\/portal\/classroom-zoom-whatsapp-y-drive-son-el-kit-basico-y-gratuito-para-una-educacion-virtual-del-2021\/","url_meta":{"origin":50295,"position":2},"title":"Classroom, Zoom, WhatsApp y Drive son el kit b\u00e1sico y gratuito para una educaci\u00f3n virtual","author":"Web del Maestro CMF","date":"7 enero, 2021","format":false,"excerpt":"Sin duda, el coronavirus tom\u00f3 por sorpresa a muchos gobiernos en todo el mundo en el a\u00f1o 2020, quienes tuvieron que pensar en estrategias de salud, econ\u00f3micas y de educaci\u00f3n,\u00a0entre otras, para atender las necesidades del estado de cuarentena en el que el mundo se vio obligado a someterse y\u2026","rel":"","context":"En \u00abSoftware\u00bb","block_context":{"text":"Software","link":"https:\/\/webdelmaestrocmf.com\/portal\/category\/tecnologia\/software\/"},"img":{"alt_text":"","src":"https:\/\/i0.wp.com\/webdelmaestrocmf.com\/portal\/wp-content\/uploads\/2021\/01\/1-47.jpg?resize=350%2C200&ssl=1","width":350,"height":200,"srcset":"https:\/\/i0.wp.com\/webdelmaestrocmf.com\/portal\/wp-content\/uploads\/2021\/01\/1-47.jpg?resize=350%2C200&ssl=1 1x, https:\/\/i0.wp.com\/webdelmaestrocmf.com\/portal\/wp-content\/uploads\/2021\/01\/1-47.jpg?resize=525%2C300&ssl=1 1.5x, https:\/\/i0.wp.com\/webdelmaestrocmf.com\/portal\/wp-content\/uploads\/2021\/01\/1-47.jpg?resize=700%2C400&ssl=1 2x, https:\/\/i0.wp.com\/webdelmaestrocmf.com\/portal\/wp-content\/uploads\/2021\/01\/1-47.jpg?resize=1050%2C600&ssl=1 3x"},"classes":[]},{"id":113189,"url":"https:\/\/webdelmaestrocmf.com\/portal\/fallece-maestra-de-historia-mientras-impartia-clases-en-una-secundaria-una-tragedia-que-conmueve-al-magisterio\/","url_meta":{"origin":50295,"position":3},"title":"Fallece maestra de historia mientras impart\u00eda clases en una secundaria: una tragedia que conmueve al magisterio","author":"Web del Maestro CMF","date":"5 noviembre, 2025","format":false,"excerpt":"La maestra Yadira Hern\u00e1ndez falleci\u00f3 dando clases en secundaria. Su entrega y vocaci\u00f3n dejaron una huella imborrable en su comunidad educativa.","rel":"","context":"En \u00abNoticias Internacionales\u00bb","block_context":{"text":"Noticias Internacionales","link":"https:\/\/webdelmaestrocmf.com\/portal\/category\/noticias-internacionales\/"},"img":{"alt_text":"","src":"https:\/\/i0.wp.com\/webdelmaestrocmf.com\/portal\/wp-content\/uploads\/2025\/11\/Portada-articulos-1-1.jpg?resize=350%2C200&ssl=1","width":350,"height":200,"srcset":"https:\/\/i0.wp.com\/webdelmaestrocmf.com\/portal\/wp-content\/uploads\/2025\/11\/Portada-articulos-1-1.jpg?resize=350%2C200&ssl=1 1x, https:\/\/i0.wp.com\/webdelmaestrocmf.com\/portal\/wp-content\/uploads\/2025\/11\/Portada-articulos-1-1.jpg?resize=525%2C300&ssl=1 1.5x, https:\/\/i0.wp.com\/webdelmaestrocmf.com\/portal\/wp-content\/uploads\/2025\/11\/Portada-articulos-1-1.jpg?resize=700%2C400&ssl=1 2x"},"classes":[]},{"id":62954,"url":"https:\/\/webdelmaestrocmf.com\/portal\/como-crear-una-pizarra-individual-para-cada-uno-de-sus-alumnos-en-zoom-meet-o-teams-y-monitorear-el-trabajo-en-tiempo-real\/","url_meta":{"origin":50295,"position":4},"title":"C\u00f3mo crear una pizarra individual para cada uno de sus alumnos en Zoom, Meet o Teams y monitorear el trabajo en tiempo real","author":"Web del Maestro CMF","date":"13 mayo, 2021","format":false,"excerpt":"Whiteboard.fi es una herramienta sencilla que se puede utilizar al instante. Puede crear una clase y permitir que sus alumnos se unan mediante un enlace, un c\u00f3digo de sala o un c\u00f3digo QR. \u00a1Todos recibir\u00e1n una\u00a0pizarra digital individual\u00a0, donde podr\u00e1n dibujar, escribir texto, hacer anotaciones en im\u00e1genes, agregar ecuaciones matem\u00e1ticas\u2026","rel":"","context":"En \u00abSoftware\u00bb","block_context":{"text":"Software","link":"https:\/\/webdelmaestrocmf.com\/portal\/category\/tecnologia\/software\/"},"img":{"alt_text":"","src":"https:\/\/i0.wp.com\/webdelmaestrocmf.com\/portal\/wp-content\/uploads\/2021\/05\/11-4.jpg?resize=350%2C200&ssl=1","width":350,"height":200,"srcset":"https:\/\/i0.wp.com\/webdelmaestrocmf.com\/portal\/wp-content\/uploads\/2021\/05\/11-4.jpg?resize=350%2C200&ssl=1 1x, https:\/\/i0.wp.com\/webdelmaestrocmf.com\/portal\/wp-content\/uploads\/2021\/05\/11-4.jpg?resize=525%2C300&ssl=1 1.5x, https:\/\/i0.wp.com\/webdelmaestrocmf.com\/portal\/wp-content\/uploads\/2021\/05\/11-4.jpg?resize=700%2C400&ssl=1 2x, https:\/\/i0.wp.com\/webdelmaestrocmf.com\/portal\/wp-content\/uploads\/2021\/05\/11-4.jpg?resize=1050%2C600&ssl=1 3x"},"classes":[]},{"id":18989,"url":"https:\/\/webdelmaestrocmf.com\/portal\/profesor-peruano-se-disfraza-personajes-ensenar-historia-alumnos\/","url_meta":{"origin":50295,"position":5},"title":"PROFESOR SE DISFRAZA DE PERSONAJES PARA ENSE\u00d1AR HISTORIA A SUS ALUMNOS","author":"Web del Maestro CMF","date":"2 junio, 2017","format":false,"excerpt":"Fidel Berrospi, de 56 a\u00f1os, es quiz\u00e1s el profesor m\u00e1s querido en el Per\u00fa. Su historia, alentadora y pintoresca, conmueve al mundo. Se levanta temprano todas las ma\u00f1anas para asistir al colegio y cada d\u00eda se disfraza de un personaje distinto para ense\u00f1ar Historia a sus alumnos. Es as\u00ed que\u2026","rel":"","context":"En \u00abSin categor\u00eda\u00bb","block_context":{"text":"Sin categor\u00eda","link":"https:\/\/webdelmaestrocmf.com\/portal\/category\/sin-categoria-es\/"},"img":{"alt_text":"","src":"https:\/\/i0.wp.com\/webdelmaestrocmf.com\/portal\/wp-content\/uploads\/2017\/06\/Profesor-de-Historia.jpg?resize=350%2C200&ssl=1","width":350,"height":200,"srcset":"https:\/\/i0.wp.com\/webdelmaestrocmf.com\/portal\/wp-content\/uploads\/2017\/06\/Profesor-de-Historia.jpg?resize=350%2C200&ssl=1 1x, https:\/\/i0.wp.com\/webdelmaestrocmf.com\/portal\/wp-content\/uploads\/2017\/06\/Profesor-de-Historia.jpg?resize=525%2C300&ssl=1 1.5x, https:\/\/i0.wp.com\/webdelmaestrocmf.com\/portal\/wp-content\/uploads\/2017\/06\/Profesor-de-Historia.jpg?resize=700%2C400&ssl=1 2x"},"classes":[]}],"_links":{"self":[{"href":"https:\/\/webdelmaestrocmf.com\/portal\/wp-json\/wp\/v2\/posts\/50295","targetHints":{"allow":["GET"]}}],"collection":[{"href":"https:\/\/webdelmaestrocmf.com\/portal\/wp-json\/wp\/v2\/posts"}],"about":[{"href":"https:\/\/webdelmaestrocmf.com\/portal\/wp-json\/wp\/v2\/types\/post"}],"author":[{"embeddable":true,"href":"https:\/\/webdelmaestrocmf.com\/portal\/wp-json\/wp\/v2\/users\/1"}],"replies":[{"embeddable":true,"href":"https:\/\/webdelmaestrocmf.com\/portal\/wp-json\/wp\/v2\/comments?post=50295"}],"version-history":[{"count":0,"href":"https:\/\/webdelmaestrocmf.com\/portal\/wp-json\/wp\/v2\/posts\/50295\/revisions"}],"wp:featuredmedia":[{"embeddable":true,"href":"https:\/\/webdelmaestrocmf.com\/portal\/wp-json\/wp\/v2\/media\/50297"}],"wp:attachment":[{"href":"https:\/\/webdelmaestrocmf.com\/portal\/wp-json\/wp\/v2\/media?parent=50295"}],"wp:term":[{"taxonomy":"category","embeddable":true,"href":"https:\/\/webdelmaestrocmf.com\/portal\/wp-json\/wp\/v2\/categories?post=50295"},{"taxonomy":"post_tag","embeddable":true,"href":"https:\/\/webdelmaestrocmf.com\/portal\/wp-json\/wp\/v2\/tags?post=50295"}],"curies":[{"name":"wp","href":"https:\/\/api.w.org\/{rel}","templated":true}]}}