{"id":50167,"date":"2020-08-18T19:38:04","date_gmt":"2020-08-18T23:38:04","guid":{"rendered":"https:\/\/webdelmaestrocmf.com\/portal\/?p=50167"},"modified":"2026-03-05T12:24:42","modified_gmt":"2026-03-05T15:24:42","slug":"papa-francisco-si-no-cuidamos-el-uno-del-otro-no-podemos-sanar-el-mundo-una-lectura-para-la-educacion","status":"publish","type":"post","link":"https:\/\/webdelmaestrocmf.com\/portal\/papa-francisco-si-no-cuidamos-el-uno-del-otro-no-podemos-sanar-el-mundo-una-lectura-para-la-educacion\/","title":{"rendered":"Papa Francisco: Si no cuidamos el uno del otro, no podemos sanar el mundo (Una lectura para la Educaci\u00f3n)"},"content":{"rendered":"<p style=\"text-align: justify;\">El mundo entero est\u00e1 (estamos) atravesando<strong> un tiempo de prueba y elecci\u00f3n sobre la educaci\u00f3n que deseamos, y que entre todos debemos construir<\/strong>, porque esta emergencia sanitaria, que nadie sabe cu\u00e1nto tiempo durar, tambi\u00e9n ha golpeado la educaci\u00f3n ordinaria y habitual en la que nos hemos formado las \u00faltimas generaciones, <strong>obligando a adoptar la educaci\u00f3n a distancia<\/strong>, que est\u00e1 demando mucho sacrificio e imaginaci\u00f3n principalmente de parte de los tres principales agentes de la educaci\u00f3n: estudiantes, padres de familia y profesores. Porque <em>\u201ceducar no es solamente transmitir conceptos, esta ser\u00eda una herencia de la ilustraci\u00f3n que hay que superar, o sea <strong>no s\u00f3lo transmitir conceptos, sino que es una labor que exige que todos los responsables<\/strong> de la misma -familia, escuela e instituciones sociales, culturales, religiosas- se impliquen en ella de forma solidaria\u201d.<\/em><\/p>\n<p><!--more--><\/p>\n<p style=\"text-align: justify;\">Nos hemos tomado la libertad de tomar algunos pensamientos de la reflexi\u00f3n: \u201c<em>Curar el mundo: Fe y dignidad humana\u201d<\/em>, realizada por el Papa Francisco el 12\/08\/2020, consider\u00e1ndolos <strong>con la mirada y el coraz\u00f3n de educadores<\/strong>, planteando una lectura relacionada con nuestro quehacer formativo integral de ni\u00f1os, j\u00f3venes y padres de familia. Cada uno de Ustedes, con su creatividad, tan propia del ejercicio docente, enriquecer\u00e1n, adaptar\u00e1n a su realidad, modificar\u00e1n o descartar\u00e1n las propuestas interpretativas (atrevidas se podr\u00eda decir) de la Web del Maestro CMF.<\/p>\n<p style=\"text-align: justify;\">Art\u00edculo relacionado: <a href=\"https:\/\/webdelmaestrocmf.com\/portal\/papa-francisco-la-vida-despues-de-la-pandemia-pdf\/\" target=\"_blank\" rel=\"noopener noreferrer\"><strong>PAPA FRANCISCO: LA VIDA DESPU\u00c9S DE LA PANDEMIA (PDF)<\/strong><\/a><\/p>\n<p style=\"text-align: justify;\">Esperamos que esta publicaci\u00f3n sea para Ustedes, educadores, un detener las labores ordinarias, un alto en su recargada tarea dicente y familiar, para enriquecer su esp\u00edritu, para nutrir su alma, un momento para cargar energ\u00edas positivas, para tener la valor de seguir remando \u201ccontracorriente\u201d en <strong>un mundo en que los ego\u00edsmos y los intereses econ\u00f3micos parecen m\u00e1s importantes que la vida de los m\u00e1s pobres, que \u201cmendigan\u201d atenci\u00f3n m\u00e9dica, una cama hospitalaria u ox\u00edgeno para sobrevivir al Covid 19<\/strong>. Ante este desaf\u00edo la educaci\u00f3n y los educadores sigue adelante con esfuerzo y tes\u00f3n. Los profesores somos \u2018artesanos\u2019 de las futuras generaciones\u201d, que con <strong>paciencia, sabidur\u00eda y dedicaci\u00f3n<\/strong> vamos \u201c<em>transmitiendo un modo de ser que se transforma en riqueza, no material, sino inmaterial, se va creando al hombre y mujer del ma\u00f1ana\u201d.<\/em> Los educadores estamos llamados a ser esos referentes de generosidad, humanidad, resiliencia y mucha esperanza y sabidur\u00eda, que necesitan hoy los ni\u00f1os y j\u00f3venes.<\/p>\n<p style=\"text-align: justify;\">Deseamos que estas frases les <strong>sirva como una herramienta did\u00e1ctica y pedag\u00f3gica,<\/strong> para compartir con provecho la experiencia de saber que todos estamos <em>\u201cen la misma barca, todos fr\u00e1giles y desorientados; pero, al mismo tiempo, importantes y necesarios, todos llamados a remar juntos, todos necesitados de confortarnos mutuamente\u201d. <\/em><\/p>\n<p style=\"text-align: justify;\"><strong>Eduquemos desde la conciencia de saber que todos y cada uno de nosotros, con nuestros seres queridos, tenemos que cuidarnos mutuamente. Desde la educaci\u00f3n a distancia sabemos que estamos unidos virtualmente, pero mucho m\u00e1s cercanos afectivamente. <\/strong><\/p>\n<ul style=\"text-align: justify;\">\n<li>\u201c<em>La pandemia ha puesto de relieve <strong>lo vulnerables e interconectados que estamos todos<\/strong>. Si no cuidamos el uno del otro, empezando por los \u00faltimos, por los que est\u00e1n m\u00e1s afectados, incluso de la creaci\u00f3n, no podemos sanar el mundo\u201d.<\/em><\/li>\n<\/ul>\n<p style=\"text-align: justify;\"><strong>Los tres agentes principales del proceso aprendizaje: estudiantes, padres de familia y profesores estamos demostrando que, en esta emergencia de la educaci\u00f3n a distancia, en tantos casos sin recursos ni preparaci\u00f3n, vamos logrando hacer un nuevo itinerario educativo que nos permite avanzar con los contenidos curriculares. Cada uno est\u00e1 aportando lo que puede, y lo debemos valorar mucho.<\/strong><\/p>\n<ul style=\"text-align: justify;\">\n<li>\u201c<em>Es loable <strong>el compromiso de tantas personas<\/strong> que en estos meses est\u00e1n demostrando <strong>el amor humano y cristiano hacia el pr\u00f3jimo<\/strong>, dedic\u00e1ndose a los enfermos poniendo tambi\u00e9n en riesgo su propia salud. \u00a1Son h\u00e9roes!\u201d<\/em><\/li>\n<\/ul>\n<h5 style=\"text-align: justify;\"><strong>RESUMEN DE LA CATEQUESIS 12\/08\/2020 <\/strong>(02\u00b435\u201d)<\/h5>\n<p><iframe loading=\"lazy\" src=\"https:\/\/www.youtube.com\/embed\/CD4JXCcPVfQ\" width=\"100%\" height=\"400\" frameborder=\"0\" allowfullscreen=\"allowfullscreen\"><span data-mce-type=\"bookmark\" style=\"display: inline-block; width: 0px; overflow: hidden; line-height: 0;\" class=\"mce_SELRES_start\">\ufeff<\/span><\/iframe><\/p>\n<p style=\"text-align: justify;\"><strong>Esta emergencia educativa, nos ha llevado a valorar de manera muy especial la importancia que tiene en la educaci\u00f3n la cercan\u00eda y el mirarnos con los otros, para desarrollar unas relaciones humanas sanas y fuertes, que conlleven a la com\u00fan uni\u00f3n, al trabajo armonioso. Tenemos que descubrir y erradicar todas aquellas palabras, actitudes, modos o signos que faltan al respeto y la dignidad de los dem\u00e1s.<\/strong><\/p>\n<p><img loading=\"lazy\" decoding=\"async\" class=\"alignnone size-full wp-image-50169\" src=\"https:\/\/webdelmaestrocmf.com\/portal\/wp-content\/uploads\/2020\/08\/2-3.jpg\" alt=\"\" width=\"1100\" height=\"680\" srcset=\"https:\/\/webdelmaestrocmf.com\/portal\/wp-content\/uploads\/2020\/08\/2-3.jpg 1100w, https:\/\/webdelmaestrocmf.com\/portal\/wp-content\/uploads\/2020\/08\/2-3-300x185.jpg 300w, https:\/\/webdelmaestrocmf.com\/portal\/wp-content\/uploads\/2020\/08\/2-3-1024x633.jpg 1024w, https:\/\/webdelmaestrocmf.com\/portal\/wp-content\/uploads\/2020\/08\/2-3-768x475.jpg 768w, https:\/\/webdelmaestrocmf.com\/portal\/wp-content\/uploads\/2020\/08\/2-3-110x68.jpg 110w, https:\/\/webdelmaestrocmf.com\/portal\/wp-content\/uploads\/2020\/08\/2-3-200x124.jpg 200w, https:\/\/webdelmaestrocmf.com\/portal\/wp-content\/uploads\/2020\/08\/2-3-380x235.jpg 380w, https:\/\/webdelmaestrocmf.com\/portal\/wp-content\/uploads\/2020\/08\/2-3-255x158.jpg 255w, https:\/\/webdelmaestrocmf.com\/portal\/wp-content\/uploads\/2020\/08\/2-3-550x340.jpg 550w, https:\/\/webdelmaestrocmf.com\/portal\/wp-content\/uploads\/2020\/08\/2-3-800x495.jpg 800w, https:\/\/webdelmaestrocmf.com\/portal\/wp-content\/uploads\/2020\/08\/2-3-220x136.jpg 220w, https:\/\/webdelmaestrocmf.com\/portal\/wp-content\/uploads\/2020\/08\/2-3-400x247.jpg 400w, https:\/\/webdelmaestrocmf.com\/portal\/wp-content\/uploads\/2020\/08\/2-3-760x470.jpg 760w, https:\/\/webdelmaestrocmf.com\/portal\/wp-content\/uploads\/2020\/08\/2-3-510x315.jpg 510w, https:\/\/webdelmaestrocmf.com\/portal\/wp-content\/uploads\/2020\/08\/2-3-600x371.jpg 600w\" sizes=\"auto, (max-width: 1100px) 100vw, 1100px\" \/><\/p>\n<ul style=\"text-align: justify;\">\n<li><em>\u201c&#8230; el coronavirus <strong>no es la \u00fanica enfermedad que hay que c<\/strong>ombatir, sino que la pandemia <strong>ha sacado a la luz patolog\u00edas sociales<\/strong> m\u00e1s amplias. Una de estas es la <strong>visi\u00f3n distorsionada de la persona<\/strong>, una mirada que ignora su <strong>dignidad y su car\u00e1cter relacional<\/strong>. A veces miramos a los otros como objetos, para <strong>usar y descartar<\/strong>. En realidad, este tipo de mirada ciega y fomenta una <strong>cultura del descarte individualista y agresiva,<\/strong> que transforma el ser humano en un bien de consumo<\/em>\u201d.<\/li>\n<\/ul>\n<p style=\"text-align: justify;\"><strong>La vocaci\u00f3n educativa motiva a romper el individualismo, y convertir la educaci\u00f3n en un punto de encuentro, de colaboraci\u00f3n y ayuda, de compartir generosamente el descubrimiento de nuevos caminos de ense\u00f1anza y aprendizaje, sin imponer ni dominar a los otros.<\/strong><\/p>\n<ul style=\"text-align: justify;\">\n<li><em>\u201cDe esa mirada individualista, [&#8230;] <strong>Jes\u00fas propone otro tipo de visi\u00f3n<\/strong>: la del servicio y del dar la vida por los otros, [&#8230;] Tratar de trepar en la vida, de ser superiores a los otros, destruye la armon\u00eda. Es la l\u00f3gica del dominio, de dominar a los otros. <strong>La armon\u00eda es otra cosa: es el servicio<\/strong>\u201d.<\/em><\/li>\n<\/ul>\n<p style=\"text-align: justify;\"><strong>Nuestros estudiantes y padres de familia, a los que les cuesta m\u00e1s entender, aceptar y seguir los cambios de la educaci\u00f3n presencial a la virtual, necesitan m\u00e1s la paciencia y empat\u00eda de los profesores que llevamos en el alma la vocaci\u00f3n de acompa\u00f1ar a nuestros estudiantes a descubrir sus propias cualidades, capacidades, habilidades y perspectivas.<\/strong><\/p>\n<ul style=\"text-align: justify;\">\n<li><em>\u201cPidamos, por tanto, al Se\u00f1or que nos d\u00e9 <strong>ojos atentos<\/strong> a los hermanos y a las hermanas, especialmente a aquellos que sufren. Como disc\u00edpulos de Jes\u00fas <strong>no queremos ser indiferentes ni individualistas<\/strong>, estas son las dos actitudes malas contra la armon\u00eda. <strong>Indiferente<\/strong>: yo miro a otro lado. <strong>Individualistas<\/strong>: mirar solamente el propio inter\u00e9s. La armon\u00eda creada por Dios nos pide mirar a los otros, las necesidades de los otros, los problemas de los otros, estar en comuni\u00f3n. <strong>Queremos reconocer la dignidad humana en cada persona<\/strong>, cualquiera que sea su raza, lengua o condici\u00f3n. La armon\u00eda te lleva a reconocer la dignidad humana, esa armon\u00eda creada por Dios, con el hombre en el centro\u201d.<\/em><\/li>\n<\/ul>\n<p style=\"text-align: justify;\"><strong>La educaci\u00f3n se da inicialmente en medio de una familia, y se consolida en una comunidad educativa, constituida por un grupo unido que estimula la confianza y la suma de los aportes personales. La educaci\u00f3n humanista tiene la caracter\u00edstica del compartir los dones personales, del partir lo que se tiene, con el otro; pero que puede ser falsificada o desnaturalizada por el ego\u00edsmo, la indiferencia, la ambici\u00f3n de ganar a cualquier precio, la competencia desleal, la autosuficiencia, la soberbia, &#8230;, que deja en el camino a los que tienen habilidades diferentes o carecen de recursos materiales.<\/strong><\/p>\n<ul style=\"text-align: justify;\">\n<li><em>\u201cEn la cultura moderna, la referencia m\u00e1s cercana al principio de la dignidad inalienable de la persona es la Declaraci\u00f3n Universal de los Derechos del Hombre, [&#8230;] <strong>Los derechos no son solo individuales, sino tambi\u00e9n sociales<\/strong>; son de los pueblos, de las naciones [3]. [&#8230;] Nosotros somos seres sociales, necesitamos vivir en esta armon\u00eda social, <strong>pero cuando hay ego\u00edsmo<\/strong>, nuestra mirada no va a los otros, a la comunidad, sino que <strong>vuelve sobre nosotros mismos y esto nos hace feos, malos, ego\u00edstas,<\/strong> destruyendo la armon\u00eda\u201d.<\/em><\/li>\n<\/ul>\n<ul style=\"text-align: justify;\">\n<li><em>\u201cEsta renovada <strong>conciencia de la dignidad de todo ser humano<\/strong> tiene serias implicaciones sociales, econ\u00f3micas y pol\u00edticas.\u201d<\/em><\/li>\n<\/ul>\n<ul style=\"text-align: justify;\">\n<li><em>\u201cMirar al hermano y a toda la creaci\u00f3n como don recibido por el amor del Padre <strong>suscita un comportamiento de atenci\u00f3n, de cuidado y de estupor<\/strong>. As\u00ed el creyente, contemplando al pr\u00f3jimo como un hermano y no como un extra\u00f1o, lo mira con compasi\u00f3n y empat\u00eda, no con desprecio o enemistad\u201d.<\/em><\/li>\n<\/ul>\n<ul style=\"text-align: justify;\">\n<li><em>\u201cY contemplando el mundo a la luz de la fe, se esfuerza por desarrollar, con la ayuda de la gracia, <strong>su creatividad y su entusiasmo<\/strong> para resolver los dramas de la historia. Concibe y desarrolla sus capacidades como responsabilidades que brotan de su fe, como dones de Dios para poner al servicio de la humanidad y de la creaci\u00f3n\u201d.<\/em><\/li>\n<li><em>\u201cMientras todos nosotros trabajamos por la cura de un virus que golpea a todos indistintamente, la fe nos exhorta a <strong>comprometernos seria y activamente para contrarrestar la indiferencia <\/strong>delante de las violaciones de la dignidad humana.\u201d <\/em><\/li>\n<li><em>\u201cEsta <strong>cultura de la indiferencia<\/strong> que acompa\u00f1a la<strong> cultura del descarte<\/strong>: las cosas que no me tocan no me interesan. La fe siempre exige que <strong>nos dejemos sanar y convertir de nuestro individualismo<\/strong>, tanto personal como colectivo&#8230;\u201d<\/em><\/li>\n<\/ul>\n<p style=\"text-align: justify;\">La pl\u00e1tica completa, que recomendamos leer, la encuentra en este enlace: <a href=\"http:\/\/w2.vatican.va\/content\/francesco\/es\/events\/event.dir.html\/content\/vaticanevents\/es\/2020\/8\/12\/udienzagenerale.html\" target=\"_blank\" rel=\"noopener noreferrer\"><strong>\u201cCURAR EL MUNDO\u201d: 2. FE Y DIGNIDAD HUMANA<\/strong><\/a><\/p>\n<p style=\"text-align: justify;\">Los educadores sabemos que <strong>este tiempo de crisis sanitaria, de incertidumbre, de tantos temores y miedos<\/strong>, puede ayudarnos el considerar y reflexionar en estos temas, para <em>\u00ab\u201cdevolvernos la vista\u201d <strong>para redescubrir qu\u00e9 significa ser miembros de la familia humana<\/strong>. Y esta mirada pueda traducirse en acciones concretas de compasi\u00f3n y respeto para cada persona y de cuidado y custodia para nuestra casa com\u00fan\u00bb.<\/em><\/p>\n<p style=\"text-align: justify;\"><em>\u201cLa tempestad pone al descubierto todos los intentos <strong>de encajonar y olvidar lo que nutri\u00f3 el alma de nuestros pueblos<\/strong>; todas esas tentativas de <strong>anestesiar con aparentes rutinas \u00absalvadoras\u00bb,<\/strong> incapaces de apelar a nuestras ra\u00edces y <strong>evocar la memoria de nuestros ancianos<\/strong>, priv\u00e1ndonos as\u00ed de la inmunidad necesaria para hacerle frente a la adversidad.<\/em><\/p>\n<p style=\"text-align: center;\"><em>Con la tempestad, <strong>se cay\u00f3 el maquillaje de esos estereotipos con los que disfraz\u00e1bamos nuestros egos<\/strong> siempre pretenciosos de querer aparentar; y dej\u00f3 al descubierto, una vez m\u00e1s, esa (bendita) pertenencia com\u00fan de la que no podemos ni queremos evadirnos; esa pertenencia de hermanos<\/em>\u201d. (26\/03\/2020)<\/p>\n<p style=\"text-align: right;\"><strong>REDACCI\u00d3N WEB DEL MAESTRO CMF<\/strong><\/p>\n\t\t<div class=\"pk-inline-posts\">\n\t\t\t\n\t\t\t<div class=\"pk-inline-posts-container pk-inline-posts-template-list\"\n\t\t\t\tdata-columns=\"1\">\n\t\t\t\t\t\t<article id=\"post-117930\" class=\"post-117930 post type-post status-publish format-standard has-post-thumbnail category-pastoral category-noticias-internacionales category-papa-leon-xiv tag-conflictos tag-derechos-humanos tag-educacion-en-valores-2 tag-etica-3 tag-justicia-social tag-liderazgo tag-papa-2 tag-paz tag-reflexion-2 tag-solidaridad cs-entry cs-video-wrap\">\n\t\t\t<div class=\"pk-post-outer\">\n\n\t\t\t\t\t\t\t\t<div class=\"pk-post-inner\">\n\t\t\t\t\t<div class=\"entry-thumbnail\">\n\t\t\t\t\t\t<div class=\"pk-overlay pk-overlay-ratio pk-ratio-landscape\">\n\t\t\t\t\t\t\t<div class=\"pk-overlay-background\">\n\t\t\t\t\t\t\t\t<a href=\"https:\/\/webdelmaestrocmf.com\/portal\/papa-leon-xiv-el-mundo-esta-siendo-destruido-por-unos-pocos-tiranos-en-referencia-a-trump\/\" class=\"pk-overlay-link\">\n\t\t\t\t\t\t\t\t\t<img loading=\"lazy\" decoding=\"async\" width=\"300\" height=\"225\" src=\"https:\/\/webdelmaestrocmf.com\/portal\/wp-content\/uploads\/2026\/04\/1AA-Banner-1-portada-imagen-10-1-copia-30-300x225.webp\" class=\"attachment-pk-thumbnail size-pk-thumbnail wp-post-image\" alt=\"\" \/>\t\t\t\t\t\t\t\t<\/a>\n\t\t\t\t\t\t\t<\/div>\n\t\t\t\t\t\t<\/div>\n\t\t\t\t\t<\/div>\n\t\t\t\t<\/div>\n\t\t\t\t\n\t\t\t\t<div class=\"pk-post-inner\">\n\t\t\t\t\t<header>\n\t\t\t\t\t\t<h3 class=\"pk-title\"><a href=\"https:\/\/webdelmaestrocmf.com\/portal\/papa-leon-xiv-el-mundo-esta-siendo-destruido-por-unos-pocos-tiranos-en-referencia-a-trump\/\" rel=\"bookmark\">Papa Le\u00f3n XIV: \u201cEl mundo est\u00e1 siendo destruido por unos pocos tiranos\u201d, en referencia a Trump<\/a><\/h3>\t\t\t\t\t<\/header><!-- .entry-header -->\n\t\t\t\t<\/div><!-- .post-inner -->\n\n\t\t\t<\/div><!-- .post-outer -->\n\t\t<\/article>\n\t\t\t<article id=\"post-117688\" class=\"post-117688 post type-post status-publish format-standard has-post-thumbnail category-pastoral category-noticias-internacionales category-papa-leon-xiv tag-actualidad-educativa tag-conflictos-internacionales tag-donald-trump tag-educacion-civica tag-liderazgo-etico tag-papa-leon-xiv-2 tag-paz-mundial tag-pensamiento-critico-3 tag-sociedad-global tag-valores-humanos cs-entry cs-video-wrap\">\n\t\t\t<div class=\"pk-post-outer\">\n\n\t\t\t\t\t\t\t\t<div class=\"pk-post-inner\">\n\t\t\t\t\t<div class=\"entry-thumbnail\">\n\t\t\t\t\t\t<div class=\"pk-overlay pk-overlay-ratio pk-ratio-landscape\">\n\t\t\t\t\t\t\t<div class=\"pk-overlay-background\">\n\t\t\t\t\t\t\t\t<a href=\"https:\/\/webdelmaestrocmf.com\/portal\/papa-leon-xiv-responde-al-mandatario-tras-criticas-por-llamar-a-la-paz-no-le-tengo-miedo-a-la-administracion-de-trump\/\" class=\"pk-overlay-link\">\n\t\t\t\t\t\t\t\t\t<img loading=\"lazy\" decoding=\"async\" width=\"300\" height=\"225\" src=\"https:\/\/webdelmaestrocmf.com\/portal\/wp-content\/uploads\/2026\/04\/1AA-Banner-1-portada-imagen-10-1-copia-8-1-300x225.webp\" class=\"attachment-pk-thumbnail size-pk-thumbnail wp-post-image\" alt=\"\" \/>\t\t\t\t\t\t\t\t<\/a>\n\t\t\t\t\t\t\t<\/div>\n\t\t\t\t\t\t<\/div>\n\t\t\t\t\t<\/div>\n\t\t\t\t<\/div>\n\t\t\t\t\n\t\t\t\t<div class=\"pk-post-inner\">\n\t\t\t\t\t<header>\n\t\t\t\t\t\t<h3 class=\"pk-title\"><a href=\"https:\/\/webdelmaestrocmf.com\/portal\/papa-leon-xiv-responde-al-mandatario-tras-criticas-por-llamar-a-la-paz-no-le-tengo-miedo-a-la-administracion-de-trump\/\" rel=\"bookmark\">Papa Le\u00f3n XIV responde al mandatario tras cr\u00edticas por llamar a la paz: No le tengo miedo a la administraci\u00f3n de Trump<\/a><\/h3>\t\t\t\t\t<\/header><!-- .entry-header -->\n\t\t\t\t<\/div><!-- .post-inner -->\n\n\t\t\t<\/div><!-- .post-outer -->\n\t\t<\/article>\n\t\t\t<article id=\"post-117434\" class=\"post-117434 post type-post status-publish format-standard has-post-thumbnail category-entrevistas category-iglesia-catolica category-pastoral category-noticias tag-aprendizaje tag-docencia tag-educacion-humanista tag-educacion-superior-2 tag-formacion-integral-2 tag-liderazgo tag-papa-francisco tag-pedagogia-3 tag-universidad tag-valores cs-entry cs-video-wrap\">\n\t\t\t<div class=\"pk-post-outer\">\n\n\t\t\t\t\t\t\t\t<div class=\"pk-post-inner\">\n\t\t\t\t\t<div class=\"entry-thumbnail\">\n\t\t\t\t\t\t<div class=\"pk-overlay pk-overlay-ratio pk-ratio-landscape\">\n\t\t\t\t\t\t\t<div class=\"pk-overlay-background\">\n\t\t\t\t\t\t\t\t<a href=\"https:\/\/webdelmaestrocmf.com\/portal\/cual-es-la-mision-de-la-universidad-segun-el-papa-francisco-formar-personas-completas-no-solo-profesionales\/\" class=\"pk-overlay-link\">\n\t\t\t\t\t\t\t\t\t<img loading=\"lazy\" decoding=\"async\" width=\"300\" height=\"225\" src=\"https:\/\/webdelmaestrocmf.com\/portal\/wp-content\/uploads\/2026\/04\/1-3-300x225.webp\" class=\"attachment-pk-thumbnail size-pk-thumbnail wp-post-image\" alt=\"\" \/>\t\t\t\t\t\t\t\t<\/a>\n\t\t\t\t\t\t\t<\/div>\n\t\t\t\t\t\t<\/div>\n\t\t\t\t\t<\/div>\n\t\t\t\t<\/div>\n\t\t\t\t\n\t\t\t\t<div class=\"pk-post-inner\">\n\t\t\t\t\t<header>\n\t\t\t\t\t\t<h3 class=\"pk-title\"><a href=\"https:\/\/webdelmaestrocmf.com\/portal\/cual-es-la-mision-de-la-universidad-segun-el-papa-francisco-formar-personas-completas-no-solo-profesionales\/\" rel=\"bookmark\">Cu\u00e1l es la misi\u00f3n de la universidad seg\u00fan el Papa Francisco: formar personas completas, no solo profesionales<\/a><\/h3>\t\t\t\t\t<\/header><!-- .entry-header -->\n\t\t\t\t<\/div><!-- .post-inner -->\n\n\t\t\t<\/div><!-- .post-outer -->\n\t\t<\/article>\n\t\t\t\t<\/div>\n\t\t<\/div>\n\t\t\n","protected":false},"excerpt":{"rendered":"El mundo entero est\u00e1 (estamos) atravesando un tiempo de prueba y elecci\u00f3n sobre la educaci\u00f3n que deseamos, y&hellip;","protected":false},"author":1,"featured_media":50169,"comment_status":"open","ping_status":"closed","sticky":false,"template":"","format":"standard","meta":{"csco_display_header_overlay":false,"csco_singular_sidebar":"default","csco_page_header_type":"default","csco_page_load_nextpost":"default","csco_post_video_location":[],"csco_post_video_location_hash":"","csco_post_video_url":"","csco_post_video_bg_start_time":0,"csco_post_video_bg_end_time":0,"csco_post_video_bg_volume":false,"_jetpack_memberships_contains_paid_content":false,"footnotes":""},"categories":[431,467],"tags":[5465,55,406,201,5466,218,5435,5467,4045],"class_list":{"0":"post-50167","1":"post","2":"type-post","3":"status-publish","4":"format-standard","5":"has-post-thumbnail","7":"category-pastoral","8":"category-papa-francisco","9":"tag-cuidamos","10":"tag-educacion","11":"tag-lectura","12":"tag-mundo","13":"tag-otro","14":"tag-papa-francisco","15":"tag-podemos","16":"tag-sanar","17":"tag-uno","18":"cs-entry","19":"cs-video-wrap"},"yoast_head":"<!-- This site is optimized with the Yoast SEO plugin v27.5 - https:\/\/yoast.com\/product\/yoast-seo-wordpress\/ -->\n<title>Papa Francisco: Si no cuidamos el uno del otro, no podemos sanar el mundo (Una lectura para la Educaci\u00f3n) - 2026<\/title>\n<meta name=\"description\" content=\"El mundo entero est\u00e1 (estamos) atravesando un tiempo de prueba y elecci\u00f3n sobre la educaci\u00f3n que deseamos, y que entre todos debemos...\" \/>\n<meta name=\"robots\" content=\"index, follow, max-snippet:-1, max-image-preview:large, max-video-preview:-1\" \/>\n<link rel=\"canonical\" href=\"https:\/\/webdelmaestrocmf.com\/portal\/papa-francisco-si-no-cuidamos-el-uno-del-otro-no-podemos-sanar-el-mundo-una-lectura-para-la-educacion\/\" \/>\n<meta property=\"og:locale\" content=\"es_ES\" \/>\n<meta property=\"og:type\" content=\"article\" \/>\n<meta property=\"og:title\" content=\"Papa Francisco: Si no cuidamos el uno del otro, no podemos sanar el mundo (Una lectura para la Educaci\u00f3n) - 2026\" \/>\n<meta property=\"og:description\" content=\"El mundo entero est\u00e1 (estamos) atravesando un tiempo de prueba y elecci\u00f3n sobre la educaci\u00f3n que deseamos, y que entre todos debemos...\" \/>\n<meta property=\"og:url\" content=\"https:\/\/webdelmaestrocmf.com\/portal\/papa-francisco-si-no-cuidamos-el-uno-del-otro-no-podemos-sanar-el-mundo-una-lectura-para-la-educacion\/\" \/>\n<meta property=\"og:site_name\" content=\"Web del Maestro CMF\" \/>\n<meta property=\"article:publisher\" content=\"https:\/\/www.facebook.com\/WebdelMaestroCMF\/\" \/>\n<meta property=\"article:author\" content=\"https:\/\/www.facebook.com\/WebdelMaestroCMF\/\" \/>\n<meta property=\"article:published_time\" content=\"2020-08-18T23:38:04+00:00\" \/>\n<meta property=\"article:modified_time\" content=\"2026-03-05T15:24:42+00:00\" \/>\n<meta property=\"og:image\" content=\"https:\/\/webdelmaestrocmf.com\/portal\/wp-content\/uploads\/2020\/08\/2-3.jpg\" \/>\n\t<meta property=\"og:image:width\" content=\"1100\" \/>\n\t<meta property=\"og:image:height\" content=\"680\" \/>\n\t<meta property=\"og:image:type\" content=\"image\/jpeg\" \/>\n<meta name=\"author\" content=\"Web del Maestro CMF\" \/>\n<meta name=\"twitter:card\" content=\"summary_large_image\" \/>\n<meta name=\"twitter:creator\" content=\"@cmf_w\" \/>\n<meta name=\"twitter:site\" content=\"@cmf_w\" \/>\n<script type=\"application\/ld+json\" class=\"yoast-schema-graph\">{\"@context\":\"https:\\\/\\\/schema.org\",\"@graph\":[{\"@type\":\"ScholarlyArticle\",\"@id\":\"https:\\\/\\\/webdelmaestrocmf.com\\\/portal\\\/papa-francisco-si-no-cuidamos-el-uno-del-otro-no-podemos-sanar-el-mundo-una-lectura-para-la-educacion\\\/#article\",\"isPartOf\":{\"@id\":\"https:\\\/\\\/webdelmaestrocmf.com\\\/portal\\\/papa-francisco-si-no-cuidamos-el-uno-del-otro-no-podemos-sanar-el-mundo-una-lectura-para-la-educacion\\\/\"},\"author\":{\"name\":\"Web del Maestro CMF\",\"@id\":\"https:\\\/\\\/webdelmaestrocmf.com\\\/portal\\\/#\\\/schema\\\/person\\\/1072a2ed7bd960df8ef99a551fa35dc5\"},\"headline\":\"Papa Francisco: Si no cuidamos el uno del otro, no podemos sanar el mundo (Una lectura para la Educaci\u00f3n)\",\"datePublished\":\"2020-08-18T23:38:04+00:00\",\"dateModified\":\"2026-03-05T15:24:42+00:00\",\"mainEntityOfPage\":{\"@id\":\"https:\\\/\\\/webdelmaestrocmf.com\\\/portal\\\/papa-francisco-si-no-cuidamos-el-uno-del-otro-no-podemos-sanar-el-mundo-una-lectura-para-la-educacion\\\/\"},\"wordCount\":1716,\"commentCount\":0,\"publisher\":{\"@id\":\"https:\\\/\\\/webdelmaestrocmf.com\\\/portal\\\/#organization\"},\"image\":{\"@id\":\"https:\\\/\\\/webdelmaestrocmf.com\\\/portal\\\/papa-francisco-si-no-cuidamos-el-uno-del-otro-no-podemos-sanar-el-mundo-una-lectura-para-la-educacion\\\/#primaryimage\"},\"thumbnailUrl\":\"https:\\\/\\\/webdelmaestrocmf.com\\\/portal\\\/wp-content\\\/uploads\\\/2020\\\/08\\\/2-3.jpg\",\"keywords\":[\"cuidamos\",\"EDUCACI\u00d3N\",\"lectura\",\"Mundo\",\"otro\",\"Papa Francisco\",\"podemos\",\"sanar\",\"UNO\"],\"articleSection\":[\"Mundo cart\u00f3lico\",\"Papa Francisco\"],\"inLanguage\":\"es\",\"potentialAction\":[{\"@type\":\"CommentAction\",\"name\":\"Comment\",\"target\":[\"https:\\\/\\\/webdelmaestrocmf.com\\\/portal\\\/papa-francisco-si-no-cuidamos-el-uno-del-otro-no-podemos-sanar-el-mundo-una-lectura-para-la-educacion\\\/#respond\"]}]},{\"@type\":\"WebPage\",\"@id\":\"https:\\\/\\\/webdelmaestrocmf.com\\\/portal\\\/papa-francisco-si-no-cuidamos-el-uno-del-otro-no-podemos-sanar-el-mundo-una-lectura-para-la-educacion\\\/\",\"url\":\"https:\\\/\\\/webdelmaestrocmf.com\\\/portal\\\/papa-francisco-si-no-cuidamos-el-uno-del-otro-no-podemos-sanar-el-mundo-una-lectura-para-la-educacion\\\/\",\"name\":\"Papa Francisco: Si no cuidamos el uno del otro, no podemos sanar el mundo (Una lectura para la Educaci\u00f3n) - 2026\",\"isPartOf\":{\"@id\":\"https:\\\/\\\/webdelmaestrocmf.com\\\/portal\\\/#website\"},\"primaryImageOfPage\":{\"@id\":\"https:\\\/\\\/webdelmaestrocmf.com\\\/portal\\\/papa-francisco-si-no-cuidamos-el-uno-del-otro-no-podemos-sanar-el-mundo-una-lectura-para-la-educacion\\\/#primaryimage\"},\"image\":{\"@id\":\"https:\\\/\\\/webdelmaestrocmf.com\\\/portal\\\/papa-francisco-si-no-cuidamos-el-uno-del-otro-no-podemos-sanar-el-mundo-una-lectura-para-la-educacion\\\/#primaryimage\"},\"thumbnailUrl\":\"https:\\\/\\\/webdelmaestrocmf.com\\\/portal\\\/wp-content\\\/uploads\\\/2020\\\/08\\\/2-3.jpg\",\"datePublished\":\"2020-08-18T23:38:04+00:00\",\"dateModified\":\"2026-03-05T15:24:42+00:00\",\"description\":\"El mundo entero est\u00e1 (estamos) atravesando un tiempo de prueba y elecci\u00f3n sobre la educaci\u00f3n que deseamos, y que entre todos debemos...\",\"breadcrumb\":{\"@id\":\"https:\\\/\\\/webdelmaestrocmf.com\\\/portal\\\/papa-francisco-si-no-cuidamos-el-uno-del-otro-no-podemos-sanar-el-mundo-una-lectura-para-la-educacion\\\/#breadcrumb\"},\"inLanguage\":\"es\",\"potentialAction\":[{\"@type\":\"ReadAction\",\"target\":[\"https:\\\/\\\/webdelmaestrocmf.com\\\/portal\\\/papa-francisco-si-no-cuidamos-el-uno-del-otro-no-podemos-sanar-el-mundo-una-lectura-para-la-educacion\\\/\"]}]},{\"@type\":\"ImageObject\",\"inLanguage\":\"es\",\"@id\":\"https:\\\/\\\/webdelmaestrocmf.com\\\/portal\\\/papa-francisco-si-no-cuidamos-el-uno-del-otro-no-podemos-sanar-el-mundo-una-lectura-para-la-educacion\\\/#primaryimage\",\"url\":\"https:\\\/\\\/webdelmaestrocmf.com\\\/portal\\\/wp-content\\\/uploads\\\/2020\\\/08\\\/2-3.jpg\",\"contentUrl\":\"https:\\\/\\\/webdelmaestrocmf.com\\\/portal\\\/wp-content\\\/uploads\\\/2020\\\/08\\\/2-3.jpg\",\"width\":1100,\"height\":680},{\"@type\":\"BreadcrumbList\",\"@id\":\"https:\\\/\\\/webdelmaestrocmf.com\\\/portal\\\/papa-francisco-si-no-cuidamos-el-uno-del-otro-no-podemos-sanar-el-mundo-una-lectura-para-la-educacion\\\/#breadcrumb\",\"itemListElement\":[{\"@type\":\"ListItem\",\"position\":1,\"name\":\"Portada\",\"item\":\"https:\\\/\\\/webdelmaestrocmf.com\\\/portal\\\/\"},{\"@type\":\"ListItem\",\"position\":2,\"name\":\"Mundo cart\u00f3lico\",\"item\":\"https:\\\/\\\/webdelmaestrocmf.com\\\/portal\\\/category\\\/pastoral\\\/\"},{\"@type\":\"ListItem\",\"position\":3,\"name\":\"Papa Francisco: Si no cuidamos el uno del otro, no podemos sanar el mundo (Una lectura para la Educaci\u00f3n)\"}]},{\"@type\":\"WebSite\",\"@id\":\"https:\\\/\\\/webdelmaestrocmf.com\\\/portal\\\/#website\",\"url\":\"https:\\\/\\\/webdelmaestrocmf.com\\\/portal\\\/\",\"name\":\"Web del Maestro CMF\",\"description\":\"Maestros al servicio de la educaci\u00f3n\",\"publisher\":{\"@id\":\"https:\\\/\\\/webdelmaestrocmf.com\\\/portal\\\/#organization\"},\"alternateName\":\"WMCMF\",\"potentialAction\":[{\"@type\":\"SearchAction\",\"target\":{\"@type\":\"EntryPoint\",\"urlTemplate\":\"https:\\\/\\\/webdelmaestrocmf.com\\\/portal\\\/?s={search_term_string}\"},\"query-input\":{\"@type\":\"PropertyValueSpecification\",\"valueRequired\":true,\"valueName\":\"search_term_string\"}}],\"inLanguage\":\"es\"},{\"@type\":\"Organization\",\"@id\":\"https:\\\/\\\/webdelmaestrocmf.com\\\/portal\\\/#organization\",\"name\":\"Web del Maestro CMF\",\"alternateName\":\"WMCMF\",\"url\":\"https:\\\/\\\/webdelmaestrocmf.com\\\/portal\\\/\",\"logo\":{\"@type\":\"ImageObject\",\"inLanguage\":\"es\",\"@id\":\"https:\\\/\\\/webdelmaestrocmf.com\\\/portal\\\/#\\\/schema\\\/logo\\\/image\\\/\",\"url\":\"https:\\\/\\\/webdelmaestrocmf.com\\\/portal\\\/wp-content\\\/uploads\\\/2023\\\/01\\\/logo-wmcmf-2.png\",\"contentUrl\":\"https:\\\/\\\/webdelmaestrocmf.com\\\/portal\\\/wp-content\\\/uploads\\\/2023\\\/01\\\/logo-wmcmf-2.png\",\"width\":200,\"height\":60,\"caption\":\"Web del Maestro CMF\"},\"image\":{\"@id\":\"https:\\\/\\\/webdelmaestrocmf.com\\\/portal\\\/#\\\/schema\\\/logo\\\/image\\\/\"},\"sameAs\":[\"https:\\\/\\\/www.facebook.com\\\/WebdelMaestroCMF\\\/\",\"https:\\\/\\\/x.com\\\/cmf_w\",\"https:\\\/\\\/www.pinterest.com\\\/WMCMF\\\/\",\"https:\\\/\\\/www.linkedin.com\\\/company\\\/web-del-maestro-cmf\\\/\",\"https:\\\/\\\/www.instagram.com\\\/wmcmf\\\/\",\"https:\\\/\\\/www.youtube.com\\\/channel\\\/UCDPSvjbdodE5sHnC3OxutHw\",\"https:\\\/\\\/mastodon.social\\\/@wmcmf\",\"https:\\\/\\\/www.tiktok.com\\\/@webdelmaestrocmf\"]},{\"@type\":\"Person\",\"@id\":\"https:\\\/\\\/webdelmaestrocmf.com\\\/portal\\\/#\\\/schema\\\/person\\\/1072a2ed7bd960df8ef99a551fa35dc5\",\"name\":\"Web del Maestro CMF\",\"image\":{\"@type\":\"ImageObject\",\"inLanguage\":\"es\",\"@id\":\"https:\\\/\\\/secure.gravatar.com\\\/avatar\\\/23291dd5b5ae1077dcff3dbb04c3e02bd28403fa75af6d8787d5e97c5bbbe30b?s=96&d=mm&r=g\",\"url\":\"https:\\\/\\\/secure.gravatar.com\\\/avatar\\\/23291dd5b5ae1077dcff3dbb04c3e02bd28403fa75af6d8787d5e97c5bbbe30b?s=96&d=mm&r=g\",\"contentUrl\":\"https:\\\/\\\/secure.gravatar.com\\\/avatar\\\/23291dd5b5ae1077dcff3dbb04c3e02bd28403fa75af6d8787d5e97c5bbbe30b?s=96&d=mm&r=g\",\"caption\":\"Web del Maestro CMF\"},\"description\":\"Esta Web se cre\u00f3 sin fines de lucro, con fines educativos, cient\u00edficos y acad\u00e9micos, para personas que tengan dificultades y\\\/o inconvenientes en visualizar el material original. El objetivo es entregar recursos, compartir experiencias y materiales que ayuden a los padres de familia, maestros y estudiantes en su actualizaci\u00f3n y formaci\u00f3n permanente, en bien de la Educaci\u00f3n.\",\"sameAs\":[\"http:\\\/\\\/webdelmaestrocmf.com\\\/portal\",\"https:\\\/\\\/www.facebook.com\\\/WebdelMaestroCMF\\\/\",\"https:\\\/\\\/www.instagram.com\\\/wmcmf\\\/\",\"https:\\\/\\\/cl.linkedin.com\\\/company\\\/web-del-maestro-cmf\",\"https:\\\/\\\/www.pinterest.com\\\/WMCMF\\\/publicaciones\\\/\",\"https:\\\/\\\/x.com\\\/cmf_w\",\"https:\\\/\\\/www.youtube.com\\\/@WMCMF\"]}]}<\/script>\n<!-- \/ Yoast SEO plugin. -->","yoast_head_json":{"title":"Papa Francisco: Si no cuidamos el uno del otro, no podemos sanar el mundo (Una lectura para la Educaci\u00f3n) - 2026","description":"El mundo entero est\u00e1 (estamos) atravesando un tiempo de prueba y elecci\u00f3n sobre la educaci\u00f3n que deseamos, y que entre todos debemos...","robots":{"index":"index","follow":"follow","max-snippet":"max-snippet:-1","max-image-preview":"max-image-preview:large","max-video-preview":"max-video-preview:-1"},"canonical":"https:\/\/webdelmaestrocmf.com\/portal\/papa-francisco-si-no-cuidamos-el-uno-del-otro-no-podemos-sanar-el-mundo-una-lectura-para-la-educacion\/","og_locale":"es_ES","og_type":"article","og_title":"Papa Francisco: Si no cuidamos el uno del otro, no podemos sanar el mundo (Una lectura para la Educaci\u00f3n) - 2026","og_description":"El mundo entero est\u00e1 (estamos) atravesando un tiempo de prueba y elecci\u00f3n sobre la educaci\u00f3n que deseamos, y que entre todos debemos...","og_url":"https:\/\/webdelmaestrocmf.com\/portal\/papa-francisco-si-no-cuidamos-el-uno-del-otro-no-podemos-sanar-el-mundo-una-lectura-para-la-educacion\/","og_site_name":"Web del Maestro CMF","article_publisher":"https:\/\/www.facebook.com\/WebdelMaestroCMF\/","article_author":"https:\/\/www.facebook.com\/WebdelMaestroCMF\/","article_published_time":"2020-08-18T23:38:04+00:00","article_modified_time":"2026-03-05T15:24:42+00:00","og_image":[{"width":1100,"height":680,"url":"https:\/\/webdelmaestrocmf.com\/portal\/wp-content\/uploads\/2020\/08\/2-3.jpg","type":"image\/jpeg"}],"author":"Web del Maestro CMF","twitter_card":"summary_large_image","twitter_creator":"@cmf_w","twitter_site":"@cmf_w","schema":{"@context":"https:\/\/schema.org","@graph":[{"@type":"ScholarlyArticle","@id":"https:\/\/webdelmaestrocmf.com\/portal\/papa-francisco-si-no-cuidamos-el-uno-del-otro-no-podemos-sanar-el-mundo-una-lectura-para-la-educacion\/#article","isPartOf":{"@id":"https:\/\/webdelmaestrocmf.com\/portal\/papa-francisco-si-no-cuidamos-el-uno-del-otro-no-podemos-sanar-el-mundo-una-lectura-para-la-educacion\/"},"author":{"name":"Web del Maestro CMF","@id":"https:\/\/webdelmaestrocmf.com\/portal\/#\/schema\/person\/1072a2ed7bd960df8ef99a551fa35dc5"},"headline":"Papa Francisco: Si no cuidamos el uno del otro, no podemos sanar el mundo (Una lectura para la Educaci\u00f3n)","datePublished":"2020-08-18T23:38:04+00:00","dateModified":"2026-03-05T15:24:42+00:00","mainEntityOfPage":{"@id":"https:\/\/webdelmaestrocmf.com\/portal\/papa-francisco-si-no-cuidamos-el-uno-del-otro-no-podemos-sanar-el-mundo-una-lectura-para-la-educacion\/"},"wordCount":1716,"commentCount":0,"publisher":{"@id":"https:\/\/webdelmaestrocmf.com\/portal\/#organization"},"image":{"@id":"https:\/\/webdelmaestrocmf.com\/portal\/papa-francisco-si-no-cuidamos-el-uno-del-otro-no-podemos-sanar-el-mundo-una-lectura-para-la-educacion\/#primaryimage"},"thumbnailUrl":"https:\/\/webdelmaestrocmf.com\/portal\/wp-content\/uploads\/2020\/08\/2-3.jpg","keywords":["cuidamos","EDUCACI\u00d3N","lectura","Mundo","otro","Papa Francisco","podemos","sanar","UNO"],"articleSection":["Mundo cart\u00f3lico","Papa Francisco"],"inLanguage":"es","potentialAction":[{"@type":"CommentAction","name":"Comment","target":["https:\/\/webdelmaestrocmf.com\/portal\/papa-francisco-si-no-cuidamos-el-uno-del-otro-no-podemos-sanar-el-mundo-una-lectura-para-la-educacion\/#respond"]}]},{"@type":"WebPage","@id":"https:\/\/webdelmaestrocmf.com\/portal\/papa-francisco-si-no-cuidamos-el-uno-del-otro-no-podemos-sanar-el-mundo-una-lectura-para-la-educacion\/","url":"https:\/\/webdelmaestrocmf.com\/portal\/papa-francisco-si-no-cuidamos-el-uno-del-otro-no-podemos-sanar-el-mundo-una-lectura-para-la-educacion\/","name":"Papa Francisco: Si no cuidamos el uno del otro, no podemos sanar el mundo (Una lectura para la Educaci\u00f3n) - 2026","isPartOf":{"@id":"https:\/\/webdelmaestrocmf.com\/portal\/#website"},"primaryImageOfPage":{"@id":"https:\/\/webdelmaestrocmf.com\/portal\/papa-francisco-si-no-cuidamos-el-uno-del-otro-no-podemos-sanar-el-mundo-una-lectura-para-la-educacion\/#primaryimage"},"image":{"@id":"https:\/\/webdelmaestrocmf.com\/portal\/papa-francisco-si-no-cuidamos-el-uno-del-otro-no-podemos-sanar-el-mundo-una-lectura-para-la-educacion\/#primaryimage"},"thumbnailUrl":"https:\/\/webdelmaestrocmf.com\/portal\/wp-content\/uploads\/2020\/08\/2-3.jpg","datePublished":"2020-08-18T23:38:04+00:00","dateModified":"2026-03-05T15:24:42+00:00","description":"El mundo entero est\u00e1 (estamos) atravesando un tiempo de prueba y elecci\u00f3n sobre la educaci\u00f3n que deseamos, y que entre todos debemos...","breadcrumb":{"@id":"https:\/\/webdelmaestrocmf.com\/portal\/papa-francisco-si-no-cuidamos-el-uno-del-otro-no-podemos-sanar-el-mundo-una-lectura-para-la-educacion\/#breadcrumb"},"inLanguage":"es","potentialAction":[{"@type":"ReadAction","target":["https:\/\/webdelmaestrocmf.com\/portal\/papa-francisco-si-no-cuidamos-el-uno-del-otro-no-podemos-sanar-el-mundo-una-lectura-para-la-educacion\/"]}]},{"@type":"ImageObject","inLanguage":"es","@id":"https:\/\/webdelmaestrocmf.com\/portal\/papa-francisco-si-no-cuidamos-el-uno-del-otro-no-podemos-sanar-el-mundo-una-lectura-para-la-educacion\/#primaryimage","url":"https:\/\/webdelmaestrocmf.com\/portal\/wp-content\/uploads\/2020\/08\/2-3.jpg","contentUrl":"https:\/\/webdelmaestrocmf.com\/portal\/wp-content\/uploads\/2020\/08\/2-3.jpg","width":1100,"height":680},{"@type":"BreadcrumbList","@id":"https:\/\/webdelmaestrocmf.com\/portal\/papa-francisco-si-no-cuidamos-el-uno-del-otro-no-podemos-sanar-el-mundo-una-lectura-para-la-educacion\/#breadcrumb","itemListElement":[{"@type":"ListItem","position":1,"name":"Portada","item":"https:\/\/webdelmaestrocmf.com\/portal\/"},{"@type":"ListItem","position":2,"name":"Mundo cart\u00f3lico","item":"https:\/\/webdelmaestrocmf.com\/portal\/category\/pastoral\/"},{"@type":"ListItem","position":3,"name":"Papa Francisco: Si no cuidamos el uno del otro, no podemos sanar el mundo (Una lectura para la Educaci\u00f3n)"}]},{"@type":"WebSite","@id":"https:\/\/webdelmaestrocmf.com\/portal\/#website","url":"https:\/\/webdelmaestrocmf.com\/portal\/","name":"Web del Maestro CMF","description":"Maestros al servicio de la educaci\u00f3n","publisher":{"@id":"https:\/\/webdelmaestrocmf.com\/portal\/#organization"},"alternateName":"WMCMF","potentialAction":[{"@type":"SearchAction","target":{"@type":"EntryPoint","urlTemplate":"https:\/\/webdelmaestrocmf.com\/portal\/?s={search_term_string}"},"query-input":{"@type":"PropertyValueSpecification","valueRequired":true,"valueName":"search_term_string"}}],"inLanguage":"es"},{"@type":"Organization","@id":"https:\/\/webdelmaestrocmf.com\/portal\/#organization","name":"Web del Maestro CMF","alternateName":"WMCMF","url":"https:\/\/webdelmaestrocmf.com\/portal\/","logo":{"@type":"ImageObject","inLanguage":"es","@id":"https:\/\/webdelmaestrocmf.com\/portal\/#\/schema\/logo\/image\/","url":"https:\/\/webdelmaestrocmf.com\/portal\/wp-content\/uploads\/2023\/01\/logo-wmcmf-2.png","contentUrl":"https:\/\/webdelmaestrocmf.com\/portal\/wp-content\/uploads\/2023\/01\/logo-wmcmf-2.png","width":200,"height":60,"caption":"Web del Maestro CMF"},"image":{"@id":"https:\/\/webdelmaestrocmf.com\/portal\/#\/schema\/logo\/image\/"},"sameAs":["https:\/\/www.facebook.com\/WebdelMaestroCMF\/","https:\/\/x.com\/cmf_w","https:\/\/www.pinterest.com\/WMCMF\/","https:\/\/www.linkedin.com\/company\/web-del-maestro-cmf\/","https:\/\/www.instagram.com\/wmcmf\/","https:\/\/www.youtube.com\/channel\/UCDPSvjbdodE5sHnC3OxutHw","https:\/\/mastodon.social\/@wmcmf","https:\/\/www.tiktok.com\/@webdelmaestrocmf"]},{"@type":"Person","@id":"https:\/\/webdelmaestrocmf.com\/portal\/#\/schema\/person\/1072a2ed7bd960df8ef99a551fa35dc5","name":"Web del Maestro CMF","image":{"@type":"ImageObject","inLanguage":"es","@id":"https:\/\/secure.gravatar.com\/avatar\/23291dd5b5ae1077dcff3dbb04c3e02bd28403fa75af6d8787d5e97c5bbbe30b?s=96&d=mm&r=g","url":"https:\/\/secure.gravatar.com\/avatar\/23291dd5b5ae1077dcff3dbb04c3e02bd28403fa75af6d8787d5e97c5bbbe30b?s=96&d=mm&r=g","contentUrl":"https:\/\/secure.gravatar.com\/avatar\/23291dd5b5ae1077dcff3dbb04c3e02bd28403fa75af6d8787d5e97c5bbbe30b?s=96&d=mm&r=g","caption":"Web del Maestro CMF"},"description":"Esta Web se cre\u00f3 sin fines de lucro, con fines educativos, cient\u00edficos y acad\u00e9micos, para personas que tengan dificultades y\/o inconvenientes en visualizar el material original. El objetivo es entregar recursos, compartir experiencias y materiales que ayuden a los padres de familia, maestros y estudiantes en su actualizaci\u00f3n y formaci\u00f3n permanente, en bien de la Educaci\u00f3n.","sameAs":["http:\/\/webdelmaestrocmf.com\/portal","https:\/\/www.facebook.com\/WebdelMaestroCMF\/","https:\/\/www.instagram.com\/wmcmf\/","https:\/\/cl.linkedin.com\/company\/web-del-maestro-cmf","https:\/\/www.pinterest.com\/WMCMF\/publicaciones\/","https:\/\/x.com\/cmf_w","https:\/\/www.youtube.com\/@WMCMF"]}]}},"jetpack_featured_media_url":"https:\/\/webdelmaestrocmf.com\/portal\/wp-content\/uploads\/2020\/08\/2-3.jpg","jetpack_sharing_enabled":true,"jetpack-related-posts":[{"id":117434,"url":"https:\/\/webdelmaestrocmf.com\/portal\/cual-es-la-mision-de-la-universidad-segun-el-papa-francisco-formar-personas-completas-no-solo-profesionales\/","url_meta":{"origin":50167,"position":0},"title":"Cu\u00e1l es la misi\u00f3n de la universidad seg\u00fan el Papa Francisco: formar personas completas, no solo profesionales","author":"Web del Maestro CMF","date":"7 abril, 2026","format":false,"excerpt":"La universidad debe formar personas integrales, uniendo pensamiento, emoci\u00f3n y acci\u00f3n. No basta ense\u00f1ar contenidos; debe formar l\u00edderes comprometidos, capaces de transformar la sociedad con coherencia, \u00e9tica y sentido humano.","rel":"","context":"En \u00abEntrevistas\u00bb","block_context":{"text":"Entrevistas","link":"https:\/\/webdelmaestrocmf.com\/portal\/category\/noticias\/entrevistas\/"},"img":{"alt_text":"","src":"https:\/\/i0.wp.com\/webdelmaestrocmf.com\/portal\/wp-content\/uploads\/2026\/04\/1-3.webp?resize=350%2C200&ssl=1","width":350,"height":200,"srcset":"https:\/\/i0.wp.com\/webdelmaestrocmf.com\/portal\/wp-content\/uploads\/2026\/04\/1-3.webp?resize=350%2C200&ssl=1 1x, https:\/\/i0.wp.com\/webdelmaestrocmf.com\/portal\/wp-content\/uploads\/2026\/04\/1-3.webp?resize=525%2C300&ssl=1 1.5x, https:\/\/i0.wp.com\/webdelmaestrocmf.com\/portal\/wp-content\/uploads\/2026\/04\/1-3.webp?resize=700%2C400&ssl=1 2x, https:\/\/i0.wp.com\/webdelmaestrocmf.com\/portal\/wp-content\/uploads\/2026\/04\/1-3.webp?resize=1050%2C600&ssl=1 3x"},"classes":[]},{"id":13545,"url":"https:\/\/webdelmaestrocmf.com\/portal\/papa-francisco-no-hagan-proselitismo-las-escuelas\/","url_meta":{"origin":50167,"position":1},"title":"Papa Francisco: no hagan proselitismo en las escuelas","author":"Web del Maestro CMF","date":"17 enero, 2017","format":false,"excerpt":"El Congreso Mundial de Educaci\u00f3n, convocado por la Sagrada Congregaci\u00f3n para la Educaci\u00f3n Cat\u00f3lica, escogi\u00f3 este sugerente t\u00edtulo: \u201cEducar hoy y ma\u00f1ana: Una pasi\u00f3n que se renueva\u201d, y el Papa Francisco se reuni\u00f3 con los asistentes, en el Aula Pablo VI, respondiendo en forma espont\u00e1nea a las preguntas. La Redacci\u00f3n\u2026","rel":"","context":"En \u00abMundo cart\u00f3lico\u00bb","block_context":{"text":"Mundo cart\u00f3lico","link":"https:\/\/webdelmaestrocmf.com\/portal\/category\/pastoral\/"},"img":{"alt_text":"","src":"https:\/\/i0.wp.com\/webdelmaestrocmf.com\/portal\/wp-content\/uploads\/2017\/10\/1ss.jpg?resize=350%2C200&ssl=1","width":350,"height":200,"srcset":"https:\/\/i0.wp.com\/webdelmaestrocmf.com\/portal\/wp-content\/uploads\/2017\/10\/1ss.jpg?resize=350%2C200&ssl=1 1x, https:\/\/i0.wp.com\/webdelmaestrocmf.com\/portal\/wp-content\/uploads\/2017\/10\/1ss.jpg?resize=525%2C300&ssl=1 1.5x"},"classes":[]},{"id":50520,"url":"https:\/\/webdelmaestrocmf.com\/portal\/papa-francisco-ciertos-ninos-a-pesar-de-las-dificultades-pueden-seguir-recibiendo-una-educacion-escolar-mientras-que-para-muchisimos-otros-esta-se-ha-interrumpido-bruscamente\/","url_meta":{"origin":50167,"position":2},"title":"Papa Francisco: Ciertos ni\u00f1os, a pesar de las dificultades, pueden seguir recibiendo una educaci\u00f3n escolar, mientras que para much\u00edsimos otros esta se ha interrumpido bruscamente","author":"Web del Maestro CMF","date":"27 agosto, 2020","format":false,"excerpt":"Para quienes estamos en la tarea educativa, tenemos la trascendental tarea de informar, instruir, compartir conocimientos, proponer valores, apoyar el desarrollo y la consolidaci\u00f3n de criterios reflexivos y propios a los estudiantes. Cambiemos el enfoque de una educaci\u00f3n pasiva, repetitiva y memor\u00edstica, por la de padres de familia y profesores\u2026","rel":"","context":"En \u00abMundo cart\u00f3lico\u00bb","block_context":{"text":"Mundo cart\u00f3lico","link":"https:\/\/webdelmaestrocmf.com\/portal\/category\/pastoral\/"},"img":{"alt_text":"","src":"https:\/\/i0.wp.com\/webdelmaestrocmf.com\/portal\/wp-content\/uploads\/2020\/08\/1-141.jpg?resize=350%2C200&ssl=1","width":350,"height":200,"srcset":"https:\/\/i0.wp.com\/webdelmaestrocmf.com\/portal\/wp-content\/uploads\/2020\/08\/1-141.jpg?resize=350%2C200&ssl=1 1x, https:\/\/i0.wp.com\/webdelmaestrocmf.com\/portal\/wp-content\/uploads\/2020\/08\/1-141.jpg?resize=525%2C300&ssl=1 1.5x, https:\/\/i0.wp.com\/webdelmaestrocmf.com\/portal\/wp-content\/uploads\/2020\/08\/1-141.jpg?resize=700%2C400&ssl=1 2x, https:\/\/i0.wp.com\/webdelmaestrocmf.com\/portal\/wp-content\/uploads\/2020\/08\/1-141.jpg?resize=1050%2C600&ssl=1 3x"},"classes":[]},{"id":72243,"url":"https:\/\/webdelmaestrocmf.com\/portal\/el-papa-francisco-propone-tres-caminos-hacia-la-paz-dialogo-educacion-y-trabajo\/","url_meta":{"origin":50167,"position":3},"title":"El Papa Francisco propone tres caminos hacia la paz: dialogo, educaci\u00f3n y trabajo","author":"Web del Maestro CMF","date":"21 diciembre, 2021","format":false,"excerpt":"Este 21 de diciembre fue dado a conocer el Mensaje del Santo Padre para la celebraci\u00f3n de la 55 Jornada Mundial de la Paz, el pr\u00f3ximo 1 de enero de 2022, en el que propone tres caminos para construir una paz duradera: el di\u00e1logo entre las generaciones; la educaci\u00f3n, como\u2026","rel":"","context":"En \u00abMundo cart\u00f3lico\u00bb","block_context":{"text":"Mundo cart\u00f3lico","link":"https:\/\/webdelmaestrocmf.com\/portal\/category\/pastoral\/"},"img":{"alt_text":"","src":"https:\/\/i0.wp.com\/webdelmaestrocmf.com\/portal\/wp-content\/uploads\/2021\/12\/ew1.jpg?resize=350%2C200&ssl=1","width":350,"height":200,"srcset":"https:\/\/i0.wp.com\/webdelmaestrocmf.com\/portal\/wp-content\/uploads\/2021\/12\/ew1.jpg?resize=350%2C200&ssl=1 1x, https:\/\/i0.wp.com\/webdelmaestrocmf.com\/portal\/wp-content\/uploads\/2021\/12\/ew1.jpg?resize=525%2C300&ssl=1 1.5x, https:\/\/i0.wp.com\/webdelmaestrocmf.com\/portal\/wp-content\/uploads\/2021\/12\/ew1.jpg?resize=700%2C400&ssl=1 2x, https:\/\/i0.wp.com\/webdelmaestrocmf.com\/portal\/wp-content\/uploads\/2021\/12\/ew1.jpg?resize=1050%2C600&ssl=1 3x"},"classes":[]},{"id":49084,"url":"https:\/\/webdelmaestrocmf.com\/portal\/papa-francisco-la-vida-despues-de-la-pandemia-pdf\/","url_meta":{"origin":50167,"position":4},"title":"Papa Francisco: \u201cLa vida despu\u00e9s de la pandemia\u201d (PDF)","author":"Web del Maestro CMF","date":"14 julio, 2020","format":false,"excerpt":"Mirar, sentir y reflexionar con coraz\u00f3n de educadores la experiencia de la pandemia del Covid 19, es una tarea que tendr\u00edamos que intentar hacer en alg\u00fan momento los profesores, para despu\u00e9s motivar a nuestros estudiantes al desarrollo de su pensamiento cr\u00edtico, el saber exponer su propio pensamiento y dialogar sobre\u2026","rel":"","context":"En \u00abMundo cart\u00f3lico\u00bb","block_context":{"text":"Mundo cart\u00f3lico","link":"https:\/\/webdelmaestrocmf.com\/portal\/category\/pastoral\/"},"img":{"alt_text":"","src":"https:\/\/i0.wp.com\/webdelmaestrocmf.com\/portal\/wp-content\/uploads\/2020\/07\/1-47.jpg?resize=350%2C200&ssl=1","width":350,"height":200,"srcset":"https:\/\/i0.wp.com\/webdelmaestrocmf.com\/portal\/wp-content\/uploads\/2020\/07\/1-47.jpg?resize=350%2C200&ssl=1 1x, https:\/\/i0.wp.com\/webdelmaestrocmf.com\/portal\/wp-content\/uploads\/2020\/07\/1-47.jpg?resize=525%2C300&ssl=1 1.5x, https:\/\/i0.wp.com\/webdelmaestrocmf.com\/portal\/wp-content\/uploads\/2020\/07\/1-47.jpg?resize=700%2C400&ssl=1 2x, https:\/\/i0.wp.com\/webdelmaestrocmf.com\/portal\/wp-content\/uploads\/2020\/07\/1-47.jpg?resize=1050%2C600&ssl=1 3x"},"classes":[]},{"id":60250,"url":"https:\/\/webdelmaestrocmf.com\/portal\/papa-francisco-gracias-maestros-por-lo-que-hacen\/","url_meta":{"origin":50167,"position":5},"title":"Papa Francisco: Gracias maestros, por lo que hacen","author":"Web del Maestro CMF","date":"7 marzo, 2021","format":false,"excerpt":"En la ciudad de Los \u00c1ngeles (California, USA) se ha desarrollado el Congreso virtual de Educaci\u00f3n Religiosa 2021, con el lema \u00a1Proclame la promesa! (18-21 de febrero 2021), como alegre y entusiasta \u201cinvitaci\u00f3n radical a creer que nuestras vidas y nuestro mundo est\u00e1n sostenidos por la promesa de Dios. Ahora\u2026","rel":"","context":"En \u00abMundo cart\u00f3lico\u00bb","block_context":{"text":"Mundo cart\u00f3lico","link":"https:\/\/webdelmaestrocmf.com\/portal\/category\/pastoral\/"},"img":{"alt_text":"","src":"https:\/\/i0.wp.com\/webdelmaestrocmf.com\/portal\/wp-content\/uploads\/2021\/03\/1-39.jpg?resize=350%2C200&ssl=1","width":350,"height":200,"srcset":"https:\/\/i0.wp.com\/webdelmaestrocmf.com\/portal\/wp-content\/uploads\/2021\/03\/1-39.jpg?resize=350%2C200&ssl=1 1x, https:\/\/i0.wp.com\/webdelmaestrocmf.com\/portal\/wp-content\/uploads\/2021\/03\/1-39.jpg?resize=525%2C300&ssl=1 1.5x, https:\/\/i0.wp.com\/webdelmaestrocmf.com\/portal\/wp-content\/uploads\/2021\/03\/1-39.jpg?resize=700%2C400&ssl=1 2x, https:\/\/i0.wp.com\/webdelmaestrocmf.com\/portal\/wp-content\/uploads\/2021\/03\/1-39.jpg?resize=1050%2C600&ssl=1 3x"},"classes":[]}],"_links":{"self":[{"href":"https:\/\/webdelmaestrocmf.com\/portal\/wp-json\/wp\/v2\/posts\/50167","targetHints":{"allow":["GET"]}}],"collection":[{"href":"https:\/\/webdelmaestrocmf.com\/portal\/wp-json\/wp\/v2\/posts"}],"about":[{"href":"https:\/\/webdelmaestrocmf.com\/portal\/wp-json\/wp\/v2\/types\/post"}],"author":[{"embeddable":true,"href":"https:\/\/webdelmaestrocmf.com\/portal\/wp-json\/wp\/v2\/users\/1"}],"replies":[{"embeddable":true,"href":"https:\/\/webdelmaestrocmf.com\/portal\/wp-json\/wp\/v2\/comments?post=50167"}],"version-history":[{"count":1,"href":"https:\/\/webdelmaestrocmf.com\/portal\/wp-json\/wp\/v2\/posts\/50167\/revisions"}],"predecessor-version":[{"id":108777,"href":"https:\/\/webdelmaestrocmf.com\/portal\/wp-json\/wp\/v2\/posts\/50167\/revisions\/108777"}],"wp:featuredmedia":[{"embeddable":true,"href":"https:\/\/webdelmaestrocmf.com\/portal\/wp-json\/wp\/v2\/media\/50169"}],"wp:attachment":[{"href":"https:\/\/webdelmaestrocmf.com\/portal\/wp-json\/wp\/v2\/media?parent=50167"}],"wp:term":[{"taxonomy":"category","embeddable":true,"href":"https:\/\/webdelmaestrocmf.com\/portal\/wp-json\/wp\/v2\/categories?post=50167"},{"taxonomy":"post_tag","embeddable":true,"href":"https:\/\/webdelmaestrocmf.com\/portal\/wp-json\/wp\/v2\/tags?post=50167"}],"curies":[{"name":"wp","href":"https:\/\/api.w.org\/{rel}","templated":true}]}}