{"id":50090,"date":"2020-08-16T23:50:30","date_gmt":"2020-08-17T03:50:30","guid":{"rendered":"https:\/\/webdelmaestrocmf.com\/portal\/?p=50090"},"modified":"2020-08-17T10:06:12","modified_gmt":"2020-08-17T14:06:12","slug":"fernando-savater-que-la-pandemia-nos-haga-mas-solidarios-agradecidos-y-cientificos","status":"publish","type":"post","link":"https:\/\/webdelmaestrocmf.com\/portal\/fernando-savater-que-la-pandemia-nos-haga-mas-solidarios-agradecidos-y-cientificos\/","title":{"rendered":"Fernando Savater: Que la pandemia nos haga m\u00e1s solidarios, agradecidos y cient\u00edficos"},"content":{"rendered":"<h5 style=\"text-align: justify;\">El escritor y fil\u00f3sofo Fernando Savater realiz\u00f3 unas reflexiones sobre las prioridades y enmiendas que debemos realizar despu\u00e9s de la emergencia.<\/h5>\n<h5 style=\"text-align: justify;\">Ser solidarios y cient\u00edficos, entender que somos fr\u00e1giles, valorar las cosas sencillas, y disfrutar m\u00e1s la vida y quejarnos menos, fueron algunas de las reflexiones que desarroll\u00f3 el fil\u00f3sofo y escritor Fernando Savater (Espa\u00f1a, 1947) ayer durante la conferencia virtual\u00a0Apuntes sobre la pandemia: solidaridad y la ciencia, organizada por el Hay Festival.<\/h5>\n<p><!--more--><\/p>\n<h5 style=\"text-align: justify;\">El autor de\u00a0La peor parte. Memorias de amor\u00a0y\u00a0\u00c9tica para Amador\u00a0inici\u00f3 hablando de las enmiendas que podemos hacer como seres humanos una vez que concluya el confinamiento.<\/h5>\n<p style=\"text-align: justify;\">\u201cAlguna enmienda podr\u00eda ser el orden de las prioridades que ten\u00edamos en la vida, quiz\u00e1 d\u00e1bamos mucha importancia a cosas que tienen menos: el dinero, el prestigio, queremos ser m\u00e1s importantes que los dem\u00e1s, en fin; como nosotros vemos que los otros le dan importancia tambi\u00e9n nosotros nos empe\u00f1amos en d\u00e1rsela\u201d, coment\u00f3.<\/p>\n<p><a href=\"https:\/\/webdelmaestrocmf.com\/portal\/wp-content\/uploads\/2020\/08\/1-copia-32.jpg\"><img loading=\"lazy\" decoding=\"async\" class=\"alignnone size-full wp-image-50091\" src=\"https:\/\/webdelmaestrocmf.com\/portal\/wp-content\/uploads\/2020\/08\/1-copia-32.jpg\" alt=\"\" width=\"1100\" height=\"680\" srcset=\"https:\/\/webdelmaestrocmf.com\/portal\/wp-content\/uploads\/2020\/08\/1-copia-32.jpg 1100w, https:\/\/webdelmaestrocmf.com\/portal\/wp-content\/uploads\/2020\/08\/1-copia-32-300x185.jpg 300w, https:\/\/webdelmaestrocmf.com\/portal\/wp-content\/uploads\/2020\/08\/1-copia-32-1024x633.jpg 1024w, https:\/\/webdelmaestrocmf.com\/portal\/wp-content\/uploads\/2020\/08\/1-copia-32-768x475.jpg 768w, https:\/\/webdelmaestrocmf.com\/portal\/wp-content\/uploads\/2020\/08\/1-copia-32-110x68.jpg 110w, https:\/\/webdelmaestrocmf.com\/portal\/wp-content\/uploads\/2020\/08\/1-copia-32-200x124.jpg 200w, https:\/\/webdelmaestrocmf.com\/portal\/wp-content\/uploads\/2020\/08\/1-copia-32-380x235.jpg 380w, https:\/\/webdelmaestrocmf.com\/portal\/wp-content\/uploads\/2020\/08\/1-copia-32-255x158.jpg 255w, https:\/\/webdelmaestrocmf.com\/portal\/wp-content\/uploads\/2020\/08\/1-copia-32-550x340.jpg 550w, https:\/\/webdelmaestrocmf.com\/portal\/wp-content\/uploads\/2020\/08\/1-copia-32-800x495.jpg 800w\" sizes=\"auto, (max-width: 1100px) 100vw, 1100px\" \/><\/a><\/p>\n<p style=\"text-align: justify;\">En cambio, hay cosas sencillas y elementales, agreg\u00f3 Savater.<\/p>\n<p style=\"text-align: justify;\">\u201cLa ternura de una caricia, la ternura del calor humano del otro, una palabra amable, un chiste contado a tiempo, el afecto, la conversaci\u00f3n. Todas esas cosas creo que ahora las vamos a valorar m\u00e1s y, por supuesto, los paseos: un paseo al borde del mar o del campo, o simplemente un paseo con los amigos por la ciudad, una bebida en compa\u00f1\u00eda agradable es una excelente cosa\u201d, opin\u00f3.<\/p>\n<p style=\"text-align: justify;\"><strong>Fernando Savater<\/strong> resalt\u00f3 el aprendizaje sobre la fragilidad humana que nos dejar\u00e1 la pandemia de la COVID-19.<\/p>\n<p style=\"text-align: justify;\">\u201cAprenderemos hasta qu\u00e9 punto es importante nuestra semejanza con los otros, somos semejantes sobre todo en la vulnerabilidad, en la posibilidad de sufrir, de estropearnos. Somos fr\u00e1giles, somos un mecanismo muy ingenioso, inteligente con grandes posibilidades, pero fr\u00e1gil y que se estropea con facilidad\u201d, dijo.<\/p>\n<p style=\"text-align: justify;\">Desde Sevilla, Espa\u00f1a, el fil\u00f3sofo y Premio Anagrama se\u00f1al\u00f3 que esa vulnerabilidad humana debe generar simpat\u00eda, o bien, proximidad con los otros.<\/p>\n<p style=\"text-align: justify;\">\u201cLa sociedad es el instrumento que tenemos que impulsar contra nuestra vulnerabilidad. En sociedad nos defendemos mejor, por lo tanto, no se trata de que seamos sociables o apreciemos a los dem\u00e1s, sino fijarnos hasta qu\u00e9 punto es importante la sociabilidad. Las epidemias son enfermedades sociales y, por eso, para cortarlas hay que separarnos\u201d, explic\u00f3.<\/p>\n<p style=\"text-align: justify;\">Aunada a la solidaridad, Savater coment\u00f3 que la justicia es otro elemento que hace m\u00e1s seguras, c\u00f3modas y agradables a las sociedades.<\/p>\n<p style=\"text-align: justify;\">\u201cLa solidaridad convierte a una muchedumbre en una aut\u00e9ntica sociedad humana. Las muchedumbres son algo muy peligroso que van en desbandada en donde cada uno se dedica a s\u00ed mismo, se dejan asustar, arrollan, atropellan y patean a los que cruzan por medio. La muchedumbre es muy insegura, en cambio, las sociedades son seguras, positivas, nos ayudan a vivir, nos ofrecen lo mejor que necesitamos para la vida\u201d, destac\u00f3.<\/p>\n<p><iframe loading=\"lazy\" src=\"https:\/\/www.youtube.com\/embed\/fsmRVOpxh2s\" width=\"100%\" height=\"400\" frameborder=\"0\" allowfullscreen=\"allowfullscreen\"><span data-mce-type=\"bookmark\" style=\"display: inline-block; width: 0px; overflow: hidden; line-height: 0;\" class=\"mce_SELRES_start\">\ufeff<\/span><\/iframe><\/p>\n<p style=\"text-align: justify;\"><strong>VIVIR CON CIENCIA.\u00a0<\/strong>La actual pandemia de la COVID-19 se combate con ciencia, asegur\u00f3 Fernando Savater.<\/p>\n<p style=\"text-align: justify;\">\u201cNo podemos sobrevivir sin conocimiento, sin ciencia. Hay gente que est\u00e1 diciendo que esto es una guerra y tienen que aplicar un m\u00e9todo de guerra. \u00c9sos son los pol\u00edticos que quieren siempre estar empezando un estado de guerra para ver si ellos se engrandecen como grandes generales o campeones. Esto no es una guerra, esto es un peligro colectivo\u201d, asever\u00f3.<\/p>\n<p style=\"text-align: justify;\">Existen peligros colectivos que no tienen nada de b\u00e9licos, dijo. Ejemplo de ellos son los terremotos y las inundaciones.<\/p>\n<p style=\"text-align: justify;\">\u201cLas guerras dependen de una maldad, de unos enemigos, de adversarios; aqu\u00ed no hay adversarios, nos enfrentamos a algo que no tiene ning\u00fan tipo de aprecio ni desprecio por nosotros, en lo que sigue un proceso natural. La naturaleza es un mecanismo admirable pero implacable, en la naturaleza no vamos a encontrar piedad, nada tortura a los seres como los propios procesos naturales\u201d, se\u00f1al\u00f3.<\/p>\n<p style=\"text-align: justify;\">Por eso, Savater expres\u00f3 que los peligros naturales se combaten con ciencia y a\u00f1adi\u00f3 que la vida se vive con un prop\u00f3sito, eligiendo opciones basadas en el conocimiento.<\/p>\n<p style=\"text-align: justify;\">\u201cHay que escuchar a los cient\u00edficos y a las personas que conocen, a las personas que no nos van a poner a sacar los ca\u00f1ones a la calle, sino que nos van a dar soluciones y remedios, soluciones no basadas en estampitas m\u00e1gicas ni en remedios sacados de un m\u00e9dico brujo, sino de la ciencia, del conocimiento, de la experiencia y de las pruebas\u201d, dijo.<\/p>\n<p><img loading=\"lazy\" decoding=\"async\" class=\"alignnone size-full wp-image-50092\" src=\"https:\/\/webdelmaestrocmf.com\/portal\/wp-content\/uploads\/2020\/08\/2-2.jpg\" alt=\"\" width=\"980\" height=\"550\" srcset=\"https:\/\/webdelmaestrocmf.com\/portal\/wp-content\/uploads\/2020\/08\/2-2.jpg 980w, https:\/\/webdelmaestrocmf.com\/portal\/wp-content\/uploads\/2020\/08\/2-2-300x168.jpg 300w, https:\/\/webdelmaestrocmf.com\/portal\/wp-content\/uploads\/2020\/08\/2-2-768x431.jpg 768w, https:\/\/webdelmaestrocmf.com\/portal\/wp-content\/uploads\/2020\/08\/2-2-110x62.jpg 110w, https:\/\/webdelmaestrocmf.com\/portal\/wp-content\/uploads\/2020\/08\/2-2-200x112.jpg 200w, https:\/\/webdelmaestrocmf.com\/portal\/wp-content\/uploads\/2020\/08\/2-2-380x213.jpg 380w, https:\/\/webdelmaestrocmf.com\/portal\/wp-content\/uploads\/2020\/08\/2-2-255x143.jpg 255w, https:\/\/webdelmaestrocmf.com\/portal\/wp-content\/uploads\/2020\/08\/2-2-550x309.jpg 550w, https:\/\/webdelmaestrocmf.com\/portal\/wp-content\/uploads\/2020\/08\/2-2-800x449.jpg 800w\" sizes=\"auto, (max-width: 980px) 100vw, 980px\" \/><\/p>\n<p style=\"text-align: justify;\">El fil\u00f3sofo Fernando Savater coment\u00f3 que de todos los males puede sacarse algo positivo.<\/p>\n<p style=\"text-align: justify;\">\u201cHay que sacar provecho, siempre tenemos libros que no hemos tenido tiempo para leer porque estamos ocupados ganando dinero. Ahora tenemos tiempo para leer, para ver esas viejas pel\u00edculas que tenemos olvidadas pero que nos gustaron tanto en su momento\u201d, extern\u00f3.<\/p>\n<p style=\"text-align: justify;\">Por \u00faltimo el autor habl\u00f3 de la necesidad de desarrollar la virtud del agradecimiento y gratitud.<\/p>\n<p style=\"text-align: justify;\">\u201cLa gratitud a los dem\u00e1s que son como nosotros, vulnerables. El agradecimiento es una virtud que puede crecer en el encierro, podemos ser encerrados pero agradecidos. A quejarnos menos y a disfrutar m\u00e1s en compa\u00f1\u00eda y complicidad con los dem\u00e1s\u201d, finaliz\u00f3.<\/p>\n<p><strong>Este contenido ha sido publicado originalmente por Cr\u00f3nica (M\u00e9xico) en la siguiente direcci\u00f3n: <a href=\"http:\/\/cronica.com.mx\" target=\"_blank\" rel=\"noopener noreferrer\">cronica.com.mx<\/a><\/strong><\/p>\n\t\t<div class=\"pk-inline-posts\">\n\t\t\t\n\t\t\t<div class=\"pk-inline-posts-container pk-inline-posts-template-list\"\n\t\t\t\tdata-columns=\"1\">\n\t\t\t\t\t\t<article id=\"post-118510\" class=\"post-118510 post type-post status-publish format-standard has-post-thumbnail category-entrevistas category-noticias tag-aprendizaje tag-aula tag-docentes tag-educacion-2 tag-estudiantes tag-filosofia-2 tag-formacion-2 tag-inteligencia tag-jose-antonio-marina tag-pedagogia-2 tag-pensamiento-critico-2 cs-entry cs-video-wrap\">\n\t\t\t<div class=\"pk-post-outer\">\n\n\t\t\t\t\t\t\t\t<div class=\"pk-post-inner\">\n\t\t\t\t\t<div class=\"entry-thumbnail\">\n\t\t\t\t\t\t<div class=\"pk-overlay pk-overlay-ratio pk-ratio-landscape\">\n\t\t\t\t\t\t\t<div class=\"pk-overlay-background\">\n\t\t\t\t\t\t\t\t<a href=\"https:\/\/webdelmaestrocmf.com\/portal\/jose-antonio-marina-si-no-teneis-pensamiento-critico-o-si-no-hay-pensamiento-critico-la-manipulacion-va-a-ser-muy-sencilla\/\" class=\"pk-overlay-link\">\n\t\t\t\t\t\t\t\t\t<img loading=\"lazy\" decoding=\"async\" width=\"300\" height=\"225\" src=\"https:\/\/webdelmaestrocmf.com\/portal\/wp-content\/uploads\/2026\/04\/1AA-Banner-1-portada-imagen-10-1-copia-5-6-300x225.webp\" class=\"attachment-pk-thumbnail size-pk-thumbnail wp-post-image\" alt=\"\" \/>\t\t\t\t\t\t\t\t<\/a>\n\t\t\t\t\t\t\t<\/div>\n\t\t\t\t\t\t<\/div>\n\t\t\t\t\t<\/div>\n\t\t\t\t<\/div>\n\t\t\t\t\n\t\t\t\t<div class=\"pk-post-inner\">\n\t\t\t\t\t<header>\n\t\t\t\t\t\t<h3 class=\"pk-title\"><a href=\"https:\/\/webdelmaestrocmf.com\/portal\/jose-antonio-marina-si-no-teneis-pensamiento-critico-o-si-no-hay-pensamiento-critico-la-manipulacion-va-a-ser-muy-sencilla\/\" rel=\"bookmark\">Jos\u00e9 Antonio Marina: Si no ten\u00e9is pensamiento cr\u00edtico, o si no hay pensamiento cr\u00edtico, la manipulaci\u00f3n va a ser muy sencilla<\/a><\/h3>\t\t\t\t\t<\/header><!-- .entry-header -->\n\t\t\t\t<\/div><!-- .post-inner -->\n\n\t\t\t<\/div><!-- .post-outer -->\n\t\t<\/article>\n\t\t\t\t<\/div>\n\t\t<\/div>\n\t\t\n","protected":false},"excerpt":{"rendered":"El escritor y fil\u00f3sofo Fernando Savater realiz\u00f3 unas reflexiones sobre las prioridades y enmiendas que debemos realizar despu\u00e9s&hellip;","protected":false},"author":1,"featured_media":50094,"comment_status":"open","ping_status":"closed","sticky":false,"template":"","format":"standard","meta":{"csco_display_header_overlay":false,"csco_singular_sidebar":"disabled","csco_page_header_type":"standard","csco_page_load_nextpost":"default","csco_post_video_location":[],"csco_post_video_location_hash":"","csco_post_video_url":"","csco_post_video_bg_start_time":0,"csco_post_video_bg_end_time":0,"csco_post_video_bg_volume":false,"_jetpack_memberships_contains_paid_content":false,"footnotes":""},"categories":[48,47],"tags":[5449,685,54,1251,4863,5448],"class_list":{"0":"post-50090","1":"post","2":"type-post","3":"status-publish","4":"format-standard","5":"has-post-thumbnail","7":"category-entrevistas","8":"category-noticias","9":"tag-agradecidos","10":"tag-cientificos","11":"tag-fernando-savater","12":"tag-haga","13":"tag-pandemia","14":"tag-solidarios","15":"cs-entry","16":"cs-video-wrap"},"yoast_head":"<!-- This site is optimized with the Yoast SEO plugin v27.5 - https:\/\/yoast.com\/product\/yoast-seo-wordpress\/ -->\n<title>Fernando Savater: Que la pandemia nos haga m\u00e1s solidarios, agradecidos y cient\u00edficos - 2026<\/title>\n<meta name=\"description\" content=\"El escritor y fil\u00f3sofo Fernando Savater realiz\u00f3 unas reflexiones sobre las prioridades y enmiendas que debemos realizar despu\u00e9s...\" \/>\n<meta name=\"robots\" content=\"index, follow, max-snippet:-1, max-image-preview:large, max-video-preview:-1\" \/>\n<link rel=\"canonical\" href=\"https:\/\/webdelmaestrocmf.com\/portal\/fernando-savater-que-la-pandemia-nos-haga-mas-solidarios-agradecidos-y-cientificos\/\" \/>\n<meta property=\"og:locale\" content=\"es_ES\" \/>\n<meta property=\"og:type\" content=\"article\" \/>\n<meta property=\"og:title\" content=\"Fernando Savater: Que la pandemia nos haga m\u00e1s solidarios, agradecidos y cient\u00edficos - 2026\" \/>\n<meta property=\"og:description\" content=\"El escritor y fil\u00f3sofo Fernando Savater realiz\u00f3 unas reflexiones sobre las prioridades y enmiendas que debemos realizar despu\u00e9s...\" \/>\n<meta property=\"og:url\" content=\"https:\/\/webdelmaestrocmf.com\/portal\/fernando-savater-que-la-pandemia-nos-haga-mas-solidarios-agradecidos-y-cientificos\/\" \/>\n<meta property=\"og:site_name\" content=\"Web del Maestro CMF\" \/>\n<meta property=\"article:publisher\" content=\"https:\/\/www.facebook.com\/WebdelMaestroCMF\/\" \/>\n<meta property=\"article:author\" content=\"https:\/\/www.facebook.com\/WebdelMaestroCMF\/\" \/>\n<meta property=\"article:published_time\" content=\"2020-08-17T03:50:30+00:00\" \/>\n<meta property=\"article:modified_time\" content=\"2020-08-17T14:06:12+00:00\" \/>\n<meta property=\"og:image\" content=\"https:\/\/i0.wp.com\/webdelmaestrocmf.com\/portal\/wp-content\/uploads\/2020\/08\/2-copia-1.jpg?fit=1100%2C680&ssl=1\" \/>\n\t<meta property=\"og:image:width\" content=\"1100\" \/>\n\t<meta property=\"og:image:height\" content=\"680\" \/>\n\t<meta property=\"og:image:type\" content=\"image\/jpeg\" \/>\n<meta name=\"author\" content=\"Web del Maestro CMF\" \/>\n<meta name=\"twitter:card\" content=\"summary_large_image\" \/>\n<meta name=\"twitter:creator\" content=\"@cmf_w\" \/>\n<meta name=\"twitter:site\" content=\"@cmf_w\" \/>\n<script type=\"application\/ld+json\" class=\"yoast-schema-graph\">{\"@context\":\"https:\\\/\\\/schema.org\",\"@graph\":[{\"@type\":\"ScholarlyArticle\",\"@id\":\"https:\\\/\\\/webdelmaestrocmf.com\\\/portal\\\/fernando-savater-que-la-pandemia-nos-haga-mas-solidarios-agradecidos-y-cientificos\\\/#article\",\"isPartOf\":{\"@id\":\"https:\\\/\\\/webdelmaestrocmf.com\\\/portal\\\/fernando-savater-que-la-pandemia-nos-haga-mas-solidarios-agradecidos-y-cientificos\\\/\"},\"author\":{\"name\":\"Web del Maestro CMF\",\"@id\":\"https:\\\/\\\/webdelmaestrocmf.com\\\/portal\\\/#\\\/schema\\\/person\\\/1072a2ed7bd960df8ef99a551fa35dc5\"},\"headline\":\"Fernando Savater: Que la pandemia nos haga m\u00e1s solidarios, agradecidos y cient\u00edficos\",\"datePublished\":\"2020-08-17T03:50:30+00:00\",\"dateModified\":\"2020-08-17T14:06:12+00:00\",\"mainEntityOfPage\":{\"@id\":\"https:\\\/\\\/webdelmaestrocmf.com\\\/portal\\\/fernando-savater-que-la-pandemia-nos-haga-mas-solidarios-agradecidos-y-cientificos\\\/\"},\"wordCount\":907,\"commentCount\":0,\"publisher\":{\"@id\":\"https:\\\/\\\/webdelmaestrocmf.com\\\/portal\\\/#organization\"},\"image\":{\"@id\":\"https:\\\/\\\/webdelmaestrocmf.com\\\/portal\\\/fernando-savater-que-la-pandemia-nos-haga-mas-solidarios-agradecidos-y-cientificos\\\/#primaryimage\"},\"thumbnailUrl\":\"https:\\\/\\\/webdelmaestrocmf.com\\\/portal\\\/wp-content\\\/uploads\\\/2020\\\/08\\\/2-copia-1.jpg\",\"keywords\":[\"agradecidos\",\"cient\u00edficos\",\"FERNANDO SAVATER\",\"HAGA\",\"pandemia\",\"solidarios\"],\"articleSection\":[\"Entrevistas\",\"Noticias\"],\"inLanguage\":\"es\",\"potentialAction\":[{\"@type\":\"CommentAction\",\"name\":\"Comment\",\"target\":[\"https:\\\/\\\/webdelmaestrocmf.com\\\/portal\\\/fernando-savater-que-la-pandemia-nos-haga-mas-solidarios-agradecidos-y-cientificos\\\/#respond\"]}]},{\"@type\":\"WebPage\",\"@id\":\"https:\\\/\\\/webdelmaestrocmf.com\\\/portal\\\/fernando-savater-que-la-pandemia-nos-haga-mas-solidarios-agradecidos-y-cientificos\\\/\",\"url\":\"https:\\\/\\\/webdelmaestrocmf.com\\\/portal\\\/fernando-savater-que-la-pandemia-nos-haga-mas-solidarios-agradecidos-y-cientificos\\\/\",\"name\":\"Fernando Savater: Que la pandemia nos haga m\u00e1s solidarios, agradecidos y cient\u00edficos - 2026\",\"isPartOf\":{\"@id\":\"https:\\\/\\\/webdelmaestrocmf.com\\\/portal\\\/#website\"},\"primaryImageOfPage\":{\"@id\":\"https:\\\/\\\/webdelmaestrocmf.com\\\/portal\\\/fernando-savater-que-la-pandemia-nos-haga-mas-solidarios-agradecidos-y-cientificos\\\/#primaryimage\"},\"image\":{\"@id\":\"https:\\\/\\\/webdelmaestrocmf.com\\\/portal\\\/fernando-savater-que-la-pandemia-nos-haga-mas-solidarios-agradecidos-y-cientificos\\\/#primaryimage\"},\"thumbnailUrl\":\"https:\\\/\\\/webdelmaestrocmf.com\\\/portal\\\/wp-content\\\/uploads\\\/2020\\\/08\\\/2-copia-1.jpg\",\"datePublished\":\"2020-08-17T03:50:30+00:00\",\"dateModified\":\"2020-08-17T14:06:12+00:00\",\"description\":\"El escritor y fil\u00f3sofo Fernando Savater realiz\u00f3 unas reflexiones sobre las prioridades y enmiendas que debemos realizar despu\u00e9s...\",\"breadcrumb\":{\"@id\":\"https:\\\/\\\/webdelmaestrocmf.com\\\/portal\\\/fernando-savater-que-la-pandemia-nos-haga-mas-solidarios-agradecidos-y-cientificos\\\/#breadcrumb\"},\"inLanguage\":\"es\",\"potentialAction\":[{\"@type\":\"ReadAction\",\"target\":[\"https:\\\/\\\/webdelmaestrocmf.com\\\/portal\\\/fernando-savater-que-la-pandemia-nos-haga-mas-solidarios-agradecidos-y-cientificos\\\/\"]}]},{\"@type\":\"ImageObject\",\"inLanguage\":\"es\",\"@id\":\"https:\\\/\\\/webdelmaestrocmf.com\\\/portal\\\/fernando-savater-que-la-pandemia-nos-haga-mas-solidarios-agradecidos-y-cientificos\\\/#primaryimage\",\"url\":\"https:\\\/\\\/webdelmaestrocmf.com\\\/portal\\\/wp-content\\\/uploads\\\/2020\\\/08\\\/2-copia-1.jpg\",\"contentUrl\":\"https:\\\/\\\/webdelmaestrocmf.com\\\/portal\\\/wp-content\\\/uploads\\\/2020\\\/08\\\/2-copia-1.jpg\",\"width\":1100,\"height\":680},{\"@type\":\"BreadcrumbList\",\"@id\":\"https:\\\/\\\/webdelmaestrocmf.com\\\/portal\\\/fernando-savater-que-la-pandemia-nos-haga-mas-solidarios-agradecidos-y-cientificos\\\/#breadcrumb\",\"itemListElement\":[{\"@type\":\"ListItem\",\"position\":1,\"name\":\"Portada\",\"item\":\"https:\\\/\\\/webdelmaestrocmf.com\\\/portal\\\/\"},{\"@type\":\"ListItem\",\"position\":2,\"name\":\"Noticias\",\"item\":\"https:\\\/\\\/webdelmaestrocmf.com\\\/portal\\\/category\\\/noticias\\\/\"},{\"@type\":\"ListItem\",\"position\":3,\"name\":\"Fernando Savater: Que la pandemia nos haga m\u00e1s solidarios, agradecidos y cient\u00edficos\"}]},{\"@type\":\"WebSite\",\"@id\":\"https:\\\/\\\/webdelmaestrocmf.com\\\/portal\\\/#website\",\"url\":\"https:\\\/\\\/webdelmaestrocmf.com\\\/portal\\\/\",\"name\":\"Web del Maestro CMF\",\"description\":\"Maestros al servicio de la educaci\u00f3n\",\"publisher\":{\"@id\":\"https:\\\/\\\/webdelmaestrocmf.com\\\/portal\\\/#organization\"},\"alternateName\":\"WMCMF\",\"potentialAction\":[{\"@type\":\"SearchAction\",\"target\":{\"@type\":\"EntryPoint\",\"urlTemplate\":\"https:\\\/\\\/webdelmaestrocmf.com\\\/portal\\\/?s={search_term_string}\"},\"query-input\":{\"@type\":\"PropertyValueSpecification\",\"valueRequired\":true,\"valueName\":\"search_term_string\"}}],\"inLanguage\":\"es\"},{\"@type\":\"Organization\",\"@id\":\"https:\\\/\\\/webdelmaestrocmf.com\\\/portal\\\/#organization\",\"name\":\"Web del Maestro CMF\",\"alternateName\":\"WMCMF\",\"url\":\"https:\\\/\\\/webdelmaestrocmf.com\\\/portal\\\/\",\"logo\":{\"@type\":\"ImageObject\",\"inLanguage\":\"es\",\"@id\":\"https:\\\/\\\/webdelmaestrocmf.com\\\/portal\\\/#\\\/schema\\\/logo\\\/image\\\/\",\"url\":\"https:\\\/\\\/webdelmaestrocmf.com\\\/portal\\\/wp-content\\\/uploads\\\/2023\\\/01\\\/logo-wmcmf-2.png\",\"contentUrl\":\"https:\\\/\\\/webdelmaestrocmf.com\\\/portal\\\/wp-content\\\/uploads\\\/2023\\\/01\\\/logo-wmcmf-2.png\",\"width\":200,\"height\":60,\"caption\":\"Web del Maestro CMF\"},\"image\":{\"@id\":\"https:\\\/\\\/webdelmaestrocmf.com\\\/portal\\\/#\\\/schema\\\/logo\\\/image\\\/\"},\"sameAs\":[\"https:\\\/\\\/www.facebook.com\\\/WebdelMaestroCMF\\\/\",\"https:\\\/\\\/x.com\\\/cmf_w\",\"https:\\\/\\\/www.pinterest.com\\\/WMCMF\\\/\",\"https:\\\/\\\/www.linkedin.com\\\/company\\\/web-del-maestro-cmf\\\/\",\"https:\\\/\\\/www.instagram.com\\\/wmcmf\\\/\",\"https:\\\/\\\/www.youtube.com\\\/channel\\\/UCDPSvjbdodE5sHnC3OxutHw\",\"https:\\\/\\\/mastodon.social\\\/@wmcmf\",\"https:\\\/\\\/www.tiktok.com\\\/@webdelmaestrocmf\"]},{\"@type\":\"Person\",\"@id\":\"https:\\\/\\\/webdelmaestrocmf.com\\\/portal\\\/#\\\/schema\\\/person\\\/1072a2ed7bd960df8ef99a551fa35dc5\",\"name\":\"Web del Maestro CMF\",\"image\":{\"@type\":\"ImageObject\",\"inLanguage\":\"es\",\"@id\":\"https:\\\/\\\/secure.gravatar.com\\\/avatar\\\/23291dd5b5ae1077dcff3dbb04c3e02bd28403fa75af6d8787d5e97c5bbbe30b?s=96&d=mm&r=g\",\"url\":\"https:\\\/\\\/secure.gravatar.com\\\/avatar\\\/23291dd5b5ae1077dcff3dbb04c3e02bd28403fa75af6d8787d5e97c5bbbe30b?s=96&d=mm&r=g\",\"contentUrl\":\"https:\\\/\\\/secure.gravatar.com\\\/avatar\\\/23291dd5b5ae1077dcff3dbb04c3e02bd28403fa75af6d8787d5e97c5bbbe30b?s=96&d=mm&r=g\",\"caption\":\"Web del Maestro CMF\"},\"description\":\"Esta Web se cre\u00f3 sin fines de lucro, con fines educativos, cient\u00edficos y acad\u00e9micos, para personas que tengan dificultades y\\\/o inconvenientes en visualizar el material original. El objetivo es entregar recursos, compartir experiencias y materiales que ayuden a los padres de familia, maestros y estudiantes en su actualizaci\u00f3n y formaci\u00f3n permanente, en bien de la Educaci\u00f3n.\",\"sameAs\":[\"http:\\\/\\\/webdelmaestrocmf.com\\\/portal\",\"https:\\\/\\\/www.facebook.com\\\/WebdelMaestroCMF\\\/\",\"https:\\\/\\\/www.instagram.com\\\/wmcmf\\\/\",\"https:\\\/\\\/cl.linkedin.com\\\/company\\\/web-del-maestro-cmf\",\"https:\\\/\\\/www.pinterest.com\\\/WMCMF\\\/publicaciones\\\/\",\"https:\\\/\\\/x.com\\\/cmf_w\",\"https:\\\/\\\/www.youtube.com\\\/@WMCMF\"]}]}<\/script>\n<!-- \/ Yoast SEO plugin. -->","yoast_head_json":{"title":"Fernando Savater: Que la pandemia nos haga m\u00e1s solidarios, agradecidos y cient\u00edficos - 2026","description":"El escritor y fil\u00f3sofo Fernando Savater realiz\u00f3 unas reflexiones sobre las prioridades y enmiendas que debemos realizar despu\u00e9s...","robots":{"index":"index","follow":"follow","max-snippet":"max-snippet:-1","max-image-preview":"max-image-preview:large","max-video-preview":"max-video-preview:-1"},"canonical":"https:\/\/webdelmaestrocmf.com\/portal\/fernando-savater-que-la-pandemia-nos-haga-mas-solidarios-agradecidos-y-cientificos\/","og_locale":"es_ES","og_type":"article","og_title":"Fernando Savater: Que la pandemia nos haga m\u00e1s solidarios, agradecidos y cient\u00edficos - 2026","og_description":"El escritor y fil\u00f3sofo Fernando Savater realiz\u00f3 unas reflexiones sobre las prioridades y enmiendas que debemos realizar despu\u00e9s...","og_url":"https:\/\/webdelmaestrocmf.com\/portal\/fernando-savater-que-la-pandemia-nos-haga-mas-solidarios-agradecidos-y-cientificos\/","og_site_name":"Web del Maestro CMF","article_publisher":"https:\/\/www.facebook.com\/WebdelMaestroCMF\/","article_author":"https:\/\/www.facebook.com\/WebdelMaestroCMF\/","article_published_time":"2020-08-17T03:50:30+00:00","article_modified_time":"2020-08-17T14:06:12+00:00","og_image":[{"width":1100,"height":680,"url":"https:\/\/i0.wp.com\/webdelmaestrocmf.com\/portal\/wp-content\/uploads\/2020\/08\/2-copia-1.jpg?fit=1100%2C680&ssl=1","type":"image\/jpeg"}],"author":"Web del Maestro CMF","twitter_card":"summary_large_image","twitter_creator":"@cmf_w","twitter_site":"@cmf_w","schema":{"@context":"https:\/\/schema.org","@graph":[{"@type":"ScholarlyArticle","@id":"https:\/\/webdelmaestrocmf.com\/portal\/fernando-savater-que-la-pandemia-nos-haga-mas-solidarios-agradecidos-y-cientificos\/#article","isPartOf":{"@id":"https:\/\/webdelmaestrocmf.com\/portal\/fernando-savater-que-la-pandemia-nos-haga-mas-solidarios-agradecidos-y-cientificos\/"},"author":{"name":"Web del Maestro CMF","@id":"https:\/\/webdelmaestrocmf.com\/portal\/#\/schema\/person\/1072a2ed7bd960df8ef99a551fa35dc5"},"headline":"Fernando Savater: Que la pandemia nos haga m\u00e1s solidarios, agradecidos y cient\u00edficos","datePublished":"2020-08-17T03:50:30+00:00","dateModified":"2020-08-17T14:06:12+00:00","mainEntityOfPage":{"@id":"https:\/\/webdelmaestrocmf.com\/portal\/fernando-savater-que-la-pandemia-nos-haga-mas-solidarios-agradecidos-y-cientificos\/"},"wordCount":907,"commentCount":0,"publisher":{"@id":"https:\/\/webdelmaestrocmf.com\/portal\/#organization"},"image":{"@id":"https:\/\/webdelmaestrocmf.com\/portal\/fernando-savater-que-la-pandemia-nos-haga-mas-solidarios-agradecidos-y-cientificos\/#primaryimage"},"thumbnailUrl":"https:\/\/webdelmaestrocmf.com\/portal\/wp-content\/uploads\/2020\/08\/2-copia-1.jpg","keywords":["agradecidos","cient\u00edficos","FERNANDO SAVATER","HAGA","pandemia","solidarios"],"articleSection":["Entrevistas","Noticias"],"inLanguage":"es","potentialAction":[{"@type":"CommentAction","name":"Comment","target":["https:\/\/webdelmaestrocmf.com\/portal\/fernando-savater-que-la-pandemia-nos-haga-mas-solidarios-agradecidos-y-cientificos\/#respond"]}]},{"@type":"WebPage","@id":"https:\/\/webdelmaestrocmf.com\/portal\/fernando-savater-que-la-pandemia-nos-haga-mas-solidarios-agradecidos-y-cientificos\/","url":"https:\/\/webdelmaestrocmf.com\/portal\/fernando-savater-que-la-pandemia-nos-haga-mas-solidarios-agradecidos-y-cientificos\/","name":"Fernando Savater: Que la pandemia nos haga m\u00e1s solidarios, agradecidos y cient\u00edficos - 2026","isPartOf":{"@id":"https:\/\/webdelmaestrocmf.com\/portal\/#website"},"primaryImageOfPage":{"@id":"https:\/\/webdelmaestrocmf.com\/portal\/fernando-savater-que-la-pandemia-nos-haga-mas-solidarios-agradecidos-y-cientificos\/#primaryimage"},"image":{"@id":"https:\/\/webdelmaestrocmf.com\/portal\/fernando-savater-que-la-pandemia-nos-haga-mas-solidarios-agradecidos-y-cientificos\/#primaryimage"},"thumbnailUrl":"https:\/\/webdelmaestrocmf.com\/portal\/wp-content\/uploads\/2020\/08\/2-copia-1.jpg","datePublished":"2020-08-17T03:50:30+00:00","dateModified":"2020-08-17T14:06:12+00:00","description":"El escritor y fil\u00f3sofo Fernando Savater realiz\u00f3 unas reflexiones sobre las prioridades y enmiendas que debemos realizar despu\u00e9s...","breadcrumb":{"@id":"https:\/\/webdelmaestrocmf.com\/portal\/fernando-savater-que-la-pandemia-nos-haga-mas-solidarios-agradecidos-y-cientificos\/#breadcrumb"},"inLanguage":"es","potentialAction":[{"@type":"ReadAction","target":["https:\/\/webdelmaestrocmf.com\/portal\/fernando-savater-que-la-pandemia-nos-haga-mas-solidarios-agradecidos-y-cientificos\/"]}]},{"@type":"ImageObject","inLanguage":"es","@id":"https:\/\/webdelmaestrocmf.com\/portal\/fernando-savater-que-la-pandemia-nos-haga-mas-solidarios-agradecidos-y-cientificos\/#primaryimage","url":"https:\/\/webdelmaestrocmf.com\/portal\/wp-content\/uploads\/2020\/08\/2-copia-1.jpg","contentUrl":"https:\/\/webdelmaestrocmf.com\/portal\/wp-content\/uploads\/2020\/08\/2-copia-1.jpg","width":1100,"height":680},{"@type":"BreadcrumbList","@id":"https:\/\/webdelmaestrocmf.com\/portal\/fernando-savater-que-la-pandemia-nos-haga-mas-solidarios-agradecidos-y-cientificos\/#breadcrumb","itemListElement":[{"@type":"ListItem","position":1,"name":"Portada","item":"https:\/\/webdelmaestrocmf.com\/portal\/"},{"@type":"ListItem","position":2,"name":"Noticias","item":"https:\/\/webdelmaestrocmf.com\/portal\/category\/noticias\/"},{"@type":"ListItem","position":3,"name":"Fernando Savater: Que la pandemia nos haga m\u00e1s solidarios, agradecidos y cient\u00edficos"}]},{"@type":"WebSite","@id":"https:\/\/webdelmaestrocmf.com\/portal\/#website","url":"https:\/\/webdelmaestrocmf.com\/portal\/","name":"Web del Maestro CMF","description":"Maestros al servicio de la educaci\u00f3n","publisher":{"@id":"https:\/\/webdelmaestrocmf.com\/portal\/#organization"},"alternateName":"WMCMF","potentialAction":[{"@type":"SearchAction","target":{"@type":"EntryPoint","urlTemplate":"https:\/\/webdelmaestrocmf.com\/portal\/?s={search_term_string}"},"query-input":{"@type":"PropertyValueSpecification","valueRequired":true,"valueName":"search_term_string"}}],"inLanguage":"es"},{"@type":"Organization","@id":"https:\/\/webdelmaestrocmf.com\/portal\/#organization","name":"Web del Maestro CMF","alternateName":"WMCMF","url":"https:\/\/webdelmaestrocmf.com\/portal\/","logo":{"@type":"ImageObject","inLanguage":"es","@id":"https:\/\/webdelmaestrocmf.com\/portal\/#\/schema\/logo\/image\/","url":"https:\/\/webdelmaestrocmf.com\/portal\/wp-content\/uploads\/2023\/01\/logo-wmcmf-2.png","contentUrl":"https:\/\/webdelmaestrocmf.com\/portal\/wp-content\/uploads\/2023\/01\/logo-wmcmf-2.png","width":200,"height":60,"caption":"Web del Maestro CMF"},"image":{"@id":"https:\/\/webdelmaestrocmf.com\/portal\/#\/schema\/logo\/image\/"},"sameAs":["https:\/\/www.facebook.com\/WebdelMaestroCMF\/","https:\/\/x.com\/cmf_w","https:\/\/www.pinterest.com\/WMCMF\/","https:\/\/www.linkedin.com\/company\/web-del-maestro-cmf\/","https:\/\/www.instagram.com\/wmcmf\/","https:\/\/www.youtube.com\/channel\/UCDPSvjbdodE5sHnC3OxutHw","https:\/\/mastodon.social\/@wmcmf","https:\/\/www.tiktok.com\/@webdelmaestrocmf"]},{"@type":"Person","@id":"https:\/\/webdelmaestrocmf.com\/portal\/#\/schema\/person\/1072a2ed7bd960df8ef99a551fa35dc5","name":"Web del Maestro CMF","image":{"@type":"ImageObject","inLanguage":"es","@id":"https:\/\/secure.gravatar.com\/avatar\/23291dd5b5ae1077dcff3dbb04c3e02bd28403fa75af6d8787d5e97c5bbbe30b?s=96&d=mm&r=g","url":"https:\/\/secure.gravatar.com\/avatar\/23291dd5b5ae1077dcff3dbb04c3e02bd28403fa75af6d8787d5e97c5bbbe30b?s=96&d=mm&r=g","contentUrl":"https:\/\/secure.gravatar.com\/avatar\/23291dd5b5ae1077dcff3dbb04c3e02bd28403fa75af6d8787d5e97c5bbbe30b?s=96&d=mm&r=g","caption":"Web del Maestro CMF"},"description":"Esta Web se cre\u00f3 sin fines de lucro, con fines educativos, cient\u00edficos y acad\u00e9micos, para personas que tengan dificultades y\/o inconvenientes en visualizar el material original. El objetivo es entregar recursos, compartir experiencias y materiales que ayuden a los padres de familia, maestros y estudiantes en su actualizaci\u00f3n y formaci\u00f3n permanente, en bien de la Educaci\u00f3n.","sameAs":["http:\/\/webdelmaestrocmf.com\/portal","https:\/\/www.facebook.com\/WebdelMaestroCMF\/","https:\/\/www.instagram.com\/wmcmf\/","https:\/\/cl.linkedin.com\/company\/web-del-maestro-cmf","https:\/\/www.pinterest.com\/WMCMF\/publicaciones\/","https:\/\/x.com\/cmf_w","https:\/\/www.youtube.com\/@WMCMF"]}]}},"jetpack_featured_media_url":"https:\/\/webdelmaestrocmf.com\/portal\/wp-content\/uploads\/2020\/08\/2-copia-1.jpg","jetpack_sharing_enabled":true,"jetpack-related-posts":[{"id":47127,"url":"https:\/\/webdelmaestrocmf.com\/portal\/fernando-savater-la-educacion-es-un-servicio-caro-complejo-y-que-genera-todo-tipo-de-dificultades-en-muchos-paises\/","url_meta":{"origin":50090,"position":0},"title":"Fernando Savater: La educaci\u00f3n es un servicio caro, complejo y que genera todo tipo de dificultades en muchos pa\u00edses","author":"Web del Maestro CMF","date":"4 abril, 2021","format":false,"excerpt":"La revista la Revista Ethic de la Fundaci\u00f3n BBVA, ha publicado en su ciclo Reflexiones en mitad de la crisis, una entrevista de su fundador y editor Pablo Bl\u00e1zquez al fil\u00f3sofo espa\u00f1ol Fernando Savater, de la cual compartimos (partes escogidas por nosotros) por motivos \u00fanicamente educativos y formaci\u00f3n permanente que\u2026","rel":"","context":"En \u00abEntrevistas\u00bb","block_context":{"text":"Entrevistas","link":"https:\/\/webdelmaestrocmf.com\/portal\/category\/noticias\/entrevistas\/"},"img":{"alt_text":"","src":"https:\/\/i0.wp.com\/webdelmaestrocmf.com\/portal\/wp-content\/uploads\/2021\/04\/1-copia-3.jpg?resize=350%2C200&ssl=1","width":350,"height":200,"srcset":"https:\/\/i0.wp.com\/webdelmaestrocmf.com\/portal\/wp-content\/uploads\/2021\/04\/1-copia-3.jpg?resize=350%2C200&ssl=1 1x, https:\/\/i0.wp.com\/webdelmaestrocmf.com\/portal\/wp-content\/uploads\/2021\/04\/1-copia-3.jpg?resize=525%2C300&ssl=1 1.5x, https:\/\/i0.wp.com\/webdelmaestrocmf.com\/portal\/wp-content\/uploads\/2021\/04\/1-copia-3.jpg?resize=700%2C400&ssl=1 2x, https:\/\/i0.wp.com\/webdelmaestrocmf.com\/portal\/wp-content\/uploads\/2021\/04\/1-copia-3.jpg?resize=1050%2C600&ssl=1 3x"},"classes":[]},{"id":51793,"url":"https:\/\/webdelmaestrocmf.com\/portal\/david-auris-educacion-post-pandemia\/","url_meta":{"origin":50090,"position":1},"title":"[David Auris] Educaci\u00f3n post pandemia","author":"Web del Maestro CMF","date":"19 septiembre, 2020","format":false,"excerpt":"\u00bfEstamos dispuestos a ser solidarios y equitativos con los dem\u00e1s? Aunque no poseamos la bolita m\u00e1gica de los adivinos, podemos configurar una mejor sociedad. Superada esta pandemia, iniciaremos nuestro hist\u00f3rico desaf\u00edo, hacer de la educaci\u00f3n, una herramienta m\u00e1s equitativa, con el objetivo de construir una sociedad, homo sapiens solidarius, para\u2026","rel":"","context":"En \u00abZ-Colaborador-David-Auris\u00bb","block_context":{"text":"Z-Colaborador-David-Auris","link":"https:\/\/webdelmaestrocmf.com\/portal\/category\/colaborador\/z-colaborador-david-auris\/"},"img":{"alt_text":"","src":"https:\/\/i0.wp.com\/webdelmaestrocmf.com\/portal\/wp-content\/uploads\/2020\/09\/1-copia-76.jpg?resize=350%2C200&ssl=1","width":350,"height":200,"srcset":"https:\/\/i0.wp.com\/webdelmaestrocmf.com\/portal\/wp-content\/uploads\/2020\/09\/1-copia-76.jpg?resize=350%2C200&ssl=1 1x, https:\/\/i0.wp.com\/webdelmaestrocmf.com\/portal\/wp-content\/uploads\/2020\/09\/1-copia-76.jpg?resize=525%2C300&ssl=1 1.5x, https:\/\/i0.wp.com\/webdelmaestrocmf.com\/portal\/wp-content\/uploads\/2020\/09\/1-copia-76.jpg?resize=700%2C400&ssl=1 2x, https:\/\/i0.wp.com\/webdelmaestrocmf.com\/portal\/wp-content\/uploads\/2020\/09\/1-copia-76.jpg?resize=1050%2C600&ssl=1 3x"},"classes":[]},{"id":23973,"url":"https:\/\/webdelmaestrocmf.com\/portal\/los-sabios-malos-profesores-no-entienden-la-ignorancia-los-demas\/","url_meta":{"origin":50090,"position":2},"title":"Fernando Savater: Los sabios son malos profesores porque no entienden la ignorancia de los dem\u00e1s","author":"Web del Maestro CMF","date":"28 diciembre, 2023","format":false,"excerpt":"Yo comprendo muy bien lo que no comprenden los dem\u00e1s.","rel":"","context":"En \u00abEntrevistas\u00bb","block_context":{"text":"Entrevistas","link":"https:\/\/webdelmaestrocmf.com\/portal\/category\/noticias\/entrevistas\/"},"img":{"alt_text":"","src":"https:\/\/i0.wp.com\/webdelmaestrocmf.com\/portal\/wp-content\/uploads\/2017\/12\/1-11.jpeg?resize=350%2C200&ssl=1","width":350,"height":200,"srcset":"https:\/\/i0.wp.com\/webdelmaestrocmf.com\/portal\/wp-content\/uploads\/2017\/12\/1-11.jpeg?resize=350%2C200&ssl=1 1x, https:\/\/i0.wp.com\/webdelmaestrocmf.com\/portal\/wp-content\/uploads\/2017\/12\/1-11.jpeg?resize=525%2C300&ssl=1 1.5x, https:\/\/i0.wp.com\/webdelmaestrocmf.com\/portal\/wp-content\/uploads\/2017\/12\/1-11.jpeg?resize=700%2C400&ssl=1 2x, https:\/\/i0.wp.com\/webdelmaestrocmf.com\/portal\/wp-content\/uploads\/2017\/12\/1-11.jpeg?resize=1050%2C600&ssl=1 3x"},"classes":[]},{"id":72703,"url":"https:\/\/webdelmaestrocmf.com\/portal\/fernando-savater-si-el-profesor-esta-inspirado-la-filosofia-se-puede-convertir-en-la-mejor-asignatura\/","url_meta":{"origin":50090,"position":3},"title":"Fernando Savater: Si el profesor est\u00e1 inspirado, la filosof\u00eda se puede convertir en la mejor asignatura","author":"Web del Maestro CMF","date":"4 enero, 2022","format":false,"excerpt":"El profesor de Filosof\u00eda y escritor espa\u00f1ol, Fernando Fern\u00e1ndez-Savater Mart\u00edn (1947), estudi\u00f3 de Filosof\u00eda y Letras en Madrid en la Universidad Complutense de Madrid, y fue incorporado como profesor de Historia de la Filosof\u00eda en la Facultad de Ciencias Pol\u00edticas en la Universidad Aut\u00f3noma de Madrid, de la que fue\u2026","rel":"","context":"En \u00abEntrevistas\u00bb","block_context":{"text":"Entrevistas","link":"https:\/\/webdelmaestrocmf.com\/portal\/category\/noticias\/entrevistas\/"},"img":{"alt_text":"","src":"https:\/\/i0.wp.com\/webdelmaestrocmf.com\/portal\/wp-content\/uploads\/2022\/01\/1-11.jpeg?resize=350%2C200&ssl=1","width":350,"height":200,"srcset":"https:\/\/i0.wp.com\/webdelmaestrocmf.com\/portal\/wp-content\/uploads\/2022\/01\/1-11.jpeg?resize=350%2C200&ssl=1 1x, https:\/\/i0.wp.com\/webdelmaestrocmf.com\/portal\/wp-content\/uploads\/2022\/01\/1-11.jpeg?resize=525%2C300&ssl=1 1.5x, https:\/\/i0.wp.com\/webdelmaestrocmf.com\/portal\/wp-content\/uploads\/2022\/01\/1-11.jpeg?resize=700%2C400&ssl=1 2x, https:\/\/i0.wp.com\/webdelmaestrocmf.com\/portal\/wp-content\/uploads\/2022\/01\/1-11.jpeg?resize=1050%2C600&ssl=1 3x"},"classes":[]},{"id":18779,"url":"https:\/\/webdelmaestrocmf.com\/portal\/docente-la-literatura-sirve-multiplicar-nuestra-alma\/","url_meta":{"origin":50090,"position":4},"title":"Maestro, la literatura sirve para multiplicar nuestra alma","author":"Web del Maestro CMF","date":"28 mayo, 2017","format":false,"excerpt":"Para Fernando Savater la educaci\u00f3n es lo que lucha contra esa fatalidad que hace que el pobre siempre tenga que tener hijos pobres y que el ignorante siempre tenga que tener hijos ignorantes. Compartimos con fines \u00fanicamente educativos - pastorales la siguiente entrada que ha sido publicada en La Jornada\u2026","rel":"","context":"En \u00abLeer\u00bb","block_context":{"text":"Leer","link":"https:\/\/webdelmaestrocmf.com\/portal\/category\/pedagogia\/leer\/"},"img":{"alt_text":"","src":"https:\/\/i0.wp.com\/webdelmaestrocmf.com\/portal\/wp-content\/uploads\/2017\/05\/Banner-Facebook-2023-9.jpg?resize=350%2C200&ssl=1","width":350,"height":200,"srcset":"https:\/\/i0.wp.com\/webdelmaestrocmf.com\/portal\/wp-content\/uploads\/2017\/05\/Banner-Facebook-2023-9.jpg?resize=350%2C200&ssl=1 1x, https:\/\/i0.wp.com\/webdelmaestrocmf.com\/portal\/wp-content\/uploads\/2017\/05\/Banner-Facebook-2023-9.jpg?resize=525%2C300&ssl=1 1.5x, https:\/\/i0.wp.com\/webdelmaestrocmf.com\/portal\/wp-content\/uploads\/2017\/05\/Banner-Facebook-2023-9.jpg?resize=700%2C400&ssl=1 2x"},"classes":[]},{"id":26432,"url":"https:\/\/webdelmaestrocmf.com\/portal\/25-frases-de-fernando-savater-para-reflexionar-sobre-la-educacion-la-filosofia-y-los-valores\/","url_meta":{"origin":50090,"position":5},"title":"25 frases de Fernando Savater, para reflexionar sobre la educaci\u00f3n, la filosof\u00eda y los valores","author":"Web del Maestro CMF","date":"18 mayo, 2019","format":false,"excerpt":"Para quienes estamos en el mundo de la educaci\u00f3n ya sea por ser padres de familia y\/o profesores, habremos escuchado sobre la necesidad de una \u201ceducaci\u00f3n en valores\u201d para evitar las \u201ccrisis de valores\u201d y no caer en el \u201crelativismo moral\u201d exagerado. \u201cSi todo vale o si nadie puede establecer\u2026","rel":"","context":"En \u00abEntrevistas\u00bb","block_context":{"text":"Entrevistas","link":"https:\/\/webdelmaestrocmf.com\/portal\/category\/noticias\/entrevistas\/"},"img":{"alt_text":"","src":"https:\/\/i0.wp.com\/webdelmaestrocmf.com\/portal\/wp-content\/uploads\/2018\/02\/3-3.jpg?resize=350%2C200&ssl=1","width":350,"height":200,"srcset":"https:\/\/i0.wp.com\/webdelmaestrocmf.com\/portal\/wp-content\/uploads\/2018\/02\/3-3.jpg?resize=350%2C200&ssl=1 1x, https:\/\/i0.wp.com\/webdelmaestrocmf.com\/portal\/wp-content\/uploads\/2018\/02\/3-3.jpg?resize=525%2C300&ssl=1 1.5x, https:\/\/i0.wp.com\/webdelmaestrocmf.com\/portal\/wp-content\/uploads\/2018\/02\/3-3.jpg?resize=700%2C400&ssl=1 2x, https:\/\/i0.wp.com\/webdelmaestrocmf.com\/portal\/wp-content\/uploads\/2018\/02\/3-3.jpg?resize=1050%2C600&ssl=1 3x"},"classes":[]}],"_links":{"self":[{"href":"https:\/\/webdelmaestrocmf.com\/portal\/wp-json\/wp\/v2\/posts\/50090","targetHints":{"allow":["GET"]}}],"collection":[{"href":"https:\/\/webdelmaestrocmf.com\/portal\/wp-json\/wp\/v2\/posts"}],"about":[{"href":"https:\/\/webdelmaestrocmf.com\/portal\/wp-json\/wp\/v2\/types\/post"}],"author":[{"embeddable":true,"href":"https:\/\/webdelmaestrocmf.com\/portal\/wp-json\/wp\/v2\/users\/1"}],"replies":[{"embeddable":true,"href":"https:\/\/webdelmaestrocmf.com\/portal\/wp-json\/wp\/v2\/comments?post=50090"}],"version-history":[{"count":0,"href":"https:\/\/webdelmaestrocmf.com\/portal\/wp-json\/wp\/v2\/posts\/50090\/revisions"}],"wp:featuredmedia":[{"embeddable":true,"href":"https:\/\/webdelmaestrocmf.com\/portal\/wp-json\/wp\/v2\/media\/50094"}],"wp:attachment":[{"href":"https:\/\/webdelmaestrocmf.com\/portal\/wp-json\/wp\/v2\/media?parent=50090"}],"wp:term":[{"taxonomy":"category","embeddable":true,"href":"https:\/\/webdelmaestrocmf.com\/portal\/wp-json\/wp\/v2\/categories?post=50090"},{"taxonomy":"post_tag","embeddable":true,"href":"https:\/\/webdelmaestrocmf.com\/portal\/wp-json\/wp\/v2\/tags?post=50090"}],"curies":[{"name":"wp","href":"https:\/\/api.w.org\/{rel}","templated":true}]}}