{"id":50003,"date":"2020-08-15T17:32:28","date_gmt":"2020-08-15T21:32:28","guid":{"rendered":"https:\/\/webdelmaestrocmf.com\/portal\/?p=50003"},"modified":"2020-08-15T17:37:06","modified_gmt":"2020-08-15T21:37:06","slug":"ejemplos-de-producto-proceso-final","status":"publish","type":"post","link":"https:\/\/webdelmaestrocmf.com\/portal\/ejemplos-de-producto-proceso-final\/","title":{"rendered":"Ejemplos de Producto \/ Proceso final"},"content":{"rendered":"<h5 style=\"text-align: justify;\">El proyecto debe concluir con la creaci\u00f3n de un producto o el desarrollo de un proceso final que permita al alumno poner en pr\u00e1ctica, organizar y difundir todo el trabajo realizado a lo largo del proyecto y poner en juego las nuevas competencias y habilidades adquiridas.<\/h5>\n<h5 style=\"text-align: justify;\">El producto se centrar\u00e1 en la creaci\u00f3n de recursos y la realizaci\u00f3n de procesos que impliquen la difusi\u00f3n (dentro y fuera del centro educativo) de todos los procesos, hablidades, competencias y contenidos trabajados.<\/h5>\n<p><!--more--><\/p>\n<p style=\"text-align: justify;\">Este producto final habr\u00e1 sido ya planteado en la introducci\u00f3n del proyecto y habr\u00e1 servido de elemento conector y gu\u00eda de las diferentes tareas pero es ahora cuando se dar\u00e1n las instrucciones expl\u00edcitas para llevarlo a cabo.<\/p>\n<p><img loading=\"lazy\" decoding=\"async\" class=\"alignnone size-full wp-image-50007\" src=\"https:\/\/webdelmaestrocmf.com\/portal\/wp-content\/uploads\/2020\/08\/1-65.jpg\" alt=\"\" width=\"761\" height=\"603\" srcset=\"https:\/\/webdelmaestrocmf.com\/portal\/wp-content\/uploads\/2020\/08\/1-65.jpg 761w, https:\/\/webdelmaestrocmf.com\/portal\/wp-content\/uploads\/2020\/08\/1-65-300x238.jpg 300w, https:\/\/webdelmaestrocmf.com\/portal\/wp-content\/uploads\/2020\/08\/1-65-110x87.jpg 110w, https:\/\/webdelmaestrocmf.com\/portal\/wp-content\/uploads\/2020\/08\/1-65-200x158.jpg 200w, https:\/\/webdelmaestrocmf.com\/portal\/wp-content\/uploads\/2020\/08\/1-65-380x301.jpg 380w, https:\/\/webdelmaestrocmf.com\/portal\/wp-content\/uploads\/2020\/08\/1-65-255x202.jpg 255w, https:\/\/webdelmaestrocmf.com\/portal\/wp-content\/uploads\/2020\/08\/1-65-550x436.jpg 550w\" sizes=\"auto, (max-width: 761px) 100vw, 761px\" \/><\/p>\n<p style=\"text-align: justify;\">En todos los casos, el desarrollo de este producto o proceso final se desarrollr a cabo en grupos cooperativos.<\/p>\n<p style=\"text-align: justify;\">El proyecto ocupar\u00e1 una p\u00e1gina del proyecto.<\/p>\n<p style=\"text-align: justify;\">La estructura de este apartado ser\u00e1 la siguiente:<\/p>\n<ul style=\"text-align: justify;\">\n<li>Introducci\u00f3n \/ motivaci\u00f3n.<\/li>\n<li>Descripci\u00f3n del proceso o producto final.<\/li>\n<li>Diario de aprendizaje.<\/li>\n<li>Reflexi\u00f3n final.<\/li>\n<\/ul>\n<p><img loading=\"lazy\" decoding=\"async\" class=\"alignnone size-full wp-image-50004\" src=\"https:\/\/webdelmaestrocmf.com\/portal\/wp-content\/uploads\/2020\/08\/Captura-de-Pantalla-2020-08-15-a-las-17.27.07.png\" alt=\"\" width=\"2560\" height=\"1729\" srcset=\"https:\/\/webdelmaestrocmf.com\/portal\/wp-content\/uploads\/2020\/08\/Captura-de-Pantalla-2020-08-15-a-las-17.27.07.png 2560w, https:\/\/webdelmaestrocmf.com\/portal\/wp-content\/uploads\/2020\/08\/Captura-de-Pantalla-2020-08-15-a-las-17.27.07-300x203.png 300w, https:\/\/webdelmaestrocmf.com\/portal\/wp-content\/uploads\/2020\/08\/Captura-de-Pantalla-2020-08-15-a-las-17.27.07-1024x692.png 1024w, https:\/\/webdelmaestrocmf.com\/portal\/wp-content\/uploads\/2020\/08\/Captura-de-Pantalla-2020-08-15-a-las-17.27.07-768x519.png 768w, https:\/\/webdelmaestrocmf.com\/portal\/wp-content\/uploads\/2020\/08\/Captura-de-Pantalla-2020-08-15-a-las-17.27.07-1536x1037.png 1536w, https:\/\/webdelmaestrocmf.com\/portal\/wp-content\/uploads\/2020\/08\/Captura-de-Pantalla-2020-08-15-a-las-17.27.07-2048x1383.png 2048w, https:\/\/webdelmaestrocmf.com\/portal\/wp-content\/uploads\/2020\/08\/Captura-de-Pantalla-2020-08-15-a-las-17.27.07-110x74.png 110w, https:\/\/webdelmaestrocmf.com\/portal\/wp-content\/uploads\/2020\/08\/Captura-de-Pantalla-2020-08-15-a-las-17.27.07-200x135.png 200w, https:\/\/webdelmaestrocmf.com\/portal\/wp-content\/uploads\/2020\/08\/Captura-de-Pantalla-2020-08-15-a-las-17.27.07-380x257.png 380w, https:\/\/webdelmaestrocmf.com\/portal\/wp-content\/uploads\/2020\/08\/Captura-de-Pantalla-2020-08-15-a-las-17.27.07-255x172.png 255w, https:\/\/webdelmaestrocmf.com\/portal\/wp-content\/uploads\/2020\/08\/Captura-de-Pantalla-2020-08-15-a-las-17.27.07-550x371.png 550w, https:\/\/webdelmaestrocmf.com\/portal\/wp-content\/uploads\/2020\/08\/Captura-de-Pantalla-2020-08-15-a-las-17.27.07-800x540.png 800w, https:\/\/webdelmaestrocmf.com\/portal\/wp-content\/uploads\/2020\/08\/Captura-de-Pantalla-2020-08-15-a-las-17.27.07-1160x783.png 1160w\" sizes=\"auto, (max-width: 2560px) 100vw, 2560px\" \/><\/p>\n<h5 class=\"iDeviceTitle\" style=\"text-align: justify;\"><strong>Introducci\u00f3n<\/strong><\/h5>\n<article id=\"id133\" class=\"iDevice_wrapper objectivesIdevice em_iDevice\">Un texto breve en el que se recuerda a los alumnos qu\u00e9 es lo que se ha trabajado a lo largo de las diferentes tareas y en el que se enuncia cu\u00e1l va a ser el producto o proceso final que van a tener que realizar. Debe incluir una ilustraci\u00f3n relacionada con el proceso o proyecto que se va a plantear.<\/article>\n<article id=\"id134\" class=\"iDevice_wrapper preknowledgeIdevice em_iDevice\">\n<h5 class=\"iDeviceTitle\" style=\"text-align: justify;\"><strong>Descripci\u00f3n del proceso o producto final<\/strong><\/h5>\n<article id=\"id134\" class=\"iDevice_wrapper preknowledgeIdevice em_iDevice\">\n<p style=\"text-align: justify;\">Se ofrece toda la informaci\u00f3n que el alumno necesita para saber qu\u00e9 va a tener qu\u00e9 hacer y c\u00f3mo va a tener que orientar su trabajo:<\/p>\n<ul>\n<li style=\"text-align: justify;\">Una descripci\u00f3n completa del producto o proceso que va a tener que desarrollar.<\/li>\n<li style=\"text-align: justify;\">Una sugerencia de c\u00f3mo organizar el trabajo. Esta sugerencia debe quedar lo suficientemente abierta para permitir a los alumnos adoptar caminos diferentes en la consecuci\u00f3n del objetivo planteado.<\/li>\n<li style=\"text-align: justify;\">Las r\u00fabricas de evaluaci\u00f3n con las que se evaluar\u00e1 este trabajo.<\/li>\n<li style=\"text-align: justify;\">Recursos \u00fatiles para el desarrollo del proceso o producto: fuentes de informaci\u00f3n, modelos de trabajo.<\/li>\n<li style=\"text-align: justify;\">Indicaciones para que el alumno busque o agregue sus propios recursos y fuentes de informaci\u00f3n.<\/li>\n<li>Informaci\u00f3n clara sobre c\u00f3mo se llevar\u00e1 a cabo la difusi\u00f3n del resultado.<\/li>\n<\/ul>\n<p><img loading=\"lazy\" decoding=\"async\" class=\"alignnone size-full wp-image-50005\" src=\"https:\/\/webdelmaestrocmf.com\/portal\/wp-content\/uploads\/2020\/08\/Captura-de-Pantalla-2020-08-15-a-las-17.29.46.png\" alt=\"\" width=\"2560\" height=\"1633\" srcset=\"https:\/\/webdelmaestrocmf.com\/portal\/wp-content\/uploads\/2020\/08\/Captura-de-Pantalla-2020-08-15-a-las-17.29.46.png 2560w, https:\/\/webdelmaestrocmf.com\/portal\/wp-content\/uploads\/2020\/08\/Captura-de-Pantalla-2020-08-15-a-las-17.29.46-300x191.png 300w, https:\/\/webdelmaestrocmf.com\/portal\/wp-content\/uploads\/2020\/08\/Captura-de-Pantalla-2020-08-15-a-las-17.29.46-1024x653.png 1024w, https:\/\/webdelmaestrocmf.com\/portal\/wp-content\/uploads\/2020\/08\/Captura-de-Pantalla-2020-08-15-a-las-17.29.46-768x490.png 768w, https:\/\/webdelmaestrocmf.com\/portal\/wp-content\/uploads\/2020\/08\/Captura-de-Pantalla-2020-08-15-a-las-17.29.46-1536x980.png 1536w, https:\/\/webdelmaestrocmf.com\/portal\/wp-content\/uploads\/2020\/08\/Captura-de-Pantalla-2020-08-15-a-las-17.29.46-2048x1306.png 2048w, https:\/\/webdelmaestrocmf.com\/portal\/wp-content\/uploads\/2020\/08\/Captura-de-Pantalla-2020-08-15-a-las-17.29.46-110x70.png 110w, https:\/\/webdelmaestrocmf.com\/portal\/wp-content\/uploads\/2020\/08\/Captura-de-Pantalla-2020-08-15-a-las-17.29.46-200x128.png 200w, https:\/\/webdelmaestrocmf.com\/portal\/wp-content\/uploads\/2020\/08\/Captura-de-Pantalla-2020-08-15-a-las-17.29.46-380x242.png 380w, https:\/\/webdelmaestrocmf.com\/portal\/wp-content\/uploads\/2020\/08\/Captura-de-Pantalla-2020-08-15-a-las-17.29.46-255x163.png 255w, https:\/\/webdelmaestrocmf.com\/portal\/wp-content\/uploads\/2020\/08\/Captura-de-Pantalla-2020-08-15-a-las-17.29.46-550x351.png 550w, https:\/\/webdelmaestrocmf.com\/portal\/wp-content\/uploads\/2020\/08\/Captura-de-Pantalla-2020-08-15-a-las-17.29.46-800x510.png 800w, https:\/\/webdelmaestrocmf.com\/portal\/wp-content\/uploads\/2020\/08\/Captura-de-Pantalla-2020-08-15-a-las-17.29.46-1160x740.png 1160w\" sizes=\"auto, (max-width: 2560px) 100vw, 2560px\" \/><\/p>\n<\/article>\n<article id=\"id135\" class=\"iDevice_wrapper activityIdevice em_iDevice\">\n<h5 class=\"iDeviceTitle\"><strong>Diario de aprendizaje<\/strong><\/h5>\n<p>Siguiendo el mismo modelo de las tareas, los alumnos tendr\u00e1n que reflexionar sobre todo el proceso de esta parte final para reflejarlo en sus diarios de aprendizaje.<\/p>\n<\/article>\n<article id=\"id136\" class=\"iDevice_wrapper ReflectionIdevice em_iDevice\">\n<h5 class=\"iDeviceTitle\"><strong>Reflexi\u00f3n final<\/strong><\/h5>\n<p style=\"text-align: justify;\">El alumno llevar\u00e1 a cabo una evaluaci\u00f3n del trabajo del proyecto. Deber\u00e1n incluirse dos apartados:<\/p>\n<ul>\n<li style=\"text-align: justify;\">Evaluaci\u00f3n del proyecto: qu\u00e9 aspectos han resultado m\u00e1s positivos del modelo, qu\u00e9 opini\u00f3n merecen el formato, modelo de tareas, recursos&#8230; qu\u00e9 aspectos pueden mejorarse y cu\u00e1les hay que mejorar, cu\u00e1les han sido las principales ventajas y problemas encontrados&#8230;<\/li>\n<li style=\"text-align: justify;\">Experiencia personal en el proyecto: c\u00f3mo ha desarrollado su trabajo, c\u00f3mo se ha sentido trabajando en grupo con sus compa\u00f1eros, qu\u00e9 ha aportado y qu\u00e9 podr\u00eda aportar&#8230;<\/li>\n<\/ul>\n<\/article>\n<article id=\"id137\" class=\"iDevice_wrapper objectivesIdevice em_iDevice\">\n<h5><img loading=\"lazy\" decoding=\"async\" class=\"alignnone size-full wp-image-50006\" src=\"https:\/\/webdelmaestrocmf.com\/portal\/wp-content\/uploads\/2020\/08\/Captura-de-Pantalla-2020-08-15-a-las-17.29.56.png\" alt=\"\" width=\"2560\" height=\"1684\" srcset=\"https:\/\/webdelmaestrocmf.com\/portal\/wp-content\/uploads\/2020\/08\/Captura-de-Pantalla-2020-08-15-a-las-17.29.56.png 2560w, https:\/\/webdelmaestrocmf.com\/portal\/wp-content\/uploads\/2020\/08\/Captura-de-Pantalla-2020-08-15-a-las-17.29.56-300x197.png 300w, https:\/\/webdelmaestrocmf.com\/portal\/wp-content\/uploads\/2020\/08\/Captura-de-Pantalla-2020-08-15-a-las-17.29.56-1024x673.png 1024w, https:\/\/webdelmaestrocmf.com\/portal\/wp-content\/uploads\/2020\/08\/Captura-de-Pantalla-2020-08-15-a-las-17.29.56-768x505.png 768w, https:\/\/webdelmaestrocmf.com\/portal\/wp-content\/uploads\/2020\/08\/Captura-de-Pantalla-2020-08-15-a-las-17.29.56-1536x1010.png 1536w, https:\/\/webdelmaestrocmf.com\/portal\/wp-content\/uploads\/2020\/08\/Captura-de-Pantalla-2020-08-15-a-las-17.29.56-2048x1347.png 2048w, https:\/\/webdelmaestrocmf.com\/portal\/wp-content\/uploads\/2020\/08\/Captura-de-Pantalla-2020-08-15-a-las-17.29.56-110x72.png 110w, https:\/\/webdelmaestrocmf.com\/portal\/wp-content\/uploads\/2020\/08\/Captura-de-Pantalla-2020-08-15-a-las-17.29.56-200x132.png 200w, https:\/\/webdelmaestrocmf.com\/portal\/wp-content\/uploads\/2020\/08\/Captura-de-Pantalla-2020-08-15-a-las-17.29.56-380x250.png 380w, https:\/\/webdelmaestrocmf.com\/portal\/wp-content\/uploads\/2020\/08\/Captura-de-Pantalla-2020-08-15-a-las-17.29.56-255x168.png 255w, https:\/\/webdelmaestrocmf.com\/portal\/wp-content\/uploads\/2020\/08\/Captura-de-Pantalla-2020-08-15-a-las-17.29.56-550x362.png 550w, https:\/\/webdelmaestrocmf.com\/portal\/wp-content\/uploads\/2020\/08\/Captura-de-Pantalla-2020-08-15-a-las-17.29.56-800x526.png 800w, https:\/\/webdelmaestrocmf.com\/portal\/wp-content\/uploads\/2020\/08\/Captura-de-Pantalla-2020-08-15-a-las-17.29.56-1160x763.png 1160w\" sizes=\"auto, (max-width: 2560px) 100vw, 2560px\" \/><\/h5>\n<h5 class=\"iDeviceTitle\" style=\"text-align: justify;\"><strong>Autoevaluaci\u00f3n<\/strong><\/h5>\n<p style=\"text-align: justify;\">Competencias y habilidades adquiridas, calidad del trabajo desarrollado, qu\u00e9 cosas nuevas se han aprendido, que aspectos del propio aprendizaje hay que mantener y cu\u00e1les otros hay que mejorar.<\/p>\n<p style=\"text-align: justify;\">Se plantear\u00e1n mecanismos para que esta evaluaci\u00f3n se lleve a cabo en un primer momento individualmente y despu\u00e9s de manera colaborativa en peque\u00f1o y gran grupo.<\/p>\n<p><strong>Este contenido ha sido publicado originalmente por <a href=\"http:\/\/descargas.pntic.mec.es\/\" target=\"_blank\" rel=\"noopener noreferrer\">descargas.pntic.mec.es<\/a><\/strong><\/p>\n<p style=\"text-align: center;\">Recomendamos a la Comunidad Educativa Digital tener en cuenta que, el enlace y\/o la carpeta en donde est\u00e1n alojados los libros, recursos y\/o materiales, no es administrado por la Web del Maestro CMF, pueda ser que en cuesti\u00f3n de d\u00edas (o seg\u00fan el tiempo transcurrido desde su publicaci\u00f3n), los enlaces no funcionen y el material ya no se encuentre disponible. Gracias por su comprensi\u00f3n.<\/p>\n<h3>ENLACE DE LECTURA:<\/h3>\n<p style=\"text-align: center;\">\u00a1Comparte y as\u00ed m\u00e1s docentes utilizar\u00e1n estos recursos\u00a0gratis! Muchas gracias.<\/p>\n<p style=\"text-align: center;\"><span style=\"color: #000000;\"><strong>ENLACE 1: <a style=\"color: #000000;\" href=\"https:\/\/webdelmaestrocmf.com\/portal\/wp-content\/uploads\/2020\/08\/Captura-de-Pantalla-2020-08-15-a-las-17.27.07.png\" target=\"_blank\" rel=\"noopener noreferrer\">EJEMPLOS DE PRODUCTOS FINALES<\/a><\/strong><\/span><\/p>\n\t\t<div class=\"pk-inline-posts\">\n\t\t\t\n\t\t\t<div class=\"pk-inline-posts-container pk-inline-posts-template-list\"\n\t\t\t\tdata-columns=\"1\">\n\t\t\t\t\t\t<article id=\"post-28153\" class=\"post-28153 post type-post status-publish format-standard has-post-thumbnail category-consejos category-docentes category-pedagogia tag-adaptacion-a-diversidad tag-adaptacion-curricular tag-aprendizaje-activo tag-clases tag-diseno-curricular tag-diseno-de-actividades tag-diseno-de-lecciones tag-diseno-de-unidades-didacticas tag-eficiente tag-enfoque-centrado-en-el-estudiante tag-estrategias-de-ensenanza tag-estrategias-de-ensenanza-efectiva tag-estrategias-de-instruccion tag-estrategias-de-participacion tag-evaluacion-autentica tag-evaluacion-del-aprendizaje tag-evaluacion-formativa tag-evaluacion-sumativa tag-instruccion-diferenciada tag-manera tag-medicion-del-progreso tag-metodologia-educativa tag-motivacion-del-estudiante tag-objetivos-de-aprendizaje tag-planificacion-a-corto-plazo tag-planificacion-a-largo-plazo tag-planificacion-de-clases tag-planificar tag-recursos-didacticos tag-retroalimentacion-formativa tag-secuencia-didactica tag-taxonomia-de-bloom tag-tecnicas-de-organizacion tag-uso-de-tecnologia-educativa cs-entry cs-video-wrap\">\n\t\t\t<div class=\"pk-post-outer\">\n\n\t\t\t\t\t\t\t\t<div class=\"pk-post-inner\">\n\t\t\t\t\t<div class=\"entry-thumbnail\">\n\t\t\t\t\t\t<div class=\"pk-overlay pk-overlay-ratio pk-ratio-landscape\">\n\t\t\t\t\t\t\t<div class=\"pk-overlay-background\">\n\t\t\t\t\t\t\t\t<a href=\"https:\/\/webdelmaestrocmf.com\/portal\/como-planificar-las-clases-de-manera-eficiente\/\" class=\"pk-overlay-link\">\n\t\t\t\t\t\t\t\t\t<img loading=\"lazy\" decoding=\"async\" width=\"300\" height=\"225\" src=\"https:\/\/webdelmaestrocmf.com\/portal\/wp-content\/uploads\/2026\/02\/1AA-Banner-1-portada-imagen-10-1-copia-16-300x225.webp\" class=\"attachment-pk-thumbnail size-pk-thumbnail wp-post-image\" alt=\"\" \/>\t\t\t\t\t\t\t\t<\/a>\n\t\t\t\t\t\t\t<\/div>\n\t\t\t\t\t\t<\/div>\n\t\t\t\t\t<\/div>\n\t\t\t\t<\/div>\n\t\t\t\t\n\t\t\t\t<div class=\"pk-post-inner\">\n\t\t\t\t\t<header>\n\t\t\t\t\t\t<h3 class=\"pk-title\"><a href=\"https:\/\/webdelmaestrocmf.com\/portal\/como-planificar-las-clases-de-manera-eficiente\/\" rel=\"bookmark\">C\u00f3mo planificar las clases de manera eficiente: descarga las mejores plantillas de planificaci\u00f3n de clases<\/a><\/h3>\t\t\t\t\t<\/header><!-- .entry-header -->\n\t\t\t\t<\/div><!-- .post-inner -->\n\n\t\t\t<\/div><!-- .post-outer -->\n\t\t<\/article>\n\t\t\t\t<\/div>\n\t\t<\/div>\n\t\t\n<\/article>\n<\/article>\n","protected":false},"excerpt":{"rendered":"El proyecto debe concluir con la creaci\u00f3n de un producto o el desarrollo de un proceso final que&hellip;","protected":false},"author":1,"featured_media":50009,"comment_status":"open","ping_status":"closed","sticky":false,"template":"","format":"standard","meta":{"csco_display_header_overlay":false,"csco_singular_sidebar":"default","csco_page_header_type":"default","csco_page_load_nextpost":"default","csco_post_video_location":[],"csco_post_video_location_hash":"","csco_post_video_url":"","csco_post_video_bg_start_time":0,"csco_post_video_bg_end_time":0,"csco_post_video_bg_volume":false,"_jetpack_memberships_contains_paid_content":false,"footnotes":""},"categories":[570,735],"tags":[2010,3617,1972,5426],"class_list":{"0":"post-50003","1":"post","2":"type-post","3":"status-publish","4":"format-standard","5":"has-post-thumbnail","7":"category-docentes","8":"category-pedagogia","9":"tag-ejemplos","10":"tag-final","11":"tag-proceso","12":"tag-producto","13":"cs-entry","14":"cs-video-wrap"},"yoast_head":"<!-- This site is optimized with the Yoast SEO plugin v27.5 - https:\/\/yoast.com\/product\/yoast-seo-wordpress\/ -->\n<title>Ejemplos de Producto \/ Proceso final - 2026<\/title>\n<meta name=\"description\" content=\"El proyecto debe concluir con la creaci\u00f3n de un producto o el desarrollo de un proceso final que permita al alumno poner...\" \/>\n<meta name=\"robots\" content=\"index, follow, max-snippet:-1, max-image-preview:large, max-video-preview:-1\" \/>\n<link rel=\"canonical\" href=\"https:\/\/webdelmaestrocmf.com\/portal\/ejemplos-de-producto-proceso-final\/\" \/>\n<meta property=\"og:locale\" content=\"es_ES\" \/>\n<meta property=\"og:type\" content=\"article\" \/>\n<meta property=\"og:title\" content=\"Ejemplos de Producto \/ Proceso final - 2026\" \/>\n<meta property=\"og:description\" content=\"El proyecto debe concluir con la creaci\u00f3n de un producto o el desarrollo de un proceso final que permita al alumno poner...\" \/>\n<meta property=\"og:url\" content=\"https:\/\/webdelmaestrocmf.com\/portal\/ejemplos-de-producto-proceso-final\/\" \/>\n<meta property=\"og:site_name\" content=\"Web del Maestro CMF\" \/>\n<meta property=\"article:publisher\" content=\"https:\/\/www.facebook.com\/WebdelMaestroCMF\/\" \/>\n<meta property=\"article:author\" content=\"https:\/\/www.facebook.com\/WebdelMaestroCMF\/\" \/>\n<meta property=\"article:published_time\" content=\"2020-08-15T21:32:28+00:00\" \/>\n<meta property=\"article:modified_time\" content=\"2020-08-15T21:37:06+00:00\" \/>\n<meta property=\"og:image\" content=\"https:\/\/i0.wp.com\/webdelmaestrocmf.com\/portal\/wp-content\/uploads\/2020\/08\/1-copia-22.jpg?fit=1100%2C680&ssl=1\" \/>\n\t<meta property=\"og:image:width\" content=\"1100\" \/>\n\t<meta property=\"og:image:height\" content=\"680\" \/>\n\t<meta property=\"og:image:type\" content=\"image\/jpeg\" \/>\n<meta name=\"author\" content=\"Web del Maestro CMF\" \/>\n<meta name=\"twitter:card\" content=\"summary_large_image\" \/>\n<meta name=\"twitter:creator\" content=\"@cmf_w\" \/>\n<meta name=\"twitter:site\" content=\"@cmf_w\" \/>\n<script type=\"application\/ld+json\" class=\"yoast-schema-graph\">{\"@context\":\"https:\\\/\\\/schema.org\",\"@graph\":[{\"@type\":\"ScholarlyArticle\",\"@id\":\"https:\\\/\\\/webdelmaestrocmf.com\\\/portal\\\/ejemplos-de-producto-proceso-final\\\/#article\",\"isPartOf\":{\"@id\":\"https:\\\/\\\/webdelmaestrocmf.com\\\/portal\\\/ejemplos-de-producto-proceso-final\\\/\"},\"author\":{\"name\":\"Web del Maestro CMF\",\"@id\":\"https:\\\/\\\/webdelmaestrocmf.com\\\/portal\\\/#\\\/schema\\\/person\\\/1072a2ed7bd960df8ef99a551fa35dc5\"},\"headline\":\"Ejemplos de Producto \\\/ Proceso final\",\"datePublished\":\"2020-08-15T21:32:28+00:00\",\"dateModified\":\"2020-08-15T21:37:06+00:00\",\"mainEntityOfPage\":{\"@id\":\"https:\\\/\\\/webdelmaestrocmf.com\\\/portal\\\/ejemplos-de-producto-proceso-final\\\/\"},\"wordCount\":678,\"commentCount\":0,\"publisher\":{\"@id\":\"https:\\\/\\\/webdelmaestrocmf.com\\\/portal\\\/#organization\"},\"image\":{\"@id\":\"https:\\\/\\\/webdelmaestrocmf.com\\\/portal\\\/ejemplos-de-producto-proceso-final\\\/#primaryimage\"},\"thumbnailUrl\":\"https:\\\/\\\/webdelmaestrocmf.com\\\/portal\\\/wp-content\\\/uploads\\\/2020\\\/08\\\/1-copia-22.jpg\",\"keywords\":[\"EJEMPLOS\",\"FINAL\",\"PROCESO\",\"Producto\"],\"articleSection\":[\"Docentes\",\"Recursos\"],\"inLanguage\":\"es\",\"potentialAction\":[{\"@type\":\"CommentAction\",\"name\":\"Comment\",\"target\":[\"https:\\\/\\\/webdelmaestrocmf.com\\\/portal\\\/ejemplos-de-producto-proceso-final\\\/#respond\"]}]},{\"@type\":\"WebPage\",\"@id\":\"https:\\\/\\\/webdelmaestrocmf.com\\\/portal\\\/ejemplos-de-producto-proceso-final\\\/\",\"url\":\"https:\\\/\\\/webdelmaestrocmf.com\\\/portal\\\/ejemplos-de-producto-proceso-final\\\/\",\"name\":\"Ejemplos de Producto \\\/ Proceso final - 2026\",\"isPartOf\":{\"@id\":\"https:\\\/\\\/webdelmaestrocmf.com\\\/portal\\\/#website\"},\"primaryImageOfPage\":{\"@id\":\"https:\\\/\\\/webdelmaestrocmf.com\\\/portal\\\/ejemplos-de-producto-proceso-final\\\/#primaryimage\"},\"image\":{\"@id\":\"https:\\\/\\\/webdelmaestrocmf.com\\\/portal\\\/ejemplos-de-producto-proceso-final\\\/#primaryimage\"},\"thumbnailUrl\":\"https:\\\/\\\/webdelmaestrocmf.com\\\/portal\\\/wp-content\\\/uploads\\\/2020\\\/08\\\/1-copia-22.jpg\",\"datePublished\":\"2020-08-15T21:32:28+00:00\",\"dateModified\":\"2020-08-15T21:37:06+00:00\",\"description\":\"El proyecto debe concluir con la creaci\u00f3n de un producto o el desarrollo de un proceso final que permita al alumno poner...\",\"breadcrumb\":{\"@id\":\"https:\\\/\\\/webdelmaestrocmf.com\\\/portal\\\/ejemplos-de-producto-proceso-final\\\/#breadcrumb\"},\"inLanguage\":\"es\",\"potentialAction\":[{\"@type\":\"ReadAction\",\"target\":[\"https:\\\/\\\/webdelmaestrocmf.com\\\/portal\\\/ejemplos-de-producto-proceso-final\\\/\"]}]},{\"@type\":\"ImageObject\",\"inLanguage\":\"es\",\"@id\":\"https:\\\/\\\/webdelmaestrocmf.com\\\/portal\\\/ejemplos-de-producto-proceso-final\\\/#primaryimage\",\"url\":\"https:\\\/\\\/webdelmaestrocmf.com\\\/portal\\\/wp-content\\\/uploads\\\/2020\\\/08\\\/1-copia-22.jpg\",\"contentUrl\":\"https:\\\/\\\/webdelmaestrocmf.com\\\/portal\\\/wp-content\\\/uploads\\\/2020\\\/08\\\/1-copia-22.jpg\",\"width\":1100,\"height\":680},{\"@type\":\"BreadcrumbList\",\"@id\":\"https:\\\/\\\/webdelmaestrocmf.com\\\/portal\\\/ejemplos-de-producto-proceso-final\\\/#breadcrumb\",\"itemListElement\":[{\"@type\":\"ListItem\",\"position\":1,\"name\":\"Portada\",\"item\":\"https:\\\/\\\/webdelmaestrocmf.com\\\/portal\\\/\"},{\"@type\":\"ListItem\",\"position\":2,\"name\":\"Recursos\",\"item\":\"https:\\\/\\\/webdelmaestrocmf.com\\\/portal\\\/category\\\/pedagogia\\\/\"},{\"@type\":\"ListItem\",\"position\":3,\"name\":\"Ejemplos de Producto \\\/ Proceso final\"}]},{\"@type\":\"WebSite\",\"@id\":\"https:\\\/\\\/webdelmaestrocmf.com\\\/portal\\\/#website\",\"url\":\"https:\\\/\\\/webdelmaestrocmf.com\\\/portal\\\/\",\"name\":\"Web del Maestro CMF\",\"description\":\"Maestros al servicio de la educaci\u00f3n\",\"publisher\":{\"@id\":\"https:\\\/\\\/webdelmaestrocmf.com\\\/portal\\\/#organization\"},\"alternateName\":\"WMCMF\",\"potentialAction\":[{\"@type\":\"SearchAction\",\"target\":{\"@type\":\"EntryPoint\",\"urlTemplate\":\"https:\\\/\\\/webdelmaestrocmf.com\\\/portal\\\/?s={search_term_string}\"},\"query-input\":{\"@type\":\"PropertyValueSpecification\",\"valueRequired\":true,\"valueName\":\"search_term_string\"}}],\"inLanguage\":\"es\"},{\"@type\":\"Organization\",\"@id\":\"https:\\\/\\\/webdelmaestrocmf.com\\\/portal\\\/#organization\",\"name\":\"Web del Maestro CMF\",\"alternateName\":\"WMCMF\",\"url\":\"https:\\\/\\\/webdelmaestrocmf.com\\\/portal\\\/\",\"logo\":{\"@type\":\"ImageObject\",\"inLanguage\":\"es\",\"@id\":\"https:\\\/\\\/webdelmaestrocmf.com\\\/portal\\\/#\\\/schema\\\/logo\\\/image\\\/\",\"url\":\"https:\\\/\\\/webdelmaestrocmf.com\\\/portal\\\/wp-content\\\/uploads\\\/2023\\\/01\\\/logo-wmcmf-2.png\",\"contentUrl\":\"https:\\\/\\\/webdelmaestrocmf.com\\\/portal\\\/wp-content\\\/uploads\\\/2023\\\/01\\\/logo-wmcmf-2.png\",\"width\":200,\"height\":60,\"caption\":\"Web del Maestro CMF\"},\"image\":{\"@id\":\"https:\\\/\\\/webdelmaestrocmf.com\\\/portal\\\/#\\\/schema\\\/logo\\\/image\\\/\"},\"sameAs\":[\"https:\\\/\\\/www.facebook.com\\\/WebdelMaestroCMF\\\/\",\"https:\\\/\\\/x.com\\\/cmf_w\",\"https:\\\/\\\/www.pinterest.com\\\/WMCMF\\\/\",\"https:\\\/\\\/www.linkedin.com\\\/company\\\/web-del-maestro-cmf\\\/\",\"https:\\\/\\\/www.instagram.com\\\/wmcmf\\\/\",\"https:\\\/\\\/www.youtube.com\\\/channel\\\/UCDPSvjbdodE5sHnC3OxutHw\",\"https:\\\/\\\/mastodon.social\\\/@wmcmf\",\"https:\\\/\\\/www.tiktok.com\\\/@webdelmaestrocmf\"]},{\"@type\":\"Person\",\"@id\":\"https:\\\/\\\/webdelmaestrocmf.com\\\/portal\\\/#\\\/schema\\\/person\\\/1072a2ed7bd960df8ef99a551fa35dc5\",\"name\":\"Web del Maestro CMF\",\"image\":{\"@type\":\"ImageObject\",\"inLanguage\":\"es\",\"@id\":\"https:\\\/\\\/secure.gravatar.com\\\/avatar\\\/23291dd5b5ae1077dcff3dbb04c3e02bd28403fa75af6d8787d5e97c5bbbe30b?s=96&d=mm&r=g\",\"url\":\"https:\\\/\\\/secure.gravatar.com\\\/avatar\\\/23291dd5b5ae1077dcff3dbb04c3e02bd28403fa75af6d8787d5e97c5bbbe30b?s=96&d=mm&r=g\",\"contentUrl\":\"https:\\\/\\\/secure.gravatar.com\\\/avatar\\\/23291dd5b5ae1077dcff3dbb04c3e02bd28403fa75af6d8787d5e97c5bbbe30b?s=96&d=mm&r=g\",\"caption\":\"Web del Maestro CMF\"},\"description\":\"Esta Web se cre\u00f3 sin fines de lucro, con fines educativos, cient\u00edficos y acad\u00e9micos, para personas que tengan dificultades y\\\/o inconvenientes en visualizar el material original. El objetivo es entregar recursos, compartir experiencias y materiales que ayuden a los padres de familia, maestros y estudiantes en su actualizaci\u00f3n y formaci\u00f3n permanente, en bien de la Educaci\u00f3n.\",\"sameAs\":[\"http:\\\/\\\/webdelmaestrocmf.com\\\/portal\",\"https:\\\/\\\/www.facebook.com\\\/WebdelMaestroCMF\\\/\",\"https:\\\/\\\/www.instagram.com\\\/wmcmf\\\/\",\"https:\\\/\\\/cl.linkedin.com\\\/company\\\/web-del-maestro-cmf\",\"https:\\\/\\\/www.pinterest.com\\\/WMCMF\\\/publicaciones\\\/\",\"https:\\\/\\\/x.com\\\/cmf_w\",\"https:\\\/\\\/www.youtube.com\\\/@WMCMF\"]}]}<\/script>\n<!-- \/ Yoast SEO plugin. -->","yoast_head_json":{"title":"Ejemplos de Producto \/ Proceso final - 2026","description":"El proyecto debe concluir con la creaci\u00f3n de un producto o el desarrollo de un proceso final que permita al alumno poner...","robots":{"index":"index","follow":"follow","max-snippet":"max-snippet:-1","max-image-preview":"max-image-preview:large","max-video-preview":"max-video-preview:-1"},"canonical":"https:\/\/webdelmaestrocmf.com\/portal\/ejemplos-de-producto-proceso-final\/","og_locale":"es_ES","og_type":"article","og_title":"Ejemplos de Producto \/ Proceso final - 2026","og_description":"El proyecto debe concluir con la creaci\u00f3n de un producto o el desarrollo de un proceso final que permita al alumno poner...","og_url":"https:\/\/webdelmaestrocmf.com\/portal\/ejemplos-de-producto-proceso-final\/","og_site_name":"Web del Maestro CMF","article_publisher":"https:\/\/www.facebook.com\/WebdelMaestroCMF\/","article_author":"https:\/\/www.facebook.com\/WebdelMaestroCMF\/","article_published_time":"2020-08-15T21:32:28+00:00","article_modified_time":"2020-08-15T21:37:06+00:00","og_image":[{"width":1100,"height":680,"url":"https:\/\/i0.wp.com\/webdelmaestrocmf.com\/portal\/wp-content\/uploads\/2020\/08\/1-copia-22.jpg?fit=1100%2C680&ssl=1","type":"image\/jpeg"}],"author":"Web del Maestro CMF","twitter_card":"summary_large_image","twitter_creator":"@cmf_w","twitter_site":"@cmf_w","schema":{"@context":"https:\/\/schema.org","@graph":[{"@type":"ScholarlyArticle","@id":"https:\/\/webdelmaestrocmf.com\/portal\/ejemplos-de-producto-proceso-final\/#article","isPartOf":{"@id":"https:\/\/webdelmaestrocmf.com\/portal\/ejemplos-de-producto-proceso-final\/"},"author":{"name":"Web del Maestro CMF","@id":"https:\/\/webdelmaestrocmf.com\/portal\/#\/schema\/person\/1072a2ed7bd960df8ef99a551fa35dc5"},"headline":"Ejemplos de Producto \/ Proceso final","datePublished":"2020-08-15T21:32:28+00:00","dateModified":"2020-08-15T21:37:06+00:00","mainEntityOfPage":{"@id":"https:\/\/webdelmaestrocmf.com\/portal\/ejemplos-de-producto-proceso-final\/"},"wordCount":678,"commentCount":0,"publisher":{"@id":"https:\/\/webdelmaestrocmf.com\/portal\/#organization"},"image":{"@id":"https:\/\/webdelmaestrocmf.com\/portal\/ejemplos-de-producto-proceso-final\/#primaryimage"},"thumbnailUrl":"https:\/\/webdelmaestrocmf.com\/portal\/wp-content\/uploads\/2020\/08\/1-copia-22.jpg","keywords":["EJEMPLOS","FINAL","PROCESO","Producto"],"articleSection":["Docentes","Recursos"],"inLanguage":"es","potentialAction":[{"@type":"CommentAction","name":"Comment","target":["https:\/\/webdelmaestrocmf.com\/portal\/ejemplos-de-producto-proceso-final\/#respond"]}]},{"@type":"WebPage","@id":"https:\/\/webdelmaestrocmf.com\/portal\/ejemplos-de-producto-proceso-final\/","url":"https:\/\/webdelmaestrocmf.com\/portal\/ejemplos-de-producto-proceso-final\/","name":"Ejemplos de Producto \/ Proceso final - 2026","isPartOf":{"@id":"https:\/\/webdelmaestrocmf.com\/portal\/#website"},"primaryImageOfPage":{"@id":"https:\/\/webdelmaestrocmf.com\/portal\/ejemplos-de-producto-proceso-final\/#primaryimage"},"image":{"@id":"https:\/\/webdelmaestrocmf.com\/portal\/ejemplos-de-producto-proceso-final\/#primaryimage"},"thumbnailUrl":"https:\/\/webdelmaestrocmf.com\/portal\/wp-content\/uploads\/2020\/08\/1-copia-22.jpg","datePublished":"2020-08-15T21:32:28+00:00","dateModified":"2020-08-15T21:37:06+00:00","description":"El proyecto debe concluir con la creaci\u00f3n de un producto o el desarrollo de un proceso final que permita al alumno poner...","breadcrumb":{"@id":"https:\/\/webdelmaestrocmf.com\/portal\/ejemplos-de-producto-proceso-final\/#breadcrumb"},"inLanguage":"es","potentialAction":[{"@type":"ReadAction","target":["https:\/\/webdelmaestrocmf.com\/portal\/ejemplos-de-producto-proceso-final\/"]}]},{"@type":"ImageObject","inLanguage":"es","@id":"https:\/\/webdelmaestrocmf.com\/portal\/ejemplos-de-producto-proceso-final\/#primaryimage","url":"https:\/\/webdelmaestrocmf.com\/portal\/wp-content\/uploads\/2020\/08\/1-copia-22.jpg","contentUrl":"https:\/\/webdelmaestrocmf.com\/portal\/wp-content\/uploads\/2020\/08\/1-copia-22.jpg","width":1100,"height":680},{"@type":"BreadcrumbList","@id":"https:\/\/webdelmaestrocmf.com\/portal\/ejemplos-de-producto-proceso-final\/#breadcrumb","itemListElement":[{"@type":"ListItem","position":1,"name":"Portada","item":"https:\/\/webdelmaestrocmf.com\/portal\/"},{"@type":"ListItem","position":2,"name":"Recursos","item":"https:\/\/webdelmaestrocmf.com\/portal\/category\/pedagogia\/"},{"@type":"ListItem","position":3,"name":"Ejemplos de Producto \/ Proceso final"}]},{"@type":"WebSite","@id":"https:\/\/webdelmaestrocmf.com\/portal\/#website","url":"https:\/\/webdelmaestrocmf.com\/portal\/","name":"Web del Maestro CMF","description":"Maestros al servicio de la educaci\u00f3n","publisher":{"@id":"https:\/\/webdelmaestrocmf.com\/portal\/#organization"},"alternateName":"WMCMF","potentialAction":[{"@type":"SearchAction","target":{"@type":"EntryPoint","urlTemplate":"https:\/\/webdelmaestrocmf.com\/portal\/?s={search_term_string}"},"query-input":{"@type":"PropertyValueSpecification","valueRequired":true,"valueName":"search_term_string"}}],"inLanguage":"es"},{"@type":"Organization","@id":"https:\/\/webdelmaestrocmf.com\/portal\/#organization","name":"Web del Maestro CMF","alternateName":"WMCMF","url":"https:\/\/webdelmaestrocmf.com\/portal\/","logo":{"@type":"ImageObject","inLanguage":"es","@id":"https:\/\/webdelmaestrocmf.com\/portal\/#\/schema\/logo\/image\/","url":"https:\/\/webdelmaestrocmf.com\/portal\/wp-content\/uploads\/2023\/01\/logo-wmcmf-2.png","contentUrl":"https:\/\/webdelmaestrocmf.com\/portal\/wp-content\/uploads\/2023\/01\/logo-wmcmf-2.png","width":200,"height":60,"caption":"Web del Maestro CMF"},"image":{"@id":"https:\/\/webdelmaestrocmf.com\/portal\/#\/schema\/logo\/image\/"},"sameAs":["https:\/\/www.facebook.com\/WebdelMaestroCMF\/","https:\/\/x.com\/cmf_w","https:\/\/www.pinterest.com\/WMCMF\/","https:\/\/www.linkedin.com\/company\/web-del-maestro-cmf\/","https:\/\/www.instagram.com\/wmcmf\/","https:\/\/www.youtube.com\/channel\/UCDPSvjbdodE5sHnC3OxutHw","https:\/\/mastodon.social\/@wmcmf","https:\/\/www.tiktok.com\/@webdelmaestrocmf"]},{"@type":"Person","@id":"https:\/\/webdelmaestrocmf.com\/portal\/#\/schema\/person\/1072a2ed7bd960df8ef99a551fa35dc5","name":"Web del Maestro CMF","image":{"@type":"ImageObject","inLanguage":"es","@id":"https:\/\/secure.gravatar.com\/avatar\/23291dd5b5ae1077dcff3dbb04c3e02bd28403fa75af6d8787d5e97c5bbbe30b?s=96&d=mm&r=g","url":"https:\/\/secure.gravatar.com\/avatar\/23291dd5b5ae1077dcff3dbb04c3e02bd28403fa75af6d8787d5e97c5bbbe30b?s=96&d=mm&r=g","contentUrl":"https:\/\/secure.gravatar.com\/avatar\/23291dd5b5ae1077dcff3dbb04c3e02bd28403fa75af6d8787d5e97c5bbbe30b?s=96&d=mm&r=g","caption":"Web del Maestro CMF"},"description":"Esta Web se cre\u00f3 sin fines de lucro, con fines educativos, cient\u00edficos y acad\u00e9micos, para personas que tengan dificultades y\/o inconvenientes en visualizar el material original. El objetivo es entregar recursos, compartir experiencias y materiales que ayuden a los padres de familia, maestros y estudiantes en su actualizaci\u00f3n y formaci\u00f3n permanente, en bien de la Educaci\u00f3n.","sameAs":["http:\/\/webdelmaestrocmf.com\/portal","https:\/\/www.facebook.com\/WebdelMaestroCMF\/","https:\/\/www.instagram.com\/wmcmf\/","https:\/\/cl.linkedin.com\/company\/web-del-maestro-cmf","https:\/\/www.pinterest.com\/WMCMF\/publicaciones\/","https:\/\/x.com\/cmf_w","https:\/\/www.youtube.com\/@WMCMF"]}]}},"jetpack_featured_media_url":"https:\/\/webdelmaestrocmf.com\/portal\/wp-content\/uploads\/2020\/08\/1-copia-22.jpg","jetpack_sharing_enabled":true,"jetpack-related-posts":[{"id":80656,"url":"https:\/\/webdelmaestrocmf.com\/portal\/aprendizaje-basado-en-proyectos-el-proyecto-como-plato-principal-del-aprendizaje\/","url_meta":{"origin":50003,"position":0},"title":"Aprendizaje basado en proyectos: El proyecto como plato principal del aprendizaje","author":"Web del Maestro CMF","date":"28 septiembre, 2022","format":false,"excerpt":"El aprendizaje es el objetivo de la pr\u00e1ctica docente, la respuesta al \u00bfqu\u00e9?. La metodolog\u00eda responde al \u00bfc\u00f3mo?. En este sentido, el Aprendizaje basado en Proyectos constituye respuesta did\u00e1ctica que cada vez gana m\u00e1s adeptos entre el profesorado por su car\u00e1cter integrador, motivador y, sobre todo, por el rendimiento de\u2026","rel":"","context":"En \u00abAprendizaje basado en proyectos\u00bb","block_context":{"text":"Aprendizaje basado en proyectos","link":"https:\/\/webdelmaestrocmf.com\/portal\/category\/pedagogia\/aprendizaje-basado-en-proyectos\/"},"img":{"alt_text":"","src":"https:\/\/i0.wp.com\/webdelmaestrocmf.com\/portal\/wp-content\/uploads\/2022\/09\/1-76.jpg?resize=350%2C200&ssl=1","width":350,"height":200,"srcset":"https:\/\/i0.wp.com\/webdelmaestrocmf.com\/portal\/wp-content\/uploads\/2022\/09\/1-76.jpg?resize=350%2C200&ssl=1 1x, https:\/\/i0.wp.com\/webdelmaestrocmf.com\/portal\/wp-content\/uploads\/2022\/09\/1-76.jpg?resize=525%2C300&ssl=1 1.5x, https:\/\/i0.wp.com\/webdelmaestrocmf.com\/portal\/wp-content\/uploads\/2022\/09\/1-76.jpg?resize=700%2C400&ssl=1 2x"},"classes":[]},{"id":97803,"url":"https:\/\/webdelmaestrocmf.com\/portal\/como-elaborar-un-proyectos-didacticos-para-primaria-y-secundaria\/","url_meta":{"origin":50003,"position":1},"title":"C\u00f3mo elaborar un Proyectos Did\u00e1cticos para Primaria y Secundaria","author":"Web del Maestro CMF","date":"17 octubre, 2023","format":false,"excerpt":"Elaborar proyectos did\u00e1cticos no solo constituye una estrategia pedag\u00f3gica, sino una puerta abierta hacia un aprendizaje din\u00e1mico y significativo. Estos proyectos no solo ofrecen una oportunidad para aplicar los conocimientos adquiridos en el aula, sino que tambi\u00e9n promueven habilidades como la investigaci\u00f3n, la resoluci\u00f3n de problemas y el trabajo en\u2026","rel":"","context":"En \u00abProyecto educativo\u00bb","block_context":{"text":"Proyecto educativo","link":"https:\/\/webdelmaestrocmf.com\/portal\/category\/pedagogia\/proyecto-educativo\/"},"img":{"alt_text":"elaborar un Proyectos","src":"https:\/\/i0.wp.com\/webdelmaestrocmf.com\/portal\/wp-content\/uploads\/2023\/10\/A12B3C4D-15-2.jpg?resize=350%2C200&ssl=1","width":350,"height":200,"srcset":"https:\/\/i0.wp.com\/webdelmaestrocmf.com\/portal\/wp-content\/uploads\/2023\/10\/A12B3C4D-15-2.jpg?resize=350%2C200&ssl=1 1x, https:\/\/i0.wp.com\/webdelmaestrocmf.com\/portal\/wp-content\/uploads\/2023\/10\/A12B3C4D-15-2.jpg?resize=525%2C300&ssl=1 1.5x, https:\/\/i0.wp.com\/webdelmaestrocmf.com\/portal\/wp-content\/uploads\/2023\/10\/A12B3C4D-15-2.jpg?resize=700%2C400&ssl=1 2x"},"classes":[]},{"id":74118,"url":"https:\/\/webdelmaestrocmf.com\/portal\/aprendizaje-basado-en-proyectos-poniendo-a-nuestros-estudiantes-al-centro-de-su-aprendizaje\/","url_meta":{"origin":50003,"position":2},"title":"Aprendizaje Basado en Proyectos: una metodolog\u00eda que transforma el aprendizaje","author":"Web del Maestro CMF","date":"17 mayo, 2023","format":false,"excerpt":"El Siglo XXI demanda un nuevo modelo de aprendizaje, que promueva que los estudiantes sean constructores de conocimiento, y protagonistas de su proceso de aprendizaje. Estos son elementos centrales del Aprendizaje Basado en Proyectos (ABP), metodolog\u00eda que los profesores utilizan para que sus estudiantes adquieran conocimientos acad\u00e9micos, as\u00ed como desarrollen\u2026","rel":"","context":"En \u00abAprendizaje basado en proyectos\u00bb","block_context":{"text":"Aprendizaje basado en proyectos","link":"https:\/\/webdelmaestrocmf.com\/portal\/category\/pedagogia\/aprendizaje-basado-en-proyectos\/"},"img":{"alt_text":"Aprendizaje Basado en Proyectos","src":"https:\/\/i0.wp.com\/webdelmaestrocmf.com\/portal\/wp-content\/uploads\/2023\/05\/A12B3C4D-46-1.jpg?resize=350%2C200&ssl=1","width":350,"height":200,"srcset":"https:\/\/i0.wp.com\/webdelmaestrocmf.com\/portal\/wp-content\/uploads\/2023\/05\/A12B3C4D-46-1.jpg?resize=350%2C200&ssl=1 1x, https:\/\/i0.wp.com\/webdelmaestrocmf.com\/portal\/wp-content\/uploads\/2023\/05\/A12B3C4D-46-1.jpg?resize=525%2C300&ssl=1 1.5x, https:\/\/i0.wp.com\/webdelmaestrocmf.com\/portal\/wp-content\/uploads\/2023\/05\/A12B3C4D-46-1.jpg?resize=700%2C400&ssl=1 2x"},"classes":[]},{"id":104112,"url":"https:\/\/webdelmaestrocmf.com\/portal\/como-es-la-evaluacion-formativa-en-la-nem\/","url_meta":{"origin":50003,"position":3},"title":"C\u00f3mo es la evaluaci\u00f3n formativa en la NEM","author":"Web del Maestro CMF","date":"20 febrero, 2024","format":false,"excerpt":"La evaluaci\u00f3n formativa en la Nueva Escuela Mexicana (NEM) se caracteriza por ser un proceso continuo y contextualizado que se centra en el aprendizaje de cada estudiante. A diferencia de la evaluaci\u00f3n tradicional, que solo mide el resultado final, la evaluaci\u00f3n formativa busca acompa\u00f1ar al estudiante en su proceso de\u2026","rel":"","context":"En \u00abEvaluaci\u00f3n formativa\u00bb","block_context":{"text":"Evaluaci\u00f3n formativa","link":"https:\/\/webdelmaestrocmf.com\/portal\/category\/pedagogia\/evaluacion-formativa\/"},"img":{"alt_text":"","src":"https:\/\/i0.wp.com\/webdelmaestrocmf.com\/portal\/wp-content\/uploads\/2024\/02\/Banner-1-portada-imagen-10-1-7-3.jpg?resize=350%2C200&ssl=1","width":350,"height":200,"srcset":"https:\/\/i0.wp.com\/webdelmaestrocmf.com\/portal\/wp-content\/uploads\/2024\/02\/Banner-1-portada-imagen-10-1-7-3.jpg?resize=350%2C200&ssl=1 1x, https:\/\/i0.wp.com\/webdelmaestrocmf.com\/portal\/wp-content\/uploads\/2024\/02\/Banner-1-portada-imagen-10-1-7-3.jpg?resize=525%2C300&ssl=1 1.5x, https:\/\/i0.wp.com\/webdelmaestrocmf.com\/portal\/wp-content\/uploads\/2024\/02\/Banner-1-portada-imagen-10-1-7-3.jpg?resize=700%2C400&ssl=1 2x"},"classes":[]},{"id":71053,"url":"https:\/\/webdelmaestrocmf.com\/portal\/los-organizadores-graficos-como-instrumentos-para-evaluar-a-los-alumnos-ejemplos-de-su-uso-rubricas\/","url_meta":{"origin":50003,"position":4},"title":"Los organizadores gr\u00e1ficos como instrumentos para evaluar a los alumnos, ejemplos de su uso + rubricas","author":"Web del Maestro CMF","date":"31 julio, 2022","format":false,"excerpt":"Es cualquier recurso de representaci\u00f3n como tablas, mapas conceptuales, esquemas, diagramas o gr\u00e1ficas que, utilizado como instrumento de evaluaci\u00f3n, permite a los estudiantes expresar, sintetizar, jerarquizar y representar informaci\u00f3n, as\u00ed como demostrar sus conocimientos sobre el recurso mismo dependiendo del tipo: los conceptos y sus relaciones en el caso de\u2026","rel":"","context":"En \u00abRecursos\u00bb","block_context":{"text":"Recursos","link":"https:\/\/webdelmaestrocmf.com\/portal\/category\/pedagogia\/"},"img":{"alt_text":"","src":"https:\/\/i0.wp.com\/webdelmaestrocmf.com\/portal\/wp-content\/uploads\/2021\/11\/1zxc.jpg?resize=350%2C200&ssl=1","width":350,"height":200,"srcset":"https:\/\/i0.wp.com\/webdelmaestrocmf.com\/portal\/wp-content\/uploads\/2021\/11\/1zxc.jpg?resize=350%2C200&ssl=1 1x, https:\/\/i0.wp.com\/webdelmaestrocmf.com\/portal\/wp-content\/uploads\/2021\/11\/1zxc.jpg?resize=525%2C300&ssl=1 1.5x, https:\/\/i0.wp.com\/webdelmaestrocmf.com\/portal\/wp-content\/uploads\/2021\/11\/1zxc.jpg?resize=700%2C400&ssl=1 2x, https:\/\/i0.wp.com\/webdelmaestrocmf.com\/portal\/wp-content\/uploads\/2021\/11\/1zxc.jpg?resize=1050%2C600&ssl=1 3x"},"classes":[]},{"id":78084,"url":"https:\/\/webdelmaestrocmf.com\/portal\/beneficios-del-aprendizaje-basado-en-proyectos\/","url_meta":{"origin":50003,"position":5},"title":"Beneficios del Aprendizaje Basado en Proyectos","author":"Web del Maestro CMF","date":"1 julio, 2022","format":false,"excerpt":"Seguro que has escuchado hablar escuchado mucho. El aprendizaje por proyectos (ABP o PBL,\u00a0Project-based learning) ya se ha convertido en una herramienta clave en muchos centros, tanto de primaria como de secundaria. Pero, \u00bfen qu\u00e9 \u00a0consiste exactamente? Y lo que es m\u00e1s importante, \u00bfqu\u00e9 beneficios nos puede ofrecer? Los tiempos\u2026","rel":"","context":"En \u00abAprendizaje basado en proyectos\u00bb","block_context":{"text":"Aprendizaje basado en proyectos","link":"https:\/\/webdelmaestrocmf.com\/portal\/category\/pedagogia\/aprendizaje-basado-en-proyectos\/"},"img":{"alt_text":"aprendizaje","src":"https:\/\/i0.wp.com\/webdelmaestrocmf.com\/portal\/wp-content\/uploads\/2022\/07\/1a-4.jpg?resize=350%2C200&ssl=1","width":350,"height":200,"srcset":"https:\/\/i0.wp.com\/webdelmaestrocmf.com\/portal\/wp-content\/uploads\/2022\/07\/1a-4.jpg?resize=350%2C200&ssl=1 1x, https:\/\/i0.wp.com\/webdelmaestrocmf.com\/portal\/wp-content\/uploads\/2022\/07\/1a-4.jpg?resize=525%2C300&ssl=1 1.5x, https:\/\/i0.wp.com\/webdelmaestrocmf.com\/portal\/wp-content\/uploads\/2022\/07\/1a-4.jpg?resize=700%2C400&ssl=1 2x"},"classes":[]}],"_links":{"self":[{"href":"https:\/\/webdelmaestrocmf.com\/portal\/wp-json\/wp\/v2\/posts\/50003","targetHints":{"allow":["GET"]}}],"collection":[{"href":"https:\/\/webdelmaestrocmf.com\/portal\/wp-json\/wp\/v2\/posts"}],"about":[{"href":"https:\/\/webdelmaestrocmf.com\/portal\/wp-json\/wp\/v2\/types\/post"}],"author":[{"embeddable":true,"href":"https:\/\/webdelmaestrocmf.com\/portal\/wp-json\/wp\/v2\/users\/1"}],"replies":[{"embeddable":true,"href":"https:\/\/webdelmaestrocmf.com\/portal\/wp-json\/wp\/v2\/comments?post=50003"}],"version-history":[{"count":0,"href":"https:\/\/webdelmaestrocmf.com\/portal\/wp-json\/wp\/v2\/posts\/50003\/revisions"}],"wp:featuredmedia":[{"embeddable":true,"href":"https:\/\/webdelmaestrocmf.com\/portal\/wp-json\/wp\/v2\/media\/50009"}],"wp:attachment":[{"href":"https:\/\/webdelmaestrocmf.com\/portal\/wp-json\/wp\/v2\/media?parent=50003"}],"wp:term":[{"taxonomy":"category","embeddable":true,"href":"https:\/\/webdelmaestrocmf.com\/portal\/wp-json\/wp\/v2\/categories?post=50003"},{"taxonomy":"post_tag","embeddable":true,"href":"https:\/\/webdelmaestrocmf.com\/portal\/wp-json\/wp\/v2\/tags?post=50003"}],"curies":[{"name":"wp","href":"https:\/\/api.w.org\/{rel}","templated":true}]}}