{"id":49791,"date":"2020-08-06T19:15:21","date_gmt":"2020-08-06T23:15:21","guid":{"rendered":"https:\/\/webdelmaestrocmf.com\/portal\/?p=49791"},"modified":"2020-08-06T23:08:13","modified_gmt":"2020-08-07T03:08:13","slug":"seminario-de-neurociencias-y-educacion-comprender-los-procesos-de-aprendizaje-para-la-innovacion-pedagogica","status":"publish","type":"post","link":"https:\/\/webdelmaestrocmf.com\/portal\/seminario-de-neurociencias-y-educacion-comprender-los-procesos-de-aprendizaje-para-la-innovacion-pedagogica\/","title":{"rendered":"Seminario de Neurociencias y Educaci\u00f3n: Comprender los procesos de aprendizaje, para la innovaci\u00f3n pedag\u00f3gica"},"content":{"rendered":"<h5 style=\"text-align: justify;\">Si te interesa conocer m\u00e1s sobre la relaci\u00f3n entre neurociencias y aprendizaje, participa en nuestro concurso y asiste a este evento formativo organizado por Fundaci\u00f3n Educacional Seminarium.<\/h5>\n<p style=\"text-align: justify;\"><!--more--><\/p>\n<h5 style=\"text-align: justify;\">El portal <strong><a href=\"https:\/\/www.educarchile.cl\/\" target=\"_blank\" rel=\"noopener noreferrer\">EducarChile<\/a> <\/strong>est\u00e1 ofreciendo un curso de actualizaci\u00f3n <strong>\u00abSeminario de Neurociencias y Educaci\u00f3n: Comprender los procesos de aprendizaje, para la innovaci\u00f3n pedag\u00f3gica\u00bb.<\/strong> Si est\u00e1 usted interesado le sugerimos a ingresar al enlace que se encuentra al final de esta publicaci\u00f3n.<\/h5>\n<p style=\"text-align: justify;\">La Neurociencia, en los \u00faltimos tiempo, est\u00e1 aportando mayores conocimientos para mejorar el desarrollo neurobiol\u00f3gico para adquirir aprendizajes y poder detectar a tiempo los trastornos o alteraciones neurol\u00f3gicas que afectan la cognici\u00f3n y emociones en los ni\u00f1os y adolescentes.\u00a0 Es un recurso pedag\u00f3gico que ayuda analizar las relaciones entre el cerebro y el aprendizaje desde una perspectiva evolutiva. La neuroeducaci\u00f3n permite encontrar itinerarios m\u00e1s adecuados y personalizados para el proceso de aprendizaje.<\/p>\n<p style=\"text-align: justify;\">\u201cLas neurociencias, la psicolog\u00eda y las ciencias del comportamiento dan cuenta sobre <strong>ciertos aspectos del aprendizaje escolar<\/strong>, pero de ninguna manera pueden ofrecer recetas m\u00e1gicas. Toda decisi\u00f3n sobre cuestiones educativas no puede ni debe ser espasm\u00f3dica ni unidireccional. Se requiere para eso de la <strong>reflexi\u00f3n cr\u00edtica y elaboraci\u00f3n interdisciplinaria,<\/strong> del di\u00e1logo y del consenso. Es en el encuentro entre disciplinas (educadores, psic\u00f3logos, cient\u00edficos sociales, neurocient\u00edficos, etc.) donde surge la interacci\u00f3n que <strong>podr\u00eda producir mejoras en las capacidades de ense\u00f1anza-aprendizaje<\/strong>. Y en todo esto existen hombres y mujeres que, como dice Brecht sobre los luchadores de toda la vida, son imprescindibles. Son ellos quienes verdaderamente construyen los puentes entre las teor\u00edas y las pr\u00e1cticas de ense\u00f1anza y aprendizaje, quienes conocen cabalmente la realidad de cada aula, quienes d\u00eda a d\u00eda trabajan con sus alumnos, promueven el conocimiento y les brindan <strong>factores claves para el aprendizaje<\/strong> -e irremplazables por la tecnolog\u00eda- como el contacto humano, el ejemplo, el afecto, la inspiraci\u00f3n, la mirada social y la motivaci\u00f3n: son los maestros, siempre los maestros\u201d. <a href=\"https:\/\/www.infobae.com\/salud\/ciencia\/2017\/08\/24\/neurociencias-y-educacion-que-es-importante-para-el-aprendizaje\/\" target=\"_blank\" rel=\"noopener noreferrer\"><strong>NEUROCIENCIAS Y EDUCACI\u00d3N: QU\u00c9 ES IMPORTANTE PARA EL APRENDIZAJE<\/strong><\/a><\/p>\n<p style=\"text-align: justify;\">\u00abLas investigaciones de la Neurociencia han cobrado cada vez m\u00e1s inter\u00e9s en el mundo docente, dado que esta disciplina <strong>permite dilucidar c\u00f3mo aprende, recuerda y olvida el cerebro,<\/strong> procesos importantes en el proceso de ense\u00f1anza- aprendizaje, seg\u00fan expertos en la materia\u00bb [&#8230;] La Neurociencia educativa puede ayudar a los docentes a entender c\u00f3mo aprenden sus alumnos y alumnas, as\u00ed como \u00ablas relaciones que existen entre sus emociones y pensamientos, para poder as\u00ed ejecutar la ense\u00f1anza de forma eficaz\u00bb [&#8230;] Cada son m\u00e1s los investigadores que consideran imprescindible que <strong>el profesorado tenga en cuenta los hallazgos de la Neurociencias para mejorar su funci\u00f3n <\/strong>y creen que el presente y futuro de la educaci\u00f3n est\u00e1 basado en esta disciplina. <a href=\"https:\/\/www.educaweb.com\/noticia\/2019\/01\/10\/neurociencia-aliada-mejorar-educacion-18676\/\" target=\"_blank\" rel=\"noopener noreferrer\">(cf <strong>NEUROCIENCIA, \u00bfUNA ALIADA PARA MEJORAR LA EDUCACI\u00d3N?).<\/strong><\/a><\/p>\n<p style=\"text-align: justify;\">Les invitamos a visualizar el video del profesor Manuel Carreiras (1959), master en Psicolog\u00eda qui\u00e9n nos ayuda en este video de TEC, R\u00edo de la Plata adentrarnos en los mecanismos cognitivos tan propios de nuestra tarea docente.<\/p>\n<p><iframe loading=\"lazy\" src=\"https:\/\/www.youtube.com\/embed\/Er7VmkrPPjY\" width=\"100%\" height=\"400\" frameborder=\"0\" allowfullscreen=\"allowfullscreen\"><span data-mce-type=\"bookmark\" style=\"display: inline-block; width: 0px; overflow: hidden; line-height: 0;\" class=\"mce_SELRES_start\">\ufeff<\/span><\/iframe><\/p>\n<h2 style=\"text-align: left;\">Seminario de Neurociencias y Educaci\u00f3n: Comprender los procesos de aprendizaje, para la innovaci\u00f3n pedag\u00f3gica<\/h2>\n<p style=\"text-align: justify;\">Gracias a una alianza de colaboraci\u00f3n entre\u00a0<a href=\"https:\/\/www.fundacionseminarium.com\/\" target=\"_blank\" rel=\"noopener noreferrer\">Fundaci\u00f3n Educacional Seminarium<\/a>\u00a0y educarchile, te invitamos a concursar para ganar 1 de las cuatro becas que tenemos disponibles para asistir al Seminario de Neurociencias y Educaci\u00f3n, a realizarse el <strong>martes 18 de agosto, desde las 8:30 horas.<\/strong><\/p>\n<p style=\"text-align: justify;\">Esta actividad formativa tiene como prop\u00f3sito entender de qu\u00e9 manera ocurre el aprendizaje en la intersecci\u00f3n de la neurociencia, la cognici\u00f3n y educaci\u00f3n, para comprender c\u00f3mo algunas estrategias pedag\u00f3gicas fomentan a\u00fan m\u00e1s el aprendizaje profundo y flexible de los y las estudiantes.<\/p>\n<p><img loading=\"lazy\" decoding=\"async\" class=\"alignnone wp-image-49794 size-full\" src=\"https:\/\/webdelmaestrocmf.com\/portal\/wp-content\/uploads\/2020\/08\/1-3.png\" alt=\"\" width=\"736\" height=\"531\" srcset=\"https:\/\/webdelmaestrocmf.com\/portal\/wp-content\/uploads\/2020\/08\/1-3.png 736w, https:\/\/webdelmaestrocmf.com\/portal\/wp-content\/uploads\/2020\/08\/1-3-300x216.png 300w, https:\/\/webdelmaestrocmf.com\/portal\/wp-content\/uploads\/2020\/08\/1-3-110x79.png 110w, https:\/\/webdelmaestrocmf.com\/portal\/wp-content\/uploads\/2020\/08\/1-3-200x144.png 200w, https:\/\/webdelmaestrocmf.com\/portal\/wp-content\/uploads\/2020\/08\/1-3-380x274.png 380w, https:\/\/webdelmaestrocmf.com\/portal\/wp-content\/uploads\/2020\/08\/1-3-255x184.png 255w, https:\/\/webdelmaestrocmf.com\/portal\/wp-content\/uploads\/2020\/08\/1-3-550x397.png 550w\" sizes=\"auto, (max-width: 736px) 100vw, 736px\" \/><\/p>\n<p style=\"text-align: justify;\">El evento, contar\u00e1 con la conferencia de James Booth, Profesor de Neurociencias en el Departamento de Psicolog\u00eda y Desarrollo Humano de la Universidad de Vanderbilt, EE.UU, quien estar\u00e1 acompa\u00f1ado por Peter Doolittle, Decano de la Escuela de Educaci\u00f3n de la Universidad de Virginia Tech, donde tambi\u00e9n se desempe\u00f1a como Profesor de Psicolog\u00eda Educacional y Director Ejecutivo del Centro de Desarrollo Educativo e Investigaci\u00f3n Educativa.<\/p>\n<h5 style=\"text-align: justify;\"><strong>\u00bfC\u00f3mo participar?<\/strong><\/h5>\n<ol style=\"text-align: justify;\">\n<li>Reg\u00edstrate en nuestro portal e ingresa tus datos en el siguiente enlace:<br \/>\n<strong><a href=\"https:\/\/www.educarchile.cl\/user\/register\" target=\"_blank\" rel=\"noopener noreferrer\">https:\/\/www.educarchile.cl\/user\/register<\/a><\/strong><\/li>\n<li>ya est\u00e1s registrado (debes saltarte este paso).<\/li>\n<li>Completa con tus datos el siguiente formulario: <strong><a href=\"https:\/\/docs.google.com\/forms\/d\/e\/1FAIpQLScPO2cZRlV_StIhRVlqOBDhH3scPbkngkKCDSbUVDTPvz0ePw\/closedform\" target=\"_blank\" rel=\"noopener noreferrer\">https:\/\/forms.gle\/BQqvP1EsePy4NbiD7<\/a><\/strong><\/li>\n<li>El sorteo de las 3 becas se realizar\u00e1 el jueves 6 de agosto. El resultado con los ganadores, ser\u00e1 comunicado ese mismo d\u00eda por nuestras redes sociales @portal.educarchile (Facebook), y educarchile.cl (Instagram).<\/li>\n<li>Los ganadores ser\u00e1n notificados de su premio al correo ingresado en el formulario del concurso.<\/li>\n<li>Ser\u00e1 obligaci\u00f3n de cada ganador responder a esta notificaci\u00f3n durante el d\u00eda (jueves 6 de agosto). De lo contrario,\u00a0 su beca ser\u00e1 cedida\u00a0 a otro concursante mediante sorteo.<\/li>\n<\/ol>\n<p style=\"text-align: justify;\"><strong>M\u00e1s informaci\u00f3n aqu\u00ed:\u00a0<a href=\"https:\/\/www.fundacionseminarium.com\/eventos-2020\/seminario-sobre-neuroeducacion\/\" target=\"_blank\" rel=\"noopener noreferrer\">https:\/\/www.fundacionseminarium.com<\/a><\/strong><\/p>\n<p><strong>Este contenido ha sido publicado originalmente por EducarChile en la siguiente direcci\u00f3n: <a href=\"https:\/\/www.educarchile.cl\/\" target=\"_blank\" rel=\"noopener noreferrer\">educarchile.cl<\/a><\/strong><\/p>\n<p style=\"text-align: center;\">Recomendamos a la Comunidad Educativa Digital tener en cuenta que, el enlace y\/o la carpeta en donde est\u00e1n alojados los libros, recursos y\/o materiales, no es administrado por la Web del Maestro CMF, pueda ser que en cuesti\u00f3n de d\u00edas (o seg\u00fan el tiempo transcurrido desde su publicaci\u00f3n), los enlaces no funcionen y el material ya no se encuentre disponible. Gracias por su comprensi\u00f3n.<\/p>\n<h3>ENLACE DE LECTURA:<\/h3>\n<p style=\"text-align: center;\">\u00a1Comparte y as\u00ed m\u00e1s docentes utilizar\u00e1n estos recursos\u00a0gratis! Muchas gracias.<\/p>\n<p style=\"text-align: center;\"><span style=\"color: #000000;\"><strong>M\u00c1S INFORMACI\u00d3N AQU\u00cd: <a style=\"color: #000000;\" href=\"https:\/\/www.fundacionseminarium.com\/eventos-2020\/seminario-sobre-neuroeducacion\/\">FUNDACIONSEMINARIUM.COM<\/a><\/strong><\/span><\/p>\n\t\t<div class=\"pk-inline-posts\">\n\t\t\t\n\t\t\t<div class=\"pk-inline-posts-container pk-inline-posts-template-list\"\n\t\t\t\tdata-columns=\"1\">\n\t\t\t\t\t\t<article id=\"post-118538\" class=\"post-118538 post type-post status-publish format-standard has-post-thumbnail category-descargas-manuales-pdf category-pedagogia category-tea tag-aprendizaje tag-aula tag-crisis-educativa tag-docentes tag-educacion-3 tag-escuela tag-pedagogia-3 tag-reflexion-docente-2 tag-rol-docente tag-sistema-educativo cs-entry cs-video-wrap\">\n\t\t\t<div class=\"pk-post-outer\">\n\n\t\t\t\t\t\t\t\t<div class=\"pk-post-inner\">\n\t\t\t\t\t<div class=\"entry-thumbnail\">\n\t\t\t\t\t\t<div class=\"pk-overlay pk-overlay-ratio pk-ratio-landscape\">\n\t\t\t\t\t\t\t<div class=\"pk-overlay-background\">\n\t\t\t\t\t\t\t\t<a href=\"https:\/\/webdelmaestrocmf.com\/portal\/nuevo-recurso-clave-para-el-aula-descarga-una-lista-de-control-para-la-deteccion-inicial-del-tea-trastorno-del-espectro-autista\/\" class=\"pk-overlay-link\">\n\t\t\t\t\t\t\t\t\t<img loading=\"lazy\" decoding=\"async\" width=\"300\" height=\"225\" src=\"https:\/\/webdelmaestrocmf.com\/portal\/wp-content\/uploads\/2026\/05\/1AA-Banner-1-portada-imagen-10-1-copia-1-300x225.webp\" class=\"attachment-pk-thumbnail size-pk-thumbnail wp-post-image\" alt=\"\" \/>\t\t\t\t\t\t\t\t<\/a>\n\t\t\t\t\t\t\t<\/div>\n\t\t\t\t\t\t<\/div>\n\t\t\t\t\t<\/div>\n\t\t\t\t<\/div>\n\t\t\t\t\n\t\t\t\t<div class=\"pk-post-inner\">\n\t\t\t\t\t<header>\n\t\t\t\t\t\t<h3 class=\"pk-title\"><a href=\"https:\/\/webdelmaestrocmf.com\/portal\/nuevo-recurso-clave-para-el-aula-descarga-una-lista-de-control-para-la-deteccion-inicial-del-tea-trastorno-del-espectro-autista\/\" rel=\"bookmark\">Nuevo recurso clave para el aula: descarga una lista de control para la detecci\u00f3n inicial del TEA (Trastorno del Espectro Autista)<\/a><\/h3>\t\t\t\t\t<\/header><!-- .entry-header -->\n\t\t\t\t<\/div><!-- .post-inner -->\n\n\t\t\t<\/div><!-- .post-outer -->\n\t\t<\/article>\n\t\t\t\t<\/div>\n\t\t<\/div>\n\t\t\n","protected":false},"excerpt":{"rendered":"Si te interesa conocer m\u00e1s sobre la relaci\u00f3n entre neurociencias y aprendizaje, participa en nuestro concurso y asiste&hellip;","protected":false},"author":1,"featured_media":49793,"comment_status":"open","ping_status":"closed","sticky":false,"template":"","format":"standard","meta":{"csco_display_header_overlay":false,"csco_singular_sidebar":"default","csco_page_header_type":"default","csco_page_load_nextpost":"default","csco_post_video_location":[],"csco_post_video_location_hash":"","csco_post_video_url":"","csco_post_video_bg_start_time":0,"csco_post_video_bg_end_time":0,"csco_post_video_bg_volume":false,"_jetpack_memberships_contains_paid_content":false,"footnotes":""},"categories":[1171,735],"tags":[5389,55,1690,1293,1917,5390,5047],"class_list":{"0":"post-49791","1":"post","2":"type-post","3":"status-publish","4":"format-standard","5":"has-post-thumbnail","7":"category-cursos","8":"category-pedagogia","9":"tag-comprender","10":"tag-educacion","11":"tag-innovacion","12":"tag-neurociencias","13":"tag-pedagogica","14":"tag-procesos-de-aprendizaje","15":"tag-seminario","16":"cs-entry","17":"cs-video-wrap"},"yoast_head":"<!-- This site is optimized with the Yoast SEO plugin v27.5 - https:\/\/yoast.com\/product\/yoast-seo-wordpress\/ -->\n<title>Seminario de Neurociencias y Educaci\u00f3n: Comprender los procesos de aprendizaje, para la innovaci\u00f3n pedag\u00f3gica - 2026<\/title>\n<meta name=\"description\" content=\"Si te interesa conocer m\u00e1s sobre la relaci\u00f3n entre neurociencias y aprendizaje, participa en nuestro concurso y asiste a este evento...\" \/>\n<meta name=\"robots\" content=\"index, follow, max-snippet:-1, max-image-preview:large, max-video-preview:-1\" \/>\n<link rel=\"canonical\" href=\"https:\/\/webdelmaestrocmf.com\/portal\/seminario-de-neurociencias-y-educacion-comprender-los-procesos-de-aprendizaje-para-la-innovacion-pedagogica\/\" \/>\n<meta property=\"og:locale\" content=\"es_ES\" \/>\n<meta property=\"og:type\" content=\"article\" \/>\n<meta property=\"og:title\" content=\"Seminario de Neurociencias y Educaci\u00f3n: Comprender los procesos de aprendizaje, para la innovaci\u00f3n pedag\u00f3gica - 2026\" \/>\n<meta property=\"og:description\" content=\"Si te interesa conocer m\u00e1s sobre la relaci\u00f3n entre neurociencias y aprendizaje, participa en nuestro concurso y asiste a este evento...\" \/>\n<meta property=\"og:url\" content=\"https:\/\/webdelmaestrocmf.com\/portal\/seminario-de-neurociencias-y-educacion-comprender-los-procesos-de-aprendizaje-para-la-innovacion-pedagogica\/\" \/>\n<meta property=\"og:site_name\" content=\"Web del Maestro CMF\" \/>\n<meta property=\"article:publisher\" content=\"https:\/\/www.facebook.com\/WebdelMaestroCMF\/\" \/>\n<meta property=\"article:author\" content=\"https:\/\/www.facebook.com\/WebdelMaestroCMF\/\" \/>\n<meta property=\"article:published_time\" content=\"2020-08-06T23:15:21+00:00\" \/>\n<meta property=\"article:modified_time\" content=\"2020-08-07T03:08:13+00:00\" \/>\n<meta property=\"og:image\" content=\"https:\/\/i0.wp.com\/webdelmaestrocmf.com\/portal\/wp-content\/uploads\/2020\/08\/1-30.jpg?fit=1100%2C680&ssl=1\" \/>\n\t<meta property=\"og:image:width\" content=\"1100\" \/>\n\t<meta property=\"og:image:height\" content=\"680\" \/>\n\t<meta property=\"og:image:type\" content=\"image\/jpeg\" \/>\n<meta name=\"author\" content=\"Web del Maestro CMF\" \/>\n<meta name=\"twitter:card\" content=\"summary_large_image\" \/>\n<meta name=\"twitter:creator\" content=\"@cmf_w\" \/>\n<meta name=\"twitter:site\" content=\"@cmf_w\" \/>\n<script type=\"application\/ld+json\" class=\"yoast-schema-graph\">{\"@context\":\"https:\\\/\\\/schema.org\",\"@graph\":[{\"@type\":\"ScholarlyArticle\",\"@id\":\"https:\\\/\\\/webdelmaestrocmf.com\\\/portal\\\/seminario-de-neurociencias-y-educacion-comprender-los-procesos-de-aprendizaje-para-la-innovacion-pedagogica\\\/#article\",\"isPartOf\":{\"@id\":\"https:\\\/\\\/webdelmaestrocmf.com\\\/portal\\\/seminario-de-neurociencias-y-educacion-comprender-los-procesos-de-aprendizaje-para-la-innovacion-pedagogica\\\/\"},\"author\":{\"name\":\"Web del Maestro CMF\",\"@id\":\"https:\\\/\\\/webdelmaestrocmf.com\\\/portal\\\/#\\\/schema\\\/person\\\/1072a2ed7bd960df8ef99a551fa35dc5\"},\"headline\":\"Seminario de Neurociencias y Educaci\u00f3n: Comprender los procesos de aprendizaje, para la innovaci\u00f3n pedag\u00f3gica\",\"datePublished\":\"2020-08-06T23:15:21+00:00\",\"dateModified\":\"2020-08-07T03:08:13+00:00\",\"mainEntityOfPage\":{\"@id\":\"https:\\\/\\\/webdelmaestrocmf.com\\\/portal\\\/seminario-de-neurociencias-y-educacion-comprender-los-procesos-de-aprendizaje-para-la-innovacion-pedagogica\\\/\"},\"wordCount\":975,\"commentCount\":0,\"publisher\":{\"@id\":\"https:\\\/\\\/webdelmaestrocmf.com\\\/portal\\\/#organization\"},\"image\":{\"@id\":\"https:\\\/\\\/webdelmaestrocmf.com\\\/portal\\\/seminario-de-neurociencias-y-educacion-comprender-los-procesos-de-aprendizaje-para-la-innovacion-pedagogica\\\/#primaryimage\"},\"thumbnailUrl\":\"https:\\\/\\\/webdelmaestrocmf.com\\\/portal\\\/wp-content\\\/uploads\\\/2020\\\/08\\\/1-30.jpg\",\"keywords\":[\"Comprender\",\"EDUCACI\u00d3N\",\"INNOVACI\u00d3N\",\"NEUROCIENCIAS\",\"PEDAG\u00d3GICA\",\"procesos de aprendizaje\",\"Seminario\"],\"articleSection\":[\"Cursos\",\"Recursos\"],\"inLanguage\":\"es\",\"potentialAction\":[{\"@type\":\"CommentAction\",\"name\":\"Comment\",\"target\":[\"https:\\\/\\\/webdelmaestrocmf.com\\\/portal\\\/seminario-de-neurociencias-y-educacion-comprender-los-procesos-de-aprendizaje-para-la-innovacion-pedagogica\\\/#respond\"]}]},{\"@type\":\"WebPage\",\"@id\":\"https:\\\/\\\/webdelmaestrocmf.com\\\/portal\\\/seminario-de-neurociencias-y-educacion-comprender-los-procesos-de-aprendizaje-para-la-innovacion-pedagogica\\\/\",\"url\":\"https:\\\/\\\/webdelmaestrocmf.com\\\/portal\\\/seminario-de-neurociencias-y-educacion-comprender-los-procesos-de-aprendizaje-para-la-innovacion-pedagogica\\\/\",\"name\":\"Seminario de Neurociencias y Educaci\u00f3n: Comprender los procesos de aprendizaje, para la innovaci\u00f3n pedag\u00f3gica - 2026\",\"isPartOf\":{\"@id\":\"https:\\\/\\\/webdelmaestrocmf.com\\\/portal\\\/#website\"},\"primaryImageOfPage\":{\"@id\":\"https:\\\/\\\/webdelmaestrocmf.com\\\/portal\\\/seminario-de-neurociencias-y-educacion-comprender-los-procesos-de-aprendizaje-para-la-innovacion-pedagogica\\\/#primaryimage\"},\"image\":{\"@id\":\"https:\\\/\\\/webdelmaestrocmf.com\\\/portal\\\/seminario-de-neurociencias-y-educacion-comprender-los-procesos-de-aprendizaje-para-la-innovacion-pedagogica\\\/#primaryimage\"},\"thumbnailUrl\":\"https:\\\/\\\/webdelmaestrocmf.com\\\/portal\\\/wp-content\\\/uploads\\\/2020\\\/08\\\/1-30.jpg\",\"datePublished\":\"2020-08-06T23:15:21+00:00\",\"dateModified\":\"2020-08-07T03:08:13+00:00\",\"description\":\"Si te interesa conocer m\u00e1s sobre la relaci\u00f3n entre neurociencias y aprendizaje, participa en nuestro concurso y asiste a este evento...\",\"breadcrumb\":{\"@id\":\"https:\\\/\\\/webdelmaestrocmf.com\\\/portal\\\/seminario-de-neurociencias-y-educacion-comprender-los-procesos-de-aprendizaje-para-la-innovacion-pedagogica\\\/#breadcrumb\"},\"inLanguage\":\"es\",\"potentialAction\":[{\"@type\":\"ReadAction\",\"target\":[\"https:\\\/\\\/webdelmaestrocmf.com\\\/portal\\\/seminario-de-neurociencias-y-educacion-comprender-los-procesos-de-aprendizaje-para-la-innovacion-pedagogica\\\/\"]}]},{\"@type\":\"ImageObject\",\"inLanguage\":\"es\",\"@id\":\"https:\\\/\\\/webdelmaestrocmf.com\\\/portal\\\/seminario-de-neurociencias-y-educacion-comprender-los-procesos-de-aprendizaje-para-la-innovacion-pedagogica\\\/#primaryimage\",\"url\":\"https:\\\/\\\/webdelmaestrocmf.com\\\/portal\\\/wp-content\\\/uploads\\\/2020\\\/08\\\/1-30.jpg\",\"contentUrl\":\"https:\\\/\\\/webdelmaestrocmf.com\\\/portal\\\/wp-content\\\/uploads\\\/2020\\\/08\\\/1-30.jpg\",\"width\":1100,\"height\":680},{\"@type\":\"BreadcrumbList\",\"@id\":\"https:\\\/\\\/webdelmaestrocmf.com\\\/portal\\\/seminario-de-neurociencias-y-educacion-comprender-los-procesos-de-aprendizaje-para-la-innovacion-pedagogica\\\/#breadcrumb\",\"itemListElement\":[{\"@type\":\"ListItem\",\"position\":1,\"name\":\"Portada\",\"item\":\"https:\\\/\\\/webdelmaestrocmf.com\\\/portal\\\/\"},{\"@type\":\"ListItem\",\"position\":2,\"name\":\"Recursos\",\"item\":\"https:\\\/\\\/webdelmaestrocmf.com\\\/portal\\\/category\\\/pedagogia\\\/\"},{\"@type\":\"ListItem\",\"position\":3,\"name\":\"Seminario de Neurociencias y Educaci\u00f3n: Comprender los procesos de aprendizaje, para la innovaci\u00f3n pedag\u00f3gica\"}]},{\"@type\":\"WebSite\",\"@id\":\"https:\\\/\\\/webdelmaestrocmf.com\\\/portal\\\/#website\",\"url\":\"https:\\\/\\\/webdelmaestrocmf.com\\\/portal\\\/\",\"name\":\"Web del Maestro CMF\",\"description\":\"Maestros al servicio de la educaci\u00f3n\",\"publisher\":{\"@id\":\"https:\\\/\\\/webdelmaestrocmf.com\\\/portal\\\/#organization\"},\"alternateName\":\"WMCMF\",\"potentialAction\":[{\"@type\":\"SearchAction\",\"target\":{\"@type\":\"EntryPoint\",\"urlTemplate\":\"https:\\\/\\\/webdelmaestrocmf.com\\\/portal\\\/?s={search_term_string}\"},\"query-input\":{\"@type\":\"PropertyValueSpecification\",\"valueRequired\":true,\"valueName\":\"search_term_string\"}}],\"inLanguage\":\"es\"},{\"@type\":\"Organization\",\"@id\":\"https:\\\/\\\/webdelmaestrocmf.com\\\/portal\\\/#organization\",\"name\":\"Web del Maestro CMF\",\"alternateName\":\"WMCMF\",\"url\":\"https:\\\/\\\/webdelmaestrocmf.com\\\/portal\\\/\",\"logo\":{\"@type\":\"ImageObject\",\"inLanguage\":\"es\",\"@id\":\"https:\\\/\\\/webdelmaestrocmf.com\\\/portal\\\/#\\\/schema\\\/logo\\\/image\\\/\",\"url\":\"https:\\\/\\\/webdelmaestrocmf.com\\\/portal\\\/wp-content\\\/uploads\\\/2023\\\/01\\\/logo-wmcmf-2.png\",\"contentUrl\":\"https:\\\/\\\/webdelmaestrocmf.com\\\/portal\\\/wp-content\\\/uploads\\\/2023\\\/01\\\/logo-wmcmf-2.png\",\"width\":200,\"height\":60,\"caption\":\"Web del Maestro CMF\"},\"image\":{\"@id\":\"https:\\\/\\\/webdelmaestrocmf.com\\\/portal\\\/#\\\/schema\\\/logo\\\/image\\\/\"},\"sameAs\":[\"https:\\\/\\\/www.facebook.com\\\/WebdelMaestroCMF\\\/\",\"https:\\\/\\\/x.com\\\/cmf_w\",\"https:\\\/\\\/www.pinterest.com\\\/WMCMF\\\/\",\"https:\\\/\\\/www.linkedin.com\\\/company\\\/web-del-maestro-cmf\\\/\",\"https:\\\/\\\/www.instagram.com\\\/wmcmf\\\/\",\"https:\\\/\\\/www.youtube.com\\\/channel\\\/UCDPSvjbdodE5sHnC3OxutHw\",\"https:\\\/\\\/mastodon.social\\\/@wmcmf\",\"https:\\\/\\\/www.tiktok.com\\\/@webdelmaestrocmf\"]},{\"@type\":\"Person\",\"@id\":\"https:\\\/\\\/webdelmaestrocmf.com\\\/portal\\\/#\\\/schema\\\/person\\\/1072a2ed7bd960df8ef99a551fa35dc5\",\"name\":\"Web del Maestro CMF\",\"image\":{\"@type\":\"ImageObject\",\"inLanguage\":\"es\",\"@id\":\"https:\\\/\\\/secure.gravatar.com\\\/avatar\\\/23291dd5b5ae1077dcff3dbb04c3e02bd28403fa75af6d8787d5e97c5bbbe30b?s=96&d=mm&r=g\",\"url\":\"https:\\\/\\\/secure.gravatar.com\\\/avatar\\\/23291dd5b5ae1077dcff3dbb04c3e02bd28403fa75af6d8787d5e97c5bbbe30b?s=96&d=mm&r=g\",\"contentUrl\":\"https:\\\/\\\/secure.gravatar.com\\\/avatar\\\/23291dd5b5ae1077dcff3dbb04c3e02bd28403fa75af6d8787d5e97c5bbbe30b?s=96&d=mm&r=g\",\"caption\":\"Web del Maestro CMF\"},\"description\":\"Esta Web se cre\u00f3 sin fines de lucro, con fines educativos, cient\u00edficos y acad\u00e9micos, para personas que tengan dificultades y\\\/o inconvenientes en visualizar el material original. El objetivo es entregar recursos, compartir experiencias y materiales que ayuden a los padres de familia, maestros y estudiantes en su actualizaci\u00f3n y formaci\u00f3n permanente, en bien de la Educaci\u00f3n.\",\"sameAs\":[\"http:\\\/\\\/webdelmaestrocmf.com\\\/portal\",\"https:\\\/\\\/www.facebook.com\\\/WebdelMaestroCMF\\\/\",\"https:\\\/\\\/www.instagram.com\\\/wmcmf\\\/\",\"https:\\\/\\\/cl.linkedin.com\\\/company\\\/web-del-maestro-cmf\",\"https:\\\/\\\/www.pinterest.com\\\/WMCMF\\\/publicaciones\\\/\",\"https:\\\/\\\/x.com\\\/cmf_w\",\"https:\\\/\\\/www.youtube.com\\\/@WMCMF\"]}]}<\/script>\n<!-- \/ Yoast SEO plugin. -->","yoast_head_json":{"title":"Seminario de Neurociencias y Educaci\u00f3n: Comprender los procesos de aprendizaje, para la innovaci\u00f3n pedag\u00f3gica - 2026","description":"Si te interesa conocer m\u00e1s sobre la relaci\u00f3n entre neurociencias y aprendizaje, participa en nuestro concurso y asiste a este evento...","robots":{"index":"index","follow":"follow","max-snippet":"max-snippet:-1","max-image-preview":"max-image-preview:large","max-video-preview":"max-video-preview:-1"},"canonical":"https:\/\/webdelmaestrocmf.com\/portal\/seminario-de-neurociencias-y-educacion-comprender-los-procesos-de-aprendizaje-para-la-innovacion-pedagogica\/","og_locale":"es_ES","og_type":"article","og_title":"Seminario de Neurociencias y Educaci\u00f3n: Comprender los procesos de aprendizaje, para la innovaci\u00f3n pedag\u00f3gica - 2026","og_description":"Si te interesa conocer m\u00e1s sobre la relaci\u00f3n entre neurociencias y aprendizaje, participa en nuestro concurso y asiste a este evento...","og_url":"https:\/\/webdelmaestrocmf.com\/portal\/seminario-de-neurociencias-y-educacion-comprender-los-procesos-de-aprendizaje-para-la-innovacion-pedagogica\/","og_site_name":"Web del Maestro CMF","article_publisher":"https:\/\/www.facebook.com\/WebdelMaestroCMF\/","article_author":"https:\/\/www.facebook.com\/WebdelMaestroCMF\/","article_published_time":"2020-08-06T23:15:21+00:00","article_modified_time":"2020-08-07T03:08:13+00:00","og_image":[{"width":1100,"height":680,"url":"https:\/\/i0.wp.com\/webdelmaestrocmf.com\/portal\/wp-content\/uploads\/2020\/08\/1-30.jpg?fit=1100%2C680&ssl=1","type":"image\/jpeg"}],"author":"Web del Maestro CMF","twitter_card":"summary_large_image","twitter_creator":"@cmf_w","twitter_site":"@cmf_w","schema":{"@context":"https:\/\/schema.org","@graph":[{"@type":"ScholarlyArticle","@id":"https:\/\/webdelmaestrocmf.com\/portal\/seminario-de-neurociencias-y-educacion-comprender-los-procesos-de-aprendizaje-para-la-innovacion-pedagogica\/#article","isPartOf":{"@id":"https:\/\/webdelmaestrocmf.com\/portal\/seminario-de-neurociencias-y-educacion-comprender-los-procesos-de-aprendizaje-para-la-innovacion-pedagogica\/"},"author":{"name":"Web del Maestro CMF","@id":"https:\/\/webdelmaestrocmf.com\/portal\/#\/schema\/person\/1072a2ed7bd960df8ef99a551fa35dc5"},"headline":"Seminario de Neurociencias y Educaci\u00f3n: Comprender los procesos de aprendizaje, para la innovaci\u00f3n pedag\u00f3gica","datePublished":"2020-08-06T23:15:21+00:00","dateModified":"2020-08-07T03:08:13+00:00","mainEntityOfPage":{"@id":"https:\/\/webdelmaestrocmf.com\/portal\/seminario-de-neurociencias-y-educacion-comprender-los-procesos-de-aprendizaje-para-la-innovacion-pedagogica\/"},"wordCount":975,"commentCount":0,"publisher":{"@id":"https:\/\/webdelmaestrocmf.com\/portal\/#organization"},"image":{"@id":"https:\/\/webdelmaestrocmf.com\/portal\/seminario-de-neurociencias-y-educacion-comprender-los-procesos-de-aprendizaje-para-la-innovacion-pedagogica\/#primaryimage"},"thumbnailUrl":"https:\/\/webdelmaestrocmf.com\/portal\/wp-content\/uploads\/2020\/08\/1-30.jpg","keywords":["Comprender","EDUCACI\u00d3N","INNOVACI\u00d3N","NEUROCIENCIAS","PEDAG\u00d3GICA","procesos de aprendizaje","Seminario"],"articleSection":["Cursos","Recursos"],"inLanguage":"es","potentialAction":[{"@type":"CommentAction","name":"Comment","target":["https:\/\/webdelmaestrocmf.com\/portal\/seminario-de-neurociencias-y-educacion-comprender-los-procesos-de-aprendizaje-para-la-innovacion-pedagogica\/#respond"]}]},{"@type":"WebPage","@id":"https:\/\/webdelmaestrocmf.com\/portal\/seminario-de-neurociencias-y-educacion-comprender-los-procesos-de-aprendizaje-para-la-innovacion-pedagogica\/","url":"https:\/\/webdelmaestrocmf.com\/portal\/seminario-de-neurociencias-y-educacion-comprender-los-procesos-de-aprendizaje-para-la-innovacion-pedagogica\/","name":"Seminario de Neurociencias y Educaci\u00f3n: Comprender los procesos de aprendizaje, para la innovaci\u00f3n pedag\u00f3gica - 2026","isPartOf":{"@id":"https:\/\/webdelmaestrocmf.com\/portal\/#website"},"primaryImageOfPage":{"@id":"https:\/\/webdelmaestrocmf.com\/portal\/seminario-de-neurociencias-y-educacion-comprender-los-procesos-de-aprendizaje-para-la-innovacion-pedagogica\/#primaryimage"},"image":{"@id":"https:\/\/webdelmaestrocmf.com\/portal\/seminario-de-neurociencias-y-educacion-comprender-los-procesos-de-aprendizaje-para-la-innovacion-pedagogica\/#primaryimage"},"thumbnailUrl":"https:\/\/webdelmaestrocmf.com\/portal\/wp-content\/uploads\/2020\/08\/1-30.jpg","datePublished":"2020-08-06T23:15:21+00:00","dateModified":"2020-08-07T03:08:13+00:00","description":"Si te interesa conocer m\u00e1s sobre la relaci\u00f3n entre neurociencias y aprendizaje, participa en nuestro concurso y asiste a este evento...","breadcrumb":{"@id":"https:\/\/webdelmaestrocmf.com\/portal\/seminario-de-neurociencias-y-educacion-comprender-los-procesos-de-aprendizaje-para-la-innovacion-pedagogica\/#breadcrumb"},"inLanguage":"es","potentialAction":[{"@type":"ReadAction","target":["https:\/\/webdelmaestrocmf.com\/portal\/seminario-de-neurociencias-y-educacion-comprender-los-procesos-de-aprendizaje-para-la-innovacion-pedagogica\/"]}]},{"@type":"ImageObject","inLanguage":"es","@id":"https:\/\/webdelmaestrocmf.com\/portal\/seminario-de-neurociencias-y-educacion-comprender-los-procesos-de-aprendizaje-para-la-innovacion-pedagogica\/#primaryimage","url":"https:\/\/webdelmaestrocmf.com\/portal\/wp-content\/uploads\/2020\/08\/1-30.jpg","contentUrl":"https:\/\/webdelmaestrocmf.com\/portal\/wp-content\/uploads\/2020\/08\/1-30.jpg","width":1100,"height":680},{"@type":"BreadcrumbList","@id":"https:\/\/webdelmaestrocmf.com\/portal\/seminario-de-neurociencias-y-educacion-comprender-los-procesos-de-aprendizaje-para-la-innovacion-pedagogica\/#breadcrumb","itemListElement":[{"@type":"ListItem","position":1,"name":"Portada","item":"https:\/\/webdelmaestrocmf.com\/portal\/"},{"@type":"ListItem","position":2,"name":"Recursos","item":"https:\/\/webdelmaestrocmf.com\/portal\/category\/pedagogia\/"},{"@type":"ListItem","position":3,"name":"Seminario de Neurociencias y Educaci\u00f3n: Comprender los procesos de aprendizaje, para la innovaci\u00f3n pedag\u00f3gica"}]},{"@type":"WebSite","@id":"https:\/\/webdelmaestrocmf.com\/portal\/#website","url":"https:\/\/webdelmaestrocmf.com\/portal\/","name":"Web del Maestro CMF","description":"Maestros al servicio de la educaci\u00f3n","publisher":{"@id":"https:\/\/webdelmaestrocmf.com\/portal\/#organization"},"alternateName":"WMCMF","potentialAction":[{"@type":"SearchAction","target":{"@type":"EntryPoint","urlTemplate":"https:\/\/webdelmaestrocmf.com\/portal\/?s={search_term_string}"},"query-input":{"@type":"PropertyValueSpecification","valueRequired":true,"valueName":"search_term_string"}}],"inLanguage":"es"},{"@type":"Organization","@id":"https:\/\/webdelmaestrocmf.com\/portal\/#organization","name":"Web del Maestro CMF","alternateName":"WMCMF","url":"https:\/\/webdelmaestrocmf.com\/portal\/","logo":{"@type":"ImageObject","inLanguage":"es","@id":"https:\/\/webdelmaestrocmf.com\/portal\/#\/schema\/logo\/image\/","url":"https:\/\/webdelmaestrocmf.com\/portal\/wp-content\/uploads\/2023\/01\/logo-wmcmf-2.png","contentUrl":"https:\/\/webdelmaestrocmf.com\/portal\/wp-content\/uploads\/2023\/01\/logo-wmcmf-2.png","width":200,"height":60,"caption":"Web del Maestro CMF"},"image":{"@id":"https:\/\/webdelmaestrocmf.com\/portal\/#\/schema\/logo\/image\/"},"sameAs":["https:\/\/www.facebook.com\/WebdelMaestroCMF\/","https:\/\/x.com\/cmf_w","https:\/\/www.pinterest.com\/WMCMF\/","https:\/\/www.linkedin.com\/company\/web-del-maestro-cmf\/","https:\/\/www.instagram.com\/wmcmf\/","https:\/\/www.youtube.com\/channel\/UCDPSvjbdodE5sHnC3OxutHw","https:\/\/mastodon.social\/@wmcmf","https:\/\/www.tiktok.com\/@webdelmaestrocmf"]},{"@type":"Person","@id":"https:\/\/webdelmaestrocmf.com\/portal\/#\/schema\/person\/1072a2ed7bd960df8ef99a551fa35dc5","name":"Web del Maestro CMF","image":{"@type":"ImageObject","inLanguage":"es","@id":"https:\/\/secure.gravatar.com\/avatar\/23291dd5b5ae1077dcff3dbb04c3e02bd28403fa75af6d8787d5e97c5bbbe30b?s=96&d=mm&r=g","url":"https:\/\/secure.gravatar.com\/avatar\/23291dd5b5ae1077dcff3dbb04c3e02bd28403fa75af6d8787d5e97c5bbbe30b?s=96&d=mm&r=g","contentUrl":"https:\/\/secure.gravatar.com\/avatar\/23291dd5b5ae1077dcff3dbb04c3e02bd28403fa75af6d8787d5e97c5bbbe30b?s=96&d=mm&r=g","caption":"Web del Maestro CMF"},"description":"Esta Web se cre\u00f3 sin fines de lucro, con fines educativos, cient\u00edficos y acad\u00e9micos, para personas que tengan dificultades y\/o inconvenientes en visualizar el material original. El objetivo es entregar recursos, compartir experiencias y materiales que ayuden a los padres de familia, maestros y estudiantes en su actualizaci\u00f3n y formaci\u00f3n permanente, en bien de la Educaci\u00f3n.","sameAs":["http:\/\/webdelmaestrocmf.com\/portal","https:\/\/www.facebook.com\/WebdelMaestroCMF\/","https:\/\/www.instagram.com\/wmcmf\/","https:\/\/cl.linkedin.com\/company\/web-del-maestro-cmf","https:\/\/www.pinterest.com\/WMCMF\/publicaciones\/","https:\/\/x.com\/cmf_w","https:\/\/www.youtube.com\/@WMCMF"]}]}},"jetpack_featured_media_url":"https:\/\/webdelmaestrocmf.com\/portal\/wp-content\/uploads\/2020\/08\/1-30.jpg","jetpack_sharing_enabled":true,"jetpack-related-posts":[{"id":41767,"url":"https:\/\/webdelmaestrocmf.com\/portal\/la-programacion-de-aula-desde-los-principios-de-la-neurociencia\/","url_meta":{"origin":49791,"position":0},"title":"La Programaci\u00f3n de aula desde los principios de la Neurociencia","author":"Web del Maestro CMF","date":"11 noviembre, 2023","format":false,"excerpt":"La neurociencia educativa es una disciplina que estudia c\u00f3mo el cerebro aprende. Los avances en este campo nos han proporcionado una mejor comprensi\u00f3n de los procesos cognitivos que subyacen al aprendizaje. Esta comprensi\u00f3n puede ayudarnos a mejorar la programaci\u00f3n de aula para que sea m\u00e1s efectiva. En el presente art\u00edculo,\u2026","rel":"","context":"En \u00abNeurociencia\u00bb","block_context":{"text":"Neurociencia","link":"https:\/\/webdelmaestrocmf.com\/portal\/category\/pedagogia\/neurociencia\/"},"img":{"alt_text":"principios de la neurociencia","src":"https:\/\/i0.wp.com\/webdelmaestrocmf.com\/portal\/wp-content\/uploads\/2023\/11\/A12B3C4D-5-2.jpg?resize=350%2C200&ssl=1","width":350,"height":200,"srcset":"https:\/\/i0.wp.com\/webdelmaestrocmf.com\/portal\/wp-content\/uploads\/2023\/11\/A12B3C4D-5-2.jpg?resize=350%2C200&ssl=1 1x, https:\/\/i0.wp.com\/webdelmaestrocmf.com\/portal\/wp-content\/uploads\/2023\/11\/A12B3C4D-5-2.jpg?resize=525%2C300&ssl=1 1.5x, https:\/\/i0.wp.com\/webdelmaestrocmf.com\/portal\/wp-content\/uploads\/2023\/11\/A12B3C4D-5-2.jpg?resize=700%2C400&ssl=1 2x"},"classes":[]},{"id":112604,"url":"https:\/\/webdelmaestrocmf.com\/portal\/la-neurociencia-la-tecnologia-y-la-educacion\/","url_meta":{"origin":49791,"position":1},"title":"La neurociencia, la tecnolog\u00eda y la educaci\u00f3n","author":"Web del Maestro CMF","date":"15 octubre, 2025","format":false,"excerpt":"El funcionamiento del cerebro durante los procesos de aprendizaje es un campo fascinante que la neurociencia aplicada a la educaci\u00f3n estudia y que puede ser de utilidad para implementar estrategias y m\u00e9todos de ense\u00f1anza.","rel":"","context":"En \u00abNeurociencia\u00bb","block_context":{"text":"Neurociencia","link":"https:\/\/webdelmaestrocmf.com\/portal\/category\/pedagogia\/neurociencia\/"},"img":{"alt_text":"","src":"https:\/\/i0.wp.com\/webdelmaestrocmf.com\/portal\/wp-content\/uploads\/2025\/10\/1A-Banner-1-portada-imagen-10-1-copia-9.webp?resize=350%2C200&ssl=1","width":350,"height":200,"srcset":"https:\/\/i0.wp.com\/webdelmaestrocmf.com\/portal\/wp-content\/uploads\/2025\/10\/1A-Banner-1-portada-imagen-10-1-copia-9.webp?resize=350%2C200&ssl=1 1x, https:\/\/i0.wp.com\/webdelmaestrocmf.com\/portal\/wp-content\/uploads\/2025\/10\/1A-Banner-1-portada-imagen-10-1-copia-9.webp?resize=525%2C300&ssl=1 1.5x, https:\/\/i0.wp.com\/webdelmaestrocmf.com\/portal\/wp-content\/uploads\/2025\/10\/1A-Banner-1-portada-imagen-10-1-copia-9.webp?resize=700%2C400&ssl=1 2x"},"classes":[]},{"id":10476,"url":"https:\/\/webdelmaestrocmf.com\/portal\/neurociencias-en-el-aula-una-nueva-forma-de-mejorar-el-aprendizaje\/","url_meta":{"origin":49791,"position":2},"title":"Neurociencias: Hay que generar las condiciones necesarias para desarrollar la situaci\u00f3n de aprendizaje","author":"Web del Maestro CMF","date":"27 febrero, 2019","format":false,"excerpt":"Docentes de todo el pa\u00eds recibir\u00e1n informaci\u00f3n sobre c\u00f3mo aplicar esta disciplina; atrasar el horario de ingreso, uno de los debates. La cantidad de j\u00f3venes que en la actualidad se muestran desmotivados, que no tienen deseos de estudiar o creen que lo que aprenden no les sirve para nada es\u2026","rel":"","context":"En \u00abLas m\u00e1s vistas\u00bb","block_context":{"text":"Las m\u00e1s vistas","link":"https:\/\/webdelmaestrocmf.com\/portal\/category\/pedagogia\/visitadas\/"},"img":{"alt_text":"","src":"https:\/\/i0.wp.com\/webdelmaestrocmf.com\/portal\/wp-content\/uploads\/2019\/02\/2c-1.jpg?resize=350%2C200&ssl=1","width":350,"height":200,"srcset":"https:\/\/i0.wp.com\/webdelmaestrocmf.com\/portal\/wp-content\/uploads\/2019\/02\/2c-1.jpg?resize=350%2C200&ssl=1 1x, https:\/\/i0.wp.com\/webdelmaestrocmf.com\/portal\/wp-content\/uploads\/2019\/02\/2c-1.jpg?resize=525%2C300&ssl=1 1.5x, https:\/\/i0.wp.com\/webdelmaestrocmf.com\/portal\/wp-content\/uploads\/2019\/02\/2c-1.jpg?resize=700%2C400&ssl=1 2x, https:\/\/i0.wp.com\/webdelmaestrocmf.com\/portal\/wp-content\/uploads\/2019\/02\/2c-1.jpg?resize=1050%2C600&ssl=1 3x"},"classes":[]},{"id":18031,"url":"https:\/\/webdelmaestrocmf.com\/portal\/10-mejores-paginas-neuroeducacion\/","url_meta":{"origin":49791,"position":3},"title":"Las mejores p\u00e1ginas de neuroeducaci\u00f3n para docentes","author":"Web del Maestro CMF","date":"9 octubre, 2021","format":false,"excerpt":"La\u00a0Neuroeducaci\u00f3n, un componente de Mente, Cerebro y Educaci\u00f3n\u00a0\u00a0que es un campo cient\u00edfico emergente el cual junta las investigaciones de la neurociencia cognitiva, neurociencia del desarrollo cognitivo, psicolog\u00eda educativa, tecnolog\u00eda educativa, teor\u00eda de la educaci\u00f3n y otras disciplinas relacionadas para explorar las interacciones entre los procesos biol\u00f3gicos y la educaci\u00f3n. Investigadores\u2026","rel":"","context":"En \u00abNeurociencia\u00bb","block_context":{"text":"Neurociencia","link":"https:\/\/webdelmaestrocmf.com\/portal\/category\/pedagogia\/neurociencia\/"},"img":{"alt_text":"","src":"https:\/\/i0.wp.com\/webdelmaestrocmf.com\/portal\/wp-content\/uploads\/2021\/05\/1-178.jpg?resize=350%2C200&ssl=1","width":350,"height":200,"srcset":"https:\/\/i0.wp.com\/webdelmaestrocmf.com\/portal\/wp-content\/uploads\/2021\/05\/1-178.jpg?resize=350%2C200&ssl=1 1x, https:\/\/i0.wp.com\/webdelmaestrocmf.com\/portal\/wp-content\/uploads\/2021\/05\/1-178.jpg?resize=525%2C300&ssl=1 1.5x, https:\/\/i0.wp.com\/webdelmaestrocmf.com\/portal\/wp-content\/uploads\/2021\/05\/1-178.jpg?resize=700%2C400&ssl=1 2x, https:\/\/i0.wp.com\/webdelmaestrocmf.com\/portal\/wp-content\/uploads\/2021\/05\/1-178.jpg?resize=1050%2C600&ssl=1 3x"},"classes":[]},{"id":21491,"url":"https:\/\/webdelmaestrocmf.com\/portal\/aprenden-los-ninos\/","url_meta":{"origin":49791,"position":4},"title":"C\u00f3mo aprenden los ni\u00f1os","author":"Web del Maestro CMF","date":"25 febrero, 2025","format":false,"excerpt":"Comprendiendo el proceso de aprendizaje en los ni\u00f1os, nos adentramos en un fen\u00f3meno intrigante que ha capturado la atenci\u00f3n de padres, educadores y cient\u00edficos a lo largo de la historia. La capacidad asombrosa de los ni\u00f1os para adquirir conocimientos y habilidades a un ritmo acelerado no solo es notable, sino\u2026","rel":"","context":"En \u00abNeurociencia\u00bb","block_context":{"text":"Neurociencia","link":"https:\/\/webdelmaestrocmf.com\/portal\/category\/pedagogia\/neurociencia\/"},"img":{"alt_text":"","src":"https:\/\/i0.wp.com\/webdelmaestrocmf.com\/portal\/wp-content\/uploads\/2021\/04\/Banner-1-portada-imagen-10-1-23.jpg?resize=350%2C200&ssl=1","width":350,"height":200,"srcset":"https:\/\/i0.wp.com\/webdelmaestrocmf.com\/portal\/wp-content\/uploads\/2021\/04\/Banner-1-portada-imagen-10-1-23.jpg?resize=350%2C200&ssl=1 1x, https:\/\/i0.wp.com\/webdelmaestrocmf.com\/portal\/wp-content\/uploads\/2021\/04\/Banner-1-portada-imagen-10-1-23.jpg?resize=525%2C300&ssl=1 1.5x, https:\/\/i0.wp.com\/webdelmaestrocmf.com\/portal\/wp-content\/uploads\/2021\/04\/Banner-1-portada-imagen-10-1-23.jpg?resize=700%2C400&ssl=1 2x"},"classes":[]},{"id":24204,"url":"https:\/\/webdelmaestrocmf.com\/portal\/30-libros-neurociencia-docentes\/","url_meta":{"origin":49791,"position":5},"title":"Libros de Neurociencia y Neuroeducaci\u00f3n para docentes","author":"Web del Maestro CMF","date":"30 noviembre, 2023","format":false,"excerpt":"Aprovechando la proximidad de las vacaciones por navidad en las que muchos maestros, profesores y docentes seguramente dispondr\u00e1n de m\u00e1s tiempo libre, queremos recomendaros la lectura de algunos libros sobre \"Neurociencia y Neuroeducaci\u00f3n\" el cerebro humano que consideramos especialmente interesantes. Hemos querido elegir una obra representativa de algunos de los\u2026","rel":"","context":"En \u00abLibros\u00bb","block_context":{"text":"Libros","link":"https:\/\/webdelmaestrocmf.com\/portal\/category\/pedagogia\/libros\/"},"img":{"alt_text":"","src":"https:\/\/i0.wp.com\/webdelmaestrocmf.com\/portal\/wp-content\/uploads\/2023\/11\/1A-Banner-1-portada-imagen-10-1-2.jpg?resize=350%2C200&ssl=1","width":350,"height":200,"srcset":"https:\/\/i0.wp.com\/webdelmaestrocmf.com\/portal\/wp-content\/uploads\/2023\/11\/1A-Banner-1-portada-imagen-10-1-2.jpg?resize=350%2C200&ssl=1 1x, https:\/\/i0.wp.com\/webdelmaestrocmf.com\/portal\/wp-content\/uploads\/2023\/11\/1A-Banner-1-portada-imagen-10-1-2.jpg?resize=525%2C300&ssl=1 1.5x, https:\/\/i0.wp.com\/webdelmaestrocmf.com\/portal\/wp-content\/uploads\/2023\/11\/1A-Banner-1-portada-imagen-10-1-2.jpg?resize=700%2C400&ssl=1 2x"},"classes":[]}],"_links":{"self":[{"href":"https:\/\/webdelmaestrocmf.com\/portal\/wp-json\/wp\/v2\/posts\/49791","targetHints":{"allow":["GET"]}}],"collection":[{"href":"https:\/\/webdelmaestrocmf.com\/portal\/wp-json\/wp\/v2\/posts"}],"about":[{"href":"https:\/\/webdelmaestrocmf.com\/portal\/wp-json\/wp\/v2\/types\/post"}],"author":[{"embeddable":true,"href":"https:\/\/webdelmaestrocmf.com\/portal\/wp-json\/wp\/v2\/users\/1"}],"replies":[{"embeddable":true,"href":"https:\/\/webdelmaestrocmf.com\/portal\/wp-json\/wp\/v2\/comments?post=49791"}],"version-history":[{"count":0,"href":"https:\/\/webdelmaestrocmf.com\/portal\/wp-json\/wp\/v2\/posts\/49791\/revisions"}],"wp:featuredmedia":[{"embeddable":true,"href":"https:\/\/webdelmaestrocmf.com\/portal\/wp-json\/wp\/v2\/media\/49793"}],"wp:attachment":[{"href":"https:\/\/webdelmaestrocmf.com\/portal\/wp-json\/wp\/v2\/media?parent=49791"}],"wp:term":[{"taxonomy":"category","embeddable":true,"href":"https:\/\/webdelmaestrocmf.com\/portal\/wp-json\/wp\/v2\/categories?post=49791"},{"taxonomy":"post_tag","embeddable":true,"href":"https:\/\/webdelmaestrocmf.com\/portal\/wp-json\/wp\/v2\/tags?post=49791"}],"curies":[{"name":"wp","href":"https:\/\/api.w.org\/{rel}","templated":true}]}}