{"id":49780,"date":"2024-01-20T12:10:23","date_gmt":"2024-01-20T15:10:23","guid":{"rendered":"https:\/\/webdelmaestrocmf.com\/portal\/?p=49780"},"modified":"2024-01-20T12:12:54","modified_gmt":"2024-01-20T15:12:54","slug":"habilidades-sociales-basicas-en-los-ninos","status":"publish","type":"post","link":"https:\/\/webdelmaestrocmf.com\/portal\/habilidades-sociales-basicas-en-los-ninos\/","title":{"rendered":"Habilidades sociales b\u00e1sicas en los ni\u00f1os"},"content":{"rendered":"<p style=\"text-align: justify;\"><strong>Las\u00a0habilidades sociales\u00a0son un conjunto de conductas que nos permiten desenvolvernos eficazmente ante situaciones sociales, pudiendo establecer relaciones adecuadas con los otros y resolver conflictos. Estas habilidades comienzan a desarrollarse desde la m\u00e1s temprana infancia, gracias a las relaciones que los ni\u00f1os establecen con las personas que les cuidan, y continuar\u00e1n a lo largo del desarrollo en funci\u00f3n de las experiencias que tengan con sus iguales.<\/strong><!--more--><\/p>\n<p style=\"text-align: justify;\">Est\u00e1n cargadas de emociones, sentimientos, ideas y percepciones subjetivas que influir\u00e1n en las conductas que se desplieguen en las interacciones con los dem\u00e1s.<\/p>\n<p style=\"text-align: justify;\"><span id=\"more-6793\"><\/span>La\u00a0<strong>importancia de las habilidades sociales<\/strong>\u00a0recae en la adaptaci\u00f3n del ni\u00f1o a los diferentes entornos en los que se desenvuelve: escuela, familia, grupo de iguales\u2026 Facilitando dicha adaptaci\u00f3n o dificult\u00e1ndola, incidiendo en su autoestima y confianza en s\u00ed mismo. Por ello, si los primeros a\u00f1os de vida son los cimientos sobre los que se construye la personalidad del ni\u00f1o y no posee las capacidades necesarias para una adecuada adaptaci\u00f3n a sus entornos sociales, provocando un inadecuado autoconcepto y baja autoestima, nos encontramos con una gran dificultad que continuar\u00e1 m\u00e1s all\u00e1 de la infancia, especialmente llamativa en la adolescencia.<\/p>\n<p>A continuaci\u00f3n compartimos con motivos \u00fanicamente educativos y de formaci\u00f3n docente la publicaci\u00f3n del Portal <strong><a href=\"http:\/\/educapeques.com\" target=\"_blank\" rel=\"noopener noreferrer\">Educa Peques<\/a> <\/strong>en donde se\u00f1alan las Habilidades sociales b\u00e1sicas en los ni\u00f1os deben desarrollar. Esperamos que les sea de utilidad a la comunidad de docentes.<\/p>\n<h2 dir=\"ltr\" style=\"text-align: left;\"><strong><span id=\"La_falta_deun_desarrollo_adecuado_de_las_habilidades_sociales_infantiles\">La falta de\u00a0un desarrollo adecuado de las habilidades sociales infantiles<\/span><\/strong><\/h2>\n<p dir=\"ltr\" style=\"text-align: justify;\">La falta o escaso desarrollo de\u00a0<strong>habilidades sociales<\/strong>, puede ser algo doloroso para las personas. Los seres humanos vivimos en sociedad, es parte de nuestra naturaleza, es por ello que la comprensi\u00f3n de las relaciones y de las dem\u00e1s personas es algo imprescindible para una vida emocionalmente sana. Y esto tiene repercusi\u00f3n en los dem\u00e1s \u00e1mbitos de la vida, escolar, laboral, sentimental, personal, etc.<\/p>\n<p dir=\"ltr\"><img loading=\"lazy\" decoding=\"async\" class=\"alignnone wp-image-49781 size-full\" src=\"https:\/\/webdelmaestrocmf.com\/portal\/wp-content\/uploads\/2020\/08\/1-27.jpg\" alt=\"\" width=\"720\" height=\"925\" srcset=\"https:\/\/webdelmaestrocmf.com\/portal\/wp-content\/uploads\/2020\/08\/1-27.jpg 720w, https:\/\/webdelmaestrocmf.com\/portal\/wp-content\/uploads\/2020\/08\/1-27-234x300.jpg 234w, https:\/\/webdelmaestrocmf.com\/portal\/wp-content\/uploads\/2020\/08\/1-27-110x141.jpg 110w, https:\/\/webdelmaestrocmf.com\/portal\/wp-content\/uploads\/2020\/08\/1-27-200x257.jpg 200w, https:\/\/webdelmaestrocmf.com\/portal\/wp-content\/uploads\/2020\/08\/1-27-380x488.jpg 380w, https:\/\/webdelmaestrocmf.com\/portal\/wp-content\/uploads\/2020\/08\/1-27-255x328.jpg 255w, https:\/\/webdelmaestrocmf.com\/portal\/wp-content\/uploads\/2020\/08\/1-27-300x385.jpg 300w, https:\/\/webdelmaestrocmf.com\/portal\/wp-content\/uploads\/2020\/08\/1-27-550x707.jpg 550w\" sizes=\"auto, (max-width: 720px) 100vw, 720px\" \/><\/p>\n<h2 dir=\"ltr\" style=\"text-align: left;\"><strong><span id=\"Puntos_claves_de_las_Habilidades_sociales\">Puntos claves de las Habilidades sociales.<\/span><\/strong><\/h2>\n<ul style=\"text-align: justify;\">\n<li dir=\"ltr\">Se adquieren a trav\u00e9s del aprendizaje. No son innatas, los ni\u00f1os y ni\u00f1as desde el nacimiento aprenden a relacionarse con los dem\u00e1s. Se sienten de determinada manera, tienen determinadas ideas y act\u00faan en funci\u00f3n de estas.<\/li>\n<li dir=\"ltr\">Son reciprocas por naturaleza. Estas\u00a0habilidades<strong>,<\/strong>\u00a0requieren para su desarrollo la relaci\u00f3n con otras personas.<\/li>\n<li dir=\"ltr\">Incluyen conductas verbales y no verbales. Es tan importante lo que se dice como otros aspectos que no se dicen.<\/li>\n<li dir=\"ltr\">Est\u00e1n determinadas por el reforzamiento social (positivo o negativo). Determinadas conductas se repiten si tienen un refuerzo interpretado como positivo (acorde con sus ideas y sentimientos) o negativo (en desacuerdo).<\/li>\n<li dir=\"ltr\">Son capacidades formadas por un repertorio de creencias, sentimientos, ideas y valores. Estos son la base de la conducta social. Las personas interpretan las situaciones y deciden la actuaci\u00f3n.<\/li>\n<li dir=\"ltr\">Est\u00e1n interrelacionadas con el\u00a0<strong>autoconcepto<\/strong>\u00a0y la\u00a0<strong>autoestima<\/strong>. Los resultados de las\u00a0<strong>relaciones sociales<\/strong>\u00a0influyen en el autoconcepto y la autoestima y estos a su vez son cruciales para las diferentes conductas en el medio social.<\/li>\n<li dir=\"ltr\">Son necesarias para el desarrollo integral de las personas. La persona se desarrolla y aprende en interacci\u00f3n con los dem\u00e1s.<\/li>\n<\/ul>\n<p><img loading=\"lazy\" decoding=\"async\" class=\"alignnone size-full wp-image-102832\" src=\"https:\/\/webdelmaestrocmf.com\/portal\/wp-content\/uploads\/2020\/08\/Banner-1-portada-imagen-10-41.jpg\" alt=\"habilidades sociales\" width=\"1024\" height=\"1024\" srcset=\"https:\/\/webdelmaestrocmf.com\/portal\/wp-content\/uploads\/2020\/08\/Banner-1-portada-imagen-10-41.jpg 1024w, https:\/\/webdelmaestrocmf.com\/portal\/wp-content\/uploads\/2020\/08\/Banner-1-portada-imagen-10-41-300x300.jpg 300w, https:\/\/webdelmaestrocmf.com\/portal\/wp-content\/uploads\/2020\/08\/Banner-1-portada-imagen-10-41-150x150.jpg 150w, https:\/\/webdelmaestrocmf.com\/portal\/wp-content\/uploads\/2020\/08\/Banner-1-portada-imagen-10-41-768x768.jpg 768w, https:\/\/webdelmaestrocmf.com\/portal\/wp-content\/uploads\/2020\/08\/Banner-1-portada-imagen-10-41-80x80.jpg 80w, https:\/\/webdelmaestrocmf.com\/portal\/wp-content\/uploads\/2020\/08\/Banner-1-portada-imagen-10-41-110x110.jpg 110w, https:\/\/webdelmaestrocmf.com\/portal\/wp-content\/uploads\/2020\/08\/Banner-1-portada-imagen-10-41-380x380.jpg 380w, https:\/\/webdelmaestrocmf.com\/portal\/wp-content\/uploads\/2020\/08\/Banner-1-portada-imagen-10-41-550x550.jpg 550w, https:\/\/webdelmaestrocmf.com\/portal\/wp-content\/uploads\/2020\/08\/Banner-1-portada-imagen-10-41-800x800.jpg 800w\" sizes=\"auto, (max-width: 1024px) 100vw, 1024px\" \/><\/p>\n<h2 dir=\"ltr\" style=\"text-align: left;\"><strong><span id=\"Cuales_son_las_habilidades_sociales_basicas\">\u00bfCu\u00e1les son las habilidades sociales b\u00e1sicas?<\/span><\/strong><\/h2>\n<ul style=\"text-align: justify;\">\n<li dir=\"ltr\"><strong>Apego<\/strong>: capacidad de establecer lazos afectivos con otras personas.<\/li>\n<li dir=\"ltr\"><strong>Empat\u00eda<\/strong>: capacidad de ponerse en el lugar del otro y entenderle.<\/li>\n<li dir=\"ltr\"><strong>Asertividad<\/strong>: capacidad de defender los propios derechos y opiniones sin da\u00f1ar a los dem\u00e1s.<\/li>\n<li dir=\"ltr\"><strong>Cooperaci\u00f3n<\/strong>: capacidad de colaborar con los dem\u00e1s para lograr un objetivo com\u00fan.<\/li>\n<li dir=\"ltr\"><strong>Comunicaci\u00f3n<\/strong>: capacidad de expresar y escuchar. Sentimientos, emociones, ideas, etc.<\/li>\n<li dir=\"ltr\"><strong>Autocontrol<\/strong>: capacidad de interpretar las creencias y sentimientos propios y controlar los impulsos.<\/li>\n<li dir=\"ltr\"><strong>Comprensi\u00f3n de situaciones<\/strong>: capacidad para entender las situaciones sociales y no tomarlas como algo personal, o culparse de determinadas cosas.<\/li>\n<li dir=\"ltr\"><strong>Resoluci\u00f3n de conflictos<\/strong>: capacidad para interpretar un conflicto y sacar alternativas de soluci\u00f3n al mismo.<\/li>\n<\/ul>\n<h2 dir=\"ltr\" style=\"text-align: left;\"><strong><span id=\"Como_desarrollarlas_habilidades_sociales_en_ninos\">\u00bfC\u00f3mo desarrollar\u00a0las habilidades sociales en ni\u00f1os?<\/span><\/strong><\/h2>\n<p dir=\"ltr\" style=\"text-align: justify;\">Las\u00a0<strong>habilidades sociales<\/strong>\u00a0se aprenden y desarrollan a lo largo del proceso de socializaci\u00f3n, como resultado de la interacci\u00f3n con otras personas. Este desarrollo se produce fundamentalmente en la infancia, los primeros a\u00f1os de vida son fundamentales para el aprendizaje de estas habilidades.<\/p>\n<p dir=\"ltr\" style=\"text-align: justify;\">Se aprenden y desarrollan a trav\u00e9s de los siguientes procesos:<\/p>\n<ul style=\"text-align: justify;\">\n<li dir=\"ltr\"><strong>Experiencia directa<\/strong>. Los ni\u00f1os y ni\u00f1as est\u00e1n rodeados de personas y desde una edad muy temprana comienzan a ensayar las conductas sociales. Se producen determinadas experiencias que los peque\u00f1os van interpretando e incorporan esas interpretaciones a su forma de pensar y actuar.<\/li>\n<li dir=\"ltr\"><strong>Imitaci\u00f3n<\/strong>. Los peque\u00f1os aprenden por lo que ven de las personas que son importantes para ellos. Imitaran aquellas conductas sociales que observan en los adultos m\u00e1s cercanos, pero no solo las conductas, tambi\u00e9n aprender\u00e1n de estos la manera de interpretar las situaciones y hasta de sentirse en determinados momentos.<\/li>\n<li dir=\"ltr\"><strong>Refuerzos<\/strong>. Los refuerzos sociales que tengan sus conductas, ya sea de los adultos y\/o iguales van a hacer que los ni\u00f1os y ni\u00f1as desarrollen determinadas conductas y otras.<\/li>\n<\/ul>\n<p><img loading=\"lazy\" decoding=\"async\" class=\"alignnone wp-image-49782 size-full\" src=\"https:\/\/webdelmaestrocmf.com\/portal\/wp-content\/uploads\/2020\/08\/1-28.jpg\" alt=\"\" width=\"1080\" height=\"1300\" srcset=\"https:\/\/webdelmaestrocmf.com\/portal\/wp-content\/uploads\/2020\/08\/1-28.jpg 1080w, https:\/\/webdelmaestrocmf.com\/portal\/wp-content\/uploads\/2020\/08\/1-28-249x300.jpg 249w, https:\/\/webdelmaestrocmf.com\/portal\/wp-content\/uploads\/2020\/08\/1-28-851x1024.jpg 851w, https:\/\/webdelmaestrocmf.com\/portal\/wp-content\/uploads\/2020\/08\/1-28-768x924.jpg 768w, https:\/\/webdelmaestrocmf.com\/portal\/wp-content\/uploads\/2020\/08\/1-28-110x132.jpg 110w, https:\/\/webdelmaestrocmf.com\/portal\/wp-content\/uploads\/2020\/08\/1-28-200x241.jpg 200w, https:\/\/webdelmaestrocmf.com\/portal\/wp-content\/uploads\/2020\/08\/1-28-380x457.jpg 380w, https:\/\/webdelmaestrocmf.com\/portal\/wp-content\/uploads\/2020\/08\/1-28-255x307.jpg 255w, https:\/\/webdelmaestrocmf.com\/portal\/wp-content\/uploads\/2020\/08\/1-28-300x361.jpg 300w, https:\/\/webdelmaestrocmf.com\/portal\/wp-content\/uploads\/2020\/08\/1-28-550x662.jpg 550w, https:\/\/webdelmaestrocmf.com\/portal\/wp-content\/uploads\/2020\/08\/1-28-800x963.jpg 800w\" sizes=\"auto, (max-width: 1080px) 100vw, 1080px\" \/><\/p>\n<h2 dir=\"ltr\" style=\"text-align: left;\"><strong><span id=\"Problemas_provocados_por_falta_o_escaso_desarrollo_de_las_habilidades_sociales\">Problemas provocados por falta o escaso desarrollo de las habilidades sociales<\/span><\/strong><\/h2>\n<ul style=\"text-align: justify;\">\n<li dir=\"ltr\"><strong>Problemas de\u00a0autoestima<\/strong>. Los ni\u00f1os y ni\u00f1as con pocas\u00a0<strong>habilidades sociales<\/strong>, tendr\u00e1n problemas para desenvolverse en su entorno social. Esto les llevar\u00e1 a pensar que es por ellos y su autoestima bajar\u00e1. La imagen de s\u00ed mismos ser\u00e1 negativa. Esto hace a su vez, que sus\u00a0<strong>habilidades sociales<\/strong>\u00a0sean escasas, la influencia es mutua.<\/li>\n<li dir=\"ltr\"><strong>Dificultad para expresar deseos y opiniones<\/strong>. Las personas que no tengan unas buenas capacidades sociales, tendr\u00e1n dificultades para saber y poder expresar lo que desean y lo que opinan.<\/li>\n<li dir=\"ltr\"><strong>Dificultades para relacionarse con los dem\u00e1s<\/strong>. La falta de\u00a0<strong>habilidades sociales<\/strong>, puede llevar a una timidez excesiva y dificultad para hacer amigos y relacionarse. En nuestra sociedad, es imprescindible relacionarse con los dem\u00e1s.<\/li>\n<li dir=\"ltr\"><strong>Problemas escolares<\/strong>. Puede producirse tambi\u00e9n este tipo de problemas, debido a la inadaptaci\u00f3n social, llegando incluso a provocar fracaso escolar.<\/li>\n<li dir=\"ltr\"><strong>Malestar emocional<\/strong>. Las personas necesitamos de los dem\u00e1s, la compa\u00f1\u00eda y la estima de las dem\u00e1s personas son fundamentales para nuestro d\u00eda a d\u00eda y para nuestro equilibrio emocional. La ausencia de relaciones sociales puede llevar por tanto un malestar emocional asociado.<\/li>\n<\/ul>\n<h2 dir=\"ltr\" style=\"text-align: left;\"><strong><span id=\"Pautas_para_el_desarrollo_de_las_Habilidades_en_ninos\">Pautas para el desarrollo de las Habilidades en ni\u00f1os<\/span><\/strong><\/h2>\n<p dir=\"ltr\" style=\"text-align: justify;\">Las habilidades para afrontar con \u00e9xito de forma sana las relaciones con los dem\u00e1s se desarrollan progresivamente a lo largo de la infancia y la adolescencia. En este periodo se producen las estrategias que van a ser las bases de las futuras relaciones de adultos, ya sean de amistad, de pareja, laborales, etc.<\/p>\n<p dir=\"ltr\" style=\"text-align: justify;\">Por ello debemos prestar especial atenci\u00f3n al desarrollo de estas capacidades.<\/p>\n<ul style=\"text-align: justify;\">\n<li dir=\"ltr\"><strong>Cuida la autoestima de los peque\u00f1os<\/strong>. Ay\u00fadales a formar una imagen positiva de s\u00ed mismos. Tendr\u00e1n la fuerza para desenvolverse socialmente y no culparse de aquellas situaciones que no son positivas para ellos. Para ello critica la acci\u00f3n y no a la persona; proponles metas pero que sean adecuadas; utiliza los elogios pero que sean realistas.<\/li>\n<li dir=\"ltr\"><strong>Transmite valores a los ni\u00f1os y ni\u00f1as<\/strong>. Deben aprender a valorarse a s\u00ed mismos y a los dem\u00e1s. Ens\u00e9\u00f1ales a respetar, tolerar y escuchar.<\/li>\n<li dir=\"ltr\"><strong>Sirve de ejemplo para ellos<\/strong>. En tus relaciones con ellos y con los dem\u00e1s, act\u00faa de forma coherente y transmitiendo lo que quieres que hagan ellos.<\/li>\n<li dir=\"ltr\"><strong>Habla con ellos y trabaja las creencias e ideas que tienen.<\/strong>\u00a0Ante determinadas situaciones sociales que te ocurran a ti y\/o a ellos expl\u00edcales la situaci\u00f3n, ay\u00fadales a entender. Si por ejemplo alguien nos contesta mal, debemos explicar a los ni\u00f1os y ni\u00f1as que esa contestaci\u00f3n probablemente no tenga que ver con nosotros, simplemente las personas tienen sus vidas y probablemente est\u00e9n enfadados por algo. No debemos por tanto tomarlo como algo personal, pero tampoco debemos dejar que nos hablen mal. Ens\u00e9\u00f1ales entonces con tu ejemplo a responder a estas situaciones de forma asertiva.<\/li>\n<li dir=\"ltr\"><strong>Fomenta la capacidad de escuchar y entender a los dem\u00e1s<\/strong>. Para ello esc\u00fachales t\u00fa a ellos y ens\u00e9\u00f1ales a escuchar a los dem\u00e1s. Que entiendan que podemos aprender muchas cosas si escuchamos lo que los dem\u00e1s nos dicen.<\/li>\n<li dir=\"ltr\"><strong>Emplea los refuerzos<\/strong>. Refuerza socialmente aquellas conductas adecuadas, como escuchar al otro o responder con educaci\u00f3n, en esos casos interactuamos socialmente con los peque\u00f1os y refuerza negativamente las conductas inadecuadas, los gritos, la falta de escucha, etc. no interact\u00faes con ellos en estos casos.<\/li>\n<li dir=\"ltr\"><strong>Procura dotar a los ni\u00f1os y ni\u00f1as de un ambiente rico en relaciones<\/strong>. Es importante que los peque\u00f1os tengan diferentes experiencias sociales, para que experimenten, aprendan y pierdan el miedo a determinadas situaciones.<\/li>\n<li dir=\"ltr\"><strong>Anima a los peque\u00f1os a participar en diferentes grupos<\/strong>\u00a0o hacer actividades con otras personas, sin que sea necesaria tu presencia. Es importante que los ni\u00f1os y ni\u00f1as aprendan a desenvolverse solos, sin la protecci\u00f3n de las figuras de los adultos.<\/li>\n<li dir=\"ltr\">Cuando los peque\u00f1os pasen por alguna situaci\u00f3n social de rechazo o negativa de alguna manera, debes dejar que pasen por ellas, pero expl\u00edcales la situaci\u00f3n.<\/li>\n<\/ul>\n<p><img loading=\"lazy\" decoding=\"async\" class=\"alignnone wp-image-102831\" src=\"https:\/\/webdelmaestrocmf.com\/portal\/wp-content\/uploads\/2020\/08\/1705735561531-1-559x1024.jpg\" alt=\"\" width=\"765\" height=\"1401\" srcset=\"https:\/\/webdelmaestrocmf.com\/portal\/wp-content\/uploads\/2020\/08\/1705735561531-1-559x1024.jpg 559w, https:\/\/webdelmaestrocmf.com\/portal\/wp-content\/uploads\/2020\/08\/1705735561531-1-164x300.jpg 164w, https:\/\/webdelmaestrocmf.com\/portal\/wp-content\/uploads\/2020\/08\/1705735561531-1-838x1536.jpg 838w, https:\/\/webdelmaestrocmf.com\/portal\/wp-content\/uploads\/2020\/08\/1705735561531-1-380x697.jpg 380w, https:\/\/webdelmaestrocmf.com\/portal\/wp-content\/uploads\/2020\/08\/1705735561531-1-550x1008.jpg 550w\" sizes=\"auto, (max-width: 765px) 100vw, 765px\" \/><\/p>\n<p><strong>Este contenido ha sido publicado originalmente por Educa Peques en la siguiente direcci\u00f3n: <a href=\"http:\/\/educapeques.com\" target=\"_blank\" rel=\"noopener noreferrer\">educapeques.com<\/a><\/strong><\/p>\n<p style=\"text-align: center;\">Recomendamos a la Comunidad Educativa Digital tener en cuenta que, el enlace y\/o la carpeta en donde est\u00e1n alojados los libros, recursos y\/o materiales, no es administrado por la Web del Maestro CMF, pueda ser que en cuesti\u00f3n de d\u00edas (o seg\u00fan el tiempo transcurrido desde su publicaci\u00f3n), los enlaces no funcionen y el material ya no se encuentre disponible. Gracias por su comprensi\u00f3n.<\/p>\n<h3 style=\"text-align: left;\">ENLACE DE LECTURA:<\/h3>\n<p style=\"text-align: center;\">\u00a1Comparte y as\u00ed m\u00e1s docentes utilizar\u00e1n estos recursos\u00a0gratis! Muchas gracias.<\/p>\n<p style=\"text-align: center;\">LECTURA 1: <a href=\"https:\/\/drive.google.com\/drive\/folders\/1dcbOY7LWTll2Ifw37gb9_sIZs7qQ-UoS?usp=sharing\" target=\"_blank\" rel=\"noopener noreferrer\">FICHAS PARA TRABAJAR LAS EMOCIONES EN LOS NI\u00d1OS<\/a><\/p>\n\t\t<div class=\"pk-inline-posts\">\n\t\t\t\n\t\t\t<div class=\"pk-inline-posts-container pk-inline-posts-template-list\"\n\t\t\t\tdata-columns=\"1\">\n\t\t\t\t\t\t<article id=\"post-28153\" class=\"post-28153 post type-post status-publish format-standard has-post-thumbnail category-consejos category-docentes category-pedagogia tag-adaptacion-a-diversidad tag-adaptacion-curricular tag-aprendizaje-activo tag-clases tag-diseno-curricular tag-diseno-de-actividades tag-diseno-de-lecciones tag-diseno-de-unidades-didacticas tag-eficiente tag-enfoque-centrado-en-el-estudiante tag-estrategias-de-ensenanza tag-estrategias-de-ensenanza-efectiva tag-estrategias-de-instruccion tag-estrategias-de-participacion tag-evaluacion-autentica tag-evaluacion-del-aprendizaje tag-evaluacion-formativa tag-evaluacion-sumativa tag-instruccion-diferenciada tag-manera tag-medicion-del-progreso tag-metodologia-educativa tag-motivacion-del-estudiante tag-objetivos-de-aprendizaje tag-planificacion-a-corto-plazo tag-planificacion-a-largo-plazo tag-planificacion-de-clases tag-planificar tag-recursos-didacticos tag-retroalimentacion-formativa tag-secuencia-didactica tag-taxonomia-de-bloom tag-tecnicas-de-organizacion tag-uso-de-tecnologia-educativa cs-entry cs-video-wrap\">\n\t\t\t<div class=\"pk-post-outer\">\n\n\t\t\t\t\t\t\t\t<div class=\"pk-post-inner\">\n\t\t\t\t\t<div class=\"entry-thumbnail\">\n\t\t\t\t\t\t<div class=\"pk-overlay pk-overlay-ratio pk-ratio-landscape\">\n\t\t\t\t\t\t\t<div class=\"pk-overlay-background\">\n\t\t\t\t\t\t\t\t<a href=\"https:\/\/webdelmaestrocmf.com\/portal\/como-planificar-las-clases-de-manera-eficiente\/\" class=\"pk-overlay-link\">\n\t\t\t\t\t\t\t\t\t<img loading=\"lazy\" decoding=\"async\" width=\"300\" height=\"225\" src=\"https:\/\/webdelmaestrocmf.com\/portal\/wp-content\/uploads\/2026\/02\/1AA-Banner-1-portada-imagen-10-1-copia-16-300x225.webp\" class=\"attachment-pk-thumbnail size-pk-thumbnail wp-post-image\" alt=\"\" \/>\t\t\t\t\t\t\t\t<\/a>\n\t\t\t\t\t\t\t<\/div>\n\t\t\t\t\t\t<\/div>\n\t\t\t\t\t<\/div>\n\t\t\t\t<\/div>\n\t\t\t\t\n\t\t\t\t<div class=\"pk-post-inner\">\n\t\t\t\t\t<header>\n\t\t\t\t\t\t<h3 class=\"pk-title\"><a href=\"https:\/\/webdelmaestrocmf.com\/portal\/como-planificar-las-clases-de-manera-eficiente\/\" rel=\"bookmark\">C\u00f3mo planificar las clases de manera eficiente: descarga las mejores plantillas de planificaci\u00f3n de clases<\/a><\/h3>\t\t\t\t\t<\/header><!-- .entry-header -->\n\t\t\t\t<\/div><!-- .post-inner -->\n\n\t\t\t<\/div><!-- .post-outer -->\n\t\t<\/article>\n\t\t\t<article id=\"post-44992\" class=\"post-44992 post type-post status-publish format-standard has-post-thumbnail category-educacion-pedagogia category-pedagogia category-tecnicas tag-ensenanza tag-estudiantes tag-mejorar tag-motivacion tag-tecnicas cs-entry cs-video-wrap\">\n\t\t\t<div class=\"pk-post-outer\">\n\n\t\t\t\t\t\t\t\t<div class=\"pk-post-inner\">\n\t\t\t\t\t<div class=\"entry-thumbnail\">\n\t\t\t\t\t\t<div class=\"pk-overlay pk-overlay-ratio pk-ratio-landscape\">\n\t\t\t\t\t\t\t<div class=\"pk-overlay-background\">\n\t\t\t\t\t\t\t\t<a href=\"https:\/\/webdelmaestrocmf.com\/portal\/tecnicas-de-ensenanza-para-mejorar-la-motivacion-de-los-estudiantes\/\" class=\"pk-overlay-link\">\n\t\t\t\t\t\t\t\t\t<img loading=\"lazy\" decoding=\"async\" width=\"300\" height=\"225\" src=\"https:\/\/webdelmaestrocmf.com\/portal\/wp-content\/uploads\/2023\/11\/1AA-Banner-1-portada-imagen-10-1-copia-9-300x225.webp\" class=\"attachment-pk-thumbnail size-pk-thumbnail wp-post-image\" alt=\"\" \/>\t\t\t\t\t\t\t\t<\/a>\n\t\t\t\t\t\t\t<\/div>\n\t\t\t\t\t\t<\/div>\n\t\t\t\t\t<\/div>\n\t\t\t\t<\/div>\n\t\t\t\t\n\t\t\t\t<div class=\"pk-post-inner\">\n\t\t\t\t\t<header>\n\t\t\t\t\t\t<h3 class=\"pk-title\"><a href=\"https:\/\/webdelmaestrocmf.com\/portal\/tecnicas-de-ensenanza-para-mejorar-la-motivacion-de-los-estudiantes\/\" rel=\"bookmark\">T\u00e9cnicas de ense\u00f1anza para crear un ambiente de aprendizaje efectivo<\/a><\/h3>\t\t\t\t\t<\/header><!-- .entry-header -->\n\t\t\t\t<\/div><!-- .post-inner -->\n\n\t\t\t<\/div><!-- .post-outer -->\n\t\t<\/article>\n\t\t\t<article id=\"post-47675\" class=\"post-47675 post type-post status-publish format-standard has-post-thumbnail category-consejos category-pedagogia tag-aplicarlo tag-aprendizaje tag-atencion tag-como tag-estudiantes tag-llamar tag-virtual cs-entry cs-video-wrap\">\n\t\t\t<div class=\"pk-post-outer\">\n\n\t\t\t\t\t\t\t\t<div class=\"pk-post-inner\">\n\t\t\t\t\t<div class=\"entry-thumbnail\">\n\t\t\t\t\t\t<div class=\"pk-overlay pk-overlay-ratio pk-ratio-landscape\">\n\t\t\t\t\t\t\t<div class=\"pk-overlay-background\">\n\t\t\t\t\t\t\t\t<a href=\"https:\/\/webdelmaestrocmf.com\/portal\/como-llamar-la-atencion-de-los-estudiantes-y-como-aplicarlo-en-el-aprendizaje-virtual\/\" class=\"pk-overlay-link\">\n\t\t\t\t\t\t\t\t\t<img loading=\"lazy\" decoding=\"async\" width=\"300\" height=\"225\" src=\"https:\/\/webdelmaestrocmf.com\/portal\/wp-content\/uploads\/2021\/03\/1A-Banner-1-portada-imagen-10-1-34-300x225.jpg\" class=\"attachment-pk-thumbnail size-pk-thumbnail wp-post-image\" alt=\"\" \/>\t\t\t\t\t\t\t\t<\/a>\n\t\t\t\t\t\t\t<\/div>\n\t\t\t\t\t\t<\/div>\n\t\t\t\t\t<\/div>\n\t\t\t\t<\/div>\n\t\t\t\t\n\t\t\t\t<div class=\"pk-post-inner\">\n\t\t\t\t\t<header>\n\t\t\t\t\t\t<h3 class=\"pk-title\"><a href=\"https:\/\/webdelmaestrocmf.com\/portal\/como-llamar-la-atencion-de-los-estudiantes-y-como-aplicarlo-en-el-aprendizaje-virtual\/\" rel=\"bookmark\">C\u00f3mo llamar la atenci\u00f3n y el inter\u00e9s de los estudiantes<\/a><\/h3>\t\t\t\t\t<\/header><!-- .entry-header -->\n\t\t\t\t<\/div><!-- .post-inner -->\n\n\t\t\t<\/div><!-- .post-outer -->\n\t\t<\/article>\n\t\t\t\t<\/div>\n\t\t<\/div>\n\t\t\n","protected":false},"excerpt":{"rendered":"Las\u00a0habilidades sociales\u00a0son un conjunto de conductas que nos permiten desenvolvernos eficazmente ante situaciones sociales, pudiendo establecer relaciones adecuadas&hellip;","protected":false},"author":1,"featured_media":102832,"comment_status":"open","ping_status":"closed","sticky":false,"template":"","format":"standard","meta":{"csco_display_header_overlay":false,"csco_singular_sidebar":"default","csco_page_header_type":"default","csco_page_load_nextpost":"default","csco_post_video_location":[],"csco_post_video_location_hash":"","csco_post_video_url":"","csco_post_video_bg_start_time":0,"csco_post_video_bg_end_time":0,"csco_post_video_bg_volume":false,"_jetpack_memberships_contains_paid_content":false,"footnotes":""},"categories":[1269,442,735],"tags":[3228,83,297,877],"class_list":{"0":"post-49780","1":"post","2":"type-post","3":"status-publish","4":"format-standard","5":"has-post-thumbnail","7":"category-consejos","8":"category-educacion-pedagogia","9":"category-pedagogia","10":"tag-basicas","11":"tag-habilidades","12":"tag-ninos","13":"tag-sociales","14":"cs-entry","15":"cs-video-wrap"},"yoast_head":"<!-- This site is optimized with the Yoast SEO plugin v27.5 - https:\/\/yoast.com\/product\/yoast-seo-wordpress\/ -->\n<title>Habilidades sociales b\u00e1sicas en los ni\u00f1os - 2026<\/title>\n<meta name=\"description\" content=\"Las\u00a0habilidades sociales\u00a0son un conjunto de conductas que nos permiten desenvolvernos eficazmente ante situaciones sociales, pudiendo...\" \/>\n<meta name=\"robots\" content=\"index, follow, max-snippet:-1, max-image-preview:large, max-video-preview:-1\" \/>\n<link rel=\"canonical\" href=\"https:\/\/webdelmaestrocmf.com\/portal\/habilidades-sociales-basicas-en-los-ninos\/\" \/>\n<meta property=\"og:locale\" content=\"es_ES\" \/>\n<meta property=\"og:type\" content=\"article\" \/>\n<meta property=\"og:title\" content=\"Habilidades sociales b\u00e1sicas en los ni\u00f1os - 2026\" \/>\n<meta property=\"og:description\" content=\"Las\u00a0habilidades sociales\u00a0son un conjunto de conductas que nos permiten desenvolvernos eficazmente ante situaciones sociales, pudiendo...\" \/>\n<meta property=\"og:url\" content=\"https:\/\/webdelmaestrocmf.com\/portal\/habilidades-sociales-basicas-en-los-ninos\/\" \/>\n<meta property=\"og:site_name\" content=\"Web del Maestro CMF\" \/>\n<meta property=\"article:publisher\" content=\"https:\/\/www.facebook.com\/WebdelMaestroCMF\/\" \/>\n<meta property=\"article:author\" content=\"https:\/\/www.facebook.com\/WebdelMaestroCMF\/\" \/>\n<meta property=\"article:published_time\" content=\"2024-01-20T15:10:23+00:00\" \/>\n<meta property=\"article:modified_time\" content=\"2024-01-20T15:12:54+00:00\" \/>\n<meta property=\"og:image\" content=\"https:\/\/webdelmaestrocmf.com\/portal\/wp-content\/uploads\/2020\/08\/Banner-1-portada-imagen-10-41.jpg\" \/>\n\t<meta property=\"og:image:width\" content=\"1024\" \/>\n\t<meta property=\"og:image:height\" content=\"1024\" \/>\n\t<meta property=\"og:image:type\" content=\"image\/jpeg\" \/>\n<meta name=\"author\" content=\"Web del Maestro CMF\" \/>\n<meta name=\"twitter:card\" content=\"summary_large_image\" \/>\n<meta name=\"twitter:creator\" content=\"@cmf_w\" \/>\n<meta name=\"twitter:site\" content=\"@cmf_w\" \/>\n<script type=\"application\/ld+json\" class=\"yoast-schema-graph\">{\"@context\":\"https:\\\/\\\/schema.org\",\"@graph\":[{\"@type\":\"ScholarlyArticle\",\"@id\":\"https:\\\/\\\/webdelmaestrocmf.com\\\/portal\\\/habilidades-sociales-basicas-en-los-ninos\\\/#article\",\"isPartOf\":{\"@id\":\"https:\\\/\\\/webdelmaestrocmf.com\\\/portal\\\/habilidades-sociales-basicas-en-los-ninos\\\/\"},\"author\":{\"name\":\"Web del Maestro CMF\",\"@id\":\"https:\\\/\\\/webdelmaestrocmf.com\\\/portal\\\/#\\\/schema\\\/person\\\/1072a2ed7bd960df8ef99a551fa35dc5\"},\"headline\":\"Habilidades sociales b\u00e1sicas en los ni\u00f1os\",\"datePublished\":\"2024-01-20T15:10:23+00:00\",\"dateModified\":\"2024-01-20T15:12:54+00:00\",\"mainEntityOfPage\":{\"@id\":\"https:\\\/\\\/webdelmaestrocmf.com\\\/portal\\\/habilidades-sociales-basicas-en-los-ninos\\\/\"},\"wordCount\":1674,\"commentCount\":0,\"publisher\":{\"@id\":\"https:\\\/\\\/webdelmaestrocmf.com\\\/portal\\\/#organization\"},\"image\":{\"@id\":\"https:\\\/\\\/webdelmaestrocmf.com\\\/portal\\\/habilidades-sociales-basicas-en-los-ninos\\\/#primaryimage\"},\"thumbnailUrl\":\"https:\\\/\\\/webdelmaestrocmf.com\\\/portal\\\/wp-content\\\/uploads\\\/2020\\\/08\\\/Banner-1-portada-imagen-10-41.jpg\",\"keywords\":[\"B\u00c1SICAS\",\"habilidades\",\"Ni\u00f1os\",\"SOCIALES\"],\"articleSection\":[\"Consejos\",\"Pedagog\u00eda\",\"Recursos\"],\"inLanguage\":\"es\",\"potentialAction\":[{\"@type\":\"CommentAction\",\"name\":\"Comment\",\"target\":[\"https:\\\/\\\/webdelmaestrocmf.com\\\/portal\\\/habilidades-sociales-basicas-en-los-ninos\\\/#respond\"]}]},{\"@type\":\"WebPage\",\"@id\":\"https:\\\/\\\/webdelmaestrocmf.com\\\/portal\\\/habilidades-sociales-basicas-en-los-ninos\\\/\",\"url\":\"https:\\\/\\\/webdelmaestrocmf.com\\\/portal\\\/habilidades-sociales-basicas-en-los-ninos\\\/\",\"name\":\"Habilidades sociales b\u00e1sicas en los ni\u00f1os - 2026\",\"isPartOf\":{\"@id\":\"https:\\\/\\\/webdelmaestrocmf.com\\\/portal\\\/#website\"},\"primaryImageOfPage\":{\"@id\":\"https:\\\/\\\/webdelmaestrocmf.com\\\/portal\\\/habilidades-sociales-basicas-en-los-ninos\\\/#primaryimage\"},\"image\":{\"@id\":\"https:\\\/\\\/webdelmaestrocmf.com\\\/portal\\\/habilidades-sociales-basicas-en-los-ninos\\\/#primaryimage\"},\"thumbnailUrl\":\"https:\\\/\\\/webdelmaestrocmf.com\\\/portal\\\/wp-content\\\/uploads\\\/2020\\\/08\\\/Banner-1-portada-imagen-10-41.jpg\",\"datePublished\":\"2024-01-20T15:10:23+00:00\",\"dateModified\":\"2024-01-20T15:12:54+00:00\",\"description\":\"Las\u00a0habilidades sociales\u00a0son un conjunto de conductas que nos permiten desenvolvernos eficazmente ante situaciones sociales, pudiendo...\",\"breadcrumb\":{\"@id\":\"https:\\\/\\\/webdelmaestrocmf.com\\\/portal\\\/habilidades-sociales-basicas-en-los-ninos\\\/#breadcrumb\"},\"inLanguage\":\"es\",\"potentialAction\":[{\"@type\":\"ReadAction\",\"target\":[\"https:\\\/\\\/webdelmaestrocmf.com\\\/portal\\\/habilidades-sociales-basicas-en-los-ninos\\\/\"]}]},{\"@type\":\"ImageObject\",\"inLanguage\":\"es\",\"@id\":\"https:\\\/\\\/webdelmaestrocmf.com\\\/portal\\\/habilidades-sociales-basicas-en-los-ninos\\\/#primaryimage\",\"url\":\"https:\\\/\\\/webdelmaestrocmf.com\\\/portal\\\/wp-content\\\/uploads\\\/2020\\\/08\\\/Banner-1-portada-imagen-10-41.jpg\",\"contentUrl\":\"https:\\\/\\\/webdelmaestrocmf.com\\\/portal\\\/wp-content\\\/uploads\\\/2020\\\/08\\\/Banner-1-portada-imagen-10-41.jpg\",\"width\":1024,\"height\":1024,\"caption\":\"habilidades sociales\"},{\"@type\":\"BreadcrumbList\",\"@id\":\"https:\\\/\\\/webdelmaestrocmf.com\\\/portal\\\/habilidades-sociales-basicas-en-los-ninos\\\/#breadcrumb\",\"itemListElement\":[{\"@type\":\"ListItem\",\"position\":1,\"name\":\"Portada\",\"item\":\"https:\\\/\\\/webdelmaestrocmf.com\\\/portal\\\/\"},{\"@type\":\"ListItem\",\"position\":2,\"name\":\"Recursos\",\"item\":\"https:\\\/\\\/webdelmaestrocmf.com\\\/portal\\\/category\\\/pedagogia\\\/\"},{\"@type\":\"ListItem\",\"position\":3,\"name\":\"Habilidades sociales b\u00e1sicas en los ni\u00f1os\"}]},{\"@type\":\"WebSite\",\"@id\":\"https:\\\/\\\/webdelmaestrocmf.com\\\/portal\\\/#website\",\"url\":\"https:\\\/\\\/webdelmaestrocmf.com\\\/portal\\\/\",\"name\":\"Web del Maestro CMF\",\"description\":\"Maestros al servicio de la educaci\u00f3n\",\"publisher\":{\"@id\":\"https:\\\/\\\/webdelmaestrocmf.com\\\/portal\\\/#organization\"},\"alternateName\":\"WMCMF\",\"potentialAction\":[{\"@type\":\"SearchAction\",\"target\":{\"@type\":\"EntryPoint\",\"urlTemplate\":\"https:\\\/\\\/webdelmaestrocmf.com\\\/portal\\\/?s={search_term_string}\"},\"query-input\":{\"@type\":\"PropertyValueSpecification\",\"valueRequired\":true,\"valueName\":\"search_term_string\"}}],\"inLanguage\":\"es\"},{\"@type\":\"Organization\",\"@id\":\"https:\\\/\\\/webdelmaestrocmf.com\\\/portal\\\/#organization\",\"name\":\"Web del Maestro CMF\",\"alternateName\":\"WMCMF\",\"url\":\"https:\\\/\\\/webdelmaestrocmf.com\\\/portal\\\/\",\"logo\":{\"@type\":\"ImageObject\",\"inLanguage\":\"es\",\"@id\":\"https:\\\/\\\/webdelmaestrocmf.com\\\/portal\\\/#\\\/schema\\\/logo\\\/image\\\/\",\"url\":\"https:\\\/\\\/webdelmaestrocmf.com\\\/portal\\\/wp-content\\\/uploads\\\/2023\\\/01\\\/logo-wmcmf-2.png\",\"contentUrl\":\"https:\\\/\\\/webdelmaestrocmf.com\\\/portal\\\/wp-content\\\/uploads\\\/2023\\\/01\\\/logo-wmcmf-2.png\",\"width\":200,\"height\":60,\"caption\":\"Web del Maestro CMF\"},\"image\":{\"@id\":\"https:\\\/\\\/webdelmaestrocmf.com\\\/portal\\\/#\\\/schema\\\/logo\\\/image\\\/\"},\"sameAs\":[\"https:\\\/\\\/www.facebook.com\\\/WebdelMaestroCMF\\\/\",\"https:\\\/\\\/x.com\\\/cmf_w\",\"https:\\\/\\\/www.pinterest.com\\\/WMCMF\\\/\",\"https:\\\/\\\/www.linkedin.com\\\/company\\\/web-del-maestro-cmf\\\/\",\"https:\\\/\\\/www.instagram.com\\\/wmcmf\\\/\",\"https:\\\/\\\/www.youtube.com\\\/channel\\\/UCDPSvjbdodE5sHnC3OxutHw\",\"https:\\\/\\\/mastodon.social\\\/@wmcmf\",\"https:\\\/\\\/www.tiktok.com\\\/@webdelmaestrocmf\"]},{\"@type\":\"Person\",\"@id\":\"https:\\\/\\\/webdelmaestrocmf.com\\\/portal\\\/#\\\/schema\\\/person\\\/1072a2ed7bd960df8ef99a551fa35dc5\",\"name\":\"Web del Maestro CMF\",\"image\":{\"@type\":\"ImageObject\",\"inLanguage\":\"es\",\"@id\":\"https:\\\/\\\/secure.gravatar.com\\\/avatar\\\/23291dd5b5ae1077dcff3dbb04c3e02bd28403fa75af6d8787d5e97c5bbbe30b?s=96&d=mm&r=g\",\"url\":\"https:\\\/\\\/secure.gravatar.com\\\/avatar\\\/23291dd5b5ae1077dcff3dbb04c3e02bd28403fa75af6d8787d5e97c5bbbe30b?s=96&d=mm&r=g\",\"contentUrl\":\"https:\\\/\\\/secure.gravatar.com\\\/avatar\\\/23291dd5b5ae1077dcff3dbb04c3e02bd28403fa75af6d8787d5e97c5bbbe30b?s=96&d=mm&r=g\",\"caption\":\"Web del Maestro CMF\"},\"description\":\"Esta Web se cre\u00f3 sin fines de lucro, con fines educativos, cient\u00edficos y acad\u00e9micos, para personas que tengan dificultades y\\\/o inconvenientes en visualizar el material original. El objetivo es entregar recursos, compartir experiencias y materiales que ayuden a los padres de familia, maestros y estudiantes en su actualizaci\u00f3n y formaci\u00f3n permanente, en bien de la Educaci\u00f3n.\",\"sameAs\":[\"http:\\\/\\\/webdelmaestrocmf.com\\\/portal\",\"https:\\\/\\\/www.facebook.com\\\/WebdelMaestroCMF\\\/\",\"https:\\\/\\\/www.instagram.com\\\/wmcmf\\\/\",\"https:\\\/\\\/cl.linkedin.com\\\/company\\\/web-del-maestro-cmf\",\"https:\\\/\\\/www.pinterest.com\\\/WMCMF\\\/publicaciones\\\/\",\"https:\\\/\\\/x.com\\\/cmf_w\",\"https:\\\/\\\/www.youtube.com\\\/@WMCMF\"]}]}<\/script>\n<!-- \/ Yoast SEO plugin. -->","yoast_head_json":{"title":"Habilidades sociales b\u00e1sicas en los ni\u00f1os - 2026","description":"Las\u00a0habilidades sociales\u00a0son un conjunto de conductas que nos permiten desenvolvernos eficazmente ante situaciones sociales, pudiendo...","robots":{"index":"index","follow":"follow","max-snippet":"max-snippet:-1","max-image-preview":"max-image-preview:large","max-video-preview":"max-video-preview:-1"},"canonical":"https:\/\/webdelmaestrocmf.com\/portal\/habilidades-sociales-basicas-en-los-ninos\/","og_locale":"es_ES","og_type":"article","og_title":"Habilidades sociales b\u00e1sicas en los ni\u00f1os - 2026","og_description":"Las\u00a0habilidades sociales\u00a0son un conjunto de conductas que nos permiten desenvolvernos eficazmente ante situaciones sociales, pudiendo...","og_url":"https:\/\/webdelmaestrocmf.com\/portal\/habilidades-sociales-basicas-en-los-ninos\/","og_site_name":"Web del Maestro CMF","article_publisher":"https:\/\/www.facebook.com\/WebdelMaestroCMF\/","article_author":"https:\/\/www.facebook.com\/WebdelMaestroCMF\/","article_published_time":"2024-01-20T15:10:23+00:00","article_modified_time":"2024-01-20T15:12:54+00:00","og_image":[{"width":1024,"height":1024,"url":"https:\/\/webdelmaestrocmf.com\/portal\/wp-content\/uploads\/2020\/08\/Banner-1-portada-imagen-10-41.jpg","type":"image\/jpeg"}],"author":"Web del Maestro CMF","twitter_card":"summary_large_image","twitter_creator":"@cmf_w","twitter_site":"@cmf_w","schema":{"@context":"https:\/\/schema.org","@graph":[{"@type":"ScholarlyArticle","@id":"https:\/\/webdelmaestrocmf.com\/portal\/habilidades-sociales-basicas-en-los-ninos\/#article","isPartOf":{"@id":"https:\/\/webdelmaestrocmf.com\/portal\/habilidades-sociales-basicas-en-los-ninos\/"},"author":{"name":"Web del Maestro CMF","@id":"https:\/\/webdelmaestrocmf.com\/portal\/#\/schema\/person\/1072a2ed7bd960df8ef99a551fa35dc5"},"headline":"Habilidades sociales b\u00e1sicas en los ni\u00f1os","datePublished":"2024-01-20T15:10:23+00:00","dateModified":"2024-01-20T15:12:54+00:00","mainEntityOfPage":{"@id":"https:\/\/webdelmaestrocmf.com\/portal\/habilidades-sociales-basicas-en-los-ninos\/"},"wordCount":1674,"commentCount":0,"publisher":{"@id":"https:\/\/webdelmaestrocmf.com\/portal\/#organization"},"image":{"@id":"https:\/\/webdelmaestrocmf.com\/portal\/habilidades-sociales-basicas-en-los-ninos\/#primaryimage"},"thumbnailUrl":"https:\/\/webdelmaestrocmf.com\/portal\/wp-content\/uploads\/2020\/08\/Banner-1-portada-imagen-10-41.jpg","keywords":["B\u00c1SICAS","habilidades","Ni\u00f1os","SOCIALES"],"articleSection":["Consejos","Pedagog\u00eda","Recursos"],"inLanguage":"es","potentialAction":[{"@type":"CommentAction","name":"Comment","target":["https:\/\/webdelmaestrocmf.com\/portal\/habilidades-sociales-basicas-en-los-ninos\/#respond"]}]},{"@type":"WebPage","@id":"https:\/\/webdelmaestrocmf.com\/portal\/habilidades-sociales-basicas-en-los-ninos\/","url":"https:\/\/webdelmaestrocmf.com\/portal\/habilidades-sociales-basicas-en-los-ninos\/","name":"Habilidades sociales b\u00e1sicas en los ni\u00f1os - 2026","isPartOf":{"@id":"https:\/\/webdelmaestrocmf.com\/portal\/#website"},"primaryImageOfPage":{"@id":"https:\/\/webdelmaestrocmf.com\/portal\/habilidades-sociales-basicas-en-los-ninos\/#primaryimage"},"image":{"@id":"https:\/\/webdelmaestrocmf.com\/portal\/habilidades-sociales-basicas-en-los-ninos\/#primaryimage"},"thumbnailUrl":"https:\/\/webdelmaestrocmf.com\/portal\/wp-content\/uploads\/2020\/08\/Banner-1-portada-imagen-10-41.jpg","datePublished":"2024-01-20T15:10:23+00:00","dateModified":"2024-01-20T15:12:54+00:00","description":"Las\u00a0habilidades sociales\u00a0son un conjunto de conductas que nos permiten desenvolvernos eficazmente ante situaciones sociales, pudiendo...","breadcrumb":{"@id":"https:\/\/webdelmaestrocmf.com\/portal\/habilidades-sociales-basicas-en-los-ninos\/#breadcrumb"},"inLanguage":"es","potentialAction":[{"@type":"ReadAction","target":["https:\/\/webdelmaestrocmf.com\/portal\/habilidades-sociales-basicas-en-los-ninos\/"]}]},{"@type":"ImageObject","inLanguage":"es","@id":"https:\/\/webdelmaestrocmf.com\/portal\/habilidades-sociales-basicas-en-los-ninos\/#primaryimage","url":"https:\/\/webdelmaestrocmf.com\/portal\/wp-content\/uploads\/2020\/08\/Banner-1-portada-imagen-10-41.jpg","contentUrl":"https:\/\/webdelmaestrocmf.com\/portal\/wp-content\/uploads\/2020\/08\/Banner-1-portada-imagen-10-41.jpg","width":1024,"height":1024,"caption":"habilidades sociales"},{"@type":"BreadcrumbList","@id":"https:\/\/webdelmaestrocmf.com\/portal\/habilidades-sociales-basicas-en-los-ninos\/#breadcrumb","itemListElement":[{"@type":"ListItem","position":1,"name":"Portada","item":"https:\/\/webdelmaestrocmf.com\/portal\/"},{"@type":"ListItem","position":2,"name":"Recursos","item":"https:\/\/webdelmaestrocmf.com\/portal\/category\/pedagogia\/"},{"@type":"ListItem","position":3,"name":"Habilidades sociales b\u00e1sicas en los ni\u00f1os"}]},{"@type":"WebSite","@id":"https:\/\/webdelmaestrocmf.com\/portal\/#website","url":"https:\/\/webdelmaestrocmf.com\/portal\/","name":"Web del Maestro CMF","description":"Maestros al servicio de la educaci\u00f3n","publisher":{"@id":"https:\/\/webdelmaestrocmf.com\/portal\/#organization"},"alternateName":"WMCMF","potentialAction":[{"@type":"SearchAction","target":{"@type":"EntryPoint","urlTemplate":"https:\/\/webdelmaestrocmf.com\/portal\/?s={search_term_string}"},"query-input":{"@type":"PropertyValueSpecification","valueRequired":true,"valueName":"search_term_string"}}],"inLanguage":"es"},{"@type":"Organization","@id":"https:\/\/webdelmaestrocmf.com\/portal\/#organization","name":"Web del Maestro CMF","alternateName":"WMCMF","url":"https:\/\/webdelmaestrocmf.com\/portal\/","logo":{"@type":"ImageObject","inLanguage":"es","@id":"https:\/\/webdelmaestrocmf.com\/portal\/#\/schema\/logo\/image\/","url":"https:\/\/webdelmaestrocmf.com\/portal\/wp-content\/uploads\/2023\/01\/logo-wmcmf-2.png","contentUrl":"https:\/\/webdelmaestrocmf.com\/portal\/wp-content\/uploads\/2023\/01\/logo-wmcmf-2.png","width":200,"height":60,"caption":"Web del Maestro CMF"},"image":{"@id":"https:\/\/webdelmaestrocmf.com\/portal\/#\/schema\/logo\/image\/"},"sameAs":["https:\/\/www.facebook.com\/WebdelMaestroCMF\/","https:\/\/x.com\/cmf_w","https:\/\/www.pinterest.com\/WMCMF\/","https:\/\/www.linkedin.com\/company\/web-del-maestro-cmf\/","https:\/\/www.instagram.com\/wmcmf\/","https:\/\/www.youtube.com\/channel\/UCDPSvjbdodE5sHnC3OxutHw","https:\/\/mastodon.social\/@wmcmf","https:\/\/www.tiktok.com\/@webdelmaestrocmf"]},{"@type":"Person","@id":"https:\/\/webdelmaestrocmf.com\/portal\/#\/schema\/person\/1072a2ed7bd960df8ef99a551fa35dc5","name":"Web del Maestro CMF","image":{"@type":"ImageObject","inLanguage":"es","@id":"https:\/\/secure.gravatar.com\/avatar\/23291dd5b5ae1077dcff3dbb04c3e02bd28403fa75af6d8787d5e97c5bbbe30b?s=96&d=mm&r=g","url":"https:\/\/secure.gravatar.com\/avatar\/23291dd5b5ae1077dcff3dbb04c3e02bd28403fa75af6d8787d5e97c5bbbe30b?s=96&d=mm&r=g","contentUrl":"https:\/\/secure.gravatar.com\/avatar\/23291dd5b5ae1077dcff3dbb04c3e02bd28403fa75af6d8787d5e97c5bbbe30b?s=96&d=mm&r=g","caption":"Web del Maestro CMF"},"description":"Esta Web se cre\u00f3 sin fines de lucro, con fines educativos, cient\u00edficos y acad\u00e9micos, para personas que tengan dificultades y\/o inconvenientes en visualizar el material original. El objetivo es entregar recursos, compartir experiencias y materiales que ayuden a los padres de familia, maestros y estudiantes en su actualizaci\u00f3n y formaci\u00f3n permanente, en bien de la Educaci\u00f3n.","sameAs":["http:\/\/webdelmaestrocmf.com\/portal","https:\/\/www.facebook.com\/WebdelMaestroCMF\/","https:\/\/www.instagram.com\/wmcmf\/","https:\/\/cl.linkedin.com\/company\/web-del-maestro-cmf","https:\/\/www.pinterest.com\/WMCMF\/publicaciones\/","https:\/\/x.com\/cmf_w","https:\/\/www.youtube.com\/@WMCMF"]}]}},"jetpack_featured_media_url":"https:\/\/webdelmaestrocmf.com\/portal\/wp-content\/uploads\/2020\/08\/Banner-1-portada-imagen-10-41.jpg","jetpack_sharing_enabled":true,"jetpack-related-posts":[{"id":87524,"url":"https:\/\/webdelmaestrocmf.com\/portal\/105-fichas-de-actividades-sobre-educacion-emocional\/","url_meta":{"origin":49780,"position":0},"title":"Fichas de actividades sobre educaci\u00f3n emocional","author":"Web del Maestro CMF","date":"17 abril, 2023","format":false,"excerpt":"En un mundo en constante cambio, la importancia de la educaci\u00f3n emocional se ha vuelto cada vez m\u00e1s evidente. En busca de una mayor comprensi\u00f3n y equilibrio emocional, educadores, padres y cuidadores han recurrido a diversas estrategias para cultivar las habilidades emocionales en los ni\u00f1os y j\u00f3venes. En este contexto,\u2026","rel":"","context":"En \u00abEducaci\u00f3n Emocional\u00bb","block_context":{"text":"Educaci\u00f3n Emocional","link":"https:\/\/webdelmaestrocmf.com\/portal\/category\/pedagogia\/educacion-emocional\/"},"img":{"alt_text":"educaci\u00f3n emocional","src":"https:\/\/i0.wp.com\/webdelmaestrocmf.com\/portal\/wp-content\/uploads\/2023\/04\/A12B3C4D-6-3.jpg?resize=350%2C200&ssl=1","width":350,"height":200,"srcset":"https:\/\/i0.wp.com\/webdelmaestrocmf.com\/portal\/wp-content\/uploads\/2023\/04\/A12B3C4D-6-3.jpg?resize=350%2C200&ssl=1 1x, https:\/\/i0.wp.com\/webdelmaestrocmf.com\/portal\/wp-content\/uploads\/2023\/04\/A12B3C4D-6-3.jpg?resize=525%2C300&ssl=1 1.5x, https:\/\/i0.wp.com\/webdelmaestrocmf.com\/portal\/wp-content\/uploads\/2023\/04\/A12B3C4D-6-3.jpg?resize=700%2C400&ssl=1 2x"},"classes":[]},{"id":94542,"url":"https:\/\/webdelmaestrocmf.com\/portal\/estas-son-las-habilidades-que-los-ninos-necesitan-desarrollar-en-preescolar-para-tener-exito-en-primer-grado\/","url_meta":{"origin":49780,"position":1},"title":"Estas son las habilidades que los ni\u00f1os necesitan desarrollar en preescolar, para tener \u00e9xito en primer grado","author":"Web del Maestro CMF","date":"10 septiembre, 2023","format":false,"excerpt":"El inicio de la educaci\u00f3n primaria es un hito significativo en la vida de un ni\u00f1o, marcando el comienzo de una traves\u00eda educativa que les acompa\u00f1ar\u00e1 a lo largo de su vida. Para que este viaje sea fruct\u00edfero, es esencial que los ni\u00f1os ingresen al primer grado de primaria con\u2026","rel":"","context":"En \u00abHabilidades\u00bb","block_context":{"text":"Habilidades","link":"https:\/\/webdelmaestrocmf.com\/portal\/category\/pedagogia\/habilidades\/"},"img":{"alt_text":"habilidades","src":"https:\/\/i0.wp.com\/webdelmaestrocmf.com\/portal\/wp-content\/uploads\/2023\/09\/A12B3C4D-10-1.jpg?resize=350%2C200&ssl=1","width":350,"height":200,"srcset":"https:\/\/i0.wp.com\/webdelmaestrocmf.com\/portal\/wp-content\/uploads\/2023\/09\/A12B3C4D-10-1.jpg?resize=350%2C200&ssl=1 1x, https:\/\/i0.wp.com\/webdelmaestrocmf.com\/portal\/wp-content\/uploads\/2023\/09\/A12B3C4D-10-1.jpg?resize=525%2C300&ssl=1 1.5x, https:\/\/i0.wp.com\/webdelmaestrocmf.com\/portal\/wp-content\/uploads\/2023\/09\/A12B3C4D-10-1.jpg?resize=700%2C400&ssl=1 2x"},"classes":[]},{"id":84304,"url":"https:\/\/webdelmaestrocmf.com\/portal\/la-amistad-en-la-escuela-fortalece-el-vinculo-social-y-es-importante-para-equilibrio-emocional\/","url_meta":{"origin":49780,"position":2},"title":"La amistad en la escuela fortalece el v\u00ednculo social y es importante para equilibrio emocional","author":"Web del Maestro CMF","date":"15 febrero, 2023","format":false,"excerpt":"Una de las primeras experiencias de convivencia, fuera del ambiente familiar, ordinariamente sucede en la escuela. La presidenta del Col\u00b7legi de Pedagogs de Catalunya, Rosa Rodr\u00edguez, opina que es en el ambiente escolar \u201cdonde los ni\u00f1os aprenden a relacionarse con los dem\u00e1s, especialmente con sus iguales, a conocer sus l\u00edmites\u2026","rel":"","context":"En \u00abYo opino - WMCMF\u00bb","block_context":{"text":"Yo opino - WMCMF","link":"https:\/\/webdelmaestrocmf.com\/portal\/category\/jamb\/"},"img":{"alt_text":"","src":"https:\/\/i0.wp.com\/webdelmaestrocmf.com\/portal\/wp-content\/uploads\/2023\/02\/1a2-1.jpg?resize=350%2C200&ssl=1","width":350,"height":200,"srcset":"https:\/\/i0.wp.com\/webdelmaestrocmf.com\/portal\/wp-content\/uploads\/2023\/02\/1a2-1.jpg?resize=350%2C200&ssl=1 1x, https:\/\/i0.wp.com\/webdelmaestrocmf.com\/portal\/wp-content\/uploads\/2023\/02\/1a2-1.jpg?resize=525%2C300&ssl=1 1.5x, https:\/\/i0.wp.com\/webdelmaestrocmf.com\/portal\/wp-content\/uploads\/2023\/02\/1a2-1.jpg?resize=700%2C400&ssl=1 2x"},"classes":[]},{"id":108313,"url":"https:\/\/webdelmaestrocmf.com\/portal\/guia-para-docentes-y-padres-sobre-trastornos-del-neurodesarrollo\/","url_meta":{"origin":49780,"position":3},"title":"Gu\u00eda para docentes y padres sobre Trastornos del Neurodesarrollo","author":"Web del Maestro CMF","date":"10 marzo, 2025","format":false,"excerpt":"En el entorno educativo y familiar, el conocimiento sobre los trastornos del neurodesarrollo es fundamental para comprender y apoyar a los ni\u00f1os y adolescentes que los presentan. Estas condiciones pueden influir en su aprendizaje, socializaci\u00f3n y bienestar emocional. La detecci\u00f3n temprana y un enfoque adecuado pueden marcar una gran diferencia\u2026","rel":"","context":"En \u00abRecursos\u00bb","block_context":{"text":"Recursos","link":"https:\/\/webdelmaestrocmf.com\/portal\/category\/pedagogia\/"},"img":{"alt_text":"","src":"https:\/\/i0.wp.com\/webdelmaestrocmf.com\/portal\/wp-content\/uploads\/2025\/03\/1A-Banner-1-portada-imagen-10-1-1-1.jpg?resize=350%2C200&ssl=1","width":350,"height":200,"srcset":"https:\/\/i0.wp.com\/webdelmaestrocmf.com\/portal\/wp-content\/uploads\/2025\/03\/1A-Banner-1-portada-imagen-10-1-1-1.jpg?resize=350%2C200&ssl=1 1x, https:\/\/i0.wp.com\/webdelmaestrocmf.com\/portal\/wp-content\/uploads\/2025\/03\/1A-Banner-1-portada-imagen-10-1-1-1.jpg?resize=525%2C300&ssl=1 1.5x, https:\/\/i0.wp.com\/webdelmaestrocmf.com\/portal\/wp-content\/uploads\/2025\/03\/1A-Banner-1-portada-imagen-10-1-1-1.jpg?resize=700%2C400&ssl=1 2x"},"classes":[]},{"id":18538,"url":"https:\/\/webdelmaestrocmf.com\/portal\/materiales-y-actividades-para-potenciar-las-habilidades-sociales-en-los-ninos\/","url_meta":{"origin":49780,"position":4},"title":"Actividades para potenciar las habilidades sociales en los ni\u00f1os","author":"Web del Maestro CMF","date":"31 marzo, 2022","format":false,"excerpt":"Hacer que los ni\u00f1os desarrollen habilidades sociales los prepara para tener much\u00edsimas interacciones m\u00e1s saludables en todos los aspectos de su vida. Las habilidades sociales son una parte integral de desenvolverse en la sociedad. Demostrar buenos modales, comunicarse efectivamente con las personas, ser considerado con los sentimientos de las personas\u2026","rel":"","context":"En \u00abBienestar Familiar\u00bb","block_context":{"text":"Bienestar Familiar","link":"https:\/\/webdelmaestrocmf.com\/portal\/category\/pedagogia\/bienestar-familiar\/"},"img":{"alt_text":"","src":"https:\/\/i0.wp.com\/webdelmaestrocmf.com\/portal\/wp-content\/uploads\/2020\/02\/1-99.jpg?resize=350%2C200&ssl=1","width":350,"height":200,"srcset":"https:\/\/i0.wp.com\/webdelmaestrocmf.com\/portal\/wp-content\/uploads\/2020\/02\/1-99.jpg?resize=350%2C200&ssl=1 1x, https:\/\/i0.wp.com\/webdelmaestrocmf.com\/portal\/wp-content\/uploads\/2020\/02\/1-99.jpg?resize=525%2C300&ssl=1 1.5x, https:\/\/i0.wp.com\/webdelmaestrocmf.com\/portal\/wp-content\/uploads\/2020\/02\/1-99.jpg?resize=700%2C400&ssl=1 2x, https:\/\/i0.wp.com\/webdelmaestrocmf.com\/portal\/wp-content\/uploads\/2020\/02\/1-99.jpg?resize=1050%2C600&ssl=1 3x"},"classes":[]},{"id":100238,"url":"https:\/\/webdelmaestrocmf.com\/portal\/cuadernillo-de-aprestamiento-para-ninos-de-5-anos\/","url_meta":{"origin":49780,"position":5},"title":"Cuadernillo de aprestamiento para ni\u00f1os de 5 a\u00f1os","author":"Web del Maestro CMF","date":"15 noviembre, 2023","format":false,"excerpt":"En los primeros a\u00f1os de vida, el proceso de aprendizaje de los ni\u00f1os se caracteriza por una fase crucial de aprestamiento que sienta las bases para su desarrollo educativo. En este contexto, el cuadernillo de aprestamiento para ni\u00f1os de 5 a\u00f1os emerge como una herramienta pedag\u00f3gica fundamental. Dise\u00f1ado cuidadosamente para\u2026","rel":"","context":"En \u00abaprestamiento\u00bb","block_context":{"text":"aprestamiento","link":"https:\/\/webdelmaestrocmf.com\/portal\/category\/pedagogia\/aprestamiento\/"},"img":{"alt_text":"Cuadernillo aprestamiento","src":"https:\/\/i0.wp.com\/webdelmaestrocmf.com\/portal\/wp-content\/uploads\/2023\/11\/A12B3C4D-2-2.jpg?resize=350%2C200&ssl=1","width":350,"height":200,"srcset":"https:\/\/i0.wp.com\/webdelmaestrocmf.com\/portal\/wp-content\/uploads\/2023\/11\/A12B3C4D-2-2.jpg?resize=350%2C200&ssl=1 1x, https:\/\/i0.wp.com\/webdelmaestrocmf.com\/portal\/wp-content\/uploads\/2023\/11\/A12B3C4D-2-2.jpg?resize=525%2C300&ssl=1 1.5x, https:\/\/i0.wp.com\/webdelmaestrocmf.com\/portal\/wp-content\/uploads\/2023\/11\/A12B3C4D-2-2.jpg?resize=700%2C400&ssl=1 2x"},"classes":[]}],"_links":{"self":[{"href":"https:\/\/webdelmaestrocmf.com\/portal\/wp-json\/wp\/v2\/posts\/49780","targetHints":{"allow":["GET"]}}],"collection":[{"href":"https:\/\/webdelmaestrocmf.com\/portal\/wp-json\/wp\/v2\/posts"}],"about":[{"href":"https:\/\/webdelmaestrocmf.com\/portal\/wp-json\/wp\/v2\/types\/post"}],"author":[{"embeddable":true,"href":"https:\/\/webdelmaestrocmf.com\/portal\/wp-json\/wp\/v2\/users\/1"}],"replies":[{"embeddable":true,"href":"https:\/\/webdelmaestrocmf.com\/portal\/wp-json\/wp\/v2\/comments?post=49780"}],"version-history":[{"count":0,"href":"https:\/\/webdelmaestrocmf.com\/portal\/wp-json\/wp\/v2\/posts\/49780\/revisions"}],"wp:featuredmedia":[{"embeddable":true,"href":"https:\/\/webdelmaestrocmf.com\/portal\/wp-json\/wp\/v2\/media\/102832"}],"wp:attachment":[{"href":"https:\/\/webdelmaestrocmf.com\/portal\/wp-json\/wp\/v2\/media?parent=49780"}],"wp:term":[{"taxonomy":"category","embeddable":true,"href":"https:\/\/webdelmaestrocmf.com\/portal\/wp-json\/wp\/v2\/categories?post=49780"},{"taxonomy":"post_tag","embeddable":true,"href":"https:\/\/webdelmaestrocmf.com\/portal\/wp-json\/wp\/v2\/tags?post=49780"}],"curies":[{"name":"wp","href":"https:\/\/api.w.org\/{rel}","templated":true}]}}