{"id":49663,"date":"2020-08-02T20:10:52","date_gmt":"2020-08-03T00:10:52","guid":{"rendered":"https:\/\/webdelmaestrocmf.com\/portal\/?p=49663"},"modified":"2020-08-02T20:10:52","modified_gmt":"2020-08-03T00:10:52","slug":"david-auris-pedagogia-del-desaprendizaje-en-tiempos-de-coronavirus","status":"publish","type":"post","link":"https:\/\/webdelmaestrocmf.com\/portal\/david-auris-pedagogia-del-desaprendizaje-en-tiempos-de-coronavirus\/","title":{"rendered":"[David Auris] Pedagog\u00eda del desaprendizaje en tiempos de coronavirus"},"content":{"rendered":"<h5 style=\"text-align: justify;\">No solo eres t\u00fa, somos todos. Cobijado bajo la t\u00fanica de la esperanza que ma\u00f1ana las estrellas volver\u00e1n a brillar m\u00e1s intensamente, escribo desde mi trinchera pedag\u00f3gica. \u00a0Habr\u00e1 en la historia de la humanidad un antes, esta sugestiva experiencia del cual hoy reflexiono y un post coronavirus que transformar\u00e1 profundamente nuestras vidas que, curiosamente qued\u00e1ndonos en casa ya estamos haciendo mucho por salvar nuestro maravilloso planeta y estamos dando al traste esa frase ego\u00edsta y tan trillada, \u201cs\u00e1lvese quien pueda\u201d.<\/h5>\n<p><!--more--><\/p>\n<p style=\"text-align: justify;\">Nuestra forma de vivir que hab\u00edamos heredado y aprendido c\u00f3modamente en la escuela y reforzada en la sociedad, est\u00e1 siendo erosionada y demolida por el coronavirus, por lo que debemos desaprender apresuradamente para aprender con la misma urgencia nuevas maneras de convivir y hacer frente exitosamente al ataque del virus y las asechanzas de otras pandemias del futuro, en un mundo fatalmente impredecible.<\/p>\n<p style=\"text-align: justify;\"><strong>\u00bfQu\u00e9 entendemos por desaprendizaje?<\/strong> El t\u00e9rmino aprender a desaprender probablemente lo acu\u00f1\u00f3 Alvin Toffler. Esta idea incita al sistema educativo, ense\u00f1ar a desaprender para volver a aprender en otros escenarios. Peter Senge lo resume magistralmente, quiz\u00e1s la \u00fanica competencia que posee el ser humano para hacer frente a los retos del incierto ma\u00f1ana es, desarrollar r\u00e1pidamente la capacidad de aprender a desaprender y tornar a reaprender. Desafortunadamente el sistema educativo a\u00fan no practica a nivel global, pues atiborramos a los estudiantes con una masa de vanos contenidos que hoy de poco sirve ante un real azote mundial.<\/p>\n<p style=\"text-align: justify;\">Durante esta in\u00e9dita experiencia, la familia, ir\u00f3nicamente relegada a un segundo plano debido a que aprendimos disfrutar voces del atroz consumismo y la salvaje competitividad: <strong>\u201c<em>S\u00e9 el mejor\u201d, \u201ctrabaja en equipo\u201d, \u201cdisfruta hoy y paga ma\u00f1ana en c\u00f3modas cuotas\u201d.<\/em><\/strong> Revel\u00e9monos y aprovechemos la oportunidad, reivindic\u00e1ndonos en familia como nuestro \u00fanico basti\u00f3n de felicidad, reaprendiendo todos a disfrutar las labores del hogar, hacer ejercicios, comer sano y ejerzamos sostenidamente la pedagog\u00eda de la resistencia a trav\u00e9s de una comunicaci\u00f3n sincera y sonriamos en tiempos de coronavirus como un acto de desaprendizaje familiar.<\/p>\n<p><img loading=\"lazy\" decoding=\"async\" class=\"wp-image-49665 size-full\" src=\"https:\/\/webdelmaestrocmf.com\/portal\/wp-content\/uploads\/2020\/08\/1-5.jpg\" alt=\"\" width=\"2048\" height=\"1268\" srcset=\"https:\/\/webdelmaestrocmf.com\/portal\/wp-content\/uploads\/2020\/08\/1-5.jpg 2048w, https:\/\/webdelmaestrocmf.com\/portal\/wp-content\/uploads\/2020\/08\/1-5-300x186.jpg 300w, https:\/\/webdelmaestrocmf.com\/portal\/wp-content\/uploads\/2020\/08\/1-5-1024x634.jpg 1024w, https:\/\/webdelmaestrocmf.com\/portal\/wp-content\/uploads\/2020\/08\/1-5-768x476.jpg 768w, https:\/\/webdelmaestrocmf.com\/portal\/wp-content\/uploads\/2020\/08\/1-5-1536x951.jpg 1536w, https:\/\/webdelmaestrocmf.com\/portal\/wp-content\/uploads\/2020\/08\/1-5-110x68.jpg 110w, https:\/\/webdelmaestrocmf.com\/portal\/wp-content\/uploads\/2020\/08\/1-5-200x124.jpg 200w, https:\/\/webdelmaestrocmf.com\/portal\/wp-content\/uploads\/2020\/08\/1-5-380x235.jpg 380w, https:\/\/webdelmaestrocmf.com\/portal\/wp-content\/uploads\/2020\/08\/1-5-255x158.jpg 255w, https:\/\/webdelmaestrocmf.com\/portal\/wp-content\/uploads\/2020\/08\/1-5-550x341.jpg 550w, https:\/\/webdelmaestrocmf.com\/portal\/wp-content\/uploads\/2020\/08\/1-5-800x495.jpg 800w, https:\/\/webdelmaestrocmf.com\/portal\/wp-content\/uploads\/2020\/08\/1-5-1160x718.jpg 1160w\" sizes=\"auto, (max-width: 2048px) 100vw, 2048px\" \/><\/p>\n<p style=\"text-align: justify;\">Con la irrupci\u00f3n de las redes sociales aprendimos abrumadoramente llamar la atenci\u00f3n y auto publicitarnos a nivel planetario, compartiendo nuestras im\u00e1genes cotidianas, disfrutamos el <em>chat<\/em> de la amiga, frecuentamos el <em>Facebook<\/em> de viejos amores, inundamos triviales informaciones y seguimos a cualquier pobre diablo, generando una sociedad papagayo hastiada de bazofia, pues lo que cuenta son los <em>likes<\/em> que, en estos momentos dif\u00edciles generan una histeria colectiva, cuando inmediatamente requerimos usar responsablemente estas redes y empoderar de cognici\u00f3n a la sociedad global como sugiere Yuval Harari, \u201cUna poblaci\u00f3n\u00a0 bien informada suele ser mucho m\u00e1s poderosa y efectiva que una poblaci\u00f3n ignorante\u201d.<\/p>\n<p style=\"text-align: justify;\">Desaprendamos juzgar y criticar las actitudes de los dem\u00e1s. Nos lo pasamos la vida desconfiando del vecino de al lado, y nos autoproclamamos orgullosamente ser los mejores; pues bien, es momento de demostrarlo ayudando a los dem\u00e1s y aceptemos con buen humor nuestras limitaciones y defectos que solos somos vulnerables. Aprendamos a ver al pr\u00f3jimo como nuestro mejor aliado, cavilando aquello que le sucede tarde o temprano nos suceder\u00e1 y desplegando el trabajo cooperativo solidario, evitaremos contagios asegurando nuestra supervivencia.<\/p>\n<p style=\"text-align: justify;\">El empresariado mundial est\u00e1 obligado a desaprender enriquecerse y especular en confabulaci\u00f3n con los funcionarios en tiempos de emergencia y aprender ser m\u00e1s humanitarios, sobreponiendo al ser humano sobre los bienes materiales, as\u00ed como impulsar los vuelos gratuitos para la libre circulaci\u00f3n de cient\u00edficos, pensadores, periodistas, m\u00e9dicos y el transporte de insumos cl\u00ednicos, volando solidariamente a nivel global para salvar vidas.<\/p>\n<p style=\"text-align: justify;\">Alejado del dramatismo griego, si la ciudadan\u00eda global no desaprende sus viejas costumbres, penetraremos un l\u00fagubre callej\u00f3n sin salida y pondremos en juego nuestra supervivencia y para ello debemos sacar lo mejor de nosotros que, seguramente todos venceremos una vez m\u00e1s estas plagas y rompiendo paradigmas del ayer, aprendamos a convivir armoniosamente en esta aldea global y comprometamos a los l\u00edderes mundiales, al G8 y al G20 a tomar decisiones inmediata, si pretendemos que contin\u00fae la excitante funci\u00f3n de la vida; as\u00ed ma\u00f1ana no volvamos a la normalidad, hoy practiquemos el distanciamiento social desde la mirada de Gideon Lichfield.<\/p>\n<h5 style=\"text-align: justify;\"><strong>FUENTES:<\/strong><\/h5>\n<ul>\n<li style=\"text-align: justify;\">Alvin Toffler de su libro, El Shock del futuro.<\/li>\n<li style=\"text-align: justify;\">Gideon Lichfield. Acept\u00e9moslo, el estilo de vida que conoc\u00edamos, no va a volver nunca m\u00e1s.\u00a0 <a href=\"https:\/\/www.technologyreview.es\/s\/12034\/aceptemoslo-el-estilo-de-vida-que-conociamos-no-va-volver-nunca\" target=\"_blank\" rel=\"noopener noreferrer\">technologyreview.es<\/a><\/li>\n<li style=\"text-align: justify;\">Peter Senge de su libro, \u201cLa Quinta Disciplina\u201d<\/li>\n<li style=\"text-align: justify;\">Yuval Harari. El mundo despu\u00e9s del coronavirus. <a href=\"https:\/\/diariojudio.com\/opinion\/yuval-noah-harari-el-mundo-despues-del-coronavirus\/326282\/\" target=\"_blank\" rel=\"noopener noreferrer\">diariojudio.com<\/a><\/li>\n<\/ul>\n<p>.<\/p>\n<table class=\" alignleft\" border=\"0\" width=\"100%\" cellspacing=\"10\" cellpadding=\"10\">\n<tbody>\n<tr>\n<td style=\"text-align: center;\" width=\"30%\"><strong><img loading=\"lazy\" decoding=\"async\" class=\"size-full wp-image-49380 aligncenter\" src=\"https:\/\/webdelmaestrocmf.com\/portal\/wp-content\/uploads\/2020\/07\/2-copia-3.jpg\" alt=\"\" width=\"200\" height=\"200\" srcset=\"https:\/\/webdelmaestrocmf.com\/portal\/wp-content\/uploads\/2020\/07\/2-copia-3.jpg 200w, https:\/\/webdelmaestrocmf.com\/portal\/wp-content\/uploads\/2020\/07\/2-copia-3-150x150.jpg 150w, https:\/\/webdelmaestrocmf.com\/portal\/wp-content\/uploads\/2020\/07\/2-copia-3-80x80.jpg 80w, https:\/\/webdelmaestrocmf.com\/portal\/wp-content\/uploads\/2020\/07\/2-copia-3-110x110.jpg 110w\" sizes=\"auto, (max-width: 200px) 100vw, 200px\" \/><br \/>\nAutor: <\/strong>David Auris Villegas (Per\u00fa, 1975) Escritor, pedagogo, editor, columnista, profesor universitario y te\u00f3rico de la pedagog\u00eda \u00e9tica, educaci\u00f3n ciudadana, cultura de paz. <strong><br \/>\nExperiencia laboral:<\/strong> Licenciado en educaci\u00f3n por la Universidad Nacional Mayor de San Marcos y m\u00e1ster en educaci\u00f3n por la Universidad de la Habana. Ha sido profesor capacitador en la Universidad Nacional Mayor de San Marcos y profesor de posgrado en varias universidades peruanas. Ha publicado: <em>\u201cCuentos de medianoche\u201d, \u201cMa\u00f1ana al despertar piensa en m\u00ed\u201d, \u00abEstrategias did\u00e1cticas de comprensi\u00f3n lectora para la vida\u00bb, \u00abC\u00f3mo redactar art\u00edculos cient\u00edficos\u00bb <\/em>y<em> \u201cMinicuentos para so\u00f1ar\u201d<\/em>. Antologado en: <em>A Orillas del r\u00edo Ichu<\/em> y en, <em>Palabras sin fronteras, fronteras sin palabras, <\/em>y ha aparecido en las revistas: <em>La Tortuga Ecuestre<\/em>, <em>N\u00e9mesis<\/em> y <em>Entre par\u00e9ntesis<\/em>. Publica sus art\u00edculos pedag\u00f3gicos cada semana en varios portales del mundo. <strong><br \/>\nCorreo electr\u00f3nico: <\/strong><a href=\"mailto:davidauris@gmail.com\">davidauris@gmail.com<\/a><br \/>\n<strong>Cuenta de Facebook:<\/strong> <a href=\"https:\/\/www.facebook.com\/david.aurisvillegas.77\" target=\"_blank\" rel=\"noopener noreferrer\">david.aurisvillegas.77<\/a><\/td>\n<\/tr>\n<\/tbody>\n<\/table>\n<p style=\"text-align: left;\">.<\/p>\n\t\t<div class=\"pk-inline-posts\">\n\t\t\t\n\t\t\t<div class=\"pk-inline-posts-container pk-inline-posts-template-list\"\n\t\t\t\tdata-columns=\"1\">\n\t\t\t\t\t\t<article id=\"post-112061\" class=\"post-112061 post type-post status-publish format-standard has-post-thumbnail category-z-colaborador-david-auris category-colaborador tag-funcionarios tag-pedagogia tag-perversos cs-entry cs-video-wrap\">\n\t\t\t<div class=\"pk-post-outer\">\n\n\t\t\t\t\t\t\t\t<div class=\"pk-post-inner\">\n\t\t\t\t\t<div class=\"entry-thumbnail\">\n\t\t\t\t\t\t<div class=\"pk-overlay pk-overlay-ratio pk-ratio-landscape\">\n\t\t\t\t\t\t\t<div class=\"pk-overlay-background\">\n\t\t\t\t\t\t\t\t<a href=\"https:\/\/webdelmaestrocmf.com\/portal\/david-auris-poderosa-pedagogia-de-los-perversos-funcionarios-y-politicos-peruanos-2\/\" class=\"pk-overlay-link\">\n\t\t\t\t\t\t\t\t\t<img loading=\"lazy\" decoding=\"async\" width=\"300\" height=\"225\" src=\"https:\/\/webdelmaestrocmf.com\/portal\/wp-content\/uploads\/2025\/09\/1A-Banner-1-portada-imagen-10-1-copia-2025-09-11T183111.574-300x225.webp\" class=\"attachment-pk-thumbnail size-pk-thumbnail wp-post-image\" alt=\"\" \/>\t\t\t\t\t\t\t\t<\/a>\n\t\t\t\t\t\t\t<\/div>\n\t\t\t\t\t\t<\/div>\n\t\t\t\t\t<\/div>\n\t\t\t\t<\/div>\n\t\t\t\t\n\t\t\t\t<div class=\"pk-post-inner\">\n\t\t\t\t\t<header>\n\t\t\t\t\t\t<h3 class=\"pk-title\"><a href=\"https:\/\/webdelmaestrocmf.com\/portal\/david-auris-poderosa-pedagogia-de-los-perversos-funcionarios-y-politicos-peruanos-2\/\" rel=\"bookmark\">[David Auris] Poderosa pedagog\u00eda de los perversos funcionarios y pol\u00edticos peruanos\u00a0<\/a><\/h3>\t\t\t\t\t<\/header><!-- .entry-header -->\n\t\t\t\t<\/div><!-- .post-inner -->\n\n\t\t\t<\/div><!-- .post-outer -->\n\t\t<\/article>\n\t\t\t\t<\/div>\n\t\t<\/div>\n\t\t\n","protected":false},"excerpt":{"rendered":"No solo eres t\u00fa, somos todos. Cobijado bajo la t\u00fanica de la esperanza que ma\u00f1ana las estrellas volver\u00e1n&hellip;","protected":false},"author":1,"featured_media":49664,"comment_status":"open","ping_status":"closed","sticky":false,"template":"","format":"standard","meta":{"csco_display_header_overlay":false,"csco_singular_sidebar":"default","csco_page_header_type":"default","csco_page_load_nextpost":"default","csco_post_video_location":[],"csco_post_video_location_hash":"","csco_post_video_url":"","csco_post_video_bg_start_time":0,"csco_post_video_bg_end_time":0,"csco_post_video_bg_volume":false,"_jetpack_memberships_contains_paid_content":false,"footnotes":""},"categories":[5341,1790],"tags":[4734,5342,5369,1589,4807],"class_list":{"0":"post-49663","1":"post","2":"type-post","3":"status-publish","4":"format-standard","5":"has-post-thumbnail","7":"category-z-colaborador-david-auris","8":"category-colaborador","9":"tag-coronavirus","10":"tag-david-auris","11":"tag-desaprendizaje","12":"tag-pedagogia","13":"tag-tiempos","14":"cs-entry","15":"cs-video-wrap"},"yoast_head":"<!-- This site is optimized with the Yoast SEO plugin v27.5 - https:\/\/yoast.com\/product\/yoast-seo-wordpress\/ -->\n<title>[David Auris] Pedagog\u00eda del desaprendizaje en tiempos de coronavirus - 2026<\/title>\n<meta name=\"description\" content=\"No solo eres t\u00fa, somos todos. Cobijado bajo la t\u00fanica de la esperanza que ma\u00f1ana las estrellas volver\u00e1n a brillar m\u00e1s intensamente, escribo...\" \/>\n<meta name=\"robots\" content=\"index, follow, max-snippet:-1, max-image-preview:large, max-video-preview:-1\" \/>\n<link rel=\"canonical\" href=\"https:\/\/webdelmaestrocmf.com\/portal\/david-auris-pedagogia-del-desaprendizaje-en-tiempos-de-coronavirus\/\" \/>\n<meta property=\"og:locale\" content=\"es_ES\" \/>\n<meta property=\"og:type\" content=\"article\" \/>\n<meta property=\"og:title\" content=\"[David Auris] Pedagog\u00eda del desaprendizaje en tiempos de coronavirus - 2026\" \/>\n<meta property=\"og:description\" content=\"No solo eres t\u00fa, somos todos. Cobijado bajo la t\u00fanica de la esperanza que ma\u00f1ana las estrellas volver\u00e1n a brillar m\u00e1s intensamente, escribo...\" \/>\n<meta property=\"og:url\" content=\"https:\/\/webdelmaestrocmf.com\/portal\/david-auris-pedagogia-del-desaprendizaje-en-tiempos-de-coronavirus\/\" \/>\n<meta property=\"og:site_name\" content=\"Web del Maestro CMF\" \/>\n<meta property=\"article:publisher\" content=\"https:\/\/www.facebook.com\/WebdelMaestroCMF\/\" \/>\n<meta property=\"article:author\" content=\"https:\/\/www.facebook.com\/WebdelMaestroCMF\/\" \/>\n<meta property=\"article:published_time\" content=\"2020-08-03T00:10:52+00:00\" \/>\n<meta property=\"og:image\" content=\"https:\/\/i0.wp.com\/webdelmaestrocmf.com\/portal\/wp-content\/uploads\/2020\/08\/1-4.jpg?fit=1100%2C680&ssl=1\" \/>\n\t<meta property=\"og:image:width\" content=\"1100\" \/>\n\t<meta property=\"og:image:height\" content=\"680\" \/>\n\t<meta property=\"og:image:type\" content=\"image\/jpeg\" \/>\n<meta name=\"author\" content=\"Web del Maestro CMF\" \/>\n<meta name=\"twitter:card\" content=\"summary_large_image\" \/>\n<meta name=\"twitter:creator\" content=\"@cmf_w\" \/>\n<meta name=\"twitter:site\" content=\"@cmf_w\" \/>\n<script type=\"application\/ld+json\" class=\"yoast-schema-graph\">{\"@context\":\"https:\\\/\\\/schema.org\",\"@graph\":[{\"@type\":\"ScholarlyArticle\",\"@id\":\"https:\\\/\\\/webdelmaestrocmf.com\\\/portal\\\/david-auris-pedagogia-del-desaprendizaje-en-tiempos-de-coronavirus\\\/#article\",\"isPartOf\":{\"@id\":\"https:\\\/\\\/webdelmaestrocmf.com\\\/portal\\\/david-auris-pedagogia-del-desaprendizaje-en-tiempos-de-coronavirus\\\/\"},\"author\":{\"name\":\"Web del Maestro CMF\",\"@id\":\"https:\\\/\\\/webdelmaestrocmf.com\\\/portal\\\/#\\\/schema\\\/person\\\/1072a2ed7bd960df8ef99a551fa35dc5\"},\"headline\":\"[David Auris] Pedagog\u00eda del desaprendizaje en tiempos de coronavirus\",\"datePublished\":\"2020-08-03T00:10:52+00:00\",\"mainEntityOfPage\":{\"@id\":\"https:\\\/\\\/webdelmaestrocmf.com\\\/portal\\\/david-auris-pedagogia-del-desaprendizaje-en-tiempos-de-coronavirus\\\/\"},\"wordCount\":942,\"commentCount\":0,\"publisher\":{\"@id\":\"https:\\\/\\\/webdelmaestrocmf.com\\\/portal\\\/#organization\"},\"image\":{\"@id\":\"https:\\\/\\\/webdelmaestrocmf.com\\\/portal\\\/david-auris-pedagogia-del-desaprendizaje-en-tiempos-de-coronavirus\\\/#primaryimage\"},\"thumbnailUrl\":\"https:\\\/\\\/webdelmaestrocmf.com\\\/portal\\\/wp-content\\\/uploads\\\/2020\\\/08\\\/1-4.jpg\",\"keywords\":[\"coronavirus\",\"David Auris\",\"desaprendizaje\",\"PEDAGOG\u00cdA\",\"tiempos\"],\"articleSection\":[\"Z-Colaborador-David-Auris\",\"Z-Colaboradores\"],\"inLanguage\":\"es\",\"potentialAction\":[{\"@type\":\"CommentAction\",\"name\":\"Comment\",\"target\":[\"https:\\\/\\\/webdelmaestrocmf.com\\\/portal\\\/david-auris-pedagogia-del-desaprendizaje-en-tiempos-de-coronavirus\\\/#respond\"]}]},{\"@type\":\"WebPage\",\"@id\":\"https:\\\/\\\/webdelmaestrocmf.com\\\/portal\\\/david-auris-pedagogia-del-desaprendizaje-en-tiempos-de-coronavirus\\\/\",\"url\":\"https:\\\/\\\/webdelmaestrocmf.com\\\/portal\\\/david-auris-pedagogia-del-desaprendizaje-en-tiempos-de-coronavirus\\\/\",\"name\":\"[David Auris] Pedagog\u00eda del desaprendizaje en tiempos de coronavirus - 2026\",\"isPartOf\":{\"@id\":\"https:\\\/\\\/webdelmaestrocmf.com\\\/portal\\\/#website\"},\"primaryImageOfPage\":{\"@id\":\"https:\\\/\\\/webdelmaestrocmf.com\\\/portal\\\/david-auris-pedagogia-del-desaprendizaje-en-tiempos-de-coronavirus\\\/#primaryimage\"},\"image\":{\"@id\":\"https:\\\/\\\/webdelmaestrocmf.com\\\/portal\\\/david-auris-pedagogia-del-desaprendizaje-en-tiempos-de-coronavirus\\\/#primaryimage\"},\"thumbnailUrl\":\"https:\\\/\\\/webdelmaestrocmf.com\\\/portal\\\/wp-content\\\/uploads\\\/2020\\\/08\\\/1-4.jpg\",\"datePublished\":\"2020-08-03T00:10:52+00:00\",\"description\":\"No solo eres t\u00fa, somos todos. Cobijado bajo la t\u00fanica de la esperanza que ma\u00f1ana las estrellas volver\u00e1n a brillar m\u00e1s intensamente, escribo...\",\"breadcrumb\":{\"@id\":\"https:\\\/\\\/webdelmaestrocmf.com\\\/portal\\\/david-auris-pedagogia-del-desaprendizaje-en-tiempos-de-coronavirus\\\/#breadcrumb\"},\"inLanguage\":\"es\",\"potentialAction\":[{\"@type\":\"ReadAction\",\"target\":[\"https:\\\/\\\/webdelmaestrocmf.com\\\/portal\\\/david-auris-pedagogia-del-desaprendizaje-en-tiempos-de-coronavirus\\\/\"]}]},{\"@type\":\"ImageObject\",\"inLanguage\":\"es\",\"@id\":\"https:\\\/\\\/webdelmaestrocmf.com\\\/portal\\\/david-auris-pedagogia-del-desaprendizaje-en-tiempos-de-coronavirus\\\/#primaryimage\",\"url\":\"https:\\\/\\\/webdelmaestrocmf.com\\\/portal\\\/wp-content\\\/uploads\\\/2020\\\/08\\\/1-4.jpg\",\"contentUrl\":\"https:\\\/\\\/webdelmaestrocmf.com\\\/portal\\\/wp-content\\\/uploads\\\/2020\\\/08\\\/1-4.jpg\",\"width\":1100,\"height\":680},{\"@type\":\"BreadcrumbList\",\"@id\":\"https:\\\/\\\/webdelmaestrocmf.com\\\/portal\\\/david-auris-pedagogia-del-desaprendizaje-en-tiempos-de-coronavirus\\\/#breadcrumb\",\"itemListElement\":[{\"@type\":\"ListItem\",\"position\":1,\"name\":\"Portada\",\"item\":\"https:\\\/\\\/webdelmaestrocmf.com\\\/portal\\\/\"},{\"@type\":\"ListItem\",\"position\":2,\"name\":\"Z-Colaboradores\",\"item\":\"https:\\\/\\\/webdelmaestrocmf.com\\\/portal\\\/category\\\/colaborador\\\/\"},{\"@type\":\"ListItem\",\"position\":3,\"name\":\"[David Auris] Pedagog\u00eda del desaprendizaje en tiempos de coronavirus\"}]},{\"@type\":\"WebSite\",\"@id\":\"https:\\\/\\\/webdelmaestrocmf.com\\\/portal\\\/#website\",\"url\":\"https:\\\/\\\/webdelmaestrocmf.com\\\/portal\\\/\",\"name\":\"Web del Maestro CMF\",\"description\":\"Maestros al servicio de la educaci\u00f3n\",\"publisher\":{\"@id\":\"https:\\\/\\\/webdelmaestrocmf.com\\\/portal\\\/#organization\"},\"alternateName\":\"WMCMF\",\"potentialAction\":[{\"@type\":\"SearchAction\",\"target\":{\"@type\":\"EntryPoint\",\"urlTemplate\":\"https:\\\/\\\/webdelmaestrocmf.com\\\/portal\\\/?s={search_term_string}\"},\"query-input\":{\"@type\":\"PropertyValueSpecification\",\"valueRequired\":true,\"valueName\":\"search_term_string\"}}],\"inLanguage\":\"es\"},{\"@type\":\"Organization\",\"@id\":\"https:\\\/\\\/webdelmaestrocmf.com\\\/portal\\\/#organization\",\"name\":\"Web del Maestro CMF\",\"alternateName\":\"WMCMF\",\"url\":\"https:\\\/\\\/webdelmaestrocmf.com\\\/portal\\\/\",\"logo\":{\"@type\":\"ImageObject\",\"inLanguage\":\"es\",\"@id\":\"https:\\\/\\\/webdelmaestrocmf.com\\\/portal\\\/#\\\/schema\\\/logo\\\/image\\\/\",\"url\":\"https:\\\/\\\/webdelmaestrocmf.com\\\/portal\\\/wp-content\\\/uploads\\\/2023\\\/01\\\/logo-wmcmf-2.png\",\"contentUrl\":\"https:\\\/\\\/webdelmaestrocmf.com\\\/portal\\\/wp-content\\\/uploads\\\/2023\\\/01\\\/logo-wmcmf-2.png\",\"width\":200,\"height\":60,\"caption\":\"Web del Maestro CMF\"},\"image\":{\"@id\":\"https:\\\/\\\/webdelmaestrocmf.com\\\/portal\\\/#\\\/schema\\\/logo\\\/image\\\/\"},\"sameAs\":[\"https:\\\/\\\/www.facebook.com\\\/WebdelMaestroCMF\\\/\",\"https:\\\/\\\/x.com\\\/cmf_w\",\"https:\\\/\\\/www.pinterest.com\\\/WMCMF\\\/\",\"https:\\\/\\\/www.linkedin.com\\\/company\\\/web-del-maestro-cmf\\\/\",\"https:\\\/\\\/www.instagram.com\\\/wmcmf\\\/\",\"https:\\\/\\\/www.youtube.com\\\/channel\\\/UCDPSvjbdodE5sHnC3OxutHw\",\"https:\\\/\\\/mastodon.social\\\/@wmcmf\",\"https:\\\/\\\/www.tiktok.com\\\/@webdelmaestrocmf\"]},{\"@type\":\"Person\",\"@id\":\"https:\\\/\\\/webdelmaestrocmf.com\\\/portal\\\/#\\\/schema\\\/person\\\/1072a2ed7bd960df8ef99a551fa35dc5\",\"name\":\"Web del Maestro CMF\",\"image\":{\"@type\":\"ImageObject\",\"inLanguage\":\"es\",\"@id\":\"https:\\\/\\\/secure.gravatar.com\\\/avatar\\\/23291dd5b5ae1077dcff3dbb04c3e02bd28403fa75af6d8787d5e97c5bbbe30b?s=96&d=mm&r=g\",\"url\":\"https:\\\/\\\/secure.gravatar.com\\\/avatar\\\/23291dd5b5ae1077dcff3dbb04c3e02bd28403fa75af6d8787d5e97c5bbbe30b?s=96&d=mm&r=g\",\"contentUrl\":\"https:\\\/\\\/secure.gravatar.com\\\/avatar\\\/23291dd5b5ae1077dcff3dbb04c3e02bd28403fa75af6d8787d5e97c5bbbe30b?s=96&d=mm&r=g\",\"caption\":\"Web del Maestro CMF\"},\"description\":\"Esta Web se cre\u00f3 sin fines de lucro, con fines educativos, cient\u00edficos y acad\u00e9micos, para personas que tengan dificultades y\\\/o inconvenientes en visualizar el material original. El objetivo es entregar recursos, compartir experiencias y materiales que ayuden a los padres de familia, maestros y estudiantes en su actualizaci\u00f3n y formaci\u00f3n permanente, en bien de la Educaci\u00f3n.\",\"sameAs\":[\"http:\\\/\\\/webdelmaestrocmf.com\\\/portal\",\"https:\\\/\\\/www.facebook.com\\\/WebdelMaestroCMF\\\/\",\"https:\\\/\\\/www.instagram.com\\\/wmcmf\\\/\",\"https:\\\/\\\/cl.linkedin.com\\\/company\\\/web-del-maestro-cmf\",\"https:\\\/\\\/www.pinterest.com\\\/WMCMF\\\/publicaciones\\\/\",\"https:\\\/\\\/x.com\\\/cmf_w\",\"https:\\\/\\\/www.youtube.com\\\/@WMCMF\"]}]}<\/script>\n<!-- \/ Yoast SEO plugin. -->","yoast_head_json":{"title":"[David Auris] Pedagog\u00eda del desaprendizaje en tiempos de coronavirus - 2026","description":"No solo eres t\u00fa, somos todos. Cobijado bajo la t\u00fanica de la esperanza que ma\u00f1ana las estrellas volver\u00e1n a brillar m\u00e1s intensamente, escribo...","robots":{"index":"index","follow":"follow","max-snippet":"max-snippet:-1","max-image-preview":"max-image-preview:large","max-video-preview":"max-video-preview:-1"},"canonical":"https:\/\/webdelmaestrocmf.com\/portal\/david-auris-pedagogia-del-desaprendizaje-en-tiempos-de-coronavirus\/","og_locale":"es_ES","og_type":"article","og_title":"[David Auris] Pedagog\u00eda del desaprendizaje en tiempos de coronavirus - 2026","og_description":"No solo eres t\u00fa, somos todos. Cobijado bajo la t\u00fanica de la esperanza que ma\u00f1ana las estrellas volver\u00e1n a brillar m\u00e1s intensamente, escribo...","og_url":"https:\/\/webdelmaestrocmf.com\/portal\/david-auris-pedagogia-del-desaprendizaje-en-tiempos-de-coronavirus\/","og_site_name":"Web del Maestro CMF","article_publisher":"https:\/\/www.facebook.com\/WebdelMaestroCMF\/","article_author":"https:\/\/www.facebook.com\/WebdelMaestroCMF\/","article_published_time":"2020-08-03T00:10:52+00:00","og_image":[{"width":1100,"height":680,"url":"https:\/\/i0.wp.com\/webdelmaestrocmf.com\/portal\/wp-content\/uploads\/2020\/08\/1-4.jpg?fit=1100%2C680&ssl=1","type":"image\/jpeg"}],"author":"Web del Maestro CMF","twitter_card":"summary_large_image","twitter_creator":"@cmf_w","twitter_site":"@cmf_w","schema":{"@context":"https:\/\/schema.org","@graph":[{"@type":"ScholarlyArticle","@id":"https:\/\/webdelmaestrocmf.com\/portal\/david-auris-pedagogia-del-desaprendizaje-en-tiempos-de-coronavirus\/#article","isPartOf":{"@id":"https:\/\/webdelmaestrocmf.com\/portal\/david-auris-pedagogia-del-desaprendizaje-en-tiempos-de-coronavirus\/"},"author":{"name":"Web del Maestro CMF","@id":"https:\/\/webdelmaestrocmf.com\/portal\/#\/schema\/person\/1072a2ed7bd960df8ef99a551fa35dc5"},"headline":"[David Auris] Pedagog\u00eda del desaprendizaje en tiempos de coronavirus","datePublished":"2020-08-03T00:10:52+00:00","mainEntityOfPage":{"@id":"https:\/\/webdelmaestrocmf.com\/portal\/david-auris-pedagogia-del-desaprendizaje-en-tiempos-de-coronavirus\/"},"wordCount":942,"commentCount":0,"publisher":{"@id":"https:\/\/webdelmaestrocmf.com\/portal\/#organization"},"image":{"@id":"https:\/\/webdelmaestrocmf.com\/portal\/david-auris-pedagogia-del-desaprendizaje-en-tiempos-de-coronavirus\/#primaryimage"},"thumbnailUrl":"https:\/\/webdelmaestrocmf.com\/portal\/wp-content\/uploads\/2020\/08\/1-4.jpg","keywords":["coronavirus","David Auris","desaprendizaje","PEDAGOG\u00cdA","tiempos"],"articleSection":["Z-Colaborador-David-Auris","Z-Colaboradores"],"inLanguage":"es","potentialAction":[{"@type":"CommentAction","name":"Comment","target":["https:\/\/webdelmaestrocmf.com\/portal\/david-auris-pedagogia-del-desaprendizaje-en-tiempos-de-coronavirus\/#respond"]}]},{"@type":"WebPage","@id":"https:\/\/webdelmaestrocmf.com\/portal\/david-auris-pedagogia-del-desaprendizaje-en-tiempos-de-coronavirus\/","url":"https:\/\/webdelmaestrocmf.com\/portal\/david-auris-pedagogia-del-desaprendizaje-en-tiempos-de-coronavirus\/","name":"[David Auris] Pedagog\u00eda del desaprendizaje en tiempos de coronavirus - 2026","isPartOf":{"@id":"https:\/\/webdelmaestrocmf.com\/portal\/#website"},"primaryImageOfPage":{"@id":"https:\/\/webdelmaestrocmf.com\/portal\/david-auris-pedagogia-del-desaprendizaje-en-tiempos-de-coronavirus\/#primaryimage"},"image":{"@id":"https:\/\/webdelmaestrocmf.com\/portal\/david-auris-pedagogia-del-desaprendizaje-en-tiempos-de-coronavirus\/#primaryimage"},"thumbnailUrl":"https:\/\/webdelmaestrocmf.com\/portal\/wp-content\/uploads\/2020\/08\/1-4.jpg","datePublished":"2020-08-03T00:10:52+00:00","description":"No solo eres t\u00fa, somos todos. Cobijado bajo la t\u00fanica de la esperanza que ma\u00f1ana las estrellas volver\u00e1n a brillar m\u00e1s intensamente, escribo...","breadcrumb":{"@id":"https:\/\/webdelmaestrocmf.com\/portal\/david-auris-pedagogia-del-desaprendizaje-en-tiempos-de-coronavirus\/#breadcrumb"},"inLanguage":"es","potentialAction":[{"@type":"ReadAction","target":["https:\/\/webdelmaestrocmf.com\/portal\/david-auris-pedagogia-del-desaprendizaje-en-tiempos-de-coronavirus\/"]}]},{"@type":"ImageObject","inLanguage":"es","@id":"https:\/\/webdelmaestrocmf.com\/portal\/david-auris-pedagogia-del-desaprendizaje-en-tiempos-de-coronavirus\/#primaryimage","url":"https:\/\/webdelmaestrocmf.com\/portal\/wp-content\/uploads\/2020\/08\/1-4.jpg","contentUrl":"https:\/\/webdelmaestrocmf.com\/portal\/wp-content\/uploads\/2020\/08\/1-4.jpg","width":1100,"height":680},{"@type":"BreadcrumbList","@id":"https:\/\/webdelmaestrocmf.com\/portal\/david-auris-pedagogia-del-desaprendizaje-en-tiempos-de-coronavirus\/#breadcrumb","itemListElement":[{"@type":"ListItem","position":1,"name":"Portada","item":"https:\/\/webdelmaestrocmf.com\/portal\/"},{"@type":"ListItem","position":2,"name":"Z-Colaboradores","item":"https:\/\/webdelmaestrocmf.com\/portal\/category\/colaborador\/"},{"@type":"ListItem","position":3,"name":"[David Auris] Pedagog\u00eda del desaprendizaje en tiempos de coronavirus"}]},{"@type":"WebSite","@id":"https:\/\/webdelmaestrocmf.com\/portal\/#website","url":"https:\/\/webdelmaestrocmf.com\/portal\/","name":"Web del Maestro CMF","description":"Maestros al servicio de la educaci\u00f3n","publisher":{"@id":"https:\/\/webdelmaestrocmf.com\/portal\/#organization"},"alternateName":"WMCMF","potentialAction":[{"@type":"SearchAction","target":{"@type":"EntryPoint","urlTemplate":"https:\/\/webdelmaestrocmf.com\/portal\/?s={search_term_string}"},"query-input":{"@type":"PropertyValueSpecification","valueRequired":true,"valueName":"search_term_string"}}],"inLanguage":"es"},{"@type":"Organization","@id":"https:\/\/webdelmaestrocmf.com\/portal\/#organization","name":"Web del Maestro CMF","alternateName":"WMCMF","url":"https:\/\/webdelmaestrocmf.com\/portal\/","logo":{"@type":"ImageObject","inLanguage":"es","@id":"https:\/\/webdelmaestrocmf.com\/portal\/#\/schema\/logo\/image\/","url":"https:\/\/webdelmaestrocmf.com\/portal\/wp-content\/uploads\/2023\/01\/logo-wmcmf-2.png","contentUrl":"https:\/\/webdelmaestrocmf.com\/portal\/wp-content\/uploads\/2023\/01\/logo-wmcmf-2.png","width":200,"height":60,"caption":"Web del Maestro CMF"},"image":{"@id":"https:\/\/webdelmaestrocmf.com\/portal\/#\/schema\/logo\/image\/"},"sameAs":["https:\/\/www.facebook.com\/WebdelMaestroCMF\/","https:\/\/x.com\/cmf_w","https:\/\/www.pinterest.com\/WMCMF\/","https:\/\/www.linkedin.com\/company\/web-del-maestro-cmf\/","https:\/\/www.instagram.com\/wmcmf\/","https:\/\/www.youtube.com\/channel\/UCDPSvjbdodE5sHnC3OxutHw","https:\/\/mastodon.social\/@wmcmf","https:\/\/www.tiktok.com\/@webdelmaestrocmf"]},{"@type":"Person","@id":"https:\/\/webdelmaestrocmf.com\/portal\/#\/schema\/person\/1072a2ed7bd960df8ef99a551fa35dc5","name":"Web del Maestro CMF","image":{"@type":"ImageObject","inLanguage":"es","@id":"https:\/\/secure.gravatar.com\/avatar\/23291dd5b5ae1077dcff3dbb04c3e02bd28403fa75af6d8787d5e97c5bbbe30b?s=96&d=mm&r=g","url":"https:\/\/secure.gravatar.com\/avatar\/23291dd5b5ae1077dcff3dbb04c3e02bd28403fa75af6d8787d5e97c5bbbe30b?s=96&d=mm&r=g","contentUrl":"https:\/\/secure.gravatar.com\/avatar\/23291dd5b5ae1077dcff3dbb04c3e02bd28403fa75af6d8787d5e97c5bbbe30b?s=96&d=mm&r=g","caption":"Web del Maestro CMF"},"description":"Esta Web se cre\u00f3 sin fines de lucro, con fines educativos, cient\u00edficos y acad\u00e9micos, para personas que tengan dificultades y\/o inconvenientes en visualizar el material original. El objetivo es entregar recursos, compartir experiencias y materiales que ayuden a los padres de familia, maestros y estudiantes en su actualizaci\u00f3n y formaci\u00f3n permanente, en bien de la Educaci\u00f3n.","sameAs":["http:\/\/webdelmaestrocmf.com\/portal","https:\/\/www.facebook.com\/WebdelMaestroCMF\/","https:\/\/www.instagram.com\/wmcmf\/","https:\/\/cl.linkedin.com\/company\/web-del-maestro-cmf","https:\/\/www.pinterest.com\/WMCMF\/publicaciones\/","https:\/\/x.com\/cmf_w","https:\/\/www.youtube.com\/@WMCMF"]}]}},"jetpack_featured_media_url":"https:\/\/webdelmaestrocmf.com\/portal\/wp-content\/uploads\/2020\/08\/1-4.jpg","jetpack_sharing_enabled":true,"jetpack-related-posts":[{"id":54889,"url":"https:\/\/webdelmaestrocmf.com\/portal\/david-auris-pedagogia-china-y-colonizacion-mundial\/","url_meta":{"origin":49663,"position":0},"title":"[David Auris] Pedagog\u00eda China y colonizaci\u00f3n mundial","author":"Web del Maestro CMF","date":"20 noviembre, 2020","format":false,"excerpt":"Desde mi refugio, observo espantado a un EE. UU. desangr\u00e1ndose, v\u00edctima del COVID-19 y a una vieja Europa batallando ferozmente. Am\u00e9rica Latina, parte de Asia y \u00c1frica suplican un milagro mesi\u00e1nico debido a su extraordinaria dependencia tecnol\u00f3gica. La China milenaria de Confucio, superada esta pandemia, apela a su pedagog\u00eda productiva\u2026","rel":"","context":"En \u00abZ-Colaborador-David-Auris\u00bb","block_context":{"text":"Z-Colaborador-David-Auris","link":"https:\/\/webdelmaestrocmf.com\/portal\/category\/colaborador\/z-colaborador-david-auris\/"},"img":{"alt_text":"","src":"https:\/\/i0.wp.com\/webdelmaestrocmf.com\/portal\/wp-content\/uploads\/2020\/11\/1-copia-57.jpg?resize=350%2C200&ssl=1","width":350,"height":200,"srcset":"https:\/\/i0.wp.com\/webdelmaestrocmf.com\/portal\/wp-content\/uploads\/2020\/11\/1-copia-57.jpg?resize=350%2C200&ssl=1 1x, https:\/\/i0.wp.com\/webdelmaestrocmf.com\/portal\/wp-content\/uploads\/2020\/11\/1-copia-57.jpg?resize=525%2C300&ssl=1 1.5x, https:\/\/i0.wp.com\/webdelmaestrocmf.com\/portal\/wp-content\/uploads\/2020\/11\/1-copia-57.jpg?resize=700%2C400&ssl=1 2x, https:\/\/i0.wp.com\/webdelmaestrocmf.com\/portal\/wp-content\/uploads\/2020\/11\/1-copia-57.jpg?resize=1050%2C600&ssl=1 3x"},"classes":[]},{"id":107291,"url":"https:\/\/webdelmaestrocmf.com\/portal\/david-auris-pedagogia-de-la-navidad-antesala-inspiradora-al-2025\/","url_meta":{"origin":49663,"position":1},"title":"[David Auris] Pedagog\u00eda de la Navidad: antesala inspiradora al 2025","author":"Web del Maestro CMF","date":"29 diciembre, 2024","format":false,"excerpt":"La Navidad en un hermoso pretexto de solidaridad, perd\u00f3n y autorreflexi\u00f3n, pilares fundamentales de toda familia. El valor del amor y la alegr\u00eda de compartir de manera colaborativa, es clave cultivarlas en las escuelas con el objetivo de formar ni\u00f1os y sociedades m\u00e1s fraternas. Esta pedagog\u00eda navide\u00f1a es una decorada\u2026","rel":"","context":"En \u00abZ-Colaborador-David-Auris\u00bb","block_context":{"text":"Z-Colaborador-David-Auris","link":"https:\/\/webdelmaestrocmf.com\/portal\/category\/colaborador\/z-colaborador-david-auris\/"},"img":{"alt_text":"","src":"https:\/\/i0.wp.com\/webdelmaestrocmf.com\/portal\/wp-content\/uploads\/2024\/12\/Banner-1-portada-imagen-10-1-49.jpg?resize=350%2C200&ssl=1","width":350,"height":200,"srcset":"https:\/\/i0.wp.com\/webdelmaestrocmf.com\/portal\/wp-content\/uploads\/2024\/12\/Banner-1-portada-imagen-10-1-49.jpg?resize=350%2C200&ssl=1 1x, https:\/\/i0.wp.com\/webdelmaestrocmf.com\/portal\/wp-content\/uploads\/2024\/12\/Banner-1-portada-imagen-10-1-49.jpg?resize=525%2C300&ssl=1 1.5x, https:\/\/i0.wp.com\/webdelmaestrocmf.com\/portal\/wp-content\/uploads\/2024\/12\/Banner-1-portada-imagen-10-1-49.jpg?resize=700%2C400&ssl=1 2x"},"classes":[]},{"id":53203,"url":"https:\/\/webdelmaestrocmf.com\/portal\/david-auris-educacion-ciudadana-ante-el-covid-19\/","url_meta":{"origin":49663,"position":2},"title":"[David Auris] Educaci\u00f3n ciudadana ante el Covid-19","author":"Web del Maestro CMF","date":"21 octubre, 2020","format":false,"excerpt":"Vivimos tiempos extra\u00f1os que nos lo recuerda J\u00fcrgen Habermas, \u201cnunca hab\u00edamos sabido tanto de nuestra ignorancia\u201d. Estamos asumiendo nuevas actitudes y desaf\u00edos como la cuarentena rompiendo nuestro h\u00e1bito gregario, ante un enemigo invisible que, sino practicamos la educaci\u00f3n ciudadana positiva, este virus har\u00e1 a\u00f1icos a pa\u00edses pobres como Per\u00fa con\u2026","rel":"","context":"En \u00abZ-Colaborador-David-Auris\u00bb","block_context":{"text":"Z-Colaborador-David-Auris","link":"https:\/\/webdelmaestrocmf.com\/portal\/category\/colaborador\/z-colaborador-david-auris\/"},"img":{"alt_text":"","src":"https:\/\/i0.wp.com\/webdelmaestrocmf.com\/portal\/wp-content\/uploads\/2020\/10\/1-92.jpg?resize=350%2C200&ssl=1","width":350,"height":200,"srcset":"https:\/\/i0.wp.com\/webdelmaestrocmf.com\/portal\/wp-content\/uploads\/2020\/10\/1-92.jpg?resize=350%2C200&ssl=1 1x, https:\/\/i0.wp.com\/webdelmaestrocmf.com\/portal\/wp-content\/uploads\/2020\/10\/1-92.jpg?resize=525%2C300&ssl=1 1.5x, https:\/\/i0.wp.com\/webdelmaestrocmf.com\/portal\/wp-content\/uploads\/2020\/10\/1-92.jpg?resize=700%2C400&ssl=1 2x, https:\/\/i0.wp.com\/webdelmaestrocmf.com\/portal\/wp-content\/uploads\/2020\/10\/1-92.jpg?resize=1050%2C600&ssl=1 3x"},"classes":[]},{"id":76775,"url":"https:\/\/webdelmaestrocmf.com\/portal\/david-auris-pedagogia-de-los-martires-de-chicago-y-dia-del-trabajo\/","url_meta":{"origin":49663,"position":3},"title":"[David Auris] Pedagog\u00eda de los m\u00e1rtires de Chicago y D\u00eda del trabajo","author":"Web del Maestro CMF","date":"2 mayo, 2022","format":false,"excerpt":"Los trabajadores, somos el alma del desarrollo y progreso humano. Con nuestra labor encendemos la pedagog\u00eda de la dignidad. Hoy d\u00eda, recordamos a los m\u00e1rtires de Chicago, quienes, con su sacrificio nos regal\u00f3 una lecci\u00f3n pedag\u00f3gica por un mundo m\u00e1s equitativo y tolerante, al defender esta m\u00e1xima, \u201cocho horas para\u2026","rel":"","context":"En \u00abZ-Colaborador-David-Auris\u00bb","block_context":{"text":"Z-Colaborador-David-Auris","link":"https:\/\/webdelmaestrocmf.com\/portal\/category\/colaborador\/z-colaborador-david-auris\/"},"img":{"alt_text":"","src":"https:\/\/i0.wp.com\/webdelmaestrocmf.com\/portal\/wp-content\/uploads\/2022\/05\/1a-DESKTOP-DLIPULV-2.jpg?resize=350%2C200&ssl=1","width":350,"height":200,"srcset":"https:\/\/i0.wp.com\/webdelmaestrocmf.com\/portal\/wp-content\/uploads\/2022\/05\/1a-DESKTOP-DLIPULV-2.jpg?resize=350%2C200&ssl=1 1x, https:\/\/i0.wp.com\/webdelmaestrocmf.com\/portal\/wp-content\/uploads\/2022\/05\/1a-DESKTOP-DLIPULV-2.jpg?resize=525%2C300&ssl=1 1.5x, https:\/\/i0.wp.com\/webdelmaestrocmf.com\/portal\/wp-content\/uploads\/2022\/05\/1a-DESKTOP-DLIPULV-2.jpg?resize=700%2C400&ssl=1 2x, https:\/\/i0.wp.com\/webdelmaestrocmf.com\/portal\/wp-content\/uploads\/2022\/05\/1a-DESKTOP-DLIPULV-2.jpg?resize=1050%2C600&ssl=1 3x"},"classes":[]},{"id":101368,"url":"https:\/\/webdelmaestrocmf.com\/portal\/david-auris-poderosa-pedagogia-de-los-perversos-funcionarios-y-politicos-peruanos\/","url_meta":{"origin":49663,"position":4},"title":"[David Auris] Poderosa pedagog\u00eda de los perversos funcionarios y pol\u00edticos peruanos","author":"Web del Maestro CMF","date":"3 diciembre, 2023","format":false,"excerpt":"Algo compungido y pesimista, escribo este art\u00edculo, a pesar de mi fe en la humanidad. Es com\u00fan que las instituciones educativas eduquen al ser humano, sin embargo, la educaci\u00f3n m\u00e1s poderosa proviene de los malos funcionarios y pol\u00edticos de cualquier pa\u00eds. Con sus perversas acciones y torpes ejemplos que son\u2026","rel":"","context":"En \u00abZ-Colaborador-David-Auris\u00bb","block_context":{"text":"Z-Colaborador-David-Auris","link":"https:\/\/webdelmaestrocmf.com\/portal\/category\/colaborador\/z-colaborador-david-auris\/"},"img":{"alt_text":"","src":"https:\/\/i0.wp.com\/webdelmaestrocmf.com\/portal\/wp-content\/uploads\/2023\/12\/A12B3C4D-3.jpg?resize=350%2C200&ssl=1","width":350,"height":200,"srcset":"https:\/\/i0.wp.com\/webdelmaestrocmf.com\/portal\/wp-content\/uploads\/2023\/12\/A12B3C4D-3.jpg?resize=350%2C200&ssl=1 1x, https:\/\/i0.wp.com\/webdelmaestrocmf.com\/portal\/wp-content\/uploads\/2023\/12\/A12B3C4D-3.jpg?resize=525%2C300&ssl=1 1.5x, https:\/\/i0.wp.com\/webdelmaestrocmf.com\/portal\/wp-content\/uploads\/2023\/12\/A12B3C4D-3.jpg?resize=700%2C400&ssl=1 2x"},"classes":[]},{"id":104070,"url":"https:\/\/webdelmaestrocmf.com\/portal\/david-auris-pedagogia-del-ocio-y-desarrollo-personal\/","url_meta":{"origin":49663,"position":5},"title":"[David Auris] Pedagog\u00eda del ocio y desarrollo personal","author":"Web del Maestro CMF","date":"19 febrero, 2024","format":false,"excerpt":"Ahora que los estudiantes de la educaci\u00f3n b\u00e1sica peruana, est\u00e1n disfrutando de sus vacaciones, es fundamental establecer al descanso productivo como la pedagog\u00eda del ocio para el logro del desarrollo personal. Aprovechar este espacio libre, explorando nuevas experiencias de cursos en l\u00ednea o participando en actividades presenciales, contribuye significativamente a\u2026","rel":"","context":"En \u00abZ-Colaborador-David-Auris\u00bb","block_context":{"text":"Z-Colaborador-David-Auris","link":"https:\/\/webdelmaestrocmf.com\/portal\/category\/colaborador\/z-colaborador-david-auris\/"},"img":{"alt_text":"","src":"https:\/\/i0.wp.com\/webdelmaestrocmf.com\/portal\/wp-content\/uploads\/2024\/02\/Banner-1-portada-imagen-10-1-18-1.jpg?resize=350%2C200&ssl=1","width":350,"height":200,"srcset":"https:\/\/i0.wp.com\/webdelmaestrocmf.com\/portal\/wp-content\/uploads\/2024\/02\/Banner-1-portada-imagen-10-1-18-1.jpg?resize=350%2C200&ssl=1 1x, https:\/\/i0.wp.com\/webdelmaestrocmf.com\/portal\/wp-content\/uploads\/2024\/02\/Banner-1-portada-imagen-10-1-18-1.jpg?resize=525%2C300&ssl=1 1.5x, https:\/\/i0.wp.com\/webdelmaestrocmf.com\/portal\/wp-content\/uploads\/2024\/02\/Banner-1-portada-imagen-10-1-18-1.jpg?resize=700%2C400&ssl=1 2x"},"classes":[]}],"_links":{"self":[{"href":"https:\/\/webdelmaestrocmf.com\/portal\/wp-json\/wp\/v2\/posts\/49663","targetHints":{"allow":["GET"]}}],"collection":[{"href":"https:\/\/webdelmaestrocmf.com\/portal\/wp-json\/wp\/v2\/posts"}],"about":[{"href":"https:\/\/webdelmaestrocmf.com\/portal\/wp-json\/wp\/v2\/types\/post"}],"author":[{"embeddable":true,"href":"https:\/\/webdelmaestrocmf.com\/portal\/wp-json\/wp\/v2\/users\/1"}],"replies":[{"embeddable":true,"href":"https:\/\/webdelmaestrocmf.com\/portal\/wp-json\/wp\/v2\/comments?post=49663"}],"version-history":[{"count":0,"href":"https:\/\/webdelmaestrocmf.com\/portal\/wp-json\/wp\/v2\/posts\/49663\/revisions"}],"wp:featuredmedia":[{"embeddable":true,"href":"https:\/\/webdelmaestrocmf.com\/portal\/wp-json\/wp\/v2\/media\/49664"}],"wp:attachment":[{"href":"https:\/\/webdelmaestrocmf.com\/portal\/wp-json\/wp\/v2\/media?parent=49663"}],"wp:term":[{"taxonomy":"category","embeddable":true,"href":"https:\/\/webdelmaestrocmf.com\/portal\/wp-json\/wp\/v2\/categories?post=49663"},{"taxonomy":"post_tag","embeddable":true,"href":"https:\/\/webdelmaestrocmf.com\/portal\/wp-json\/wp\/v2\/tags?post=49663"}],"curies":[{"name":"wp","href":"https:\/\/api.w.org\/{rel}","templated":true}]}}