{"id":49473,"date":"2020-07-27T15:24:43","date_gmt":"2020-07-27T19:24:43","guid":{"rendered":"https:\/\/webdelmaestrocmf.com\/portal\/?p=49473"},"modified":"2020-10-19T17:34:10","modified_gmt":"2020-10-19T20:34:10","slug":"como-integrar-zoom-clases-virtuales-con-google-calendar","status":"publish","type":"post","link":"https:\/\/webdelmaestrocmf.com\/portal\/como-integrar-zoom-clases-virtuales-con-google-calendar\/","title":{"rendered":"C\u00f3mo integrar Zoom (clases virtuales) con Google Calendar"},"content":{"rendered":"<h5 style=\"text-align: justify;\"><span class=\"wysiwyg-font-size-medium\">Cuando un recurso de calendario se integra con una Zoom Room, la pantalla de TV, el controlador y la pantalla de programaci\u00f3n de la sala muestran las reuniones programadas para la sala. Los miembros de su organizaci\u00f3n pueden programar una reuni\u00f3n en una Zoom Room invitando a la sala a la reuni\u00f3n. Las salas de conferencias se asignan como recurso de calendario a trav\u00e9s de un servicio de calendario. Al autorizar a Zoom para que tenga acceso a los recursos de calendario, los usuarios pueden iniciar y unirse a reuniones en la sala usando un solo toque.<\/span><\/h5>\n<p><!--more--><\/p>\n<p style=\"text-align: justify;\"><span class=\"wysiwyg-font-size-medium\">Antes de que pueda agregar y autorizar un servicio de calendario para Zoom Rooms, un administrador de Google debe hacer lo siguiente:<\/span><\/p>\n<p><img loading=\"lazy\" decoding=\"async\" class=\"alignnone size-full wp-image-50740\" src=\"https:\/\/webdelmaestrocmf.com\/portal\/wp-content\/uploads\/2020\/07\/1-109.jpg\" alt=\"\" width=\"1280\" height=\"720\" srcset=\"https:\/\/webdelmaestrocmf.com\/portal\/wp-content\/uploads\/2020\/07\/1-109.jpg 1280w, https:\/\/webdelmaestrocmf.com\/portal\/wp-content\/uploads\/2020\/07\/1-109-300x169.jpg 300w, https:\/\/webdelmaestrocmf.com\/portal\/wp-content\/uploads\/2020\/07\/1-109-1024x576.jpg 1024w, https:\/\/webdelmaestrocmf.com\/portal\/wp-content\/uploads\/2020\/07\/1-109-768x432.jpg 768w, https:\/\/webdelmaestrocmf.com\/portal\/wp-content\/uploads\/2020\/07\/1-109-110x62.jpg 110w, https:\/\/webdelmaestrocmf.com\/portal\/wp-content\/uploads\/2020\/07\/1-109-200x113.jpg 200w, https:\/\/webdelmaestrocmf.com\/portal\/wp-content\/uploads\/2020\/07\/1-109-380x214.jpg 380w, https:\/\/webdelmaestrocmf.com\/portal\/wp-content\/uploads\/2020\/07\/1-109-255x143.jpg 255w, https:\/\/webdelmaestrocmf.com\/portal\/wp-content\/uploads\/2020\/07\/1-109-550x309.jpg 550w, https:\/\/webdelmaestrocmf.com\/portal\/wp-content\/uploads\/2020\/07\/1-109-800x450.jpg 800w, https:\/\/webdelmaestrocmf.com\/portal\/wp-content\/uploads\/2020\/07\/1-109-1160x653.jpg 1160w, https:\/\/webdelmaestrocmf.com\/portal\/wp-content\/uploads\/2020\/07\/1-109-220x124.jpg 220w, https:\/\/webdelmaestrocmf.com\/portal\/wp-content\/uploads\/2020\/07\/1-109-400x225.jpg 400w, https:\/\/webdelmaestrocmf.com\/portal\/wp-content\/uploads\/2020\/07\/1-109-760x428.jpg 760w, https:\/\/webdelmaestrocmf.com\/portal\/wp-content\/uploads\/2020\/07\/1-109-510x287.jpg 510w, https:\/\/webdelmaestrocmf.com\/portal\/wp-content\/uploads\/2020\/07\/1-109-600x338.jpg 600w, https:\/\/webdelmaestrocmf.com\/portal\/wp-content\/uploads\/2020\/07\/1-109-1100x619.jpg 1100w\" sizes=\"auto, (max-width: 1280px) 100vw, 1280px\" \/><\/p>\n<ul style=\"text-align: justify;\">\n<li><span class=\"wysiwyg-font-size-medium\">Crear un usuario exclusivo en Google que pueda administrar calendarios<\/span><\/li>\n<li><span class=\"wysiwyg-font-size-medium\">Crear o ubicar un recurso de calendario que se usar\u00e1 para cada Zoom Room<\/span><\/li>\n<li><span class=\"wysiwyg-font-size-medium\">Habilitar al usuario exclusivo para que tenga acceso total a cada recurso de calendario<\/span><\/li>\n<\/ul>\n<p><iframe loading=\"lazy\" src=\"https:\/\/www.youtube.com\/embed\/1-Vn3ay99aQ\" width=\"100%\" height=\"400\" frameborder=\"0\" allowfullscreen=\"allowfullscreen\"><span data-mce-type=\"bookmark\" style=\"display: inline-block; width: 0px; overflow: hidden; line-height: 0;\" class=\"mce_SELRES_start\">\ufeff<\/span><\/iframe><\/p>\n<h5 style=\"text-align: justify;\"><span class=\"wysiwyg-font-size-large\"><strong>Requisitos previos<\/strong><\/span><\/h5>\n<ul style=\"text-align: justify;\">\n<li><span class=\"wysiwyg-font-size-medium\">Acceso de administrador a su cuenta de Google<\/span><\/li>\n<\/ul>\n<h5 style=\"text-align: justify;\"><span class=\"wysiwyg-font-size-large\"><strong><img loading=\"lazy\" decoding=\"async\" class=\"alignnone wp-image-49488 size-full\" src=\"https:\/\/webdelmaestrocmf.com\/portal\/wp-content\/uploads\/2020\/07\/1-90.jpg\" alt=\"\" width=\"894\" height=\"645\" srcset=\"https:\/\/webdelmaestrocmf.com\/portal\/wp-content\/uploads\/2020\/07\/1-90.jpg 894w, https:\/\/webdelmaestrocmf.com\/portal\/wp-content\/uploads\/2020\/07\/1-90-300x216.jpg 300w, https:\/\/webdelmaestrocmf.com\/portal\/wp-content\/uploads\/2020\/07\/1-90-768x554.jpg 768w, https:\/\/webdelmaestrocmf.com\/portal\/wp-content\/uploads\/2020\/07\/1-90-110x79.jpg 110w, https:\/\/webdelmaestrocmf.com\/portal\/wp-content\/uploads\/2020\/07\/1-90-200x144.jpg 200w, https:\/\/webdelmaestrocmf.com\/portal\/wp-content\/uploads\/2020\/07\/1-90-380x274.jpg 380w, https:\/\/webdelmaestrocmf.com\/portal\/wp-content\/uploads\/2020\/07\/1-90-255x184.jpg 255w, https:\/\/webdelmaestrocmf.com\/portal\/wp-content\/uploads\/2020\/07\/1-90-550x397.jpg 550w, https:\/\/webdelmaestrocmf.com\/portal\/wp-content\/uploads\/2020\/07\/1-90-800x577.jpg 800w\" sizes=\"auto, (max-width: 894px) 100vw, 894px\" \/><\/strong><\/span><\/h5>\n<h5 style=\"text-align: justify;\"><span class=\"wysiwyg-font-size-large\"><strong>Instrucciones<\/strong><\/span><\/h5>\n<p style=\"text-align: justify;\"><span class=\"wysiwyg-font-size-medium\">Para preparar los calendarios de Google para integraci\u00f3n con Zoom Rooms:<\/span><\/p>\n<ol style=\"text-align: justify;\">\n<li><span class=\"wysiwyg-font-size-medium\">Inicie sesi\u00f3n en su cuenta de Google como administrador.<\/span><\/li>\n<li><span class=\"wysiwyg-font-size-medium\">Cree un usuario exclusivo que pueda administrar recursos de calendarios.<br \/>\nConsulte el art\u00edculo de soporte de Google\u00a0<a href=\"https:\/\/support.google.com\/a\/answer\/33310?hl=en\" target=\"_blank\" rel=\"noopener noreferrer\">Agregar usuarios individualmente<\/a>\u00a0para conocer las instrucciones sobre c\u00f3mo agregar a este usuario.<\/span><\/li>\n<li><span class=\"wysiwyg-font-size-medium\">Cree o ubique un recurso de calendario para cada Zoom Room.<br \/>\nConsulte el art\u00edculo de soporte de Google\u00a0<a href=\"https:\/\/support.google.com\/a\/answer\/1033925\" target=\"_blank\" rel=\"noopener noreferrer\">Agregar un recurso de calendario<\/a>\u00a0para obtener las instrucciones.<\/span><\/li>\n<li><span class=\"wysiwyg-font-size-medium\">Abra la aplicaci\u00f3n de Calendario.<br \/>\nAseg\u00farese de que pueda ver el recurso de calendario para cada sala en Mis calendarios.<\/span><\/li>\n<li><span class=\"wysiwyg-font-size-medium\">Navegue hasta un recurso de calendario para una Zoom Room, luego haga clic en la flecha a la derecha del nombre y elija\u00a0<strong>Compartir este Calendario<\/strong>.<\/span><img loading=\"lazy\" decoding=\"async\" class=\"alignnone wp-image-49477 size-full\" src=\"https:\/\/webdelmaestrocmf.com\/portal\/wp-content\/uploads\/2020\/07\/1c\u0327.png\" alt=\"\" width=\"470\" height=\"690\" srcset=\"https:\/\/webdelmaestrocmf.com\/portal\/wp-content\/uploads\/2020\/07\/1c\u0327.png 470w, https:\/\/webdelmaestrocmf.com\/portal\/wp-content\/uploads\/2020\/07\/1c\u0327-204x300.png 204w, https:\/\/webdelmaestrocmf.com\/portal\/wp-content\/uploads\/2020\/07\/1c\u0327-110x161.png 110w, https:\/\/webdelmaestrocmf.com\/portal\/wp-content\/uploads\/2020\/07\/1c\u0327-200x294.png 200w, https:\/\/webdelmaestrocmf.com\/portal\/wp-content\/uploads\/2020\/07\/1c\u0327-380x558.png 380w, https:\/\/webdelmaestrocmf.com\/portal\/wp-content\/uploads\/2020\/07\/1c\u0327-255x374.png 255w, https:\/\/webdelmaestrocmf.com\/portal\/wp-content\/uploads\/2020\/07\/1c\u0327-300x440.png 300w\" sizes=\"auto, (max-width: 470px) 100vw, 470px\" \/><\/li>\n<li><span class=\"wysiwyg-font-size-medium\">Use la p\u00e1gina\u00a0<strong>Detalles<\/strong>\u00a0para compartir el calendario:<\/span>\n<ol>\n<li><span class=\"wysiwyg-font-size-medium\">En la secci\u00f3n\u00a0<strong>Compartir con personas espec\u00edficas<\/strong>\u00a0de esta p\u00e1gina, escriba la direcci\u00f3n de correo electr\u00f3nico del usuario exclusivo que puede administrar los recursos de calendario.<\/span><\/li>\n<li><span class=\"wysiwyg-font-size-medium\">Elija\u00a0<strong>Hacer cambios Y administrar uso compartido<\/strong>\u00a0desde el men\u00fa Configuraci\u00f3n de permisos.<\/span><\/li>\n<li><span class=\"wysiwyg-font-size-medium\"><span class=\"wysiwyg-font-size-medium\">Haga clic en\u00a0<strong>Guardar<\/strong>.<\/span><\/span><img loading=\"lazy\" decoding=\"async\" class=\"alignnone wp-image-49478 size-full\" src=\"https:\/\/webdelmaestrocmf.com\/portal\/wp-content\/uploads\/2020\/07\/1-43.png\" alt=\"\" width=\"942\" height=\"340\" srcset=\"https:\/\/webdelmaestrocmf.com\/portal\/wp-content\/uploads\/2020\/07\/1-43.png 942w, https:\/\/webdelmaestrocmf.com\/portal\/wp-content\/uploads\/2020\/07\/1-43-300x108.png 300w, https:\/\/webdelmaestrocmf.com\/portal\/wp-content\/uploads\/2020\/07\/1-43-768x277.png 768w, https:\/\/webdelmaestrocmf.com\/portal\/wp-content\/uploads\/2020\/07\/1-43-110x40.png 110w, https:\/\/webdelmaestrocmf.com\/portal\/wp-content\/uploads\/2020\/07\/1-43-200x72.png 200w, https:\/\/webdelmaestrocmf.com\/portal\/wp-content\/uploads\/2020\/07\/1-43-380x137.png 380w, https:\/\/webdelmaestrocmf.com\/portal\/wp-content\/uploads\/2020\/07\/1-43-255x92.png 255w, https:\/\/webdelmaestrocmf.com\/portal\/wp-content\/uploads\/2020\/07\/1-43-550x199.png 550w, https:\/\/webdelmaestrocmf.com\/portal\/wp-content\/uploads\/2020\/07\/1-43-800x289.png 800w\" sizes=\"auto, (max-width: 942px) 100vw, 942px\" \/><\/li>\n<\/ol>\n<\/li>\n<li>Repita los pasos 5-6 para cada calendario.<\/li>\n<li>Inicie sesi\u00f3n en su cuenta de Google como el usuario exclusivo que puede administrar recursos de calendarios y abra la aplicaci\u00f3n de Calendario.<\/li>\n<li><span class=\"wysiwyg-font-size-medium\">Suscr\u00edbase a todos los recursos de calendario disponibles para Zoom Rooms:<\/span>\n<ol>\n<li><span class=\"wysiwyg-font-size-medium\">Haga clic en\u00a0<strong>Otros calendarios &gt; Buscar calendarios interesantes<\/strong>.<\/span><\/li>\n<li>Haga clic en\u00a0<strong>M\u00e1s<\/strong>\u00a0y luego haga clic en\u00a0<strong>Recursos para &lt;<\/strong><strong><em>su_organizaci\u00f3n<\/em><\/strong><strong>&gt;<\/strong>.<img loading=\"lazy\" decoding=\"async\" class=\"alignnone wp-image-49479 size-full\" src=\"https:\/\/webdelmaestrocmf.com\/portal\/wp-content\/uploads\/2020\/07\/1-44.png\" alt=\"\" width=\"934\" height=\"265\" srcset=\"https:\/\/webdelmaestrocmf.com\/portal\/wp-content\/uploads\/2020\/07\/1-44.png 934w, https:\/\/webdelmaestrocmf.com\/portal\/wp-content\/uploads\/2020\/07\/1-44-300x85.png 300w, https:\/\/webdelmaestrocmf.com\/portal\/wp-content\/uploads\/2020\/07\/1-44-768x218.png 768w, https:\/\/webdelmaestrocmf.com\/portal\/wp-content\/uploads\/2020\/07\/1-44-110x31.png 110w, https:\/\/webdelmaestrocmf.com\/portal\/wp-content\/uploads\/2020\/07\/1-44-200x57.png 200w, https:\/\/webdelmaestrocmf.com\/portal\/wp-content\/uploads\/2020\/07\/1-44-380x108.png 380w, https:\/\/webdelmaestrocmf.com\/portal\/wp-content\/uploads\/2020\/07\/1-44-255x72.png 255w, https:\/\/webdelmaestrocmf.com\/portal\/wp-content\/uploads\/2020\/07\/1-44-550x156.png 550w, https:\/\/webdelmaestrocmf.com\/portal\/wp-content\/uploads\/2020\/07\/1-44-800x227.png 800w\" sizes=\"auto, (max-width: 934px) 100vw, 934px\" \/><\/li>\n<li>Haga clic en\u00a0<strong>Suscribir<\/strong>\u00a0en la fila para cada una de las salas.<img loading=\"lazy\" decoding=\"async\" class=\"alignnone wp-image-49480 size-full\" src=\"https:\/\/webdelmaestrocmf.com\/portal\/wp-content\/uploads\/2020\/07\/Screen2_SubscribeToCalendarResource.png\" alt=\"\" width=\"923\" height=\"229\" srcset=\"https:\/\/webdelmaestrocmf.com\/portal\/wp-content\/uploads\/2020\/07\/Screen2_SubscribeToCalendarResource.png 923w, https:\/\/webdelmaestrocmf.com\/portal\/wp-content\/uploads\/2020\/07\/Screen2_SubscribeToCalendarResource-300x74.png 300w, https:\/\/webdelmaestrocmf.com\/portal\/wp-content\/uploads\/2020\/07\/Screen2_SubscribeToCalendarResource-768x191.png 768w, https:\/\/webdelmaestrocmf.com\/portal\/wp-content\/uploads\/2020\/07\/Screen2_SubscribeToCalendarResource-110x27.png 110w, https:\/\/webdelmaestrocmf.com\/portal\/wp-content\/uploads\/2020\/07\/Screen2_SubscribeToCalendarResource-200x50.png 200w, https:\/\/webdelmaestrocmf.com\/portal\/wp-content\/uploads\/2020\/07\/Screen2_SubscribeToCalendarResource-380x94.png 380w, https:\/\/webdelmaestrocmf.com\/portal\/wp-content\/uploads\/2020\/07\/Screen2_SubscribeToCalendarResource-255x63.png 255w, https:\/\/webdelmaestrocmf.com\/portal\/wp-content\/uploads\/2020\/07\/Screen2_SubscribeToCalendarResource-550x136.png 550w, https:\/\/webdelmaestrocmf.com\/portal\/wp-content\/uploads\/2020\/07\/Screen2_SubscribeToCalendarResource-800x198.png 800w\" sizes=\"auto, (max-width: 923px) 100vw, 923px\" \/><\/li>\n<\/ol>\n<\/li>\n<\/ol>\n<p style=\"text-align: justify;\">Para agregar el servicio de calendario de Google a su cuenta de Zoom:<\/p>\n<ol style=\"text-align: justify;\">\n<li>Inicie sesi\u00f3n en portal web de Zoom con sus credenciales de Zoom. Tenga en cuenta que estas credenciales deben tener el privilegio de Zoom Rooms.<\/li>\n<li>Elija\u00a0<strong>Integraci\u00f3n de calendario<\/strong>\u00a0y luego haga clic en\u00a0<strong>Agregar un servicio de calendario<\/strong>.<br \/>\nSe muestra el di\u00e1logo\u00a0<strong>Agregar un servicio de calendario<\/strong>.<img loading=\"lazy\" decoding=\"async\" class=\"alignnone wp-image-49481 size-full\" src=\"https:\/\/webdelmaestrocmf.com\/portal\/wp-content\/uploads\/2020\/07\/1-45.png\" alt=\"\" width=\"629\" height=\"529\" srcset=\"https:\/\/webdelmaestrocmf.com\/portal\/wp-content\/uploads\/2020\/07\/1-45.png 629w, https:\/\/webdelmaestrocmf.com\/portal\/wp-content\/uploads\/2020\/07\/1-45-300x252.png 300w, https:\/\/webdelmaestrocmf.com\/portal\/wp-content\/uploads\/2020\/07\/1-45-110x93.png 110w, https:\/\/webdelmaestrocmf.com\/portal\/wp-content\/uploads\/2020\/07\/1-45-200x168.png 200w, https:\/\/webdelmaestrocmf.com\/portal\/wp-content\/uploads\/2020\/07\/1-45-380x320.png 380w, https:\/\/webdelmaestrocmf.com\/portal\/wp-content\/uploads\/2020\/07\/1-45-255x214.png 255w, https:\/\/webdelmaestrocmf.com\/portal\/wp-content\/uploads\/2020\/07\/1-45-550x463.png 550w\" sizes=\"auto, (max-width: 629px) 100vw, 629px\" \/><\/li>\n<li>Haga clic en\u00a0<strong>Agregar<\/strong>\u00a0en la secci\u00f3n Calendario de Google.<\/li>\n<li>Elija la direcci\u00f3n de correo electr\u00f3nico asociada con el servicio de calendario compartido para su organizaci\u00f3n. Si el usuario dedicado para el servicio de calendario no se muestra, haga clic en\u00a0<strong>Usar otra cuenta<\/strong>\u00a0y agregue las credenciales para ese usuario.<img loading=\"lazy\" decoding=\"async\" class=\"alignnone wp-image-49482 size-full\" src=\"https:\/\/webdelmaestrocmf.com\/portal\/wp-content\/uploads\/2020\/07\/Screen4GoogleConnectedCalendarChooseAccount.png\" alt=\"\" width=\"464\" height=\"511\" srcset=\"https:\/\/webdelmaestrocmf.com\/portal\/wp-content\/uploads\/2020\/07\/Screen4GoogleConnectedCalendarChooseAccount.png 464w, https:\/\/webdelmaestrocmf.com\/portal\/wp-content\/uploads\/2020\/07\/Screen4GoogleConnectedCalendarChooseAccount-272x300.png 272w, https:\/\/webdelmaestrocmf.com\/portal\/wp-content\/uploads\/2020\/07\/Screen4GoogleConnectedCalendarChooseAccount-110x121.png 110w, https:\/\/webdelmaestrocmf.com\/portal\/wp-content\/uploads\/2020\/07\/Screen4GoogleConnectedCalendarChooseAccount-200x220.png 200w, https:\/\/webdelmaestrocmf.com\/portal\/wp-content\/uploads\/2020\/07\/Screen4GoogleConnectedCalendarChooseAccount-380x418.png 380w, https:\/\/webdelmaestrocmf.com\/portal\/wp-content\/uploads\/2020\/07\/Screen4GoogleConnectedCalendarChooseAccount-255x281.png 255w, https:\/\/webdelmaestrocmf.com\/portal\/wp-content\/uploads\/2020\/07\/Screen4GoogleConnectedCalendarChooseAccount-300x330.png 300w\" sizes=\"auto, (max-width: 464px) 100vw, 464px\" \/><\/li>\n<li>Haga clic en\u00a0<strong>Permitir\u00a0<\/strong>en la p\u00e1gina de confirmaci\u00f3n que le da a Zoom permiso para administrar los calendarios de la cuenta del usuario exclusivo.<img loading=\"lazy\" decoding=\"async\" class=\"alignnone wp-image-49483 size-full\" src=\"https:\/\/webdelmaestrocmf.com\/portal\/wp-content\/uploads\/2020\/07\/1-46.png\" alt=\"\" width=\"459\" height=\"531\" srcset=\"https:\/\/webdelmaestrocmf.com\/portal\/wp-content\/uploads\/2020\/07\/1-46.png 459w, https:\/\/webdelmaestrocmf.com\/portal\/wp-content\/uploads\/2020\/07\/1-46-259x300.png 259w, https:\/\/webdelmaestrocmf.com\/portal\/wp-content\/uploads\/2020\/07\/1-46-110x127.png 110w, https:\/\/webdelmaestrocmf.com\/portal\/wp-content\/uploads\/2020\/07\/1-46-200x231.png 200w, https:\/\/webdelmaestrocmf.com\/portal\/wp-content\/uploads\/2020\/07\/1-46-380x440.png 380w, https:\/\/webdelmaestrocmf.com\/portal\/wp-content\/uploads\/2020\/07\/1-46-255x295.png 255w, https:\/\/webdelmaestrocmf.com\/portal\/wp-content\/uploads\/2020\/07\/1-46-300x347.png 300w\" sizes=\"auto, (max-width: 459px) 100vw, 459px\" \/><br \/>\nLa p\u00e1gina Servicio de calendario muestra el recurso de calendario que agreg\u00f3.<img loading=\"lazy\" decoding=\"async\" class=\"alignnone wp-image-49484 size-full\" src=\"https:\/\/webdelmaestrocmf.com\/portal\/wp-content\/uploads\/2020\/07\/1-47.png\" alt=\"\" width=\"1264\" height=\"424\" srcset=\"https:\/\/webdelmaestrocmf.com\/portal\/wp-content\/uploads\/2020\/07\/1-47.png 1264w, https:\/\/webdelmaestrocmf.com\/portal\/wp-content\/uploads\/2020\/07\/1-47-300x101.png 300w, https:\/\/webdelmaestrocmf.com\/portal\/wp-content\/uploads\/2020\/07\/1-47-1024x343.png 1024w, https:\/\/webdelmaestrocmf.com\/portal\/wp-content\/uploads\/2020\/07\/1-47-768x258.png 768w, https:\/\/webdelmaestrocmf.com\/portal\/wp-content\/uploads\/2020\/07\/1-47-110x37.png 110w, https:\/\/webdelmaestrocmf.com\/portal\/wp-content\/uploads\/2020\/07\/1-47-200x67.png 200w, https:\/\/webdelmaestrocmf.com\/portal\/wp-content\/uploads\/2020\/07\/1-47-380x127.png 380w, https:\/\/webdelmaestrocmf.com\/portal\/wp-content\/uploads\/2020\/07\/1-47-255x86.png 255w, https:\/\/webdelmaestrocmf.com\/portal\/wp-content\/uploads\/2020\/07\/1-47-550x184.png 550w, https:\/\/webdelmaestrocmf.com\/portal\/wp-content\/uploads\/2020\/07\/1-47-800x268.png 800w, https:\/\/webdelmaestrocmf.com\/portal\/wp-content\/uploads\/2020\/07\/1-47-1160x389.png 1160w\" sizes=\"auto, (max-width: 1264px) 100vw, 1264px\" \/><\/li>\n<\/ol>\n<p><iframe loading=\"lazy\" src=\"https:\/\/www.youtube.com\/embed\/O-CryhkRRmA\" width=\"100%\" height=\"400\" frameborder=\"0\" allowfullscreen=\"allowfullscreen\"><span data-mce-type=\"bookmark\" style=\"display: inline-block; width: 0px; overflow: hidden; line-height: 0;\" class=\"mce_SELRES_start\">\ufeff<\/span><\/iframe><\/p>\n<p style=\"text-align: justify;\">Consulte\u00a0<a href=\"https:\/\/support.zoom.us\/hc\/en-us\/articles\/202822279\" target=\"_blank\" rel=\"noopener noreferrer\">Agregar una Zoom Room<\/a> para obtener informaci\u00f3n sobre c\u00f3mo configurar un recurso de calendario con una Zoom Room.<\/p>\n<p><strong>Este contenido ha sido publicado originalmente por SUPPORT ZOOM\u00a0 en la siguiente direcci\u00f3n: <a href=\"https:\/\/support.zoom.us\/\" target=\"_blank\" rel=\"noopener noreferrer\">support.zoom.us<\/a><\/strong><\/p>\n<p style=\"text-align: center;\">Recomendamos a la Comunidad Educativa Digital tener en cuenta que, el enlace y\/o la carpeta en donde est\u00e1n alojados los libros, recursos y\/o materiales, no es administrado por la Web del Maestro CMF, pueda ser que en cuesti\u00f3n de d\u00edas (o seg\u00fan el tiempo transcurrido desde su publicaci\u00f3n), los enlaces no funcionen y el material ya no se encuentre disponible. Gracias por su comprensi\u00f3n.<\/p>\n<h3>ENLACE DE LECTURA:<\/h3>\n<p style=\"text-align: center;\">\u00a1Comparte y as\u00ed m\u00e1s docentes utilizar\u00e1n estos recursos\u00a0gratis! Muchas gracias.<\/p>\n<p style=\"text-align: center;\"><span style=\"color: #000000;\"><strong>ENLACE 1: <a style=\"color: #000000;\" href=\"https:\/\/www.unav.edu\/documents\/5502999\/20922096\/20200420-manual-zoom-general-un.pdf\" target=\"_blank\" rel=\"noopener noreferrer\">MANUAL DE ZOOM<\/a><\/strong><\/span><br \/>\n<span style=\"color: #000000;\"><strong>ENLACE 2:<a style=\"color: #000000;\" href=\"https:\/\/profesoradeinformatica.com\/wp-content\/uploads\/2016\/08\/Tutorial-Google-Calendar.pdf\" target=\"_blank\" rel=\"noopener noreferrer\"> CLANEDARIO GOOGLE<\/a><\/strong><\/span><\/p>\n\t\t<div class=\"pk-inline-posts\">\n\t\t\t\n\t\t\t<div class=\"pk-inline-posts-container pk-inline-posts-template-list\"\n\t\t\t\tdata-columns=\"1\">\n\t\t\t\t\t\t<article id=\"post-92567\" class=\"post-92567 post type-post status-publish format-standard has-post-thumbnail category-software category-tecnologia tag-adaptacion-curricular tag-adaptacion-de-contenidos tag-analisis-de-resultados tag-apoyo-socioemocional tag-aprendizaje-cooperativo tag-aprendizaje-personalizado tag-diseno-de-actividades-motivadoras tag-ensenanza tag-estrategias-de-ensenanza tag-estrategias-de-ensenanza-aprendizaje tag-estrategias-de-evaluacion-continua tag-estrategias-de-recuperacion tag-evaluacion-autentica tag-evaluacion-continua tag-evaluacion-del-desempeno tag-evaluacion-diagnostica tag-evaluacion-diferenciada tag-evaluacion-formativa tag-evaluacion-formativa-y-sumativa tag-evaluacion-integral tag-evaluacion-participativa tag-evaluacion-sumativa tag-interactivas tag-intervencion-pedagogica tag-metacognicion tag-planes-de-intervencion tag-planificacion-curricular tag-potenciando tag-powerpoint tag-recursos-educativos-digitales tag-reforzamiento-academico tag-retroalimentacion-constructiva tag-revision-de-objetivos-de-aprendizaje tag-ruletas tag-toma-de-decisiones-pedagogicas cs-entry cs-video-wrap\">\n\t\t\t<div class=\"pk-post-outer\">\n\n\t\t\t\t\t\t\t\t<div class=\"pk-post-inner\">\n\t\t\t\t\t<div class=\"entry-thumbnail\">\n\t\t\t\t\t\t<div class=\"pk-overlay pk-overlay-ratio pk-ratio-landscape\">\n\t\t\t\t\t\t\t<div class=\"pk-overlay-background\">\n\t\t\t\t\t\t\t\t<a href=\"https:\/\/webdelmaestrocmf.com\/portal\/ruletas-interactivas-en-powerpoint-potenciando-la-ensenanza\/\" class=\"pk-overlay-link\">\n\t\t\t\t\t\t\t\t\t<img loading=\"lazy\" decoding=\"async\" width=\"300\" height=\"225\" src=\"https:\/\/webdelmaestrocmf.com\/portal\/wp-content\/uploads\/2026\/04\/1AA-Banner-1-portada-imagen-10-1-copia-5-3-300x225.webp\" class=\"attachment-pk-thumbnail size-pk-thumbnail wp-post-image\" alt=\"\" \/>\t\t\t\t\t\t\t\t<\/a>\n\t\t\t\t\t\t\t<\/div>\n\t\t\t\t\t\t<\/div>\n\t\t\t\t\t<\/div>\n\t\t\t\t<\/div>\n\t\t\t\t\n\t\t\t\t<div class=\"pk-post-inner\">\n\t\t\t\t\t<header>\n\t\t\t\t\t\t<h3 class=\"pk-title\"><a href=\"https:\/\/webdelmaestrocmf.com\/portal\/ruletas-interactivas-en-powerpoint-potenciando-la-ensenanza\/\" rel=\"bookmark\">Ruleta Interactiva en PowerPoint: descarga la ruleta lista para usarny las dos gu\u00ecas<\/a><\/h3>\t\t\t\t\t<\/header><!-- .entry-header -->\n\t\t\t\t<\/div><!-- .post-inner -->\n\n\t\t\t<\/div><!-- .post-outer -->\n\t\t<\/article>\n\t\t\t\t<\/div>\n\t\t<\/div>\n\t\t\n","protected":false},"excerpt":{"rendered":"Cuando un recurso de calendario se integra con una Zoom Room, la pantalla de TV, el controlador y&hellip;","protected":false},"author":1,"featured_media":49485,"comment_status":"open","ping_status":"closed","sticky":false,"template":"","format":"standard","meta":{"csco_display_header_overlay":false,"csco_singular_sidebar":"default","csco_page_header_type":"default","csco_page_load_nextpost":"default","csco_post_video_location":[],"csco_post_video_location_hash":"","csco_post_video_url":"","csco_post_video_bg_start_time":0,"csco_post_video_bg_end_time":0,"csco_post_video_bg_volume":false,"_jetpack_memberships_contains_paid_content":false,"footnotes":""},"categories":[1648,737],"tags":[5245,634,788,2660,1729,4954],"class_list":{"0":"post-49473","1":"post","2":"type-post","3":"status-publish","4":"format-standard","5":"has-post-thumbnail","7":"category-software","8":"category-tecnologia","9":"tag-calendar","10":"tag-clases","11":"tag-google","12":"tag-integrar","13":"tag-virtuales","14":"tag-zoom","15":"cs-entry","16":"cs-video-wrap"},"yoast_head":"<!-- This site is optimized with the Yoast SEO plugin v27.5 - https:\/\/yoast.com\/product\/yoast-seo-wordpress\/ -->\n<title>C\u00f3mo integrar Zoom (clases virtuales) con Google Calendar - 2026<\/title>\n<meta name=\"description\" content=\"Cuando un recurso de calendario se integra con una Zoom Room, la pantalla de TV, el controlador y la pantalla de programaci\u00f3n...\" \/>\n<meta name=\"robots\" content=\"index, follow, max-snippet:-1, max-image-preview:large, max-video-preview:-1\" \/>\n<link rel=\"canonical\" href=\"https:\/\/webdelmaestrocmf.com\/portal\/como-integrar-zoom-clases-virtuales-con-google-calendar\/\" \/>\n<meta property=\"og:locale\" content=\"es_ES\" \/>\n<meta property=\"og:type\" content=\"article\" \/>\n<meta property=\"og:title\" content=\"C\u00f3mo integrar Zoom (clases virtuales) con Google Calendar - 2026\" \/>\n<meta property=\"og:description\" content=\"Cuando un recurso de calendario se integra con una Zoom Room, la pantalla de TV, el controlador y la pantalla de programaci\u00f3n...\" \/>\n<meta property=\"og:url\" content=\"https:\/\/webdelmaestrocmf.com\/portal\/como-integrar-zoom-clases-virtuales-con-google-calendar\/\" \/>\n<meta property=\"og:site_name\" content=\"Web del Maestro CMF\" \/>\n<meta property=\"article:publisher\" content=\"https:\/\/www.facebook.com\/WebdelMaestroCMF\/\" \/>\n<meta property=\"article:author\" content=\"https:\/\/www.facebook.com\/WebdelMaestroCMF\/\" \/>\n<meta property=\"article:published_time\" content=\"2020-07-27T19:24:43+00:00\" \/>\n<meta property=\"article:modified_time\" content=\"2020-10-19T20:34:10+00:00\" \/>\n<meta property=\"og:image\" content=\"https:\/\/i0.wp.com\/webdelmaestrocmf.com\/portal\/wp-content\/uploads\/2020\/07\/1-copia-60.jpg?fit=1100%2C680&ssl=1\" \/>\n\t<meta property=\"og:image:width\" content=\"1100\" \/>\n\t<meta property=\"og:image:height\" content=\"680\" \/>\n\t<meta property=\"og:image:type\" content=\"image\/jpeg\" \/>\n<meta name=\"author\" content=\"Web del Maestro CMF\" \/>\n<meta name=\"twitter:card\" content=\"summary_large_image\" \/>\n<meta name=\"twitter:creator\" content=\"@cmf_w\" \/>\n<meta name=\"twitter:site\" content=\"@cmf_w\" \/>\n<script type=\"application\/ld+json\" class=\"yoast-schema-graph\">{\"@context\":\"https:\\\/\\\/schema.org\",\"@graph\":[{\"@type\":\"ScholarlyArticle\",\"@id\":\"https:\\\/\\\/webdelmaestrocmf.com\\\/portal\\\/como-integrar-zoom-clases-virtuales-con-google-calendar\\\/#article\",\"isPartOf\":{\"@id\":\"https:\\\/\\\/webdelmaestrocmf.com\\\/portal\\\/como-integrar-zoom-clases-virtuales-con-google-calendar\\\/\"},\"author\":{\"name\":\"Web del Maestro CMF\",\"@id\":\"https:\\\/\\\/webdelmaestrocmf.com\\\/portal\\\/#\\\/schema\\\/person\\\/1072a2ed7bd960df8ef99a551fa35dc5\"},\"headline\":\"C\u00f3mo integrar Zoom (clases virtuales) con Google Calendar\",\"datePublished\":\"2020-07-27T19:24:43+00:00\",\"dateModified\":\"2020-10-19T20:34:10+00:00\",\"mainEntityOfPage\":{\"@id\":\"https:\\\/\\\/webdelmaestrocmf.com\\\/portal\\\/como-integrar-zoom-clases-virtuales-con-google-calendar\\\/\"},\"wordCount\":747,\"commentCount\":0,\"publisher\":{\"@id\":\"https:\\\/\\\/webdelmaestrocmf.com\\\/portal\\\/#organization\"},\"image\":{\"@id\":\"https:\\\/\\\/webdelmaestrocmf.com\\\/portal\\\/como-integrar-zoom-clases-virtuales-con-google-calendar\\\/#primaryimage\"},\"thumbnailUrl\":\"https:\\\/\\\/webdelmaestrocmf.com\\\/portal\\\/wp-content\\\/uploads\\\/2020\\\/07\\\/1-copia-60.jpg\",\"keywords\":[\"Calendar\",\"clases\",\"Google\",\"INTEGRAR\",\"VIRTUALES\",\"Zoom\"],\"articleSection\":[\"Software\",\"Tecnolog\u00eda\"],\"inLanguage\":\"es\",\"potentialAction\":[{\"@type\":\"CommentAction\",\"name\":\"Comment\",\"target\":[\"https:\\\/\\\/webdelmaestrocmf.com\\\/portal\\\/como-integrar-zoom-clases-virtuales-con-google-calendar\\\/#respond\"]}]},{\"@type\":\"WebPage\",\"@id\":\"https:\\\/\\\/webdelmaestrocmf.com\\\/portal\\\/como-integrar-zoom-clases-virtuales-con-google-calendar\\\/\",\"url\":\"https:\\\/\\\/webdelmaestrocmf.com\\\/portal\\\/como-integrar-zoom-clases-virtuales-con-google-calendar\\\/\",\"name\":\"C\u00f3mo integrar Zoom (clases virtuales) con Google Calendar - 2026\",\"isPartOf\":{\"@id\":\"https:\\\/\\\/webdelmaestrocmf.com\\\/portal\\\/#website\"},\"primaryImageOfPage\":{\"@id\":\"https:\\\/\\\/webdelmaestrocmf.com\\\/portal\\\/como-integrar-zoom-clases-virtuales-con-google-calendar\\\/#primaryimage\"},\"image\":{\"@id\":\"https:\\\/\\\/webdelmaestrocmf.com\\\/portal\\\/como-integrar-zoom-clases-virtuales-con-google-calendar\\\/#primaryimage\"},\"thumbnailUrl\":\"https:\\\/\\\/webdelmaestrocmf.com\\\/portal\\\/wp-content\\\/uploads\\\/2020\\\/07\\\/1-copia-60.jpg\",\"datePublished\":\"2020-07-27T19:24:43+00:00\",\"dateModified\":\"2020-10-19T20:34:10+00:00\",\"description\":\"Cuando un recurso de calendario se integra con una Zoom Room, la pantalla de TV, el controlador y la pantalla de programaci\u00f3n...\",\"breadcrumb\":{\"@id\":\"https:\\\/\\\/webdelmaestrocmf.com\\\/portal\\\/como-integrar-zoom-clases-virtuales-con-google-calendar\\\/#breadcrumb\"},\"inLanguage\":\"es\",\"potentialAction\":[{\"@type\":\"ReadAction\",\"target\":[\"https:\\\/\\\/webdelmaestrocmf.com\\\/portal\\\/como-integrar-zoom-clases-virtuales-con-google-calendar\\\/\"]}]},{\"@type\":\"ImageObject\",\"inLanguage\":\"es\",\"@id\":\"https:\\\/\\\/webdelmaestrocmf.com\\\/portal\\\/como-integrar-zoom-clases-virtuales-con-google-calendar\\\/#primaryimage\",\"url\":\"https:\\\/\\\/webdelmaestrocmf.com\\\/portal\\\/wp-content\\\/uploads\\\/2020\\\/07\\\/1-copia-60.jpg\",\"contentUrl\":\"https:\\\/\\\/webdelmaestrocmf.com\\\/portal\\\/wp-content\\\/uploads\\\/2020\\\/07\\\/1-copia-60.jpg\",\"width\":1100,\"height\":680},{\"@type\":\"BreadcrumbList\",\"@id\":\"https:\\\/\\\/webdelmaestrocmf.com\\\/portal\\\/como-integrar-zoom-clases-virtuales-con-google-calendar\\\/#breadcrumb\",\"itemListElement\":[{\"@type\":\"ListItem\",\"position\":1,\"name\":\"Portada\",\"item\":\"https:\\\/\\\/webdelmaestrocmf.com\\\/portal\\\/\"},{\"@type\":\"ListItem\",\"position\":2,\"name\":\"Tecnolog\u00eda\",\"item\":\"https:\\\/\\\/webdelmaestrocmf.com\\\/portal\\\/category\\\/tecnologia\\\/\"},{\"@type\":\"ListItem\",\"position\":3,\"name\":\"C\u00f3mo integrar Zoom (clases virtuales) con Google Calendar\"}]},{\"@type\":\"WebSite\",\"@id\":\"https:\\\/\\\/webdelmaestrocmf.com\\\/portal\\\/#website\",\"url\":\"https:\\\/\\\/webdelmaestrocmf.com\\\/portal\\\/\",\"name\":\"Web del Maestro CMF\",\"description\":\"Maestros al servicio de la educaci\u00f3n\",\"publisher\":{\"@id\":\"https:\\\/\\\/webdelmaestrocmf.com\\\/portal\\\/#organization\"},\"alternateName\":\"WMCMF\",\"potentialAction\":[{\"@type\":\"SearchAction\",\"target\":{\"@type\":\"EntryPoint\",\"urlTemplate\":\"https:\\\/\\\/webdelmaestrocmf.com\\\/portal\\\/?s={search_term_string}\"},\"query-input\":{\"@type\":\"PropertyValueSpecification\",\"valueRequired\":true,\"valueName\":\"search_term_string\"}}],\"inLanguage\":\"es\"},{\"@type\":\"Organization\",\"@id\":\"https:\\\/\\\/webdelmaestrocmf.com\\\/portal\\\/#organization\",\"name\":\"Web del Maestro CMF\",\"alternateName\":\"WMCMF\",\"url\":\"https:\\\/\\\/webdelmaestrocmf.com\\\/portal\\\/\",\"logo\":{\"@type\":\"ImageObject\",\"inLanguage\":\"es\",\"@id\":\"https:\\\/\\\/webdelmaestrocmf.com\\\/portal\\\/#\\\/schema\\\/logo\\\/image\\\/\",\"url\":\"https:\\\/\\\/webdelmaestrocmf.com\\\/portal\\\/wp-content\\\/uploads\\\/2023\\\/01\\\/logo-wmcmf-2.png\",\"contentUrl\":\"https:\\\/\\\/webdelmaestrocmf.com\\\/portal\\\/wp-content\\\/uploads\\\/2023\\\/01\\\/logo-wmcmf-2.png\",\"width\":200,\"height\":60,\"caption\":\"Web del Maestro CMF\"},\"image\":{\"@id\":\"https:\\\/\\\/webdelmaestrocmf.com\\\/portal\\\/#\\\/schema\\\/logo\\\/image\\\/\"},\"sameAs\":[\"https:\\\/\\\/www.facebook.com\\\/WebdelMaestroCMF\\\/\",\"https:\\\/\\\/x.com\\\/cmf_w\",\"https:\\\/\\\/www.pinterest.com\\\/WMCMF\\\/\",\"https:\\\/\\\/www.linkedin.com\\\/company\\\/web-del-maestro-cmf\\\/\",\"https:\\\/\\\/www.instagram.com\\\/wmcmf\\\/\",\"https:\\\/\\\/www.youtube.com\\\/channel\\\/UCDPSvjbdodE5sHnC3OxutHw\",\"https:\\\/\\\/mastodon.social\\\/@wmcmf\",\"https:\\\/\\\/www.tiktok.com\\\/@webdelmaestrocmf\"]},{\"@type\":\"Person\",\"@id\":\"https:\\\/\\\/webdelmaestrocmf.com\\\/portal\\\/#\\\/schema\\\/person\\\/1072a2ed7bd960df8ef99a551fa35dc5\",\"name\":\"Web del Maestro CMF\",\"image\":{\"@type\":\"ImageObject\",\"inLanguage\":\"es\",\"@id\":\"https:\\\/\\\/secure.gravatar.com\\\/avatar\\\/23291dd5b5ae1077dcff3dbb04c3e02bd28403fa75af6d8787d5e97c5bbbe30b?s=96&d=mm&r=g\",\"url\":\"https:\\\/\\\/secure.gravatar.com\\\/avatar\\\/23291dd5b5ae1077dcff3dbb04c3e02bd28403fa75af6d8787d5e97c5bbbe30b?s=96&d=mm&r=g\",\"contentUrl\":\"https:\\\/\\\/secure.gravatar.com\\\/avatar\\\/23291dd5b5ae1077dcff3dbb04c3e02bd28403fa75af6d8787d5e97c5bbbe30b?s=96&d=mm&r=g\",\"caption\":\"Web del Maestro CMF\"},\"description\":\"Esta Web se cre\u00f3 sin fines de lucro, con fines educativos, cient\u00edficos y acad\u00e9micos, para personas que tengan dificultades y\\\/o inconvenientes en visualizar el material original. El objetivo es entregar recursos, compartir experiencias y materiales que ayuden a los padres de familia, maestros y estudiantes en su actualizaci\u00f3n y formaci\u00f3n permanente, en bien de la Educaci\u00f3n.\",\"sameAs\":[\"http:\\\/\\\/webdelmaestrocmf.com\\\/portal\",\"https:\\\/\\\/www.facebook.com\\\/WebdelMaestroCMF\\\/\",\"https:\\\/\\\/www.instagram.com\\\/wmcmf\\\/\",\"https:\\\/\\\/cl.linkedin.com\\\/company\\\/web-del-maestro-cmf\",\"https:\\\/\\\/www.pinterest.com\\\/WMCMF\\\/publicaciones\\\/\",\"https:\\\/\\\/x.com\\\/cmf_w\",\"https:\\\/\\\/www.youtube.com\\\/@WMCMF\"]}]}<\/script>\n<!-- \/ Yoast SEO plugin. -->","yoast_head_json":{"title":"C\u00f3mo integrar Zoom (clases virtuales) con Google Calendar - 2026","description":"Cuando un recurso de calendario se integra con una Zoom Room, la pantalla de TV, el controlador y la pantalla de programaci\u00f3n...","robots":{"index":"index","follow":"follow","max-snippet":"max-snippet:-1","max-image-preview":"max-image-preview:large","max-video-preview":"max-video-preview:-1"},"canonical":"https:\/\/webdelmaestrocmf.com\/portal\/como-integrar-zoom-clases-virtuales-con-google-calendar\/","og_locale":"es_ES","og_type":"article","og_title":"C\u00f3mo integrar Zoom (clases virtuales) con Google Calendar - 2026","og_description":"Cuando un recurso de calendario se integra con una Zoom Room, la pantalla de TV, el controlador y la pantalla de programaci\u00f3n...","og_url":"https:\/\/webdelmaestrocmf.com\/portal\/como-integrar-zoom-clases-virtuales-con-google-calendar\/","og_site_name":"Web del Maestro CMF","article_publisher":"https:\/\/www.facebook.com\/WebdelMaestroCMF\/","article_author":"https:\/\/www.facebook.com\/WebdelMaestroCMF\/","article_published_time":"2020-07-27T19:24:43+00:00","article_modified_time":"2020-10-19T20:34:10+00:00","og_image":[{"width":1100,"height":680,"url":"https:\/\/i0.wp.com\/webdelmaestrocmf.com\/portal\/wp-content\/uploads\/2020\/07\/1-copia-60.jpg?fit=1100%2C680&ssl=1","type":"image\/jpeg"}],"author":"Web del Maestro CMF","twitter_card":"summary_large_image","twitter_creator":"@cmf_w","twitter_site":"@cmf_w","schema":{"@context":"https:\/\/schema.org","@graph":[{"@type":"ScholarlyArticle","@id":"https:\/\/webdelmaestrocmf.com\/portal\/como-integrar-zoom-clases-virtuales-con-google-calendar\/#article","isPartOf":{"@id":"https:\/\/webdelmaestrocmf.com\/portal\/como-integrar-zoom-clases-virtuales-con-google-calendar\/"},"author":{"name":"Web del Maestro CMF","@id":"https:\/\/webdelmaestrocmf.com\/portal\/#\/schema\/person\/1072a2ed7bd960df8ef99a551fa35dc5"},"headline":"C\u00f3mo integrar Zoom (clases virtuales) con Google Calendar","datePublished":"2020-07-27T19:24:43+00:00","dateModified":"2020-10-19T20:34:10+00:00","mainEntityOfPage":{"@id":"https:\/\/webdelmaestrocmf.com\/portal\/como-integrar-zoom-clases-virtuales-con-google-calendar\/"},"wordCount":747,"commentCount":0,"publisher":{"@id":"https:\/\/webdelmaestrocmf.com\/portal\/#organization"},"image":{"@id":"https:\/\/webdelmaestrocmf.com\/portal\/como-integrar-zoom-clases-virtuales-con-google-calendar\/#primaryimage"},"thumbnailUrl":"https:\/\/webdelmaestrocmf.com\/portal\/wp-content\/uploads\/2020\/07\/1-copia-60.jpg","keywords":["Calendar","clases","Google","INTEGRAR","VIRTUALES","Zoom"],"articleSection":["Software","Tecnolog\u00eda"],"inLanguage":"es","potentialAction":[{"@type":"CommentAction","name":"Comment","target":["https:\/\/webdelmaestrocmf.com\/portal\/como-integrar-zoom-clases-virtuales-con-google-calendar\/#respond"]}]},{"@type":"WebPage","@id":"https:\/\/webdelmaestrocmf.com\/portal\/como-integrar-zoom-clases-virtuales-con-google-calendar\/","url":"https:\/\/webdelmaestrocmf.com\/portal\/como-integrar-zoom-clases-virtuales-con-google-calendar\/","name":"C\u00f3mo integrar Zoom (clases virtuales) con Google Calendar - 2026","isPartOf":{"@id":"https:\/\/webdelmaestrocmf.com\/portal\/#website"},"primaryImageOfPage":{"@id":"https:\/\/webdelmaestrocmf.com\/portal\/como-integrar-zoom-clases-virtuales-con-google-calendar\/#primaryimage"},"image":{"@id":"https:\/\/webdelmaestrocmf.com\/portal\/como-integrar-zoom-clases-virtuales-con-google-calendar\/#primaryimage"},"thumbnailUrl":"https:\/\/webdelmaestrocmf.com\/portal\/wp-content\/uploads\/2020\/07\/1-copia-60.jpg","datePublished":"2020-07-27T19:24:43+00:00","dateModified":"2020-10-19T20:34:10+00:00","description":"Cuando un recurso de calendario se integra con una Zoom Room, la pantalla de TV, el controlador y la pantalla de programaci\u00f3n...","breadcrumb":{"@id":"https:\/\/webdelmaestrocmf.com\/portal\/como-integrar-zoom-clases-virtuales-con-google-calendar\/#breadcrumb"},"inLanguage":"es","potentialAction":[{"@type":"ReadAction","target":["https:\/\/webdelmaestrocmf.com\/portal\/como-integrar-zoom-clases-virtuales-con-google-calendar\/"]}]},{"@type":"ImageObject","inLanguage":"es","@id":"https:\/\/webdelmaestrocmf.com\/portal\/como-integrar-zoom-clases-virtuales-con-google-calendar\/#primaryimage","url":"https:\/\/webdelmaestrocmf.com\/portal\/wp-content\/uploads\/2020\/07\/1-copia-60.jpg","contentUrl":"https:\/\/webdelmaestrocmf.com\/portal\/wp-content\/uploads\/2020\/07\/1-copia-60.jpg","width":1100,"height":680},{"@type":"BreadcrumbList","@id":"https:\/\/webdelmaestrocmf.com\/portal\/como-integrar-zoom-clases-virtuales-con-google-calendar\/#breadcrumb","itemListElement":[{"@type":"ListItem","position":1,"name":"Portada","item":"https:\/\/webdelmaestrocmf.com\/portal\/"},{"@type":"ListItem","position":2,"name":"Tecnolog\u00eda","item":"https:\/\/webdelmaestrocmf.com\/portal\/category\/tecnologia\/"},{"@type":"ListItem","position":3,"name":"C\u00f3mo integrar Zoom (clases virtuales) con Google Calendar"}]},{"@type":"WebSite","@id":"https:\/\/webdelmaestrocmf.com\/portal\/#website","url":"https:\/\/webdelmaestrocmf.com\/portal\/","name":"Web del Maestro CMF","description":"Maestros al servicio de la educaci\u00f3n","publisher":{"@id":"https:\/\/webdelmaestrocmf.com\/portal\/#organization"},"alternateName":"WMCMF","potentialAction":[{"@type":"SearchAction","target":{"@type":"EntryPoint","urlTemplate":"https:\/\/webdelmaestrocmf.com\/portal\/?s={search_term_string}"},"query-input":{"@type":"PropertyValueSpecification","valueRequired":true,"valueName":"search_term_string"}}],"inLanguage":"es"},{"@type":"Organization","@id":"https:\/\/webdelmaestrocmf.com\/portal\/#organization","name":"Web del Maestro CMF","alternateName":"WMCMF","url":"https:\/\/webdelmaestrocmf.com\/portal\/","logo":{"@type":"ImageObject","inLanguage":"es","@id":"https:\/\/webdelmaestrocmf.com\/portal\/#\/schema\/logo\/image\/","url":"https:\/\/webdelmaestrocmf.com\/portal\/wp-content\/uploads\/2023\/01\/logo-wmcmf-2.png","contentUrl":"https:\/\/webdelmaestrocmf.com\/portal\/wp-content\/uploads\/2023\/01\/logo-wmcmf-2.png","width":200,"height":60,"caption":"Web del Maestro CMF"},"image":{"@id":"https:\/\/webdelmaestrocmf.com\/portal\/#\/schema\/logo\/image\/"},"sameAs":["https:\/\/www.facebook.com\/WebdelMaestroCMF\/","https:\/\/x.com\/cmf_w","https:\/\/www.pinterest.com\/WMCMF\/","https:\/\/www.linkedin.com\/company\/web-del-maestro-cmf\/","https:\/\/www.instagram.com\/wmcmf\/","https:\/\/www.youtube.com\/channel\/UCDPSvjbdodE5sHnC3OxutHw","https:\/\/mastodon.social\/@wmcmf","https:\/\/www.tiktok.com\/@webdelmaestrocmf"]},{"@type":"Person","@id":"https:\/\/webdelmaestrocmf.com\/portal\/#\/schema\/person\/1072a2ed7bd960df8ef99a551fa35dc5","name":"Web del Maestro CMF","image":{"@type":"ImageObject","inLanguage":"es","@id":"https:\/\/secure.gravatar.com\/avatar\/23291dd5b5ae1077dcff3dbb04c3e02bd28403fa75af6d8787d5e97c5bbbe30b?s=96&d=mm&r=g","url":"https:\/\/secure.gravatar.com\/avatar\/23291dd5b5ae1077dcff3dbb04c3e02bd28403fa75af6d8787d5e97c5bbbe30b?s=96&d=mm&r=g","contentUrl":"https:\/\/secure.gravatar.com\/avatar\/23291dd5b5ae1077dcff3dbb04c3e02bd28403fa75af6d8787d5e97c5bbbe30b?s=96&d=mm&r=g","caption":"Web del Maestro CMF"},"description":"Esta Web se cre\u00f3 sin fines de lucro, con fines educativos, cient\u00edficos y acad\u00e9micos, para personas que tengan dificultades y\/o inconvenientes en visualizar el material original. El objetivo es entregar recursos, compartir experiencias y materiales que ayuden a los padres de familia, maestros y estudiantes en su actualizaci\u00f3n y formaci\u00f3n permanente, en bien de la Educaci\u00f3n.","sameAs":["http:\/\/webdelmaestrocmf.com\/portal","https:\/\/www.facebook.com\/WebdelMaestroCMF\/","https:\/\/www.instagram.com\/wmcmf\/","https:\/\/cl.linkedin.com\/company\/web-del-maestro-cmf","https:\/\/www.pinterest.com\/WMCMF\/publicaciones\/","https:\/\/x.com\/cmf_w","https:\/\/www.youtube.com\/@WMCMF"]}]}},"jetpack_featured_media_url":"https:\/\/webdelmaestrocmf.com\/portal\/wp-content\/uploads\/2020\/07\/1-copia-60.jpg","jetpack_sharing_enabled":true,"jetpack-related-posts":[{"id":61225,"url":"https:\/\/webdelmaestrocmf.com\/portal\/si-usa-zoom-y-chrome-para-sus-clases-la-siguiente-extension-le-sera-util-para-gestionar-todas-tus-reuniones-directamente\/","url_meta":{"origin":49473,"position":0},"title":"Si usa Zoom y Chrome para sus clases, la siguiente extensi\u00f3n le ser\u00e1 \u00fatil para gestionar todas tus reuniones directamente","author":"Web del Maestro CMF","date":"31 marzo, 2021","format":false,"excerpt":"A veces lo m\u00e1s complicado de una reuni\u00f3n es organizarla y asegurarse de que todas las personas que deben asistir tengan la informaci\u00f3n necesaria para hacerlo. Y desde luego, tener que usar varias\u00a0herramientas distintas para coordinar una reuni\u00f3n\u00a0no es precisamente \u00f3ptimo. Es algo que los desarrolladores de Zoom parecen tener\u2026","rel":"","context":"En \u00abSoftware\u00bb","block_context":{"text":"Software","link":"https:\/\/webdelmaestrocmf.com\/portal\/category\/tecnologia\/software\/"},"img":{"alt_text":"","src":"https:\/\/i0.wp.com\/webdelmaestrocmf.com\/portal\/wp-content\/uploads\/2021\/03\/1-167.jpg?resize=350%2C200&ssl=1","width":350,"height":200,"srcset":"https:\/\/i0.wp.com\/webdelmaestrocmf.com\/portal\/wp-content\/uploads\/2021\/03\/1-167.jpg?resize=350%2C200&ssl=1 1x, https:\/\/i0.wp.com\/webdelmaestrocmf.com\/portal\/wp-content\/uploads\/2021\/03\/1-167.jpg?resize=525%2C300&ssl=1 1.5x, https:\/\/i0.wp.com\/webdelmaestrocmf.com\/portal\/wp-content\/uploads\/2021\/03\/1-167.jpg?resize=700%2C400&ssl=1 2x, https:\/\/i0.wp.com\/webdelmaestrocmf.com\/portal\/wp-content\/uploads\/2021\/03\/1-167.jpg?resize=1050%2C600&ssl=1 3x"},"classes":[]},{"id":62868,"url":"https:\/\/webdelmaestrocmf.com\/portal\/estas-son-las-funciones-avanzadas-de-zoom-para-tus-clases-virtuales\/","url_meta":{"origin":49473,"position":1},"title":"Estas son las funciones avanzadas de Zoom para tus clases virtuales","author":"Web del Maestro CMF","date":"12 mayo, 2021","format":false,"excerpt":"Adicional a las funciones b\u00e1sicas de Zoom, existen otras opciones m\u00e1s avanzadas que permiten personalizar \u2014a\u00fan m\u00e1s\u2014 las videollamadas\u00a0y reforzar su seguridad. La mayor\u00eda de estos recursos extra\u00a0se encuentran en la secci\u00f3n configuraci\u00f3n de tu cuenta. Por eso, lo primero que debes hacer es\u00a0ingresar a tu cuenta de Zoom desde\u2026","rel":"","context":"En \u00abSoftware\u00bb","block_context":{"text":"Software","link":"https:\/\/webdelmaestrocmf.com\/portal\/category\/tecnologia\/software\/"},"img":{"alt_text":"","src":"https:\/\/i0.wp.com\/webdelmaestrocmf.com\/portal\/wp-content\/uploads\/2021\/05\/1-74.jpg?resize=350%2C200&ssl=1","width":350,"height":200,"srcset":"https:\/\/i0.wp.com\/webdelmaestrocmf.com\/portal\/wp-content\/uploads\/2021\/05\/1-74.jpg?resize=350%2C200&ssl=1 1x, https:\/\/i0.wp.com\/webdelmaestrocmf.com\/portal\/wp-content\/uploads\/2021\/05\/1-74.jpg?resize=525%2C300&ssl=1 1.5x, https:\/\/i0.wp.com\/webdelmaestrocmf.com\/portal\/wp-content\/uploads\/2021\/05\/1-74.jpg?resize=700%2C400&ssl=1 2x, https:\/\/i0.wp.com\/webdelmaestrocmf.com\/portal\/wp-content\/uploads\/2021\/05\/1-74.jpg?resize=1050%2C600&ssl=1 3x"},"classes":[]},{"id":57821,"url":"https:\/\/webdelmaestrocmf.com\/portal\/curso-gratuito-para-docentes-como-usar-y-dar-clases-por-zoom\/","url_meta":{"origin":49473,"position":2},"title":"Curso gratuito para docentes: C\u00f3mo usar y dar clases por Zoom (Nivel Avanzado)","author":"Web del Maestro CMF","date":"16 enero, 2021","format":false,"excerpt":"En este curso, aprender\u00e1s a c\u00f3mo usar Zoom para tus clases virtuales, ya sea en una computadora o en un celular, con un abordaje planificado y planteando el objetivo es generar una clase desde la virtualidad, pero recreando nuestras clases en un entorno de aprendizaje din\u00e1mico, potenciando, jerarquizando y repensando\u2026","rel":"","context":"En \u00abCursos\u00bb","block_context":{"text":"Cursos","link":"https:\/\/webdelmaestrocmf.com\/portal\/category\/cursos\/"},"img":{"alt_text":"","src":"https:\/\/i0.wp.com\/webdelmaestrocmf.com\/portal\/wp-content\/uploads\/2021\/01\/1-copia-103.jpg?resize=350%2C200&ssl=1","width":350,"height":200,"srcset":"https:\/\/i0.wp.com\/webdelmaestrocmf.com\/portal\/wp-content\/uploads\/2021\/01\/1-copia-103.jpg?resize=350%2C200&ssl=1 1x, https:\/\/i0.wp.com\/webdelmaestrocmf.com\/portal\/wp-content\/uploads\/2021\/01\/1-copia-103.jpg?resize=525%2C300&ssl=1 1.5x, https:\/\/i0.wp.com\/webdelmaestrocmf.com\/portal\/wp-content\/uploads\/2021\/01\/1-copia-103.jpg?resize=700%2C400&ssl=1 2x, https:\/\/i0.wp.com\/webdelmaestrocmf.com\/portal\/wp-content\/uploads\/2021\/01\/1-copia-103.jpg?resize=1050%2C600&ssl=1 3x"},"classes":[]},{"id":48971,"url":"https:\/\/webdelmaestrocmf.com\/portal\/las-ocho-mejores-extensiones-y-complementos-para-enriquecer-tus-clases-virtuales-con-zoom\/","url_meta":{"origin":49473,"position":3},"title":"Las ocho mejores extensiones y complementos para enriquecer tus clases virtuales con Zoom","author":"Web del Maestro CMF","date":"11 julio, 2020","format":false,"excerpt":"Zoom se ha convertido en los \u00faltimos meses en una herramienta imprescindible para muchos docentes que se han visto obligados a hacer reuniones a trav\u00e9s de este programa. Todo esto debido al confinamiento provocado por el coronavirus. Una de las cualidades que debemos buscar en nuestras sesiones es la variedad\u2026","rel":"","context":"En \u00abSoftware\u00bb","block_context":{"text":"Software","link":"https:\/\/webdelmaestrocmf.com\/portal\/category\/tecnologia\/software\/"},"img":{"alt_text":"","src":"https:\/\/i0.wp.com\/webdelmaestrocmf.com\/portal\/wp-content\/uploads\/2020\/07\/1-33.jpg?resize=350%2C200&ssl=1","width":350,"height":200,"srcset":"https:\/\/i0.wp.com\/webdelmaestrocmf.com\/portal\/wp-content\/uploads\/2020\/07\/1-33.jpg?resize=350%2C200&ssl=1 1x, https:\/\/i0.wp.com\/webdelmaestrocmf.com\/portal\/wp-content\/uploads\/2020\/07\/1-33.jpg?resize=525%2C300&ssl=1 1.5x, https:\/\/i0.wp.com\/webdelmaestrocmf.com\/portal\/wp-content\/uploads\/2020\/07\/1-33.jpg?resize=700%2C400&ssl=1 2x, https:\/\/i0.wp.com\/webdelmaestrocmf.com\/portal\/wp-content\/uploads\/2020\/07\/1-33.jpg?resize=1050%2C600&ssl=1 3x"},"classes":[]},{"id":67721,"url":"https:\/\/webdelmaestrocmf.com\/portal\/como-transcribir-o-documentar-sus-clases-virtuales-de-google-meet-o-zoom-en-tiempo-real\/","url_meta":{"origin":49473,"position":4},"title":"C\u00f3mo transcribir o documentar sus clases virtuales de Google Meet o Zoom en tiempo real","author":"Web del Maestro CMF","date":"9 septiembre, 2021","format":false,"excerpt":"Las videollamadas se convirtieron en la esperanza, y realidad, de muchas personas que al inicio de la pandemia por covid-19 observaban como lo que alguna vez se podr\u00eda considerar como \u201cnormal\u201d, quedaba en el pasado. Sin embargo,\u00a0con aplicaciones como Zoom, Google Meet o Microsoft Teams, la sociedad pudo salir a\u2026","rel":"","context":"En \u00abSoftware\u00bb","block_context":{"text":"Software","link":"https:\/\/webdelmaestrocmf.com\/portal\/category\/tecnologia\/software\/"},"img":{"alt_text":"","src":"https:\/\/i0.wp.com\/webdelmaestrocmf.com\/portal\/wp-content\/uploads\/2021\/09\/1-58.jpg?resize=350%2C200&ssl=1","width":350,"height":200,"srcset":"https:\/\/i0.wp.com\/webdelmaestrocmf.com\/portal\/wp-content\/uploads\/2021\/09\/1-58.jpg?resize=350%2C200&ssl=1 1x, https:\/\/i0.wp.com\/webdelmaestrocmf.com\/portal\/wp-content\/uploads\/2021\/09\/1-58.jpg?resize=525%2C300&ssl=1 1.5x, https:\/\/i0.wp.com\/webdelmaestrocmf.com\/portal\/wp-content\/uploads\/2021\/09\/1-58.jpg?resize=700%2C400&ssl=1 2x, https:\/\/i0.wp.com\/webdelmaestrocmf.com\/portal\/wp-content\/uploads\/2021\/09\/1-58.jpg?resize=1050%2C600&ssl=1 3x"},"classes":[]},{"id":46808,"url":"https:\/\/webdelmaestrocmf.com\/portal\/como-cambiar-el-fondo-de-tus-videollamadas-de-zoom-tutorial-para-docentes-completo-paso-a-paso\/","url_meta":{"origin":49473,"position":5},"title":"\u00bfC\u00f3mo cambiar el fondo de tus videollamadas de \u00abZoom\u00bb? Tutorial para docentes completo paso a paso","author":"Web del Maestro CMF","date":"30 abril, 2020","format":false,"excerpt":"Una buena opci\u00f3n por si deseas tener m\u00e1s privacidad. \u00bfDeseas cambiar el fondo de tus conferencias o clases escolares? No creer\u00e1s lo sencillo que es. Si no deseas que tus compa\u00f1eros de trabajo observen el interior de tu casa o habitaci\u00f3n, entonces debes hacer este truco que es f\u00e1cil y\u2026","rel":"","context":"En \u00abSoftware\u00bb","block_context":{"text":"Software","link":"https:\/\/webdelmaestrocmf.com\/portal\/category\/tecnologia\/software\/"},"img":{"alt_text":"","src":"https:\/\/i0.wp.com\/webdelmaestrocmf.com\/portal\/wp-content\/uploads\/2020\/04\/a2-17.jpg?resize=350%2C200&ssl=1","width":350,"height":200,"srcset":"https:\/\/i0.wp.com\/webdelmaestrocmf.com\/portal\/wp-content\/uploads\/2020\/04\/a2-17.jpg?resize=350%2C200&ssl=1 1x, https:\/\/i0.wp.com\/webdelmaestrocmf.com\/portal\/wp-content\/uploads\/2020\/04\/a2-17.jpg?resize=525%2C300&ssl=1 1.5x, https:\/\/i0.wp.com\/webdelmaestrocmf.com\/portal\/wp-content\/uploads\/2020\/04\/a2-17.jpg?resize=700%2C400&ssl=1 2x, https:\/\/i0.wp.com\/webdelmaestrocmf.com\/portal\/wp-content\/uploads\/2020\/04\/a2-17.jpg?resize=1050%2C600&ssl=1 3x"},"classes":[]}],"_links":{"self":[{"href":"https:\/\/webdelmaestrocmf.com\/portal\/wp-json\/wp\/v2\/posts\/49473","targetHints":{"allow":["GET"]}}],"collection":[{"href":"https:\/\/webdelmaestrocmf.com\/portal\/wp-json\/wp\/v2\/posts"}],"about":[{"href":"https:\/\/webdelmaestrocmf.com\/portal\/wp-json\/wp\/v2\/types\/post"}],"author":[{"embeddable":true,"href":"https:\/\/webdelmaestrocmf.com\/portal\/wp-json\/wp\/v2\/users\/1"}],"replies":[{"embeddable":true,"href":"https:\/\/webdelmaestrocmf.com\/portal\/wp-json\/wp\/v2\/comments?post=49473"}],"version-history":[{"count":0,"href":"https:\/\/webdelmaestrocmf.com\/portal\/wp-json\/wp\/v2\/posts\/49473\/revisions"}],"wp:featuredmedia":[{"embeddable":true,"href":"https:\/\/webdelmaestrocmf.com\/portal\/wp-json\/wp\/v2\/media\/49485"}],"wp:attachment":[{"href":"https:\/\/webdelmaestrocmf.com\/portal\/wp-json\/wp\/v2\/media?parent=49473"}],"wp:term":[{"taxonomy":"category","embeddable":true,"href":"https:\/\/webdelmaestrocmf.com\/portal\/wp-json\/wp\/v2\/categories?post=49473"},{"taxonomy":"post_tag","embeddable":true,"href":"https:\/\/webdelmaestrocmf.com\/portal\/wp-json\/wp\/v2\/tags?post=49473"}],"curies":[{"name":"wp","href":"https:\/\/api.w.org\/{rel}","templated":true}]}}