{"id":49054,"date":"2020-07-13T20:27:41","date_gmt":"2020-07-14T00:27:41","guid":{"rendered":"https:\/\/webdelmaestrocmf.com\/portal\/?p=49054"},"modified":"2023-02-08T22:26:25","modified_gmt":"2023-02-09T01:26:25","slug":"sector-educativo-protocolo-de-accion-ante-covid-19-para-el-inicio-del-ciclo-escolar-2020-2021","status":"publish","type":"post","link":"https:\/\/webdelmaestrocmf.com\/portal\/sector-educativo-protocolo-de-accion-ante-covid-19-para-el-inicio-del-ciclo-escolar-2020-2021\/","title":{"rendered":"Sector Educativo: Protocolo de acci\u00f3n ante Covid para el inicio del Ciclo Escolar"},"content":{"rendered":"<h5 style=\"text-align: justify;\">Ning\u00fan sistema educativo estaba preparado para la pandemia que estamos viviendo. La necesidad imperiosa de cerrar planteles educativos y de transitar a diversas modalidades de educaci\u00f3n a distancia a fin de contener la propagaci\u00f3n del COVID 19 nos tom\u00f3 de sorpresa a todos. La pandemia provoc\u00f3 que este a\u00f1o 2.4 millones de estudiantes en el Estado de Jalisco terminaran a distancia el ciclo escolar, lejos de las aulas, sus compa\u00f1eros y docentes.<\/h5>\n<p><!--more--><\/p>\n<h5 style=\"text-align: justify;\">Para el reinicio de actividades acad\u00e9micas presenciales los planteles de educaci\u00f3n b\u00e1sica deber\u00e1n apegarse estrictamente a los protocolos, las medidas y acciones de prevenci\u00f3n establecidas por las autoridades de Salud.<\/h5>\n<p style=\"text-align: justify;\">Ante estas circunstancias, es de suma importancia el desarrollo de un protocolo de actuaci\u00f3n antes, durante y al final de la jornada escolar, as\u00ed como una constante evaluaci\u00f3n del mismo, en el entendido de que cada plantel estar\u00e1 obligado a cumplir cabalmente lo aqu\u00ed establecido, seguir\u00e1 las medidas indicadas por la autoridad y podr\u00e1 implementar medidas de prevenci\u00f3n mayores siempre y cuando sean apegadas a las que establezca el Gobierno del Estado de Jalisco.<\/p>\n<p><a href=\"https:\/\/webdelmaestrocmf.com\/portal\/wp-content\/uploads\/2020\/07\/1-6-scaled.jpeg\" target=\"_blank\" rel=\"noopener noreferrer\"><img loading=\"lazy\" decoding=\"async\" class=\"alignnone wp-image-49055 size-full\" src=\"https:\/\/webdelmaestrocmf.com\/portal\/wp-content\/uploads\/2020\/07\/1-6-scaled.jpeg\" alt=\"\" width=\"2560\" height=\"1168\" srcset=\"https:\/\/webdelmaestrocmf.com\/portal\/wp-content\/uploads\/2020\/07\/1-6-scaled.jpeg 2560w, https:\/\/webdelmaestrocmf.com\/portal\/wp-content\/uploads\/2020\/07\/1-6-300x137.jpeg 300w, https:\/\/webdelmaestrocmf.com\/portal\/wp-content\/uploads\/2020\/07\/1-6-1024x467.jpeg 1024w, https:\/\/webdelmaestrocmf.com\/portal\/wp-content\/uploads\/2020\/07\/1-6-768x350.jpeg 768w, https:\/\/webdelmaestrocmf.com\/portal\/wp-content\/uploads\/2020\/07\/1-6-1536x701.jpeg 1536w, https:\/\/webdelmaestrocmf.com\/portal\/wp-content\/uploads\/2020\/07\/1-6-2048x934.jpeg 2048w, https:\/\/webdelmaestrocmf.com\/portal\/wp-content\/uploads\/2020\/07\/1-6-110x50.jpeg 110w, https:\/\/webdelmaestrocmf.com\/portal\/wp-content\/uploads\/2020\/07\/1-6-200x91.jpeg 200w, https:\/\/webdelmaestrocmf.com\/portal\/wp-content\/uploads\/2020\/07\/1-6-380x173.jpeg 380w, https:\/\/webdelmaestrocmf.com\/portal\/wp-content\/uploads\/2020\/07\/1-6-255x116.jpeg 255w, https:\/\/webdelmaestrocmf.com\/portal\/wp-content\/uploads\/2020\/07\/1-6-550x251.jpeg 550w, https:\/\/webdelmaestrocmf.com\/portal\/wp-content\/uploads\/2020\/07\/1-6-800x365.jpeg 800w, https:\/\/webdelmaestrocmf.com\/portal\/wp-content\/uploads\/2020\/07\/1-6-1160x529.jpeg 1160w\" sizes=\"auto, (max-width: 2560px) 100vw, 2560px\" \/><\/a><\/p>\n<p style=\"text-align: justify;\">Con base en lo anterior, el presente protocolo tiene la finalidad de orientar en una serie de acciones que promuevan el cuidado de la salud de la comunidad educativa en los \u00e1mbitos t\u00e9cnico-pedag\u00f3gico y organizativo en los planteles educativos.<\/p>\n<p style=\"text-align: center;\">Recomendamos a la Comunidad Educativa Digital tener en cuenta que, el enlace y\/o la carpeta en donde est\u00e1n alojados los libros, recursos y\/o materiales, no es administrado por la Web del Maestro CMF, pueda ser que en cuesti\u00f3n de d\u00edas (o seg\u00fan el tiempo transcurrido desde su publicaci\u00f3n), los enlaces no funcionen y el material ya no se encuentre disponible. Gracias por su comprensi\u00f3n.<\/p>\n<h3>ENLACE DE LECTURA:<\/h3>\n<p>\u00a1Comparte y as\u00ed m\u00e1s docentes utilizar\u00e1n estos recursos\u00a0gratis! Muchas gracias.<\/p>\n<p style=\"text-align: center;\"><a href=\"https:\/\/drive.google.com\/file\/d\/1bDs4S9q4jxVPbq4b1q5khNuqrJ3VmzOh\/view?fbclid=IwAR1xJellwZ_0OHZDmAGfpi1o4haj8GVpslcycwE_tpeECYUpQld6xywc1SI\" target=\"_blank\" rel=\"noopener noreferrer\">SECTOR EDUCATIVO: PROTOCOLO DE ACCI\u00d3N ANTE COVID-19 PARA EL INICIO DEL CICLO ESCOLAR 2020 \u2013 2021 DE MANERA PRESENCIAL EN ESCUELAS DE EDUCACI\u00d3N B\u00c1SICA.<\/a><\/p>\n\t\t<div class=\"pk-inline-posts\">\n\t\t\t\n\t\t\t<div class=\"pk-inline-posts-container pk-inline-posts-template-list\"\n\t\t\t\tdata-columns=\"1\">\n\t\t\t\t\t\t<article id=\"post-101267\" class=\"post-101267 post type-post status-publish format-standard has-post-thumbnail category-calculo category-descargas-manuales-pdf category-pedagogia tag-calculo tag-desarrollar tag-guia tag-mental tag-ninos cs-entry cs-video-wrap\">\n\t\t\t<div class=\"pk-post-outer\">\n\n\t\t\t\t\t\t\t\t<div class=\"pk-post-inner\">\n\t\t\t\t\t<div class=\"entry-thumbnail\">\n\t\t\t\t\t\t<div class=\"pk-overlay pk-overlay-ratio pk-ratio-landscape\">\n\t\t\t\t\t\t\t<div class=\"pk-overlay-background\">\n\t\t\t\t\t\t\t\t<a href=\"https:\/\/webdelmaestrocmf.com\/portal\/guia-para-desarrollar-el-calculo-mental-en-ninos\/\" class=\"pk-overlay-link\">\n\t\t\t\t\t\t\t\t\t<img loading=\"lazy\" decoding=\"async\" width=\"300\" height=\"225\" src=\"https:\/\/webdelmaestrocmf.com\/portal\/wp-content\/uploads\/2023\/11\/1AA-Banner-1-portada-imagen-10-1-copia-1-300x225.webp\" class=\"attachment-pk-thumbnail size-pk-thumbnail wp-post-image\" alt=\"\" \/>\t\t\t\t\t\t\t\t<\/a>\n\t\t\t\t\t\t\t<\/div>\n\t\t\t\t\t\t<\/div>\n\t\t\t\t\t<\/div>\n\t\t\t\t<\/div>\n\t\t\t\t\n\t\t\t\t<div class=\"pk-post-inner\">\n\t\t\t\t\t<header>\n\t\t\t\t\t\t<h3 class=\"pk-title\"><a href=\"https:\/\/webdelmaestrocmf.com\/portal\/guia-para-desarrollar-el-calculo-mental-en-ninos\/\" rel=\"bookmark\">Gu\u00eda pr\u00e1ctica para desarrollar el c\u00e1lculo mental en ni\u00f1os: descarga los tres cuadernillos de c\u00e1lculo mental<\/a><\/h3>\t\t\t\t\t<\/header><!-- .entry-header -->\n\t\t\t\t<\/div><!-- .post-inner -->\n\n\t\t\t<\/div><!-- .post-outer -->\n\t\t<\/article>\n\t\t\t\t<\/div>\n\t\t<\/div>\n\t\t\n","protected":false},"excerpt":{"rendered":"Ning\u00fan sistema educativo estaba preparado para la pandemia que estamos viviendo. La necesidad imperiosa de cerrar planteles educativos&hellip;","protected":false},"author":1,"featured_media":49056,"comment_status":"open","ping_status":"closed","sticky":false,"template":"","format":"standard","meta":{"csco_display_header_overlay":false,"csco_singular_sidebar":"default","csco_page_header_type":"default","csco_page_load_nextpost":"default","csco_post_video_location":[],"csco_post_video_location_hash":"","csco_post_video_url":"","csco_post_video_bg_start_time":0,"csco_post_video_bg_end_time":0,"csco_post_video_bg_volume":false,"_jetpack_memberships_contains_paid_content":false,"footnotes":""},"categories":[2004,735],"tags":[757,5288,4893,3687,4734,4787,4798,828,608,4299,4733,5287],"class_list":{"0":"post-49054","1":"post","2":"type-post","3":"status-publish","4":"format-standard","5":"has-post-thumbnail","7":"category-descargas-manuales-pdf","8":"category-pedagogia","9":"tag-757","10":"tag-5288","11":"tag-accion","12":"tag-ciclo","13":"tag-coronavirus","14":"tag-covid","15":"tag-covid-19","16":"tag-educativo","17":"tag-escolar","18":"tag-inicio","19":"tag-protocolo","20":"tag-sector","21":"cs-entry","22":"cs-video-wrap"},"yoast_head":"<!-- This site is optimized with the Yoast SEO plugin v27.5 - https:\/\/yoast.com\/product\/yoast-seo-wordpress\/ -->\n<title>Sector Educativo: Protocolo de acci\u00f3n ante Covid para el inicio del Ciclo Escolar - 2026<\/title>\n<meta name=\"description\" content=\"Ning\u00fan sistema educativo estaba preparado para la pandemia que estamos viviendo. La necesidad imperiosa de cerrar planteles...\" \/>\n<meta name=\"robots\" content=\"index, follow, max-snippet:-1, max-image-preview:large, max-video-preview:-1\" \/>\n<link rel=\"canonical\" href=\"https:\/\/webdelmaestrocmf.com\/portal\/sector-educativo-protocolo-de-accion-ante-covid-19-para-el-inicio-del-ciclo-escolar-2020-2021\/\" \/>\n<meta property=\"og:locale\" content=\"es_ES\" \/>\n<meta property=\"og:type\" content=\"article\" \/>\n<meta property=\"og:title\" content=\"Sector Educativo: Protocolo de acci\u00f3n ante Covid para el inicio del Ciclo Escolar - 2026\" \/>\n<meta property=\"og:description\" content=\"Ning\u00fan sistema educativo estaba preparado para la pandemia que estamos viviendo. La necesidad imperiosa de cerrar planteles...\" \/>\n<meta property=\"og:url\" content=\"https:\/\/webdelmaestrocmf.com\/portal\/sector-educativo-protocolo-de-accion-ante-covid-19-para-el-inicio-del-ciclo-escolar-2020-2021\/\" \/>\n<meta property=\"og:site_name\" content=\"Web del Maestro CMF\" \/>\n<meta property=\"article:publisher\" content=\"https:\/\/www.facebook.com\/WebdelMaestroCMF\/\" \/>\n<meta property=\"article:author\" content=\"https:\/\/www.facebook.com\/WebdelMaestroCMF\/\" \/>\n<meta property=\"article:published_time\" content=\"2020-07-14T00:27:41+00:00\" \/>\n<meta property=\"article:modified_time\" content=\"2023-02-09T01:26:25+00:00\" \/>\n<meta property=\"og:image\" content=\"https:\/\/i0.wp.com\/webdelmaestrocmf.com\/portal\/wp-content\/uploads\/2020\/07\/1-45.jpg?fit=1100%2C680&ssl=1\" \/>\n\t<meta property=\"og:image:width\" content=\"1100\" \/>\n\t<meta property=\"og:image:height\" content=\"680\" \/>\n\t<meta property=\"og:image:type\" content=\"image\/jpeg\" \/>\n<meta name=\"author\" content=\"Web del Maestro CMF\" \/>\n<meta name=\"twitter:card\" content=\"summary_large_image\" \/>\n<meta name=\"twitter:creator\" content=\"@cmf_w\" \/>\n<meta name=\"twitter:site\" content=\"@cmf_w\" \/>\n<script type=\"application\/ld+json\" class=\"yoast-schema-graph\">{\"@context\":\"https:\\\/\\\/schema.org\",\"@graph\":[{\"@type\":\"ScholarlyArticle\",\"@id\":\"https:\\\/\\\/webdelmaestrocmf.com\\\/portal\\\/sector-educativo-protocolo-de-accion-ante-covid-19-para-el-inicio-del-ciclo-escolar-2020-2021\\\/#article\",\"isPartOf\":{\"@id\":\"https:\\\/\\\/webdelmaestrocmf.com\\\/portal\\\/sector-educativo-protocolo-de-accion-ante-covid-19-para-el-inicio-del-ciclo-escolar-2020-2021\\\/\"},\"author\":{\"name\":\"Web del Maestro CMF\",\"@id\":\"https:\\\/\\\/webdelmaestrocmf.com\\\/portal\\\/#\\\/schema\\\/person\\\/1072a2ed7bd960df8ef99a551fa35dc5\"},\"headline\":\"Sector Educativo: Protocolo de acci\u00f3n ante Covid para el inicio del Ciclo Escolar\",\"datePublished\":\"2020-07-14T00:27:41+00:00\",\"dateModified\":\"2023-02-09T01:26:25+00:00\",\"mainEntityOfPage\":{\"@id\":\"https:\\\/\\\/webdelmaestrocmf.com\\\/portal\\\/sector-educativo-protocolo-de-accion-ante-covid-19-para-el-inicio-del-ciclo-escolar-2020-2021\\\/\"},\"wordCount\":356,\"commentCount\":0,\"publisher\":{\"@id\":\"https:\\\/\\\/webdelmaestrocmf.com\\\/portal\\\/#organization\"},\"image\":{\"@id\":\"https:\\\/\\\/webdelmaestrocmf.com\\\/portal\\\/sector-educativo-protocolo-de-accion-ante-covid-19-para-el-inicio-del-ciclo-escolar-2020-2021\\\/#primaryimage\"},\"thumbnailUrl\":\"https:\\\/\\\/webdelmaestrocmf.com\\\/portal\\\/wp-content\\\/uploads\\\/2020\\\/07\\\/1-45.jpg\",\"keywords\":[\"2020\",\"2021\",\"acci\u00f3n\",\"CICLO\",\"coronavirus\",\"Covid\",\"Covid 19\",\"EDUCATIVO\",\"ESCOLAR\",\"INICIO\",\"protocolo\",\"Sector\"],\"articleSection\":[\"Descargas Manuales PDF\",\"Recursos\"],\"inLanguage\":\"es\",\"potentialAction\":[{\"@type\":\"CommentAction\",\"name\":\"Comment\",\"target\":[\"https:\\\/\\\/webdelmaestrocmf.com\\\/portal\\\/sector-educativo-protocolo-de-accion-ante-covid-19-para-el-inicio-del-ciclo-escolar-2020-2021\\\/#respond\"]}]},{\"@type\":\"WebPage\",\"@id\":\"https:\\\/\\\/webdelmaestrocmf.com\\\/portal\\\/sector-educativo-protocolo-de-accion-ante-covid-19-para-el-inicio-del-ciclo-escolar-2020-2021\\\/\",\"url\":\"https:\\\/\\\/webdelmaestrocmf.com\\\/portal\\\/sector-educativo-protocolo-de-accion-ante-covid-19-para-el-inicio-del-ciclo-escolar-2020-2021\\\/\",\"name\":\"Sector Educativo: Protocolo de acci\u00f3n ante Covid para el inicio del Ciclo Escolar - 2026\",\"isPartOf\":{\"@id\":\"https:\\\/\\\/webdelmaestrocmf.com\\\/portal\\\/#website\"},\"primaryImageOfPage\":{\"@id\":\"https:\\\/\\\/webdelmaestrocmf.com\\\/portal\\\/sector-educativo-protocolo-de-accion-ante-covid-19-para-el-inicio-del-ciclo-escolar-2020-2021\\\/#primaryimage\"},\"image\":{\"@id\":\"https:\\\/\\\/webdelmaestrocmf.com\\\/portal\\\/sector-educativo-protocolo-de-accion-ante-covid-19-para-el-inicio-del-ciclo-escolar-2020-2021\\\/#primaryimage\"},\"thumbnailUrl\":\"https:\\\/\\\/webdelmaestrocmf.com\\\/portal\\\/wp-content\\\/uploads\\\/2020\\\/07\\\/1-45.jpg\",\"datePublished\":\"2020-07-14T00:27:41+00:00\",\"dateModified\":\"2023-02-09T01:26:25+00:00\",\"description\":\"Ning\u00fan sistema educativo estaba preparado para la pandemia que estamos viviendo. La necesidad imperiosa de cerrar planteles...\",\"breadcrumb\":{\"@id\":\"https:\\\/\\\/webdelmaestrocmf.com\\\/portal\\\/sector-educativo-protocolo-de-accion-ante-covid-19-para-el-inicio-del-ciclo-escolar-2020-2021\\\/#breadcrumb\"},\"inLanguage\":\"es\",\"potentialAction\":[{\"@type\":\"ReadAction\",\"target\":[\"https:\\\/\\\/webdelmaestrocmf.com\\\/portal\\\/sector-educativo-protocolo-de-accion-ante-covid-19-para-el-inicio-del-ciclo-escolar-2020-2021\\\/\"]}]},{\"@type\":\"ImageObject\",\"inLanguage\":\"es\",\"@id\":\"https:\\\/\\\/webdelmaestrocmf.com\\\/portal\\\/sector-educativo-protocolo-de-accion-ante-covid-19-para-el-inicio-del-ciclo-escolar-2020-2021\\\/#primaryimage\",\"url\":\"https:\\\/\\\/webdelmaestrocmf.com\\\/portal\\\/wp-content\\\/uploads\\\/2020\\\/07\\\/1-45.jpg\",\"contentUrl\":\"https:\\\/\\\/webdelmaestrocmf.com\\\/portal\\\/wp-content\\\/uploads\\\/2020\\\/07\\\/1-45.jpg\",\"width\":1100,\"height\":680},{\"@type\":\"BreadcrumbList\",\"@id\":\"https:\\\/\\\/webdelmaestrocmf.com\\\/portal\\\/sector-educativo-protocolo-de-accion-ante-covid-19-para-el-inicio-del-ciclo-escolar-2020-2021\\\/#breadcrumb\",\"itemListElement\":[{\"@type\":\"ListItem\",\"position\":1,\"name\":\"Portada\",\"item\":\"https:\\\/\\\/webdelmaestrocmf.com\\\/portal\\\/\"},{\"@type\":\"ListItem\",\"position\":2,\"name\":\"Recursos\",\"item\":\"https:\\\/\\\/webdelmaestrocmf.com\\\/portal\\\/category\\\/pedagogia\\\/\"},{\"@type\":\"ListItem\",\"position\":3,\"name\":\"Sector Educativo: Protocolo de acci\u00f3n ante Covid para el inicio del Ciclo Escolar\"}]},{\"@type\":\"WebSite\",\"@id\":\"https:\\\/\\\/webdelmaestrocmf.com\\\/portal\\\/#website\",\"url\":\"https:\\\/\\\/webdelmaestrocmf.com\\\/portal\\\/\",\"name\":\"Web del Maestro CMF\",\"description\":\"Maestros al servicio de la educaci\u00f3n\",\"publisher\":{\"@id\":\"https:\\\/\\\/webdelmaestrocmf.com\\\/portal\\\/#organization\"},\"alternateName\":\"WMCMF\",\"potentialAction\":[{\"@type\":\"SearchAction\",\"target\":{\"@type\":\"EntryPoint\",\"urlTemplate\":\"https:\\\/\\\/webdelmaestrocmf.com\\\/portal\\\/?s={search_term_string}\"},\"query-input\":{\"@type\":\"PropertyValueSpecification\",\"valueRequired\":true,\"valueName\":\"search_term_string\"}}],\"inLanguage\":\"es\"},{\"@type\":\"Organization\",\"@id\":\"https:\\\/\\\/webdelmaestrocmf.com\\\/portal\\\/#organization\",\"name\":\"Web del Maestro CMF\",\"alternateName\":\"WMCMF\",\"url\":\"https:\\\/\\\/webdelmaestrocmf.com\\\/portal\\\/\",\"logo\":{\"@type\":\"ImageObject\",\"inLanguage\":\"es\",\"@id\":\"https:\\\/\\\/webdelmaestrocmf.com\\\/portal\\\/#\\\/schema\\\/logo\\\/image\\\/\",\"url\":\"https:\\\/\\\/webdelmaestrocmf.com\\\/portal\\\/wp-content\\\/uploads\\\/2023\\\/01\\\/logo-wmcmf-2.png\",\"contentUrl\":\"https:\\\/\\\/webdelmaestrocmf.com\\\/portal\\\/wp-content\\\/uploads\\\/2023\\\/01\\\/logo-wmcmf-2.png\",\"width\":200,\"height\":60,\"caption\":\"Web del Maestro CMF\"},\"image\":{\"@id\":\"https:\\\/\\\/webdelmaestrocmf.com\\\/portal\\\/#\\\/schema\\\/logo\\\/image\\\/\"},\"sameAs\":[\"https:\\\/\\\/www.facebook.com\\\/WebdelMaestroCMF\\\/\",\"https:\\\/\\\/x.com\\\/cmf_w\",\"https:\\\/\\\/www.pinterest.com\\\/WMCMF\\\/\",\"https:\\\/\\\/www.linkedin.com\\\/company\\\/web-del-maestro-cmf\\\/\",\"https:\\\/\\\/www.instagram.com\\\/wmcmf\\\/\",\"https:\\\/\\\/www.youtube.com\\\/channel\\\/UCDPSvjbdodE5sHnC3OxutHw\",\"https:\\\/\\\/mastodon.social\\\/@wmcmf\",\"https:\\\/\\\/www.tiktok.com\\\/@webdelmaestrocmf\"]},{\"@type\":\"Person\",\"@id\":\"https:\\\/\\\/webdelmaestrocmf.com\\\/portal\\\/#\\\/schema\\\/person\\\/1072a2ed7bd960df8ef99a551fa35dc5\",\"name\":\"Web del Maestro CMF\",\"image\":{\"@type\":\"ImageObject\",\"inLanguage\":\"es\",\"@id\":\"https:\\\/\\\/secure.gravatar.com\\\/avatar\\\/23291dd5b5ae1077dcff3dbb04c3e02bd28403fa75af6d8787d5e97c5bbbe30b?s=96&d=mm&r=g\",\"url\":\"https:\\\/\\\/secure.gravatar.com\\\/avatar\\\/23291dd5b5ae1077dcff3dbb04c3e02bd28403fa75af6d8787d5e97c5bbbe30b?s=96&d=mm&r=g\",\"contentUrl\":\"https:\\\/\\\/secure.gravatar.com\\\/avatar\\\/23291dd5b5ae1077dcff3dbb04c3e02bd28403fa75af6d8787d5e97c5bbbe30b?s=96&d=mm&r=g\",\"caption\":\"Web del Maestro CMF\"},\"description\":\"Esta Web se cre\u00f3 sin fines de lucro, con fines educativos, cient\u00edficos y acad\u00e9micos, para personas que tengan dificultades y\\\/o inconvenientes en visualizar el material original. El objetivo es entregar recursos, compartir experiencias y materiales que ayuden a los padres de familia, maestros y estudiantes en su actualizaci\u00f3n y formaci\u00f3n permanente, en bien de la Educaci\u00f3n.\",\"sameAs\":[\"http:\\\/\\\/webdelmaestrocmf.com\\\/portal\",\"https:\\\/\\\/www.facebook.com\\\/WebdelMaestroCMF\\\/\",\"https:\\\/\\\/www.instagram.com\\\/wmcmf\\\/\",\"https:\\\/\\\/cl.linkedin.com\\\/company\\\/web-del-maestro-cmf\",\"https:\\\/\\\/www.pinterest.com\\\/WMCMF\\\/publicaciones\\\/\",\"https:\\\/\\\/x.com\\\/cmf_w\",\"https:\\\/\\\/www.youtube.com\\\/@WMCMF\"]}]}<\/script>\n<!-- \/ Yoast SEO plugin. -->","yoast_head_json":{"title":"Sector Educativo: Protocolo de acci\u00f3n ante Covid para el inicio del Ciclo Escolar - 2026","description":"Ning\u00fan sistema educativo estaba preparado para la pandemia que estamos viviendo. La necesidad imperiosa de cerrar planteles...","robots":{"index":"index","follow":"follow","max-snippet":"max-snippet:-1","max-image-preview":"max-image-preview:large","max-video-preview":"max-video-preview:-1"},"canonical":"https:\/\/webdelmaestrocmf.com\/portal\/sector-educativo-protocolo-de-accion-ante-covid-19-para-el-inicio-del-ciclo-escolar-2020-2021\/","og_locale":"es_ES","og_type":"article","og_title":"Sector Educativo: Protocolo de acci\u00f3n ante Covid para el inicio del Ciclo Escolar - 2026","og_description":"Ning\u00fan sistema educativo estaba preparado para la pandemia que estamos viviendo. La necesidad imperiosa de cerrar planteles...","og_url":"https:\/\/webdelmaestrocmf.com\/portal\/sector-educativo-protocolo-de-accion-ante-covid-19-para-el-inicio-del-ciclo-escolar-2020-2021\/","og_site_name":"Web del Maestro CMF","article_publisher":"https:\/\/www.facebook.com\/WebdelMaestroCMF\/","article_author":"https:\/\/www.facebook.com\/WebdelMaestroCMF\/","article_published_time":"2020-07-14T00:27:41+00:00","article_modified_time":"2023-02-09T01:26:25+00:00","og_image":[{"width":1100,"height":680,"url":"https:\/\/i0.wp.com\/webdelmaestrocmf.com\/portal\/wp-content\/uploads\/2020\/07\/1-45.jpg?fit=1100%2C680&ssl=1","type":"image\/jpeg"}],"author":"Web del Maestro CMF","twitter_card":"summary_large_image","twitter_creator":"@cmf_w","twitter_site":"@cmf_w","schema":{"@context":"https:\/\/schema.org","@graph":[{"@type":"ScholarlyArticle","@id":"https:\/\/webdelmaestrocmf.com\/portal\/sector-educativo-protocolo-de-accion-ante-covid-19-para-el-inicio-del-ciclo-escolar-2020-2021\/#article","isPartOf":{"@id":"https:\/\/webdelmaestrocmf.com\/portal\/sector-educativo-protocolo-de-accion-ante-covid-19-para-el-inicio-del-ciclo-escolar-2020-2021\/"},"author":{"name":"Web del Maestro CMF","@id":"https:\/\/webdelmaestrocmf.com\/portal\/#\/schema\/person\/1072a2ed7bd960df8ef99a551fa35dc5"},"headline":"Sector Educativo: Protocolo de acci\u00f3n ante Covid para el inicio del Ciclo Escolar","datePublished":"2020-07-14T00:27:41+00:00","dateModified":"2023-02-09T01:26:25+00:00","mainEntityOfPage":{"@id":"https:\/\/webdelmaestrocmf.com\/portal\/sector-educativo-protocolo-de-accion-ante-covid-19-para-el-inicio-del-ciclo-escolar-2020-2021\/"},"wordCount":356,"commentCount":0,"publisher":{"@id":"https:\/\/webdelmaestrocmf.com\/portal\/#organization"},"image":{"@id":"https:\/\/webdelmaestrocmf.com\/portal\/sector-educativo-protocolo-de-accion-ante-covid-19-para-el-inicio-del-ciclo-escolar-2020-2021\/#primaryimage"},"thumbnailUrl":"https:\/\/webdelmaestrocmf.com\/portal\/wp-content\/uploads\/2020\/07\/1-45.jpg","keywords":["2020","2021","acci\u00f3n","CICLO","coronavirus","Covid","Covid 19","EDUCATIVO","ESCOLAR","INICIO","protocolo","Sector"],"articleSection":["Descargas Manuales PDF","Recursos"],"inLanguage":"es","potentialAction":[{"@type":"CommentAction","name":"Comment","target":["https:\/\/webdelmaestrocmf.com\/portal\/sector-educativo-protocolo-de-accion-ante-covid-19-para-el-inicio-del-ciclo-escolar-2020-2021\/#respond"]}]},{"@type":"WebPage","@id":"https:\/\/webdelmaestrocmf.com\/portal\/sector-educativo-protocolo-de-accion-ante-covid-19-para-el-inicio-del-ciclo-escolar-2020-2021\/","url":"https:\/\/webdelmaestrocmf.com\/portal\/sector-educativo-protocolo-de-accion-ante-covid-19-para-el-inicio-del-ciclo-escolar-2020-2021\/","name":"Sector Educativo: Protocolo de acci\u00f3n ante Covid para el inicio del Ciclo Escolar - 2026","isPartOf":{"@id":"https:\/\/webdelmaestrocmf.com\/portal\/#website"},"primaryImageOfPage":{"@id":"https:\/\/webdelmaestrocmf.com\/portal\/sector-educativo-protocolo-de-accion-ante-covid-19-para-el-inicio-del-ciclo-escolar-2020-2021\/#primaryimage"},"image":{"@id":"https:\/\/webdelmaestrocmf.com\/portal\/sector-educativo-protocolo-de-accion-ante-covid-19-para-el-inicio-del-ciclo-escolar-2020-2021\/#primaryimage"},"thumbnailUrl":"https:\/\/webdelmaestrocmf.com\/portal\/wp-content\/uploads\/2020\/07\/1-45.jpg","datePublished":"2020-07-14T00:27:41+00:00","dateModified":"2023-02-09T01:26:25+00:00","description":"Ning\u00fan sistema educativo estaba preparado para la pandemia que estamos viviendo. La necesidad imperiosa de cerrar planteles...","breadcrumb":{"@id":"https:\/\/webdelmaestrocmf.com\/portal\/sector-educativo-protocolo-de-accion-ante-covid-19-para-el-inicio-del-ciclo-escolar-2020-2021\/#breadcrumb"},"inLanguage":"es","potentialAction":[{"@type":"ReadAction","target":["https:\/\/webdelmaestrocmf.com\/portal\/sector-educativo-protocolo-de-accion-ante-covid-19-para-el-inicio-del-ciclo-escolar-2020-2021\/"]}]},{"@type":"ImageObject","inLanguage":"es","@id":"https:\/\/webdelmaestrocmf.com\/portal\/sector-educativo-protocolo-de-accion-ante-covid-19-para-el-inicio-del-ciclo-escolar-2020-2021\/#primaryimage","url":"https:\/\/webdelmaestrocmf.com\/portal\/wp-content\/uploads\/2020\/07\/1-45.jpg","contentUrl":"https:\/\/webdelmaestrocmf.com\/portal\/wp-content\/uploads\/2020\/07\/1-45.jpg","width":1100,"height":680},{"@type":"BreadcrumbList","@id":"https:\/\/webdelmaestrocmf.com\/portal\/sector-educativo-protocolo-de-accion-ante-covid-19-para-el-inicio-del-ciclo-escolar-2020-2021\/#breadcrumb","itemListElement":[{"@type":"ListItem","position":1,"name":"Portada","item":"https:\/\/webdelmaestrocmf.com\/portal\/"},{"@type":"ListItem","position":2,"name":"Recursos","item":"https:\/\/webdelmaestrocmf.com\/portal\/category\/pedagogia\/"},{"@type":"ListItem","position":3,"name":"Sector Educativo: Protocolo de acci\u00f3n ante Covid para el inicio del Ciclo Escolar"}]},{"@type":"WebSite","@id":"https:\/\/webdelmaestrocmf.com\/portal\/#website","url":"https:\/\/webdelmaestrocmf.com\/portal\/","name":"Web del Maestro CMF","description":"Maestros al servicio de la educaci\u00f3n","publisher":{"@id":"https:\/\/webdelmaestrocmf.com\/portal\/#organization"},"alternateName":"WMCMF","potentialAction":[{"@type":"SearchAction","target":{"@type":"EntryPoint","urlTemplate":"https:\/\/webdelmaestrocmf.com\/portal\/?s={search_term_string}"},"query-input":{"@type":"PropertyValueSpecification","valueRequired":true,"valueName":"search_term_string"}}],"inLanguage":"es"},{"@type":"Organization","@id":"https:\/\/webdelmaestrocmf.com\/portal\/#organization","name":"Web del Maestro CMF","alternateName":"WMCMF","url":"https:\/\/webdelmaestrocmf.com\/portal\/","logo":{"@type":"ImageObject","inLanguage":"es","@id":"https:\/\/webdelmaestrocmf.com\/portal\/#\/schema\/logo\/image\/","url":"https:\/\/webdelmaestrocmf.com\/portal\/wp-content\/uploads\/2023\/01\/logo-wmcmf-2.png","contentUrl":"https:\/\/webdelmaestrocmf.com\/portal\/wp-content\/uploads\/2023\/01\/logo-wmcmf-2.png","width":200,"height":60,"caption":"Web del Maestro CMF"},"image":{"@id":"https:\/\/webdelmaestrocmf.com\/portal\/#\/schema\/logo\/image\/"},"sameAs":["https:\/\/www.facebook.com\/WebdelMaestroCMF\/","https:\/\/x.com\/cmf_w","https:\/\/www.pinterest.com\/WMCMF\/","https:\/\/www.linkedin.com\/company\/web-del-maestro-cmf\/","https:\/\/www.instagram.com\/wmcmf\/","https:\/\/www.youtube.com\/channel\/UCDPSvjbdodE5sHnC3OxutHw","https:\/\/mastodon.social\/@wmcmf","https:\/\/www.tiktok.com\/@webdelmaestrocmf"]},{"@type":"Person","@id":"https:\/\/webdelmaestrocmf.com\/portal\/#\/schema\/person\/1072a2ed7bd960df8ef99a551fa35dc5","name":"Web del Maestro CMF","image":{"@type":"ImageObject","inLanguage":"es","@id":"https:\/\/secure.gravatar.com\/avatar\/23291dd5b5ae1077dcff3dbb04c3e02bd28403fa75af6d8787d5e97c5bbbe30b?s=96&d=mm&r=g","url":"https:\/\/secure.gravatar.com\/avatar\/23291dd5b5ae1077dcff3dbb04c3e02bd28403fa75af6d8787d5e97c5bbbe30b?s=96&d=mm&r=g","contentUrl":"https:\/\/secure.gravatar.com\/avatar\/23291dd5b5ae1077dcff3dbb04c3e02bd28403fa75af6d8787d5e97c5bbbe30b?s=96&d=mm&r=g","caption":"Web del Maestro CMF"},"description":"Esta Web se cre\u00f3 sin fines de lucro, con fines educativos, cient\u00edficos y acad\u00e9micos, para personas que tengan dificultades y\/o inconvenientes en visualizar el material original. El objetivo es entregar recursos, compartir experiencias y materiales que ayuden a los padres de familia, maestros y estudiantes en su actualizaci\u00f3n y formaci\u00f3n permanente, en bien de la Educaci\u00f3n.","sameAs":["http:\/\/webdelmaestrocmf.com\/portal","https:\/\/www.facebook.com\/WebdelMaestroCMF\/","https:\/\/www.instagram.com\/wmcmf\/","https:\/\/cl.linkedin.com\/company\/web-del-maestro-cmf","https:\/\/www.pinterest.com\/WMCMF\/publicaciones\/","https:\/\/x.com\/cmf_w","https:\/\/www.youtube.com\/@WMCMF"]}]}},"jetpack_featured_media_url":"https:\/\/webdelmaestrocmf.com\/portal\/wp-content\/uploads\/2020\/07\/1-45.jpg","jetpack_sharing_enabled":true,"jetpack-related-posts":[{"id":49680,"url":"https:\/\/webdelmaestrocmf.com\/portal\/mexico-el-inicio-del-ciclo-escolar-sera-el-24-de-agosto-a-distancia-y-por-television\/","url_meta":{"origin":49054,"position":0},"title":"M\u00e9xico: El inicio del ciclo escolar ser\u00e1 el 24 de agosto a distancia y por televisi\u00f3n","author":"Web del Maestro CMF","date":"3 agosto, 2020","format":false,"excerpt":"El titular de la Secretar\u00eda de Educaci\u00f3n P\u00fablica (SEP)\u00a0Esteban Moctezuma Barrag\u00e1n\u00a0confirm\u00f3 que el ciclo escolar 2020-2021 comenzar\u00e1 el pr\u00f3ximo lunes\u00a024 de agosto. Las\u00a0clases\u00a0dar\u00e1n inicio\u00a0a distancia\u00a0con el apoyo de las principales televisoras del pa\u00eds al no existir condiciones de salubridad para iniciar de forma presencial. En conferencia de prensa desde Palacio\u2026","rel":"","context":"En \u00abNoticias\u00bb","block_context":{"text":"Noticias","link":"https:\/\/webdelmaestrocmf.com\/portal\/category\/pedagogia\/noticias-pedagogia\/"},"img":{"alt_text":"","src":"https:\/\/i0.wp.com\/webdelmaestrocmf.com\/portal\/wp-content\/uploads\/2020\/08\/1-9.jpg?resize=350%2C200&ssl=1","width":350,"height":200,"srcset":"https:\/\/i0.wp.com\/webdelmaestrocmf.com\/portal\/wp-content\/uploads\/2020\/08\/1-9.jpg?resize=350%2C200&ssl=1 1x, https:\/\/i0.wp.com\/webdelmaestrocmf.com\/portal\/wp-content\/uploads\/2020\/08\/1-9.jpg?resize=525%2C300&ssl=1 1.5x, https:\/\/i0.wp.com\/webdelmaestrocmf.com\/portal\/wp-content\/uploads\/2020\/08\/1-9.jpg?resize=700%2C400&ssl=1 2x, https:\/\/i0.wp.com\/webdelmaestrocmf.com\/portal\/wp-content\/uploads\/2020\/08\/1-9.jpg?resize=1050%2C600&ssl=1 3x"},"classes":[]},{"id":52088,"url":"https:\/\/webdelmaestrocmf.com\/portal\/replantear-los-contenidos-y-la-organizacion-del-aprendizaje-en-america-latina-y-el-caribe-frente-a-la-pandemia-del-covid-19-informe-pdf\/","url_meta":{"origin":49054,"position":1},"title":"Replantear los contenidos y la organizaci\u00f3n del aprendizaje en Am\u00e9rica Latina y El Caribe frente a la pandemia del Covid 19 (Informe PDF)","author":"Web del Maestro CMF","date":"25 septiembre, 2020","format":false,"excerpt":"Seg\u00fan datos de la Organizaci\u00f3n de las Naciones Unidas para la Educaci\u00f3n, la Ciencia y la Cultura (UNESCO), a mediados de mayo de 2020 m\u00e1s de 1.200 millones de estudiantes de todos los niveles de ense\u00f1anza, en m\u00e1s de 190 pa\u00edses, hab\u00edan dejado de tener clases presenciales en la escuela.\u2026","rel":"","context":"En \u00abINTER\u00c9S\u00bb","block_context":{"text":"INTER\u00c9S","link":"https:\/\/webdelmaestrocmf.com\/portal\/category\/noticias-educacion\/"},"img":{"alt_text":"","src":"https:\/\/i0.wp.com\/webdelmaestrocmf.com\/portal\/wp-content\/uploads\/2020\/09\/1-copia-92.jpg?resize=350%2C200&ssl=1","width":350,"height":200,"srcset":"https:\/\/i0.wp.com\/webdelmaestrocmf.com\/portal\/wp-content\/uploads\/2020\/09\/1-copia-92.jpg?resize=350%2C200&ssl=1 1x, https:\/\/i0.wp.com\/webdelmaestrocmf.com\/portal\/wp-content\/uploads\/2020\/09\/1-copia-92.jpg?resize=525%2C300&ssl=1 1.5x, https:\/\/i0.wp.com\/webdelmaestrocmf.com\/portal\/wp-content\/uploads\/2020\/09\/1-copia-92.jpg?resize=700%2C400&ssl=1 2x, https:\/\/i0.wp.com\/webdelmaestrocmf.com\/portal\/wp-content\/uploads\/2020\/09\/1-copia-92.jpg?resize=1050%2C600&ssl=1 3x"},"classes":[]},{"id":55417,"url":"https:\/\/webdelmaestrocmf.com\/portal\/el-covid-19-ha-cambiado-la-educacion-para-siempre-algunos-cambios-educativos-irreversibles-despues-de-la-pandemia-del-covid-19\/","url_meta":{"origin":49054,"position":2},"title":"\u00bfEl covid-19 ha cambiado la educaci\u00f3n para siempre? Algunos cambios educativos irreversibles despu\u00e9s de la pandemia del Covid 19","author":"Web del Maestro CMF","date":"25 diciembre, 2021","format":false,"excerpt":"La pandemia del Covid ha obligado al cierre de escuelas en casi todo el mundo, cambiando poco o toda la rutina escolar a m\u00e1s de 1.200 millones de ni\u00f1os de m\u00e1s de 180 pa\u00edses, y ha modificado la labor a 63 millones de profesores, de escuelas p\u00fablicas y privadas.\u00a0 Y\u2026","rel":"","context":"En \u00abYo opino - WMCMF\u00bb","block_context":{"text":"Yo opino - WMCMF","link":"https:\/\/webdelmaestrocmf.com\/portal\/category\/jamb\/"},"img":{"alt_text":"","src":"https:\/\/i0.wp.com\/webdelmaestrocmf.com\/portal\/wp-content\/uploads\/2020\/11\/1-copia-85.jpg?resize=350%2C200&ssl=1","width":350,"height":200,"srcset":"https:\/\/i0.wp.com\/webdelmaestrocmf.com\/portal\/wp-content\/uploads\/2020\/11\/1-copia-85.jpg?resize=350%2C200&ssl=1 1x, https:\/\/i0.wp.com\/webdelmaestrocmf.com\/portal\/wp-content\/uploads\/2020\/11\/1-copia-85.jpg?resize=525%2C300&ssl=1 1.5x, https:\/\/i0.wp.com\/webdelmaestrocmf.com\/portal\/wp-content\/uploads\/2020\/11\/1-copia-85.jpg?resize=700%2C400&ssl=1 2x, https:\/\/i0.wp.com\/webdelmaestrocmf.com\/portal\/wp-content\/uploads\/2020\/11\/1-copia-85.jpg?resize=1050%2C600&ssl=1 3x"},"classes":[]},{"id":65167,"url":"https:\/\/webdelmaestrocmf.com\/portal\/cree-que-las-condiciones-sanitarias-que-se-dan-en-su-pais-para-volver-a-clases-de-forma-presencial-son-correctas-y-asertivas\/","url_meta":{"origin":49054,"position":3},"title":"\u00bfCree que las condiciones sanitarias que se dan en su pa\u00eds para volver a clases de forma presencial son correctas y asertivas?","author":"Web del Maestro CMF","date":"13 julio, 2021","format":false,"excerpt":"Buena parte de los j\u00f3venes y ni\u00f1os de diferentes partes del mundo han asistido por \u00faltima vez a clases en marzo del 2020. Esfuerzos como \u201cclases virtuales\u201d no han podido llegar a todos ni reemplazar la educaci\u00f3n presencial. Mientras los Ministerios de Educaci\u00f3n de diferentes pa\u00edses de la regi\u00f3n inician\u2026","rel":"","context":"En \u00abNoticias\u00bb","block_context":{"text":"Noticias","link":"https:\/\/webdelmaestrocmf.com\/portal\/category\/pedagogia\/noticias-pedagogia\/"},"img":{"alt_text":"","src":"https:\/\/i0.wp.com\/webdelmaestrocmf.com\/portal\/wp-content\/uploads\/2021\/07\/1-89.jpeg?resize=350%2C200&ssl=1","width":350,"height":200,"srcset":"https:\/\/i0.wp.com\/webdelmaestrocmf.com\/portal\/wp-content\/uploads\/2021\/07\/1-89.jpeg?resize=350%2C200&ssl=1 1x, https:\/\/i0.wp.com\/webdelmaestrocmf.com\/portal\/wp-content\/uploads\/2021\/07\/1-89.jpeg?resize=525%2C300&ssl=1 1.5x, https:\/\/i0.wp.com\/webdelmaestrocmf.com\/portal\/wp-content\/uploads\/2021\/07\/1-89.jpeg?resize=700%2C400&ssl=1 2x, https:\/\/i0.wp.com\/webdelmaestrocmf.com\/portal\/wp-content\/uploads\/2021\/07\/1-89.jpeg?resize=1050%2C600&ssl=1 3x"},"classes":[]},{"id":115646,"url":"https:\/\/webdelmaestrocmf.com\/portal\/alumno-agredio-a-companera-en-secundaria-de-veracruz-autoridades-activan-protocolos\/","url_meta":{"origin":49054,"position":4},"title":"Alumno agredi\u00f3 a compa\u00f1era en secundaria de Veracruz; autoridades activan protocolos","author":"Web del Maestro CMF","date":"2 marzo, 2026","format":false,"excerpt":"Un alumno de secundaria agredi\u00f3 brutalmente a una compa\u00f1era dentro del plantel. El hecho fue grabado por estudiantes, difundido en redes sociales y oblig\u00f3 a autoridades educativas a activar protocolos.","rel":"","context":"En \u00abNoticias Internacionales\u00bb","block_context":{"text":"Noticias Internacionales","link":"https:\/\/webdelmaestrocmf.com\/portal\/category\/noticias-internacionales\/"},"img":{"alt_text":"","src":"https:\/\/i0.wp.com\/webdelmaestrocmf.com\/portal\/wp-content\/uploads\/2026\/03\/1A-Banner-1-portada-imagen-10-1-copia-8.webp?resize=350%2C200&ssl=1","width":350,"height":200,"srcset":"https:\/\/i0.wp.com\/webdelmaestrocmf.com\/portal\/wp-content\/uploads\/2026\/03\/1A-Banner-1-portada-imagen-10-1-copia-8.webp?resize=350%2C200&ssl=1 1x, https:\/\/i0.wp.com\/webdelmaestrocmf.com\/portal\/wp-content\/uploads\/2026\/03\/1A-Banner-1-portada-imagen-10-1-copia-8.webp?resize=525%2C300&ssl=1 1.5x, https:\/\/i0.wp.com\/webdelmaestrocmf.com\/portal\/wp-content\/uploads\/2026\/03\/1A-Banner-1-portada-imagen-10-1-copia-8.webp?resize=700%2C400&ssl=1 2x"},"classes":[]},{"id":47708,"url":"https:\/\/webdelmaestrocmf.com\/portal\/sesion-ordinaria-de-cierre-del-ciclo-escolar-ante-covid-19-fichero-criterios-de-acreditacion-promocion-y-certificacion\/","url_meta":{"origin":49054,"position":5},"title":"Sesi\u00f3n Ordinaria de Cierre del Ciclo Escolar ante COVID-19: Fichero, Criterios de acreditaci\u00f3n, promoci\u00f3n y certificaci\u00f3n","author":"Web del Maestro CMF","date":"6 junio, 2020","format":false,"excerpt":"Consejo T\u00e9cnico Escolar. Sesi\u00f3n Ordinaria de cierre del ciclo escolar 2019-2020 ante COVID-19. Educaci\u00f3n B\u00e1sica. La Gu\u00eda de trabajo fue elaborada por la Direcci\u00f3n General de Desarrollo de la Gesti\u00f3n Educativa, de la Subsecretar\u00eda de Educaci\u00f3n B\u00e1sica, de la Secretar\u00eda de Educaci\u00f3n P\u00fablica - M\u00e9xico. Por acuerdo del Consejo Nacional\u2026","rel":"","context":"En \u00abDescargas Manuales PDF\u00bb","block_context":{"text":"Descargas Manuales PDF","link":"https:\/\/webdelmaestrocmf.com\/portal\/category\/pedagogia\/descargas-manuales-pdf\/"},"img":{"alt_text":"","src":"https:\/\/i0.wp.com\/webdelmaestrocmf.com\/portal\/wp-content\/uploads\/2020\/06\/1-35.jpg?resize=350%2C200&ssl=1","width":350,"height":200,"srcset":"https:\/\/i0.wp.com\/webdelmaestrocmf.com\/portal\/wp-content\/uploads\/2020\/06\/1-35.jpg?resize=350%2C200&ssl=1 1x, https:\/\/i0.wp.com\/webdelmaestrocmf.com\/portal\/wp-content\/uploads\/2020\/06\/1-35.jpg?resize=525%2C300&ssl=1 1.5x, https:\/\/i0.wp.com\/webdelmaestrocmf.com\/portal\/wp-content\/uploads\/2020\/06\/1-35.jpg?resize=700%2C400&ssl=1 2x, https:\/\/i0.wp.com\/webdelmaestrocmf.com\/portal\/wp-content\/uploads\/2020\/06\/1-35.jpg?resize=1050%2C600&ssl=1 3x"},"classes":[]}],"_links":{"self":[{"href":"https:\/\/webdelmaestrocmf.com\/portal\/wp-json\/wp\/v2\/posts\/49054","targetHints":{"allow":["GET"]}}],"collection":[{"href":"https:\/\/webdelmaestrocmf.com\/portal\/wp-json\/wp\/v2\/posts"}],"about":[{"href":"https:\/\/webdelmaestrocmf.com\/portal\/wp-json\/wp\/v2\/types\/post"}],"author":[{"embeddable":true,"href":"https:\/\/webdelmaestrocmf.com\/portal\/wp-json\/wp\/v2\/users\/1"}],"replies":[{"embeddable":true,"href":"https:\/\/webdelmaestrocmf.com\/portal\/wp-json\/wp\/v2\/comments?post=49054"}],"version-history":[{"count":0,"href":"https:\/\/webdelmaestrocmf.com\/portal\/wp-json\/wp\/v2\/posts\/49054\/revisions"}],"wp:featuredmedia":[{"embeddable":true,"href":"https:\/\/webdelmaestrocmf.com\/portal\/wp-json\/wp\/v2\/media\/49056"}],"wp:attachment":[{"href":"https:\/\/webdelmaestrocmf.com\/portal\/wp-json\/wp\/v2\/media?parent=49054"}],"wp:term":[{"taxonomy":"category","embeddable":true,"href":"https:\/\/webdelmaestrocmf.com\/portal\/wp-json\/wp\/v2\/categories?post=49054"},{"taxonomy":"post_tag","embeddable":true,"href":"https:\/\/webdelmaestrocmf.com\/portal\/wp-json\/wp\/v2\/tags?post=49054"}],"curies":[{"name":"wp","href":"https:\/\/api.w.org\/{rel}","templated":true}]}}