{"id":48852,"date":"2020-07-08T22:32:26","date_gmt":"2020-07-09T02:32:26","guid":{"rendered":"https:\/\/webdelmaestrocmf.com\/portal\/?p=48852"},"modified":"2022-06-25T22:18:29","modified_gmt":"2022-06-26T02:18:29","slug":"alfredo-sanchez-no-es-posible-trasladar-un-tipo-de-educacion-basada-en-la-interaccion-fisica-a-un-medio-digital","status":"publish","type":"post","link":"https:\/\/webdelmaestrocmf.com\/portal\/alfredo-sanchez-no-es-posible-trasladar-un-tipo-de-educacion-basada-en-la-interaccion-fisica-a-un-medio-digital\/","title":{"rendered":"Alfredo S\u00e1nchez: No es posible trasladar un tipo de educaci\u00f3n basada en la interacci\u00f3n f\u00edsica a un medio digital"},"content":{"rendered":"<h5 style=\"text-align: justify;\">El profesor Alfredo S\u00e1nchez S\u00e1nchez comenz\u00f3 a ejercer como profesor particular, al mismo tiempo que practicaba su afici\u00f3n por el baloncesto. Luego postul\u00f3 para ser profesor de Dibujo T\u00e9cnico en un centro educativo; y, seg\u00fan cuenta en su Blog: \u201c<strong>ah\u00ed empez\u00f3 mi verdadero camino profesional.<\/strong> Resulta que ten\u00eda que dar clases de tecnolog\u00eda, tocaba aprender mucho contenido desconocido\u201d. Este reto lo llev\u00f3 a estudiar y lograr un <strong>M\u00e1ster de Profesorado <\/strong>(Universidad Camilo Jos\u00e9 Cela) y el Grado en<strong> Ingenier\u00eda de Edificaci\u00f3n (<\/strong>Universidad Polit\u00e9cnica de Madrid).<\/h5>\n<p><!--more--><\/p>\n<p style=\"text-align: justify;\">S\u00e1nchez por su forma de trabajar, difundir lo que hac\u00eda y perseguir su nueva pasi\u00f3n, dej\u00f3 las aulas para dedicarse a \u201ccrear <strong>programas educativos en materias de tecnolog\u00eda y formar al profesorado<\/strong> sobre c\u00f3mo trasladar el cambiante sector a un aula a\u00fan hoy en d\u00eda bastante tradicional\u201d. Sin embargo, dos a\u00f1os despu\u00e9s ingres\u00f3 a la plana docente de la Escuela Libre Micael, de pedagog\u00eda Waldorf, ubicada en la Comunidad de Madrid; <strong>oblig\u00e1ndole a \u201creciclarse\u201d en un entorno \u201cmas centrado en el desarrollo humano y art\u00edstico<\/strong>\u201d.<\/p>\n<p><a href=\"https:\/\/webdelmaestrocmf.com\/portal\/wp-content\/uploads\/2020\/07\/1-copia-15.jpg\"><img loading=\"lazy\" decoding=\"async\" class=\"alignnone wp-image-48890 size-full\" src=\"https:\/\/webdelmaestrocmf.com\/portal\/wp-content\/uploads\/2020\/07\/1-copia-15.jpg\" alt=\"\" width=\"1100\" height=\"680\" srcset=\"https:\/\/webdelmaestrocmf.com\/portal\/wp-content\/uploads\/2020\/07\/1-copia-15.jpg 1100w, https:\/\/webdelmaestrocmf.com\/portal\/wp-content\/uploads\/2020\/07\/1-copia-15-300x185.jpg 300w, https:\/\/webdelmaestrocmf.com\/portal\/wp-content\/uploads\/2020\/07\/1-copia-15-1024x633.jpg 1024w, https:\/\/webdelmaestrocmf.com\/portal\/wp-content\/uploads\/2020\/07\/1-copia-15-768x475.jpg 768w, https:\/\/webdelmaestrocmf.com\/portal\/wp-content\/uploads\/2020\/07\/1-copia-15-110x68.jpg 110w, https:\/\/webdelmaestrocmf.com\/portal\/wp-content\/uploads\/2020\/07\/1-copia-15-200x124.jpg 200w, https:\/\/webdelmaestrocmf.com\/portal\/wp-content\/uploads\/2020\/07\/1-copia-15-380x235.jpg 380w, https:\/\/webdelmaestrocmf.com\/portal\/wp-content\/uploads\/2020\/07\/1-copia-15-255x158.jpg 255w, https:\/\/webdelmaestrocmf.com\/portal\/wp-content\/uploads\/2020\/07\/1-copia-15-550x340.jpg 550w, https:\/\/webdelmaestrocmf.com\/portal\/wp-content\/uploads\/2020\/07\/1-copia-15-800x495.jpg 800w\" sizes=\"auto, (max-width: 1100px) 100vw, 1100px\" \/><\/a><\/p>\n<p style=\"text-align: justify;\">La licenciada en periodismo Carlota Fominaya, entrevist\u00f3 para ABC al profesor Alfredo S\u00e1nchez S\u00e1nchez, y dialogan sobre el uso de los dispositivos tecnol\u00f3gicos en este tiempo de confinamiento, la combinaci\u00f3n de la educaci\u00f3n presencial con la telem\u00e1tica, las clases online, la atenci\u00f3n, la creatividad, el pensamiento cr\u00edtico, la capacidad de resolver problemas complejos, las capacidades de comunicaci\u00f3n\u2026 de los estudiantes. La clave en este reto de la educaci\u00f3n a distancia \u2013 seg\u00fan el profesor S\u00e1nchez- estar\u00eda en \u201cen comprender <strong>qu\u00e9 necesidad tiene cada etapa evolutiva y dise\u00f1ar una actividad adecuada\u201d<\/strong> para los estudiantes, siempre de acuerdo con los objetivos acad\u00e9micos que se desean alcanzar ante \u201cun verdadero cambio de era\u201d.<\/p>\n<p style=\"text-align: justify;\">Por motivos \u00fanicamente educativos y de formaci\u00f3n permanente, nos permitimos compartir <strong>partes de la entrevista<\/strong>, conocer (de primera mano) la experiencia de cambiar la actitud docente con los desaf\u00edos personales y ahora con la llegada del Covid 19, y el por qu\u00e9 hoy se necesita revisar todo el proceso de ense\u00f1anza \u2013 aprendizaje. Tambi\u00e9n los animamos a <strong>leer art\u00edculos, reflexiones, ideas, estudios, consejos y todo aquello que pueda ayudarles a tener una visi\u00f3n m\u00e1s completa y global del proceso de digitalizaci\u00f3n<\/strong>, en el Blog del profesor S\u00e1nchez, a trav\u00e9s de art\u00edculos, como: Educaci\u00f3n sin pantallas, un derecho de la infancia, Desconexi\u00f3n digital: mucho m\u00e1s que un derecho, Confinamiento y burbuja de filtros, &#8230; relacionados con nuestra tarea docente. Este es el enlace: <a href=\"https:\/\/serhumanodigital.com\" target=\"_blank\" rel=\"noopener noreferrer\"><strong>SER HUMANO DIGITAL<\/strong><\/a><\/p>\n<p style=\"text-align: justify;\"><strong>CARLOTA FOMINAYA: <\/strong><strong>Durante el confinamiento, la mayor\u00eda de familias ha relajado el control sobre los menores y el uso que estos han hecho de los dispositivos electr\u00f3nicos. \u00bf[C\u00f3mo] volver a los l\u00edmites?<\/strong><\/p>\n<p style=\"text-align: justify;\"><strong>ALFREDO S\u00c1NCHEZ:<\/strong> \u201c<strong>El medio digital<\/strong>, pese a su indiscutible potencial como fuente de evoluci\u00f3n humana, <strong>tiene una parte negativa, oscura, que nos genera una adicci\u00f3n importante<\/strong>, [&#8230;] En los menores, al no estar en su fase m\u00e1xima de maduraci\u00f3n la parte del cerebro que gestiona las adicciones, este efecto es muy tangible. <strong>En una situaci\u00f3n de confinamiento<\/strong>, [&#8230;] es l\u00f3gico perder el control y no poder poner l\u00edmites al consumo digital.\u00a0<strong>Ser\u00e1 complicado volver a restringir el uso, pero es necesario<\/strong>. Mi consejo es que se tenga en cuenta que el menor no tiene control sobre la adicci\u00f3n que el medio digital le provoca y no siempre el di\u00e1logo va a apaciguar las ganas de m\u00e1s dosis de dopamina\u201d.<\/p>\n<p style=\"text-align: justify;\"><strong>CARLOTA FOMINAYA: <\/strong><strong>Por otro lado, la pandemia nos ha puesto en una situaci\u00f3n nueva, que pone sobre la mesa la necesidad de combinar la educaci\u00f3n presencial con la telem\u00e1tica. \u00bfCu\u00e1l ser\u00eda seg\u00fan usted la mejor manera de equilibrar aprendizajes entre una y otra?\u00a0<\/strong><\/p>\n<p style=\"text-align: justify;\"><strong>ALFREDO S\u00c1NCHEZ:<\/strong> \u201cNo se puede enfocar el aprendizaje en un nuevo medio de la misma forma que se hac\u00eda previamente. Es muy importante entender esa dualidad entre <strong>necesidad evolutiva y entorno actual<\/strong>. Los menores tienen unas <strong>necesidades evolutivas muy ligadas a ritmos lentos, entornos naturales y mucho movimiento y juego<\/strong>. [&#8230;] La clave en los pr\u00f3ximos a\u00f1os va a ser entender que\u00a0<strong>no es posible trasladar un tipo de educaci\u00f3n basada en la interacci\u00f3n f\u00edsica a un medio digital sin replantearse todo casi desde el principio<\/strong>. El desarrollo de <strong>las soluciones digitales para educaci\u00f3n<\/strong> y ocio infantil actualmente est\u00e1n enfocadas a la estimulaci\u00f3n, por lo que <strong>desplazan en buena medida el fortalecimiento de la autonom\u00eda y la imaginaci\u00f3n<\/strong> internas.\u00a0\u00a0 [&#8230;] Todas las habilidades que se adquieren con el juego y la imitaci\u00f3n de otros seres humanos no se desarrollan de la misma forma en muchas de las actividades que se proponen en el medio digital. [&#8230;] quiz\u00e1 sea m\u00e1s importante <strong>respetar lo esencialmente importante en la infancia antes que la adquisici\u00f3n de contenidos<\/strong> de curr\u00edculums educativos.\u00a0<strong>Hemos pasado de una educaci\u00f3n anal\u00f3gica a una totalmente digital.<\/strong>\u00a0Seguramente pudiendo <strong>combinar fases presenciales con fases online<\/strong> se pueda mejorar el impacto real que tiene el aprendizaje\u201d.<\/p>\n<p style=\"text-align: justify;\">Art\u00edculo relacionado: <a href=\"https:\/\/webdelmaestrocmf.com\/portal\/5-competencias-digitales-que-deben-tener-los-profesores-actuales\/\" target=\"_blank\" rel=\"noopener noreferrer\"><strong>ESTAS SON LAS CAPACIDADES DIGITALES DE UN DOCENTE MODERNO<\/strong><\/a><\/p>\n<h5 style=\"text-align: left;\"><strong>CARLOTA FOMINAYA: <\/strong><strong>Durante la pandemia, hemos visto colegios que han puesto clases online a ni\u00f1os de educaci\u00f3n infantil. \u00bfEs posible mantener la atenci\u00f3n a edades tan tempranas?<\/strong><strong>\u00a0<\/strong><strong>\u00a0<\/strong><\/h5>\n<p style=\"text-align: justify;\"><strong>ALFREDO S\u00c1NCHEZ:<\/strong> \u201c[&#8230;] La realidad es que la primera infancia es el periodo m\u00e1s trepidante de aprendizaje y el cerebro se desarrolla a un ritmo vertiginoso. La calidad de las experiencias educativas en esa edad tienen mucha importancia en el futuro. Curiosamente <strong>cada vez parece haber mayor consenso en la necesidad de experiencias humanas y f\u00edsicas a esas edades.<\/strong>\u00a0 [&#8230;] <strong>A los 4 a\u00f1os de edad no se est\u00e1 preparado para aprovechar el aprendizaje que se puede extraer de una clase online<\/strong>. Es natural pensar que es positivo estimular a un ni\u00f1o, pero la realidad es que hacerlo a trav\u00e9s del medio digital puede ser contraproducente. [El estudiante] se sit\u00faa en una <strong>posici\u00f3n muy pasiva frente al aprendizaje<\/strong>\u201d.<\/p>\n<p style=\"text-align: justify;\">Art\u00edculo recomendado: <a href=\"https:\/\/webdelmaestrocmf.com\/portal\/huerfanos-digitales-preocupante-falta-de-formacion\/\" target=\"_blank\" rel=\"noopener noreferrer\"><strong>HU\u00c9RFANOS DIGITALES: PREOCUPANTE FALTA DE FORMACION<\/strong><\/a><\/p>\n<h5 style=\"text-align: left;\"><strong>CARLOTA FOMINAYA: <\/strong><strong>Usted se\u00f1ala que la cosa tampoco es f\u00e1cil en Secundaria, y menos cuando los alumnos no tienen claros sus anhelos.\u00a0<\/strong><strong>\u00a0<\/strong><\/h5>\n<p style=\"text-align: justify;\"><strong>ALFREDO S\u00c1NCHEZ:<\/strong> \u201c[&#8230;] <strong>El aprendizaje real surge de la motivaci\u00f3n, y la motivaci\u00f3n la alimenta todo el mundo emocional del individuo.\u00a0<\/strong>Si no tenemos claro el por qu\u00e9 queremos aprender es m\u00e1s complejo que nos vinculemos con un aprendizaje. Es algo que ya pasaba en las clases presenciales, [&#8230;] Se puede trabajar para buscar la motivaci\u00f3n aunque el propio contenido no despierte emoci\u00f3n alguna. En el medio virtual la comunicaci\u00f3n est\u00e1 muy sesgada, se reduce a una imagen no del todo n\u00edtida y toda la expresi\u00f3n corporal y contexto desaparece,\u00a0<strong>es muy complicado detectar que un alumno o alumna necesita ayuda para avanzar o conectarse con el aprendizaje<\/strong>. [&#8230;]\u00a0Aunque tradicionalmente se ha hablado de <strong>brecha digital<\/strong> en t\u00e9rminos de d\u00e9ficit de medios t\u00e9cnicos,\u00a0\u00a0la brecha digital engloba muchos m\u00e1s problemas, [&#8230;]\u201d.<\/p>\n<h5 style=\"text-align: left;\"><strong>CARLOTA FOMINAYA: En algunos de sus post usted indica, incluso, que las habilidades necesarias en el actual mercado laboral se aprenden lejos de las pantallas o, al menos, no necesariamente gracias a ellas \u2026<\/strong><\/h5>\n<p style=\"text-align: justify;\"><strong>ALFREDO S\u00c1NCHEZ: <\/strong>\u201cCreo firmemente en que <strong>no es necesario utilizar el medio digital tempranamente<\/strong> para poder ser un usuario activo y solvente en el mismo en el futuro. Realmente el medio digital est\u00e1 construido para ser intuitivo y su uso es sencillo.\u00a0 [&#8230;] Eso no quita que se tengan que alejar las pantallas de los menores, pero s\u00ed que <strong>hay que tener en cuenta qu\u00e9 pretendemos trabajar a trav\u00e9s de ellas.<\/strong> [&#8230;]\u00a0m\u00e1s que el acceso a la informaci\u00f3n <strong>el valor educativo est\u00e1 en el desarrollo de una mirada cr\u00edtica sobre la misma y una capacidad de unir, completar, contextualizar e interiorizar todo lo que se lee en el nuevo medio<\/strong>. [&#8230;]\u00a0Si queremos <strong>utilizar el medio digital debe ser desde un rol mucho m\u00e1s activo, creativo, y no tan pasivo<\/strong> como el que habitualmente se adquiere utilizando dispositivos m\u00f3viles y medios digitales. [&#8230;]\u201d.<strong>\u00a0<\/strong><\/p>\n<p style=\"text-align: justify;\">La entrevista completa est\u00e1 en este enlace: <a href=\"https:\/\/www.abc.es\/familia\/padres-hijos\/abci-profesor-programacion-clases-online-complicado-detectar-si-alumno-necesita-ayuda-202006170206_noticia.html\" target=\"_blank\" rel=\"noopener noreferrer\"><strong>UN PROFESOR DE PROGRAMACI\u00d3N: \u00abEN LAS CLASES ONLINE ES COMPLICADO DETECTAR SI UN ALUMNO NECESITA AYUDA\u00bb<\/strong><\/a><strong>\u00a0<\/strong><\/p>\n<p style=\"text-align: justify;\">\u201cTrabaja por meditar si tu primera reacci\u00f3n frente a una noticia es la adecuada, busca profundizar, lee otras fuentes, rompe la superficialidad y la falta de contexto de la informaci\u00f3n en p\u00edldoras que fluye por la red\u201d.<\/p>\n<p style=\"text-align: right;\"><strong>REDACCI\u00d3N WEB DEL MAESTRO CMF<\/strong><\/p>\n\t\t<div class=\"pk-inline-posts\">\n\t\t\t\n\t\t\t<div class=\"pk-inline-posts-container pk-inline-posts-template-list\"\n\t\t\t\tdata-columns=\"1\">\n\t\t\t\t\t\t<article id=\"post-118510\" class=\"post-118510 post type-post status-publish format-standard has-post-thumbnail category-entrevistas category-noticias tag-aprendizaje tag-aula tag-docentes tag-educacion-2 tag-estudiantes tag-filosofia-2 tag-formacion-2 tag-inteligencia tag-jose-antonio-marina tag-pedagogia-2 tag-pensamiento-critico-2 cs-entry cs-video-wrap\">\n\t\t\t<div class=\"pk-post-outer\">\n\n\t\t\t\t\t\t\t\t<div class=\"pk-post-inner\">\n\t\t\t\t\t<div class=\"entry-thumbnail\">\n\t\t\t\t\t\t<div class=\"pk-overlay pk-overlay-ratio pk-ratio-landscape\">\n\t\t\t\t\t\t\t<div class=\"pk-overlay-background\">\n\t\t\t\t\t\t\t\t<a href=\"https:\/\/webdelmaestrocmf.com\/portal\/jose-antonio-marina-si-no-teneis-pensamiento-critico-o-si-no-hay-pensamiento-critico-la-manipulacion-va-a-ser-muy-sencilla\/\" class=\"pk-overlay-link\">\n\t\t\t\t\t\t\t\t\t<img loading=\"lazy\" decoding=\"async\" width=\"300\" height=\"225\" src=\"https:\/\/webdelmaestrocmf.com\/portal\/wp-content\/uploads\/2026\/04\/1AA-Banner-1-portada-imagen-10-1-copia-5-6-300x225.webp\" class=\"attachment-pk-thumbnail size-pk-thumbnail wp-post-image\" alt=\"\" \/>\t\t\t\t\t\t\t\t<\/a>\n\t\t\t\t\t\t\t<\/div>\n\t\t\t\t\t\t<\/div>\n\t\t\t\t\t<\/div>\n\t\t\t\t<\/div>\n\t\t\t\t\n\t\t\t\t<div class=\"pk-post-inner\">\n\t\t\t\t\t<header>\n\t\t\t\t\t\t<h3 class=\"pk-title\"><a href=\"https:\/\/webdelmaestrocmf.com\/portal\/jose-antonio-marina-si-no-teneis-pensamiento-critico-o-si-no-hay-pensamiento-critico-la-manipulacion-va-a-ser-muy-sencilla\/\" rel=\"bookmark\">Jos\u00e9 Antonio Marina: Si no ten\u00e9is pensamiento cr\u00edtico, o si no hay pensamiento cr\u00edtico, la manipulaci\u00f3n va a ser muy sencilla<\/a><\/h3>\t\t\t\t\t<\/header><!-- .entry-header -->\n\t\t\t\t<\/div><!-- .post-inner -->\n\n\t\t\t<\/div><!-- .post-outer -->\n\t\t<\/article>\n\t\t\t\t<\/div>\n\t\t<\/div>\n\t\t\n","protected":false},"excerpt":{"rendered":"El profesor Alfredo S\u00e1nchez S\u00e1nchez comenz\u00f3 a ejercer como profesor particular, al mismo tiempo que practicaba su afici\u00f3n&hellip;","protected":false},"author":1,"featured_media":48890,"comment_status":"open","ping_status":"closed","sticky":false,"template":"","format":"standard","meta":{"csco_display_header_overlay":false,"csco_singular_sidebar":"disabled","csco_page_header_type":"standard","csco_page_load_nextpost":"default","csco_post_video_location":[],"csco_post_video_location_hash":"","csco_post_video_url":"","csco_post_video_bg_start_time":0,"csco_post_video_bg_end_time":0,"csco_post_video_bg_volume":false,"_jetpack_memberships_contains_paid_content":false,"footnotes":""},"categories":[48,47],"tags":[5258,2319,2318,55,576,5260,3620,4312,5259],"class_list":{"0":"post-48852","1":"post","2":"type-post","3":"status-publish","4":"format-standard","5":"has-post-thumbnail","7":"category-entrevistas","8":"category-noticias","9":"tag-alfredo-sanchez","10":"tag-basada","11":"tag-digital","12":"tag-educacion","13":"tag-fisica","14":"tag-interaccion","15":"tag-medio","16":"tag-tipo","17":"tag-trasladar","18":"cs-entry","19":"cs-video-wrap"},"yoast_head":"<!-- This site is optimized with the Yoast SEO plugin v27.5 - https:\/\/yoast.com\/product\/yoast-seo-wordpress\/ -->\n<title>Alfredo S\u00e1nchez: No es posible trasladar un tipo de educaci\u00f3n basada en la interacci\u00f3n f\u00edsica a un medio digital - 2026<\/title>\n<meta name=\"description\" content=\"El profesor Alfredo S\u00e1nchez S\u00e1nchez comenz\u00f3 a ejercer como profesor particular, al mismo tiempo que practicaba su afici\u00f3n por el baloncesto. Luego...\" \/>\n<meta name=\"robots\" content=\"index, follow, max-snippet:-1, max-image-preview:large, max-video-preview:-1\" \/>\n<link rel=\"canonical\" href=\"https:\/\/webdelmaestrocmf.com\/portal\/alfredo-sanchez-no-es-posible-trasladar-un-tipo-de-educacion-basada-en-la-interaccion-fisica-a-un-medio-digital\/\" \/>\n<meta property=\"og:locale\" content=\"es_ES\" \/>\n<meta property=\"og:type\" content=\"article\" \/>\n<meta property=\"og:title\" content=\"Alfredo S\u00e1nchez: No es posible trasladar un tipo de educaci\u00f3n basada en la interacci\u00f3n f\u00edsica a un medio digital - 2026\" \/>\n<meta property=\"og:description\" content=\"El profesor Alfredo S\u00e1nchez S\u00e1nchez comenz\u00f3 a ejercer como profesor particular, al mismo tiempo que practicaba su afici\u00f3n por el baloncesto. Luego...\" \/>\n<meta property=\"og:url\" content=\"https:\/\/webdelmaestrocmf.com\/portal\/alfredo-sanchez-no-es-posible-trasladar-un-tipo-de-educacion-basada-en-la-interaccion-fisica-a-un-medio-digital\/\" \/>\n<meta property=\"og:site_name\" content=\"Web del Maestro CMF\" \/>\n<meta property=\"article:publisher\" content=\"https:\/\/www.facebook.com\/WebdelMaestroCMF\/\" \/>\n<meta property=\"article:author\" content=\"https:\/\/www.facebook.com\/WebdelMaestroCMF\/\" \/>\n<meta property=\"article:published_time\" content=\"2020-07-09T02:32:26+00:00\" \/>\n<meta property=\"article:modified_time\" content=\"2022-06-26T02:18:29+00:00\" \/>\n<meta property=\"og:image\" content=\"https:\/\/i0.wp.com\/webdelmaestrocmf.com\/portal\/wp-content\/uploads\/2020\/07\/1-copia-15.jpg?fit=1100%2C680&ssl=1\" \/>\n\t<meta property=\"og:image:width\" content=\"1100\" \/>\n\t<meta property=\"og:image:height\" content=\"680\" \/>\n\t<meta property=\"og:image:type\" content=\"image\/jpeg\" \/>\n<meta name=\"author\" content=\"Web del Maestro CMF\" \/>\n<meta name=\"twitter:card\" content=\"summary_large_image\" \/>\n<meta name=\"twitter:creator\" content=\"@cmf_w\" \/>\n<meta name=\"twitter:site\" content=\"@cmf_w\" \/>\n<script type=\"application\/ld+json\" class=\"yoast-schema-graph\">{\"@context\":\"https:\\\/\\\/schema.org\",\"@graph\":[{\"@type\":\"ScholarlyArticle\",\"@id\":\"https:\\\/\\\/webdelmaestrocmf.com\\\/portal\\\/alfredo-sanchez-no-es-posible-trasladar-un-tipo-de-educacion-basada-en-la-interaccion-fisica-a-un-medio-digital\\\/#article\",\"isPartOf\":{\"@id\":\"https:\\\/\\\/webdelmaestrocmf.com\\\/portal\\\/alfredo-sanchez-no-es-posible-trasladar-un-tipo-de-educacion-basada-en-la-interaccion-fisica-a-un-medio-digital\\\/\"},\"author\":{\"name\":\"Web del Maestro CMF\",\"@id\":\"https:\\\/\\\/webdelmaestrocmf.com\\\/portal\\\/#\\\/schema\\\/person\\\/1072a2ed7bd960df8ef99a551fa35dc5\"},\"headline\":\"Alfredo S\u00e1nchez: No es posible trasladar un tipo de educaci\u00f3n basada en la interacci\u00f3n f\u00edsica a un medio digital\",\"datePublished\":\"2020-07-09T02:32:26+00:00\",\"dateModified\":\"2022-06-26T02:18:29+00:00\",\"mainEntityOfPage\":{\"@id\":\"https:\\\/\\\/webdelmaestrocmf.com\\\/portal\\\/alfredo-sanchez-no-es-posible-trasladar-un-tipo-de-educacion-basada-en-la-interaccion-fisica-a-un-medio-digital\\\/\"},\"wordCount\":1500,\"commentCount\":1,\"publisher\":{\"@id\":\"https:\\\/\\\/webdelmaestrocmf.com\\\/portal\\\/#organization\"},\"image\":{\"@id\":\"https:\\\/\\\/webdelmaestrocmf.com\\\/portal\\\/alfredo-sanchez-no-es-posible-trasladar-un-tipo-de-educacion-basada-en-la-interaccion-fisica-a-un-medio-digital\\\/#primaryimage\"},\"thumbnailUrl\":\"https:\\\/\\\/webdelmaestrocmf.com\\\/portal\\\/wp-content\\\/uploads\\\/2020\\\/07\\\/1-copia-15.jpg\",\"keywords\":[\"Alfredo S\u00e1nchez\",\"BASADA\",\"DIGITAL\",\"EDUCACI\u00d3N\",\"F\u00cdSICA\",\"interacci\u00f3n\",\"MEDIO\",\"TIPO\",\"trasladar\"],\"articleSection\":[\"Entrevistas\",\"Noticias\"],\"inLanguage\":\"es\",\"potentialAction\":[{\"@type\":\"CommentAction\",\"name\":\"Comment\",\"target\":[\"https:\\\/\\\/webdelmaestrocmf.com\\\/portal\\\/alfredo-sanchez-no-es-posible-trasladar-un-tipo-de-educacion-basada-en-la-interaccion-fisica-a-un-medio-digital\\\/#respond\"]}]},{\"@type\":\"WebPage\",\"@id\":\"https:\\\/\\\/webdelmaestrocmf.com\\\/portal\\\/alfredo-sanchez-no-es-posible-trasladar-un-tipo-de-educacion-basada-en-la-interaccion-fisica-a-un-medio-digital\\\/\",\"url\":\"https:\\\/\\\/webdelmaestrocmf.com\\\/portal\\\/alfredo-sanchez-no-es-posible-trasladar-un-tipo-de-educacion-basada-en-la-interaccion-fisica-a-un-medio-digital\\\/\",\"name\":\"Alfredo S\u00e1nchez: No es posible trasladar un tipo de educaci\u00f3n basada en la interacci\u00f3n f\u00edsica a un medio digital - 2026\",\"isPartOf\":{\"@id\":\"https:\\\/\\\/webdelmaestrocmf.com\\\/portal\\\/#website\"},\"primaryImageOfPage\":{\"@id\":\"https:\\\/\\\/webdelmaestrocmf.com\\\/portal\\\/alfredo-sanchez-no-es-posible-trasladar-un-tipo-de-educacion-basada-en-la-interaccion-fisica-a-un-medio-digital\\\/#primaryimage\"},\"image\":{\"@id\":\"https:\\\/\\\/webdelmaestrocmf.com\\\/portal\\\/alfredo-sanchez-no-es-posible-trasladar-un-tipo-de-educacion-basada-en-la-interaccion-fisica-a-un-medio-digital\\\/#primaryimage\"},\"thumbnailUrl\":\"https:\\\/\\\/webdelmaestrocmf.com\\\/portal\\\/wp-content\\\/uploads\\\/2020\\\/07\\\/1-copia-15.jpg\",\"datePublished\":\"2020-07-09T02:32:26+00:00\",\"dateModified\":\"2022-06-26T02:18:29+00:00\",\"description\":\"El profesor Alfredo S\u00e1nchez S\u00e1nchez comenz\u00f3 a ejercer como profesor particular, al mismo tiempo que practicaba su afici\u00f3n por el baloncesto. Luego...\",\"breadcrumb\":{\"@id\":\"https:\\\/\\\/webdelmaestrocmf.com\\\/portal\\\/alfredo-sanchez-no-es-posible-trasladar-un-tipo-de-educacion-basada-en-la-interaccion-fisica-a-un-medio-digital\\\/#breadcrumb\"},\"inLanguage\":\"es\",\"potentialAction\":[{\"@type\":\"ReadAction\",\"target\":[\"https:\\\/\\\/webdelmaestrocmf.com\\\/portal\\\/alfredo-sanchez-no-es-posible-trasladar-un-tipo-de-educacion-basada-en-la-interaccion-fisica-a-un-medio-digital\\\/\"]}]},{\"@type\":\"ImageObject\",\"inLanguage\":\"es\",\"@id\":\"https:\\\/\\\/webdelmaestrocmf.com\\\/portal\\\/alfredo-sanchez-no-es-posible-trasladar-un-tipo-de-educacion-basada-en-la-interaccion-fisica-a-un-medio-digital\\\/#primaryimage\",\"url\":\"https:\\\/\\\/webdelmaestrocmf.com\\\/portal\\\/wp-content\\\/uploads\\\/2020\\\/07\\\/1-copia-15.jpg\",\"contentUrl\":\"https:\\\/\\\/webdelmaestrocmf.com\\\/portal\\\/wp-content\\\/uploads\\\/2020\\\/07\\\/1-copia-15.jpg\",\"width\":1100,\"height\":680},{\"@type\":\"BreadcrumbList\",\"@id\":\"https:\\\/\\\/webdelmaestrocmf.com\\\/portal\\\/alfredo-sanchez-no-es-posible-trasladar-un-tipo-de-educacion-basada-en-la-interaccion-fisica-a-un-medio-digital\\\/#breadcrumb\",\"itemListElement\":[{\"@type\":\"ListItem\",\"position\":1,\"name\":\"Portada\",\"item\":\"https:\\\/\\\/webdelmaestrocmf.com\\\/portal\\\/\"},{\"@type\":\"ListItem\",\"position\":2,\"name\":\"Noticias\",\"item\":\"https:\\\/\\\/webdelmaestrocmf.com\\\/portal\\\/category\\\/noticias\\\/\"},{\"@type\":\"ListItem\",\"position\":3,\"name\":\"Alfredo S\u00e1nchez: No es posible trasladar un tipo de educaci\u00f3n basada en la interacci\u00f3n f\u00edsica a un medio digital\"}]},{\"@type\":\"WebSite\",\"@id\":\"https:\\\/\\\/webdelmaestrocmf.com\\\/portal\\\/#website\",\"url\":\"https:\\\/\\\/webdelmaestrocmf.com\\\/portal\\\/\",\"name\":\"Web del Maestro CMF\",\"description\":\"Maestros al servicio de la educaci\u00f3n\",\"publisher\":{\"@id\":\"https:\\\/\\\/webdelmaestrocmf.com\\\/portal\\\/#organization\"},\"alternateName\":\"WMCMF\",\"potentialAction\":[{\"@type\":\"SearchAction\",\"target\":{\"@type\":\"EntryPoint\",\"urlTemplate\":\"https:\\\/\\\/webdelmaestrocmf.com\\\/portal\\\/?s={search_term_string}\"},\"query-input\":{\"@type\":\"PropertyValueSpecification\",\"valueRequired\":true,\"valueName\":\"search_term_string\"}}],\"inLanguage\":\"es\"},{\"@type\":\"Organization\",\"@id\":\"https:\\\/\\\/webdelmaestrocmf.com\\\/portal\\\/#organization\",\"name\":\"Web del Maestro CMF\",\"alternateName\":\"WMCMF\",\"url\":\"https:\\\/\\\/webdelmaestrocmf.com\\\/portal\\\/\",\"logo\":{\"@type\":\"ImageObject\",\"inLanguage\":\"es\",\"@id\":\"https:\\\/\\\/webdelmaestrocmf.com\\\/portal\\\/#\\\/schema\\\/logo\\\/image\\\/\",\"url\":\"https:\\\/\\\/webdelmaestrocmf.com\\\/portal\\\/wp-content\\\/uploads\\\/2023\\\/01\\\/logo-wmcmf-2.png\",\"contentUrl\":\"https:\\\/\\\/webdelmaestrocmf.com\\\/portal\\\/wp-content\\\/uploads\\\/2023\\\/01\\\/logo-wmcmf-2.png\",\"width\":200,\"height\":60,\"caption\":\"Web del Maestro CMF\"},\"image\":{\"@id\":\"https:\\\/\\\/webdelmaestrocmf.com\\\/portal\\\/#\\\/schema\\\/logo\\\/image\\\/\"},\"sameAs\":[\"https:\\\/\\\/www.facebook.com\\\/WebdelMaestroCMF\\\/\",\"https:\\\/\\\/x.com\\\/cmf_w\",\"https:\\\/\\\/www.pinterest.com\\\/WMCMF\\\/\",\"https:\\\/\\\/www.linkedin.com\\\/company\\\/web-del-maestro-cmf\\\/\",\"https:\\\/\\\/www.instagram.com\\\/wmcmf\\\/\",\"https:\\\/\\\/www.youtube.com\\\/channel\\\/UCDPSvjbdodE5sHnC3OxutHw\",\"https:\\\/\\\/mastodon.social\\\/@wmcmf\",\"https:\\\/\\\/www.tiktok.com\\\/@webdelmaestrocmf\"]},{\"@type\":\"Person\",\"@id\":\"https:\\\/\\\/webdelmaestrocmf.com\\\/portal\\\/#\\\/schema\\\/person\\\/1072a2ed7bd960df8ef99a551fa35dc5\",\"name\":\"Web del Maestro CMF\",\"image\":{\"@type\":\"ImageObject\",\"inLanguage\":\"es\",\"@id\":\"https:\\\/\\\/secure.gravatar.com\\\/avatar\\\/23291dd5b5ae1077dcff3dbb04c3e02bd28403fa75af6d8787d5e97c5bbbe30b?s=96&d=mm&r=g\",\"url\":\"https:\\\/\\\/secure.gravatar.com\\\/avatar\\\/23291dd5b5ae1077dcff3dbb04c3e02bd28403fa75af6d8787d5e97c5bbbe30b?s=96&d=mm&r=g\",\"contentUrl\":\"https:\\\/\\\/secure.gravatar.com\\\/avatar\\\/23291dd5b5ae1077dcff3dbb04c3e02bd28403fa75af6d8787d5e97c5bbbe30b?s=96&d=mm&r=g\",\"caption\":\"Web del Maestro CMF\"},\"description\":\"Esta Web se cre\u00f3 sin fines de lucro, con fines educativos, cient\u00edficos y acad\u00e9micos, para personas que tengan dificultades y\\\/o inconvenientes en visualizar el material original. El objetivo es entregar recursos, compartir experiencias y materiales que ayuden a los padres de familia, maestros y estudiantes en su actualizaci\u00f3n y formaci\u00f3n permanente, en bien de la Educaci\u00f3n.\",\"sameAs\":[\"http:\\\/\\\/webdelmaestrocmf.com\\\/portal\",\"https:\\\/\\\/www.facebook.com\\\/WebdelMaestroCMF\\\/\",\"https:\\\/\\\/www.instagram.com\\\/wmcmf\\\/\",\"https:\\\/\\\/cl.linkedin.com\\\/company\\\/web-del-maestro-cmf\",\"https:\\\/\\\/www.pinterest.com\\\/WMCMF\\\/publicaciones\\\/\",\"https:\\\/\\\/x.com\\\/cmf_w\",\"https:\\\/\\\/www.youtube.com\\\/@WMCMF\"]}]}<\/script>\n<!-- \/ Yoast SEO plugin. -->","yoast_head_json":{"title":"Alfredo S\u00e1nchez: No es posible trasladar un tipo de educaci\u00f3n basada en la interacci\u00f3n f\u00edsica a un medio digital - 2026","description":"El profesor Alfredo S\u00e1nchez S\u00e1nchez comenz\u00f3 a ejercer como profesor particular, al mismo tiempo que practicaba su afici\u00f3n por el baloncesto. Luego...","robots":{"index":"index","follow":"follow","max-snippet":"max-snippet:-1","max-image-preview":"max-image-preview:large","max-video-preview":"max-video-preview:-1"},"canonical":"https:\/\/webdelmaestrocmf.com\/portal\/alfredo-sanchez-no-es-posible-trasladar-un-tipo-de-educacion-basada-en-la-interaccion-fisica-a-un-medio-digital\/","og_locale":"es_ES","og_type":"article","og_title":"Alfredo S\u00e1nchez: No es posible trasladar un tipo de educaci\u00f3n basada en la interacci\u00f3n f\u00edsica a un medio digital - 2026","og_description":"El profesor Alfredo S\u00e1nchez S\u00e1nchez comenz\u00f3 a ejercer como profesor particular, al mismo tiempo que practicaba su afici\u00f3n por el baloncesto. Luego...","og_url":"https:\/\/webdelmaestrocmf.com\/portal\/alfredo-sanchez-no-es-posible-trasladar-un-tipo-de-educacion-basada-en-la-interaccion-fisica-a-un-medio-digital\/","og_site_name":"Web del Maestro CMF","article_publisher":"https:\/\/www.facebook.com\/WebdelMaestroCMF\/","article_author":"https:\/\/www.facebook.com\/WebdelMaestroCMF\/","article_published_time":"2020-07-09T02:32:26+00:00","article_modified_time":"2022-06-26T02:18:29+00:00","og_image":[{"width":1100,"height":680,"url":"https:\/\/i0.wp.com\/webdelmaestrocmf.com\/portal\/wp-content\/uploads\/2020\/07\/1-copia-15.jpg?fit=1100%2C680&ssl=1","type":"image\/jpeg"}],"author":"Web del Maestro CMF","twitter_card":"summary_large_image","twitter_creator":"@cmf_w","twitter_site":"@cmf_w","schema":{"@context":"https:\/\/schema.org","@graph":[{"@type":"ScholarlyArticle","@id":"https:\/\/webdelmaestrocmf.com\/portal\/alfredo-sanchez-no-es-posible-trasladar-un-tipo-de-educacion-basada-en-la-interaccion-fisica-a-un-medio-digital\/#article","isPartOf":{"@id":"https:\/\/webdelmaestrocmf.com\/portal\/alfredo-sanchez-no-es-posible-trasladar-un-tipo-de-educacion-basada-en-la-interaccion-fisica-a-un-medio-digital\/"},"author":{"name":"Web del Maestro CMF","@id":"https:\/\/webdelmaestrocmf.com\/portal\/#\/schema\/person\/1072a2ed7bd960df8ef99a551fa35dc5"},"headline":"Alfredo S\u00e1nchez: No es posible trasladar un tipo de educaci\u00f3n basada en la interacci\u00f3n f\u00edsica a un medio digital","datePublished":"2020-07-09T02:32:26+00:00","dateModified":"2022-06-26T02:18:29+00:00","mainEntityOfPage":{"@id":"https:\/\/webdelmaestrocmf.com\/portal\/alfredo-sanchez-no-es-posible-trasladar-un-tipo-de-educacion-basada-en-la-interaccion-fisica-a-un-medio-digital\/"},"wordCount":1500,"commentCount":1,"publisher":{"@id":"https:\/\/webdelmaestrocmf.com\/portal\/#organization"},"image":{"@id":"https:\/\/webdelmaestrocmf.com\/portal\/alfredo-sanchez-no-es-posible-trasladar-un-tipo-de-educacion-basada-en-la-interaccion-fisica-a-un-medio-digital\/#primaryimage"},"thumbnailUrl":"https:\/\/webdelmaestrocmf.com\/portal\/wp-content\/uploads\/2020\/07\/1-copia-15.jpg","keywords":["Alfredo S\u00e1nchez","BASADA","DIGITAL","EDUCACI\u00d3N","F\u00cdSICA","interacci\u00f3n","MEDIO","TIPO","trasladar"],"articleSection":["Entrevistas","Noticias"],"inLanguage":"es","potentialAction":[{"@type":"CommentAction","name":"Comment","target":["https:\/\/webdelmaestrocmf.com\/portal\/alfredo-sanchez-no-es-posible-trasladar-un-tipo-de-educacion-basada-en-la-interaccion-fisica-a-un-medio-digital\/#respond"]}]},{"@type":"WebPage","@id":"https:\/\/webdelmaestrocmf.com\/portal\/alfredo-sanchez-no-es-posible-trasladar-un-tipo-de-educacion-basada-en-la-interaccion-fisica-a-un-medio-digital\/","url":"https:\/\/webdelmaestrocmf.com\/portal\/alfredo-sanchez-no-es-posible-trasladar-un-tipo-de-educacion-basada-en-la-interaccion-fisica-a-un-medio-digital\/","name":"Alfredo S\u00e1nchez: No es posible trasladar un tipo de educaci\u00f3n basada en la interacci\u00f3n f\u00edsica a un medio digital - 2026","isPartOf":{"@id":"https:\/\/webdelmaestrocmf.com\/portal\/#website"},"primaryImageOfPage":{"@id":"https:\/\/webdelmaestrocmf.com\/portal\/alfredo-sanchez-no-es-posible-trasladar-un-tipo-de-educacion-basada-en-la-interaccion-fisica-a-un-medio-digital\/#primaryimage"},"image":{"@id":"https:\/\/webdelmaestrocmf.com\/portal\/alfredo-sanchez-no-es-posible-trasladar-un-tipo-de-educacion-basada-en-la-interaccion-fisica-a-un-medio-digital\/#primaryimage"},"thumbnailUrl":"https:\/\/webdelmaestrocmf.com\/portal\/wp-content\/uploads\/2020\/07\/1-copia-15.jpg","datePublished":"2020-07-09T02:32:26+00:00","dateModified":"2022-06-26T02:18:29+00:00","description":"El profesor Alfredo S\u00e1nchez S\u00e1nchez comenz\u00f3 a ejercer como profesor particular, al mismo tiempo que practicaba su afici\u00f3n por el baloncesto. Luego...","breadcrumb":{"@id":"https:\/\/webdelmaestrocmf.com\/portal\/alfredo-sanchez-no-es-posible-trasladar-un-tipo-de-educacion-basada-en-la-interaccion-fisica-a-un-medio-digital\/#breadcrumb"},"inLanguage":"es","potentialAction":[{"@type":"ReadAction","target":["https:\/\/webdelmaestrocmf.com\/portal\/alfredo-sanchez-no-es-posible-trasladar-un-tipo-de-educacion-basada-en-la-interaccion-fisica-a-un-medio-digital\/"]}]},{"@type":"ImageObject","inLanguage":"es","@id":"https:\/\/webdelmaestrocmf.com\/portal\/alfredo-sanchez-no-es-posible-trasladar-un-tipo-de-educacion-basada-en-la-interaccion-fisica-a-un-medio-digital\/#primaryimage","url":"https:\/\/webdelmaestrocmf.com\/portal\/wp-content\/uploads\/2020\/07\/1-copia-15.jpg","contentUrl":"https:\/\/webdelmaestrocmf.com\/portal\/wp-content\/uploads\/2020\/07\/1-copia-15.jpg","width":1100,"height":680},{"@type":"BreadcrumbList","@id":"https:\/\/webdelmaestrocmf.com\/portal\/alfredo-sanchez-no-es-posible-trasladar-un-tipo-de-educacion-basada-en-la-interaccion-fisica-a-un-medio-digital\/#breadcrumb","itemListElement":[{"@type":"ListItem","position":1,"name":"Portada","item":"https:\/\/webdelmaestrocmf.com\/portal\/"},{"@type":"ListItem","position":2,"name":"Noticias","item":"https:\/\/webdelmaestrocmf.com\/portal\/category\/noticias\/"},{"@type":"ListItem","position":3,"name":"Alfredo S\u00e1nchez: No es posible trasladar un tipo de educaci\u00f3n basada en la interacci\u00f3n f\u00edsica a un medio digital"}]},{"@type":"WebSite","@id":"https:\/\/webdelmaestrocmf.com\/portal\/#website","url":"https:\/\/webdelmaestrocmf.com\/portal\/","name":"Web del Maestro CMF","description":"Maestros al servicio de la educaci\u00f3n","publisher":{"@id":"https:\/\/webdelmaestrocmf.com\/portal\/#organization"},"alternateName":"WMCMF","potentialAction":[{"@type":"SearchAction","target":{"@type":"EntryPoint","urlTemplate":"https:\/\/webdelmaestrocmf.com\/portal\/?s={search_term_string}"},"query-input":{"@type":"PropertyValueSpecification","valueRequired":true,"valueName":"search_term_string"}}],"inLanguage":"es"},{"@type":"Organization","@id":"https:\/\/webdelmaestrocmf.com\/portal\/#organization","name":"Web del Maestro CMF","alternateName":"WMCMF","url":"https:\/\/webdelmaestrocmf.com\/portal\/","logo":{"@type":"ImageObject","inLanguage":"es","@id":"https:\/\/webdelmaestrocmf.com\/portal\/#\/schema\/logo\/image\/","url":"https:\/\/webdelmaestrocmf.com\/portal\/wp-content\/uploads\/2023\/01\/logo-wmcmf-2.png","contentUrl":"https:\/\/webdelmaestrocmf.com\/portal\/wp-content\/uploads\/2023\/01\/logo-wmcmf-2.png","width":200,"height":60,"caption":"Web del Maestro CMF"},"image":{"@id":"https:\/\/webdelmaestrocmf.com\/portal\/#\/schema\/logo\/image\/"},"sameAs":["https:\/\/www.facebook.com\/WebdelMaestroCMF\/","https:\/\/x.com\/cmf_w","https:\/\/www.pinterest.com\/WMCMF\/","https:\/\/www.linkedin.com\/company\/web-del-maestro-cmf\/","https:\/\/www.instagram.com\/wmcmf\/","https:\/\/www.youtube.com\/channel\/UCDPSvjbdodE5sHnC3OxutHw","https:\/\/mastodon.social\/@wmcmf","https:\/\/www.tiktok.com\/@webdelmaestrocmf"]},{"@type":"Person","@id":"https:\/\/webdelmaestrocmf.com\/portal\/#\/schema\/person\/1072a2ed7bd960df8ef99a551fa35dc5","name":"Web del Maestro CMF","image":{"@type":"ImageObject","inLanguage":"es","@id":"https:\/\/secure.gravatar.com\/avatar\/23291dd5b5ae1077dcff3dbb04c3e02bd28403fa75af6d8787d5e97c5bbbe30b?s=96&d=mm&r=g","url":"https:\/\/secure.gravatar.com\/avatar\/23291dd5b5ae1077dcff3dbb04c3e02bd28403fa75af6d8787d5e97c5bbbe30b?s=96&d=mm&r=g","contentUrl":"https:\/\/secure.gravatar.com\/avatar\/23291dd5b5ae1077dcff3dbb04c3e02bd28403fa75af6d8787d5e97c5bbbe30b?s=96&d=mm&r=g","caption":"Web del Maestro CMF"},"description":"Esta Web se cre\u00f3 sin fines de lucro, con fines educativos, cient\u00edficos y acad\u00e9micos, para personas que tengan dificultades y\/o inconvenientes en visualizar el material original. El objetivo es entregar recursos, compartir experiencias y materiales que ayuden a los padres de familia, maestros y estudiantes en su actualizaci\u00f3n y formaci\u00f3n permanente, en bien de la Educaci\u00f3n.","sameAs":["http:\/\/webdelmaestrocmf.com\/portal","https:\/\/www.facebook.com\/WebdelMaestroCMF\/","https:\/\/www.instagram.com\/wmcmf\/","https:\/\/cl.linkedin.com\/company\/web-del-maestro-cmf","https:\/\/www.pinterest.com\/WMCMF\/publicaciones\/","https:\/\/x.com\/cmf_w","https:\/\/www.youtube.com\/@WMCMF"]}]}},"jetpack_featured_media_url":"https:\/\/webdelmaestrocmf.com\/portal\/wp-content\/uploads\/2020\/07\/1-copia-15.jpg","jetpack_sharing_enabled":true,"jetpack-related-posts":[{"id":100325,"url":"https:\/\/webdelmaestrocmf.com\/portal\/el-gran-fiasco-de-las-pantallas-en-la-educacion\/","url_meta":{"origin":48852,"position":0},"title":"\u201cEl gran fiasco de las pantallas en la educaci\u00f3n\u201d","author":"Web del Maestro CMF","date":"16 noviembre, 2023","format":false,"excerpt":"En la era digital, la integraci\u00f3n de dispositivos electr\u00f3nicos en entornos educativos ha generado un intenso debate sobre su impacto en el aprendizaje y desarrollo de los estudiantes. En esta ocaci\u00f3n analizaremos el art\u00edculo \"El gran fiasco de las pantallas en la educaci\u00f3n\" escrito por Ivan S\u00e1nchez-L\u00f3pez, profesor en la\u2026","rel":"","context":"En \u00abNoticias\u00bb","block_context":{"text":"Noticias","link":"https:\/\/webdelmaestrocmf.com\/portal\/category\/pedagogia\/noticias-pedagogia\/"},"img":{"alt_text":"El gran fiasco de las pantallas en la educaci\u00f3n","src":"https:\/\/i0.wp.com\/webdelmaestrocmf.com\/portal\/wp-content\/uploads\/2023\/11\/A12B3C4D-6-4.jpg?resize=350%2C200&ssl=1","width":350,"height":200,"srcset":"https:\/\/i0.wp.com\/webdelmaestrocmf.com\/portal\/wp-content\/uploads\/2023\/11\/A12B3C4D-6-4.jpg?resize=350%2C200&ssl=1 1x, https:\/\/i0.wp.com\/webdelmaestrocmf.com\/portal\/wp-content\/uploads\/2023\/11\/A12B3C4D-6-4.jpg?resize=525%2C300&ssl=1 1.5x, https:\/\/i0.wp.com\/webdelmaestrocmf.com\/portal\/wp-content\/uploads\/2023\/11\/A12B3C4D-6-4.jpg?resize=700%2C400&ssl=1 2x"},"classes":[]},{"id":54681,"url":"https:\/\/webdelmaestrocmf.com\/portal\/alfredo-hernando-el-profesorado-durante-estos-meses-de-confinamiento-se-ha-formado-mas-y-ha-trabajado-mas\/","url_meta":{"origin":48852,"position":1},"title":"Alfredo Hernando: Propuestas de metodolog\u00edas de aprendizaje y modos de enfrentar el cambio educativo.","author":"Web del Maestro CMF","date":"17 noviembre, 2020","format":false,"excerpt":"El educador e investigador espa\u00f1ol Alfredo Hernando Calvo, ha obtenido\u00a0 un Certificado de Aptitud Pedag\u00f3gica y Profesor especialista en la ense\u00f1anza del espa\u00f1ol como lengua extranjera por la Universidad Complutense (Madrid) Universidad Complutense de Madrid, Especialista en tecnolog\u00edas de la informaci\u00f3n y la comunicaci\u00f3n. Herramientas para el profesorado por la\u2026","rel":"","context":"En \u00abEntrevistas\u00bb","block_context":{"text":"Entrevistas","link":"https:\/\/webdelmaestrocmf.com\/portal\/category\/noticias\/entrevistas\/"},"img":{"alt_text":"","src":"https:\/\/i0.wp.com\/webdelmaestrocmf.com\/portal\/wp-content\/uploads\/2020\/11\/2-copia-4.jpg?resize=350%2C200&ssl=1","width":350,"height":200,"srcset":"https:\/\/i0.wp.com\/webdelmaestrocmf.com\/portal\/wp-content\/uploads\/2020\/11\/2-copia-4.jpg?resize=350%2C200&ssl=1 1x, https:\/\/i0.wp.com\/webdelmaestrocmf.com\/portal\/wp-content\/uploads\/2020\/11\/2-copia-4.jpg?resize=525%2C300&ssl=1 1.5x, https:\/\/i0.wp.com\/webdelmaestrocmf.com\/portal\/wp-content\/uploads\/2020\/11\/2-copia-4.jpg?resize=700%2C400&ssl=1 2x, https:\/\/i0.wp.com\/webdelmaestrocmf.com\/portal\/wp-content\/uploads\/2020\/11\/2-copia-4.jpg?resize=1050%2C600&ssl=1 3x"},"classes":[]},{"id":49853,"url":"https:\/\/webdelmaestrocmf.com\/portal\/catherine-lecuyer-nada-sustituye-a-un-maestro-de-carne-y-hueso-educar-es-un-acto-profundamente-humano\/","url_meta":{"origin":48852,"position":2},"title":"Catherine L\u2019Ecuyer: Nada sustituye a un maestro de carne y hueso. Educar es un acto profundamente humano","author":"Web del Maestro CMF","date":"8 agosto, 2020","format":false,"excerpt":"La experiencia de la educaci\u00f3n a distancia, adoptada por m\u00e1s de 180 pa\u00edses, asumida como el mejor camino para no interrumpir la formaci\u00f3n escolar de los ni\u00f1os y j\u00f3venes \u201ces un fen\u00f3meno sin precedentes\u201d, que ha convulsionado la vida escolar y la vida familiar. \u201cNunca, desde que los sistemas educativos\u2026","rel":"","context":"En \u00abEntrevistas\u00bb","block_context":{"text":"Entrevistas","link":"https:\/\/webdelmaestrocmf.com\/portal\/category\/noticias\/entrevistas\/"},"img":{"alt_text":"","src":"https:\/\/i0.wp.com\/webdelmaestrocmf.com\/portal\/wp-content\/uploads\/2020\/08\/2-copia.jpg?resize=350%2C200&ssl=1","width":350,"height":200,"srcset":"https:\/\/i0.wp.com\/webdelmaestrocmf.com\/portal\/wp-content\/uploads\/2020\/08\/2-copia.jpg?resize=350%2C200&ssl=1 1x, https:\/\/i0.wp.com\/webdelmaestrocmf.com\/portal\/wp-content\/uploads\/2020\/08\/2-copia.jpg?resize=525%2C300&ssl=1 1.5x, https:\/\/i0.wp.com\/webdelmaestrocmf.com\/portal\/wp-content\/uploads\/2020\/08\/2-copia.jpg?resize=700%2C400&ssl=1 2x, https:\/\/i0.wp.com\/webdelmaestrocmf.com\/portal\/wp-content\/uploads\/2020\/08\/2-copia.jpg?resize=1050%2C600&ssl=1 3x"},"classes":[]},{"id":19719,"url":"https:\/\/webdelmaestrocmf.com\/portal\/conseguir-una-educacion-humanizadora\/","url_meta":{"origin":48852,"position":3},"title":"Pablo P\u00e9rez S\u00e1nchez: Hay que conseguir una educaci\u00f3n humanizadora","author":"Web del Maestro CMF","date":"7 junio, 2018","format":false,"excerpt":"Compartimos con fines educativos - pastorales la publicaci\u00f3n de la Universidad de Piura en donde Elena Belletich realiza la siguiente nota sobre la presentaci\u00f3n de los dos primeros vol\u00famenes de \"Una teor\u00eda educativa\" del Dr. Pablo P\u00e9rez S\u00e1nchez, motivado por recuperar los fines de la educaci\u00f3n, el papel del profesor\u2026","rel":"","context":"En \u00abEntrevistas\u00bb","block_context":{"text":"Entrevistas","link":"https:\/\/webdelmaestrocmf.com\/portal\/category\/noticias\/entrevistas\/"},"img":{"alt_text":"","src":"https:\/\/i0.wp.com\/webdelmaestrocmf.com\/portal\/wp-content\/uploads\/2018\/06\/1AA-Banner-1-portada-imagen-10-1-copia-5.webp?resize=350%2C200&ssl=1","width":350,"height":200,"srcset":"https:\/\/i0.wp.com\/webdelmaestrocmf.com\/portal\/wp-content\/uploads\/2018\/06\/1AA-Banner-1-portada-imagen-10-1-copia-5.webp?resize=350%2C200&ssl=1 1x, https:\/\/i0.wp.com\/webdelmaestrocmf.com\/portal\/wp-content\/uploads\/2018\/06\/1AA-Banner-1-portada-imagen-10-1-copia-5.webp?resize=525%2C300&ssl=1 1.5x, https:\/\/i0.wp.com\/webdelmaestrocmf.com\/portal\/wp-content\/uploads\/2018\/06\/1AA-Banner-1-portada-imagen-10-1-copia-5.webp?resize=700%2C400&ssl=1 2x, https:\/\/i0.wp.com\/webdelmaestrocmf.com\/portal\/wp-content\/uploads\/2018\/06\/1AA-Banner-1-portada-imagen-10-1-copia-5.webp?resize=1050%2C600&ssl=1 3x"},"classes":[]},{"id":35105,"url":"https:\/\/webdelmaestrocmf.com\/portal\/la-educacion-incluye-el-ejercicio-del-sentido-critico-en-toda-actividad-teorica-o-practica\/","url_meta":{"origin":48852,"position":4},"title":"Jos\u00e9 Calderero: La educaci\u00f3n incluye el ejercicio del sentido cr\u00edtico en toda actividad te\u00f3rica o pr\u00e1ctica","author":"Web del Maestro CMF","date":"7 febrero, 2019","format":false,"excerpt":"El Doctor en Ciencias de la Educaci\u00f3n y Licenciado en Ciencias Qu\u00edmicas Jos\u00e9 Fernando Calderero Hern\u00e1ndez, estudi\u00f3 en la Universidad Complutense de Madrid, y \u201csu ADN marcadamente pedag\u00f3gico se deja ver en toda su trayectoria acad\u00e9mica, profesional y humana. Entr\u00f3 en las aulas hace... bastantes, muchos a\u00f1os y sigue en\u2026","rel":"","context":"En \u00abEntrevistas\u00bb","block_context":{"text":"Entrevistas","link":"https:\/\/webdelmaestrocmf.com\/portal\/category\/noticias\/entrevistas\/"},"img":{"alt_text":"","src":"https:\/\/i0.wp.com\/webdelmaestrocmf.com\/portal\/wp-content\/uploads\/2019\/02\/2-2.jpg?resize=350%2C200&ssl=1","width":350,"height":200,"srcset":"https:\/\/i0.wp.com\/webdelmaestrocmf.com\/portal\/wp-content\/uploads\/2019\/02\/2-2.jpg?resize=350%2C200&ssl=1 1x, https:\/\/i0.wp.com\/webdelmaestrocmf.com\/portal\/wp-content\/uploads\/2019\/02\/2-2.jpg?resize=525%2C300&ssl=1 1.5x, https:\/\/i0.wp.com\/webdelmaestrocmf.com\/portal\/wp-content\/uploads\/2019\/02\/2-2.jpg?resize=700%2C400&ssl=1 2x, https:\/\/i0.wp.com\/webdelmaestrocmf.com\/portal\/wp-content\/uploads\/2019\/02\/2-2.jpg?resize=1050%2C600&ssl=1 3x"},"classes":[]},{"id":24615,"url":"https:\/\/webdelmaestrocmf.com\/portal\/libro-viaje-la-escuela-del-siglo-xxi-descarga-gratuita-proyectar-nuevas-maneras-educar\/","url_meta":{"origin":48852,"position":5},"title":"El libro \u201cViaje a la escuela del siglo XXI\u201d (descarga gratuita), para proyectar nuevas maneras de educar","author":"Web del Maestro CMF","date":"28 enero, 2020","format":false,"excerpt":"Leyendo algunos comentarios y opiniones en la Web del Maestro CMF, tengo la sensaci\u00f3n que no somos pocos los profesores que pensamos que la educaci\u00f3n tiene algo que cambiar. Hay itinerarios, paradigmas, metodolog\u00edas, material did\u00e1ctico, ambientes, estructuras educativas, \u2026, que ya cumplieron su misi\u00f3n. El sistema educativo que nos form\u00f3\u2026","rel":"","context":"En \u00abYo opino - WMCMF\u00bb","block_context":{"text":"Yo opino - WMCMF","link":"https:\/\/webdelmaestrocmf.com\/portal\/category\/jamb\/"},"img":{"alt_text":"","src":"https:\/\/i0.wp.com\/webdelmaestrocmf.com\/portal\/wp-content\/uploads\/2020\/01\/1-130.jpg?resize=350%2C200&ssl=1","width":350,"height":200,"srcset":"https:\/\/i0.wp.com\/webdelmaestrocmf.com\/portal\/wp-content\/uploads\/2020\/01\/1-130.jpg?resize=350%2C200&ssl=1 1x, https:\/\/i0.wp.com\/webdelmaestrocmf.com\/portal\/wp-content\/uploads\/2020\/01\/1-130.jpg?resize=525%2C300&ssl=1 1.5x, https:\/\/i0.wp.com\/webdelmaestrocmf.com\/portal\/wp-content\/uploads\/2020\/01\/1-130.jpg?resize=700%2C400&ssl=1 2x, https:\/\/i0.wp.com\/webdelmaestrocmf.com\/portal\/wp-content\/uploads\/2020\/01\/1-130.jpg?resize=1050%2C600&ssl=1 3x"},"classes":[]}],"_links":{"self":[{"href":"https:\/\/webdelmaestrocmf.com\/portal\/wp-json\/wp\/v2\/posts\/48852","targetHints":{"allow":["GET"]}}],"collection":[{"href":"https:\/\/webdelmaestrocmf.com\/portal\/wp-json\/wp\/v2\/posts"}],"about":[{"href":"https:\/\/webdelmaestrocmf.com\/portal\/wp-json\/wp\/v2\/types\/post"}],"author":[{"embeddable":true,"href":"https:\/\/webdelmaestrocmf.com\/portal\/wp-json\/wp\/v2\/users\/1"}],"replies":[{"embeddable":true,"href":"https:\/\/webdelmaestrocmf.com\/portal\/wp-json\/wp\/v2\/comments?post=48852"}],"version-history":[{"count":0,"href":"https:\/\/webdelmaestrocmf.com\/portal\/wp-json\/wp\/v2\/posts\/48852\/revisions"}],"wp:featuredmedia":[{"embeddable":true,"href":"https:\/\/webdelmaestrocmf.com\/portal\/wp-json\/wp\/v2\/media\/48890"}],"wp:attachment":[{"href":"https:\/\/webdelmaestrocmf.com\/portal\/wp-json\/wp\/v2\/media?parent=48852"}],"wp:term":[{"taxonomy":"category","embeddable":true,"href":"https:\/\/webdelmaestrocmf.com\/portal\/wp-json\/wp\/v2\/categories?post=48852"},{"taxonomy":"post_tag","embeddable":true,"href":"https:\/\/webdelmaestrocmf.com\/portal\/wp-json\/wp\/v2\/tags?post=48852"}],"curies":[{"name":"wp","href":"https:\/\/api.w.org\/{rel}","templated":true}]}}