{"id":48509,"date":"2020-06-29T17:48:00","date_gmt":"2020-06-29T21:48:00","guid":{"rendered":"https:\/\/webdelmaestrocmf.com\/portal\/?p=48509"},"modified":"2020-09-07T15:02:37","modified_gmt":"2020-09-07T18:02:37","slug":"alexander-ortiz-la-educacion-postpandemia-hacia-una-escuela-emergente","status":"publish","type":"post","link":"https:\/\/webdelmaestrocmf.com\/portal\/alexander-ortiz-la-educacion-postpandemia-hacia-una-escuela-emergente\/","title":{"rendered":"[Alexander Ortiz] La educaci\u00f3n postpandemia: hacia una escuela emergente"},"content":{"rendered":"<h5 style=\"text-align: justify;\">Rousseau, en su teor\u00eda de la educaci\u00f3n, le dio m\u00e1s importancia al concepto de infancia, en cambio Pestalozzi y Comenio desarrollan m\u00e1s la noci\u00f3n de escuela. La did\u00e1ctica que propone Comenio est\u00e1 matizada por el concepto de escuela, est\u00e1 hecha para que en la escuela el maestro funcione con sus manuales, sus ni\u00f1os y su estrategia y porque la escuela sea de todos y para todos y para ense\u00f1ar todo a todos.<\/h5>\n<p><!--more--><\/p>\n<h5 style=\"text-align: justify;\">Si bien es cierto que Comenio no s\u00f3lo concibi\u00f3 la ense\u00f1anza para ser desarrollada al interior de una escuela, los principales preceptos de su did\u00e1ctica est\u00e1n enmarcados en la escuela, all\u00ed es donde comienzan a sistematizarse el aprender y el ense\u00f1ar como dos procesos b\u00e1sicos y esenciales de la vida escolar. Y en este sentido ofrece un fundamento s\u00f3lido a su did\u00e1ctica, una episteme que hoy nos permite comprender la misi\u00f3n de la escuela moderna.<\/h5>\n<p style=\"text-align: justify;\">Es cierto que la escuela no es la \u00fanica instituci\u00f3n formadora de la sociedad. De hecho la familia, el Estado, los medios de comunicaci\u00f3n, la comunidad y la ciudad en general, educan. Sin embargo la misi\u00f3n de la escuela no la puede asumir ninguna de las dem\u00e1s instituciones mencionadas. La escuela debe garantizar una configuraci\u00f3n curricular mediante la cual los conocimientos, destrezas, valores y actitudes declarados en su curr\u00edculo, sean aprendidos por todos los estudiantes sin distinci\u00f3n. La equidad en el aprendizaje de saberes conceptuales, instrumentales y axiol\u00f3gicos o actitudinales es un principio insoslayable de la misi\u00f3n escolar. De manera que la misi\u00f3n de la escuela es insustituible. Tiene una funci\u00f3n social especifica que es la de gestionar estos aprendizajes.<\/p>\n<p style=\"text-align: justify;\">En una conferencia pronunciada en la Universidad de Todai, Jap\u00f3n, el 5 de octubre de 1989, Bourdieu evoca los mecanismos extremadamente complejos a trav\u00e9s de los cuales las instituciones educativas contribuyen a reproducir la distribuci\u00f3n del capital cultural y, por consiguiente, a la reproducci\u00f3n de la estructura de clases del espacio social. Esta afirmaci\u00f3n la argumenta apoy\u00e1ndose en los trabajos de historiadores de la educaci\u00f3n, historiadores del Estado e historiadores de las ideas. Pero esto no debe amilanarnos, porque es posible minimizar la acci\u00f3n reproductora de la instituci\u00f3n escolar, precisamente porque conocemos muy bien las leyes de la reproducci\u00f3n. El profesor es due\u00f1o del sal\u00f3n de clases y ninguna estructura administrativa o nivel educativo superior puede impedir que emerja el curr\u00edculo oculto en el que conviven profesores y estudiantes. Los contenidos de todas las \u00e1reas del saber tienen un potencial educativo, formativo, axiol\u00f3gico, e incluso pol\u00edtico e ideol\u00f3gico, que los profesores debemos estimular y potenciar, no debemos ignorarlo.<\/p>\n<p style=\"text-align: justify;\">Por otro lado, es evidente que la escuela por s\u00ed sola no forma al ser humano, por cuanto toda la sociedad es educadora y el estudiante recibe m\u00faltiples influencias que configuran su mente. La escuela es un medio de socializaci\u00f3n, es mediadora de la formaci\u00f3n humana, es un agente educativo a trav\u00e9s del cual la sociedad cumple su funci\u00f3n.<\/p>\n<p style=\"text-align: justify;\">La escuela postpandemia se enfrenta a dos barreras insoslayables: el bloqueo recursivo de la relaci\u00f3n sociedad-escuela, y el bloqueo de la relaci\u00f3n mente-escuela, que de hecho es una barrera tr\u00edadica: la relaci\u00f3n mente-escuela-sociedad. Es necesario reformar el pensamiento para poder reformar la escuela, y a la vez, es necesario reformar la escuela para poder reformar el pensamiento. Por otro lado, la sociedad produce a la escuela, pero tambi\u00e9n la escuela produce a la sociedad. En definitiva: la reforma del pensamiento permite reformar la escuela que transforma la sociedad mediante una mente reformada. Entonces surgen las preguntas millonarias: \u00bfC\u00f3mo reformar la escuela si no se reforma la sociedad?, pero, \u00bfc\u00f3mo reformar la sociedad si no se reforma la escuela?, \u00bfC\u00f3mo reformar la escuela si no se reforma el pensamiento?, \u00bfC\u00f3mo reformar el pensamiento si no se reforma la escuela? Parece un imposible, pero son contradicciones que la vida siempre se burl\u00f3 de ellas. La escuela emergente sigue siendo un instrumento de la sociedad que aporta habilidades, formas de pensar, sentir y hablar, con las que despu\u00e9s se pueden comprar &#8216;distinciones&#8217; en los &#8216;mercados&#8217; institucionalizados de una sociedad.<\/p>\n<p><img loading=\"lazy\" decoding=\"async\" class=\"alignnone wp-image-48512 size-full\" src=\"https:\/\/webdelmaestrocmf.com\/portal\/wp-content\/uploads\/2020\/06\/1-68.png\" alt=\"\" width=\"900\" height=\"779\" srcset=\"https:\/\/webdelmaestrocmf.com\/portal\/wp-content\/uploads\/2020\/06\/1-68.png 900w, https:\/\/webdelmaestrocmf.com\/portal\/wp-content\/uploads\/2020\/06\/1-68-300x260.png 300w, https:\/\/webdelmaestrocmf.com\/portal\/wp-content\/uploads\/2020\/06\/1-68-768x665.png 768w, https:\/\/webdelmaestrocmf.com\/portal\/wp-content\/uploads\/2020\/06\/1-68-110x95.png 110w, https:\/\/webdelmaestrocmf.com\/portal\/wp-content\/uploads\/2020\/06\/1-68-200x173.png 200w, https:\/\/webdelmaestrocmf.com\/portal\/wp-content\/uploads\/2020\/06\/1-68-380x329.png 380w, https:\/\/webdelmaestrocmf.com\/portal\/wp-content\/uploads\/2020\/06\/1-68-255x221.png 255w, https:\/\/webdelmaestrocmf.com\/portal\/wp-content\/uploads\/2020\/06\/1-68-550x476.png 550w, https:\/\/webdelmaestrocmf.com\/portal\/wp-content\/uploads\/2020\/06\/1-68-800x692.png 800w\" sizes=\"auto, (max-width: 900px) 100vw, 900px\" \/><\/p>\n<p style=\"text-align: justify;\">La finalidad de las instituciones educativas postpandemia es formar en cada sujeto la capacidad de ser feliz, de manera que con la formaci\u00f3n general ofrecida por la escuela, cada persona pueda valorarse a s\u00ed misma y configurar su propio proyecto de vida, para lo cual es necesario transformar totalmente la escuela, su organizaci\u00f3n, funciones, estructura, sentido y significado. El actual sistema educativo tiene sus ra\u00edces en la Edad Media y est\u00e1 muy lejos de responder a las demandas y expectativas de la sociedad postpandemia.<\/p>\n<p style=\"text-align: justify;\">La escuela emergente es una escuela competente, capaz, alegre, feliz, democr\u00e1tica, participativa y progresista, que debe repensar todo lo relacionado con la comprensi\u00f3n del mundo, las relaciones entre la conciencia y el mundo, y la configuraci\u00f3n hist\u00f3rica de la conciencia y la comprensi\u00f3n en el propio mundo configurado por el sujeto consciente en sus interacciones con el mundo creado por \u00e9l mismo. Creo que de esta comprensi\u00f3n resultar\u00e1 una nueva manera de entender lo que es ense\u00f1ar, lo que es aprender, lo que es conocer, de manera que en la escuela postpandemia no s\u00f3lo el maestro ense\u00f1e, no s\u00f3lo el estudiante aprenda y no s\u00f3lo el rector mande y ordene, sino que sea una escuela donde todos ense\u00f1emos, todos aprendamos y todos mandemos y ordenemos, una verdadera escuela participativa, un modelo de democracia.<\/p>\n<p style=\"text-align: justify;\">Pienso que las escuelas emergentes, en cierto sentido deber\u00edan parecerse a los centros comerciales, entidades cuya configuraci\u00f3n tiene la intencionalidad de mantener a sus visitantes en una din\u00e1mica l\u00fadica, entretenida, mirando a su alrededor, disfrutando las diversas atracciones que se muestran. La escuela postpandemia debe ser amena, atractiva, hermosa, que provoque en los estudiantes deseo y placer de estar en ella, as\u00ed como se motivan para estar todo un fin de semana en un centro comercial, caminando y observando todo lo hermoso que hay a su alrededor, aunque no desarrollen ninguna actividad comercial. Sin embargo, los centros comerciales no estimulan que la persona se detenga, converse, piense y debata alg\u00fan tema diferente a los objetos exhibidos. En esto la escuela es muy parecida a los centros comerciales, cada d\u00eda los estudiantes se aburren m\u00e1s de ella, la rechazan por tediosa y repetitiva, ya no estimula su capacidad de asombro, ya no sorprende.<\/p>\n<p style=\"text-align: justify;\">Cuando hablamos de escuela, de instituci\u00f3n o de organizaci\u00f3n educativa, nos gusta asumir el t\u00e9rmino la \u00abidea de escuela\u00bb, en el sentido de que la escuela no es la construcci\u00f3n f\u00edsica, ni las paredes, salones y canchas deportivas, la escuela es una configuraci\u00f3n humana, una configuraci\u00f3n de afectos, emociones, sentimientos, actitudes, deseos, percepciones, creencias, aspiraciones, imaginarios, ideales, anhelos, sue\u00f1os; y desde esta mirada la escuela no es una instituci\u00f3n, no es una realidad, es sobre todo una idea para ir realiz\u00e1ndola en la pr\u00e1ctica.<\/p>\n<p style=\"text-align: justify;\">Podr\u00edamos preguntarnos cu\u00e1l es la escuela postpandemia que so\u00f1amos los latinoamericanos, cu\u00e1l debe ser la escuela latinoamericana. La escuela es una entidad \u00fanica y especial, maravillosa, sui generis, es uno de los grandes inventos de la historia de la humanidad, y debemos salvarla de su extinci\u00f3n, porque cada d\u00eda la escuela pierde adeptos y defensores, y si no se repiensa, si no se reforma, si no se resignifica y se reconfigura, la escuela, tal como la conocemos hoy, podr\u00eda desaparecer. Recordemos que en la historia de la humanidad no siempre existieron las escuelas.<\/p>\n<p style=\"text-align: justify;\">Las escuelas son organizaciones humanas, comunidades de aprendizaje, en las que el inicio, el centro y el final de su proceso es un ser humano, y en eso son organizaciones \u00fanicas. Las instituciones educativas sienten, se emocionan, sufren, lloran, al igual que siente un ser humano a nivel individual, por cuanto, precisamente la instituci\u00f3n no es la estructura f\u00edsica sino las personas que en ella interact\u00faan, de ah\u00ed que la salud mental de las escuelas dependa del estado ps\u00edquico y emocional de sus miembros. Una escuela es una mente colectiva. Lo social se expresa en lo individual y viceversa.<\/p>\n<p style=\"text-align: justify;\">Por otro lado, toda la sociedad debe ser educadora. La educaci\u00f3n de las futuras generaciones de nuestra naci\u00f3n no es s\u00f3lo una responsabilidad de la escuela. Es injusto que a veces los gobernantes e incluso la familia, transfieran la responsabilidad de la educaci\u00f3n de sus hijos s\u00f3lo a la escuela. La familia debe ser tambi\u00e9n educadora, es incluso la instituci\u00f3n educativa m\u00e1s importante de una sociedad. Tanto los profesores como los padres de familia tienen la misma funci\u00f3n, ambos educan, la diferencia est\u00e1 dada en que el padre de familia educa de manera emp\u00edrica y espont\u00e1nea, y la escuela educa desde una mirada cient\u00edfica. Los profesores somos cient\u00edficos de la educaci\u00f3n, pero todos los ciudadanos deben estar comprometidos con la educaci\u00f3n, debido a sus dimensiones \u00e9tica y pol\u00edtica.<\/p>\n<p style=\"text-align: justify;\">La educaci\u00f3n postpandemia ser\u00e1 mejor si todos los ciudadanos nos comprometemos, nos interesamos, nos preocupamos y ocupamos por tener una mejor escuela.<\/p>\n<p style=\"text-align: justify;\">Los debates y discusiones que se desarrollan hoy en nuestras escuelas son la muestra m\u00e1s fehaciente de los anhelos y esperanzas melanc\u00f3licas por una \u00e9poca en la que se reconoc\u00eda el saber, los valores \u00e9ticos y los principios morales. Hoy la aspiraci\u00f3n de los estudiantes es salir lo m\u00e1s pronto posible de la escuela para buscar un empleo, aunque no tengan el conocimiento que lo respalde. Hay un desfase entre el conocimiento generado por la ciencia y la filosof\u00eda, y el conocimiento que la escuela pone a disposici\u00f3n de los estudiantes. Los curr\u00edculos han caducado, los conocimientos son obsoletos, y el pensar brilla por su ausencia, perpetuando as\u00ed los signos de injusticia social. La escuela de hoy ya falleci\u00f3. Urge concebir una nueva escuela.<\/p>\n<p style=\"text-align: justify;\">En efecto, la escuela puede ser un factor de injusticia social si no cumple de manera arm\u00f3nica y coherente con su encargo social. La escuela emergente debe ser una instituci\u00f3n cultural, pero no instituci\u00f3n que adoctrina mediante la cultura, sino que emancipa culturalmente, para lo cual, la cultura no debe ser un fin sino un medio, un boomerang hacia la libertad, mediante la seguridad, que s\u00f3lo la ofrece el conocimiento, el talento y la potenciaci\u00f3n de un pensamiento cr\u00edtico, reflexivo y creativo.<\/p>\n<table class=\" alignleft\" border=\"0\" width=\"100%\" cellspacing=\"10\" cellpadding=\"10\">\n<tbody>\n<tr>\n<td style=\"text-align: center;\" width=\"30%\"><strong><img loading=\"lazy\" decoding=\"async\" class=\"size-full wp-image-50550 aligncenter\" src=\"https:\/\/webdelmaestrocmf.com\/portal\/wp-content\/uploads\/2020\/08\/1-copia-68.jpg\" alt=\"\" width=\"200\" height=\"200\" srcset=\"https:\/\/webdelmaestrocmf.com\/portal\/wp-content\/uploads\/2020\/08\/1-copia-68.jpg 200w, https:\/\/webdelmaestrocmf.com\/portal\/wp-content\/uploads\/2020\/08\/1-copia-68-150x150.jpg 150w, https:\/\/webdelmaestrocmf.com\/portal\/wp-content\/uploads\/2020\/08\/1-copia-68-80x80.jpg 80w, https:\/\/webdelmaestrocmf.com\/portal\/wp-content\/uploads\/2020\/08\/1-copia-68-110x110.jpg 110w, https:\/\/webdelmaestrocmf.com\/portal\/wp-content\/uploads\/2020\/08\/1-copia-68-160x160.jpg 160w\" sizes=\"auto, (max-width: 200px) 100vw, 200px\" \/><br \/>\nAutor:<\/strong> Alexander Ortiz Oca\u00f1a, ciudadano cubano-colombiano.<br \/>\nUniversidad del Magdalena Santa Marta, Colombia<br \/>\nDoctor en Ciencias Pedag\u00f3gicas, Universidad Pedag\u00f3gica de Holgu\u00edn, Cuba. Doctor Honoris Causa en Iberoam\u00e9rica, Consejo Iberoamericano en Honor a la Calidad Educativa (CIHCE), Lima. Per\u00fa. Mag\u00edster en Gesti\u00f3n Educativa en Iberoam\u00e9rica, CIHCE, Lima, Per\u00fa. Mag\u00edster en Pedagog\u00eda Profesional, Universidad Pedag\u00f3gica y Tecnol\u00f3gica de la Habana. Licenciado en Educaci\u00f3n.<br \/>\n<strong style=\"font-family: inherit; font-size: inherit; background-color: transparent;\">Correo electr\u00f3nico:<\/strong> <a style=\"font-family: inherit; font-size: inherit; background-color: transparent;\" href=\"mailto:aortiz@unimagdalena.edu.co\">aortiz@unimagdalena.edu.co<\/a><span style=\"font-family: inherit; font-size: inherit; background-color: transparent;\"> \/ <\/span><a style=\"font-family: inherit; font-size: inherit; background-color: transparent;\" href=\"alexanderortiz2009@gmail.com\" target=\"_blank\" rel=\"noopener noreferrer\">alexanderortiz2009@gmail.com<\/a><\/td>\n<\/tr>\n<\/tbody>\n<\/table>\n<p style=\"text-align: left;\">.<\/p>\n\t\t<div class=\"pk-inline-posts\">\n\t\t\t\n\t\t\t<div class=\"pk-inline-posts-container pk-inline-posts-template-list\"\n\t\t\t\tdata-columns=\"1\">\n\t\t\t\t\t\t<article id=\"post-105999\" class=\"post-105999 post type-post status-publish format-standard has-post-thumbnail category-colaborador category-z-colaboradores-alexander-ortiz tag-alexander-ortiz tag-exhala tag-inhala tag-respira tag-suspira cs-entry cs-video-wrap\">\n\t\t\t<div class=\"pk-post-outer\">\n\n\t\t\t\t\t\t\t\t<div class=\"pk-post-inner\">\n\t\t\t\t\t<div class=\"entry-thumbnail\">\n\t\t\t\t\t\t<div class=\"pk-overlay pk-overlay-ratio pk-ratio-landscape\">\n\t\t\t\t\t\t\t<div class=\"pk-overlay-background\">\n\t\t\t\t\t\t\t\t<a href=\"https:\/\/webdelmaestrocmf.com\/portal\/alexander-ortiz-el-giro-emocional-devolverse-hacia-la-apertura-mental-mediante-la-estrategia-ries-respira-inhala-exhala-y-suspira\/\" class=\"pk-overlay-link\">\n\t\t\t\t\t\t\t\t\t<img loading=\"lazy\" decoding=\"async\" width=\"300\" height=\"225\" src=\"https:\/\/webdelmaestrocmf.com\/portal\/wp-content\/uploads\/2024\/06\/Banner-1-portada-imagen-10-1-2024-06-12T215842.738-300x225.jpg\" class=\"attachment-pk-thumbnail size-pk-thumbnail wp-post-image\" alt=\"\" \/>\t\t\t\t\t\t\t\t<\/a>\n\t\t\t\t\t\t\t<\/div>\n\t\t\t\t\t\t<\/div>\n\t\t\t\t\t<\/div>\n\t\t\t\t<\/div>\n\t\t\t\t\n\t\t\t\t<div class=\"pk-post-inner\">\n\t\t\t\t\t<header>\n\t\t\t\t\t\t<h3 class=\"pk-title\"><a href=\"https:\/\/webdelmaestrocmf.com\/portal\/alexander-ortiz-el-giro-emocional-devolverse-hacia-la-apertura-mental-mediante-la-estrategia-ries-respira-inhala-exhala-y-suspira\/\" rel=\"bookmark\">[Alexander Ortiz] El giro emocional: devolverse hacia la apertura mental, mediante la Estrategia R\u00cdES: Respira, Inhala, Exhala y Suspira.<\/a><\/h3>\t\t\t\t\t<\/header><!-- .entry-header -->\n\t\t\t\t<\/div><!-- .post-inner -->\n\n\t\t\t<\/div><!-- .post-outer -->\n\t\t<\/article>\n\t\t\t\t<\/div>\n\t\t<\/div>\n\t\t\n","protected":false},"excerpt":{"rendered":"Rousseau, en su teor\u00eda de la educaci\u00f3n, le dio m\u00e1s importancia al concepto de infancia, en cambio Pestalozzi&hellip;","protected":false},"author":1,"featured_media":48511,"comment_status":"open","ping_status":"closed","sticky":false,"template":"","format":"standard","meta":{"csco_display_header_overlay":false,"csco_singular_sidebar":"default","csco_page_header_type":"default","csco_page_load_nextpost":"default","csco_post_video_location":[],"csco_post_video_location_hash":"","csco_post_video_url":"","csco_post_video_bg_start_time":0,"csco_post_video_bg_end_time":0,"csco_post_video_bg_volume":false,"_jetpack_memberships_contains_paid_content":false,"footnotes":""},"categories":[1790,5156],"tags":[5141,55,5200,228,5199],"class_list":{"0":"post-48509","1":"post","2":"type-post","3":"status-publish","4":"format-standard","5":"has-post-thumbnail","7":"category-colaborador","8":"category-z-colaboradores-alexander-ortiz","9":"tag-alexander-ortiz","10":"tag-educacion","11":"tag-emergente","12":"tag-escuela","13":"tag-postpandemia","14":"cs-entry","15":"cs-video-wrap"},"yoast_head":"<!-- This site is optimized with the Yoast SEO plugin v27.5 - https:\/\/yoast.com\/product\/yoast-seo-wordpress\/ -->\n<title>[Alexander Ortiz] La educaci\u00f3n postpandemia: hacia una escuela emergente - 2026<\/title>\n<meta name=\"description\" content=\"Rousseau, en su teor\u00eda de la educaci\u00f3n, le dio m\u00e1s importancia al concepto de infancia, en cambio Pestalozzi y Comenio desarrollan m\u00e1s la noci\u00f3n...\" \/>\n<meta name=\"robots\" content=\"index, follow, max-snippet:-1, max-image-preview:large, max-video-preview:-1\" \/>\n<link rel=\"canonical\" href=\"https:\/\/webdelmaestrocmf.com\/portal\/alexander-ortiz-la-educacion-postpandemia-hacia-una-escuela-emergente\/\" \/>\n<meta property=\"og:locale\" content=\"es_ES\" \/>\n<meta property=\"og:type\" content=\"article\" \/>\n<meta property=\"og:title\" content=\"[Alexander Ortiz] La educaci\u00f3n postpandemia: hacia una escuela emergente - 2026\" \/>\n<meta property=\"og:description\" content=\"Rousseau, en su teor\u00eda de la educaci\u00f3n, le dio m\u00e1s importancia al concepto de infancia, en cambio Pestalozzi y Comenio desarrollan m\u00e1s la noci\u00f3n...\" \/>\n<meta property=\"og:url\" content=\"https:\/\/webdelmaestrocmf.com\/portal\/alexander-ortiz-la-educacion-postpandemia-hacia-una-escuela-emergente\/\" \/>\n<meta property=\"og:site_name\" content=\"Web del Maestro CMF\" \/>\n<meta property=\"article:publisher\" content=\"https:\/\/www.facebook.com\/WebdelMaestroCMF\/\" \/>\n<meta property=\"article:author\" content=\"https:\/\/www.facebook.com\/WebdelMaestroCMF\/\" \/>\n<meta property=\"article:published_time\" content=\"2020-06-29T21:48:00+00:00\" \/>\n<meta property=\"article:modified_time\" content=\"2020-09-07T18:02:37+00:00\" \/>\n<meta property=\"og:image\" content=\"https:\/\/i0.wp.com\/webdelmaestrocmf.com\/portal\/wp-content\/uploads\/2020\/06\/1-176.jpg?fit=1100%2C680&ssl=1\" \/>\n\t<meta property=\"og:image:width\" content=\"1100\" \/>\n\t<meta property=\"og:image:height\" content=\"680\" \/>\n\t<meta property=\"og:image:type\" content=\"image\/jpeg\" \/>\n<meta name=\"author\" content=\"Web del Maestro CMF\" \/>\n<meta name=\"twitter:card\" content=\"summary_large_image\" \/>\n<meta name=\"twitter:creator\" content=\"@cmf_w\" \/>\n<meta name=\"twitter:site\" content=\"@cmf_w\" \/>\n<script type=\"application\/ld+json\" class=\"yoast-schema-graph\">{\"@context\":\"https:\\\/\\\/schema.org\",\"@graph\":[{\"@type\":\"ScholarlyArticle\",\"@id\":\"https:\\\/\\\/webdelmaestrocmf.com\\\/portal\\\/alexander-ortiz-la-educacion-postpandemia-hacia-una-escuela-emergente\\\/#article\",\"isPartOf\":{\"@id\":\"https:\\\/\\\/webdelmaestrocmf.com\\\/portal\\\/alexander-ortiz-la-educacion-postpandemia-hacia-una-escuela-emergente\\\/\"},\"author\":{\"name\":\"Web del Maestro CMF\",\"@id\":\"https:\\\/\\\/webdelmaestrocmf.com\\\/portal\\\/#\\\/schema\\\/person\\\/1072a2ed7bd960df8ef99a551fa35dc5\"},\"headline\":\"[Alexander Ortiz] La educaci\u00f3n postpandemia: hacia una escuela emergente\",\"datePublished\":\"2020-06-29T21:48:00+00:00\",\"dateModified\":\"2020-09-07T18:02:37+00:00\",\"mainEntityOfPage\":{\"@id\":\"https:\\\/\\\/webdelmaestrocmf.com\\\/portal\\\/alexander-ortiz-la-educacion-postpandemia-hacia-una-escuela-emergente\\\/\"},\"wordCount\":1898,\"commentCount\":0,\"publisher\":{\"@id\":\"https:\\\/\\\/webdelmaestrocmf.com\\\/portal\\\/#organization\"},\"image\":{\"@id\":\"https:\\\/\\\/webdelmaestrocmf.com\\\/portal\\\/alexander-ortiz-la-educacion-postpandemia-hacia-una-escuela-emergente\\\/#primaryimage\"},\"thumbnailUrl\":\"https:\\\/\\\/webdelmaestrocmf.com\\\/portal\\\/wp-content\\\/uploads\\\/2020\\\/06\\\/1-176.jpg\",\"keywords\":[\"Alexander Ortiz\",\"EDUCACI\u00d3N\",\"emergente\",\"escuela\",\"postpandemia\"],\"articleSection\":[\"Z-Colaboradores\",\"Z-Colaboradores-Alexander-Ortiz\"],\"inLanguage\":\"es\",\"potentialAction\":[{\"@type\":\"CommentAction\",\"name\":\"Comment\",\"target\":[\"https:\\\/\\\/webdelmaestrocmf.com\\\/portal\\\/alexander-ortiz-la-educacion-postpandemia-hacia-una-escuela-emergente\\\/#respond\"]}]},{\"@type\":\"WebPage\",\"@id\":\"https:\\\/\\\/webdelmaestrocmf.com\\\/portal\\\/alexander-ortiz-la-educacion-postpandemia-hacia-una-escuela-emergente\\\/\",\"url\":\"https:\\\/\\\/webdelmaestrocmf.com\\\/portal\\\/alexander-ortiz-la-educacion-postpandemia-hacia-una-escuela-emergente\\\/\",\"name\":\"[Alexander Ortiz] La educaci\u00f3n postpandemia: hacia una escuela emergente - 2026\",\"isPartOf\":{\"@id\":\"https:\\\/\\\/webdelmaestrocmf.com\\\/portal\\\/#website\"},\"primaryImageOfPage\":{\"@id\":\"https:\\\/\\\/webdelmaestrocmf.com\\\/portal\\\/alexander-ortiz-la-educacion-postpandemia-hacia-una-escuela-emergente\\\/#primaryimage\"},\"image\":{\"@id\":\"https:\\\/\\\/webdelmaestrocmf.com\\\/portal\\\/alexander-ortiz-la-educacion-postpandemia-hacia-una-escuela-emergente\\\/#primaryimage\"},\"thumbnailUrl\":\"https:\\\/\\\/webdelmaestrocmf.com\\\/portal\\\/wp-content\\\/uploads\\\/2020\\\/06\\\/1-176.jpg\",\"datePublished\":\"2020-06-29T21:48:00+00:00\",\"dateModified\":\"2020-09-07T18:02:37+00:00\",\"description\":\"Rousseau, en su teor\u00eda de la educaci\u00f3n, le dio m\u00e1s importancia al concepto de infancia, en cambio Pestalozzi y Comenio desarrollan m\u00e1s la noci\u00f3n...\",\"breadcrumb\":{\"@id\":\"https:\\\/\\\/webdelmaestrocmf.com\\\/portal\\\/alexander-ortiz-la-educacion-postpandemia-hacia-una-escuela-emergente\\\/#breadcrumb\"},\"inLanguage\":\"es\",\"potentialAction\":[{\"@type\":\"ReadAction\",\"target\":[\"https:\\\/\\\/webdelmaestrocmf.com\\\/portal\\\/alexander-ortiz-la-educacion-postpandemia-hacia-una-escuela-emergente\\\/\"]}]},{\"@type\":\"ImageObject\",\"inLanguage\":\"es\",\"@id\":\"https:\\\/\\\/webdelmaestrocmf.com\\\/portal\\\/alexander-ortiz-la-educacion-postpandemia-hacia-una-escuela-emergente\\\/#primaryimage\",\"url\":\"https:\\\/\\\/webdelmaestrocmf.com\\\/portal\\\/wp-content\\\/uploads\\\/2020\\\/06\\\/1-176.jpg\",\"contentUrl\":\"https:\\\/\\\/webdelmaestrocmf.com\\\/portal\\\/wp-content\\\/uploads\\\/2020\\\/06\\\/1-176.jpg\",\"width\":1100,\"height\":680},{\"@type\":\"BreadcrumbList\",\"@id\":\"https:\\\/\\\/webdelmaestrocmf.com\\\/portal\\\/alexander-ortiz-la-educacion-postpandemia-hacia-una-escuela-emergente\\\/#breadcrumb\",\"itemListElement\":[{\"@type\":\"ListItem\",\"position\":1,\"name\":\"Portada\",\"item\":\"https:\\\/\\\/webdelmaestrocmf.com\\\/portal\\\/\"},{\"@type\":\"ListItem\",\"position\":2,\"name\":\"Z-Colaboradores\",\"item\":\"https:\\\/\\\/webdelmaestrocmf.com\\\/portal\\\/category\\\/colaborador\\\/\"},{\"@type\":\"ListItem\",\"position\":3,\"name\":\"[Alexander Ortiz] La educaci\u00f3n postpandemia: hacia una escuela emergente\"}]},{\"@type\":\"WebSite\",\"@id\":\"https:\\\/\\\/webdelmaestrocmf.com\\\/portal\\\/#website\",\"url\":\"https:\\\/\\\/webdelmaestrocmf.com\\\/portal\\\/\",\"name\":\"Web del Maestro CMF\",\"description\":\"Maestros al servicio de la educaci\u00f3n\",\"publisher\":{\"@id\":\"https:\\\/\\\/webdelmaestrocmf.com\\\/portal\\\/#organization\"},\"alternateName\":\"WMCMF\",\"potentialAction\":[{\"@type\":\"SearchAction\",\"target\":{\"@type\":\"EntryPoint\",\"urlTemplate\":\"https:\\\/\\\/webdelmaestrocmf.com\\\/portal\\\/?s={search_term_string}\"},\"query-input\":{\"@type\":\"PropertyValueSpecification\",\"valueRequired\":true,\"valueName\":\"search_term_string\"}}],\"inLanguage\":\"es\"},{\"@type\":\"Organization\",\"@id\":\"https:\\\/\\\/webdelmaestrocmf.com\\\/portal\\\/#organization\",\"name\":\"Web del Maestro CMF\",\"alternateName\":\"WMCMF\",\"url\":\"https:\\\/\\\/webdelmaestrocmf.com\\\/portal\\\/\",\"logo\":{\"@type\":\"ImageObject\",\"inLanguage\":\"es\",\"@id\":\"https:\\\/\\\/webdelmaestrocmf.com\\\/portal\\\/#\\\/schema\\\/logo\\\/image\\\/\",\"url\":\"https:\\\/\\\/webdelmaestrocmf.com\\\/portal\\\/wp-content\\\/uploads\\\/2023\\\/01\\\/logo-wmcmf-2.png\",\"contentUrl\":\"https:\\\/\\\/webdelmaestrocmf.com\\\/portal\\\/wp-content\\\/uploads\\\/2023\\\/01\\\/logo-wmcmf-2.png\",\"width\":200,\"height\":60,\"caption\":\"Web del Maestro CMF\"},\"image\":{\"@id\":\"https:\\\/\\\/webdelmaestrocmf.com\\\/portal\\\/#\\\/schema\\\/logo\\\/image\\\/\"},\"sameAs\":[\"https:\\\/\\\/www.facebook.com\\\/WebdelMaestroCMF\\\/\",\"https:\\\/\\\/x.com\\\/cmf_w\",\"https:\\\/\\\/www.pinterest.com\\\/WMCMF\\\/\",\"https:\\\/\\\/www.linkedin.com\\\/company\\\/web-del-maestro-cmf\\\/\",\"https:\\\/\\\/www.instagram.com\\\/wmcmf\\\/\",\"https:\\\/\\\/www.youtube.com\\\/channel\\\/UCDPSvjbdodE5sHnC3OxutHw\",\"https:\\\/\\\/mastodon.social\\\/@wmcmf\",\"https:\\\/\\\/www.tiktok.com\\\/@webdelmaestrocmf\"]},{\"@type\":\"Person\",\"@id\":\"https:\\\/\\\/webdelmaestrocmf.com\\\/portal\\\/#\\\/schema\\\/person\\\/1072a2ed7bd960df8ef99a551fa35dc5\",\"name\":\"Web del Maestro CMF\",\"image\":{\"@type\":\"ImageObject\",\"inLanguage\":\"es\",\"@id\":\"https:\\\/\\\/secure.gravatar.com\\\/avatar\\\/23291dd5b5ae1077dcff3dbb04c3e02bd28403fa75af6d8787d5e97c5bbbe30b?s=96&d=mm&r=g\",\"url\":\"https:\\\/\\\/secure.gravatar.com\\\/avatar\\\/23291dd5b5ae1077dcff3dbb04c3e02bd28403fa75af6d8787d5e97c5bbbe30b?s=96&d=mm&r=g\",\"contentUrl\":\"https:\\\/\\\/secure.gravatar.com\\\/avatar\\\/23291dd5b5ae1077dcff3dbb04c3e02bd28403fa75af6d8787d5e97c5bbbe30b?s=96&d=mm&r=g\",\"caption\":\"Web del Maestro CMF\"},\"description\":\"Esta Web se cre\u00f3 sin fines de lucro, con fines educativos, cient\u00edficos y acad\u00e9micos, para personas que tengan dificultades y\\\/o inconvenientes en visualizar el material original. El objetivo es entregar recursos, compartir experiencias y materiales que ayuden a los padres de familia, maestros y estudiantes en su actualizaci\u00f3n y formaci\u00f3n permanente, en bien de la Educaci\u00f3n.\",\"sameAs\":[\"http:\\\/\\\/webdelmaestrocmf.com\\\/portal\",\"https:\\\/\\\/www.facebook.com\\\/WebdelMaestroCMF\\\/\",\"https:\\\/\\\/www.instagram.com\\\/wmcmf\\\/\",\"https:\\\/\\\/cl.linkedin.com\\\/company\\\/web-del-maestro-cmf\",\"https:\\\/\\\/www.pinterest.com\\\/WMCMF\\\/publicaciones\\\/\",\"https:\\\/\\\/x.com\\\/cmf_w\",\"https:\\\/\\\/www.youtube.com\\\/@WMCMF\"]}]}<\/script>\n<!-- \/ Yoast SEO plugin. -->","yoast_head_json":{"title":"[Alexander Ortiz] La educaci\u00f3n postpandemia: hacia una escuela emergente - 2026","description":"Rousseau, en su teor\u00eda de la educaci\u00f3n, le dio m\u00e1s importancia al concepto de infancia, en cambio Pestalozzi y Comenio desarrollan m\u00e1s la noci\u00f3n...","robots":{"index":"index","follow":"follow","max-snippet":"max-snippet:-1","max-image-preview":"max-image-preview:large","max-video-preview":"max-video-preview:-1"},"canonical":"https:\/\/webdelmaestrocmf.com\/portal\/alexander-ortiz-la-educacion-postpandemia-hacia-una-escuela-emergente\/","og_locale":"es_ES","og_type":"article","og_title":"[Alexander Ortiz] La educaci\u00f3n postpandemia: hacia una escuela emergente - 2026","og_description":"Rousseau, en su teor\u00eda de la educaci\u00f3n, le dio m\u00e1s importancia al concepto de infancia, en cambio Pestalozzi y Comenio desarrollan m\u00e1s la noci\u00f3n...","og_url":"https:\/\/webdelmaestrocmf.com\/portal\/alexander-ortiz-la-educacion-postpandemia-hacia-una-escuela-emergente\/","og_site_name":"Web del Maestro CMF","article_publisher":"https:\/\/www.facebook.com\/WebdelMaestroCMF\/","article_author":"https:\/\/www.facebook.com\/WebdelMaestroCMF\/","article_published_time":"2020-06-29T21:48:00+00:00","article_modified_time":"2020-09-07T18:02:37+00:00","og_image":[{"width":1100,"height":680,"url":"https:\/\/i0.wp.com\/webdelmaestrocmf.com\/portal\/wp-content\/uploads\/2020\/06\/1-176.jpg?fit=1100%2C680&ssl=1","type":"image\/jpeg"}],"author":"Web del Maestro CMF","twitter_card":"summary_large_image","twitter_creator":"@cmf_w","twitter_site":"@cmf_w","schema":{"@context":"https:\/\/schema.org","@graph":[{"@type":"ScholarlyArticle","@id":"https:\/\/webdelmaestrocmf.com\/portal\/alexander-ortiz-la-educacion-postpandemia-hacia-una-escuela-emergente\/#article","isPartOf":{"@id":"https:\/\/webdelmaestrocmf.com\/portal\/alexander-ortiz-la-educacion-postpandemia-hacia-una-escuela-emergente\/"},"author":{"name":"Web del Maestro CMF","@id":"https:\/\/webdelmaestrocmf.com\/portal\/#\/schema\/person\/1072a2ed7bd960df8ef99a551fa35dc5"},"headline":"[Alexander Ortiz] La educaci\u00f3n postpandemia: hacia una escuela emergente","datePublished":"2020-06-29T21:48:00+00:00","dateModified":"2020-09-07T18:02:37+00:00","mainEntityOfPage":{"@id":"https:\/\/webdelmaestrocmf.com\/portal\/alexander-ortiz-la-educacion-postpandemia-hacia-una-escuela-emergente\/"},"wordCount":1898,"commentCount":0,"publisher":{"@id":"https:\/\/webdelmaestrocmf.com\/portal\/#organization"},"image":{"@id":"https:\/\/webdelmaestrocmf.com\/portal\/alexander-ortiz-la-educacion-postpandemia-hacia-una-escuela-emergente\/#primaryimage"},"thumbnailUrl":"https:\/\/webdelmaestrocmf.com\/portal\/wp-content\/uploads\/2020\/06\/1-176.jpg","keywords":["Alexander Ortiz","EDUCACI\u00d3N","emergente","escuela","postpandemia"],"articleSection":["Z-Colaboradores","Z-Colaboradores-Alexander-Ortiz"],"inLanguage":"es","potentialAction":[{"@type":"CommentAction","name":"Comment","target":["https:\/\/webdelmaestrocmf.com\/portal\/alexander-ortiz-la-educacion-postpandemia-hacia-una-escuela-emergente\/#respond"]}]},{"@type":"WebPage","@id":"https:\/\/webdelmaestrocmf.com\/portal\/alexander-ortiz-la-educacion-postpandemia-hacia-una-escuela-emergente\/","url":"https:\/\/webdelmaestrocmf.com\/portal\/alexander-ortiz-la-educacion-postpandemia-hacia-una-escuela-emergente\/","name":"[Alexander Ortiz] La educaci\u00f3n postpandemia: hacia una escuela emergente - 2026","isPartOf":{"@id":"https:\/\/webdelmaestrocmf.com\/portal\/#website"},"primaryImageOfPage":{"@id":"https:\/\/webdelmaestrocmf.com\/portal\/alexander-ortiz-la-educacion-postpandemia-hacia-una-escuela-emergente\/#primaryimage"},"image":{"@id":"https:\/\/webdelmaestrocmf.com\/portal\/alexander-ortiz-la-educacion-postpandemia-hacia-una-escuela-emergente\/#primaryimage"},"thumbnailUrl":"https:\/\/webdelmaestrocmf.com\/portal\/wp-content\/uploads\/2020\/06\/1-176.jpg","datePublished":"2020-06-29T21:48:00+00:00","dateModified":"2020-09-07T18:02:37+00:00","description":"Rousseau, en su teor\u00eda de la educaci\u00f3n, le dio m\u00e1s importancia al concepto de infancia, en cambio Pestalozzi y Comenio desarrollan m\u00e1s la noci\u00f3n...","breadcrumb":{"@id":"https:\/\/webdelmaestrocmf.com\/portal\/alexander-ortiz-la-educacion-postpandemia-hacia-una-escuela-emergente\/#breadcrumb"},"inLanguage":"es","potentialAction":[{"@type":"ReadAction","target":["https:\/\/webdelmaestrocmf.com\/portal\/alexander-ortiz-la-educacion-postpandemia-hacia-una-escuela-emergente\/"]}]},{"@type":"ImageObject","inLanguage":"es","@id":"https:\/\/webdelmaestrocmf.com\/portal\/alexander-ortiz-la-educacion-postpandemia-hacia-una-escuela-emergente\/#primaryimage","url":"https:\/\/webdelmaestrocmf.com\/portal\/wp-content\/uploads\/2020\/06\/1-176.jpg","contentUrl":"https:\/\/webdelmaestrocmf.com\/portal\/wp-content\/uploads\/2020\/06\/1-176.jpg","width":1100,"height":680},{"@type":"BreadcrumbList","@id":"https:\/\/webdelmaestrocmf.com\/portal\/alexander-ortiz-la-educacion-postpandemia-hacia-una-escuela-emergente\/#breadcrumb","itemListElement":[{"@type":"ListItem","position":1,"name":"Portada","item":"https:\/\/webdelmaestrocmf.com\/portal\/"},{"@type":"ListItem","position":2,"name":"Z-Colaboradores","item":"https:\/\/webdelmaestrocmf.com\/portal\/category\/colaborador\/"},{"@type":"ListItem","position":3,"name":"[Alexander Ortiz] La educaci\u00f3n postpandemia: hacia una escuela emergente"}]},{"@type":"WebSite","@id":"https:\/\/webdelmaestrocmf.com\/portal\/#website","url":"https:\/\/webdelmaestrocmf.com\/portal\/","name":"Web del Maestro CMF","description":"Maestros al servicio de la educaci\u00f3n","publisher":{"@id":"https:\/\/webdelmaestrocmf.com\/portal\/#organization"},"alternateName":"WMCMF","potentialAction":[{"@type":"SearchAction","target":{"@type":"EntryPoint","urlTemplate":"https:\/\/webdelmaestrocmf.com\/portal\/?s={search_term_string}"},"query-input":{"@type":"PropertyValueSpecification","valueRequired":true,"valueName":"search_term_string"}}],"inLanguage":"es"},{"@type":"Organization","@id":"https:\/\/webdelmaestrocmf.com\/portal\/#organization","name":"Web del Maestro CMF","alternateName":"WMCMF","url":"https:\/\/webdelmaestrocmf.com\/portal\/","logo":{"@type":"ImageObject","inLanguage":"es","@id":"https:\/\/webdelmaestrocmf.com\/portal\/#\/schema\/logo\/image\/","url":"https:\/\/webdelmaestrocmf.com\/portal\/wp-content\/uploads\/2023\/01\/logo-wmcmf-2.png","contentUrl":"https:\/\/webdelmaestrocmf.com\/portal\/wp-content\/uploads\/2023\/01\/logo-wmcmf-2.png","width":200,"height":60,"caption":"Web del Maestro CMF"},"image":{"@id":"https:\/\/webdelmaestrocmf.com\/portal\/#\/schema\/logo\/image\/"},"sameAs":["https:\/\/www.facebook.com\/WebdelMaestroCMF\/","https:\/\/x.com\/cmf_w","https:\/\/www.pinterest.com\/WMCMF\/","https:\/\/www.linkedin.com\/company\/web-del-maestro-cmf\/","https:\/\/www.instagram.com\/wmcmf\/","https:\/\/www.youtube.com\/channel\/UCDPSvjbdodE5sHnC3OxutHw","https:\/\/mastodon.social\/@wmcmf","https:\/\/www.tiktok.com\/@webdelmaestrocmf"]},{"@type":"Person","@id":"https:\/\/webdelmaestrocmf.com\/portal\/#\/schema\/person\/1072a2ed7bd960df8ef99a551fa35dc5","name":"Web del Maestro CMF","image":{"@type":"ImageObject","inLanguage":"es","@id":"https:\/\/secure.gravatar.com\/avatar\/23291dd5b5ae1077dcff3dbb04c3e02bd28403fa75af6d8787d5e97c5bbbe30b?s=96&d=mm&r=g","url":"https:\/\/secure.gravatar.com\/avatar\/23291dd5b5ae1077dcff3dbb04c3e02bd28403fa75af6d8787d5e97c5bbbe30b?s=96&d=mm&r=g","contentUrl":"https:\/\/secure.gravatar.com\/avatar\/23291dd5b5ae1077dcff3dbb04c3e02bd28403fa75af6d8787d5e97c5bbbe30b?s=96&d=mm&r=g","caption":"Web del Maestro CMF"},"description":"Esta Web se cre\u00f3 sin fines de lucro, con fines educativos, cient\u00edficos y acad\u00e9micos, para personas que tengan dificultades y\/o inconvenientes en visualizar el material original. El objetivo es entregar recursos, compartir experiencias y materiales que ayuden a los padres de familia, maestros y estudiantes en su actualizaci\u00f3n y formaci\u00f3n permanente, en bien de la Educaci\u00f3n.","sameAs":["http:\/\/webdelmaestrocmf.com\/portal","https:\/\/www.facebook.com\/WebdelMaestroCMF\/","https:\/\/www.instagram.com\/wmcmf\/","https:\/\/cl.linkedin.com\/company\/web-del-maestro-cmf","https:\/\/www.pinterest.com\/WMCMF\/publicaciones\/","https:\/\/x.com\/cmf_w","https:\/\/www.youtube.com\/@WMCMF"]}]}},"jetpack_featured_media_url":"https:\/\/webdelmaestrocmf.com\/portal\/wp-content\/uploads\/2020\/06\/1-176.jpg","jetpack_sharing_enabled":true,"jetpack-related-posts":[{"id":66045,"url":"https:\/\/webdelmaestrocmf.com\/portal\/miguel-angel-gallegos-las-ensenanzas-de-comenio-para-antes-de-regresar-a-las-escuelas-en-tiempos-de-pandemia\/","url_meta":{"origin":48509,"position":0},"title":"[Miguel \u00c1ngel Gallegos] Las ense\u00f1anzas de Comenio para antes de regresar a las escuelas en tiempos de pandemia","author":"Web del Maestro CMF","date":"1 agosto, 2021","format":false,"excerpt":"\u201cHasta ahora hemos carecido de escuelas que respondan perfectamente a su fin\u201d (Juan Am\u00f3s Comenio) En el pr\u00f3logo de la Obra \u201cDid\u00e1ctica Magna\u201d de Juan Am\u00f3s Comenio, su autor Don Gabriel de la Mora, se\u00f1ala que en 1970 al cumplirse tres siglos de la muerte de Comenio, la Conferencia General\u2026","rel":"","context":"En \u00abZ-Colaboradores\u00bb","block_context":{"text":"Z-Colaboradores","link":"https:\/\/webdelmaestrocmf.com\/portal\/category\/colaborador\/"},"img":{"alt_text":"","src":"https:\/\/i0.wp.com\/webdelmaestrocmf.com\/portal\/wp-content\/uploads\/2021\/08\/1.jpg?resize=350%2C200&ssl=1","width":350,"height":200,"srcset":"https:\/\/i0.wp.com\/webdelmaestrocmf.com\/portal\/wp-content\/uploads\/2021\/08\/1.jpg?resize=350%2C200&ssl=1 1x, https:\/\/i0.wp.com\/webdelmaestrocmf.com\/portal\/wp-content\/uploads\/2021\/08\/1.jpg?resize=525%2C300&ssl=1 1.5x, https:\/\/i0.wp.com\/webdelmaestrocmf.com\/portal\/wp-content\/uploads\/2021\/08\/1.jpg?resize=700%2C400&ssl=1 2x, https:\/\/i0.wp.com\/webdelmaestrocmf.com\/portal\/wp-content\/uploads\/2021\/08\/1.jpg?resize=1050%2C600&ssl=1 3x"},"classes":[]},{"id":55470,"url":"https:\/\/webdelmaestrocmf.com\/portal\/david-auris-comenio-apostol-de-la-educacion\/","url_meta":{"origin":48509,"position":1},"title":"[David Auris] Comenio, ap\u00f3stol de la educaci\u00f3n","author":"Web del Maestro CMF","date":"2 diciembre, 2020","format":false,"excerpt":"Quien ha le\u00eddo la Biblia pedag\u00f3gica de Comenio, siempre estar\u00e1 dispuesto a motivarnos. Sus ideales han inspirado una educaci\u00f3n solidaria. Colosal ap\u00f3stol y resiliente, profes\u00f3 la paz entre los hombres y centr\u00f3 a la persona, como epicentro del cosmos pedag\u00f3gico, capaz de perfeccionarse y encontrar la felicidad a trav\u00e9s de\u2026","rel":"","context":"En \u00abZ-Colaborador-David-Auris\u00bb","block_context":{"text":"Z-Colaborador-David-Auris","link":"https:\/\/webdelmaestrocmf.com\/portal\/category\/colaborador\/z-colaborador-david-auris\/"},"img":{"alt_text":"","src":"https:\/\/i0.wp.com\/webdelmaestrocmf.com\/portal\/wp-content\/uploads\/2020\/12\/1-copia-6.jpg?resize=350%2C200&ssl=1","width":350,"height":200,"srcset":"https:\/\/i0.wp.com\/webdelmaestrocmf.com\/portal\/wp-content\/uploads\/2020\/12\/1-copia-6.jpg?resize=350%2C200&ssl=1 1x, https:\/\/i0.wp.com\/webdelmaestrocmf.com\/portal\/wp-content\/uploads\/2020\/12\/1-copia-6.jpg?resize=525%2C300&ssl=1 1.5x, https:\/\/i0.wp.com\/webdelmaestrocmf.com\/portal\/wp-content\/uploads\/2020\/12\/1-copia-6.jpg?resize=700%2C400&ssl=1 2x, https:\/\/i0.wp.com\/webdelmaestrocmf.com\/portal\/wp-content\/uploads\/2020\/12\/1-copia-6.jpg?resize=1050%2C600&ssl=1 3x"},"classes":[]},{"id":49088,"url":"https:\/\/webdelmaestrocmf.com\/portal\/alexander-ortiz-educar-es-amar-y-conversar\/","url_meta":{"origin":48509,"position":2},"title":"[Alexander Ortiz] Educar es amar y conversar","author":"Web del Maestro CMF","date":"14 julio, 2020","format":false,"excerpt":"La educaci\u00f3n es un acto estrictamente humano, por eso debe ser afectiva y cognitiva, emocional y racional. En la educaci\u00f3n no se deben reprimir los sentimientos, las emociones, los deseos, los sue\u00f1os. No se debe enarbolar una dictadura racionalista, pero tampoco debe faltar el rigor generado por la disciplina intelectual\u2026","rel":"","context":"En \u00abZ-Colaboradores\u00bb","block_context":{"text":"Z-Colaboradores","link":"https:\/\/webdelmaestrocmf.com\/portal\/category\/colaborador\/"},"img":{"alt_text":"","src":"https:\/\/i0.wp.com\/webdelmaestrocmf.com\/portal\/wp-content\/uploads\/2020\/07\/1-48.jpg?resize=350%2C200&ssl=1","width":350,"height":200,"srcset":"https:\/\/i0.wp.com\/webdelmaestrocmf.com\/portal\/wp-content\/uploads\/2020\/07\/1-48.jpg?resize=350%2C200&ssl=1 1x, https:\/\/i0.wp.com\/webdelmaestrocmf.com\/portal\/wp-content\/uploads\/2020\/07\/1-48.jpg?resize=525%2C300&ssl=1 1.5x, https:\/\/i0.wp.com\/webdelmaestrocmf.com\/portal\/wp-content\/uploads\/2020\/07\/1-48.jpg?resize=700%2C400&ssl=1 2x, https:\/\/i0.wp.com\/webdelmaestrocmf.com\/portal\/wp-content\/uploads\/2020\/07\/1-48.jpg?resize=1050%2C600&ssl=1 3x"},"classes":[]},{"id":49972,"url":"https:\/\/webdelmaestrocmf.com\/portal\/alexander-ortiz-las-ensenanzas-de-jesus-y-la-educacion-que-sonamos\/","url_meta":{"origin":48509,"position":3},"title":"[Alexander Ortiz] Las ense\u00f1anzas de Jes\u00fas y la educaci\u00f3n que so\u00f1amos","author":"Web del Maestro CMF","date":"14 agosto, 2020","format":false,"excerpt":"La educaci\u00f3n redentora, reconciliadora y pacificadora[1] En los evangelios podemos encontrar infinidades de recomendaciones metodol\u00f3gicas de c\u00f3mo desempe\u00f1arnos en la educaci\u00f3n. Cristo es el ejemplo m\u00e1s fehaciente que debemos utilizar como paradigma did\u00e1ctico y axiol\u00f3gico para el uso de metodolog\u00edas de ense\u00f1anza y para establecer relaciones interpersonales significativas con nuestros\u2026","rel":"","context":"En \u00abZ-Colaboradores\u00bb","block_context":{"text":"Z-Colaboradores","link":"https:\/\/webdelmaestrocmf.com\/portal\/category\/colaborador\/"},"img":{"alt_text":"","src":"https:\/\/i0.wp.com\/webdelmaestrocmf.com\/portal\/wp-content\/uploads\/2020\/08\/1-7.jpeg?resize=350%2C200&ssl=1","width":350,"height":200,"srcset":"https:\/\/i0.wp.com\/webdelmaestrocmf.com\/portal\/wp-content\/uploads\/2020\/08\/1-7.jpeg?resize=350%2C200&ssl=1 1x, https:\/\/i0.wp.com\/webdelmaestrocmf.com\/portal\/wp-content\/uploads\/2020\/08\/1-7.jpeg?resize=525%2C300&ssl=1 1.5x, https:\/\/i0.wp.com\/webdelmaestrocmf.com\/portal\/wp-content\/uploads\/2020\/08\/1-7.jpeg?resize=700%2C400&ssl=1 2x, https:\/\/i0.wp.com\/webdelmaestrocmf.com\/portal\/wp-content\/uploads\/2020\/08\/1-7.jpeg?resize=1050%2C600&ssl=1 3x"},"classes":[]},{"id":49319,"url":"https:\/\/webdelmaestrocmf.com\/portal\/alexander-ortiz-el-maestro-inverosimil-parte-i\/","url_meta":{"origin":48509,"position":4},"title":"[Alexander Ortiz] El maestro inveros\u00edmil (Parte I)","author":"Web del Maestro CMF","date":"21 julio, 2020","format":false,"excerpt":"Si reflexionamos sobre el quehacer pedag\u00f3gico de los maestros y los diversos modos de actuaci\u00f3n y conductas que \u00e9ste puede asumir, tendr\u00edamos que llegar a la conclusi\u00f3n que en su desempe\u00f1o el maestro podr\u00eda mostrar al menos una de tres posturas pedag\u00f3gicas: autoritaria, comprensiva o cr\u00edtica, seg\u00fan los intereses que\u2026","rel":"","context":"En \u00abZ-Colaboradores\u00bb","block_context":{"text":"Z-Colaboradores","link":"https:\/\/webdelmaestrocmf.com\/portal\/category\/colaborador\/"},"img":{"alt_text":"","src":"https:\/\/i0.wp.com\/webdelmaestrocmf.com\/portal\/wp-content\/uploads\/2020\/07\/1-69.jpg?resize=350%2C200&ssl=1","width":350,"height":200,"srcset":"https:\/\/i0.wp.com\/webdelmaestrocmf.com\/portal\/wp-content\/uploads\/2020\/07\/1-69.jpg?resize=350%2C200&ssl=1 1x, https:\/\/i0.wp.com\/webdelmaestrocmf.com\/portal\/wp-content\/uploads\/2020\/07\/1-69.jpg?resize=525%2C300&ssl=1 1.5x, https:\/\/i0.wp.com\/webdelmaestrocmf.com\/portal\/wp-content\/uploads\/2020\/07\/1-69.jpg?resize=700%2C400&ssl=1 2x, https:\/\/i0.wp.com\/webdelmaestrocmf.com\/portal\/wp-content\/uploads\/2020\/07\/1-69.jpg?resize=1050%2C600&ssl=1 3x"},"classes":[]},{"id":80871,"url":"https:\/\/webdelmaestrocmf.com\/portal\/alexander-ortiz-la-ensenanza-en-el-modelo-pedagogico-configuracional\/","url_meta":{"origin":48509,"position":5},"title":"[Alexander Ortiz] La ense\u00f1anza en el modelo pedag\u00f3gico configuracional","author":"Web del Maestro CMF","date":"10 octubre, 2022","format":false,"excerpt":"La forma de ver la mente como una relaci\u00f3n entre el estudiante y su entorno o con \u00e9l mismo, y la manera general de pensar de Humberto Maturana, tiene consecuencias incalculables para la psicolog\u00eda moderna, para la pedagog\u00eda, para el curr\u00edculo, y para la did\u00e1ctica. En este sentido, como ya\u2026","rel":"","context":"En \u00abZ-Colaboradores\u00bb","block_context":{"text":"Z-Colaboradores","link":"https:\/\/webdelmaestrocmf.com\/portal\/category\/colaborador\/"},"img":{"alt_text":"","src":"https:\/\/i0.wp.com\/webdelmaestrocmf.com\/portal\/wp-content\/uploads\/2022\/10\/1-17.jpg?resize=350%2C200&ssl=1","width":350,"height":200,"srcset":"https:\/\/i0.wp.com\/webdelmaestrocmf.com\/portal\/wp-content\/uploads\/2022\/10\/1-17.jpg?resize=350%2C200&ssl=1 1x, https:\/\/i0.wp.com\/webdelmaestrocmf.com\/portal\/wp-content\/uploads\/2022\/10\/1-17.jpg?resize=525%2C300&ssl=1 1.5x, https:\/\/i0.wp.com\/webdelmaestrocmf.com\/portal\/wp-content\/uploads\/2022\/10\/1-17.jpg?resize=700%2C400&ssl=1 2x"},"classes":[]}],"_links":{"self":[{"href":"https:\/\/webdelmaestrocmf.com\/portal\/wp-json\/wp\/v2\/posts\/48509","targetHints":{"allow":["GET"]}}],"collection":[{"href":"https:\/\/webdelmaestrocmf.com\/portal\/wp-json\/wp\/v2\/posts"}],"about":[{"href":"https:\/\/webdelmaestrocmf.com\/portal\/wp-json\/wp\/v2\/types\/post"}],"author":[{"embeddable":true,"href":"https:\/\/webdelmaestrocmf.com\/portal\/wp-json\/wp\/v2\/users\/1"}],"replies":[{"embeddable":true,"href":"https:\/\/webdelmaestrocmf.com\/portal\/wp-json\/wp\/v2\/comments?post=48509"}],"version-history":[{"count":0,"href":"https:\/\/webdelmaestrocmf.com\/portal\/wp-json\/wp\/v2\/posts\/48509\/revisions"}],"wp:featuredmedia":[{"embeddable":true,"href":"https:\/\/webdelmaestrocmf.com\/portal\/wp-json\/wp\/v2\/media\/48511"}],"wp:attachment":[{"href":"https:\/\/webdelmaestrocmf.com\/portal\/wp-json\/wp\/v2\/media?parent=48509"}],"wp:term":[{"taxonomy":"category","embeddable":true,"href":"https:\/\/webdelmaestrocmf.com\/portal\/wp-json\/wp\/v2\/categories?post=48509"},{"taxonomy":"post_tag","embeddable":true,"href":"https:\/\/webdelmaestrocmf.com\/portal\/wp-json\/wp\/v2\/tags?post=48509"}],"curies":[{"name":"wp","href":"https:\/\/api.w.org\/{rel}","templated":true}]}}