{"id":48351,"date":"2020-06-24T13:04:04","date_gmt":"2020-06-24T17:04:04","guid":{"rendered":"https:\/\/webdelmaestrocmf.com\/portal\/?p=48351"},"modified":"2022-09-08T19:32:52","modified_gmt":"2022-09-08T23:32:52","slug":"rosy-cisneros-autoevaluacion-de-ninos-y-jovenes-para-realizar-los-diplomas-de-fin-de-ano-escolar","status":"publish","type":"post","link":"https:\/\/webdelmaestrocmf.com\/portal\/rosy-cisneros-autoevaluacion-de-ninos-y-jovenes-para-realizar-los-diplomas-de-fin-de-ano-escolar\/","title":{"rendered":"[Rosy Cisneros] Autoevaluaci\u00f3n de ni\u00f1os y j\u00f3venes para realizar los diplomas de Fin de A\u00f1o Escolar"},"content":{"rendered":"<h5 style=\"text-align: justify;\">De las cosas que m\u00e1s disfruto en una ceremonia de fin de ciclo, es escuchar las autoevaluaciones que se hacen los alumnos.<\/h5>\n<h5 style=\"text-align: justify;\">Si, escuchaste bien, los diplomas los otorga el Colegio, pero los redactan los propios alumnos, en un ejercicio de autoevaluaci\u00f3n.<\/h5>\n<h5 style=\"text-align: justify;\">La nueva forma de educar, no se parece mucho a los viejos patrones, en donde eran los maestros los protagonistas del proceso de aprendizaje, y eran ellos, tambi\u00e9n los que decid\u00edan a qui\u00e9n darle un reconocimiento, que por lo general solo era para alumnos con habilidades cognitivas, dejando a un lado los talentos que no entraban en esta categor\u00eda.<\/h5>\n<p><!--more--><\/p>\n<p style=\"text-align: justify;\">La autoevaluaci\u00f3n, es conocer el proceso de aprendizaje y desarrollo de uno mismo, para lograr autonom\u00eda y libertad para seguir creciendo.<\/p>\n<p style=\"text-align: justify;\">Claro est\u00e1 que se debe aprender, y qu\u00e9 mejor hacerlo desde edades tempranas para lograr avances con el tiempo.<\/p>\n<p style=\"text-align: justify;\">Es tan curioso que la escuela tradicional no acompa\u00f1a a los alumnos en este aprendizaje y luego a niveles superiores, se espera que sepan hacerlo.<\/p>\n<p style=\"text-align: justify;\">En este tiempo en que los alumnos tienen tanta informaci\u00f3n en la Web, y se est\u00e1n transformando en autodid\u00e1cticas, aprender a reconocer su avance es indispensable para tener completo sus procesos de autogesti\u00f3n y autonom\u00eda.<\/p>\n<p style=\"text-align: justify;\">De todo lo que escriben, hay frases que me llenan el alma de alegr\u00eda porque adem\u00e1s de reconocer sus avances acad\u00e9micos, tambi\u00e9n identifican sus talentos, sus emociones y han aprendido a agradecer.<\/p>\n<p><img loading=\"lazy\" decoding=\"async\" class=\"alignnone size-full\" src=\"https:\/\/cdn.dribbble.com\/users\/25514\/screenshots\/3211423\/user_data_illustration.gif\" width=\"800\" height=\"600\" \/><\/p>\n<p style=\"text-align: justify;\">Te comparto solo algunas de las decenas de ellas que atesorar\u00e9 como testimonio de que educar con cerebro y coraz\u00f3n es lo mejor que podemos hacer por estas generaciones.<\/p>\n<ul>\n<li style=\"text-align: justify;\">\u00a0\u201cEsta cuarentena me ense\u00f1\u00f3 a valorar y extra\u00f1ar a mis compa\u00f1eros, mis maestras y mi escuela\u2665\ufe0f (9 a\u00f1os)<\/li>\n<li style=\"text-align: justify;\">\u201cSoy incre\u00edble en matem\u00e1ticas\u201d (10 a\u00f1os)<\/li>\n<li style=\"text-align: justify;\">\u201cAprend\u00ed a no pelear con mis compa\u00f1eros\u201d (4 a\u00f1os)<\/li>\n<li style=\"text-align: justify;\">\u201cPor mejorar como persona y como alumna para sacar la mejor versi\u00f3n de m\u00ed en todas las actividades que particip\u00e9\u201d (12 a\u00f1os)A<\/li>\n<li style=\"text-align: justify;\">\u201cSiento felicidad por conocer y trabajar de una forma diferente\u201d (7a\u00f1os)<\/li>\n<li style=\"text-align: justify;\">\u201cMe siento orgullosa por haber participado en la feria de ciencias virtual, estuvo incre\u00edble, y me fascin\u00f3 aprender fracciones y practicarlas con la aplicaci\u00f3n Kahoot que me ense\u00f1\u00f3 mi maestra (8 a\u00f1os)<\/li>\n<li style=\"text-align: justify;\">\u201cMe sent\u00eda muy feliz de conectarme porque pod\u00eda ver a mis compa\u00f1eros por c\u00e1mara y jug\u00e1bamos juntos\u201d (5a\u00f1os)<\/li>\n<li style=\"text-align: justify;\">\u201cLo mejor fue que aprend\u00ed jugando\u201d (12 a\u00f1os)<\/li>\n<li style=\"text-align: justify;\">\u201cTambi\u00e9n me gust\u00f3 aprender cosas nuevas por medio de canciones, ya que se graban con mayor facilidad\u201d (11a\u00f1os)<\/li>\n<li style=\"text-align: justify;\">\u201cPude perder la pena de estar frente a muchas personas\u201d (14 a\u00f1os)<\/li>\n<li style=\"text-align: justify;\">\u201cDisfrut\u00e9 participar en la Semana de las Ciencias en l\u00ednea, porque mi mam\u00e1 estuvo en todo momento apoy\u00e1ndome, tom\u00e1ndome fotos y ayud\u00e1ndome\u201d (10 a\u00f1os)<\/li>\n<li style=\"text-align: justify;\">\u201cMe encanta la clase de Arte porque puedo expresar mis sentimientos\u201d (9 a\u00f1os)<\/li>\n<li style=\"text-align: justify;\">\u201cDisfrut\u00e9 las clases online porque fueron divertidas\u201d (7 a\u00f1os)<\/li>\n<li style=\"text-align: justify;\">\u201cLo que m\u00e1s me gust\u00f3 de este a\u00f1o fue la feria de las ciencias, me encantaron las reacciones qu\u00edmicas de cada experimento\u201d (8 a\u00f1os)<\/li>\n<li style=\"text-align: justify;\">\u201cCuando voy camino a la escuela me siento feliz, porque mis clases siempre son divertidas\u201d (6 a\u00f1os)<\/li>\n<li style=\"text-align: justify;\">\u201cEstoy orgulloso de poder aprender m\u00e1s y m\u00e1s, de poder experimentar, por tener sue\u00f1os y misiones que puedo seguir\u201d (13 a\u00f1os)<\/li>\n<li style=\"text-align: justify;\">\u201cOrgullosa de m\u00ed misma por ser fuerte e inteligente\u201d (13 a\u00f1os)<\/li>\n<\/ul>\n<p style=\"text-align: justify;\">Me queda claro que la Neuroeducaci\u00f3n ECC nos ha dado lo que necesitamos para tan lindos resultados, me siento orgullosa como directora, como maestra y como facilitadora de esta certificaci\u00f3n que transforma la forma de educar para hacerlo con cerebro y coraz\u00f3n.<\/p>\n<table style=\"font-family: -apple-system, BlinkMacSystemFont, 'Segoe UI', Roboto, 'Helvetica Neue', Arial, 'Noto Sans', sans-serif, 'Apple Color Emoji', 'Segoe UI Emoji', 'Segoe UI Symbol', 'Noto Color Emoji';\" border=\"0\" width=\"100%\" cellspacing=\"10\" cellpadding=\"10\">\n<tbody>\n<tr>\n<td style=\"text-align: center;\" width=\"30%\"><strong> <img loading=\"lazy\" decoding=\"async\" class=\"size-full wp-image-76030 aligncenter\" src=\"https:\/\/webdelmaestrocmf.com\/portal\/wp-content\/uploads\/2020\/05\/1-81.jpg\" alt=\"\" width=\"200\" height=\"200\" srcset=\"https:\/\/webdelmaestrocmf.com\/portal\/wp-content\/uploads\/2020\/05\/1-81.jpg 200w, https:\/\/webdelmaestrocmf.com\/portal\/wp-content\/uploads\/2020\/05\/1-81-150x150.jpg 150w, https:\/\/webdelmaestrocmf.com\/portal\/wp-content\/uploads\/2020\/05\/1-81-80x80.jpg 80w, https:\/\/webdelmaestrocmf.com\/portal\/wp-content\/uploads\/2020\/05\/1-81-110x110.jpg 110w\" sizes=\"auto, (max-width: 200px) 100vw, 200px\" \/><br \/>\nAutor: <\/strong>Profa. Dra. H.C. Rosalina Cisneros Blancas. M\u00e9xico. D.F.<strong><br \/>\n<\/strong>Neuroeducadora ECC, Educando con Cerebro y coraz\u00f3n<strong><br \/>\nCorreo electr\u00f3nico:<\/strong> <a href=\"mailto:rosyjcb4@yahoo.com.mx\">rosyjcb4@yahoo.com.mx<\/a><br \/>\n<strong>Cuenta de facebook:<\/strong> <a href=\"https:\/\/www.facebook.com\/rosycisnerosneuroeducadora\" target=\"_blank\" rel=\"noopener noreferrer\">rosycisnerosneuroeducadora<\/a><br \/>\n<strong>Web:<\/strong> <a href=\"http:\/\/www.rosycisneros.net\" target=\"_blank\" rel=\"noopener noreferrer\">rosycisneros.net<\/a><\/td>\n<\/tr>\n<\/tbody>\n<\/table>\n<p style=\"text-align: justify;\">.<\/p>\n\t\t<div class=\"pk-inline-posts\">\n\t\t\t\n\t\t\t<div class=\"pk-inline-posts-container pk-inline-posts-template-list\"\n\t\t\t\tdata-columns=\"1\">\n\t\t\t\t\t\t<article id=\"post-51527\" class=\"post-51527 post type-post status-publish format-standard has-post-thumbnail category-colaborador category-z-colaboradores-mario-schiavelli tag-cinco tag-mario-schiavelli tag-sentidos cs-entry cs-video-wrap\">\n\t\t\t<div class=\"pk-post-outer\">\n\n\t\t\t\t\t\t\t\t<div class=\"pk-post-inner\">\n\t\t\t\t\t<div class=\"entry-thumbnail\">\n\t\t\t\t\t\t<div class=\"pk-overlay pk-overlay-ratio pk-ratio-landscape\">\n\t\t\t\t\t\t\t<div class=\"pk-overlay-background\">\n\t\t\t\t\t\t\t\t<a href=\"https:\/\/webdelmaestrocmf.com\/portal\/mario-schiavelli-los-cinco-sentidos\/\" class=\"pk-overlay-link\">\n\t\t\t\t\t\t\t\t\t<img loading=\"lazy\" decoding=\"async\" width=\"300\" height=\"225\" src=\"https:\/\/webdelmaestrocmf.com\/portal\/wp-content\/uploads\/2020\/09\/1AA-Banner-1-portada-imagen-10-1-copia-300x225.webp\" class=\"attachment-pk-thumbnail size-pk-thumbnail wp-post-image\" alt=\"\" \/>\t\t\t\t\t\t\t\t<\/a>\n\t\t\t\t\t\t\t<\/div>\n\t\t\t\t\t\t<\/div>\n\t\t\t\t\t<\/div>\n\t\t\t\t<\/div>\n\t\t\t\t\n\t\t\t\t<div class=\"pk-post-inner\">\n\t\t\t\t\t<header>\n\t\t\t\t\t\t<h3 class=\"pk-title\"><a href=\"https:\/\/webdelmaestrocmf.com\/portal\/mario-schiavelli-los-cinco-sentidos\/\" rel=\"bookmark\">Los Cinco Sentidos:  Descarga la gu\u00eda \u00abTu cerebro y los cinco sentidos\u00bb<\/a><\/h3>\t\t\t\t\t<\/header><!-- .entry-header -->\n\t\t\t\t<\/div><!-- .post-inner -->\n\n\t\t\t<\/div><!-- .post-outer -->\n\t\t<\/article>\n\t\t\t\t<\/div>\n\t\t<\/div>\n\t\t\n","protected":false},"excerpt":{"rendered":"De las cosas que m\u00e1s disfruto en una ceremonia de fin de ciclo, es escuchar las autoevaluaciones que&hellip;","protected":false},"author":1,"featured_media":48352,"comment_status":"open","ping_status":"closed","sticky":false,"template":"","format":"standard","meta":{"csco_display_header_overlay":false,"csco_singular_sidebar":"default","csco_page_header_type":"default","csco_page_load_nextpost":"default","csco_post_video_location":[],"csco_post_video_location_hash":"","csco_post_video_url":"","csco_post_video_bg_start_time":0,"csco_post_video_bg_end_time":0,"csco_post_video_bg_volume":false,"_jetpack_memberships_contains_paid_content":false,"footnotes":""},"categories":[1790],"tags":[3206,5174,3686,608,5176,1483,297,5175,2437],"class_list":{"0":"post-48351","1":"post","2":"type-post","3":"status-publish","4":"format-standard","5":"has-post-thumbnail","7":"category-colaborador","8":"tag-ano","9":"tag-autoevaluacion","10":"tag-diplomas","11":"tag-escolar","12":"tag-fin","13":"tag-jovenes","14":"tag-ninos","15":"tag-realizar","16":"tag-rosy-cisneros","17":"cs-entry","18":"cs-video-wrap"},"yoast_head":"<!-- This site is optimized with the Yoast SEO plugin v27.5 - https:\/\/yoast.com\/product\/yoast-seo-wordpress\/ -->\n<title>[Rosy Cisneros] Autoevaluaci\u00f3n de ni\u00f1os y j\u00f3venes para realizar los diplomas de Fin de A\u00f1o Escolar - 2026<\/title>\n<meta name=\"description\" content=\"De las cosas que m\u00e1s disfruto en una ceremonia de fin de ciclo, es escuchar las autoevaluaciones que se hacen los alumnos.\" \/>\n<meta name=\"robots\" content=\"index, follow, max-snippet:-1, max-image-preview:large, max-video-preview:-1\" \/>\n<link rel=\"canonical\" href=\"https:\/\/webdelmaestrocmf.com\/portal\/rosy-cisneros-autoevaluacion-de-ninos-y-jovenes-para-realizar-los-diplomas-de-fin-de-ano-escolar\/\" \/>\n<meta property=\"og:locale\" content=\"es_ES\" \/>\n<meta property=\"og:type\" content=\"article\" \/>\n<meta property=\"og:title\" content=\"[Rosy Cisneros] Autoevaluaci\u00f3n de ni\u00f1os y j\u00f3venes para realizar los diplomas de Fin de A\u00f1o Escolar - 2026\" \/>\n<meta property=\"og:description\" content=\"De las cosas que m\u00e1s disfruto en una ceremonia de fin de ciclo, es escuchar las autoevaluaciones que se hacen los alumnos.\" \/>\n<meta property=\"og:url\" content=\"https:\/\/webdelmaestrocmf.com\/portal\/rosy-cisneros-autoevaluacion-de-ninos-y-jovenes-para-realizar-los-diplomas-de-fin-de-ano-escolar\/\" \/>\n<meta property=\"og:site_name\" content=\"Web del Maestro CMF\" \/>\n<meta property=\"article:publisher\" content=\"https:\/\/www.facebook.com\/WebdelMaestroCMF\/\" \/>\n<meta property=\"article:author\" content=\"https:\/\/www.facebook.com\/WebdelMaestroCMF\/\" \/>\n<meta property=\"article:published_time\" content=\"2020-06-24T17:04:04+00:00\" \/>\n<meta property=\"article:modified_time\" content=\"2022-09-08T23:32:52+00:00\" \/>\n<meta property=\"og:image\" content=\"https:\/\/i0.wp.com\/webdelmaestrocmf.com\/portal\/wp-content\/uploads\/2020\/06\/2-54.jpg?fit=1100%2C680&ssl=1\" \/>\n\t<meta property=\"og:image:width\" content=\"1100\" \/>\n\t<meta property=\"og:image:height\" content=\"680\" \/>\n\t<meta property=\"og:image:type\" content=\"image\/jpeg\" \/>\n<meta name=\"author\" content=\"Web del Maestro CMF\" \/>\n<meta name=\"twitter:card\" content=\"summary_large_image\" \/>\n<meta name=\"twitter:creator\" content=\"@cmf_w\" \/>\n<meta name=\"twitter:site\" content=\"@cmf_w\" \/>\n<script type=\"application\/ld+json\" class=\"yoast-schema-graph\">{\"@context\":\"https:\\\/\\\/schema.org\",\"@graph\":[{\"@type\":\"ScholarlyArticle\",\"@id\":\"https:\\\/\\\/webdelmaestrocmf.com\\\/portal\\\/rosy-cisneros-autoevaluacion-de-ninos-y-jovenes-para-realizar-los-diplomas-de-fin-de-ano-escolar\\\/#article\",\"isPartOf\":{\"@id\":\"https:\\\/\\\/webdelmaestrocmf.com\\\/portal\\\/rosy-cisneros-autoevaluacion-de-ninos-y-jovenes-para-realizar-los-diplomas-de-fin-de-ano-escolar\\\/\"},\"author\":{\"name\":\"Web del Maestro CMF\",\"@id\":\"https:\\\/\\\/webdelmaestrocmf.com\\\/portal\\\/#\\\/schema\\\/person\\\/1072a2ed7bd960df8ef99a551fa35dc5\"},\"headline\":\"[Rosy Cisneros] Autoevaluaci\u00f3n de ni\u00f1os y j\u00f3venes para realizar los diplomas de Fin de A\u00f1o Escolar\",\"datePublished\":\"2020-06-24T17:04:04+00:00\",\"dateModified\":\"2022-09-08T23:32:52+00:00\",\"mainEntityOfPage\":{\"@id\":\"https:\\\/\\\/webdelmaestrocmf.com\\\/portal\\\/rosy-cisneros-autoevaluacion-de-ninos-y-jovenes-para-realizar-los-diplomas-de-fin-de-ano-escolar\\\/\"},\"wordCount\":683,\"commentCount\":0,\"publisher\":{\"@id\":\"https:\\\/\\\/webdelmaestrocmf.com\\\/portal\\\/#organization\"},\"image\":{\"@id\":\"https:\\\/\\\/webdelmaestrocmf.com\\\/portal\\\/rosy-cisneros-autoevaluacion-de-ninos-y-jovenes-para-realizar-los-diplomas-de-fin-de-ano-escolar\\\/#primaryimage\"},\"thumbnailUrl\":\"https:\\\/\\\/webdelmaestrocmf.com\\\/portal\\\/wp-content\\\/uploads\\\/2020\\\/06\\\/2-54.jpg\",\"keywords\":[\"A\u00d1O\",\"Autoevaluaci\u00f3n\",\"DIPLOMAS\",\"ESCOLAR\",\"Fin\",\"j\u00f3venes\",\"Ni\u00f1os\",\"realizar\",\"ROSY CISNEROS\"],\"articleSection\":[\"Z-Colaboradores\"],\"inLanguage\":\"es\",\"potentialAction\":[{\"@type\":\"CommentAction\",\"name\":\"Comment\",\"target\":[\"https:\\\/\\\/webdelmaestrocmf.com\\\/portal\\\/rosy-cisneros-autoevaluacion-de-ninos-y-jovenes-para-realizar-los-diplomas-de-fin-de-ano-escolar\\\/#respond\"]}]},{\"@type\":\"WebPage\",\"@id\":\"https:\\\/\\\/webdelmaestrocmf.com\\\/portal\\\/rosy-cisneros-autoevaluacion-de-ninos-y-jovenes-para-realizar-los-diplomas-de-fin-de-ano-escolar\\\/\",\"url\":\"https:\\\/\\\/webdelmaestrocmf.com\\\/portal\\\/rosy-cisneros-autoevaluacion-de-ninos-y-jovenes-para-realizar-los-diplomas-de-fin-de-ano-escolar\\\/\",\"name\":\"[Rosy Cisneros] Autoevaluaci\u00f3n de ni\u00f1os y j\u00f3venes para realizar los diplomas de Fin de A\u00f1o Escolar - 2026\",\"isPartOf\":{\"@id\":\"https:\\\/\\\/webdelmaestrocmf.com\\\/portal\\\/#website\"},\"primaryImageOfPage\":{\"@id\":\"https:\\\/\\\/webdelmaestrocmf.com\\\/portal\\\/rosy-cisneros-autoevaluacion-de-ninos-y-jovenes-para-realizar-los-diplomas-de-fin-de-ano-escolar\\\/#primaryimage\"},\"image\":{\"@id\":\"https:\\\/\\\/webdelmaestrocmf.com\\\/portal\\\/rosy-cisneros-autoevaluacion-de-ninos-y-jovenes-para-realizar-los-diplomas-de-fin-de-ano-escolar\\\/#primaryimage\"},\"thumbnailUrl\":\"https:\\\/\\\/webdelmaestrocmf.com\\\/portal\\\/wp-content\\\/uploads\\\/2020\\\/06\\\/2-54.jpg\",\"datePublished\":\"2020-06-24T17:04:04+00:00\",\"dateModified\":\"2022-09-08T23:32:52+00:00\",\"description\":\"De las cosas que m\u00e1s disfruto en una ceremonia de fin de ciclo, es escuchar las autoevaluaciones que se hacen los alumnos.\",\"breadcrumb\":{\"@id\":\"https:\\\/\\\/webdelmaestrocmf.com\\\/portal\\\/rosy-cisneros-autoevaluacion-de-ninos-y-jovenes-para-realizar-los-diplomas-de-fin-de-ano-escolar\\\/#breadcrumb\"},\"inLanguage\":\"es\",\"potentialAction\":[{\"@type\":\"ReadAction\",\"target\":[\"https:\\\/\\\/webdelmaestrocmf.com\\\/portal\\\/rosy-cisneros-autoevaluacion-de-ninos-y-jovenes-para-realizar-los-diplomas-de-fin-de-ano-escolar\\\/\"]}]},{\"@type\":\"ImageObject\",\"inLanguage\":\"es\",\"@id\":\"https:\\\/\\\/webdelmaestrocmf.com\\\/portal\\\/rosy-cisneros-autoevaluacion-de-ninos-y-jovenes-para-realizar-los-diplomas-de-fin-de-ano-escolar\\\/#primaryimage\",\"url\":\"https:\\\/\\\/webdelmaestrocmf.com\\\/portal\\\/wp-content\\\/uploads\\\/2020\\\/06\\\/2-54.jpg\",\"contentUrl\":\"https:\\\/\\\/webdelmaestrocmf.com\\\/portal\\\/wp-content\\\/uploads\\\/2020\\\/06\\\/2-54.jpg\",\"width\":1100,\"height\":680},{\"@type\":\"BreadcrumbList\",\"@id\":\"https:\\\/\\\/webdelmaestrocmf.com\\\/portal\\\/rosy-cisneros-autoevaluacion-de-ninos-y-jovenes-para-realizar-los-diplomas-de-fin-de-ano-escolar\\\/#breadcrumb\",\"itemListElement\":[{\"@type\":\"ListItem\",\"position\":1,\"name\":\"Portada\",\"item\":\"https:\\\/\\\/webdelmaestrocmf.com\\\/portal\\\/\"},{\"@type\":\"ListItem\",\"position\":2,\"name\":\"Z-Colaboradores\",\"item\":\"https:\\\/\\\/webdelmaestrocmf.com\\\/portal\\\/category\\\/colaborador\\\/\"},{\"@type\":\"ListItem\",\"position\":3,\"name\":\"[Rosy Cisneros] Autoevaluaci\u00f3n de ni\u00f1os y j\u00f3venes para realizar los diplomas de Fin de A\u00f1o Escolar\"}]},{\"@type\":\"WebSite\",\"@id\":\"https:\\\/\\\/webdelmaestrocmf.com\\\/portal\\\/#website\",\"url\":\"https:\\\/\\\/webdelmaestrocmf.com\\\/portal\\\/\",\"name\":\"Web del Maestro CMF\",\"description\":\"Maestros al servicio de la educaci\u00f3n\",\"publisher\":{\"@id\":\"https:\\\/\\\/webdelmaestrocmf.com\\\/portal\\\/#organization\"},\"alternateName\":\"WMCMF\",\"potentialAction\":[{\"@type\":\"SearchAction\",\"target\":{\"@type\":\"EntryPoint\",\"urlTemplate\":\"https:\\\/\\\/webdelmaestrocmf.com\\\/portal\\\/?s={search_term_string}\"},\"query-input\":{\"@type\":\"PropertyValueSpecification\",\"valueRequired\":true,\"valueName\":\"search_term_string\"}}],\"inLanguage\":\"es\"},{\"@type\":\"Organization\",\"@id\":\"https:\\\/\\\/webdelmaestrocmf.com\\\/portal\\\/#organization\",\"name\":\"Web del Maestro CMF\",\"alternateName\":\"WMCMF\",\"url\":\"https:\\\/\\\/webdelmaestrocmf.com\\\/portal\\\/\",\"logo\":{\"@type\":\"ImageObject\",\"inLanguage\":\"es\",\"@id\":\"https:\\\/\\\/webdelmaestrocmf.com\\\/portal\\\/#\\\/schema\\\/logo\\\/image\\\/\",\"url\":\"https:\\\/\\\/webdelmaestrocmf.com\\\/portal\\\/wp-content\\\/uploads\\\/2023\\\/01\\\/logo-wmcmf-2.png\",\"contentUrl\":\"https:\\\/\\\/webdelmaestrocmf.com\\\/portal\\\/wp-content\\\/uploads\\\/2023\\\/01\\\/logo-wmcmf-2.png\",\"width\":200,\"height\":60,\"caption\":\"Web del Maestro CMF\"},\"image\":{\"@id\":\"https:\\\/\\\/webdelmaestrocmf.com\\\/portal\\\/#\\\/schema\\\/logo\\\/image\\\/\"},\"sameAs\":[\"https:\\\/\\\/www.facebook.com\\\/WebdelMaestroCMF\\\/\",\"https:\\\/\\\/x.com\\\/cmf_w\",\"https:\\\/\\\/www.pinterest.com\\\/WMCMF\\\/\",\"https:\\\/\\\/www.linkedin.com\\\/company\\\/web-del-maestro-cmf\\\/\",\"https:\\\/\\\/www.instagram.com\\\/wmcmf\\\/\",\"https:\\\/\\\/www.youtube.com\\\/channel\\\/UCDPSvjbdodE5sHnC3OxutHw\",\"https:\\\/\\\/mastodon.social\\\/@wmcmf\",\"https:\\\/\\\/www.tiktok.com\\\/@webdelmaestrocmf\"]},{\"@type\":\"Person\",\"@id\":\"https:\\\/\\\/webdelmaestrocmf.com\\\/portal\\\/#\\\/schema\\\/person\\\/1072a2ed7bd960df8ef99a551fa35dc5\",\"name\":\"Web del Maestro CMF\",\"image\":{\"@type\":\"ImageObject\",\"inLanguage\":\"es\",\"@id\":\"https:\\\/\\\/secure.gravatar.com\\\/avatar\\\/23291dd5b5ae1077dcff3dbb04c3e02bd28403fa75af6d8787d5e97c5bbbe30b?s=96&d=mm&r=g\",\"url\":\"https:\\\/\\\/secure.gravatar.com\\\/avatar\\\/23291dd5b5ae1077dcff3dbb04c3e02bd28403fa75af6d8787d5e97c5bbbe30b?s=96&d=mm&r=g\",\"contentUrl\":\"https:\\\/\\\/secure.gravatar.com\\\/avatar\\\/23291dd5b5ae1077dcff3dbb04c3e02bd28403fa75af6d8787d5e97c5bbbe30b?s=96&d=mm&r=g\",\"caption\":\"Web del Maestro CMF\"},\"description\":\"Esta Web se cre\u00f3 sin fines de lucro, con fines educativos, cient\u00edficos y acad\u00e9micos, para personas que tengan dificultades y\\\/o inconvenientes en visualizar el material original. El objetivo es entregar recursos, compartir experiencias y materiales que ayuden a los padres de familia, maestros y estudiantes en su actualizaci\u00f3n y formaci\u00f3n permanente, en bien de la Educaci\u00f3n.\",\"sameAs\":[\"http:\\\/\\\/webdelmaestrocmf.com\\\/portal\",\"https:\\\/\\\/www.facebook.com\\\/WebdelMaestroCMF\\\/\",\"https:\\\/\\\/www.instagram.com\\\/wmcmf\\\/\",\"https:\\\/\\\/cl.linkedin.com\\\/company\\\/web-del-maestro-cmf\",\"https:\\\/\\\/www.pinterest.com\\\/WMCMF\\\/publicaciones\\\/\",\"https:\\\/\\\/x.com\\\/cmf_w\",\"https:\\\/\\\/www.youtube.com\\\/@WMCMF\"]}]}<\/script>\n<!-- \/ Yoast SEO plugin. -->","yoast_head_json":{"title":"[Rosy Cisneros] Autoevaluaci\u00f3n de ni\u00f1os y j\u00f3venes para realizar los diplomas de Fin de A\u00f1o Escolar - 2026","description":"De las cosas que m\u00e1s disfruto en una ceremonia de fin de ciclo, es escuchar las autoevaluaciones que se hacen los alumnos.","robots":{"index":"index","follow":"follow","max-snippet":"max-snippet:-1","max-image-preview":"max-image-preview:large","max-video-preview":"max-video-preview:-1"},"canonical":"https:\/\/webdelmaestrocmf.com\/portal\/rosy-cisneros-autoevaluacion-de-ninos-y-jovenes-para-realizar-los-diplomas-de-fin-de-ano-escolar\/","og_locale":"es_ES","og_type":"article","og_title":"[Rosy Cisneros] Autoevaluaci\u00f3n de ni\u00f1os y j\u00f3venes para realizar los diplomas de Fin de A\u00f1o Escolar - 2026","og_description":"De las cosas que m\u00e1s disfruto en una ceremonia de fin de ciclo, es escuchar las autoevaluaciones que se hacen los alumnos.","og_url":"https:\/\/webdelmaestrocmf.com\/portal\/rosy-cisneros-autoevaluacion-de-ninos-y-jovenes-para-realizar-los-diplomas-de-fin-de-ano-escolar\/","og_site_name":"Web del Maestro CMF","article_publisher":"https:\/\/www.facebook.com\/WebdelMaestroCMF\/","article_author":"https:\/\/www.facebook.com\/WebdelMaestroCMF\/","article_published_time":"2020-06-24T17:04:04+00:00","article_modified_time":"2022-09-08T23:32:52+00:00","og_image":[{"width":1100,"height":680,"url":"https:\/\/i0.wp.com\/webdelmaestrocmf.com\/portal\/wp-content\/uploads\/2020\/06\/2-54.jpg?fit=1100%2C680&ssl=1","type":"image\/jpeg"}],"author":"Web del Maestro CMF","twitter_card":"summary_large_image","twitter_creator":"@cmf_w","twitter_site":"@cmf_w","schema":{"@context":"https:\/\/schema.org","@graph":[{"@type":"ScholarlyArticle","@id":"https:\/\/webdelmaestrocmf.com\/portal\/rosy-cisneros-autoevaluacion-de-ninos-y-jovenes-para-realizar-los-diplomas-de-fin-de-ano-escolar\/#article","isPartOf":{"@id":"https:\/\/webdelmaestrocmf.com\/portal\/rosy-cisneros-autoevaluacion-de-ninos-y-jovenes-para-realizar-los-diplomas-de-fin-de-ano-escolar\/"},"author":{"name":"Web del Maestro CMF","@id":"https:\/\/webdelmaestrocmf.com\/portal\/#\/schema\/person\/1072a2ed7bd960df8ef99a551fa35dc5"},"headline":"[Rosy Cisneros] Autoevaluaci\u00f3n de ni\u00f1os y j\u00f3venes para realizar los diplomas de Fin de A\u00f1o Escolar","datePublished":"2020-06-24T17:04:04+00:00","dateModified":"2022-09-08T23:32:52+00:00","mainEntityOfPage":{"@id":"https:\/\/webdelmaestrocmf.com\/portal\/rosy-cisneros-autoevaluacion-de-ninos-y-jovenes-para-realizar-los-diplomas-de-fin-de-ano-escolar\/"},"wordCount":683,"commentCount":0,"publisher":{"@id":"https:\/\/webdelmaestrocmf.com\/portal\/#organization"},"image":{"@id":"https:\/\/webdelmaestrocmf.com\/portal\/rosy-cisneros-autoevaluacion-de-ninos-y-jovenes-para-realizar-los-diplomas-de-fin-de-ano-escolar\/#primaryimage"},"thumbnailUrl":"https:\/\/webdelmaestrocmf.com\/portal\/wp-content\/uploads\/2020\/06\/2-54.jpg","keywords":["A\u00d1O","Autoevaluaci\u00f3n","DIPLOMAS","ESCOLAR","Fin","j\u00f3venes","Ni\u00f1os","realizar","ROSY CISNEROS"],"articleSection":["Z-Colaboradores"],"inLanguage":"es","potentialAction":[{"@type":"CommentAction","name":"Comment","target":["https:\/\/webdelmaestrocmf.com\/portal\/rosy-cisneros-autoevaluacion-de-ninos-y-jovenes-para-realizar-los-diplomas-de-fin-de-ano-escolar\/#respond"]}]},{"@type":"WebPage","@id":"https:\/\/webdelmaestrocmf.com\/portal\/rosy-cisneros-autoevaluacion-de-ninos-y-jovenes-para-realizar-los-diplomas-de-fin-de-ano-escolar\/","url":"https:\/\/webdelmaestrocmf.com\/portal\/rosy-cisneros-autoevaluacion-de-ninos-y-jovenes-para-realizar-los-diplomas-de-fin-de-ano-escolar\/","name":"[Rosy Cisneros] Autoevaluaci\u00f3n de ni\u00f1os y j\u00f3venes para realizar los diplomas de Fin de A\u00f1o Escolar - 2026","isPartOf":{"@id":"https:\/\/webdelmaestrocmf.com\/portal\/#website"},"primaryImageOfPage":{"@id":"https:\/\/webdelmaestrocmf.com\/portal\/rosy-cisneros-autoevaluacion-de-ninos-y-jovenes-para-realizar-los-diplomas-de-fin-de-ano-escolar\/#primaryimage"},"image":{"@id":"https:\/\/webdelmaestrocmf.com\/portal\/rosy-cisneros-autoevaluacion-de-ninos-y-jovenes-para-realizar-los-diplomas-de-fin-de-ano-escolar\/#primaryimage"},"thumbnailUrl":"https:\/\/webdelmaestrocmf.com\/portal\/wp-content\/uploads\/2020\/06\/2-54.jpg","datePublished":"2020-06-24T17:04:04+00:00","dateModified":"2022-09-08T23:32:52+00:00","description":"De las cosas que m\u00e1s disfruto en una ceremonia de fin de ciclo, es escuchar las autoevaluaciones que se hacen los alumnos.","breadcrumb":{"@id":"https:\/\/webdelmaestrocmf.com\/portal\/rosy-cisneros-autoevaluacion-de-ninos-y-jovenes-para-realizar-los-diplomas-de-fin-de-ano-escolar\/#breadcrumb"},"inLanguage":"es","potentialAction":[{"@type":"ReadAction","target":["https:\/\/webdelmaestrocmf.com\/portal\/rosy-cisneros-autoevaluacion-de-ninos-y-jovenes-para-realizar-los-diplomas-de-fin-de-ano-escolar\/"]}]},{"@type":"ImageObject","inLanguage":"es","@id":"https:\/\/webdelmaestrocmf.com\/portal\/rosy-cisneros-autoevaluacion-de-ninos-y-jovenes-para-realizar-los-diplomas-de-fin-de-ano-escolar\/#primaryimage","url":"https:\/\/webdelmaestrocmf.com\/portal\/wp-content\/uploads\/2020\/06\/2-54.jpg","contentUrl":"https:\/\/webdelmaestrocmf.com\/portal\/wp-content\/uploads\/2020\/06\/2-54.jpg","width":1100,"height":680},{"@type":"BreadcrumbList","@id":"https:\/\/webdelmaestrocmf.com\/portal\/rosy-cisneros-autoevaluacion-de-ninos-y-jovenes-para-realizar-los-diplomas-de-fin-de-ano-escolar\/#breadcrumb","itemListElement":[{"@type":"ListItem","position":1,"name":"Portada","item":"https:\/\/webdelmaestrocmf.com\/portal\/"},{"@type":"ListItem","position":2,"name":"Z-Colaboradores","item":"https:\/\/webdelmaestrocmf.com\/portal\/category\/colaborador\/"},{"@type":"ListItem","position":3,"name":"[Rosy Cisneros] Autoevaluaci\u00f3n de ni\u00f1os y j\u00f3venes para realizar los diplomas de Fin de A\u00f1o Escolar"}]},{"@type":"WebSite","@id":"https:\/\/webdelmaestrocmf.com\/portal\/#website","url":"https:\/\/webdelmaestrocmf.com\/portal\/","name":"Web del Maestro CMF","description":"Maestros al servicio de la educaci\u00f3n","publisher":{"@id":"https:\/\/webdelmaestrocmf.com\/portal\/#organization"},"alternateName":"WMCMF","potentialAction":[{"@type":"SearchAction","target":{"@type":"EntryPoint","urlTemplate":"https:\/\/webdelmaestrocmf.com\/portal\/?s={search_term_string}"},"query-input":{"@type":"PropertyValueSpecification","valueRequired":true,"valueName":"search_term_string"}}],"inLanguage":"es"},{"@type":"Organization","@id":"https:\/\/webdelmaestrocmf.com\/portal\/#organization","name":"Web del Maestro CMF","alternateName":"WMCMF","url":"https:\/\/webdelmaestrocmf.com\/portal\/","logo":{"@type":"ImageObject","inLanguage":"es","@id":"https:\/\/webdelmaestrocmf.com\/portal\/#\/schema\/logo\/image\/","url":"https:\/\/webdelmaestrocmf.com\/portal\/wp-content\/uploads\/2023\/01\/logo-wmcmf-2.png","contentUrl":"https:\/\/webdelmaestrocmf.com\/portal\/wp-content\/uploads\/2023\/01\/logo-wmcmf-2.png","width":200,"height":60,"caption":"Web del Maestro CMF"},"image":{"@id":"https:\/\/webdelmaestrocmf.com\/portal\/#\/schema\/logo\/image\/"},"sameAs":["https:\/\/www.facebook.com\/WebdelMaestroCMF\/","https:\/\/x.com\/cmf_w","https:\/\/www.pinterest.com\/WMCMF\/","https:\/\/www.linkedin.com\/company\/web-del-maestro-cmf\/","https:\/\/www.instagram.com\/wmcmf\/","https:\/\/www.youtube.com\/channel\/UCDPSvjbdodE5sHnC3OxutHw","https:\/\/mastodon.social\/@wmcmf","https:\/\/www.tiktok.com\/@webdelmaestrocmf"]},{"@type":"Person","@id":"https:\/\/webdelmaestrocmf.com\/portal\/#\/schema\/person\/1072a2ed7bd960df8ef99a551fa35dc5","name":"Web del Maestro CMF","image":{"@type":"ImageObject","inLanguage":"es","@id":"https:\/\/secure.gravatar.com\/avatar\/23291dd5b5ae1077dcff3dbb04c3e02bd28403fa75af6d8787d5e97c5bbbe30b?s=96&d=mm&r=g","url":"https:\/\/secure.gravatar.com\/avatar\/23291dd5b5ae1077dcff3dbb04c3e02bd28403fa75af6d8787d5e97c5bbbe30b?s=96&d=mm&r=g","contentUrl":"https:\/\/secure.gravatar.com\/avatar\/23291dd5b5ae1077dcff3dbb04c3e02bd28403fa75af6d8787d5e97c5bbbe30b?s=96&d=mm&r=g","caption":"Web del Maestro CMF"},"description":"Esta Web se cre\u00f3 sin fines de lucro, con fines educativos, cient\u00edficos y acad\u00e9micos, para personas que tengan dificultades y\/o inconvenientes en visualizar el material original. El objetivo es entregar recursos, compartir experiencias y materiales que ayuden a los padres de familia, maestros y estudiantes en su actualizaci\u00f3n y formaci\u00f3n permanente, en bien de la Educaci\u00f3n.","sameAs":["http:\/\/webdelmaestrocmf.com\/portal","https:\/\/www.facebook.com\/WebdelMaestroCMF\/","https:\/\/www.instagram.com\/wmcmf\/","https:\/\/cl.linkedin.com\/company\/web-del-maestro-cmf","https:\/\/www.pinterest.com\/WMCMF\/publicaciones\/","https:\/\/x.com\/cmf_w","https:\/\/www.youtube.com\/@WMCMF"]}]}},"jetpack_featured_media_url":"https:\/\/webdelmaestrocmf.com\/portal\/wp-content\/uploads\/2020\/06\/2-54.jpg","jetpack_sharing_enabled":true,"jetpack-related-posts":[{"id":80140,"url":"https:\/\/webdelmaestrocmf.com\/portal\/la-autoevaluacion-como-herramienta-para-la-concienciacion-del-aprendizaje\/","url_meta":{"origin":48351,"position":0},"title":"La autoevaluaci\u00f3n como herramienta para la concienciaci\u00f3n del aprendizaje. Descarga las fichas de Ejercicio de Autoevaluaci\u00f3n.","author":"Web del Maestro CMF","date":"4 noviembre, 2025","format":false,"excerpt":"La autoevaluaci\u00f3n permite a los estudiantes reflexionar sobre sus aprendizajes, identificar avances y dificultades, asumir responsabilidad, ajustar su desempe\u00f1o y desarrollar capacidad cr\u00edtica mediante pr\u00e1ctica guiada progresiva en el aula.","rel":"","context":"En \u00abEvaluar\u00bb","block_context":{"text":"Evaluar","link":"https:\/\/webdelmaestrocmf.com\/portal\/category\/pedagogia\/evaluar\/"},"img":{"alt_text":"","src":"https:\/\/i0.wp.com\/webdelmaestrocmf.com\/portal\/wp-content\/uploads\/2022\/09\/Descarga-gratis-las-Actividades-de-Estimulacion-Cognitiva-con-Fichas.-2.jpg?resize=350%2C200&ssl=1","width":350,"height":200,"srcset":"https:\/\/i0.wp.com\/webdelmaestrocmf.com\/portal\/wp-content\/uploads\/2022\/09\/Descarga-gratis-las-Actividades-de-Estimulacion-Cognitiva-con-Fichas.-2.jpg?resize=350%2C200&ssl=1 1x, https:\/\/i0.wp.com\/webdelmaestrocmf.com\/portal\/wp-content\/uploads\/2022\/09\/Descarga-gratis-las-Actividades-de-Estimulacion-Cognitiva-con-Fichas.-2.jpg?resize=525%2C300&ssl=1 1.5x, https:\/\/i0.wp.com\/webdelmaestrocmf.com\/portal\/wp-content\/uploads\/2022\/09\/Descarga-gratis-las-Actividades-de-Estimulacion-Cognitiva-con-Fichas.-2.jpg?resize=700%2C400&ssl=1 2x"},"classes":[]},{"id":20235,"url":"https:\/\/webdelmaestrocmf.com\/portal\/rosy-cisneros-blancas-cambios-significativos-aplicando-la-neuroeducacion\/","url_meta":{"origin":48351,"position":1},"title":"[Rosy Cisneros] Certificaci\u00f3n como neuroeducadores","author":"Web del Maestro CMF","date":"6 julio, 2017","format":false,"excerpt":"La primera vez que escuch\u00e9 la palabra \u201cNeuroeducaci\u00f3n\u201d,\u00a0 fue en un congreso de Pedagog\u00eda 3000 en Argentina. Nunca imagin\u00e9 que las emociones de miedo, intriga y entusiasmo\u00a0 que sent\u00ed ese d\u00eda,\u00a0 iban a ser el motor de mi b\u00fasqueda para mejorar los procesos de los docentes. El compromiso fue tal,\u2026","rel":"","context":"En \u00abZ-Colaboradores\u00bb","block_context":{"text":"Z-Colaboradores","link":"https:\/\/webdelmaestrocmf.com\/portal\/category\/colaborador\/"},"img":{"alt_text":"","src":"https:\/\/i0.wp.com\/webdelmaestrocmf.com\/portal\/wp-content\/uploads\/2017\/07\/Neurociencia.jpg?resize=350%2C200&ssl=1","width":350,"height":200,"srcset":"https:\/\/i0.wp.com\/webdelmaestrocmf.com\/portal\/wp-content\/uploads\/2017\/07\/Neurociencia.jpg?resize=350%2C200&ssl=1 1x, https:\/\/i0.wp.com\/webdelmaestrocmf.com\/portal\/wp-content\/uploads\/2017\/07\/Neurociencia.jpg?resize=525%2C300&ssl=1 1.5x, https:\/\/i0.wp.com\/webdelmaestrocmf.com\/portal\/wp-content\/uploads\/2017\/07\/Neurociencia.jpg?resize=700%2C400&ssl=1 2x"},"classes":[]},{"id":29595,"url":"https:\/\/webdelmaestrocmf.com\/portal\/rosy-cisneros-inteligencia-emocional-autoevaluarse-para-crear-los-diplomas-de-fin-de-ciclo-escolar\/","url_meta":{"origin":48351,"position":2},"title":"[Rosy Cisneros] Inteligencia Emocional: Autoevaluarse para crear los diplomas de fin de ciclo escolar","author":"Web del Maestro CMF","date":"30 julio, 2018","format":false,"excerpt":"Desarrollar la Inteligencia Emocional deber\u00eda ser una de las prioridades educativas, la capacidad de auto observarse y estar consciente de los avances que se tienen es en verdad la base para desarrollar hombres y mujeres plenos y por lo tanto exitosos. Hay muchas formas de llevar actividades para lograr este\u2026","rel":"","context":"En \u00abZ-Colaboradores\u00bb","block_context":{"text":"Z-Colaboradores","link":"https:\/\/webdelmaestrocmf.com\/portal\/category\/colaborador\/"},"img":{"alt_text":"","src":"https:\/\/i0.wp.com\/webdelmaestrocmf.com\/portal\/wp-content\/uploads\/2018\/07\/1-96.jpg?resize=350%2C200&ssl=1","width":350,"height":200,"srcset":"https:\/\/i0.wp.com\/webdelmaestrocmf.com\/portal\/wp-content\/uploads\/2018\/07\/1-96.jpg?resize=350%2C200&ssl=1 1x, https:\/\/i0.wp.com\/webdelmaestrocmf.com\/portal\/wp-content\/uploads\/2018\/07\/1-96.jpg?resize=525%2C300&ssl=1 1.5x, https:\/\/i0.wp.com\/webdelmaestrocmf.com\/portal\/wp-content\/uploads\/2018\/07\/1-96.jpg?resize=700%2C400&ssl=1 2x, https:\/\/i0.wp.com\/webdelmaestrocmf.com\/portal\/wp-content\/uploads\/2018\/07\/1-96.jpg?resize=1050%2C600&ssl=1 3x"},"classes":[]},{"id":26677,"url":"https:\/\/webdelmaestrocmf.com\/portal\/rosy-cisneros-7-estrategias-integrar-alumnos-presentan-condiciones-especiales-salon-clases-la-escuela\/","url_meta":{"origin":48351,"position":3},"title":"[Rosy Cisneros] 7 estrategias para integrar alumnos que presentan condiciones especiales en el sal\u00f3n de clases y en la escuela","author":"Web del Maestro CMF","date":"26 febrero, 2018","format":false,"excerpt":"Muchas veces como maestros no sabemos manejar el proceso que deben llevar los alumnos para aceptar a ni\u00f1os que presentan diferentes situaciones especiales entre las cuales\u00a0 podr\u00edan ser ni\u00f1os con alguna discapacidad f\u00edsica, con alguna situaci\u00f3n social especial Si no tomamos en cuenta esta necesidad de crear un ambiente seguro\u2026","rel":"","context":"En \u00abZ-Colaboradores\u00bb","block_context":{"text":"Z-Colaboradores","link":"https:\/\/webdelmaestrocmf.com\/portal\/category\/colaborador\/"},"img":{"alt_text":"","src":"https:\/\/i0.wp.com\/webdelmaestrocmf.com\/portal\/wp-content\/uploads\/2018\/02\/1-16.jpg?resize=350%2C200&ssl=1","width":350,"height":200,"srcset":"https:\/\/i0.wp.com\/webdelmaestrocmf.com\/portal\/wp-content\/uploads\/2018\/02\/1-16.jpg?resize=350%2C200&ssl=1 1x, https:\/\/i0.wp.com\/webdelmaestrocmf.com\/portal\/wp-content\/uploads\/2018\/02\/1-16.jpg?resize=525%2C300&ssl=1 1.5x, https:\/\/i0.wp.com\/webdelmaestrocmf.com\/portal\/wp-content\/uploads\/2018\/02\/1-16.jpg?resize=700%2C400&ssl=1 2x, https:\/\/i0.wp.com\/webdelmaestrocmf.com\/portal\/wp-content\/uploads\/2018\/02\/1-16.jpg?resize=1050%2C600&ssl=1 3x"},"classes":[]},{"id":47106,"url":"https:\/\/webdelmaestrocmf.com\/portal\/rosy-cisneros-trabajemos-para-que-esta-crisis-valga-la-pena\/","url_meta":{"origin":48351,"position":4},"title":"[Rosy Cisneros] Trabajemos para que esta crisis valga la pena","author":"Web del Maestro CMF","date":"11 mayo, 2020","format":false,"excerpt":"Todos los maestros ya sab\u00edamos que las TIC estaban empujando la educaci\u00f3n hacia una nueva dimensi\u00f3n. Son herramientas muy importantes, pero nunca imaginamos que las ten\u00edamos que aprender a usar de un d\u00eda para otro. Esto nos ha llevado a trabajar m\u00e1s tiempo, con estr\u00e9s y sensaci\u00f3n de que tal\u2026","rel":"","context":"En \u00abZ-Colaboradores\u00bb","block_context":{"text":"Z-Colaboradores","link":"https:\/\/webdelmaestrocmf.com\/portal\/category\/colaborador\/"},"img":{"alt_text":"","src":"https:\/\/i0.wp.com\/webdelmaestrocmf.com\/portal\/wp-content\/uploads\/2020\/05\/1a-8.jpg?resize=350%2C200&ssl=1","width":350,"height":200,"srcset":"https:\/\/i0.wp.com\/webdelmaestrocmf.com\/portal\/wp-content\/uploads\/2020\/05\/1a-8.jpg?resize=350%2C200&ssl=1 1x, https:\/\/i0.wp.com\/webdelmaestrocmf.com\/portal\/wp-content\/uploads\/2020\/05\/1a-8.jpg?resize=525%2C300&ssl=1 1.5x, https:\/\/i0.wp.com\/webdelmaestrocmf.com\/portal\/wp-content\/uploads\/2020\/05\/1a-8.jpg?resize=700%2C400&ssl=1 2x, https:\/\/i0.wp.com\/webdelmaestrocmf.com\/portal\/wp-content\/uploads\/2020\/05\/1a-8.jpg?resize=1050%2C600&ssl=1 3x"},"classes":[]},{"id":76027,"url":"https:\/\/webdelmaestrocmf.com\/portal\/rosy-cisneros-secuelas-de-la-pandemia-impacto-de-uso-de-mascarillas\/","url_meta":{"origin":48351,"position":5},"title":"[Rosy Cisneros] Secuelas de la pandemia: impacto de uso de mascarillas","author":"Web del Maestro CMF","date":"6 abril, 2022","format":false,"excerpt":"Entre las m\u00faltiples secuelas que la pandemia ha dejado, entre ellas la deserci\u00f3n escolar, bajo nivel acad\u00e9mico, evidenciar los niveles socioecon\u00f3micos que no permiten el acceso a una educaci\u00f3n de calidad para toda la poblaci\u00f3n, los conflictos emocionales\u00a0generados por el encierro y la falta de actividades tan importantes para el\u2026","rel":"","context":"En \u00abZ-Colaboradores\u00bb","block_context":{"text":"Z-Colaboradores","link":"https:\/\/webdelmaestrocmf.com\/portal\/category\/colaborador\/"},"img":{"alt_text":"","src":"https:\/\/i0.wp.com\/webdelmaestrocmf.com\/portal\/wp-content\/uploads\/2022\/04\/1-8.jpg?resize=350%2C200&ssl=1","width":350,"height":200,"srcset":"https:\/\/i0.wp.com\/webdelmaestrocmf.com\/portal\/wp-content\/uploads\/2022\/04\/1-8.jpg?resize=350%2C200&ssl=1 1x, https:\/\/i0.wp.com\/webdelmaestrocmf.com\/portal\/wp-content\/uploads\/2022\/04\/1-8.jpg?resize=525%2C300&ssl=1 1.5x, https:\/\/i0.wp.com\/webdelmaestrocmf.com\/portal\/wp-content\/uploads\/2022\/04\/1-8.jpg?resize=700%2C400&ssl=1 2x, https:\/\/i0.wp.com\/webdelmaestrocmf.com\/portal\/wp-content\/uploads\/2022\/04\/1-8.jpg?resize=1050%2C600&ssl=1 3x"},"classes":[]}],"_links":{"self":[{"href":"https:\/\/webdelmaestrocmf.com\/portal\/wp-json\/wp\/v2\/posts\/48351","targetHints":{"allow":["GET"]}}],"collection":[{"href":"https:\/\/webdelmaestrocmf.com\/portal\/wp-json\/wp\/v2\/posts"}],"about":[{"href":"https:\/\/webdelmaestrocmf.com\/portal\/wp-json\/wp\/v2\/types\/post"}],"author":[{"embeddable":true,"href":"https:\/\/webdelmaestrocmf.com\/portal\/wp-json\/wp\/v2\/users\/1"}],"replies":[{"embeddable":true,"href":"https:\/\/webdelmaestrocmf.com\/portal\/wp-json\/wp\/v2\/comments?post=48351"}],"version-history":[{"count":0,"href":"https:\/\/webdelmaestrocmf.com\/portal\/wp-json\/wp\/v2\/posts\/48351\/revisions"}],"wp:featuredmedia":[{"embeddable":true,"href":"https:\/\/webdelmaestrocmf.com\/portal\/wp-json\/wp\/v2\/media\/48352"}],"wp:attachment":[{"href":"https:\/\/webdelmaestrocmf.com\/portal\/wp-json\/wp\/v2\/media?parent=48351"}],"wp:term":[{"taxonomy":"category","embeddable":true,"href":"https:\/\/webdelmaestrocmf.com\/portal\/wp-json\/wp\/v2\/categories?post=48351"},{"taxonomy":"post_tag","embeddable":true,"href":"https:\/\/webdelmaestrocmf.com\/portal\/wp-json\/wp\/v2\/tags?post=48351"}],"curies":[{"name":"wp","href":"https:\/\/api.w.org\/{rel}","templated":true}]}}