{"id":48062,"date":"2020-06-16T13:02:59","date_gmt":"2020-06-16T17:02:59","guid":{"rendered":"https:\/\/webdelmaestrocmf.com\/portal\/?p=48062"},"modified":"2020-09-07T15:02:55","modified_gmt":"2020-09-07T18:02:55","slug":"alexander-ortiz-el-rol-del-maestro-en-medio-de-la-pandemia","status":"publish","type":"post","link":"https:\/\/webdelmaestrocmf.com\/portal\/alexander-ortiz-el-rol-del-maestro-en-medio-de-la-pandemia\/","title":{"rendered":"[Alexander Ortiz] El rol del maestro en medio de la pandemia"},"content":{"rendered":"<h5 style=\"text-align: justify;\">El rol de los maestros en medio de la pandemia se centra en su did\u00e1ctica. Es por ello que esta peque\u00f1a reflexi\u00f3n la oriento hacia aquellas cuestiones relacionadas con el ense\u00f1ar, el aprender y el evaluar, que son los tres procesos que dan vida a la did\u00e1ctica.<\/h5>\n<p><!--more--><\/p>\n<h5 style=\"text-align: left;\"><strong>Cinco roles para lograr que nuestros estudiantes tengan excelentes resultados en la educaci\u00f3n virtual en medio de la pandemia:<\/strong><\/h5>\n<ol style=\"text-align: justify;\">\n<li>El maestro debe dar las clases virtuales sin hablar.<\/li>\n<li>Desarrollar de manera constante y permanente en cada una de las clases virtuales 4 acciones formativas: leer, escribir, reflexionar y conversar.<\/li>\n<li>No pensar en los resultados, concentrarnos solo en el proceso de formaci\u00f3n.<\/li>\n<li>Resignificar la evaluaci\u00f3n en los escenarios educativos virtuales.<\/li>\n<li>Empat\u00eda: amar a sus estudiantes.<\/li>\n<\/ol>\n<p style=\"text-align: justify;\">Breve reflexi\u00f3n sobre cada uno de estos roles:<\/p>\n<h5><strong>1. El maestro debe dar las clases virtuales sin hablar<\/strong><\/h5>\n<p style=\"text-align: justify;\">El maestro tiene m\u00faltiples alternativas para cumplir su rol. La \u00fanica forma no es la que tradicionalmente conocemos por nuestra imagen cultural del buen maestro, que habla, explica, narra y argumenta. Dar las clases virtuales sin hablar significa permitir que sean los estudiantes quienes piensen, sientan, hablen y argumenten sus ideas, opiniones, dudas, e incluso temores. El principal rol del maestro emergente no es comenzar la clase hablando del contenido de la asignatura, sino ubicar al estudiante en el centro de dicho proceso. La clase debe empezar con el estudiante, no con el contenido.<\/p>\n<p style=\"text-align: justify;\">Su funci\u00f3n no es \u00abdecir\u00bb para que el estudiante se dedique a \u00abo\u00edr\u00bb, su rol no es \u00abexplicar\u00bb para que el estudiante logre \u00abentender\u00bb, tampoco debe dedicarse a \u00abdemostrar\u00bb mientras sus estudiantes se dedican a \u00abobservar\u00bb. El rol del maestro es configurar ambientes de aprendizajes virtuales en los que los estudiantes tenga aut\u00e9nticas oportunidades para comprender el sentido de lo que aprenden y configurar los significados a su propio ritmo, mediante las vivencias y experiencias individuales y colectivas, ya sean orales o escritas.<\/p>\n<p style=\"text-align: justify;\">Mientras m\u00e1s habla el maestro en clases virtuales, menos aprenden los estudiantes. El maestro en clases virtuales no debe dar respuestas sino hacer preguntas. Las preguntas son m\u00e1s importantes que las respuestas. La clase virtual debe desarrollarse mediante un sistema de preguntas, formuladas por el maestro y tambi\u00e9n por los estudiantes.\u00a0No se aprende escuchando sino hablando, preguntando, cuestionando todo lo dado, problematizando. Preguntar, reflexionar y conversar para formar.<\/p>\n<h5 style=\"text-align: left;\"><strong>2. Desarrollar de manera constante y permanente en cada una de las clases virtuales 4 acciones formativas: leer, escribir, reflexionar y conversar<\/strong><\/h5>\n<p style=\"text-align: justify;\">Leer, escribir, reflexionar y conversar. No hay otra soluci\u00f3n m\u00e1s \u00f3ptima y pertinente. Podemos desempe\u00f1arnos utilizando una amplia diversidad de mediaciones tecnol\u00f3gicas, pero eso no es suficiente para el \u00e9xito acad\u00e9mico.<\/p>\n<p style=\"text-align: justify;\">No hay aprendizaje aut\u00e9ntico y profundo sin leer, escribir, reflexionar y conversar. \u00bfCu\u00e1ntos libros leen nuestros estudiantes en cada asignatura? \u00bfCu\u00e1ntas p\u00e1ginas escriben sobre lo le\u00eddo? \u00bfReflexionan en clases virtuales sobre lo le\u00eddo y sobre lo escrito? \u00bfConversan sobre un problema, tema o cuesti\u00f3n determinada relacionada con la asignatura?<\/p>\n<p style=\"text-align: justify;\">Estas\u00a0 cuatro preguntas tambi\u00e9n aplican para nosotros los maestros: \u00bfCu\u00e1ntos libros leemos en cuarentena? \u00bfCu\u00e1ntas p\u00e1ginas escribimos en nuestro confinamiento? \u00bfC\u00f3mo desplegamos nuestro reflexionar en clases virtuales? \u00bfConversamos en clases virtuales con nuestros estudiantes o solo le enviamos las tareas a realizar? \u00bfEstimulamos y potenciamos el reflexionar y el conversar entre ellos? Est\u00e1 claro que la clase virtual no puede ser solo asignar tareas por email o utilizar determinadas herramientas tecnol\u00f3gicas; es importante leer, escribir, reflexionar y conversar.<\/p>\n<p><img loading=\"lazy\" decoding=\"async\" class=\"alignnone wp-image-48064 size-full\" src=\"https:\/\/webdelmaestrocmf.com\/portal\/wp-content\/uploads\/2020\/06\/1-39.png\" alt=\"\" width=\"690\" height=\"337\" srcset=\"https:\/\/webdelmaestrocmf.com\/portal\/wp-content\/uploads\/2020\/06\/1-39.png 690w, https:\/\/webdelmaestrocmf.com\/portal\/wp-content\/uploads\/2020\/06\/1-39-300x147.png 300w, https:\/\/webdelmaestrocmf.com\/portal\/wp-content\/uploads\/2020\/06\/1-39-110x54.png 110w, https:\/\/webdelmaestrocmf.com\/portal\/wp-content\/uploads\/2020\/06\/1-39-200x98.png 200w, https:\/\/webdelmaestrocmf.com\/portal\/wp-content\/uploads\/2020\/06\/1-39-380x186.png 380w, https:\/\/webdelmaestrocmf.com\/portal\/wp-content\/uploads\/2020\/06\/1-39-255x125.png 255w, https:\/\/webdelmaestrocmf.com\/portal\/wp-content\/uploads\/2020\/06\/1-39-550x269.png 550w\" sizes=\"auto, (max-width: 690px) 100vw, 690px\" \/><\/p>\n<h5 style=\"text-align: left;\"><strong>3. No pensar en los resultados, concentrarnos solo en el proceso de formaci\u00f3n<\/strong><\/h5>\n<p style=\"text-align: justify;\">Un resultado nunca es parte del proceso que le dio origen. Si me oriento al resultado nunca veo el proceso. Debemos concentrarnos en el proceso de aprendizaje, y el resultado es una consecuencia de ese proceso. El resultado se deriva del proceso pero no forma parte de \u00e9l.<\/p>\n<p style=\"text-align: justify;\">Debemos reconocer que los resultados de cualquier proceso evaluativo no dependen del estudiante, sino del maestro-evaluador y del instrumento evaluativo. No existe la evaluaci\u00f3n objetiva. Toda evaluaci\u00f3n es subjetiva, porque la realiza un ser humano dotado de subjetividad, que asigna sentido y significado al proceso de aprendizaje del estudiante. Ahora bien, reflexionemos en la posibilidad de determinar con exactitud num\u00e9rica cu\u00e1nto conocimiento, habilidad, destreza, capacidad o competencia, posee un estudiante en comparaci\u00f3n con otro. \u00bfCu\u00e1l es la unidad de medida de un conocimiento o de una habilidad, destreza, capacidad o competencia?<\/p>\n<p style=\"text-align: justify;\">El conocimiento, la habilidad, destreza, capacidad o competencia es un fen\u00f3meno de naturaleza neurops\u00edquica, relativo a la configuraci\u00f3n cognitivo-expresiva de la personalidad del estudiante, y como todo fen\u00f3meno neurops\u00edquico, en s\u00ed mismo no es mensurable. Sin embargo, a la hora de evaluar al estudiante le otorgamos calificaciones. \u00bfCu\u00e1l es el criterio que seguimos para otorgar las calificaciones?<\/p>\n<p style=\"text-align: justify;\">Por esta raz\u00f3n no debemos concentrarnos en el resultado, sino en el proceso de formaci\u00f3n.<\/p>\n<h5><strong>4. Resignificar la evaluaci\u00f3n en los escenarios educativos virtuales<\/strong><\/h5>\n<p style=\"text-align: justify;\">Cuando evaluamos debemos darle valor al proceso de aprendizaje de los estudiantes, concentrarnos en sus avances, en sus logros, no en sus desaciertos y errores, aunque estos van a aparecer y tienen un valor formativo extraordinario, pero la finalidad de la evaluaci\u00f3n no es buscar las fallas de los estudiantes sino sus aciertos, lo cual nos permitir\u00e1 interpretar su proceso. Debemos evaluar para que los estudiantes aprendan. La evaluaci\u00f3n debe ser formativa.<\/p>\n<p style=\"text-align: justify;\">Para que la evaluaci\u00f3n sea formativa y promueva el aprendizaje, los maestros no pueden tomarla como un mecanismo de dominaci\u00f3n y control. Los maestros deben partir de una actitud abierta, honesta, humilde y comprensiva. En definitiva, lo m\u00e1s importante no es la nota o calificaci\u00f3n sino el aprendizaje. La forma en que evaluamos influye en el aprendizaje de los estudiantes y en la forma en que ense\u00f1amos. Dime c\u00f3mo eval\u00faas y te dir\u00e9 c\u00f3mo ense\u00f1as.<\/p>\n<p style=\"text-align: justify;\">La finalidad de la evaluaci\u00f3n formativa no es calificar. Lo importante no es qu\u00e9 nota se obtuvo sino qu\u00e9 se aprendi\u00f3. El prop\u00f3sito de la evaluaci\u00f3n no es identificar a los estudiantes que tuvieron \u00e9xito y a los que fracasaron, sino orientar su proceso de aprendizaje. En realidad las calificaciones nos dicen muy poco del aprendizaje de los estudiantes.<\/p>\n<p style=\"text-align: justify;\">En la evaluaci\u00f3n formativa se hace una valoraci\u00f3n descriptiva-comprensiva del proceso de aprendizaje de los estudiantes, se describen sus logros, se argumenta de manera comprensiva, caracterizando sus aciertos y desaciertos. Evaluar es comprender, interpretar y valorar. Calificar es excluir. El maestro debe evaluar, no debe calificar.<\/p>\n<h5 style=\"text-align: left;\"><strong>5. Amar a sus estudiantes<\/strong><\/h5>\n<p style=\"text-align: justify;\">El maestro debe respetar a sus estudiantes, comprenderlos y darles seguridad para que ellos puedan expresar con tranquilidad lo que sienten y piensan. Debe esperar con paciencia el resultado del aprendizaje de sus estudiantes.<\/p>\n<p style=\"text-align: justify;\">Ahora bien, no existe una estrategia o tecnolog\u00eda omnipotente para educar y ense\u00f1ar a los estudiantes en medio de la pandemia. Todas las estrategias y tecnolog\u00edas son iguales. La mejor estrategia y la mejor tecnolog\u00eda es el propio maestro. Tampoco existen contenidos bonitos y contenidos feos, contenidos f\u00e1ciles y contenidos dif\u00edciles. Todos los contenidos son iguales.<\/p>\n<p style=\"text-align: justify;\">El maestro debe transferir sus afectos al contenido de la asignatura, con el fin de que el estudiante se enamore de la asignatura a trav\u00e9s del intercambio virtual afectivo con el maestro. Aprender y ense\u00f1ar en la virtualidad no es m\u00e1s que comunicarse afectivamente.<\/p>\n<p style=\"text-align: justify;\">Un maestro emergente se preocupa por sus estudiantes y por su actividad mental, estimula su pensamiento y se concentra m\u00e1s en ellos que en la asignatura que desarrolla. El verdadero maestro devela las potencialidades de sus estudiantes, se concentra m\u00e1s en las virtudes y cualidades positivas que en sus defectos y fallas. El rol del maestro en medio de la pandemia es amar a sus estudiantes, acogerlos, inspirarlos, entusiasmarlos.<\/p>\n<p style=\"text-align: justify;\">El maestro debe admirar a sus estudiantes, ser paciente con ellos, respetar sus ritmos, estilos y estrategias de aprendizaje, no acelerar su proceso, no querer obtener r\u00e1pidamente un resultado final. Debe conocer muy bien a sus estudiantes, conocer sus necesidades, experiencias, conocimientos y destrezas, no para cuestionarlos y criticarlos sino para orientarlos.<\/p>\n<p style=\"text-align: justify;\">Los maestros son personas encantadoras. Precisamente en contextos adversos es donde el maestro debe mostrar su inteligencia, sus competencias pedag\u00f3gicas, curriculares y did\u00e1cticas, su alta capacidad de resiliencia, su compromiso con la educaci\u00f3n y responsabilidad con el cambio y el mejoramiento futuro. Un maestro comprometido, motivado, sensible y consciente de su encargo social, ser\u00e1 capaz de sobreponerse a cualquier pandemia.<\/p>\n<p style=\"text-align: justify;\">Los maestros debemos amar a nuestros estudiantes y demostrarles cari\u00f1o, comprensi\u00f3n, ternura, reconocimiento y consideraci\u00f3n, estimulando su autoestima y potenciando sus capacidades. Debemos elogiarlos y resaltar sus virtudes y aciertos.<\/p>\n<h5 style=\"text-align: justify;\"><strong>6. Una \u00faltima reflexi\u00f3n<\/strong><\/h5>\n<p style=\"text-align: justify;\">Educar es una actividad que requiere una alta vocaci\u00f3n. Educar es una de las profesiones m\u00e1s nobles y humanas que existen, educar es un acto de amor, un acto de aceptaci\u00f3n sin condiciones, de reconocimiento del valor del otro.<\/p>\n<p style=\"text-align: justify;\">El maestro debe amar esta profesi\u00f3n, actuar con alegr\u00eda y felicidad, y sentirse atra\u00eddo por la novedad que representa cada estudiante con el que interact\u00faa, vibrar ante la c\u00e1mara de su computador o de su celular, escucharlos, respetarlos, acompa\u00f1arlos en sus necesidades y \u00e9xitos, y entusiasmarlos por aprender cada d\u00eda m\u00e1s, aun en medio de la pandemia.<\/p>\n<p style=\"text-align: justify;\"><strong>\u00a1Los invito a aplicar las 5 A para vencer esta pandemia: aceptar, adaptarse, aprender, amar y actuar!<\/strong><\/p>\n<table class=\" alignleft\" border=\"0\" width=\"100%\" cellspacing=\"10\" cellpadding=\"10\">\n<tbody>\n<tr>\n<td style=\"text-align: center;\" width=\"30%\"><strong><img loading=\"lazy\" decoding=\"async\" class=\"size-full wp-image-50550 aligncenter\" src=\"https:\/\/webdelmaestrocmf.com\/portal\/wp-content\/uploads\/2020\/08\/1-copia-68.jpg\" alt=\"\" width=\"200\" height=\"200\" srcset=\"https:\/\/webdelmaestrocmf.com\/portal\/wp-content\/uploads\/2020\/08\/1-copia-68.jpg 200w, https:\/\/webdelmaestrocmf.com\/portal\/wp-content\/uploads\/2020\/08\/1-copia-68-150x150.jpg 150w, https:\/\/webdelmaestrocmf.com\/portal\/wp-content\/uploads\/2020\/08\/1-copia-68-80x80.jpg 80w, https:\/\/webdelmaestrocmf.com\/portal\/wp-content\/uploads\/2020\/08\/1-copia-68-110x110.jpg 110w, https:\/\/webdelmaestrocmf.com\/portal\/wp-content\/uploads\/2020\/08\/1-copia-68-160x160.jpg 160w\" sizes=\"auto, (max-width: 200px) 100vw, 200px\" \/><br \/>\nAutor:<\/strong> Alexander Ortiz Oca\u00f1a, ciudadano cubano-colombiano.<br \/>\nUniversidad del Magdalena Santa Marta, Colombia<br \/>\nDoctor en Ciencias Pedag\u00f3gicas, Universidad Pedag\u00f3gica de Holgu\u00edn, Cuba. Doctor Honoris Causa en Iberoam\u00e9rica, Consejo Iberoamericano en Honor a la Calidad Educativa (CIHCE), Lima. Per\u00fa. Mag\u00edster en Gesti\u00f3n Educativa en Iberoam\u00e9rica, CIHCE, Lima, Per\u00fa. Mag\u00edster en Pedagog\u00eda Profesional, Universidad Pedag\u00f3gica y Tecnol\u00f3gica de la Habana. Licenciado en Educaci\u00f3n.<br \/>\n<strong style=\"font-family: inherit; font-size: inherit; background-color: transparent;\">Correo electr\u00f3nico:<\/strong> <a style=\"font-family: inherit; font-size: inherit; background-color: transparent;\" href=\"mailto:aortiz@unimagdalena.edu.co\">aortiz@unimagdalena.edu.co<\/a><span style=\"font-family: inherit; font-size: inherit; background-color: transparent;\"> \/ <\/span><a style=\"font-family: inherit; font-size: inherit; background-color: transparent;\" href=\"alexanderortiz2009@gmail.com\" target=\"_blank\" rel=\"noopener noreferrer\">alexanderortiz2009@gmail.com<\/a><\/td>\n<\/tr>\n<\/tbody>\n<\/table>\n<p style=\"text-align: left;\">.<\/p>\n\t\t<div class=\"pk-inline-posts\">\n\t\t\t\n\t\t\t<div class=\"pk-inline-posts-container pk-inline-posts-template-list\"\n\t\t\t\tdata-columns=\"1\">\n\t\t\t\t\t\t<article id=\"post-105999\" class=\"post-105999 post type-post status-publish format-standard has-post-thumbnail category-colaborador category-z-colaboradores-alexander-ortiz tag-alexander-ortiz tag-exhala tag-inhala tag-respira tag-suspira cs-entry cs-video-wrap\">\n\t\t\t<div class=\"pk-post-outer\">\n\n\t\t\t\t\t\t\t\t<div class=\"pk-post-inner\">\n\t\t\t\t\t<div class=\"entry-thumbnail\">\n\t\t\t\t\t\t<div class=\"pk-overlay pk-overlay-ratio pk-ratio-landscape\">\n\t\t\t\t\t\t\t<div class=\"pk-overlay-background\">\n\t\t\t\t\t\t\t\t<a href=\"https:\/\/webdelmaestrocmf.com\/portal\/alexander-ortiz-el-giro-emocional-devolverse-hacia-la-apertura-mental-mediante-la-estrategia-ries-respira-inhala-exhala-y-suspira\/\" class=\"pk-overlay-link\">\n\t\t\t\t\t\t\t\t\t<img loading=\"lazy\" decoding=\"async\" width=\"300\" height=\"225\" src=\"https:\/\/webdelmaestrocmf.com\/portal\/wp-content\/uploads\/2024\/06\/Banner-1-portada-imagen-10-1-2024-06-12T215842.738-300x225.jpg\" class=\"attachment-pk-thumbnail size-pk-thumbnail wp-post-image\" alt=\"\" \/>\t\t\t\t\t\t\t\t<\/a>\n\t\t\t\t\t\t\t<\/div>\n\t\t\t\t\t\t<\/div>\n\t\t\t\t\t<\/div>\n\t\t\t\t<\/div>\n\t\t\t\t\n\t\t\t\t<div class=\"pk-post-inner\">\n\t\t\t\t\t<header>\n\t\t\t\t\t\t<h3 class=\"pk-title\"><a href=\"https:\/\/webdelmaestrocmf.com\/portal\/alexander-ortiz-el-giro-emocional-devolverse-hacia-la-apertura-mental-mediante-la-estrategia-ries-respira-inhala-exhala-y-suspira\/\" rel=\"bookmark\">[Alexander Ortiz] El giro emocional: devolverse hacia la apertura mental, mediante la Estrategia R\u00cdES: Respira, Inhala, Exhala y Suspira.<\/a><\/h3>\t\t\t\t\t<\/header><!-- .entry-header -->\n\t\t\t\t<\/div><!-- .post-inner -->\n\n\t\t\t<\/div><!-- .post-outer -->\n\t\t<\/article>\n\t\t\t\t<\/div>\n\t\t<\/div>\n\t\t\n","protected":false},"excerpt":{"rendered":"El rol de los maestros en medio de la pandemia se centra en su did\u00e1ctica. Es por ello&hellip;","protected":false},"author":1,"featured_media":48065,"comment_status":"open","ping_status":"closed","sticky":false,"template":"","format":"standard","meta":{"csco_display_header_overlay":false,"csco_singular_sidebar":"default","csco_page_header_type":"default","csco_page_load_nextpost":"default","csco_post_video_location":[],"csco_post_video_location_hash":"","csco_post_video_url":"","csco_post_video_bg_start_time":0,"csco_post_video_bg_end_time":0,"csco_post_video_bg_volume":false,"_jetpack_memberships_contains_paid_content":false,"footnotes":""},"categories":[1790,5156],"tags":[5141,216,3620,4863,2997],"class_list":{"0":"post-48062","1":"post","2":"type-post","3":"status-publish","4":"format-standard","5":"has-post-thumbnail","7":"category-colaborador","8":"category-z-colaboradores-alexander-ortiz","9":"tag-alexander-ortiz","10":"tag-maestro","11":"tag-medio","12":"tag-pandemia","13":"tag-rol","14":"cs-entry","15":"cs-video-wrap"},"yoast_head":"<!-- This site is optimized with the Yoast SEO plugin v27.5 - https:\/\/yoast.com\/product\/yoast-seo-wordpress\/ -->\n<title>[Alexander Ortiz] El rol del maestro en medio de la pandemia - 2026<\/title>\n<meta name=\"description\" content=\"El rol de los maestros en medio de la pandemia se centra en su did\u00e1ctica. Es por ello que esta peque\u00f1a reflexi\u00f3n la oriento hacia aquellas cuestiones...\" \/>\n<meta name=\"robots\" content=\"index, follow, max-snippet:-1, max-image-preview:large, max-video-preview:-1\" \/>\n<link rel=\"canonical\" href=\"https:\/\/webdelmaestrocmf.com\/portal\/alexander-ortiz-el-rol-del-maestro-en-medio-de-la-pandemia\/\" \/>\n<meta property=\"og:locale\" content=\"es_ES\" \/>\n<meta property=\"og:type\" content=\"article\" \/>\n<meta property=\"og:title\" content=\"[Alexander Ortiz] El rol del maestro en medio de la pandemia - 2026\" \/>\n<meta property=\"og:description\" content=\"El rol de los maestros en medio de la pandemia se centra en su did\u00e1ctica. Es por ello que esta peque\u00f1a reflexi\u00f3n la oriento hacia aquellas cuestiones...\" \/>\n<meta property=\"og:url\" content=\"https:\/\/webdelmaestrocmf.com\/portal\/alexander-ortiz-el-rol-del-maestro-en-medio-de-la-pandemia\/\" \/>\n<meta property=\"og:site_name\" content=\"Web del Maestro CMF\" \/>\n<meta property=\"article:publisher\" content=\"https:\/\/www.facebook.com\/WebdelMaestroCMF\/\" \/>\n<meta property=\"article:author\" content=\"https:\/\/www.facebook.com\/WebdelMaestroCMF\/\" \/>\n<meta property=\"article:published_time\" content=\"2020-06-16T17:02:59+00:00\" \/>\n<meta property=\"article:modified_time\" content=\"2020-09-07T18:02:55+00:00\" \/>\n<meta property=\"og:image\" content=\"https:\/\/i0.wp.com\/webdelmaestrocmf.com\/portal\/wp-content\/uploads\/2020\/06\/1-97.jpg?fit=1100%2C680&ssl=1\" \/>\n\t<meta property=\"og:image:width\" content=\"1100\" \/>\n\t<meta property=\"og:image:height\" content=\"680\" \/>\n\t<meta property=\"og:image:type\" content=\"image\/jpeg\" \/>\n<meta name=\"author\" content=\"Web del Maestro CMF\" \/>\n<meta name=\"twitter:card\" content=\"summary_large_image\" \/>\n<meta name=\"twitter:creator\" content=\"@cmf_w\" \/>\n<meta name=\"twitter:site\" content=\"@cmf_w\" \/>\n<script type=\"application\/ld+json\" class=\"yoast-schema-graph\">{\"@context\":\"https:\\\/\\\/schema.org\",\"@graph\":[{\"@type\":\"ScholarlyArticle\",\"@id\":\"https:\\\/\\\/webdelmaestrocmf.com\\\/portal\\\/alexander-ortiz-el-rol-del-maestro-en-medio-de-la-pandemia\\\/#article\",\"isPartOf\":{\"@id\":\"https:\\\/\\\/webdelmaestrocmf.com\\\/portal\\\/alexander-ortiz-el-rol-del-maestro-en-medio-de-la-pandemia\\\/\"},\"author\":{\"name\":\"Web del Maestro CMF\",\"@id\":\"https:\\\/\\\/webdelmaestrocmf.com\\\/portal\\\/#\\\/schema\\\/person\\\/1072a2ed7bd960df8ef99a551fa35dc5\"},\"headline\":\"[Alexander Ortiz] El rol del maestro en medio de la pandemia\",\"datePublished\":\"2020-06-16T17:02:59+00:00\",\"dateModified\":\"2020-09-07T18:02:55+00:00\",\"mainEntityOfPage\":{\"@id\":\"https:\\\/\\\/webdelmaestrocmf.com\\\/portal\\\/alexander-ortiz-el-rol-del-maestro-en-medio-de-la-pandemia\\\/\"},\"wordCount\":1701,\"commentCount\":0,\"publisher\":{\"@id\":\"https:\\\/\\\/webdelmaestrocmf.com\\\/portal\\\/#organization\"},\"image\":{\"@id\":\"https:\\\/\\\/webdelmaestrocmf.com\\\/portal\\\/alexander-ortiz-el-rol-del-maestro-en-medio-de-la-pandemia\\\/#primaryimage\"},\"thumbnailUrl\":\"https:\\\/\\\/webdelmaestrocmf.com\\\/portal\\\/wp-content\\\/uploads\\\/2020\\\/06\\\/1-97.jpg\",\"keywords\":[\"Alexander Ortiz\",\"Maestro\",\"MEDIO\",\"pandemia\",\"ROL\"],\"articleSection\":[\"Z-Colaboradores\",\"Z-Colaboradores-Alexander-Ortiz\"],\"inLanguage\":\"es\",\"potentialAction\":[{\"@type\":\"CommentAction\",\"name\":\"Comment\",\"target\":[\"https:\\\/\\\/webdelmaestrocmf.com\\\/portal\\\/alexander-ortiz-el-rol-del-maestro-en-medio-de-la-pandemia\\\/#respond\"]}]},{\"@type\":\"WebPage\",\"@id\":\"https:\\\/\\\/webdelmaestrocmf.com\\\/portal\\\/alexander-ortiz-el-rol-del-maestro-en-medio-de-la-pandemia\\\/\",\"url\":\"https:\\\/\\\/webdelmaestrocmf.com\\\/portal\\\/alexander-ortiz-el-rol-del-maestro-en-medio-de-la-pandemia\\\/\",\"name\":\"[Alexander Ortiz] El rol del maestro en medio de la pandemia - 2026\",\"isPartOf\":{\"@id\":\"https:\\\/\\\/webdelmaestrocmf.com\\\/portal\\\/#website\"},\"primaryImageOfPage\":{\"@id\":\"https:\\\/\\\/webdelmaestrocmf.com\\\/portal\\\/alexander-ortiz-el-rol-del-maestro-en-medio-de-la-pandemia\\\/#primaryimage\"},\"image\":{\"@id\":\"https:\\\/\\\/webdelmaestrocmf.com\\\/portal\\\/alexander-ortiz-el-rol-del-maestro-en-medio-de-la-pandemia\\\/#primaryimage\"},\"thumbnailUrl\":\"https:\\\/\\\/webdelmaestrocmf.com\\\/portal\\\/wp-content\\\/uploads\\\/2020\\\/06\\\/1-97.jpg\",\"datePublished\":\"2020-06-16T17:02:59+00:00\",\"dateModified\":\"2020-09-07T18:02:55+00:00\",\"description\":\"El rol de los maestros en medio de la pandemia se centra en su did\u00e1ctica. Es por ello que esta peque\u00f1a reflexi\u00f3n la oriento hacia aquellas cuestiones...\",\"breadcrumb\":{\"@id\":\"https:\\\/\\\/webdelmaestrocmf.com\\\/portal\\\/alexander-ortiz-el-rol-del-maestro-en-medio-de-la-pandemia\\\/#breadcrumb\"},\"inLanguage\":\"es\",\"potentialAction\":[{\"@type\":\"ReadAction\",\"target\":[\"https:\\\/\\\/webdelmaestrocmf.com\\\/portal\\\/alexander-ortiz-el-rol-del-maestro-en-medio-de-la-pandemia\\\/\"]}]},{\"@type\":\"ImageObject\",\"inLanguage\":\"es\",\"@id\":\"https:\\\/\\\/webdelmaestrocmf.com\\\/portal\\\/alexander-ortiz-el-rol-del-maestro-en-medio-de-la-pandemia\\\/#primaryimage\",\"url\":\"https:\\\/\\\/webdelmaestrocmf.com\\\/portal\\\/wp-content\\\/uploads\\\/2020\\\/06\\\/1-97.jpg\",\"contentUrl\":\"https:\\\/\\\/webdelmaestrocmf.com\\\/portal\\\/wp-content\\\/uploads\\\/2020\\\/06\\\/1-97.jpg\",\"width\":1100,\"height\":680},{\"@type\":\"BreadcrumbList\",\"@id\":\"https:\\\/\\\/webdelmaestrocmf.com\\\/portal\\\/alexander-ortiz-el-rol-del-maestro-en-medio-de-la-pandemia\\\/#breadcrumb\",\"itemListElement\":[{\"@type\":\"ListItem\",\"position\":1,\"name\":\"Portada\",\"item\":\"https:\\\/\\\/webdelmaestrocmf.com\\\/portal\\\/\"},{\"@type\":\"ListItem\",\"position\":2,\"name\":\"Z-Colaboradores\",\"item\":\"https:\\\/\\\/webdelmaestrocmf.com\\\/portal\\\/category\\\/colaborador\\\/\"},{\"@type\":\"ListItem\",\"position\":3,\"name\":\"[Alexander Ortiz] El rol del maestro en medio de la pandemia\"}]},{\"@type\":\"WebSite\",\"@id\":\"https:\\\/\\\/webdelmaestrocmf.com\\\/portal\\\/#website\",\"url\":\"https:\\\/\\\/webdelmaestrocmf.com\\\/portal\\\/\",\"name\":\"Web del Maestro CMF\",\"description\":\"Maestros al servicio de la educaci\u00f3n\",\"publisher\":{\"@id\":\"https:\\\/\\\/webdelmaestrocmf.com\\\/portal\\\/#organization\"},\"alternateName\":\"WMCMF\",\"potentialAction\":[{\"@type\":\"SearchAction\",\"target\":{\"@type\":\"EntryPoint\",\"urlTemplate\":\"https:\\\/\\\/webdelmaestrocmf.com\\\/portal\\\/?s={search_term_string}\"},\"query-input\":{\"@type\":\"PropertyValueSpecification\",\"valueRequired\":true,\"valueName\":\"search_term_string\"}}],\"inLanguage\":\"es\"},{\"@type\":\"Organization\",\"@id\":\"https:\\\/\\\/webdelmaestrocmf.com\\\/portal\\\/#organization\",\"name\":\"Web del Maestro CMF\",\"alternateName\":\"WMCMF\",\"url\":\"https:\\\/\\\/webdelmaestrocmf.com\\\/portal\\\/\",\"logo\":{\"@type\":\"ImageObject\",\"inLanguage\":\"es\",\"@id\":\"https:\\\/\\\/webdelmaestrocmf.com\\\/portal\\\/#\\\/schema\\\/logo\\\/image\\\/\",\"url\":\"https:\\\/\\\/webdelmaestrocmf.com\\\/portal\\\/wp-content\\\/uploads\\\/2023\\\/01\\\/logo-wmcmf-2.png\",\"contentUrl\":\"https:\\\/\\\/webdelmaestrocmf.com\\\/portal\\\/wp-content\\\/uploads\\\/2023\\\/01\\\/logo-wmcmf-2.png\",\"width\":200,\"height\":60,\"caption\":\"Web del Maestro CMF\"},\"image\":{\"@id\":\"https:\\\/\\\/webdelmaestrocmf.com\\\/portal\\\/#\\\/schema\\\/logo\\\/image\\\/\"},\"sameAs\":[\"https:\\\/\\\/www.facebook.com\\\/WebdelMaestroCMF\\\/\",\"https:\\\/\\\/x.com\\\/cmf_w\",\"https:\\\/\\\/www.pinterest.com\\\/WMCMF\\\/\",\"https:\\\/\\\/www.linkedin.com\\\/company\\\/web-del-maestro-cmf\\\/\",\"https:\\\/\\\/www.instagram.com\\\/wmcmf\\\/\",\"https:\\\/\\\/www.youtube.com\\\/channel\\\/UCDPSvjbdodE5sHnC3OxutHw\",\"https:\\\/\\\/mastodon.social\\\/@wmcmf\",\"https:\\\/\\\/www.tiktok.com\\\/@webdelmaestrocmf\"]},{\"@type\":\"Person\",\"@id\":\"https:\\\/\\\/webdelmaestrocmf.com\\\/portal\\\/#\\\/schema\\\/person\\\/1072a2ed7bd960df8ef99a551fa35dc5\",\"name\":\"Web del Maestro CMF\",\"image\":{\"@type\":\"ImageObject\",\"inLanguage\":\"es\",\"@id\":\"https:\\\/\\\/secure.gravatar.com\\\/avatar\\\/23291dd5b5ae1077dcff3dbb04c3e02bd28403fa75af6d8787d5e97c5bbbe30b?s=96&d=mm&r=g\",\"url\":\"https:\\\/\\\/secure.gravatar.com\\\/avatar\\\/23291dd5b5ae1077dcff3dbb04c3e02bd28403fa75af6d8787d5e97c5bbbe30b?s=96&d=mm&r=g\",\"contentUrl\":\"https:\\\/\\\/secure.gravatar.com\\\/avatar\\\/23291dd5b5ae1077dcff3dbb04c3e02bd28403fa75af6d8787d5e97c5bbbe30b?s=96&d=mm&r=g\",\"caption\":\"Web del Maestro CMF\"},\"description\":\"Esta Web se cre\u00f3 sin fines de lucro, con fines educativos, cient\u00edficos y acad\u00e9micos, para personas que tengan dificultades y\\\/o inconvenientes en visualizar el material original. El objetivo es entregar recursos, compartir experiencias y materiales que ayuden a los padres de familia, maestros y estudiantes en su actualizaci\u00f3n y formaci\u00f3n permanente, en bien de la Educaci\u00f3n.\",\"sameAs\":[\"http:\\\/\\\/webdelmaestrocmf.com\\\/portal\",\"https:\\\/\\\/www.facebook.com\\\/WebdelMaestroCMF\\\/\",\"https:\\\/\\\/www.instagram.com\\\/wmcmf\\\/\",\"https:\\\/\\\/cl.linkedin.com\\\/company\\\/web-del-maestro-cmf\",\"https:\\\/\\\/www.pinterest.com\\\/WMCMF\\\/publicaciones\\\/\",\"https:\\\/\\\/x.com\\\/cmf_w\",\"https:\\\/\\\/www.youtube.com\\\/@WMCMF\"]}]}<\/script>\n<!-- \/ Yoast SEO plugin. -->","yoast_head_json":{"title":"[Alexander Ortiz] El rol del maestro en medio de la pandemia - 2026","description":"El rol de los maestros en medio de la pandemia se centra en su did\u00e1ctica. Es por ello que esta peque\u00f1a reflexi\u00f3n la oriento hacia aquellas cuestiones...","robots":{"index":"index","follow":"follow","max-snippet":"max-snippet:-1","max-image-preview":"max-image-preview:large","max-video-preview":"max-video-preview:-1"},"canonical":"https:\/\/webdelmaestrocmf.com\/portal\/alexander-ortiz-el-rol-del-maestro-en-medio-de-la-pandemia\/","og_locale":"es_ES","og_type":"article","og_title":"[Alexander Ortiz] El rol del maestro en medio de la pandemia - 2026","og_description":"El rol de los maestros en medio de la pandemia se centra en su did\u00e1ctica. Es por ello que esta peque\u00f1a reflexi\u00f3n la oriento hacia aquellas cuestiones...","og_url":"https:\/\/webdelmaestrocmf.com\/portal\/alexander-ortiz-el-rol-del-maestro-en-medio-de-la-pandemia\/","og_site_name":"Web del Maestro CMF","article_publisher":"https:\/\/www.facebook.com\/WebdelMaestroCMF\/","article_author":"https:\/\/www.facebook.com\/WebdelMaestroCMF\/","article_published_time":"2020-06-16T17:02:59+00:00","article_modified_time":"2020-09-07T18:02:55+00:00","og_image":[{"width":1100,"height":680,"url":"https:\/\/i0.wp.com\/webdelmaestrocmf.com\/portal\/wp-content\/uploads\/2020\/06\/1-97.jpg?fit=1100%2C680&ssl=1","type":"image\/jpeg"}],"author":"Web del Maestro CMF","twitter_card":"summary_large_image","twitter_creator":"@cmf_w","twitter_site":"@cmf_w","schema":{"@context":"https:\/\/schema.org","@graph":[{"@type":"ScholarlyArticle","@id":"https:\/\/webdelmaestrocmf.com\/portal\/alexander-ortiz-el-rol-del-maestro-en-medio-de-la-pandemia\/#article","isPartOf":{"@id":"https:\/\/webdelmaestrocmf.com\/portal\/alexander-ortiz-el-rol-del-maestro-en-medio-de-la-pandemia\/"},"author":{"name":"Web del Maestro CMF","@id":"https:\/\/webdelmaestrocmf.com\/portal\/#\/schema\/person\/1072a2ed7bd960df8ef99a551fa35dc5"},"headline":"[Alexander Ortiz] El rol del maestro en medio de la pandemia","datePublished":"2020-06-16T17:02:59+00:00","dateModified":"2020-09-07T18:02:55+00:00","mainEntityOfPage":{"@id":"https:\/\/webdelmaestrocmf.com\/portal\/alexander-ortiz-el-rol-del-maestro-en-medio-de-la-pandemia\/"},"wordCount":1701,"commentCount":0,"publisher":{"@id":"https:\/\/webdelmaestrocmf.com\/portal\/#organization"},"image":{"@id":"https:\/\/webdelmaestrocmf.com\/portal\/alexander-ortiz-el-rol-del-maestro-en-medio-de-la-pandemia\/#primaryimage"},"thumbnailUrl":"https:\/\/webdelmaestrocmf.com\/portal\/wp-content\/uploads\/2020\/06\/1-97.jpg","keywords":["Alexander Ortiz","Maestro","MEDIO","pandemia","ROL"],"articleSection":["Z-Colaboradores","Z-Colaboradores-Alexander-Ortiz"],"inLanguage":"es","potentialAction":[{"@type":"CommentAction","name":"Comment","target":["https:\/\/webdelmaestrocmf.com\/portal\/alexander-ortiz-el-rol-del-maestro-en-medio-de-la-pandemia\/#respond"]}]},{"@type":"WebPage","@id":"https:\/\/webdelmaestrocmf.com\/portal\/alexander-ortiz-el-rol-del-maestro-en-medio-de-la-pandemia\/","url":"https:\/\/webdelmaestrocmf.com\/portal\/alexander-ortiz-el-rol-del-maestro-en-medio-de-la-pandemia\/","name":"[Alexander Ortiz] El rol del maestro en medio de la pandemia - 2026","isPartOf":{"@id":"https:\/\/webdelmaestrocmf.com\/portal\/#website"},"primaryImageOfPage":{"@id":"https:\/\/webdelmaestrocmf.com\/portal\/alexander-ortiz-el-rol-del-maestro-en-medio-de-la-pandemia\/#primaryimage"},"image":{"@id":"https:\/\/webdelmaestrocmf.com\/portal\/alexander-ortiz-el-rol-del-maestro-en-medio-de-la-pandemia\/#primaryimage"},"thumbnailUrl":"https:\/\/webdelmaestrocmf.com\/portal\/wp-content\/uploads\/2020\/06\/1-97.jpg","datePublished":"2020-06-16T17:02:59+00:00","dateModified":"2020-09-07T18:02:55+00:00","description":"El rol de los maestros en medio de la pandemia se centra en su did\u00e1ctica. Es por ello que esta peque\u00f1a reflexi\u00f3n la oriento hacia aquellas cuestiones...","breadcrumb":{"@id":"https:\/\/webdelmaestrocmf.com\/portal\/alexander-ortiz-el-rol-del-maestro-en-medio-de-la-pandemia\/#breadcrumb"},"inLanguage":"es","potentialAction":[{"@type":"ReadAction","target":["https:\/\/webdelmaestrocmf.com\/portal\/alexander-ortiz-el-rol-del-maestro-en-medio-de-la-pandemia\/"]}]},{"@type":"ImageObject","inLanguage":"es","@id":"https:\/\/webdelmaestrocmf.com\/portal\/alexander-ortiz-el-rol-del-maestro-en-medio-de-la-pandemia\/#primaryimage","url":"https:\/\/webdelmaestrocmf.com\/portal\/wp-content\/uploads\/2020\/06\/1-97.jpg","contentUrl":"https:\/\/webdelmaestrocmf.com\/portal\/wp-content\/uploads\/2020\/06\/1-97.jpg","width":1100,"height":680},{"@type":"BreadcrumbList","@id":"https:\/\/webdelmaestrocmf.com\/portal\/alexander-ortiz-el-rol-del-maestro-en-medio-de-la-pandemia\/#breadcrumb","itemListElement":[{"@type":"ListItem","position":1,"name":"Portada","item":"https:\/\/webdelmaestrocmf.com\/portal\/"},{"@type":"ListItem","position":2,"name":"Z-Colaboradores","item":"https:\/\/webdelmaestrocmf.com\/portal\/category\/colaborador\/"},{"@type":"ListItem","position":3,"name":"[Alexander Ortiz] El rol del maestro en medio de la pandemia"}]},{"@type":"WebSite","@id":"https:\/\/webdelmaestrocmf.com\/portal\/#website","url":"https:\/\/webdelmaestrocmf.com\/portal\/","name":"Web del Maestro CMF","description":"Maestros al servicio de la educaci\u00f3n","publisher":{"@id":"https:\/\/webdelmaestrocmf.com\/portal\/#organization"},"alternateName":"WMCMF","potentialAction":[{"@type":"SearchAction","target":{"@type":"EntryPoint","urlTemplate":"https:\/\/webdelmaestrocmf.com\/portal\/?s={search_term_string}"},"query-input":{"@type":"PropertyValueSpecification","valueRequired":true,"valueName":"search_term_string"}}],"inLanguage":"es"},{"@type":"Organization","@id":"https:\/\/webdelmaestrocmf.com\/portal\/#organization","name":"Web del Maestro CMF","alternateName":"WMCMF","url":"https:\/\/webdelmaestrocmf.com\/portal\/","logo":{"@type":"ImageObject","inLanguage":"es","@id":"https:\/\/webdelmaestrocmf.com\/portal\/#\/schema\/logo\/image\/","url":"https:\/\/webdelmaestrocmf.com\/portal\/wp-content\/uploads\/2023\/01\/logo-wmcmf-2.png","contentUrl":"https:\/\/webdelmaestrocmf.com\/portal\/wp-content\/uploads\/2023\/01\/logo-wmcmf-2.png","width":200,"height":60,"caption":"Web del Maestro CMF"},"image":{"@id":"https:\/\/webdelmaestrocmf.com\/portal\/#\/schema\/logo\/image\/"},"sameAs":["https:\/\/www.facebook.com\/WebdelMaestroCMF\/","https:\/\/x.com\/cmf_w","https:\/\/www.pinterest.com\/WMCMF\/","https:\/\/www.linkedin.com\/company\/web-del-maestro-cmf\/","https:\/\/www.instagram.com\/wmcmf\/","https:\/\/www.youtube.com\/channel\/UCDPSvjbdodE5sHnC3OxutHw","https:\/\/mastodon.social\/@wmcmf","https:\/\/www.tiktok.com\/@webdelmaestrocmf"]},{"@type":"Person","@id":"https:\/\/webdelmaestrocmf.com\/portal\/#\/schema\/person\/1072a2ed7bd960df8ef99a551fa35dc5","name":"Web del Maestro CMF","image":{"@type":"ImageObject","inLanguage":"es","@id":"https:\/\/secure.gravatar.com\/avatar\/23291dd5b5ae1077dcff3dbb04c3e02bd28403fa75af6d8787d5e97c5bbbe30b?s=96&d=mm&r=g","url":"https:\/\/secure.gravatar.com\/avatar\/23291dd5b5ae1077dcff3dbb04c3e02bd28403fa75af6d8787d5e97c5bbbe30b?s=96&d=mm&r=g","contentUrl":"https:\/\/secure.gravatar.com\/avatar\/23291dd5b5ae1077dcff3dbb04c3e02bd28403fa75af6d8787d5e97c5bbbe30b?s=96&d=mm&r=g","caption":"Web del Maestro CMF"},"description":"Esta Web se cre\u00f3 sin fines de lucro, con fines educativos, cient\u00edficos y acad\u00e9micos, para personas que tengan dificultades y\/o inconvenientes en visualizar el material original. El objetivo es entregar recursos, compartir experiencias y materiales que ayuden a los padres de familia, maestros y estudiantes en su actualizaci\u00f3n y formaci\u00f3n permanente, en bien de la Educaci\u00f3n.","sameAs":["http:\/\/webdelmaestrocmf.com\/portal","https:\/\/www.facebook.com\/WebdelMaestroCMF\/","https:\/\/www.instagram.com\/wmcmf\/","https:\/\/cl.linkedin.com\/company\/web-del-maestro-cmf","https:\/\/www.pinterest.com\/WMCMF\/publicaciones\/","https:\/\/x.com\/cmf_w","https:\/\/www.youtube.com\/@WMCMF"]}]}},"jetpack_featured_media_url":"https:\/\/webdelmaestrocmf.com\/portal\/wp-content\/uploads\/2020\/06\/1-97.jpg","jetpack_sharing_enabled":true,"jetpack-related-posts":[{"id":59456,"url":"https:\/\/webdelmaestrocmf.com\/portal\/alexander-ortiz-calidad-de-la-educacion-en-tiempos-de-crisis\/","url_meta":{"origin":48062,"position":0},"title":"[Alexander Ortiz] Calidad de la educaci\u00f3n en tiempos de crisis","author":"Web del Maestro CMF","date":"17 febrero, 2021","format":false,"excerpt":"La calidad de la educaci\u00f3n en tiempos de crisis se determina por varios factores: recursos f\u00edsicos, tecnolog\u00edas, tiempo, configuraci\u00f3n del curr\u00edculo, disposici\u00f3n y voluntad de los estudiantes, etc. Una dimensi\u00f3n importante en la calidad de la educaci\u00f3n en tiempos de crisis es el rol del maestro y su capacidad de\u2026","rel":"","context":"En \u00abZ-Colaboradores\u00bb","block_context":{"text":"Z-Colaboradores","link":"https:\/\/webdelmaestrocmf.com\/portal\/category\/colaborador\/"},"img":{"alt_text":"","src":"https:\/\/i0.wp.com\/webdelmaestrocmf.com\/portal\/wp-content\/uploads\/2021\/02\/1-copia-51.jpg?resize=350%2C200&ssl=1","width":350,"height":200,"srcset":"https:\/\/i0.wp.com\/webdelmaestrocmf.com\/portal\/wp-content\/uploads\/2021\/02\/1-copia-51.jpg?resize=350%2C200&ssl=1 1x, https:\/\/i0.wp.com\/webdelmaestrocmf.com\/portal\/wp-content\/uploads\/2021\/02\/1-copia-51.jpg?resize=525%2C300&ssl=1 1.5x, https:\/\/i0.wp.com\/webdelmaestrocmf.com\/portal\/wp-content\/uploads\/2021\/02\/1-copia-51.jpg?resize=700%2C400&ssl=1 2x, https:\/\/i0.wp.com\/webdelmaestrocmf.com\/portal\/wp-content\/uploads\/2021\/02\/1-copia-51.jpg?resize=1050%2C600&ssl=1 3x"},"classes":[]},{"id":49319,"url":"https:\/\/webdelmaestrocmf.com\/portal\/alexander-ortiz-el-maestro-inverosimil-parte-i\/","url_meta":{"origin":48062,"position":1},"title":"[Alexander Ortiz] El maestro inveros\u00edmil (Parte I)","author":"Web del Maestro CMF","date":"21 julio, 2020","format":false,"excerpt":"Si reflexionamos sobre el quehacer pedag\u00f3gico de los maestros y los diversos modos de actuaci\u00f3n y conductas que \u00e9ste puede asumir, tendr\u00edamos que llegar a la conclusi\u00f3n que en su desempe\u00f1o el maestro podr\u00eda mostrar al menos una de tres posturas pedag\u00f3gicas: autoritaria, comprensiva o cr\u00edtica, seg\u00fan los intereses que\u2026","rel":"","context":"En \u00abZ-Colaboradores\u00bb","block_context":{"text":"Z-Colaboradores","link":"https:\/\/webdelmaestrocmf.com\/portal\/category\/colaborador\/"},"img":{"alt_text":"","src":"https:\/\/i0.wp.com\/webdelmaestrocmf.com\/portal\/wp-content\/uploads\/2020\/07\/1-69.jpg?resize=350%2C200&ssl=1","width":350,"height":200,"srcset":"https:\/\/i0.wp.com\/webdelmaestrocmf.com\/portal\/wp-content\/uploads\/2020\/07\/1-69.jpg?resize=350%2C200&ssl=1 1x, https:\/\/i0.wp.com\/webdelmaestrocmf.com\/portal\/wp-content\/uploads\/2020\/07\/1-69.jpg?resize=525%2C300&ssl=1 1.5x, https:\/\/i0.wp.com\/webdelmaestrocmf.com\/portal\/wp-content\/uploads\/2020\/07\/1-69.jpg?resize=700%2C400&ssl=1 2x, https:\/\/i0.wp.com\/webdelmaestrocmf.com\/portal\/wp-content\/uploads\/2020\/07\/1-69.jpg?resize=1050%2C600&ssl=1 3x"},"classes":[]},{"id":49589,"url":"https:\/\/webdelmaestrocmf.com\/portal\/alexander-ortiz-el-maestro-inverosimil-parte-ii\/","url_meta":{"origin":48062,"position":2},"title":"[Alexander Ortiz] El maestro inveros\u00edmil (Parte II)","author":"Web del Maestro CMF","date":"30 julio, 2020","format":false,"excerpt":"El rol del maestro en el siglo XXI no est\u00e1 relacionado con la transmisi\u00f3n de conocimientos, es necesario ense\u00f1ar a pensar y tambi\u00e9n pensar para ense\u00f1ar. Pensar es la estrategia, por lo tanto, no hay que ense\u00f1ar ninguna estrategia para pensar. Cuando el maestro incita al estudiante para que piense,\u2026","rel":"","context":"En \u00abZ-Colaboradores\u00bb","block_context":{"text":"Z-Colaboradores","link":"https:\/\/webdelmaestrocmf.com\/portal\/category\/colaborador\/"},"img":{"alt_text":"","src":"https:\/\/i0.wp.com\/webdelmaestrocmf.com\/portal\/wp-content\/uploads\/2020\/07\/1-98.jpg?resize=350%2C200&ssl=1","width":350,"height":200,"srcset":"https:\/\/i0.wp.com\/webdelmaestrocmf.com\/portal\/wp-content\/uploads\/2020\/07\/1-98.jpg?resize=350%2C200&ssl=1 1x, https:\/\/i0.wp.com\/webdelmaestrocmf.com\/portal\/wp-content\/uploads\/2020\/07\/1-98.jpg?resize=525%2C300&ssl=1 1.5x, https:\/\/i0.wp.com\/webdelmaestrocmf.com\/portal\/wp-content\/uploads\/2020\/07\/1-98.jpg?resize=700%2C400&ssl=1 2x, https:\/\/i0.wp.com\/webdelmaestrocmf.com\/portal\/wp-content\/uploads\/2020\/07\/1-98.jpg?resize=1050%2C600&ssl=1 3x"},"classes":[]},{"id":63860,"url":"https:\/\/webdelmaestrocmf.com\/portal\/alexander-ortiz-cual-es-el-rol-del-cerebro-en-la-educacion-del-ser-humano\/","url_meta":{"origin":48062,"position":3},"title":"[Alexander Ortiz] \u00bfCu\u00e1l es el rol del cerebro en la educaci\u00f3n del ser humano?","author":"Web del Maestro CMF","date":"9 junio, 2021","format":false,"excerpt":"A lo largo de la historia de la humanidad han proliferado una diversidad de teor\u00edas, enfoques, corrientes, tendencias, modelos y concepciones sobre la educaci\u00f3n, tanto desde dimensiones sociol\u00f3gicas y antropol\u00f3gicas, como psicol\u00f3gicas y pedag\u00f3gicas. Sin embargo, en la actualidad, la Neuropsicolog\u00eda y las neurociencias est\u00e1n generando nuevas reflexiones y lecturas\u2026","rel":"","context":"En \u00abZ-Colaboradores\u00bb","block_context":{"text":"Z-Colaboradores","link":"https:\/\/webdelmaestrocmf.com\/portal\/category\/colaborador\/"},"img":{"alt_text":"","src":"https:\/\/i0.wp.com\/webdelmaestrocmf.com\/portal\/wp-content\/uploads\/2021\/06\/1-copia-4.jpg?resize=350%2C200&ssl=1","width":350,"height":200,"srcset":"https:\/\/i0.wp.com\/webdelmaestrocmf.com\/portal\/wp-content\/uploads\/2021\/06\/1-copia-4.jpg?resize=350%2C200&ssl=1 1x, https:\/\/i0.wp.com\/webdelmaestrocmf.com\/portal\/wp-content\/uploads\/2021\/06\/1-copia-4.jpg?resize=525%2C300&ssl=1 1.5x, https:\/\/i0.wp.com\/webdelmaestrocmf.com\/portal\/wp-content\/uploads\/2021\/06\/1-copia-4.jpg?resize=700%2C400&ssl=1 2x, https:\/\/i0.wp.com\/webdelmaestrocmf.com\/portal\/wp-content\/uploads\/2021\/06\/1-copia-4.jpg?resize=1050%2C600&ssl=1 3x"},"classes":[]},{"id":49753,"url":"https:\/\/webdelmaestrocmf.com\/portal\/alexander-ortiz-por-que-es-necesaria-una-educacion-basada-en-la-obra-de-jesus\/","url_meta":{"origin":48062,"position":4},"title":"[Alexander Ortiz] \u00bfPor qu\u00e9 es necesaria una educaci\u00f3n basada en la obra de Jes\u00fas?","author":"Web del Maestro CMF","date":"5 agosto, 2020","format":false,"excerpt":"\u201cEsta es la Vida eterna: que te conozcan a ti, el \u00fanico Dios verdadero, y a tu Enviado, Jesucristo\u201d (Juan 17:3) Los componentes b\u00e1sicos de la Educaci\u00f3n y la Pedagog\u00eda deben estar siempre en consonancia con las Leyes de Dios, fundando los cimientos de una estructura mental que proporcione el\u2026","rel":"","context":"En \u00abZ-Colaboradores\u00bb","block_context":{"text":"Z-Colaboradores","link":"https:\/\/webdelmaestrocmf.com\/portal\/category\/colaborador\/"},"img":{"alt_text":"","src":"https:\/\/i0.wp.com\/webdelmaestrocmf.com\/portal\/wp-content\/uploads\/2020\/08\/1-copia-5.jpg?resize=350%2C200&ssl=1","width":350,"height":200,"srcset":"https:\/\/i0.wp.com\/webdelmaestrocmf.com\/portal\/wp-content\/uploads\/2020\/08\/1-copia-5.jpg?resize=350%2C200&ssl=1 1x, https:\/\/i0.wp.com\/webdelmaestrocmf.com\/portal\/wp-content\/uploads\/2020\/08\/1-copia-5.jpg?resize=525%2C300&ssl=1 1.5x, https:\/\/i0.wp.com\/webdelmaestrocmf.com\/portal\/wp-content\/uploads\/2020\/08\/1-copia-5.jpg?resize=700%2C400&ssl=1 2x, https:\/\/i0.wp.com\/webdelmaestrocmf.com\/portal\/wp-content\/uploads\/2020\/08\/1-copia-5.jpg?resize=1050%2C600&ssl=1 3x"},"classes":[]},{"id":49576,"url":"https:\/\/webdelmaestrocmf.com\/portal\/como-sera-el-nuevo-rol-del-maestro-se-puede-hablar-de-un-nuevo-rol-maestro\/","url_meta":{"origin":48062,"position":5},"title":"\u00bfC\u00f3mo ser\u00e1 el nuevo rol del maestro? \u00bfSe puede hablar de un \u201cnuevo rol maestro\u201d?","author":"Web del Maestro CMF","date":"29 julio, 2020","format":false,"excerpt":"El contexto de pandemia que estamos viviendo est\u00e1 reconfigurando las expectativas que tenemos del trabajo docente y del\u00a0rol docente. Sin embargo, la manera en que se est\u00e1 pensando\u00a0este cambio no siempre se aborda desde una perspectiva profesional, sist\u00e9mica y realista. En primer lugar, en este contexto se\u00a0han aumentado las exigencias\u2026","rel":"","context":"En \u00abDocentes\u00bb","block_context":{"text":"Docentes","link":"https:\/\/webdelmaestrocmf.com\/portal\/category\/pedagogia\/docentes\/"},"img":{"alt_text":"","src":"https:\/\/i0.wp.com\/webdelmaestrocmf.com\/portal\/wp-content\/uploads\/2020\/07\/1-96.jpg?resize=350%2C200&ssl=1","width":350,"height":200,"srcset":"https:\/\/i0.wp.com\/webdelmaestrocmf.com\/portal\/wp-content\/uploads\/2020\/07\/1-96.jpg?resize=350%2C200&ssl=1 1x, https:\/\/i0.wp.com\/webdelmaestrocmf.com\/portal\/wp-content\/uploads\/2020\/07\/1-96.jpg?resize=525%2C300&ssl=1 1.5x, https:\/\/i0.wp.com\/webdelmaestrocmf.com\/portal\/wp-content\/uploads\/2020\/07\/1-96.jpg?resize=700%2C400&ssl=1 2x, https:\/\/i0.wp.com\/webdelmaestrocmf.com\/portal\/wp-content\/uploads\/2020\/07\/1-96.jpg?resize=1050%2C600&ssl=1 3x"},"classes":[]}],"_links":{"self":[{"href":"https:\/\/webdelmaestrocmf.com\/portal\/wp-json\/wp\/v2\/posts\/48062","targetHints":{"allow":["GET"]}}],"collection":[{"href":"https:\/\/webdelmaestrocmf.com\/portal\/wp-json\/wp\/v2\/posts"}],"about":[{"href":"https:\/\/webdelmaestrocmf.com\/portal\/wp-json\/wp\/v2\/types\/post"}],"author":[{"embeddable":true,"href":"https:\/\/webdelmaestrocmf.com\/portal\/wp-json\/wp\/v2\/users\/1"}],"replies":[{"embeddable":true,"href":"https:\/\/webdelmaestrocmf.com\/portal\/wp-json\/wp\/v2\/comments?post=48062"}],"version-history":[{"count":0,"href":"https:\/\/webdelmaestrocmf.com\/portal\/wp-json\/wp\/v2\/posts\/48062\/revisions"}],"wp:featuredmedia":[{"embeddable":true,"href":"https:\/\/webdelmaestrocmf.com\/portal\/wp-json\/wp\/v2\/media\/48065"}],"wp:attachment":[{"href":"https:\/\/webdelmaestrocmf.com\/portal\/wp-json\/wp\/v2\/media?parent=48062"}],"wp:term":[{"taxonomy":"category","embeddable":true,"href":"https:\/\/webdelmaestrocmf.com\/portal\/wp-json\/wp\/v2\/categories?post=48062"},{"taxonomy":"post_tag","embeddable":true,"href":"https:\/\/webdelmaestrocmf.com\/portal\/wp-json\/wp\/v2\/tags?post=48062"}],"curies":[{"name":"wp","href":"https:\/\/api.w.org\/{rel}","templated":true}]}}