{"id":47947,"date":"2021-06-11T19:20:59","date_gmt":"2021-06-11T23:20:59","guid":{"rendered":"https:\/\/webdelmaestrocmf.com\/portal\/?p=47947"},"modified":"2022-11-27T17:37:23","modified_gmt":"2022-11-27T20:37:23","slug":"easy-life-un-corto-para-reflexionar-sobre-el-esfuerzo-y-el-poder-transformador-de-la-educacion","status":"publish","type":"post","link":"https:\/\/webdelmaestrocmf.com\/portal\/easy-life-un-corto-para-reflexionar-sobre-el-esfuerzo-y-el-poder-transformador-de-la-educacion\/","title":{"rendered":"Un corto para reflexionar sobre el esfuerzo y el poder transformador de la educaci\u00f3n"},"content":{"rendered":"<h5 style=\"text-align: justify;\">Este cortometraje, producido por el\u00a0<strong><a href=\"http:\/\/www.ringling.edu\/\" target=\"_blank\" rel=\"noopener noreferrer\">Ringling College of Art and Desing<\/a><\/strong>\u00a0cuenta la historia de una ni\u00f1a que descubre que una mu\u00f1eca m\u00e1gica le hace los deberes. Y claro, se aprovecha de la situaci\u00f3n mientras ella juega con su videoconsola.\u00a0<strong>\u00bfQu\u00e9 pasar\u00e1?<\/strong>\u00a0 Un cortometraje que seguro que querr\u00e1s compartir con tus hijos y te har\u00e1 reflexionar acerca del valor del aprendizaje, del motor vital que es la curiosidad, de por qu\u00e9 la vida f\u00e1cil es menos vida\u00a0y de los efectos que puede tener en nuestros hijos la sobreprotecci\u00f3n.<\/h5>\n<p><!--more--><\/p>\n<p style=\"text-align: justify;\">En este corto vemos reflejado en la ni\u00f1a la idea de una sociedad que cree en que la fama del momento es lo importante, quiz\u00e1 porque la propia sociedad nos muestra y valora eso en nuestros medios de comunicaci\u00f3n. Al final de la\u00a0historia\u00a0recibe su escarmiento.<\/p>\n<p style=\"text-align: justify;\">En el video vemos c\u00f3mo la protagonista obtiene\u00a0premios por sus buenos trabajos \u00bfQu\u00e9 se est\u00e1 valorando ah\u00ed? \u00bfQu\u00e9 tipo de maestro valora un resultado sin acompa\u00f1ar al alumno viendo su progreso? Podemos deducir que la ni\u00f1a obtiene su merecido pero \u00bfes ella la responsable? \u00bfQui\u00e9n tiene el deber de ense\u00f1arle el valor del esfuerzo? \u00bfC\u00f3mo podemos nosotros ayudar a que nuestros alumnos o hijos se esfuercen en sus tareas?<\/p>\n<p><img loading=\"lazy\" decoding=\"async\" class=\"alignnone size-full wp-image-65425\" src=\"https:\/\/webdelmaestrocmf.com\/portal\/wp-content\/uploads\/2020\/06\/1-208.jpg\" alt=\"\" width=\"730\" height=\"500\" srcset=\"https:\/\/webdelmaestrocmf.com\/portal\/wp-content\/uploads\/2020\/06\/1-208.jpg 730w, https:\/\/webdelmaestrocmf.com\/portal\/wp-content\/uploads\/2020\/06\/1-208-300x205.jpg 300w, https:\/\/webdelmaestrocmf.com\/portal\/wp-content\/uploads\/2020\/06\/1-208-110x75.jpg 110w, https:\/\/webdelmaestrocmf.com\/portal\/wp-content\/uploads\/2020\/06\/1-208-200x137.jpg 200w, https:\/\/webdelmaestrocmf.com\/portal\/wp-content\/uploads\/2020\/06\/1-208-380x260.jpg 380w, https:\/\/webdelmaestrocmf.com\/portal\/wp-content\/uploads\/2020\/06\/1-208-255x175.jpg 255w, https:\/\/webdelmaestrocmf.com\/portal\/wp-content\/uploads\/2020\/06\/1-208-550x377.jpg 550w, https:\/\/webdelmaestrocmf.com\/portal\/wp-content\/uploads\/2020\/06\/1-208-220x151.jpg 220w, https:\/\/webdelmaestrocmf.com\/portal\/wp-content\/uploads\/2020\/06\/1-208-400x274.jpg 400w, https:\/\/webdelmaestrocmf.com\/portal\/wp-content\/uploads\/2020\/06\/1-208-510x349.jpg 510w, https:\/\/webdelmaestrocmf.com\/portal\/wp-content\/uploads\/2020\/06\/1-208-600x411.jpg 600w\" sizes=\"auto, (max-width: 730px) 100vw, 730px\" \/><\/p>\n<p style=\"text-align: justify;\">\u00abValorar el trabajo diario en clase, concretar contenidos, planificar, acordar con el resto del profesorado sobre lo que pueden y tienen que hacer los alumnos, adaptar la ense\u00f1anza a lo que son los chicos y no a lo que querr\u00edamos que fueran, valorar el hacer m\u00e1s que el recordar, potenciar el trabajo cooperativo\u00a0y desarrollar\u00a0h\u00e1bitos de convivencia podr\u00eda ayudar a que se desarrollen sus voluntades\u00bb.<\/p>\n<p><iframe loading=\"lazy\" src=\"https:\/\/www.youtube.com\/embed\/iY2IXojrXwY\" width=\"100%\" height=\"400\" frameborder=\"0\" allowfullscreen=\"allowfullscreen\"><span data-mce-type=\"bookmark\" style=\"display: inline-block; width: 0px; overflow: hidden; line-height: 0;\" class=\"mce_SELRES_start\">\ufeff<\/span><\/iframe><\/p>\n<p style=\"text-align: justify;\">Es este un interesante video de autorreflexi\u00f3n como docentes y padres y desde luego de debate en el aula. Fant\u00e1stica representaci\u00f3n de c\u00f3mo \u00abcrecemos\u00bb\u00a0en nuestro proceso de aprendizaje.<\/p>\n<p><strong>Este contenido ha sido publicado originalmente por PT Aula en la siguiente direcci\u00f3n: <a href=\"http:\/\/aulapt.org\" target=\"_blank\" rel=\"noopener noreferrer\">aulapt.org<\/a><\/strong><\/p>\n\t\t<div class=\"pk-inline-posts\">\n\t\t\t\n\t\t\t<div class=\"pk-inline-posts-container pk-inline-posts-template-list\"\n\t\t\t\tdata-columns=\"1\">\n\t\t\t\t\t\t<article id=\"post-66850\" class=\"post-66850 post type-post status-publish format-standard has-post-thumbnail category-peliculas category-pedagogia tag-aqui-estamos tag-escuchar tag-hermosa tag-invita tag-pelicula tag-planeta tag-tierra cs-entry cs-video-wrap\">\n\t\t\t<div class=\"pk-post-outer\">\n\n\t\t\t\t\t\t\t\t<div class=\"pk-post-inner\">\n\t\t\t\t\t<div class=\"entry-thumbnail\">\n\t\t\t\t\t\t<div class=\"pk-overlay pk-overlay-ratio pk-ratio-landscape\">\n\t\t\t\t\t\t\t<div class=\"pk-overlay-background\">\n\t\t\t\t\t\t\t\t<a href=\"https:\/\/webdelmaestrocmf.com\/portal\/aqui-estamos-una-hermosa-pelicula-que-nos-invita-a-escuchar-al-planeta-tierra\/\" class=\"pk-overlay-link\">\n\t\t\t\t\t\t\t\t\t<img loading=\"lazy\" decoding=\"async\" width=\"300\" height=\"225\" src=\"https:\/\/webdelmaestrocmf.com\/portal\/wp-content\/uploads\/2021\/08\/1a-15-300x225.jpg\" class=\"attachment-pk-thumbnail size-pk-thumbnail wp-post-image\" alt=\"\" srcset=\"https:\/\/webdelmaestrocmf.com\/portal\/wp-content\/uploads\/2021\/08\/1a-15-300x225.jpg 300w, https:\/\/webdelmaestrocmf.com\/portal\/wp-content\/uploads\/2021\/08\/1a-15-600x450.jpg 600w\" sizes=\"auto, (max-width: 300px) 100vw, 300px\" \/>\t\t\t\t\t\t\t\t<\/a>\n\t\t\t\t\t\t\t<\/div>\n\t\t\t\t\t\t<\/div>\n\t\t\t\t\t<\/div>\n\t\t\t\t<\/div>\n\t\t\t\t\n\t\t\t\t<div class=\"pk-post-inner\">\n\t\t\t\t\t<header>\n\t\t\t\t\t\t<h3 class=\"pk-title\"><a href=\"https:\/\/webdelmaestrocmf.com\/portal\/aqui-estamos-una-hermosa-pelicula-que-nos-invita-a-escuchar-al-planeta-tierra\/\" rel=\"bookmark\">\u00abAqu\u00ed estamos\u00bb, una hermosa pel\u00edcula que nos invita a escuchar al planeta Tierra | Descarga las 50 fichas para colorear en el d\u00eda de la tierra<\/a><\/h3>\t\t\t\t\t<\/header><!-- .entry-header -->\n\t\t\t\t<\/div><!-- .post-inner -->\n\n\t\t\t<\/div><!-- .post-outer -->\n\t\t<\/article>\n\t\t\t\t<\/div>\n\t\t<\/div>\n\t\t\n","protected":false},"excerpt":{"rendered":"Este cortometraje, producido por el\u00a0Ringling College of Art and Desing\u00a0cuenta la historia de una ni\u00f1a que descubre que&hellip;","protected":false},"author":1,"featured_media":47948,"comment_status":"open","ping_status":"closed","sticky":false,"template":"","format":"video","meta":{"csco_display_header_overlay":false,"csco_singular_sidebar":"default","csco_page_header_type":"default","csco_page_load_nextpost":"default","csco_post_video_location":[],"csco_post_video_location_hash":"","csco_post_video_url":"","csco_post_video_bg_start_time":0,"csco_post_video_bg_end_time":0,"csco_post_video_bg_volume":false,"_jetpack_memberships_contains_paid_content":false,"footnotes":""},"categories":[644,735],"tags":[1011,5128,55,2109,1486,223,5129],"class_list":{"0":"post-47947","1":"post","2":"type-post","3":"status-publish","4":"format-video","5":"has-post-thumbnail","7":"category-peliculas","8":"category-pedagogia","9":"tag-corto","10":"tag-easy-life","11":"tag-educacion","12":"tag-esfuerzo","13":"tag-poder","14":"tag-reflexionar","15":"tag-transformador","16":"post_format-post-format-video","17":"cs-entry","18":"cs-video-wrap"},"yoast_head":"<!-- This site is optimized with the Yoast SEO plugin v27.5 - https:\/\/yoast.com\/product\/yoast-seo-wordpress\/ -->\n<title>Un corto para reflexionar sobre el esfuerzo y el poder transformador de la educaci\u00f3n - 2026<\/title>\n<meta name=\"description\" content=\"Este cortometraje, producido por el\u00a0Ringling College of Art and Desing\u00a0cuenta la historia de una ni\u00f1a que descubre que una mu\u00f1eca m\u00e1gica...\" \/>\n<meta name=\"robots\" content=\"index, follow, max-snippet:-1, max-image-preview:large, max-video-preview:-1\" \/>\n<link rel=\"canonical\" href=\"https:\/\/webdelmaestrocmf.com\/portal\/easy-life-un-corto-para-reflexionar-sobre-el-esfuerzo-y-el-poder-transformador-de-la-educacion\/\" \/>\n<meta property=\"og:locale\" content=\"es_ES\" \/>\n<meta property=\"og:type\" content=\"article\" \/>\n<meta property=\"og:title\" content=\"Un corto para reflexionar sobre el esfuerzo y el poder transformador de la educaci\u00f3n - 2026\" \/>\n<meta property=\"og:description\" content=\"Este cortometraje, producido por el\u00a0Ringling College of Art and Desing\u00a0cuenta la historia de una ni\u00f1a que descubre que una mu\u00f1eca m\u00e1gica...\" \/>\n<meta property=\"og:url\" content=\"https:\/\/webdelmaestrocmf.com\/portal\/easy-life-un-corto-para-reflexionar-sobre-el-esfuerzo-y-el-poder-transformador-de-la-educacion\/\" \/>\n<meta property=\"og:site_name\" content=\"Web del Maestro CMF\" \/>\n<meta property=\"article:publisher\" content=\"https:\/\/www.facebook.com\/WebdelMaestroCMF\/\" \/>\n<meta property=\"article:author\" content=\"https:\/\/www.facebook.com\/WebdelMaestroCMF\/\" \/>\n<meta property=\"article:published_time\" content=\"2021-06-11T23:20:59+00:00\" \/>\n<meta property=\"article:modified_time\" content=\"2022-11-27T20:37:23+00:00\" \/>\n<meta property=\"og:image\" content=\"https:\/\/i0.wp.com\/webdelmaestrocmf.com\/portal\/wp-content\/uploads\/2020\/06\/2-32.jpg?fit=1100%2C680&ssl=1\" \/>\n\t<meta property=\"og:image:width\" content=\"1100\" \/>\n\t<meta property=\"og:image:height\" content=\"680\" \/>\n\t<meta property=\"og:image:type\" content=\"image\/jpeg\" \/>\n<meta name=\"author\" content=\"Web del Maestro CMF\" \/>\n<meta name=\"twitter:card\" content=\"summary_large_image\" \/>\n<meta name=\"twitter:creator\" content=\"@cmf_w\" \/>\n<meta name=\"twitter:site\" content=\"@cmf_w\" \/>\n<script type=\"application\/ld+json\" class=\"yoast-schema-graph\">{\"@context\":\"https:\\\/\\\/schema.org\",\"@graph\":[{\"@type\":\"ScholarlyArticle\",\"@id\":\"https:\\\/\\\/webdelmaestrocmf.com\\\/portal\\\/easy-life-un-corto-para-reflexionar-sobre-el-esfuerzo-y-el-poder-transformador-de-la-educacion\\\/#article\",\"isPartOf\":{\"@id\":\"https:\\\/\\\/webdelmaestrocmf.com\\\/portal\\\/easy-life-un-corto-para-reflexionar-sobre-el-esfuerzo-y-el-poder-transformador-de-la-educacion\\\/\"},\"author\":{\"name\":\"Web del Maestro CMF\",\"@id\":\"https:\\\/\\\/webdelmaestrocmf.com\\\/portal\\\/#\\\/schema\\\/person\\\/1072a2ed7bd960df8ef99a551fa35dc5\"},\"headline\":\"Un corto para reflexionar sobre el esfuerzo y el poder transformador de la educaci\u00f3n\",\"datePublished\":\"2021-06-11T23:20:59+00:00\",\"dateModified\":\"2022-11-27T20:37:23+00:00\",\"mainEntityOfPage\":{\"@id\":\"https:\\\/\\\/webdelmaestrocmf.com\\\/portal\\\/easy-life-un-corto-para-reflexionar-sobre-el-esfuerzo-y-el-poder-transformador-de-la-educacion\\\/\"},\"wordCount\":358,\"commentCount\":0,\"publisher\":{\"@id\":\"https:\\\/\\\/webdelmaestrocmf.com\\\/portal\\\/#organization\"},\"image\":{\"@id\":\"https:\\\/\\\/webdelmaestrocmf.com\\\/portal\\\/easy-life-un-corto-para-reflexionar-sobre-el-esfuerzo-y-el-poder-transformador-de-la-educacion\\\/#primaryimage\"},\"thumbnailUrl\":\"https:\\\/\\\/webdelmaestrocmf.com\\\/portal\\\/wp-content\\\/uploads\\\/2020\\\/06\\\/2-32.jpg\",\"keywords\":[\"CORTO\",\"Easy life\",\"EDUCACI\u00d3N\",\"ESFUERZO\",\"PODER\",\"REFLEXIONAR\",\"transformador\"],\"articleSection\":[\"Pel\u00edculas\",\"Recursos\"],\"inLanguage\":\"es\",\"potentialAction\":[{\"@type\":\"CommentAction\",\"name\":\"Comment\",\"target\":[\"https:\\\/\\\/webdelmaestrocmf.com\\\/portal\\\/easy-life-un-corto-para-reflexionar-sobre-el-esfuerzo-y-el-poder-transformador-de-la-educacion\\\/#respond\"]}]},{\"@type\":\"WebPage\",\"@id\":\"https:\\\/\\\/webdelmaestrocmf.com\\\/portal\\\/easy-life-un-corto-para-reflexionar-sobre-el-esfuerzo-y-el-poder-transformador-de-la-educacion\\\/\",\"url\":\"https:\\\/\\\/webdelmaestrocmf.com\\\/portal\\\/easy-life-un-corto-para-reflexionar-sobre-el-esfuerzo-y-el-poder-transformador-de-la-educacion\\\/\",\"name\":\"Un corto para reflexionar sobre el esfuerzo y el poder transformador de la educaci\u00f3n - 2026\",\"isPartOf\":{\"@id\":\"https:\\\/\\\/webdelmaestrocmf.com\\\/portal\\\/#website\"},\"primaryImageOfPage\":{\"@id\":\"https:\\\/\\\/webdelmaestrocmf.com\\\/portal\\\/easy-life-un-corto-para-reflexionar-sobre-el-esfuerzo-y-el-poder-transformador-de-la-educacion\\\/#primaryimage\"},\"image\":{\"@id\":\"https:\\\/\\\/webdelmaestrocmf.com\\\/portal\\\/easy-life-un-corto-para-reflexionar-sobre-el-esfuerzo-y-el-poder-transformador-de-la-educacion\\\/#primaryimage\"},\"thumbnailUrl\":\"https:\\\/\\\/webdelmaestrocmf.com\\\/portal\\\/wp-content\\\/uploads\\\/2020\\\/06\\\/2-32.jpg\",\"datePublished\":\"2021-06-11T23:20:59+00:00\",\"dateModified\":\"2022-11-27T20:37:23+00:00\",\"description\":\"Este cortometraje, producido por el\u00a0Ringling College of Art and Desing\u00a0cuenta la historia de una ni\u00f1a que descubre que una mu\u00f1eca m\u00e1gica...\",\"breadcrumb\":{\"@id\":\"https:\\\/\\\/webdelmaestrocmf.com\\\/portal\\\/easy-life-un-corto-para-reflexionar-sobre-el-esfuerzo-y-el-poder-transformador-de-la-educacion\\\/#breadcrumb\"},\"inLanguage\":\"es\",\"potentialAction\":[{\"@type\":\"ReadAction\",\"target\":[\"https:\\\/\\\/webdelmaestrocmf.com\\\/portal\\\/easy-life-un-corto-para-reflexionar-sobre-el-esfuerzo-y-el-poder-transformador-de-la-educacion\\\/\"]}]},{\"@type\":\"ImageObject\",\"inLanguage\":\"es\",\"@id\":\"https:\\\/\\\/webdelmaestrocmf.com\\\/portal\\\/easy-life-un-corto-para-reflexionar-sobre-el-esfuerzo-y-el-poder-transformador-de-la-educacion\\\/#primaryimage\",\"url\":\"https:\\\/\\\/webdelmaestrocmf.com\\\/portal\\\/wp-content\\\/uploads\\\/2020\\\/06\\\/2-32.jpg\",\"contentUrl\":\"https:\\\/\\\/webdelmaestrocmf.com\\\/portal\\\/wp-content\\\/uploads\\\/2020\\\/06\\\/2-32.jpg\",\"width\":1100,\"height\":680},{\"@type\":\"BreadcrumbList\",\"@id\":\"https:\\\/\\\/webdelmaestrocmf.com\\\/portal\\\/easy-life-un-corto-para-reflexionar-sobre-el-esfuerzo-y-el-poder-transformador-de-la-educacion\\\/#breadcrumb\",\"itemListElement\":[{\"@type\":\"ListItem\",\"position\":1,\"name\":\"Portada\",\"item\":\"https:\\\/\\\/webdelmaestrocmf.com\\\/portal\\\/\"},{\"@type\":\"ListItem\",\"position\":2,\"name\":\"Recursos\",\"item\":\"https:\\\/\\\/webdelmaestrocmf.com\\\/portal\\\/category\\\/pedagogia\\\/\"},{\"@type\":\"ListItem\",\"position\":3,\"name\":\"Pel\u00edculas\",\"item\":\"https:\\\/\\\/webdelmaestrocmf.com\\\/portal\\\/category\\\/pedagogia\\\/peliculas\\\/\"},{\"@type\":\"ListItem\",\"position\":4,\"name\":\"Un corto para reflexionar sobre el esfuerzo y el poder transformador de la educaci\u00f3n\"}]},{\"@type\":\"WebSite\",\"@id\":\"https:\\\/\\\/webdelmaestrocmf.com\\\/portal\\\/#website\",\"url\":\"https:\\\/\\\/webdelmaestrocmf.com\\\/portal\\\/\",\"name\":\"Web del Maestro CMF\",\"description\":\"Maestros al servicio de la educaci\u00f3n\",\"publisher\":{\"@id\":\"https:\\\/\\\/webdelmaestrocmf.com\\\/portal\\\/#organization\"},\"alternateName\":\"WMCMF\",\"potentialAction\":[{\"@type\":\"SearchAction\",\"target\":{\"@type\":\"EntryPoint\",\"urlTemplate\":\"https:\\\/\\\/webdelmaestrocmf.com\\\/portal\\\/?s={search_term_string}\"},\"query-input\":{\"@type\":\"PropertyValueSpecification\",\"valueRequired\":true,\"valueName\":\"search_term_string\"}}],\"inLanguage\":\"es\"},{\"@type\":\"Organization\",\"@id\":\"https:\\\/\\\/webdelmaestrocmf.com\\\/portal\\\/#organization\",\"name\":\"Web del Maestro CMF\",\"alternateName\":\"WMCMF\",\"url\":\"https:\\\/\\\/webdelmaestrocmf.com\\\/portal\\\/\",\"logo\":{\"@type\":\"ImageObject\",\"inLanguage\":\"es\",\"@id\":\"https:\\\/\\\/webdelmaestrocmf.com\\\/portal\\\/#\\\/schema\\\/logo\\\/image\\\/\",\"url\":\"https:\\\/\\\/webdelmaestrocmf.com\\\/portal\\\/wp-content\\\/uploads\\\/2023\\\/01\\\/logo-wmcmf-2.png\",\"contentUrl\":\"https:\\\/\\\/webdelmaestrocmf.com\\\/portal\\\/wp-content\\\/uploads\\\/2023\\\/01\\\/logo-wmcmf-2.png\",\"width\":200,\"height\":60,\"caption\":\"Web del Maestro CMF\"},\"image\":{\"@id\":\"https:\\\/\\\/webdelmaestrocmf.com\\\/portal\\\/#\\\/schema\\\/logo\\\/image\\\/\"},\"sameAs\":[\"https:\\\/\\\/www.facebook.com\\\/WebdelMaestroCMF\\\/\",\"https:\\\/\\\/x.com\\\/cmf_w\",\"https:\\\/\\\/www.pinterest.com\\\/WMCMF\\\/\",\"https:\\\/\\\/www.linkedin.com\\\/company\\\/web-del-maestro-cmf\\\/\",\"https:\\\/\\\/www.instagram.com\\\/wmcmf\\\/\",\"https:\\\/\\\/www.youtube.com\\\/channel\\\/UCDPSvjbdodE5sHnC3OxutHw\",\"https:\\\/\\\/mastodon.social\\\/@wmcmf\",\"https:\\\/\\\/www.tiktok.com\\\/@webdelmaestrocmf\"]},{\"@type\":\"Person\",\"@id\":\"https:\\\/\\\/webdelmaestrocmf.com\\\/portal\\\/#\\\/schema\\\/person\\\/1072a2ed7bd960df8ef99a551fa35dc5\",\"name\":\"Web del Maestro CMF\",\"image\":{\"@type\":\"ImageObject\",\"inLanguage\":\"es\",\"@id\":\"https:\\\/\\\/secure.gravatar.com\\\/avatar\\\/23291dd5b5ae1077dcff3dbb04c3e02bd28403fa75af6d8787d5e97c5bbbe30b?s=96&d=mm&r=g\",\"url\":\"https:\\\/\\\/secure.gravatar.com\\\/avatar\\\/23291dd5b5ae1077dcff3dbb04c3e02bd28403fa75af6d8787d5e97c5bbbe30b?s=96&d=mm&r=g\",\"contentUrl\":\"https:\\\/\\\/secure.gravatar.com\\\/avatar\\\/23291dd5b5ae1077dcff3dbb04c3e02bd28403fa75af6d8787d5e97c5bbbe30b?s=96&d=mm&r=g\",\"caption\":\"Web del Maestro CMF\"},\"description\":\"Esta Web se cre\u00f3 sin fines de lucro, con fines educativos, cient\u00edficos y acad\u00e9micos, para personas que tengan dificultades y\\\/o inconvenientes en visualizar el material original. El objetivo es entregar recursos, compartir experiencias y materiales que ayuden a los padres de familia, maestros y estudiantes en su actualizaci\u00f3n y formaci\u00f3n permanente, en bien de la Educaci\u00f3n.\",\"sameAs\":[\"http:\\\/\\\/webdelmaestrocmf.com\\\/portal\",\"https:\\\/\\\/www.facebook.com\\\/WebdelMaestroCMF\\\/\",\"https:\\\/\\\/www.instagram.com\\\/wmcmf\\\/\",\"https:\\\/\\\/cl.linkedin.com\\\/company\\\/web-del-maestro-cmf\",\"https:\\\/\\\/www.pinterest.com\\\/WMCMF\\\/publicaciones\\\/\",\"https:\\\/\\\/x.com\\\/cmf_w\",\"https:\\\/\\\/www.youtube.com\\\/@WMCMF\"]}]}<\/script>\n<!-- \/ Yoast SEO plugin. -->","yoast_head_json":{"title":"Un corto para reflexionar sobre el esfuerzo y el poder transformador de la educaci\u00f3n - 2026","description":"Este cortometraje, producido por el\u00a0Ringling College of Art and Desing\u00a0cuenta la historia de una ni\u00f1a que descubre que una mu\u00f1eca m\u00e1gica...","robots":{"index":"index","follow":"follow","max-snippet":"max-snippet:-1","max-image-preview":"max-image-preview:large","max-video-preview":"max-video-preview:-1"},"canonical":"https:\/\/webdelmaestrocmf.com\/portal\/easy-life-un-corto-para-reflexionar-sobre-el-esfuerzo-y-el-poder-transformador-de-la-educacion\/","og_locale":"es_ES","og_type":"article","og_title":"Un corto para reflexionar sobre el esfuerzo y el poder transformador de la educaci\u00f3n - 2026","og_description":"Este cortometraje, producido por el\u00a0Ringling College of Art and Desing\u00a0cuenta la historia de una ni\u00f1a que descubre que una mu\u00f1eca m\u00e1gica...","og_url":"https:\/\/webdelmaestrocmf.com\/portal\/easy-life-un-corto-para-reflexionar-sobre-el-esfuerzo-y-el-poder-transformador-de-la-educacion\/","og_site_name":"Web del Maestro CMF","article_publisher":"https:\/\/www.facebook.com\/WebdelMaestroCMF\/","article_author":"https:\/\/www.facebook.com\/WebdelMaestroCMF\/","article_published_time":"2021-06-11T23:20:59+00:00","article_modified_time":"2022-11-27T20:37:23+00:00","og_image":[{"width":1100,"height":680,"url":"https:\/\/i0.wp.com\/webdelmaestrocmf.com\/portal\/wp-content\/uploads\/2020\/06\/2-32.jpg?fit=1100%2C680&ssl=1","type":"image\/jpeg"}],"author":"Web del Maestro CMF","twitter_card":"summary_large_image","twitter_creator":"@cmf_w","twitter_site":"@cmf_w","schema":{"@context":"https:\/\/schema.org","@graph":[{"@type":"ScholarlyArticle","@id":"https:\/\/webdelmaestrocmf.com\/portal\/easy-life-un-corto-para-reflexionar-sobre-el-esfuerzo-y-el-poder-transformador-de-la-educacion\/#article","isPartOf":{"@id":"https:\/\/webdelmaestrocmf.com\/portal\/easy-life-un-corto-para-reflexionar-sobre-el-esfuerzo-y-el-poder-transformador-de-la-educacion\/"},"author":{"name":"Web del Maestro CMF","@id":"https:\/\/webdelmaestrocmf.com\/portal\/#\/schema\/person\/1072a2ed7bd960df8ef99a551fa35dc5"},"headline":"Un corto para reflexionar sobre el esfuerzo y el poder transformador de la educaci\u00f3n","datePublished":"2021-06-11T23:20:59+00:00","dateModified":"2022-11-27T20:37:23+00:00","mainEntityOfPage":{"@id":"https:\/\/webdelmaestrocmf.com\/portal\/easy-life-un-corto-para-reflexionar-sobre-el-esfuerzo-y-el-poder-transformador-de-la-educacion\/"},"wordCount":358,"commentCount":0,"publisher":{"@id":"https:\/\/webdelmaestrocmf.com\/portal\/#organization"},"image":{"@id":"https:\/\/webdelmaestrocmf.com\/portal\/easy-life-un-corto-para-reflexionar-sobre-el-esfuerzo-y-el-poder-transformador-de-la-educacion\/#primaryimage"},"thumbnailUrl":"https:\/\/webdelmaestrocmf.com\/portal\/wp-content\/uploads\/2020\/06\/2-32.jpg","keywords":["CORTO","Easy life","EDUCACI\u00d3N","ESFUERZO","PODER","REFLEXIONAR","transformador"],"articleSection":["Pel\u00edculas","Recursos"],"inLanguage":"es","potentialAction":[{"@type":"CommentAction","name":"Comment","target":["https:\/\/webdelmaestrocmf.com\/portal\/easy-life-un-corto-para-reflexionar-sobre-el-esfuerzo-y-el-poder-transformador-de-la-educacion\/#respond"]}]},{"@type":"WebPage","@id":"https:\/\/webdelmaestrocmf.com\/portal\/easy-life-un-corto-para-reflexionar-sobre-el-esfuerzo-y-el-poder-transformador-de-la-educacion\/","url":"https:\/\/webdelmaestrocmf.com\/portal\/easy-life-un-corto-para-reflexionar-sobre-el-esfuerzo-y-el-poder-transformador-de-la-educacion\/","name":"Un corto para reflexionar sobre el esfuerzo y el poder transformador de la educaci\u00f3n - 2026","isPartOf":{"@id":"https:\/\/webdelmaestrocmf.com\/portal\/#website"},"primaryImageOfPage":{"@id":"https:\/\/webdelmaestrocmf.com\/portal\/easy-life-un-corto-para-reflexionar-sobre-el-esfuerzo-y-el-poder-transformador-de-la-educacion\/#primaryimage"},"image":{"@id":"https:\/\/webdelmaestrocmf.com\/portal\/easy-life-un-corto-para-reflexionar-sobre-el-esfuerzo-y-el-poder-transformador-de-la-educacion\/#primaryimage"},"thumbnailUrl":"https:\/\/webdelmaestrocmf.com\/portal\/wp-content\/uploads\/2020\/06\/2-32.jpg","datePublished":"2021-06-11T23:20:59+00:00","dateModified":"2022-11-27T20:37:23+00:00","description":"Este cortometraje, producido por el\u00a0Ringling College of Art and Desing\u00a0cuenta la historia de una ni\u00f1a que descubre que una mu\u00f1eca m\u00e1gica...","breadcrumb":{"@id":"https:\/\/webdelmaestrocmf.com\/portal\/easy-life-un-corto-para-reflexionar-sobre-el-esfuerzo-y-el-poder-transformador-de-la-educacion\/#breadcrumb"},"inLanguage":"es","potentialAction":[{"@type":"ReadAction","target":["https:\/\/webdelmaestrocmf.com\/portal\/easy-life-un-corto-para-reflexionar-sobre-el-esfuerzo-y-el-poder-transformador-de-la-educacion\/"]}]},{"@type":"ImageObject","inLanguage":"es","@id":"https:\/\/webdelmaestrocmf.com\/portal\/easy-life-un-corto-para-reflexionar-sobre-el-esfuerzo-y-el-poder-transformador-de-la-educacion\/#primaryimage","url":"https:\/\/webdelmaestrocmf.com\/portal\/wp-content\/uploads\/2020\/06\/2-32.jpg","contentUrl":"https:\/\/webdelmaestrocmf.com\/portal\/wp-content\/uploads\/2020\/06\/2-32.jpg","width":1100,"height":680},{"@type":"BreadcrumbList","@id":"https:\/\/webdelmaestrocmf.com\/portal\/easy-life-un-corto-para-reflexionar-sobre-el-esfuerzo-y-el-poder-transformador-de-la-educacion\/#breadcrumb","itemListElement":[{"@type":"ListItem","position":1,"name":"Portada","item":"https:\/\/webdelmaestrocmf.com\/portal\/"},{"@type":"ListItem","position":2,"name":"Recursos","item":"https:\/\/webdelmaestrocmf.com\/portal\/category\/pedagogia\/"},{"@type":"ListItem","position":3,"name":"Pel\u00edculas","item":"https:\/\/webdelmaestrocmf.com\/portal\/category\/pedagogia\/peliculas\/"},{"@type":"ListItem","position":4,"name":"Un corto para reflexionar sobre el esfuerzo y el poder transformador de la educaci\u00f3n"}]},{"@type":"WebSite","@id":"https:\/\/webdelmaestrocmf.com\/portal\/#website","url":"https:\/\/webdelmaestrocmf.com\/portal\/","name":"Web del Maestro CMF","description":"Maestros al servicio de la educaci\u00f3n","publisher":{"@id":"https:\/\/webdelmaestrocmf.com\/portal\/#organization"},"alternateName":"WMCMF","potentialAction":[{"@type":"SearchAction","target":{"@type":"EntryPoint","urlTemplate":"https:\/\/webdelmaestrocmf.com\/portal\/?s={search_term_string}"},"query-input":{"@type":"PropertyValueSpecification","valueRequired":true,"valueName":"search_term_string"}}],"inLanguage":"es"},{"@type":"Organization","@id":"https:\/\/webdelmaestrocmf.com\/portal\/#organization","name":"Web del Maestro CMF","alternateName":"WMCMF","url":"https:\/\/webdelmaestrocmf.com\/portal\/","logo":{"@type":"ImageObject","inLanguage":"es","@id":"https:\/\/webdelmaestrocmf.com\/portal\/#\/schema\/logo\/image\/","url":"https:\/\/webdelmaestrocmf.com\/portal\/wp-content\/uploads\/2023\/01\/logo-wmcmf-2.png","contentUrl":"https:\/\/webdelmaestrocmf.com\/portal\/wp-content\/uploads\/2023\/01\/logo-wmcmf-2.png","width":200,"height":60,"caption":"Web del Maestro CMF"},"image":{"@id":"https:\/\/webdelmaestrocmf.com\/portal\/#\/schema\/logo\/image\/"},"sameAs":["https:\/\/www.facebook.com\/WebdelMaestroCMF\/","https:\/\/x.com\/cmf_w","https:\/\/www.pinterest.com\/WMCMF\/","https:\/\/www.linkedin.com\/company\/web-del-maestro-cmf\/","https:\/\/www.instagram.com\/wmcmf\/","https:\/\/www.youtube.com\/channel\/UCDPSvjbdodE5sHnC3OxutHw","https:\/\/mastodon.social\/@wmcmf","https:\/\/www.tiktok.com\/@webdelmaestrocmf"]},{"@type":"Person","@id":"https:\/\/webdelmaestrocmf.com\/portal\/#\/schema\/person\/1072a2ed7bd960df8ef99a551fa35dc5","name":"Web del Maestro CMF","image":{"@type":"ImageObject","inLanguage":"es","@id":"https:\/\/secure.gravatar.com\/avatar\/23291dd5b5ae1077dcff3dbb04c3e02bd28403fa75af6d8787d5e97c5bbbe30b?s=96&d=mm&r=g","url":"https:\/\/secure.gravatar.com\/avatar\/23291dd5b5ae1077dcff3dbb04c3e02bd28403fa75af6d8787d5e97c5bbbe30b?s=96&d=mm&r=g","contentUrl":"https:\/\/secure.gravatar.com\/avatar\/23291dd5b5ae1077dcff3dbb04c3e02bd28403fa75af6d8787d5e97c5bbbe30b?s=96&d=mm&r=g","caption":"Web del Maestro CMF"},"description":"Esta Web se cre\u00f3 sin fines de lucro, con fines educativos, cient\u00edficos y acad\u00e9micos, para personas que tengan dificultades y\/o inconvenientes en visualizar el material original. El objetivo es entregar recursos, compartir experiencias y materiales que ayuden a los padres de familia, maestros y estudiantes en su actualizaci\u00f3n y formaci\u00f3n permanente, en bien de la Educaci\u00f3n.","sameAs":["http:\/\/webdelmaestrocmf.com\/portal","https:\/\/www.facebook.com\/WebdelMaestroCMF\/","https:\/\/www.instagram.com\/wmcmf\/","https:\/\/cl.linkedin.com\/company\/web-del-maestro-cmf","https:\/\/www.pinterest.com\/WMCMF\/publicaciones\/","https:\/\/x.com\/cmf_w","https:\/\/www.youtube.com\/@WMCMF"]}]}},"jetpack_featured_media_url":"https:\/\/webdelmaestrocmf.com\/portal\/wp-content\/uploads\/2020\/06\/2-32.jpg","jetpack_sharing_enabled":true,"jetpack-related-posts":[{"id":21508,"url":"https:\/\/webdelmaestrocmf.com\/portal\/lindo-corto-valorar-rol-del-docente\/","url_meta":{"origin":47947,"position":0},"title":"\u201cEl alfarero\u201d: Un lindo corto para valorar el rol del docente","author":"Web del Maestro CMF","date":"28 septiembre, 2018","format":"video","excerpt":"Si les gust\u00f3 la maravillosa historia de\u00a0Mr. Morris Lessmore, el siguiente corto les encantar\u00e1. La Animaci\u00f3n \u201cEl Alfarero\u201d fue creado por Josh Burton como su proyecto de tesis en Savannah College of Art and Design. La cinta relata la historia de c\u00f3mo un maestro le ense\u00f1a a su disc\u00edpulo a\u2026","rel":"","context":"En \u00abVideo I\u00bb","block_context":{"text":"Video I","link":"https:\/\/webdelmaestrocmf.com\/portal\/category\/video\/"},"img":{"alt_text":"","src":"https:\/\/i0.wp.com\/webdelmaestrocmf.com\/portal\/wp-content\/uploads\/2018\/09\/1-6.png?resize=350%2C200&ssl=1","width":350,"height":200,"srcset":"https:\/\/i0.wp.com\/webdelmaestrocmf.com\/portal\/wp-content\/uploads\/2018\/09\/1-6.png?resize=350%2C200&ssl=1 1x, https:\/\/i0.wp.com\/webdelmaestrocmf.com\/portal\/wp-content\/uploads\/2018\/09\/1-6.png?resize=525%2C300&ssl=1 1.5x, https:\/\/i0.wp.com\/webdelmaestrocmf.com\/portal\/wp-content\/uploads\/2018\/09\/1-6.png?resize=700%2C400&ssl=1 2x, https:\/\/i0.wp.com\/webdelmaestrocmf.com\/portal\/wp-content\/uploads\/2018\/09\/1-6.png?resize=1050%2C600&ssl=1 3x"},"classes":[]},{"id":71895,"url":"https:\/\/webdelmaestrocmf.com\/portal\/alike-un-corto-para-reflexionar-sobre-como-se-destruye-la-creatividad-de-los-ninos\/","url_meta":{"origin":47947,"position":1},"title":"Alike, un corto para trabajar las emociones: \u00bfTu hijo es un copy-paste de ti mismo?","author":"Web del Maestro CMF","date":"9 diciembre, 2021","format":false,"excerpt":"\"La educaci\u00f3n infantil para ni\u00f1os menores de 7 a\u00f1os est\u00e1 excesivamente centrada en lo que sucede en la escuela: la lectura, la escritura y el aprendizaje de ingl\u00e9s\". Las palabras son de Daniel Mart\u00ednez Lara, director espa\u00f1ol de cine que logr\u00f3 m\u00e1s de 5 millones de reproducciones con su corto\u00a0Alike,\u2026","rel":"","context":"En \u00abPel\u00edculas\u00bb","block_context":{"text":"Pel\u00edculas","link":"https:\/\/webdelmaestrocmf.com\/portal\/category\/pedagogia\/peliculas\/"},"img":{"alt_text":"","src":"https:\/\/i0.wp.com\/webdelmaestrocmf.com\/portal\/wp-content\/uploads\/2021\/12\/1-18.jpg?resize=350%2C200&ssl=1","width":350,"height":200,"srcset":"https:\/\/i0.wp.com\/webdelmaestrocmf.com\/portal\/wp-content\/uploads\/2021\/12\/1-18.jpg?resize=350%2C200&ssl=1 1x, https:\/\/i0.wp.com\/webdelmaestrocmf.com\/portal\/wp-content\/uploads\/2021\/12\/1-18.jpg?resize=525%2C300&ssl=1 1.5x, https:\/\/i0.wp.com\/webdelmaestrocmf.com\/portal\/wp-content\/uploads\/2021\/12\/1-18.jpg?resize=700%2C400&ssl=1 2x, https:\/\/i0.wp.com\/webdelmaestrocmf.com\/portal\/wp-content\/uploads\/2021\/12\/1-18.jpg?resize=1050%2C600&ssl=1 3x"},"classes":[]},{"id":50589,"url":"https:\/\/webdelmaestrocmf.com\/portal\/este-corto-representa-la-transicion-que-debe-enfrentar-un-nino-cuando-llega-a-su-adolescencia\/","url_meta":{"origin":47947,"position":2},"title":"Lili y la tormenta de la Adolescencia: un corto sobre el cambio infantil","author":"Web del Maestro CMF","date":"15 noviembre, 2023","format":"video","excerpt":"En el cortometraje \"La tormenta de la Adolescencia\", seguimos la historia de Lili, una ni\u00f1a que se ve obligada a enfrentar la inevitable transici\u00f3n hacia la adolescencia. Esta narrativa, aunque melanc\u00f3lica, ofrece una oportunidad \u00fanica para reflexionar sobre el proceso de crecimiento y c\u00f3mo puede impactar en la vida de\u2026","rel":"","context":"En \u00abPel\u00edculas\u00bb","block_context":{"text":"Pel\u00edculas","link":"https:\/\/webdelmaestrocmf.com\/portal\/category\/pedagogia\/peliculas\/"},"img":{"alt_text":"corto adolescencia","src":"https:\/\/i0.wp.com\/webdelmaestrocmf.com\/portal\/wp-content\/uploads\/2020\/08\/1-151.jpg?resize=350%2C200&ssl=1","width":350,"height":200,"srcset":"https:\/\/i0.wp.com\/webdelmaestrocmf.com\/portal\/wp-content\/uploads\/2020\/08\/1-151.jpg?resize=350%2C200&ssl=1 1x, https:\/\/i0.wp.com\/webdelmaestrocmf.com\/portal\/wp-content\/uploads\/2020\/08\/1-151.jpg?resize=525%2C300&ssl=1 1.5x, https:\/\/i0.wp.com\/webdelmaestrocmf.com\/portal\/wp-content\/uploads\/2020\/08\/1-151.jpg?resize=700%2C400&ssl=1 2x, https:\/\/i0.wp.com\/webdelmaestrocmf.com\/portal\/wp-content\/uploads\/2020\/08\/1-151.jpg?resize=1050%2C600&ssl=1 3x"},"classes":[]},{"id":85931,"url":"https:\/\/webdelmaestrocmf.com\/portal\/los-teloneros-un-emotivo-corto-animado-que-ensena-a-los-padres-a-no-descuidarse-de-sus-hijos\/","url_meta":{"origin":47947,"position":3},"title":"Los teloneros: importancia de estar ah\u00ed para apoyar a los hijos","author":"Web del Maestro CMF","date":"20 marzo, 2023","format":false,"excerpt":"La temporada navide\u00f1a trae consigo no solo luces brillantes y regalos festivos, sino tambi\u00e9n historias conmovedoras que nos recuerdan la importancia de la familia y la conexi\u00f3n humana. La BBC nos regala un cortometraje animado, \"The Supporting Act\" o \"Los Teloneros\" en espa\u00f1ol, que no solo entretiene sino que tambi\u00e9n\u2026","rel":"","context":"En \u00abPel\u00edculas\u00bb","block_context":{"text":"Pel\u00edculas","link":"https:\/\/webdelmaestrocmf.com\/portal\/category\/pedagogia\/peliculas\/"},"img":{"alt_text":"Los teloneros","src":"https:\/\/i0.wp.com\/webdelmaestrocmf.com\/portal\/wp-content\/uploads\/2023\/03\/A12B3C4D-27.jpg?resize=350%2C200&ssl=1","width":350,"height":200,"srcset":"https:\/\/i0.wp.com\/webdelmaestrocmf.com\/portal\/wp-content\/uploads\/2023\/03\/A12B3C4D-27.jpg?resize=350%2C200&ssl=1 1x, https:\/\/i0.wp.com\/webdelmaestrocmf.com\/portal\/wp-content\/uploads\/2023\/03\/A12B3C4D-27.jpg?resize=525%2C300&ssl=1 1.5x, https:\/\/i0.wp.com\/webdelmaestrocmf.com\/portal\/wp-content\/uploads\/2023\/03\/A12B3C4D-27.jpg?resize=700%2C400&ssl=1 2x"},"classes":[]},{"id":33641,"url":"https:\/\/webdelmaestrocmf.com\/portal\/un-hermoso-cortometraje-para-conversar-con-tus-estudiantes-sobre-la-educacion-inclusiva\/","url_meta":{"origin":47947,"position":4},"title":"Un hermoso cortometraje para conversar con tus estudiantes sobre la educaci\u00f3n inclusiva","author":"Web del Maestro CMF","date":"7 diciembre, 2018","format":false,"excerpt":"En este tiempo, tan especial, de Navidad (vivido por diversos grupos humanos); consideramos que somos muchas las personas que recordamos el haber vivido en nuestras familias un ambiente en el cual disfrutamos la alegr\u00eda de poder reunirnos para compartir; el sentirnos muy solidarios con otros amigos y\/o familias que estaban\u2026","rel":"","context":"En \u00abYo opino - WMCMF\u00bb","block_context":{"text":"Yo opino - WMCMF","link":"https:\/\/webdelmaestrocmf.com\/portal\/category\/jamb\/"},"img":{"alt_text":"","src":"https:\/\/i0.wp.com\/webdelmaestrocmf.com\/portal\/wp-content\/uploads\/2018\/12\/2.jpg?resize=350%2C200&ssl=1","width":350,"height":200,"srcset":"https:\/\/i0.wp.com\/webdelmaestrocmf.com\/portal\/wp-content\/uploads\/2018\/12\/2.jpg?resize=350%2C200&ssl=1 1x, https:\/\/i0.wp.com\/webdelmaestrocmf.com\/portal\/wp-content\/uploads\/2018\/12\/2.jpg?resize=525%2C300&ssl=1 1.5x, https:\/\/i0.wp.com\/webdelmaestrocmf.com\/portal\/wp-content\/uploads\/2018\/12\/2.jpg?resize=700%2C400&ssl=1 2x, https:\/\/i0.wp.com\/webdelmaestrocmf.com\/portal\/wp-content\/uploads\/2018\/12\/2.jpg?resize=1050%2C600&ssl=1 3x"},"classes":[]},{"id":36236,"url":"https:\/\/webdelmaestrocmf.com\/portal\/coin-operated-un-bello-corto-que-ayudara-a-explicar-a-los-ninos-acerca-de-como-alcanzar-los-suenos\/","url_meta":{"origin":47947,"position":5},"title":"Coin Operated: un corto sobre importancia de perseguir nuestros sue\u00f1os","author":"Web del Maestro CMF","date":"25 febrero, 2021","format":"video","excerpt":"\"Coin Operated\" es un cortometraje que nos sumerge en una emotiva historia que toca fibras sensibles y nos recuerda la importancia de perseguir nuestros sue\u00f1os a lo largo de la vida. Dirigida por el talentoso Nicholas Arioli, esta obra ha recibido el reconocimiento en diversos festivales de cine y nos\u2026","rel":"","context":"En \u00abPel\u00edculas\u00bb","block_context":{"text":"Pel\u00edculas","link":"https:\/\/webdelmaestrocmf.com\/portal\/category\/pedagogia\/peliculas\/"},"img":{"alt_text":"Coin Operated perseguir nuestros sue\u00f1os","src":"https:\/\/i0.wp.com\/webdelmaestrocmf.com\/portal\/wp-content\/uploads\/2019\/04\/1.jpeg?resize=350%2C200&ssl=1","width":350,"height":200,"srcset":"https:\/\/i0.wp.com\/webdelmaestrocmf.com\/portal\/wp-content\/uploads\/2019\/04\/1.jpeg?resize=350%2C200&ssl=1 1x, https:\/\/i0.wp.com\/webdelmaestrocmf.com\/portal\/wp-content\/uploads\/2019\/04\/1.jpeg?resize=525%2C300&ssl=1 1.5x, https:\/\/i0.wp.com\/webdelmaestrocmf.com\/portal\/wp-content\/uploads\/2019\/04\/1.jpeg?resize=700%2C400&ssl=1 2x, https:\/\/i0.wp.com\/webdelmaestrocmf.com\/portal\/wp-content\/uploads\/2019\/04\/1.jpeg?resize=1050%2C600&ssl=1 3x"},"classes":[]}],"_links":{"self":[{"href":"https:\/\/webdelmaestrocmf.com\/portal\/wp-json\/wp\/v2\/posts\/47947","targetHints":{"allow":["GET"]}}],"collection":[{"href":"https:\/\/webdelmaestrocmf.com\/portal\/wp-json\/wp\/v2\/posts"}],"about":[{"href":"https:\/\/webdelmaestrocmf.com\/portal\/wp-json\/wp\/v2\/types\/post"}],"author":[{"embeddable":true,"href":"https:\/\/webdelmaestrocmf.com\/portal\/wp-json\/wp\/v2\/users\/1"}],"replies":[{"embeddable":true,"href":"https:\/\/webdelmaestrocmf.com\/portal\/wp-json\/wp\/v2\/comments?post=47947"}],"version-history":[{"count":0,"href":"https:\/\/webdelmaestrocmf.com\/portal\/wp-json\/wp\/v2\/posts\/47947\/revisions"}],"wp:featuredmedia":[{"embeddable":true,"href":"https:\/\/webdelmaestrocmf.com\/portal\/wp-json\/wp\/v2\/media\/47948"}],"wp:attachment":[{"href":"https:\/\/webdelmaestrocmf.com\/portal\/wp-json\/wp\/v2\/media?parent=47947"}],"wp:term":[{"taxonomy":"category","embeddable":true,"href":"https:\/\/webdelmaestrocmf.com\/portal\/wp-json\/wp\/v2\/categories?post=47947"},{"taxonomy":"post_tag","embeddable":true,"href":"https:\/\/webdelmaestrocmf.com\/portal\/wp-json\/wp\/v2\/tags?post=47947"}],"curies":[{"name":"wp","href":"https:\/\/api.w.org\/{rel}","templated":true}]}}