{"id":47623,"date":"2020-06-04T13:40:06","date_gmt":"2020-06-04T17:40:06","guid":{"rendered":"https:\/\/webdelmaestrocmf.com\/portal\/?p=47623"},"modified":"2020-06-04T18:20:46","modified_gmt":"2020-06-04T22:20:46","slug":"preinscribete-al-tutorial-para-el-diseno-y-la-gestion-de-proyectos-de-aprendizajes","status":"publish","type":"post","link":"https:\/\/webdelmaestrocmf.com\/portal\/preinscribete-al-tutorial-para-el-diseno-y-la-gestion-de-proyectos-de-aprendizajes\/","title":{"rendered":"Preinscr\u00edbete al tutorial para el dise\u00f1o y la gesti\u00f3n de proyectos de aprendizajes"},"content":{"rendered":"<h5 style=\"text-align: justify;\">El tutorial busca fortalecer las capacidades en el dise\u00f1o y la gesti\u00f3n de proyectos de aprendizaje, en el contexto de una educaci\u00f3n a distancia. Las preinscripciones se realizar\u00e1n hasta el 3 de junio.<\/h5>\n<p><!--more--><\/p>\n<h5 style=\"text-align: justify;\">Excelente oportunidad para los\u00a0<strong>docentes contratados y nombrados de Educaci\u00f3n B\u00e1sica (EBR, EBE y EBA)<\/strong>\u00a0que deseen fortalecer sus capacidades en el dise\u00f1o y la gesti\u00f3n de proyectos de aprendizaje, en el contexto de una educaci\u00f3n a distancia y con \u00e9nfasis en el desarrollo del pensamiento cr\u00edtico y la retroalimentaci\u00f3n formativa.<\/h5>\n<p style=\"text-align: justify;\">El tutorial adem\u00e1s brinda pautas para orientar a los docentes en la\u00a0<strong>elaboraci\u00f3n de proyectos para el desarrollo de competencias en el marco del Curr\u00edculo Nacional de la Educaci\u00f3n B\u00e1sica<\/strong>, haciendo uso de las Tecnolog\u00edas de la Informaci\u00f3n y Comunicaci\u00f3n (TIC).<\/p>\n<h5 style=\"text-align: justify;\"><strong>\u00bfC\u00f3mo est\u00e1 organizado el tutorial?<\/strong><\/h5>\n<p style=\"text-align: justify;\">El tutorial comprende dos bloques: el primero ofrece informaci\u00f3n b\u00e1sica sobre proyectos de aprendizaje para lograr las competencias y luego aborda las fases de dise\u00f1o de un proyecto, esto es preparaci\u00f3n y formulaci\u00f3n.<\/p>\n<p><img loading=\"lazy\" decoding=\"async\" class=\"alignnone wp-image-47624 size-full\" src=\"https:\/\/webdelmaestrocmf.com\/portal\/wp-content\/uploads\/2020\/06\/1-20.jpg\" alt=\"\" width=\"700\" height=\"400\" srcset=\"https:\/\/webdelmaestrocmf.com\/portal\/wp-content\/uploads\/2020\/06\/1-20.jpg 700w, https:\/\/webdelmaestrocmf.com\/portal\/wp-content\/uploads\/2020\/06\/1-20-300x171.jpg 300w, https:\/\/webdelmaestrocmf.com\/portal\/wp-content\/uploads\/2020\/06\/1-20-110x63.jpg 110w, https:\/\/webdelmaestrocmf.com\/portal\/wp-content\/uploads\/2020\/06\/1-20-200x114.jpg 200w, https:\/\/webdelmaestrocmf.com\/portal\/wp-content\/uploads\/2020\/06\/1-20-380x217.jpg 380w, https:\/\/webdelmaestrocmf.com\/portal\/wp-content\/uploads\/2020\/06\/1-20-255x146.jpg 255w, https:\/\/webdelmaestrocmf.com\/portal\/wp-content\/uploads\/2020\/06\/1-20-550x314.jpg 550w\" sizes=\"auto, (max-width: 700px) 100vw, 700px\" \/><\/p>\n<p style=\"text-align: justify;\">El segundo bloque se centra en el desarrollo de las fases de la gesti\u00f3n, todo lo relacionado a planificaci\u00f3n, investigaci\u00f3n y evaluaci\u00f3n de proyectos.<\/p>\n<p style=\"text-align: justify;\">Asimismo, se ofrece en cada una de las fases un material de estudio, pautas y una caja de herramientas que contiene recursos para reforzar lo aprendido.<\/p>\n<h5 style=\"text-align: justify;\"><strong>\u00bfCu\u00e1ndo inicia el tutorial?<\/strong><\/h5>\n<p style=\"text-align: justify;\">El tutorial tiene una duraci\u00f3n total de 32 horas por un per\u00edodo de 14 d\u00edas.\u00a0<strong>Inicia el pr\u00f3ximo 5 de junio y culmina el 19 de junio. Las preinscripciones se realizar\u00e1n hasta el 3 de junio, previo registro en Per\u00fa Educa.<\/strong><\/p>\n<p style=\"text-align: justify;\"><strong>Preinscr\u00edbete<\/strong><br \/>\n<strong>Importante:<\/strong>\u00a0antes de hacer clic al bot\u00f3n para preinscribirte, debes iniciar sesi\u00f3n con tu usuario y contrase\u00f1a de Per\u00faEduca.<\/p>\n<h5 style=\"text-align: justify;\"><strong>CONVOCATORIA CERRADA<\/strong><\/h5>\n<p style=\"text-align: justify;\">Esta convocatoria es solo para el Per\u00fa. Si quiere realizar una consulta, ingresa al siguiente enlace:\u00a0<strong><a href=\"http:\/\/panel.isos.minedu.gob.pe\/proyecto_isos_general\/public\/main\/perueduca\">http:\/\/panel.isos.minedu.gob.pe\/proyecto_isos_general\/public\/main\/perueduca<\/a><\/strong><\/p>\n<p style=\"text-align: justify;\"><strong>Si necesitas ayuda&#8230;<\/strong><\/p>\n<ul>\n<li style=\"text-align: justify;\"><a href=\"http:\/\/www.perueduca.pe\/recursosedu\/tutorial\/actualizar_institucion_educativa.pdf\" target=\"_blank\" rel=\"noopener noreferrer\">\u00bfC\u00f3mo actualizar los datos de mi instituci\u00f3n educativa?<\/a><\/li>\n<li style=\"text-align: justify;\"><a href=\"http:\/\/www.perueduca.pe\/recursosedu\/tutorial\/actualizar_correo.pdf\" target=\"_blank\" rel=\"noopener noreferrer\">\u00bfC\u00f3mo actualizar mi correo?<\/a><\/li>\n<li style=\"text-align: justify;\"><a href=\"http:\/\/www.perueduca.pe\/recursosedu\/tutorial\/actualizar_informacion_pe.pdf\" target=\"_blank\" rel=\"noopener noreferrer\">\u00bfC\u00f3mo actualizar tu informaci\u00f3n en Per\u00faEduca? Docente<\/a><\/li>\n<li style=\"text-align: justify;\"><a href=\"http:\/\/www.perueduca.pe\/recursosedu\/tutorial\/registro_docente.pdf\" target=\"_blank\" rel=\"noopener noreferrer\">\u00bfC\u00f3mo me registro en Per\u00faEduca? Docente<\/a><\/li>\n<li style=\"text-align: justify;\"><a href=\"http:\/\/www.perueduca.pe\/soporte-perueduca\" target=\"_blank\" rel=\"noopener noreferrer\">Soporte Per\u00faEduca<\/a><\/li>\n<\/ul>\n<p><strong>Este contenido ha sido publicado originalmente por Per\u00fa Educa en la siguiente direcci\u00f3n: <a href=\"http:\/\/perueduca.pe\" target=\"_blank\" rel=\"noopener noreferrer\">perueduca.pe<\/a><\/strong><\/p>\n<p style=\"text-align: center;\">Recomendamos a la Comunidad Educativa Digital tener en cuenta que, el enlace y\/o la carpeta en donde est\u00e1n alojados los libros, recursos y\/o materiales, no es administrado por la Web del Maestro CMF, pueda ser que en cuesti\u00f3n de d\u00edas (o seg\u00fan el tiempo transcurrido desde su publicaci\u00f3n), los enlaces no funcionen y el material ya no se encuentre disponible. Gracias por su comprensi\u00f3n.<\/p>\n<h3>ENLACE DE LECTURA:<\/h3>\n<p style=\"text-align: center;\">\u00a1Comparte y as\u00ed m\u00e1s docentes utilizar\u00e1n estos recursos\u00a0gratis! Muchas gracias.<\/p>\n<p style=\"text-align: center;\"><a href=\"http:\/\/panel.isos.minedu.gob.pe\/proyecto_isos_general\/public\/main\/perueduca\" target=\"_blank\" rel=\"noopener noreferrer\"><strong>PREINSCR\u00cdBETE AL TUTORIAL<\/strong><\/a><\/p>\n\t\t<div class=\"pk-inline-posts\">\n\t\t\t\n\t\t\t<div class=\"pk-inline-posts-container pk-inline-posts-template-list\"\n\t\t\t\tdata-columns=\"1\">\n\t\t\t\t\t\t<article id=\"post-7600\" class=\"post-7600 post type-post status-publish format-gallery has-post-thumbnail category-infraestructura category-pedagogia tag-aula tag-colegio-vittra tag-diseno tag-suecia post_format-post-format-gallery cs-entry cs-video-wrap\">\n\t\t\t<div class=\"pk-post-outer\">\n\n\t\t\t\t\t\t\t\t<div class=\"pk-post-inner\">\n\t\t\t\t\t<div class=\"entry-thumbnail\">\n\t\t\t\t\t\t<div class=\"pk-overlay pk-overlay-ratio pk-ratio-landscape\">\n\t\t\t\t\t\t\t<div class=\"pk-overlay-background\">\n\t\t\t\t\t\t\t\t<a href=\"https:\/\/webdelmaestrocmf.com\/portal\/cree-usted-que-el-diseno-de-las-aulas-es-un-tema-importante\/\" class=\"pk-overlay-link\">\n\t\t\t\t\t\t\t\t\t<img loading=\"lazy\" decoding=\"async\" width=\"300\" height=\"225\" src=\"https:\/\/webdelmaestrocmf.com\/portal\/wp-content\/uploads\/2020\/02\/1AA-Banner-1-portada-imagen-10-1-copia-6-300x225.webp\" class=\"attachment-pk-thumbnail size-pk-thumbnail wp-post-image\" alt=\"\" \/>\t\t\t\t\t\t\t\t<\/a>\n\t\t\t\t\t\t\t<\/div>\n\t\t\t\t\t\t<\/div>\n\t\t\t\t\t<\/div>\n\t\t\t\t<\/div>\n\t\t\t\t\n\t\t\t\t<div class=\"pk-post-inner\">\n\t\t\t\t\t<header>\n\t\t\t\t\t\t<h3 class=\"pk-title\"><a href=\"https:\/\/webdelmaestrocmf.com\/portal\/cree-usted-que-el-diseno-de-las-aulas-es-un-tema-importante\/\" rel=\"bookmark\">\u00bfImporta el dise\u00f1o del aula? \u00bfY la cantidad de alumnos? \u00bfLa distribuci\u00f3n?<\/a><\/h3>\t\t\t\t\t<\/header><!-- .entry-header -->\n\t\t\t\t<\/div><!-- .post-inner -->\n\n\t\t\t<\/div><!-- .post-outer -->\n\t\t<\/article>\n\t\t\t\t<\/div>\n\t\t<\/div>\n\t\t\n","protected":false},"excerpt":{"rendered":"El tutorial busca fortalecer las capacidades en el dise\u00f1o y la gesti\u00f3n de proyectos de aprendizaje, en el&hellip;","protected":false},"author":1,"featured_media":47625,"comment_status":"open","ping_status":"closed","sticky":false,"template":"","format":"standard","meta":{"csco_display_header_overlay":false,"csco_singular_sidebar":"default","csco_page_header_type":"default","csco_page_load_nextpost":"default","csco_post_video_location":[],"csco_post_video_location_hash":"","csco_post_video_url":"","csco_post_video_bg_start_time":0,"csco_post_video_bg_end_time":0,"csco_post_video_bg_volume":false,"_jetpack_memberships_contains_paid_content":false,"footnotes":""},"categories":[1171,735],"tags":[1788,1225,2686,5073,1660,2097],"class_list":{"0":"post-47623","1":"post","2":"type-post","3":"status-publish","4":"format-standard","5":"has-post-thumbnail","7":"category-cursos","8":"category-pedagogia","9":"tag-aprendizajes","10":"tag-diseno","11":"tag-gestion","12":"tag-preinscribete","13":"tag-proyectos","14":"tag-tutorial","15":"cs-entry","16":"cs-video-wrap"},"yoast_head":"<!-- This site is optimized with the Yoast SEO plugin v27.5 - https:\/\/yoast.com\/product\/yoast-seo-wordpress\/ -->\n<title>Preinscr\u00edbete al tutorial para el dise\u00f1o y la gesti\u00f3n de proyectos de aprendizajes - 2026<\/title>\n<meta name=\"description\" content=\"El tutorial busca fortalecer las capacidades en el dise\u00f1o y la gesti\u00f3n de proyectos de aprendizaje, en el contexto de una educaci\u00f3n a distancia. Las...\" \/>\n<meta name=\"robots\" content=\"index, follow, max-snippet:-1, max-image-preview:large, max-video-preview:-1\" \/>\n<link rel=\"canonical\" href=\"https:\/\/webdelmaestrocmf.com\/portal\/preinscribete-al-tutorial-para-el-diseno-y-la-gestion-de-proyectos-de-aprendizajes\/\" \/>\n<meta property=\"og:locale\" content=\"es_ES\" \/>\n<meta property=\"og:type\" content=\"article\" \/>\n<meta property=\"og:title\" content=\"Preinscr\u00edbete al tutorial para el dise\u00f1o y la gesti\u00f3n de proyectos de aprendizajes - 2026\" \/>\n<meta property=\"og:description\" content=\"El tutorial busca fortalecer las capacidades en el dise\u00f1o y la gesti\u00f3n de proyectos de aprendizaje, en el contexto de una educaci\u00f3n a distancia. Las...\" \/>\n<meta property=\"og:url\" content=\"https:\/\/webdelmaestrocmf.com\/portal\/preinscribete-al-tutorial-para-el-diseno-y-la-gestion-de-proyectos-de-aprendizajes\/\" \/>\n<meta property=\"og:site_name\" content=\"Web del Maestro CMF\" \/>\n<meta property=\"article:publisher\" content=\"https:\/\/www.facebook.com\/WebdelMaestroCMF\/\" \/>\n<meta property=\"article:author\" content=\"https:\/\/www.facebook.com\/WebdelMaestroCMF\/\" \/>\n<meta property=\"article:published_time\" content=\"2020-06-04T17:40:06+00:00\" \/>\n<meta property=\"article:modified_time\" content=\"2020-06-04T22:20:46+00:00\" \/>\n<meta property=\"og:image\" content=\"https:\/\/i0.wp.com\/webdelmaestrocmf.com\/portal\/wp-content\/uploads\/2020\/06\/1-21.jpg?fit=1100%2C680&ssl=1\" \/>\n\t<meta property=\"og:image:width\" content=\"1100\" \/>\n\t<meta property=\"og:image:height\" content=\"680\" \/>\n\t<meta property=\"og:image:type\" content=\"image\/jpeg\" \/>\n<meta name=\"author\" content=\"Web del Maestro CMF\" \/>\n<meta name=\"twitter:card\" content=\"summary_large_image\" \/>\n<meta name=\"twitter:creator\" content=\"@cmf_w\" \/>\n<meta name=\"twitter:site\" content=\"@cmf_w\" \/>\n<script type=\"application\/ld+json\" class=\"yoast-schema-graph\">{\"@context\":\"https:\\\/\\\/schema.org\",\"@graph\":[{\"@type\":\"ScholarlyArticle\",\"@id\":\"https:\\\/\\\/webdelmaestrocmf.com\\\/portal\\\/preinscribete-al-tutorial-para-el-diseno-y-la-gestion-de-proyectos-de-aprendizajes\\\/#article\",\"isPartOf\":{\"@id\":\"https:\\\/\\\/webdelmaestrocmf.com\\\/portal\\\/preinscribete-al-tutorial-para-el-diseno-y-la-gestion-de-proyectos-de-aprendizajes\\\/\"},\"author\":{\"name\":\"Web del Maestro CMF\",\"@id\":\"https:\\\/\\\/webdelmaestrocmf.com\\\/portal\\\/#\\\/schema\\\/person\\\/1072a2ed7bd960df8ef99a551fa35dc5\"},\"headline\":\"Preinscr\u00edbete al tutorial para el dise\u00f1o y la gesti\u00f3n de proyectos de aprendizajes\",\"datePublished\":\"2020-06-04T17:40:06+00:00\",\"dateModified\":\"2020-06-04T22:20:46+00:00\",\"mainEntityOfPage\":{\"@id\":\"https:\\\/\\\/webdelmaestrocmf.com\\\/portal\\\/preinscribete-al-tutorial-para-el-diseno-y-la-gestion-de-proyectos-de-aprendizajes\\\/\"},\"wordCount\":507,\"commentCount\":0,\"publisher\":{\"@id\":\"https:\\\/\\\/webdelmaestrocmf.com\\\/portal\\\/#organization\"},\"image\":{\"@id\":\"https:\\\/\\\/webdelmaestrocmf.com\\\/portal\\\/preinscribete-al-tutorial-para-el-diseno-y-la-gestion-de-proyectos-de-aprendizajes\\\/#primaryimage\"},\"thumbnailUrl\":\"https:\\\/\\\/webdelmaestrocmf.com\\\/portal\\\/wp-content\\\/uploads\\\/2020\\\/06\\\/1-21.jpg\",\"keywords\":[\"APRENDIZAJES\",\"DISE\u00d1O\",\"GESTI\u00d3N\",\"Preinscr\u00edbete\",\"proyectos\",\"TUTORIAL\"],\"articleSection\":[\"Cursos\",\"Recursos\"],\"inLanguage\":\"es\",\"potentialAction\":[{\"@type\":\"CommentAction\",\"name\":\"Comment\",\"target\":[\"https:\\\/\\\/webdelmaestrocmf.com\\\/portal\\\/preinscribete-al-tutorial-para-el-diseno-y-la-gestion-de-proyectos-de-aprendizajes\\\/#respond\"]}]},{\"@type\":\"WebPage\",\"@id\":\"https:\\\/\\\/webdelmaestrocmf.com\\\/portal\\\/preinscribete-al-tutorial-para-el-diseno-y-la-gestion-de-proyectos-de-aprendizajes\\\/\",\"url\":\"https:\\\/\\\/webdelmaestrocmf.com\\\/portal\\\/preinscribete-al-tutorial-para-el-diseno-y-la-gestion-de-proyectos-de-aprendizajes\\\/\",\"name\":\"Preinscr\u00edbete al tutorial para el dise\u00f1o y la gesti\u00f3n de proyectos de aprendizajes - 2026\",\"isPartOf\":{\"@id\":\"https:\\\/\\\/webdelmaestrocmf.com\\\/portal\\\/#website\"},\"primaryImageOfPage\":{\"@id\":\"https:\\\/\\\/webdelmaestrocmf.com\\\/portal\\\/preinscribete-al-tutorial-para-el-diseno-y-la-gestion-de-proyectos-de-aprendizajes\\\/#primaryimage\"},\"image\":{\"@id\":\"https:\\\/\\\/webdelmaestrocmf.com\\\/portal\\\/preinscribete-al-tutorial-para-el-diseno-y-la-gestion-de-proyectos-de-aprendizajes\\\/#primaryimage\"},\"thumbnailUrl\":\"https:\\\/\\\/webdelmaestrocmf.com\\\/portal\\\/wp-content\\\/uploads\\\/2020\\\/06\\\/1-21.jpg\",\"datePublished\":\"2020-06-04T17:40:06+00:00\",\"dateModified\":\"2020-06-04T22:20:46+00:00\",\"description\":\"El tutorial busca fortalecer las capacidades en el dise\u00f1o y la gesti\u00f3n de proyectos de aprendizaje, en el contexto de una educaci\u00f3n a distancia. Las...\",\"breadcrumb\":{\"@id\":\"https:\\\/\\\/webdelmaestrocmf.com\\\/portal\\\/preinscribete-al-tutorial-para-el-diseno-y-la-gestion-de-proyectos-de-aprendizajes\\\/#breadcrumb\"},\"inLanguage\":\"es\",\"potentialAction\":[{\"@type\":\"ReadAction\",\"target\":[\"https:\\\/\\\/webdelmaestrocmf.com\\\/portal\\\/preinscribete-al-tutorial-para-el-diseno-y-la-gestion-de-proyectos-de-aprendizajes\\\/\"]}]},{\"@type\":\"ImageObject\",\"inLanguage\":\"es\",\"@id\":\"https:\\\/\\\/webdelmaestrocmf.com\\\/portal\\\/preinscribete-al-tutorial-para-el-diseno-y-la-gestion-de-proyectos-de-aprendizajes\\\/#primaryimage\",\"url\":\"https:\\\/\\\/webdelmaestrocmf.com\\\/portal\\\/wp-content\\\/uploads\\\/2020\\\/06\\\/1-21.jpg\",\"contentUrl\":\"https:\\\/\\\/webdelmaestrocmf.com\\\/portal\\\/wp-content\\\/uploads\\\/2020\\\/06\\\/1-21.jpg\",\"width\":1100,\"height\":680},{\"@type\":\"BreadcrumbList\",\"@id\":\"https:\\\/\\\/webdelmaestrocmf.com\\\/portal\\\/preinscribete-al-tutorial-para-el-diseno-y-la-gestion-de-proyectos-de-aprendizajes\\\/#breadcrumb\",\"itemListElement\":[{\"@type\":\"ListItem\",\"position\":1,\"name\":\"Portada\",\"item\":\"https:\\\/\\\/webdelmaestrocmf.com\\\/portal\\\/\"},{\"@type\":\"ListItem\",\"position\":2,\"name\":\"Recursos\",\"item\":\"https:\\\/\\\/webdelmaestrocmf.com\\\/portal\\\/category\\\/pedagogia\\\/\"},{\"@type\":\"ListItem\",\"position\":3,\"name\":\"Preinscr\u00edbete al tutorial para el dise\u00f1o y la gesti\u00f3n de proyectos de aprendizajes\"}]},{\"@type\":\"WebSite\",\"@id\":\"https:\\\/\\\/webdelmaestrocmf.com\\\/portal\\\/#website\",\"url\":\"https:\\\/\\\/webdelmaestrocmf.com\\\/portal\\\/\",\"name\":\"Web del Maestro CMF\",\"description\":\"Maestros al servicio de la educaci\u00f3n\",\"publisher\":{\"@id\":\"https:\\\/\\\/webdelmaestrocmf.com\\\/portal\\\/#organization\"},\"alternateName\":\"WMCMF\",\"potentialAction\":[{\"@type\":\"SearchAction\",\"target\":{\"@type\":\"EntryPoint\",\"urlTemplate\":\"https:\\\/\\\/webdelmaestrocmf.com\\\/portal\\\/?s={search_term_string}\"},\"query-input\":{\"@type\":\"PropertyValueSpecification\",\"valueRequired\":true,\"valueName\":\"search_term_string\"}}],\"inLanguage\":\"es\"},{\"@type\":\"Organization\",\"@id\":\"https:\\\/\\\/webdelmaestrocmf.com\\\/portal\\\/#organization\",\"name\":\"Web del Maestro CMF\",\"alternateName\":\"WMCMF\",\"url\":\"https:\\\/\\\/webdelmaestrocmf.com\\\/portal\\\/\",\"logo\":{\"@type\":\"ImageObject\",\"inLanguage\":\"es\",\"@id\":\"https:\\\/\\\/webdelmaestrocmf.com\\\/portal\\\/#\\\/schema\\\/logo\\\/image\\\/\",\"url\":\"https:\\\/\\\/webdelmaestrocmf.com\\\/portal\\\/wp-content\\\/uploads\\\/2023\\\/01\\\/logo-wmcmf-2.png\",\"contentUrl\":\"https:\\\/\\\/webdelmaestrocmf.com\\\/portal\\\/wp-content\\\/uploads\\\/2023\\\/01\\\/logo-wmcmf-2.png\",\"width\":200,\"height\":60,\"caption\":\"Web del Maestro CMF\"},\"image\":{\"@id\":\"https:\\\/\\\/webdelmaestrocmf.com\\\/portal\\\/#\\\/schema\\\/logo\\\/image\\\/\"},\"sameAs\":[\"https:\\\/\\\/www.facebook.com\\\/WebdelMaestroCMF\\\/\",\"https:\\\/\\\/x.com\\\/cmf_w\",\"https:\\\/\\\/www.pinterest.com\\\/WMCMF\\\/\",\"https:\\\/\\\/www.linkedin.com\\\/company\\\/web-del-maestro-cmf\\\/\",\"https:\\\/\\\/www.instagram.com\\\/wmcmf\\\/\",\"https:\\\/\\\/www.youtube.com\\\/channel\\\/UCDPSvjbdodE5sHnC3OxutHw\",\"https:\\\/\\\/mastodon.social\\\/@wmcmf\",\"https:\\\/\\\/www.tiktok.com\\\/@webdelmaestrocmf\"]},{\"@type\":\"Person\",\"@id\":\"https:\\\/\\\/webdelmaestrocmf.com\\\/portal\\\/#\\\/schema\\\/person\\\/1072a2ed7bd960df8ef99a551fa35dc5\",\"name\":\"Web del Maestro CMF\",\"image\":{\"@type\":\"ImageObject\",\"inLanguage\":\"es\",\"@id\":\"https:\\\/\\\/secure.gravatar.com\\\/avatar\\\/23291dd5b5ae1077dcff3dbb04c3e02bd28403fa75af6d8787d5e97c5bbbe30b?s=96&d=mm&r=g\",\"url\":\"https:\\\/\\\/secure.gravatar.com\\\/avatar\\\/23291dd5b5ae1077dcff3dbb04c3e02bd28403fa75af6d8787d5e97c5bbbe30b?s=96&d=mm&r=g\",\"contentUrl\":\"https:\\\/\\\/secure.gravatar.com\\\/avatar\\\/23291dd5b5ae1077dcff3dbb04c3e02bd28403fa75af6d8787d5e97c5bbbe30b?s=96&d=mm&r=g\",\"caption\":\"Web del Maestro CMF\"},\"description\":\"Esta Web se cre\u00f3 sin fines de lucro, con fines educativos, cient\u00edficos y acad\u00e9micos, para personas que tengan dificultades y\\\/o inconvenientes en visualizar el material original. El objetivo es entregar recursos, compartir experiencias y materiales que ayuden a los padres de familia, maestros y estudiantes en su actualizaci\u00f3n y formaci\u00f3n permanente, en bien de la Educaci\u00f3n.\",\"sameAs\":[\"http:\\\/\\\/webdelmaestrocmf.com\\\/portal\",\"https:\\\/\\\/www.facebook.com\\\/WebdelMaestroCMF\\\/\",\"https:\\\/\\\/www.instagram.com\\\/wmcmf\\\/\",\"https:\\\/\\\/cl.linkedin.com\\\/company\\\/web-del-maestro-cmf\",\"https:\\\/\\\/www.pinterest.com\\\/WMCMF\\\/publicaciones\\\/\",\"https:\\\/\\\/x.com\\\/cmf_w\",\"https:\\\/\\\/www.youtube.com\\\/@WMCMF\"]}]}<\/script>\n<!-- \/ Yoast SEO plugin. -->","yoast_head_json":{"title":"Preinscr\u00edbete al tutorial para el dise\u00f1o y la gesti\u00f3n de proyectos de aprendizajes - 2026","description":"El tutorial busca fortalecer las capacidades en el dise\u00f1o y la gesti\u00f3n de proyectos de aprendizaje, en el contexto de una educaci\u00f3n a distancia. Las...","robots":{"index":"index","follow":"follow","max-snippet":"max-snippet:-1","max-image-preview":"max-image-preview:large","max-video-preview":"max-video-preview:-1"},"canonical":"https:\/\/webdelmaestrocmf.com\/portal\/preinscribete-al-tutorial-para-el-diseno-y-la-gestion-de-proyectos-de-aprendizajes\/","og_locale":"es_ES","og_type":"article","og_title":"Preinscr\u00edbete al tutorial para el dise\u00f1o y la gesti\u00f3n de proyectos de aprendizajes - 2026","og_description":"El tutorial busca fortalecer las capacidades en el dise\u00f1o y la gesti\u00f3n de proyectos de aprendizaje, en el contexto de una educaci\u00f3n a distancia. Las...","og_url":"https:\/\/webdelmaestrocmf.com\/portal\/preinscribete-al-tutorial-para-el-diseno-y-la-gestion-de-proyectos-de-aprendizajes\/","og_site_name":"Web del Maestro CMF","article_publisher":"https:\/\/www.facebook.com\/WebdelMaestroCMF\/","article_author":"https:\/\/www.facebook.com\/WebdelMaestroCMF\/","article_published_time":"2020-06-04T17:40:06+00:00","article_modified_time":"2020-06-04T22:20:46+00:00","og_image":[{"width":1100,"height":680,"url":"https:\/\/i0.wp.com\/webdelmaestrocmf.com\/portal\/wp-content\/uploads\/2020\/06\/1-21.jpg?fit=1100%2C680&ssl=1","type":"image\/jpeg"}],"author":"Web del Maestro CMF","twitter_card":"summary_large_image","twitter_creator":"@cmf_w","twitter_site":"@cmf_w","schema":{"@context":"https:\/\/schema.org","@graph":[{"@type":"ScholarlyArticle","@id":"https:\/\/webdelmaestrocmf.com\/portal\/preinscribete-al-tutorial-para-el-diseno-y-la-gestion-de-proyectos-de-aprendizajes\/#article","isPartOf":{"@id":"https:\/\/webdelmaestrocmf.com\/portal\/preinscribete-al-tutorial-para-el-diseno-y-la-gestion-de-proyectos-de-aprendizajes\/"},"author":{"name":"Web del Maestro CMF","@id":"https:\/\/webdelmaestrocmf.com\/portal\/#\/schema\/person\/1072a2ed7bd960df8ef99a551fa35dc5"},"headline":"Preinscr\u00edbete al tutorial para el dise\u00f1o y la gesti\u00f3n de proyectos de aprendizajes","datePublished":"2020-06-04T17:40:06+00:00","dateModified":"2020-06-04T22:20:46+00:00","mainEntityOfPage":{"@id":"https:\/\/webdelmaestrocmf.com\/portal\/preinscribete-al-tutorial-para-el-diseno-y-la-gestion-de-proyectos-de-aprendizajes\/"},"wordCount":507,"commentCount":0,"publisher":{"@id":"https:\/\/webdelmaestrocmf.com\/portal\/#organization"},"image":{"@id":"https:\/\/webdelmaestrocmf.com\/portal\/preinscribete-al-tutorial-para-el-diseno-y-la-gestion-de-proyectos-de-aprendizajes\/#primaryimage"},"thumbnailUrl":"https:\/\/webdelmaestrocmf.com\/portal\/wp-content\/uploads\/2020\/06\/1-21.jpg","keywords":["APRENDIZAJES","DISE\u00d1O","GESTI\u00d3N","Preinscr\u00edbete","proyectos","TUTORIAL"],"articleSection":["Cursos","Recursos"],"inLanguage":"es","potentialAction":[{"@type":"CommentAction","name":"Comment","target":["https:\/\/webdelmaestrocmf.com\/portal\/preinscribete-al-tutorial-para-el-diseno-y-la-gestion-de-proyectos-de-aprendizajes\/#respond"]}]},{"@type":"WebPage","@id":"https:\/\/webdelmaestrocmf.com\/portal\/preinscribete-al-tutorial-para-el-diseno-y-la-gestion-de-proyectos-de-aprendizajes\/","url":"https:\/\/webdelmaestrocmf.com\/portal\/preinscribete-al-tutorial-para-el-diseno-y-la-gestion-de-proyectos-de-aprendizajes\/","name":"Preinscr\u00edbete al tutorial para el dise\u00f1o y la gesti\u00f3n de proyectos de aprendizajes - 2026","isPartOf":{"@id":"https:\/\/webdelmaestrocmf.com\/portal\/#website"},"primaryImageOfPage":{"@id":"https:\/\/webdelmaestrocmf.com\/portal\/preinscribete-al-tutorial-para-el-diseno-y-la-gestion-de-proyectos-de-aprendizajes\/#primaryimage"},"image":{"@id":"https:\/\/webdelmaestrocmf.com\/portal\/preinscribete-al-tutorial-para-el-diseno-y-la-gestion-de-proyectos-de-aprendizajes\/#primaryimage"},"thumbnailUrl":"https:\/\/webdelmaestrocmf.com\/portal\/wp-content\/uploads\/2020\/06\/1-21.jpg","datePublished":"2020-06-04T17:40:06+00:00","dateModified":"2020-06-04T22:20:46+00:00","description":"El tutorial busca fortalecer las capacidades en el dise\u00f1o y la gesti\u00f3n de proyectos de aprendizaje, en el contexto de una educaci\u00f3n a distancia. Las...","breadcrumb":{"@id":"https:\/\/webdelmaestrocmf.com\/portal\/preinscribete-al-tutorial-para-el-diseno-y-la-gestion-de-proyectos-de-aprendizajes\/#breadcrumb"},"inLanguage":"es","potentialAction":[{"@type":"ReadAction","target":["https:\/\/webdelmaestrocmf.com\/portal\/preinscribete-al-tutorial-para-el-diseno-y-la-gestion-de-proyectos-de-aprendizajes\/"]}]},{"@type":"ImageObject","inLanguage":"es","@id":"https:\/\/webdelmaestrocmf.com\/portal\/preinscribete-al-tutorial-para-el-diseno-y-la-gestion-de-proyectos-de-aprendizajes\/#primaryimage","url":"https:\/\/webdelmaestrocmf.com\/portal\/wp-content\/uploads\/2020\/06\/1-21.jpg","contentUrl":"https:\/\/webdelmaestrocmf.com\/portal\/wp-content\/uploads\/2020\/06\/1-21.jpg","width":1100,"height":680},{"@type":"BreadcrumbList","@id":"https:\/\/webdelmaestrocmf.com\/portal\/preinscribete-al-tutorial-para-el-diseno-y-la-gestion-de-proyectos-de-aprendizajes\/#breadcrumb","itemListElement":[{"@type":"ListItem","position":1,"name":"Portada","item":"https:\/\/webdelmaestrocmf.com\/portal\/"},{"@type":"ListItem","position":2,"name":"Recursos","item":"https:\/\/webdelmaestrocmf.com\/portal\/category\/pedagogia\/"},{"@type":"ListItem","position":3,"name":"Preinscr\u00edbete al tutorial para el dise\u00f1o y la gesti\u00f3n de proyectos de aprendizajes"}]},{"@type":"WebSite","@id":"https:\/\/webdelmaestrocmf.com\/portal\/#website","url":"https:\/\/webdelmaestrocmf.com\/portal\/","name":"Web del Maestro CMF","description":"Maestros al servicio de la educaci\u00f3n","publisher":{"@id":"https:\/\/webdelmaestrocmf.com\/portal\/#organization"},"alternateName":"WMCMF","potentialAction":[{"@type":"SearchAction","target":{"@type":"EntryPoint","urlTemplate":"https:\/\/webdelmaestrocmf.com\/portal\/?s={search_term_string}"},"query-input":{"@type":"PropertyValueSpecification","valueRequired":true,"valueName":"search_term_string"}}],"inLanguage":"es"},{"@type":"Organization","@id":"https:\/\/webdelmaestrocmf.com\/portal\/#organization","name":"Web del Maestro CMF","alternateName":"WMCMF","url":"https:\/\/webdelmaestrocmf.com\/portal\/","logo":{"@type":"ImageObject","inLanguage":"es","@id":"https:\/\/webdelmaestrocmf.com\/portal\/#\/schema\/logo\/image\/","url":"https:\/\/webdelmaestrocmf.com\/portal\/wp-content\/uploads\/2023\/01\/logo-wmcmf-2.png","contentUrl":"https:\/\/webdelmaestrocmf.com\/portal\/wp-content\/uploads\/2023\/01\/logo-wmcmf-2.png","width":200,"height":60,"caption":"Web del Maestro CMF"},"image":{"@id":"https:\/\/webdelmaestrocmf.com\/portal\/#\/schema\/logo\/image\/"},"sameAs":["https:\/\/www.facebook.com\/WebdelMaestroCMF\/","https:\/\/x.com\/cmf_w","https:\/\/www.pinterest.com\/WMCMF\/","https:\/\/www.linkedin.com\/company\/web-del-maestro-cmf\/","https:\/\/www.instagram.com\/wmcmf\/","https:\/\/www.youtube.com\/channel\/UCDPSvjbdodE5sHnC3OxutHw","https:\/\/mastodon.social\/@wmcmf","https:\/\/www.tiktok.com\/@webdelmaestrocmf"]},{"@type":"Person","@id":"https:\/\/webdelmaestrocmf.com\/portal\/#\/schema\/person\/1072a2ed7bd960df8ef99a551fa35dc5","name":"Web del Maestro CMF","image":{"@type":"ImageObject","inLanguage":"es","@id":"https:\/\/secure.gravatar.com\/avatar\/23291dd5b5ae1077dcff3dbb04c3e02bd28403fa75af6d8787d5e97c5bbbe30b?s=96&d=mm&r=g","url":"https:\/\/secure.gravatar.com\/avatar\/23291dd5b5ae1077dcff3dbb04c3e02bd28403fa75af6d8787d5e97c5bbbe30b?s=96&d=mm&r=g","contentUrl":"https:\/\/secure.gravatar.com\/avatar\/23291dd5b5ae1077dcff3dbb04c3e02bd28403fa75af6d8787d5e97c5bbbe30b?s=96&d=mm&r=g","caption":"Web del Maestro CMF"},"description":"Esta Web se cre\u00f3 sin fines de lucro, con fines educativos, cient\u00edficos y acad\u00e9micos, para personas que tengan dificultades y\/o inconvenientes en visualizar el material original. El objetivo es entregar recursos, compartir experiencias y materiales que ayuden a los padres de familia, maestros y estudiantes en su actualizaci\u00f3n y formaci\u00f3n permanente, en bien de la Educaci\u00f3n.","sameAs":["http:\/\/webdelmaestrocmf.com\/portal","https:\/\/www.facebook.com\/WebdelMaestroCMF\/","https:\/\/www.instagram.com\/wmcmf\/","https:\/\/cl.linkedin.com\/company\/web-del-maestro-cmf","https:\/\/www.pinterest.com\/WMCMF\/publicaciones\/","https:\/\/x.com\/cmf_w","https:\/\/www.youtube.com\/@WMCMF"]}]}},"jetpack_featured_media_url":"https:\/\/webdelmaestrocmf.com\/portal\/wp-content\/uploads\/2020\/06\/1-21.jpg","jetpack_sharing_enabled":true,"jetpack-related-posts":[{"id":60118,"url":"https:\/\/webdelmaestrocmf.com\/portal\/diseno-y-gestion-de-proyectos-de-aprendizaje-como-disenar-y-gestionar-un-proyecto-de-aprendizaje-para-la-modalidad-a-distancia\/","url_meta":{"origin":47623,"position":0},"title":"Dise\u00f1o y gesti\u00f3n de proyectos de aprendizaje: \u00bfC\u00f3mo dise\u00f1ar y gestionar un proyecto de aprendizaje para la modalidad a distancia?","author":"Web del Maestro CMF","date":"5 marzo, 2021","format":false,"excerpt":"En estos tiempos de confinamiento, nuestros estudiantes est\u00e1n desarrollando sus aprendizajes mediante la estrategia Aprendo en Casa, nosotros los maestros y maestras, tenemos la responsabilidad de promover el desarrollo de competencias de las \u00e1reas fundamentales en la modalidad a distancia, de manera sincr\u00f3nica y asincr\u00f3nica, teniendo a cuenta que los\u2026","rel":"","context":"En \u00abDescargas Manuales PDF\u00bb","block_context":{"text":"Descargas Manuales PDF","link":"https:\/\/webdelmaestrocmf.com\/portal\/category\/pedagogia\/descargas-manuales-pdf\/"},"img":{"alt_text":"","src":"https:\/\/i0.wp.com\/webdelmaestrocmf.com\/portal\/wp-content\/uploads\/2021\/03\/1-24.jpg?resize=350%2C200&ssl=1","width":350,"height":200,"srcset":"https:\/\/i0.wp.com\/webdelmaestrocmf.com\/portal\/wp-content\/uploads\/2021\/03\/1-24.jpg?resize=350%2C200&ssl=1 1x, https:\/\/i0.wp.com\/webdelmaestrocmf.com\/portal\/wp-content\/uploads\/2021\/03\/1-24.jpg?resize=525%2C300&ssl=1 1.5x, https:\/\/i0.wp.com\/webdelmaestrocmf.com\/portal\/wp-content\/uploads\/2021\/03\/1-24.jpg?resize=700%2C400&ssl=1 2x, https:\/\/i0.wp.com\/webdelmaestrocmf.com\/portal\/wp-content\/uploads\/2021\/03\/1-24.jpg?resize=1050%2C600&ssl=1 3x"},"classes":[]},{"id":108026,"url":"https:\/\/webdelmaestrocmf.com\/portal\/como-implementar-la-transversalidad-guia-para-docentes\/","url_meta":{"origin":47623,"position":1},"title":"C\u00f3mo implementar la transversalidad: Gu\u00eda para docentes","author":"Web del Maestro CMF","date":"18 febrero, 2025","format":false,"excerpt":"La transversalidad es un pilar fundamental en la educaci\u00f3n actual, pues permite conectar conocimientos, metodolog\u00edas y experiencias para lograr un aprendizaje m\u00e1s significativo e integral. En este contexto, la Comisi\u00f3n Nacional para la Mejora Continua de la Educaci\u00f3n (Mejoredu) ha desarrollado una serie de cinco cuadernillos dirigidos a docentes y\u2026","rel":"","context":"En \u00abDescargas Manuales PDF\u00bb","block_context":{"text":"Descargas Manuales PDF","link":"https:\/\/webdelmaestrocmf.com\/portal\/category\/pedagogia\/descargas-manuales-pdf\/"},"img":{"alt_text":"","src":"https:\/\/i0.wp.com\/webdelmaestrocmf.com\/portal\/wp-content\/uploads\/2025\/02\/1A-Banner-1-portada-imagen-10-1-77.jpg?resize=350%2C200&ssl=1","width":350,"height":200,"srcset":"https:\/\/i0.wp.com\/webdelmaestrocmf.com\/portal\/wp-content\/uploads\/2025\/02\/1A-Banner-1-portada-imagen-10-1-77.jpg?resize=350%2C200&ssl=1 1x, https:\/\/i0.wp.com\/webdelmaestrocmf.com\/portal\/wp-content\/uploads\/2025\/02\/1A-Banner-1-portada-imagen-10-1-77.jpg?resize=525%2C300&ssl=1 1.5x, https:\/\/i0.wp.com\/webdelmaestrocmf.com\/portal\/wp-content\/uploads\/2025\/02\/1A-Banner-1-portada-imagen-10-1-77.jpg?resize=700%2C400&ssl=1 2x"},"classes":[]},{"id":46625,"url":"https:\/\/webdelmaestrocmf.com\/portal\/recursos-para-ensenanza-a-distancia-colegios-y-universidades\/","url_meta":{"origin":47623,"position":2},"title":"Recursos para ense\u00f1anza a distancia (Colegios y Universidades)","author":"Web del Maestro CMF","date":"23 abril, 2020","format":false,"excerpt":"La Subsecretar\u00eda de Educaci\u00f3n Superior ha acordado una alianza con diversas casas de estudio, con trayectoria y experiencia en el desarrollo de modalidades alternativas de ense\u00f1anza, para que puedan compartir sus buenas pr\u00e1cticas y entregar capacitaci\u00f3n a los docentes de aquellos planteles que requieran apoyo en el marco de la\u2026","rel":"","context":"En \u00abDescargas Manuales PDF\u00bb","block_context":{"text":"Descargas Manuales PDF","link":"https:\/\/webdelmaestrocmf.com\/portal\/category\/pedagogia\/descargas-manuales-pdf\/"},"img":{"alt_text":"","src":"https:\/\/i0.wp.com\/webdelmaestrocmf.com\/portal\/wp-content\/uploads\/2020\/04\/3-97.jpg?resize=350%2C200&ssl=1","width":350,"height":200,"srcset":"https:\/\/i0.wp.com\/webdelmaestrocmf.com\/portal\/wp-content\/uploads\/2020\/04\/3-97.jpg?resize=350%2C200&ssl=1 1x, https:\/\/i0.wp.com\/webdelmaestrocmf.com\/portal\/wp-content\/uploads\/2020\/04\/3-97.jpg?resize=525%2C300&ssl=1 1.5x, https:\/\/i0.wp.com\/webdelmaestrocmf.com\/portal\/wp-content\/uploads\/2020\/04\/3-97.jpg?resize=700%2C400&ssl=1 2x, https:\/\/i0.wp.com\/webdelmaestrocmf.com\/portal\/wp-content\/uploads\/2020\/04\/3-97.jpg?resize=1050%2C600&ssl=1 3x"},"classes":[]},{"id":105310,"url":"https:\/\/webdelmaestrocmf.com\/portal\/curso-para-docentes-uso-y-dominio-de-chatgpt\/","url_meta":{"origin":47623,"position":3},"title":"Curso para docentes: Uso y dominio de ChatGPT","author":"Web del Maestro CMF","date":"5 mayo, 2024","format":false,"excerpt":"En la era digital actual, la tecnolog\u00eda est\u00e1 transformando la forma en que ense\u00f1amos y aprendemos. En este curso, a trav\u00e9s de videos tutoriales, exploraremos una de las herramientas m\u00e1s innovadoras en el \u00e1mbito educativo: ChatGPT. ChatGPT es una inteligencia artificial desarrollada por OpenAI, dise\u00f1ada para generar texto de manera\u2026","rel":"","context":"En \u00abChatGPT\u00bb","block_context":{"text":"ChatGPT","link":"https:\/\/webdelmaestrocmf.com\/portal\/category\/tecnologia\/chatgpt\/"},"img":{"alt_text":"","src":"https:\/\/i0.wp.com\/webdelmaestrocmf.com\/portal\/wp-content\/uploads\/2024\/05\/Banner-1-portada-imagen-10-1-12.jpg?resize=350%2C200&ssl=1","width":350,"height":200,"srcset":"https:\/\/i0.wp.com\/webdelmaestrocmf.com\/portal\/wp-content\/uploads\/2024\/05\/Banner-1-portada-imagen-10-1-12.jpg?resize=350%2C200&ssl=1 1x, https:\/\/i0.wp.com\/webdelmaestrocmf.com\/portal\/wp-content\/uploads\/2024\/05\/Banner-1-portada-imagen-10-1-12.jpg?resize=525%2C300&ssl=1 1.5x, https:\/\/i0.wp.com\/webdelmaestrocmf.com\/portal\/wp-content\/uploads\/2024\/05\/Banner-1-portada-imagen-10-1-12.jpg?resize=700%2C400&ssl=1 2x"},"classes":[]},{"id":46533,"url":"https:\/\/webdelmaestrocmf.com\/portal\/curso-virtual-el-rol-del-docente-en-la-ensenanza-aprendizaje-a-distancia\/","url_meta":{"origin":47623,"position":4},"title":"Curso virtual \u00abEl rol del docente en la ense\u00f1anza aprendizaje a distancia\u00bb","author":"Web del Maestro CMF","date":"18 abril, 2020","format":false,"excerpt":"El Ministerio de Educaci\u00f3n, a trav\u00e9s de la Direcci\u00f3n de Formaci\u00f3n Docente en Servicio (DIFODS), pone a disposici\u00f3n de los docentes contratados, nombrados y especialistas de las Direcciones Regionales de Educaci\u00f3n y de las Unidades de Gesti\u00f3n Educativa Local el curso virtual \"El rol del docente en la ense\u00f1anza aprendizaje\u2026","rel":"","context":"En \u00abCursos\u00bb","block_context":{"text":"Cursos","link":"https:\/\/webdelmaestrocmf.com\/portal\/category\/cursos\/"},"img":{"alt_text":"","src":"https:\/\/i0.wp.com\/webdelmaestrocmf.com\/portal\/wp-content\/uploads\/2020\/04\/1-15.jpeg?resize=350%2C200&ssl=1","width":350,"height":200,"srcset":"https:\/\/i0.wp.com\/webdelmaestrocmf.com\/portal\/wp-content\/uploads\/2020\/04\/1-15.jpeg?resize=350%2C200&ssl=1 1x, https:\/\/i0.wp.com\/webdelmaestrocmf.com\/portal\/wp-content\/uploads\/2020\/04\/1-15.jpeg?resize=525%2C300&ssl=1 1.5x, https:\/\/i0.wp.com\/webdelmaestrocmf.com\/portal\/wp-content\/uploads\/2020\/04\/1-15.jpeg?resize=700%2C400&ssl=1 2x, https:\/\/i0.wp.com\/webdelmaestrocmf.com\/portal\/wp-content\/uploads\/2020\/04\/1-15.jpeg?resize=1050%2C600&ssl=1 3x"},"classes":[]},{"id":116671,"url":"https:\/\/webdelmaestrocmf.com\/portal\/descarga-la-guia-practica-para-comprender-mejor-las-emociones-en-la-etapa-adolescente\/","url_meta":{"origin":47623,"position":5},"title":"Descarga la \u00abGu\u00eda pr\u00e1ctica para comprender mejor las emociones en la etapa adolescente\u00bb","author":"Web del Maestro CMF","date":"20 marzo, 2026","format":false,"excerpt":"Gu\u00eda pr\u00e1ctica que ayuda a docentes a comprender y gestionar las emociones adolescentes, promoviendo empat\u00eda, autorregulaci\u00f3n y bienestar emocional, claves para mejorar la convivencia y el aprendizaje significativo en el aula.","rel":"","context":"En \u00abLibros\u00bb","block_context":{"text":"Libros","link":"https:\/\/webdelmaestrocmf.com\/portal\/category\/pedagogia\/libros\/"},"img":{"alt_text":"","src":"https:\/\/i0.wp.com\/webdelmaestrocmf.com\/portal\/wp-content\/uploads\/2026\/03\/1AA-Banner-1-portada-imagen-10-1-copia-6-1.webp?resize=350%2C200&ssl=1","width":350,"height":200,"srcset":"https:\/\/i0.wp.com\/webdelmaestrocmf.com\/portal\/wp-content\/uploads\/2026\/03\/1AA-Banner-1-portada-imagen-10-1-copia-6-1.webp?resize=350%2C200&ssl=1 1x, https:\/\/i0.wp.com\/webdelmaestrocmf.com\/portal\/wp-content\/uploads\/2026\/03\/1AA-Banner-1-portada-imagen-10-1-copia-6-1.webp?resize=525%2C300&ssl=1 1.5x, https:\/\/i0.wp.com\/webdelmaestrocmf.com\/portal\/wp-content\/uploads\/2026\/03\/1AA-Banner-1-portada-imagen-10-1-copia-6-1.webp?resize=700%2C400&ssl=1 2x, https:\/\/i0.wp.com\/webdelmaestrocmf.com\/portal\/wp-content\/uploads\/2026\/03\/1AA-Banner-1-portada-imagen-10-1-copia-6-1.webp?resize=1050%2C600&ssl=1 3x"},"classes":[]}],"_links":{"self":[{"href":"https:\/\/webdelmaestrocmf.com\/portal\/wp-json\/wp\/v2\/posts\/47623","targetHints":{"allow":["GET"]}}],"collection":[{"href":"https:\/\/webdelmaestrocmf.com\/portal\/wp-json\/wp\/v2\/posts"}],"about":[{"href":"https:\/\/webdelmaestrocmf.com\/portal\/wp-json\/wp\/v2\/types\/post"}],"author":[{"embeddable":true,"href":"https:\/\/webdelmaestrocmf.com\/portal\/wp-json\/wp\/v2\/users\/1"}],"replies":[{"embeddable":true,"href":"https:\/\/webdelmaestrocmf.com\/portal\/wp-json\/wp\/v2\/comments?post=47623"}],"version-history":[{"count":0,"href":"https:\/\/webdelmaestrocmf.com\/portal\/wp-json\/wp\/v2\/posts\/47623\/revisions"}],"wp:featuredmedia":[{"embeddable":true,"href":"https:\/\/webdelmaestrocmf.com\/portal\/wp-json\/wp\/v2\/media\/47625"}],"wp:attachment":[{"href":"https:\/\/webdelmaestrocmf.com\/portal\/wp-json\/wp\/v2\/media?parent=47623"}],"wp:term":[{"taxonomy":"category","embeddable":true,"href":"https:\/\/webdelmaestrocmf.com\/portal\/wp-json\/wp\/v2\/categories?post=47623"},{"taxonomy":"post_tag","embeddable":true,"href":"https:\/\/webdelmaestrocmf.com\/portal\/wp-json\/wp\/v2\/tags?post=47623"}],"curies":[{"name":"wp","href":"https:\/\/api.w.org\/{rel}","templated":true}]}}