{"id":47560,"date":"2020-06-02T18:35:22","date_gmt":"2020-06-02T22:35:22","guid":{"rendered":"https:\/\/webdelmaestrocmf.com\/portal\/?p=47560"},"modified":"2020-06-21T18:29:18","modified_gmt":"2020-06-21T22:29:18","slug":"miguel-varela-la-instruccion-diferenciada-necesaria-para-el-aprendiz-del-siglo-xxi","status":"publish","type":"post","link":"https:\/\/webdelmaestrocmf.com\/portal\/miguel-varela-la-instruccion-diferenciada-necesaria-para-el-aprendiz-del-siglo-xxi\/","title":{"rendered":"[Miguel Varela] La Instrucci\u00f3n Diferenciada: \u00bfNecesaria para el aprendiz del Siglo XXI?"},"content":{"rendered":"<h5 style=\"text-align: justify;\">El tema de la instrucci\u00f3n diferenciada o ense\u00f1anza diferenciada es uno que se est\u00e1 discutiendo entre los c\u00edrculos de la pedagog\u00eda y los te\u00f3ricos de la metodolog\u00eda de ense\u00f1anza. Sin embargo, para entender su importancia o pertinencia, se hace necesario estudiar su contexto sociocultural y pedag\u00f3gico. Hay que conocer las ventajas y desventajas de esta modalidad de ense\u00f1anza, sus retos y, sobre todo, las implicaciones que tiene para el curr\u00edculo, la planificaci\u00f3n, la evaluaci\u00f3n y en el desarrollo profesional del docente.<\/h5>\n<p><!--more--><\/p>\n<p style=\"text-align: justify;\">Se hace pertinente \u00a0estudiar la instrucci\u00f3n diferenciada enmarcada o relacionada al tema de la integraci\u00f3n curricular, los estilos de ense\u00f1anza y aprendizaje, el aprendizaje significativo, aprendizaje mediante problemas, la ense\u00f1anza personalizada y c\u00f3mo, dentro de este contexto, es pr\u00e1ctica en la atenci\u00f3n a los estudiantes con discapacidades, estudiantes migrantes, estudiantes con limitaciones ling\u00fc\u00edsticas, estudiantes con problemas de aprendizajes, estudiantes talentosos acad\u00e9micamente y los talentosos en otras \u00e1reas.<\/p>\n<p style=\"text-align: justify;\">En este art\u00edculo se pretende hacer una sinopsis de los elementos m\u00e1s importantes identificados por los estudiosos sobre el tema, de tal manera que el lector pueda ubicarse en tiempo y espacio y determinar hasta que punto es pertinente el uso y desarrollo de la instrucci\u00f3n diferenciada en los diferentes escenarios educativos y c\u00f3mo su uso puede traducirse en una herramienta, no la \u00fanica, para mejorar el aprovechamiento o desempe\u00f1o acad\u00e9mico. Son diferentes los autores y te\u00f3ricos en pedagog\u00eda que han estado presentando el tema de la instrucci\u00f3n diferenciada.<\/p>\n<h5 style=\"text-align: justify;\"><strong>\u00bfQu\u00e9 establece la estrategia de instrucci\u00f3n diferenciada? <\/strong><\/h5>\n<p style=\"text-align: justify;\">La pionera en el estudio de la instrucci\u00f3n diferenciada es Carol Ann Tomlinson, una educadora de Virginia quien ha escrito sobre doscientos art\u00edculos relacionados al tema, as\u00ed como diferentes libros. Seg\u00fan Tomlinson (2001,2005), el modelo de instrucci\u00f3n diferenciada parte del supuesto o la premisa de que todos los estudiantes aprenden de diferentes maneras, enfatiza que el aprendizaje se ver\u00e1 afectado por diversas variables entre las que se destacan; <strong>aptitud, habilidad, actitud, motivaci\u00f3n e inter\u00e9s<\/strong> por parte del estudiante y c\u00f3mo el docente desarrolla su ense\u00f1anza. De hecho, Tomlinson identifica cuatro \u00e1reas en la que el docente puede ofrecer instrucci\u00f3n diferenciada;<\/p>\n<ul style=\"text-align: justify;\">\n<li><strong>contenido &#8211;<\/strong> el docente est\u00e1 llamado a averiguar lo que el estudiante necesita para aprender, as\u00ed c\u00f3mo identificar los recursos necesarios para colaborar en que lo logre.<\/li>\n<li>p<strong>roceso &#8211; <\/strong>consiste en que el docente planifique y desarrollo actividades dirigidas a ayudar al estudiante a que le vea sentido, que descubra la pertinencia de lo que se le va a ense\u00f1ar para que lo aprenda.<\/li>\n<li>p<strong>royectos &#8211; \u00a0<\/strong>se refiere a la capacidad que los estudiantes deben adquirir para demostrar hasta qu\u00e9 grado aprendieron.<\/li>\n<li>a<strong>mbiente de aprendizaje &#8211; <\/strong>se refiere al ambiente que prevalece en la sala de clases y c\u00f3mo estos interact\u00faan y trabajan en forma colaborativa.<\/li>\n<\/ul>\n<p style=\"text-align: justify;\">Gonz\u00e1lez Cubero (2012) en tu tesis de maestr\u00eda, <strong>El Modelo de la Ense\u00f1anza<\/strong><br \/>\n<strong>Diferenciada y su eficacia en los procesos de ense\u00f1anza y aprendizaje del idioma espa\u00f1ol como lengua extranjera, <\/strong>presenta un estudio abarcador de la instrucci\u00f3n diferenciada desde diferentes perspectivas. Dada la pertinencia de la investigaci\u00f3n anterior invito a los lectores a referirse al mismo para que puedan beneficiarse de los hallazgos, conclusiones y recomendaciones desarrolladas por la investigadora. Por otro lado, Perrenoud (2007), en su libro <strong>Pedagog\u00eda Diferenciada, <\/strong>establece que la instrucci\u00f3n diferenciada debe ser dirigida a que cada alumno sea orientado a encontrar significado en lo que se ense\u00f1a. De igual manera, Gregory y Chapman (2007) hacen \u00e9nfasis en el rol del docente en la instrucci\u00f3n diferenciada. Sostienen que en una clase diferenciada, o sea, instrucci\u00f3n diferenciada, los docentes est\u00e1n llamados a responder a las necesidades de los estudiantes. Coleman (2014) en un art\u00edculo publicado \u00a0en el portal \u201cUnderstood\u201d hace claro que no debe confundirse instrucci\u00f3n diferenciada con instrucci\u00f3n personalizada. La autora define instrucci\u00f3n diferenciado como aquella que le permite a los estudiantes demostrar lo que saben, en este caso lo que aprendieron, de diferentes maneras. Enfatiza Coleman que la instrucci\u00f3n diferenciada incluye los estilos de aprendizaje. Todos los que est\u00e1n asociados a la ense\u00f1anza est\u00e1n convencidos en que ense\u00f1ar y aprender se ha convertido en un reto para el docente de hoy, por lo tanto, la instrucci\u00f3n diferenciada, como lo establece Coleman, invita a que se tome en consideraci\u00f3n los estilos de aprendizaje y se asuma una actitud reflexiva e investigativa con el fin de actualizar y dominar el conocimiento del estudiante en el contexto de c\u00f3mo aprende. Despu\u00e9s de todo, la sala de clases es un escenario en el que se tiene que promover en todo momento el aprendizaje. En esa misma l\u00ednea el que ense\u00f1a debe tener claro la importancia de \u00a0adaptar el proceso ense\u00f1anza-aprendizaje a los intereses y necesidades del estudiante. Existen diferencias sustanciales y medibles en c\u00f3mo las personas perciben y procesan\u00a0 la informaci\u00f3n recibida. Lo anterior requiere que la ense\u00f1anza o instrucci\u00f3n se ajuste a esa realidad.<\/p>\n<p><img loading=\"lazy\" decoding=\"async\" class=\"alignnone wp-image-47563 size-full\" src=\"https:\/\/webdelmaestrocmf.com\/portal\/wp-content\/uploads\/2020\/06\/1-6.jpg\" alt=\"\" width=\"1100\" height=\"680\" srcset=\"https:\/\/webdelmaestrocmf.com\/portal\/wp-content\/uploads\/2020\/06\/1-6.jpg 1100w, https:\/\/webdelmaestrocmf.com\/portal\/wp-content\/uploads\/2020\/06\/1-6-300x185.jpg 300w, https:\/\/webdelmaestrocmf.com\/portal\/wp-content\/uploads\/2020\/06\/1-6-1024x633.jpg 1024w, https:\/\/webdelmaestrocmf.com\/portal\/wp-content\/uploads\/2020\/06\/1-6-768x475.jpg 768w, https:\/\/webdelmaestrocmf.com\/portal\/wp-content\/uploads\/2020\/06\/1-6-110x68.jpg 110w, https:\/\/webdelmaestrocmf.com\/portal\/wp-content\/uploads\/2020\/06\/1-6-200x124.jpg 200w, https:\/\/webdelmaestrocmf.com\/portal\/wp-content\/uploads\/2020\/06\/1-6-380x235.jpg 380w, https:\/\/webdelmaestrocmf.com\/portal\/wp-content\/uploads\/2020\/06\/1-6-255x158.jpg 255w, https:\/\/webdelmaestrocmf.com\/portal\/wp-content\/uploads\/2020\/06\/1-6-550x340.jpg 550w, https:\/\/webdelmaestrocmf.com\/portal\/wp-content\/uploads\/2020\/06\/1-6-800x495.jpg 800w\" sizes=\"auto, (max-width: 1100px) 100vw, 1100px\" \/><\/p>\n<h5 style=\"text-align: justify;\"><strong>Instrucci\u00f3n Diferenciada y Estilos de Aprendizaje<\/strong><\/h5>\n<p style=\"text-align: justify;\">Para entender la relaci\u00f3n entre la instrucci\u00f3n diferenciada y los estilos de aprendizaje es necesario conocer las caracter\u00edsticas del nuevo estudiante. Seg\u00fan Acosta (2003), entre estas caracter\u00edsticas sobresalen, generalmente las mismas est\u00e1n activas en el estudiante de este siglo; <strong>pr\u00e1ctico en su aprendizaje, le gusta la excitaci\u00f3n, le atrae la novedad, le encanta la acci\u00f3n, es auditivo, comprende mejor el lenguaje cuando lo escucha, deficiente en el lenguaje formal, facilidad en usar adjetivos, gusta de hacer asociaciones imaginativas y creativas, vive el vocabulario, presenta numerosas deficiencias en la lectura, le atrae aquellos materiales de lectura afines con sus experiencias, intereses y necesidades, poco informado sobre los sucesos que est\u00e1n ocurriendo fuera del ambiente inmediato, es impulsivo, posee un vocabulario limitado, pr\u00e1ctico en la memorizaci\u00f3n mec\u00e1nica, presenta dificultad para el an\u00e1lisis, ve la sala de clases como un centro de entretenimiento, est\u00e1 orientado hacia los medios de comunicaci\u00f3n, presenta un lapso de atenci\u00f3n breve, compite en el uso de la tecnolog\u00eda, algunos consideran la escuela como prioridad, desinter\u00e9s en la pol\u00edtica, poca diferencia hacia la autoridad, poco respeto hacia los compa\u00f1eros, su prioridad es ganar dinero. <\/strong><\/p>\n<p style=\"text-align: justify;\">A partir de las caracter\u00edsticas identificadas previamente, es que se puede entender la relaci\u00f3n entre estilos de aprendizaje y la instrucci\u00f3n diferenciada. \u00a0Enmarcado en las caracter\u00edsticas presentadas se define estilo de aprendizaje como las condiciones bajo las cuales se facilita el aprendizaje, son los elementos que describen c\u00f3mo las personas aprenden, es una forma \u00fanica de cada individuo aprender, sus caracter\u00edsticas y el nivel de motivaci\u00f3n para que pueda aprender.<\/p>\n<p style=\"text-align: justify;\">Es importante se\u00f1alar que hay m\u00faltiples definiciones de estilo de aprendizaje, sin embargo, para efectos de lo que se presenta en este escrito, se ha incluido las relacionadas, directa o indirectamente, a la instrucci\u00f3n diferenciada. Por ejemplo ya los esposos Dunn (1979) hab\u00edan presentado una clasificaci\u00f3n de los estilos de aprendizaje en; <strong>ambientales, f\u00edsicos, sociol\u00f3gicos, emocionales y psicol\u00f3gicos<\/strong>. De igual manera Fischer y Fischer (1979), aunque con t\u00e9rminos diferentes, introducen los diferentes tipos de estilos de aprendizaje en; <strong>aprendizaje por gradaci\u00f3n, sensorial especializado, intuitivo, generalista, emocionalmente involucrado, emocionalmente neutral, expl\u00edcitamente estructurado, receptivo en un ambiente abierto, aprendiz ecl\u00e9ctico<\/strong>. Otro estudioso destacado en el campo de los estilos de aprendizaje lo es Herman Witkins, psic\u00f3logo americano que se especializ\u00f3 en el estudio de las actividades psicol\u00f3gicas superiores y trae a la atenci\u00f3n, dentro del contexto de los estilos de aprendizaje, los estilos cognitivos. En este tipo de estilo se presenta la capacidad de las personas, en este caso estudiante, en separar un factor, el campo visual, para poder aprender. Witkins identific\u00f3 dos estilos de aprendizaje cognitivos; el cognitivo de dependencia y el de independencia. A partir de la d\u00e9cada del noventa han surgido diversos modelos de estilos de aprendizaje, pr\u00e1cticamente todos los modelos coinciden en su prop\u00f3sito, brindar \u00e9nfasis a c\u00f3mo se aprende para poder ense\u00f1ar. Esa es la relaci\u00f3n e interdependencia que debe existir entre la manera en que se desarrolla la instrucci\u00f3n diferenciada y la atenci\u00f3n que se le brinde a la manera en que el estudiante aprenda.<\/p>\n<h5 style=\"text-align: justify;\"><strong>Instrucci\u00f3n Diferenciada y Aprendizaje Significativo<\/strong><\/h5>\n<p style=\"text-align: justify;\">Es importante enfatizar que a la \u00a0medida en que se conecta la instrucci\u00f3n diferenciada con los estilos de aprendizaje, se hace necesario tomar en consideraci\u00f3n lo significativo que puede resultar o no lo qu\u00e9 se ense\u00f1a y la capacidad que el estudiante tenga para aprender, dependiendo el grado de este significado. Por lo tanto, es necesario entender \u00a0el modelo de aprendizaje significativo promulgado por el psic\u00f3logo cognitivo estadounidense David Ausubel en la d\u00e9cada del ochenta. Este planteaba que para que un ni\u00f1o aprendiera era necesario relacionar la estructura cognitiva previa con la nueva informaci\u00f3n que se le presentar\u00e1. Rodr\u00edguez, 2011, presenta el impacto de esta teor\u00eda en el campo de la docencia. Establece el autor que este impacto est\u00e1 asociado a lo que ocurre en la sala de clases y su efecto o aplicaci\u00f3n en facilitar el c\u00f3mo, el qu\u00e9 y el cu\u00e1ndo del aprendizaje. En otras palabras, lo que el estudiante va a aprender tiene que ser significativo, darle sentido a lo que aprende, ayudarlo a construir ese significado. En su relaci\u00f3n con la instrucci\u00f3n diferenciada, la pertinencia e importancia que se le d\u00e9 a la Teor\u00eda del Aprendizaje Significativo es necesaria. De acuerdo a las definiciones o postulados presentados por los diferentes te\u00f3ricos en el \u00e1rea de instrucci\u00f3n diferenciada, se establece un v\u00ednculo interdependiente con el aprendizaje significativo.<\/p>\n<h5 style=\"text-align: justify;\"><strong>Instrucci\u00f3n Diferenciada e Inteligencias M\u00faltiples<\/strong><\/h5>\n<p style=\"text-align: justify;\">Otro elemento que hay que considerar al momento de usar la instrucci\u00f3n diferenciada es el relacionado al campo y estudio de las inteligencias m\u00faltiples. Si importante es la consideraci\u00f3n de los estilos de aprendizaje y el aprendizaje significativo, igual de importante tiene que ser la atenci\u00f3n a la Teor\u00eda de Inteligencias M\u00faltiples desarrollada y propuesta por Howard Gardner (2001), psic\u00f3logo e investigador estadounidense. Para Gardner, la inteligencia iba m\u00e1s all\u00e1 de lo acad\u00e9mico, es una mezcla de todas las inteligencias, en este caso las ocho identificadas originalmente en su teor\u00eda. Es evidente la necesidad de atender la capacidad y componente intelectual y diferente en que cada estudiante. Eso es lo se pretende con la instrucci\u00f3n diferenciada, es lo que Gardner trat\u00f3 de postular en su teor\u00eda, atender las diferencias, no enfocarse en la inteligencia tradicional.<\/p>\n<h5 style=\"text-align: justify;\"><strong>Instrucci\u00f3n Diferenciada y Neurociencia<\/strong><\/h5>\n<p style=\"text-align: justify;\">No se puede dejar de hablar de instrucci\u00f3n diferenciada sin tocar un \u00e1rea del desarrollo intelectual y cognitivo que est\u00e1 de moda, la neurociencia y sus remanentes en el neuro aprendizaje. Indica Col\u00f3n, 2003, que la educaci\u00f3n, en todas sus dimensiones, es la clave para que el cerebro aprenda. Por lo tanto, seg\u00fan el autor, es necesario educar al cerebro para mejorar el aprendizaje. Lo anterior es lo que establece la pertinencia del neuro aprendizaje en el proceso ense\u00f1anza aprendizaje. En su libro, <strong><em>El cerebro que aprende: la neuropsicolog\u00eda del aprendizaje,<\/em><\/strong> el Dr. Col\u00f3n explica c\u00f3mo en el cerebro humano hay diferentes \u00e1reas especializadas en procesar la informaci\u00f3n y tareas diversas en el que en el que se lleva a cabo el proceso de aprendizaje. As\u00ed que al incorporar modalidades variadas, relacionadas a la presentaci\u00f3n visual, auditiva y textual, se est\u00e1 fortaleciendo el aprendizaje.\u00a0 La instrucci\u00f3n diferenciada pretende atender la forma diferente en que nuestros estudiantes aprenden. Por lo tanto, el neuro aprendizaje es un factor clave en su implantaci\u00f3n y desarrollo. El neuro aprendizaje es presentado como la interacci\u00f3n de todos los patrones cerebrales que se conectan entre s\u00ed para poder aprender mediante asociaciones y adaptaciones. En otras palabras, se promueve con el neuro aprendizaje que el estudiante desarrolle la capacidad de adquirir una serie de patrones, modelos y respuestas que provoquen un aprendizaje activo. A trav\u00e9s del mismo se han identificado aquellos elementos que ayudan a determinar c\u00f3mo aprende el cerebro humano.<\/p>\n<h5 style=\"text-align: justify;\"><strong>Conclusi\u00f3n<\/strong><\/h5>\n<p style=\"text-align: justify;\">Implantar y desarrollar la instrucci\u00f3n diferenciada para atender las necesidades, intereses y particularidades del estudiante conlleva cambios de paradigmas y otras implicaciones con los m\u00e9todos tradicionales. A continuaci\u00f3n se incluyen una serie de recomendaciones para que la misma pueda ser exitosa y que, a la larga, redunde en \u00e9xito al atender la raz\u00f3n de ser de un sistema educativo, los estudiantes con diferencias, aunque todos son iguales, todos son diferentes, esa debe ser la meta, atender este segmento. \u00a0\u00a0\u00a0 Los docentes tienen que ser adiestrados sobre la estrategia de instrucci\u00f3n diferenciada y sus implicaciones, cu\u00e1l es su marco filos\u00f3fico y psicol\u00f3gico, cu\u00e1les son sus ventajas y desventajas, en qu\u00e9 momento funciona y en cu\u00e1l no, c\u00f3mo usarla efectivamente, ente otros. Tiene que retomarse el proceso de evaluaci\u00f3n diagn\u00f3stica para poder saber d\u00f3nde est\u00e1 ubicado el estudiante, su nivel de conocimiento, de destrezas, de contenido. De esta manera se identifican las fortalezas y necesidades de cada estudiante. Es importante que se desarrollen diferentes estrategias acad\u00e9micas de bajo nivel de complejidad para atender a \u00a0los estudiantes m\u00e1s rezagados y estrategias acad\u00e9micas de alto nivel para los m\u00e1s acelerados. El docente est\u00e1 obligado a conocer a cada estudiante, con sus fortalezas y \u00e1reas por mejorar, tiene que lograr un clima de tolerancia y respeto a los que puedan resultar diferentes. Es imperativo la funcionalidad del grupo como un colectivo. La planificaci\u00f3n que se haga tiene que ser diferenciada para poder atender cada particularidad y necesidad, lo anterior conlleva la variaci\u00f3n en lo que se ense\u00f1a, as\u00ed como en las t\u00e9cnicas y m\u00e9todos de ense\u00f1anza usados. Para que la instrucci\u00f3n diferenciada se traduzca en \u00e9xito en el aprovechamiento acad\u00e9mico, por ende en el aprendizaje, es necesario evaluar al estudiante de diversas formas, un \u00abassessment\u00bb variado para un estudiante diferente. La instrucci\u00f3n diferenciada, seg\u00fan lo presentado en este art\u00edculo, est\u00e1 dise\u00f1ada para, como su nombre lo indica, atender las necesidades y particularidades de los estudiantes. No solamente al que presenta discapacidades, sino al de problemas ling\u00fc\u00edsticos, al que proviene de otra cultura, al dotado, al rezagado. Ese es su uso, se requiere que todo docente la domine y la pueda usar adecuadamente en beneficio del estudiante. Al final de cuenta la satisfacci\u00f3n de que el estudiante aprenda ser\u00e1 una disfrutada por el docente y valorada por el estudiante. Cada uno de ellos se necesita.<\/p>\n<p style=\"text-align: justify;\">Sin duda alguna, el \u00e1rea de la instrucci\u00f3n diferenciada continua siendo una pr\u00e1ctica en el siglo XXI. No indica, claro est\u00e1, que no era importante antes. Lo que ocurre es que el nuevo estudiante requiere de nuevas pr\u00e1cticas y metodolog\u00edas de ense\u00f1anzas y curriculares para ser atendido y entendiendo exitosamente. Ante un cambio sociocultural acelerado, con un concepto nuevo de lo que es necesario ense\u00f1ar y al que hay que ense\u00f1ar, ante un reto de insertar al estudiante a un nuevo escenario, en el que la rigurosidad nunca se pierda, aun dentro de la flexibilidad, es necesario un nuevo enfoque. El enfoque de la instrucci\u00f3n diferenciada no puede perder de perspectiva los cambios que experimenta el nuevo estudiante, independientemente sus requerimientos, necesidades y exigencias. La instrucci\u00f3n diferenciada sirve para atender al estudiante que es un migrante contin\u00fao, con limitaciones o fortalezas por encima o por debajo del promedio. Contribuye a parearse con el mundo de las redes sociales, con los retos de no leer, con la realidad de no aceptar el deseo de aprender, pero exigir unos acomodos y atenci\u00f3n a necesidades de aprendizaje y dificultades con \u00e9ste. Determinar c\u00f3mo, cu\u00e1ndo y qu\u00e9 se aprende es el reto contin\u00fao a la que se enfrenta todo docente. A la luz de esa realidad, se mueve, se adapta o se retira a una zona de transici\u00f3n.<\/p>\n<p style=\"text-align: justify;\">La instrucci\u00f3n diferenciada, por lo tanto, exige y conlleva cambios en paradigmas, desde la atenci\u00f3n a las modificaciones curriculares, preparaci\u00f3n de los futuros docentes, modificaciones en los modelos de evaluaci\u00f3n, as\u00ed como en el concepto de la nueva escuela. A cada uno, seg\u00fan las circunstancias, le corresponde identificar la necesidad o no necesidad de adaptarse exitosamente a los cambios que llegan, llegaran o han permanecido inalterados. Desde esa perspectiva, cada agente o actor del mundo educativo determinar\u00e1 responder a la pregunta, <strong>La Instrucci\u00f3n Diferenciada: \u00bfNecesaria para el Aprendiz del Siglo XXI?\u00a0 <\/strong><\/p>\n<h5 style=\"text-align: justify;\"><strong>Referencias:<\/strong><\/h5>\n<ul>\n<li style=\"text-align: justify;\">Acosta Ramos, J. (2003). <em>Las Inteligencias M\u00faltiples y los estilos de aprendizaje ante el\u00a0 \u00a0 \u00a0 \u00a0 \u00a0 \u00a0 \u00a0 \u00a0 \u00a0 reto de educar en el siglo XXI.<\/em> El Sol <em>47 <\/em>(1):31-35.<\/li>\n<li style=\"text-align: justify;\">Coleman, G., <em>\u00bfQu\u00e9 es una instrucci\u00f3n diferenciada?,<\/em> https:\/\/www.understood.org\/es-mx\/learning-attention-issues\/treatments-approaches\/educational-strategies\/ (consultado marzo 2015).<\/li>\n<li style=\"text-align: justify;\">Colon, L. (2003). <em>El cerebro que aprende: la neuropsicolog\u00eda del aprendizaje<strong>. <\/strong><\/em>San Juan, \u00a0 Puerto Rico.<\/li>\n<li style=\"text-align: justify;\">Gardner, H. (2001<em>). Estructuras de la Mente: La teor\u00eda de las inteligencias m\u00faltiples. \u00a0\u00a0\u00a0\u00a0\u00a0\u00a0 Fondo de cultura econ\u00f3mica.<\/em><\/li>\n<li style=\"text-align: justify;\">Gonz\u00e1lez Cubero, M. (2012). <strong><em>El Modelo de la Ense\u00f1anza Diferenciada y su eficacia en los procesos de ense\u00f1anza y aprendizaje del idioma espa\u00f1ol como lengua extranjera<\/em><\/strong><strong><em>.<\/em><\/strong> Tesis de Maestr\u00eda, San Jos\u00e9, Costa Rica.<\/li>\n<li style=\"text-align: justify;\">Gregory, G. y Chapman, C. (2007). <em>Differentiated Instrucional Strategies. One size \u00a0\u00a0\u00a0\u00a0 doesn\u00b4t\u00a0 \u00a0fit all<\/em>. Corwin Press. Perrenoud, P. (2007). <strong>Pedagog\u00eda Diferenciada<\/strong>. Madrid,\u00a0 Espa\u00f1a.<\/li>\n<li style=\"text-align: justify;\">Rodr\u00edguez, M. (2011).<em>La teor\u00eda del aprendizaje significativo: una revisi\u00f3n aplicable a la escuela actual<\/em>. Recuperado de https:\/\/dialnet.unirioja.es\/servlet\/articulo?codigo=3634413<\/li>\n<\/ul>\n<table class=\" alignleft\" border=\"0\" width=\"100%\" cellspacing=\"10\" cellpadding=\"10\">\n<tbody>\n<tr>\n<td style=\"text-align: center;\" width=\"30%\"><strong><img loading=\"lazy\" decoding=\"async\" class=\"size-full wp-image-47360 aligncenter\" src=\"https:\/\/webdelmaestrocmf.com\/portal\/wp-content\/uploads\/2020\/05\/1-28.jpg\" alt=\"\" width=\"200\" height=\"200\" srcset=\"https:\/\/webdelmaestrocmf.com\/portal\/wp-content\/uploads\/2020\/05\/1-28.jpg 200w, https:\/\/webdelmaestrocmf.com\/portal\/wp-content\/uploads\/2020\/05\/1-28-150x150.jpg 150w, https:\/\/webdelmaestrocmf.com\/portal\/wp-content\/uploads\/2020\/05\/1-28-80x80.jpg 80w, https:\/\/webdelmaestrocmf.com\/portal\/wp-content\/uploads\/2020\/05\/1-28-110x110.jpg 110w\" sizes=\"auto, (max-width: 200px) 100vw, 200px\" \/><br \/>\nAutor:<\/strong> Miguel A. Varela P\u00e9rez , ciudadano americano, nacido en Puerto Rico.<br \/>\n<strong>Experiencia laboral: <\/strong>Master en Educaci\u00f3n con especialidad en Administraci\u00f3n y Supervisi\u00f3n Educativa, Bachiller en Ciencias con concentraci\u00f3n en Biolog\u00eda, 32 a\u00f1os de experiencia como docente y docente administrativo, en \u00e1reas de ense\u00f1anza de Ciencia General, Biolog\u00eda y Qu\u00edmica en el nivel secundario, director escolar en los niveles primarios y secundario, Supervisor de Ciencias, Superintendente de Escuelas, 27 a\u00f1os como profesor universitario en Programas de Preparaci\u00f3n de Maestros. Administrador del Blog Desde Mi Sal\u00f3n, colaborador en peri\u00f3dicos regionales y programas radiales.<br \/>\n<strong>Correo electr\u00f3nico:<\/strong> <a href=\"mailto:varepma@hotmaill.com\">varepma@hotmaill.com<\/a><br \/>\n<strong>Cuenta de twitter:<\/strong> <a href=\"https:\/\/twitter.com\/varelapma\" target=\"_blank\" rel=\"noopener noreferrer\">@varelapma<\/a><\/td>\n<\/tr>\n<\/tbody>\n<\/table>\n<p style=\"text-align: left;\">.<\/p>\n\t\t<div class=\"pk-inline-posts\">\n\t\t\t\n\t\t\t<div class=\"pk-inline-posts-container pk-inline-posts-template-list\"\n\t\t\t\tdata-columns=\"1\">\n\t\t\t\t\t\t<article id=\"post-96228\" class=\"post-96228 post type-post status-publish format-standard has-post-thumbnail category-colaborador category-z-colaboradores-miguel_varela tag-educacion tag-informacion tag-miguel-varela tag-retos tag-sociedad cs-entry cs-video-wrap\">\n\t\t\t<div class=\"pk-post-outer\">\n\n\t\t\t\t\t\t\t\t<div class=\"pk-post-inner\">\n\t\t\t\t\t<div class=\"entry-thumbnail\">\n\t\t\t\t\t\t<div class=\"pk-overlay pk-overlay-ratio pk-ratio-landscape\">\n\t\t\t\t\t\t\t<div class=\"pk-overlay-background\">\n\t\t\t\t\t\t\t\t<a href=\"https:\/\/webdelmaestrocmf.com\/portal\/miguel-a-varela-la-sociedad-de-informacion-retos-para-la-educacion\/\" class=\"pk-overlay-link\">\n\t\t\t\t\t\t\t\t\t<img loading=\"lazy\" decoding=\"async\" width=\"300\" height=\"225\" src=\"https:\/\/webdelmaestrocmf.com\/portal\/wp-content\/uploads\/2023\/09\/A12B3C4D-5-5-300x225.jpg\" class=\"attachment-pk-thumbnail size-pk-thumbnail wp-post-image\" alt=\"\" \/>\t\t\t\t\t\t\t\t<\/a>\n\t\t\t\t\t\t\t<\/div>\n\t\t\t\t\t\t<\/div>\n\t\t\t\t\t<\/div>\n\t\t\t\t<\/div>\n\t\t\t\t\n\t\t\t\t<div class=\"pk-post-inner\">\n\t\t\t\t\t<header>\n\t\t\t\t\t\t<h3 class=\"pk-title\"><a href=\"https:\/\/webdelmaestrocmf.com\/portal\/miguel-a-varela-la-sociedad-de-informacion-retos-para-la-educacion\/\" rel=\"bookmark\">[Miguel A. Varela] La sociedad de informaci\u00f3n: retos para la educaci\u00f3n<\/a><\/h3>\t\t\t\t\t<\/header><!-- .entry-header -->\n\t\t\t\t<\/div><!-- .post-inner -->\n\n\t\t\t<\/div><!-- .post-outer -->\n\t\t<\/article>\n\t\t\t\t<\/div>\n\t\t<\/div>\n\t\t\n","protected":false},"excerpt":{"rendered":"El tema de la instrucci\u00f3n diferenciada o ense\u00f1anza diferenciada es uno que se est\u00e1 discutiendo entre los c\u00edrculos&hellip;","protected":false},"author":1,"featured_media":47564,"comment_status":"open","ping_status":"closed","sticky":false,"template":"","format":"standard","meta":{"csco_display_header_overlay":false,"csco_singular_sidebar":"default","csco_page_header_type":"default","csco_page_load_nextpost":"default","csco_post_video_location":[],"csco_post_video_location_hash":"","csco_post_video_url":"","csco_post_video_bg_start_time":0,"csco_post_video_bg_end_time":0,"csco_post_video_bg_volume":false,"_jetpack_memberships_contains_paid_content":false,"footnotes":""},"categories":[1790,5019],"tags":[5064,5063,3897,5020,2651,2652],"class_list":{"0":"post-47560","1":"post","2":"type-post","3":"status-publish","4":"format-standard","5":"has-post-thumbnail","7":"category-colaborador","8":"category-z-colaboradores-miguel_varela","9":"tag-aprendiz","10":"tag-diferenciada","11":"tag-instruccion","12":"tag-miguel-varela","13":"tag-siglo","14":"tag-xxi","15":"cs-entry","16":"cs-video-wrap"},"yoast_head":"<!-- This site is optimized with the Yoast SEO plugin v27.5 - https:\/\/yoast.com\/product\/yoast-seo-wordpress\/ -->\n<title>[Miguel Varela] La Instrucci\u00f3n Diferenciada: \u00bfNecesaria para el aprendiz del Siglo XXI? - 2026<\/title>\n<meta name=\"description\" content=\"El tema de la instrucci\u00f3n diferenciada o ense\u00f1anza diferenciada es uno que se est\u00e1 discutiendo entre los c\u00edrculos de la pedagog\u00eda y los te\u00f3ricos...\" \/>\n<meta name=\"robots\" content=\"index, follow, max-snippet:-1, max-image-preview:large, max-video-preview:-1\" \/>\n<link rel=\"canonical\" href=\"https:\/\/webdelmaestrocmf.com\/portal\/miguel-varela-la-instruccion-diferenciada-necesaria-para-el-aprendiz-del-siglo-xxi\/\" \/>\n<meta property=\"og:locale\" content=\"es_ES\" \/>\n<meta property=\"og:type\" content=\"article\" \/>\n<meta property=\"og:title\" content=\"[Miguel Varela] La Instrucci\u00f3n Diferenciada: \u00bfNecesaria para el aprendiz del Siglo XXI? - 2026\" \/>\n<meta property=\"og:description\" content=\"El tema de la instrucci\u00f3n diferenciada o ense\u00f1anza diferenciada es uno que se est\u00e1 discutiendo entre los c\u00edrculos de la pedagog\u00eda y los te\u00f3ricos...\" \/>\n<meta property=\"og:url\" content=\"https:\/\/webdelmaestrocmf.com\/portal\/miguel-varela-la-instruccion-diferenciada-necesaria-para-el-aprendiz-del-siglo-xxi\/\" \/>\n<meta property=\"og:site_name\" content=\"Web del Maestro CMF\" \/>\n<meta property=\"article:publisher\" content=\"https:\/\/www.facebook.com\/WebdelMaestroCMF\/\" \/>\n<meta property=\"article:author\" content=\"https:\/\/www.facebook.com\/WebdelMaestroCMF\/\" \/>\n<meta property=\"article:published_time\" content=\"2020-06-02T22:35:22+00:00\" \/>\n<meta property=\"article:modified_time\" content=\"2020-06-21T22:29:18+00:00\" \/>\n<meta property=\"og:image\" content=\"https:\/\/i0.wp.com\/webdelmaestrocmf.com\/portal\/wp-content\/uploads\/2020\/06\/2-3.jpg?fit=1100%2C680&ssl=1\" \/>\n\t<meta property=\"og:image:width\" content=\"1100\" \/>\n\t<meta property=\"og:image:height\" content=\"680\" \/>\n\t<meta property=\"og:image:type\" content=\"image\/jpeg\" \/>\n<meta name=\"author\" content=\"Web del Maestro CMF\" \/>\n<meta name=\"twitter:card\" content=\"summary_large_image\" \/>\n<meta name=\"twitter:creator\" content=\"@cmf_w\" \/>\n<meta name=\"twitter:site\" content=\"@cmf_w\" \/>\n<script type=\"application\/ld+json\" class=\"yoast-schema-graph\">{\"@context\":\"https:\\\/\\\/schema.org\",\"@graph\":[{\"@type\":\"ScholarlyArticle\",\"@id\":\"https:\\\/\\\/webdelmaestrocmf.com\\\/portal\\\/miguel-varela-la-instruccion-diferenciada-necesaria-para-el-aprendiz-del-siglo-xxi\\\/#article\",\"isPartOf\":{\"@id\":\"https:\\\/\\\/webdelmaestrocmf.com\\\/portal\\\/miguel-varela-la-instruccion-diferenciada-necesaria-para-el-aprendiz-del-siglo-xxi\\\/\"},\"author\":{\"name\":\"Web del Maestro CMF\",\"@id\":\"https:\\\/\\\/webdelmaestrocmf.com\\\/portal\\\/#\\\/schema\\\/person\\\/1072a2ed7bd960df8ef99a551fa35dc5\"},\"headline\":\"[Miguel Varela] La Instrucci\u00f3n Diferenciada: \u00bfNecesaria para el aprendiz del Siglo XXI?\",\"datePublished\":\"2020-06-02T22:35:22+00:00\",\"dateModified\":\"2020-06-21T22:29:18+00:00\",\"mainEntityOfPage\":{\"@id\":\"https:\\\/\\\/webdelmaestrocmf.com\\\/portal\\\/miguel-varela-la-instruccion-diferenciada-necesaria-para-el-aprendiz-del-siglo-xxi\\\/\"},\"wordCount\":3135,\"commentCount\":0,\"publisher\":{\"@id\":\"https:\\\/\\\/webdelmaestrocmf.com\\\/portal\\\/#organization\"},\"image\":{\"@id\":\"https:\\\/\\\/webdelmaestrocmf.com\\\/portal\\\/miguel-varela-la-instruccion-diferenciada-necesaria-para-el-aprendiz-del-siglo-xxi\\\/#primaryimage\"},\"thumbnailUrl\":\"https:\\\/\\\/webdelmaestrocmf.com\\\/portal\\\/wp-content\\\/uploads\\\/2020\\\/06\\\/2-3.jpg\",\"keywords\":[\"aprendiz\",\"Diferenciada\",\"INSTRUCCI\u00d3N\",\"Miguel Varela\",\"SIGLO\",\"XXI\"],\"articleSection\":[\"Z-Colaboradores\",\"Z-Colaboradores-Miguel_Varela\"],\"inLanguage\":\"es\",\"potentialAction\":[{\"@type\":\"CommentAction\",\"name\":\"Comment\",\"target\":[\"https:\\\/\\\/webdelmaestrocmf.com\\\/portal\\\/miguel-varela-la-instruccion-diferenciada-necesaria-para-el-aprendiz-del-siglo-xxi\\\/#respond\"]}]},{\"@type\":\"WebPage\",\"@id\":\"https:\\\/\\\/webdelmaestrocmf.com\\\/portal\\\/miguel-varela-la-instruccion-diferenciada-necesaria-para-el-aprendiz-del-siglo-xxi\\\/\",\"url\":\"https:\\\/\\\/webdelmaestrocmf.com\\\/portal\\\/miguel-varela-la-instruccion-diferenciada-necesaria-para-el-aprendiz-del-siglo-xxi\\\/\",\"name\":\"[Miguel Varela] La Instrucci\u00f3n Diferenciada: \u00bfNecesaria para el aprendiz del Siglo XXI? - 2026\",\"isPartOf\":{\"@id\":\"https:\\\/\\\/webdelmaestrocmf.com\\\/portal\\\/#website\"},\"primaryImageOfPage\":{\"@id\":\"https:\\\/\\\/webdelmaestrocmf.com\\\/portal\\\/miguel-varela-la-instruccion-diferenciada-necesaria-para-el-aprendiz-del-siglo-xxi\\\/#primaryimage\"},\"image\":{\"@id\":\"https:\\\/\\\/webdelmaestrocmf.com\\\/portal\\\/miguel-varela-la-instruccion-diferenciada-necesaria-para-el-aprendiz-del-siglo-xxi\\\/#primaryimage\"},\"thumbnailUrl\":\"https:\\\/\\\/webdelmaestrocmf.com\\\/portal\\\/wp-content\\\/uploads\\\/2020\\\/06\\\/2-3.jpg\",\"datePublished\":\"2020-06-02T22:35:22+00:00\",\"dateModified\":\"2020-06-21T22:29:18+00:00\",\"description\":\"El tema de la instrucci\u00f3n diferenciada o ense\u00f1anza diferenciada es uno que se est\u00e1 discutiendo entre los c\u00edrculos de la pedagog\u00eda y los te\u00f3ricos...\",\"breadcrumb\":{\"@id\":\"https:\\\/\\\/webdelmaestrocmf.com\\\/portal\\\/miguel-varela-la-instruccion-diferenciada-necesaria-para-el-aprendiz-del-siglo-xxi\\\/#breadcrumb\"},\"inLanguage\":\"es\",\"potentialAction\":[{\"@type\":\"ReadAction\",\"target\":[\"https:\\\/\\\/webdelmaestrocmf.com\\\/portal\\\/miguel-varela-la-instruccion-diferenciada-necesaria-para-el-aprendiz-del-siglo-xxi\\\/\"]}]},{\"@type\":\"ImageObject\",\"inLanguage\":\"es\",\"@id\":\"https:\\\/\\\/webdelmaestrocmf.com\\\/portal\\\/miguel-varela-la-instruccion-diferenciada-necesaria-para-el-aprendiz-del-siglo-xxi\\\/#primaryimage\",\"url\":\"https:\\\/\\\/webdelmaestrocmf.com\\\/portal\\\/wp-content\\\/uploads\\\/2020\\\/06\\\/2-3.jpg\",\"contentUrl\":\"https:\\\/\\\/webdelmaestrocmf.com\\\/portal\\\/wp-content\\\/uploads\\\/2020\\\/06\\\/2-3.jpg\",\"width\":1100,\"height\":680},{\"@type\":\"BreadcrumbList\",\"@id\":\"https:\\\/\\\/webdelmaestrocmf.com\\\/portal\\\/miguel-varela-la-instruccion-diferenciada-necesaria-para-el-aprendiz-del-siglo-xxi\\\/#breadcrumb\",\"itemListElement\":[{\"@type\":\"ListItem\",\"position\":1,\"name\":\"Portada\",\"item\":\"https:\\\/\\\/webdelmaestrocmf.com\\\/portal\\\/\"},{\"@type\":\"ListItem\",\"position\":2,\"name\":\"Z-Colaboradores\",\"item\":\"https:\\\/\\\/webdelmaestrocmf.com\\\/portal\\\/category\\\/colaborador\\\/\"},{\"@type\":\"ListItem\",\"position\":3,\"name\":\"[Miguel Varela] La Instrucci\u00f3n Diferenciada: \u00bfNecesaria para el aprendiz del Siglo XXI?\"}]},{\"@type\":\"WebSite\",\"@id\":\"https:\\\/\\\/webdelmaestrocmf.com\\\/portal\\\/#website\",\"url\":\"https:\\\/\\\/webdelmaestrocmf.com\\\/portal\\\/\",\"name\":\"Web del Maestro CMF\",\"description\":\"Maestros al servicio de la educaci\u00f3n\",\"publisher\":{\"@id\":\"https:\\\/\\\/webdelmaestrocmf.com\\\/portal\\\/#organization\"},\"alternateName\":\"WMCMF\",\"potentialAction\":[{\"@type\":\"SearchAction\",\"target\":{\"@type\":\"EntryPoint\",\"urlTemplate\":\"https:\\\/\\\/webdelmaestrocmf.com\\\/portal\\\/?s={search_term_string}\"},\"query-input\":{\"@type\":\"PropertyValueSpecification\",\"valueRequired\":true,\"valueName\":\"search_term_string\"}}],\"inLanguage\":\"es\"},{\"@type\":\"Organization\",\"@id\":\"https:\\\/\\\/webdelmaestrocmf.com\\\/portal\\\/#organization\",\"name\":\"Web del Maestro CMF\",\"alternateName\":\"WMCMF\",\"url\":\"https:\\\/\\\/webdelmaestrocmf.com\\\/portal\\\/\",\"logo\":{\"@type\":\"ImageObject\",\"inLanguage\":\"es\",\"@id\":\"https:\\\/\\\/webdelmaestrocmf.com\\\/portal\\\/#\\\/schema\\\/logo\\\/image\\\/\",\"url\":\"https:\\\/\\\/webdelmaestrocmf.com\\\/portal\\\/wp-content\\\/uploads\\\/2023\\\/01\\\/logo-wmcmf-2.png\",\"contentUrl\":\"https:\\\/\\\/webdelmaestrocmf.com\\\/portal\\\/wp-content\\\/uploads\\\/2023\\\/01\\\/logo-wmcmf-2.png\",\"width\":200,\"height\":60,\"caption\":\"Web del Maestro CMF\"},\"image\":{\"@id\":\"https:\\\/\\\/webdelmaestrocmf.com\\\/portal\\\/#\\\/schema\\\/logo\\\/image\\\/\"},\"sameAs\":[\"https:\\\/\\\/www.facebook.com\\\/WebdelMaestroCMF\\\/\",\"https:\\\/\\\/x.com\\\/cmf_w\",\"https:\\\/\\\/www.pinterest.com\\\/WMCMF\\\/\",\"https:\\\/\\\/www.linkedin.com\\\/company\\\/web-del-maestro-cmf\\\/\",\"https:\\\/\\\/www.instagram.com\\\/wmcmf\\\/\",\"https:\\\/\\\/www.youtube.com\\\/channel\\\/UCDPSvjbdodE5sHnC3OxutHw\",\"https:\\\/\\\/mastodon.social\\\/@wmcmf\",\"https:\\\/\\\/www.tiktok.com\\\/@webdelmaestrocmf\"]},{\"@type\":\"Person\",\"@id\":\"https:\\\/\\\/webdelmaestrocmf.com\\\/portal\\\/#\\\/schema\\\/person\\\/1072a2ed7bd960df8ef99a551fa35dc5\",\"name\":\"Web del Maestro CMF\",\"image\":{\"@type\":\"ImageObject\",\"inLanguage\":\"es\",\"@id\":\"https:\\\/\\\/secure.gravatar.com\\\/avatar\\\/23291dd5b5ae1077dcff3dbb04c3e02bd28403fa75af6d8787d5e97c5bbbe30b?s=96&d=mm&r=g\",\"url\":\"https:\\\/\\\/secure.gravatar.com\\\/avatar\\\/23291dd5b5ae1077dcff3dbb04c3e02bd28403fa75af6d8787d5e97c5bbbe30b?s=96&d=mm&r=g\",\"contentUrl\":\"https:\\\/\\\/secure.gravatar.com\\\/avatar\\\/23291dd5b5ae1077dcff3dbb04c3e02bd28403fa75af6d8787d5e97c5bbbe30b?s=96&d=mm&r=g\",\"caption\":\"Web del Maestro CMF\"},\"description\":\"Esta Web se cre\u00f3 sin fines de lucro, con fines educativos, cient\u00edficos y acad\u00e9micos, para personas que tengan dificultades y\\\/o inconvenientes en visualizar el material original. El objetivo es entregar recursos, compartir experiencias y materiales que ayuden a los padres de familia, maestros y estudiantes en su actualizaci\u00f3n y formaci\u00f3n permanente, en bien de la Educaci\u00f3n.\",\"sameAs\":[\"http:\\\/\\\/webdelmaestrocmf.com\\\/portal\",\"https:\\\/\\\/www.facebook.com\\\/WebdelMaestroCMF\\\/\",\"https:\\\/\\\/www.instagram.com\\\/wmcmf\\\/\",\"https:\\\/\\\/cl.linkedin.com\\\/company\\\/web-del-maestro-cmf\",\"https:\\\/\\\/www.pinterest.com\\\/WMCMF\\\/publicaciones\\\/\",\"https:\\\/\\\/x.com\\\/cmf_w\",\"https:\\\/\\\/www.youtube.com\\\/@WMCMF\"]}]}<\/script>\n<!-- \/ Yoast SEO plugin. -->","yoast_head_json":{"title":"[Miguel Varela] La Instrucci\u00f3n Diferenciada: \u00bfNecesaria para el aprendiz del Siglo XXI? - 2026","description":"El tema de la instrucci\u00f3n diferenciada o ense\u00f1anza diferenciada es uno que se est\u00e1 discutiendo entre los c\u00edrculos de la pedagog\u00eda y los te\u00f3ricos...","robots":{"index":"index","follow":"follow","max-snippet":"max-snippet:-1","max-image-preview":"max-image-preview:large","max-video-preview":"max-video-preview:-1"},"canonical":"https:\/\/webdelmaestrocmf.com\/portal\/miguel-varela-la-instruccion-diferenciada-necesaria-para-el-aprendiz-del-siglo-xxi\/","og_locale":"es_ES","og_type":"article","og_title":"[Miguel Varela] La Instrucci\u00f3n Diferenciada: \u00bfNecesaria para el aprendiz del Siglo XXI? - 2026","og_description":"El tema de la instrucci\u00f3n diferenciada o ense\u00f1anza diferenciada es uno que se est\u00e1 discutiendo entre los c\u00edrculos de la pedagog\u00eda y los te\u00f3ricos...","og_url":"https:\/\/webdelmaestrocmf.com\/portal\/miguel-varela-la-instruccion-diferenciada-necesaria-para-el-aprendiz-del-siglo-xxi\/","og_site_name":"Web del Maestro CMF","article_publisher":"https:\/\/www.facebook.com\/WebdelMaestroCMF\/","article_author":"https:\/\/www.facebook.com\/WebdelMaestroCMF\/","article_published_time":"2020-06-02T22:35:22+00:00","article_modified_time":"2020-06-21T22:29:18+00:00","og_image":[{"width":1100,"height":680,"url":"https:\/\/i0.wp.com\/webdelmaestrocmf.com\/portal\/wp-content\/uploads\/2020\/06\/2-3.jpg?fit=1100%2C680&ssl=1","type":"image\/jpeg"}],"author":"Web del Maestro CMF","twitter_card":"summary_large_image","twitter_creator":"@cmf_w","twitter_site":"@cmf_w","schema":{"@context":"https:\/\/schema.org","@graph":[{"@type":"ScholarlyArticle","@id":"https:\/\/webdelmaestrocmf.com\/portal\/miguel-varela-la-instruccion-diferenciada-necesaria-para-el-aprendiz-del-siglo-xxi\/#article","isPartOf":{"@id":"https:\/\/webdelmaestrocmf.com\/portal\/miguel-varela-la-instruccion-diferenciada-necesaria-para-el-aprendiz-del-siglo-xxi\/"},"author":{"name":"Web del Maestro CMF","@id":"https:\/\/webdelmaestrocmf.com\/portal\/#\/schema\/person\/1072a2ed7bd960df8ef99a551fa35dc5"},"headline":"[Miguel Varela] La Instrucci\u00f3n Diferenciada: \u00bfNecesaria para el aprendiz del Siglo XXI?","datePublished":"2020-06-02T22:35:22+00:00","dateModified":"2020-06-21T22:29:18+00:00","mainEntityOfPage":{"@id":"https:\/\/webdelmaestrocmf.com\/portal\/miguel-varela-la-instruccion-diferenciada-necesaria-para-el-aprendiz-del-siglo-xxi\/"},"wordCount":3135,"commentCount":0,"publisher":{"@id":"https:\/\/webdelmaestrocmf.com\/portal\/#organization"},"image":{"@id":"https:\/\/webdelmaestrocmf.com\/portal\/miguel-varela-la-instruccion-diferenciada-necesaria-para-el-aprendiz-del-siglo-xxi\/#primaryimage"},"thumbnailUrl":"https:\/\/webdelmaestrocmf.com\/portal\/wp-content\/uploads\/2020\/06\/2-3.jpg","keywords":["aprendiz","Diferenciada","INSTRUCCI\u00d3N","Miguel Varela","SIGLO","XXI"],"articleSection":["Z-Colaboradores","Z-Colaboradores-Miguel_Varela"],"inLanguage":"es","potentialAction":[{"@type":"CommentAction","name":"Comment","target":["https:\/\/webdelmaestrocmf.com\/portal\/miguel-varela-la-instruccion-diferenciada-necesaria-para-el-aprendiz-del-siglo-xxi\/#respond"]}]},{"@type":"WebPage","@id":"https:\/\/webdelmaestrocmf.com\/portal\/miguel-varela-la-instruccion-diferenciada-necesaria-para-el-aprendiz-del-siglo-xxi\/","url":"https:\/\/webdelmaestrocmf.com\/portal\/miguel-varela-la-instruccion-diferenciada-necesaria-para-el-aprendiz-del-siglo-xxi\/","name":"[Miguel Varela] La Instrucci\u00f3n Diferenciada: \u00bfNecesaria para el aprendiz del Siglo XXI? - 2026","isPartOf":{"@id":"https:\/\/webdelmaestrocmf.com\/portal\/#website"},"primaryImageOfPage":{"@id":"https:\/\/webdelmaestrocmf.com\/portal\/miguel-varela-la-instruccion-diferenciada-necesaria-para-el-aprendiz-del-siglo-xxi\/#primaryimage"},"image":{"@id":"https:\/\/webdelmaestrocmf.com\/portal\/miguel-varela-la-instruccion-diferenciada-necesaria-para-el-aprendiz-del-siglo-xxi\/#primaryimage"},"thumbnailUrl":"https:\/\/webdelmaestrocmf.com\/portal\/wp-content\/uploads\/2020\/06\/2-3.jpg","datePublished":"2020-06-02T22:35:22+00:00","dateModified":"2020-06-21T22:29:18+00:00","description":"El tema de la instrucci\u00f3n diferenciada o ense\u00f1anza diferenciada es uno que se est\u00e1 discutiendo entre los c\u00edrculos de la pedagog\u00eda y los te\u00f3ricos...","breadcrumb":{"@id":"https:\/\/webdelmaestrocmf.com\/portal\/miguel-varela-la-instruccion-diferenciada-necesaria-para-el-aprendiz-del-siglo-xxi\/#breadcrumb"},"inLanguage":"es","potentialAction":[{"@type":"ReadAction","target":["https:\/\/webdelmaestrocmf.com\/portal\/miguel-varela-la-instruccion-diferenciada-necesaria-para-el-aprendiz-del-siglo-xxi\/"]}]},{"@type":"ImageObject","inLanguage":"es","@id":"https:\/\/webdelmaestrocmf.com\/portal\/miguel-varela-la-instruccion-diferenciada-necesaria-para-el-aprendiz-del-siglo-xxi\/#primaryimage","url":"https:\/\/webdelmaestrocmf.com\/portal\/wp-content\/uploads\/2020\/06\/2-3.jpg","contentUrl":"https:\/\/webdelmaestrocmf.com\/portal\/wp-content\/uploads\/2020\/06\/2-3.jpg","width":1100,"height":680},{"@type":"BreadcrumbList","@id":"https:\/\/webdelmaestrocmf.com\/portal\/miguel-varela-la-instruccion-diferenciada-necesaria-para-el-aprendiz-del-siglo-xxi\/#breadcrumb","itemListElement":[{"@type":"ListItem","position":1,"name":"Portada","item":"https:\/\/webdelmaestrocmf.com\/portal\/"},{"@type":"ListItem","position":2,"name":"Z-Colaboradores","item":"https:\/\/webdelmaestrocmf.com\/portal\/category\/colaborador\/"},{"@type":"ListItem","position":3,"name":"[Miguel Varela] La Instrucci\u00f3n Diferenciada: \u00bfNecesaria para el aprendiz del Siglo XXI?"}]},{"@type":"WebSite","@id":"https:\/\/webdelmaestrocmf.com\/portal\/#website","url":"https:\/\/webdelmaestrocmf.com\/portal\/","name":"Web del Maestro CMF","description":"Maestros al servicio de la educaci\u00f3n","publisher":{"@id":"https:\/\/webdelmaestrocmf.com\/portal\/#organization"},"alternateName":"WMCMF","potentialAction":[{"@type":"SearchAction","target":{"@type":"EntryPoint","urlTemplate":"https:\/\/webdelmaestrocmf.com\/portal\/?s={search_term_string}"},"query-input":{"@type":"PropertyValueSpecification","valueRequired":true,"valueName":"search_term_string"}}],"inLanguage":"es"},{"@type":"Organization","@id":"https:\/\/webdelmaestrocmf.com\/portal\/#organization","name":"Web del Maestro CMF","alternateName":"WMCMF","url":"https:\/\/webdelmaestrocmf.com\/portal\/","logo":{"@type":"ImageObject","inLanguage":"es","@id":"https:\/\/webdelmaestrocmf.com\/portal\/#\/schema\/logo\/image\/","url":"https:\/\/webdelmaestrocmf.com\/portal\/wp-content\/uploads\/2023\/01\/logo-wmcmf-2.png","contentUrl":"https:\/\/webdelmaestrocmf.com\/portal\/wp-content\/uploads\/2023\/01\/logo-wmcmf-2.png","width":200,"height":60,"caption":"Web del Maestro CMF"},"image":{"@id":"https:\/\/webdelmaestrocmf.com\/portal\/#\/schema\/logo\/image\/"},"sameAs":["https:\/\/www.facebook.com\/WebdelMaestroCMF\/","https:\/\/x.com\/cmf_w","https:\/\/www.pinterest.com\/WMCMF\/","https:\/\/www.linkedin.com\/company\/web-del-maestro-cmf\/","https:\/\/www.instagram.com\/wmcmf\/","https:\/\/www.youtube.com\/channel\/UCDPSvjbdodE5sHnC3OxutHw","https:\/\/mastodon.social\/@wmcmf","https:\/\/www.tiktok.com\/@webdelmaestrocmf"]},{"@type":"Person","@id":"https:\/\/webdelmaestrocmf.com\/portal\/#\/schema\/person\/1072a2ed7bd960df8ef99a551fa35dc5","name":"Web del Maestro CMF","image":{"@type":"ImageObject","inLanguage":"es","@id":"https:\/\/secure.gravatar.com\/avatar\/23291dd5b5ae1077dcff3dbb04c3e02bd28403fa75af6d8787d5e97c5bbbe30b?s=96&d=mm&r=g","url":"https:\/\/secure.gravatar.com\/avatar\/23291dd5b5ae1077dcff3dbb04c3e02bd28403fa75af6d8787d5e97c5bbbe30b?s=96&d=mm&r=g","contentUrl":"https:\/\/secure.gravatar.com\/avatar\/23291dd5b5ae1077dcff3dbb04c3e02bd28403fa75af6d8787d5e97c5bbbe30b?s=96&d=mm&r=g","caption":"Web del Maestro CMF"},"description":"Esta Web se cre\u00f3 sin fines de lucro, con fines educativos, cient\u00edficos y acad\u00e9micos, para personas que tengan dificultades y\/o inconvenientes en visualizar el material original. El objetivo es entregar recursos, compartir experiencias y materiales que ayuden a los padres de familia, maestros y estudiantes en su actualizaci\u00f3n y formaci\u00f3n permanente, en bien de la Educaci\u00f3n.","sameAs":["http:\/\/webdelmaestrocmf.com\/portal","https:\/\/www.facebook.com\/WebdelMaestroCMF\/","https:\/\/www.instagram.com\/wmcmf\/","https:\/\/cl.linkedin.com\/company\/web-del-maestro-cmf","https:\/\/www.pinterest.com\/WMCMF\/publicaciones\/","https:\/\/x.com\/cmf_w","https:\/\/www.youtube.com\/@WMCMF"]}]}},"jetpack_featured_media_url":"https:\/\/webdelmaestrocmf.com\/portal\/wp-content\/uploads\/2020\/06\/2-3.jpg","jetpack_sharing_enabled":true,"jetpack-related-posts":[{"id":96228,"url":"https:\/\/webdelmaestrocmf.com\/portal\/miguel-a-varela-la-sociedad-de-informacion-retos-para-la-educacion\/","url_meta":{"origin":47560,"position":0},"title":"[Miguel A. Varela] La sociedad de informaci\u00f3n: retos para la educaci\u00f3n","author":"Web del Maestro CMF","date":"29 septiembre, 2023","format":false,"excerpt":"Las sociedades, a trav\u00e9s del mundo, se han ido enfrentando a diversos cambios; pol\u00edticos, geopol\u00edticos, culturales, tecnol\u00f3gicos, econ\u00f3micos, religiosos y, por ende, antropol\u00f3gicos. Cada uno de estos cambios determinan, en cierto grado, el \u00e9xito o fracaso de una sociedad, la lleva a ser de avanzada o la puede sumergir en\u2026","rel":"","context":"En \u00abZ-Colaboradores\u00bb","block_context":{"text":"Z-Colaboradores","link":"https:\/\/webdelmaestrocmf.com\/portal\/category\/colaborador\/"},"img":{"alt_text":"","src":"https:\/\/i0.wp.com\/webdelmaestrocmf.com\/portal\/wp-content\/uploads\/2023\/09\/A12B3C4D-5-5.jpg?resize=350%2C200&ssl=1","width":350,"height":200,"srcset":"https:\/\/i0.wp.com\/webdelmaestrocmf.com\/portal\/wp-content\/uploads\/2023\/09\/A12B3C4D-5-5.jpg?resize=350%2C200&ssl=1 1x, https:\/\/i0.wp.com\/webdelmaestrocmf.com\/portal\/wp-content\/uploads\/2023\/09\/A12B3C4D-5-5.jpg?resize=525%2C300&ssl=1 1.5x, https:\/\/i0.wp.com\/webdelmaestrocmf.com\/portal\/wp-content\/uploads\/2023\/09\/A12B3C4D-5-5.jpg?resize=700%2C400&ssl=1 2x"},"classes":[]},{"id":72915,"url":"https:\/\/webdelmaestrocmf.com\/portal\/miguel-varela-fomentando-el-pensamiento-critico-en-el-nuevo-aprendiz\/","url_meta":{"origin":47560,"position":1},"title":"[Miguel Varela] Fomentando el Pensamiento Cr\u00edtico en el Nuevo Aprendiz","author":"Web del Maestro CMF","date":"11 enero, 2022","format":false,"excerpt":"Para muchos estudiosos de la filosof\u00eda, las matem\u00e1ticas y la pedagog\u00eda debe resultar familiar las frases o aseveraciones del fil\u00f3sofo Ren\u00e9 Descartes relacionadas al pensar. De hecho, asociado a lo que es pensar se le atribuye la famosa frase que aparece en su obra el Discurso del M\u00e9todo, \u201cPienso, luego\u2026","rel":"","context":"En \u00abZ-Colaboradores\u00bb","block_context":{"text":"Z-Colaboradores","link":"https:\/\/webdelmaestrocmf.com\/portal\/category\/colaborador\/"},"img":{"alt_text":"","src":"https:\/\/i0.wp.com\/webdelmaestrocmf.com\/portal\/wp-content\/uploads\/2022\/01\/1-54.jpg?resize=350%2C200&ssl=1","width":350,"height":200,"srcset":"https:\/\/i0.wp.com\/webdelmaestrocmf.com\/portal\/wp-content\/uploads\/2022\/01\/1-54.jpg?resize=350%2C200&ssl=1 1x, https:\/\/i0.wp.com\/webdelmaestrocmf.com\/portal\/wp-content\/uploads\/2022\/01\/1-54.jpg?resize=525%2C300&ssl=1 1.5x, https:\/\/i0.wp.com\/webdelmaestrocmf.com\/portal\/wp-content\/uploads\/2022\/01\/1-54.jpg?resize=700%2C400&ssl=1 2x, https:\/\/i0.wp.com\/webdelmaestrocmf.com\/portal\/wp-content\/uploads\/2022\/01\/1-54.jpg?resize=1050%2C600&ssl=1 3x"},"classes":[]},{"id":81833,"url":"https:\/\/webdelmaestrocmf.com\/portal\/miguel-varela-el-docente-en-su-rol-de-investigador\/","url_meta":{"origin":47560,"position":2},"title":"[Miguel Varela] El Docente: en su Rol de Investigador","author":"Web del Maestro CMF","date":"26 diciembre, 2022","format":false,"excerpt":"Sin duda alguna, una de las tareas de mayor importancia para el docente es la de investigar en la sala de clases. Seg\u00fan L\u00f3pez (2009), la investigaci\u00f3n es un proceso sistem\u00e1tico y formal de recopilaci\u00f3n y an\u00e1lisis de informaci\u00f3n sobre un fen\u00f3meno o problema. Por lo tanto, es un proceso\u2026","rel":"","context":"En \u00abZ-Colaboradores\u00bb","block_context":{"text":"Z-Colaboradores","link":"https:\/\/webdelmaestrocmf.com\/portal\/category\/colaborador\/"},"img":{"alt_text":"","src":"https:\/\/i0.wp.com\/webdelmaestrocmf.com\/portal\/wp-content\/uploads\/2022\/12\/1-20.jpg?resize=350%2C200&ssl=1","width":350,"height":200,"srcset":"https:\/\/i0.wp.com\/webdelmaestrocmf.com\/portal\/wp-content\/uploads\/2022\/12\/1-20.jpg?resize=350%2C200&ssl=1 1x, https:\/\/i0.wp.com\/webdelmaestrocmf.com\/portal\/wp-content\/uploads\/2022\/12\/1-20.jpg?resize=525%2C300&ssl=1 1.5x, https:\/\/i0.wp.com\/webdelmaestrocmf.com\/portal\/wp-content\/uploads\/2022\/12\/1-20.jpg?resize=700%2C400&ssl=1 2x"},"classes":[]},{"id":79226,"url":"https:\/\/webdelmaestrocmf.com\/portal\/miguel-varela-el-aprendizaje-del-adulto-ante-las-nuevas-modalidades-de-ensenanza\/","url_meta":{"origin":47560,"position":3},"title":"[Miguel Varela] El aprendizaje del adulto ante las nuevas modalidades de ense\u00f1anza","author":"Web del Maestro CMF","date":"8 agosto, 2022","format":false,"excerpt":"En las \u00faltimas d\u00e9cadas, m\u00e1s a\u00fan en los \u00faltimos a\u00f1os, el aprendizaje en los adultos ha tenido un incremento sostenible. Esa tendencia, producto de los diferentes escenarios en el mundo laboral, de desarrollo profesional, a nivel salubrista y la entrada de las nuevas modalidades de ense\u00f1anza a nivel post secundario\u2026","rel":"","context":"En \u00abZ-Colaboradores\u00bb","block_context":{"text":"Z-Colaboradores","link":"https:\/\/webdelmaestrocmf.com\/portal\/category\/colaborador\/"},"img":{"alt_text":"","src":"https:\/\/i0.wp.com\/webdelmaestrocmf.com\/portal\/wp-content\/uploads\/2022\/08\/1-16.jpg?resize=350%2C200&ssl=1","width":350,"height":200,"srcset":"https:\/\/i0.wp.com\/webdelmaestrocmf.com\/portal\/wp-content\/uploads\/2022\/08\/1-16.jpg?resize=350%2C200&ssl=1 1x, https:\/\/i0.wp.com\/webdelmaestrocmf.com\/portal\/wp-content\/uploads\/2022\/08\/1-16.jpg?resize=525%2C300&ssl=1 1.5x, https:\/\/i0.wp.com\/webdelmaestrocmf.com\/portal\/wp-content\/uploads\/2022\/08\/1-16.jpg?resize=700%2C400&ssl=1 2x"},"classes":[]},{"id":83359,"url":"https:\/\/webdelmaestrocmf.com\/portal\/ernesto-gonzalez-instruccion-por-ensenanza-y-aplicacion-por-aprendizaje\/","url_meta":{"origin":47560,"position":4},"title":"[Ernesto Gonz\u00e1lez] Instrucci\u00f3n por ense\u00f1anza y aplicaci\u00f3n por aprendizaje","author":"Web del Maestro CMF","date":"26 enero, 2023","format":false,"excerpt":"Ya sabr\u00e1n mis lectores por los diversos medios o redes donde comparto mis art\u00edculos que son muchos a\u00f1os en Educaci\u00f3n, pero lo mejor de todo es que siguen contando; cuando por una raz\u00f3n u otra engros\u00e9 las filas de tan digno ej\u00e9rcito, una y otra vez escuchaba \u00ab\u2026 el proceso\u2026","rel":"","context":"En \u00abZ-Colaboradores\u00bb","block_context":{"text":"Z-Colaboradores","link":"https:\/\/webdelmaestrocmf.com\/portal\/category\/colaborador\/"},"img":{"alt_text":"","src":"https:\/\/i0.wp.com\/webdelmaestrocmf.com\/portal\/wp-content\/uploads\/2023\/01\/1-70.jpg?resize=350%2C200&ssl=1","width":350,"height":200,"srcset":"https:\/\/i0.wp.com\/webdelmaestrocmf.com\/portal\/wp-content\/uploads\/2023\/01\/1-70.jpg?resize=350%2C200&ssl=1 1x, https:\/\/i0.wp.com\/webdelmaestrocmf.com\/portal\/wp-content\/uploads\/2023\/01\/1-70.jpg?resize=525%2C300&ssl=1 1.5x, https:\/\/i0.wp.com\/webdelmaestrocmf.com\/portal\/wp-content\/uploads\/2023\/01\/1-70.jpg?resize=700%2C400&ssl=1 2x"},"classes":[]},{"id":86083,"url":"https:\/\/webdelmaestrocmf.com\/portal\/4-componentes-para-que-el-aprendizaje-sea-exitoso-y-efectivo\/","url_meta":{"origin":47560,"position":5},"title":"4 componentes para que el aprendizaje sea exitoso y efectivo","author":"Web del Maestro CMF","date":"22 marzo, 2023","format":false,"excerpt":"Educar en el siglo XXI es una tarea cada vez m\u00e1s desafiante. Y es que actualmente no basta con limitarse a escuchar, leer y llevar a cabo ejercicios de rutina, sino m\u00e1s bien a ejercitar las habilidades a trav\u00e9s de la investigaci\u00f3n, el debate y la observaci\u00f3n desde puntos de\u2026","rel":"","context":"En \u00abAprendizaje\u00bb","block_context":{"text":"Aprendizaje","link":"https:\/\/webdelmaestrocmf.com\/portal\/category\/pedagogia\/aprendizaje\/"},"img":{"alt_text":"","src":"https:\/\/i0.wp.com\/webdelmaestrocmf.com\/portal\/wp-content\/uploads\/2023\/03\/A12B3C4D-34-1.jpg?resize=350%2C200&ssl=1","width":350,"height":200,"srcset":"https:\/\/i0.wp.com\/webdelmaestrocmf.com\/portal\/wp-content\/uploads\/2023\/03\/A12B3C4D-34-1.jpg?resize=350%2C200&ssl=1 1x, https:\/\/i0.wp.com\/webdelmaestrocmf.com\/portal\/wp-content\/uploads\/2023\/03\/A12B3C4D-34-1.jpg?resize=525%2C300&ssl=1 1.5x, https:\/\/i0.wp.com\/webdelmaestrocmf.com\/portal\/wp-content\/uploads\/2023\/03\/A12B3C4D-34-1.jpg?resize=700%2C400&ssl=1 2x"},"classes":[]}],"_links":{"self":[{"href":"https:\/\/webdelmaestrocmf.com\/portal\/wp-json\/wp\/v2\/posts\/47560","targetHints":{"allow":["GET"]}}],"collection":[{"href":"https:\/\/webdelmaestrocmf.com\/portal\/wp-json\/wp\/v2\/posts"}],"about":[{"href":"https:\/\/webdelmaestrocmf.com\/portal\/wp-json\/wp\/v2\/types\/post"}],"author":[{"embeddable":true,"href":"https:\/\/webdelmaestrocmf.com\/portal\/wp-json\/wp\/v2\/users\/1"}],"replies":[{"embeddable":true,"href":"https:\/\/webdelmaestrocmf.com\/portal\/wp-json\/wp\/v2\/comments?post=47560"}],"version-history":[{"count":0,"href":"https:\/\/webdelmaestrocmf.com\/portal\/wp-json\/wp\/v2\/posts\/47560\/revisions"}],"wp:featuredmedia":[{"embeddable":true,"href":"https:\/\/webdelmaestrocmf.com\/portal\/wp-json\/wp\/v2\/media\/47564"}],"wp:attachment":[{"href":"https:\/\/webdelmaestrocmf.com\/portal\/wp-json\/wp\/v2\/media?parent=47560"}],"wp:term":[{"taxonomy":"category","embeddable":true,"href":"https:\/\/webdelmaestrocmf.com\/portal\/wp-json\/wp\/v2\/categories?post=47560"},{"taxonomy":"post_tag","embeddable":true,"href":"https:\/\/webdelmaestrocmf.com\/portal\/wp-json\/wp\/v2\/tags?post=47560"}],"curies":[{"name":"wp","href":"https:\/\/api.w.org\/{rel}","templated":true}]}}