{"id":47487,"date":"2020-05-30T18:00:45","date_gmt":"2020-05-30T22:00:45","guid":{"rendered":"https:\/\/webdelmaestrocmf.com\/portal\/?p=47487"},"modified":"2020-05-30T18:00:45","modified_gmt":"2020-05-30T22:00:45","slug":"el-papa-francisco-e-importancia-de-la-narracion-en-la-comunicacion-positiva","status":"publish","type":"post","link":"https:\/\/webdelmaestrocmf.com\/portal\/el-papa-francisco-e-importancia-de-la-narracion-en-la-comunicacion-positiva\/","title":{"rendered":"El Papa Francisco e importancia de la narraci\u00f3n en la comunicaci\u00f3n positiva"},"content":{"rendered":"<h5 style=\"text-align: justify;\">En el mundo de hoy <strong>no basta con multiplicar las conexiones de comunicaciones sociales, para que aumente la comprensi\u00f3n entre los seres hum<\/strong>anos. Debemos ser conscientes de la responsabilidad que tenemos unos con otros, y m\u00e1s como educadores (padres de familia y profesores), en compartir <strong>una informaci\u00f3n aut\u00e9ntica, genuina, verdadera<\/strong>. El educador tiene que realizar una labor formativa, no solo informativa. Tenemos que conducir a nuestros hijos y estudiantes hacia la puerta de la Sabidur\u00eda, que se nutre en la escucha y que crece en el di\u00e1logo sincero, abierto, honesto, alegre, constructivo, claro y positivo.<\/h5>\n<p><!--more--><\/p>\n<p style=\"text-align: justify;\">Tenemos que educar a nuestros ni\u00f1os y j\u00f3venes con el ejemplo de <strong>transmitir mensajes aut\u00e9nticos<\/strong>, porque somos personas de confianza, <strong>ellos conf\u00edan en nosotros;<\/strong> y ayudarles a que tengan los recursos para distinguir aquellos relatos, historias, narraciones, mensajes, &#8230; aut\u00e9nticos, de aquellas comunicaciones contaminadas, manipuladas, distorsionadas, falsas, &#8230;<\/p>\n<h5 style=\"text-align: justify;\"><strong>PARA DIALOGAR DEBEMOS RECONOCER LA DIGNIDAD DEL OTRO\u00a0<\/strong>(02\u00b429\u201d)<\/h5>\n<p><iframe loading=\"lazy\" src=\"https:\/\/www.youtube.com\/embed\/AFQF7-QgpQ0\" width=\"100%\" height=\"400\" frameborder=\"0\" allowfullscreen=\"allowfullscreen\"><span data-mce-type=\"bookmark\" style=\"display: inline-block; width: 0px; overflow: hidden; line-height: 0;\" class=\"mce_SELRES_start\">\ufeff<\/span><\/iframe><\/p>\n<p style=\"text-align: justify;\">Las relaciones interpersonales, se fortalecen en una comunicaci\u00f3n positiva, <strong>diciendo lo que piensa y desea, sin ofender<\/strong>. Al comportamiento que se produce durante una comunicaci\u00f3n positiva se le denomina: <strong>comportamiento asertivo.<\/strong> Qu\u00e9 triste y lamentable es escuchar o leer mensajes de personas que tienen la trascendente tarea de educar, y no han aprendido ni adquirido la habilidad social de conocer sus propios derechos y defenderlos, respetando a los dem\u00e1s; de preguntar y escuchar la respuesta. <strong><em>\u201cLa palabra sabia es aquella que, dicha a un ni\u00f1o, se entiende siempre, aunque no se explique<\/em><\/strong>\u201d (Miguel de Unamuno).<\/p>\n<p><img loading=\"lazy\" decoding=\"async\" class=\"alignnone wp-image-47489 size-full\" src=\"https:\/\/webdelmaestrocmf.com\/portal\/wp-content\/uploads\/2020\/05\/2-17.jpg\" alt=\"\" width=\"840\" height=\"500\" srcset=\"https:\/\/webdelmaestrocmf.com\/portal\/wp-content\/uploads\/2020\/05\/2-17.jpg 840w, https:\/\/webdelmaestrocmf.com\/portal\/wp-content\/uploads\/2020\/05\/2-17-300x179.jpg 300w, https:\/\/webdelmaestrocmf.com\/portal\/wp-content\/uploads\/2020\/05\/2-17-768x457.jpg 768w, https:\/\/webdelmaestrocmf.com\/portal\/wp-content\/uploads\/2020\/05\/2-17-110x65.jpg 110w, https:\/\/webdelmaestrocmf.com\/portal\/wp-content\/uploads\/2020\/05\/2-17-200x119.jpg 200w, https:\/\/webdelmaestrocmf.com\/portal\/wp-content\/uploads\/2020\/05\/2-17-380x226.jpg 380w, https:\/\/webdelmaestrocmf.com\/portal\/wp-content\/uploads\/2020\/05\/2-17-255x152.jpg 255w, https:\/\/webdelmaestrocmf.com\/portal\/wp-content\/uploads\/2020\/05\/2-17-550x327.jpg 550w, https:\/\/webdelmaestrocmf.com\/portal\/wp-content\/uploads\/2020\/05\/2-17-800x476.jpg 800w\" sizes=\"auto, (max-width: 840px) 100vw, 840px\" \/><\/p>\n<p style=\"text-align: justify;\">Y el Papa Francisco nos dice que \u201cel hombre es un ser narrador. <strong>Desde la infancia tenemos hambre de historias como tenemos hambre de alimentos.<\/strong> Ya sean en forma de cuentos, de novelas, de pel\u00edculas, de canciones, de noticias\u2026, las historias influyen en nuestra vida, aunque no seamos conscientes de ello\u201d. <em>\u201cUn narrador no deber\u00eda facilitar la interpretaci\u00f3n de su trabajo. De otra manera no deber\u00eda escribir una novela, ya que \u00e9sta es una m\u00e1quina de generar interpretaciones\u201d.<\/em> (Umberto Eco).<\/p>\n<p style=\"text-align: justify;\">Compartimos diez pensamientos del Papa Francisco sobre el don humano de relacionarnos positivamente por medio del dialogar, conversar, charlar, escuchar, &#8230; del sentirse atendido por el otro y del prestar atenci\u00f3n al otro.<\/p>\n<ol style=\"text-align: justify;\">\n<li>\u201c&#8230; para no perdernos <strong>necesitamos respirar la verdad de las buenas historias<\/strong>: historias que construyan, no que destruyan; historias que ayuden a reencontrar las ra\u00edces y la fuerza para avanzar juntos\u201d.<\/li>\n<li>\u201cSumergi\u00e9ndonos en las historias, podemos <strong>encontrar motivaciones heroicas <\/strong>para enfrentar los retos de la vida\u201d.<\/li>\n<li>\u201cEl hombre es un ser narrador porque es <strong>un ser en realizaci\u00f3n, que se descubre y se enriquece en las tramas de sus d\u00edas<\/strong>. Pero, desde el principio, nuestro relato se ve amenazado: en la historia serpentea el mal\u201d.<\/li>\n<li>\u201c<strong>Cu\u00e1ntas historias nos narcotizan<\/strong>, convenci\u00e9ndonos de que necesitamos continuamente tener, poseer, consumir para ser felices. Casi no nos damos cuenta de c\u00f3mo nos volvemos \u00e1vidos de chismes y de habladur\u00edas, de cu\u00e1nta violencia y falsedad consumimos\u201d.<\/li>\n<li>\u201cA menudo, en los telares de la comunicaci\u00f3n, en lugar de relatos constructivos, que son un aglutinante de los lazos sociales y del tejido cultural, <strong>se fabrican historias destructivas y provocadoras, que desgastan y rompen los hilos fr\u00e1giles de la convivencia<\/strong>\u201d.<\/li>\n<\/ol>\n<p style=\"text-align: justify;\">Art\u00edculo recomendado: <a href=\"https:\/\/webdelmaestrocmf.com\/portal\/el-cuento-como-estrategia-pedagogica\/\" target=\"_blank\" rel=\"noopener noreferrer\"><strong>EL CUENTO COMO ESTRATEGIA PEDAG\u00d3GICA<\/strong><\/a><\/p>\n<ol style=\"text-align: justify;\" start=\"6\">\n<li>\u201cRecopilando <strong>informaci\u00f3n no contrastada, repitiendo discursos triviales y falsamente persuasivos, hostigando con proclamas de odio<\/strong>, no se teje la historia humana, sino que se despoja al hombre de la dignidad\u201d.<\/li>\n<li>\u201cEn una \u00e9poca en la que <strong>la falsificaci\u00f3n es cada vez m\u00e1s sofisticada<\/strong> y alcanza niveles exponenciales (el <em>deepfake<\/em>), <strong>necesitamos sabidur\u00eda<\/strong> para recibir y crear relatos bellos, verdaderos y buenos. Necesitamos valor para rechazar los que son falsos y malvados\u201d.<\/li>\n<li>\u201cEl mismo <strong>Jes\u00fas hablaba de Dios no con discursos abstractos<\/strong>, sino con par\u00e1bolas, narraciones breves, tomadas de la vida cotidiana. Aqu\u00ed la vida se hace historia y luego, para el que la escucha, la historia se hace vida: esa narraci\u00f3n <strong>entra en la vida de quien la escucha y la transforma<\/strong>\u201d.<\/li>\n<li>\u201cRe-cordar significa efectivamente llevar al coraz\u00f3n, <strong>\u201cescribir\u201d en el coraz\u00f3n<\/strong>\u201d.<\/li>\n<li>\u201cContarle a Dios <strong>nuestra historia nunca es in\u00fatil.<\/strong> [&#8230;]\u00a0A \u00c9l podemos narrarle las historias que vivimos, llevarle a las personas, confiarle las situaciones. Con \u00c9l podemos anudar el tejido de la vida, remendando los rotos y los jirones. \u00a1Cu\u00e1nto lo necesitamos todos!\u201d<\/li>\n<\/ol>\n<p style=\"text-align: justify;\">Estos pensamientos han sido tomados del mensaje para la 54 Jornada Mundial de las Comunicaciones Sociales (2020), y la introducci\u00f3n inspirada en el mensaje del a\u00f1o 2019, considerando que <strong>los educadores siempre deseamos aprender<\/strong>, con la sencillez y humildad que da un coraz\u00f3n abierto a escuchar primero para poder opinar.<\/p>\n<p style=\"text-align: center;\"><em>\u201cComunicar bien nos ayuda a conocernos mejor entre nosotros, a estar m\u00e1s unidos. <strong>Los muros que nos dividen solamente se pueden superar si estamos dispuestos a escuchar y a aprender los unos de los otros.<\/strong> Necesitamos resolver las diferencias mediante formas de di\u00e1logo que nos permitan crecer en la comprensi\u00f3n y el respeto.\u201d<\/em> (01\/06\/2014)<\/p>\n<p style=\"text-align: right;\"><strong>REDACCI\u00d3N WEB DEL MAESTRO CMF<\/strong><\/p>\n\t\t<div class=\"pk-inline-posts\">\n\t\t\t\n\t\t\t<div class=\"pk-inline-posts-container pk-inline-posts-template-list\"\n\t\t\t\tdata-columns=\"1\">\n\t\t\t\t\t\t<article id=\"post-117930\" class=\"post-117930 post type-post status-publish format-standard has-post-thumbnail category-pastoral category-noticias-internacionales category-papa-leon-xiv tag-conflictos tag-derechos-humanos tag-educacion-en-valores-2 tag-etica-3 tag-justicia-social tag-liderazgo tag-papa-2 tag-paz tag-reflexion-2 tag-solidaridad cs-entry cs-video-wrap\">\n\t\t\t<div class=\"pk-post-outer\">\n\n\t\t\t\t\t\t\t\t<div class=\"pk-post-inner\">\n\t\t\t\t\t<div class=\"entry-thumbnail\">\n\t\t\t\t\t\t<div class=\"pk-overlay pk-overlay-ratio pk-ratio-landscape\">\n\t\t\t\t\t\t\t<div class=\"pk-overlay-background\">\n\t\t\t\t\t\t\t\t<a href=\"https:\/\/webdelmaestrocmf.com\/portal\/papa-leon-xiv-el-mundo-esta-siendo-destruido-por-unos-pocos-tiranos-en-referencia-a-trump\/\" class=\"pk-overlay-link\">\n\t\t\t\t\t\t\t\t\t<img loading=\"lazy\" decoding=\"async\" width=\"300\" height=\"225\" src=\"https:\/\/webdelmaestrocmf.com\/portal\/wp-content\/uploads\/2026\/04\/1AA-Banner-1-portada-imagen-10-1-copia-30-300x225.webp\" class=\"attachment-pk-thumbnail size-pk-thumbnail wp-post-image\" alt=\"\" \/>\t\t\t\t\t\t\t\t<\/a>\n\t\t\t\t\t\t\t<\/div>\n\t\t\t\t\t\t<\/div>\n\t\t\t\t\t<\/div>\n\t\t\t\t<\/div>\n\t\t\t\t\n\t\t\t\t<div class=\"pk-post-inner\">\n\t\t\t\t\t<header>\n\t\t\t\t\t\t<h3 class=\"pk-title\"><a href=\"https:\/\/webdelmaestrocmf.com\/portal\/papa-leon-xiv-el-mundo-esta-siendo-destruido-por-unos-pocos-tiranos-en-referencia-a-trump\/\" rel=\"bookmark\">Papa Le\u00f3n XIV: \u201cEl mundo est\u00e1 siendo destruido por unos pocos tiranos\u201d, en referencia a Trump<\/a><\/h3>\t\t\t\t\t<\/header><!-- .entry-header -->\n\t\t\t\t<\/div><!-- .post-inner -->\n\n\t\t\t<\/div><!-- .post-outer -->\n\t\t<\/article>\n\t\t\t\t<\/div>\n\t\t<\/div>\n\t\t\n","protected":false},"excerpt":{"rendered":"En el mundo de hoy no basta con multiplicar las conexiones de comunicaciones sociales, para que aumente la&hellip;","protected":false},"author":1,"featured_media":47488,"comment_status":"open","ping_status":"closed","sticky":false,"template":"","format":"standard","meta":{"csco_display_header_overlay":false,"csco_singular_sidebar":"default","csco_page_header_type":"default","csco_page_load_nextpost":"default","csco_post_video_location":[],"csco_post_video_location_hash":"","csco_post_video_url":"","csco_post_video_bg_start_time":0,"csco_post_video_bg_end_time":0,"csco_post_video_bg_volume":false,"_jetpack_memberships_contains_paid_content":false,"footnotes":""},"categories":[431,467],"tags":[1899,1363,1185,5046,880,2810],"class_list":{"0":"post-47487","1":"post","2":"type-post","3":"status-publish","4":"format-standard","5":"has-post-thumbnail","7":"category-pastoral","8":"category-papa-francisco","9":"tag-comunicacion","10":"tag-francisco","11":"tag-importancia","12":"tag-narracion","13":"tag-papa","14":"tag-positiva","15":"cs-entry","16":"cs-video-wrap"},"yoast_head":"<!-- This site is optimized with the Yoast SEO plugin v27.5 - https:\/\/yoast.com\/product\/yoast-seo-wordpress\/ -->\n<title>El Papa Francisco e importancia de la narraci\u00f3n en la comunicaci\u00f3n positiva - 2026<\/title>\n<meta name=\"description\" content=\"En el mundo de hoy no basta con multiplicar las conexiones de comunicaciones sociales, para que aumente la comprensi\u00f3n entre los seres humanos...\" \/>\n<meta name=\"robots\" content=\"index, follow, max-snippet:-1, max-image-preview:large, max-video-preview:-1\" \/>\n<link rel=\"canonical\" href=\"https:\/\/webdelmaestrocmf.com\/portal\/el-papa-francisco-e-importancia-de-la-narracion-en-la-comunicacion-positiva\/\" \/>\n<meta property=\"og:locale\" content=\"es_ES\" \/>\n<meta property=\"og:type\" content=\"article\" \/>\n<meta property=\"og:title\" content=\"El Papa Francisco e importancia de la narraci\u00f3n en la comunicaci\u00f3n positiva - 2026\" \/>\n<meta property=\"og:description\" content=\"En el mundo de hoy no basta con multiplicar las conexiones de comunicaciones sociales, para que aumente la comprensi\u00f3n entre los seres humanos...\" \/>\n<meta property=\"og:url\" content=\"https:\/\/webdelmaestrocmf.com\/portal\/el-papa-francisco-e-importancia-de-la-narracion-en-la-comunicacion-positiva\/\" \/>\n<meta property=\"og:site_name\" content=\"Web del Maestro CMF\" \/>\n<meta property=\"article:publisher\" content=\"https:\/\/www.facebook.com\/WebdelMaestroCMF\/\" \/>\n<meta property=\"article:author\" content=\"https:\/\/www.facebook.com\/WebdelMaestroCMF\/\" \/>\n<meta property=\"article:published_time\" content=\"2020-05-30T22:00:45+00:00\" \/>\n<meta property=\"og:image\" content=\"https:\/\/i0.wp.com\/webdelmaestrocmf.com\/portal\/wp-content\/uploads\/2020\/05\/1-46.jpg?fit=1100%2C680&ssl=1\" \/>\n\t<meta property=\"og:image:width\" content=\"1100\" \/>\n\t<meta property=\"og:image:height\" content=\"680\" \/>\n\t<meta property=\"og:image:type\" content=\"image\/jpeg\" \/>\n<meta name=\"author\" content=\"Web del Maestro CMF\" \/>\n<meta name=\"twitter:card\" content=\"summary_large_image\" \/>\n<meta name=\"twitter:creator\" content=\"@cmf_w\" \/>\n<meta name=\"twitter:site\" content=\"@cmf_w\" \/>\n<script type=\"application\/ld+json\" class=\"yoast-schema-graph\">{\"@context\":\"https:\\\/\\\/schema.org\",\"@graph\":[{\"@type\":\"ScholarlyArticle\",\"@id\":\"https:\\\/\\\/webdelmaestrocmf.com\\\/portal\\\/el-papa-francisco-e-importancia-de-la-narracion-en-la-comunicacion-positiva\\\/#article\",\"isPartOf\":{\"@id\":\"https:\\\/\\\/webdelmaestrocmf.com\\\/portal\\\/el-papa-francisco-e-importancia-de-la-narracion-en-la-comunicacion-positiva\\\/\"},\"author\":{\"name\":\"Web del Maestro CMF\",\"@id\":\"https:\\\/\\\/webdelmaestrocmf.com\\\/portal\\\/#\\\/schema\\\/person\\\/1072a2ed7bd960df8ef99a551fa35dc5\"},\"headline\":\"El Papa Francisco e importancia de la narraci\u00f3n en la comunicaci\u00f3n positiva\",\"datePublished\":\"2020-05-30T22:00:45+00:00\",\"mainEntityOfPage\":{\"@id\":\"https:\\\/\\\/webdelmaestrocmf.com\\\/portal\\\/el-papa-francisco-e-importancia-de-la-narracion-en-la-comunicacion-positiva\\\/\"},\"wordCount\":870,\"commentCount\":0,\"publisher\":{\"@id\":\"https:\\\/\\\/webdelmaestrocmf.com\\\/portal\\\/#organization\"},\"image\":{\"@id\":\"https:\\\/\\\/webdelmaestrocmf.com\\\/portal\\\/el-papa-francisco-e-importancia-de-la-narracion-en-la-comunicacion-positiva\\\/#primaryimage\"},\"thumbnailUrl\":\"https:\\\/\\\/webdelmaestrocmf.com\\\/portal\\\/wp-content\\\/uploads\\\/2020\\\/05\\\/1-46.jpg\",\"keywords\":[\"COMUNICACI\u00d3N\",\"Francisco\",\"IMPORTANCIA\",\"narraci\u00f3n\",\"pap\u00e1\",\"POSITIVA\"],\"articleSection\":[\"Mundo cart\u00f3lico\",\"Papa Francisco\"],\"inLanguage\":\"es\",\"potentialAction\":[{\"@type\":\"CommentAction\",\"name\":\"Comment\",\"target\":[\"https:\\\/\\\/webdelmaestrocmf.com\\\/portal\\\/el-papa-francisco-e-importancia-de-la-narracion-en-la-comunicacion-positiva\\\/#respond\"]}]},{\"@type\":\"WebPage\",\"@id\":\"https:\\\/\\\/webdelmaestrocmf.com\\\/portal\\\/el-papa-francisco-e-importancia-de-la-narracion-en-la-comunicacion-positiva\\\/\",\"url\":\"https:\\\/\\\/webdelmaestrocmf.com\\\/portal\\\/el-papa-francisco-e-importancia-de-la-narracion-en-la-comunicacion-positiva\\\/\",\"name\":\"El Papa Francisco e importancia de la narraci\u00f3n en la comunicaci\u00f3n positiva - 2026\",\"isPartOf\":{\"@id\":\"https:\\\/\\\/webdelmaestrocmf.com\\\/portal\\\/#website\"},\"primaryImageOfPage\":{\"@id\":\"https:\\\/\\\/webdelmaestrocmf.com\\\/portal\\\/el-papa-francisco-e-importancia-de-la-narracion-en-la-comunicacion-positiva\\\/#primaryimage\"},\"image\":{\"@id\":\"https:\\\/\\\/webdelmaestrocmf.com\\\/portal\\\/el-papa-francisco-e-importancia-de-la-narracion-en-la-comunicacion-positiva\\\/#primaryimage\"},\"thumbnailUrl\":\"https:\\\/\\\/webdelmaestrocmf.com\\\/portal\\\/wp-content\\\/uploads\\\/2020\\\/05\\\/1-46.jpg\",\"datePublished\":\"2020-05-30T22:00:45+00:00\",\"description\":\"En el mundo de hoy no basta con multiplicar las conexiones de comunicaciones sociales, para que aumente la comprensi\u00f3n entre los seres humanos...\",\"breadcrumb\":{\"@id\":\"https:\\\/\\\/webdelmaestrocmf.com\\\/portal\\\/el-papa-francisco-e-importancia-de-la-narracion-en-la-comunicacion-positiva\\\/#breadcrumb\"},\"inLanguage\":\"es\",\"potentialAction\":[{\"@type\":\"ReadAction\",\"target\":[\"https:\\\/\\\/webdelmaestrocmf.com\\\/portal\\\/el-papa-francisco-e-importancia-de-la-narracion-en-la-comunicacion-positiva\\\/\"]}]},{\"@type\":\"ImageObject\",\"inLanguage\":\"es\",\"@id\":\"https:\\\/\\\/webdelmaestrocmf.com\\\/portal\\\/el-papa-francisco-e-importancia-de-la-narracion-en-la-comunicacion-positiva\\\/#primaryimage\",\"url\":\"https:\\\/\\\/webdelmaestrocmf.com\\\/portal\\\/wp-content\\\/uploads\\\/2020\\\/05\\\/1-46.jpg\",\"contentUrl\":\"https:\\\/\\\/webdelmaestrocmf.com\\\/portal\\\/wp-content\\\/uploads\\\/2020\\\/05\\\/1-46.jpg\",\"width\":1100,\"height\":680},{\"@type\":\"BreadcrumbList\",\"@id\":\"https:\\\/\\\/webdelmaestrocmf.com\\\/portal\\\/el-papa-francisco-e-importancia-de-la-narracion-en-la-comunicacion-positiva\\\/#breadcrumb\",\"itemListElement\":[{\"@type\":\"ListItem\",\"position\":1,\"name\":\"Portada\",\"item\":\"https:\\\/\\\/webdelmaestrocmf.com\\\/portal\\\/\"},{\"@type\":\"ListItem\",\"position\":2,\"name\":\"Mundo cart\u00f3lico\",\"item\":\"https:\\\/\\\/webdelmaestrocmf.com\\\/portal\\\/category\\\/pastoral\\\/\"},{\"@type\":\"ListItem\",\"position\":3,\"name\":\"El Papa Francisco e importancia de la narraci\u00f3n en la comunicaci\u00f3n positiva\"}]},{\"@type\":\"WebSite\",\"@id\":\"https:\\\/\\\/webdelmaestrocmf.com\\\/portal\\\/#website\",\"url\":\"https:\\\/\\\/webdelmaestrocmf.com\\\/portal\\\/\",\"name\":\"Web del Maestro CMF\",\"description\":\"Maestros al servicio de la educaci\u00f3n\",\"publisher\":{\"@id\":\"https:\\\/\\\/webdelmaestrocmf.com\\\/portal\\\/#organization\"},\"alternateName\":\"WMCMF\",\"potentialAction\":[{\"@type\":\"SearchAction\",\"target\":{\"@type\":\"EntryPoint\",\"urlTemplate\":\"https:\\\/\\\/webdelmaestrocmf.com\\\/portal\\\/?s={search_term_string}\"},\"query-input\":{\"@type\":\"PropertyValueSpecification\",\"valueRequired\":true,\"valueName\":\"search_term_string\"}}],\"inLanguage\":\"es\"},{\"@type\":\"Organization\",\"@id\":\"https:\\\/\\\/webdelmaestrocmf.com\\\/portal\\\/#organization\",\"name\":\"Web del Maestro CMF\",\"alternateName\":\"WMCMF\",\"url\":\"https:\\\/\\\/webdelmaestrocmf.com\\\/portal\\\/\",\"logo\":{\"@type\":\"ImageObject\",\"inLanguage\":\"es\",\"@id\":\"https:\\\/\\\/webdelmaestrocmf.com\\\/portal\\\/#\\\/schema\\\/logo\\\/image\\\/\",\"url\":\"https:\\\/\\\/webdelmaestrocmf.com\\\/portal\\\/wp-content\\\/uploads\\\/2023\\\/01\\\/logo-wmcmf-2.png\",\"contentUrl\":\"https:\\\/\\\/webdelmaestrocmf.com\\\/portal\\\/wp-content\\\/uploads\\\/2023\\\/01\\\/logo-wmcmf-2.png\",\"width\":200,\"height\":60,\"caption\":\"Web del Maestro CMF\"},\"image\":{\"@id\":\"https:\\\/\\\/webdelmaestrocmf.com\\\/portal\\\/#\\\/schema\\\/logo\\\/image\\\/\"},\"sameAs\":[\"https:\\\/\\\/www.facebook.com\\\/WebdelMaestroCMF\\\/\",\"https:\\\/\\\/x.com\\\/cmf_w\",\"https:\\\/\\\/www.pinterest.com\\\/WMCMF\\\/\",\"https:\\\/\\\/www.linkedin.com\\\/company\\\/web-del-maestro-cmf\\\/\",\"https:\\\/\\\/www.instagram.com\\\/wmcmf\\\/\",\"https:\\\/\\\/www.youtube.com\\\/channel\\\/UCDPSvjbdodE5sHnC3OxutHw\",\"https:\\\/\\\/mastodon.social\\\/@wmcmf\",\"https:\\\/\\\/www.tiktok.com\\\/@webdelmaestrocmf\"]},{\"@type\":\"Person\",\"@id\":\"https:\\\/\\\/webdelmaestrocmf.com\\\/portal\\\/#\\\/schema\\\/person\\\/1072a2ed7bd960df8ef99a551fa35dc5\",\"name\":\"Web del Maestro CMF\",\"image\":{\"@type\":\"ImageObject\",\"inLanguage\":\"es\",\"@id\":\"https:\\\/\\\/secure.gravatar.com\\\/avatar\\\/23291dd5b5ae1077dcff3dbb04c3e02bd28403fa75af6d8787d5e97c5bbbe30b?s=96&d=mm&r=g\",\"url\":\"https:\\\/\\\/secure.gravatar.com\\\/avatar\\\/23291dd5b5ae1077dcff3dbb04c3e02bd28403fa75af6d8787d5e97c5bbbe30b?s=96&d=mm&r=g\",\"contentUrl\":\"https:\\\/\\\/secure.gravatar.com\\\/avatar\\\/23291dd5b5ae1077dcff3dbb04c3e02bd28403fa75af6d8787d5e97c5bbbe30b?s=96&d=mm&r=g\",\"caption\":\"Web del Maestro CMF\"},\"description\":\"Esta Web se cre\u00f3 sin fines de lucro, con fines educativos, cient\u00edficos y acad\u00e9micos, para personas que tengan dificultades y\\\/o inconvenientes en visualizar el material original. El objetivo es entregar recursos, compartir experiencias y materiales que ayuden a los padres de familia, maestros y estudiantes en su actualizaci\u00f3n y formaci\u00f3n permanente, en bien de la Educaci\u00f3n.\",\"sameAs\":[\"http:\\\/\\\/webdelmaestrocmf.com\\\/portal\",\"https:\\\/\\\/www.facebook.com\\\/WebdelMaestroCMF\\\/\",\"https:\\\/\\\/www.instagram.com\\\/wmcmf\\\/\",\"https:\\\/\\\/cl.linkedin.com\\\/company\\\/web-del-maestro-cmf\",\"https:\\\/\\\/www.pinterest.com\\\/WMCMF\\\/publicaciones\\\/\",\"https:\\\/\\\/x.com\\\/cmf_w\",\"https:\\\/\\\/www.youtube.com\\\/@WMCMF\"]}]}<\/script>\n<!-- \/ Yoast SEO plugin. -->","yoast_head_json":{"title":"El Papa Francisco e importancia de la narraci\u00f3n en la comunicaci\u00f3n positiva - 2026","description":"En el mundo de hoy no basta con multiplicar las conexiones de comunicaciones sociales, para que aumente la comprensi\u00f3n entre los seres humanos...","robots":{"index":"index","follow":"follow","max-snippet":"max-snippet:-1","max-image-preview":"max-image-preview:large","max-video-preview":"max-video-preview:-1"},"canonical":"https:\/\/webdelmaestrocmf.com\/portal\/el-papa-francisco-e-importancia-de-la-narracion-en-la-comunicacion-positiva\/","og_locale":"es_ES","og_type":"article","og_title":"El Papa Francisco e importancia de la narraci\u00f3n en la comunicaci\u00f3n positiva - 2026","og_description":"En el mundo de hoy no basta con multiplicar las conexiones de comunicaciones sociales, para que aumente la comprensi\u00f3n entre los seres humanos...","og_url":"https:\/\/webdelmaestrocmf.com\/portal\/el-papa-francisco-e-importancia-de-la-narracion-en-la-comunicacion-positiva\/","og_site_name":"Web del Maestro CMF","article_publisher":"https:\/\/www.facebook.com\/WebdelMaestroCMF\/","article_author":"https:\/\/www.facebook.com\/WebdelMaestroCMF\/","article_published_time":"2020-05-30T22:00:45+00:00","og_image":[{"width":1100,"height":680,"url":"https:\/\/i0.wp.com\/webdelmaestrocmf.com\/portal\/wp-content\/uploads\/2020\/05\/1-46.jpg?fit=1100%2C680&ssl=1","type":"image\/jpeg"}],"author":"Web del Maestro CMF","twitter_card":"summary_large_image","twitter_creator":"@cmf_w","twitter_site":"@cmf_w","schema":{"@context":"https:\/\/schema.org","@graph":[{"@type":"ScholarlyArticle","@id":"https:\/\/webdelmaestrocmf.com\/portal\/el-papa-francisco-e-importancia-de-la-narracion-en-la-comunicacion-positiva\/#article","isPartOf":{"@id":"https:\/\/webdelmaestrocmf.com\/portal\/el-papa-francisco-e-importancia-de-la-narracion-en-la-comunicacion-positiva\/"},"author":{"name":"Web del Maestro CMF","@id":"https:\/\/webdelmaestrocmf.com\/portal\/#\/schema\/person\/1072a2ed7bd960df8ef99a551fa35dc5"},"headline":"El Papa Francisco e importancia de la narraci\u00f3n en la comunicaci\u00f3n positiva","datePublished":"2020-05-30T22:00:45+00:00","mainEntityOfPage":{"@id":"https:\/\/webdelmaestrocmf.com\/portal\/el-papa-francisco-e-importancia-de-la-narracion-en-la-comunicacion-positiva\/"},"wordCount":870,"commentCount":0,"publisher":{"@id":"https:\/\/webdelmaestrocmf.com\/portal\/#organization"},"image":{"@id":"https:\/\/webdelmaestrocmf.com\/portal\/el-papa-francisco-e-importancia-de-la-narracion-en-la-comunicacion-positiva\/#primaryimage"},"thumbnailUrl":"https:\/\/webdelmaestrocmf.com\/portal\/wp-content\/uploads\/2020\/05\/1-46.jpg","keywords":["COMUNICACI\u00d3N","Francisco","IMPORTANCIA","narraci\u00f3n","pap\u00e1","POSITIVA"],"articleSection":["Mundo cart\u00f3lico","Papa Francisco"],"inLanguage":"es","potentialAction":[{"@type":"CommentAction","name":"Comment","target":["https:\/\/webdelmaestrocmf.com\/portal\/el-papa-francisco-e-importancia-de-la-narracion-en-la-comunicacion-positiva\/#respond"]}]},{"@type":"WebPage","@id":"https:\/\/webdelmaestrocmf.com\/portal\/el-papa-francisco-e-importancia-de-la-narracion-en-la-comunicacion-positiva\/","url":"https:\/\/webdelmaestrocmf.com\/portal\/el-papa-francisco-e-importancia-de-la-narracion-en-la-comunicacion-positiva\/","name":"El Papa Francisco e importancia de la narraci\u00f3n en la comunicaci\u00f3n positiva - 2026","isPartOf":{"@id":"https:\/\/webdelmaestrocmf.com\/portal\/#website"},"primaryImageOfPage":{"@id":"https:\/\/webdelmaestrocmf.com\/portal\/el-papa-francisco-e-importancia-de-la-narracion-en-la-comunicacion-positiva\/#primaryimage"},"image":{"@id":"https:\/\/webdelmaestrocmf.com\/portal\/el-papa-francisco-e-importancia-de-la-narracion-en-la-comunicacion-positiva\/#primaryimage"},"thumbnailUrl":"https:\/\/webdelmaestrocmf.com\/portal\/wp-content\/uploads\/2020\/05\/1-46.jpg","datePublished":"2020-05-30T22:00:45+00:00","description":"En el mundo de hoy no basta con multiplicar las conexiones de comunicaciones sociales, para que aumente la comprensi\u00f3n entre los seres humanos...","breadcrumb":{"@id":"https:\/\/webdelmaestrocmf.com\/portal\/el-papa-francisco-e-importancia-de-la-narracion-en-la-comunicacion-positiva\/#breadcrumb"},"inLanguage":"es","potentialAction":[{"@type":"ReadAction","target":["https:\/\/webdelmaestrocmf.com\/portal\/el-papa-francisco-e-importancia-de-la-narracion-en-la-comunicacion-positiva\/"]}]},{"@type":"ImageObject","inLanguage":"es","@id":"https:\/\/webdelmaestrocmf.com\/portal\/el-papa-francisco-e-importancia-de-la-narracion-en-la-comunicacion-positiva\/#primaryimage","url":"https:\/\/webdelmaestrocmf.com\/portal\/wp-content\/uploads\/2020\/05\/1-46.jpg","contentUrl":"https:\/\/webdelmaestrocmf.com\/portal\/wp-content\/uploads\/2020\/05\/1-46.jpg","width":1100,"height":680},{"@type":"BreadcrumbList","@id":"https:\/\/webdelmaestrocmf.com\/portal\/el-papa-francisco-e-importancia-de-la-narracion-en-la-comunicacion-positiva\/#breadcrumb","itemListElement":[{"@type":"ListItem","position":1,"name":"Portada","item":"https:\/\/webdelmaestrocmf.com\/portal\/"},{"@type":"ListItem","position":2,"name":"Mundo cart\u00f3lico","item":"https:\/\/webdelmaestrocmf.com\/portal\/category\/pastoral\/"},{"@type":"ListItem","position":3,"name":"El Papa Francisco e importancia de la narraci\u00f3n en la comunicaci\u00f3n positiva"}]},{"@type":"WebSite","@id":"https:\/\/webdelmaestrocmf.com\/portal\/#website","url":"https:\/\/webdelmaestrocmf.com\/portal\/","name":"Web del Maestro CMF","description":"Maestros al servicio de la educaci\u00f3n","publisher":{"@id":"https:\/\/webdelmaestrocmf.com\/portal\/#organization"},"alternateName":"WMCMF","potentialAction":[{"@type":"SearchAction","target":{"@type":"EntryPoint","urlTemplate":"https:\/\/webdelmaestrocmf.com\/portal\/?s={search_term_string}"},"query-input":{"@type":"PropertyValueSpecification","valueRequired":true,"valueName":"search_term_string"}}],"inLanguage":"es"},{"@type":"Organization","@id":"https:\/\/webdelmaestrocmf.com\/portal\/#organization","name":"Web del Maestro CMF","alternateName":"WMCMF","url":"https:\/\/webdelmaestrocmf.com\/portal\/","logo":{"@type":"ImageObject","inLanguage":"es","@id":"https:\/\/webdelmaestrocmf.com\/portal\/#\/schema\/logo\/image\/","url":"https:\/\/webdelmaestrocmf.com\/portal\/wp-content\/uploads\/2023\/01\/logo-wmcmf-2.png","contentUrl":"https:\/\/webdelmaestrocmf.com\/portal\/wp-content\/uploads\/2023\/01\/logo-wmcmf-2.png","width":200,"height":60,"caption":"Web del Maestro CMF"},"image":{"@id":"https:\/\/webdelmaestrocmf.com\/portal\/#\/schema\/logo\/image\/"},"sameAs":["https:\/\/www.facebook.com\/WebdelMaestroCMF\/","https:\/\/x.com\/cmf_w","https:\/\/www.pinterest.com\/WMCMF\/","https:\/\/www.linkedin.com\/company\/web-del-maestro-cmf\/","https:\/\/www.instagram.com\/wmcmf\/","https:\/\/www.youtube.com\/channel\/UCDPSvjbdodE5sHnC3OxutHw","https:\/\/mastodon.social\/@wmcmf","https:\/\/www.tiktok.com\/@webdelmaestrocmf"]},{"@type":"Person","@id":"https:\/\/webdelmaestrocmf.com\/portal\/#\/schema\/person\/1072a2ed7bd960df8ef99a551fa35dc5","name":"Web del Maestro CMF","image":{"@type":"ImageObject","inLanguage":"es","@id":"https:\/\/secure.gravatar.com\/avatar\/23291dd5b5ae1077dcff3dbb04c3e02bd28403fa75af6d8787d5e97c5bbbe30b?s=96&d=mm&r=g","url":"https:\/\/secure.gravatar.com\/avatar\/23291dd5b5ae1077dcff3dbb04c3e02bd28403fa75af6d8787d5e97c5bbbe30b?s=96&d=mm&r=g","contentUrl":"https:\/\/secure.gravatar.com\/avatar\/23291dd5b5ae1077dcff3dbb04c3e02bd28403fa75af6d8787d5e97c5bbbe30b?s=96&d=mm&r=g","caption":"Web del Maestro CMF"},"description":"Esta Web se cre\u00f3 sin fines de lucro, con fines educativos, cient\u00edficos y acad\u00e9micos, para personas que tengan dificultades y\/o inconvenientes en visualizar el material original. El objetivo es entregar recursos, compartir experiencias y materiales que ayuden a los padres de familia, maestros y estudiantes en su actualizaci\u00f3n y formaci\u00f3n permanente, en bien de la Educaci\u00f3n.","sameAs":["http:\/\/webdelmaestrocmf.com\/portal","https:\/\/www.facebook.com\/WebdelMaestroCMF\/","https:\/\/www.instagram.com\/wmcmf\/","https:\/\/cl.linkedin.com\/company\/web-del-maestro-cmf","https:\/\/www.pinterest.com\/WMCMF\/publicaciones\/","https:\/\/x.com\/cmf_w","https:\/\/www.youtube.com\/@WMCMF"]}]}},"jetpack_featured_media_url":"https:\/\/webdelmaestrocmf.com\/portal\/wp-content\/uploads\/2020\/05\/1-46.jpg","jetpack_sharing_enabled":true,"jetpack-related-posts":[{"id":52084,"url":"https:\/\/webdelmaestrocmf.com\/portal\/papa-francisco-el-comunicador-nunca-debe-ocultar-la-verdad-o-manipular-la-informacion\/","url_meta":{"origin":47487,"position":0},"title":"Papa Francisco: El comunicador nunca debe ocultar la verdad o manipular la informaci\u00f3n","author":"Web del Maestro CMF","date":"25 septiembre, 2020","format":false,"excerpt":"El Papa Francisco en su mensaje con motivo de la Jornada de las Comunicaciones Sociales 2020, nos dijo que \u201cen medio de la confusi\u00f3n de las voces y de los mensajes que nos rodean, necesitamos una narraci\u00f3n humana, que nos hable de nosotros y de la belleza que poseemos. Una\u2026","rel":"","context":"En \u00abMundo cart\u00f3lico\u00bb","block_context":{"text":"Mundo cart\u00f3lico","link":"https:\/\/webdelmaestrocmf.com\/portal\/category\/pastoral\/"},"img":{"alt_text":"","src":"https:\/\/i0.wp.com\/webdelmaestrocmf.com\/portal\/wp-content\/uploads\/2020\/09\/1-copia-91.jpg?resize=350%2C200&ssl=1","width":350,"height":200,"srcset":"https:\/\/i0.wp.com\/webdelmaestrocmf.com\/portal\/wp-content\/uploads\/2020\/09\/1-copia-91.jpg?resize=350%2C200&ssl=1 1x, https:\/\/i0.wp.com\/webdelmaestrocmf.com\/portal\/wp-content\/uploads\/2020\/09\/1-copia-91.jpg?resize=525%2C300&ssl=1 1.5x, https:\/\/i0.wp.com\/webdelmaestrocmf.com\/portal\/wp-content\/uploads\/2020\/09\/1-copia-91.jpg?resize=700%2C400&ssl=1 2x, https:\/\/i0.wp.com\/webdelmaestrocmf.com\/portal\/wp-content\/uploads\/2020\/09\/1-copia-91.jpg?resize=1050%2C600&ssl=1 3x"},"classes":[]},{"id":25894,"url":"https:\/\/webdelmaestrocmf.com\/portal\/papa-francisco-desterrar-una-educacion-competitiva-agresiva-dura-los-demas\/","url_meta":{"origin":47487,"position":1},"title":"Papa Francisco: hay que desterrar una educaci\u00f3n competitiva, agresiva, y dura contra los dem\u00e1s","author":"Web del Maestro CMF","date":"17 enero, 2018","format":false,"excerpt":"El di\u00e1logo y el entendimiento entre la escuela y el hogar, son el soporte para lograr que los estudiantes logren los objetivos de la Educaci\u00f3n. El padre de familia y el profesor tienen que remar juntos en la misma direcci\u00f3n. Pero es el profesor o maestro, quien debe dar el\u2026","rel":"","context":"En \u00abMundo cart\u00f3lico\u00bb","block_context":{"text":"Mundo cart\u00f3lico","link":"https:\/\/webdelmaestrocmf.com\/portal\/category\/pastoral\/"},"img":{"alt_text":"","src":"https:\/\/i0.wp.com\/webdelmaestrocmf.com\/portal\/wp-content\/uploads\/2018\/01\/1-25.jpg?resize=350%2C200&ssl=1","width":350,"height":200,"srcset":"https:\/\/i0.wp.com\/webdelmaestrocmf.com\/portal\/wp-content\/uploads\/2018\/01\/1-25.jpg?resize=350%2C200&ssl=1 1x, https:\/\/i0.wp.com\/webdelmaestrocmf.com\/portal\/wp-content\/uploads\/2018\/01\/1-25.jpg?resize=525%2C300&ssl=1 1.5x, https:\/\/i0.wp.com\/webdelmaestrocmf.com\/portal\/wp-content\/uploads\/2018\/01\/1-25.jpg?resize=700%2C400&ssl=1 2x, https:\/\/i0.wp.com\/webdelmaestrocmf.com\/portal\/wp-content\/uploads\/2018\/01\/1-25.jpg?resize=1050%2C600&ssl=1 3x"},"classes":[]},{"id":29780,"url":"https:\/\/webdelmaestrocmf.com\/portal\/papa-francisco-educar-es-afrontar-positivamente-los-cambios-sociales\/","url_meta":{"origin":47487,"position":2},"title":"Papa Francisco: educar es afrontar positivamente los cambios sociales","author":"Web del Maestro CMF","date":"2 agosto, 2018","format":false,"excerpt":"\u201cSolo si se cambia la educaci\u00f3n se puede cambiar el mundo\u201d, afirma el Papa Francisco, como un llamado a los educadores a encontrar un momento y reflexionar sobre su tarea educativa, tanto como padres de familia, y\/o como maestros en los hogares y en las escuelas; para consolidar lo bueno\u2026","rel":"","context":"En \u00abMundo cart\u00f3lico\u00bb","block_context":{"text":"Mundo cart\u00f3lico","link":"https:\/\/webdelmaestrocmf.com\/portal\/category\/pastoral\/"},"img":{"alt_text":"","src":"https:\/\/i0.wp.com\/webdelmaestrocmf.com\/portal\/wp-content\/uploads\/2018\/08\/1-8.jpg?resize=350%2C200&ssl=1","width":350,"height":200,"srcset":"https:\/\/i0.wp.com\/webdelmaestrocmf.com\/portal\/wp-content\/uploads\/2018\/08\/1-8.jpg?resize=350%2C200&ssl=1 1x, https:\/\/i0.wp.com\/webdelmaestrocmf.com\/portal\/wp-content\/uploads\/2018\/08\/1-8.jpg?resize=525%2C300&ssl=1 1.5x, https:\/\/i0.wp.com\/webdelmaestrocmf.com\/portal\/wp-content\/uploads\/2018\/08\/1-8.jpg?resize=700%2C400&ssl=1 2x, https:\/\/i0.wp.com\/webdelmaestrocmf.com\/portal\/wp-content\/uploads\/2018\/08\/1-8.jpg?resize=1050%2C600&ssl=1 3x, https:\/\/i0.wp.com\/webdelmaestrocmf.com\/portal\/wp-content\/uploads\/2018\/08\/1-8.jpg?resize=1400%2C800&ssl=1 4x"},"classes":[]},{"id":14828,"url":"https:\/\/webdelmaestrocmf.com\/portal\/papa-francisco-creer-los-propios-padres-dignos-confianza\/","url_meta":{"origin":47487,"position":3},"title":"[Papa Francisco] \u201ccreer que los propios padres son dignos de confianza\u201d","author":"Web del Maestro CMF","date":"15 febrero, 2017","format":false,"excerpt":"\u201cSe ama a un hijo porque es hijo, no porque es hermoso o porque es de una o de otra manera; no, porque es hijo. No porque piensa como yo o encarna mis deseos. Un hijo es un hijo: una vida engendrada por nosotros, pero destinada a \u00e9l, a su\u2026","rel":"","context":"En \u00abMundo cart\u00f3lico\u00bb","block_context":{"text":"Mundo cart\u00f3lico","link":"https:\/\/webdelmaestrocmf.com\/portal\/category\/pastoral\/"},"img":{"alt_text":"","src":"https:\/\/i0.wp.com\/webdelmaestrocmf.com\/portal\/wp-content\/uploads\/2017\/10\/1ss.jpg?resize=350%2C200&ssl=1","width":350,"height":200,"srcset":"https:\/\/i0.wp.com\/webdelmaestrocmf.com\/portal\/wp-content\/uploads\/2017\/10\/1ss.jpg?resize=350%2C200&ssl=1 1x, https:\/\/i0.wp.com\/webdelmaestrocmf.com\/portal\/wp-content\/uploads\/2017\/10\/1ss.jpg?resize=525%2C300&ssl=1 1.5x"},"classes":[]},{"id":43319,"url":"https:\/\/webdelmaestrocmf.com\/portal\/papa-francisco-recibe-al-fraile-peter-tabichi-el-mejor-profesor-del-mundo\/","url_meta":{"origin":47487,"position":4},"title":"Papa Francisco recibe al fraile Peter Tabichi, el mejor profesor del mundo","author":"Web del Maestro CMF","date":"9 enero, 2020","format":false,"excerpt":"El Papa Francisco salud\u00f3 en el Vaticano a Peter Tabichi, hermano franciscano y profesor de ciencias, conocido como \u201cel mejor profesor del mundo\u201d luego de ser galardonado con el Nobel de Educaci\u00f3n (Global Teacher Prize) 2019, por su significativa labor educativa en una de las zonas de extrema pobreza en\u2026","rel":"","context":"En \u00abMundo cart\u00f3lico\u00bb","block_context":{"text":"Mundo cart\u00f3lico","link":"https:\/\/webdelmaestrocmf.com\/portal\/category\/pastoral\/"},"img":{"alt_text":"","src":"https:\/\/i0.wp.com\/webdelmaestrocmf.com\/portal\/wp-content\/uploads\/2020\/01\/1-26.jpg?resize=350%2C200&ssl=1","width":350,"height":200,"srcset":"https:\/\/i0.wp.com\/webdelmaestrocmf.com\/portal\/wp-content\/uploads\/2020\/01\/1-26.jpg?resize=350%2C200&ssl=1 1x, https:\/\/i0.wp.com\/webdelmaestrocmf.com\/portal\/wp-content\/uploads\/2020\/01\/1-26.jpg?resize=525%2C300&ssl=1 1.5x, https:\/\/i0.wp.com\/webdelmaestrocmf.com\/portal\/wp-content\/uploads\/2020\/01\/1-26.jpg?resize=700%2C400&ssl=1 2x, https:\/\/i0.wp.com\/webdelmaestrocmf.com\/portal\/wp-content\/uploads\/2020\/01\/1-26.jpg?resize=1050%2C600&ssl=1 3x"},"classes":[]},{"id":18892,"url":"https:\/\/webdelmaestrocmf.com\/portal\/francisco-no-la-noticia-espectaculo-del-drama-del-dolor-del-misterio-del-mal\/","url_meta":{"origin":47487,"position":5},"title":"No a la noticia que hace espect\u00e1culo del drama del dolor y del misterio del mal","author":"Web del Maestro CMF","date":"31 mayo, 2017","format":false,"excerpt":"En Educaci\u00f3n la comunicaci\u00f3n es un factor categ\u00f3rico en el proceso ense\u00f1anza \u2013 aprendizaje, puesto que considera a los estudiantes y profesores como agentes y sujetos activos, y no como objetos emisores, objetos receptores o recept\u00e1culos; \u201cplateando el aprendizaje como un proceso activo de construcci\u00f3n y de re-creaci\u00f3n del conocimiento.\u2026","rel":"","context":"En \u00abYo opino - WMCMF\u00bb","block_context":{"text":"Yo opino - WMCMF","link":"https:\/\/webdelmaestrocmf.com\/portal\/category\/jamb\/"},"img":{"alt_text":"","src":"https:\/\/i0.wp.com\/webdelmaestrocmf.com\/portal\/wp-content\/uploads\/2017\/05\/1ss.jpg?resize=350%2C200&ssl=1","width":350,"height":200,"srcset":"https:\/\/i0.wp.com\/webdelmaestrocmf.com\/portal\/wp-content\/uploads\/2017\/05\/1ss.jpg?resize=350%2C200&ssl=1 1x, https:\/\/i0.wp.com\/webdelmaestrocmf.com\/portal\/wp-content\/uploads\/2017\/05\/1ss.jpg?resize=525%2C300&ssl=1 1.5x, https:\/\/i0.wp.com\/webdelmaestrocmf.com\/portal\/wp-content\/uploads\/2017\/05\/1ss.jpg?resize=700%2C400&ssl=1 2x, https:\/\/i0.wp.com\/webdelmaestrocmf.com\/portal\/wp-content\/uploads\/2017\/05\/1ss.jpg?resize=1050%2C600&ssl=1 3x"},"classes":[]}],"_links":{"self":[{"href":"https:\/\/webdelmaestrocmf.com\/portal\/wp-json\/wp\/v2\/posts\/47487","targetHints":{"allow":["GET"]}}],"collection":[{"href":"https:\/\/webdelmaestrocmf.com\/portal\/wp-json\/wp\/v2\/posts"}],"about":[{"href":"https:\/\/webdelmaestrocmf.com\/portal\/wp-json\/wp\/v2\/types\/post"}],"author":[{"embeddable":true,"href":"https:\/\/webdelmaestrocmf.com\/portal\/wp-json\/wp\/v2\/users\/1"}],"replies":[{"embeddable":true,"href":"https:\/\/webdelmaestrocmf.com\/portal\/wp-json\/wp\/v2\/comments?post=47487"}],"version-history":[{"count":0,"href":"https:\/\/webdelmaestrocmf.com\/portal\/wp-json\/wp\/v2\/posts\/47487\/revisions"}],"wp:featuredmedia":[{"embeddable":true,"href":"https:\/\/webdelmaestrocmf.com\/portal\/wp-json\/wp\/v2\/media\/47488"}],"wp:attachment":[{"href":"https:\/\/webdelmaestrocmf.com\/portal\/wp-json\/wp\/v2\/media?parent=47487"}],"wp:term":[{"taxonomy":"category","embeddable":true,"href":"https:\/\/webdelmaestrocmf.com\/portal\/wp-json\/wp\/v2\/categories?post=47487"},{"taxonomy":"post_tag","embeddable":true,"href":"https:\/\/webdelmaestrocmf.com\/portal\/wp-json\/wp\/v2\/tags?post=47487"}],"curies":[{"name":"wp","href":"https:\/\/api.w.org\/{rel}","templated":true}]}}