{"id":46689,"date":"2020-04-25T19:40:24","date_gmt":"2020-04-25T23:40:24","guid":{"rendered":"https:\/\/webdelmaestrocmf.com\/portal\/?p=46689"},"modified":"2020-05-23T17:36:36","modified_gmt":"2020-05-23T21:36:36","slug":"el-papa-francisco-reza-por-los-profesores-que-deben-ensenar-a-distancia-durante-el-coronavirus","status":"publish","type":"post","link":"https:\/\/webdelmaestrocmf.com\/portal\/el-papa-francisco-reza-por-los-profesores-que-deben-ensenar-a-distancia-durante-el-coronavirus\/","title":{"rendered":"El Papa Francisco reza por los profesores que deben ense\u00f1ar a distancia durante el coronavirus"},"content":{"rendered":"<h5 style=\"text-align: justify;\">El Papa Francisco pidi\u00f3 rezar, este viernes 24 de abril durante la Misa celebrada en Casa Santa Marta, por lo profesores que deben realizar su trabajo desde casa por medio de instrumentos telem\u00e1ticos debido al confinamiento decretado en varios pa\u00edses por la pandemia de coronavirus.<\/h5>\n<h5 style=\"text-align: justify;\">\u201cRezamos hoy por los profesores que deben trabajar mucho para impartir las lecciones por internet y otras v\u00edas telem\u00e1ticas, y rezamos tambi\u00e9n por los estudiantes que deben realizar los ex\u00e1menes de un modo al que no est\u00e1n habituados. Acompa\u00f1\u00e9moslos con la oraci\u00f3n\u201d, fueron las palabras del Santo Padre.<\/h5>\n<p><!--more--><\/p>\n<p style=\"text-align: justify;\">En los \u00faltimos d\u00edas, el Papa Francisco ofreci\u00f3 la Misa celebrada cada d\u00eda en la capilla de su residencia en Casa Santa Marta por las familias necesitadas (el jueves 23 de abril) que est\u00e1n padeciendo hambre por culpa de la pandemia de COVID 19 y que est\u00e1n a merced de la explotaci\u00f3n de los usureros.<\/p>\n<p><img loading=\"lazy\" decoding=\"async\" class=\"alignnone size-full wp-image-46691\" src=\"https:\/\/webdelmaestrocmf.com\/portal\/wp-content\/uploads\/2020\/04\/a3.jpg\" alt=\"\" width=\"900\" height=\"500\" srcset=\"https:\/\/webdelmaestrocmf.com\/portal\/wp-content\/uploads\/2020\/04\/a3.jpg 900w, https:\/\/webdelmaestrocmf.com\/portal\/wp-content\/uploads\/2020\/04\/a3-300x167.jpg 300w, https:\/\/webdelmaestrocmf.com\/portal\/wp-content\/uploads\/2020\/04\/a3-768x427.jpg 768w, https:\/\/webdelmaestrocmf.com\/portal\/wp-content\/uploads\/2020\/04\/a3-110x61.jpg 110w, https:\/\/webdelmaestrocmf.com\/portal\/wp-content\/uploads\/2020\/04\/a3-200x111.jpg 200w, https:\/\/webdelmaestrocmf.com\/portal\/wp-content\/uploads\/2020\/04\/a3-380x211.jpg 380w, https:\/\/webdelmaestrocmf.com\/portal\/wp-content\/uploads\/2020\/04\/a3-255x142.jpg 255w, https:\/\/webdelmaestrocmf.com\/portal\/wp-content\/uploads\/2020\/04\/a3-550x306.jpg 550w, https:\/\/webdelmaestrocmf.com\/portal\/wp-content\/uploads\/2020\/04\/a3-800x444.jpg 800w\" sizes=\"auto, (max-width: 900px) 100vw, 900px\" \/><\/p>\n<p style=\"text-align: justify;\">Tambi\u00e9n ofreci\u00f3 la Misa el 22 de abril por la unidad de Europa, para que, a pesar de las tensiones entre los pa\u00edses europeos por la crisis del coronavirus, el viejo continente sepa mantener la unidad fraterna \u201cso\u00f1ada por los fundadores de la Uni\u00f3n Europea\u201d.<\/p>\n<p style=\"text-align: justify;\">Asimismo, el 20 de abril el Pont\u00edfice ofreci\u00f3 la Misa por los hombres y mujeres con vocaci\u00f3n pol\u00edtica, para que descubran que \u201cla pol\u00edtica es una forma de alta caridad\u201d y que se pan gestionar la crisis del coronavirus buscando \u201cel bien del pa\u00eds y no el bien de sus partidos pol\u00edticos\u201d.<\/p>\n<p><strong>Este contenido ha sido publicado originalmente por ACIPRENSA en la siguiente direcci\u00f3n: <a href=\"http:\/\/aciprensa.com\" target=\"_blank\" rel=\"noopener noreferrer\">aciprensa.com<\/a><\/strong><\/p>\n\t\t<div class=\"pk-inline-posts\">\n\t\t\t\n\t\t\t<div class=\"pk-inline-posts-container pk-inline-posts-template-list\"\n\t\t\t\tdata-columns=\"1\">\n\t\t\t\t\t\t<article id=\"post-117930\" class=\"post-117930 post type-post status-publish format-standard has-post-thumbnail category-pastoral category-noticias-internacionales category-papa-leon-xiv tag-conflictos tag-derechos-humanos tag-educacion-en-valores-2 tag-etica-3 tag-justicia-social tag-liderazgo tag-papa-2 tag-paz tag-reflexion-2 tag-solidaridad cs-entry cs-video-wrap\">\n\t\t\t<div class=\"pk-post-outer\">\n\n\t\t\t\t\t\t\t\t<div class=\"pk-post-inner\">\n\t\t\t\t\t<div class=\"entry-thumbnail\">\n\t\t\t\t\t\t<div class=\"pk-overlay pk-overlay-ratio pk-ratio-landscape\">\n\t\t\t\t\t\t\t<div class=\"pk-overlay-background\">\n\t\t\t\t\t\t\t\t<a href=\"https:\/\/webdelmaestrocmf.com\/portal\/papa-leon-xiv-el-mundo-esta-siendo-destruido-por-unos-pocos-tiranos-en-referencia-a-trump\/\" class=\"pk-overlay-link\">\n\t\t\t\t\t\t\t\t\t<img loading=\"lazy\" decoding=\"async\" width=\"300\" height=\"225\" src=\"https:\/\/webdelmaestrocmf.com\/portal\/wp-content\/uploads\/2026\/04\/1AA-Banner-1-portada-imagen-10-1-copia-30-300x225.webp\" class=\"attachment-pk-thumbnail size-pk-thumbnail wp-post-image\" alt=\"\" \/>\t\t\t\t\t\t\t\t<\/a>\n\t\t\t\t\t\t\t<\/div>\n\t\t\t\t\t\t<\/div>\n\t\t\t\t\t<\/div>\n\t\t\t\t<\/div>\n\t\t\t\t\n\t\t\t\t<div class=\"pk-post-inner\">\n\t\t\t\t\t<header>\n\t\t\t\t\t\t<h3 class=\"pk-title\"><a href=\"https:\/\/webdelmaestrocmf.com\/portal\/papa-leon-xiv-el-mundo-esta-siendo-destruido-por-unos-pocos-tiranos-en-referencia-a-trump\/\" rel=\"bookmark\">Papa Le\u00f3n XIV: \u201cEl mundo est\u00e1 siendo destruido por unos pocos tiranos\u201d, en referencia a Trump<\/a><\/h3>\t\t\t\t\t<\/header><!-- .entry-header -->\n\t\t\t\t<\/div><!-- .post-inner -->\n\n\t\t\t<\/div><!-- .post-outer -->\n\t\t<\/article>\n\t\t\t\t<\/div>\n\t\t<\/div>\n\t\t\n","protected":false},"excerpt":{"rendered":"El Papa Francisco pidi\u00f3 rezar, este viernes 24 de abril durante la Misa celebrada en Casa Santa Marta,&hellip;","protected":false},"author":1,"featured_media":46690,"comment_status":"open","ping_status":"closed","sticky":false,"template":"","format":"standard","meta":{"csco_display_header_overlay":false,"csco_singular_sidebar":"default","csco_page_header_type":"default","csco_page_load_nextpost":"default","csco_post_video_location":[],"csco_post_video_location_hash":"","csco_post_video_url":"","csco_post_video_bg_start_time":0,"csco_post_video_bg_end_time":0,"csco_post_video_bg_volume":false,"_jetpack_memberships_contains_paid_content":false,"footnotes":""},"categories":[431,467],"tags":[4734,4796,4895,51,1363,880,62,1469],"class_list":{"0":"post-46689","1":"post","2":"type-post","3":"status-publish","4":"format-standard","5":"has-post-thumbnail","7":"category-pastoral","8":"category-papa-francisco","9":"tag-coronavirus","10":"tag-distancia","11":"tag-durante","12":"tag-ensenar","13":"tag-francisco","14":"tag-papa","15":"tag-profesores","16":"tag-reza","17":"cs-entry","18":"cs-video-wrap"},"yoast_head":"<!-- This site is optimized with the Yoast SEO plugin v27.4 - https:\/\/yoast.com\/product\/yoast-seo-wordpress\/ -->\n<title>El Papa Francisco reza por los profesores que deben ense\u00f1ar a distancia durante el coronavirus - 2026<\/title>\n<meta name=\"description\" content=\"\u201cRezamos hoy por los profesores que deben trabajar mucho para impartir las lecciones por internet y otras v\u00edas telem\u00e1ticas, y rezamos tambi\u00e9n...\" \/>\n<meta name=\"robots\" content=\"index, follow, max-snippet:-1, max-image-preview:large, max-video-preview:-1\" \/>\n<link rel=\"canonical\" href=\"https:\/\/webdelmaestrocmf.com\/portal\/el-papa-francisco-reza-por-los-profesores-que-deben-ensenar-a-distancia-durante-el-coronavirus\/\" \/>\n<meta property=\"og:locale\" content=\"es_ES\" \/>\n<meta property=\"og:type\" content=\"article\" \/>\n<meta property=\"og:title\" content=\"El Papa Francisco reza por los profesores que deben ense\u00f1ar a distancia durante el coronavirus - 2026\" \/>\n<meta property=\"og:description\" content=\"\u201cRezamos hoy por los profesores que deben trabajar mucho para impartir las lecciones por internet y otras v\u00edas telem\u00e1ticas, y rezamos tambi\u00e9n...\" \/>\n<meta property=\"og:url\" content=\"https:\/\/webdelmaestrocmf.com\/portal\/el-papa-francisco-reza-por-los-profesores-que-deben-ensenar-a-distancia-durante-el-coronavirus\/\" \/>\n<meta property=\"og:site_name\" content=\"Web del Maestro CMF\" \/>\n<meta property=\"article:publisher\" content=\"https:\/\/www.facebook.com\/WebdelMaestroCMF\/\" \/>\n<meta property=\"article:author\" content=\"https:\/\/www.facebook.com\/WebdelMaestroCMF\/\" \/>\n<meta property=\"article:published_time\" content=\"2020-04-25T23:40:24+00:00\" \/>\n<meta property=\"article:modified_time\" content=\"2020-05-23T21:36:36+00:00\" \/>\n<meta property=\"og:image\" content=\"https:\/\/i0.wp.com\/webdelmaestrocmf.com\/portal\/wp-content\/uploads\/2020\/04\/a2.jpg?fit=1100%2C680&ssl=1\" \/>\n\t<meta property=\"og:image:width\" content=\"1100\" \/>\n\t<meta property=\"og:image:height\" content=\"680\" \/>\n\t<meta property=\"og:image:type\" content=\"image\/jpeg\" \/>\n<meta name=\"author\" content=\"Web del Maestro CMF\" \/>\n<meta name=\"twitter:card\" content=\"summary_large_image\" \/>\n<meta name=\"twitter:creator\" content=\"@cmf_w\" \/>\n<meta name=\"twitter:site\" content=\"@cmf_w\" \/>\n<meta name=\"twitter:label1\" content=\"Escrito por\" \/>\n\t<meta name=\"twitter:data1\" content=\"Web del Maestro CMF\" \/>\n\t<meta name=\"twitter:label2\" content=\"Tiempo de lectura\" \/>\n\t<meta name=\"twitter:data2\" content=\"1 minuto\" \/>\n<script type=\"application\/ld+json\" class=\"yoast-schema-graph\">{\"@context\":\"https:\\\/\\\/schema.org\",\"@graph\":[{\"@type\":\"ScholarlyArticle\",\"@id\":\"https:\\\/\\\/webdelmaestrocmf.com\\\/portal\\\/el-papa-francisco-reza-por-los-profesores-que-deben-ensenar-a-distancia-durante-el-coronavirus\\\/#article\",\"isPartOf\":{\"@id\":\"https:\\\/\\\/webdelmaestrocmf.com\\\/portal\\\/el-papa-francisco-reza-por-los-profesores-que-deben-ensenar-a-distancia-durante-el-coronavirus\\\/\"},\"author\":{\"name\":\"Web del Maestro CMF\",\"@id\":\"https:\\\/\\\/webdelmaestrocmf.com\\\/portal\\\/#\\\/schema\\\/person\\\/1072a2ed7bd960df8ef99a551fa35dc5\"},\"headline\":\"El Papa Francisco reza por los profesores que deben ense\u00f1ar a distancia durante el coronavirus\",\"datePublished\":\"2020-04-25T23:40:24+00:00\",\"dateModified\":\"2020-05-23T21:36:36+00:00\",\"mainEntityOfPage\":{\"@id\":\"https:\\\/\\\/webdelmaestrocmf.com\\\/portal\\\/el-papa-francisco-reza-por-los-profesores-que-deben-ensenar-a-distancia-durante-el-coronavirus\\\/\"},\"wordCount\":297,\"commentCount\":1,\"publisher\":{\"@id\":\"https:\\\/\\\/webdelmaestrocmf.com\\\/portal\\\/#organization\"},\"image\":{\"@id\":\"https:\\\/\\\/webdelmaestrocmf.com\\\/portal\\\/el-papa-francisco-reza-por-los-profesores-que-deben-ensenar-a-distancia-durante-el-coronavirus\\\/#primaryimage\"},\"thumbnailUrl\":\"https:\\\/\\\/webdelmaestrocmf.com\\\/portal\\\/wp-content\\\/uploads\\\/2020\\\/04\\\/a2.jpg\",\"keywords\":[\"coronavirus\",\"distancia\",\"durante\",\"ENSE\u00d1AR\",\"Francisco\",\"pap\u00e1\",\"profesores\",\"REZA\"],\"articleSection\":[\"Mundo cart\u00f3lico\",\"Papa Francisco\"],\"inLanguage\":\"es\",\"potentialAction\":[{\"@type\":\"CommentAction\",\"name\":\"Comment\",\"target\":[\"https:\\\/\\\/webdelmaestrocmf.com\\\/portal\\\/el-papa-francisco-reza-por-los-profesores-que-deben-ensenar-a-distancia-durante-el-coronavirus\\\/#respond\"]}]},{\"@type\":\"WebPage\",\"@id\":\"https:\\\/\\\/webdelmaestrocmf.com\\\/portal\\\/el-papa-francisco-reza-por-los-profesores-que-deben-ensenar-a-distancia-durante-el-coronavirus\\\/\",\"url\":\"https:\\\/\\\/webdelmaestrocmf.com\\\/portal\\\/el-papa-francisco-reza-por-los-profesores-que-deben-ensenar-a-distancia-durante-el-coronavirus\\\/\",\"name\":\"El Papa Francisco reza por los profesores que deben ense\u00f1ar a distancia durante el coronavirus - 2026\",\"isPartOf\":{\"@id\":\"https:\\\/\\\/webdelmaestrocmf.com\\\/portal\\\/#website\"},\"primaryImageOfPage\":{\"@id\":\"https:\\\/\\\/webdelmaestrocmf.com\\\/portal\\\/el-papa-francisco-reza-por-los-profesores-que-deben-ensenar-a-distancia-durante-el-coronavirus\\\/#primaryimage\"},\"image\":{\"@id\":\"https:\\\/\\\/webdelmaestrocmf.com\\\/portal\\\/el-papa-francisco-reza-por-los-profesores-que-deben-ensenar-a-distancia-durante-el-coronavirus\\\/#primaryimage\"},\"thumbnailUrl\":\"https:\\\/\\\/webdelmaestrocmf.com\\\/portal\\\/wp-content\\\/uploads\\\/2020\\\/04\\\/a2.jpg\",\"datePublished\":\"2020-04-25T23:40:24+00:00\",\"dateModified\":\"2020-05-23T21:36:36+00:00\",\"description\":\"\u201cRezamos hoy por los profesores que deben trabajar mucho para impartir las lecciones por internet y otras v\u00edas telem\u00e1ticas, y rezamos tambi\u00e9n...\",\"breadcrumb\":{\"@id\":\"https:\\\/\\\/webdelmaestrocmf.com\\\/portal\\\/el-papa-francisco-reza-por-los-profesores-que-deben-ensenar-a-distancia-durante-el-coronavirus\\\/#breadcrumb\"},\"inLanguage\":\"es\",\"potentialAction\":[{\"@type\":\"ReadAction\",\"target\":[\"https:\\\/\\\/webdelmaestrocmf.com\\\/portal\\\/el-papa-francisco-reza-por-los-profesores-que-deben-ensenar-a-distancia-durante-el-coronavirus\\\/\"]}]},{\"@type\":\"ImageObject\",\"inLanguage\":\"es\",\"@id\":\"https:\\\/\\\/webdelmaestrocmf.com\\\/portal\\\/el-papa-francisco-reza-por-los-profesores-que-deben-ensenar-a-distancia-durante-el-coronavirus\\\/#primaryimage\",\"url\":\"https:\\\/\\\/webdelmaestrocmf.com\\\/portal\\\/wp-content\\\/uploads\\\/2020\\\/04\\\/a2.jpg\",\"contentUrl\":\"https:\\\/\\\/webdelmaestrocmf.com\\\/portal\\\/wp-content\\\/uploads\\\/2020\\\/04\\\/a2.jpg\",\"width\":1100,\"height\":680},{\"@type\":\"BreadcrumbList\",\"@id\":\"https:\\\/\\\/webdelmaestrocmf.com\\\/portal\\\/el-papa-francisco-reza-por-los-profesores-que-deben-ensenar-a-distancia-durante-el-coronavirus\\\/#breadcrumb\",\"itemListElement\":[{\"@type\":\"ListItem\",\"position\":1,\"name\":\"Portada\",\"item\":\"https:\\\/\\\/webdelmaestrocmf.com\\\/portal\\\/\"},{\"@type\":\"ListItem\",\"position\":2,\"name\":\"Mundo cart\u00f3lico\",\"item\":\"https:\\\/\\\/webdelmaestrocmf.com\\\/portal\\\/category\\\/pastoral\\\/\"},{\"@type\":\"ListItem\",\"position\":3,\"name\":\"El Papa Francisco reza por los profesores que deben ense\u00f1ar a distancia durante el coronavirus\"}]},{\"@type\":\"WebSite\",\"@id\":\"https:\\\/\\\/webdelmaestrocmf.com\\\/portal\\\/#website\",\"url\":\"https:\\\/\\\/webdelmaestrocmf.com\\\/portal\\\/\",\"name\":\"Web del Maestro CMF\",\"description\":\"Maestros al servicio de la educaci\u00f3n\",\"publisher\":{\"@id\":\"https:\\\/\\\/webdelmaestrocmf.com\\\/portal\\\/#organization\"},\"alternateName\":\"WMCMF\",\"potentialAction\":[{\"@type\":\"SearchAction\",\"target\":{\"@type\":\"EntryPoint\",\"urlTemplate\":\"https:\\\/\\\/webdelmaestrocmf.com\\\/portal\\\/?s={search_term_string}\"},\"query-input\":{\"@type\":\"PropertyValueSpecification\",\"valueRequired\":true,\"valueName\":\"search_term_string\"}}],\"inLanguage\":\"es\"},{\"@type\":\"Organization\",\"@id\":\"https:\\\/\\\/webdelmaestrocmf.com\\\/portal\\\/#organization\",\"name\":\"Web del Maestro CMF\",\"alternateName\":\"WMCMF\",\"url\":\"https:\\\/\\\/webdelmaestrocmf.com\\\/portal\\\/\",\"logo\":{\"@type\":\"ImageObject\",\"inLanguage\":\"es\",\"@id\":\"https:\\\/\\\/webdelmaestrocmf.com\\\/portal\\\/#\\\/schema\\\/logo\\\/image\\\/\",\"url\":\"https:\\\/\\\/webdelmaestrocmf.com\\\/portal\\\/wp-content\\\/uploads\\\/2023\\\/01\\\/logo-wmcmf-2.png\",\"contentUrl\":\"https:\\\/\\\/webdelmaestrocmf.com\\\/portal\\\/wp-content\\\/uploads\\\/2023\\\/01\\\/logo-wmcmf-2.png\",\"width\":200,\"height\":60,\"caption\":\"Web del Maestro CMF\"},\"image\":{\"@id\":\"https:\\\/\\\/webdelmaestrocmf.com\\\/portal\\\/#\\\/schema\\\/logo\\\/image\\\/\"},\"sameAs\":[\"https:\\\/\\\/www.facebook.com\\\/WebdelMaestroCMF\\\/\",\"https:\\\/\\\/x.com\\\/cmf_w\",\"https:\\\/\\\/www.pinterest.com\\\/WMCMF\\\/\",\"https:\\\/\\\/www.linkedin.com\\\/company\\\/web-del-maestro-cmf\\\/\",\"https:\\\/\\\/www.instagram.com\\\/wmcmf\\\/\",\"https:\\\/\\\/www.youtube.com\\\/channel\\\/UCDPSvjbdodE5sHnC3OxutHw\",\"https:\\\/\\\/mastodon.social\\\/@wmcmf\",\"https:\\\/\\\/www.tiktok.com\\\/@webdelmaestrocmf\"]},{\"@type\":\"Person\",\"@id\":\"https:\\\/\\\/webdelmaestrocmf.com\\\/portal\\\/#\\\/schema\\\/person\\\/1072a2ed7bd960df8ef99a551fa35dc5\",\"name\":\"Web del Maestro CMF\",\"image\":{\"@type\":\"ImageObject\",\"inLanguage\":\"es\",\"@id\":\"https:\\\/\\\/secure.gravatar.com\\\/avatar\\\/23291dd5b5ae1077dcff3dbb04c3e02bd28403fa75af6d8787d5e97c5bbbe30b?s=96&d=mm&r=g\",\"url\":\"https:\\\/\\\/secure.gravatar.com\\\/avatar\\\/23291dd5b5ae1077dcff3dbb04c3e02bd28403fa75af6d8787d5e97c5bbbe30b?s=96&d=mm&r=g\",\"contentUrl\":\"https:\\\/\\\/secure.gravatar.com\\\/avatar\\\/23291dd5b5ae1077dcff3dbb04c3e02bd28403fa75af6d8787d5e97c5bbbe30b?s=96&d=mm&r=g\",\"caption\":\"Web del Maestro CMF\"},\"description\":\"Esta Web se cre\u00f3 sin fines de lucro, con fines educativos, cient\u00edficos y acad\u00e9micos, para personas que tengan dificultades y\\\/o inconvenientes en visualizar el material original. El objetivo es entregar recursos, compartir experiencias y materiales que ayuden a los padres de familia, maestros y estudiantes en su actualizaci\u00f3n y formaci\u00f3n permanente, en bien de la Educaci\u00f3n.\",\"sameAs\":[\"http:\\\/\\\/webdelmaestrocmf.com\\\/portal\",\"https:\\\/\\\/www.facebook.com\\\/WebdelMaestroCMF\\\/\",\"https:\\\/\\\/www.instagram.com\\\/wmcmf\\\/\",\"https:\\\/\\\/cl.linkedin.com\\\/company\\\/web-del-maestro-cmf\",\"https:\\\/\\\/www.pinterest.com\\\/WMCMF\\\/publicaciones\\\/\",\"https:\\\/\\\/x.com\\\/cmf_w\",\"https:\\\/\\\/www.youtube.com\\\/@WMCMF\"]}]}<\/script>\n<!-- \/ Yoast SEO plugin. -->","yoast_head_json":{"title":"El Papa Francisco reza por los profesores que deben ense\u00f1ar a distancia durante el coronavirus - 2026","description":"\u201cRezamos hoy por los profesores que deben trabajar mucho para impartir las lecciones por internet y otras v\u00edas telem\u00e1ticas, y rezamos tambi\u00e9n...","robots":{"index":"index","follow":"follow","max-snippet":"max-snippet:-1","max-image-preview":"max-image-preview:large","max-video-preview":"max-video-preview:-1"},"canonical":"https:\/\/webdelmaestrocmf.com\/portal\/el-papa-francisco-reza-por-los-profesores-que-deben-ensenar-a-distancia-durante-el-coronavirus\/","og_locale":"es_ES","og_type":"article","og_title":"El Papa Francisco reza por los profesores que deben ense\u00f1ar a distancia durante el coronavirus - 2026","og_description":"\u201cRezamos hoy por los profesores que deben trabajar mucho para impartir las lecciones por internet y otras v\u00edas telem\u00e1ticas, y rezamos tambi\u00e9n...","og_url":"https:\/\/webdelmaestrocmf.com\/portal\/el-papa-francisco-reza-por-los-profesores-que-deben-ensenar-a-distancia-durante-el-coronavirus\/","og_site_name":"Web del Maestro CMF","article_publisher":"https:\/\/www.facebook.com\/WebdelMaestroCMF\/","article_author":"https:\/\/www.facebook.com\/WebdelMaestroCMF\/","article_published_time":"2020-04-25T23:40:24+00:00","article_modified_time":"2020-05-23T21:36:36+00:00","og_image":[{"width":1100,"height":680,"url":"https:\/\/i0.wp.com\/webdelmaestrocmf.com\/portal\/wp-content\/uploads\/2020\/04\/a2.jpg?fit=1100%2C680&ssl=1","type":"image\/jpeg"}],"author":"Web del Maestro CMF","twitter_card":"summary_large_image","twitter_creator":"@cmf_w","twitter_site":"@cmf_w","twitter_misc":{"Escrito por":"Web del Maestro CMF","Tiempo de lectura":"1 minuto"},"schema":{"@context":"https:\/\/schema.org","@graph":[{"@type":"ScholarlyArticle","@id":"https:\/\/webdelmaestrocmf.com\/portal\/el-papa-francisco-reza-por-los-profesores-que-deben-ensenar-a-distancia-durante-el-coronavirus\/#article","isPartOf":{"@id":"https:\/\/webdelmaestrocmf.com\/portal\/el-papa-francisco-reza-por-los-profesores-que-deben-ensenar-a-distancia-durante-el-coronavirus\/"},"author":{"name":"Web del Maestro CMF","@id":"https:\/\/webdelmaestrocmf.com\/portal\/#\/schema\/person\/1072a2ed7bd960df8ef99a551fa35dc5"},"headline":"El Papa Francisco reza por los profesores que deben ense\u00f1ar a distancia durante el coronavirus","datePublished":"2020-04-25T23:40:24+00:00","dateModified":"2020-05-23T21:36:36+00:00","mainEntityOfPage":{"@id":"https:\/\/webdelmaestrocmf.com\/portal\/el-papa-francisco-reza-por-los-profesores-que-deben-ensenar-a-distancia-durante-el-coronavirus\/"},"wordCount":297,"commentCount":1,"publisher":{"@id":"https:\/\/webdelmaestrocmf.com\/portal\/#organization"},"image":{"@id":"https:\/\/webdelmaestrocmf.com\/portal\/el-papa-francisco-reza-por-los-profesores-que-deben-ensenar-a-distancia-durante-el-coronavirus\/#primaryimage"},"thumbnailUrl":"https:\/\/webdelmaestrocmf.com\/portal\/wp-content\/uploads\/2020\/04\/a2.jpg","keywords":["coronavirus","distancia","durante","ENSE\u00d1AR","Francisco","pap\u00e1","profesores","REZA"],"articleSection":["Mundo cart\u00f3lico","Papa Francisco"],"inLanguage":"es","potentialAction":[{"@type":"CommentAction","name":"Comment","target":["https:\/\/webdelmaestrocmf.com\/portal\/el-papa-francisco-reza-por-los-profesores-que-deben-ensenar-a-distancia-durante-el-coronavirus\/#respond"]}]},{"@type":"WebPage","@id":"https:\/\/webdelmaestrocmf.com\/portal\/el-papa-francisco-reza-por-los-profesores-que-deben-ensenar-a-distancia-durante-el-coronavirus\/","url":"https:\/\/webdelmaestrocmf.com\/portal\/el-papa-francisco-reza-por-los-profesores-que-deben-ensenar-a-distancia-durante-el-coronavirus\/","name":"El Papa Francisco reza por los profesores que deben ense\u00f1ar a distancia durante el coronavirus - 2026","isPartOf":{"@id":"https:\/\/webdelmaestrocmf.com\/portal\/#website"},"primaryImageOfPage":{"@id":"https:\/\/webdelmaestrocmf.com\/portal\/el-papa-francisco-reza-por-los-profesores-que-deben-ensenar-a-distancia-durante-el-coronavirus\/#primaryimage"},"image":{"@id":"https:\/\/webdelmaestrocmf.com\/portal\/el-papa-francisco-reza-por-los-profesores-que-deben-ensenar-a-distancia-durante-el-coronavirus\/#primaryimage"},"thumbnailUrl":"https:\/\/webdelmaestrocmf.com\/portal\/wp-content\/uploads\/2020\/04\/a2.jpg","datePublished":"2020-04-25T23:40:24+00:00","dateModified":"2020-05-23T21:36:36+00:00","description":"\u201cRezamos hoy por los profesores que deben trabajar mucho para impartir las lecciones por internet y otras v\u00edas telem\u00e1ticas, y rezamos tambi\u00e9n...","breadcrumb":{"@id":"https:\/\/webdelmaestrocmf.com\/portal\/el-papa-francisco-reza-por-los-profesores-que-deben-ensenar-a-distancia-durante-el-coronavirus\/#breadcrumb"},"inLanguage":"es","potentialAction":[{"@type":"ReadAction","target":["https:\/\/webdelmaestrocmf.com\/portal\/el-papa-francisco-reza-por-los-profesores-que-deben-ensenar-a-distancia-durante-el-coronavirus\/"]}]},{"@type":"ImageObject","inLanguage":"es","@id":"https:\/\/webdelmaestrocmf.com\/portal\/el-papa-francisco-reza-por-los-profesores-que-deben-ensenar-a-distancia-durante-el-coronavirus\/#primaryimage","url":"https:\/\/webdelmaestrocmf.com\/portal\/wp-content\/uploads\/2020\/04\/a2.jpg","contentUrl":"https:\/\/webdelmaestrocmf.com\/portal\/wp-content\/uploads\/2020\/04\/a2.jpg","width":1100,"height":680},{"@type":"BreadcrumbList","@id":"https:\/\/webdelmaestrocmf.com\/portal\/el-papa-francisco-reza-por-los-profesores-que-deben-ensenar-a-distancia-durante-el-coronavirus\/#breadcrumb","itemListElement":[{"@type":"ListItem","position":1,"name":"Portada","item":"https:\/\/webdelmaestrocmf.com\/portal\/"},{"@type":"ListItem","position":2,"name":"Mundo cart\u00f3lico","item":"https:\/\/webdelmaestrocmf.com\/portal\/category\/pastoral\/"},{"@type":"ListItem","position":3,"name":"El Papa Francisco reza por los profesores que deben ense\u00f1ar a distancia durante el coronavirus"}]},{"@type":"WebSite","@id":"https:\/\/webdelmaestrocmf.com\/portal\/#website","url":"https:\/\/webdelmaestrocmf.com\/portal\/","name":"Web del Maestro CMF","description":"Maestros al servicio de la educaci\u00f3n","publisher":{"@id":"https:\/\/webdelmaestrocmf.com\/portal\/#organization"},"alternateName":"WMCMF","potentialAction":[{"@type":"SearchAction","target":{"@type":"EntryPoint","urlTemplate":"https:\/\/webdelmaestrocmf.com\/portal\/?s={search_term_string}"},"query-input":{"@type":"PropertyValueSpecification","valueRequired":true,"valueName":"search_term_string"}}],"inLanguage":"es"},{"@type":"Organization","@id":"https:\/\/webdelmaestrocmf.com\/portal\/#organization","name":"Web del Maestro CMF","alternateName":"WMCMF","url":"https:\/\/webdelmaestrocmf.com\/portal\/","logo":{"@type":"ImageObject","inLanguage":"es","@id":"https:\/\/webdelmaestrocmf.com\/portal\/#\/schema\/logo\/image\/","url":"https:\/\/webdelmaestrocmf.com\/portal\/wp-content\/uploads\/2023\/01\/logo-wmcmf-2.png","contentUrl":"https:\/\/webdelmaestrocmf.com\/portal\/wp-content\/uploads\/2023\/01\/logo-wmcmf-2.png","width":200,"height":60,"caption":"Web del Maestro CMF"},"image":{"@id":"https:\/\/webdelmaestrocmf.com\/portal\/#\/schema\/logo\/image\/"},"sameAs":["https:\/\/www.facebook.com\/WebdelMaestroCMF\/","https:\/\/x.com\/cmf_w","https:\/\/www.pinterest.com\/WMCMF\/","https:\/\/www.linkedin.com\/company\/web-del-maestro-cmf\/","https:\/\/www.instagram.com\/wmcmf\/","https:\/\/www.youtube.com\/channel\/UCDPSvjbdodE5sHnC3OxutHw","https:\/\/mastodon.social\/@wmcmf","https:\/\/www.tiktok.com\/@webdelmaestrocmf"]},{"@type":"Person","@id":"https:\/\/webdelmaestrocmf.com\/portal\/#\/schema\/person\/1072a2ed7bd960df8ef99a551fa35dc5","name":"Web del Maestro CMF","image":{"@type":"ImageObject","inLanguage":"es","@id":"https:\/\/secure.gravatar.com\/avatar\/23291dd5b5ae1077dcff3dbb04c3e02bd28403fa75af6d8787d5e97c5bbbe30b?s=96&d=mm&r=g","url":"https:\/\/secure.gravatar.com\/avatar\/23291dd5b5ae1077dcff3dbb04c3e02bd28403fa75af6d8787d5e97c5bbbe30b?s=96&d=mm&r=g","contentUrl":"https:\/\/secure.gravatar.com\/avatar\/23291dd5b5ae1077dcff3dbb04c3e02bd28403fa75af6d8787d5e97c5bbbe30b?s=96&d=mm&r=g","caption":"Web del Maestro CMF"},"description":"Esta Web se cre\u00f3 sin fines de lucro, con fines educativos, cient\u00edficos y acad\u00e9micos, para personas que tengan dificultades y\/o inconvenientes en visualizar el material original. El objetivo es entregar recursos, compartir experiencias y materiales que ayuden a los padres de familia, maestros y estudiantes en su actualizaci\u00f3n y formaci\u00f3n permanente, en bien de la Educaci\u00f3n.","sameAs":["http:\/\/webdelmaestrocmf.com\/portal","https:\/\/www.facebook.com\/WebdelMaestroCMF\/","https:\/\/www.instagram.com\/wmcmf\/","https:\/\/cl.linkedin.com\/company\/web-del-maestro-cmf","https:\/\/www.pinterest.com\/WMCMF\/publicaciones\/","https:\/\/x.com\/cmf_w","https:\/\/www.youtube.com\/@WMCMF"]}]}},"jetpack_featured_media_url":"https:\/\/webdelmaestrocmf.com\/portal\/wp-content\/uploads\/2020\/04\/a2.jpg","jetpack_sharing_enabled":true,"jetpack-related-posts":[{"id":46473,"url":"https:\/\/webdelmaestrocmf.com\/portal\/papa-francisco-reza-por-los-ancianos-que-tienen-miedo-a-morir-solos-por-la-pandemia\/","url_meta":{"origin":46689,"position":0},"title":"Papa Francisco reza por los ancianos que tienen miedo a morir solos por la pandemia","author":"Web del Maestro CMF","date":"15 abril, 2020","format":false,"excerpt":"El Papa Francisco encomend\u00f3 su Misa diaria en Casa Santa Marta por los ancianos, especialmente por quienes est\u00e1n aislados o en casas de reposo. Papa Francisco: \u201cEllos tienen miedo, miedo de morir solos. Sienten esta pandemia como algo agresivo para ellos. Ellos son nuestras ra\u00edces, nuestra historia. Ellos nos han\u2026","rel":"","context":"En \u00abMundo cart\u00f3lico\u00bb","block_context":{"text":"Mundo cart\u00f3lico","link":"https:\/\/webdelmaestrocmf.com\/portal\/category\/pastoral\/"},"img":{"alt_text":"","src":"https:\/\/i0.wp.com\/webdelmaestrocmf.com\/portal\/wp-content\/uploads\/2020\/04\/4-10.jpg?resize=350%2C200&ssl=1","width":350,"height":200,"srcset":"https:\/\/i0.wp.com\/webdelmaestrocmf.com\/portal\/wp-content\/uploads\/2020\/04\/4-10.jpg?resize=350%2C200&ssl=1 1x, https:\/\/i0.wp.com\/webdelmaestrocmf.com\/portal\/wp-content\/uploads\/2020\/04\/4-10.jpg?resize=525%2C300&ssl=1 1.5x, https:\/\/i0.wp.com\/webdelmaestrocmf.com\/portal\/wp-content\/uploads\/2020\/04\/4-10.jpg?resize=700%2C400&ssl=1 2x, https:\/\/i0.wp.com\/webdelmaestrocmf.com\/portal\/wp-content\/uploads\/2020\/04\/4-10.jpg?resize=1050%2C600&ssl=1 3x"},"classes":[]},{"id":45267,"url":"https:\/\/webdelmaestrocmf.com\/portal\/el-papa-francisco-rezo-el-angelus-desde-el-interior-de-su-biblioteca-por-el-coronavirus\/","url_meta":{"origin":46689,"position":1},"title":"El Papa Francisco rez\u00f3 el \u00c1ngelus desde el interior de su biblioteca por el coronavirus","author":"Web del Maestro CMF","date":"10 marzo, 2020","format":false,"excerpt":"Por primera vez en su pontificado, Francisco rez\u00f3 el \u00c1ngelus via streaming desde el interior del Palacio Apost\u00f3lico, como medida preventiva contra la propagaci\u00f3n del coronavirus. Es un poco extra\u00f1o, rezar el \u00c1ngelus hoy, con el Papa \"enjaulado\" en la biblioteca. Sin embargo, los veo. Estoy cerca de ustedes. A\u2026","rel":"","context":"En \u00abMundo cart\u00f3lico\u00bb","block_context":{"text":"Mundo cart\u00f3lico","link":"https:\/\/webdelmaestrocmf.com\/portal\/category\/pastoral\/"},"img":{"alt_text":"","src":"https:\/\/i0.wp.com\/webdelmaestrocmf.com\/portal\/wp-content\/uploads\/2020\/03\/3c-1.jpg?resize=350%2C200&ssl=1","width":350,"height":200,"srcset":"https:\/\/i0.wp.com\/webdelmaestrocmf.com\/portal\/wp-content\/uploads\/2020\/03\/3c-1.jpg?resize=350%2C200&ssl=1 1x, https:\/\/i0.wp.com\/webdelmaestrocmf.com\/portal\/wp-content\/uploads\/2020\/03\/3c-1.jpg?resize=525%2C300&ssl=1 1.5x, https:\/\/i0.wp.com\/webdelmaestrocmf.com\/portal\/wp-content\/uploads\/2020\/03\/3c-1.jpg?resize=700%2C400&ssl=1 2x, https:\/\/i0.wp.com\/webdelmaestrocmf.com\/portal\/wp-content\/uploads\/2020\/03\/3c-1.jpg?resize=1050%2C600&ssl=1 3x"},"classes":[]},{"id":47170,"url":"https:\/\/webdelmaestrocmf.com\/portal\/papa-francisco-pide-orar-por-los-profesores-y-estudiantes-que-tienen-que-trabajar-bastante-para-realizar-lecciones-a-traves-de-internet\/","url_meta":{"origin":46689,"position":2},"title":"Papa Francisco pide orar por los profesores y estudiantes que tienen que trabajar bastante para realizar lecciones a trav\u00e9s de internet","author":"Web del Maestro CMF","date":"14 mayo, 2020","format":false,"excerpt":"En muchos pa\u00edses, profesores y estudiantes se han visto obligados a culminar el a\u00f1o acad\u00e9mico, a iniciar o continuar sus clases desde sus casas. La crisis sanitaria causada por el Covid 19 ha obligado a replantear el proceso de ense\u00f1anza \u2013 aprendizaje. La tecnolog\u00eda digital ha sido adoptada como una\u2026","rel":"","context":"En \u00abMundo cart\u00f3lico\u00bb","block_context":{"text":"Mundo cart\u00f3lico","link":"https:\/\/webdelmaestrocmf.com\/portal\/category\/pastoral\/"},"img":{"alt_text":"","src":"https:\/\/i0.wp.com\/webdelmaestrocmf.com\/portal\/wp-content\/uploads\/2020\/05\/1a-27.jpg?resize=350%2C200&ssl=1","width":350,"height":200,"srcset":"https:\/\/i0.wp.com\/webdelmaestrocmf.com\/portal\/wp-content\/uploads\/2020\/05\/1a-27.jpg?resize=350%2C200&ssl=1 1x, https:\/\/i0.wp.com\/webdelmaestrocmf.com\/portal\/wp-content\/uploads\/2020\/05\/1a-27.jpg?resize=525%2C300&ssl=1 1.5x, https:\/\/i0.wp.com\/webdelmaestrocmf.com\/portal\/wp-content\/uploads\/2020\/05\/1a-27.jpg?resize=700%2C400&ssl=1 2x, https:\/\/i0.wp.com\/webdelmaestrocmf.com\/portal\/wp-content\/uploads\/2020\/05\/1a-27.jpg?resize=1050%2C600&ssl=1 3x"},"classes":[]},{"id":43319,"url":"https:\/\/webdelmaestrocmf.com\/portal\/papa-francisco-recibe-al-fraile-peter-tabichi-el-mejor-profesor-del-mundo\/","url_meta":{"origin":46689,"position":3},"title":"Papa Francisco recibe al fraile Peter Tabichi, el mejor profesor del mundo","author":"Web del Maestro CMF","date":"9 enero, 2020","format":false,"excerpt":"El Papa Francisco salud\u00f3 en el Vaticano a Peter Tabichi, hermano franciscano y profesor de ciencias, conocido como \u201cel mejor profesor del mundo\u201d luego de ser galardonado con el Nobel de Educaci\u00f3n (Global Teacher Prize) 2019, por su significativa labor educativa en una de las zonas de extrema pobreza en\u2026","rel":"","context":"En \u00abMundo cart\u00f3lico\u00bb","block_context":{"text":"Mundo cart\u00f3lico","link":"https:\/\/webdelmaestrocmf.com\/portal\/category\/pastoral\/"},"img":{"alt_text":"","src":"https:\/\/i0.wp.com\/webdelmaestrocmf.com\/portal\/wp-content\/uploads\/2020\/01\/1-26.jpg?resize=350%2C200&ssl=1","width":350,"height":200,"srcset":"https:\/\/i0.wp.com\/webdelmaestrocmf.com\/portal\/wp-content\/uploads\/2020\/01\/1-26.jpg?resize=350%2C200&ssl=1 1x, https:\/\/i0.wp.com\/webdelmaestrocmf.com\/portal\/wp-content\/uploads\/2020\/01\/1-26.jpg?resize=525%2C300&ssl=1 1.5x, https:\/\/i0.wp.com\/webdelmaestrocmf.com\/portal\/wp-content\/uploads\/2020\/01\/1-26.jpg?resize=700%2C400&ssl=1 2x, https:\/\/i0.wp.com\/webdelmaestrocmf.com\/portal\/wp-content\/uploads\/2020\/01\/1-26.jpg?resize=1050%2C600&ssl=1 3x"},"classes":[]},{"id":40535,"url":"https:\/\/webdelmaestrocmf.com\/portal\/el-papa-francisco-celebra-el-intercambio-de-presos-entre-rusia-y-ucrania-y-reza-por-la-paz\/","url_meta":{"origin":46689,"position":4},"title":"El Papa Francisco celebra el intercambio de presos entre Rusia y Ucrania y reza por la paz","author":"Web del Maestro CMF","date":"16 septiembre, 2019","format":false,"excerpt":"Durante el rezo del \u00c1ngelus el Papa no quiso pasar por alto el acuerdo entre Rusia y Ucrania. Los dos pa\u00edses pactaron un intercambio de presos que se materializ\u00f3 el s\u00e1bado 7 de septiembre. \"Me alegro por las personas liberadas, las cuales han podido abrazar a sus seres queridos, y\u2026","rel":"","context":"En \u00abMundo cart\u00f3lico\u00bb","block_context":{"text":"Mundo cart\u00f3lico","link":"https:\/\/webdelmaestrocmf.com\/portal\/category\/pastoral\/"},"img":{"alt_text":"","src":"https:\/\/i0.wp.com\/webdelmaestrocmf.com\/portal\/wp-content\/uploads\/2019\/09\/1-50.jpg?resize=350%2C200&ssl=1","width":350,"height":200,"srcset":"https:\/\/i0.wp.com\/webdelmaestrocmf.com\/portal\/wp-content\/uploads\/2019\/09\/1-50.jpg?resize=350%2C200&ssl=1 1x, https:\/\/i0.wp.com\/webdelmaestrocmf.com\/portal\/wp-content\/uploads\/2019\/09\/1-50.jpg?resize=525%2C300&ssl=1 1.5x, https:\/\/i0.wp.com\/webdelmaestrocmf.com\/portal\/wp-content\/uploads\/2019\/09\/1-50.jpg?resize=700%2C400&ssl=1 2x, https:\/\/i0.wp.com\/webdelmaestrocmf.com\/portal\/wp-content\/uploads\/2019\/09\/1-50.jpg?resize=1050%2C600&ssl=1 3x"},"classes":[]},{"id":43084,"url":"https:\/\/webdelmaestrocmf.com\/portal\/papa-francisco-reprende-a-los-ninos-que-usan-el-telefono-celular-mientras-comen-con-la-familia\/","url_meta":{"origin":46689,"position":5},"title":"Papa Francisco reprende a los ni\u00f1os que usan el tel\u00e9fono celular mientras comen con la familia","author":"Web del Maestro CMF","date":"29 diciembre, 2019","format":false,"excerpt":"El Papa Francisco\u00a0reprendi\u00f3 este domingo a los ni\u00f1os que est\u00e1n usando el tel\u00e9fono celular y chateando mientras comen con sus padres y dijo que se debe restablecer la \u201ccomunicaci\u00f3n\u201d en las familias. \u201cLa Sagrada Familia, Jes\u00fas, Jos\u00e9 y Mar\u00eda, rezaba, trabajaba y se comunicaba entre ellos y yo me pregunto:\u2026","rel":"","context":"En \u00abMundo cart\u00f3lico\u00bb","block_context":{"text":"Mundo cart\u00f3lico","link":"https:\/\/webdelmaestrocmf.com\/portal\/category\/pastoral\/"},"img":{"alt_text":"","src":"https:\/\/i0.wp.com\/webdelmaestrocmf.com\/portal\/wp-content\/uploads\/2019\/12\/2-29.jpg?resize=350%2C200&ssl=1","width":350,"height":200,"srcset":"https:\/\/i0.wp.com\/webdelmaestrocmf.com\/portal\/wp-content\/uploads\/2019\/12\/2-29.jpg?resize=350%2C200&ssl=1 1x, https:\/\/i0.wp.com\/webdelmaestrocmf.com\/portal\/wp-content\/uploads\/2019\/12\/2-29.jpg?resize=525%2C300&ssl=1 1.5x, https:\/\/i0.wp.com\/webdelmaestrocmf.com\/portal\/wp-content\/uploads\/2019\/12\/2-29.jpg?resize=700%2C400&ssl=1 2x, https:\/\/i0.wp.com\/webdelmaestrocmf.com\/portal\/wp-content\/uploads\/2019\/12\/2-29.jpg?resize=1050%2C600&ssl=1 3x"},"classes":[]}],"_links":{"self":[{"href":"https:\/\/webdelmaestrocmf.com\/portal\/wp-json\/wp\/v2\/posts\/46689","targetHints":{"allow":["GET"]}}],"collection":[{"href":"https:\/\/webdelmaestrocmf.com\/portal\/wp-json\/wp\/v2\/posts"}],"about":[{"href":"https:\/\/webdelmaestrocmf.com\/portal\/wp-json\/wp\/v2\/types\/post"}],"author":[{"embeddable":true,"href":"https:\/\/webdelmaestrocmf.com\/portal\/wp-json\/wp\/v2\/users\/1"}],"replies":[{"embeddable":true,"href":"https:\/\/webdelmaestrocmf.com\/portal\/wp-json\/wp\/v2\/comments?post=46689"}],"version-history":[{"count":0,"href":"https:\/\/webdelmaestrocmf.com\/portal\/wp-json\/wp\/v2\/posts\/46689\/revisions"}],"wp:featuredmedia":[{"embeddable":true,"href":"https:\/\/webdelmaestrocmf.com\/portal\/wp-json\/wp\/v2\/media\/46690"}],"wp:attachment":[{"href":"https:\/\/webdelmaestrocmf.com\/portal\/wp-json\/wp\/v2\/media?parent=46689"}],"wp:term":[{"taxonomy":"category","embeddable":true,"href":"https:\/\/webdelmaestrocmf.com\/portal\/wp-json\/wp\/v2\/categories?post=46689"},{"taxonomy":"post_tag","embeddable":true,"href":"https:\/\/webdelmaestrocmf.com\/portal\/wp-json\/wp\/v2\/tags?post=46689"}],"curies":[{"name":"wp","href":"https:\/\/api.w.org\/{rel}","templated":true}]}}