{"id":46637,"date":"2020-04-23T20:22:35","date_gmt":"2020-04-24T00:22:35","guid":{"rendered":"https:\/\/webdelmaestrocmf.com\/portal\/?p=46637"},"modified":"2020-04-24T10:35:27","modified_gmt":"2020-04-24T14:35:27","slug":"patricia-castro-como-asegurar-la-educacion-de-276-millones-de-estudiantes-chinos-en-una-pandemia","status":"publish","type":"post","link":"https:\/\/webdelmaestrocmf.com\/portal\/patricia-castro-como-asegurar-la-educacion-de-276-millones-de-estudiantes-chinos-en-una-pandemia\/","title":{"rendered":"Patricia Castro Obando: \u00bfC\u00f3mo asegurar la educaci\u00f3n de 276 millones de estudiantes chinos en una pandemia?"},"content":{"rendered":"<h5 style=\"text-align: justify;\">Agradecemos la generosa disposici\u00f3n de la <strong>Profesora Patricia Castro Obando,<\/strong> quien es Doctora en Antropolog\u00eda China por la Pontificia Universidad Cat\u00f3lica del Per\u00fa, corresponsal acreditada del diario El Comercio (Per\u00fa) en China y residente en Beijing,\u00a0por compartir su art\u00edculo sobre <strong>la experiencia educativa de China al finalizar las medidas sanitarias <\/strong>(m\u00e1s r\u00edgidas)<strong> por la pandemia del Covid 19.<\/strong> Consideramos que es una buena oportunidad para aprender (no copiar) de otras experiencias, y escuchar sus consejos y sugerencias. Los animamos a socializar y reflexionar el mensaje de este art\u00edculo con su comunidad educativa (ahora virtual), y muy probablemente <strong>suscitar\u00e1 la creatividad e imaginaci\u00f3n<\/strong> propias de la vocaci\u00f3n docente.<\/h5>\n<p><!--more--><\/p>\n<p style=\"text-align: justify;\">En China, como est\u00e1 sucediendo en todas partes del mundo, las clases se iniciaron de forma virtual el 17 de febrero, tras las vacaciones del A\u00f1o Nuevo Chino, apenas con una semana de retraso en el calendario oficial. Al mes siguiente, el 16 de marzo en adelante, las escuelas empezaron gradualmente a reabrir sus puertas para las clases presenciales, cuatro d\u00edas despu\u00e9s de finalizar el pico de transmisiones en el pa\u00eds. Esta vuelta al colegio ha sido en todos los casos de forma progresiva y escalonada tanto para escuelas como para alumnos. Se ha tomado en cuenta la ubicaci\u00f3n del colegio con respecto al epicentro del virus y los casos de contagio reportados en sus respectivas provincias.<\/p>\n<p><a href=\"https:\/\/webdelmaestrocmf.com\/portal\/wp-content\/uploads\/2020\/04\/2-6.jpg\"><img loading=\"lazy\" decoding=\"async\" class=\"alignnone size-full wp-image-46643\" src=\"https:\/\/webdelmaestrocmf.com\/portal\/wp-content\/uploads\/2020\/04\/2-6.jpg\" alt=\"\" width=\"1100\" height=\"680\" srcset=\"https:\/\/webdelmaestrocmf.com\/portal\/wp-content\/uploads\/2020\/04\/2-6.jpg 1100w, https:\/\/webdelmaestrocmf.com\/portal\/wp-content\/uploads\/2020\/04\/2-6-300x185.jpg 300w, https:\/\/webdelmaestrocmf.com\/portal\/wp-content\/uploads\/2020\/04\/2-6-1024x633.jpg 1024w, https:\/\/webdelmaestrocmf.com\/portal\/wp-content\/uploads\/2020\/04\/2-6-768x475.jpg 768w, https:\/\/webdelmaestrocmf.com\/portal\/wp-content\/uploads\/2020\/04\/2-6-110x68.jpg 110w, https:\/\/webdelmaestrocmf.com\/portal\/wp-content\/uploads\/2020\/04\/2-6-200x124.jpg 200w, https:\/\/webdelmaestrocmf.com\/portal\/wp-content\/uploads\/2020\/04\/2-6-380x235.jpg 380w, https:\/\/webdelmaestrocmf.com\/portal\/wp-content\/uploads\/2020\/04\/2-6-255x158.jpg 255w, https:\/\/webdelmaestrocmf.com\/portal\/wp-content\/uploads\/2020\/04\/2-6-550x340.jpg 550w, https:\/\/webdelmaestrocmf.com\/portal\/wp-content\/uploads\/2020\/04\/2-6-800x495.jpg 800w\" sizes=\"auto, (max-width: 1100px) 100vw, 1100px\" \/><\/a><\/p>\n<p style=\"text-align: justify;\">Con excepci\u00f3n de la provincia de Hubei que tiene un tratamiento especial, las escuelas y los alumnos de Beijing ser\u00e1n los \u00faltimos en reincorporarse a las clases presenciales en todo el pa\u00eds. Se ha previsto como fecha m\u00e1xima, el 27 de abril para el grupo de estudiantes del \u00faltimo a\u00f1o de secundaria, y el 11 de mayo para el grupo de estudiantes del noveno grado, en la capital china. Se espera que las universidades abran sus puertas entre mayo y junio para los ex\u00e1menes finales.<\/p>\n<p style=\"text-align: justify;\">Pero, como est\u00e1 sucediendo en todas partes del mundo, no todos los padres est\u00e1n contentos con la educaci\u00f3n en l\u00ednea ni con las pensiones de los colegios. Si bien la educaci\u00f3n primaria (6 a\u00f1os) y los primeros tres a\u00f1os de la educaci\u00f3n secundaria son gratuitas, en los \u00faltimos tres a\u00f1os se cobra una matr\u00edcula. Y precisamente, son estos \u00faltimos tres a\u00f1os decisivos en la vida de un estudiante chino. Las familias chinas ahorran por mucho tiempo para esta \u00faltima etapa y la universidad que es p\u00fablica pero tampoco es gratuita. Las escuelas secundarias son altamente competitivas ya que existe un solo examen nacional de admisi\u00f3n a la universidad, \u201cel Gaokao\u201d. Por primera vez en 17 a\u00f1os, la prueba que se lleva a cabo durante dos d\u00edas, se ha postergado un mes, hasta el 7 y 8 de julio. Nada es \u201ctotalmente gratuito\u201d en China, mucho menos la educaci\u00f3n o la salud.<\/p>\n<p><img loading=\"lazy\" decoding=\"async\" class=\"alignnone size-full wp-image-46638\" src=\"https:\/\/webdelmaestrocmf.com\/portal\/wp-content\/uploads\/2020\/04\/2-3.jpg\" alt=\"\" width=\"1199\" height=\"676\" srcset=\"https:\/\/webdelmaestrocmf.com\/portal\/wp-content\/uploads\/2020\/04\/2-3.jpg 1199w, https:\/\/webdelmaestrocmf.com\/portal\/wp-content\/uploads\/2020\/04\/2-3-300x169.jpg 300w, https:\/\/webdelmaestrocmf.com\/portal\/wp-content\/uploads\/2020\/04\/2-3-1024x577.jpg 1024w, https:\/\/webdelmaestrocmf.com\/portal\/wp-content\/uploads\/2020\/04\/2-3-768x433.jpg 768w, https:\/\/webdelmaestrocmf.com\/portal\/wp-content\/uploads\/2020\/04\/2-3-110x62.jpg 110w, https:\/\/webdelmaestrocmf.com\/portal\/wp-content\/uploads\/2020\/04\/2-3-200x113.jpg 200w, https:\/\/webdelmaestrocmf.com\/portal\/wp-content\/uploads\/2020\/04\/2-3-380x214.jpg 380w, https:\/\/webdelmaestrocmf.com\/portal\/wp-content\/uploads\/2020\/04\/2-3-255x144.jpg 255w, https:\/\/webdelmaestrocmf.com\/portal\/wp-content\/uploads\/2020\/04\/2-3-550x310.jpg 550w, https:\/\/webdelmaestrocmf.com\/portal\/wp-content\/uploads\/2020\/04\/2-3-800x451.jpg 800w, https:\/\/webdelmaestrocmf.com\/portal\/wp-content\/uploads\/2020\/04\/2-3-1160x654.jpg 1160w\" sizes=\"auto, (max-width: 1199px) 100vw, 1199px\" \/><\/p>\n<p style=\"text-align: center;\"><em>Imagen vista en: <a href=\"http:\/\/diez.hn\" target=\"_blank\" rel=\"noopener noreferrer\">diez.hn<\/a><\/em><\/p>\n<p style=\"text-align: justify;\">En medio de esta epidemia, los m\u00e1s descontentos son los padres que tienen a sus hijos en las escuelas privadas internacionales en Beijing. La matr\u00edcula de un semestre puede variar entre $10.000 a $15.000 d\u00f3lares y se abona por adelantado. Los padres est\u00e1n exigiendo reembolsos porque consideran que los profesores no han sido capacitados para trasladar la ense\u00f1anza al campo virtual, y adem\u00e1s, las clases en l\u00ednea se han convertido en una carga abrumadora pues tienen que acompa\u00f1ar a sus hijos peque\u00f1os durante las sesiones. En un intento por mediar a favor de estos reclamos, el Ministerio de Educaci\u00f3n de China ha prohibido a las escuelas cobrar matr\u00edculas por anticipado. Los colegios se han negado a los reembolsos, pero est\u00e1n ofreciendo un descuento en la pr\u00f3xima matr\u00edcula, tutor\u00edas gratuitas y clases extendidas durante las vacaciones.<\/p>\n<h5 style=\"text-align: justify;\"><strong>\u00bfC\u00f3mo ha sido el proceso desde lo virtual a lo presencial?<\/strong><\/h5>\n<ul>\n<li style=\"text-align: justify;\">\u00a0La educaci\u00f3n no se ha detenido. Las clases online contin\u00faan hasta la reanudaci\u00f3n de las clases presenciales. La tarea de los centros educativos cuando reabren sus puertas es reforzar lo aprendido en las clases virtuales y preparar a los alumnos para los ex\u00e1menes finales. Si es necesario, se acortar\u00e1n las vacaciones.<\/li>\n<li style=\"text-align: justify;\">La televisi\u00f3n nacional, a trav\u00e9s de su canal educativo, emite clases para los alumnos de primaria, un total de 180 millones. Paralelamente se ha lanzado una plataforma nacional de aprendizaje en l\u00ednea. El objetivo es proporcionar recursos educativos pero no reemplaza el aprendizaje en el aula virtual que est\u00e1 a cargo de los profesores.<\/li>\n<li style=\"text-align: justify;\">Los estudiantes de secundaria reciben 12 cursos, entre ellos uno nuevo dedicado a la salud que abarca los cuidados de prevenci\u00f3n ante el virus. Se han incorporado 7.000 nuevos servidores, 90 terabytes de banda ancha, lo que ha permitido la conexi\u00f3n de 50 millones de estudiantes al mismo tiempo, aunque no ha sido suficiente, especialmente en zonas rurales.<\/li>\n<li style=\"text-align: justify;\">La reincorporaci\u00f3n mantiene un formato: Primero los alumnos de mayor edad, y en orden descendente hasta los alumnos m\u00e1s peque\u00f1os, y de forma progresiva. Primero las escuelas m\u00e1s alejadas al epicentro del virus y con menos casos reportados, hasta las principales ciudades chinas, al final Beijing y la provincia de Hubei.<\/li>\n<li style=\"text-align: justify;\">Se ha dise\u00f1ado una aplicaci\u00f3n de salud especialmente para estudiantes. En este mini programa de WeChat los alumnos registran diariamente su temperatura corporal, su ubicaci\u00f3n por geolocalizaci\u00f3n, y otras informaciones, lo cual ingresa en una inmensa base de datos para su verificaci\u00f3n. El sistema de sem\u00e1foro (verde-amarillo-rojo) arroja el \u201cc\u00f3digo QR de regreso a la escuela\u201d que es monitoreado por los profesores.<\/li>\n<li style=\"text-align: justify;\">Las escuelas deben estar preparadas para la reanudaci\u00f3n de las clases presenciales a trav\u00e9s de un nuevo reglamento que limita la presencia de alumnos, profesores y un m\u00ednimo plantel administrativo. No se permite el ingreso de ninguna otra persona hasta nuevo aviso.<\/li>\n<li style=\"text-align: justify;\">Los profesores deben verificar cada ma\u00f1ana el c\u00f3digo de luz verde, el control de la temperatura, el uso de la mascarilla y la desinfecci\u00f3n de manos y zapatos, de cada alumno en la puerta de ingreso, adem\u00e1s de rastrear el estado de salud.<\/li>\n<\/ul>\n<figure id=\"attachment_46639\" aria-describedby=\"caption-attachment-46639\" style=\"width: 2560px\" class=\"wp-caption alignnone\"><img loading=\"lazy\" decoding=\"async\" class=\"size-full wp-image-46639\" src=\"https:\/\/webdelmaestrocmf.com\/portal\/wp-content\/uploads\/2020\/04\/2-4-scaled.jpg\" alt=\"\" width=\"2560\" height=\"1707\" srcset=\"https:\/\/webdelmaestrocmf.com\/portal\/wp-content\/uploads\/2020\/04\/2-4-scaled.jpg 2560w, https:\/\/webdelmaestrocmf.com\/portal\/wp-content\/uploads\/2020\/04\/2-4-300x200.jpg 300w, https:\/\/webdelmaestrocmf.com\/portal\/wp-content\/uploads\/2020\/04\/2-4-1024x683.jpg 1024w, https:\/\/webdelmaestrocmf.com\/portal\/wp-content\/uploads\/2020\/04\/2-4-768x512.jpg 768w, https:\/\/webdelmaestrocmf.com\/portal\/wp-content\/uploads\/2020\/04\/2-4-1536x1024.jpg 1536w, https:\/\/webdelmaestrocmf.com\/portal\/wp-content\/uploads\/2020\/04\/2-4-2048x1366.jpg 2048w, https:\/\/webdelmaestrocmf.com\/portal\/wp-content\/uploads\/2020\/04\/2-4-110x73.jpg 110w, https:\/\/webdelmaestrocmf.com\/portal\/wp-content\/uploads\/2020\/04\/2-4-200x133.jpg 200w, https:\/\/webdelmaestrocmf.com\/portal\/wp-content\/uploads\/2020\/04\/2-4-380x253.jpg 380w, https:\/\/webdelmaestrocmf.com\/portal\/wp-content\/uploads\/2020\/04\/2-4-255x170.jpg 255w, https:\/\/webdelmaestrocmf.com\/portal\/wp-content\/uploads\/2020\/04\/2-4-550x367.jpg 550w, https:\/\/webdelmaestrocmf.com\/portal\/wp-content\/uploads\/2020\/04\/2-4-800x533.jpg 800w, https:\/\/webdelmaestrocmf.com\/portal\/wp-content\/uploads\/2020\/04\/2-4-1160x774.jpg 1160w\" sizes=\"auto, (max-width: 2560px) 100vw, 2560px\" \/><figcaption id=\"caption-attachment-46639\" class=\"wp-caption-text\">Junior high students wearing face masks attend a class on their first day of returning to school following an outbreak of the novel coronavirus, in Guiyang, Guizhou province, China March 16, 2020. cnsphoto via REUTERS. ATTENTION EDITORS &#8211; THIS IMAGE WAS PROVIDED BY A THIRD PARTY. CHINA OUT.<\/figcaption><\/figure>\n<p style=\"text-align: justify;\">Mientras esto sucede dentro del pa\u00eds, China contin\u00faa repatriando a sus estudiantes, en vuelos ch\u00e1rter. Los dos \u00faltimos aviones, que han llegado con 400 menores, proceden de Estados Unidos, donde se calcula que existen al menos 400.000 estudiantes chinos. Anteriormente se ha hecho la misma operaci\u00f3n desde Italia, Espa\u00f1a, Reino Unido, entre otros destinos. Cada estudiante paga su pasaje y asume el costo de la cuarentena obligatoria en un hotel designado al llegar al pa\u00eds. Algunas familias chinas alquilaron aviones privados para traer de vuelta a sus hijos, llegando a pagar hasta 23 mil d\u00f3lares por asiento. Seg\u00fan datos oficiales, alrededor de 90% de los casos importados son ciudadanos chinos, y casi la mitad de ellos, estudiantes chinos en el extranjero.<\/p>\n<p><strong>\u00a1Comparte y as\u00ed m\u00e1s docentes utilizar\u00e1n estos recursos\u00a0gratis! Muchas gracias.<\/strong><\/p>\n\t\t<div class=\"pk-inline-posts\">\n\t\t\t\n\t\t\t<div class=\"pk-inline-posts-container pk-inline-posts-template-list\"\n\t\t\t\tdata-columns=\"1\">\n\t\t\t\t\t\t<article id=\"post-118510\" class=\"post-118510 post type-post status-publish format-standard has-post-thumbnail category-entrevistas category-noticias tag-aprendizaje tag-aula tag-docentes tag-educacion-2 tag-estudiantes tag-filosofia-2 tag-formacion-2 tag-inteligencia tag-jose-antonio-marina tag-pedagogia-2 tag-pensamiento-critico-2 cs-entry cs-video-wrap\">\n\t\t\t<div class=\"pk-post-outer\">\n\n\t\t\t\t\t\t\t\t<div class=\"pk-post-inner\">\n\t\t\t\t\t<div class=\"entry-thumbnail\">\n\t\t\t\t\t\t<div class=\"pk-overlay pk-overlay-ratio pk-ratio-landscape\">\n\t\t\t\t\t\t\t<div class=\"pk-overlay-background\">\n\t\t\t\t\t\t\t\t<a href=\"https:\/\/webdelmaestrocmf.com\/portal\/jose-antonio-marina-si-no-teneis-pensamiento-critico-o-si-no-hay-pensamiento-critico-la-manipulacion-va-a-ser-muy-sencilla\/\" class=\"pk-overlay-link\">\n\t\t\t\t\t\t\t\t\t<img loading=\"lazy\" decoding=\"async\" width=\"300\" height=\"225\" src=\"https:\/\/webdelmaestrocmf.com\/portal\/wp-content\/uploads\/2026\/04\/1AA-Banner-1-portada-imagen-10-1-copia-5-6-300x225.webp\" class=\"attachment-pk-thumbnail size-pk-thumbnail wp-post-image\" alt=\"\" \/>\t\t\t\t\t\t\t\t<\/a>\n\t\t\t\t\t\t\t<\/div>\n\t\t\t\t\t\t<\/div>\n\t\t\t\t\t<\/div>\n\t\t\t\t<\/div>\n\t\t\t\t\n\t\t\t\t<div class=\"pk-post-inner\">\n\t\t\t\t\t<header>\n\t\t\t\t\t\t<h3 class=\"pk-title\"><a href=\"https:\/\/webdelmaestrocmf.com\/portal\/jose-antonio-marina-si-no-teneis-pensamiento-critico-o-si-no-hay-pensamiento-critico-la-manipulacion-va-a-ser-muy-sencilla\/\" rel=\"bookmark\">Jos\u00e9 Antonio Marina: Si no ten\u00e9is pensamiento cr\u00edtico, o si no hay pensamiento cr\u00edtico, la manipulaci\u00f3n va a ser muy sencilla<\/a><\/h3>\t\t\t\t\t<\/header><!-- .entry-header -->\n\t\t\t\t<\/div><!-- .post-inner -->\n\n\t\t\t<\/div><!-- .post-outer -->\n\t\t<\/article>\n\t\t\t\t<\/div>\n\t\t<\/div>\n\t\t\n","protected":false},"excerpt":{"rendered":"Agradecemos la generosa disposici\u00f3n de la Profesora Patricia Castro Obando, quien es Doctora en Antropolog\u00eda China por la&hellip;","protected":false},"author":1,"featured_media":46641,"comment_status":"open","ping_status":"closed","sticky":false,"template":"","format":"standard","meta":{"csco_display_header_overlay":false,"csco_singular_sidebar":"disabled","csco_page_header_type":"standard","csco_page_load_nextpost":"default","csco_post_video_location":[],"csco_post_video_location_hash":"","csco_post_video_url":"","csco_post_video_bg_start_time":0,"csco_post_video_bg_end_time":0,"csco_post_video_bg_volume":false,"_jetpack_memberships_contains_paid_content":false,"footnotes":""},"categories":[48,47],"tags":[4932,4933,4734,4787,55,96,4863,4931,4934,169],"class_list":{"0":"post-46637","1":"post","2":"type-post","3":"status-publish","4":"format-standard","5":"has-post-thumbnail","7":"category-entrevistas","8":"category-noticias","9":"tag-asegurar","10":"tag-china","11":"tag-coronavirus","12":"tag-covid","13":"tag-educacion","14":"tag-estudiantes","15":"tag-pandemia","16":"tag-patricia-castro","17":"tag-patricia-castro-obando","18":"tag-peru","19":"cs-entry","20":"cs-video-wrap"},"yoast_head":"<!-- This site is optimized with the Yoast SEO plugin v27.5 - https:\/\/yoast.com\/product\/yoast-seo-wordpress\/ -->\n<title>Patricia Castro Obando: \u00bfC\u00f3mo asegurar la educaci\u00f3n de 276 millones de estudiantes chinos en una pandemia? - 2026<\/title>\n<meta name=\"description\" content=\"En China, como est\u00e1 sucediendo en todas partes del mundo, las clases se iniciaron de forma virtual el 17 de febrero, tras las vacaciones del A\u00f1o Nuevo...\" \/>\n<meta name=\"robots\" content=\"index, follow, max-snippet:-1, max-image-preview:large, max-video-preview:-1\" \/>\n<link rel=\"canonical\" href=\"https:\/\/webdelmaestrocmf.com\/portal\/patricia-castro-como-asegurar-la-educacion-de-276-millones-de-estudiantes-chinos-en-una-pandemia\/\" \/>\n<meta property=\"og:locale\" content=\"es_ES\" \/>\n<meta property=\"og:type\" content=\"article\" \/>\n<meta property=\"og:title\" content=\"Patricia Castro Obando: \u00bfC\u00f3mo asegurar la educaci\u00f3n de 276 millones de estudiantes chinos en una pandemia? - 2026\" \/>\n<meta property=\"og:description\" content=\"En China, como est\u00e1 sucediendo en todas partes del mundo, las clases se iniciaron de forma virtual el 17 de febrero, tras las vacaciones del A\u00f1o Nuevo...\" \/>\n<meta property=\"og:url\" content=\"https:\/\/webdelmaestrocmf.com\/portal\/patricia-castro-como-asegurar-la-educacion-de-276-millones-de-estudiantes-chinos-en-una-pandemia\/\" \/>\n<meta property=\"og:site_name\" content=\"Web del Maestro CMF\" \/>\n<meta property=\"article:publisher\" content=\"https:\/\/www.facebook.com\/WebdelMaestroCMF\/\" \/>\n<meta property=\"article:author\" content=\"https:\/\/www.facebook.com\/WebdelMaestroCMF\/\" \/>\n<meta property=\"article:published_time\" content=\"2020-04-24T00:22:35+00:00\" \/>\n<meta property=\"article:modified_time\" content=\"2020-04-24T14:35:27+00:00\" \/>\n<meta property=\"og:image\" content=\"https:\/\/i0.wp.com\/webdelmaestrocmf.com\/portal\/wp-content\/uploads\/2020\/04\/3-98.jpg?fit=1100%2C680&ssl=1\" \/>\n\t<meta property=\"og:image:width\" content=\"1100\" \/>\n\t<meta property=\"og:image:height\" content=\"680\" \/>\n\t<meta property=\"og:image:type\" content=\"image\/jpeg\" \/>\n<meta name=\"author\" content=\"Web del Maestro CMF\" \/>\n<meta name=\"twitter:card\" content=\"summary_large_image\" \/>\n<meta name=\"twitter:creator\" content=\"@cmf_w\" \/>\n<meta name=\"twitter:site\" content=\"@cmf_w\" \/>\n<script type=\"application\/ld+json\" class=\"yoast-schema-graph\">{\"@context\":\"https:\\\/\\\/schema.org\",\"@graph\":[{\"@type\":\"ScholarlyArticle\",\"@id\":\"https:\\\/\\\/webdelmaestrocmf.com\\\/portal\\\/patricia-castro-como-asegurar-la-educacion-de-276-millones-de-estudiantes-chinos-en-una-pandemia\\\/#article\",\"isPartOf\":{\"@id\":\"https:\\\/\\\/webdelmaestrocmf.com\\\/portal\\\/patricia-castro-como-asegurar-la-educacion-de-276-millones-de-estudiantes-chinos-en-una-pandemia\\\/\"},\"author\":{\"name\":\"Web del Maestro CMF\",\"@id\":\"https:\\\/\\\/webdelmaestrocmf.com\\\/portal\\\/#\\\/schema\\\/person\\\/1072a2ed7bd960df8ef99a551fa35dc5\"},\"headline\":\"Patricia Castro Obando: \u00bfC\u00f3mo asegurar la educaci\u00f3n de 276 millones de estudiantes chinos en una pandemia?\",\"datePublished\":\"2020-04-24T00:22:35+00:00\",\"dateModified\":\"2020-04-24T14:35:27+00:00\",\"mainEntityOfPage\":{\"@id\":\"https:\\\/\\\/webdelmaestrocmf.com\\\/portal\\\/patricia-castro-como-asegurar-la-educacion-de-276-millones-de-estudiantes-chinos-en-una-pandemia\\\/\"},\"wordCount\":1246,\"commentCount\":0,\"publisher\":{\"@id\":\"https:\\\/\\\/webdelmaestrocmf.com\\\/portal\\\/#organization\"},\"image\":{\"@id\":\"https:\\\/\\\/webdelmaestrocmf.com\\\/portal\\\/patricia-castro-como-asegurar-la-educacion-de-276-millones-de-estudiantes-chinos-en-una-pandemia\\\/#primaryimage\"},\"thumbnailUrl\":\"https:\\\/\\\/webdelmaestrocmf.com\\\/portal\\\/wp-content\\\/uploads\\\/2020\\\/04\\\/3-98.jpg\",\"keywords\":[\"asegurar\",\"china\",\"coronavirus\",\"Covid\",\"EDUCACI\u00d3N\",\"estudiantes\",\"pandemia\",\"Patricia Castro\",\"Patricia Castro Obando\",\"Per\u00fa\"],\"articleSection\":[\"Entrevistas\",\"Noticias\"],\"inLanguage\":\"es\",\"potentialAction\":[{\"@type\":\"CommentAction\",\"name\":\"Comment\",\"target\":[\"https:\\\/\\\/webdelmaestrocmf.com\\\/portal\\\/patricia-castro-como-asegurar-la-educacion-de-276-millones-de-estudiantes-chinos-en-una-pandemia\\\/#respond\"]}]},{\"@type\":\"WebPage\",\"@id\":\"https:\\\/\\\/webdelmaestrocmf.com\\\/portal\\\/patricia-castro-como-asegurar-la-educacion-de-276-millones-de-estudiantes-chinos-en-una-pandemia\\\/\",\"url\":\"https:\\\/\\\/webdelmaestrocmf.com\\\/portal\\\/patricia-castro-como-asegurar-la-educacion-de-276-millones-de-estudiantes-chinos-en-una-pandemia\\\/\",\"name\":\"Patricia Castro Obando: \u00bfC\u00f3mo asegurar la educaci\u00f3n de 276 millones de estudiantes chinos en una pandemia? - 2026\",\"isPartOf\":{\"@id\":\"https:\\\/\\\/webdelmaestrocmf.com\\\/portal\\\/#website\"},\"primaryImageOfPage\":{\"@id\":\"https:\\\/\\\/webdelmaestrocmf.com\\\/portal\\\/patricia-castro-como-asegurar-la-educacion-de-276-millones-de-estudiantes-chinos-en-una-pandemia\\\/#primaryimage\"},\"image\":{\"@id\":\"https:\\\/\\\/webdelmaestrocmf.com\\\/portal\\\/patricia-castro-como-asegurar-la-educacion-de-276-millones-de-estudiantes-chinos-en-una-pandemia\\\/#primaryimage\"},\"thumbnailUrl\":\"https:\\\/\\\/webdelmaestrocmf.com\\\/portal\\\/wp-content\\\/uploads\\\/2020\\\/04\\\/3-98.jpg\",\"datePublished\":\"2020-04-24T00:22:35+00:00\",\"dateModified\":\"2020-04-24T14:35:27+00:00\",\"description\":\"En China, como est\u00e1 sucediendo en todas partes del mundo, las clases se iniciaron de forma virtual el 17 de febrero, tras las vacaciones del A\u00f1o Nuevo...\",\"breadcrumb\":{\"@id\":\"https:\\\/\\\/webdelmaestrocmf.com\\\/portal\\\/patricia-castro-como-asegurar-la-educacion-de-276-millones-de-estudiantes-chinos-en-una-pandemia\\\/#breadcrumb\"},\"inLanguage\":\"es\",\"potentialAction\":[{\"@type\":\"ReadAction\",\"target\":[\"https:\\\/\\\/webdelmaestrocmf.com\\\/portal\\\/patricia-castro-como-asegurar-la-educacion-de-276-millones-de-estudiantes-chinos-en-una-pandemia\\\/\"]}]},{\"@type\":\"ImageObject\",\"inLanguage\":\"es\",\"@id\":\"https:\\\/\\\/webdelmaestrocmf.com\\\/portal\\\/patricia-castro-como-asegurar-la-educacion-de-276-millones-de-estudiantes-chinos-en-una-pandemia\\\/#primaryimage\",\"url\":\"https:\\\/\\\/webdelmaestrocmf.com\\\/portal\\\/wp-content\\\/uploads\\\/2020\\\/04\\\/3-98.jpg\",\"contentUrl\":\"https:\\\/\\\/webdelmaestrocmf.com\\\/portal\\\/wp-content\\\/uploads\\\/2020\\\/04\\\/3-98.jpg\",\"width\":1100,\"height\":680},{\"@type\":\"BreadcrumbList\",\"@id\":\"https:\\\/\\\/webdelmaestrocmf.com\\\/portal\\\/patricia-castro-como-asegurar-la-educacion-de-276-millones-de-estudiantes-chinos-en-una-pandemia\\\/#breadcrumb\",\"itemListElement\":[{\"@type\":\"ListItem\",\"position\":1,\"name\":\"Portada\",\"item\":\"https:\\\/\\\/webdelmaestrocmf.com\\\/portal\\\/\"},{\"@type\":\"ListItem\",\"position\":2,\"name\":\"Noticias\",\"item\":\"https:\\\/\\\/webdelmaestrocmf.com\\\/portal\\\/category\\\/noticias\\\/\"},{\"@type\":\"ListItem\",\"position\":3,\"name\":\"Patricia Castro Obando: \u00bfC\u00f3mo asegurar la educaci\u00f3n de 276 millones de estudiantes chinos en una pandemia?\"}]},{\"@type\":\"WebSite\",\"@id\":\"https:\\\/\\\/webdelmaestrocmf.com\\\/portal\\\/#website\",\"url\":\"https:\\\/\\\/webdelmaestrocmf.com\\\/portal\\\/\",\"name\":\"Web del Maestro CMF\",\"description\":\"Maestros al servicio de la educaci\u00f3n\",\"publisher\":{\"@id\":\"https:\\\/\\\/webdelmaestrocmf.com\\\/portal\\\/#organization\"},\"alternateName\":\"WMCMF\",\"potentialAction\":[{\"@type\":\"SearchAction\",\"target\":{\"@type\":\"EntryPoint\",\"urlTemplate\":\"https:\\\/\\\/webdelmaestrocmf.com\\\/portal\\\/?s={search_term_string}\"},\"query-input\":{\"@type\":\"PropertyValueSpecification\",\"valueRequired\":true,\"valueName\":\"search_term_string\"}}],\"inLanguage\":\"es\"},{\"@type\":\"Organization\",\"@id\":\"https:\\\/\\\/webdelmaestrocmf.com\\\/portal\\\/#organization\",\"name\":\"Web del Maestro CMF\",\"alternateName\":\"WMCMF\",\"url\":\"https:\\\/\\\/webdelmaestrocmf.com\\\/portal\\\/\",\"logo\":{\"@type\":\"ImageObject\",\"inLanguage\":\"es\",\"@id\":\"https:\\\/\\\/webdelmaestrocmf.com\\\/portal\\\/#\\\/schema\\\/logo\\\/image\\\/\",\"url\":\"https:\\\/\\\/webdelmaestrocmf.com\\\/portal\\\/wp-content\\\/uploads\\\/2023\\\/01\\\/logo-wmcmf-2.png\",\"contentUrl\":\"https:\\\/\\\/webdelmaestrocmf.com\\\/portal\\\/wp-content\\\/uploads\\\/2023\\\/01\\\/logo-wmcmf-2.png\",\"width\":200,\"height\":60,\"caption\":\"Web del Maestro CMF\"},\"image\":{\"@id\":\"https:\\\/\\\/webdelmaestrocmf.com\\\/portal\\\/#\\\/schema\\\/logo\\\/image\\\/\"},\"sameAs\":[\"https:\\\/\\\/www.facebook.com\\\/WebdelMaestroCMF\\\/\",\"https:\\\/\\\/x.com\\\/cmf_w\",\"https:\\\/\\\/www.pinterest.com\\\/WMCMF\\\/\",\"https:\\\/\\\/www.linkedin.com\\\/company\\\/web-del-maestro-cmf\\\/\",\"https:\\\/\\\/www.instagram.com\\\/wmcmf\\\/\",\"https:\\\/\\\/www.youtube.com\\\/channel\\\/UCDPSvjbdodE5sHnC3OxutHw\",\"https:\\\/\\\/mastodon.social\\\/@wmcmf\",\"https:\\\/\\\/www.tiktok.com\\\/@webdelmaestrocmf\"]},{\"@type\":\"Person\",\"@id\":\"https:\\\/\\\/webdelmaestrocmf.com\\\/portal\\\/#\\\/schema\\\/person\\\/1072a2ed7bd960df8ef99a551fa35dc5\",\"name\":\"Web del Maestro CMF\",\"image\":{\"@type\":\"ImageObject\",\"inLanguage\":\"es\",\"@id\":\"https:\\\/\\\/secure.gravatar.com\\\/avatar\\\/23291dd5b5ae1077dcff3dbb04c3e02bd28403fa75af6d8787d5e97c5bbbe30b?s=96&d=mm&r=g\",\"url\":\"https:\\\/\\\/secure.gravatar.com\\\/avatar\\\/23291dd5b5ae1077dcff3dbb04c3e02bd28403fa75af6d8787d5e97c5bbbe30b?s=96&d=mm&r=g\",\"contentUrl\":\"https:\\\/\\\/secure.gravatar.com\\\/avatar\\\/23291dd5b5ae1077dcff3dbb04c3e02bd28403fa75af6d8787d5e97c5bbbe30b?s=96&d=mm&r=g\",\"caption\":\"Web del Maestro CMF\"},\"description\":\"Esta Web se cre\u00f3 sin fines de lucro, con fines educativos, cient\u00edficos y acad\u00e9micos, para personas que tengan dificultades y\\\/o inconvenientes en visualizar el material original. El objetivo es entregar recursos, compartir experiencias y materiales que ayuden a los padres de familia, maestros y estudiantes en su actualizaci\u00f3n y formaci\u00f3n permanente, en bien de la Educaci\u00f3n.\",\"sameAs\":[\"http:\\\/\\\/webdelmaestrocmf.com\\\/portal\",\"https:\\\/\\\/www.facebook.com\\\/WebdelMaestroCMF\\\/\",\"https:\\\/\\\/www.instagram.com\\\/wmcmf\\\/\",\"https:\\\/\\\/cl.linkedin.com\\\/company\\\/web-del-maestro-cmf\",\"https:\\\/\\\/www.pinterest.com\\\/WMCMF\\\/publicaciones\\\/\",\"https:\\\/\\\/x.com\\\/cmf_w\",\"https:\\\/\\\/www.youtube.com\\\/@WMCMF\"]}]}<\/script>\n<!-- \/ Yoast SEO plugin. -->","yoast_head_json":{"title":"Patricia Castro Obando: \u00bfC\u00f3mo asegurar la educaci\u00f3n de 276 millones de estudiantes chinos en una pandemia? - 2026","description":"En China, como est\u00e1 sucediendo en todas partes del mundo, las clases se iniciaron de forma virtual el 17 de febrero, tras las vacaciones del A\u00f1o Nuevo...","robots":{"index":"index","follow":"follow","max-snippet":"max-snippet:-1","max-image-preview":"max-image-preview:large","max-video-preview":"max-video-preview:-1"},"canonical":"https:\/\/webdelmaestrocmf.com\/portal\/patricia-castro-como-asegurar-la-educacion-de-276-millones-de-estudiantes-chinos-en-una-pandemia\/","og_locale":"es_ES","og_type":"article","og_title":"Patricia Castro Obando: \u00bfC\u00f3mo asegurar la educaci\u00f3n de 276 millones de estudiantes chinos en una pandemia? - 2026","og_description":"En China, como est\u00e1 sucediendo en todas partes del mundo, las clases se iniciaron de forma virtual el 17 de febrero, tras las vacaciones del A\u00f1o Nuevo...","og_url":"https:\/\/webdelmaestrocmf.com\/portal\/patricia-castro-como-asegurar-la-educacion-de-276-millones-de-estudiantes-chinos-en-una-pandemia\/","og_site_name":"Web del Maestro CMF","article_publisher":"https:\/\/www.facebook.com\/WebdelMaestroCMF\/","article_author":"https:\/\/www.facebook.com\/WebdelMaestroCMF\/","article_published_time":"2020-04-24T00:22:35+00:00","article_modified_time":"2020-04-24T14:35:27+00:00","og_image":[{"width":1100,"height":680,"url":"https:\/\/i0.wp.com\/webdelmaestrocmf.com\/portal\/wp-content\/uploads\/2020\/04\/3-98.jpg?fit=1100%2C680&ssl=1","type":"image\/jpeg"}],"author":"Web del Maestro CMF","twitter_card":"summary_large_image","twitter_creator":"@cmf_w","twitter_site":"@cmf_w","schema":{"@context":"https:\/\/schema.org","@graph":[{"@type":"ScholarlyArticle","@id":"https:\/\/webdelmaestrocmf.com\/portal\/patricia-castro-como-asegurar-la-educacion-de-276-millones-de-estudiantes-chinos-en-una-pandemia\/#article","isPartOf":{"@id":"https:\/\/webdelmaestrocmf.com\/portal\/patricia-castro-como-asegurar-la-educacion-de-276-millones-de-estudiantes-chinos-en-una-pandemia\/"},"author":{"name":"Web del Maestro CMF","@id":"https:\/\/webdelmaestrocmf.com\/portal\/#\/schema\/person\/1072a2ed7bd960df8ef99a551fa35dc5"},"headline":"Patricia Castro Obando: \u00bfC\u00f3mo asegurar la educaci\u00f3n de 276 millones de estudiantes chinos en una pandemia?","datePublished":"2020-04-24T00:22:35+00:00","dateModified":"2020-04-24T14:35:27+00:00","mainEntityOfPage":{"@id":"https:\/\/webdelmaestrocmf.com\/portal\/patricia-castro-como-asegurar-la-educacion-de-276-millones-de-estudiantes-chinos-en-una-pandemia\/"},"wordCount":1246,"commentCount":0,"publisher":{"@id":"https:\/\/webdelmaestrocmf.com\/portal\/#organization"},"image":{"@id":"https:\/\/webdelmaestrocmf.com\/portal\/patricia-castro-como-asegurar-la-educacion-de-276-millones-de-estudiantes-chinos-en-una-pandemia\/#primaryimage"},"thumbnailUrl":"https:\/\/webdelmaestrocmf.com\/portal\/wp-content\/uploads\/2020\/04\/3-98.jpg","keywords":["asegurar","china","coronavirus","Covid","EDUCACI\u00d3N","estudiantes","pandemia","Patricia Castro","Patricia Castro Obando","Per\u00fa"],"articleSection":["Entrevistas","Noticias"],"inLanguage":"es","potentialAction":[{"@type":"CommentAction","name":"Comment","target":["https:\/\/webdelmaestrocmf.com\/portal\/patricia-castro-como-asegurar-la-educacion-de-276-millones-de-estudiantes-chinos-en-una-pandemia\/#respond"]}]},{"@type":"WebPage","@id":"https:\/\/webdelmaestrocmf.com\/portal\/patricia-castro-como-asegurar-la-educacion-de-276-millones-de-estudiantes-chinos-en-una-pandemia\/","url":"https:\/\/webdelmaestrocmf.com\/portal\/patricia-castro-como-asegurar-la-educacion-de-276-millones-de-estudiantes-chinos-en-una-pandemia\/","name":"Patricia Castro Obando: \u00bfC\u00f3mo asegurar la educaci\u00f3n de 276 millones de estudiantes chinos en una pandemia? - 2026","isPartOf":{"@id":"https:\/\/webdelmaestrocmf.com\/portal\/#website"},"primaryImageOfPage":{"@id":"https:\/\/webdelmaestrocmf.com\/portal\/patricia-castro-como-asegurar-la-educacion-de-276-millones-de-estudiantes-chinos-en-una-pandemia\/#primaryimage"},"image":{"@id":"https:\/\/webdelmaestrocmf.com\/portal\/patricia-castro-como-asegurar-la-educacion-de-276-millones-de-estudiantes-chinos-en-una-pandemia\/#primaryimage"},"thumbnailUrl":"https:\/\/webdelmaestrocmf.com\/portal\/wp-content\/uploads\/2020\/04\/3-98.jpg","datePublished":"2020-04-24T00:22:35+00:00","dateModified":"2020-04-24T14:35:27+00:00","description":"En China, como est\u00e1 sucediendo en todas partes del mundo, las clases se iniciaron de forma virtual el 17 de febrero, tras las vacaciones del A\u00f1o Nuevo...","breadcrumb":{"@id":"https:\/\/webdelmaestrocmf.com\/portal\/patricia-castro-como-asegurar-la-educacion-de-276-millones-de-estudiantes-chinos-en-una-pandemia\/#breadcrumb"},"inLanguage":"es","potentialAction":[{"@type":"ReadAction","target":["https:\/\/webdelmaestrocmf.com\/portal\/patricia-castro-como-asegurar-la-educacion-de-276-millones-de-estudiantes-chinos-en-una-pandemia\/"]}]},{"@type":"ImageObject","inLanguage":"es","@id":"https:\/\/webdelmaestrocmf.com\/portal\/patricia-castro-como-asegurar-la-educacion-de-276-millones-de-estudiantes-chinos-en-una-pandemia\/#primaryimage","url":"https:\/\/webdelmaestrocmf.com\/portal\/wp-content\/uploads\/2020\/04\/3-98.jpg","contentUrl":"https:\/\/webdelmaestrocmf.com\/portal\/wp-content\/uploads\/2020\/04\/3-98.jpg","width":1100,"height":680},{"@type":"BreadcrumbList","@id":"https:\/\/webdelmaestrocmf.com\/portal\/patricia-castro-como-asegurar-la-educacion-de-276-millones-de-estudiantes-chinos-en-una-pandemia\/#breadcrumb","itemListElement":[{"@type":"ListItem","position":1,"name":"Portada","item":"https:\/\/webdelmaestrocmf.com\/portal\/"},{"@type":"ListItem","position":2,"name":"Noticias","item":"https:\/\/webdelmaestrocmf.com\/portal\/category\/noticias\/"},{"@type":"ListItem","position":3,"name":"Patricia Castro Obando: \u00bfC\u00f3mo asegurar la educaci\u00f3n de 276 millones de estudiantes chinos en una pandemia?"}]},{"@type":"WebSite","@id":"https:\/\/webdelmaestrocmf.com\/portal\/#website","url":"https:\/\/webdelmaestrocmf.com\/portal\/","name":"Web del Maestro CMF","description":"Maestros al servicio de la educaci\u00f3n","publisher":{"@id":"https:\/\/webdelmaestrocmf.com\/portal\/#organization"},"alternateName":"WMCMF","potentialAction":[{"@type":"SearchAction","target":{"@type":"EntryPoint","urlTemplate":"https:\/\/webdelmaestrocmf.com\/portal\/?s={search_term_string}"},"query-input":{"@type":"PropertyValueSpecification","valueRequired":true,"valueName":"search_term_string"}}],"inLanguage":"es"},{"@type":"Organization","@id":"https:\/\/webdelmaestrocmf.com\/portal\/#organization","name":"Web del Maestro CMF","alternateName":"WMCMF","url":"https:\/\/webdelmaestrocmf.com\/portal\/","logo":{"@type":"ImageObject","inLanguage":"es","@id":"https:\/\/webdelmaestrocmf.com\/portal\/#\/schema\/logo\/image\/","url":"https:\/\/webdelmaestrocmf.com\/portal\/wp-content\/uploads\/2023\/01\/logo-wmcmf-2.png","contentUrl":"https:\/\/webdelmaestrocmf.com\/portal\/wp-content\/uploads\/2023\/01\/logo-wmcmf-2.png","width":200,"height":60,"caption":"Web del Maestro CMF"},"image":{"@id":"https:\/\/webdelmaestrocmf.com\/portal\/#\/schema\/logo\/image\/"},"sameAs":["https:\/\/www.facebook.com\/WebdelMaestroCMF\/","https:\/\/x.com\/cmf_w","https:\/\/www.pinterest.com\/WMCMF\/","https:\/\/www.linkedin.com\/company\/web-del-maestro-cmf\/","https:\/\/www.instagram.com\/wmcmf\/","https:\/\/www.youtube.com\/channel\/UCDPSvjbdodE5sHnC3OxutHw","https:\/\/mastodon.social\/@wmcmf","https:\/\/www.tiktok.com\/@webdelmaestrocmf"]},{"@type":"Person","@id":"https:\/\/webdelmaestrocmf.com\/portal\/#\/schema\/person\/1072a2ed7bd960df8ef99a551fa35dc5","name":"Web del Maestro CMF","image":{"@type":"ImageObject","inLanguage":"es","@id":"https:\/\/secure.gravatar.com\/avatar\/23291dd5b5ae1077dcff3dbb04c3e02bd28403fa75af6d8787d5e97c5bbbe30b?s=96&d=mm&r=g","url":"https:\/\/secure.gravatar.com\/avatar\/23291dd5b5ae1077dcff3dbb04c3e02bd28403fa75af6d8787d5e97c5bbbe30b?s=96&d=mm&r=g","contentUrl":"https:\/\/secure.gravatar.com\/avatar\/23291dd5b5ae1077dcff3dbb04c3e02bd28403fa75af6d8787d5e97c5bbbe30b?s=96&d=mm&r=g","caption":"Web del Maestro CMF"},"description":"Esta Web se cre\u00f3 sin fines de lucro, con fines educativos, cient\u00edficos y acad\u00e9micos, para personas que tengan dificultades y\/o inconvenientes en visualizar el material original. El objetivo es entregar recursos, compartir experiencias y materiales que ayuden a los padres de familia, maestros y estudiantes en su actualizaci\u00f3n y formaci\u00f3n permanente, en bien de la Educaci\u00f3n.","sameAs":["http:\/\/webdelmaestrocmf.com\/portal","https:\/\/www.facebook.com\/WebdelMaestroCMF\/","https:\/\/www.instagram.com\/wmcmf\/","https:\/\/cl.linkedin.com\/company\/web-del-maestro-cmf","https:\/\/www.pinterest.com\/WMCMF\/publicaciones\/","https:\/\/x.com\/cmf_w","https:\/\/www.youtube.com\/@WMCMF"]}]}},"jetpack_featured_media_url":"https:\/\/webdelmaestrocmf.com\/portal\/wp-content\/uploads\/2020\/04\/3-98.jpg","jetpack_sharing_enabled":true,"jetpack-related-posts":[{"id":47491,"url":"https:\/\/webdelmaestrocmf.com\/portal\/seminario-gratuito-factor-murcielago-el-covid-19-en-china\/","url_meta":{"origin":46637,"position":0},"title":"[Patricia Castro Obando] Seminario Gratuito: \u00abFactor Murci\u00e9lago: el Covid-19 en China\u00bb","author":"Web del Maestro CMF","date":"30 mayo, 2020","format":false,"excerpt":"El Instituto Riva-Ag\u00fcero de la Pontificia Universidad Cat\u00f3lica del Per\u00fa (PUCP), ofrece gratuitamente el seminario \"Factor Murci\u00e9lago: el Covid-19 en China\", en 04 (cuatro) sesiones: el brote, la cuarentena, el monitoreo y la Nueva Normalidad, bajo la direcci\u00f3n de la Doctora Patricia Castro Obando, distinguida colaboradora de la Web del\u2026","rel":"","context":"En \u00abZ-Colaboradores\u00bb","block_context":{"text":"Z-Colaboradores","link":"https:\/\/webdelmaestrocmf.com\/portal\/category\/colaborador\/"},"img":{"alt_text":"","src":"https:\/\/i0.wp.com\/webdelmaestrocmf.com\/portal\/wp-content\/uploads\/2020\/05\/1-47.jpg?resize=350%2C200&ssl=1","width":350,"height":200,"srcset":"https:\/\/i0.wp.com\/webdelmaestrocmf.com\/portal\/wp-content\/uploads\/2020\/05\/1-47.jpg?resize=350%2C200&ssl=1 1x, https:\/\/i0.wp.com\/webdelmaestrocmf.com\/portal\/wp-content\/uploads\/2020\/05\/1-47.jpg?resize=525%2C300&ssl=1 1.5x, https:\/\/i0.wp.com\/webdelmaestrocmf.com\/portal\/wp-content\/uploads\/2020\/05\/1-47.jpg?resize=700%2C400&ssl=1 2x, https:\/\/i0.wp.com\/webdelmaestrocmf.com\/portal\/wp-content\/uploads\/2020\/05\/1-47.jpg?resize=1050%2C600&ssl=1 3x"},"classes":[]},{"id":46792,"url":"https:\/\/webdelmaestrocmf.com\/portal\/patricia-castro-obando-el-diccionario-era-la-joya-de-la-casa-y-ocupaba-un-lugar-preferencial-en-la-cabecera-de-la-cama\/","url_meta":{"origin":46637,"position":1},"title":"Patricia Castro Obando: El diccionario era la joya de la casa y ocupaba un lugar preferencial en la cabecera de la cama","author":"Web del Maestro CMF","date":"30 abril, 2020","format":false,"excerpt":"Con ocasi\u00f3n de la celebraci\u00f3n del D\u00eda del Idioma Espa\u00f1ol, la Doctora Patricia Castro Obando, con su excelencia ling\u00fc\u00edstica, clara y sencilla, nos relata su experiencia familiar con el diccionario. Consideramos que la lectura (como educadores), de este art\u00edculo, nos ayudar\u00e1 a recordar el por qu\u00e9 se usaba (y todav\u00eda\u2026","rel":"","context":"En \u00abEntrevistas\u00bb","block_context":{"text":"Entrevistas","link":"https:\/\/webdelmaestrocmf.com\/portal\/category\/noticias\/entrevistas\/"},"img":{"alt_text":"","src":"https:\/\/i0.wp.com\/webdelmaestrocmf.com\/portal\/wp-content\/uploads\/2020\/04\/a3-6.jpg?resize=350%2C200&ssl=1","width":350,"height":200,"srcset":"https:\/\/i0.wp.com\/webdelmaestrocmf.com\/portal\/wp-content\/uploads\/2020\/04\/a3-6.jpg?resize=350%2C200&ssl=1 1x, https:\/\/i0.wp.com\/webdelmaestrocmf.com\/portal\/wp-content\/uploads\/2020\/04\/a3-6.jpg?resize=525%2C300&ssl=1 1.5x, https:\/\/i0.wp.com\/webdelmaestrocmf.com\/portal\/wp-content\/uploads\/2020\/04\/a3-6.jpg?resize=700%2C400&ssl=1 2x, https:\/\/i0.wp.com\/webdelmaestrocmf.com\/portal\/wp-content\/uploads\/2020\/04\/a3-6.jpg?resize=1050%2C600&ssl=1 3x"},"classes":[]},{"id":47116,"url":"https:\/\/webdelmaestrocmf.com\/portal\/patricia-castro-obando-la-escuela-yangzheng-china-regresa-a-clases-con-sombreros-de-alas-largas-inventados-por-la-dinastia-song-s-xii\/","url_meta":{"origin":46637,"position":2},"title":"[Patricia Castro Obando] La Escuela Yangzheng (China) regresa a clases con \u201csombreros de alas largas\u201d inventados por la dinast\u00eda Song (S XII)","author":"Web del Maestro CMF","date":"12 mayo, 2020","format":false,"excerpt":"Con una inmensa creatividad y buscando soluciones en su propia historia, volvieron los ni\u00f1os a clases con sombreros de \u201c1 metro de distancia social\u201d, inspirados en el cl\u00e1sico accesorio de la dinast\u00eda Song. Esto sucedi\u00f3 en la Escuela Yangzheng de la ciudad de Hangzhou, capital de la provincia de Zhejiang,\u2026","rel":"","context":"En \u00abZ-Colaboradores\u00bb","block_context":{"text":"Z-Colaboradores","link":"https:\/\/webdelmaestrocmf.com\/portal\/category\/colaborador\/"},"img":{"alt_text":"","src":"https:\/\/i0.wp.com\/webdelmaestrocmf.com\/portal\/wp-content\/uploads\/2020\/05\/1a-12.jpg?resize=350%2C200&ssl=1","width":350,"height":200,"srcset":"https:\/\/i0.wp.com\/webdelmaestrocmf.com\/portal\/wp-content\/uploads\/2020\/05\/1a-12.jpg?resize=350%2C200&ssl=1 1x, https:\/\/i0.wp.com\/webdelmaestrocmf.com\/portal\/wp-content\/uploads\/2020\/05\/1a-12.jpg?resize=525%2C300&ssl=1 1.5x, https:\/\/i0.wp.com\/webdelmaestrocmf.com\/portal\/wp-content\/uploads\/2020\/05\/1a-12.jpg?resize=700%2C400&ssl=1 2x, https:\/\/i0.wp.com\/webdelmaestrocmf.com\/portal\/wp-content\/uploads\/2020\/05\/1a-12.jpg?resize=1050%2C600&ssl=1 3x"},"classes":[]},{"id":55411,"url":"https:\/\/webdelmaestrocmf.com\/portal\/hong-kong-vuelve-a-cerrar-sus-escuelas-por-el-covid-19\/","url_meta":{"origin":46637,"position":3},"title":"Hong Kong vuelve a cerrar sus escuelas para intentar frenar la cuarta oleada de COVID-19","author":"Web del Maestro CMF","date":"30 noviembre, 2020","format":false,"excerpt":"Las escuelas hongkonesas suspendieron las clases presenciales a primeros de febrero, pero se reanudaron brevemente en el verano asi\u00e1tico, para detenerse de nuevo en julio, cuando se dispar\u00f3 una tercera ola de infecciones de la COVID-19.\u00a0 En setiembre de este a\u00f1o (2020), Hong Kong se finaliz\u00f3 el retorno a las\u2026","rel":"","context":"En \u00abYo opino - WMCMF\u00bb","block_context":{"text":"Yo opino - WMCMF","link":"https:\/\/webdelmaestrocmf.com\/portal\/category\/jamb\/"},"img":{"alt_text":"","src":"https:\/\/i0.wp.com\/webdelmaestrocmf.com\/portal\/wp-content\/uploads\/2020\/11\/1-copia-84.jpg?resize=350%2C200&ssl=1","width":350,"height":200,"srcset":"https:\/\/i0.wp.com\/webdelmaestrocmf.com\/portal\/wp-content\/uploads\/2020\/11\/1-copia-84.jpg?resize=350%2C200&ssl=1 1x, https:\/\/i0.wp.com\/webdelmaestrocmf.com\/portal\/wp-content\/uploads\/2020\/11\/1-copia-84.jpg?resize=525%2C300&ssl=1 1.5x, https:\/\/i0.wp.com\/webdelmaestrocmf.com\/portal\/wp-content\/uploads\/2020\/11\/1-copia-84.jpg?resize=700%2C400&ssl=1 2x, https:\/\/i0.wp.com\/webdelmaestrocmf.com\/portal\/wp-content\/uploads\/2020\/11\/1-copia-84.jpg?resize=1050%2C600&ssl=1 3x"},"classes":[]},{"id":46776,"url":"https:\/\/webdelmaestrocmf.com\/portal\/jack-ma-la-mejor-manera-de-ayudar-a-los-ninos-es-ayudar-a-sus-maestros\/","url_meta":{"origin":46637,"position":4},"title":"Jack Ma: La mejor manera de ayudar a los ni\u00f1os es ayudar a sus maestros","author":"Web del Maestro CMF","date":"22 octubre, 2024","format":false,"excerpt":"La empresaria y periodista espa\u00f1ola Elena Cu\u00e9 (1972) \u200b entrevist\u00f3 para el diario ABC (Blogs) al profesor chino Jack Ma (1964), quien cre\u00f3 la empresa de tecnolog\u00eda m\u00e1s grande de China: Alibaba, ahora conocida como el \"Amazon de Oriente\". Ma opina que \u201cla mejor manera de ayudar a los ni\u00f1os\u2026","rel":"","context":"En \u00abEntrevistas\u00bb","block_context":{"text":"Entrevistas","link":"https:\/\/webdelmaestrocmf.com\/portal\/category\/noticias\/entrevistas\/"},"img":{"alt_text":"","src":"https:\/\/i0.wp.com\/webdelmaestrocmf.com\/portal\/wp-content\/uploads\/2020\/12\/Banner-1-portada-imagen-10-1-49.jpg?resize=350%2C200&ssl=1","width":350,"height":200,"srcset":"https:\/\/i0.wp.com\/webdelmaestrocmf.com\/portal\/wp-content\/uploads\/2020\/12\/Banner-1-portada-imagen-10-1-49.jpg?resize=350%2C200&ssl=1 1x, https:\/\/i0.wp.com\/webdelmaestrocmf.com\/portal\/wp-content\/uploads\/2020\/12\/Banner-1-portada-imagen-10-1-49.jpg?resize=525%2C300&ssl=1 1.5x, https:\/\/i0.wp.com\/webdelmaestrocmf.com\/portal\/wp-content\/uploads\/2020\/12\/Banner-1-portada-imagen-10-1-49.jpg?resize=700%2C400&ssl=1 2x"},"classes":[]},{"id":89095,"url":"https:\/\/webdelmaestrocmf.com\/portal\/motricidad-y-ortografia-es-importante-que-los-ninos-escriban-a-mano-en-plena-era-digital\/","url_meta":{"origin":46637,"position":5},"title":"Motricidad y ortograf\u00eda: La importancia de no abandonar el uso de l\u00e1piz y papel pues ayuda a desarrollar habilidades motoras, cognitivas y relacionales.","author":"Web del Maestro CMF","date":"17 mayo, 2023","format":false,"excerpt":"La tecnolog\u00eda y la pandemia han fomentado el uso de dispositivos para leer y escribir, aunque expertos coinciden en la importancia de no abandonar el uso de l\u00e1piz y papel pues ayuda a desarrollar habilidades motoras, cognitivas y relacionales. Priscilla cuenta que sus hijos siempre sintieron cercan\u00eda con la tecnolog\u00eda,\u2026","rel":"","context":"En \u00abEscribir\u00bb","block_context":{"text":"Escribir","link":"https:\/\/webdelmaestrocmf.com\/portal\/category\/pedagogia\/escribir\/"},"img":{"alt_text":"","src":"https:\/\/i0.wp.com\/webdelmaestrocmf.com\/portal\/wp-content\/uploads\/2023\/05\/A12B3C4D-85.jpg?resize=350%2C200&ssl=1","width":350,"height":200,"srcset":"https:\/\/i0.wp.com\/webdelmaestrocmf.com\/portal\/wp-content\/uploads\/2023\/05\/A12B3C4D-85.jpg?resize=350%2C200&ssl=1 1x, https:\/\/i0.wp.com\/webdelmaestrocmf.com\/portal\/wp-content\/uploads\/2023\/05\/A12B3C4D-85.jpg?resize=525%2C300&ssl=1 1.5x, https:\/\/i0.wp.com\/webdelmaestrocmf.com\/portal\/wp-content\/uploads\/2023\/05\/A12B3C4D-85.jpg?resize=700%2C400&ssl=1 2x"},"classes":[]}],"_links":{"self":[{"href":"https:\/\/webdelmaestrocmf.com\/portal\/wp-json\/wp\/v2\/posts\/46637","targetHints":{"allow":["GET"]}}],"collection":[{"href":"https:\/\/webdelmaestrocmf.com\/portal\/wp-json\/wp\/v2\/posts"}],"about":[{"href":"https:\/\/webdelmaestrocmf.com\/portal\/wp-json\/wp\/v2\/types\/post"}],"author":[{"embeddable":true,"href":"https:\/\/webdelmaestrocmf.com\/portal\/wp-json\/wp\/v2\/users\/1"}],"replies":[{"embeddable":true,"href":"https:\/\/webdelmaestrocmf.com\/portal\/wp-json\/wp\/v2\/comments?post=46637"}],"version-history":[{"count":0,"href":"https:\/\/webdelmaestrocmf.com\/portal\/wp-json\/wp\/v2\/posts\/46637\/revisions"}],"wp:featuredmedia":[{"embeddable":true,"href":"https:\/\/webdelmaestrocmf.com\/portal\/wp-json\/wp\/v2\/media\/46641"}],"wp:attachment":[{"href":"https:\/\/webdelmaestrocmf.com\/portal\/wp-json\/wp\/v2\/media?parent=46637"}],"wp:term":[{"taxonomy":"category","embeddable":true,"href":"https:\/\/webdelmaestrocmf.com\/portal\/wp-json\/wp\/v2\/categories?post=46637"},{"taxonomy":"post_tag","embeddable":true,"href":"https:\/\/webdelmaestrocmf.com\/portal\/wp-json\/wp\/v2\/tags?post=46637"}],"curies":[{"name":"wp","href":"https:\/\/api.w.org\/{rel}","templated":true}]}}