{"id":46520,"date":"2020-07-07T23:05:20","date_gmt":"2020-07-08T03:05:20","guid":{"rendered":"https:\/\/webdelmaestrocmf.com\/portal\/?p=46520"},"modified":"2021-01-06T09:21:32","modified_gmt":"2021-01-06T12:21:32","slug":"jose-antonio-marina-este-ano-academico-tiene-que-ser-peculiar-flexible-un-ejemplo-del-adaptative-learning","status":"publish","type":"post","link":"https:\/\/webdelmaestrocmf.com\/portal\/jose-antonio-marina-este-ano-academico-tiene-que-ser-peculiar-flexible-un-ejemplo-del-adaptative-learning\/","title":{"rendered":"Jos\u00e9 Antonio Marina: Este a\u00f1o acad\u00e9mico tiene que ser peculiar, flexible, un ejemplo del \u00abadaptative learning\u00bb"},"content":{"rendered":"<h5 style=\"text-align: justify;\">Responder al <strong>desaf\u00edo para que los estudiantes sigan estudiando<\/strong> con una planificaci\u00f3n acad\u00e9mica aprobado al inicio del a\u00f1o escolar y los profesores desarrollen su rol de ense\u00f1ar a aprender, <strong>con las escuelas cerradas<\/strong>, es una realidad que hasta hace poco ni se examinaba, ni se ten\u00eda como posible. <strong>La comunidad educativa fue sorprendida por \u201cuna tormenta inesperada y furiosa\u201d,<\/strong> los profesores y los padres de familia (unos m\u00e1s que otros) se dieron cuenta que est\u00e1n todos en \u201cla misma barca, todos <strong>fr\u00e1giles y desorientados<\/strong>; pero, al mismo tiempo, <strong>importantes y necesarios. <\/strong><\/h5>\n<p><!--more--><\/p>\n<p style=\"text-align: justify;\">El cierre de las escuelas, a causa de las medidas sanitarias contra la propagaci\u00f3n del Covid-19, ha provocado el darse cuenta que <strong>todos los miembros de la comunidad educativa est\u00e1n llamados a remar juntos,<\/strong> &#8211; como dijo el Papa Francisco (27\/03\/2020)- a <strong>unir todas las fuerzas y buscar nuevos itinerarios educativos con creatividad,<\/strong> no cada una por su cuenta, \u201csino s\u00f3lo juntos\u201d. Buscar <strong>c\u00f3mo continuar la educaci\u00f3n de los ni\u00f1os y j\u00f3venes con las escuelas cerradas<\/strong>. Esta <strong>realidad ineludible y forzosa<\/strong> exige conectar con las otras personas que comparten la misma pasi\u00f3n por la educaci\u00f3n, porque <strong>en la soluci\u00f3n que se tome se estar\u00e1 hipotecando el fututo<\/strong> de su cultura, sociedad y del mundo.<\/p>\n<p><a href=\"https:\/\/webdelmaestrocmf.com\/portal\/wp-content\/uploads\/2020\/04\/1-copia.jpg\"><img loading=\"lazy\" decoding=\"async\" class=\"alignnone wp-image-48855 size-full\" src=\"https:\/\/webdelmaestrocmf.com\/portal\/wp-content\/uploads\/2020\/04\/1-copia.jpg\" alt=\"\" width=\"1100\" height=\"680\" srcset=\"https:\/\/webdelmaestrocmf.com\/portal\/wp-content\/uploads\/2020\/04\/1-copia.jpg 1100w, https:\/\/webdelmaestrocmf.com\/portal\/wp-content\/uploads\/2020\/04\/1-copia-300x185.jpg 300w, https:\/\/webdelmaestrocmf.com\/portal\/wp-content\/uploads\/2020\/04\/1-copia-1024x633.jpg 1024w, https:\/\/webdelmaestrocmf.com\/portal\/wp-content\/uploads\/2020\/04\/1-copia-768x475.jpg 768w, https:\/\/webdelmaestrocmf.com\/portal\/wp-content\/uploads\/2020\/04\/1-copia-110x68.jpg 110w, https:\/\/webdelmaestrocmf.com\/portal\/wp-content\/uploads\/2020\/04\/1-copia-200x124.jpg 200w, https:\/\/webdelmaestrocmf.com\/portal\/wp-content\/uploads\/2020\/04\/1-copia-380x235.jpg 380w, https:\/\/webdelmaestrocmf.com\/portal\/wp-content\/uploads\/2020\/04\/1-copia-255x158.jpg 255w, https:\/\/webdelmaestrocmf.com\/portal\/wp-content\/uploads\/2020\/04\/1-copia-550x340.jpg 550w, https:\/\/webdelmaestrocmf.com\/portal\/wp-content\/uploads\/2020\/04\/1-copia-800x495.jpg 800w\" sizes=\"auto, (max-width: 1100px) 100vw, 1100px\" \/><\/a><\/p>\n<p style=\"text-align: justify;\">El profesor Ken Robinson nos recuerda que <strong>todas las b\u00fasquedas<\/strong> [como esta que nos impone la emergencia sanitaria del coronavirus] <strong>implican riesgos que no podemos prever, aunque tambi\u00e9n son oportunidades que s\u00ed podemos vislumbrar<\/strong>. Solo <strong>podemos establecer la direcci\u00f3n y emprender los primeros pasos<\/strong>, y para eso debemos estar <strong>abiertos a los riesgos y posibilidades y estar dispuestos a afrontar unos y otras.<\/strong> \u201cAs\u00ed funciona el proceso creativo y as\u00ed toman forma los procesos org\u00e1nicos\u201d. Es el momento de <strong>darnos cuenta lo importante que es animarse, atreverse y dar el primer paso <\/strong>(desde la pasi\u00f3n por la educaci\u00f3n), y dir\u00edamos con Martin Luther King, Jr: <em>\u00abNo tienes por qu\u00e9 ver toda la escalera, solo da el primer paso\u00bb<\/em>\u201c. <a href=\"https:\/\/webdelmaestrocmf.com\/portal\/modificar-la-educacion-replantearse-la-creatividad\/\" target=\"_blank\" rel=\"noopener noreferrer\"><strong>HAY QUE MODIFICAR LA EDUCACI\u00d3N Y REPLANTEARSE LA CREATIVIDAD<\/strong><\/a><\/p>\n<p style=\"text-align: justify;\">Sin embargo, <strong>como en tantas otras oportunidades, algunas secretar\u00edas o ministerios de educaci\u00f3n han impuesto<\/strong> \u201cmanu militari\u201d, sin consensuar, sin pedir opini\u00f3n, &#8230; <strong>programas de educaci\u00f3n a distancia sin la preparaci\u00f3n de los agentes, <\/strong>sin capacitaci\u00f3n de los profesores y padres de familia, <strong>sin tener en cuenta (fatalmente) si todos los estudiantes tienen los mismos recursos y los mismos apoyos en sus hogares<\/strong>. En algunos pa\u00edses han vuelto \u201ca meter la mano esos educadores de escritorio\u201d, (iluminados por el puesto y los sueldos), sin experiencia docente en el aula, y <strong>han instaurado nuevamente la educaci\u00f3n de la era industria<\/strong>l, que organizaba y conceb\u00eda las escuela es una f\u00e1brica. <a href=\"https:\/\/webdelmaestrocmf.com\/portal\/ken-robinson-la-escuela-funciona-una-fabrica\/\" target=\"_blank\" rel=\"noopener noreferrer\"><strong>KEN ROBINSON: LA ESCUELA FUNCIONA UNA FABRICA<\/strong><\/a><\/p>\n<p style=\"text-align: justify;\">Tenemos de la educaci\u00f3n a distancia, que ahora estamos desarrollando o \u201ccumpliendo con dictar\u201d, experiencias tan diversas y sentimientos tan encontrados (como dir\u00eda Gabriel Garc\u00eda M\u00e1rquez), que necesitamos que alg\u00fan especialista y experimentado educador nos oriente. Y para ello es que encontramos al Profesor <strong>Jos\u00e9 Antonio Marina Torres <\/strong>(1939), quien en su libro <em>Elogio y refutaci\u00f3n<\/em> afirma que: \u201c<strong>S\u00f3lo mediante la informaci\u00f3n que poseemos,<\/strong> incorporada a nuestro organismo, sean los esquemas innatos o los esquemas adquiridos, <strong>podemos acceder a otra informaci\u00f3n<\/strong>, y esto sit\u00faa a la memoria en primera l\u00ednea de nuestra actividad inteligente. El libre juego con lo que sabemos nos permite adentrarnos en lo desconocido para aprender cosas nuevas. Incluso <strong>el m\u00e1s arriesgado explorador lleva alg\u00fan mapa en su equipaje<\/strong>. La \u00edndole de nuestra memoria personal va a definir nuestras posibilidades \u201c.<\/p>\n<p style=\"text-align: justify;\">Compartimos de la publicaci\u00f3n del <strong>ABC<\/strong> (Espa\u00f1a, 15\/04\/2020), la entrevista de <strong>Laura Peraita<\/strong>, y el Profesor Marina, quien <strong>opina sobre este intr\u00edngulis o dilema educativo<\/strong> in\u00e9dito, y nos ofrece su opini\u00f3n (<strong>desde la realidad espa\u00f1ola, pero que puede servirnos de referente<\/strong>), para tener mayores elementos de juicio frente a los posibles efectos de la educaci\u00f3n a distancia,\u00a0 su proyecci\u00f3n al pr\u00f3ximo a\u00f1o lectivo, pensar en un curr\u00edculo de recuperaci\u00f3n, recorte de los curr\u00edculos actuales, los beneficios que dejar\u00e1 la educaci\u00f3n virtual, la evaluaci\u00f3n de los estudiantes en este per\u00edodo, el sistema educativo \u201cencorsetado\u201d, los deberes deben hacerse en la escuela, &#8230;<\/p>\n<p style=\"text-align: justify;\">Recordamos que compartimos partes de la entrevista por motivos \u00fanicamente educativos y de formaci\u00f3n permanente, sugiri\u00e9ndoles ingresen al enlace que indicamos al final de este art\u00edculo y lean el di\u00e1logo completo. Adem\u00e1s, indicamos que las letras cursivas y los textos resaltados son nuestros.<\/p>\n<h5 style=\"text-align: left;\"><strong>LAURA PERAITA: <em>\u00bfCu\u00e1nto tiempo tardar\u00e1 en recuperarse el sistema educativo de los efectos del coronavirus?<\/em><\/strong><\/h5>\n<p style=\"text-align: justify;\"><strong>JOS\u00c9 ANTONIO MARINA<\/strong>: \u201cEl objetivo es que los <strong>efectos educativos nocivos se resuelvan en el curso 2020-2021<\/strong>. <strong>Tiene que ser un curso peculiar, flexible, un ejemplo del \u00abadaptative learning\u00bb<\/strong>, del que tanto se habla y tan poco se practica.<\/p>\n<p><img loading=\"lazy\" decoding=\"async\" class=\"alignnone size-full wp-image-46522\" src=\"https:\/\/webdelmaestrocmf.com\/portal\/wp-content\/uploads\/2020\/04\/image002-4.gif\" alt=\"\" width=\"1600\" height=\"1067\" \/><\/p>\n<p style=\"text-align: justify;\">Creo que si el Ministerio tiene el talento suficiente puede <strong>aprovechar la situaci\u00f3n para despertar al sistema, dar protagonismo a los docentes, y enrolar a las familias<\/strong> y reconocer que la rigidez de nuestro sistema es anticuada y nos empereza a todos. <strong>Ese plan renovador inmediato no puede hacerlo en los despachos ministeriales<\/strong>, sino promoviendo una movilizaci\u00f3n educativa centrada en las aulas. Estamos en una situaci\u00f3n <strong>cuya complejidad puede resultar oscurecida por las estad\u00edsticas<\/strong>, que siempre simplifican. [&#8230;] a mis compa\u00f1eros docentes, les convocar\u00eda, por ejemplo, a trav\u00e9s de esta secci\u00f3n, a que pensemos soluciones desde la trinchera. Tenemos, por ejemplo, que <strong>elaborar un \u00abcurr\u00edculo de recuperaci\u00f3n\u00bb para el pr\u00f3ximo curso<\/strong>, lo que va a exigir rescatar parte del curr\u00edculo del curso anterior, y abreviar el del presente. Dada la disparatada longitud de los <strong>curr\u00edculos<\/strong> actuales, <strong>una poda puede ser muy beneficiosa<\/strong>. Todos los docentes deber\u00edamos seguir un taller obligatorio de \u00abpoda de curr\u00edculos\u00bb. Y las autoridades educativas, un master completo\u201d.<\/p>\n<h5 style=\"text-align: left;\"><strong>LAURA PERAITA: <em>\u00bfQu\u00e9 aprendizaje se puede sacar de la nueva forma de \u00abdar clase\u00bb a los alumnos en la actualidad?<\/em><\/strong><\/h5>\n<p style=\"text-align: justify;\"><strong>JOS\u00c9 ANTONIO MARINA<\/strong>: \u201cMuy poca. La situaci\u00f3n es excepcional, <strong>todo el mundo ha tenido que improvisar<\/strong>, los centros que ten\u00edan implantada una educaci\u00f3n basada en TIC lo han hecho mejor, porque solo han tenido que aplicar su did\u00e1ctica a distancia, y <strong>los que no lo ten\u00edan, tendr\u00e1n que aprender<\/strong>. Pero ser\u00eda una torpeza pensar que, por si acaso vuelve la pandemia, vamos a organizar las aulas como si al d\u00eda siguiente fu\u00e9ramos a tener que dar educaci\u00f3n a distancia. Como nos ha advertido la OCDE, <strong>no estamos aprovechando bien las tecnolog\u00edas<\/strong>. Las utilizamos <strong>para buscar<\/strong> informaci\u00f3n, como si eso fuera aprender. <strong>Est\u00e1n produciendo un descr\u00e9dito de la memoria<\/strong>, porque \u00abpara qu\u00e9 voy a aprender si lo puedo encontrar con una b\u00fasqueda en internet\u00bb. En cambio, <strong>no las estamos utilizando para personalizar la educaci\u00f3n<\/strong>\u201d.<\/p>\n<p style=\"text-align: justify;\">Art\u00edculo recomendado: <a href=\"https:\/\/webdelmaestrocmf.com\/portal\/la-educacion-a-distancia-siete-consejos-para-las-nuevas-tareas-de-los-padres\/\" target=\"_blank\" rel=\"noopener noreferrer\"><strong>LA EDUCACI\u00d3N A DISTANCIA: SIETE CONSEJOS PARA LAS NUEVAS TAREAS DE LOS PADRES<\/strong><\/a><\/p>\n<h5 style=\"text-align: left;\"><strong>LAURA PERAITA: <em>\u00bfHa abierto el Covid-19 la puerta a nuevos planteamientos en Educaci\u00f3n? \u00bfEn qu\u00e9 sentido?<\/em><\/strong><\/h5>\n<p style=\"text-align: justify;\"><strong>JOS\u00c9 ANTONIO MARINA<\/strong>: \u201cUna situaci\u00f3n de emergencia y de urgencia como esta <strong>solo ense\u00f1a a sobrevivir<\/strong>. Los m\u00e9todos educativos hay que pensarlos con calma, probarlos, evaluarlos. <strong>Hemos confundido innovaci\u00f3n con ocurrencias improvisadas.<\/strong> Claro que tenemos que dise\u00f1ar nuevos modos de integrar las tecnolog\u00edas en las aulas, pero no por el coronavirus. Los a\u00f1os que he dedicado a investigar en el \u00abProyecto Centauro\u00bb para <strong>intentar planificar la ense\u00f1anza cuando los sistemas de inteligencia artificial desembarquen en la escuel<\/strong>a, me han convencido de las fant\u00e1sticas <strong>posibilidades que nos ofrecen<\/strong>, y de la <strong>dificultad de aprovecharlas<\/strong>\u201d.<\/p>\n<h5 style=\"text-align: left;\"><strong>LAURA PERAITA: <em>\u00bfDe qu\u00e9 manera influye la \u00absupuesta implicaci\u00f3n\u00bb de las familias en el desarrollo de las tareas escolares de sus hijos?<\/em><\/strong><\/h5>\n<p style=\"text-align: justify;\"><strong>JOS\u00c9 ANTONIO MARINA<\/strong>: \u201cDesde que fund\u00e9 la Universidad de Padres he insistido en la <strong>importancia de que las familias y la escuela colaboren<\/strong>. Dise\u00f1ar esa colaboraci\u00f3n <strong>es asunto de la escuela<\/strong>. No es lo mismo ayudar en los estudios a un ni\u00f1o que est\u00e1 aprendiendo a leer que a un alumno de la ESO o de Formaci\u00f3n Profesional que estudia cosas que sus padres no entienden\u201d.<\/p>\n<p style=\"text-align: justify;\">Art\u00edculo relacionado: <a href=\"https:\/\/webdelmaestrocmf.com\/portal\/por-que-los-padres-no-deberian-ayudar-a-sus-hijos-con-las-tareas\/\" target=\"_blank\" rel=\"noopener noreferrer\"><strong>\u00bfC\u00d3MO AYUDAR A LOS HIJOS CON LAS TAREAS ESCOLARES?<\/strong><\/a><\/p>\n<p style=\"text-align: justify;\"><strong>LAURA PERAITA: <em>\u00bfC\u00f3mo calificar\u00eda <\/em><\/strong>[evaluar\u00eda]<strong><em> a los alumnos?<\/em><\/strong><\/p>\n<p style=\"text-align: justify;\"><strong>JOS\u00c9 ANTONIO MARINA<\/strong>: \u201cEn esta situaci\u00f3n debemos poner a prueba toda nuestra prudencia pedag\u00f3gica. <strong>Dar aprobado general<\/strong>, como piensa hacer Italia, <strong>es malo<\/strong> porque es una falsa soluci\u00f3n. Unifica los alumnos que han trabajado con los que no, y estos no van a ser capaces de seguir la marcha del curso normal, con lo que perder\u00e1n el curso siguiente, pero habr\u00e1n perjudicado a sus compa\u00f1eros al ralentizar la ense\u00f1anza. <strong>Suspender a los que no hayan trabajado<\/strong>, tampoco parece justo porque pueden haber vivido circunstancias muy dif\u00edciles. <strong>La soluci\u00f3n es compleja<\/strong>. Abst\u00e9nganse, por lo tanto, los expertos de sal\u00f3n y mitin. Mi propuesta es <strong>evaluar a todos los alumnos por lo que hayan trabajado<\/strong> durante este periodo de confinamiento, <strong>pero<\/strong> <strong>no hacerles perder curso por esos resultados<\/strong>. En segundo lugar, <strong>convertir los dos primeros meses del curso pr\u00f3ximo<\/strong> en un periodo de triaje (ya que est\u00e1 de moda la palabra) para ver los alumnos que pueden recuperar o los que tendr\u00e1n que perder curso. [&#8230;] . si algo vamos a tener que aprender es a \u00abflexibilizar nuestro sistema y nuestras pr\u00e1cticas pedag\u00f3gicas\u00bb, que son encorsetadas y r\u00edgidas. <strong>Esos dos meses de adaptaci\u00f3n tendremos que proporcionar ayudas especiales a muchos alumnos<\/strong>, y para eso necesitamos aumentar plantillas. [&#8230;] Tambi\u00e9n <strong>Educaci\u00f3n deber\u00eda tener un presupuesto especial para el curso pr\u00f3ximo<\/strong>. Pero, vuelvo a decir, eso tenemos que estar pens\u00e1ndolo ya\u201d.<\/p>\n<h5 style=\"text-align: left;\"><strong>LAURA PERAITA: <em>\u00bfDe qu\u00e9 manera est\u00e1 afectando a los deberes? \u00bfSe han demonizado a\u00fan m\u00e1s o, por el contrario, ganan adeptos?<\/em><\/strong><\/h5>\n<p style=\"text-align: justify;\"><strong>JOS\u00c9 ANTONIO MARINA<\/strong>: \u201cEl tema de los deberes vuelve una y otra vez. He expuesto mi opini\u00f3n en muchas ocasiones. <strong>El centro del aprendizaje es la escuela, pero el tiempo de que disponemos en ella, sobre todo desde que se ha implantado la jornada continua, exige estudiar en casa.<\/strong> Eso son los deberes. Y deben <strong>planificarse conjuntamente por todos los docentes de un curso,<\/strong> para que no se produzcan sobrecargas perturbadoras. Hay que tener en cuenta tambi\u00e9n que <strong>los padres no son profesores<\/strong>. [&#8230;\u00a0 en cuanto a los deberes] el alumno debe saber las horas que necesita. <strong>Hay que recordar que en la ense\u00f1anza obligatoria debemos intentar que todos los alumnos consigan un buen resultado, <\/strong>pero el Bachillerato es voluntario y el m\u00e9rito debe prevalecer. Un Bachillerato blando acaba produciendo una Universidad blanda\u201d.<\/p>\n<p style=\"text-align: justify;\">La entrevista completa, que recomendamos leer, la encuentra en este enlace: <a href=\"https:\/\/www.abc.es\/familia\/educacion\/abci-jose-antonio-marina-aprobado-general-como-piensa-hacer-italia-malo-falsa-solucion-202004141927_noticia.html\" target=\"_blank\" rel=\"noopener noreferrer\"><strong>JOS\u00c9 ANTONIO MARINA: \u00abDAR APROBADO GENERAL, COMO PIENSA HACER ITALIA, ES MALO, UNA FALSA SOLUCI\u00d3N\u00bb<\/strong><\/a><\/p>\n<p style=\"text-align: center;\"><em>\u201cSoy un cient\u00edfico que quiere hacer ciencia sin ideas predeterminadas y sin jactancias, dejando claro lo pasmosamente divertido y azaroso que me resulta el oficio\u00bb. <\/em>(2007)<\/p>\n<p style=\"text-align: right;\"><strong>REDACCI\u00d3N WEB DEL MAESTRO CMF<\/strong><\/p>\n\t\t<div class=\"pk-inline-posts\">\n\t\t\t\n\t\t\t<div class=\"pk-inline-posts-container pk-inline-posts-template-list\"\n\t\t\t\tdata-columns=\"1\">\n\t\t\t\t\t\t<article id=\"post-118590\" class=\"post-118590 post type-post status-publish format-standard has-post-thumbnail category-entrevistas category-noticias tag-adiccion-digital tag-aprendizaje tag-docentes tag-educacion-2 tag-estudiantes tag-inteligencia-artificial tag-miguel-martinez-gonzalez tag-neuroeducacion tag-pantallas tag-pensamiento-critico-2 tag-salud-mental cs-entry cs-video-wrap\">\n\t\t\t<div class=\"pk-post-outer\">\n\n\t\t\t\t\t\t\t\t<div class=\"pk-post-inner\">\n\t\t\t\t\t<div class=\"entry-thumbnail\">\n\t\t\t\t\t\t<div class=\"pk-overlay pk-overlay-ratio pk-ratio-landscape\">\n\t\t\t\t\t\t\t<div class=\"pk-overlay-background\">\n\t\t\t\t\t\t\t\t<a href=\"https:\/\/webdelmaestrocmf.com\/portal\/miguel-martinez-gonzalez-a-mis-alumnos-les-pongo-en-los-examenes-le-he-preguntado-esto-a-la-ia-y-me-ha-dado-esta-respuesta-donde-se-ha-equivocado\/\" class=\"pk-overlay-link\">\n\t\t\t\t\t\t\t\t\t<img loading=\"lazy\" decoding=\"async\" width=\"300\" height=\"225\" src=\"https:\/\/webdelmaestrocmf.com\/portal\/wp-content\/uploads\/2026\/05\/1AA-Banner-1-portada-imagen-10-1-copia-4-300x225.webp\" class=\"attachment-pk-thumbnail size-pk-thumbnail wp-post-image\" alt=\"\" \/>\t\t\t\t\t\t\t\t<\/a>\n\t\t\t\t\t\t\t<\/div>\n\t\t\t\t\t\t<\/div>\n\t\t\t\t\t<\/div>\n\t\t\t\t<\/div>\n\t\t\t\t\n\t\t\t\t<div class=\"pk-post-inner\">\n\t\t\t\t\t<header>\n\t\t\t\t\t\t<h3 class=\"pk-title\"><a href=\"https:\/\/webdelmaestrocmf.com\/portal\/miguel-martinez-gonzalez-a-mis-alumnos-les-pongo-en-los-examenes-le-he-preguntado-esto-a-la-ia-y-me-ha-dado-esta-respuesta-donde-se-ha-equivocado\/\" rel=\"bookmark\">Miguel Mart\u00ednez-Gonz\u00e1lez: A mis alumnos les pongo en los ex\u00e1menes: \u201cLe he preguntado esto a la IA y me ha dado esta respuesta. \u00bfD\u00f3nde se ha equivocado?\u201d<\/a><\/h3>\t\t\t\t\t<\/header><!-- .entry-header -->\n\t\t\t\t<\/div><!-- .post-inner -->\n\n\t\t\t<\/div><!-- .post-outer -->\n\t\t<\/article>\n\t\t\t\t<\/div>\n\t\t<\/div>\n\t\t\n","protected":false},"excerpt":{"rendered":"Responder al desaf\u00edo para que los estudiantes sigan estudiando con una planificaci\u00f3n acad\u00e9mica aprobado al inicio del a\u00f1o&hellip;","protected":false},"author":1,"featured_media":48856,"comment_status":"open","ping_status":"closed","sticky":false,"template":"","format":"standard","meta":{"csco_display_header_overlay":false,"csco_singular_sidebar":"disabled","csco_page_header_type":"standard","csco_page_load_nextpost":"default","csco_post_video_location":[],"csco_post_video_location_hash":"","csco_post_video_url":"","csco_post_video_bg_start_time":0,"csco_post_video_bg_end_time":0,"csco_post_video_bg_volume":false,"_jetpack_memberships_contains_paid_content":false,"footnotes":""},"categories":[48,47],"tags":[3818,4906,3206,659,36,244,78,4905],"class_list":{"0":"post-46520","1":"post","2":"type-post","3":"status-publish","4":"format-standard","5":"has-post-thumbnail","7":"category-entrevistas","8":"category-noticias","9":"tag-academico","10":"tag-adaptative","11":"tag-ano","12":"tag-ejemplo","13":"tag-flexible","14":"tag-jose-antonio-marina","15":"tag-learning","16":"tag-peculiar","17":"cs-entry","18":"cs-video-wrap"},"yoast_head":"<!-- This site is optimized with the Yoast SEO plugin v27.5 - https:\/\/yoast.com\/product\/yoast-seo-wordpress\/ -->\n<title>Jos\u00e9 Antonio Marina: Este a\u00f1o acad\u00e9mico tiene que ser peculiar, flexible, un ejemplo del \u00abadaptative learning\u00bb - 2026<\/title>\n<meta name=\"description\" content=\"Responder al desaf\u00edo para que los estudiantes sigan estudiando con una planificaci\u00f3n acad\u00e9mica aprobado al inicio del a\u00f1o escolar y los profesores...\" \/>\n<meta name=\"robots\" content=\"index, follow, max-snippet:-1, max-image-preview:large, max-video-preview:-1\" \/>\n<link rel=\"canonical\" href=\"https:\/\/webdelmaestrocmf.com\/portal\/jose-antonio-marina-este-ano-academico-tiene-que-ser-peculiar-flexible-un-ejemplo-del-adaptative-learning\/\" \/>\n<meta property=\"og:locale\" content=\"es_ES\" \/>\n<meta property=\"og:type\" content=\"article\" \/>\n<meta property=\"og:title\" content=\"Jos\u00e9 Antonio Marina: Este a\u00f1o acad\u00e9mico tiene que ser peculiar, flexible, un ejemplo del \u00abadaptative learning\u00bb - 2026\" \/>\n<meta property=\"og:description\" content=\"Responder al desaf\u00edo para que los estudiantes sigan estudiando con una planificaci\u00f3n acad\u00e9mica aprobado al inicio del a\u00f1o escolar y los profesores...\" \/>\n<meta property=\"og:url\" content=\"https:\/\/webdelmaestrocmf.com\/portal\/jose-antonio-marina-este-ano-academico-tiene-que-ser-peculiar-flexible-un-ejemplo-del-adaptative-learning\/\" \/>\n<meta property=\"og:site_name\" content=\"Web del Maestro CMF\" \/>\n<meta property=\"article:publisher\" content=\"https:\/\/www.facebook.com\/WebdelMaestroCMF\/\" \/>\n<meta property=\"article:author\" content=\"https:\/\/www.facebook.com\/WebdelMaestroCMF\/\" \/>\n<meta property=\"article:published_time\" content=\"2020-07-08T03:05:20+00:00\" \/>\n<meta property=\"article:modified_time\" content=\"2021-01-06T12:21:32+00:00\" \/>\n<meta property=\"og:image\" content=\"https:\/\/i0.wp.com\/webdelmaestrocmf.com\/portal\/wp-content\/uploads\/2020\/04\/2-16.jpg?fit=1100%2C680&ssl=1\" \/>\n\t<meta property=\"og:image:width\" content=\"1100\" \/>\n\t<meta property=\"og:image:height\" content=\"680\" \/>\n\t<meta property=\"og:image:type\" content=\"image\/jpeg\" \/>\n<meta name=\"author\" content=\"Web del Maestro CMF\" \/>\n<meta name=\"twitter:card\" content=\"summary_large_image\" \/>\n<meta name=\"twitter:creator\" content=\"@cmf_w\" \/>\n<meta name=\"twitter:site\" content=\"@cmf_w\" \/>\n<script type=\"application\/ld+json\" class=\"yoast-schema-graph\">{\"@context\":\"https:\\\/\\\/schema.org\",\"@graph\":[{\"@type\":\"ScholarlyArticle\",\"@id\":\"https:\\\/\\\/webdelmaestrocmf.com\\\/portal\\\/jose-antonio-marina-este-ano-academico-tiene-que-ser-peculiar-flexible-un-ejemplo-del-adaptative-learning\\\/#article\",\"isPartOf\":{\"@id\":\"https:\\\/\\\/webdelmaestrocmf.com\\\/portal\\\/jose-antonio-marina-este-ano-academico-tiene-que-ser-peculiar-flexible-un-ejemplo-del-adaptative-learning\\\/\"},\"author\":{\"name\":\"Web del Maestro CMF\",\"@id\":\"https:\\\/\\\/webdelmaestrocmf.com\\\/portal\\\/#\\\/schema\\\/person\\\/1072a2ed7bd960df8ef99a551fa35dc5\"},\"headline\":\"Jos\u00e9 Antonio Marina: Este a\u00f1o acad\u00e9mico tiene que ser peculiar, flexible, un ejemplo del \u00abadaptative learning\u00bb\",\"datePublished\":\"2020-07-08T03:05:20+00:00\",\"dateModified\":\"2021-01-06T12:21:32+00:00\",\"mainEntityOfPage\":{\"@id\":\"https:\\\/\\\/webdelmaestrocmf.com\\\/portal\\\/jose-antonio-marina-este-ano-academico-tiene-que-ser-peculiar-flexible-un-ejemplo-del-adaptative-learning\\\/\"},\"wordCount\":1927,\"commentCount\":0,\"publisher\":{\"@id\":\"https:\\\/\\\/webdelmaestrocmf.com\\\/portal\\\/#organization\"},\"image\":{\"@id\":\"https:\\\/\\\/webdelmaestrocmf.com\\\/portal\\\/jose-antonio-marina-este-ano-academico-tiene-que-ser-peculiar-flexible-un-ejemplo-del-adaptative-learning\\\/#primaryimage\"},\"thumbnailUrl\":\"https:\\\/\\\/webdelmaestrocmf.com\\\/portal\\\/wp-content\\\/uploads\\\/2020\\\/04\\\/2-16.jpg\",\"keywords\":[\"acad\u00e9mico\",\"adaptative\",\"A\u00d1O\",\"ejemplo\",\"flexible\",\"Jos\u00e9 Antonio Marina\",\"learning\",\"peculiar\"],\"articleSection\":[\"Entrevistas\",\"Noticias\"],\"inLanguage\":\"es\",\"potentialAction\":[{\"@type\":\"CommentAction\",\"name\":\"Comment\",\"target\":[\"https:\\\/\\\/webdelmaestrocmf.com\\\/portal\\\/jose-antonio-marina-este-ano-academico-tiene-que-ser-peculiar-flexible-un-ejemplo-del-adaptative-learning\\\/#respond\"]}]},{\"@type\":\"WebPage\",\"@id\":\"https:\\\/\\\/webdelmaestrocmf.com\\\/portal\\\/jose-antonio-marina-este-ano-academico-tiene-que-ser-peculiar-flexible-un-ejemplo-del-adaptative-learning\\\/\",\"url\":\"https:\\\/\\\/webdelmaestrocmf.com\\\/portal\\\/jose-antonio-marina-este-ano-academico-tiene-que-ser-peculiar-flexible-un-ejemplo-del-adaptative-learning\\\/\",\"name\":\"Jos\u00e9 Antonio Marina: Este a\u00f1o acad\u00e9mico tiene que ser peculiar, flexible, un ejemplo del \u00abadaptative learning\u00bb - 2026\",\"isPartOf\":{\"@id\":\"https:\\\/\\\/webdelmaestrocmf.com\\\/portal\\\/#website\"},\"primaryImageOfPage\":{\"@id\":\"https:\\\/\\\/webdelmaestrocmf.com\\\/portal\\\/jose-antonio-marina-este-ano-academico-tiene-que-ser-peculiar-flexible-un-ejemplo-del-adaptative-learning\\\/#primaryimage\"},\"image\":{\"@id\":\"https:\\\/\\\/webdelmaestrocmf.com\\\/portal\\\/jose-antonio-marina-este-ano-academico-tiene-que-ser-peculiar-flexible-un-ejemplo-del-adaptative-learning\\\/#primaryimage\"},\"thumbnailUrl\":\"https:\\\/\\\/webdelmaestrocmf.com\\\/portal\\\/wp-content\\\/uploads\\\/2020\\\/04\\\/2-16.jpg\",\"datePublished\":\"2020-07-08T03:05:20+00:00\",\"dateModified\":\"2021-01-06T12:21:32+00:00\",\"description\":\"Responder al desaf\u00edo para que los estudiantes sigan estudiando con una planificaci\u00f3n acad\u00e9mica aprobado al inicio del a\u00f1o escolar y los profesores...\",\"breadcrumb\":{\"@id\":\"https:\\\/\\\/webdelmaestrocmf.com\\\/portal\\\/jose-antonio-marina-este-ano-academico-tiene-que-ser-peculiar-flexible-un-ejemplo-del-adaptative-learning\\\/#breadcrumb\"},\"inLanguage\":\"es\",\"potentialAction\":[{\"@type\":\"ReadAction\",\"target\":[\"https:\\\/\\\/webdelmaestrocmf.com\\\/portal\\\/jose-antonio-marina-este-ano-academico-tiene-que-ser-peculiar-flexible-un-ejemplo-del-adaptative-learning\\\/\"]}]},{\"@type\":\"ImageObject\",\"inLanguage\":\"es\",\"@id\":\"https:\\\/\\\/webdelmaestrocmf.com\\\/portal\\\/jose-antonio-marina-este-ano-academico-tiene-que-ser-peculiar-flexible-un-ejemplo-del-adaptative-learning\\\/#primaryimage\",\"url\":\"https:\\\/\\\/webdelmaestrocmf.com\\\/portal\\\/wp-content\\\/uploads\\\/2020\\\/04\\\/2-16.jpg\",\"contentUrl\":\"https:\\\/\\\/webdelmaestrocmf.com\\\/portal\\\/wp-content\\\/uploads\\\/2020\\\/04\\\/2-16.jpg\",\"width\":1100,\"height\":680},{\"@type\":\"BreadcrumbList\",\"@id\":\"https:\\\/\\\/webdelmaestrocmf.com\\\/portal\\\/jose-antonio-marina-este-ano-academico-tiene-que-ser-peculiar-flexible-un-ejemplo-del-adaptative-learning\\\/#breadcrumb\",\"itemListElement\":[{\"@type\":\"ListItem\",\"position\":1,\"name\":\"Portada\",\"item\":\"https:\\\/\\\/webdelmaestrocmf.com\\\/portal\\\/\"},{\"@type\":\"ListItem\",\"position\":2,\"name\":\"Noticias\",\"item\":\"https:\\\/\\\/webdelmaestrocmf.com\\\/portal\\\/category\\\/noticias\\\/\"},{\"@type\":\"ListItem\",\"position\":3,\"name\":\"Jos\u00e9 Antonio Marina: Este a\u00f1o acad\u00e9mico tiene que ser peculiar, flexible, un ejemplo del \u00abadaptative learning\u00bb\"}]},{\"@type\":\"WebSite\",\"@id\":\"https:\\\/\\\/webdelmaestrocmf.com\\\/portal\\\/#website\",\"url\":\"https:\\\/\\\/webdelmaestrocmf.com\\\/portal\\\/\",\"name\":\"Web del Maestro CMF\",\"description\":\"Maestros al servicio de la educaci\u00f3n\",\"publisher\":{\"@id\":\"https:\\\/\\\/webdelmaestrocmf.com\\\/portal\\\/#organization\"},\"alternateName\":\"WMCMF\",\"potentialAction\":[{\"@type\":\"SearchAction\",\"target\":{\"@type\":\"EntryPoint\",\"urlTemplate\":\"https:\\\/\\\/webdelmaestrocmf.com\\\/portal\\\/?s={search_term_string}\"},\"query-input\":{\"@type\":\"PropertyValueSpecification\",\"valueRequired\":true,\"valueName\":\"search_term_string\"}}],\"inLanguage\":\"es\"},{\"@type\":\"Organization\",\"@id\":\"https:\\\/\\\/webdelmaestrocmf.com\\\/portal\\\/#organization\",\"name\":\"Web del Maestro CMF\",\"alternateName\":\"WMCMF\",\"url\":\"https:\\\/\\\/webdelmaestrocmf.com\\\/portal\\\/\",\"logo\":{\"@type\":\"ImageObject\",\"inLanguage\":\"es\",\"@id\":\"https:\\\/\\\/webdelmaestrocmf.com\\\/portal\\\/#\\\/schema\\\/logo\\\/image\\\/\",\"url\":\"https:\\\/\\\/webdelmaestrocmf.com\\\/portal\\\/wp-content\\\/uploads\\\/2023\\\/01\\\/logo-wmcmf-2.png\",\"contentUrl\":\"https:\\\/\\\/webdelmaestrocmf.com\\\/portal\\\/wp-content\\\/uploads\\\/2023\\\/01\\\/logo-wmcmf-2.png\",\"width\":200,\"height\":60,\"caption\":\"Web del Maestro CMF\"},\"image\":{\"@id\":\"https:\\\/\\\/webdelmaestrocmf.com\\\/portal\\\/#\\\/schema\\\/logo\\\/image\\\/\"},\"sameAs\":[\"https:\\\/\\\/www.facebook.com\\\/WebdelMaestroCMF\\\/\",\"https:\\\/\\\/x.com\\\/cmf_w\",\"https:\\\/\\\/www.pinterest.com\\\/WMCMF\\\/\",\"https:\\\/\\\/www.linkedin.com\\\/company\\\/web-del-maestro-cmf\\\/\",\"https:\\\/\\\/www.instagram.com\\\/wmcmf\\\/\",\"https:\\\/\\\/www.youtube.com\\\/channel\\\/UCDPSvjbdodE5sHnC3OxutHw\",\"https:\\\/\\\/mastodon.social\\\/@wmcmf\",\"https:\\\/\\\/www.tiktok.com\\\/@webdelmaestrocmf\"]},{\"@type\":\"Person\",\"@id\":\"https:\\\/\\\/webdelmaestrocmf.com\\\/portal\\\/#\\\/schema\\\/person\\\/1072a2ed7bd960df8ef99a551fa35dc5\",\"name\":\"Web del Maestro CMF\",\"image\":{\"@type\":\"ImageObject\",\"inLanguage\":\"es\",\"@id\":\"https:\\\/\\\/secure.gravatar.com\\\/avatar\\\/23291dd5b5ae1077dcff3dbb04c3e02bd28403fa75af6d8787d5e97c5bbbe30b?s=96&d=mm&r=g\",\"url\":\"https:\\\/\\\/secure.gravatar.com\\\/avatar\\\/23291dd5b5ae1077dcff3dbb04c3e02bd28403fa75af6d8787d5e97c5bbbe30b?s=96&d=mm&r=g\",\"contentUrl\":\"https:\\\/\\\/secure.gravatar.com\\\/avatar\\\/23291dd5b5ae1077dcff3dbb04c3e02bd28403fa75af6d8787d5e97c5bbbe30b?s=96&d=mm&r=g\",\"caption\":\"Web del Maestro CMF\"},\"description\":\"Esta Web se cre\u00f3 sin fines de lucro, con fines educativos, cient\u00edficos y acad\u00e9micos, para personas que tengan dificultades y\\\/o inconvenientes en visualizar el material original. El objetivo es entregar recursos, compartir experiencias y materiales que ayuden a los padres de familia, maestros y estudiantes en su actualizaci\u00f3n y formaci\u00f3n permanente, en bien de la Educaci\u00f3n.\",\"sameAs\":[\"http:\\\/\\\/webdelmaestrocmf.com\\\/portal\",\"https:\\\/\\\/www.facebook.com\\\/WebdelMaestroCMF\\\/\",\"https:\\\/\\\/www.instagram.com\\\/wmcmf\\\/\",\"https:\\\/\\\/cl.linkedin.com\\\/company\\\/web-del-maestro-cmf\",\"https:\\\/\\\/www.pinterest.com\\\/WMCMF\\\/publicaciones\\\/\",\"https:\\\/\\\/x.com\\\/cmf_w\",\"https:\\\/\\\/www.youtube.com\\\/@WMCMF\"]}]}<\/script>\n<!-- \/ Yoast SEO plugin. -->","yoast_head_json":{"title":"Jos\u00e9 Antonio Marina: Este a\u00f1o acad\u00e9mico tiene que ser peculiar, flexible, un ejemplo del \u00abadaptative learning\u00bb - 2026","description":"Responder al desaf\u00edo para que los estudiantes sigan estudiando con una planificaci\u00f3n acad\u00e9mica aprobado al inicio del a\u00f1o escolar y los profesores...","robots":{"index":"index","follow":"follow","max-snippet":"max-snippet:-1","max-image-preview":"max-image-preview:large","max-video-preview":"max-video-preview:-1"},"canonical":"https:\/\/webdelmaestrocmf.com\/portal\/jose-antonio-marina-este-ano-academico-tiene-que-ser-peculiar-flexible-un-ejemplo-del-adaptative-learning\/","og_locale":"es_ES","og_type":"article","og_title":"Jos\u00e9 Antonio Marina: Este a\u00f1o acad\u00e9mico tiene que ser peculiar, flexible, un ejemplo del \u00abadaptative learning\u00bb - 2026","og_description":"Responder al desaf\u00edo para que los estudiantes sigan estudiando con una planificaci\u00f3n acad\u00e9mica aprobado al inicio del a\u00f1o escolar y los profesores...","og_url":"https:\/\/webdelmaestrocmf.com\/portal\/jose-antonio-marina-este-ano-academico-tiene-que-ser-peculiar-flexible-un-ejemplo-del-adaptative-learning\/","og_site_name":"Web del Maestro CMF","article_publisher":"https:\/\/www.facebook.com\/WebdelMaestroCMF\/","article_author":"https:\/\/www.facebook.com\/WebdelMaestroCMF\/","article_published_time":"2020-07-08T03:05:20+00:00","article_modified_time":"2021-01-06T12:21:32+00:00","og_image":[{"width":1100,"height":680,"url":"https:\/\/i0.wp.com\/webdelmaestrocmf.com\/portal\/wp-content\/uploads\/2020\/04\/2-16.jpg?fit=1100%2C680&ssl=1","type":"image\/jpeg"}],"author":"Web del Maestro CMF","twitter_card":"summary_large_image","twitter_creator":"@cmf_w","twitter_site":"@cmf_w","schema":{"@context":"https:\/\/schema.org","@graph":[{"@type":"ScholarlyArticle","@id":"https:\/\/webdelmaestrocmf.com\/portal\/jose-antonio-marina-este-ano-academico-tiene-que-ser-peculiar-flexible-un-ejemplo-del-adaptative-learning\/#article","isPartOf":{"@id":"https:\/\/webdelmaestrocmf.com\/portal\/jose-antonio-marina-este-ano-academico-tiene-que-ser-peculiar-flexible-un-ejemplo-del-adaptative-learning\/"},"author":{"name":"Web del Maestro CMF","@id":"https:\/\/webdelmaestrocmf.com\/portal\/#\/schema\/person\/1072a2ed7bd960df8ef99a551fa35dc5"},"headline":"Jos\u00e9 Antonio Marina: Este a\u00f1o acad\u00e9mico tiene que ser peculiar, flexible, un ejemplo del \u00abadaptative learning\u00bb","datePublished":"2020-07-08T03:05:20+00:00","dateModified":"2021-01-06T12:21:32+00:00","mainEntityOfPage":{"@id":"https:\/\/webdelmaestrocmf.com\/portal\/jose-antonio-marina-este-ano-academico-tiene-que-ser-peculiar-flexible-un-ejemplo-del-adaptative-learning\/"},"wordCount":1927,"commentCount":0,"publisher":{"@id":"https:\/\/webdelmaestrocmf.com\/portal\/#organization"},"image":{"@id":"https:\/\/webdelmaestrocmf.com\/portal\/jose-antonio-marina-este-ano-academico-tiene-que-ser-peculiar-flexible-un-ejemplo-del-adaptative-learning\/#primaryimage"},"thumbnailUrl":"https:\/\/webdelmaestrocmf.com\/portal\/wp-content\/uploads\/2020\/04\/2-16.jpg","keywords":["acad\u00e9mico","adaptative","A\u00d1O","ejemplo","flexible","Jos\u00e9 Antonio Marina","learning","peculiar"],"articleSection":["Entrevistas","Noticias"],"inLanguage":"es","potentialAction":[{"@type":"CommentAction","name":"Comment","target":["https:\/\/webdelmaestrocmf.com\/portal\/jose-antonio-marina-este-ano-academico-tiene-que-ser-peculiar-flexible-un-ejemplo-del-adaptative-learning\/#respond"]}]},{"@type":"WebPage","@id":"https:\/\/webdelmaestrocmf.com\/portal\/jose-antonio-marina-este-ano-academico-tiene-que-ser-peculiar-flexible-un-ejemplo-del-adaptative-learning\/","url":"https:\/\/webdelmaestrocmf.com\/portal\/jose-antonio-marina-este-ano-academico-tiene-que-ser-peculiar-flexible-un-ejemplo-del-adaptative-learning\/","name":"Jos\u00e9 Antonio Marina: Este a\u00f1o acad\u00e9mico tiene que ser peculiar, flexible, un ejemplo del \u00abadaptative learning\u00bb - 2026","isPartOf":{"@id":"https:\/\/webdelmaestrocmf.com\/portal\/#website"},"primaryImageOfPage":{"@id":"https:\/\/webdelmaestrocmf.com\/portal\/jose-antonio-marina-este-ano-academico-tiene-que-ser-peculiar-flexible-un-ejemplo-del-adaptative-learning\/#primaryimage"},"image":{"@id":"https:\/\/webdelmaestrocmf.com\/portal\/jose-antonio-marina-este-ano-academico-tiene-que-ser-peculiar-flexible-un-ejemplo-del-adaptative-learning\/#primaryimage"},"thumbnailUrl":"https:\/\/webdelmaestrocmf.com\/portal\/wp-content\/uploads\/2020\/04\/2-16.jpg","datePublished":"2020-07-08T03:05:20+00:00","dateModified":"2021-01-06T12:21:32+00:00","description":"Responder al desaf\u00edo para que los estudiantes sigan estudiando con una planificaci\u00f3n acad\u00e9mica aprobado al inicio del a\u00f1o escolar y los profesores...","breadcrumb":{"@id":"https:\/\/webdelmaestrocmf.com\/portal\/jose-antonio-marina-este-ano-academico-tiene-que-ser-peculiar-flexible-un-ejemplo-del-adaptative-learning\/#breadcrumb"},"inLanguage":"es","potentialAction":[{"@type":"ReadAction","target":["https:\/\/webdelmaestrocmf.com\/portal\/jose-antonio-marina-este-ano-academico-tiene-que-ser-peculiar-flexible-un-ejemplo-del-adaptative-learning\/"]}]},{"@type":"ImageObject","inLanguage":"es","@id":"https:\/\/webdelmaestrocmf.com\/portal\/jose-antonio-marina-este-ano-academico-tiene-que-ser-peculiar-flexible-un-ejemplo-del-adaptative-learning\/#primaryimage","url":"https:\/\/webdelmaestrocmf.com\/portal\/wp-content\/uploads\/2020\/04\/2-16.jpg","contentUrl":"https:\/\/webdelmaestrocmf.com\/portal\/wp-content\/uploads\/2020\/04\/2-16.jpg","width":1100,"height":680},{"@type":"BreadcrumbList","@id":"https:\/\/webdelmaestrocmf.com\/portal\/jose-antonio-marina-este-ano-academico-tiene-que-ser-peculiar-flexible-un-ejemplo-del-adaptative-learning\/#breadcrumb","itemListElement":[{"@type":"ListItem","position":1,"name":"Portada","item":"https:\/\/webdelmaestrocmf.com\/portal\/"},{"@type":"ListItem","position":2,"name":"Noticias","item":"https:\/\/webdelmaestrocmf.com\/portal\/category\/noticias\/"},{"@type":"ListItem","position":3,"name":"Jos\u00e9 Antonio Marina: Este a\u00f1o acad\u00e9mico tiene que ser peculiar, flexible, un ejemplo del \u00abadaptative learning\u00bb"}]},{"@type":"WebSite","@id":"https:\/\/webdelmaestrocmf.com\/portal\/#website","url":"https:\/\/webdelmaestrocmf.com\/portal\/","name":"Web del Maestro CMF","description":"Maestros al servicio de la educaci\u00f3n","publisher":{"@id":"https:\/\/webdelmaestrocmf.com\/portal\/#organization"},"alternateName":"WMCMF","potentialAction":[{"@type":"SearchAction","target":{"@type":"EntryPoint","urlTemplate":"https:\/\/webdelmaestrocmf.com\/portal\/?s={search_term_string}"},"query-input":{"@type":"PropertyValueSpecification","valueRequired":true,"valueName":"search_term_string"}}],"inLanguage":"es"},{"@type":"Organization","@id":"https:\/\/webdelmaestrocmf.com\/portal\/#organization","name":"Web del Maestro CMF","alternateName":"WMCMF","url":"https:\/\/webdelmaestrocmf.com\/portal\/","logo":{"@type":"ImageObject","inLanguage":"es","@id":"https:\/\/webdelmaestrocmf.com\/portal\/#\/schema\/logo\/image\/","url":"https:\/\/webdelmaestrocmf.com\/portal\/wp-content\/uploads\/2023\/01\/logo-wmcmf-2.png","contentUrl":"https:\/\/webdelmaestrocmf.com\/portal\/wp-content\/uploads\/2023\/01\/logo-wmcmf-2.png","width":200,"height":60,"caption":"Web del Maestro CMF"},"image":{"@id":"https:\/\/webdelmaestrocmf.com\/portal\/#\/schema\/logo\/image\/"},"sameAs":["https:\/\/www.facebook.com\/WebdelMaestroCMF\/","https:\/\/x.com\/cmf_w","https:\/\/www.pinterest.com\/WMCMF\/","https:\/\/www.linkedin.com\/company\/web-del-maestro-cmf\/","https:\/\/www.instagram.com\/wmcmf\/","https:\/\/www.youtube.com\/channel\/UCDPSvjbdodE5sHnC3OxutHw","https:\/\/mastodon.social\/@wmcmf","https:\/\/www.tiktok.com\/@webdelmaestrocmf"]},{"@type":"Person","@id":"https:\/\/webdelmaestrocmf.com\/portal\/#\/schema\/person\/1072a2ed7bd960df8ef99a551fa35dc5","name":"Web del Maestro CMF","image":{"@type":"ImageObject","inLanguage":"es","@id":"https:\/\/secure.gravatar.com\/avatar\/23291dd5b5ae1077dcff3dbb04c3e02bd28403fa75af6d8787d5e97c5bbbe30b?s=96&d=mm&r=g","url":"https:\/\/secure.gravatar.com\/avatar\/23291dd5b5ae1077dcff3dbb04c3e02bd28403fa75af6d8787d5e97c5bbbe30b?s=96&d=mm&r=g","contentUrl":"https:\/\/secure.gravatar.com\/avatar\/23291dd5b5ae1077dcff3dbb04c3e02bd28403fa75af6d8787d5e97c5bbbe30b?s=96&d=mm&r=g","caption":"Web del Maestro CMF"},"description":"Esta Web se cre\u00f3 sin fines de lucro, con fines educativos, cient\u00edficos y acad\u00e9micos, para personas que tengan dificultades y\/o inconvenientes en visualizar el material original. El objetivo es entregar recursos, compartir experiencias y materiales que ayuden a los padres de familia, maestros y estudiantes en su actualizaci\u00f3n y formaci\u00f3n permanente, en bien de la Educaci\u00f3n.","sameAs":["http:\/\/webdelmaestrocmf.com\/portal","https:\/\/www.facebook.com\/WebdelMaestroCMF\/","https:\/\/www.instagram.com\/wmcmf\/","https:\/\/cl.linkedin.com\/company\/web-del-maestro-cmf","https:\/\/www.pinterest.com\/WMCMF\/publicaciones\/","https:\/\/x.com\/cmf_w","https:\/\/www.youtube.com\/@WMCMF"]}]}},"jetpack_featured_media_url":"https:\/\/webdelmaestrocmf.com\/portal\/wp-content\/uploads\/2020\/04\/2-16.jpg","jetpack_sharing_enabled":true,"jetpack-related-posts":[{"id":46654,"url":"https:\/\/webdelmaestrocmf.com\/portal\/como-adaptar-la-educacion-a-distancia-para-el-uso-de-aprendizaje-adaptativo-o-adaptative-learning\/","url_meta":{"origin":46520,"position":0},"title":"C\u00f3mo adaptar la educaci\u00f3n a distancia para el uso de Aprendizaje adaptativo o Adaptative learning","author":"Web del Maestro CMF","date":"24 abril, 2020","format":false,"excerpt":"La educaci\u00f3n a distancia se est\u00e1 consolidado, no solo como urgencia por los problemas de sanidad mundial, sino como una innovaci\u00f3n educativa reclamada por la Cuarta Revoluci\u00f3n Educativa. Cobra un nuevo protagonismo, no sin poco debate sobre las innovaciones y tecnolog\u00edas disruptivas, proponiendo un cambio dr\u00e1stico de soportes y m\u00e9todos\u2026","rel":"","context":"En \u00abYo opino - WMCMF\u00bb","block_context":{"text":"Yo opino - WMCMF","link":"https:\/\/webdelmaestrocmf.com\/portal\/category\/jamb\/"},"img":{"alt_text":"","src":"https:\/\/i0.wp.com\/webdelmaestrocmf.com\/portal\/wp-content\/uploads\/2020\/04\/2-10.jpg?resize=350%2C200&ssl=1","width":350,"height":200,"srcset":"https:\/\/i0.wp.com\/webdelmaestrocmf.com\/portal\/wp-content\/uploads\/2020\/04\/2-10.jpg?resize=350%2C200&ssl=1 1x, https:\/\/i0.wp.com\/webdelmaestrocmf.com\/portal\/wp-content\/uploads\/2020\/04\/2-10.jpg?resize=525%2C300&ssl=1 1.5x, https:\/\/i0.wp.com\/webdelmaestrocmf.com\/portal\/wp-content\/uploads\/2020\/04\/2-10.jpg?resize=700%2C400&ssl=1 2x, https:\/\/i0.wp.com\/webdelmaestrocmf.com\/portal\/wp-content\/uploads\/2020\/04\/2-10.jpg?resize=1050%2C600&ssl=1 3x"},"classes":[]},{"id":23262,"url":"https:\/\/webdelmaestrocmf.com\/portal\/formar-profesores-elite\/","url_meta":{"origin":46520,"position":1},"title":"C\u00f3mo formar maestros de \u00e9lite: La escuela no es el \u00fanico factor en el \u00e9xito educativo de los alumnos","author":"Web del Maestro CMF","date":"17 agosto, 2023","format":false,"excerpt":"La formaci\u00f3n inicial docente est\u00e1 frente de un nuevo desaf\u00edo: el formar profesores de \u00e9lite para trabajar en escenarios complejos, diversos y cambiantes,\u00a0 con capacidades profesionales para un ambiente escolar\u00a0 que \u201cya no tiene el monopolio del saber, [...] que tengan en cuenta el fuerte impacto de las TICs en\u2026","rel":"","context":"En \u00abNoticias\u00bb","block_context":{"text":"Noticias","link":"https:\/\/webdelmaestrocmf.com\/portal\/category\/pedagogia\/noticias-pedagogia\/"},"img":{"alt_text":"\u00e9lite","src":"https:\/\/i0.wp.com\/webdelmaestrocmf.com\/portal\/wp-content\/uploads\/2017\/10\/1QfER-1.jpg?resize=350%2C200&ssl=1","width":350,"height":200,"srcset":"https:\/\/i0.wp.com\/webdelmaestrocmf.com\/portal\/wp-content\/uploads\/2017\/10\/1QfER-1.jpg?resize=350%2C200&ssl=1 1x, https:\/\/i0.wp.com\/webdelmaestrocmf.com\/portal\/wp-content\/uploads\/2017\/10\/1QfER-1.jpg?resize=525%2C300&ssl=1 1.5x, https:\/\/i0.wp.com\/webdelmaestrocmf.com\/portal\/wp-content\/uploads\/2017\/10\/1QfER-1.jpg?resize=700%2C400&ssl=1 2x, https:\/\/i0.wp.com\/webdelmaestrocmf.com\/portal\/wp-content\/uploads\/2017\/10\/1QfER-1.jpg?resize=1050%2C600&ssl=1 3x"},"classes":[]},{"id":53947,"url":"https:\/\/webdelmaestrocmf.com\/portal\/el-mejor-aliado-del-miedo-es-el-silencio\/","url_meta":{"origin":46520,"position":2},"title":"El mejor aliado del miedo es el silencio","author":"Web del Maestro CMF","date":"3 noviembre, 2020","format":"video","excerpt":"Durante las \u00faltimas d\u00e9cadas el reconocido fil\u00f3sofo y pedagogo Jos\u00e9 Antonio Marina (1939) ha desarrollado una corriente de pensamiento que resume en su propuesta de \u201cPacto Educativo\u201d. Sus investigaciones abarcan campos del conocimiento humano tan distintos como la literatura, la filosof\u00eda o el lenguaje, y especialmente la educaci\u00f3n y la\u2026","rel":"","context":"En \u00abAdolescente\u00bb","block_context":{"text":"Adolescente","link":"https:\/\/webdelmaestrocmf.com\/portal\/category\/adolescente\/"},"img":{"alt_text":"","src":"https:\/\/i0.wp.com\/webdelmaestrocmf.com\/portal\/wp-content\/uploads\/2020\/11\/1-27.jpg?resize=350%2C200&ssl=1","width":350,"height":200,"srcset":"https:\/\/i0.wp.com\/webdelmaestrocmf.com\/portal\/wp-content\/uploads\/2020\/11\/1-27.jpg?resize=350%2C200&ssl=1 1x, https:\/\/i0.wp.com\/webdelmaestrocmf.com\/portal\/wp-content\/uploads\/2020\/11\/1-27.jpg?resize=525%2C300&ssl=1 1.5x, https:\/\/i0.wp.com\/webdelmaestrocmf.com\/portal\/wp-content\/uploads\/2020\/11\/1-27.jpg?resize=700%2C400&ssl=1 2x, https:\/\/i0.wp.com\/webdelmaestrocmf.com\/portal\/wp-content\/uploads\/2020\/11\/1-27.jpg?resize=1050%2C600&ssl=1 3x"},"classes":[]},{"id":66944,"url":"https:\/\/webdelmaestrocmf.com\/portal\/ante-la-nueva-normalidad-educativa-los-profesores-llegamos-reinventados-y-actualizados\/","url_meta":{"origin":46520,"position":3},"title":"Ante la nueva normalidad educativa, los profesores llegamos reinventados y actualizados","author":"Web del Maestro CMF","date":"24 enero, 2022","format":false,"excerpt":"\u00bfCu\u00e1ntos conocimientos hemos actualizado o aprendido en estos \u00faltimos meses los profesores? \u00bfCu\u00e1nto nos hemos actualizado y mejorado en el manejo de tantas herramientas digitales como valiosos recursos pedag\u00f3gicos? \u00bfCu\u00e1ntos hemos tomado -con algunas, tantas y diferentes- limitaciones, la oportunidad para repensar nuestro rol docente, nuestros contenidos y anticiparnos a\u2026","rel":"","context":"En \u00abYo opino - WMCMF\u00bb","block_context":{"text":"Yo opino - WMCMF","link":"https:\/\/webdelmaestrocmf.com\/portal\/category\/jamb\/"},"img":{"alt_text":"","src":"https:\/\/i0.wp.com\/webdelmaestrocmf.com\/portal\/wp-content\/uploads\/2021\/08\/1-152.jpg?resize=350%2C200&ssl=1","width":350,"height":200,"srcset":"https:\/\/i0.wp.com\/webdelmaestrocmf.com\/portal\/wp-content\/uploads\/2021\/08\/1-152.jpg?resize=350%2C200&ssl=1 1x, https:\/\/i0.wp.com\/webdelmaestrocmf.com\/portal\/wp-content\/uploads\/2021\/08\/1-152.jpg?resize=525%2C300&ssl=1 1.5x, https:\/\/i0.wp.com\/webdelmaestrocmf.com\/portal\/wp-content\/uploads\/2021\/08\/1-152.jpg?resize=700%2C400&ssl=1 2x, https:\/\/i0.wp.com\/webdelmaestrocmf.com\/portal\/wp-content\/uploads\/2021\/08\/1-152.jpg?resize=1050%2C600&ssl=1 3x"},"classes":[]},{"id":94404,"url":"https:\/\/webdelmaestrocmf.com\/portal\/jose-antonio-marina-los-docentes-somos-expertos-en-conseguir-que-aprendan-y-eso-es-muy-complicado\/","url_meta":{"origin":46520,"position":4},"title":"Jos\u00e9 Antonio Marina: Me parece que los docentes tienen, en general, una formaci\u00f3n muy mala","author":"Web del Maestro CMF","date":"24 octubre, 2024","format":false,"excerpt":"\u201cSoy fil\u00f3sofo, y hoy me lo tengo que pensar dos veces antes de afirmar que todos deber\u00edan estudiar Filosof\u00eda\u201d. La frase, pronunciada por el pensador, ensayista y pedagogo Jos\u00e9 Antonio Marina (Toledo, 1939) durante una entrevista en su domicilio madrile\u00f1o, cobra sentido dentro de una reflexi\u00f3n sobre la p\u00e9rdida de\u2026","rel":"","context":"En \u00abEntrevistas\u00bb","block_context":{"text":"Entrevistas","link":"https:\/\/webdelmaestrocmf.com\/portal\/category\/noticias\/entrevistas\/"},"img":{"alt_text":"","src":"https:\/\/i0.wp.com\/webdelmaestrocmf.com\/portal\/wp-content\/uploads\/2023\/09\/Banner-1-portada-imagen-10-1-1-1.jpg?resize=350%2C200&ssl=1","width":350,"height":200,"srcset":"https:\/\/i0.wp.com\/webdelmaestrocmf.com\/portal\/wp-content\/uploads\/2023\/09\/Banner-1-portada-imagen-10-1-1-1.jpg?resize=350%2C200&ssl=1 1x, https:\/\/i0.wp.com\/webdelmaestrocmf.com\/portal\/wp-content\/uploads\/2023\/09\/Banner-1-portada-imagen-10-1-1-1.jpg?resize=525%2C300&ssl=1 1.5x, https:\/\/i0.wp.com\/webdelmaestrocmf.com\/portal\/wp-content\/uploads\/2023\/09\/Banner-1-portada-imagen-10-1-1-1.jpg?resize=700%2C400&ssl=1 2x"},"classes":[]},{"id":101340,"url":"https:\/\/webdelmaestrocmf.com\/portal\/como-tomo-el-fracaso-academico-y-como-enseno-a-superarlo\/","url_meta":{"origin":46520,"position":5},"title":"\u00bfC\u00f3mo tomo el fracaso acad\u00e9mico, y c\u00f3mo ense\u00f1o a superarlo?","author":"Web del Maestro CMF","date":"2 diciembre, 2023","format":false,"excerpt":"Cuando no se consiguen los objetivos acad\u00e9micos que programamos, y podemos tener la sensaci\u00f3n que hemos fracasado, el profesor Jos\u00e9 Antonio Marina aconseja que \u201cdebemos poner a prueba toda nuestra prudencia pedag\u00f3gica\u201d (cf Jos\u00e9 Antonio Marina: Este a\u00f1o acad\u00e9mico tiene que ser peculiar, flexible, un ejemplo del \u00abadaptative learning\u00bb). Que\u2026","rel":"","context":"En \u00abFracaso\u00bb","block_context":{"text":"Fracaso","link":"https:\/\/webdelmaestrocmf.com\/portal\/category\/jamb\/fracaso\/"},"img":{"alt_text":"fracaso acad\u00e9mico","src":"https:\/\/i0.wp.com\/webdelmaestrocmf.com\/portal\/wp-content\/uploads\/2023\/12\/A12B3C4D.jpg?resize=350%2C200&ssl=1","width":350,"height":200,"srcset":"https:\/\/i0.wp.com\/webdelmaestrocmf.com\/portal\/wp-content\/uploads\/2023\/12\/A12B3C4D.jpg?resize=350%2C200&ssl=1 1x, https:\/\/i0.wp.com\/webdelmaestrocmf.com\/portal\/wp-content\/uploads\/2023\/12\/A12B3C4D.jpg?resize=525%2C300&ssl=1 1.5x, https:\/\/i0.wp.com\/webdelmaestrocmf.com\/portal\/wp-content\/uploads\/2023\/12\/A12B3C4D.jpg?resize=700%2C400&ssl=1 2x"},"classes":[]}],"_links":{"self":[{"href":"https:\/\/webdelmaestrocmf.com\/portal\/wp-json\/wp\/v2\/posts\/46520","targetHints":{"allow":["GET"]}}],"collection":[{"href":"https:\/\/webdelmaestrocmf.com\/portal\/wp-json\/wp\/v2\/posts"}],"about":[{"href":"https:\/\/webdelmaestrocmf.com\/portal\/wp-json\/wp\/v2\/types\/post"}],"author":[{"embeddable":true,"href":"https:\/\/webdelmaestrocmf.com\/portal\/wp-json\/wp\/v2\/users\/1"}],"replies":[{"embeddable":true,"href":"https:\/\/webdelmaestrocmf.com\/portal\/wp-json\/wp\/v2\/comments?post=46520"}],"version-history":[{"count":0,"href":"https:\/\/webdelmaestrocmf.com\/portal\/wp-json\/wp\/v2\/posts\/46520\/revisions"}],"wp:featuredmedia":[{"embeddable":true,"href":"https:\/\/webdelmaestrocmf.com\/portal\/wp-json\/wp\/v2\/media\/48856"}],"wp:attachment":[{"href":"https:\/\/webdelmaestrocmf.com\/portal\/wp-json\/wp\/v2\/media?parent=46520"}],"wp:term":[{"taxonomy":"category","embeddable":true,"href":"https:\/\/webdelmaestrocmf.com\/portal\/wp-json\/wp\/v2\/categories?post=46520"},{"taxonomy":"post_tag","embeddable":true,"href":"https:\/\/webdelmaestrocmf.com\/portal\/wp-json\/wp\/v2\/tags?post=46520"}],"curies":[{"name":"wp","href":"https:\/\/api.w.org\/{rel}","templated":true}]}}