{"id":46473,"date":"2020-04-15T19:08:58","date_gmt":"2020-04-15T23:08:58","guid":{"rendered":"https:\/\/webdelmaestrocmf.com\/portal\/?p=46473"},"modified":"2020-04-15T19:18:18","modified_gmt":"2020-04-15T23:18:18","slug":"papa-francisco-reza-por-los-ancianos-que-tienen-miedo-a-morir-solos-por-la-pandemia","status":"publish","type":"post","link":"https:\/\/webdelmaestrocmf.com\/portal\/papa-francisco-reza-por-los-ancianos-que-tienen-miedo-a-morir-solos-por-la-pandemia\/","title":{"rendered":"Papa Francisco reza por los ancianos que tienen miedo a morir solos por la pandemia"},"content":{"rendered":"<h5 class=\"paragraph text-block__paragraph text-block__element\" style=\"text-align: justify;\">El Papa Francisco encomend\u00f3 su Misa diaria en Casa Santa Marta por los ancianos, especialmente por quienes est\u00e1n aislados o en casas de reposo.<\/h5>\n<h5 class=\"paragraph text-block__paragraph text-block__element\" style=\"text-align: justify;\">Papa Francisco: \u201cEllos tienen miedo, miedo de morir solos. Sienten esta pandemia como algo agresivo para ellos.<\/h5>\n<h5 class=\"paragraph text-block__paragraph text-block__element\" style=\"text-align: justify;\">Ellos son nuestras ra\u00edces, nuestra historia. Ellos nos han dado la fe, la tradici\u00f3n, el sentido de pertenencia a una patria\u201d.<\/h5>\n<p><!--more--><\/p>\n<p class=\"paragraph text-block__paragraph text-block__element\" style=\"text-align: justify;\">La poblaci\u00f3n m\u00e1s afectada por la pandemia del coronavirus precisamente han sido las personas de la tercera edad, en especial quienes ya sufr\u00edan de patolog\u00edas previas que fueron agravadas por el virus.<\/p>\n<p><img loading=\"lazy\" decoding=\"async\" class=\"alignnone size-full wp-image-46475\" src=\"https:\/\/webdelmaestrocmf.com\/portal\/wp-content\/uploads\/2020\/04\/3-77.jpg\" alt=\"\" width=\"780\" height=\"407\" srcset=\"https:\/\/webdelmaestrocmf.com\/portal\/wp-content\/uploads\/2020\/04\/3-77.jpg 780w, https:\/\/webdelmaestrocmf.com\/portal\/wp-content\/uploads\/2020\/04\/3-77-300x157.jpg 300w, https:\/\/webdelmaestrocmf.com\/portal\/wp-content\/uploads\/2020\/04\/3-77-768x401.jpg 768w, https:\/\/webdelmaestrocmf.com\/portal\/wp-content\/uploads\/2020\/04\/3-77-110x57.jpg 110w, https:\/\/webdelmaestrocmf.com\/portal\/wp-content\/uploads\/2020\/04\/3-77-200x104.jpg 200w, https:\/\/webdelmaestrocmf.com\/portal\/wp-content\/uploads\/2020\/04\/3-77-380x198.jpg 380w, https:\/\/webdelmaestrocmf.com\/portal\/wp-content\/uploads\/2020\/04\/3-77-255x133.jpg 255w, https:\/\/webdelmaestrocmf.com\/portal\/wp-content\/uploads\/2020\/04\/3-77-550x287.jpg 550w\" sizes=\"auto, (max-width: 780px) 100vw, 780px\" \/><\/p>\n<p><iframe loading=\"lazy\" src=\"https:\/\/www.youtube.com\/embed\/hZOinvbbcSU\" width=\"100%\" height=\"400\" frameborder=\"0\" allowfullscreen=\"allowfullscreen\"><span data-mce-type=\"bookmark\" style=\"display: inline-block; width: 0px; overflow: hidden; line-height: 0;\" class=\"mce_SELRES_start\">\ufeff<\/span><\/iframe><\/p>\n<p><strong>Este contenido ha sido publicado originalmente por ROME REPORTS en la siguiente direcci\u00f3n:\u00a0<a href=\"http:\/\/www.romereports.com\/\" target=\"_blank\" rel=\"noopener noreferrer\">romereports.com<\/a><\/strong><\/p>\n\t\t<div class=\"pk-inline-posts\">\n\t\t\t\n\t\t\t<div class=\"pk-inline-posts-container pk-inline-posts-template-list\"\n\t\t\t\tdata-columns=\"1\">\n\t\t\t\t\t\t<article id=\"post-117930\" class=\"post-117930 post type-post status-publish format-standard has-post-thumbnail category-pastoral category-noticias-internacionales category-papa-leon-xiv tag-conflictos tag-derechos-humanos tag-educacion-en-valores-2 tag-etica-3 tag-justicia-social tag-liderazgo tag-papa-2 tag-paz tag-reflexion-2 tag-solidaridad cs-entry cs-video-wrap\">\n\t\t\t<div class=\"pk-post-outer\">\n\n\t\t\t\t\t\t\t\t<div class=\"pk-post-inner\">\n\t\t\t\t\t<div class=\"entry-thumbnail\">\n\t\t\t\t\t\t<div class=\"pk-overlay pk-overlay-ratio pk-ratio-landscape\">\n\t\t\t\t\t\t\t<div class=\"pk-overlay-background\">\n\t\t\t\t\t\t\t\t<a href=\"https:\/\/webdelmaestrocmf.com\/portal\/papa-leon-xiv-el-mundo-esta-siendo-destruido-por-unos-pocos-tiranos-en-referencia-a-trump\/\" class=\"pk-overlay-link\">\n\t\t\t\t\t\t\t\t\t<img loading=\"lazy\" decoding=\"async\" width=\"300\" height=\"225\" src=\"https:\/\/webdelmaestrocmf.com\/portal\/wp-content\/uploads\/2026\/04\/1AA-Banner-1-portada-imagen-10-1-copia-30-300x225.webp\" class=\"attachment-pk-thumbnail size-pk-thumbnail wp-post-image\" alt=\"\" \/>\t\t\t\t\t\t\t\t<\/a>\n\t\t\t\t\t\t\t<\/div>\n\t\t\t\t\t\t<\/div>\n\t\t\t\t\t<\/div>\n\t\t\t\t<\/div>\n\t\t\t\t\n\t\t\t\t<div class=\"pk-post-inner\">\n\t\t\t\t\t<header>\n\t\t\t\t\t\t<h3 class=\"pk-title\"><a href=\"https:\/\/webdelmaestrocmf.com\/portal\/papa-leon-xiv-el-mundo-esta-siendo-destruido-por-unos-pocos-tiranos-en-referencia-a-trump\/\" rel=\"bookmark\">Papa Le\u00f3n XIV: \u201cEl mundo est\u00e1 siendo destruido por unos pocos tiranos\u201d, en referencia a Trump<\/a><\/h3>\t\t\t\t\t<\/header><!-- .entry-header -->\n\t\t\t\t<\/div><!-- .post-inner -->\n\n\t\t\t<\/div><!-- .post-outer -->\n\t\t<\/article>\n\t\t\t\t<\/div>\n\t\t<\/div>\n\t\t\n","protected":false},"excerpt":{"rendered":"El Papa Francisco encomend\u00f3 su Misa diaria en Casa Santa Marta por los ancianos, especialmente por quienes est\u00e1n&hellip;","protected":false},"author":1,"featured_media":46474,"comment_status":"open","ping_status":"closed","sticky":false,"template":"","format":"standard","meta":{"csco_display_header_overlay":false,"csco_singular_sidebar":"default","csco_page_header_type":"default","csco_page_load_nextpost":"default","csco_post_video_location":[],"csco_post_video_location_hash":"","csco_post_video_url":"","csco_post_video_bg_start_time":0,"csco_post_video_bg_end_time":0,"csco_post_video_bg_volume":false,"_jetpack_memberships_contains_paid_content":false,"footnotes":""},"categories":[431,467],"tags":[973,1466,4903,4863,218,1469],"class_list":{"0":"post-46473","1":"post","2":"type-post","3":"status-publish","4":"format-standard","5":"has-post-thumbnail","7":"category-pastoral","8":"category-papa-francisco","9":"tag-ancianos","10":"tag-miedo","11":"tag-morir","12":"tag-pandemia","13":"tag-papa-francisco","14":"tag-reza","15":"cs-entry","16":"cs-video-wrap"},"yoast_head":"<!-- This site is optimized with the Yoast SEO plugin v27.5 - https:\/\/yoast.com\/product\/yoast-seo-wordpress\/ -->\n<title>Papa Francisco reza por los ancianos que tienen miedo a morir solos por la pandemia - 2026<\/title>\n<meta name=\"description\" content=\"El Papa Francisco encomend\u00f3 su Misa diaria en Casa Santa Marta por los ancianos, especialmente por quienes est\u00e1n aislados o en casas de reposo.\" \/>\n<meta name=\"robots\" content=\"index, follow, max-snippet:-1, max-image-preview:large, max-video-preview:-1\" \/>\n<link rel=\"canonical\" href=\"https:\/\/webdelmaestrocmf.com\/portal\/papa-francisco-reza-por-los-ancianos-que-tienen-miedo-a-morir-solos-por-la-pandemia\/\" \/>\n<meta property=\"og:locale\" content=\"es_ES\" \/>\n<meta property=\"og:type\" content=\"article\" \/>\n<meta property=\"og:title\" content=\"Papa Francisco reza por los ancianos que tienen miedo a morir solos por la pandemia - 2026\" \/>\n<meta property=\"og:description\" content=\"El Papa Francisco encomend\u00f3 su Misa diaria en Casa Santa Marta por los ancianos, especialmente por quienes est\u00e1n aislados o en casas de reposo.\" \/>\n<meta property=\"og:url\" content=\"https:\/\/webdelmaestrocmf.com\/portal\/papa-francisco-reza-por-los-ancianos-que-tienen-miedo-a-morir-solos-por-la-pandemia\/\" \/>\n<meta property=\"og:site_name\" content=\"Web del Maestro CMF\" \/>\n<meta property=\"article:publisher\" content=\"https:\/\/www.facebook.com\/WebdelMaestroCMF\/\" \/>\n<meta property=\"article:author\" content=\"https:\/\/www.facebook.com\/WebdelMaestroCMF\/\" \/>\n<meta property=\"article:published_time\" content=\"2020-04-15T23:08:58+00:00\" \/>\n<meta property=\"article:modified_time\" content=\"2020-04-15T23:18:18+00:00\" \/>\n<meta property=\"og:image\" content=\"https:\/\/i0.wp.com\/webdelmaestrocmf.com\/portal\/wp-content\/uploads\/2020\/04\/4-10.jpg?fit=1100%2C680&ssl=1\" \/>\n\t<meta property=\"og:image:width\" content=\"1100\" \/>\n\t<meta property=\"og:image:height\" content=\"680\" \/>\n\t<meta property=\"og:image:type\" content=\"image\/jpeg\" \/>\n<meta name=\"author\" content=\"Web del Maestro CMF\" \/>\n<meta name=\"twitter:card\" content=\"summary_large_image\" \/>\n<meta name=\"twitter:creator\" content=\"@cmf_w\" \/>\n<meta name=\"twitter:site\" content=\"@cmf_w\" \/>\n<script type=\"application\/ld+json\" class=\"yoast-schema-graph\">{\"@context\":\"https:\\\/\\\/schema.org\",\"@graph\":[{\"@type\":\"ScholarlyArticle\",\"@id\":\"https:\\\/\\\/webdelmaestrocmf.com\\\/portal\\\/papa-francisco-reza-por-los-ancianos-que-tienen-miedo-a-morir-solos-por-la-pandemia\\\/#article\",\"isPartOf\":{\"@id\":\"https:\\\/\\\/webdelmaestrocmf.com\\\/portal\\\/papa-francisco-reza-por-los-ancianos-que-tienen-miedo-a-morir-solos-por-la-pandemia\\\/\"},\"author\":{\"name\":\"Web del Maestro CMF\",\"@id\":\"https:\\\/\\\/webdelmaestrocmf.com\\\/portal\\\/#\\\/schema\\\/person\\\/1072a2ed7bd960df8ef99a551fa35dc5\"},\"headline\":\"Papa Francisco reza por los ancianos que tienen miedo a morir solos por la pandemia\",\"datePublished\":\"2020-04-15T23:08:58+00:00\",\"dateModified\":\"2020-04-15T23:18:18+00:00\",\"mainEntityOfPage\":{\"@id\":\"https:\\\/\\\/webdelmaestrocmf.com\\\/portal\\\/papa-francisco-reza-por-los-ancianos-que-tienen-miedo-a-morir-solos-por-la-pandemia\\\/\"},\"wordCount\":134,\"commentCount\":1,\"publisher\":{\"@id\":\"https:\\\/\\\/webdelmaestrocmf.com\\\/portal\\\/#organization\"},\"image\":{\"@id\":\"https:\\\/\\\/webdelmaestrocmf.com\\\/portal\\\/papa-francisco-reza-por-los-ancianos-que-tienen-miedo-a-morir-solos-por-la-pandemia\\\/#primaryimage\"},\"thumbnailUrl\":\"https:\\\/\\\/webdelmaestrocmf.com\\\/portal\\\/wp-content\\\/uploads\\\/2020\\\/04\\\/4-10.jpg\",\"keywords\":[\"ANCIANOS\",\"MIEDO\",\"morir\",\"pandemia\",\"Papa Francisco\",\"REZA\"],\"articleSection\":[\"Mundo cart\u00f3lico\",\"Papa Francisco\"],\"inLanguage\":\"es\",\"potentialAction\":[{\"@type\":\"CommentAction\",\"name\":\"Comment\",\"target\":[\"https:\\\/\\\/webdelmaestrocmf.com\\\/portal\\\/papa-francisco-reza-por-los-ancianos-que-tienen-miedo-a-morir-solos-por-la-pandemia\\\/#respond\"]}]},{\"@type\":\"WebPage\",\"@id\":\"https:\\\/\\\/webdelmaestrocmf.com\\\/portal\\\/papa-francisco-reza-por-los-ancianos-que-tienen-miedo-a-morir-solos-por-la-pandemia\\\/\",\"url\":\"https:\\\/\\\/webdelmaestrocmf.com\\\/portal\\\/papa-francisco-reza-por-los-ancianos-que-tienen-miedo-a-morir-solos-por-la-pandemia\\\/\",\"name\":\"Papa Francisco reza por los ancianos que tienen miedo a morir solos por la pandemia - 2026\",\"isPartOf\":{\"@id\":\"https:\\\/\\\/webdelmaestrocmf.com\\\/portal\\\/#website\"},\"primaryImageOfPage\":{\"@id\":\"https:\\\/\\\/webdelmaestrocmf.com\\\/portal\\\/papa-francisco-reza-por-los-ancianos-que-tienen-miedo-a-morir-solos-por-la-pandemia\\\/#primaryimage\"},\"image\":{\"@id\":\"https:\\\/\\\/webdelmaestrocmf.com\\\/portal\\\/papa-francisco-reza-por-los-ancianos-que-tienen-miedo-a-morir-solos-por-la-pandemia\\\/#primaryimage\"},\"thumbnailUrl\":\"https:\\\/\\\/webdelmaestrocmf.com\\\/portal\\\/wp-content\\\/uploads\\\/2020\\\/04\\\/4-10.jpg\",\"datePublished\":\"2020-04-15T23:08:58+00:00\",\"dateModified\":\"2020-04-15T23:18:18+00:00\",\"description\":\"El Papa Francisco encomend\u00f3 su Misa diaria en Casa Santa Marta por los ancianos, especialmente por quienes est\u00e1n aislados o en casas de reposo.\",\"breadcrumb\":{\"@id\":\"https:\\\/\\\/webdelmaestrocmf.com\\\/portal\\\/papa-francisco-reza-por-los-ancianos-que-tienen-miedo-a-morir-solos-por-la-pandemia\\\/#breadcrumb\"},\"inLanguage\":\"es\",\"potentialAction\":[{\"@type\":\"ReadAction\",\"target\":[\"https:\\\/\\\/webdelmaestrocmf.com\\\/portal\\\/papa-francisco-reza-por-los-ancianos-que-tienen-miedo-a-morir-solos-por-la-pandemia\\\/\"]}]},{\"@type\":\"ImageObject\",\"inLanguage\":\"es\",\"@id\":\"https:\\\/\\\/webdelmaestrocmf.com\\\/portal\\\/papa-francisco-reza-por-los-ancianos-que-tienen-miedo-a-morir-solos-por-la-pandemia\\\/#primaryimage\",\"url\":\"https:\\\/\\\/webdelmaestrocmf.com\\\/portal\\\/wp-content\\\/uploads\\\/2020\\\/04\\\/4-10.jpg\",\"contentUrl\":\"https:\\\/\\\/webdelmaestrocmf.com\\\/portal\\\/wp-content\\\/uploads\\\/2020\\\/04\\\/4-10.jpg\",\"width\":1100,\"height\":680},{\"@type\":\"BreadcrumbList\",\"@id\":\"https:\\\/\\\/webdelmaestrocmf.com\\\/portal\\\/papa-francisco-reza-por-los-ancianos-que-tienen-miedo-a-morir-solos-por-la-pandemia\\\/#breadcrumb\",\"itemListElement\":[{\"@type\":\"ListItem\",\"position\":1,\"name\":\"Portada\",\"item\":\"https:\\\/\\\/webdelmaestrocmf.com\\\/portal\\\/\"},{\"@type\":\"ListItem\",\"position\":2,\"name\":\"Mundo cart\u00f3lico\",\"item\":\"https:\\\/\\\/webdelmaestrocmf.com\\\/portal\\\/category\\\/pastoral\\\/\"},{\"@type\":\"ListItem\",\"position\":3,\"name\":\"Papa Francisco reza por los ancianos que tienen miedo a morir solos por la pandemia\"}]},{\"@type\":\"WebSite\",\"@id\":\"https:\\\/\\\/webdelmaestrocmf.com\\\/portal\\\/#website\",\"url\":\"https:\\\/\\\/webdelmaestrocmf.com\\\/portal\\\/\",\"name\":\"Web del Maestro CMF\",\"description\":\"Maestros al servicio de la educaci\u00f3n\",\"publisher\":{\"@id\":\"https:\\\/\\\/webdelmaestrocmf.com\\\/portal\\\/#organization\"},\"alternateName\":\"WMCMF\",\"potentialAction\":[{\"@type\":\"SearchAction\",\"target\":{\"@type\":\"EntryPoint\",\"urlTemplate\":\"https:\\\/\\\/webdelmaestrocmf.com\\\/portal\\\/?s={search_term_string}\"},\"query-input\":{\"@type\":\"PropertyValueSpecification\",\"valueRequired\":true,\"valueName\":\"search_term_string\"}}],\"inLanguage\":\"es\"},{\"@type\":\"Organization\",\"@id\":\"https:\\\/\\\/webdelmaestrocmf.com\\\/portal\\\/#organization\",\"name\":\"Web del Maestro CMF\",\"alternateName\":\"WMCMF\",\"url\":\"https:\\\/\\\/webdelmaestrocmf.com\\\/portal\\\/\",\"logo\":{\"@type\":\"ImageObject\",\"inLanguage\":\"es\",\"@id\":\"https:\\\/\\\/webdelmaestrocmf.com\\\/portal\\\/#\\\/schema\\\/logo\\\/image\\\/\",\"url\":\"https:\\\/\\\/webdelmaestrocmf.com\\\/portal\\\/wp-content\\\/uploads\\\/2023\\\/01\\\/logo-wmcmf-2.png\",\"contentUrl\":\"https:\\\/\\\/webdelmaestrocmf.com\\\/portal\\\/wp-content\\\/uploads\\\/2023\\\/01\\\/logo-wmcmf-2.png\",\"width\":200,\"height\":60,\"caption\":\"Web del Maestro CMF\"},\"image\":{\"@id\":\"https:\\\/\\\/webdelmaestrocmf.com\\\/portal\\\/#\\\/schema\\\/logo\\\/image\\\/\"},\"sameAs\":[\"https:\\\/\\\/www.facebook.com\\\/WebdelMaestroCMF\\\/\",\"https:\\\/\\\/x.com\\\/cmf_w\",\"https:\\\/\\\/www.pinterest.com\\\/WMCMF\\\/\",\"https:\\\/\\\/www.linkedin.com\\\/company\\\/web-del-maestro-cmf\\\/\",\"https:\\\/\\\/www.instagram.com\\\/wmcmf\\\/\",\"https:\\\/\\\/www.youtube.com\\\/channel\\\/UCDPSvjbdodE5sHnC3OxutHw\",\"https:\\\/\\\/mastodon.social\\\/@wmcmf\",\"https:\\\/\\\/www.tiktok.com\\\/@webdelmaestrocmf\"]},{\"@type\":\"Person\",\"@id\":\"https:\\\/\\\/webdelmaestrocmf.com\\\/portal\\\/#\\\/schema\\\/person\\\/1072a2ed7bd960df8ef99a551fa35dc5\",\"name\":\"Web del Maestro CMF\",\"image\":{\"@type\":\"ImageObject\",\"inLanguage\":\"es\",\"@id\":\"https:\\\/\\\/secure.gravatar.com\\\/avatar\\\/23291dd5b5ae1077dcff3dbb04c3e02bd28403fa75af6d8787d5e97c5bbbe30b?s=96&d=mm&r=g\",\"url\":\"https:\\\/\\\/secure.gravatar.com\\\/avatar\\\/23291dd5b5ae1077dcff3dbb04c3e02bd28403fa75af6d8787d5e97c5bbbe30b?s=96&d=mm&r=g\",\"contentUrl\":\"https:\\\/\\\/secure.gravatar.com\\\/avatar\\\/23291dd5b5ae1077dcff3dbb04c3e02bd28403fa75af6d8787d5e97c5bbbe30b?s=96&d=mm&r=g\",\"caption\":\"Web del Maestro CMF\"},\"description\":\"Esta Web se cre\u00f3 sin fines de lucro, con fines educativos, cient\u00edficos y acad\u00e9micos, para personas que tengan dificultades y\\\/o inconvenientes en visualizar el material original. El objetivo es entregar recursos, compartir experiencias y materiales que ayuden a los padres de familia, maestros y estudiantes en su actualizaci\u00f3n y formaci\u00f3n permanente, en bien de la Educaci\u00f3n.\",\"sameAs\":[\"http:\\\/\\\/webdelmaestrocmf.com\\\/portal\",\"https:\\\/\\\/www.facebook.com\\\/WebdelMaestroCMF\\\/\",\"https:\\\/\\\/www.instagram.com\\\/wmcmf\\\/\",\"https:\\\/\\\/cl.linkedin.com\\\/company\\\/web-del-maestro-cmf\",\"https:\\\/\\\/www.pinterest.com\\\/WMCMF\\\/publicaciones\\\/\",\"https:\\\/\\\/x.com\\\/cmf_w\",\"https:\\\/\\\/www.youtube.com\\\/@WMCMF\"]}]}<\/script>\n<!-- \/ Yoast SEO plugin. -->","yoast_head_json":{"title":"Papa Francisco reza por los ancianos que tienen miedo a morir solos por la pandemia - 2026","description":"El Papa Francisco encomend\u00f3 su Misa diaria en Casa Santa Marta por los ancianos, especialmente por quienes est\u00e1n aislados o en casas de reposo.","robots":{"index":"index","follow":"follow","max-snippet":"max-snippet:-1","max-image-preview":"max-image-preview:large","max-video-preview":"max-video-preview:-1"},"canonical":"https:\/\/webdelmaestrocmf.com\/portal\/papa-francisco-reza-por-los-ancianos-que-tienen-miedo-a-morir-solos-por-la-pandemia\/","og_locale":"es_ES","og_type":"article","og_title":"Papa Francisco reza por los ancianos que tienen miedo a morir solos por la pandemia - 2026","og_description":"El Papa Francisco encomend\u00f3 su Misa diaria en Casa Santa Marta por los ancianos, especialmente por quienes est\u00e1n aislados o en casas de reposo.","og_url":"https:\/\/webdelmaestrocmf.com\/portal\/papa-francisco-reza-por-los-ancianos-que-tienen-miedo-a-morir-solos-por-la-pandemia\/","og_site_name":"Web del Maestro CMF","article_publisher":"https:\/\/www.facebook.com\/WebdelMaestroCMF\/","article_author":"https:\/\/www.facebook.com\/WebdelMaestroCMF\/","article_published_time":"2020-04-15T23:08:58+00:00","article_modified_time":"2020-04-15T23:18:18+00:00","og_image":[{"width":1100,"height":680,"url":"https:\/\/i0.wp.com\/webdelmaestrocmf.com\/portal\/wp-content\/uploads\/2020\/04\/4-10.jpg?fit=1100%2C680&ssl=1","type":"image\/jpeg"}],"author":"Web del Maestro CMF","twitter_card":"summary_large_image","twitter_creator":"@cmf_w","twitter_site":"@cmf_w","schema":{"@context":"https:\/\/schema.org","@graph":[{"@type":"ScholarlyArticle","@id":"https:\/\/webdelmaestrocmf.com\/portal\/papa-francisco-reza-por-los-ancianos-que-tienen-miedo-a-morir-solos-por-la-pandemia\/#article","isPartOf":{"@id":"https:\/\/webdelmaestrocmf.com\/portal\/papa-francisco-reza-por-los-ancianos-que-tienen-miedo-a-morir-solos-por-la-pandemia\/"},"author":{"name":"Web del Maestro CMF","@id":"https:\/\/webdelmaestrocmf.com\/portal\/#\/schema\/person\/1072a2ed7bd960df8ef99a551fa35dc5"},"headline":"Papa Francisco reza por los ancianos que tienen miedo a morir solos por la pandemia","datePublished":"2020-04-15T23:08:58+00:00","dateModified":"2020-04-15T23:18:18+00:00","mainEntityOfPage":{"@id":"https:\/\/webdelmaestrocmf.com\/portal\/papa-francisco-reza-por-los-ancianos-que-tienen-miedo-a-morir-solos-por-la-pandemia\/"},"wordCount":134,"commentCount":1,"publisher":{"@id":"https:\/\/webdelmaestrocmf.com\/portal\/#organization"},"image":{"@id":"https:\/\/webdelmaestrocmf.com\/portal\/papa-francisco-reza-por-los-ancianos-que-tienen-miedo-a-morir-solos-por-la-pandemia\/#primaryimage"},"thumbnailUrl":"https:\/\/webdelmaestrocmf.com\/portal\/wp-content\/uploads\/2020\/04\/4-10.jpg","keywords":["ANCIANOS","MIEDO","morir","pandemia","Papa Francisco","REZA"],"articleSection":["Mundo cart\u00f3lico","Papa Francisco"],"inLanguage":"es","potentialAction":[{"@type":"CommentAction","name":"Comment","target":["https:\/\/webdelmaestrocmf.com\/portal\/papa-francisco-reza-por-los-ancianos-que-tienen-miedo-a-morir-solos-por-la-pandemia\/#respond"]}]},{"@type":"WebPage","@id":"https:\/\/webdelmaestrocmf.com\/portal\/papa-francisco-reza-por-los-ancianos-que-tienen-miedo-a-morir-solos-por-la-pandemia\/","url":"https:\/\/webdelmaestrocmf.com\/portal\/papa-francisco-reza-por-los-ancianos-que-tienen-miedo-a-morir-solos-por-la-pandemia\/","name":"Papa Francisco reza por los ancianos que tienen miedo a morir solos por la pandemia - 2026","isPartOf":{"@id":"https:\/\/webdelmaestrocmf.com\/portal\/#website"},"primaryImageOfPage":{"@id":"https:\/\/webdelmaestrocmf.com\/portal\/papa-francisco-reza-por-los-ancianos-que-tienen-miedo-a-morir-solos-por-la-pandemia\/#primaryimage"},"image":{"@id":"https:\/\/webdelmaestrocmf.com\/portal\/papa-francisco-reza-por-los-ancianos-que-tienen-miedo-a-morir-solos-por-la-pandemia\/#primaryimage"},"thumbnailUrl":"https:\/\/webdelmaestrocmf.com\/portal\/wp-content\/uploads\/2020\/04\/4-10.jpg","datePublished":"2020-04-15T23:08:58+00:00","dateModified":"2020-04-15T23:18:18+00:00","description":"El Papa Francisco encomend\u00f3 su Misa diaria en Casa Santa Marta por los ancianos, especialmente por quienes est\u00e1n aislados o en casas de reposo.","breadcrumb":{"@id":"https:\/\/webdelmaestrocmf.com\/portal\/papa-francisco-reza-por-los-ancianos-que-tienen-miedo-a-morir-solos-por-la-pandemia\/#breadcrumb"},"inLanguage":"es","potentialAction":[{"@type":"ReadAction","target":["https:\/\/webdelmaestrocmf.com\/portal\/papa-francisco-reza-por-los-ancianos-que-tienen-miedo-a-morir-solos-por-la-pandemia\/"]}]},{"@type":"ImageObject","inLanguage":"es","@id":"https:\/\/webdelmaestrocmf.com\/portal\/papa-francisco-reza-por-los-ancianos-que-tienen-miedo-a-morir-solos-por-la-pandemia\/#primaryimage","url":"https:\/\/webdelmaestrocmf.com\/portal\/wp-content\/uploads\/2020\/04\/4-10.jpg","contentUrl":"https:\/\/webdelmaestrocmf.com\/portal\/wp-content\/uploads\/2020\/04\/4-10.jpg","width":1100,"height":680},{"@type":"BreadcrumbList","@id":"https:\/\/webdelmaestrocmf.com\/portal\/papa-francisco-reza-por-los-ancianos-que-tienen-miedo-a-morir-solos-por-la-pandemia\/#breadcrumb","itemListElement":[{"@type":"ListItem","position":1,"name":"Portada","item":"https:\/\/webdelmaestrocmf.com\/portal\/"},{"@type":"ListItem","position":2,"name":"Mundo cart\u00f3lico","item":"https:\/\/webdelmaestrocmf.com\/portal\/category\/pastoral\/"},{"@type":"ListItem","position":3,"name":"Papa Francisco reza por los ancianos que tienen miedo a morir solos por la pandemia"}]},{"@type":"WebSite","@id":"https:\/\/webdelmaestrocmf.com\/portal\/#website","url":"https:\/\/webdelmaestrocmf.com\/portal\/","name":"Web del Maestro CMF","description":"Maestros al servicio de la educaci\u00f3n","publisher":{"@id":"https:\/\/webdelmaestrocmf.com\/portal\/#organization"},"alternateName":"WMCMF","potentialAction":[{"@type":"SearchAction","target":{"@type":"EntryPoint","urlTemplate":"https:\/\/webdelmaestrocmf.com\/portal\/?s={search_term_string}"},"query-input":{"@type":"PropertyValueSpecification","valueRequired":true,"valueName":"search_term_string"}}],"inLanguage":"es"},{"@type":"Organization","@id":"https:\/\/webdelmaestrocmf.com\/portal\/#organization","name":"Web del Maestro CMF","alternateName":"WMCMF","url":"https:\/\/webdelmaestrocmf.com\/portal\/","logo":{"@type":"ImageObject","inLanguage":"es","@id":"https:\/\/webdelmaestrocmf.com\/portal\/#\/schema\/logo\/image\/","url":"https:\/\/webdelmaestrocmf.com\/portal\/wp-content\/uploads\/2023\/01\/logo-wmcmf-2.png","contentUrl":"https:\/\/webdelmaestrocmf.com\/portal\/wp-content\/uploads\/2023\/01\/logo-wmcmf-2.png","width":200,"height":60,"caption":"Web del Maestro CMF"},"image":{"@id":"https:\/\/webdelmaestrocmf.com\/portal\/#\/schema\/logo\/image\/"},"sameAs":["https:\/\/www.facebook.com\/WebdelMaestroCMF\/","https:\/\/x.com\/cmf_w","https:\/\/www.pinterest.com\/WMCMF\/","https:\/\/www.linkedin.com\/company\/web-del-maestro-cmf\/","https:\/\/www.instagram.com\/wmcmf\/","https:\/\/www.youtube.com\/channel\/UCDPSvjbdodE5sHnC3OxutHw","https:\/\/mastodon.social\/@wmcmf","https:\/\/www.tiktok.com\/@webdelmaestrocmf"]},{"@type":"Person","@id":"https:\/\/webdelmaestrocmf.com\/portal\/#\/schema\/person\/1072a2ed7bd960df8ef99a551fa35dc5","name":"Web del Maestro CMF","image":{"@type":"ImageObject","inLanguage":"es","@id":"https:\/\/secure.gravatar.com\/avatar\/23291dd5b5ae1077dcff3dbb04c3e02bd28403fa75af6d8787d5e97c5bbbe30b?s=96&d=mm&r=g","url":"https:\/\/secure.gravatar.com\/avatar\/23291dd5b5ae1077dcff3dbb04c3e02bd28403fa75af6d8787d5e97c5bbbe30b?s=96&d=mm&r=g","contentUrl":"https:\/\/secure.gravatar.com\/avatar\/23291dd5b5ae1077dcff3dbb04c3e02bd28403fa75af6d8787d5e97c5bbbe30b?s=96&d=mm&r=g","caption":"Web del Maestro CMF"},"description":"Esta Web se cre\u00f3 sin fines de lucro, con fines educativos, cient\u00edficos y acad\u00e9micos, para personas que tengan dificultades y\/o inconvenientes en visualizar el material original. El objetivo es entregar recursos, compartir experiencias y materiales que ayuden a los padres de familia, maestros y estudiantes en su actualizaci\u00f3n y formaci\u00f3n permanente, en bien de la Educaci\u00f3n.","sameAs":["http:\/\/webdelmaestrocmf.com\/portal","https:\/\/www.facebook.com\/WebdelMaestroCMF\/","https:\/\/www.instagram.com\/wmcmf\/","https:\/\/cl.linkedin.com\/company\/web-del-maestro-cmf","https:\/\/www.pinterest.com\/WMCMF\/publicaciones\/","https:\/\/x.com\/cmf_w","https:\/\/www.youtube.com\/@WMCMF"]}]}},"jetpack_featured_media_url":"https:\/\/webdelmaestrocmf.com\/portal\/wp-content\/uploads\/2020\/04\/4-10.jpg","jetpack_sharing_enabled":true,"jetpack-related-posts":[{"id":108761,"url":"https:\/\/webdelmaestrocmf.com\/portal\/fallece-el-papa-francisco-a-los-88-anos-de-edad\/","url_meta":{"origin":46473,"position":0},"title":"Fallece el Papa Francisco a los 88 a\u00f1os de edad","author":"Web del Maestro CMF","date":"21 abril, 2025","format":false,"excerpt":"El Papa Francisco ha fallecido a las 7.35 horas de este lunes a los 88 a\u00f1os de edad. As\u00ed lo ha contado desde Roma, la corresponsal de COPE, Eva Fern\u00e1ndez. El fallecimiento se ha producido horas despu\u00e9s de verle por \u00faltima vez en la Plaza de San Pedro saludando desde\u2026","rel":"","context":"En \u00abMundo cart\u00f3lico\u00bb","block_context":{"text":"Mundo cart\u00f3lico","link":"https:\/\/webdelmaestrocmf.com\/portal\/category\/pastoral\/"},"img":{"alt_text":"","src":"https:\/\/i0.wp.com\/webdelmaestrocmf.com\/portal\/wp-content\/uploads\/2025\/04\/1A-Banner-1-portada-imagen-10-1-7.jpg?resize=350%2C200&ssl=1","width":350,"height":200,"srcset":"https:\/\/i0.wp.com\/webdelmaestrocmf.com\/portal\/wp-content\/uploads\/2025\/04\/1A-Banner-1-portada-imagen-10-1-7.jpg?resize=350%2C200&ssl=1 1x, https:\/\/i0.wp.com\/webdelmaestrocmf.com\/portal\/wp-content\/uploads\/2025\/04\/1A-Banner-1-portada-imagen-10-1-7.jpg?resize=525%2C300&ssl=1 1.5x, https:\/\/i0.wp.com\/webdelmaestrocmf.com\/portal\/wp-content\/uploads\/2025\/04\/1A-Banner-1-portada-imagen-10-1-7.jpg?resize=700%2C400&ssl=1 2x"},"classes":[]},{"id":45877,"url":"https:\/\/webdelmaestrocmf.com\/portal\/papa-francisco-frente-al-coronavirus-no-somos-autosuficientes-solos-nos-hundimos\/","url_meta":{"origin":46473,"position":1},"title":"Papa Francisco: Frente al coronavirus \u201cno somos autosuficientes; solos nos hundimos\u201d","author":"Web del Maestro CMF","date":"28 marzo, 2020","format":false,"excerpt":"Para el Papa Francisco esta pandemia, causada por el coronavirus, es una tempestad, una tormenta y considera que es una llamada, una llamada que nos dirige Dios, anotando que no es este momento para creer que si \u00c9l\u00a0 existe, sino ir hacia \u00c9l y confiar en \u00c9L. A encontrar en\u2026","rel":"","context":"En \u00abMundo cart\u00f3lico\u00bb","block_context":{"text":"Mundo cart\u00f3lico","link":"https:\/\/webdelmaestrocmf.com\/portal\/category\/pastoral\/"},"img":{"alt_text":"","src":"https:\/\/i0.wp.com\/webdelmaestrocmf.com\/portal\/wp-content\/uploads\/2020\/03\/4b-1.jpg?resize=350%2C200&ssl=1","width":350,"height":200,"srcset":"https:\/\/i0.wp.com\/webdelmaestrocmf.com\/portal\/wp-content\/uploads\/2020\/03\/4b-1.jpg?resize=350%2C200&ssl=1 1x, https:\/\/i0.wp.com\/webdelmaestrocmf.com\/portal\/wp-content\/uploads\/2020\/03\/4b-1.jpg?resize=525%2C300&ssl=1 1.5x, https:\/\/i0.wp.com\/webdelmaestrocmf.com\/portal\/wp-content\/uploads\/2020\/03\/4b-1.jpg?resize=700%2C400&ssl=1 2x, https:\/\/i0.wp.com\/webdelmaestrocmf.com\/portal\/wp-content\/uploads\/2020\/03\/4b-1.jpg?resize=1050%2C600&ssl=1 3x"},"classes":[]},{"id":23758,"url":"https:\/\/webdelmaestrocmf.com\/portal\/francisco-reza-la-tripulacion-del-submarino-argentino-desaparecido\/","url_meta":{"origin":46473,"position":2},"title":"Papa Francisco reza por la tripulaci\u00f3n del submarino argentino desaparecido","author":"Web del Maestro CMF","date":"22 noviembre, 2017","format":false,"excerpt":"Durante la oraci\u00f3n del \u00c1ngelus de este domingo, Francisco\u00a0rez\u00f3 por la tripulaci\u00f3n del submarino militar argentino desaparecido\u00a0el mi\u00e9rcoles en aguas del Mar Austral. El papa Francisco rez\u00f3 este domingo por los 44 tripulantes del\u00a0submarino\u00a0argentino ARA San Juan,\u00a0desaparecido\u00a0desde el pasado mi\u00e9rcoles. La plegaria tuvo lugar tras el rezo del \u00c1ngelus en\u2026","rel":"","context":"En \u00abMundo cart\u00f3lico\u00bb","block_context":{"text":"Mundo cart\u00f3lico","link":"https:\/\/webdelmaestrocmf.com\/portal\/category\/pastoral\/"},"img":{"alt_text":"","src":"https:\/\/i0.wp.com\/webdelmaestrocmf.com\/portal\/wp-content\/uploads\/2017\/10\/1ss.jpg?resize=350%2C200&ssl=1","width":350,"height":200,"srcset":"https:\/\/i0.wp.com\/webdelmaestrocmf.com\/portal\/wp-content\/uploads\/2017\/10\/1ss.jpg?resize=350%2C200&ssl=1 1x, https:\/\/i0.wp.com\/webdelmaestrocmf.com\/portal\/wp-content\/uploads\/2017\/10\/1ss.jpg?resize=525%2C300&ssl=1 1.5x"},"classes":[]},{"id":46689,"url":"https:\/\/webdelmaestrocmf.com\/portal\/el-papa-francisco-reza-por-los-profesores-que-deben-ensenar-a-distancia-durante-el-coronavirus\/","url_meta":{"origin":46473,"position":3},"title":"El Papa Francisco reza por los profesores que deben ense\u00f1ar a distancia durante el coronavirus","author":"Web del Maestro CMF","date":"25 abril, 2020","format":false,"excerpt":"El Papa Francisco pidi\u00f3 rezar, este viernes 24 de abril durante la Misa celebrada en Casa Santa Marta, por lo profesores que deben realizar su trabajo desde casa por medio de instrumentos telem\u00e1ticos debido al confinamiento decretado en varios pa\u00edses por la pandemia de coronavirus. \u201cRezamos hoy por los profesores\u2026","rel":"","context":"En \u00abMundo cart\u00f3lico\u00bb","block_context":{"text":"Mundo cart\u00f3lico","link":"https:\/\/webdelmaestrocmf.com\/portal\/category\/pastoral\/"},"img":{"alt_text":"","src":"https:\/\/i0.wp.com\/webdelmaestrocmf.com\/portal\/wp-content\/uploads\/2020\/04\/a2.jpg?resize=350%2C200&ssl=1","width":350,"height":200,"srcset":"https:\/\/i0.wp.com\/webdelmaestrocmf.com\/portal\/wp-content\/uploads\/2020\/04\/a2.jpg?resize=350%2C200&ssl=1 1x, https:\/\/i0.wp.com\/webdelmaestrocmf.com\/portal\/wp-content\/uploads\/2020\/04\/a2.jpg?resize=525%2C300&ssl=1 1.5x, https:\/\/i0.wp.com\/webdelmaestrocmf.com\/portal\/wp-content\/uploads\/2020\/04\/a2.jpg?resize=700%2C400&ssl=1 2x, https:\/\/i0.wp.com\/webdelmaestrocmf.com\/portal\/wp-content\/uploads\/2020\/04\/a2.jpg?resize=1050%2C600&ssl=1 3x"},"classes":[]},{"id":40535,"url":"https:\/\/webdelmaestrocmf.com\/portal\/el-papa-francisco-celebra-el-intercambio-de-presos-entre-rusia-y-ucrania-y-reza-por-la-paz\/","url_meta":{"origin":46473,"position":4},"title":"El Papa Francisco celebra el intercambio de presos entre Rusia y Ucrania y reza por la paz","author":"Web del Maestro CMF","date":"16 septiembre, 2019","format":false,"excerpt":"Durante el rezo del \u00c1ngelus el Papa no quiso pasar por alto el acuerdo entre Rusia y Ucrania. Los dos pa\u00edses pactaron un intercambio de presos que se materializ\u00f3 el s\u00e1bado 7 de septiembre. \"Me alegro por las personas liberadas, las cuales han podido abrazar a sus seres queridos, y\u2026","rel":"","context":"En \u00abMundo cart\u00f3lico\u00bb","block_context":{"text":"Mundo cart\u00f3lico","link":"https:\/\/webdelmaestrocmf.com\/portal\/category\/pastoral\/"},"img":{"alt_text":"","src":"https:\/\/i0.wp.com\/webdelmaestrocmf.com\/portal\/wp-content\/uploads\/2019\/09\/1-50.jpg?resize=350%2C200&ssl=1","width":350,"height":200,"srcset":"https:\/\/i0.wp.com\/webdelmaestrocmf.com\/portal\/wp-content\/uploads\/2019\/09\/1-50.jpg?resize=350%2C200&ssl=1 1x, https:\/\/i0.wp.com\/webdelmaestrocmf.com\/portal\/wp-content\/uploads\/2019\/09\/1-50.jpg?resize=525%2C300&ssl=1 1.5x, https:\/\/i0.wp.com\/webdelmaestrocmf.com\/portal\/wp-content\/uploads\/2019\/09\/1-50.jpg?resize=700%2C400&ssl=1 2x, https:\/\/i0.wp.com\/webdelmaestrocmf.com\/portal\/wp-content\/uploads\/2019\/09\/1-50.jpg?resize=1050%2C600&ssl=1 3x"},"classes":[]},{"id":56911,"url":"https:\/\/webdelmaestrocmf.com\/portal\/no-piensan-en-los-que-sufren-la-dura-critica-del-papa-francisco-a-la-gente-que-se-va-de-vacaciones-sin-cumplir-restricciones\/","url_meta":{"origin":46473,"position":5},"title":"\u201cNo piensan en los que sufren\u201d: La dura cr\u00edtica del Papa Francisco a la gente que se va de vacaciones sin cumplir restricciones","author":"Web del Maestro CMF","date":"4 enero, 2021","format":false,"excerpt":"El\u00a0Papa Francisco\u00a0critic\u00f3 este domingo a las personas que se han ido de vacaciones sin respetar las restricciones impuestas por los gobiernos para contener la pandemia del\u00a0coronavirus\u00a0y se\u00f1al\u00f3 que deben ser m\u00e1s conscientes del sufrimiento de los dem\u00e1s. El\u00a0Papa Francisco hizo estas reflexiones momentos despu\u00e9s de rezar el \u00c1ngelus este domingo\u2026","rel":"","context":"En \u00abMundo cart\u00f3lico\u00bb","block_context":{"text":"Mundo cart\u00f3lico","link":"https:\/\/webdelmaestrocmf.com\/portal\/category\/pastoral\/"},"img":{"alt_text":"","src":"https:\/\/i0.wp.com\/webdelmaestrocmf.com\/portal\/wp-content\/uploads\/2021\/01\/1-copia-21.jpg?resize=350%2C200&ssl=1","width":350,"height":200,"srcset":"https:\/\/i0.wp.com\/webdelmaestrocmf.com\/portal\/wp-content\/uploads\/2021\/01\/1-copia-21.jpg?resize=350%2C200&ssl=1 1x, https:\/\/i0.wp.com\/webdelmaestrocmf.com\/portal\/wp-content\/uploads\/2021\/01\/1-copia-21.jpg?resize=525%2C300&ssl=1 1.5x, https:\/\/i0.wp.com\/webdelmaestrocmf.com\/portal\/wp-content\/uploads\/2021\/01\/1-copia-21.jpg?resize=700%2C400&ssl=1 2x, https:\/\/i0.wp.com\/webdelmaestrocmf.com\/portal\/wp-content\/uploads\/2021\/01\/1-copia-21.jpg?resize=1050%2C600&ssl=1 3x"},"classes":[]}],"_links":{"self":[{"href":"https:\/\/webdelmaestrocmf.com\/portal\/wp-json\/wp\/v2\/posts\/46473","targetHints":{"allow":["GET"]}}],"collection":[{"href":"https:\/\/webdelmaestrocmf.com\/portal\/wp-json\/wp\/v2\/posts"}],"about":[{"href":"https:\/\/webdelmaestrocmf.com\/portal\/wp-json\/wp\/v2\/types\/post"}],"author":[{"embeddable":true,"href":"https:\/\/webdelmaestrocmf.com\/portal\/wp-json\/wp\/v2\/users\/1"}],"replies":[{"embeddable":true,"href":"https:\/\/webdelmaestrocmf.com\/portal\/wp-json\/wp\/v2\/comments?post=46473"}],"version-history":[{"count":0,"href":"https:\/\/webdelmaestrocmf.com\/portal\/wp-json\/wp\/v2\/posts\/46473\/revisions"}],"wp:featuredmedia":[{"embeddable":true,"href":"https:\/\/webdelmaestrocmf.com\/portal\/wp-json\/wp\/v2\/media\/46474"}],"wp:attachment":[{"href":"https:\/\/webdelmaestrocmf.com\/portal\/wp-json\/wp\/v2\/media?parent=46473"}],"wp:term":[{"taxonomy":"category","embeddable":true,"href":"https:\/\/webdelmaestrocmf.com\/portal\/wp-json\/wp\/v2\/categories?post=46473"},{"taxonomy":"post_tag","embeddable":true,"href":"https:\/\/webdelmaestrocmf.com\/portal\/wp-json\/wp\/v2\/tags?post=46473"}],"curies":[{"name":"wp","href":"https:\/\/api.w.org\/{rel}","templated":true}]}}