{"id":46409,"date":"2021-10-19T19:42:30","date_gmt":"2021-10-19T22:42:30","guid":{"rendered":"https:\/\/webdelmaestrocmf.com\/portal\/?p=46409"},"modified":"2021-10-22T20:53:58","modified_gmt":"2021-10-22T23:53:58","slug":"hay-gente-que-se-queja-mucho-pero-no-pasa-a-la-accion","status":"publish","type":"post","link":"https:\/\/webdelmaestrocmf.com\/portal\/hay-gente-que-se-queja-mucho-pero-no-pasa-a-la-accion\/","title":{"rendered":"Hay gente que se queja mucho pero no pasa a la acci\u00f3n"},"content":{"rendered":"<h5 style=\"text-align: justify;\">La Psic\u00f3loga Silvia Congost Provensal es Licenciada en Psicolog\u00eda (Universitat de Girona, Espa\u00f1a), Postgrado Institut Superior d\u00b4Estudis Psicol\u00f2gics), M\u00e1ster experta en Coaching (Instituto Europeo de Coaching), M\u00e1ster en Rebirthing (Escuela Internacional de Rebirthing, Espa\u00f1a), formada en PNL (Institut Gestalt). autora de los libros Si sufres, no es amor, Cuando amar demasiado es depender, Autoestima Autom\u00e1tica, La llave de las emociones y Quien te quiere, no te har\u00e1 llorar.<\/h5>\n<p><!--more--><\/p>\n<h5 style=\"text-align: justify;\">Despu\u00e9s de acabar la carrera de Psicolog\u00eda, radic\u00f3 en USA. En la actualidad, ejerce como psic\u00f3loga junto a su equipo, realizando sesiones online y presenciales en sus centros de Barcelona y Girona (Espa\u00f1a) y conduciendo los Grupos de autoestima. Su p\u00e1gina web y su blog han alcanzado un gran \u00e9xito en la red, con m\u00e1s de 100.000 visitas mensuales y seguidores en todo el mundo, a los cuales le sugerimos ingresar.<\/h5>\n<p style=\"text-align: justify;\">En esta oportunidad, gracias a El Pa\u00eds, BBVA y la Editorial Santillana, desde su proyecto educativo APRENDEMOS JUNTOS, compartimos por razones \u00fanicamente educativas y de formaci\u00f3n permanente, el di\u00e1logo entre \u00c1gueda Burgos, madre de familia con estudios en Espa\u00f1a Portugal, y M\u00e9xico y la Psic\u00f3loga Congost. Los animamos a <strong>visualizar<\/strong> y (de ser posible) <strong>socializar<\/strong> los dos videos y <strong>leer <\/strong>la transcripci\u00f3n (completa) del di\u00e1logo en el enlace que se\u00f1alamos al final de la presente publicaci\u00f3n. La Psic\u00f3loga Congost opina sobre la autoestima, la asertividad, los pensamientos negativos, los pensamientos positivos, la dependencia, personas t\u00f3xicas, los referentes, la incertidumbre, los l\u00edmites, los celos, y las relaciones de pareja. Consideramos que <strong>estos temas ser\u00edan buenos recursos para las tan necesarias escuelas de padres. <\/strong><\/p>\n<p style=\"text-align: justify;\">Les hacemos presente que solo publicamos partes del di\u00e1logo, y que los resaltados y letras cursivas son nuestros.<\/p>\n<h5 style=\"text-align: left;\"><strong>\u00bfQU\u00c9 SON LAS RELACIONES DEPENDIENTES Y C\u00d3MO PODEMOS DETECTARLAS? <\/strong>(MOMENTO DESTACADO 05\u00b4 41\u201d)<\/h5>\n<p><iframe loading=\"lazy\" src=\"https:\/\/www.youtube.com\/embed\/bx8V-y4O9R0\" width=\"100%\" height=\"400\" frameborder=\"0\" allowfullscreen=\"allowfullscreen\"><span data-mce-type=\"bookmark\" style=\"display: inline-block; width: 0px; overflow: hidden; line-height: 0;\" class=\"mce_SELRES_start\"><\/span><\/iframe><\/p>\n<p style=\"text-align: justify;\"><strong>\u00c1GUEDA BURGOS: &#8230; \u00bfQu\u00e9 importancia tiene la autoestima? \u00bfqu\u00e9 es la autoestima y por qu\u00e9 es tan importante la autoestima?<\/strong><\/p>\n<p style=\"text-align: justify;\"><strong>SILVIA CONGOST:<\/strong> \u201c[&#8230;] la autoestima, para que la entendamos, vamos a analizar un poco el origen etimol\u00f3gico. Viene de la palabra \u201cauto\u201d, que viene del griego y significa <strong>\u201ca uno mismo\u201d,<\/strong> y de la palabra \u201cestima\u201d, que viene del lat\u00edn y significa \u201c<strong>valorar o dar valor\u201d.<\/strong> Es decir, cuando nos preguntamos \u201c\u00bfc\u00f3mo es mi autoestima?\u201d lo que me estoy preguntando en realidad es <strong>\u201c\u00bfcu\u00e1n valioso me siento?\u201d o \u201c\u00bfcu\u00e1nto valor me doy a m\u00ed mismo?<\/strong> [&#8230;] eso me lleva autom\u00e1ticamente a \u201cc\u00f3mo resuelvo yo las situaciones que vivo en mi vida\u201d. [&#8230;]\u201d.<\/p>\n<p style=\"text-align: justify;\">Art\u00edculo relacionado: <a href=\"https:\/\/webdelmaestrocmf.com\/portal\/profesor-como-fomentar-una-autoestima-adecuada-en-el-nino\/\" target=\"_blank\" rel=\"noopener noreferrer\"><strong>C\u00d3MO FOMENTAR UNA AUTOESTIMA ADECUADA EN EL NI\u00d1O<\/strong><\/a><\/p>\n<h5 style=\"text-align: left;\"><strong>\u00c1GUEDA BURGOS: &#8230; \u00bfC\u00f3mo detecto yo si ellos [mis hijos] tienen un buen nivel de autoestima o realmente no?<\/strong><\/h5>\n<p style=\"text-align: justify;\"><strong>SILVIA CONGOST:<\/strong> \u201c[&#8230;] para identificarla, podemos verlo en si son ni\u00f1os o ni\u00f1as o adolescentes que <strong>son seguros o inseguros<\/strong>. Normalmente, <strong>cuando tienen una autoestima demasiado baja<\/strong>, lo vemos porque son personas especialmente <strong>inseguras,<\/strong> que siempre est\u00e1n dudando de las decisiones que tienen que tomar. Tal vez vemos que <strong>se comparan mucho con sus amigos<\/strong>, [&#8230;] Si no tienen una buena base, <strong>se pueden hundir con facilidad.<\/strong> [&#8230;] Evitar, sobre todo, <strong>la sobreprotecci\u00f3n<\/strong>. [&#8230;] Dejarles tambi\u00e9n que se equivoquen, que ellos mismos experimenten, que se demuestren a s\u00ed mismos. [&#8230;] anim\u00e1ndolos tambi\u00e9n a <strong>que vayan hacia sus objetivos<\/strong>, aquello que desean, aquello que les atrae, son las mejores herramientas\u201d.<\/p>\n<h5 style=\"text-align: left;\"><strong>Claves para evitar la dependencia emocional (VIDEO COMPLETO 54\u201d 12\u201d)<\/strong><\/h5>\n<p><iframe loading=\"lazy\" src=\"https:\/\/www.youtube.com\/embed\/PYp582OObNM\" width=\"100%\" height=\"400\" frameborder=\"0\" allowfullscreen=\"allowfullscreen\"><span data-mce-type=\"bookmark\" style=\"display: inline-block; width: 0px; overflow: hidden; line-height: 0;\" class=\"mce_SELRES_start\"><\/span><\/iframe><\/p>\n<h5 style=\"text-align: left;\"><strong>\u00c1GUEDA BURGOS: &#8230; \u00bfQu\u00e9 son las relaciones dependientes y c\u00f3mo podemos detectarlas?<\/strong><\/h5>\n<p style=\"text-align: justify;\"><strong>SILVIA CONGOST:<\/strong> \u201c[&#8230;] Es como si fuera <strong>una adicci\u00f3n<\/strong> que podemos tener a <strong>una droga<\/strong>, pero en este caso es hacia otra persona. Puede ser cualquier tipo de persona con la que tengamos una relaci\u00f3n. [&#8230;] Hay una frase que ellos conocen [sus pacientes], que es <strong>\u201ct\u00e1pate los o\u00eddos y mira<\/strong>\u201d. [&#8230; hay dependencia] cuando yo no puedo ser yo misma, no puedo expandirme, no puedo crecer, no puedo hacer las cosas que a m\u00ed me gustar\u00eda hacer, ir con las personas con las que a m\u00ed me gustar\u00eda ir. [&#8230;] debemos ser <strong>capaces de identificar estas situaciones<\/strong> para que podamos decidir qu\u00e9 es lo que queremos hacer [&#8230;]\u201d.<\/p>\n<p style=\"text-align: justify;\">La transcripci\u00f3n completa de este di\u00e1logo, que le sugerimos leer, la pueden Ustedes encontrar en este enlace<strong>: <a href=\"https:\/\/aprendemosjuntos.elpais.com\/especial\/que-son-las-relaciones-dependientes-y-como-podemos-detectarlas-silvia-congost\/\" target=\"_blank\" rel=\"noopener noreferrer\">CLAVES PARA EVITAR LA DEPENDENCIA EMOCIONAL<\/a><\/strong><\/p>\n<p style=\"text-align: justify;\">Esta publicaci\u00f3n corresponde a<strong> la <a href=\"https:\/\/webdelmaestrocmf.com\/portal\/serie-de-videos-aprendamos-juntos-para-sumar-por-la-educacion\/\" target=\"_blank\" rel=\"noopener noreferrer\">SERIE DE VIDEOS: APRENDAMOS JUNTOS, PARA SUMAR POR LA EDUCACI\u00d3N.<\/a><\/strong><\/p>\n<p style=\"text-align: center;\">\u201cBueno, errores en las relaciones cometemos bastantes. Y, claro, como nadie nos educa para c\u00f3mo hacerlo bien en una relaci\u00f3n de pareja, no hay formaciones, en la escuela tampoco. Yo creo que tendr\u00eda que haber alguna asignatura en la escuela\u201d.<\/p>\n<p style=\"text-align: right;\"><strong>REDACCI\u00d3N WEB DEL MAESTRO CMF<\/strong><\/p>\n\t\t<div class=\"pk-inline-posts\">\n\t\t\t\n\t\t\t<div class=\"pk-inline-posts-container pk-inline-posts-template-list\"\n\t\t\t\tdata-columns=\"1\">\n\t\t\t\t\t\t<article id=\"post-95717\" class=\"post-95717 post type-post status-publish format-video has-post-thumbnail category-charlas tag-aprendamos-juntos tag-aprendemos-juntos-2030 tag-aprender tag-aprendizaje tag-bbva tag-calificacion-por-notas tag-cerebro tag-compresion tag-descanso tag-dislexia tag-dormir tag-entrevista tag-error tag-escritura tag-fonologia tag-lectura tag-lenguaje-oral tag-matematica tag-memoria tag-neurociencia tag-neurona tag-para-sumar-por-la-educacion tag-pensamiento tag-sinapsis tag-stanislas-dehaene tag-sueno tag-tecnologia tag-videos post_format-post-format-video cs-entry cs-video-wrap\">\n\t\t\t<div class=\"pk-post-outer\">\n\n\t\t\t\t\t\t\t\t<div class=\"pk-post-inner\">\n\t\t\t\t\t<div class=\"entry-thumbnail\">\n\t\t\t\t\t\t<div class=\"pk-overlay pk-overlay-ratio pk-ratio-landscape\">\n\t\t\t\t\t\t\t<div class=\"pk-overlay-background\">\n\t\t\t\t\t\t\t\t<a href=\"https:\/\/webdelmaestrocmf.com\/portal\/stanislas-dehaene-el-mayor-talento-de-un-profesor-es-ser-capaz-de-dirigir-la-atencion-del-alumno-hacia-el-nivel-correcto\/\" class=\"pk-overlay-link\">\n\t\t\t\t\t\t\t\t\t<img loading=\"lazy\" decoding=\"async\" width=\"300\" height=\"225\" src=\"https:\/\/webdelmaestrocmf.com\/portal\/wp-content\/uploads\/2024\/02\/1AA-Banner-1-portada-imagen-10-1-copia-300x225.webp\" class=\"attachment-pk-thumbnail size-pk-thumbnail wp-post-image\" alt=\"\" \/>\t\t\t\t\t\t\t\t<\/a>\n\t\t\t\t\t\t\t<\/div>\n\t\t\t\t\t\t<\/div>\n\t\t\t\t\t<\/div>\n\t\t\t\t<\/div>\n\t\t\t\t\n\t\t\t\t<div class=\"pk-post-inner\">\n\t\t\t\t\t<header>\n\t\t\t\t\t\t<h3 class=\"pk-title\"><a href=\"https:\/\/webdelmaestrocmf.com\/portal\/stanislas-dehaene-el-mayor-talento-de-un-profesor-es-ser-capaz-de-dirigir-la-atencion-del-alumno-hacia-el-nivel-correcto\/\" rel=\"bookmark\">Stanislas Dehaene: El mayor talento de un profesor es ser capaz de dirigir la atenci\u00f3n del alumno, hacia el nivel correcto<\/a><\/h3>\t\t\t\t\t<\/header><!-- .entry-header -->\n\t\t\t\t<\/div><!-- .post-inner -->\n\n\t\t\t<\/div><!-- .post-outer -->\n\t\t<\/article>\n\t\t\t\t<\/div>\n\t\t<\/div>\n\t\t\n","protected":false},"excerpt":{"rendered":"La Psic\u00f3loga Silvia Congost Provensal es Licenciada en Psicolog\u00eda (Universitat de Girona, Espa\u00f1a), Postgrado Institut Superior d\u00b4Estudis Psicol\u00f2gics),&hellip;","protected":false},"author":1,"featured_media":69529,"comment_status":"open","ping_status":"closed","sticky":false,"template":"","format":"video","meta":{"csco_display_header_overlay":false,"csco_singular_sidebar":"disabled","csco_page_header_type":"standard","csco_page_load_nextpost":"default","csco_post_video_location":[],"csco_post_video_location_hash":"","csco_post_video_url":"","csco_post_video_bg_start_time":0,"csco_post_video_bg_end_time":0,"csco_post_video_bg_volume":false,"_jetpack_memberships_contains_paid_content":false,"footnotes":""},"categories":[3453],"tags":[4893,2949,2414,4892,4891,4890],"class_list":{"0":"post-46409","1":"post","2":"type-post","3":"status-publish","4":"format-video","5":"has-post-thumbnail","7":"category-charlas","8":"tag-accion","9":"tag-gente","10":"tag-mucho","11":"tag-pasa","12":"tag-queja","13":"tag-silvia-congost-provensal","14":"post_format-post-format-video","15":"cs-entry","16":"cs-video-wrap"},"yoast_head":"<!-- This site is optimized with the Yoast SEO plugin v27.5 - https:\/\/yoast.com\/product\/yoast-seo-wordpress\/ -->\n<title>Hay gente que se queja mucho pero no pasa a la acci\u00f3n - 2026<\/title>\n<meta name=\"description\" content=\"La Psic\u00f3loga Silvia Congost Provensal es Licenciada en Psicolog\u00eda (Universitat de Girona, Espa\u00f1a), Postgrado Institut Superior...\" \/>\n<meta name=\"robots\" content=\"index, follow, max-snippet:-1, max-image-preview:large, max-video-preview:-1\" \/>\n<link rel=\"canonical\" href=\"https:\/\/webdelmaestrocmf.com\/portal\/hay-gente-que-se-queja-mucho-pero-no-pasa-a-la-accion\/\" \/>\n<meta property=\"og:locale\" content=\"es_ES\" \/>\n<meta property=\"og:type\" content=\"article\" \/>\n<meta property=\"og:title\" content=\"Hay gente que se queja mucho pero no pasa a la acci\u00f3n - 2026\" \/>\n<meta property=\"og:description\" content=\"La Psic\u00f3loga Silvia Congost Provensal es Licenciada en Psicolog\u00eda (Universitat de Girona, Espa\u00f1a), Postgrado Institut Superior...\" \/>\n<meta property=\"og:url\" content=\"https:\/\/webdelmaestrocmf.com\/portal\/hay-gente-que-se-queja-mucho-pero-no-pasa-a-la-accion\/\" \/>\n<meta property=\"og:site_name\" content=\"Web del Maestro CMF\" \/>\n<meta property=\"article:publisher\" content=\"https:\/\/www.facebook.com\/WebdelMaestroCMF\/\" \/>\n<meta property=\"article:author\" content=\"https:\/\/www.facebook.com\/WebdelMaestroCMF\/\" \/>\n<meta property=\"article:published_time\" content=\"2021-10-19T22:42:30+00:00\" \/>\n<meta property=\"article:modified_time\" content=\"2021-10-22T23:53:58+00:00\" \/>\n<meta property=\"og:image\" content=\"https:\/\/i0.wp.com\/webdelmaestrocmf.com\/portal\/wp-content\/uploads\/2021\/10\/58.jpg?fit=1100%2C680&ssl=1\" \/>\n\t<meta property=\"og:image:width\" content=\"1100\" \/>\n\t<meta property=\"og:image:height\" content=\"680\" \/>\n\t<meta property=\"og:image:type\" content=\"image\/jpeg\" \/>\n<meta name=\"author\" content=\"Web del Maestro CMF\" \/>\n<meta name=\"twitter:card\" content=\"summary_large_image\" \/>\n<meta name=\"twitter:creator\" content=\"@cmf_w\" \/>\n<meta name=\"twitter:site\" content=\"@cmf_w\" \/>\n<script type=\"application\/ld+json\" class=\"yoast-schema-graph\">{\"@context\":\"https:\\\/\\\/schema.org\",\"@graph\":[{\"@type\":\"ScholarlyArticle\",\"@id\":\"https:\\\/\\\/webdelmaestrocmf.com\\\/portal\\\/hay-gente-que-se-queja-mucho-pero-no-pasa-a-la-accion\\\/#article\",\"isPartOf\":{\"@id\":\"https:\\\/\\\/webdelmaestrocmf.com\\\/portal\\\/hay-gente-que-se-queja-mucho-pero-no-pasa-a-la-accion\\\/\"},\"author\":{\"name\":\"Web del Maestro CMF\",\"@id\":\"https:\\\/\\\/webdelmaestrocmf.com\\\/portal\\\/#\\\/schema\\\/person\\\/1072a2ed7bd960df8ef99a551fa35dc5\"},\"headline\":\"Hay gente que se queja mucho pero no pasa a la acci\u00f3n\",\"datePublished\":\"2021-10-19T22:42:30+00:00\",\"dateModified\":\"2021-10-22T23:53:58+00:00\",\"mainEntityOfPage\":{\"@id\":\"https:\\\/\\\/webdelmaestrocmf.com\\\/portal\\\/hay-gente-que-se-queja-mucho-pero-no-pasa-a-la-accion\\\/\"},\"wordCount\":814,\"commentCount\":1,\"publisher\":{\"@id\":\"https:\\\/\\\/webdelmaestrocmf.com\\\/portal\\\/#organization\"},\"image\":{\"@id\":\"https:\\\/\\\/webdelmaestrocmf.com\\\/portal\\\/hay-gente-que-se-queja-mucho-pero-no-pasa-a-la-accion\\\/#primaryimage\"},\"thumbnailUrl\":\"https:\\\/\\\/webdelmaestrocmf.com\\\/portal\\\/wp-content\\\/uploads\\\/2021\\\/10\\\/58.jpg\",\"keywords\":[\"acci\u00f3n\",\"GENTE\",\"MUCHO\",\"pasa\",\"queja\",\"Silvia Congost Provensal\"],\"articleSection\":[\"Charlas\"],\"inLanguage\":\"es\",\"potentialAction\":[{\"@type\":\"CommentAction\",\"name\":\"Comment\",\"target\":[\"https:\\\/\\\/webdelmaestrocmf.com\\\/portal\\\/hay-gente-que-se-queja-mucho-pero-no-pasa-a-la-accion\\\/#respond\"]}]},{\"@type\":\"WebPage\",\"@id\":\"https:\\\/\\\/webdelmaestrocmf.com\\\/portal\\\/hay-gente-que-se-queja-mucho-pero-no-pasa-a-la-accion\\\/\",\"url\":\"https:\\\/\\\/webdelmaestrocmf.com\\\/portal\\\/hay-gente-que-se-queja-mucho-pero-no-pasa-a-la-accion\\\/\",\"name\":\"Hay gente que se queja mucho pero no pasa a la acci\u00f3n - 2026\",\"isPartOf\":{\"@id\":\"https:\\\/\\\/webdelmaestrocmf.com\\\/portal\\\/#website\"},\"primaryImageOfPage\":{\"@id\":\"https:\\\/\\\/webdelmaestrocmf.com\\\/portal\\\/hay-gente-que-se-queja-mucho-pero-no-pasa-a-la-accion\\\/#primaryimage\"},\"image\":{\"@id\":\"https:\\\/\\\/webdelmaestrocmf.com\\\/portal\\\/hay-gente-que-se-queja-mucho-pero-no-pasa-a-la-accion\\\/#primaryimage\"},\"thumbnailUrl\":\"https:\\\/\\\/webdelmaestrocmf.com\\\/portal\\\/wp-content\\\/uploads\\\/2021\\\/10\\\/58.jpg\",\"datePublished\":\"2021-10-19T22:42:30+00:00\",\"dateModified\":\"2021-10-22T23:53:58+00:00\",\"description\":\"La Psic\u00f3loga Silvia Congost Provensal es Licenciada en Psicolog\u00eda (Universitat de Girona, Espa\u00f1a), Postgrado Institut Superior...\",\"breadcrumb\":{\"@id\":\"https:\\\/\\\/webdelmaestrocmf.com\\\/portal\\\/hay-gente-que-se-queja-mucho-pero-no-pasa-a-la-accion\\\/#breadcrumb\"},\"inLanguage\":\"es\",\"potentialAction\":[{\"@type\":\"ReadAction\",\"target\":[\"https:\\\/\\\/webdelmaestrocmf.com\\\/portal\\\/hay-gente-que-se-queja-mucho-pero-no-pasa-a-la-accion\\\/\"]}]},{\"@type\":\"ImageObject\",\"inLanguage\":\"es\",\"@id\":\"https:\\\/\\\/webdelmaestrocmf.com\\\/portal\\\/hay-gente-que-se-queja-mucho-pero-no-pasa-a-la-accion\\\/#primaryimage\",\"url\":\"https:\\\/\\\/webdelmaestrocmf.com\\\/portal\\\/wp-content\\\/uploads\\\/2021\\\/10\\\/58.jpg\",\"contentUrl\":\"https:\\\/\\\/webdelmaestrocmf.com\\\/portal\\\/wp-content\\\/uploads\\\/2021\\\/10\\\/58.jpg\",\"width\":1100,\"height\":680},{\"@type\":\"BreadcrumbList\",\"@id\":\"https:\\\/\\\/webdelmaestrocmf.com\\\/portal\\\/hay-gente-que-se-queja-mucho-pero-no-pasa-a-la-accion\\\/#breadcrumb\",\"itemListElement\":[{\"@type\":\"ListItem\",\"position\":1,\"name\":\"Portada\",\"item\":\"https:\\\/\\\/webdelmaestrocmf.com\\\/portal\\\/\"},{\"@type\":\"ListItem\",\"position\":2,\"name\":\"Charlas\",\"item\":\"https:\\\/\\\/webdelmaestrocmf.com\\\/portal\\\/category\\\/charlas\\\/\"},{\"@type\":\"ListItem\",\"position\":3,\"name\":\"Hay gente que se queja mucho pero no pasa a la acci\u00f3n\"}]},{\"@type\":\"WebSite\",\"@id\":\"https:\\\/\\\/webdelmaestrocmf.com\\\/portal\\\/#website\",\"url\":\"https:\\\/\\\/webdelmaestrocmf.com\\\/portal\\\/\",\"name\":\"Web del Maestro CMF\",\"description\":\"Maestros al servicio de la educaci\u00f3n\",\"publisher\":{\"@id\":\"https:\\\/\\\/webdelmaestrocmf.com\\\/portal\\\/#organization\"},\"alternateName\":\"WMCMF\",\"potentialAction\":[{\"@type\":\"SearchAction\",\"target\":{\"@type\":\"EntryPoint\",\"urlTemplate\":\"https:\\\/\\\/webdelmaestrocmf.com\\\/portal\\\/?s={search_term_string}\"},\"query-input\":{\"@type\":\"PropertyValueSpecification\",\"valueRequired\":true,\"valueName\":\"search_term_string\"}}],\"inLanguage\":\"es\"},{\"@type\":\"Organization\",\"@id\":\"https:\\\/\\\/webdelmaestrocmf.com\\\/portal\\\/#organization\",\"name\":\"Web del Maestro CMF\",\"alternateName\":\"WMCMF\",\"url\":\"https:\\\/\\\/webdelmaestrocmf.com\\\/portal\\\/\",\"logo\":{\"@type\":\"ImageObject\",\"inLanguage\":\"es\",\"@id\":\"https:\\\/\\\/webdelmaestrocmf.com\\\/portal\\\/#\\\/schema\\\/logo\\\/image\\\/\",\"url\":\"https:\\\/\\\/webdelmaestrocmf.com\\\/portal\\\/wp-content\\\/uploads\\\/2023\\\/01\\\/logo-wmcmf-2.png\",\"contentUrl\":\"https:\\\/\\\/webdelmaestrocmf.com\\\/portal\\\/wp-content\\\/uploads\\\/2023\\\/01\\\/logo-wmcmf-2.png\",\"width\":200,\"height\":60,\"caption\":\"Web del Maestro CMF\"},\"image\":{\"@id\":\"https:\\\/\\\/webdelmaestrocmf.com\\\/portal\\\/#\\\/schema\\\/logo\\\/image\\\/\"},\"sameAs\":[\"https:\\\/\\\/www.facebook.com\\\/WebdelMaestroCMF\\\/\",\"https:\\\/\\\/x.com\\\/cmf_w\",\"https:\\\/\\\/www.pinterest.com\\\/WMCMF\\\/\",\"https:\\\/\\\/www.linkedin.com\\\/company\\\/web-del-maestro-cmf\\\/\",\"https:\\\/\\\/www.instagram.com\\\/wmcmf\\\/\",\"https:\\\/\\\/www.youtube.com\\\/channel\\\/UCDPSvjbdodE5sHnC3OxutHw\",\"https:\\\/\\\/mastodon.social\\\/@wmcmf\",\"https:\\\/\\\/www.tiktok.com\\\/@webdelmaestrocmf\"]},{\"@type\":\"Person\",\"@id\":\"https:\\\/\\\/webdelmaestrocmf.com\\\/portal\\\/#\\\/schema\\\/person\\\/1072a2ed7bd960df8ef99a551fa35dc5\",\"name\":\"Web del Maestro CMF\",\"image\":{\"@type\":\"ImageObject\",\"inLanguage\":\"es\",\"@id\":\"https:\\\/\\\/secure.gravatar.com\\\/avatar\\\/23291dd5b5ae1077dcff3dbb04c3e02bd28403fa75af6d8787d5e97c5bbbe30b?s=96&d=mm&r=g\",\"url\":\"https:\\\/\\\/secure.gravatar.com\\\/avatar\\\/23291dd5b5ae1077dcff3dbb04c3e02bd28403fa75af6d8787d5e97c5bbbe30b?s=96&d=mm&r=g\",\"contentUrl\":\"https:\\\/\\\/secure.gravatar.com\\\/avatar\\\/23291dd5b5ae1077dcff3dbb04c3e02bd28403fa75af6d8787d5e97c5bbbe30b?s=96&d=mm&r=g\",\"caption\":\"Web del Maestro CMF\"},\"description\":\"Esta Web se cre\u00f3 sin fines de lucro, con fines educativos, cient\u00edficos y acad\u00e9micos, para personas que tengan dificultades y\\\/o inconvenientes en visualizar el material original. El objetivo es entregar recursos, compartir experiencias y materiales que ayuden a los padres de familia, maestros y estudiantes en su actualizaci\u00f3n y formaci\u00f3n permanente, en bien de la Educaci\u00f3n.\",\"sameAs\":[\"http:\\\/\\\/webdelmaestrocmf.com\\\/portal\",\"https:\\\/\\\/www.facebook.com\\\/WebdelMaestroCMF\\\/\",\"https:\\\/\\\/www.instagram.com\\\/wmcmf\\\/\",\"https:\\\/\\\/cl.linkedin.com\\\/company\\\/web-del-maestro-cmf\",\"https:\\\/\\\/www.pinterest.com\\\/WMCMF\\\/publicaciones\\\/\",\"https:\\\/\\\/x.com\\\/cmf_w\",\"https:\\\/\\\/www.youtube.com\\\/@WMCMF\"]}]}<\/script>\n<!-- \/ Yoast SEO plugin. -->","yoast_head_json":{"title":"Hay gente que se queja mucho pero no pasa a la acci\u00f3n - 2026","description":"La Psic\u00f3loga Silvia Congost Provensal es Licenciada en Psicolog\u00eda (Universitat de Girona, Espa\u00f1a), Postgrado Institut Superior...","robots":{"index":"index","follow":"follow","max-snippet":"max-snippet:-1","max-image-preview":"max-image-preview:large","max-video-preview":"max-video-preview:-1"},"canonical":"https:\/\/webdelmaestrocmf.com\/portal\/hay-gente-que-se-queja-mucho-pero-no-pasa-a-la-accion\/","og_locale":"es_ES","og_type":"article","og_title":"Hay gente que se queja mucho pero no pasa a la acci\u00f3n - 2026","og_description":"La Psic\u00f3loga Silvia Congost Provensal es Licenciada en Psicolog\u00eda (Universitat de Girona, Espa\u00f1a), Postgrado Institut Superior...","og_url":"https:\/\/webdelmaestrocmf.com\/portal\/hay-gente-que-se-queja-mucho-pero-no-pasa-a-la-accion\/","og_site_name":"Web del Maestro CMF","article_publisher":"https:\/\/www.facebook.com\/WebdelMaestroCMF\/","article_author":"https:\/\/www.facebook.com\/WebdelMaestroCMF\/","article_published_time":"2021-10-19T22:42:30+00:00","article_modified_time":"2021-10-22T23:53:58+00:00","og_image":[{"width":1100,"height":680,"url":"https:\/\/i0.wp.com\/webdelmaestrocmf.com\/portal\/wp-content\/uploads\/2021\/10\/58.jpg?fit=1100%2C680&ssl=1","type":"image\/jpeg"}],"author":"Web del Maestro CMF","twitter_card":"summary_large_image","twitter_creator":"@cmf_w","twitter_site":"@cmf_w","schema":{"@context":"https:\/\/schema.org","@graph":[{"@type":"ScholarlyArticle","@id":"https:\/\/webdelmaestrocmf.com\/portal\/hay-gente-que-se-queja-mucho-pero-no-pasa-a-la-accion\/#article","isPartOf":{"@id":"https:\/\/webdelmaestrocmf.com\/portal\/hay-gente-que-se-queja-mucho-pero-no-pasa-a-la-accion\/"},"author":{"name":"Web del Maestro CMF","@id":"https:\/\/webdelmaestrocmf.com\/portal\/#\/schema\/person\/1072a2ed7bd960df8ef99a551fa35dc5"},"headline":"Hay gente que se queja mucho pero no pasa a la acci\u00f3n","datePublished":"2021-10-19T22:42:30+00:00","dateModified":"2021-10-22T23:53:58+00:00","mainEntityOfPage":{"@id":"https:\/\/webdelmaestrocmf.com\/portal\/hay-gente-que-se-queja-mucho-pero-no-pasa-a-la-accion\/"},"wordCount":814,"commentCount":1,"publisher":{"@id":"https:\/\/webdelmaestrocmf.com\/portal\/#organization"},"image":{"@id":"https:\/\/webdelmaestrocmf.com\/portal\/hay-gente-que-se-queja-mucho-pero-no-pasa-a-la-accion\/#primaryimage"},"thumbnailUrl":"https:\/\/webdelmaestrocmf.com\/portal\/wp-content\/uploads\/2021\/10\/58.jpg","keywords":["acci\u00f3n","GENTE","MUCHO","pasa","queja","Silvia Congost Provensal"],"articleSection":["Charlas"],"inLanguage":"es","potentialAction":[{"@type":"CommentAction","name":"Comment","target":["https:\/\/webdelmaestrocmf.com\/portal\/hay-gente-que-se-queja-mucho-pero-no-pasa-a-la-accion\/#respond"]}]},{"@type":"WebPage","@id":"https:\/\/webdelmaestrocmf.com\/portal\/hay-gente-que-se-queja-mucho-pero-no-pasa-a-la-accion\/","url":"https:\/\/webdelmaestrocmf.com\/portal\/hay-gente-que-se-queja-mucho-pero-no-pasa-a-la-accion\/","name":"Hay gente que se queja mucho pero no pasa a la acci\u00f3n - 2026","isPartOf":{"@id":"https:\/\/webdelmaestrocmf.com\/portal\/#website"},"primaryImageOfPage":{"@id":"https:\/\/webdelmaestrocmf.com\/portal\/hay-gente-que-se-queja-mucho-pero-no-pasa-a-la-accion\/#primaryimage"},"image":{"@id":"https:\/\/webdelmaestrocmf.com\/portal\/hay-gente-que-se-queja-mucho-pero-no-pasa-a-la-accion\/#primaryimage"},"thumbnailUrl":"https:\/\/webdelmaestrocmf.com\/portal\/wp-content\/uploads\/2021\/10\/58.jpg","datePublished":"2021-10-19T22:42:30+00:00","dateModified":"2021-10-22T23:53:58+00:00","description":"La Psic\u00f3loga Silvia Congost Provensal es Licenciada en Psicolog\u00eda (Universitat de Girona, Espa\u00f1a), Postgrado Institut Superior...","breadcrumb":{"@id":"https:\/\/webdelmaestrocmf.com\/portal\/hay-gente-que-se-queja-mucho-pero-no-pasa-a-la-accion\/#breadcrumb"},"inLanguage":"es","potentialAction":[{"@type":"ReadAction","target":["https:\/\/webdelmaestrocmf.com\/portal\/hay-gente-que-se-queja-mucho-pero-no-pasa-a-la-accion\/"]}]},{"@type":"ImageObject","inLanguage":"es","@id":"https:\/\/webdelmaestrocmf.com\/portal\/hay-gente-que-se-queja-mucho-pero-no-pasa-a-la-accion\/#primaryimage","url":"https:\/\/webdelmaestrocmf.com\/portal\/wp-content\/uploads\/2021\/10\/58.jpg","contentUrl":"https:\/\/webdelmaestrocmf.com\/portal\/wp-content\/uploads\/2021\/10\/58.jpg","width":1100,"height":680},{"@type":"BreadcrumbList","@id":"https:\/\/webdelmaestrocmf.com\/portal\/hay-gente-que-se-queja-mucho-pero-no-pasa-a-la-accion\/#breadcrumb","itemListElement":[{"@type":"ListItem","position":1,"name":"Portada","item":"https:\/\/webdelmaestrocmf.com\/portal\/"},{"@type":"ListItem","position":2,"name":"Charlas","item":"https:\/\/webdelmaestrocmf.com\/portal\/category\/charlas\/"},{"@type":"ListItem","position":3,"name":"Hay gente que se queja mucho pero no pasa a la acci\u00f3n"}]},{"@type":"WebSite","@id":"https:\/\/webdelmaestrocmf.com\/portal\/#website","url":"https:\/\/webdelmaestrocmf.com\/portal\/","name":"Web del Maestro CMF","description":"Maestros al servicio de la educaci\u00f3n","publisher":{"@id":"https:\/\/webdelmaestrocmf.com\/portal\/#organization"},"alternateName":"WMCMF","potentialAction":[{"@type":"SearchAction","target":{"@type":"EntryPoint","urlTemplate":"https:\/\/webdelmaestrocmf.com\/portal\/?s={search_term_string}"},"query-input":{"@type":"PropertyValueSpecification","valueRequired":true,"valueName":"search_term_string"}}],"inLanguage":"es"},{"@type":"Organization","@id":"https:\/\/webdelmaestrocmf.com\/portal\/#organization","name":"Web del Maestro CMF","alternateName":"WMCMF","url":"https:\/\/webdelmaestrocmf.com\/portal\/","logo":{"@type":"ImageObject","inLanguage":"es","@id":"https:\/\/webdelmaestrocmf.com\/portal\/#\/schema\/logo\/image\/","url":"https:\/\/webdelmaestrocmf.com\/portal\/wp-content\/uploads\/2023\/01\/logo-wmcmf-2.png","contentUrl":"https:\/\/webdelmaestrocmf.com\/portal\/wp-content\/uploads\/2023\/01\/logo-wmcmf-2.png","width":200,"height":60,"caption":"Web del Maestro CMF"},"image":{"@id":"https:\/\/webdelmaestrocmf.com\/portal\/#\/schema\/logo\/image\/"},"sameAs":["https:\/\/www.facebook.com\/WebdelMaestroCMF\/","https:\/\/x.com\/cmf_w","https:\/\/www.pinterest.com\/WMCMF\/","https:\/\/www.linkedin.com\/company\/web-del-maestro-cmf\/","https:\/\/www.instagram.com\/wmcmf\/","https:\/\/www.youtube.com\/channel\/UCDPSvjbdodE5sHnC3OxutHw","https:\/\/mastodon.social\/@wmcmf","https:\/\/www.tiktok.com\/@webdelmaestrocmf"]},{"@type":"Person","@id":"https:\/\/webdelmaestrocmf.com\/portal\/#\/schema\/person\/1072a2ed7bd960df8ef99a551fa35dc5","name":"Web del Maestro CMF","image":{"@type":"ImageObject","inLanguage":"es","@id":"https:\/\/secure.gravatar.com\/avatar\/23291dd5b5ae1077dcff3dbb04c3e02bd28403fa75af6d8787d5e97c5bbbe30b?s=96&d=mm&r=g","url":"https:\/\/secure.gravatar.com\/avatar\/23291dd5b5ae1077dcff3dbb04c3e02bd28403fa75af6d8787d5e97c5bbbe30b?s=96&d=mm&r=g","contentUrl":"https:\/\/secure.gravatar.com\/avatar\/23291dd5b5ae1077dcff3dbb04c3e02bd28403fa75af6d8787d5e97c5bbbe30b?s=96&d=mm&r=g","caption":"Web del Maestro CMF"},"description":"Esta Web se cre\u00f3 sin fines de lucro, con fines educativos, cient\u00edficos y acad\u00e9micos, para personas que tengan dificultades y\/o inconvenientes en visualizar el material original. El objetivo es entregar recursos, compartir experiencias y materiales que ayuden a los padres de familia, maestros y estudiantes en su actualizaci\u00f3n y formaci\u00f3n permanente, en bien de la Educaci\u00f3n.","sameAs":["http:\/\/webdelmaestrocmf.com\/portal","https:\/\/www.facebook.com\/WebdelMaestroCMF\/","https:\/\/www.instagram.com\/wmcmf\/","https:\/\/cl.linkedin.com\/company\/web-del-maestro-cmf","https:\/\/www.pinterest.com\/WMCMF\/publicaciones\/","https:\/\/x.com\/cmf_w","https:\/\/www.youtube.com\/@WMCMF"]}]}},"jetpack_featured_media_url":"https:\/\/webdelmaestrocmf.com\/portal\/wp-content\/uploads\/2021\/10\/58.jpg","jetpack_sharing_enabled":true,"jetpack-related-posts":[{"id":71946,"url":"https:\/\/webdelmaestrocmf.com\/portal\/silvia-congost-en-las-escuelas-falta-mucha-conciencia-y-muchisima-educacion-emocional\/","url_meta":{"origin":46409,"position":0},"title":"Silvia Congost: En las escuelas falta mucha conciencia y much\u00edsima educaci\u00f3n emocional","author":"Web del Maestro CMF","date":"12 diciembre, 2021","format":false,"excerpt":"La Psic\u00f3loga Silvia Congost (Barcelona, 1977), graduada en la Universidad de Girona (Espa\u00f1a) es experta en dependencia emocional y autoestima, en varias publicaciones nos orienta sobre la necesidad de educar a los j\u00f3venes en la gesti\u00f3n y autorregulaci\u00f3n emocional y cu\u00e1nto influyen los factores como la familia, el ambiente escolar\u2026","rel":"","context":"En \u00abEntrevistas\u00bb","block_context":{"text":"Entrevistas","link":"https:\/\/webdelmaestrocmf.com\/portal\/category\/noticias\/entrevistas\/"},"img":{"alt_text":"","src":"https:\/\/i0.wp.com\/webdelmaestrocmf.com\/portal\/wp-content\/uploads\/2021\/12\/2.jpg?resize=350%2C200&ssl=1","width":350,"height":200,"srcset":"https:\/\/i0.wp.com\/webdelmaestrocmf.com\/portal\/wp-content\/uploads\/2021\/12\/2.jpg?resize=350%2C200&ssl=1 1x, https:\/\/i0.wp.com\/webdelmaestrocmf.com\/portal\/wp-content\/uploads\/2021\/12\/2.jpg?resize=525%2C300&ssl=1 1.5x, https:\/\/i0.wp.com\/webdelmaestrocmf.com\/portal\/wp-content\/uploads\/2021\/12\/2.jpg?resize=700%2C400&ssl=1 2x, https:\/\/i0.wp.com\/webdelmaestrocmf.com\/portal\/wp-content\/uploads\/2021\/12\/2.jpg?resize=1050%2C600&ssl=1 3x"},"classes":[]},{"id":80969,"url":"https:\/\/webdelmaestrocmf.com\/portal\/si-una-persona-no-tiene-una-buena-autoestima-esto-va-a-afectar-a-todas-las-areas-de-su-vida\/","url_meta":{"origin":46409,"position":1},"title":"Si una persona no tiene una buena autoestima, esto va a afectar a todas las \u00e1reas de su vida","author":"Web del Maestro CMF","date":"13 octubre, 2022","format":"video","excerpt":"Silvia Congost Provensal (Barcelona, Espa\u00f1a, 1977), es psic\u00f3loga y experta en relaciones personales y autoestima. Su pasi\u00f3n por su profesi\u00f3n y el deseo de compartir sus conocimientos, adquiridos en m\u00e1s de 18 a\u00f1os de experiencia cl\u00ednica, le han llevado a colaborar en diferentes medios de comunicaci\u00f3n y a escribir varios\u2026","rel":"","context":"En \u00abAdolescente\u00bb","block_context":{"text":"Adolescente","link":"https:\/\/webdelmaestrocmf.com\/portal\/category\/adolescente\/"},"img":{"alt_text":"","src":"https:\/\/i0.wp.com\/webdelmaestrocmf.com\/portal\/wp-content\/uploads\/2022\/10\/1.jpeg?resize=350%2C200&ssl=1","width":350,"height":200,"srcset":"https:\/\/i0.wp.com\/webdelmaestrocmf.com\/portal\/wp-content\/uploads\/2022\/10\/1.jpeg?resize=350%2C200&ssl=1 1x, https:\/\/i0.wp.com\/webdelmaestrocmf.com\/portal\/wp-content\/uploads\/2022\/10\/1.jpeg?resize=525%2C300&ssl=1 1.5x, https:\/\/i0.wp.com\/webdelmaestrocmf.com\/portal\/wp-content\/uploads\/2022\/10\/1.jpeg?resize=700%2C400&ssl=1 2x, https:\/\/i0.wp.com\/webdelmaestrocmf.com\/portal\/wp-content\/uploads\/2022\/10\/1.jpeg?resize=1050%2C600&ssl=1 3x"},"classes":[]},{"id":54075,"url":"https:\/\/webdelmaestrocmf.com\/portal\/cuatro-pilares-de-la-autoestima-que-se-deben-conversar-en-las-aulas\/","url_meta":{"origin":46409,"position":2},"title":"Cuatro pilares de la autoestima que se deben conversar en las aulas","author":"Web del Maestro CMF","date":"5 noviembre, 2020","format":false,"excerpt":"El psic\u00f3logo y escritor Walter Riso defiende que en la escuela deber\u00eda incorporarse dos nuevas asignaturas: \u201cAprender a perder\u201d y \u201cAmor propio\u201d. De esta forma podr\u00edamos ense\u00f1ar a los ni\u00f1os, las claves de las relaciones sanas, lejos de la dependencia emocional, el abuso y el sufrimiento. \u201c\u00bfPor qu\u00e9 sufrimos tanto\u2026","rel":"","context":"En \u00abInteligencia Emocional\u00bb","block_context":{"text":"Inteligencia Emocional","link":"https:\/\/webdelmaestrocmf.com\/portal\/category\/pedagogia\/inteligencia-emocional-educacion-y-familia\/"},"img":{"alt_text":"","src":"https:\/\/i0.wp.com\/webdelmaestrocmf.com\/portal\/wp-content\/uploads\/2020\/11\/1-copia-14.jpg?resize=350%2C200&ssl=1","width":350,"height":200,"srcset":"https:\/\/i0.wp.com\/webdelmaestrocmf.com\/portal\/wp-content\/uploads\/2020\/11\/1-copia-14.jpg?resize=350%2C200&ssl=1 1x, https:\/\/i0.wp.com\/webdelmaestrocmf.com\/portal\/wp-content\/uploads\/2020\/11\/1-copia-14.jpg?resize=525%2C300&ssl=1 1.5x, https:\/\/i0.wp.com\/webdelmaestrocmf.com\/portal\/wp-content\/uploads\/2020\/11\/1-copia-14.jpg?resize=700%2C400&ssl=1 2x, https:\/\/i0.wp.com\/webdelmaestrocmf.com\/portal\/wp-content\/uploads\/2020\/11\/1-copia-14.jpg?resize=1050%2C600&ssl=1 3x"},"classes":[]},{"id":27511,"url":"https:\/\/webdelmaestrocmf.com\/portal\/el-mayor-premio-para-un-nino-y-para-una-nina-es-la-atencion-de-sus-padres\/","url_meta":{"origin":46409,"position":3},"title":"Silvia \u00c1lava Sordo: Los deberes escolares siempre son responsabilidad de los estudiantes, nunca de los padres","author":"Web del Maestro CMF","date":"7 noviembre, 2023","format":"video","excerpt":"Silvia \u00c1lava Sordo, naci\u00f3 en Valladolid, Espa\u00f1a, es licenciada en psicolog\u00eda por la Universidad Aut\u00f3noma de Madrid. Es especialista en Psicolog\u00eda Cl\u00ednica y de la Salud y en Psicolog\u00eda Educativa. Ella afirma que \u201ces fundamental, que tanto los padres como los profesores trabajen en el equipo. El objetivo de la\u2026","rel":"","context":"En \u00abCharlas\u00bb","block_context":{"text":"Charlas","link":"https:\/\/webdelmaestrocmf.com\/portal\/category\/charlas\/"},"img":{"alt_text":"Silvia \u00c1lava Sordo","src":"https:\/\/i0.wp.com\/webdelmaestrocmf.com\/portal\/wp-content\/uploads\/2022\/09\/A12B3C4D-16.jpg?resize=350%2C200&ssl=1","width":350,"height":200,"srcset":"https:\/\/i0.wp.com\/webdelmaestrocmf.com\/portal\/wp-content\/uploads\/2022\/09\/A12B3C4D-16.jpg?resize=350%2C200&ssl=1 1x, https:\/\/i0.wp.com\/webdelmaestrocmf.com\/portal\/wp-content\/uploads\/2022\/09\/A12B3C4D-16.jpg?resize=525%2C300&ssl=1 1.5x, https:\/\/i0.wp.com\/webdelmaestrocmf.com\/portal\/wp-content\/uploads\/2022\/09\/A12B3C4D-16.jpg?resize=700%2C400&ssl=1 2x"},"classes":[]},{"id":27379,"url":"https:\/\/webdelmaestrocmf.com\/portal\/los-padres-estamos-acostumbrados-a-dirigir-completamente-su-vida-sin-dejarles-ni-siquiera-reflexionar\/","url_meta":{"origin":46409,"position":4},"title":"Patricia Ram\u00edrez: Tenemos que empezar por pensar que los padres no son perfectos","author":"Web del Maestro CMF","date":"13 noviembre, 2023","format":"video","excerpt":"Patricia Ram\u00edrez Loeffler es Licenciada en Psicolog\u00eda, M\u00e1ster en psicolog\u00eda cl\u00ednica y de la salud y doctorado en el Departamento de personalidad, evaluaci\u00f3n y tratamiento psicol\u00f3gico de la Universidad de Granada. Naci\u00f3 en Zaragoza, Espa\u00f1a en 1971. Es codirectora del M\u00e1ster de psicolog\u00eda y coaching deportivo de la UCAM (Universidad\u2026","rel":"","context":"En \u00abCharlas\u00bb","block_context":{"text":"Charlas","link":"https:\/\/webdelmaestrocmf.com\/portal\/category\/charlas\/"},"img":{"alt_text":"","src":"https:\/\/i0.wp.com\/webdelmaestrocmf.com\/portal\/wp-content\/uploads\/2022\/02\/A12B3C4D-2.jpg?resize=350%2C200&ssl=1","width":350,"height":200,"srcset":"https:\/\/i0.wp.com\/webdelmaestrocmf.com\/portal\/wp-content\/uploads\/2022\/02\/A12B3C4D-2.jpg?resize=350%2C200&ssl=1 1x, https:\/\/i0.wp.com\/webdelmaestrocmf.com\/portal\/wp-content\/uploads\/2022\/02\/A12B3C4D-2.jpg?resize=525%2C300&ssl=1 1.5x, https:\/\/i0.wp.com\/webdelmaestrocmf.com\/portal\/wp-content\/uploads\/2022\/02\/A12B3C4D-2.jpg?resize=700%2C400&ssl=1 2x"},"classes":[]},{"id":91243,"url":"https:\/\/webdelmaestrocmf.com\/portal\/como-lograr-un-descanso-efectivo-en-vacaciones\/","url_meta":{"origin":46409,"position":5},"title":"\u00bfC\u00f3mo lograr un descanso efectivo en vacaciones?","author":"Web del Maestro CMF","date":"13 julio, 2025","format":false,"excerpt":"Los docentes necesitan descansar de verdad. El estr\u00e9s acumulado, la sobrecarga laboral y los desaf\u00edos en aula exigen un descanso consciente, con sue\u00f1o reparador y herramientas para recuperar energ\u00eda y bienestar emocional.","rel":"","context":"En \u00abRecursos\u00bb","block_context":{"text":"Recursos","link":"https:\/\/webdelmaestrocmf.com\/portal\/category\/pedagogia\/"},"img":{"alt_text":"","src":"https:\/\/i0.wp.com\/webdelmaestrocmf.com\/portal\/wp-content\/uploads\/2023\/08\/1A-Banner-1-portada-imagen-10-1-copia-47.webp?resize=350%2C200&ssl=1","width":350,"height":200,"srcset":"https:\/\/i0.wp.com\/webdelmaestrocmf.com\/portal\/wp-content\/uploads\/2023\/08\/1A-Banner-1-portada-imagen-10-1-copia-47.webp?resize=350%2C200&ssl=1 1x, https:\/\/i0.wp.com\/webdelmaestrocmf.com\/portal\/wp-content\/uploads\/2023\/08\/1A-Banner-1-portada-imagen-10-1-copia-47.webp?resize=525%2C300&ssl=1 1.5x, https:\/\/i0.wp.com\/webdelmaestrocmf.com\/portal\/wp-content\/uploads\/2023\/08\/1A-Banner-1-portada-imagen-10-1-copia-47.webp?resize=700%2C400&ssl=1 2x"},"classes":[]}],"_links":{"self":[{"href":"https:\/\/webdelmaestrocmf.com\/portal\/wp-json\/wp\/v2\/posts\/46409","targetHints":{"allow":["GET"]}}],"collection":[{"href":"https:\/\/webdelmaestrocmf.com\/portal\/wp-json\/wp\/v2\/posts"}],"about":[{"href":"https:\/\/webdelmaestrocmf.com\/portal\/wp-json\/wp\/v2\/types\/post"}],"author":[{"embeddable":true,"href":"https:\/\/webdelmaestrocmf.com\/portal\/wp-json\/wp\/v2\/users\/1"}],"replies":[{"embeddable":true,"href":"https:\/\/webdelmaestrocmf.com\/portal\/wp-json\/wp\/v2\/comments?post=46409"}],"version-history":[{"count":0,"href":"https:\/\/webdelmaestrocmf.com\/portal\/wp-json\/wp\/v2\/posts\/46409\/revisions"}],"wp:featuredmedia":[{"embeddable":true,"href":"https:\/\/webdelmaestrocmf.com\/portal\/wp-json\/wp\/v2\/media\/69529"}],"wp:attachment":[{"href":"https:\/\/webdelmaestrocmf.com\/portal\/wp-json\/wp\/v2\/media?parent=46409"}],"wp:term":[{"taxonomy":"category","embeddable":true,"href":"https:\/\/webdelmaestrocmf.com\/portal\/wp-json\/wp\/v2\/categories?post=46409"},{"taxonomy":"post_tag","embeddable":true,"href":"https:\/\/webdelmaestrocmf.com\/portal\/wp-json\/wp\/v2\/tags?post=46409"}],"curies":[{"name":"wp","href":"https:\/\/api.w.org\/{rel}","templated":true}]}}