{"id":46205,"date":"2020-04-06T20:12:59","date_gmt":"2020-04-07T00:12:59","guid":{"rendered":"https:\/\/webdelmaestrocmf.com\/portal\/?p=46205"},"modified":"2020-04-07T09:47:33","modified_gmt":"2020-04-07T13:47:33","slug":"propuesta-plan-de-trabajo-marzo-y-abril-referencial","status":"publish","type":"post","link":"https:\/\/webdelmaestrocmf.com\/portal\/propuesta-plan-de-trabajo-marzo-y-abril-referencial\/","title":{"rendered":"Propuesta Plan de Trabajo Marzo y Abril &#8211; referencial"},"content":{"rendered":"<h5 style=\"text-align: justify;\">Siguiendo con nuestra l\u00ednea de apoyo a la formaci\u00f3n permanente de los educadores, y dadas las circunstancias (en m\u00e1s de 100 pa\u00edses del mundo) que nos desaf\u00eda para crear un entorno virtual que no prolongue la falta de clases presenciales, la relaci\u00f3n profesor &#8211; estudiante, el cumplimiento de la curr\u00edcula y los conocimientos programados para el a\u00f1o acad\u00e9mico, compartimos el recurso del Plan de trabajo pedag\u00f3gico domiciliario del docente.<\/h5>\n<p><!--more--><\/p>\n<p style=\"text-align: justify;\">Las planificaciones de clase son propuestas de trabajo diario y sistem\u00e1tico cuyo principal referente son los objetivos de aprendizaje definidos en las bases curriculares, que integran conocimientos, habilidades y actitudes.<\/p>\n<p style=\"text-align: justify;\">Las clases han sido dise\u00f1adas para que el docente promueva el desarrollo de aprendizajes significativos en sus estudiantes.<\/p>\n<p><img loading=\"lazy\" decoding=\"async\" class=\"alignnone size-full wp-image-46206\" src=\"https:\/\/webdelmaestrocmf.com\/portal\/wp-content\/uploads\/2020\/04\/4a-11.jpg\" alt=\"\" width=\"1268\" height=\"1739\" srcset=\"https:\/\/webdelmaestrocmf.com\/portal\/wp-content\/uploads\/2020\/04\/4a-11.jpg 1268w, https:\/\/webdelmaestrocmf.com\/portal\/wp-content\/uploads\/2020\/04\/4a-11-219x300.jpg 219w, https:\/\/webdelmaestrocmf.com\/portal\/wp-content\/uploads\/2020\/04\/4a-11-747x1024.jpg 747w, https:\/\/webdelmaestrocmf.com\/portal\/wp-content\/uploads\/2020\/04\/4a-11-768x1053.jpg 768w, https:\/\/webdelmaestrocmf.com\/portal\/wp-content\/uploads\/2020\/04\/4a-11-1120x1536.jpg 1120w, https:\/\/webdelmaestrocmf.com\/portal\/wp-content\/uploads\/2020\/04\/4a-11-110x151.jpg 110w, https:\/\/webdelmaestrocmf.com\/portal\/wp-content\/uploads\/2020\/04\/4a-11-200x274.jpg 200w, https:\/\/webdelmaestrocmf.com\/portal\/wp-content\/uploads\/2020\/04\/4a-11-380x521.jpg 380w, https:\/\/webdelmaestrocmf.com\/portal\/wp-content\/uploads\/2020\/04\/4a-11-255x350.jpg 255w, https:\/\/webdelmaestrocmf.com\/portal\/wp-content\/uploads\/2020\/04\/4a-11-300x411.jpg 300w, https:\/\/webdelmaestrocmf.com\/portal\/wp-content\/uploads\/2020\/04\/4a-11-550x754.jpg 550w, https:\/\/webdelmaestrocmf.com\/portal\/wp-content\/uploads\/2020\/04\/4a-11-800x1097.jpg 800w, https:\/\/webdelmaestrocmf.com\/portal\/wp-content\/uploads\/2020\/04\/4a-11-1160x1591.jpg 1160w\" sizes=\"auto, (max-width: 1268px) 100vw, 1268px\" \/><\/p>\n<p><strong>Esta publicaci\u00f3n tiene como fuente el blog Ugel Canas IE Tungasuca\u00a0Recordamos que es para uso exclusivo de actualizaci\u00f3n y formaci\u00f3n docente.<\/strong><\/p>\n<p style=\"text-align: center;\">Recomendamos a la Comunidad Educativa Digital tener en cuenta que, el enlace y\/o la carpeta en donde est\u00e1n alojados los libros, recursos y\/o materiales, no es administrado por la Web del Maestro CMF, pueda ser que en cuesti\u00f3n de d\u00edas (o seg\u00fan el tiempo transcurrido desde su publicaci\u00f3n), los enlaces no funcionen y el material ya no se encuentre disponible. Gracias por su comprensi\u00f3n.<\/p>\n<h3>ENLACE DE LECTURA:<\/h3>\n<p style=\"text-align: center;\">\u00a1Comparte y as\u00ed m\u00e1s docentes utilizar\u00e1n estos recursos\u00a0gratis! Muchas gracias.<\/p>\n<div id=\"js_zm\" class=\"_5pbx userContent _3576\" data-testid=\"post_message\" data-ft=\"{&quot;tn&quot;:&quot;K&quot;}\">\n<p style=\"text-align: center;\"><span style=\"color: #000000;\"><a style=\"color: #000000;\" href=\"https:\/\/drive.google.com\/file\/d\/1BMpzSHpIN7VdFd4Nz4Jbr6lBCcxK6Tu5\/view?fbclid=IwAR3K3lBgj_LqQX2vnCAG4lN_-JiXMM4XI1uTnjPrLgH9AmUBQAwBpu2yxF0\" target=\"_blank\" rel=\"noopener noreferrer\"><strong>PROPUESTA PLAN DE TRABAJO DEL 30 &#8211; 03 AL 10-04 &#8211; REFERENCIAL.<\/strong><\/a><\/span><\/p>\n<\/div>\n\t\t<div class=\"pk-inline-posts\">\n\t\t\t\n\t\t\t<div class=\"pk-inline-posts-container pk-inline-posts-template-list\"\n\t\t\t\tdata-columns=\"1\">\n\t\t\t\t\t\t<article id=\"post-118538\" class=\"post-118538 post type-post status-publish format-standard has-post-thumbnail category-descargas-manuales-pdf category-pedagogia category-tea tag-aprendizaje tag-aula tag-crisis-educativa tag-docentes tag-educacion-3 tag-escuela tag-pedagogia-3 tag-reflexion-docente-2 tag-rol-docente tag-sistema-educativo cs-entry cs-video-wrap\">\n\t\t\t<div class=\"pk-post-outer\">\n\n\t\t\t\t\t\t\t\t<div class=\"pk-post-inner\">\n\t\t\t\t\t<div class=\"entry-thumbnail\">\n\t\t\t\t\t\t<div class=\"pk-overlay pk-overlay-ratio pk-ratio-landscape\">\n\t\t\t\t\t\t\t<div class=\"pk-overlay-background\">\n\t\t\t\t\t\t\t\t<a href=\"https:\/\/webdelmaestrocmf.com\/portal\/nuevo-recurso-clave-para-el-aula-descarga-una-lista-de-control-para-la-deteccion-inicial-del-tea-trastorno-del-espectro-autista\/\" class=\"pk-overlay-link\">\n\t\t\t\t\t\t\t\t\t<img loading=\"lazy\" decoding=\"async\" width=\"300\" height=\"225\" src=\"https:\/\/webdelmaestrocmf.com\/portal\/wp-content\/uploads\/2026\/05\/1AA-Banner-1-portada-imagen-10-1-copia-1-300x225.webp\" class=\"attachment-pk-thumbnail size-pk-thumbnail wp-post-image\" alt=\"\" \/>\t\t\t\t\t\t\t\t<\/a>\n\t\t\t\t\t\t\t<\/div>\n\t\t\t\t\t\t<\/div>\n\t\t\t\t\t<\/div>\n\t\t\t\t<\/div>\n\t\t\t\t\n\t\t\t\t<div class=\"pk-post-inner\">\n\t\t\t\t\t<header>\n\t\t\t\t\t\t<h3 class=\"pk-title\"><a href=\"https:\/\/webdelmaestrocmf.com\/portal\/nuevo-recurso-clave-para-el-aula-descarga-una-lista-de-control-para-la-deteccion-inicial-del-tea-trastorno-del-espectro-autista\/\" rel=\"bookmark\">Nuevo recurso clave para el aula: descarga una lista de control para la detecci\u00f3n inicial del TEA (Trastorno del Espectro Autista)<\/a><\/h3>\t\t\t\t\t<\/header><!-- .entry-header -->\n\t\t\t\t<\/div><!-- .post-inner -->\n\n\t\t\t<\/div><!-- .post-outer -->\n\t\t<\/article>\n\t\t\t\t<\/div>\n\t\t<\/div>\n\t\t\n","protected":false},"excerpt":{"rendered":"Siguiendo con nuestra l\u00ednea de apoyo a la formaci\u00f3n permanente de los educadores, y dadas las circunstancias (en&hellip;","protected":false},"author":1,"featured_media":46207,"comment_status":"open","ping_status":"closed","sticky":false,"template":"","format":"standard","meta":{"csco_display_header_overlay":false,"csco_singular_sidebar":"default","csco_page_header_type":"default","csco_page_load_nextpost":"default","csco_post_video_location":[],"csco_post_video_location_hash":"","csco_post_video_url":"","csco_post_video_bg_start_time":0,"csco_post_video_bg_end_time":0,"csco_post_video_bg_volume":false,"_jetpack_memberships_contains_paid_content":false,"footnotes":""},"categories":[2004,735],"tags":[4851,3364,2096,3804,85],"class_list":{"0":"post-46205","1":"post","2":"type-post","3":"status-publish","4":"format-standard","5":"has-post-thumbnail","7":"category-descargas-manuales-pdf","8":"category-pedagogia","9":"tag-abril","10":"tag-marzo","11":"tag-plan","12":"tag-propuesta","13":"tag-trabajo","14":"cs-entry","15":"cs-video-wrap"},"yoast_head":"<!-- This site is optimized with the Yoast SEO plugin v27.5 - https:\/\/yoast.com\/product\/yoast-seo-wordpress\/ -->\n<title>Propuesta Plan de Trabajo Marzo y Abril - referencial - 2026<\/title>\n<meta name=\"description\" content=\"Siguiendo con nuestra l\u00ednea de apoyo a la formaci\u00f3n permanente de los educadores, y dadas las circunstancias (en m\u00e1s de 100 pa\u00edses del mundo)...\" \/>\n<meta name=\"robots\" content=\"index, follow, max-snippet:-1, max-image-preview:large, max-video-preview:-1\" \/>\n<link rel=\"canonical\" href=\"https:\/\/webdelmaestrocmf.com\/portal\/propuesta-plan-de-trabajo-marzo-y-abril-referencial\/\" \/>\n<meta property=\"og:locale\" content=\"es_ES\" \/>\n<meta property=\"og:type\" content=\"article\" \/>\n<meta property=\"og:title\" content=\"Propuesta Plan de Trabajo Marzo y Abril - referencial - 2026\" \/>\n<meta property=\"og:description\" content=\"Siguiendo con nuestra l\u00ednea de apoyo a la formaci\u00f3n permanente de los educadores, y dadas las circunstancias (en m\u00e1s de 100 pa\u00edses del mundo)...\" \/>\n<meta property=\"og:url\" content=\"https:\/\/webdelmaestrocmf.com\/portal\/propuesta-plan-de-trabajo-marzo-y-abril-referencial\/\" \/>\n<meta property=\"og:site_name\" content=\"Web del Maestro CMF\" \/>\n<meta property=\"article:publisher\" content=\"https:\/\/www.facebook.com\/WebdelMaestroCMF\/\" \/>\n<meta property=\"article:author\" content=\"https:\/\/www.facebook.com\/WebdelMaestroCMF\/\" \/>\n<meta property=\"article:published_time\" content=\"2020-04-07T00:12:59+00:00\" \/>\n<meta property=\"article:modified_time\" content=\"2020-04-07T13:47:33+00:00\" \/>\n<meta property=\"og:image\" content=\"https:\/\/i0.wp.com\/webdelmaestrocmf.com\/portal\/wp-content\/uploads\/2020\/04\/3-28.jpg?fit=1100%2C680&ssl=1\" \/>\n\t<meta property=\"og:image:width\" content=\"1100\" \/>\n\t<meta property=\"og:image:height\" content=\"680\" \/>\n\t<meta property=\"og:image:type\" content=\"image\/jpeg\" \/>\n<meta name=\"author\" content=\"Web del Maestro CMF\" \/>\n<meta name=\"twitter:card\" content=\"summary_large_image\" \/>\n<meta name=\"twitter:creator\" content=\"@cmf_w\" \/>\n<meta name=\"twitter:site\" content=\"@cmf_w\" \/>\n<script type=\"application\/ld+json\" class=\"yoast-schema-graph\">{\"@context\":\"https:\\\/\\\/schema.org\",\"@graph\":[{\"@type\":\"ScholarlyArticle\",\"@id\":\"https:\\\/\\\/webdelmaestrocmf.com\\\/portal\\\/propuesta-plan-de-trabajo-marzo-y-abril-referencial\\\/#article\",\"isPartOf\":{\"@id\":\"https:\\\/\\\/webdelmaestrocmf.com\\\/portal\\\/propuesta-plan-de-trabajo-marzo-y-abril-referencial\\\/\"},\"author\":{\"name\":\"Web del Maestro CMF\",\"@id\":\"https:\\\/\\\/webdelmaestrocmf.com\\\/portal\\\/#\\\/schema\\\/person\\\/1072a2ed7bd960df8ef99a551fa35dc5\"},\"headline\":\"Propuesta Plan de Trabajo Marzo y Abril &#8211; referencial\",\"datePublished\":\"2020-04-07T00:12:59+00:00\",\"dateModified\":\"2020-04-07T13:47:33+00:00\",\"mainEntityOfPage\":{\"@id\":\"https:\\\/\\\/webdelmaestrocmf.com\\\/portal\\\/propuesta-plan-de-trabajo-marzo-y-abril-referencial\\\/\"},\"wordCount\":262,\"commentCount\":0,\"publisher\":{\"@id\":\"https:\\\/\\\/webdelmaestrocmf.com\\\/portal\\\/#organization\"},\"image\":{\"@id\":\"https:\\\/\\\/webdelmaestrocmf.com\\\/portal\\\/propuesta-plan-de-trabajo-marzo-y-abril-referencial\\\/#primaryimage\"},\"thumbnailUrl\":\"https:\\\/\\\/webdelmaestrocmf.com\\\/portal\\\/wp-content\\\/uploads\\\/2020\\\/04\\\/3-28.jpg\",\"keywords\":[\"abril\",\"MARZO\",\"PLAN\",\"PROPUESTA\",\"trabajo\"],\"articleSection\":[\"Descargas Manuales PDF\",\"Recursos\"],\"inLanguage\":\"es\",\"potentialAction\":[{\"@type\":\"CommentAction\",\"name\":\"Comment\",\"target\":[\"https:\\\/\\\/webdelmaestrocmf.com\\\/portal\\\/propuesta-plan-de-trabajo-marzo-y-abril-referencial\\\/#respond\"]}]},{\"@type\":\"WebPage\",\"@id\":\"https:\\\/\\\/webdelmaestrocmf.com\\\/portal\\\/propuesta-plan-de-trabajo-marzo-y-abril-referencial\\\/\",\"url\":\"https:\\\/\\\/webdelmaestrocmf.com\\\/portal\\\/propuesta-plan-de-trabajo-marzo-y-abril-referencial\\\/\",\"name\":\"Propuesta Plan de Trabajo Marzo y Abril - referencial - 2026\",\"isPartOf\":{\"@id\":\"https:\\\/\\\/webdelmaestrocmf.com\\\/portal\\\/#website\"},\"primaryImageOfPage\":{\"@id\":\"https:\\\/\\\/webdelmaestrocmf.com\\\/portal\\\/propuesta-plan-de-trabajo-marzo-y-abril-referencial\\\/#primaryimage\"},\"image\":{\"@id\":\"https:\\\/\\\/webdelmaestrocmf.com\\\/portal\\\/propuesta-plan-de-trabajo-marzo-y-abril-referencial\\\/#primaryimage\"},\"thumbnailUrl\":\"https:\\\/\\\/webdelmaestrocmf.com\\\/portal\\\/wp-content\\\/uploads\\\/2020\\\/04\\\/3-28.jpg\",\"datePublished\":\"2020-04-07T00:12:59+00:00\",\"dateModified\":\"2020-04-07T13:47:33+00:00\",\"description\":\"Siguiendo con nuestra l\u00ednea de apoyo a la formaci\u00f3n permanente de los educadores, y dadas las circunstancias (en m\u00e1s de 100 pa\u00edses del mundo)...\",\"breadcrumb\":{\"@id\":\"https:\\\/\\\/webdelmaestrocmf.com\\\/portal\\\/propuesta-plan-de-trabajo-marzo-y-abril-referencial\\\/#breadcrumb\"},\"inLanguage\":\"es\",\"potentialAction\":[{\"@type\":\"ReadAction\",\"target\":[\"https:\\\/\\\/webdelmaestrocmf.com\\\/portal\\\/propuesta-plan-de-trabajo-marzo-y-abril-referencial\\\/\"]}]},{\"@type\":\"ImageObject\",\"inLanguage\":\"es\",\"@id\":\"https:\\\/\\\/webdelmaestrocmf.com\\\/portal\\\/propuesta-plan-de-trabajo-marzo-y-abril-referencial\\\/#primaryimage\",\"url\":\"https:\\\/\\\/webdelmaestrocmf.com\\\/portal\\\/wp-content\\\/uploads\\\/2020\\\/04\\\/3-28.jpg\",\"contentUrl\":\"https:\\\/\\\/webdelmaestrocmf.com\\\/portal\\\/wp-content\\\/uploads\\\/2020\\\/04\\\/3-28.jpg\",\"width\":1100,\"height\":680},{\"@type\":\"BreadcrumbList\",\"@id\":\"https:\\\/\\\/webdelmaestrocmf.com\\\/portal\\\/propuesta-plan-de-trabajo-marzo-y-abril-referencial\\\/#breadcrumb\",\"itemListElement\":[{\"@type\":\"ListItem\",\"position\":1,\"name\":\"Portada\",\"item\":\"https:\\\/\\\/webdelmaestrocmf.com\\\/portal\\\/\"},{\"@type\":\"ListItem\",\"position\":2,\"name\":\"Recursos\",\"item\":\"https:\\\/\\\/webdelmaestrocmf.com\\\/portal\\\/category\\\/pedagogia\\\/\"},{\"@type\":\"ListItem\",\"position\":3,\"name\":\"Propuesta Plan de Trabajo Marzo y Abril &#8211; referencial\"}]},{\"@type\":\"WebSite\",\"@id\":\"https:\\\/\\\/webdelmaestrocmf.com\\\/portal\\\/#website\",\"url\":\"https:\\\/\\\/webdelmaestrocmf.com\\\/portal\\\/\",\"name\":\"Web del Maestro CMF\",\"description\":\"Maestros al servicio de la educaci\u00f3n\",\"publisher\":{\"@id\":\"https:\\\/\\\/webdelmaestrocmf.com\\\/portal\\\/#organization\"},\"alternateName\":\"WMCMF\",\"potentialAction\":[{\"@type\":\"SearchAction\",\"target\":{\"@type\":\"EntryPoint\",\"urlTemplate\":\"https:\\\/\\\/webdelmaestrocmf.com\\\/portal\\\/?s={search_term_string}\"},\"query-input\":{\"@type\":\"PropertyValueSpecification\",\"valueRequired\":true,\"valueName\":\"search_term_string\"}}],\"inLanguage\":\"es\"},{\"@type\":\"Organization\",\"@id\":\"https:\\\/\\\/webdelmaestrocmf.com\\\/portal\\\/#organization\",\"name\":\"Web del Maestro CMF\",\"alternateName\":\"WMCMF\",\"url\":\"https:\\\/\\\/webdelmaestrocmf.com\\\/portal\\\/\",\"logo\":{\"@type\":\"ImageObject\",\"inLanguage\":\"es\",\"@id\":\"https:\\\/\\\/webdelmaestrocmf.com\\\/portal\\\/#\\\/schema\\\/logo\\\/image\\\/\",\"url\":\"https:\\\/\\\/webdelmaestrocmf.com\\\/portal\\\/wp-content\\\/uploads\\\/2023\\\/01\\\/logo-wmcmf-2.png\",\"contentUrl\":\"https:\\\/\\\/webdelmaestrocmf.com\\\/portal\\\/wp-content\\\/uploads\\\/2023\\\/01\\\/logo-wmcmf-2.png\",\"width\":200,\"height\":60,\"caption\":\"Web del Maestro CMF\"},\"image\":{\"@id\":\"https:\\\/\\\/webdelmaestrocmf.com\\\/portal\\\/#\\\/schema\\\/logo\\\/image\\\/\"},\"sameAs\":[\"https:\\\/\\\/www.facebook.com\\\/WebdelMaestroCMF\\\/\",\"https:\\\/\\\/x.com\\\/cmf_w\",\"https:\\\/\\\/www.pinterest.com\\\/WMCMF\\\/\",\"https:\\\/\\\/www.linkedin.com\\\/company\\\/web-del-maestro-cmf\\\/\",\"https:\\\/\\\/www.instagram.com\\\/wmcmf\\\/\",\"https:\\\/\\\/www.youtube.com\\\/channel\\\/UCDPSvjbdodE5sHnC3OxutHw\",\"https:\\\/\\\/mastodon.social\\\/@wmcmf\",\"https:\\\/\\\/www.tiktok.com\\\/@webdelmaestrocmf\"]},{\"@type\":\"Person\",\"@id\":\"https:\\\/\\\/webdelmaestrocmf.com\\\/portal\\\/#\\\/schema\\\/person\\\/1072a2ed7bd960df8ef99a551fa35dc5\",\"name\":\"Web del Maestro CMF\",\"image\":{\"@type\":\"ImageObject\",\"inLanguage\":\"es\",\"@id\":\"https:\\\/\\\/secure.gravatar.com\\\/avatar\\\/23291dd5b5ae1077dcff3dbb04c3e02bd28403fa75af6d8787d5e97c5bbbe30b?s=96&d=mm&r=g\",\"url\":\"https:\\\/\\\/secure.gravatar.com\\\/avatar\\\/23291dd5b5ae1077dcff3dbb04c3e02bd28403fa75af6d8787d5e97c5bbbe30b?s=96&d=mm&r=g\",\"contentUrl\":\"https:\\\/\\\/secure.gravatar.com\\\/avatar\\\/23291dd5b5ae1077dcff3dbb04c3e02bd28403fa75af6d8787d5e97c5bbbe30b?s=96&d=mm&r=g\",\"caption\":\"Web del Maestro CMF\"},\"description\":\"Esta Web se cre\u00f3 sin fines de lucro, con fines educativos, cient\u00edficos y acad\u00e9micos, para personas que tengan dificultades y\\\/o inconvenientes en visualizar el material original. El objetivo es entregar recursos, compartir experiencias y materiales que ayuden a los padres de familia, maestros y estudiantes en su actualizaci\u00f3n y formaci\u00f3n permanente, en bien de la Educaci\u00f3n.\",\"sameAs\":[\"http:\\\/\\\/webdelmaestrocmf.com\\\/portal\",\"https:\\\/\\\/www.facebook.com\\\/WebdelMaestroCMF\\\/\",\"https:\\\/\\\/www.instagram.com\\\/wmcmf\\\/\",\"https:\\\/\\\/cl.linkedin.com\\\/company\\\/web-del-maestro-cmf\",\"https:\\\/\\\/www.pinterest.com\\\/WMCMF\\\/publicaciones\\\/\",\"https:\\\/\\\/x.com\\\/cmf_w\",\"https:\\\/\\\/www.youtube.com\\\/@WMCMF\"]}]}<\/script>\n<!-- \/ Yoast SEO plugin. -->","yoast_head_json":{"title":"Propuesta Plan de Trabajo Marzo y Abril - referencial - 2026","description":"Siguiendo con nuestra l\u00ednea de apoyo a la formaci\u00f3n permanente de los educadores, y dadas las circunstancias (en m\u00e1s de 100 pa\u00edses del mundo)...","robots":{"index":"index","follow":"follow","max-snippet":"max-snippet:-1","max-image-preview":"max-image-preview:large","max-video-preview":"max-video-preview:-1"},"canonical":"https:\/\/webdelmaestrocmf.com\/portal\/propuesta-plan-de-trabajo-marzo-y-abril-referencial\/","og_locale":"es_ES","og_type":"article","og_title":"Propuesta Plan de Trabajo Marzo y Abril - referencial - 2026","og_description":"Siguiendo con nuestra l\u00ednea de apoyo a la formaci\u00f3n permanente de los educadores, y dadas las circunstancias (en m\u00e1s de 100 pa\u00edses del mundo)...","og_url":"https:\/\/webdelmaestrocmf.com\/portal\/propuesta-plan-de-trabajo-marzo-y-abril-referencial\/","og_site_name":"Web del Maestro CMF","article_publisher":"https:\/\/www.facebook.com\/WebdelMaestroCMF\/","article_author":"https:\/\/www.facebook.com\/WebdelMaestroCMF\/","article_published_time":"2020-04-07T00:12:59+00:00","article_modified_time":"2020-04-07T13:47:33+00:00","og_image":[{"width":1100,"height":680,"url":"https:\/\/i0.wp.com\/webdelmaestrocmf.com\/portal\/wp-content\/uploads\/2020\/04\/3-28.jpg?fit=1100%2C680&ssl=1","type":"image\/jpeg"}],"author":"Web del Maestro CMF","twitter_card":"summary_large_image","twitter_creator":"@cmf_w","twitter_site":"@cmf_w","schema":{"@context":"https:\/\/schema.org","@graph":[{"@type":"ScholarlyArticle","@id":"https:\/\/webdelmaestrocmf.com\/portal\/propuesta-plan-de-trabajo-marzo-y-abril-referencial\/#article","isPartOf":{"@id":"https:\/\/webdelmaestrocmf.com\/portal\/propuesta-plan-de-trabajo-marzo-y-abril-referencial\/"},"author":{"name":"Web del Maestro CMF","@id":"https:\/\/webdelmaestrocmf.com\/portal\/#\/schema\/person\/1072a2ed7bd960df8ef99a551fa35dc5"},"headline":"Propuesta Plan de Trabajo Marzo y Abril &#8211; referencial","datePublished":"2020-04-07T00:12:59+00:00","dateModified":"2020-04-07T13:47:33+00:00","mainEntityOfPage":{"@id":"https:\/\/webdelmaestrocmf.com\/portal\/propuesta-plan-de-trabajo-marzo-y-abril-referencial\/"},"wordCount":262,"commentCount":0,"publisher":{"@id":"https:\/\/webdelmaestrocmf.com\/portal\/#organization"},"image":{"@id":"https:\/\/webdelmaestrocmf.com\/portal\/propuesta-plan-de-trabajo-marzo-y-abril-referencial\/#primaryimage"},"thumbnailUrl":"https:\/\/webdelmaestrocmf.com\/portal\/wp-content\/uploads\/2020\/04\/3-28.jpg","keywords":["abril","MARZO","PLAN","PROPUESTA","trabajo"],"articleSection":["Descargas Manuales PDF","Recursos"],"inLanguage":"es","potentialAction":[{"@type":"CommentAction","name":"Comment","target":["https:\/\/webdelmaestrocmf.com\/portal\/propuesta-plan-de-trabajo-marzo-y-abril-referencial\/#respond"]}]},{"@type":"WebPage","@id":"https:\/\/webdelmaestrocmf.com\/portal\/propuesta-plan-de-trabajo-marzo-y-abril-referencial\/","url":"https:\/\/webdelmaestrocmf.com\/portal\/propuesta-plan-de-trabajo-marzo-y-abril-referencial\/","name":"Propuesta Plan de Trabajo Marzo y Abril - referencial - 2026","isPartOf":{"@id":"https:\/\/webdelmaestrocmf.com\/portal\/#website"},"primaryImageOfPage":{"@id":"https:\/\/webdelmaestrocmf.com\/portal\/propuesta-plan-de-trabajo-marzo-y-abril-referencial\/#primaryimage"},"image":{"@id":"https:\/\/webdelmaestrocmf.com\/portal\/propuesta-plan-de-trabajo-marzo-y-abril-referencial\/#primaryimage"},"thumbnailUrl":"https:\/\/webdelmaestrocmf.com\/portal\/wp-content\/uploads\/2020\/04\/3-28.jpg","datePublished":"2020-04-07T00:12:59+00:00","dateModified":"2020-04-07T13:47:33+00:00","description":"Siguiendo con nuestra l\u00ednea de apoyo a la formaci\u00f3n permanente de los educadores, y dadas las circunstancias (en m\u00e1s de 100 pa\u00edses del mundo)...","breadcrumb":{"@id":"https:\/\/webdelmaestrocmf.com\/portal\/propuesta-plan-de-trabajo-marzo-y-abril-referencial\/#breadcrumb"},"inLanguage":"es","potentialAction":[{"@type":"ReadAction","target":["https:\/\/webdelmaestrocmf.com\/portal\/propuesta-plan-de-trabajo-marzo-y-abril-referencial\/"]}]},{"@type":"ImageObject","inLanguage":"es","@id":"https:\/\/webdelmaestrocmf.com\/portal\/propuesta-plan-de-trabajo-marzo-y-abril-referencial\/#primaryimage","url":"https:\/\/webdelmaestrocmf.com\/portal\/wp-content\/uploads\/2020\/04\/3-28.jpg","contentUrl":"https:\/\/webdelmaestrocmf.com\/portal\/wp-content\/uploads\/2020\/04\/3-28.jpg","width":1100,"height":680},{"@type":"BreadcrumbList","@id":"https:\/\/webdelmaestrocmf.com\/portal\/propuesta-plan-de-trabajo-marzo-y-abril-referencial\/#breadcrumb","itemListElement":[{"@type":"ListItem","position":1,"name":"Portada","item":"https:\/\/webdelmaestrocmf.com\/portal\/"},{"@type":"ListItem","position":2,"name":"Recursos","item":"https:\/\/webdelmaestrocmf.com\/portal\/category\/pedagogia\/"},{"@type":"ListItem","position":3,"name":"Propuesta Plan de Trabajo Marzo y Abril &#8211; referencial"}]},{"@type":"WebSite","@id":"https:\/\/webdelmaestrocmf.com\/portal\/#website","url":"https:\/\/webdelmaestrocmf.com\/portal\/","name":"Web del Maestro CMF","description":"Maestros al servicio de la educaci\u00f3n","publisher":{"@id":"https:\/\/webdelmaestrocmf.com\/portal\/#organization"},"alternateName":"WMCMF","potentialAction":[{"@type":"SearchAction","target":{"@type":"EntryPoint","urlTemplate":"https:\/\/webdelmaestrocmf.com\/portal\/?s={search_term_string}"},"query-input":{"@type":"PropertyValueSpecification","valueRequired":true,"valueName":"search_term_string"}}],"inLanguage":"es"},{"@type":"Organization","@id":"https:\/\/webdelmaestrocmf.com\/portal\/#organization","name":"Web del Maestro CMF","alternateName":"WMCMF","url":"https:\/\/webdelmaestrocmf.com\/portal\/","logo":{"@type":"ImageObject","inLanguage":"es","@id":"https:\/\/webdelmaestrocmf.com\/portal\/#\/schema\/logo\/image\/","url":"https:\/\/webdelmaestrocmf.com\/portal\/wp-content\/uploads\/2023\/01\/logo-wmcmf-2.png","contentUrl":"https:\/\/webdelmaestrocmf.com\/portal\/wp-content\/uploads\/2023\/01\/logo-wmcmf-2.png","width":200,"height":60,"caption":"Web del Maestro CMF"},"image":{"@id":"https:\/\/webdelmaestrocmf.com\/portal\/#\/schema\/logo\/image\/"},"sameAs":["https:\/\/www.facebook.com\/WebdelMaestroCMF\/","https:\/\/x.com\/cmf_w","https:\/\/www.pinterest.com\/WMCMF\/","https:\/\/www.linkedin.com\/company\/web-del-maestro-cmf\/","https:\/\/www.instagram.com\/wmcmf\/","https:\/\/www.youtube.com\/channel\/UCDPSvjbdodE5sHnC3OxutHw","https:\/\/mastodon.social\/@wmcmf","https:\/\/www.tiktok.com\/@webdelmaestrocmf"]},{"@type":"Person","@id":"https:\/\/webdelmaestrocmf.com\/portal\/#\/schema\/person\/1072a2ed7bd960df8ef99a551fa35dc5","name":"Web del Maestro CMF","image":{"@type":"ImageObject","inLanguage":"es","@id":"https:\/\/secure.gravatar.com\/avatar\/23291dd5b5ae1077dcff3dbb04c3e02bd28403fa75af6d8787d5e97c5bbbe30b?s=96&d=mm&r=g","url":"https:\/\/secure.gravatar.com\/avatar\/23291dd5b5ae1077dcff3dbb04c3e02bd28403fa75af6d8787d5e97c5bbbe30b?s=96&d=mm&r=g","contentUrl":"https:\/\/secure.gravatar.com\/avatar\/23291dd5b5ae1077dcff3dbb04c3e02bd28403fa75af6d8787d5e97c5bbbe30b?s=96&d=mm&r=g","caption":"Web del Maestro CMF"},"description":"Esta Web se cre\u00f3 sin fines de lucro, con fines educativos, cient\u00edficos y acad\u00e9micos, para personas que tengan dificultades y\/o inconvenientes en visualizar el material original. El objetivo es entregar recursos, compartir experiencias y materiales que ayuden a los padres de familia, maestros y estudiantes en su actualizaci\u00f3n y formaci\u00f3n permanente, en bien de la Educaci\u00f3n.","sameAs":["http:\/\/webdelmaestrocmf.com\/portal","https:\/\/www.facebook.com\/WebdelMaestroCMF\/","https:\/\/www.instagram.com\/wmcmf\/","https:\/\/cl.linkedin.com\/company\/web-del-maestro-cmf","https:\/\/www.pinterest.com\/WMCMF\/publicaciones\/","https:\/\/x.com\/cmf_w","https:\/\/www.youtube.com\/@WMCMF"]}]}},"jetpack_featured_media_url":"https:\/\/webdelmaestrocmf.com\/portal\/wp-content\/uploads\/2020\/04\/3-28.jpg","jetpack_sharing_enabled":true,"jetpack-related-posts":[{"id":102696,"url":"https:\/\/webdelmaestrocmf.com\/portal\/como-dar-una-clase-efectiva-consejos-para-docentes\/","url_meta":{"origin":46205,"position":0},"title":"C\u00f3mo dar una clase efectiva: consejos para docentes","author":"Web del Maestro CMF","date":"19 junio, 2025","format":false,"excerpt":"Planear y dar una clase efectiva no es una tarea sencilla; implica considerar numerosos aspectos que van desde las caracter\u00edsticas de los alumnos hasta el contexto y los recursos disponibles. Ya seas un experimentado docente o te est\u00e9s iniciando en esta noble profesi\u00f3n, siempre surgir\u00e1n dudas acerca de c\u00f3mo abordar\u2026","rel":"","context":"En \u00abClases\u00bb","block_context":{"text":"Clases","link":"https:\/\/webdelmaestrocmf.com\/portal\/category\/pedagogia\/clases\/"},"img":{"alt_text":"clase efectiva","src":"https:\/\/i0.wp.com\/webdelmaestrocmf.com\/portal\/wp-content\/uploads\/2024\/01\/Banner-1-portada-imagen-10-8.jpg?resize=350%2C200&ssl=1","width":350,"height":200,"srcset":"https:\/\/i0.wp.com\/webdelmaestrocmf.com\/portal\/wp-content\/uploads\/2024\/01\/Banner-1-portada-imagen-10-8.jpg?resize=350%2C200&ssl=1 1x, https:\/\/i0.wp.com\/webdelmaestrocmf.com\/portal\/wp-content\/uploads\/2024\/01\/Banner-1-portada-imagen-10-8.jpg?resize=525%2C300&ssl=1 1.5x, https:\/\/i0.wp.com\/webdelmaestrocmf.com\/portal\/wp-content\/uploads\/2024\/01\/Banner-1-portada-imagen-10-8.jpg?resize=700%2C400&ssl=1 2x"},"classes":[]},{"id":109376,"url":"https:\/\/webdelmaestrocmf.com\/portal\/guia-practica-como-usar-chattube-y-google-docs-en-tus-clases-virtuales\/","url_meta":{"origin":46205,"position":1},"title":"Gu\u00eda pr\u00e1ctica: c\u00f3mo usar ChatTube y Google Docs en tus clases virtuales","author":"Web del Maestro CMF","date":"12 junio, 2025","format":false,"excerpt":"En junio de 2025, la docente Elizabeth Chiuyare comparti\u00f3 una experiencia pedag\u00f3gica concreta que ilustra c\u00f3mo combinar eficazmente dos herramientas tecnol\u00f3gicas \u2014ChatTube y Google Docs\u2014 para enriquecer el aprendizaje en clases online. Su gu\u00eda no solo describe paso a paso el uso de estas plataformas, sino que adem\u00e1s ofrece ideas\u2026","rel":"","context":"En \u00abSoftware\u00bb","block_context":{"text":"Software","link":"https:\/\/webdelmaestrocmf.com\/portal\/category\/tecnologia\/software\/"},"img":{"alt_text":"","src":"https:\/\/i0.wp.com\/webdelmaestrocmf.com\/portal\/wp-content\/uploads\/2025\/06\/1A-Banner-1-portada-imagen-10-1-5-1.jpg?resize=350%2C200&ssl=1","width":350,"height":200,"srcset":"https:\/\/i0.wp.com\/webdelmaestrocmf.com\/portal\/wp-content\/uploads\/2025\/06\/1A-Banner-1-portada-imagen-10-1-5-1.jpg?resize=350%2C200&ssl=1 1x, https:\/\/i0.wp.com\/webdelmaestrocmf.com\/portal\/wp-content\/uploads\/2025\/06\/1A-Banner-1-portada-imagen-10-1-5-1.jpg?resize=525%2C300&ssl=1 1.5x, https:\/\/i0.wp.com\/webdelmaestrocmf.com\/portal\/wp-content\/uploads\/2025\/06\/1A-Banner-1-portada-imagen-10-1-5-1.jpg?resize=700%2C400&ssl=1 2x"},"classes":[]},{"id":117458,"url":"https:\/\/webdelmaestrocmf.com\/portal\/matematicas-con-sentido-descarga-las-fichas-de-matematicas-y-futbol\/","url_meta":{"origin":46205,"position":2},"title":"Matem\u00e1ticas con sentido: Descarga las fichas de matem\u00e1ticas y f\u00fatbol","author":"Web del Maestro CMF","date":"8 abril, 2026","format":false,"excerpt":"Recurso educativo que integra f\u00fatbol y matem\u00e1ticas con fichas listas para usar. Desarrolla c\u00e1lculo mental, razonamiento l\u00f3gico y motivaci\u00f3n estudiantil, facilitando clases din\u00e1micas, pr\u00e1cticas y significativas desde el primer momento.","rel":"","context":"En \u00abDescarga\u00bb","block_context":{"text":"Descarga","link":"https:\/\/webdelmaestrocmf.com\/portal\/category\/descarga\/"},"img":{"alt_text":"","src":"https:\/\/i0.wp.com\/webdelmaestrocmf.com\/portal\/wp-content\/uploads\/2026\/04\/1AA-Banner-1-portada-imagen-10-1-copia-3.webp?resize=350%2C200&ssl=1","width":350,"height":200,"srcset":"https:\/\/i0.wp.com\/webdelmaestrocmf.com\/portal\/wp-content\/uploads\/2026\/04\/1AA-Banner-1-portada-imagen-10-1-copia-3.webp?resize=350%2C200&ssl=1 1x, https:\/\/i0.wp.com\/webdelmaestrocmf.com\/portal\/wp-content\/uploads\/2026\/04\/1AA-Banner-1-portada-imagen-10-1-copia-3.webp?resize=525%2C300&ssl=1 1.5x, https:\/\/i0.wp.com\/webdelmaestrocmf.com\/portal\/wp-content\/uploads\/2026\/04\/1AA-Banner-1-portada-imagen-10-1-copia-3.webp?resize=700%2C400&ssl=1 2x, https:\/\/i0.wp.com\/webdelmaestrocmf.com\/portal\/wp-content\/uploads\/2026\/04\/1AA-Banner-1-portada-imagen-10-1-copia-3.webp?resize=1050%2C600&ssl=1 3x"},"classes":[]},{"id":112054,"url":"https:\/\/webdelmaestrocmf.com\/portal\/docentes-descarguen-la-nueva-guia-practica-para-trabajar-las-emociones-en-el-aula\/","url_meta":{"origin":46205,"position":3},"title":"Docentes, descarguen la nueva gu\u00eda pr\u00e1ctica para trabajar las emociones en el aula","author":"Web del Maestro CMF","date":"11 septiembre, 2025","format":false,"excerpt":"La gu\u00eda propone actividades pr\u00e1cticas para reconocer, expresar y gestionar emociones, fortaleciendo autoestima, empat\u00eda, convivencia escolar y aprendizaje significativo.","rel":"","context":"En \u00abEmociones\u00bb","block_context":{"text":"Emociones","link":"https:\/\/webdelmaestrocmf.com\/portal\/category\/pedagogia\/emociones\/"},"img":{"alt_text":"","src":"https:\/\/i0.wp.com\/webdelmaestrocmf.com\/portal\/wp-content\/uploads\/2025\/09\/1A-Banner-1-portada-imagen-10-1-copia-2025-09-11T132059.065.webp?resize=350%2C200&ssl=1","width":350,"height":200,"srcset":"https:\/\/i0.wp.com\/webdelmaestrocmf.com\/portal\/wp-content\/uploads\/2025\/09\/1A-Banner-1-portada-imagen-10-1-copia-2025-09-11T132059.065.webp?resize=350%2C200&ssl=1 1x, https:\/\/i0.wp.com\/webdelmaestrocmf.com\/portal\/wp-content\/uploads\/2025\/09\/1A-Banner-1-portada-imagen-10-1-copia-2025-09-11T132059.065.webp?resize=525%2C300&ssl=1 1.5x, https:\/\/i0.wp.com\/webdelmaestrocmf.com\/portal\/wp-content\/uploads\/2025\/09\/1A-Banner-1-portada-imagen-10-1-copia-2025-09-11T132059.065.webp?resize=700%2C400&ssl=1 2x"},"classes":[]},{"id":105153,"url":"https:\/\/webdelmaestrocmf.com\/portal\/tipos-de-trabajos-escritos-que-puede-pedir-un-docente-y-rubrica-de-evaluacion\/","url_meta":{"origin":46205,"position":4},"title":"Tipos de trabajos escritos que puede pedir un docente y r\u00fabrica de evaluaci\u00f3n","author":"Web del Maestro CMF","date":"25 abril, 2024","format":false,"excerpt":"Los docentes pueden solicitar diversos tipos de trabajos escritos a sus estudiantes con el fin de evaluar su comprensi\u00f3n de los temas abordados en clase, sus habilidades de investigaci\u00f3n, an\u00e1lisis y comunicaci\u00f3n escrita.\u00a0 En el \u00e1mbito educativo, los trabajos escritos son herramientas valiosas que permiten a los docentes evaluar la\u2026","rel":"","context":"En \u00abDocentes\u00bb","block_context":{"text":"Docentes","link":"https:\/\/webdelmaestrocmf.com\/portal\/category\/pedagogia\/docentes\/"},"img":{"alt_text":"trabajos escritos","src":"https:\/\/i0.wp.com\/webdelmaestrocmf.com\/portal\/wp-content\/uploads\/2024\/04\/Banner-1-portada-imagen-10-1-43.jpg?resize=350%2C200&ssl=1","width":350,"height":200,"srcset":"https:\/\/i0.wp.com\/webdelmaestrocmf.com\/portal\/wp-content\/uploads\/2024\/04\/Banner-1-portada-imagen-10-1-43.jpg?resize=350%2C200&ssl=1 1x, https:\/\/i0.wp.com\/webdelmaestrocmf.com\/portal\/wp-content\/uploads\/2024\/04\/Banner-1-portada-imagen-10-1-43.jpg?resize=525%2C300&ssl=1 1.5x, https:\/\/i0.wp.com\/webdelmaestrocmf.com\/portal\/wp-content\/uploads\/2024\/04\/Banner-1-portada-imagen-10-1-43.jpg?resize=700%2C400&ssl=1 2x"},"classes":[]},{"id":72679,"url":"https:\/\/webdelmaestrocmf.com\/portal\/estas-son-las-20-propuestas-educativas-del-ministerio-de-educacion-de-chile-para-enfrentar-efectos-de-la-pandemia-en-el-2022\/","url_meta":{"origin":46205,"position":5},"title":"Estas son las 20 propuestas educativas del Ministerio de educaci\u00f3n de Chile","author":"Web del Maestro CMF","date":"4 enero, 2022","format":false,"excerpt":"\u201cJuntos, Chile se recupera y aprende\u201d es el nombre del plan creado por la cartera de educaci\u00f3n que busca trazar una hoja de ruta para los pr\u00f3ximos cuatro a\u00f1os, con particular \u00e9nfasis en mitigar los efectos de la pandemia. El plan fue creado bajo instancias participativas. Si bien el 98%\u2026","rel":"","context":"En \u00abNoticias\u00bb","block_context":{"text":"Noticias","link":"https:\/\/webdelmaestrocmf.com\/portal\/category\/pedagogia\/noticias-pedagogia\/"},"img":{"alt_text":"","src":"https:\/\/i0.wp.com\/webdelmaestrocmf.com\/portal\/wp-content\/uploads\/2022\/01\/1-17.jpg?resize=350%2C200&ssl=1","width":350,"height":200,"srcset":"https:\/\/i0.wp.com\/webdelmaestrocmf.com\/portal\/wp-content\/uploads\/2022\/01\/1-17.jpg?resize=350%2C200&ssl=1 1x, https:\/\/i0.wp.com\/webdelmaestrocmf.com\/portal\/wp-content\/uploads\/2022\/01\/1-17.jpg?resize=525%2C300&ssl=1 1.5x, https:\/\/i0.wp.com\/webdelmaestrocmf.com\/portal\/wp-content\/uploads\/2022\/01\/1-17.jpg?resize=700%2C400&ssl=1 2x, https:\/\/i0.wp.com\/webdelmaestrocmf.com\/portal\/wp-content\/uploads\/2022\/01\/1-17.jpg?resize=1050%2C600&ssl=1 3x"},"classes":[]}],"_links":{"self":[{"href":"https:\/\/webdelmaestrocmf.com\/portal\/wp-json\/wp\/v2\/posts\/46205","targetHints":{"allow":["GET"]}}],"collection":[{"href":"https:\/\/webdelmaestrocmf.com\/portal\/wp-json\/wp\/v2\/posts"}],"about":[{"href":"https:\/\/webdelmaestrocmf.com\/portal\/wp-json\/wp\/v2\/types\/post"}],"author":[{"embeddable":true,"href":"https:\/\/webdelmaestrocmf.com\/portal\/wp-json\/wp\/v2\/users\/1"}],"replies":[{"embeddable":true,"href":"https:\/\/webdelmaestrocmf.com\/portal\/wp-json\/wp\/v2\/comments?post=46205"}],"version-history":[{"count":0,"href":"https:\/\/webdelmaestrocmf.com\/portal\/wp-json\/wp\/v2\/posts\/46205\/revisions"}],"wp:featuredmedia":[{"embeddable":true,"href":"https:\/\/webdelmaestrocmf.com\/portal\/wp-json\/wp\/v2\/media\/46207"}],"wp:attachment":[{"href":"https:\/\/webdelmaestrocmf.com\/portal\/wp-json\/wp\/v2\/media?parent=46205"}],"wp:term":[{"taxonomy":"category","embeddable":true,"href":"https:\/\/webdelmaestrocmf.com\/portal\/wp-json\/wp\/v2\/categories?post=46205"},{"taxonomy":"post_tag","embeddable":true,"href":"https:\/\/webdelmaestrocmf.com\/portal\/wp-json\/wp\/v2\/tags?post=46205"}],"curies":[{"name":"wp","href":"https:\/\/api.w.org\/{rel}","templated":true}]}}