{"id":46152,"date":"2020-04-05T17:27:55","date_gmt":"2020-04-05T21:27:55","guid":{"rendered":"https:\/\/webdelmaestrocmf.com\/portal\/?p=46152"},"modified":"2020-04-05T17:28:29","modified_gmt":"2020-04-05T21:28:29","slug":"maria-palacios-que-hacen-los-maestros-en-cuarentena","status":"publish","type":"post","link":"https:\/\/webdelmaestrocmf.com\/portal\/maria-palacios-que-hacen-los-maestros-en-cuarentena\/","title":{"rendered":"[Mar\u00eda Palacios] \u00bfQu\u00e9 hacen los maestros en cuarentena?"},"content":{"rendered":"<h5 style=\"text-align: justify;\">Los maestros en cuarentena asumen con actitud positiva y discreta todo tipo de circunstancias.<\/h5>\n<h5 style=\"text-align: justify;\">Los maestros en cuarentena, si son madres o padres, tienen un doble reto, porque nunca les sobrar\u00e1 tiempo para atender todos sus quehaceres y actividades laborales.<\/h5>\n<h5 style=\"text-align: justify;\">Los maestros en cuarentena comienzan desde cero sus programaciones, porque todo lo planificado durante meses enteros debe ser replanteado y modificado.<\/h5>\n<p><!--more--><\/p>\n<p style=\"text-align: justify;\">Los maestros en cuarentena se multiplican para atender llamadas de sus estudiantes, padres, colegas, sin contar las de sus familiares y amigos.<\/p>\n<p><img loading=\"lazy\" decoding=\"async\" class=\"alignnone size-full\" src=\"https:\/\/cdn.dribbble.com\/users\/298353\/screenshots\/3426511\/kinteract-illustration-blur-small.gif\" width=\"800\" height=\"600\" \/><\/p>\n<p style=\"text-align: justify;\">Los maestros en cuarentena no saben a qu\u00e9 hora se despiertan o se acuestan, porque aun en este tiempo no saben cu\u00e1ndo termina su trabajo, incluyendo los s\u00e1bados y domingos.<\/p>\n<p style=\"text-align: justify;\">Los maestros en cuarentena se las ingenian para organizar sus propias labores de familia y las de su trabajo, porque, aunque no van a la escuela, est\u00e1n trabajando m\u00e1s desde casa.<\/p>\n<p style=\"text-align: justify;\">Los maestros en cuarentena leen, investigan y se capacitan en uno, dos, tres o hasta cuatro cursos virtuales diarios (hasta tiempo les falta), porque est\u00e1n dispuestos a entregar todo de s\u00ed para brindarles una educaci\u00f3n de calidad a todos sus estudiantes.<\/p>\n<p style=\"text-align: justify;\">Los maestros en cuarentena, a pesar de la distancia f\u00edsica, asumen otros roles, como el de psic\u00f3logos, consejeros, padres o madres, atendiendo las dudas, escuchando los miedos, testimonios, an\u00e9cdotas e ilusiones de sus estudiantes y padres de familia.<\/p>\n<p><img loading=\"lazy\" decoding=\"async\" class=\"alignnone size-full wp-image-46154\" src=\"https:\/\/webdelmaestrocmf.com\/portal\/wp-content\/uploads\/2020\/04\/1-1.png\" alt=\"\" width=\"800\" height=\"600\" srcset=\"https:\/\/webdelmaestrocmf.com\/portal\/wp-content\/uploads\/2020\/04\/1-1.png 800w, https:\/\/webdelmaestrocmf.com\/portal\/wp-content\/uploads\/2020\/04\/1-1-300x225.png 300w, https:\/\/webdelmaestrocmf.com\/portal\/wp-content\/uploads\/2020\/04\/1-1-768x576.png 768w, https:\/\/webdelmaestrocmf.com\/portal\/wp-content\/uploads\/2020\/04\/1-1-110x83.png 110w, https:\/\/webdelmaestrocmf.com\/portal\/wp-content\/uploads\/2020\/04\/1-1-200x150.png 200w, https:\/\/webdelmaestrocmf.com\/portal\/wp-content\/uploads\/2020\/04\/1-1-380x285.png 380w, https:\/\/webdelmaestrocmf.com\/portal\/wp-content\/uploads\/2020\/04\/1-1-255x191.png 255w, https:\/\/webdelmaestrocmf.com\/portal\/wp-content\/uploads\/2020\/04\/1-1-550x413.png 550w\" sizes=\"auto, (max-width: 800px) 100vw, 800px\" \/><\/p>\n<p style=\"text-align: justify;\">Los maestros en cuarentena tambi\u00e9n se cansan, pero siempre encuentran a alguien cercano, o se refugian en la oraci\u00f3n para aligerar sus cargas y terminar el d\u00eda agradeciendo por todo bien entregado.<\/p>\n<p style=\"text-align: justify;\">Los maestros en cuarentena oran el doble o el triple, porque en sus pensamientos siempre est\u00e1n, adem\u00e1s de sus seres queridos, sus estudiantes y amigos.<\/p>\n<p style=\"text-align: justify;\">Los maestros en cuarentena no se quejan, porque prefieren sonre\u00edr y tomar todo con sentido del humor, aprendiendo cosas nuevas de su labor educativa cada d\u00eda.<\/p>\n<p style=\"text-align: justify;\">Los maestros en cuarentena se apasionan siempre por lo que hacen y contin\u00faan construyendo en silencio los sue\u00f1os de quienes transformar\u00e1n esta sociedad.<\/p>\n<p><iframe loading=\"lazy\" src=\"https:\/\/www.youtube.com\/embed\/1s6r3DsTFLQ\" width=\"100%\" height=\"400\" frameborder=\"0\" allowfullscreen=\"allowfullscreen\"><span data-mce-type=\"bookmark\" style=\"display: inline-block; width: 0px; overflow: hidden; line-height: 0;\" class=\"mce_SELRES_start\">\ufeff<\/span><\/iframe><\/p>\n<p style=\"text-align: justify;\">Los maestros en cuarentena piden a todos que se queden en casa para m\u00e1s tarde volver a abrazar a sus estudiantes y entregarles lo mejor.<\/p>\n<p style=\"text-align: justify;\">Sin duda alguna, los maestros en cuarentena aman y hacen todo por vocaci\u00f3n.<\/p>\n<table border=\"0\" width=\"100%\" cellspacing=\"10\" cellpadding=\"10\">\n<tbody>\n<tr>\n<td><strong><img loading=\"lazy\" decoding=\"async\" class=\"size-full wp-image-27305 aligncenter\" src=\"http:\/\/webdelmaestrocmf.com\/portal\/wp-content\/uploads\/2018\/04\/Maria-Palacios.jpg\" alt=\"\" width=\"187\" height=\"187\" srcset=\"https:\/\/webdelmaestrocmf.com\/portal\/wp-content\/uploads\/2018\/04\/Maria-Palacios.jpg 187w, https:\/\/webdelmaestrocmf.com\/portal\/wp-content\/uploads\/2018\/04\/Maria-Palacios-150x150.jpg 150w, https:\/\/webdelmaestrocmf.com\/portal\/wp-content\/uploads\/2018\/04\/Maria-Palacios-144x144.jpg 144w\" sizes=\"auto, (max-width: 187px) 100vw, 187px\" \/><br \/>\n<\/strong><\/p>\n<p style=\"text-align: center;\">Autor:\u00a0<strong>Mgtr. Mar\u00eda Elisabet Palacios Almendro.<\/strong><strong><br \/>\n<\/strong>Profesora, capacitadora regional y colaboradora en su \u201cAlma Mater\u201d, la Universidad de Piura.<br \/>\nProfesora Mar\u00eda Palacios Almendro, I.E. \u201cNuestra Se\u00f1ora de Lourdes\u201d- Piura<strong><br \/>\nLocalidad:\u00a0Sullana, Piura &#8211; Per\u00fa.\u00a0<\/strong><strong><br \/>\nFacebook:\u00a0<a href=\"https:\/\/www.facebook.com\/mariaelisabet.palaciosalmendro\" target=\"_blank\" rel=\"noopener noreferrer\">mariaelisabet.palaciosalmendro<\/a><br \/>\n<\/strong><\/p>\n<\/td>\n<\/tr>\n<\/tbody>\n<\/table>\n\t\t<div class=\"pk-inline-posts\">\n\t\t\t\n\t\t\t<div class=\"pk-inline-posts-container pk-inline-posts-template-list\"\n\t\t\t\tdata-columns=\"1\">\n\t\t\t\t\t\t<article id=\"post-78175\" class=\"post-78175 post type-post status-publish format-standard has-post-thumbnail category-colaborador category-z-colaboradores-maria-palacios tag-maestros tag-maria-palacios tag-siglo tag-vocacion tag-xxi cs-entry cs-video-wrap\">\n\t\t\t<div class=\"pk-post-outer\">\n\n\t\t\t\t\t\t\t\t<div class=\"pk-post-inner\">\n\t\t\t\t\t<div class=\"entry-thumbnail\">\n\t\t\t\t\t\t<div class=\"pk-overlay pk-overlay-ratio pk-ratio-landscape\">\n\t\t\t\t\t\t\t<div class=\"pk-overlay-background\">\n\t\t\t\t\t\t\t\t<a href=\"https:\/\/webdelmaestrocmf.com\/portal\/maria-palacios-maestros-por-vocacion-del-siglo-xxi\/\" class=\"pk-overlay-link\">\n\t\t\t\t\t\t\t\t\t<img loading=\"lazy\" decoding=\"async\" width=\"300\" height=\"225\" src=\"https:\/\/webdelmaestrocmf.com\/portal\/wp-content\/uploads\/2022\/07\/1-300x225.jpg\" class=\"attachment-pk-thumbnail size-pk-thumbnail wp-post-image\" alt=\"\" \/>\t\t\t\t\t\t\t\t<\/a>\n\t\t\t\t\t\t\t<\/div>\n\t\t\t\t\t\t<\/div>\n\t\t\t\t\t<\/div>\n\t\t\t\t<\/div>\n\t\t\t\t\n\t\t\t\t<div class=\"pk-post-inner\">\n\t\t\t\t\t<header>\n\t\t\t\t\t\t<h3 class=\"pk-title\"><a href=\"https:\/\/webdelmaestrocmf.com\/portal\/maria-palacios-maestros-por-vocacion-del-siglo-xxi\/\" rel=\"bookmark\">[Mar\u00eda Palacios] Maestros por vocaci\u00f3n del Siglo XXI<\/a><\/h3>\t\t\t\t\t<\/header><!-- .entry-header -->\n\t\t\t\t<\/div><!-- .post-inner -->\n\n\t\t\t<\/div><!-- .post-outer -->\n\t\t<\/article>\n\t\t\t\t<\/div>\n\t\t<\/div>\n\t\t\n","protected":false},"excerpt":{"rendered":"Los maestros en cuarentena asumen con actitud positiva y discreta todo tipo de circunstancias. Los maestros en cuarentena,&hellip;","protected":false},"author":1,"featured_media":46153,"comment_status":"open","ping_status":"closed","sticky":false,"template":"","format":"standard","meta":{"csco_display_header_overlay":false,"csco_singular_sidebar":"default","csco_page_header_type":"default","csco_page_load_nextpost":"default","csco_post_video_location":[],"csco_post_video_location_hash":"","csco_post_video_url":"","csco_post_video_bg_start_time":0,"csco_post_video_bg_end_time":0,"csco_post_video_bg_volume":false,"_jetpack_memberships_contains_paid_content":false,"footnotes":""},"categories":[1790,3488],"tags":[4803,190,3490],"class_list":{"0":"post-46152","1":"post","2":"type-post","3":"status-publish","4":"format-standard","5":"has-post-thumbnail","7":"category-colaborador","8":"category-z-colaboradores-maria-palacios","9":"tag-cuarentena","10":"tag-maestros","11":"tag-maria-palacios","12":"cs-entry","13":"cs-video-wrap"},"yoast_head":"<!-- This site is optimized with the Yoast SEO plugin v27.5 - https:\/\/yoast.com\/product\/yoast-seo-wordpress\/ -->\n<title>[Mar\u00eda Palacios] \u00bfQu\u00e9 hacen los maestros en cuarentena? - 2026<\/title>\n<meta name=\"description\" content=\"Los maestros en cuarentena asumen con actitud positiva y discreta todo tipo de circunstancias.Los maestros en cuarentena, si son madres o padres...\" \/>\n<meta name=\"robots\" content=\"index, follow, max-snippet:-1, max-image-preview:large, max-video-preview:-1\" \/>\n<link rel=\"canonical\" href=\"https:\/\/webdelmaestrocmf.com\/portal\/maria-palacios-que-hacen-los-maestros-en-cuarentena\/\" \/>\n<meta property=\"og:locale\" content=\"es_ES\" \/>\n<meta property=\"og:type\" content=\"article\" \/>\n<meta property=\"og:title\" content=\"[Mar\u00eda Palacios] \u00bfQu\u00e9 hacen los maestros en cuarentena? - 2026\" \/>\n<meta property=\"og:description\" content=\"Los maestros en cuarentena asumen con actitud positiva y discreta todo tipo de circunstancias.Los maestros en cuarentena, si son madres o padres...\" \/>\n<meta property=\"og:url\" content=\"https:\/\/webdelmaestrocmf.com\/portal\/maria-palacios-que-hacen-los-maestros-en-cuarentena\/\" \/>\n<meta property=\"og:site_name\" content=\"Web del Maestro CMF\" \/>\n<meta property=\"article:publisher\" content=\"https:\/\/www.facebook.com\/WebdelMaestroCMF\/\" \/>\n<meta property=\"article:author\" content=\"https:\/\/www.facebook.com\/WebdelMaestroCMF\/\" \/>\n<meta property=\"article:published_time\" content=\"2020-04-05T21:27:55+00:00\" \/>\n<meta property=\"article:modified_time\" content=\"2020-04-05T21:28:29+00:00\" \/>\n<meta property=\"og:image\" content=\"https:\/\/i0.wp.com\/webdelmaestrocmf.com\/portal\/wp-content\/uploads\/2020\/04\/3-14.jpg?fit=1100%2C680&ssl=1\" \/>\n\t<meta property=\"og:image:width\" content=\"1100\" \/>\n\t<meta property=\"og:image:height\" content=\"680\" \/>\n\t<meta property=\"og:image:type\" content=\"image\/jpeg\" \/>\n<meta name=\"author\" content=\"Web del Maestro CMF\" \/>\n<meta name=\"twitter:card\" content=\"summary_large_image\" \/>\n<meta name=\"twitter:creator\" content=\"@cmf_w\" \/>\n<meta name=\"twitter:site\" content=\"@cmf_w\" \/>\n<script type=\"application\/ld+json\" class=\"yoast-schema-graph\">{\"@context\":\"https:\\\/\\\/schema.org\",\"@graph\":[{\"@type\":\"ScholarlyArticle\",\"@id\":\"https:\\\/\\\/webdelmaestrocmf.com\\\/portal\\\/maria-palacios-que-hacen-los-maestros-en-cuarentena\\\/#article\",\"isPartOf\":{\"@id\":\"https:\\\/\\\/webdelmaestrocmf.com\\\/portal\\\/maria-palacios-que-hacen-los-maestros-en-cuarentena\\\/\"},\"author\":{\"name\":\"Web del Maestro CMF\",\"@id\":\"https:\\\/\\\/webdelmaestrocmf.com\\\/portal\\\/#\\\/schema\\\/person\\\/1072a2ed7bd960df8ef99a551fa35dc5\"},\"headline\":\"[Mar\u00eda Palacios] \u00bfQu\u00e9 hacen los maestros en cuarentena?\",\"datePublished\":\"2020-04-05T21:27:55+00:00\",\"dateModified\":\"2020-04-05T21:28:29+00:00\",\"mainEntityOfPage\":{\"@id\":\"https:\\\/\\\/webdelmaestrocmf.com\\\/portal\\\/maria-palacios-que-hacen-los-maestros-en-cuarentena\\\/\"},\"wordCount\":441,\"commentCount\":0,\"publisher\":{\"@id\":\"https:\\\/\\\/webdelmaestrocmf.com\\\/portal\\\/#organization\"},\"image\":{\"@id\":\"https:\\\/\\\/webdelmaestrocmf.com\\\/portal\\\/maria-palacios-que-hacen-los-maestros-en-cuarentena\\\/#primaryimage\"},\"thumbnailUrl\":\"https:\\\/\\\/webdelmaestrocmf.com\\\/portal\\\/wp-content\\\/uploads\\\/2020\\\/04\\\/3-14.jpg\",\"keywords\":[\"cuarentena\",\"Maestros\",\"MAR\u00cdA PALACIOS\"],\"articleSection\":[\"Z-Colaboradores\",\"Z-Colaboradores-Maria-Palacios\"],\"inLanguage\":\"es\",\"potentialAction\":[{\"@type\":\"CommentAction\",\"name\":\"Comment\",\"target\":[\"https:\\\/\\\/webdelmaestrocmf.com\\\/portal\\\/maria-palacios-que-hacen-los-maestros-en-cuarentena\\\/#respond\"]}]},{\"@type\":\"WebPage\",\"@id\":\"https:\\\/\\\/webdelmaestrocmf.com\\\/portal\\\/maria-palacios-que-hacen-los-maestros-en-cuarentena\\\/\",\"url\":\"https:\\\/\\\/webdelmaestrocmf.com\\\/portal\\\/maria-palacios-que-hacen-los-maestros-en-cuarentena\\\/\",\"name\":\"[Mar\u00eda Palacios] \u00bfQu\u00e9 hacen los maestros en cuarentena? - 2026\",\"isPartOf\":{\"@id\":\"https:\\\/\\\/webdelmaestrocmf.com\\\/portal\\\/#website\"},\"primaryImageOfPage\":{\"@id\":\"https:\\\/\\\/webdelmaestrocmf.com\\\/portal\\\/maria-palacios-que-hacen-los-maestros-en-cuarentena\\\/#primaryimage\"},\"image\":{\"@id\":\"https:\\\/\\\/webdelmaestrocmf.com\\\/portal\\\/maria-palacios-que-hacen-los-maestros-en-cuarentena\\\/#primaryimage\"},\"thumbnailUrl\":\"https:\\\/\\\/webdelmaestrocmf.com\\\/portal\\\/wp-content\\\/uploads\\\/2020\\\/04\\\/3-14.jpg\",\"datePublished\":\"2020-04-05T21:27:55+00:00\",\"dateModified\":\"2020-04-05T21:28:29+00:00\",\"description\":\"Los maestros en cuarentena asumen con actitud positiva y discreta todo tipo de circunstancias.Los maestros en cuarentena, si son madres o padres...\",\"breadcrumb\":{\"@id\":\"https:\\\/\\\/webdelmaestrocmf.com\\\/portal\\\/maria-palacios-que-hacen-los-maestros-en-cuarentena\\\/#breadcrumb\"},\"inLanguage\":\"es\",\"potentialAction\":[{\"@type\":\"ReadAction\",\"target\":[\"https:\\\/\\\/webdelmaestrocmf.com\\\/portal\\\/maria-palacios-que-hacen-los-maestros-en-cuarentena\\\/\"]}]},{\"@type\":\"ImageObject\",\"inLanguage\":\"es\",\"@id\":\"https:\\\/\\\/webdelmaestrocmf.com\\\/portal\\\/maria-palacios-que-hacen-los-maestros-en-cuarentena\\\/#primaryimage\",\"url\":\"https:\\\/\\\/webdelmaestrocmf.com\\\/portal\\\/wp-content\\\/uploads\\\/2020\\\/04\\\/3-14.jpg\",\"contentUrl\":\"https:\\\/\\\/webdelmaestrocmf.com\\\/portal\\\/wp-content\\\/uploads\\\/2020\\\/04\\\/3-14.jpg\",\"width\":1100,\"height\":680},{\"@type\":\"BreadcrumbList\",\"@id\":\"https:\\\/\\\/webdelmaestrocmf.com\\\/portal\\\/maria-palacios-que-hacen-los-maestros-en-cuarentena\\\/#breadcrumb\",\"itemListElement\":[{\"@type\":\"ListItem\",\"position\":1,\"name\":\"Portada\",\"item\":\"https:\\\/\\\/webdelmaestrocmf.com\\\/portal\\\/\"},{\"@type\":\"ListItem\",\"position\":2,\"name\":\"Z-Colaboradores\",\"item\":\"https:\\\/\\\/webdelmaestrocmf.com\\\/portal\\\/category\\\/colaborador\\\/\"},{\"@type\":\"ListItem\",\"position\":3,\"name\":\"[Mar\u00eda Palacios] \u00bfQu\u00e9 hacen los maestros en cuarentena?\"}]},{\"@type\":\"WebSite\",\"@id\":\"https:\\\/\\\/webdelmaestrocmf.com\\\/portal\\\/#website\",\"url\":\"https:\\\/\\\/webdelmaestrocmf.com\\\/portal\\\/\",\"name\":\"Web del Maestro CMF\",\"description\":\"Maestros al servicio de la educaci\u00f3n\",\"publisher\":{\"@id\":\"https:\\\/\\\/webdelmaestrocmf.com\\\/portal\\\/#organization\"},\"alternateName\":\"WMCMF\",\"potentialAction\":[{\"@type\":\"SearchAction\",\"target\":{\"@type\":\"EntryPoint\",\"urlTemplate\":\"https:\\\/\\\/webdelmaestrocmf.com\\\/portal\\\/?s={search_term_string}\"},\"query-input\":{\"@type\":\"PropertyValueSpecification\",\"valueRequired\":true,\"valueName\":\"search_term_string\"}}],\"inLanguage\":\"es\"},{\"@type\":\"Organization\",\"@id\":\"https:\\\/\\\/webdelmaestrocmf.com\\\/portal\\\/#organization\",\"name\":\"Web del Maestro CMF\",\"alternateName\":\"WMCMF\",\"url\":\"https:\\\/\\\/webdelmaestrocmf.com\\\/portal\\\/\",\"logo\":{\"@type\":\"ImageObject\",\"inLanguage\":\"es\",\"@id\":\"https:\\\/\\\/webdelmaestrocmf.com\\\/portal\\\/#\\\/schema\\\/logo\\\/image\\\/\",\"url\":\"https:\\\/\\\/webdelmaestrocmf.com\\\/portal\\\/wp-content\\\/uploads\\\/2023\\\/01\\\/logo-wmcmf-2.png\",\"contentUrl\":\"https:\\\/\\\/webdelmaestrocmf.com\\\/portal\\\/wp-content\\\/uploads\\\/2023\\\/01\\\/logo-wmcmf-2.png\",\"width\":200,\"height\":60,\"caption\":\"Web del Maestro CMF\"},\"image\":{\"@id\":\"https:\\\/\\\/webdelmaestrocmf.com\\\/portal\\\/#\\\/schema\\\/logo\\\/image\\\/\"},\"sameAs\":[\"https:\\\/\\\/www.facebook.com\\\/WebdelMaestroCMF\\\/\",\"https:\\\/\\\/x.com\\\/cmf_w\",\"https:\\\/\\\/www.pinterest.com\\\/WMCMF\\\/\",\"https:\\\/\\\/www.linkedin.com\\\/company\\\/web-del-maestro-cmf\\\/\",\"https:\\\/\\\/www.instagram.com\\\/wmcmf\\\/\",\"https:\\\/\\\/www.youtube.com\\\/channel\\\/UCDPSvjbdodE5sHnC3OxutHw\",\"https:\\\/\\\/mastodon.social\\\/@wmcmf\",\"https:\\\/\\\/www.tiktok.com\\\/@webdelmaestrocmf\"]},{\"@type\":\"Person\",\"@id\":\"https:\\\/\\\/webdelmaestrocmf.com\\\/portal\\\/#\\\/schema\\\/person\\\/1072a2ed7bd960df8ef99a551fa35dc5\",\"name\":\"Web del Maestro CMF\",\"image\":{\"@type\":\"ImageObject\",\"inLanguage\":\"es\",\"@id\":\"https:\\\/\\\/secure.gravatar.com\\\/avatar\\\/23291dd5b5ae1077dcff3dbb04c3e02bd28403fa75af6d8787d5e97c5bbbe30b?s=96&d=mm&r=g\",\"url\":\"https:\\\/\\\/secure.gravatar.com\\\/avatar\\\/23291dd5b5ae1077dcff3dbb04c3e02bd28403fa75af6d8787d5e97c5bbbe30b?s=96&d=mm&r=g\",\"contentUrl\":\"https:\\\/\\\/secure.gravatar.com\\\/avatar\\\/23291dd5b5ae1077dcff3dbb04c3e02bd28403fa75af6d8787d5e97c5bbbe30b?s=96&d=mm&r=g\",\"caption\":\"Web del Maestro CMF\"},\"description\":\"Esta Web se cre\u00f3 sin fines de lucro, con fines educativos, cient\u00edficos y acad\u00e9micos, para personas que tengan dificultades y\\\/o inconvenientes en visualizar el material original. El objetivo es entregar recursos, compartir experiencias y materiales que ayuden a los padres de familia, maestros y estudiantes en su actualizaci\u00f3n y formaci\u00f3n permanente, en bien de la Educaci\u00f3n.\",\"sameAs\":[\"http:\\\/\\\/webdelmaestrocmf.com\\\/portal\",\"https:\\\/\\\/www.facebook.com\\\/WebdelMaestroCMF\\\/\",\"https:\\\/\\\/www.instagram.com\\\/wmcmf\\\/\",\"https:\\\/\\\/cl.linkedin.com\\\/company\\\/web-del-maestro-cmf\",\"https:\\\/\\\/www.pinterest.com\\\/WMCMF\\\/publicaciones\\\/\",\"https:\\\/\\\/x.com\\\/cmf_w\",\"https:\\\/\\\/www.youtube.com\\\/@WMCMF\"]}]}<\/script>\n<!-- \/ Yoast SEO plugin. -->","yoast_head_json":{"title":"[Mar\u00eda Palacios] \u00bfQu\u00e9 hacen los maestros en cuarentena? - 2026","description":"Los maestros en cuarentena asumen con actitud positiva y discreta todo tipo de circunstancias.Los maestros en cuarentena, si son madres o padres...","robots":{"index":"index","follow":"follow","max-snippet":"max-snippet:-1","max-image-preview":"max-image-preview:large","max-video-preview":"max-video-preview:-1"},"canonical":"https:\/\/webdelmaestrocmf.com\/portal\/maria-palacios-que-hacen-los-maestros-en-cuarentena\/","og_locale":"es_ES","og_type":"article","og_title":"[Mar\u00eda Palacios] \u00bfQu\u00e9 hacen los maestros en cuarentena? - 2026","og_description":"Los maestros en cuarentena asumen con actitud positiva y discreta todo tipo de circunstancias.Los maestros en cuarentena, si son madres o padres...","og_url":"https:\/\/webdelmaestrocmf.com\/portal\/maria-palacios-que-hacen-los-maestros-en-cuarentena\/","og_site_name":"Web del Maestro CMF","article_publisher":"https:\/\/www.facebook.com\/WebdelMaestroCMF\/","article_author":"https:\/\/www.facebook.com\/WebdelMaestroCMF\/","article_published_time":"2020-04-05T21:27:55+00:00","article_modified_time":"2020-04-05T21:28:29+00:00","og_image":[{"width":1100,"height":680,"url":"https:\/\/i0.wp.com\/webdelmaestrocmf.com\/portal\/wp-content\/uploads\/2020\/04\/3-14.jpg?fit=1100%2C680&ssl=1","type":"image\/jpeg"}],"author":"Web del Maestro CMF","twitter_card":"summary_large_image","twitter_creator":"@cmf_w","twitter_site":"@cmf_w","schema":{"@context":"https:\/\/schema.org","@graph":[{"@type":"ScholarlyArticle","@id":"https:\/\/webdelmaestrocmf.com\/portal\/maria-palacios-que-hacen-los-maestros-en-cuarentena\/#article","isPartOf":{"@id":"https:\/\/webdelmaestrocmf.com\/portal\/maria-palacios-que-hacen-los-maestros-en-cuarentena\/"},"author":{"name":"Web del Maestro CMF","@id":"https:\/\/webdelmaestrocmf.com\/portal\/#\/schema\/person\/1072a2ed7bd960df8ef99a551fa35dc5"},"headline":"[Mar\u00eda Palacios] \u00bfQu\u00e9 hacen los maestros en cuarentena?","datePublished":"2020-04-05T21:27:55+00:00","dateModified":"2020-04-05T21:28:29+00:00","mainEntityOfPage":{"@id":"https:\/\/webdelmaestrocmf.com\/portal\/maria-palacios-que-hacen-los-maestros-en-cuarentena\/"},"wordCount":441,"commentCount":0,"publisher":{"@id":"https:\/\/webdelmaestrocmf.com\/portal\/#organization"},"image":{"@id":"https:\/\/webdelmaestrocmf.com\/portal\/maria-palacios-que-hacen-los-maestros-en-cuarentena\/#primaryimage"},"thumbnailUrl":"https:\/\/webdelmaestrocmf.com\/portal\/wp-content\/uploads\/2020\/04\/3-14.jpg","keywords":["cuarentena","Maestros","MAR\u00cdA PALACIOS"],"articleSection":["Z-Colaboradores","Z-Colaboradores-Maria-Palacios"],"inLanguage":"es","potentialAction":[{"@type":"CommentAction","name":"Comment","target":["https:\/\/webdelmaestrocmf.com\/portal\/maria-palacios-que-hacen-los-maestros-en-cuarentena\/#respond"]}]},{"@type":"WebPage","@id":"https:\/\/webdelmaestrocmf.com\/portal\/maria-palacios-que-hacen-los-maestros-en-cuarentena\/","url":"https:\/\/webdelmaestrocmf.com\/portal\/maria-palacios-que-hacen-los-maestros-en-cuarentena\/","name":"[Mar\u00eda Palacios] \u00bfQu\u00e9 hacen los maestros en cuarentena? - 2026","isPartOf":{"@id":"https:\/\/webdelmaestrocmf.com\/portal\/#website"},"primaryImageOfPage":{"@id":"https:\/\/webdelmaestrocmf.com\/portal\/maria-palacios-que-hacen-los-maestros-en-cuarentena\/#primaryimage"},"image":{"@id":"https:\/\/webdelmaestrocmf.com\/portal\/maria-palacios-que-hacen-los-maestros-en-cuarentena\/#primaryimage"},"thumbnailUrl":"https:\/\/webdelmaestrocmf.com\/portal\/wp-content\/uploads\/2020\/04\/3-14.jpg","datePublished":"2020-04-05T21:27:55+00:00","dateModified":"2020-04-05T21:28:29+00:00","description":"Los maestros en cuarentena asumen con actitud positiva y discreta todo tipo de circunstancias.Los maestros en cuarentena, si son madres o padres...","breadcrumb":{"@id":"https:\/\/webdelmaestrocmf.com\/portal\/maria-palacios-que-hacen-los-maestros-en-cuarentena\/#breadcrumb"},"inLanguage":"es","potentialAction":[{"@type":"ReadAction","target":["https:\/\/webdelmaestrocmf.com\/portal\/maria-palacios-que-hacen-los-maestros-en-cuarentena\/"]}]},{"@type":"ImageObject","inLanguage":"es","@id":"https:\/\/webdelmaestrocmf.com\/portal\/maria-palacios-que-hacen-los-maestros-en-cuarentena\/#primaryimage","url":"https:\/\/webdelmaestrocmf.com\/portal\/wp-content\/uploads\/2020\/04\/3-14.jpg","contentUrl":"https:\/\/webdelmaestrocmf.com\/portal\/wp-content\/uploads\/2020\/04\/3-14.jpg","width":1100,"height":680},{"@type":"BreadcrumbList","@id":"https:\/\/webdelmaestrocmf.com\/portal\/maria-palacios-que-hacen-los-maestros-en-cuarentena\/#breadcrumb","itemListElement":[{"@type":"ListItem","position":1,"name":"Portada","item":"https:\/\/webdelmaestrocmf.com\/portal\/"},{"@type":"ListItem","position":2,"name":"Z-Colaboradores","item":"https:\/\/webdelmaestrocmf.com\/portal\/category\/colaborador\/"},{"@type":"ListItem","position":3,"name":"[Mar\u00eda Palacios] \u00bfQu\u00e9 hacen los maestros en cuarentena?"}]},{"@type":"WebSite","@id":"https:\/\/webdelmaestrocmf.com\/portal\/#website","url":"https:\/\/webdelmaestrocmf.com\/portal\/","name":"Web del Maestro CMF","description":"Maestros al servicio de la educaci\u00f3n","publisher":{"@id":"https:\/\/webdelmaestrocmf.com\/portal\/#organization"},"alternateName":"WMCMF","potentialAction":[{"@type":"SearchAction","target":{"@type":"EntryPoint","urlTemplate":"https:\/\/webdelmaestrocmf.com\/portal\/?s={search_term_string}"},"query-input":{"@type":"PropertyValueSpecification","valueRequired":true,"valueName":"search_term_string"}}],"inLanguage":"es"},{"@type":"Organization","@id":"https:\/\/webdelmaestrocmf.com\/portal\/#organization","name":"Web del Maestro CMF","alternateName":"WMCMF","url":"https:\/\/webdelmaestrocmf.com\/portal\/","logo":{"@type":"ImageObject","inLanguage":"es","@id":"https:\/\/webdelmaestrocmf.com\/portal\/#\/schema\/logo\/image\/","url":"https:\/\/webdelmaestrocmf.com\/portal\/wp-content\/uploads\/2023\/01\/logo-wmcmf-2.png","contentUrl":"https:\/\/webdelmaestrocmf.com\/portal\/wp-content\/uploads\/2023\/01\/logo-wmcmf-2.png","width":200,"height":60,"caption":"Web del Maestro CMF"},"image":{"@id":"https:\/\/webdelmaestrocmf.com\/portal\/#\/schema\/logo\/image\/"},"sameAs":["https:\/\/www.facebook.com\/WebdelMaestroCMF\/","https:\/\/x.com\/cmf_w","https:\/\/www.pinterest.com\/WMCMF\/","https:\/\/www.linkedin.com\/company\/web-del-maestro-cmf\/","https:\/\/www.instagram.com\/wmcmf\/","https:\/\/www.youtube.com\/channel\/UCDPSvjbdodE5sHnC3OxutHw","https:\/\/mastodon.social\/@wmcmf","https:\/\/www.tiktok.com\/@webdelmaestrocmf"]},{"@type":"Person","@id":"https:\/\/webdelmaestrocmf.com\/portal\/#\/schema\/person\/1072a2ed7bd960df8ef99a551fa35dc5","name":"Web del Maestro CMF","image":{"@type":"ImageObject","inLanguage":"es","@id":"https:\/\/secure.gravatar.com\/avatar\/23291dd5b5ae1077dcff3dbb04c3e02bd28403fa75af6d8787d5e97c5bbbe30b?s=96&d=mm&r=g","url":"https:\/\/secure.gravatar.com\/avatar\/23291dd5b5ae1077dcff3dbb04c3e02bd28403fa75af6d8787d5e97c5bbbe30b?s=96&d=mm&r=g","contentUrl":"https:\/\/secure.gravatar.com\/avatar\/23291dd5b5ae1077dcff3dbb04c3e02bd28403fa75af6d8787d5e97c5bbbe30b?s=96&d=mm&r=g","caption":"Web del Maestro CMF"},"description":"Esta Web se cre\u00f3 sin fines de lucro, con fines educativos, cient\u00edficos y acad\u00e9micos, para personas que tengan dificultades y\/o inconvenientes en visualizar el material original. El objetivo es entregar recursos, compartir experiencias y materiales que ayuden a los padres de familia, maestros y estudiantes en su actualizaci\u00f3n y formaci\u00f3n permanente, en bien de la Educaci\u00f3n.","sameAs":["http:\/\/webdelmaestrocmf.com\/portal","https:\/\/www.facebook.com\/WebdelMaestroCMF\/","https:\/\/www.instagram.com\/wmcmf\/","https:\/\/cl.linkedin.com\/company\/web-del-maestro-cmf","https:\/\/www.pinterest.com\/WMCMF\/publicaciones\/","https:\/\/x.com\/cmf_w","https:\/\/www.youtube.com\/@WMCMF"]}]}},"jetpack_featured_media_url":"https:\/\/webdelmaestrocmf.com\/portal\/wp-content\/uploads\/2020\/04\/3-14.jpg","jetpack_sharing_enabled":true,"jetpack-related-posts":[{"id":45735,"url":"https:\/\/webdelmaestrocmf.com\/portal\/maria-palacios-una-maestra-en-cuarentena\/","url_meta":{"origin":46152,"position":0},"title":"[Mar\u00eda Palacios] Una maestra en cuarentena","author":"Web del Maestro CMF","date":"22 marzo, 2020","format":false,"excerpt":"Lleg\u00f3 el momento de ser maestros verdaderamente innovadores, que busquemos generar oportunidades para todos nuestros estudiantes, de todos los sectores y de todas las condiciones. No se trata solo de tecnolog\u00eda ni de tener muchos o pocos recursos. S\u00e9 que hay realidades muy complejas, donde ni siquiera se cuenta con\u2026","rel":"","context":"En \u00abZ-Colaboradores\u00bb","block_context":{"text":"Z-Colaboradores","link":"https:\/\/webdelmaestrocmf.com\/portal\/category\/colaborador\/"},"img":{"alt_text":"","src":"https:\/\/i0.wp.com\/webdelmaestrocmf.com\/portal\/wp-content\/uploads\/2020\/03\/1b-6.jpg?resize=350%2C200&ssl=1","width":350,"height":200,"srcset":"https:\/\/i0.wp.com\/webdelmaestrocmf.com\/portal\/wp-content\/uploads\/2020\/03\/1b-6.jpg?resize=350%2C200&ssl=1 1x, https:\/\/i0.wp.com\/webdelmaestrocmf.com\/portal\/wp-content\/uploads\/2020\/03\/1b-6.jpg?resize=525%2C300&ssl=1 1.5x, https:\/\/i0.wp.com\/webdelmaestrocmf.com\/portal\/wp-content\/uploads\/2020\/03\/1b-6.jpg?resize=700%2C400&ssl=1 2x, https:\/\/i0.wp.com\/webdelmaestrocmf.com\/portal\/wp-content\/uploads\/2020\/03\/1b-6.jpg?resize=1050%2C600&ssl=1 3x"},"classes":[]},{"id":45596,"url":"https:\/\/webdelmaestrocmf.com\/portal\/maria-palacios-cuarentena-de-lectura-quedateencasa-leeenfamilia\/","url_meta":{"origin":46152,"position":1},"title":"[Mar\u00eda Palacios] Cuarentena de lectura #QuedateEnCasa\u00a0#LeeEnFamilia","author":"Web del Maestro CMF","date":"18 marzo, 2020","format":false,"excerpt":"En este tiempo donde conviene tomar consciencia y poner en pr\u00e1ctica valores fundamentales como el bien com\u00fan, ser\u00eda bueno ver el otro lado, crear oportunidades de encuentro con quienes amamos, como con nuestra familia. Les comparto una alternativa que podr\u00eda, no solo iluminar nuestras mentes, sino, especialmente, aliviar nuestros corazones.\u2026","rel":"","context":"En \u00abZ-Colaboradores\u00bb","block_context":{"text":"Z-Colaboradores","link":"https:\/\/webdelmaestrocmf.com\/portal\/category\/colaborador\/"},"img":{"alt_text":"","src":"https:\/\/i0.wp.com\/webdelmaestrocmf.com\/portal\/wp-content\/uploads\/2020\/03\/1-25.jpg?resize=350%2C200&ssl=1","width":350,"height":200,"srcset":"https:\/\/i0.wp.com\/webdelmaestrocmf.com\/portal\/wp-content\/uploads\/2020\/03\/1-25.jpg?resize=350%2C200&ssl=1 1x, https:\/\/i0.wp.com\/webdelmaestrocmf.com\/portal\/wp-content\/uploads\/2020\/03\/1-25.jpg?resize=525%2C300&ssl=1 1.5x, https:\/\/i0.wp.com\/webdelmaestrocmf.com\/portal\/wp-content\/uploads\/2020\/03\/1-25.jpg?resize=700%2C400&ssl=1 2x, https:\/\/i0.wp.com\/webdelmaestrocmf.com\/portal\/wp-content\/uploads\/2020\/03\/1-25.jpg?resize=1050%2C600&ssl=1 3x"},"classes":[]},{"id":50308,"url":"https:\/\/webdelmaestrocmf.com\/portal\/siete-sugerencias-para-proteger-el-equilibrio-emocional-y-la-salud-mental-de-los-estudiantes-en-esta-cuarentena\/","url_meta":{"origin":46152,"position":2},"title":"Siete sugerencias para proteger el equilibrio emocional y la salud mental de los estudiantes en esta cuarentena","author":"Web del Maestro CMF","date":"22 agosto, 2020","format":false,"excerpt":"La psic\u00f3loga cl\u00ednica, Mar\u00eda Virginia L\u00f3pez, licenciada por la Facultad de Psicolog\u00eda de la Universidad de la Rep\u00fablica (Uruguay), opina que todos nuestros estudiantes, est\u00e1n frente a un nuevo escenario educativo, \u201cque genera incertidumbre, ansiedad, angustia y miedo. Por esa raz\u00f3n, es importante mantener la calma frente a ni\u00f1os y\u2026","rel":"","context":"En \u00abYo opino - WMCMF\u00bb","block_context":{"text":"Yo opino - WMCMF","link":"https:\/\/webdelmaestrocmf.com\/portal\/category\/jamb\/"},"img":{"alt_text":"","src":"https:\/\/i0.wp.com\/webdelmaestrocmf.com\/portal\/wp-content\/uploads\/2020\/08\/1-copia-48.jpg?resize=350%2C200&ssl=1","width":350,"height":200,"srcset":"https:\/\/i0.wp.com\/webdelmaestrocmf.com\/portal\/wp-content\/uploads\/2020\/08\/1-copia-48.jpg?resize=350%2C200&ssl=1 1x, https:\/\/i0.wp.com\/webdelmaestrocmf.com\/portal\/wp-content\/uploads\/2020\/08\/1-copia-48.jpg?resize=525%2C300&ssl=1 1.5x, https:\/\/i0.wp.com\/webdelmaestrocmf.com\/portal\/wp-content\/uploads\/2020\/08\/1-copia-48.jpg?resize=700%2C400&ssl=1 2x, https:\/\/i0.wp.com\/webdelmaestrocmf.com\/portal\/wp-content\/uploads\/2020\/08\/1-copia-48.jpg?resize=1050%2C600&ssl=1 3x"},"classes":[]},{"id":46659,"url":"https:\/\/webdelmaestrocmf.com\/portal\/francesco-tonucci-convertir-la-casa-en-un-laboratorio-donde-los-padres-sean-los-asistentes-de-los-maestros\/","url_meta":{"origin":46152,"position":3},"title":"Francesco Tonucci: Convertir la casa en un \u00ablaboratorio\u00bb donde los padres sean los asistentes de los maestros","author":"Web del Maestro CMF","date":"1 octubre, 2024","format":false,"excerpt":"El Profesor Francesco Tonucci fue entrevistado por la periodista Mar\u00eda Ayuso para La Naci\u00f3n (Argentina), teniendo como tema central el cuestionamiento y los posibles caminos de aprendizaje suscitado por al cambio del espacio del proceso ense\u00f1anza \u2013 aprendizaje. Tonuucci es un investigador sobre el comportamiento y pensamiento de los ni\u00f1os\u2026","rel":"","context":"En \u00abEntrevistas\u00bb","block_context":{"text":"Entrevistas","link":"https:\/\/webdelmaestrocmf.com\/portal\/category\/noticias\/entrevistas\/"},"img":{"alt_text":"","src":"https:\/\/i0.wp.com\/webdelmaestrocmf.com\/portal\/wp-content\/uploads\/2020\/07\/Banner-1-portada-imagen-10-1-7.jpg?resize=350%2C200&ssl=1","width":350,"height":200,"srcset":"https:\/\/i0.wp.com\/webdelmaestrocmf.com\/portal\/wp-content\/uploads\/2020\/07\/Banner-1-portada-imagen-10-1-7.jpg?resize=350%2C200&ssl=1 1x, https:\/\/i0.wp.com\/webdelmaestrocmf.com\/portal\/wp-content\/uploads\/2020\/07\/Banner-1-portada-imagen-10-1-7.jpg?resize=525%2C300&ssl=1 1.5x, https:\/\/i0.wp.com\/webdelmaestrocmf.com\/portal\/wp-content\/uploads\/2020\/07\/Banner-1-portada-imagen-10-1-7.jpg?resize=700%2C400&ssl=1 2x"},"classes":[]},{"id":46377,"url":"https:\/\/webdelmaestrocmf.com\/portal\/francesco-tonucci-aprovechemos-esta-cuarentena-para-pensar-si-otra-escuela-es-posible\/","url_meta":{"origin":46152,"position":4},"title":"Francesco Tonucci: Aprovechemos [esta cuarentena] para pensar si otra escuela es posible","author":"Web del Maestro CMF","date":"9 noviembre, 2020","format":false,"excerpt":"En un art\u00edculo de Ana Pantaleoni y Gianluca Battista, publicado por El Pa\u00eds (Espa\u00f1a), nos llega la transcripci\u00f3n de una videoconferencia hecha al profesor Francesco Tonucci, sobre \u201calgunas de las cuestiones que m\u00e1s afectan a los menores durante este periodo de encierro para combatir el coronavirus. Tonucci reconoce que son\u2026","rel":"","context":"En \u00abEntrevistas\u00bb","block_context":{"text":"Entrevistas","link":"https:\/\/webdelmaestrocmf.com\/portal\/category\/noticias\/entrevistas\/"},"img":{"alt_text":"","src":"https:\/\/i0.wp.com\/webdelmaestrocmf.com\/portal\/wp-content\/uploads\/2020\/04\/2-copia.jpg?resize=350%2C200&ssl=1","width":350,"height":200,"srcset":"https:\/\/i0.wp.com\/webdelmaestrocmf.com\/portal\/wp-content\/uploads\/2020\/04\/2-copia.jpg?resize=350%2C200&ssl=1 1x, https:\/\/i0.wp.com\/webdelmaestrocmf.com\/portal\/wp-content\/uploads\/2020\/04\/2-copia.jpg?resize=525%2C300&ssl=1 1.5x, https:\/\/i0.wp.com\/webdelmaestrocmf.com\/portal\/wp-content\/uploads\/2020\/04\/2-copia.jpg?resize=700%2C400&ssl=1 2x, https:\/\/i0.wp.com\/webdelmaestrocmf.com\/portal\/wp-content\/uploads\/2020\/04\/2-copia.jpg?resize=1050%2C600&ssl=1 3x"},"classes":[]},{"id":46765,"url":"https:\/\/webdelmaestrocmf.com\/portal\/siete-videos-para-motivar-la-conversacion-y-el-trabajo-en-equipo-virtuales\/","url_meta":{"origin":46152,"position":5},"title":"Siete videos para motivar la conversaci\u00f3n y el trabajo en equipo virtuales","author":"Web del Maestro CMF","date":"29 abril, 2020","format":false,"excerpt":"Las series animadas tienen la cualidad de atraer con facilidad la atenci\u00f3n e incluir en su historia a los espectadores. Por eso pueden ser, algunos dibujos animados creados con motivo de la emergencia sanitaria, un \u00fatil recurso educativo para motivar opiniones sobre un tema, facilitar un di\u00e1logo, estimular a reflexionar,\u2026","rel":"","context":"En \u00abINTER\u00c9S\u00bb","block_context":{"text":"INTER\u00c9S","link":"https:\/\/webdelmaestrocmf.com\/portal\/category\/noticias-educacion\/"},"img":{"alt_text":"","src":"https:\/\/i0.wp.com\/webdelmaestrocmf.com\/portal\/wp-content\/uploads\/2020\/04\/a3-3.jpg?resize=350%2C200&ssl=1","width":350,"height":200,"srcset":"https:\/\/i0.wp.com\/webdelmaestrocmf.com\/portal\/wp-content\/uploads\/2020\/04\/a3-3.jpg?resize=350%2C200&ssl=1 1x, https:\/\/i0.wp.com\/webdelmaestrocmf.com\/portal\/wp-content\/uploads\/2020\/04\/a3-3.jpg?resize=525%2C300&ssl=1 1.5x, https:\/\/i0.wp.com\/webdelmaestrocmf.com\/portal\/wp-content\/uploads\/2020\/04\/a3-3.jpg?resize=700%2C400&ssl=1 2x, https:\/\/i0.wp.com\/webdelmaestrocmf.com\/portal\/wp-content\/uploads\/2020\/04\/a3-3.jpg?resize=1050%2C600&ssl=1 3x"},"classes":[]}],"_links":{"self":[{"href":"https:\/\/webdelmaestrocmf.com\/portal\/wp-json\/wp\/v2\/posts\/46152","targetHints":{"allow":["GET"]}}],"collection":[{"href":"https:\/\/webdelmaestrocmf.com\/portal\/wp-json\/wp\/v2\/posts"}],"about":[{"href":"https:\/\/webdelmaestrocmf.com\/portal\/wp-json\/wp\/v2\/types\/post"}],"author":[{"embeddable":true,"href":"https:\/\/webdelmaestrocmf.com\/portal\/wp-json\/wp\/v2\/users\/1"}],"replies":[{"embeddable":true,"href":"https:\/\/webdelmaestrocmf.com\/portal\/wp-json\/wp\/v2\/comments?post=46152"}],"version-history":[{"count":0,"href":"https:\/\/webdelmaestrocmf.com\/portal\/wp-json\/wp\/v2\/posts\/46152\/revisions"}],"wp:featuredmedia":[{"embeddable":true,"href":"https:\/\/webdelmaestrocmf.com\/portal\/wp-json\/wp\/v2\/media\/46153"}],"wp:attachment":[{"href":"https:\/\/webdelmaestrocmf.com\/portal\/wp-json\/wp\/v2\/media?parent=46152"}],"wp:term":[{"taxonomy":"category","embeddable":true,"href":"https:\/\/webdelmaestrocmf.com\/portal\/wp-json\/wp\/v2\/categories?post=46152"},{"taxonomy":"post_tag","embeddable":true,"href":"https:\/\/webdelmaestrocmf.com\/portal\/wp-json\/wp\/v2\/tags?post=46152"}],"curies":[{"name":"wp","href":"https:\/\/api.w.org\/{rel}","templated":true}]}}