{"id":46104,"date":"2020-04-03T18:55:12","date_gmt":"2020-04-03T21:55:12","guid":{"rendered":"https:\/\/webdelmaestrocmf.com\/portal\/?p=46104"},"modified":"2021-04-30T11:01:44","modified_gmt":"2021-04-30T15:01:44","slug":"educacion-a-distancia-solucion-a-una-emergencia-o-improvisacion-educativa","status":"publish","type":"post","link":"https:\/\/webdelmaestrocmf.com\/portal\/educacion-a-distancia-solucion-a-una-emergencia-o-improvisacion-educativa\/","title":{"rendered":"Educaci\u00f3n a distancia: \u00bfSoluci\u00f3n a una emergencia o improvisaci\u00f3n educativa?"},"content":{"rendered":"<h5 style=\"text-align: justify;\">Cuando nos sorprendi\u00f3 la pandemia del Covid-19, <strong>ya se hab\u00eda planificado y se estaban desarrollando los programas curriculares anuales, <\/strong>que son los mapas de ruta del proceso que garantiza <strong>el trabajo sistem\u00e1tico de los procesos pedag\u00f3gicos<\/strong> y evita la improvisaci\u00f3n y rutina. Pero as\u00ed de golpe, la emergencia sanitaria mundial, nos puso ante no pocas complicaciones que nos han cambiado (en m\u00e1s de 150 pa\u00edses) la vida, y el panorama de todo lo previsto en educaci\u00f3n.<\/h5>\n<p><!--more--><\/p>\n<p style=\"text-align: justify;\">Un buen n\u00famero de pa\u00edses, estudian y ven qu\u00e9 hacer en Educaci\u00f3n, o ya <strong>tienen una planificaci\u00f3n de contingencia, <\/strong>que han previsto la <strong>formaci\u00f3n y actualizaci\u00f3n permanente <\/strong>de sus profesores y un <strong>pacto educativo entre padres de familia y profesores<\/strong>. Pero otros, sin mayor estudio de la realidad de sus pueblos, ya dieron \u201csu soluci\u00f3n\u201d: educaci\u00f3n a distancia. Y estos \u00faltimos son los que preocupan, porque desconocen que <em>\u201cla meta final de <strong>la verdadera educaci\u00f3n es no s\u00f3lo hacer que la gente haga lo que es correcto<\/strong>, sino que disfrute haci\u00e9ndolo; no s\u00f3lo formar personas trabajadoras, sino <strong>personas que amen el trabajo<\/strong>; no s\u00f3lo individuos con conocimientos, sino con <strong>amor al conocimiento<\/strong>; no s\u00f3lo seres puros, sino con amor a la pureza; no s\u00f3lo personas justas, sino <strong>con hambre y sed de justicia<\/strong><\/em>\u201d (John Ruskin).<\/p>\n<p style=\"text-align: justify;\"><strong>La opci\u00f3n por una educaci\u00f3n a distancia<\/strong>, obligados por las normas sanitarias, que han ausentado a los estudiantes de las escuelas y los ha confinado en sus hogares (los que tienen), <strong>demuestra, una vez m\u00e1s, que<\/strong> <strong>cuanto menos se metan los pol\u00edticos o funcionarios de confianza en gestiones educativas<\/strong>, mayores ser\u00e1n las probabilidades que se logren los objetivos de una educaci\u00f3n que prioriza la ense\u00f1anza &#8211; aprendizaje. <strong>Los profesores<\/strong>, para esos funcionarios en las secretarias o ministerios de educaci\u00f3n, solo deben ense\u00f1ar de acuerdo a los planes de emergencia que ellos inventan y determinan. <strong>Los estudiantes <\/strong>son considerados como actores pasivos y a los que no se les respeta, ni se les pide, ni escucha su opini\u00f3n, y menos importa su realidad familiar y menos el saber qu\u00e9 medios de comunicaci\u00f3n existen en sus hogares Los<strong> padres de familia<\/strong> son la parte pasiva que \u201cdeben estar agradecidos\u201d del obsequio del Estado o matricular a sus hijos en centros educativos particulares.<\/p>\n<p><a href=\"https:\/\/webdelmaestrocmf.com\/portal\/wp-content\/uploads\/2020\/04\/1-copia-11.jpg\"><img loading=\"lazy\" decoding=\"async\" class=\"alignnone size-full wp-image-55682\" src=\"https:\/\/webdelmaestrocmf.com\/portal\/wp-content\/uploads\/2020\/04\/1-copia-11.jpg\" alt=\"\" width=\"1100\" height=\"574\" srcset=\"https:\/\/webdelmaestrocmf.com\/portal\/wp-content\/uploads\/2020\/04\/1-copia-11.jpg 1100w, https:\/\/webdelmaestrocmf.com\/portal\/wp-content\/uploads\/2020\/04\/1-copia-11-300x157.jpg 300w, https:\/\/webdelmaestrocmf.com\/portal\/wp-content\/uploads\/2020\/04\/1-copia-11-1024x534.jpg 1024w, https:\/\/webdelmaestrocmf.com\/portal\/wp-content\/uploads\/2020\/04\/1-copia-11-768x401.jpg 768w, https:\/\/webdelmaestrocmf.com\/portal\/wp-content\/uploads\/2020\/04\/1-copia-11-110x57.jpg 110w, https:\/\/webdelmaestrocmf.com\/portal\/wp-content\/uploads\/2020\/04\/1-copia-11-200x104.jpg 200w, https:\/\/webdelmaestrocmf.com\/portal\/wp-content\/uploads\/2020\/04\/1-copia-11-380x198.jpg 380w, https:\/\/webdelmaestrocmf.com\/portal\/wp-content\/uploads\/2020\/04\/1-copia-11-255x133.jpg 255w, https:\/\/webdelmaestrocmf.com\/portal\/wp-content\/uploads\/2020\/04\/1-copia-11-550x287.jpg 550w, https:\/\/webdelmaestrocmf.com\/portal\/wp-content\/uploads\/2020\/04\/1-copia-11-800x417.jpg 800w, https:\/\/webdelmaestrocmf.com\/portal\/wp-content\/uploads\/2020\/04\/1-copia-11-220x115.jpg 220w, https:\/\/webdelmaestrocmf.com\/portal\/wp-content\/uploads\/2020\/04\/1-copia-11-400x209.jpg 400w, https:\/\/webdelmaestrocmf.com\/portal\/wp-content\/uploads\/2020\/04\/1-copia-11-760x397.jpg 760w, https:\/\/webdelmaestrocmf.com\/portal\/wp-content\/uploads\/2020\/04\/1-copia-11-510x266.jpg 510w, https:\/\/webdelmaestrocmf.com\/portal\/wp-content\/uploads\/2020\/04\/1-copia-11-600x313.jpg 600w\" sizes=\"auto, (max-width: 1100px) 100vw, 1100px\" \/><\/a><\/p>\n<p style=\"text-align: justify;\">Art\u00edculo recomendado: <a href=\"https:\/\/webdelmaestrocmf.com\/portal\/cuantos-menos-politicos-se-impliquen-en-temas-educativos-mayor-la-oportunidad-de-que-participen-alumnos-padres-y-profesores\/\" target=\"_blank\" rel=\"noopener noreferrer\"><strong>CUANTOS MENOS POL\u00cdTICOS SE IMPLIQUEN EN TEMAS EDUCATIVOS, MAYOR LA OPORTUNIDAD DE QUE PARTICIPEN ALUMNOS, PADRES Y PROFESORES<\/strong><\/a><\/p>\n<p style=\"text-align: justify;\">A los profesores se les responsabiliza de los resultados de la educaci\u00f3n a distancia, pero <strong>no son due\u00f1os de su pr\u00e1ctica, no son profesionales empoderados,<\/strong> y mucho menos han sido capacitados y consultados, y esto se da porque las decisiones se toman \u201cverticalmente\u201d en algunos sistemas educativos, los profesores son considerados como asalariados o engranajes de una f\u00e1brica, de una cadena de producci\u00f3n, como sostiene Andreas Schleicher, Director de Educaci\u00f3n de la OCDE.<\/p>\n<p style=\"text-align: justify;\">En algunos pa\u00edses, <strong>se han confeccionado (o adaptado) plataformas tecnol\u00f3gicas para responder a la emergencia,<\/strong> para \u201csalir del apuro\u201d, sin ninguna (o nula) opini\u00f3n e intervenci\u00f3n de los profesores que son quienes est\u00e1n en la primera l\u00ednea en las aulas, que son quienes <strong>m\u00e1s conocen las complejidades y multi-determinaci\u00f3n que necesitan las estructuras metodol\u00f3gicas y pedag\u00f3gicas de la educaci\u00f3n a distancia<\/strong>.<\/p>\n<p style=\"text-align: justify;\">Son los profesores quienes deben <strong>proyectar los contenidos y procesos did\u00e1cticos de una educaci\u00f3n a distancia, <\/strong>y el uso, como recursos pedag\u00f3gicos, del internet, la televisi\u00f3n o la radio, porque todo proceso ense\u00f1anza-aprendizaje es responsabilidad de un profesor. Entones, en esta opci\u00f3n, el profesor no puede ser dejado de lado, sino que adquiere el rol de motivador para adquirir nuevos conocimientos, orientar la investigaci\u00f3n, suscitar nuevas estrategias innovadoras, &#8230;<\/p>\n<p style=\"text-align: justify;\">Si la <strong>educaci\u00f3n a distancia, <\/strong>no se planifica con sus actores,<strong> es una burla, un enga\u00f1o, porque se improvisa<\/strong>, y mucho m\u00e1s si no se cuenta con los recursos humanos y materiales para desarrollarla. Nunca ser\u00e1 una educaci\u00f3n de calidad aquella en la cual <strong>no se invierte en la formaci\u00f3n de los docentes y no se les reconoce su jerarqu\u00eda <\/strong>social trascendente. Antes de pedir a los profesores cumplir con tareas de educaci\u00f3n a distancia, se debe cumplir con <strong>otorgarles la preparaci\u00f3n de excelencia para ser capaces de crear o dise\u00f1ar los caminos relacionales o conexiones pedag\u00f3gicas entre el estudiante y \u00e9l<\/strong>, a trav\u00e9s de las TIC como herramientas que permiten el desarrollo de una nueva modalidad en la educaci\u00f3n a trav\u00e9s de su mediaci\u00f3n tecnol\u00f3gica. Esta modalidad puede realizarse a trav\u00e9s del <strong>e-learning<\/strong> o de la <strong>educaci\u00f3n virtual<\/strong>. (cf Carmen Mart\u00ednez).\u00a0 Los profesores son (o deben ser) -despu\u00e9s de una diligente formaci\u00f3n inicial docente- los especialistas en dar a conocer <strong>c\u00f3mo debe de ser el m\u00e9todo y el dise\u00f1o de la instrucci\u00f3n<\/strong> <strong>en los procesos de aprendizajes <\/strong>en sus diferentes vertientes, para que el estudiante \u201cdesarrolle aquellas competencias o capacidades que le permitan de modo eficiente tener acceso al conocimiento\u201d. <a href=\"https:\/\/www.aulavirtualusmp.pe\/ojs\/index.php\/eduticinnova\/article\/view\/1172\" target=\"_blank\" rel=\"noopener noreferrer\"><strong>EL DISE\u00d1O INSTRUCCIONAL Y LA EDUCACI\u00d3N A DISTANCIA.<\/strong><\/a><\/p>\n<p style=\"text-align: justify;\">Algunas sociedades, no solo no valoran el rol docente (que quiz\u00e1 sea m\u00e1s estimada por los padres de familia, luego de este tiempo de confinamiento social), sino que los planificadores de la educaci\u00f3n a distancia <strong>no tienen en cuenta la importancia de su mediaci\u00f3n pedag\u00f3gica<\/strong>. Y para esta tarea, el profesor debe estar <strong>preparado para desempe\u00f1ar su tarea con eficiencia y calidad<\/strong>. No se le puede improvisar y exigir resultados. Los \u201cfabricantes de normas educativas\u201d para emergencias como \u00e9sta, (no pocas veces) ignoran o desconocen que la educaci\u00f3n a distancia es un <strong>aprendizaje autodirigido, aut\u00f3nomo y autorregulado<\/strong> (Valenzuela 2000), pero que <strong>necesita la asistencia y la experiencia en la ense\u00f1anza del profesor<\/strong>, a quien se le debe haber instruido con anterioridad, haber realizado una inversi\u00f3n en su capacitaci\u00f3n, recibir los recursos y proporcionarle las estructuras ambientales para que los resultados sean los esperados. <strong>Si seguimos haciendo normas de emergencia, nunca tendremos las pol\u00edticas educativas que necesitamos<\/strong>. Seguiremos queriendo comer un potaje de calidad, pero pagado a precio de vendedores callejeros.<\/p>\n<p style=\"text-align: justify;\">\u201cAunque parezca parad\u00f3jico, <strong>la exigencia para los maestros que ense\u00f1an a distancia, es m\u00e1s que la de aquellos que lo hacen de forma presencial,<\/strong> \u00bfpor qu\u00e9? El profesor de la metodolog\u00eda presencial prepara su clase, asiste al sal\u00f3n por unas horas a la semana, hace su exposici\u00f3n y se vuelve a ver con sus alumnos en la siguiente semana\u201d. <strong>El profesor en la modalidad a distancia incluye asesoramientos<\/strong>, \u201cy adicionalmente cuenta con aulas virtuales a trav\u00e9s de las cuales tambi\u00e9n <strong>atiende a los alumnos todos los d\u00edas de la semana<\/strong>, as\u00ed que la ense\u00f1anza se vuelve personalizada y sus estudiantes pueden estar en distintos lugares a la vez\u201d. Estos docentes deben ser evaluados peri\u00f3dicamente bajo est\u00e1ndares de calidad, opina la Directora de Dise\u00f1o Educativo Marisol Cipagauta, pues las herramientas se actualizan a cada abrir y cerrar de ojos, y el estar actualizados en pr\u00e1cticas pedag\u00f3gicas con las nuevas TIC, le permitir\u00e1 \u201cejercer su papel protag\u00f3nico y garantizar el logro de competencias en sus estudiantes. <a href=\"https:\/\/www.semana.com\/educacion\/articulo\/educacion-distancia-y-donde-esta-el-profesor\/427343-3\" target=\"_blank\" rel=\"noopener noreferrer\"><strong>\u00bfY D\u00d3NDE EST\u00c1 EL PROFESOR?<\/strong><\/a><\/p>\n<p><a href=\"https:\/\/webdelmaestrocmf.com\/portal\/wp-content\/uploads\/2020\/04\/3-10.jpg\"><img loading=\"lazy\" decoding=\"async\" class=\"alignnone size-full wp-image-46105\" src=\"https:\/\/webdelmaestrocmf.com\/portal\/wp-content\/uploads\/2020\/04\/3-10.jpg\" alt=\"\" width=\"960\" height=\"863\" srcset=\"https:\/\/webdelmaestrocmf.com\/portal\/wp-content\/uploads\/2020\/04\/3-10.jpg 960w, https:\/\/webdelmaestrocmf.com\/portal\/wp-content\/uploads\/2020\/04\/3-10-300x270.jpg 300w, https:\/\/webdelmaestrocmf.com\/portal\/wp-content\/uploads\/2020\/04\/3-10-768x690.jpg 768w, https:\/\/webdelmaestrocmf.com\/portal\/wp-content\/uploads\/2020\/04\/3-10-110x99.jpg 110w, https:\/\/webdelmaestrocmf.com\/portal\/wp-content\/uploads\/2020\/04\/3-10-200x180.jpg 200w, https:\/\/webdelmaestrocmf.com\/portal\/wp-content\/uploads\/2020\/04\/3-10-380x342.jpg 380w, https:\/\/webdelmaestrocmf.com\/portal\/wp-content\/uploads\/2020\/04\/3-10-255x229.jpg 255w, https:\/\/webdelmaestrocmf.com\/portal\/wp-content\/uploads\/2020\/04\/3-10-550x494.jpg 550w, https:\/\/webdelmaestrocmf.com\/portal\/wp-content\/uploads\/2020\/04\/3-10-800x719.jpg 800w\" sizes=\"auto, (max-width: 960px) 100vw, 960px\" \/><\/a><\/p>\n<p style=\"text-align: justify;\"><strong>A pesar de estas y otras dificultades, contrariedades, incomprensiones, controversias, desconsideraciones, indiferencias o rechazos<\/strong> de algunas personas y de las mismas autoridades encargadas de la administraci\u00f3n educativa, <strong>el servicio docente en el aula o a distancia<\/strong>, \u201ces el mejor servicio que se puede prestar a la sociedad, pues es la base de toda <strong>transformaci\u00f3n de progreso humano, tanto personal como comunitario<\/strong>\u201d (cf Papa Francisco). Y que siendo de tan vital importancia para el desarrollo de la humanidad, no es valorada por una sociedad en donde <strong>se prefiere comprar armas que construir escuelas y hospitales<\/strong>, en la cual sus <strong>funcionarios p\u00fablicos son incapaces de compartir una parte de sus \u201cjugosos y excepcionales\u201d sueldos<\/strong> en estos tiempos de emergencia. Pero al profesor se le exige capacitarse por \u00e9l mismo, poner su casa como aula p\u00fablica y con el mismo sueldo.<\/p>\n<p style=\"text-align: justify;\">Art\u00edculo relacionado: <a href=\"https:\/\/webdelmaestrocmf.com\/portal\/sueldo-docente-promesa-pendiente-no-olviden-que-tambien-tenemos-una-familia-que-educar-y-alimentar\/\" target=\"_blank\" rel=\"noopener noreferrer\"><strong>NO PUEDE HABER EDUCACI\u00d3N DE CALIDAD CON MAESTROS MAL PAGADOS.<\/strong><\/a><\/p>\n<p style=\"text-align: justify;\">Finalicemos conociendo las sugerencias, para garantizar la continuidad del aprendizaje durante el cierre de las escuelas, que da la UNESCO; y que ojal\u00e1 las hayan tenido en cuenta sus autoridades educativas, y la conozcan los superiores que le supervisar\u00e1n su tarea docente; para que sea una tarea efectiva y eficaz. Esta es la decena de consejos para hacer m\u00e1s eficiente ese periodo in\u00e9dito de emergencia sanitaria mundial:<\/p>\n<ol style=\"text-align: justify;\">\n<li><strong>Examinar el estado de preparaci\u00f3n <\/strong>y escoger los instrumentos m\u00e1s pertinentes<\/li>\n<li>Garantizar el <strong>car\u00e1cter inclusivo <\/strong>de los programas de aprendizaje a distancia.<\/li>\n<li>Aplicar medidas para <strong>garantizar el acceso<\/strong> de los alumnos, fundamentalmente.<\/li>\n<li>Proteger la <strong>privacidad<\/strong> y la <strong>seguridad<\/strong> de los datos.<\/li>\n<li>Aplicar <strong>soluciones a los problemas psicosociales<\/strong> antes de impartir la ense\u00f1anza.<\/li>\n<li><strong>Planificar el desarrollo de los programas<\/strong> de aprendizaje a distancia.<\/li>\n<li>Proporcionar a los docentes y alumnos <strong>asistencia en cuanto a la utilizaci\u00f3n de las herramientas digitales<\/strong>.<\/li>\n<li>Combinar los enfoques adecuados y <strong>limitar la cantidad de aplicaciones <\/strong>y de plataformas.<\/li>\n<li>Establecer las <strong>reglas para el aprendizaje a distancia <\/strong>y dar seguimiento al proceso de\u202faprendizaje de los alumnos.<\/li>\n<li>Crear comunidades y <strong>favorecer los v\u00ednculos<\/strong><\/li>\n<\/ol>\n<p style=\"text-align: justify;\">Art\u00edculo referencial: <a href=\"https:\/\/news.un.org\/es\/story\/2020\/03\/1471342\" target=\"_blank\" rel=\"noopener noreferrer\"><strong>DIEZ RECOMENDACIONES PARA ESTUDIAR A DISTANCIA DURANTE LA EMERGENCIA DEL CORONAVIRUS COVID-19<\/strong><\/a><\/p>\n<p style=\"text-align: center;\"><em>\u201c&#8230; hay elementos que deben fortalecerse para lograr un servicio educativo de calidad, como la comunicaci\u00f3n que hace de la educaci\u00f3n a distancia una <strong>\u201cconversaci\u00f3n did\u00e1ctica guiada\u201d, <\/strong>la integraci\u00f3n racional de <strong>recursos<\/strong> para el aprendizaje; la promoci\u00f3n del <strong>aprendizaje aut\u00f3nomo<\/strong>, que hace del estudiante protagonista de su formaci\u00f3n; el cuidadoso <strong>dise\u00f1o, desarrollo y validaci\u00f3n<\/strong> del material educativo para facilitar el autoaprendizaje; la formaci\u00f3n de <strong>grupos de interaprendizaje <\/strong>y los servicios de apoyo para alcanzar un <strong>nivel \u00f3ptimo <\/strong>&#8230;\u201d (Juan Rodr\u00edguez Ruiz).<\/em><\/p>\n<p style=\"text-align: right;\"><strong>REDACCI\u00d3N WEB DEL MAESTRO CMF<\/strong><\/p>\n\t\t<div class=\"pk-inline-posts\">\n\t\t\t\n\t\t\t<div class=\"pk-inline-posts-container pk-inline-posts-template-list\"\n\t\t\t\tdata-columns=\"1\">\n\t\t\t\t\t\t<article id=\"post-17756\" class=\"post-17756 post type-post status-publish format-standard has-post-thumbnail category-jamb tag-dia tag-dia-del-trabajo tag-jorge-bergoglio tag-maestros tag-trabajo cs-entry cs-video-wrap\">\n\t\t\t<div class=\"pk-post-outer\">\n\n\t\t\t\t\t\t\t\t<div class=\"pk-post-inner\">\n\t\t\t\t\t<div class=\"entry-thumbnail\">\n\t\t\t\t\t\t<div class=\"pk-overlay pk-overlay-ratio pk-ratio-landscape\">\n\t\t\t\t\t\t\t<div class=\"pk-overlay-background\">\n\t\t\t\t\t\t\t\t<a href=\"https:\/\/webdelmaestrocmf.com\/portal\/dia-del-trabajo-maestros-gracias-lo-hacen\/\" class=\"pk-overlay-link\">\n\t\t\t\t\t\t\t\t\t<img loading=\"lazy\" decoding=\"async\" width=\"300\" height=\"225\" src=\"https:\/\/webdelmaestrocmf.com\/portal\/wp-content\/uploads\/2023\/05\/Banner-1-portada-imagen-10-1-55-300x225.jpg\" class=\"attachment-pk-thumbnail size-pk-thumbnail wp-post-image\" alt=\"d\u00eda del trabajo\" \/>\t\t\t\t\t\t\t\t<\/a>\n\t\t\t\t\t\t\t<\/div>\n\t\t\t\t\t\t<\/div>\n\t\t\t\t\t<\/div>\n\t\t\t\t<\/div>\n\t\t\t\t\n\t\t\t\t<div class=\"pk-post-inner\">\n\t\t\t\t\t<header>\n\t\t\t\t\t\t<h3 class=\"pk-title\"><a href=\"https:\/\/webdelmaestrocmf.com\/portal\/dia-del-trabajo-maestros-gracias-lo-hacen\/\" rel=\"bookmark\">D\u00eda Internacional de los Trabajadores: Maestros, \u00a1gracias por lo que hacen!<\/a><\/h3>\t\t\t\t\t<\/header><!-- .entry-header -->\n\t\t\t\t<\/div><!-- .post-inner -->\n\n\t\t\t<\/div><!-- .post-outer -->\n\t\t<\/article>\n\t\t\t\t<\/div>\n\t\t<\/div>\n\t\t\n","protected":false},"excerpt":{"rendered":"Cuando nos sorprendi\u00f3 la pandemia del Covid-19, ya se hab\u00eda planificado y se estaban desarrollando los programas curriculares&hellip;","protected":false},"author":1,"featured_media":46109,"comment_status":"open","ping_status":"closed","sticky":false,"template":"","format":"standard","meta":{"csco_display_header_overlay":false,"csco_singular_sidebar":"default","csco_page_header_type":"default","csco_page_load_nextpost":"default","csco_post_video_location":[],"csco_post_video_location_hash":"","csco_post_video_url":"","csco_post_video_bg_start_time":0,"csco_post_video_bg_end_time":0,"csco_post_video_bg_volume":false,"_jetpack_memberships_contains_paid_content":false,"footnotes":""},"categories":[61],"tags":[4734,4798,4796,55,220,222,4862,4863,2585],"class_list":{"0":"post-46104","1":"post","2":"type-post","3":"status-publish","4":"format-standard","5":"has-post-thumbnail","7":"category-jamb","8":"tag-coronavirus","9":"tag-covid-19","10":"tag-distancia","11":"tag-educacion","12":"tag-educativa","13":"tag-emergencia","14":"tag-improvisacion","15":"tag-pandemia","16":"tag-solucion","17":"cs-entry","18":"cs-video-wrap"},"yoast_head":"<!-- This site is optimized with the Yoast SEO plugin v27.5 - https:\/\/yoast.com\/product\/yoast-seo-wordpress\/ -->\n<title>Educaci\u00f3n a distancia: \u00bfSoluci\u00f3n a una emergencia o improvisaci\u00f3n educativa? - 2026<\/title>\n<meta name=\"description\" content=\"Cuando nos sorprendi\u00f3 la pandemia del Covid-19, ya se hab\u00eda planificado y se estaban desarrollando los programas curriculares anuales, que...\" \/>\n<meta name=\"robots\" content=\"index, follow, max-snippet:-1, max-image-preview:large, max-video-preview:-1\" \/>\n<link rel=\"canonical\" href=\"https:\/\/webdelmaestrocmf.com\/portal\/educacion-a-distancia-solucion-a-una-emergencia-o-improvisacion-educativa\/\" \/>\n<meta property=\"og:locale\" content=\"es_ES\" \/>\n<meta property=\"og:type\" content=\"article\" \/>\n<meta property=\"og:title\" content=\"Educaci\u00f3n a distancia: \u00bfSoluci\u00f3n a una emergencia o improvisaci\u00f3n educativa? - 2026\" \/>\n<meta property=\"og:description\" content=\"Cuando nos sorprendi\u00f3 la pandemia del Covid-19, ya se hab\u00eda planificado y se estaban desarrollando los programas curriculares anuales, que...\" \/>\n<meta property=\"og:url\" content=\"https:\/\/webdelmaestrocmf.com\/portal\/educacion-a-distancia-solucion-a-una-emergencia-o-improvisacion-educativa\/\" \/>\n<meta property=\"og:site_name\" content=\"Web del Maestro CMF\" \/>\n<meta property=\"article:publisher\" content=\"https:\/\/www.facebook.com\/WebdelMaestroCMF\/\" \/>\n<meta property=\"article:author\" content=\"https:\/\/www.facebook.com\/WebdelMaestroCMF\/\" \/>\n<meta property=\"article:published_time\" content=\"2020-04-03T21:55:12+00:00\" \/>\n<meta property=\"article:modified_time\" content=\"2021-04-30T15:01:44+00:00\" \/>\n<meta property=\"og:image\" content=\"https:\/\/i0.wp.com\/webdelmaestrocmf.com\/portal\/wp-content\/uploads\/2020\/04\/3-11.jpg?fit=1100%2C680&ssl=1\" \/>\n\t<meta property=\"og:image:width\" content=\"1100\" \/>\n\t<meta property=\"og:image:height\" content=\"680\" \/>\n\t<meta property=\"og:image:type\" content=\"image\/jpeg\" \/>\n<meta name=\"author\" content=\"Web del Maestro CMF\" \/>\n<meta name=\"twitter:card\" content=\"summary_large_image\" \/>\n<meta name=\"twitter:creator\" content=\"@cmf_w\" \/>\n<meta name=\"twitter:site\" content=\"@cmf_w\" \/>\n<script type=\"application\/ld+json\" class=\"yoast-schema-graph\">{\"@context\":\"https:\\\/\\\/schema.org\",\"@graph\":[{\"@type\":\"ScholarlyArticle\",\"@id\":\"https:\\\/\\\/webdelmaestrocmf.com\\\/portal\\\/educacion-a-distancia-solucion-a-una-emergencia-o-improvisacion-educativa\\\/#article\",\"isPartOf\":{\"@id\":\"https:\\\/\\\/webdelmaestrocmf.com\\\/portal\\\/educacion-a-distancia-solucion-a-una-emergencia-o-improvisacion-educativa\\\/\"},\"author\":{\"name\":\"Web del Maestro CMF\",\"@id\":\"https:\\\/\\\/webdelmaestrocmf.com\\\/portal\\\/#\\\/schema\\\/person\\\/1072a2ed7bd960df8ef99a551fa35dc5\"},\"headline\":\"Educaci\u00f3n a distancia: \u00bfSoluci\u00f3n a una emergencia o improvisaci\u00f3n educativa?\",\"datePublished\":\"2020-04-03T21:55:12+00:00\",\"dateModified\":\"2021-04-30T15:01:44+00:00\",\"mainEntityOfPage\":{\"@id\":\"https:\\\/\\\/webdelmaestrocmf.com\\\/portal\\\/educacion-a-distancia-solucion-a-una-emergencia-o-improvisacion-educativa\\\/\"},\"wordCount\":1726,\"commentCount\":1,\"publisher\":{\"@id\":\"https:\\\/\\\/webdelmaestrocmf.com\\\/portal\\\/#organization\"},\"image\":{\"@id\":\"https:\\\/\\\/webdelmaestrocmf.com\\\/portal\\\/educacion-a-distancia-solucion-a-una-emergencia-o-improvisacion-educativa\\\/#primaryimage\"},\"thumbnailUrl\":\"https:\\\/\\\/webdelmaestrocmf.com\\\/portal\\\/wp-content\\\/uploads\\\/2020\\\/04\\\/3-11.jpg\",\"keywords\":[\"coronavirus\",\"Covid 19\",\"distancia\",\"EDUCACI\u00d3N\",\"EDUCATIVA\",\"EMERGENCIA\",\"improvisaci\u00f3n\",\"pandemia\",\"SOLUCI\u00d3N\"],\"articleSection\":[\"Yo opino - WMCMF\"],\"inLanguage\":\"es\",\"potentialAction\":[{\"@type\":\"CommentAction\",\"name\":\"Comment\",\"target\":[\"https:\\\/\\\/webdelmaestrocmf.com\\\/portal\\\/educacion-a-distancia-solucion-a-una-emergencia-o-improvisacion-educativa\\\/#respond\"]}]},{\"@type\":\"WebPage\",\"@id\":\"https:\\\/\\\/webdelmaestrocmf.com\\\/portal\\\/educacion-a-distancia-solucion-a-una-emergencia-o-improvisacion-educativa\\\/\",\"url\":\"https:\\\/\\\/webdelmaestrocmf.com\\\/portal\\\/educacion-a-distancia-solucion-a-una-emergencia-o-improvisacion-educativa\\\/\",\"name\":\"Educaci\u00f3n a distancia: \u00bfSoluci\u00f3n a una emergencia o improvisaci\u00f3n educativa? - 2026\",\"isPartOf\":{\"@id\":\"https:\\\/\\\/webdelmaestrocmf.com\\\/portal\\\/#website\"},\"primaryImageOfPage\":{\"@id\":\"https:\\\/\\\/webdelmaestrocmf.com\\\/portal\\\/educacion-a-distancia-solucion-a-una-emergencia-o-improvisacion-educativa\\\/#primaryimage\"},\"image\":{\"@id\":\"https:\\\/\\\/webdelmaestrocmf.com\\\/portal\\\/educacion-a-distancia-solucion-a-una-emergencia-o-improvisacion-educativa\\\/#primaryimage\"},\"thumbnailUrl\":\"https:\\\/\\\/webdelmaestrocmf.com\\\/portal\\\/wp-content\\\/uploads\\\/2020\\\/04\\\/3-11.jpg\",\"datePublished\":\"2020-04-03T21:55:12+00:00\",\"dateModified\":\"2021-04-30T15:01:44+00:00\",\"description\":\"Cuando nos sorprendi\u00f3 la pandemia del Covid-19, ya se hab\u00eda planificado y se estaban desarrollando los programas curriculares anuales, que...\",\"breadcrumb\":{\"@id\":\"https:\\\/\\\/webdelmaestrocmf.com\\\/portal\\\/educacion-a-distancia-solucion-a-una-emergencia-o-improvisacion-educativa\\\/#breadcrumb\"},\"inLanguage\":\"es\",\"potentialAction\":[{\"@type\":\"ReadAction\",\"target\":[\"https:\\\/\\\/webdelmaestrocmf.com\\\/portal\\\/educacion-a-distancia-solucion-a-una-emergencia-o-improvisacion-educativa\\\/\"]}]},{\"@type\":\"ImageObject\",\"inLanguage\":\"es\",\"@id\":\"https:\\\/\\\/webdelmaestrocmf.com\\\/portal\\\/educacion-a-distancia-solucion-a-una-emergencia-o-improvisacion-educativa\\\/#primaryimage\",\"url\":\"https:\\\/\\\/webdelmaestrocmf.com\\\/portal\\\/wp-content\\\/uploads\\\/2020\\\/04\\\/3-11.jpg\",\"contentUrl\":\"https:\\\/\\\/webdelmaestrocmf.com\\\/portal\\\/wp-content\\\/uploads\\\/2020\\\/04\\\/3-11.jpg\",\"width\":1100,\"height\":680},{\"@type\":\"BreadcrumbList\",\"@id\":\"https:\\\/\\\/webdelmaestrocmf.com\\\/portal\\\/educacion-a-distancia-solucion-a-una-emergencia-o-improvisacion-educativa\\\/#breadcrumb\",\"itemListElement\":[{\"@type\":\"ListItem\",\"position\":1,\"name\":\"Portada\",\"item\":\"https:\\\/\\\/webdelmaestrocmf.com\\\/portal\\\/\"},{\"@type\":\"ListItem\",\"position\":2,\"name\":\"Yo opino - WMCMF\",\"item\":\"https:\\\/\\\/webdelmaestrocmf.com\\\/portal\\\/category\\\/jamb\\\/\"},{\"@type\":\"ListItem\",\"position\":3,\"name\":\"Educaci\u00f3n a distancia: \u00bfSoluci\u00f3n a una emergencia o improvisaci\u00f3n educativa?\"}]},{\"@type\":\"WebSite\",\"@id\":\"https:\\\/\\\/webdelmaestrocmf.com\\\/portal\\\/#website\",\"url\":\"https:\\\/\\\/webdelmaestrocmf.com\\\/portal\\\/\",\"name\":\"Web del Maestro CMF\",\"description\":\"Maestros al servicio de la educaci\u00f3n\",\"publisher\":{\"@id\":\"https:\\\/\\\/webdelmaestrocmf.com\\\/portal\\\/#organization\"},\"alternateName\":\"WMCMF\",\"potentialAction\":[{\"@type\":\"SearchAction\",\"target\":{\"@type\":\"EntryPoint\",\"urlTemplate\":\"https:\\\/\\\/webdelmaestrocmf.com\\\/portal\\\/?s={search_term_string}\"},\"query-input\":{\"@type\":\"PropertyValueSpecification\",\"valueRequired\":true,\"valueName\":\"search_term_string\"}}],\"inLanguage\":\"es\"},{\"@type\":\"Organization\",\"@id\":\"https:\\\/\\\/webdelmaestrocmf.com\\\/portal\\\/#organization\",\"name\":\"Web del Maestro CMF\",\"alternateName\":\"WMCMF\",\"url\":\"https:\\\/\\\/webdelmaestrocmf.com\\\/portal\\\/\",\"logo\":{\"@type\":\"ImageObject\",\"inLanguage\":\"es\",\"@id\":\"https:\\\/\\\/webdelmaestrocmf.com\\\/portal\\\/#\\\/schema\\\/logo\\\/image\\\/\",\"url\":\"https:\\\/\\\/webdelmaestrocmf.com\\\/portal\\\/wp-content\\\/uploads\\\/2023\\\/01\\\/logo-wmcmf-2.png\",\"contentUrl\":\"https:\\\/\\\/webdelmaestrocmf.com\\\/portal\\\/wp-content\\\/uploads\\\/2023\\\/01\\\/logo-wmcmf-2.png\",\"width\":200,\"height\":60,\"caption\":\"Web del Maestro CMF\"},\"image\":{\"@id\":\"https:\\\/\\\/webdelmaestrocmf.com\\\/portal\\\/#\\\/schema\\\/logo\\\/image\\\/\"},\"sameAs\":[\"https:\\\/\\\/www.facebook.com\\\/WebdelMaestroCMF\\\/\",\"https:\\\/\\\/x.com\\\/cmf_w\",\"https:\\\/\\\/www.pinterest.com\\\/WMCMF\\\/\",\"https:\\\/\\\/www.linkedin.com\\\/company\\\/web-del-maestro-cmf\\\/\",\"https:\\\/\\\/www.instagram.com\\\/wmcmf\\\/\",\"https:\\\/\\\/www.youtube.com\\\/channel\\\/UCDPSvjbdodE5sHnC3OxutHw\",\"https:\\\/\\\/mastodon.social\\\/@wmcmf\",\"https:\\\/\\\/www.tiktok.com\\\/@webdelmaestrocmf\"]},{\"@type\":\"Person\",\"@id\":\"https:\\\/\\\/webdelmaestrocmf.com\\\/portal\\\/#\\\/schema\\\/person\\\/1072a2ed7bd960df8ef99a551fa35dc5\",\"name\":\"Web del Maestro CMF\",\"image\":{\"@type\":\"ImageObject\",\"inLanguage\":\"es\",\"@id\":\"https:\\\/\\\/secure.gravatar.com\\\/avatar\\\/23291dd5b5ae1077dcff3dbb04c3e02bd28403fa75af6d8787d5e97c5bbbe30b?s=96&d=mm&r=g\",\"url\":\"https:\\\/\\\/secure.gravatar.com\\\/avatar\\\/23291dd5b5ae1077dcff3dbb04c3e02bd28403fa75af6d8787d5e97c5bbbe30b?s=96&d=mm&r=g\",\"contentUrl\":\"https:\\\/\\\/secure.gravatar.com\\\/avatar\\\/23291dd5b5ae1077dcff3dbb04c3e02bd28403fa75af6d8787d5e97c5bbbe30b?s=96&d=mm&r=g\",\"caption\":\"Web del Maestro CMF\"},\"description\":\"Esta Web se cre\u00f3 sin fines de lucro, con fines educativos, cient\u00edficos y acad\u00e9micos, para personas que tengan dificultades y\\\/o inconvenientes en visualizar el material original. El objetivo es entregar recursos, compartir experiencias y materiales que ayuden a los padres de familia, maestros y estudiantes en su actualizaci\u00f3n y formaci\u00f3n permanente, en bien de la Educaci\u00f3n.\",\"sameAs\":[\"http:\\\/\\\/webdelmaestrocmf.com\\\/portal\",\"https:\\\/\\\/www.facebook.com\\\/WebdelMaestroCMF\\\/\",\"https:\\\/\\\/www.instagram.com\\\/wmcmf\\\/\",\"https:\\\/\\\/cl.linkedin.com\\\/company\\\/web-del-maestro-cmf\",\"https:\\\/\\\/www.pinterest.com\\\/WMCMF\\\/publicaciones\\\/\",\"https:\\\/\\\/x.com\\\/cmf_w\",\"https:\\\/\\\/www.youtube.com\\\/@WMCMF\"]}]}<\/script>\n<!-- \/ Yoast SEO plugin. -->","yoast_head_json":{"title":"Educaci\u00f3n a distancia: \u00bfSoluci\u00f3n a una emergencia o improvisaci\u00f3n educativa? - 2026","description":"Cuando nos sorprendi\u00f3 la pandemia del Covid-19, ya se hab\u00eda planificado y se estaban desarrollando los programas curriculares anuales, que...","robots":{"index":"index","follow":"follow","max-snippet":"max-snippet:-1","max-image-preview":"max-image-preview:large","max-video-preview":"max-video-preview:-1"},"canonical":"https:\/\/webdelmaestrocmf.com\/portal\/educacion-a-distancia-solucion-a-una-emergencia-o-improvisacion-educativa\/","og_locale":"es_ES","og_type":"article","og_title":"Educaci\u00f3n a distancia: \u00bfSoluci\u00f3n a una emergencia o improvisaci\u00f3n educativa? - 2026","og_description":"Cuando nos sorprendi\u00f3 la pandemia del Covid-19, ya se hab\u00eda planificado y se estaban desarrollando los programas curriculares anuales, que...","og_url":"https:\/\/webdelmaestrocmf.com\/portal\/educacion-a-distancia-solucion-a-una-emergencia-o-improvisacion-educativa\/","og_site_name":"Web del Maestro CMF","article_publisher":"https:\/\/www.facebook.com\/WebdelMaestroCMF\/","article_author":"https:\/\/www.facebook.com\/WebdelMaestroCMF\/","article_published_time":"2020-04-03T21:55:12+00:00","article_modified_time":"2021-04-30T15:01:44+00:00","og_image":[{"width":1100,"height":680,"url":"https:\/\/i0.wp.com\/webdelmaestrocmf.com\/portal\/wp-content\/uploads\/2020\/04\/3-11.jpg?fit=1100%2C680&ssl=1","type":"image\/jpeg"}],"author":"Web del Maestro CMF","twitter_card":"summary_large_image","twitter_creator":"@cmf_w","twitter_site":"@cmf_w","schema":{"@context":"https:\/\/schema.org","@graph":[{"@type":"ScholarlyArticle","@id":"https:\/\/webdelmaestrocmf.com\/portal\/educacion-a-distancia-solucion-a-una-emergencia-o-improvisacion-educativa\/#article","isPartOf":{"@id":"https:\/\/webdelmaestrocmf.com\/portal\/educacion-a-distancia-solucion-a-una-emergencia-o-improvisacion-educativa\/"},"author":{"name":"Web del Maestro CMF","@id":"https:\/\/webdelmaestrocmf.com\/portal\/#\/schema\/person\/1072a2ed7bd960df8ef99a551fa35dc5"},"headline":"Educaci\u00f3n a distancia: \u00bfSoluci\u00f3n a una emergencia o improvisaci\u00f3n educativa?","datePublished":"2020-04-03T21:55:12+00:00","dateModified":"2021-04-30T15:01:44+00:00","mainEntityOfPage":{"@id":"https:\/\/webdelmaestrocmf.com\/portal\/educacion-a-distancia-solucion-a-una-emergencia-o-improvisacion-educativa\/"},"wordCount":1726,"commentCount":1,"publisher":{"@id":"https:\/\/webdelmaestrocmf.com\/portal\/#organization"},"image":{"@id":"https:\/\/webdelmaestrocmf.com\/portal\/educacion-a-distancia-solucion-a-una-emergencia-o-improvisacion-educativa\/#primaryimage"},"thumbnailUrl":"https:\/\/webdelmaestrocmf.com\/portal\/wp-content\/uploads\/2020\/04\/3-11.jpg","keywords":["coronavirus","Covid 19","distancia","EDUCACI\u00d3N","EDUCATIVA","EMERGENCIA","improvisaci\u00f3n","pandemia","SOLUCI\u00d3N"],"articleSection":["Yo opino - WMCMF"],"inLanguage":"es","potentialAction":[{"@type":"CommentAction","name":"Comment","target":["https:\/\/webdelmaestrocmf.com\/portal\/educacion-a-distancia-solucion-a-una-emergencia-o-improvisacion-educativa\/#respond"]}]},{"@type":"WebPage","@id":"https:\/\/webdelmaestrocmf.com\/portal\/educacion-a-distancia-solucion-a-una-emergencia-o-improvisacion-educativa\/","url":"https:\/\/webdelmaestrocmf.com\/portal\/educacion-a-distancia-solucion-a-una-emergencia-o-improvisacion-educativa\/","name":"Educaci\u00f3n a distancia: \u00bfSoluci\u00f3n a una emergencia o improvisaci\u00f3n educativa? - 2026","isPartOf":{"@id":"https:\/\/webdelmaestrocmf.com\/portal\/#website"},"primaryImageOfPage":{"@id":"https:\/\/webdelmaestrocmf.com\/portal\/educacion-a-distancia-solucion-a-una-emergencia-o-improvisacion-educativa\/#primaryimage"},"image":{"@id":"https:\/\/webdelmaestrocmf.com\/portal\/educacion-a-distancia-solucion-a-una-emergencia-o-improvisacion-educativa\/#primaryimage"},"thumbnailUrl":"https:\/\/webdelmaestrocmf.com\/portal\/wp-content\/uploads\/2020\/04\/3-11.jpg","datePublished":"2020-04-03T21:55:12+00:00","dateModified":"2021-04-30T15:01:44+00:00","description":"Cuando nos sorprendi\u00f3 la pandemia del Covid-19, ya se hab\u00eda planificado y se estaban desarrollando los programas curriculares anuales, que...","breadcrumb":{"@id":"https:\/\/webdelmaestrocmf.com\/portal\/educacion-a-distancia-solucion-a-una-emergencia-o-improvisacion-educativa\/#breadcrumb"},"inLanguage":"es","potentialAction":[{"@type":"ReadAction","target":["https:\/\/webdelmaestrocmf.com\/portal\/educacion-a-distancia-solucion-a-una-emergencia-o-improvisacion-educativa\/"]}]},{"@type":"ImageObject","inLanguage":"es","@id":"https:\/\/webdelmaestrocmf.com\/portal\/educacion-a-distancia-solucion-a-una-emergencia-o-improvisacion-educativa\/#primaryimage","url":"https:\/\/webdelmaestrocmf.com\/portal\/wp-content\/uploads\/2020\/04\/3-11.jpg","contentUrl":"https:\/\/webdelmaestrocmf.com\/portal\/wp-content\/uploads\/2020\/04\/3-11.jpg","width":1100,"height":680},{"@type":"BreadcrumbList","@id":"https:\/\/webdelmaestrocmf.com\/portal\/educacion-a-distancia-solucion-a-una-emergencia-o-improvisacion-educativa\/#breadcrumb","itemListElement":[{"@type":"ListItem","position":1,"name":"Portada","item":"https:\/\/webdelmaestrocmf.com\/portal\/"},{"@type":"ListItem","position":2,"name":"Yo opino - WMCMF","item":"https:\/\/webdelmaestrocmf.com\/portal\/category\/jamb\/"},{"@type":"ListItem","position":3,"name":"Educaci\u00f3n a distancia: \u00bfSoluci\u00f3n a una emergencia o improvisaci\u00f3n educativa?"}]},{"@type":"WebSite","@id":"https:\/\/webdelmaestrocmf.com\/portal\/#website","url":"https:\/\/webdelmaestrocmf.com\/portal\/","name":"Web del Maestro CMF","description":"Maestros al servicio de la educaci\u00f3n","publisher":{"@id":"https:\/\/webdelmaestrocmf.com\/portal\/#organization"},"alternateName":"WMCMF","potentialAction":[{"@type":"SearchAction","target":{"@type":"EntryPoint","urlTemplate":"https:\/\/webdelmaestrocmf.com\/portal\/?s={search_term_string}"},"query-input":{"@type":"PropertyValueSpecification","valueRequired":true,"valueName":"search_term_string"}}],"inLanguage":"es"},{"@type":"Organization","@id":"https:\/\/webdelmaestrocmf.com\/portal\/#organization","name":"Web del Maestro CMF","alternateName":"WMCMF","url":"https:\/\/webdelmaestrocmf.com\/portal\/","logo":{"@type":"ImageObject","inLanguage":"es","@id":"https:\/\/webdelmaestrocmf.com\/portal\/#\/schema\/logo\/image\/","url":"https:\/\/webdelmaestrocmf.com\/portal\/wp-content\/uploads\/2023\/01\/logo-wmcmf-2.png","contentUrl":"https:\/\/webdelmaestrocmf.com\/portal\/wp-content\/uploads\/2023\/01\/logo-wmcmf-2.png","width":200,"height":60,"caption":"Web del Maestro CMF"},"image":{"@id":"https:\/\/webdelmaestrocmf.com\/portal\/#\/schema\/logo\/image\/"},"sameAs":["https:\/\/www.facebook.com\/WebdelMaestroCMF\/","https:\/\/x.com\/cmf_w","https:\/\/www.pinterest.com\/WMCMF\/","https:\/\/www.linkedin.com\/company\/web-del-maestro-cmf\/","https:\/\/www.instagram.com\/wmcmf\/","https:\/\/www.youtube.com\/channel\/UCDPSvjbdodE5sHnC3OxutHw","https:\/\/mastodon.social\/@wmcmf","https:\/\/www.tiktok.com\/@webdelmaestrocmf"]},{"@type":"Person","@id":"https:\/\/webdelmaestrocmf.com\/portal\/#\/schema\/person\/1072a2ed7bd960df8ef99a551fa35dc5","name":"Web del Maestro CMF","image":{"@type":"ImageObject","inLanguage":"es","@id":"https:\/\/secure.gravatar.com\/avatar\/23291dd5b5ae1077dcff3dbb04c3e02bd28403fa75af6d8787d5e97c5bbbe30b?s=96&d=mm&r=g","url":"https:\/\/secure.gravatar.com\/avatar\/23291dd5b5ae1077dcff3dbb04c3e02bd28403fa75af6d8787d5e97c5bbbe30b?s=96&d=mm&r=g","contentUrl":"https:\/\/secure.gravatar.com\/avatar\/23291dd5b5ae1077dcff3dbb04c3e02bd28403fa75af6d8787d5e97c5bbbe30b?s=96&d=mm&r=g","caption":"Web del Maestro CMF"},"description":"Esta Web se cre\u00f3 sin fines de lucro, con fines educativos, cient\u00edficos y acad\u00e9micos, para personas que tengan dificultades y\/o inconvenientes en visualizar el material original. El objetivo es entregar recursos, compartir experiencias y materiales que ayuden a los padres de familia, maestros y estudiantes en su actualizaci\u00f3n y formaci\u00f3n permanente, en bien de la Educaci\u00f3n.","sameAs":["http:\/\/webdelmaestrocmf.com\/portal","https:\/\/www.facebook.com\/WebdelMaestroCMF\/","https:\/\/www.instagram.com\/wmcmf\/","https:\/\/cl.linkedin.com\/company\/web-del-maestro-cmf","https:\/\/www.pinterest.com\/WMCMF\/publicaciones\/","https:\/\/x.com\/cmf_w","https:\/\/www.youtube.com\/@WMCMF"]}]}},"jetpack_featured_media_url":"https:\/\/webdelmaestrocmf.com\/portal\/wp-content\/uploads\/2020\/04\/3-11.jpg","jetpack_sharing_enabled":true,"jetpack-related-posts":[{"id":57166,"url":"https:\/\/webdelmaestrocmf.com\/portal\/cepal-unesco-retos-y-estas-lecciones-para-la-educacion-en-tiempo-de-pandemia\/","url_meta":{"origin":46104,"position":0},"title":"CEPAL \u2013 UNESCO: Retos y estas lecciones para la educaci\u00f3n en tiempo de pandemia","author":"Web del Maestro CMF","date":"8 enero, 2021","format":false,"excerpt":"La Comisi\u00f3n Econ\u00f3mica para Am\u00e9rica Latina y el Caribe (CEPAL) y la UNESCO (Organizaci\u00f3n de las Naciones Unidas para la Educaci\u00f3n, la Ciencia y la Cultura), han publicado (Agosto 2020), un documento cuyo objetivo es visibilizar la diversidad de consecuencias que las medidas tomadas por la emergencia sanitaria mundial, tendr\u00e1n\u2026","rel":"","context":"En \u00abINTER\u00c9S\u00bb","block_context":{"text":"INTER\u00c9S","link":"https:\/\/webdelmaestrocmf.com\/portal\/category\/noticias-educacion\/"},"img":{"alt_text":"","src":"https:\/\/i0.wp.com\/webdelmaestrocmf.com\/portal\/wp-content\/uploads\/2021\/01\/1-copia-49.jpg?resize=350%2C200&ssl=1","width":350,"height":200,"srcset":"https:\/\/i0.wp.com\/webdelmaestrocmf.com\/portal\/wp-content\/uploads\/2021\/01\/1-copia-49.jpg?resize=350%2C200&ssl=1 1x, https:\/\/i0.wp.com\/webdelmaestrocmf.com\/portal\/wp-content\/uploads\/2021\/01\/1-copia-49.jpg?resize=525%2C300&ssl=1 1.5x, https:\/\/i0.wp.com\/webdelmaestrocmf.com\/portal\/wp-content\/uploads\/2021\/01\/1-copia-49.jpg?resize=700%2C400&ssl=1 2x, https:\/\/i0.wp.com\/webdelmaestrocmf.com\/portal\/wp-content\/uploads\/2021\/01\/1-copia-49.jpg?resize=1050%2C600&ssl=1 3x"},"classes":[]},{"id":57238,"url":"https:\/\/webdelmaestrocmf.com\/portal\/la-educacion-hibrida-que-es-experiencias-desarrollo-futuro-y-practica-para-despues-de-la-pandemia-y-antes-de-iniciar-el-ano-academico\/","url_meta":{"origin":46104,"position":1},"title":"La educaci\u00f3n h\u00edbrida: qu\u00e9 es, experiencias, desarrollo y futuro como canal de transformaci\u00f3n digital de los sistemas educativos","author":"Web del Maestro CMF","date":"9 enero, 2021","format":false,"excerpt":"\u00bfC\u00f3mo ha tocado la pandemia el desarrollo planificado de las clases presenciales y el proceso ense\u00f1anza \u2013 aprendizaje? \u00bfQu\u00e9 rutas nuevas ha aprendido (en este tiempo de educaci\u00f3n a distancia) para impartir las clases o lecciones? \u00bfHa tenido la experiencia de volver a las clases presenciales? \u00bfCu\u00e1nto tiempo le ha\u2026","rel":"","context":"En \u00abYo opino - WMCMF\u00bb","block_context":{"text":"Yo opino - WMCMF","link":"https:\/\/webdelmaestrocmf.com\/portal\/category\/jamb\/"},"img":{"alt_text":"","src":"https:\/\/i0.wp.com\/webdelmaestrocmf.com\/portal\/wp-content\/uploads\/2021\/01\/1-62.jpg?resize=350%2C200&ssl=1","width":350,"height":200,"srcset":"https:\/\/i0.wp.com\/webdelmaestrocmf.com\/portal\/wp-content\/uploads\/2021\/01\/1-62.jpg?resize=350%2C200&ssl=1 1x, https:\/\/i0.wp.com\/webdelmaestrocmf.com\/portal\/wp-content\/uploads\/2021\/01\/1-62.jpg?resize=525%2C300&ssl=1 1.5x, https:\/\/i0.wp.com\/webdelmaestrocmf.com\/portal\/wp-content\/uploads\/2021\/01\/1-62.jpg?resize=700%2C400&ssl=1 2x, https:\/\/i0.wp.com\/webdelmaestrocmf.com\/portal\/wp-content\/uploads\/2021\/01\/1-62.jpg?resize=1050%2C600&ssl=1 3x"},"classes":[]},{"id":54675,"url":"https:\/\/webdelmaestrocmf.com\/portal\/pacto-educativo-para-aprender-al-menos-a-la-misma-velocidad-con-la-que-cambia-nuestro-entorno-parte-ii\/","url_meta":{"origin":46104,"position":2},"title":"Pacto Educativo: para aprender al menos a la misma velocidad con la que cambia nuestro entorno (Parte II)","author":"Web del Maestro CMF","date":"16 noviembre, 2020","format":false,"excerpt":"Seg\u00fan la UNESCO \u201c1.600 millones de alumnos de m\u00e1s de 190 pa\u00edses -el 94% de la poblaci\u00f3n estudiantil del mundo- se vieron afectados por el cierre de las instituciones educativas en el momento m\u00e1s \u00e1lgido de la crisis, una cifra que hoy se ha reducido a 1.000 millones. Alrededor de\u2026","rel":"","context":"En \u00abYo opino - WMCMF\u00bb","block_context":{"text":"Yo opino - WMCMF","link":"https:\/\/webdelmaestrocmf.com\/portal\/category\/jamb\/"},"img":{"alt_text":"","src":"https:\/\/i0.wp.com\/webdelmaestrocmf.com\/portal\/wp-content\/uploads\/2020\/11\/BANNER-MUESTRA-12019.jpg?resize=350%2C200&ssl=1","width":350,"height":200,"srcset":"https:\/\/i0.wp.com\/webdelmaestrocmf.com\/portal\/wp-content\/uploads\/2020\/11\/BANNER-MUESTRA-12019.jpg?resize=350%2C200&ssl=1 1x, https:\/\/i0.wp.com\/webdelmaestrocmf.com\/portal\/wp-content\/uploads\/2020\/11\/BANNER-MUESTRA-12019.jpg?resize=525%2C300&ssl=1 1.5x, https:\/\/i0.wp.com\/webdelmaestrocmf.com\/portal\/wp-content\/uploads\/2020\/11\/BANNER-MUESTRA-12019.jpg?resize=700%2C400&ssl=1 2x, https:\/\/i0.wp.com\/webdelmaestrocmf.com\/portal\/wp-content\/uploads\/2020\/11\/BANNER-MUESTRA-12019.jpg?resize=1050%2C600&ssl=1 3x"},"classes":[]},{"id":59149,"url":"https:\/\/webdelmaestrocmf.com\/portal\/la-educacion-pos-pandemia-por-medio-de-la-nueva-normalidad-educativa-parte-i\/","url_meta":{"origin":46104,"position":3},"title":"La educaci\u00f3n pos pandemia por medio de la nueva normalidad educativa (Parte I)","author":"Web del Maestro CMF","date":"9 febrero, 2021","format":false,"excerpt":"El cierre de las escuelas para evitar la propagaci\u00f3n y contagio de la COVID 19, nos hizo cambiar la pizarra por la pantalla de una computadora (ordenador, PC), tablet, tel\u00e9fono inteligente o un televisor (para quienes ten\u00edan o pudieron adquirir). El proceso de aprendizaje que se desarrollaba a mediados del\u2026","rel":"","context":"En \u00abYo opino - WMCMF\u00bb","block_context":{"text":"Yo opino - WMCMF","link":"https:\/\/webdelmaestrocmf.com\/portal\/category\/jamb\/"},"img":{"alt_text":"","src":"https:\/\/i0.wp.com\/webdelmaestrocmf.com\/portal\/wp-content\/uploads\/2021\/02\/1-copia-33.jpg?resize=350%2C200&ssl=1","width":350,"height":200,"srcset":"https:\/\/i0.wp.com\/webdelmaestrocmf.com\/portal\/wp-content\/uploads\/2021\/02\/1-copia-33.jpg?resize=350%2C200&ssl=1 1x, https:\/\/i0.wp.com\/webdelmaestrocmf.com\/portal\/wp-content\/uploads\/2021\/02\/1-copia-33.jpg?resize=525%2C300&ssl=1 1.5x, https:\/\/i0.wp.com\/webdelmaestrocmf.com\/portal\/wp-content\/uploads\/2021\/02\/1-copia-33.jpg?resize=700%2C400&ssl=1 2x, https:\/\/i0.wp.com\/webdelmaestrocmf.com\/portal\/wp-content\/uploads\/2021\/02\/1-copia-33.jpg?resize=1050%2C600&ssl=1 3x"},"classes":[]},{"id":47352,"url":"https:\/\/webdelmaestrocmf.com\/portal\/1-1675\/","url_meta":{"origin":46104,"position":4},"title":"Entiendan: los maestros \u00abest\u00e1n trabajando m\u00e1s que antes\u00bb, pedimos un poco de empat\u00eda","author":"Web del Maestro CMF","date":"25 mayo, 2020","format":false,"excerpt":"Toda experiencia de aprendizaje pasa, ordinariamente, por tres fases: inicio desarrollo y cierre; e involucra no solo a los estudiantes, sino tambi\u00e9n a los profesores y padres de familia. El proceso de ense\u00f1anza-aprendizaje, el ense\u00f1ar a aprender tiene a los estudiantes como protagonistas, quienes necesitan el apoyo real y efectivo\u2026","rel":"","context":"En \u00abDocentes\u00bb","block_context":{"text":"Docentes","link":"https:\/\/webdelmaestrocmf.com\/portal\/category\/pedagogia\/docentes\/"},"img":{"alt_text":"","src":"https:\/\/i0.wp.com\/webdelmaestrocmf.com\/portal\/wp-content\/uploads\/2020\/05\/Banner-1-portada-imagen-10-1-7.jpg?resize=350%2C200&ssl=1","width":350,"height":200,"srcset":"https:\/\/i0.wp.com\/webdelmaestrocmf.com\/portal\/wp-content\/uploads\/2020\/05\/Banner-1-portada-imagen-10-1-7.jpg?resize=350%2C200&ssl=1 1x, https:\/\/i0.wp.com\/webdelmaestrocmf.com\/portal\/wp-content\/uploads\/2020\/05\/Banner-1-portada-imagen-10-1-7.jpg?resize=525%2C300&ssl=1 1.5x, https:\/\/i0.wp.com\/webdelmaestrocmf.com\/portal\/wp-content\/uploads\/2020\/05\/Banner-1-portada-imagen-10-1-7.jpg?resize=700%2C400&ssl=1 2x"},"classes":[]},{"id":62521,"url":"https:\/\/webdelmaestrocmf.com\/portal\/reinventate-18-consejos-para-mantener-la-motivacion-del-estudiante-en-el-aula-virtual\/","url_meta":{"origin":46104,"position":5},"title":"Reinv\u00e9ntate: 18 consejos para mantener la motivaci\u00f3n del estudiante en el aula","author":"Web del Maestro CMF","date":"2 junio, 2024","format":false,"excerpt":"El Profesor argentino Hern\u00e1n Aldana estudi\u00f3 Licenciatura en Ciencias Biol\u00f3gicas en la Facultad de Ciencias Exactas y Naturales y obtuvo su Doctorado en Ciencias Biol\u00f3gicas, en la Universidad de Buenos Aires (Argentina). Desde el a\u00f1o 2008 hasta el 2018 fue Decano de la Facultad de Ciencias Exactas y Naturales y\u2026","rel":"","context":"En \u00abYo opino - WMCMF\u00bb","block_context":{"text":"Yo opino - WMCMF","link":"https:\/\/webdelmaestrocmf.com\/portal\/category\/jamb\/"},"img":{"alt_text":"","src":"https:\/\/i0.wp.com\/webdelmaestrocmf.com\/portal\/wp-content\/uploads\/2021\/05\/Banner-1-portada-imagen-10-1-2024-06-02T105604.369.jpg?resize=350%2C200&ssl=1","width":350,"height":200,"srcset":"https:\/\/i0.wp.com\/webdelmaestrocmf.com\/portal\/wp-content\/uploads\/2021\/05\/Banner-1-portada-imagen-10-1-2024-06-02T105604.369.jpg?resize=350%2C200&ssl=1 1x, https:\/\/i0.wp.com\/webdelmaestrocmf.com\/portal\/wp-content\/uploads\/2021\/05\/Banner-1-portada-imagen-10-1-2024-06-02T105604.369.jpg?resize=525%2C300&ssl=1 1.5x, https:\/\/i0.wp.com\/webdelmaestrocmf.com\/portal\/wp-content\/uploads\/2021\/05\/Banner-1-portada-imagen-10-1-2024-06-02T105604.369.jpg?resize=700%2C400&ssl=1 2x"},"classes":[]}],"_links":{"self":[{"href":"https:\/\/webdelmaestrocmf.com\/portal\/wp-json\/wp\/v2\/posts\/46104","targetHints":{"allow":["GET"]}}],"collection":[{"href":"https:\/\/webdelmaestrocmf.com\/portal\/wp-json\/wp\/v2\/posts"}],"about":[{"href":"https:\/\/webdelmaestrocmf.com\/portal\/wp-json\/wp\/v2\/types\/post"}],"author":[{"embeddable":true,"href":"https:\/\/webdelmaestrocmf.com\/portal\/wp-json\/wp\/v2\/users\/1"}],"replies":[{"embeddable":true,"href":"https:\/\/webdelmaestrocmf.com\/portal\/wp-json\/wp\/v2\/comments?post=46104"}],"version-history":[{"count":0,"href":"https:\/\/webdelmaestrocmf.com\/portal\/wp-json\/wp\/v2\/posts\/46104\/revisions"}],"wp:featuredmedia":[{"embeddable":true,"href":"https:\/\/webdelmaestrocmf.com\/portal\/wp-json\/wp\/v2\/media\/46109"}],"wp:attachment":[{"href":"https:\/\/webdelmaestrocmf.com\/portal\/wp-json\/wp\/v2\/media?parent=46104"}],"wp:term":[{"taxonomy":"category","embeddable":true,"href":"https:\/\/webdelmaestrocmf.com\/portal\/wp-json\/wp\/v2\/categories?post=46104"},{"taxonomy":"post_tag","embeddable":true,"href":"https:\/\/webdelmaestrocmf.com\/portal\/wp-json\/wp\/v2\/tags?post=46104"}],"curies":[{"name":"wp","href":"https:\/\/api.w.org\/{rel}","templated":true}]}}