{"id":46046,"date":"2020-04-01T23:31:07","date_gmt":"2020-04-02T02:31:07","guid":{"rendered":"https:\/\/webdelmaestrocmf.com\/portal\/?p=46046"},"modified":"2020-11-20T09:47:05","modified_gmt":"2020-11-20T12:47:05","slug":"luis-rojas-marcos-hay-que-decir-mas-cuentame-perdona-y-te-quiero","status":"publish","type":"post","link":"https:\/\/webdelmaestrocmf.com\/portal\/luis-rojas-marcos-hay-que-decir-mas-cuentame-perdona-y-te-quiero\/","title":{"rendered":"Luis Rojas Marcos: Hay que decir m\u00e1s cu\u00e9ntame, perdona y te quiero"},"content":{"rendered":"<h5 style=\"text-align: justify;\">Luis Rojas Marcos naci\u00f3 en Sevilla en 1943, de madre c\u00e1ntabra (Valle de Liendo) y padre sevillano. Fue un ni\u00f1o de temperamento inquieto, distra\u00eddo y curioso y tuvo problemas de aprendizaje. Curs\u00f3 la ense\u00f1anza primaria con dificultad en los colegios de Portaceli y del Santo \u00c1ngel (Sevilla).<\/h5>\n<p style=\"text-align: justify;\"><!--more--><\/p>\n<h5 style=\"text-align: justify;\">A los catorce a\u00f1os comenz\u00f3 a mejorar su rendimiento acad\u00e9mico, lo que le permiti\u00f3 completar los estudios de bachillerato. Dotado de talento natural para la m\u00fasica, aprendi\u00f3 de peque\u00f1o a tocar el piano, la guitarra y la bater\u00eda, el instrumento ideal para un ni\u00f1o hiperactivo.<\/h5>\n<p style=\"text-align: justify;\">En 1958 fund\u00f3 con un grupo de amigos el Cuarteto Yungay (nombre de un peque\u00f1o pueblo de Per\u00fa), el primer conjunto musical andaluz, en el que tocaba la bater\u00eda.Desde muy joven tuvo vocaci\u00f3n de m\u00e9dico fomentada por las historias que su madre le contaba sobre su abuelo materno, m\u00e9dico rural en Santander.<\/p>\n<p style=\"text-align: justify;\">En 1968, a los veinticuatro a\u00f1os y reci\u00e9n licenciado en Medicina por la Universidad de Sevilla, emigr\u00f3 a Nueva York, donde reside desde entonces.<\/p>\n<p><a href=\"https:\/\/webdelmaestrocmf.com\/portal\/wp-content\/uploads\/2020\/04\/3-4.jpg\"><img loading=\"lazy\" decoding=\"async\" class=\"alignnone size-full wp-image-46048\" src=\"https:\/\/webdelmaestrocmf.com\/portal\/wp-content\/uploads\/2020\/04\/3-4.jpg\" alt=\"\" width=\"1100\" height=\"680\" srcset=\"https:\/\/webdelmaestrocmf.com\/portal\/wp-content\/uploads\/2020\/04\/3-4.jpg 1100w, https:\/\/webdelmaestrocmf.com\/portal\/wp-content\/uploads\/2020\/04\/3-4-300x185.jpg 300w, https:\/\/webdelmaestrocmf.com\/portal\/wp-content\/uploads\/2020\/04\/3-4-1024x633.jpg 1024w, https:\/\/webdelmaestrocmf.com\/portal\/wp-content\/uploads\/2020\/04\/3-4-768x475.jpg 768w, https:\/\/webdelmaestrocmf.com\/portal\/wp-content\/uploads\/2020\/04\/3-4-110x68.jpg 110w, https:\/\/webdelmaestrocmf.com\/portal\/wp-content\/uploads\/2020\/04\/3-4-200x124.jpg 200w, https:\/\/webdelmaestrocmf.com\/portal\/wp-content\/uploads\/2020\/04\/3-4-380x235.jpg 380w, https:\/\/webdelmaestrocmf.com\/portal\/wp-content\/uploads\/2020\/04\/3-4-255x158.jpg 255w, https:\/\/webdelmaestrocmf.com\/portal\/wp-content\/uploads\/2020\/04\/3-4-550x340.jpg 550w, https:\/\/webdelmaestrocmf.com\/portal\/wp-content\/uploads\/2020\/04\/3-4-800x495.jpg 800w\" sizes=\"auto, (max-width: 1100px) 100vw, 1100px\" \/><\/a><\/p>\n<p style=\"text-align: justify;\">Doctor en Medicina y Cirug\u00eda por la Universidad de Bilbao (1975) y en Ciencias M\u00e9dicas por la Universidad del Estado de Nueva York (1977), se especializ\u00f3 en psiquiatr\u00eda en el Hospital Bellevue y la Universidad de Nueva York (1969-1972).<\/p>\n<p style=\"text-align: justify;\">A continuaci\u00f3n compartimos con fines educativos la publicaci\u00f3n realizada por el portal<strong> El Pa\u00eds<\/strong> (Espa\u00f1a) donde el veterano psiquiatra <strong>Luis Rojas Marcos<\/strong> confiesa que habla mucho solo y recomienda seguir su ejemplo para mantenerse cuerdo.<\/p>\n<h2 id=\"articulo-titulo\" class=\"articulo-titulo \" style=\"text-align: justify;\">\u201cHay que decir m\u00e1s \u2018cu\u00e9ntame\u2019, \u2018perdona\u2019 y \u2018te quiero\u201d<\/h2>\n<p style=\"text-align: justify;\">Son las siete de una g\u00e9lida tarde de primavera. Este se\u00f1or que aparenta una d\u00e9cada menos de sus 75 a\u00f1os lleva todo el d\u00eda hablando de su libro y, con la excusa de que esta es su \u00faltima entrevista y me ve llegar destemplada, me arrastra al bar del hotel Palace de Madrid para invitarme a un caf\u00e9 y, de paso, regalarse un \u201ccubalibre como est\u00e1 mandado\u00bb como premio de fin de jornada. Se lo sirve, sol\u00edcito,\u00a0<em>su<\/em> camarero, un profesional que, a base de atenderle en sus cuatro o cinco visitas anuales a Espa\u00f1a desde Nueva York, donde reside desde hace medio siglo, se ha convertido en un amigo. Barman y psiquiatra. Dif\u00edcil encontrar dos oficios donde se escuche m\u00e1s al otro. Estoy de suerte.<\/p>\n<h5 style=\"text-align: justify;\"><strong>Si \u201csomos como hablamos\u201d, \u00bfc\u00f3mo es usted, doctor?<\/strong><\/h5>\n<p style=\"text-align: justify;\">Hablador. Me hablo mucho a m\u00ed mismo, a veces en voz alta, a veces en voz baja, pero me ayuda a gestionarme, a animarme, a ponerme l\u00edmites. Hablarme es fundamental en mi d\u00eda a d\u00eda. Todos deber\u00edamos hablar m\u00e1s solos.<\/p>\n<h5 style=\"text-align: justify;\"><strong>\u00bfNo era eso cosa de locos?<\/strong><\/h5>\n<p style=\"text-align: justify;\">Ese es el problema. Se ha estigmatizado. Los ni\u00f1os, desde los 2 o 3 a\u00f1os, se hablan a s\u00ed mismos, se animan, se acunan, se consuelan. Luego, nos da verg\u00fcenza, porque se identifica a la persona que habla sola con el enfermo que oye voces. Nos reprimimos, y es un gran error. Igual que nos ense\u00f1an a hablar, y a pedir las cosas por favor, deber\u00edan ense\u00f1arnos a hablar con nosotros mismos.<\/p>\n<h5 style=\"text-align: justify;\"><strong>Hoy se ve a mucha gente hablando sola, pero al m\u00f3vil.<\/strong><\/h5>\n<p style=\"text-align: justify;\">Si est\u00e1n hablando con alguien, bien. Lo malo de la tecnolog\u00eda es cuando interfiere en tu capacidad de hablarte a ti mismo, o hablar con los dem\u00e1s, o tener relaciones reales: es un problema muy serio.<\/p>\n<h5 style=\"text-align: left;\"><strong>Canarias va a hacer obligatoria la educaci\u00f3n emocional en los colegios. \u00bfQu\u00e9 le parece la idea?<\/strong><\/h5>\n<p style=\"text-align: justify;\">Una maravilla. Ponerle palabras a lo que sientes. Hablar. Si tienes ganas de llorar, saber que eso se llama estar triste. Si tienes ganas de insultar a alguien, es estar enfadado. Es una educaci\u00f3n muy \u00fatil para la vida y la salud de los ni\u00f1os, que luego ser\u00e1n adultos.<\/p>\n<h5 style=\"text-align: justify;\"><strong>Le van a quitar el trabajo.<\/strong><\/h5>\n<p style=\"text-align: justify;\">Has dado en el clavo. Pero no hacerlo ser\u00eda antihumano. Esa ser\u00eda una buena causa, buscar otro trabajo, con la satisfacci\u00f3n de haber podido ayudar al grupo.<\/p>\n<p><img loading=\"lazy\" decoding=\"async\" class=\"alignnone size-full wp-image-46047\" src=\"https:\/\/webdelmaestrocmf.com\/portal\/wp-content\/uploads\/2020\/04\/4a-1.jpg\" alt=\"\" width=\"992\" height=\"558\" srcset=\"https:\/\/webdelmaestrocmf.com\/portal\/wp-content\/uploads\/2020\/04\/4a-1.jpg 992w, https:\/\/webdelmaestrocmf.com\/portal\/wp-content\/uploads\/2020\/04\/4a-1-300x169.jpg 300w, https:\/\/webdelmaestrocmf.com\/portal\/wp-content\/uploads\/2020\/04\/4a-1-768x432.jpg 768w, https:\/\/webdelmaestrocmf.com\/portal\/wp-content\/uploads\/2020\/04\/4a-1-110x62.jpg 110w, https:\/\/webdelmaestrocmf.com\/portal\/wp-content\/uploads\/2020\/04\/4a-1-200x113.jpg 200w, https:\/\/webdelmaestrocmf.com\/portal\/wp-content\/uploads\/2020\/04\/4a-1-380x214.jpg 380w, https:\/\/webdelmaestrocmf.com\/portal\/wp-content\/uploads\/2020\/04\/4a-1-255x143.jpg 255w, https:\/\/webdelmaestrocmf.com\/portal\/wp-content\/uploads\/2020\/04\/4a-1-550x309.jpg 550w, https:\/\/webdelmaestrocmf.com\/portal\/wp-content\/uploads\/2020\/04\/4a-1-800x450.jpg 800w\" sizes=\"auto, (max-width: 992px) 100vw, 992px\" \/><\/p>\n<h5 style=\"text-align: justify;\"><strong>O sea, que \u00abcharlat\u00e1n\u00bb para usted no es ning\u00fan insulto.<\/strong><\/h5>\n<p style=\"text-align: justify;\">Si te lo dicen como insulto, tendr\u00e1n que explic\u00e1rtelo, porque, en general, las personas parlanchinas tienen mucha suerte de serlo.<\/p>\n<h5 style=\"text-align: justify;\"><strong>\u00bfPor qu\u00e9?<\/strong><\/h5>\n<p style=\"text-align: justify;\">Las personas extrovertidas, que hablan m\u00e1s, que conectan con los dem\u00e1s, est\u00e1n m\u00e1s satisfechas de su vida en general. La raz\u00f3n es sencilla: al conectar con los dem\u00e1s, tenemos relaciones afectivas, nos ayudamos, compartimos y nos apoyamos en situaciones dif\u00edciles, y tambi\u00e9n nos quejamos y pedimos ayuda si la necesitamos&#8230;<\/p>\n<h5 style=\"text-align: justify;\"><strong>\u00bfLas mujeres hablamos m\u00e1s o es una puyita de los hombres?<\/strong><\/h5>\n<p style=\"text-align: justify;\">La mayor\u00eda de los estudios demuestran que las mujeres hablan de promedio 15.000 palabras m\u00e1s que los hombres. Y eso es porque tienen la parte del cerebro que controla el lenguaje m\u00e1s desarrollada. Y porque los padres les hablan m\u00e1s a las hijas que a los hijos, sobre todo de temas emocionales. Estoy convencido de que las mujeres viven m\u00e1s porque hablan m\u00e1s. Y las espa\u00f1olas, m\u00e1s.<\/p>\n<h5 style=\"text-align: justify;\"><strong>Pero se nos dice que calladitas estamos m\u00e1s monas. \u00bfCu\u00e1ndo hay que morderse la lengua?<\/strong><\/h5>\n<p style=\"text-align: justify;\">Cuando vayamos a desbarrar. Cuando sabemos que lo que diremos va a crear un conflicto o a herir a alguien, mejor callarse.<\/p>\n<h5 style=\"text-align: justify;\"><strong>\u00bfMerece la pena insultar?<\/strong><\/h5>\n<p style=\"text-align: justify;\">No. El insulto ataca la autoestima, la identidad y el valor de la persona. No aporta nada. Las palabras no se las lleva el viento.<\/p>\n<h5 style=\"text-align: justify;\"><strong>Lleva medio siglo escuchando penas. \u00bfSon siempre las mismas?<\/strong><\/h5>\n<p style=\"text-align: justify;\">Lo que nos pasa, lo que oigo en consulta es b\u00e1sicamente lo mismo. O miedo, o tristeza, o angustia, o necesidad de que nos orienten en un momento de la vida.<\/p>\n<h5 style=\"text-align: justify;\"><strong>\u00bfY tenemos remedio?<\/strong><\/h5>\n<p style=\"text-align: justify;\">Muchos, para empezar, hablar, contar lo que nos pasa. Hablar es fundamental para entender lo que nos pasa y pedir ayuda.<\/p>\n<h5 style=\"text-align: justify;\"><strong>\u00bfQu\u00e9 palabras hay en su botiqu\u00edn?<\/strong><\/h5>\n<p style=\"text-align: justify;\">Para m\u00ed la palabra m\u00e1s importante, profesional y personalmente, es \u201ccu\u00e9ntame\u201d, pero para eso, tienes que estar dispuesto a escuchar, y eso no siempre sucede. Otra es \u201cperdona\u201d: pedir perd\u00f3n es fundamental, porque sin perd\u00f3n no hay futuro en la vida.<\/p>\n<h5 style=\"text-align: justify;\"><strong>\u00bfY si no perdonas?<\/strong><\/h5>\n<p style=\"text-align: justify;\">Enfermas. El perd\u00f3n es fundamental para sobrevivir. Para reinventarse. La v\u00edctima perpetua es una persona muy limitada por su herida abierta. El duelo no se puede eternizar. Pasar m\u00e1s de tres a\u00f1os de v\u00edctima no es saludable. Te encierra en el papel de traumatizado. Evita abrir otro cap\u00edtulo de tu vida con ilusi\u00f3n, esperanza y creatividad.<\/p>\n<h5 style=\"text-align: justify;\"><strong>\u00bfEl dolor nos alcanza a todos?<\/strong><\/h5>\n<p style=\"text-align: justify;\">Sin excepci\u00f3n. P\u00e9rdidas, traumas, divorcios. Seg\u00fan los epidemi\u00f3logos tocamos a dos adversidades serias por persona y vida. Unos tienen 4; otros, 1. Pero las horas bajas nos llegan a todos.<\/p>\n<h5 style=\"text-align: justify;\"><strong>En lo de las palabras m\u00e1gicas se ha olvidado de \u201cte quiero\u201d.<\/strong><\/h5>\n<p style=\"text-align: justify;\">Decir te quiero es fant\u00e1stico, sobre todo si es verdad y tienes a alguien a qui\u00e9n dec\u00edrselo. Lo decimos, pero lo decimos por dentro. Y es bueno verbalizarlo. Pero no solo al otro, sino a nosotros mismos. Decirte: \u201cmira, Luis, te quiero mucho\u201d es muy \u00fatil, s\u00e9 que no se nos ense\u00f1a de peque\u00f1os, pero yo lo recomiendo.<\/p>\n<h5 style=\"text-align: justify;\"><strong>O sea, que se ama usted.<\/strong><\/h5>\n<p style=\"text-align: justify;\">S\u00ed. Mucho, adem\u00e1s. Gracias.<\/p>\n<p style=\"text-align: justify;\"><strong>Este contenido ha sido publicado originalmente por El Pa\u00eds (Espa\u00f1a) en la siguiente direcci\u00f3n: <a href=\"http:\/\/elpais.com\" target=\"_blank\" rel=\"noopener noreferrer\">elpais.com<\/a><\/strong><\/p>\n\t\t<div class=\"pk-inline-posts\">\n\t\t\t\n\t\t\t<div class=\"pk-inline-posts-container pk-inline-posts-template-list\"\n\t\t\t\tdata-columns=\"1\">\n\t\t\t\t\t\t<article id=\"post-118590\" class=\"post-118590 post type-post status-publish format-standard has-post-thumbnail category-entrevistas category-noticias tag-adiccion-digital tag-aprendizaje tag-docentes tag-educacion-2 tag-estudiantes tag-inteligencia-artificial tag-miguel-martinez-gonzalez tag-neuroeducacion tag-pantallas tag-pensamiento-critico-2 tag-salud-mental cs-entry cs-video-wrap\">\n\t\t\t<div class=\"pk-post-outer\">\n\n\t\t\t\t\t\t\t\t<div class=\"pk-post-inner\">\n\t\t\t\t\t<div class=\"entry-thumbnail\">\n\t\t\t\t\t\t<div class=\"pk-overlay pk-overlay-ratio pk-ratio-landscape\">\n\t\t\t\t\t\t\t<div class=\"pk-overlay-background\">\n\t\t\t\t\t\t\t\t<a href=\"https:\/\/webdelmaestrocmf.com\/portal\/miguel-martinez-gonzalez-a-mis-alumnos-les-pongo-en-los-examenes-le-he-preguntado-esto-a-la-ia-y-me-ha-dado-esta-respuesta-donde-se-ha-equivocado\/\" class=\"pk-overlay-link\">\n\t\t\t\t\t\t\t\t\t<img loading=\"lazy\" decoding=\"async\" width=\"300\" height=\"225\" src=\"https:\/\/webdelmaestrocmf.com\/portal\/wp-content\/uploads\/2026\/05\/1AA-Banner-1-portada-imagen-10-1-copia-4-300x225.webp\" class=\"attachment-pk-thumbnail size-pk-thumbnail wp-post-image\" alt=\"\" \/>\t\t\t\t\t\t\t\t<\/a>\n\t\t\t\t\t\t\t<\/div>\n\t\t\t\t\t\t<\/div>\n\t\t\t\t\t<\/div>\n\t\t\t\t<\/div>\n\t\t\t\t\n\t\t\t\t<div class=\"pk-post-inner\">\n\t\t\t\t\t<header>\n\t\t\t\t\t\t<h3 class=\"pk-title\"><a href=\"https:\/\/webdelmaestrocmf.com\/portal\/miguel-martinez-gonzalez-a-mis-alumnos-les-pongo-en-los-examenes-le-he-preguntado-esto-a-la-ia-y-me-ha-dado-esta-respuesta-donde-se-ha-equivocado\/\" rel=\"bookmark\">Miguel Mart\u00ednez-Gonz\u00e1lez: A mis alumnos les pongo en los ex\u00e1menes: \u201cLe he preguntado esto a la IA y me ha dado esta respuesta. \u00bfD\u00f3nde se ha equivocado?\u201d<\/a><\/h3>\t\t\t\t\t<\/header><!-- .entry-header -->\n\t\t\t\t<\/div><!-- .post-inner -->\n\n\t\t\t<\/div><!-- .post-outer -->\n\t\t<\/article>\n\t\t\t\t<\/div>\n\t\t<\/div>\n\t\t\n","protected":false},"excerpt":{"rendered":"Luis Rojas Marcos naci\u00f3 en Sevilla en 1943, de madre c\u00e1ntabra (Valle de Liendo) y padre sevillano. Fue&hellip;","protected":false},"author":1,"featured_media":46049,"comment_status":"open","ping_status":"closed","sticky":false,"template":"","format":"standard","meta":{"csco_display_header_overlay":false,"csco_singular_sidebar":"disabled","csco_page_header_type":"standard","csco_page_load_nextpost":"default","csco_post_video_location":[],"csco_post_video_location_hash":"","csco_post_video_url":"","csco_post_video_bg_start_time":0,"csco_post_video_bg_end_time":0,"csco_post_video_bg_volume":false,"_jetpack_memberships_contains_paid_content":false,"footnotes":""},"categories":[48,47],"tags":[4855,1682,4854,4332,4856],"class_list":{"0":"post-46046","1":"post","2":"type-post","3":"status-publish","4":"format-standard","5":"has-post-thumbnail","7":"category-entrevistas","8":"category-noticias","9":"tag-cuentame","10":"tag-decir","11":"tag-luis-rojas-marcos","12":"tag-perdona","13":"tag-quiero","14":"cs-entry","15":"cs-video-wrap"},"yoast_head":"<!-- This site is optimized with the Yoast SEO plugin v27.5 - https:\/\/yoast.com\/product\/yoast-seo-wordpress\/ -->\n<title>Luis Rojas Marcos: Hay que decir m\u00e1s cu\u00e9ntame, perdona y te quiero - 2026<\/title>\n<meta name=\"description\" content=\"Para m\u00ed la palabra m\u00e1s importante, profesional y personalmente, es \u201ccu\u00e9ntame\u201d, pero para eso, tienes que estar dispuesto a escuchar, y eso no...\" \/>\n<meta name=\"robots\" content=\"index, follow, max-snippet:-1, max-image-preview:large, max-video-preview:-1\" \/>\n<link rel=\"canonical\" href=\"https:\/\/webdelmaestrocmf.com\/portal\/luis-rojas-marcos-hay-que-decir-mas-cuentame-perdona-y-te-quiero\/\" \/>\n<meta property=\"og:locale\" content=\"es_ES\" \/>\n<meta property=\"og:type\" content=\"article\" \/>\n<meta property=\"og:title\" content=\"Luis Rojas Marcos: Hay que decir m\u00e1s cu\u00e9ntame, perdona y te quiero - 2026\" \/>\n<meta property=\"og:description\" content=\"Para m\u00ed la palabra m\u00e1s importante, profesional y personalmente, es \u201ccu\u00e9ntame\u201d, pero para eso, tienes que estar dispuesto a escuchar, y eso no...\" \/>\n<meta property=\"og:url\" content=\"https:\/\/webdelmaestrocmf.com\/portal\/luis-rojas-marcos-hay-que-decir-mas-cuentame-perdona-y-te-quiero\/\" \/>\n<meta property=\"og:site_name\" content=\"Web del Maestro CMF\" \/>\n<meta property=\"article:publisher\" content=\"https:\/\/www.facebook.com\/WebdelMaestroCMF\/\" \/>\n<meta property=\"article:author\" content=\"https:\/\/www.facebook.com\/WebdelMaestroCMF\/\" \/>\n<meta property=\"article:published_time\" content=\"2020-04-02T02:31:07+00:00\" \/>\n<meta property=\"article:modified_time\" content=\"2020-11-20T12:47:05+00:00\" \/>\n<meta property=\"og:image\" content=\"https:\/\/i0.wp.com\/webdelmaestrocmf.com\/portal\/wp-content\/uploads\/2020\/04\/4a-2.jpg?fit=1100%2C680&ssl=1\" \/>\n\t<meta property=\"og:image:width\" content=\"1100\" \/>\n\t<meta property=\"og:image:height\" content=\"680\" \/>\n\t<meta property=\"og:image:type\" content=\"image\/jpeg\" \/>\n<meta name=\"author\" content=\"Web del Maestro CMF\" \/>\n<meta name=\"twitter:card\" content=\"summary_large_image\" \/>\n<meta name=\"twitter:creator\" content=\"@cmf_w\" \/>\n<meta name=\"twitter:site\" content=\"@cmf_w\" \/>\n<script type=\"application\/ld+json\" class=\"yoast-schema-graph\">{\"@context\":\"https:\\\/\\\/schema.org\",\"@graph\":[{\"@type\":\"ScholarlyArticle\",\"@id\":\"https:\\\/\\\/webdelmaestrocmf.com\\\/portal\\\/luis-rojas-marcos-hay-que-decir-mas-cuentame-perdona-y-te-quiero\\\/#article\",\"isPartOf\":{\"@id\":\"https:\\\/\\\/webdelmaestrocmf.com\\\/portal\\\/luis-rojas-marcos-hay-que-decir-mas-cuentame-perdona-y-te-quiero\\\/\"},\"author\":{\"name\":\"Web del Maestro CMF\",\"@id\":\"https:\\\/\\\/webdelmaestrocmf.com\\\/portal\\\/#\\\/schema\\\/person\\\/1072a2ed7bd960df8ef99a551fa35dc5\"},\"headline\":\"Luis Rojas Marcos: Hay que decir m\u00e1s cu\u00e9ntame, perdona y te quiero\",\"datePublished\":\"2020-04-02T02:31:07+00:00\",\"dateModified\":\"2020-11-20T12:47:05+00:00\",\"mainEntityOfPage\":{\"@id\":\"https:\\\/\\\/webdelmaestrocmf.com\\\/portal\\\/luis-rojas-marcos-hay-que-decir-mas-cuentame-perdona-y-te-quiero\\\/\"},\"wordCount\":1291,\"commentCount\":0,\"publisher\":{\"@id\":\"https:\\\/\\\/webdelmaestrocmf.com\\\/portal\\\/#organization\"},\"image\":{\"@id\":\"https:\\\/\\\/webdelmaestrocmf.com\\\/portal\\\/luis-rojas-marcos-hay-que-decir-mas-cuentame-perdona-y-te-quiero\\\/#primaryimage\"},\"thumbnailUrl\":\"https:\\\/\\\/webdelmaestrocmf.com\\\/portal\\\/wp-content\\\/uploads\\\/2020\\\/04\\\/4a-2.jpg\",\"keywords\":[\"cu\u00e9ntame\",\"DECIR\",\"Luis Rojas Marcos\",\"PERDONA\",\"quiero\"],\"articleSection\":[\"Entrevistas\",\"Noticias\"],\"inLanguage\":\"es\",\"potentialAction\":[{\"@type\":\"CommentAction\",\"name\":\"Comment\",\"target\":[\"https:\\\/\\\/webdelmaestrocmf.com\\\/portal\\\/luis-rojas-marcos-hay-que-decir-mas-cuentame-perdona-y-te-quiero\\\/#respond\"]}]},{\"@type\":\"WebPage\",\"@id\":\"https:\\\/\\\/webdelmaestrocmf.com\\\/portal\\\/luis-rojas-marcos-hay-que-decir-mas-cuentame-perdona-y-te-quiero\\\/\",\"url\":\"https:\\\/\\\/webdelmaestrocmf.com\\\/portal\\\/luis-rojas-marcos-hay-que-decir-mas-cuentame-perdona-y-te-quiero\\\/\",\"name\":\"Luis Rojas Marcos: Hay que decir m\u00e1s cu\u00e9ntame, perdona y te quiero - 2026\",\"isPartOf\":{\"@id\":\"https:\\\/\\\/webdelmaestrocmf.com\\\/portal\\\/#website\"},\"primaryImageOfPage\":{\"@id\":\"https:\\\/\\\/webdelmaestrocmf.com\\\/portal\\\/luis-rojas-marcos-hay-que-decir-mas-cuentame-perdona-y-te-quiero\\\/#primaryimage\"},\"image\":{\"@id\":\"https:\\\/\\\/webdelmaestrocmf.com\\\/portal\\\/luis-rojas-marcos-hay-que-decir-mas-cuentame-perdona-y-te-quiero\\\/#primaryimage\"},\"thumbnailUrl\":\"https:\\\/\\\/webdelmaestrocmf.com\\\/portal\\\/wp-content\\\/uploads\\\/2020\\\/04\\\/4a-2.jpg\",\"datePublished\":\"2020-04-02T02:31:07+00:00\",\"dateModified\":\"2020-11-20T12:47:05+00:00\",\"description\":\"Para m\u00ed la palabra m\u00e1s importante, profesional y personalmente, es \u201ccu\u00e9ntame\u201d, pero para eso, tienes que estar dispuesto a escuchar, y eso no...\",\"breadcrumb\":{\"@id\":\"https:\\\/\\\/webdelmaestrocmf.com\\\/portal\\\/luis-rojas-marcos-hay-que-decir-mas-cuentame-perdona-y-te-quiero\\\/#breadcrumb\"},\"inLanguage\":\"es\",\"potentialAction\":[{\"@type\":\"ReadAction\",\"target\":[\"https:\\\/\\\/webdelmaestrocmf.com\\\/portal\\\/luis-rojas-marcos-hay-que-decir-mas-cuentame-perdona-y-te-quiero\\\/\"]}]},{\"@type\":\"ImageObject\",\"inLanguage\":\"es\",\"@id\":\"https:\\\/\\\/webdelmaestrocmf.com\\\/portal\\\/luis-rojas-marcos-hay-que-decir-mas-cuentame-perdona-y-te-quiero\\\/#primaryimage\",\"url\":\"https:\\\/\\\/webdelmaestrocmf.com\\\/portal\\\/wp-content\\\/uploads\\\/2020\\\/04\\\/4a-2.jpg\",\"contentUrl\":\"https:\\\/\\\/webdelmaestrocmf.com\\\/portal\\\/wp-content\\\/uploads\\\/2020\\\/04\\\/4a-2.jpg\",\"width\":1100,\"height\":680},{\"@type\":\"BreadcrumbList\",\"@id\":\"https:\\\/\\\/webdelmaestrocmf.com\\\/portal\\\/luis-rojas-marcos-hay-que-decir-mas-cuentame-perdona-y-te-quiero\\\/#breadcrumb\",\"itemListElement\":[{\"@type\":\"ListItem\",\"position\":1,\"name\":\"Portada\",\"item\":\"https:\\\/\\\/webdelmaestrocmf.com\\\/portal\\\/\"},{\"@type\":\"ListItem\",\"position\":2,\"name\":\"Noticias\",\"item\":\"https:\\\/\\\/webdelmaestrocmf.com\\\/portal\\\/category\\\/noticias\\\/\"},{\"@type\":\"ListItem\",\"position\":3,\"name\":\"Luis Rojas Marcos: Hay que decir m\u00e1s cu\u00e9ntame, perdona y te quiero\"}]},{\"@type\":\"WebSite\",\"@id\":\"https:\\\/\\\/webdelmaestrocmf.com\\\/portal\\\/#website\",\"url\":\"https:\\\/\\\/webdelmaestrocmf.com\\\/portal\\\/\",\"name\":\"Web del Maestro CMF\",\"description\":\"Maestros al servicio de la educaci\u00f3n\",\"publisher\":{\"@id\":\"https:\\\/\\\/webdelmaestrocmf.com\\\/portal\\\/#organization\"},\"alternateName\":\"WMCMF\",\"potentialAction\":[{\"@type\":\"SearchAction\",\"target\":{\"@type\":\"EntryPoint\",\"urlTemplate\":\"https:\\\/\\\/webdelmaestrocmf.com\\\/portal\\\/?s={search_term_string}\"},\"query-input\":{\"@type\":\"PropertyValueSpecification\",\"valueRequired\":true,\"valueName\":\"search_term_string\"}}],\"inLanguage\":\"es\"},{\"@type\":\"Organization\",\"@id\":\"https:\\\/\\\/webdelmaestrocmf.com\\\/portal\\\/#organization\",\"name\":\"Web del Maestro CMF\",\"alternateName\":\"WMCMF\",\"url\":\"https:\\\/\\\/webdelmaestrocmf.com\\\/portal\\\/\",\"logo\":{\"@type\":\"ImageObject\",\"inLanguage\":\"es\",\"@id\":\"https:\\\/\\\/webdelmaestrocmf.com\\\/portal\\\/#\\\/schema\\\/logo\\\/image\\\/\",\"url\":\"https:\\\/\\\/webdelmaestrocmf.com\\\/portal\\\/wp-content\\\/uploads\\\/2023\\\/01\\\/logo-wmcmf-2.png\",\"contentUrl\":\"https:\\\/\\\/webdelmaestrocmf.com\\\/portal\\\/wp-content\\\/uploads\\\/2023\\\/01\\\/logo-wmcmf-2.png\",\"width\":200,\"height\":60,\"caption\":\"Web del Maestro CMF\"},\"image\":{\"@id\":\"https:\\\/\\\/webdelmaestrocmf.com\\\/portal\\\/#\\\/schema\\\/logo\\\/image\\\/\"},\"sameAs\":[\"https:\\\/\\\/www.facebook.com\\\/WebdelMaestroCMF\\\/\",\"https:\\\/\\\/x.com\\\/cmf_w\",\"https:\\\/\\\/www.pinterest.com\\\/WMCMF\\\/\",\"https:\\\/\\\/www.linkedin.com\\\/company\\\/web-del-maestro-cmf\\\/\",\"https:\\\/\\\/www.instagram.com\\\/wmcmf\\\/\",\"https:\\\/\\\/www.youtube.com\\\/channel\\\/UCDPSvjbdodE5sHnC3OxutHw\",\"https:\\\/\\\/mastodon.social\\\/@wmcmf\",\"https:\\\/\\\/www.tiktok.com\\\/@webdelmaestrocmf\"]},{\"@type\":\"Person\",\"@id\":\"https:\\\/\\\/webdelmaestrocmf.com\\\/portal\\\/#\\\/schema\\\/person\\\/1072a2ed7bd960df8ef99a551fa35dc5\",\"name\":\"Web del Maestro CMF\",\"image\":{\"@type\":\"ImageObject\",\"inLanguage\":\"es\",\"@id\":\"https:\\\/\\\/secure.gravatar.com\\\/avatar\\\/23291dd5b5ae1077dcff3dbb04c3e02bd28403fa75af6d8787d5e97c5bbbe30b?s=96&d=mm&r=g\",\"url\":\"https:\\\/\\\/secure.gravatar.com\\\/avatar\\\/23291dd5b5ae1077dcff3dbb04c3e02bd28403fa75af6d8787d5e97c5bbbe30b?s=96&d=mm&r=g\",\"contentUrl\":\"https:\\\/\\\/secure.gravatar.com\\\/avatar\\\/23291dd5b5ae1077dcff3dbb04c3e02bd28403fa75af6d8787d5e97c5bbbe30b?s=96&d=mm&r=g\",\"caption\":\"Web del Maestro CMF\"},\"description\":\"Esta Web se cre\u00f3 sin fines de lucro, con fines educativos, cient\u00edficos y acad\u00e9micos, para personas que tengan dificultades y\\\/o inconvenientes en visualizar el material original. El objetivo es entregar recursos, compartir experiencias y materiales que ayuden a los padres de familia, maestros y estudiantes en su actualizaci\u00f3n y formaci\u00f3n permanente, en bien de la Educaci\u00f3n.\",\"sameAs\":[\"http:\\\/\\\/webdelmaestrocmf.com\\\/portal\",\"https:\\\/\\\/www.facebook.com\\\/WebdelMaestroCMF\\\/\",\"https:\\\/\\\/www.instagram.com\\\/wmcmf\\\/\",\"https:\\\/\\\/cl.linkedin.com\\\/company\\\/web-del-maestro-cmf\",\"https:\\\/\\\/www.pinterest.com\\\/WMCMF\\\/publicaciones\\\/\",\"https:\\\/\\\/x.com\\\/cmf_w\",\"https:\\\/\\\/www.youtube.com\\\/@WMCMF\"]}]}<\/script>\n<!-- \/ Yoast SEO plugin. -->","yoast_head_json":{"title":"Luis Rojas Marcos: Hay que decir m\u00e1s cu\u00e9ntame, perdona y te quiero - 2026","description":"Para m\u00ed la palabra m\u00e1s importante, profesional y personalmente, es \u201ccu\u00e9ntame\u201d, pero para eso, tienes que estar dispuesto a escuchar, y eso no...","robots":{"index":"index","follow":"follow","max-snippet":"max-snippet:-1","max-image-preview":"max-image-preview:large","max-video-preview":"max-video-preview:-1"},"canonical":"https:\/\/webdelmaestrocmf.com\/portal\/luis-rojas-marcos-hay-que-decir-mas-cuentame-perdona-y-te-quiero\/","og_locale":"es_ES","og_type":"article","og_title":"Luis Rojas Marcos: Hay que decir m\u00e1s cu\u00e9ntame, perdona y te quiero - 2026","og_description":"Para m\u00ed la palabra m\u00e1s importante, profesional y personalmente, es \u201ccu\u00e9ntame\u201d, pero para eso, tienes que estar dispuesto a escuchar, y eso no...","og_url":"https:\/\/webdelmaestrocmf.com\/portal\/luis-rojas-marcos-hay-que-decir-mas-cuentame-perdona-y-te-quiero\/","og_site_name":"Web del Maestro CMF","article_publisher":"https:\/\/www.facebook.com\/WebdelMaestroCMF\/","article_author":"https:\/\/www.facebook.com\/WebdelMaestroCMF\/","article_published_time":"2020-04-02T02:31:07+00:00","article_modified_time":"2020-11-20T12:47:05+00:00","og_image":[{"width":1100,"height":680,"url":"https:\/\/i0.wp.com\/webdelmaestrocmf.com\/portal\/wp-content\/uploads\/2020\/04\/4a-2.jpg?fit=1100%2C680&ssl=1","type":"image\/jpeg"}],"author":"Web del Maestro CMF","twitter_card":"summary_large_image","twitter_creator":"@cmf_w","twitter_site":"@cmf_w","schema":{"@context":"https:\/\/schema.org","@graph":[{"@type":"ScholarlyArticle","@id":"https:\/\/webdelmaestrocmf.com\/portal\/luis-rojas-marcos-hay-que-decir-mas-cuentame-perdona-y-te-quiero\/#article","isPartOf":{"@id":"https:\/\/webdelmaestrocmf.com\/portal\/luis-rojas-marcos-hay-que-decir-mas-cuentame-perdona-y-te-quiero\/"},"author":{"name":"Web del Maestro CMF","@id":"https:\/\/webdelmaestrocmf.com\/portal\/#\/schema\/person\/1072a2ed7bd960df8ef99a551fa35dc5"},"headline":"Luis Rojas Marcos: Hay que decir m\u00e1s cu\u00e9ntame, perdona y te quiero","datePublished":"2020-04-02T02:31:07+00:00","dateModified":"2020-11-20T12:47:05+00:00","mainEntityOfPage":{"@id":"https:\/\/webdelmaestrocmf.com\/portal\/luis-rojas-marcos-hay-que-decir-mas-cuentame-perdona-y-te-quiero\/"},"wordCount":1291,"commentCount":0,"publisher":{"@id":"https:\/\/webdelmaestrocmf.com\/portal\/#organization"},"image":{"@id":"https:\/\/webdelmaestrocmf.com\/portal\/luis-rojas-marcos-hay-que-decir-mas-cuentame-perdona-y-te-quiero\/#primaryimage"},"thumbnailUrl":"https:\/\/webdelmaestrocmf.com\/portal\/wp-content\/uploads\/2020\/04\/4a-2.jpg","keywords":["cu\u00e9ntame","DECIR","Luis Rojas Marcos","PERDONA","quiero"],"articleSection":["Entrevistas","Noticias"],"inLanguage":"es","potentialAction":[{"@type":"CommentAction","name":"Comment","target":["https:\/\/webdelmaestrocmf.com\/portal\/luis-rojas-marcos-hay-que-decir-mas-cuentame-perdona-y-te-quiero\/#respond"]}]},{"@type":"WebPage","@id":"https:\/\/webdelmaestrocmf.com\/portal\/luis-rojas-marcos-hay-que-decir-mas-cuentame-perdona-y-te-quiero\/","url":"https:\/\/webdelmaestrocmf.com\/portal\/luis-rojas-marcos-hay-que-decir-mas-cuentame-perdona-y-te-quiero\/","name":"Luis Rojas Marcos: Hay que decir m\u00e1s cu\u00e9ntame, perdona y te quiero - 2026","isPartOf":{"@id":"https:\/\/webdelmaestrocmf.com\/portal\/#website"},"primaryImageOfPage":{"@id":"https:\/\/webdelmaestrocmf.com\/portal\/luis-rojas-marcos-hay-que-decir-mas-cuentame-perdona-y-te-quiero\/#primaryimage"},"image":{"@id":"https:\/\/webdelmaestrocmf.com\/portal\/luis-rojas-marcos-hay-que-decir-mas-cuentame-perdona-y-te-quiero\/#primaryimage"},"thumbnailUrl":"https:\/\/webdelmaestrocmf.com\/portal\/wp-content\/uploads\/2020\/04\/4a-2.jpg","datePublished":"2020-04-02T02:31:07+00:00","dateModified":"2020-11-20T12:47:05+00:00","description":"Para m\u00ed la palabra m\u00e1s importante, profesional y personalmente, es \u201ccu\u00e9ntame\u201d, pero para eso, tienes que estar dispuesto a escuchar, y eso no...","breadcrumb":{"@id":"https:\/\/webdelmaestrocmf.com\/portal\/luis-rojas-marcos-hay-que-decir-mas-cuentame-perdona-y-te-quiero\/#breadcrumb"},"inLanguage":"es","potentialAction":[{"@type":"ReadAction","target":["https:\/\/webdelmaestrocmf.com\/portal\/luis-rojas-marcos-hay-que-decir-mas-cuentame-perdona-y-te-quiero\/"]}]},{"@type":"ImageObject","inLanguage":"es","@id":"https:\/\/webdelmaestrocmf.com\/portal\/luis-rojas-marcos-hay-que-decir-mas-cuentame-perdona-y-te-quiero\/#primaryimage","url":"https:\/\/webdelmaestrocmf.com\/portal\/wp-content\/uploads\/2020\/04\/4a-2.jpg","contentUrl":"https:\/\/webdelmaestrocmf.com\/portal\/wp-content\/uploads\/2020\/04\/4a-2.jpg","width":1100,"height":680},{"@type":"BreadcrumbList","@id":"https:\/\/webdelmaestrocmf.com\/portal\/luis-rojas-marcos-hay-que-decir-mas-cuentame-perdona-y-te-quiero\/#breadcrumb","itemListElement":[{"@type":"ListItem","position":1,"name":"Portada","item":"https:\/\/webdelmaestrocmf.com\/portal\/"},{"@type":"ListItem","position":2,"name":"Noticias","item":"https:\/\/webdelmaestrocmf.com\/portal\/category\/noticias\/"},{"@type":"ListItem","position":3,"name":"Luis Rojas Marcos: Hay que decir m\u00e1s cu\u00e9ntame, perdona y te quiero"}]},{"@type":"WebSite","@id":"https:\/\/webdelmaestrocmf.com\/portal\/#website","url":"https:\/\/webdelmaestrocmf.com\/portal\/","name":"Web del Maestro CMF","description":"Maestros al servicio de la educaci\u00f3n","publisher":{"@id":"https:\/\/webdelmaestrocmf.com\/portal\/#organization"},"alternateName":"WMCMF","potentialAction":[{"@type":"SearchAction","target":{"@type":"EntryPoint","urlTemplate":"https:\/\/webdelmaestrocmf.com\/portal\/?s={search_term_string}"},"query-input":{"@type":"PropertyValueSpecification","valueRequired":true,"valueName":"search_term_string"}}],"inLanguage":"es"},{"@type":"Organization","@id":"https:\/\/webdelmaestrocmf.com\/portal\/#organization","name":"Web del Maestro CMF","alternateName":"WMCMF","url":"https:\/\/webdelmaestrocmf.com\/portal\/","logo":{"@type":"ImageObject","inLanguage":"es","@id":"https:\/\/webdelmaestrocmf.com\/portal\/#\/schema\/logo\/image\/","url":"https:\/\/webdelmaestrocmf.com\/portal\/wp-content\/uploads\/2023\/01\/logo-wmcmf-2.png","contentUrl":"https:\/\/webdelmaestrocmf.com\/portal\/wp-content\/uploads\/2023\/01\/logo-wmcmf-2.png","width":200,"height":60,"caption":"Web del Maestro CMF"},"image":{"@id":"https:\/\/webdelmaestrocmf.com\/portal\/#\/schema\/logo\/image\/"},"sameAs":["https:\/\/www.facebook.com\/WebdelMaestroCMF\/","https:\/\/x.com\/cmf_w","https:\/\/www.pinterest.com\/WMCMF\/","https:\/\/www.linkedin.com\/company\/web-del-maestro-cmf\/","https:\/\/www.instagram.com\/wmcmf\/","https:\/\/www.youtube.com\/channel\/UCDPSvjbdodE5sHnC3OxutHw","https:\/\/mastodon.social\/@wmcmf","https:\/\/www.tiktok.com\/@webdelmaestrocmf"]},{"@type":"Person","@id":"https:\/\/webdelmaestrocmf.com\/portal\/#\/schema\/person\/1072a2ed7bd960df8ef99a551fa35dc5","name":"Web del Maestro CMF","image":{"@type":"ImageObject","inLanguage":"es","@id":"https:\/\/secure.gravatar.com\/avatar\/23291dd5b5ae1077dcff3dbb04c3e02bd28403fa75af6d8787d5e97c5bbbe30b?s=96&d=mm&r=g","url":"https:\/\/secure.gravatar.com\/avatar\/23291dd5b5ae1077dcff3dbb04c3e02bd28403fa75af6d8787d5e97c5bbbe30b?s=96&d=mm&r=g","contentUrl":"https:\/\/secure.gravatar.com\/avatar\/23291dd5b5ae1077dcff3dbb04c3e02bd28403fa75af6d8787d5e97c5bbbe30b?s=96&d=mm&r=g","caption":"Web del Maestro CMF"},"description":"Esta Web se cre\u00f3 sin fines de lucro, con fines educativos, cient\u00edficos y acad\u00e9micos, para personas que tengan dificultades y\/o inconvenientes en visualizar el material original. El objetivo es entregar recursos, compartir experiencias y materiales que ayuden a los padres de familia, maestros y estudiantes en su actualizaci\u00f3n y formaci\u00f3n permanente, en bien de la Educaci\u00f3n.","sameAs":["http:\/\/webdelmaestrocmf.com\/portal","https:\/\/www.facebook.com\/WebdelMaestroCMF\/","https:\/\/www.instagram.com\/wmcmf\/","https:\/\/cl.linkedin.com\/company\/web-del-maestro-cmf","https:\/\/www.pinterest.com\/WMCMF\/publicaciones\/","https:\/\/x.com\/cmf_w","https:\/\/www.youtube.com\/@WMCMF"]}]}},"jetpack_featured_media_url":"https:\/\/webdelmaestrocmf.com\/portal\/wp-content\/uploads\/2020\/04\/4a-2.jpg","jetpack_sharing_enabled":true,"jetpack-related-posts":[{"id":85406,"url":"https:\/\/webdelmaestrocmf.com\/portal\/luis-rojas-marcos-las-personas-agradecidas-se-desenvuelven-socialmente-con-calidez-y-alegria\/","url_meta":{"origin":46046,"position":0},"title":"Luis Rojas Marcos: Las personas agradecidas se desenvuelven socialmente con calidez y alegr\u00eda","author":"Web del Maestro CMF","date":"7 marzo, 2023","format":false,"excerpt":"El m\u00e9dico Luis Rojas Marcos (Sevilla, Espa\u00f1a 1943), estudi\u00f3 la Licenciatura en la Universidad de Sevilla (Espa\u00f1a), recibiendo el t\u00edtulo de Doctor en Medicina y Cirug\u00eda por la Universidad de Bilbao (Espa\u00f1a) y en Ciencias M\u00e9dicas por la Universidad del Estado de Nueva York (USA), se especializ\u00f3 en psiquiatr\u00eda en\u2026","rel":"","context":"En \u00abEntrevistas\u00bb","block_context":{"text":"Entrevistas","link":"https:\/\/webdelmaestrocmf.com\/portal\/category\/noticias\/entrevistas\/"},"img":{"alt_text":"","src":"https:\/\/i0.wp.com\/webdelmaestrocmf.com\/portal\/wp-content\/uploads\/2023\/03\/1234abd-3.jpg?resize=350%2C200&ssl=1","width":350,"height":200,"srcset":"https:\/\/i0.wp.com\/webdelmaestrocmf.com\/portal\/wp-content\/uploads\/2023\/03\/1234abd-3.jpg?resize=350%2C200&ssl=1 1x, https:\/\/i0.wp.com\/webdelmaestrocmf.com\/portal\/wp-content\/uploads\/2023\/03\/1234abd-3.jpg?resize=525%2C300&ssl=1 1.5x, https:\/\/i0.wp.com\/webdelmaestrocmf.com\/portal\/wp-content\/uploads\/2023\/03\/1234abd-3.jpg?resize=700%2C400&ssl=1 2x"},"classes":[]},{"id":80969,"url":"https:\/\/webdelmaestrocmf.com\/portal\/si-una-persona-no-tiene-una-buena-autoestima-esto-va-a-afectar-a-todas-las-areas-de-su-vida\/","url_meta":{"origin":46046,"position":1},"title":"Si una persona no tiene una buena autoestima, esto va a afectar a todas las \u00e1reas de su vida","author":"Web del Maestro CMF","date":"13 octubre, 2022","format":"video","excerpt":"Silvia Congost Provensal (Barcelona, Espa\u00f1a, 1977), es psic\u00f3loga y experta en relaciones personales y autoestima. Su pasi\u00f3n por su profesi\u00f3n y el deseo de compartir sus conocimientos, adquiridos en m\u00e1s de 18 a\u00f1os de experiencia cl\u00ednica, le han llevado a colaborar en diferentes medios de comunicaci\u00f3n y a escribir varios\u2026","rel":"","context":"En \u00abAdolescente\u00bb","block_context":{"text":"Adolescente","link":"https:\/\/webdelmaestrocmf.com\/portal\/category\/adolescente\/"},"img":{"alt_text":"","src":"https:\/\/i0.wp.com\/webdelmaestrocmf.com\/portal\/wp-content\/uploads\/2022\/10\/1.jpeg?resize=350%2C200&ssl=1","width":350,"height":200,"srcset":"https:\/\/i0.wp.com\/webdelmaestrocmf.com\/portal\/wp-content\/uploads\/2022\/10\/1.jpeg?resize=350%2C200&ssl=1 1x, https:\/\/i0.wp.com\/webdelmaestrocmf.com\/portal\/wp-content\/uploads\/2022\/10\/1.jpeg?resize=525%2C300&ssl=1 1.5x, https:\/\/i0.wp.com\/webdelmaestrocmf.com\/portal\/wp-content\/uploads\/2022\/10\/1.jpeg?resize=700%2C400&ssl=1 2x, https:\/\/i0.wp.com\/webdelmaestrocmf.com\/portal\/wp-content\/uploads\/2022\/10\/1.jpeg?resize=1050%2C600&ssl=1 3x"},"classes":[]},{"id":86100,"url":"https:\/\/webdelmaestrocmf.com\/portal\/como-ensenar-a-un-nino-a-decir-perdon-gracias-por-favor-lo-siento\/","url_meta":{"origin":46046,"position":2},"title":"Tus hijos saben decir: !Perd\u00f3n\u00a1 !Gracias\u00a1 !Por favor\u00a1 !Lo siento\u00a1","author":"Web del Maestro CMF","date":"5 enero, 2024","format":false,"excerpt":"Ense\u00f1ar a tus hijos o ni\u00f1os la importancia de dar las gracias, de \u201cpedir por favor\u201d o de decir \u201cbuenos d\u00edas\u201d o \u201cbuenas tardes\u201d, va m\u00e1s all\u00e1 de un simple acto de cortes\u00eda. Estamos invirtiendo en emociones, en valores sociales, y ante todo, en reciprocidad. Como en tantas cosas, parece\u2026","rel":"","context":"En \u00abBienestar Familiar\u00bb","block_context":{"text":"Bienestar Familiar","link":"https:\/\/webdelmaestrocmf.com\/portal\/category\/pedagogia\/bienestar-familiar\/"},"img":{"alt_text":"!Perd\u00f3n\u00a1 !Gracias\u00a1 !Por favor\u00a1 !Lo siento\u00a1","src":"https:\/\/i0.wp.com\/webdelmaestrocmf.com\/portal\/wp-content\/uploads\/2023\/08\/A12B3C4D-1-3.jpg?resize=350%2C200&ssl=1","width":350,"height":200,"srcset":"https:\/\/i0.wp.com\/webdelmaestrocmf.com\/portal\/wp-content\/uploads\/2023\/08\/A12B3C4D-1-3.jpg?resize=350%2C200&ssl=1 1x, https:\/\/i0.wp.com\/webdelmaestrocmf.com\/portal\/wp-content\/uploads\/2023\/08\/A12B3C4D-1-3.jpg?resize=525%2C300&ssl=1 1.5x, https:\/\/i0.wp.com\/webdelmaestrocmf.com\/portal\/wp-content\/uploads\/2023\/08\/A12B3C4D-1-3.jpg?resize=700%2C400&ssl=1 2x"},"classes":[]},{"id":74956,"url":"https:\/\/webdelmaestrocmf.com\/portal\/como-ensenar-a-un-nino-a-pedir-perdon\/","url_meta":{"origin":46046,"position":3},"title":"C\u00f3mo ense\u00f1ar a un ni\u00f1o a pedir perd\u00f3n","author":"Web del Maestro CMF","date":"29 mayo, 2022","format":false,"excerpt":"Todos sabemos por experiencia propia lo que cuesta pedir perd\u00f3n y\u00a0reconocer los errores. Y a medida que nos hacemos mayores, m\u00e1s dif\u00edcil es. Sin embargo, la persona que sabe perdonar vive m\u00e1s feliz, sin rencores y sin tantas presiones internas; perdonar se convierte as\u00ed en una herramienta terap\u00e9utica para el\u2026","rel":"","context":"En \u00abEducaci\u00f3n y Familia\u00bb","block_context":{"text":"Educaci\u00f3n y Familia","link":"https:\/\/webdelmaestrocmf.com\/portal\/category\/pedagogia\/educacion-y-familia\/"},"img":{"alt_text":"","src":"https:\/\/i0.wp.com\/webdelmaestrocmf.com\/portal\/wp-content\/uploads\/2022\/03\/1a12-DESKTOP-DLIPULV-13.jpg?resize=350%2C200&ssl=1","width":350,"height":200,"srcset":"https:\/\/i0.wp.com\/webdelmaestrocmf.com\/portal\/wp-content\/uploads\/2022\/03\/1a12-DESKTOP-DLIPULV-13.jpg?resize=350%2C200&ssl=1 1x, https:\/\/i0.wp.com\/webdelmaestrocmf.com\/portal\/wp-content\/uploads\/2022\/03\/1a12-DESKTOP-DLIPULV-13.jpg?resize=525%2C300&ssl=1 1.5x, https:\/\/i0.wp.com\/webdelmaestrocmf.com\/portal\/wp-content\/uploads\/2022\/03\/1a12-DESKTOP-DLIPULV-13.jpg?resize=700%2C400&ssl=1 2x, https:\/\/i0.wp.com\/webdelmaestrocmf.com\/portal\/wp-content\/uploads\/2022\/03\/1a12-DESKTOP-DLIPULV-13.jpg?resize=1050%2C600&ssl=1 3x"},"classes":[]},{"id":42178,"url":"https:\/\/webdelmaestrocmf.com\/portal\/hermosos-cuentos-que-ensenan-a-las-ninas-a-ser-seguras-sabias-y-emprendedoras\/","url_meta":{"origin":46046,"position":4},"title":"Hermosos cuentos que ense\u00f1an a las ni\u00f1as a ser Seguras, Sabias y Emprendedoras","author":"Web del Maestro CMF","date":"26 noviembre, 2019","format":false,"excerpt":"Ya lo dec\u00eda Malala Yousafzai, la activista pakistan\u00ed, con esta po\u00e9tica frase: \u201cexisten pocas armas en el mundo tan poderosas como una ni\u00f1a con un libro en la mano\u201d. La literatura es uno de los instrumentos educativos m\u00e1s importantes que se pueden aprovechar durante la infancia. Existen cuentos infantiles que\u2026","rel":"","context":"En \u00abLibros\u00bb","block_context":{"text":"Libros","link":"https:\/\/webdelmaestrocmf.com\/portal\/category\/pedagogia\/libros\/"},"img":{"alt_text":"","src":"https:\/\/i0.wp.com\/webdelmaestrocmf.com\/portal\/wp-content\/uploads\/2019\/11\/1-91.jpg?resize=350%2C200&ssl=1","width":350,"height":200,"srcset":"https:\/\/i0.wp.com\/webdelmaestrocmf.com\/portal\/wp-content\/uploads\/2019\/11\/1-91.jpg?resize=350%2C200&ssl=1 1x, https:\/\/i0.wp.com\/webdelmaestrocmf.com\/portal\/wp-content\/uploads\/2019\/11\/1-91.jpg?resize=525%2C300&ssl=1 1.5x, https:\/\/i0.wp.com\/webdelmaestrocmf.com\/portal\/wp-content\/uploads\/2019\/11\/1-91.jpg?resize=700%2C400&ssl=1 2x, https:\/\/i0.wp.com\/webdelmaestrocmf.com\/portal\/wp-content\/uploads\/2019\/11\/1-91.jpg?resize=1050%2C600&ssl=1 3x"},"classes":[]},{"id":9359,"url":"https:\/\/webdelmaestrocmf.com\/portal\/que-es-el-metodo-de-escucha-activa-en-que-consiste-y-cuales-son-sus-beneficios\/","url_meta":{"origin":46046,"position":5},"title":"\u00bfQu\u00e9 es el m\u00e9todo de escucha activa, en qu\u00e9 consiste y cu\u00e1les son sus beneficios?","author":"Web del Maestro CMF","date":"3 agosto, 2018","format":false,"excerpt":"El m\u00e9todo de escucha activa permite mejorar la comunicaci\u00f3n en muchos sentidos. Es un proceso que\u00a0conviene ser aplicado en la familia, donde se desarrollan las habilidades sociales del ni\u00f1o. Para las personas es importante establecer contacto con los dem\u00e1s en su entorno, para expresar lo que pensamos y transmitirlo. La\u2026","rel":"","context":"En \u00abBienestar Familiar\u00bb","block_context":{"text":"Bienestar Familiar","link":"https:\/\/webdelmaestrocmf.com\/portal\/category\/pedagogia\/bienestar-familiar\/"},"img":{"alt_text":"","src":"https:\/\/i0.wp.com\/webdelmaestrocmf.com\/portal\/wp-content\/uploads\/2018\/08\/1A-Banner-1-portada-imagen-10-1-36.jpg?resize=350%2C200&ssl=1","width":350,"height":200,"srcset":"https:\/\/i0.wp.com\/webdelmaestrocmf.com\/portal\/wp-content\/uploads\/2018\/08\/1A-Banner-1-portada-imagen-10-1-36.jpg?resize=350%2C200&ssl=1 1x, https:\/\/i0.wp.com\/webdelmaestrocmf.com\/portal\/wp-content\/uploads\/2018\/08\/1A-Banner-1-portada-imagen-10-1-36.jpg?resize=525%2C300&ssl=1 1.5x, https:\/\/i0.wp.com\/webdelmaestrocmf.com\/portal\/wp-content\/uploads\/2018\/08\/1A-Banner-1-portada-imagen-10-1-36.jpg?resize=700%2C400&ssl=1 2x"},"classes":[]}],"_links":{"self":[{"href":"https:\/\/webdelmaestrocmf.com\/portal\/wp-json\/wp\/v2\/posts\/46046","targetHints":{"allow":["GET"]}}],"collection":[{"href":"https:\/\/webdelmaestrocmf.com\/portal\/wp-json\/wp\/v2\/posts"}],"about":[{"href":"https:\/\/webdelmaestrocmf.com\/portal\/wp-json\/wp\/v2\/types\/post"}],"author":[{"embeddable":true,"href":"https:\/\/webdelmaestrocmf.com\/portal\/wp-json\/wp\/v2\/users\/1"}],"replies":[{"embeddable":true,"href":"https:\/\/webdelmaestrocmf.com\/portal\/wp-json\/wp\/v2\/comments?post=46046"}],"version-history":[{"count":0,"href":"https:\/\/webdelmaestrocmf.com\/portal\/wp-json\/wp\/v2\/posts\/46046\/revisions"}],"wp:featuredmedia":[{"embeddable":true,"href":"https:\/\/webdelmaestrocmf.com\/portal\/wp-json\/wp\/v2\/media\/46049"}],"wp:attachment":[{"href":"https:\/\/webdelmaestrocmf.com\/portal\/wp-json\/wp\/v2\/media?parent=46046"}],"wp:term":[{"taxonomy":"category","embeddable":true,"href":"https:\/\/webdelmaestrocmf.com\/portal\/wp-json\/wp\/v2\/categories?post=46046"},{"taxonomy":"post_tag","embeddable":true,"href":"https:\/\/webdelmaestrocmf.com\/portal\/wp-json\/wp\/v2\/tags?post=46046"}],"curies":[{"name":"wp","href":"https:\/\/api.w.org\/{rel}","templated":true}]}}