{"id":45877,"date":"2020-03-28T12:34:59","date_gmt":"2020-03-28T15:34:59","guid":{"rendered":"https:\/\/webdelmaestrocmf.com\/portal\/?p=45877"},"modified":"2020-03-28T12:37:32","modified_gmt":"2020-03-28T15:37:32","slug":"papa-francisco-frente-al-coronavirus-no-somos-autosuficientes-solos-nos-hundimos","status":"publish","type":"post","link":"https:\/\/webdelmaestrocmf.com\/portal\/papa-francisco-frente-al-coronavirus-no-somos-autosuficientes-solos-nos-hundimos\/","title":{"rendered":"Papa Francisco: Frente al coronavirus \u201cno somos autosuficientes; solos nos hundimos\u201d"},"content":{"rendered":"<h5 style=\"text-align: justify;\">Para el Papa Francisco esta pandemia, causada por <strong>el coronavirus, es una tempestad, una tormenta<\/strong> y considera que es una llamada, una llamada que nos dirige Dios, anotando que no es este momento para creer que si \u00c9l\u00a0 existe, sino ir hacia \u00c9l y confiar en \u00c9L. A encontrar en la oraci\u00f3n esa tabla de salvaci\u00f3n. <strong>Una oraci\u00f3n que requiere Fe, perseverancia y valent\u00eda.<\/strong> \u201cEn estos d\u00edas en que es necesario rezar, rezar m\u00e1s, pensemos si rezamos de esta manera: con fe en que el Se\u00f1or puede intervenir, con perseverancia y con valor. <strong>El Se\u00f1or no decepciona, no decepciona. <\/strong>Nos hace esperar, se toma su tiempo, pero no nos decepciona. Fe, perseverancia y valor\u201d. (Santa Marta 23\/03\/2020).<\/h5>\n<p><!--more--><\/p>\n<p style=\"text-align: justify;\">La reflexi\u00f3n del Papa Francisco, frente a millones de creyentes y no creyentes congregados por los medios de comunicaci\u00f3n, con una Plaza de San Pedro ordinariamente recorrida o colmada de fieles o turistas, la queremos compartir desde la Web del Maestro CMF, como el <strong>resumen (<\/strong>o s\u00edntesis en frases<strong>) de una \u201chora de clase\u201d<\/strong> de 60 minutos (que es lo que dur\u00f3 la <strong>ceremonia in\u00e9dita en la historia de la humanidad<\/strong>); para escuchar <strong>un llamado a no sucumbir<\/strong> ante este <strong>confinamiento<\/strong> en los hogares; a la\u00a0 <strong>prohibici\u00f3n <\/strong>de trasladarse de un lugar a otro o <strong>regresar a la patria<\/strong>; a desterrar (no se sabe por cu\u00e1nto tiempo) los <strong>gestos usuales y familiares <\/strong>de convivencia; a ver c\u00f3mo se van (o nos vamos) <strong>quedando sin recursos econ\u00f3micos y sin trabajo<\/strong>; a un no saber si est\u00e1 uno o alg\u00fan familiar en las estad\u00edsticas de los <strong>contagiados<\/strong>, de las <strong>v\u00edctimas<\/strong> o de los <strong>sobrevivientes<\/strong>; a ser testigos c\u00f3mo salen a relucir las <strong>miserias hu<\/strong>manas del ego\u00edsmo, el acaparamiento y la especulaci\u00f3n; a enfrentarnos un <strong>futuro econ\u00f3mico<\/strong> que se avizora muy desfavorable; a ser testigos de c\u00f3mo (a pesar de la pandemia) los hombres <strong>siguen fabricando armas de guerra<\/strong> mientras faltan insumos sanitarios y\u00a0 recursos hospitalarios, &#8230; a vivir una <strong>realidad apocal\u00edptica que<\/strong> nos sorprendi\u00f3 de manera inesperada y furiosa.<\/p>\n<h5 style=\"text-align: justify;\"><strong>DI\u00c1LOGO CON EL PAPA FRANCISCO, SOBRE ESTE MOMENTO DE PANDEMIA <\/strong><strong>(17\u00b408\u201d)<\/strong><\/h5>\n<p><iframe loading=\"lazy\" src=\"https:\/\/www.lasexta.com\/embed\/el-papa-francisco-pide-a-los-empresarios-que-no-despidan-a-nadie-durante-la-crisis-por-coronavirus-el-salvase-quien-pueda-no-es-la-solucion\/video\/7\/2020\/03\/22\/5e77c9177ed1a8e897a5fdf2\" width=\"100%\" height=\"400\" frameborder=\"0\" allowfullscreen=\"allowfullscreen\"><span data-mce-type=\"bookmark\" style=\"display: inline-block; width: 0px; overflow: hidden; line-height: 0;\" class=\"mce_SELRES_start\">\ufeff<\/span><\/iframe><\/p>\n<p style=\"text-align: justify;\">Deseamos que cada una de las frases o pensamientos del Papa Francisco, (con el perd\u00f3n de los creyentes cat\u00f3licos, por haber \u201cacomodado\u201d los textos para llegar a todos), -y que est\u00e1 completo en el enlace al final de este art\u00edculo-,\u00a0 <strong>nos ayuden a tener una conciencia real sobre este momento hist\u00f3rico e impensado\u00a0 que nos ha tocado vivir<\/strong>, no perdiendo de vista que <strong>estamos todos (creyentes o no creyentes)<\/strong> en la misma nave, en la misma tormenta, amenazados por la misma epidemia como habitantes de la misma\u00a0 \u201caldea global\u201d. <strong>Sint\u00e1monos llamados, sin distinci\u00f3n<\/strong>, (como ataca este virus), a sumar, a mirar con\u00a0 esperanza,\u00a0 \u201ca dar solidez, contenci\u00f3n y sentido a estas horas donde todo parece naufragar\u201d.<\/p>\n<p><iframe loading=\"lazy\" src=\"https:\/\/www.lasexta.com\/embed\/la-sorprendente-confesion-del-papa-francisco-a-jordi-evole-sobre-la-existencia-de-dios-he-sufrido-crisis-de-fe\/video\/7\/2020\/03\/22\/5e77d2707ed1a8e88e3bb0af\" width=\"100%\" height=\"400\" frameborder=\"0\" allowfullscreen=\"allowfullscreen\"><span data-mce-type=\"bookmark\" style=\"display: inline-block; width: 0px; overflow: hidden; line-height: 0;\" class=\"mce_SELRES_start\">\ufeff<\/span><\/iframe><\/p>\n<ol style=\"text-align: justify;\">\n<li>\u201cDesde hace algunas semanas <strong>parece que todo se ha oscurecido<\/strong>. Densas tinieblas han cubierto nuestras plazas, calles y ciudades; se fueron adue\u00f1ando de nuestras vidas <strong>llenando todo de un silencio que ensordece y un vac\u00edo desolador que paraliza<\/strong> todo a su paso: se palpita en el aire, se siente en los gestos, lo dicen las miradas\u201d.<\/li>\n<li>\u201cNos encontramos <strong>asustados y perdidos<\/strong>\u201d.<\/li>\n<li>\u201cNos dimos cuenta de que est\u00e1bamos <strong>en la misma barca, todos fr\u00e1giles y desorientados<\/strong>; pero, al mismo tiempo, <strong>importantes y necesarios<\/strong>, todos llamados a remar juntos, todos necesitados de confortarnos mutuamente\u201d.<\/li>\n<li>\u201cEn esta barca, estamos todos\u201d.<\/li>\n<li>\u201cDescubrimos que <strong>no podemos seguir cada uno por nuestra cuenta<\/strong>, sino solo juntos\u201d.<\/li>\n<li>\u201cEntre nosotros, en nuestras familias, <strong>lo que m\u00e1s duele es cuando escuchamos decir: \u201c\u00bfEs que no te importo?\u201d<\/strong>. Es una frase que lastima y desata tormentas en el coraz\u00f3n\u201d.<\/li>\n<li>\u201cLa tempestad <strong>desenmascara nuestra vulnerabilidad<\/strong> y deja al descubierto esas <strong>falsas y superfluas seguridades<\/strong> con las que hab\u00edamos construido nuestras <strong>agendas<\/strong>, nuestros <strong>proyectos<\/strong>, <strong>rutinas y prioridades<\/strong>\u201d.<\/li>\n<li>\u201c[La tempestad] Nos muestra c\u00f3mo <strong>hab\u00edamos dejado dormido y abandonado<\/strong> lo que <strong>alimenta, sostiene y da fuerza<\/strong> a nuestra vida y a nuestra comunidad\u201d.<\/li>\n<li>\u201cLa tempestad pone al descubierto todos los <strong>intentos de encajonar y olvidar lo que nutri\u00f3 el alma de nuestros pueblos<\/strong>; todas esas tentativas de <strong>anestesiar con aparentes rutinas \u201csalvadoras\u201d<\/strong>, incapaces de <strong>apelar a nuestras ra\u00edces y evocar la memoria <\/strong>de nuestros ancianos, priv\u00e1ndonos as\u00ed de la <strong>inmunidad necesaria<\/strong> para hacerle frente a la adversidad\u201d.<\/li>\n<li>\u201cCon la tempestad, <strong>se cay\u00f3 el maquillaje<\/strong> de esos estereotipos con los que disfraz\u00e1bamos <strong>nuestros egos<\/strong> siempre pretenciosos de <strong>querer aparentar<\/strong>; y dej\u00f3 al descubierto, una vez m\u00e1s, esa (bendita) pertenencia com\u00fan de la que no podemos ni queremos evadirnos; esa <strong>pertenencia de hermanos<\/strong>\u201d.<\/li>\n<\/ol>\n<p><img loading=\"lazy\" decoding=\"async\" class=\"alignnone size-full wp-image-45880\" src=\"https:\/\/webdelmaestrocmf.com\/portal\/wp-content\/uploads\/2020\/03\/4a-3.jpg\" alt=\"\" width=\"900\" height=\"600\" srcset=\"https:\/\/webdelmaestrocmf.com\/portal\/wp-content\/uploads\/2020\/03\/4a-3.jpg 900w, https:\/\/webdelmaestrocmf.com\/portal\/wp-content\/uploads\/2020\/03\/4a-3-300x200.jpg 300w, https:\/\/webdelmaestrocmf.com\/portal\/wp-content\/uploads\/2020\/03\/4a-3-768x512.jpg 768w, https:\/\/webdelmaestrocmf.com\/portal\/wp-content\/uploads\/2020\/03\/4a-3-110x73.jpg 110w, https:\/\/webdelmaestrocmf.com\/portal\/wp-content\/uploads\/2020\/03\/4a-3-200x133.jpg 200w, https:\/\/webdelmaestrocmf.com\/portal\/wp-content\/uploads\/2020\/03\/4a-3-380x253.jpg 380w, https:\/\/webdelmaestrocmf.com\/portal\/wp-content\/uploads\/2020\/03\/4a-3-255x170.jpg 255w, https:\/\/webdelmaestrocmf.com\/portal\/wp-content\/uploads\/2020\/03\/4a-3-550x367.jpg 550w, https:\/\/webdelmaestrocmf.com\/portal\/wp-content\/uploads\/2020\/03\/4a-3-800x533.jpg 800w\" sizes=\"auto, (max-width: 900px) 100vw, 900px\" \/><\/p>\n<p style=\"text-align: justify;\">Art\u00edculo relacionado: <a href=\"https:\/\/webdelmaestrocmf.com\/portal\/no-se-puede-ser-un-cristiano-hipocrita\/\" target=\"_blank\" rel=\"noopener noreferrer\"><strong>PAPA FRANCISCO: NO SE PUEDE SER UN CRISTIANO HIP\u00d3CRITA.<\/strong><\/a><\/p>\n<ol style=\"text-align: justify;\" start=\"11\">\n<li>\u201cHemos <strong>avanzado r\u00e1pidamente, sinti\u00e9ndonos fuertes<\/strong> y capaces de todo. <strong>Codiciosos<\/strong> de ganancias, nos hemos dejado absorber por lo material y trastornar por la prisa\u201d.<\/li>\n<li>\u201cNo nos hemos despertado ante <strong>guerras e injusticias<\/strong> del mundo, no hemos escuchado el <strong>grito de los pobres<\/strong> y de nuestro <strong>planeta gravemente enfermo<\/strong>\u201d.<\/li>\n<li>\u201cHemos continuado <strong>imperturbables<\/strong>, pensando en mantenernos siempre sanos <strong>en un mundo enfermo<\/strong>\u201d.<\/li>\n<li>[Este es el tiempo] \u201cpara <strong>elegir <\/strong>entre lo que cuenta verdaderamente y lo que pasa, para separar <strong>lo que es necesario de lo que no lo es<\/strong>\u201d.<\/li>\n<li>\u201cY podemos mirar a tantos <strong>compa\u00f1eros de viaje<\/strong> que son ejemplares, pues<strong>, ante el miedo, han reaccionado dando la propia vida<\/strong>. [&#8230;] que no aparecen en portadas de diarios y de revistas, ni en las grandes pasarelas del \u00faltimo show pero, sin lugar a dudas, <strong>est\u00e1n escribiendo hoy los acontecimientos decisivos de nuestra historia<\/strong>: m\u00e9dicos, enfermeros y enfermeras, encargados de reponer los productos en los supermercados, limpiadoras, cuidadoras, transportistas, fuerzas de seguridad, voluntarios, sacerdotes, religiosas y tantos pero tantos otros que comprendieron que <strong>nadie se salva solo<\/strong>\u201d.<\/li>\n<li>\u201cCu\u00e1nta gente cada d\u00eda <strong>demuestra paciencia e infunde esperanza<\/strong>, cuid\u00e1ndose de no sembrar p\u00e1nico sino corresponsabilidad\u201d.<\/li>\n<li>\u201cCu\u00e1ntos padres, madres, abuelos y abuelas, docentes muestran a nuestros ni\u00f1os, con gestos peque\u00f1os y cotidianos, <strong>c\u00f3mo enfrentar y transitar una crisis<\/strong> readaptando rutinas, levantando miradas e impulsando la oraci\u00f3n\u201d.<\/li>\n<li>\u201c<strong>No somos autosuficientes; solos nos hundimos<\/strong>\u201d.<\/li>\n<li>[Necesitamos esa fuerza para] \u201cconvertir en algo bueno todo lo que nos sucede, incluso lo malo\u201d.<\/li>\n<li>[Esta tormenta] \u201cnos invita a <strong>despertar y a activar esa solidaridad y esperanza <\/strong>capaz de dar solidez, contenci\u00f3n y sentido a estas horas donde todo parece naufragar.\u201d<\/li>\n<li>[Esta tormenta nos ha puesto] \u201cEn medio del aislamiento donde estamos <strong>sufriendo la falta de los afectos<\/strong> y de los encuentros, experimentando la carencia de tantas cosas,&#8230;\u201d.<\/li>\n<li>[Tomar la cruz] \u201cEs animarse a motivar espacios <strong>donde todos puedan sentirse convocados<\/strong> y permitir nuevas formas de hospitalidad, de fraternidad y de solidaridad\u201d.<\/li>\n<li>\u201cSe\u00f1or, bendice al mundo, da salud a los cuerpos y consuela los corazones. <strong>Nos pides que no sintamos temor<\/strong>. Pero nuestra fe es d\u00e9bil Se\u00f1or y <strong>tenemos miedo<\/strong>\u201d.<\/li>\n<\/ol>\n<p style=\"text-align: justify;\">Textos tomados de <a href=\"http:\/\/w2.vatican.va\/content\/francesco\/es\/homilies\/2020\/documents\/papa-francesco_20200327_omelia-epidemia.html\" target=\"_blank\" rel=\"noopener noreferrer\"><strong>MOMENTO EXTRAORDINARIO DE ORACI\u00d3N EN TIEMPOS DE EPIDEMIA<\/strong><\/a><\/p>\n<p style=\"text-align: center;\">\u00a0\u201c<em>La esperanza es lo que nos da paz en los momentos dif\u00edciles, en los momentos m\u00e1s oscuros de la vida. La esperanza no decepciona, est\u00e1 siempre all\u00ed: silenciosa, humilde pero fuerte\u201d<\/em> (Papa Francisco, Santa Marta).<\/p>\n<p style=\"text-align: right;\"><strong>REDACCI\u00d3N WEB DEL MAESTRO CMF<\/strong><\/p>\n\t\t<div class=\"pk-inline-posts\">\n\t\t\t\n\t\t\t<div class=\"pk-inline-posts-container pk-inline-posts-template-list\"\n\t\t\t\tdata-columns=\"1\">\n\t\t\t\t\t\t<article id=\"post-117930\" class=\"post-117930 post type-post status-publish format-standard has-post-thumbnail category-pastoral category-noticias-internacionales category-papa-leon-xiv tag-conflictos tag-derechos-humanos tag-educacion-en-valores-2 tag-etica-3 tag-justicia-social tag-liderazgo tag-papa-2 tag-paz tag-reflexion-2 tag-solidaridad cs-entry cs-video-wrap\">\n\t\t\t<div class=\"pk-post-outer\">\n\n\t\t\t\t\t\t\t\t<div class=\"pk-post-inner\">\n\t\t\t\t\t<div class=\"entry-thumbnail\">\n\t\t\t\t\t\t<div class=\"pk-overlay pk-overlay-ratio pk-ratio-landscape\">\n\t\t\t\t\t\t\t<div class=\"pk-overlay-background\">\n\t\t\t\t\t\t\t\t<a href=\"https:\/\/webdelmaestrocmf.com\/portal\/papa-leon-xiv-el-mundo-esta-siendo-destruido-por-unos-pocos-tiranos-en-referencia-a-trump\/\" class=\"pk-overlay-link\">\n\t\t\t\t\t\t\t\t\t<img loading=\"lazy\" decoding=\"async\" width=\"300\" height=\"225\" src=\"https:\/\/webdelmaestrocmf.com\/portal\/wp-content\/uploads\/2026\/04\/1AA-Banner-1-portada-imagen-10-1-copia-30-300x225.webp\" class=\"attachment-pk-thumbnail size-pk-thumbnail wp-post-image\" alt=\"\" \/>\t\t\t\t\t\t\t\t<\/a>\n\t\t\t\t\t\t\t<\/div>\n\t\t\t\t\t\t<\/div>\n\t\t\t\t\t<\/div>\n\t\t\t\t<\/div>\n\t\t\t\t\n\t\t\t\t<div class=\"pk-post-inner\">\n\t\t\t\t\t<header>\n\t\t\t\t\t\t<h3 class=\"pk-title\"><a href=\"https:\/\/webdelmaestrocmf.com\/portal\/papa-leon-xiv-el-mundo-esta-siendo-destruido-por-unos-pocos-tiranos-en-referencia-a-trump\/\" rel=\"bookmark\">Papa Le\u00f3n XIV: \u201cEl mundo est\u00e1 siendo destruido por unos pocos tiranos\u201d, en referencia a Trump<\/a><\/h3>\t\t\t\t\t<\/header><!-- .entry-header -->\n\t\t\t\t<\/div><!-- .post-inner -->\n\n\t\t\t<\/div><!-- .post-outer -->\n\t\t<\/article>\n\t\t\t\t<\/div>\n\t\t<\/div>\n\t\t\n","protected":false},"excerpt":{"rendered":"Para el Papa Francisco esta pandemia, causada por el coronavirus, es una tempestad, una tormenta y considera que&hellip;","protected":false},"author":1,"featured_media":45879,"comment_status":"open","ping_status":"closed","sticky":false,"template":"","format":"standard","meta":{"csco_display_header_overlay":false,"csco_singular_sidebar":"default","csco_page_header_type":"default","csco_page_load_nextpost":"default","csco_post_video_location":[],"csco_post_video_location_hash":"","csco_post_video_url":"","csco_post_video_bg_start_time":0,"csco_post_video_bg_end_time":0,"csco_post_video_bg_volume":false,"_jetpack_memberships_contains_paid_content":false,"footnotes":""},"categories":[431,467],"tags":[4836,4734,1363,4486,4837,880,4835],"class_list":{"0":"post-45877","1":"post","2":"type-post","3":"status-publish","4":"format-standard","5":"has-post-thumbnail","7":"category-pastoral","8":"category-papa-francisco","9":"tag-autosuficientes","10":"tag-coronavirus","11":"tag-francisco","12":"tag-frente","13":"tag-hundimos","14":"tag-papa","15":"tag-somos","16":"cs-entry","17":"cs-video-wrap"},"yoast_head":"<!-- This site is optimized with the Yoast SEO plugin v27.5 - https:\/\/yoast.com\/product\/yoast-seo-wordpress\/ -->\n<title>Papa Francisco: Frente al coronavirus \u201cno somos autosuficientes; solos nos hundimos\u201d - 2026<\/title>\n<meta name=\"description\" content=\"Para el Papa Francisco esta pandemia, causada por el coronavirus, es una tempestad, una tormenta y considera que es una llamada, una...\" \/>\n<meta name=\"robots\" content=\"index, follow, max-snippet:-1, max-image-preview:large, max-video-preview:-1\" \/>\n<link rel=\"canonical\" href=\"https:\/\/webdelmaestrocmf.com\/portal\/papa-francisco-frente-al-coronavirus-no-somos-autosuficientes-solos-nos-hundimos\/\" \/>\n<meta property=\"og:locale\" content=\"es_ES\" \/>\n<meta property=\"og:type\" content=\"article\" \/>\n<meta property=\"og:title\" content=\"Papa Francisco: Frente al coronavirus \u201cno somos autosuficientes; solos nos hundimos\u201d - 2026\" \/>\n<meta property=\"og:description\" content=\"Para el Papa Francisco esta pandemia, causada por el coronavirus, es una tempestad, una tormenta y considera que es una llamada, una...\" \/>\n<meta property=\"og:url\" content=\"https:\/\/webdelmaestrocmf.com\/portal\/papa-francisco-frente-al-coronavirus-no-somos-autosuficientes-solos-nos-hundimos\/\" \/>\n<meta property=\"og:site_name\" content=\"Web del Maestro CMF\" \/>\n<meta property=\"article:publisher\" content=\"https:\/\/www.facebook.com\/WebdelMaestroCMF\/\" \/>\n<meta property=\"article:author\" content=\"https:\/\/www.facebook.com\/WebdelMaestroCMF\/\" \/>\n<meta property=\"article:published_time\" content=\"2020-03-28T15:34:59+00:00\" \/>\n<meta property=\"article:modified_time\" content=\"2020-03-28T15:37:32+00:00\" \/>\n<meta property=\"og:image\" content=\"https:\/\/i0.wp.com\/webdelmaestrocmf.com\/portal\/wp-content\/uploads\/2020\/03\/4b-1.jpg?fit=1100%2C680&ssl=1\" \/>\n\t<meta property=\"og:image:width\" content=\"1100\" \/>\n\t<meta property=\"og:image:height\" content=\"680\" \/>\n\t<meta property=\"og:image:type\" content=\"image\/jpeg\" \/>\n<meta name=\"author\" content=\"Web del Maestro CMF\" \/>\n<meta name=\"twitter:card\" content=\"summary_large_image\" \/>\n<meta name=\"twitter:creator\" content=\"@cmf_w\" \/>\n<meta name=\"twitter:site\" content=\"@cmf_w\" \/>\n<script type=\"application\/ld+json\" class=\"yoast-schema-graph\">{\"@context\":\"https:\\\/\\\/schema.org\",\"@graph\":[{\"@type\":\"ScholarlyArticle\",\"@id\":\"https:\\\/\\\/webdelmaestrocmf.com\\\/portal\\\/papa-francisco-frente-al-coronavirus-no-somos-autosuficientes-solos-nos-hundimos\\\/#article\",\"isPartOf\":{\"@id\":\"https:\\\/\\\/webdelmaestrocmf.com\\\/portal\\\/papa-francisco-frente-al-coronavirus-no-somos-autosuficientes-solos-nos-hundimos\\\/\"},\"author\":{\"name\":\"Web del Maestro CMF\",\"@id\":\"https:\\\/\\\/webdelmaestrocmf.com\\\/portal\\\/#\\\/schema\\\/person\\\/1072a2ed7bd960df8ef99a551fa35dc5\"},\"headline\":\"Papa Francisco: Frente al coronavirus \u201cno somos autosuficientes; solos nos hundimos\u201d\",\"datePublished\":\"2020-03-28T15:34:59+00:00\",\"dateModified\":\"2020-03-28T15:37:32+00:00\",\"mainEntityOfPage\":{\"@id\":\"https:\\\/\\\/webdelmaestrocmf.com\\\/portal\\\/papa-francisco-frente-al-coronavirus-no-somos-autosuficientes-solos-nos-hundimos\\\/\"},\"wordCount\":1237,\"commentCount\":0,\"publisher\":{\"@id\":\"https:\\\/\\\/webdelmaestrocmf.com\\\/portal\\\/#organization\"},\"image\":{\"@id\":\"https:\\\/\\\/webdelmaestrocmf.com\\\/portal\\\/papa-francisco-frente-al-coronavirus-no-somos-autosuficientes-solos-nos-hundimos\\\/#primaryimage\"},\"thumbnailUrl\":\"https:\\\/\\\/webdelmaestrocmf.com\\\/portal\\\/wp-content\\\/uploads\\\/2020\\\/03\\\/4b-1.jpg\",\"keywords\":[\"autosuficientes\",\"coronavirus\",\"Francisco\",\"frente\",\"hundimos\",\"pap\u00e1\",\"somos\"],\"articleSection\":[\"Mundo cart\u00f3lico\",\"Papa Francisco\"],\"inLanguage\":\"es\",\"potentialAction\":[{\"@type\":\"CommentAction\",\"name\":\"Comment\",\"target\":[\"https:\\\/\\\/webdelmaestrocmf.com\\\/portal\\\/papa-francisco-frente-al-coronavirus-no-somos-autosuficientes-solos-nos-hundimos\\\/#respond\"]}]},{\"@type\":\"WebPage\",\"@id\":\"https:\\\/\\\/webdelmaestrocmf.com\\\/portal\\\/papa-francisco-frente-al-coronavirus-no-somos-autosuficientes-solos-nos-hundimos\\\/\",\"url\":\"https:\\\/\\\/webdelmaestrocmf.com\\\/portal\\\/papa-francisco-frente-al-coronavirus-no-somos-autosuficientes-solos-nos-hundimos\\\/\",\"name\":\"Papa Francisco: Frente al coronavirus \u201cno somos autosuficientes; solos nos hundimos\u201d - 2026\",\"isPartOf\":{\"@id\":\"https:\\\/\\\/webdelmaestrocmf.com\\\/portal\\\/#website\"},\"primaryImageOfPage\":{\"@id\":\"https:\\\/\\\/webdelmaestrocmf.com\\\/portal\\\/papa-francisco-frente-al-coronavirus-no-somos-autosuficientes-solos-nos-hundimos\\\/#primaryimage\"},\"image\":{\"@id\":\"https:\\\/\\\/webdelmaestrocmf.com\\\/portal\\\/papa-francisco-frente-al-coronavirus-no-somos-autosuficientes-solos-nos-hundimos\\\/#primaryimage\"},\"thumbnailUrl\":\"https:\\\/\\\/webdelmaestrocmf.com\\\/portal\\\/wp-content\\\/uploads\\\/2020\\\/03\\\/4b-1.jpg\",\"datePublished\":\"2020-03-28T15:34:59+00:00\",\"dateModified\":\"2020-03-28T15:37:32+00:00\",\"description\":\"Para el Papa Francisco esta pandemia, causada por el coronavirus, es una tempestad, una tormenta y considera que es una llamada, una...\",\"breadcrumb\":{\"@id\":\"https:\\\/\\\/webdelmaestrocmf.com\\\/portal\\\/papa-francisco-frente-al-coronavirus-no-somos-autosuficientes-solos-nos-hundimos\\\/#breadcrumb\"},\"inLanguage\":\"es\",\"potentialAction\":[{\"@type\":\"ReadAction\",\"target\":[\"https:\\\/\\\/webdelmaestrocmf.com\\\/portal\\\/papa-francisco-frente-al-coronavirus-no-somos-autosuficientes-solos-nos-hundimos\\\/\"]}]},{\"@type\":\"ImageObject\",\"inLanguage\":\"es\",\"@id\":\"https:\\\/\\\/webdelmaestrocmf.com\\\/portal\\\/papa-francisco-frente-al-coronavirus-no-somos-autosuficientes-solos-nos-hundimos\\\/#primaryimage\",\"url\":\"https:\\\/\\\/webdelmaestrocmf.com\\\/portal\\\/wp-content\\\/uploads\\\/2020\\\/03\\\/4b-1.jpg\",\"contentUrl\":\"https:\\\/\\\/webdelmaestrocmf.com\\\/portal\\\/wp-content\\\/uploads\\\/2020\\\/03\\\/4b-1.jpg\",\"width\":1100,\"height\":680},{\"@type\":\"BreadcrumbList\",\"@id\":\"https:\\\/\\\/webdelmaestrocmf.com\\\/portal\\\/papa-francisco-frente-al-coronavirus-no-somos-autosuficientes-solos-nos-hundimos\\\/#breadcrumb\",\"itemListElement\":[{\"@type\":\"ListItem\",\"position\":1,\"name\":\"Portada\",\"item\":\"https:\\\/\\\/webdelmaestrocmf.com\\\/portal\\\/\"},{\"@type\":\"ListItem\",\"position\":2,\"name\":\"Mundo cart\u00f3lico\",\"item\":\"https:\\\/\\\/webdelmaestrocmf.com\\\/portal\\\/category\\\/pastoral\\\/\"},{\"@type\":\"ListItem\",\"position\":3,\"name\":\"Papa Francisco: Frente al coronavirus \u201cno somos autosuficientes; solos nos hundimos\u201d\"}]},{\"@type\":\"WebSite\",\"@id\":\"https:\\\/\\\/webdelmaestrocmf.com\\\/portal\\\/#website\",\"url\":\"https:\\\/\\\/webdelmaestrocmf.com\\\/portal\\\/\",\"name\":\"Web del Maestro CMF\",\"description\":\"Maestros al servicio de la educaci\u00f3n\",\"publisher\":{\"@id\":\"https:\\\/\\\/webdelmaestrocmf.com\\\/portal\\\/#organization\"},\"alternateName\":\"WMCMF\",\"potentialAction\":[{\"@type\":\"SearchAction\",\"target\":{\"@type\":\"EntryPoint\",\"urlTemplate\":\"https:\\\/\\\/webdelmaestrocmf.com\\\/portal\\\/?s={search_term_string}\"},\"query-input\":{\"@type\":\"PropertyValueSpecification\",\"valueRequired\":true,\"valueName\":\"search_term_string\"}}],\"inLanguage\":\"es\"},{\"@type\":\"Organization\",\"@id\":\"https:\\\/\\\/webdelmaestrocmf.com\\\/portal\\\/#organization\",\"name\":\"Web del Maestro CMF\",\"alternateName\":\"WMCMF\",\"url\":\"https:\\\/\\\/webdelmaestrocmf.com\\\/portal\\\/\",\"logo\":{\"@type\":\"ImageObject\",\"inLanguage\":\"es\",\"@id\":\"https:\\\/\\\/webdelmaestrocmf.com\\\/portal\\\/#\\\/schema\\\/logo\\\/image\\\/\",\"url\":\"https:\\\/\\\/webdelmaestrocmf.com\\\/portal\\\/wp-content\\\/uploads\\\/2023\\\/01\\\/logo-wmcmf-2.png\",\"contentUrl\":\"https:\\\/\\\/webdelmaestrocmf.com\\\/portal\\\/wp-content\\\/uploads\\\/2023\\\/01\\\/logo-wmcmf-2.png\",\"width\":200,\"height\":60,\"caption\":\"Web del Maestro CMF\"},\"image\":{\"@id\":\"https:\\\/\\\/webdelmaestrocmf.com\\\/portal\\\/#\\\/schema\\\/logo\\\/image\\\/\"},\"sameAs\":[\"https:\\\/\\\/www.facebook.com\\\/WebdelMaestroCMF\\\/\",\"https:\\\/\\\/x.com\\\/cmf_w\",\"https:\\\/\\\/www.pinterest.com\\\/WMCMF\\\/\",\"https:\\\/\\\/www.linkedin.com\\\/company\\\/web-del-maestro-cmf\\\/\",\"https:\\\/\\\/www.instagram.com\\\/wmcmf\\\/\",\"https:\\\/\\\/www.youtube.com\\\/channel\\\/UCDPSvjbdodE5sHnC3OxutHw\",\"https:\\\/\\\/mastodon.social\\\/@wmcmf\",\"https:\\\/\\\/www.tiktok.com\\\/@webdelmaestrocmf\"]},{\"@type\":\"Person\",\"@id\":\"https:\\\/\\\/webdelmaestrocmf.com\\\/portal\\\/#\\\/schema\\\/person\\\/1072a2ed7bd960df8ef99a551fa35dc5\",\"name\":\"Web del Maestro CMF\",\"image\":{\"@type\":\"ImageObject\",\"inLanguage\":\"es\",\"@id\":\"https:\\\/\\\/secure.gravatar.com\\\/avatar\\\/23291dd5b5ae1077dcff3dbb04c3e02bd28403fa75af6d8787d5e97c5bbbe30b?s=96&d=mm&r=g\",\"url\":\"https:\\\/\\\/secure.gravatar.com\\\/avatar\\\/23291dd5b5ae1077dcff3dbb04c3e02bd28403fa75af6d8787d5e97c5bbbe30b?s=96&d=mm&r=g\",\"contentUrl\":\"https:\\\/\\\/secure.gravatar.com\\\/avatar\\\/23291dd5b5ae1077dcff3dbb04c3e02bd28403fa75af6d8787d5e97c5bbbe30b?s=96&d=mm&r=g\",\"caption\":\"Web del Maestro CMF\"},\"description\":\"Esta Web se cre\u00f3 sin fines de lucro, con fines educativos, cient\u00edficos y acad\u00e9micos, para personas que tengan dificultades y\\\/o inconvenientes en visualizar el material original. El objetivo es entregar recursos, compartir experiencias y materiales que ayuden a los padres de familia, maestros y estudiantes en su actualizaci\u00f3n y formaci\u00f3n permanente, en bien de la Educaci\u00f3n.\",\"sameAs\":[\"http:\\\/\\\/webdelmaestrocmf.com\\\/portal\",\"https:\\\/\\\/www.facebook.com\\\/WebdelMaestroCMF\\\/\",\"https:\\\/\\\/www.instagram.com\\\/wmcmf\\\/\",\"https:\\\/\\\/cl.linkedin.com\\\/company\\\/web-del-maestro-cmf\",\"https:\\\/\\\/www.pinterest.com\\\/WMCMF\\\/publicaciones\\\/\",\"https:\\\/\\\/x.com\\\/cmf_w\",\"https:\\\/\\\/www.youtube.com\\\/@WMCMF\"]}]}<\/script>\n<!-- \/ Yoast SEO plugin. -->","yoast_head_json":{"title":"Papa Francisco: Frente al coronavirus \u201cno somos autosuficientes; solos nos hundimos\u201d - 2026","description":"Para el Papa Francisco esta pandemia, causada por el coronavirus, es una tempestad, una tormenta y considera que es una llamada, una...","robots":{"index":"index","follow":"follow","max-snippet":"max-snippet:-1","max-image-preview":"max-image-preview:large","max-video-preview":"max-video-preview:-1"},"canonical":"https:\/\/webdelmaestrocmf.com\/portal\/papa-francisco-frente-al-coronavirus-no-somos-autosuficientes-solos-nos-hundimos\/","og_locale":"es_ES","og_type":"article","og_title":"Papa Francisco: Frente al coronavirus \u201cno somos autosuficientes; solos nos hundimos\u201d - 2026","og_description":"Para el Papa Francisco esta pandemia, causada por el coronavirus, es una tempestad, una tormenta y considera que es una llamada, una...","og_url":"https:\/\/webdelmaestrocmf.com\/portal\/papa-francisco-frente-al-coronavirus-no-somos-autosuficientes-solos-nos-hundimos\/","og_site_name":"Web del Maestro CMF","article_publisher":"https:\/\/www.facebook.com\/WebdelMaestroCMF\/","article_author":"https:\/\/www.facebook.com\/WebdelMaestroCMF\/","article_published_time":"2020-03-28T15:34:59+00:00","article_modified_time":"2020-03-28T15:37:32+00:00","og_image":[{"width":1100,"height":680,"url":"https:\/\/i0.wp.com\/webdelmaestrocmf.com\/portal\/wp-content\/uploads\/2020\/03\/4b-1.jpg?fit=1100%2C680&ssl=1","type":"image\/jpeg"}],"author":"Web del Maestro CMF","twitter_card":"summary_large_image","twitter_creator":"@cmf_w","twitter_site":"@cmf_w","schema":{"@context":"https:\/\/schema.org","@graph":[{"@type":"ScholarlyArticle","@id":"https:\/\/webdelmaestrocmf.com\/portal\/papa-francisco-frente-al-coronavirus-no-somos-autosuficientes-solos-nos-hundimos\/#article","isPartOf":{"@id":"https:\/\/webdelmaestrocmf.com\/portal\/papa-francisco-frente-al-coronavirus-no-somos-autosuficientes-solos-nos-hundimos\/"},"author":{"name":"Web del Maestro CMF","@id":"https:\/\/webdelmaestrocmf.com\/portal\/#\/schema\/person\/1072a2ed7bd960df8ef99a551fa35dc5"},"headline":"Papa Francisco: Frente al coronavirus \u201cno somos autosuficientes; solos nos hundimos\u201d","datePublished":"2020-03-28T15:34:59+00:00","dateModified":"2020-03-28T15:37:32+00:00","mainEntityOfPage":{"@id":"https:\/\/webdelmaestrocmf.com\/portal\/papa-francisco-frente-al-coronavirus-no-somos-autosuficientes-solos-nos-hundimos\/"},"wordCount":1237,"commentCount":0,"publisher":{"@id":"https:\/\/webdelmaestrocmf.com\/portal\/#organization"},"image":{"@id":"https:\/\/webdelmaestrocmf.com\/portal\/papa-francisco-frente-al-coronavirus-no-somos-autosuficientes-solos-nos-hundimos\/#primaryimage"},"thumbnailUrl":"https:\/\/webdelmaestrocmf.com\/portal\/wp-content\/uploads\/2020\/03\/4b-1.jpg","keywords":["autosuficientes","coronavirus","Francisco","frente","hundimos","pap\u00e1","somos"],"articleSection":["Mundo cart\u00f3lico","Papa Francisco"],"inLanguage":"es","potentialAction":[{"@type":"CommentAction","name":"Comment","target":["https:\/\/webdelmaestrocmf.com\/portal\/papa-francisco-frente-al-coronavirus-no-somos-autosuficientes-solos-nos-hundimos\/#respond"]}]},{"@type":"WebPage","@id":"https:\/\/webdelmaestrocmf.com\/portal\/papa-francisco-frente-al-coronavirus-no-somos-autosuficientes-solos-nos-hundimos\/","url":"https:\/\/webdelmaestrocmf.com\/portal\/papa-francisco-frente-al-coronavirus-no-somos-autosuficientes-solos-nos-hundimos\/","name":"Papa Francisco: Frente al coronavirus \u201cno somos autosuficientes; solos nos hundimos\u201d - 2026","isPartOf":{"@id":"https:\/\/webdelmaestrocmf.com\/portal\/#website"},"primaryImageOfPage":{"@id":"https:\/\/webdelmaestrocmf.com\/portal\/papa-francisco-frente-al-coronavirus-no-somos-autosuficientes-solos-nos-hundimos\/#primaryimage"},"image":{"@id":"https:\/\/webdelmaestrocmf.com\/portal\/papa-francisco-frente-al-coronavirus-no-somos-autosuficientes-solos-nos-hundimos\/#primaryimage"},"thumbnailUrl":"https:\/\/webdelmaestrocmf.com\/portal\/wp-content\/uploads\/2020\/03\/4b-1.jpg","datePublished":"2020-03-28T15:34:59+00:00","dateModified":"2020-03-28T15:37:32+00:00","description":"Para el Papa Francisco esta pandemia, causada por el coronavirus, es una tempestad, una tormenta y considera que es una llamada, una...","breadcrumb":{"@id":"https:\/\/webdelmaestrocmf.com\/portal\/papa-francisco-frente-al-coronavirus-no-somos-autosuficientes-solos-nos-hundimos\/#breadcrumb"},"inLanguage":"es","potentialAction":[{"@type":"ReadAction","target":["https:\/\/webdelmaestrocmf.com\/portal\/papa-francisco-frente-al-coronavirus-no-somos-autosuficientes-solos-nos-hundimos\/"]}]},{"@type":"ImageObject","inLanguage":"es","@id":"https:\/\/webdelmaestrocmf.com\/portal\/papa-francisco-frente-al-coronavirus-no-somos-autosuficientes-solos-nos-hundimos\/#primaryimage","url":"https:\/\/webdelmaestrocmf.com\/portal\/wp-content\/uploads\/2020\/03\/4b-1.jpg","contentUrl":"https:\/\/webdelmaestrocmf.com\/portal\/wp-content\/uploads\/2020\/03\/4b-1.jpg","width":1100,"height":680},{"@type":"BreadcrumbList","@id":"https:\/\/webdelmaestrocmf.com\/portal\/papa-francisco-frente-al-coronavirus-no-somos-autosuficientes-solos-nos-hundimos\/#breadcrumb","itemListElement":[{"@type":"ListItem","position":1,"name":"Portada","item":"https:\/\/webdelmaestrocmf.com\/portal\/"},{"@type":"ListItem","position":2,"name":"Mundo cart\u00f3lico","item":"https:\/\/webdelmaestrocmf.com\/portal\/category\/pastoral\/"},{"@type":"ListItem","position":3,"name":"Papa Francisco: Frente al coronavirus \u201cno somos autosuficientes; solos nos hundimos\u201d"}]},{"@type":"WebSite","@id":"https:\/\/webdelmaestrocmf.com\/portal\/#website","url":"https:\/\/webdelmaestrocmf.com\/portal\/","name":"Web del Maestro CMF","description":"Maestros al servicio de la educaci\u00f3n","publisher":{"@id":"https:\/\/webdelmaestrocmf.com\/portal\/#organization"},"alternateName":"WMCMF","potentialAction":[{"@type":"SearchAction","target":{"@type":"EntryPoint","urlTemplate":"https:\/\/webdelmaestrocmf.com\/portal\/?s={search_term_string}"},"query-input":{"@type":"PropertyValueSpecification","valueRequired":true,"valueName":"search_term_string"}}],"inLanguage":"es"},{"@type":"Organization","@id":"https:\/\/webdelmaestrocmf.com\/portal\/#organization","name":"Web del Maestro CMF","alternateName":"WMCMF","url":"https:\/\/webdelmaestrocmf.com\/portal\/","logo":{"@type":"ImageObject","inLanguage":"es","@id":"https:\/\/webdelmaestrocmf.com\/portal\/#\/schema\/logo\/image\/","url":"https:\/\/webdelmaestrocmf.com\/portal\/wp-content\/uploads\/2023\/01\/logo-wmcmf-2.png","contentUrl":"https:\/\/webdelmaestrocmf.com\/portal\/wp-content\/uploads\/2023\/01\/logo-wmcmf-2.png","width":200,"height":60,"caption":"Web del Maestro CMF"},"image":{"@id":"https:\/\/webdelmaestrocmf.com\/portal\/#\/schema\/logo\/image\/"},"sameAs":["https:\/\/www.facebook.com\/WebdelMaestroCMF\/","https:\/\/x.com\/cmf_w","https:\/\/www.pinterest.com\/WMCMF\/","https:\/\/www.linkedin.com\/company\/web-del-maestro-cmf\/","https:\/\/www.instagram.com\/wmcmf\/","https:\/\/www.youtube.com\/channel\/UCDPSvjbdodE5sHnC3OxutHw","https:\/\/mastodon.social\/@wmcmf","https:\/\/www.tiktok.com\/@webdelmaestrocmf"]},{"@type":"Person","@id":"https:\/\/webdelmaestrocmf.com\/portal\/#\/schema\/person\/1072a2ed7bd960df8ef99a551fa35dc5","name":"Web del Maestro CMF","image":{"@type":"ImageObject","inLanguage":"es","@id":"https:\/\/secure.gravatar.com\/avatar\/23291dd5b5ae1077dcff3dbb04c3e02bd28403fa75af6d8787d5e97c5bbbe30b?s=96&d=mm&r=g","url":"https:\/\/secure.gravatar.com\/avatar\/23291dd5b5ae1077dcff3dbb04c3e02bd28403fa75af6d8787d5e97c5bbbe30b?s=96&d=mm&r=g","contentUrl":"https:\/\/secure.gravatar.com\/avatar\/23291dd5b5ae1077dcff3dbb04c3e02bd28403fa75af6d8787d5e97c5bbbe30b?s=96&d=mm&r=g","caption":"Web del Maestro CMF"},"description":"Esta Web se cre\u00f3 sin fines de lucro, con fines educativos, cient\u00edficos y acad\u00e9micos, para personas que tengan dificultades y\/o inconvenientes en visualizar el material original. El objetivo es entregar recursos, compartir experiencias y materiales que ayuden a los padres de familia, maestros y estudiantes en su actualizaci\u00f3n y formaci\u00f3n permanente, en bien de la Educaci\u00f3n.","sameAs":["http:\/\/webdelmaestrocmf.com\/portal","https:\/\/www.facebook.com\/WebdelMaestroCMF\/","https:\/\/www.instagram.com\/wmcmf\/","https:\/\/cl.linkedin.com\/company\/web-del-maestro-cmf","https:\/\/www.pinterest.com\/WMCMF\/publicaciones\/","https:\/\/x.com\/cmf_w","https:\/\/www.youtube.com\/@WMCMF"]}]}},"jetpack_featured_media_url":"https:\/\/webdelmaestrocmf.com\/portal\/wp-content\/uploads\/2020\/03\/4b-1.jpg","jetpack_sharing_enabled":true,"jetpack-related-posts":[{"id":39529,"url":"https:\/\/webdelmaestrocmf.com\/portal\/papa-francisco-sobre-el-amazonas-ese-bosque-es-vital-para-nuestro-planeta\/","url_meta":{"origin":45877,"position":0},"title":"Papa Francisco sobre el Amazonas: Ese bosque es vital para nuestro planeta","author":"Web del Maestro CMF","date":"27 agosto, 2019","format":false,"excerpt":"El Papa expres\u00f3 su preocupaci\u00f3n por la oleada de incencios que asolan la Amazonia. En poco m\u00e1s de dos semanas el bosque m\u00e1s grande del mundo ha sido presa de las llamas. Seg\u00fan el Instituto Nacional de Investigaci\u00f3n Espacial de Brasil los incendios aumentaron un 85% m\u00e1s con respecto 2018.\u2026","rel":"","context":"En \u00abMundo cart\u00f3lico\u00bb","block_context":{"text":"Mundo cart\u00f3lico","link":"https:\/\/webdelmaestrocmf.com\/portal\/category\/pastoral\/"},"img":{"alt_text":"","src":"https:\/\/i0.wp.com\/webdelmaestrocmf.com\/portal\/wp-content\/uploads\/2019\/08\/1-56.jpg?resize=350%2C200&ssl=1","width":350,"height":200,"srcset":"https:\/\/i0.wp.com\/webdelmaestrocmf.com\/portal\/wp-content\/uploads\/2019\/08\/1-56.jpg?resize=350%2C200&ssl=1 1x, https:\/\/i0.wp.com\/webdelmaestrocmf.com\/portal\/wp-content\/uploads\/2019\/08\/1-56.jpg?resize=525%2C300&ssl=1 1.5x, https:\/\/i0.wp.com\/webdelmaestrocmf.com\/portal\/wp-content\/uploads\/2019\/08\/1-56.jpg?resize=700%2C400&ssl=1 2x, https:\/\/i0.wp.com\/webdelmaestrocmf.com\/portal\/wp-content\/uploads\/2019\/08\/1-56.jpg?resize=1050%2C600&ssl=1 3x"},"classes":[]},{"id":46689,"url":"https:\/\/webdelmaestrocmf.com\/portal\/el-papa-francisco-reza-por-los-profesores-que-deben-ensenar-a-distancia-durante-el-coronavirus\/","url_meta":{"origin":45877,"position":1},"title":"El Papa Francisco reza por los profesores que deben ense\u00f1ar a distancia durante el coronavirus","author":"Web del Maestro CMF","date":"25 abril, 2020","format":false,"excerpt":"El Papa Francisco pidi\u00f3 rezar, este viernes 24 de abril durante la Misa celebrada en Casa Santa Marta, por lo profesores que deben realizar su trabajo desde casa por medio de instrumentos telem\u00e1ticos debido al confinamiento decretado en varios pa\u00edses por la pandemia de coronavirus. \u201cRezamos hoy por los profesores\u2026","rel":"","context":"En \u00abMundo cart\u00f3lico\u00bb","block_context":{"text":"Mundo cart\u00f3lico","link":"https:\/\/webdelmaestrocmf.com\/portal\/category\/pastoral\/"},"img":{"alt_text":"","src":"https:\/\/i0.wp.com\/webdelmaestrocmf.com\/portal\/wp-content\/uploads\/2020\/04\/a2.jpg?resize=350%2C200&ssl=1","width":350,"height":200,"srcset":"https:\/\/i0.wp.com\/webdelmaestrocmf.com\/portal\/wp-content\/uploads\/2020\/04\/a2.jpg?resize=350%2C200&ssl=1 1x, https:\/\/i0.wp.com\/webdelmaestrocmf.com\/portal\/wp-content\/uploads\/2020\/04\/a2.jpg?resize=525%2C300&ssl=1 1.5x, https:\/\/i0.wp.com\/webdelmaestrocmf.com\/portal\/wp-content\/uploads\/2020\/04\/a2.jpg?resize=700%2C400&ssl=1 2x, https:\/\/i0.wp.com\/webdelmaestrocmf.com\/portal\/wp-content\/uploads\/2020\/04\/a2.jpg?resize=1050%2C600&ssl=1 3x"},"classes":[]},{"id":46473,"url":"https:\/\/webdelmaestrocmf.com\/portal\/papa-francisco-reza-por-los-ancianos-que-tienen-miedo-a-morir-solos-por-la-pandemia\/","url_meta":{"origin":45877,"position":2},"title":"Papa Francisco reza por los ancianos que tienen miedo a morir solos por la pandemia","author":"Web del Maestro CMF","date":"15 abril, 2020","format":false,"excerpt":"El Papa Francisco encomend\u00f3 su Misa diaria en Casa Santa Marta por los ancianos, especialmente por quienes est\u00e1n aislados o en casas de reposo. Papa Francisco: \u201cEllos tienen miedo, miedo de morir solos. Sienten esta pandemia como algo agresivo para ellos. Ellos son nuestras ra\u00edces, nuestra historia. Ellos nos han\u2026","rel":"","context":"En \u00abMundo cart\u00f3lico\u00bb","block_context":{"text":"Mundo cart\u00f3lico","link":"https:\/\/webdelmaestrocmf.com\/portal\/category\/pastoral\/"},"img":{"alt_text":"","src":"https:\/\/i0.wp.com\/webdelmaestrocmf.com\/portal\/wp-content\/uploads\/2020\/04\/4-10.jpg?resize=350%2C200&ssl=1","width":350,"height":200,"srcset":"https:\/\/i0.wp.com\/webdelmaestrocmf.com\/portal\/wp-content\/uploads\/2020\/04\/4-10.jpg?resize=350%2C200&ssl=1 1x, https:\/\/i0.wp.com\/webdelmaestrocmf.com\/portal\/wp-content\/uploads\/2020\/04\/4-10.jpg?resize=525%2C300&ssl=1 1.5x, https:\/\/i0.wp.com\/webdelmaestrocmf.com\/portal\/wp-content\/uploads\/2020\/04\/4-10.jpg?resize=700%2C400&ssl=1 2x, https:\/\/i0.wp.com\/webdelmaestrocmf.com\/portal\/wp-content\/uploads\/2020\/04\/4-10.jpg?resize=1050%2C600&ssl=1 3x"},"classes":[]},{"id":24374,"url":"https:\/\/webdelmaestrocmf.com\/portal\/consejos-del-papa-los-ninos-navidad\/","url_meta":{"origin":45877,"position":3},"title":"Consejos del Papa Francisco a los ni\u00f1os por navidad","author":"Web del Maestro CMF","date":"22 diciembre, 2017","format":false,"excerpt":"As\u00ed recibieron los 25.000 peregrinos al Papa Francisco, cuando se asom\u00f3 a su ventana para el \u00c1ngelus del domingo.\u00a0Adem\u00e1s de ser el llamado \u201cdomingo de los bambinelli\u201d, era el 81 cumplea\u00f1os del Papa. \u201cTanti auguri a te\u201d... El Papa les dio las gracias antes de cumplir la tradici\u00f3n romana de\u2026","rel":"","context":"En \u00abMundo cart\u00f3lico\u00bb","block_context":{"text":"Mundo cart\u00f3lico","link":"https:\/\/webdelmaestrocmf.com\/portal\/category\/pastoral\/"},"img":{"alt_text":"","src":"https:\/\/i0.wp.com\/webdelmaestrocmf.com\/portal\/wp-content\/uploads\/2018\/02\/papa-francisco2.jpg?resize=350%2C200&ssl=1","width":350,"height":200,"srcset":"https:\/\/i0.wp.com\/webdelmaestrocmf.com\/portal\/wp-content\/uploads\/2018\/02\/papa-francisco2.jpg?resize=350%2C200&ssl=1 1x, https:\/\/i0.wp.com\/webdelmaestrocmf.com\/portal\/wp-content\/uploads\/2018\/02\/papa-francisco2.jpg?resize=525%2C300&ssl=1 1.5x, https:\/\/i0.wp.com\/webdelmaestrocmf.com\/portal\/wp-content\/uploads\/2018\/02\/papa-francisco2.jpg?resize=700%2C400&ssl=1 2x"},"classes":[]},{"id":45267,"url":"https:\/\/webdelmaestrocmf.com\/portal\/el-papa-francisco-rezo-el-angelus-desde-el-interior-de-su-biblioteca-por-el-coronavirus\/","url_meta":{"origin":45877,"position":4},"title":"El Papa Francisco rez\u00f3 el \u00c1ngelus desde el interior de su biblioteca por el coronavirus","author":"Web del Maestro CMF","date":"10 marzo, 2020","format":false,"excerpt":"Por primera vez en su pontificado, Francisco rez\u00f3 el \u00c1ngelus via streaming desde el interior del Palacio Apost\u00f3lico, como medida preventiva contra la propagaci\u00f3n del coronavirus. Es un poco extra\u00f1o, rezar el \u00c1ngelus hoy, con el Papa \"enjaulado\" en la biblioteca. Sin embargo, los veo. Estoy cerca de ustedes. A\u2026","rel":"","context":"En \u00abMundo cart\u00f3lico\u00bb","block_context":{"text":"Mundo cart\u00f3lico","link":"https:\/\/webdelmaestrocmf.com\/portal\/category\/pastoral\/"},"img":{"alt_text":"","src":"https:\/\/i0.wp.com\/webdelmaestrocmf.com\/portal\/wp-content\/uploads\/2020\/03\/3c-1.jpg?resize=350%2C200&ssl=1","width":350,"height":200,"srcset":"https:\/\/i0.wp.com\/webdelmaestrocmf.com\/portal\/wp-content\/uploads\/2020\/03\/3c-1.jpg?resize=350%2C200&ssl=1 1x, https:\/\/i0.wp.com\/webdelmaestrocmf.com\/portal\/wp-content\/uploads\/2020\/03\/3c-1.jpg?resize=525%2C300&ssl=1 1.5x, https:\/\/i0.wp.com\/webdelmaestrocmf.com\/portal\/wp-content\/uploads\/2020\/03\/3c-1.jpg?resize=700%2C400&ssl=1 2x, https:\/\/i0.wp.com\/webdelmaestrocmf.com\/portal\/wp-content\/uploads\/2020\/03\/3c-1.jpg?resize=1050%2C600&ssl=1 3x"},"classes":[]},{"id":54085,"url":"https:\/\/webdelmaestrocmf.com\/portal\/30-frases-del-papa-francisco-para-confiar-en-la-vida-eterna\/","url_meta":{"origin":45877,"position":5},"title":"30 frases del Papa Francisco para confiar en la Vida Eterna","author":"Web del Maestro CMF","date":"5 noviembre, 2020","format":false,"excerpt":"Con ocasi\u00f3n de recordar y pedir por el eterno descanso de los difuntos el d\u00eda 02 de noviembre, la Iglesia Cat\u00f3lica de manera especial el 05 de noviembre ha celebrado una Eucar\u00edstica en sufragio de los Cardenales y Obispos fallecidos durante el \u00faltimo a\u00f1o, compartimos algunos pensamientos del Papa Francisco.\u2026","rel":"","context":"En \u00abMundo cart\u00f3lico\u00bb","block_context":{"text":"Mundo cart\u00f3lico","link":"https:\/\/webdelmaestrocmf.com\/portal\/category\/pastoral\/"},"img":{"alt_text":"","src":"https:\/\/i0.wp.com\/webdelmaestrocmf.com\/portal\/wp-content\/uploads\/2020\/11\/1-35.jpg?resize=350%2C200&ssl=1","width":350,"height":200,"srcset":"https:\/\/i0.wp.com\/webdelmaestrocmf.com\/portal\/wp-content\/uploads\/2020\/11\/1-35.jpg?resize=350%2C200&ssl=1 1x, https:\/\/i0.wp.com\/webdelmaestrocmf.com\/portal\/wp-content\/uploads\/2020\/11\/1-35.jpg?resize=525%2C300&ssl=1 1.5x, https:\/\/i0.wp.com\/webdelmaestrocmf.com\/portal\/wp-content\/uploads\/2020\/11\/1-35.jpg?resize=700%2C400&ssl=1 2x, https:\/\/i0.wp.com\/webdelmaestrocmf.com\/portal\/wp-content\/uploads\/2020\/11\/1-35.jpg?resize=1050%2C600&ssl=1 3x"},"classes":[]}],"_links":{"self":[{"href":"https:\/\/webdelmaestrocmf.com\/portal\/wp-json\/wp\/v2\/posts\/45877","targetHints":{"allow":["GET"]}}],"collection":[{"href":"https:\/\/webdelmaestrocmf.com\/portal\/wp-json\/wp\/v2\/posts"}],"about":[{"href":"https:\/\/webdelmaestrocmf.com\/portal\/wp-json\/wp\/v2\/types\/post"}],"author":[{"embeddable":true,"href":"https:\/\/webdelmaestrocmf.com\/portal\/wp-json\/wp\/v2\/users\/1"}],"replies":[{"embeddable":true,"href":"https:\/\/webdelmaestrocmf.com\/portal\/wp-json\/wp\/v2\/comments?post=45877"}],"version-history":[{"count":0,"href":"https:\/\/webdelmaestrocmf.com\/portal\/wp-json\/wp\/v2\/posts\/45877\/revisions"}],"wp:featuredmedia":[{"embeddable":true,"href":"https:\/\/webdelmaestrocmf.com\/portal\/wp-json\/wp\/v2\/media\/45879"}],"wp:attachment":[{"href":"https:\/\/webdelmaestrocmf.com\/portal\/wp-json\/wp\/v2\/media?parent=45877"}],"wp:term":[{"taxonomy":"category","embeddable":true,"href":"https:\/\/webdelmaestrocmf.com\/portal\/wp-json\/wp\/v2\/categories?post=45877"},{"taxonomy":"post_tag","embeddable":true,"href":"https:\/\/webdelmaestrocmf.com\/portal\/wp-json\/wp\/v2\/tags?post=45877"}],"curies":[{"name":"wp","href":"https:\/\/api.w.org\/{rel}","templated":true}]}}