{"id":45846,"date":"2020-03-26T20:24:48","date_gmt":"2020-03-26T23:24:48","guid":{"rendered":"https:\/\/webdelmaestrocmf.com\/portal\/?p=45846"},"modified":"2022-03-27T19:24:11","modified_gmt":"2022-03-27T22:24:11","slug":"formato-referencial-de-registro-auxiliar-primaria-todas-las-areas","status":"publish","type":"post","link":"https:\/\/webdelmaestrocmf.com\/portal\/formato-referencial-de-registro-auxiliar-primaria-todas-las-areas\/","title":{"rendered":"Formato referencial de Registro auxiliar &#8211; Inicial, Primaria y Secundaria &#8211; Todas las \u00e1reas"},"content":{"rendered":"<h5 style=\"text-align: justify;\">Una r\u00fabrica es un instrumento cuya principal finalidad es compartir los criterios de realizaci\u00f3n de tareas de aprendizaje y de evaluaci\u00f3n con los estudiantes y entre el profesorado.<\/h5>\n<h5 style=\"text-align: justify;\">En el caso del Registro Auxiliar, se ha optado por la r\u00fabrica anal\u00edtica para la evaluaci\u00f3n al t\u00e9rmino de cada trimestre con el objeto de certificar el logro de las competencias con pertinencia t\u00e9cnica de calidad, eficacia y eficiencia. Es una s\u00edntesis de los diversos tipos de instrumentos que se aplica en el desarrollo de las sesiones de aprendizaje y las unidades did\u00e1cticas en la perspectiva del enfoque de evaluaci\u00f3n formativa.<\/h5>\n<p><!--more--><\/p>\n<p style=\"text-align: justify;\">El equipo de la UGEL de Acomayo ha formulado las r\u00fabricas para evaluaci\u00f3n de los aprendizajes desde una perspectiva de las competencias y ayudar a estudiantes, padres de familia y docentes a gestionar los aprendizajes desde la perspectiva de evaluaci\u00f3n formativa.<\/p>\n<p style=\"text-align: justify;\">El registro de evaluaci\u00f3n es una herramienta pedag\u00f3gica de mucha importancia para todo docente. En este documento se registra todos los progresos en el aprendizaje de cada uno de los estudiantes.<\/p>\n<p><img loading=\"lazy\" decoding=\"async\" class=\"alignnone size-full wp-image-45849\" src=\"https:\/\/webdelmaestrocmf.com\/portal\/wp-content\/uploads\/2020\/03\/2-16.jpg\" alt=\"\" width=\"1304\" height=\"764\" srcset=\"https:\/\/webdelmaestrocmf.com\/portal\/wp-content\/uploads\/2020\/03\/2-16.jpg 1304w, https:\/\/webdelmaestrocmf.com\/portal\/wp-content\/uploads\/2020\/03\/2-16-300x176.jpg 300w, https:\/\/webdelmaestrocmf.com\/portal\/wp-content\/uploads\/2020\/03\/2-16-1024x600.jpg 1024w, https:\/\/webdelmaestrocmf.com\/portal\/wp-content\/uploads\/2020\/03\/2-16-768x450.jpg 768w, https:\/\/webdelmaestrocmf.com\/portal\/wp-content\/uploads\/2020\/03\/2-16-110x64.jpg 110w, https:\/\/webdelmaestrocmf.com\/portal\/wp-content\/uploads\/2020\/03\/2-16-200x117.jpg 200w, https:\/\/webdelmaestrocmf.com\/portal\/wp-content\/uploads\/2020\/03\/2-16-380x223.jpg 380w, https:\/\/webdelmaestrocmf.com\/portal\/wp-content\/uploads\/2020\/03\/2-16-255x149.jpg 255w, https:\/\/webdelmaestrocmf.com\/portal\/wp-content\/uploads\/2020\/03\/2-16-550x322.jpg 550w, https:\/\/webdelmaestrocmf.com\/portal\/wp-content\/uploads\/2020\/03\/2-16-800x469.jpg 800w, https:\/\/webdelmaestrocmf.com\/portal\/wp-content\/uploads\/2020\/03\/2-16-1160x680.jpg 1160w\" sizes=\"auto, (max-width: 1304px) 100vw, 1304px\" \/><\/p>\n<p style=\"text-align: center;\">Recomendamos a la Comunidad Educativa Digital tener en cuenta que, el enlace y\/o la carpeta en donde est\u00e1n alojados los libros, recursos y\/o materiales, no es administrado por la Web del Maestro CMF, pueda ser que en cuesti\u00f3n de d\u00edas (o seg\u00fan el tiempo transcurrido desde su publicaci\u00f3n), los enlaces no funcionen y el material ya no se encuentre disponible. Gracias por su comprensi\u00f3n.<\/p>\n<h3>ENLACE DE LECTURA:<\/h3>\n<p style=\"text-align: center;\">\u00a1Comparte y as\u00ed m\u00e1s docentes utilizar\u00e1n estos recursos\u00a0gratis! Muchas gracias.<\/p>\n<p style=\"text-align: center;\"><span style=\"color: #000000;\"><a style=\"color: #000000;\" href=\"https:\/\/mega.nz\/folder\/CvIE0BzT#oqkVzvY1PA2f0xrj1icdCg\" target=\"_blank\" rel=\"noopener\">REGISTRO AUXILIAR INICIAL<\/a><br \/>\n<a style=\"color: #000000;\" href=\"https:\/\/mega.nz\/folder\/u6IBGZYY#On3cM-DKiv4X_woosBTpBA\" target=\"_blank\" rel=\"noopener\">REGISTRO AUXILIAR PRIMARIA<\/a><\/span><br \/>\n<span style=\"color: #000000;\"><a style=\"color: #000000;\" href=\"https:\/\/mega.nz\/folder\/mzYHjAIY#_YpmVR1tm38b1i8v2Ug_Eg\" target=\"_blank\" rel=\"noopener\">REGISTRO AUXILIAR SECUNDARIA<\/a><\/span><\/p>\n\t\t<div class=\"pk-inline-posts\">\n\t\t\t\n\t\t\t<div class=\"pk-inline-posts-container pk-inline-posts-template-list\"\n\t\t\t\tdata-columns=\"1\">\n\t\t\t\t\t\t<article id=\"post-118538\" class=\"post-118538 post type-post status-publish format-standard has-post-thumbnail category-descargas-manuales-pdf category-pedagogia category-tea tag-aprendizaje tag-aula tag-crisis-educativa tag-docentes tag-educacion-3 tag-escuela tag-pedagogia-3 tag-reflexion-docente-2 tag-rol-docente tag-sistema-educativo cs-entry cs-video-wrap\">\n\t\t\t<div class=\"pk-post-outer\">\n\n\t\t\t\t\t\t\t\t<div class=\"pk-post-inner\">\n\t\t\t\t\t<div class=\"entry-thumbnail\">\n\t\t\t\t\t\t<div class=\"pk-overlay pk-overlay-ratio pk-ratio-landscape\">\n\t\t\t\t\t\t\t<div class=\"pk-overlay-background\">\n\t\t\t\t\t\t\t\t<a href=\"https:\/\/webdelmaestrocmf.com\/portal\/nuevo-recurso-clave-para-el-aula-descarga-una-lista-de-control-para-la-deteccion-inicial-del-tea-trastorno-del-espectro-autista\/\" class=\"pk-overlay-link\">\n\t\t\t\t\t\t\t\t\t<img loading=\"lazy\" decoding=\"async\" width=\"300\" height=\"225\" src=\"https:\/\/webdelmaestrocmf.com\/portal\/wp-content\/uploads\/2026\/05\/1AA-Banner-1-portada-imagen-10-1-copia-1-300x225.webp\" class=\"attachment-pk-thumbnail size-pk-thumbnail wp-post-image\" alt=\"\" \/>\t\t\t\t\t\t\t\t<\/a>\n\t\t\t\t\t\t\t<\/div>\n\t\t\t\t\t\t<\/div>\n\t\t\t\t\t<\/div>\n\t\t\t\t<\/div>\n\t\t\t\t\n\t\t\t\t<div class=\"pk-post-inner\">\n\t\t\t\t\t<header>\n\t\t\t\t\t\t<h3 class=\"pk-title\"><a href=\"https:\/\/webdelmaestrocmf.com\/portal\/nuevo-recurso-clave-para-el-aula-descarga-una-lista-de-control-para-la-deteccion-inicial-del-tea-trastorno-del-espectro-autista\/\" rel=\"bookmark\">Nuevo recurso clave para el aula: descarga una lista de control para la detecci\u00f3n inicial del TEA (Trastorno del Espectro Autista)<\/a><\/h3>\t\t\t\t\t<\/header><!-- .entry-header -->\n\t\t\t\t<\/div><!-- .post-inner -->\n\n\t\t\t<\/div><!-- .post-outer -->\n\t\t<\/article>\n\t\t\t\t<\/div>\n\t\t<\/div>\n\t\t\n","protected":false},"excerpt":{"rendered":"Una r\u00fabrica es un instrumento cuya principal finalidad es compartir los criterios de realizaci\u00f3n de tareas de aprendizaje&hellip;","protected":false},"author":1,"featured_media":45848,"comment_status":"open","ping_status":"closed","sticky":false,"template":"","format":"standard","meta":{"csco_display_header_overlay":false,"csco_singular_sidebar":"default","csco_page_header_type":"default","csco_page_load_nextpost":"default","csco_post_video_location":[],"csco_post_video_location_hash":"","csco_post_video_url":"","csco_post_video_bg_start_time":0,"csco_post_video_bg_end_time":0,"csco_post_video_bg_volume":false,"_jetpack_memberships_contains_paid_content":false,"footnotes":""},"categories":[2004,735],"tags":[4830,2489,4831,2587,4829,4790,3936],"class_list":{"0":"post-45846","1":"post","2":"type-post","3":"status-publish","4":"format-standard","5":"has-post-thumbnail","7":"category-descargas-manuales-pdf","8":"category-pedagogia","9":"tag-auxiliar","10":"tag-formato","11":"tag-las-areas","12":"tag-primaria","13":"tag-referencial","14":"tag-registro","15":"tag-todas","16":"cs-entry","17":"cs-video-wrap"},"yoast_head":"<!-- This site is optimized with the Yoast SEO plugin v27.5 - https:\/\/yoast.com\/product\/yoast-seo-wordpress\/ -->\n<title>Formato referencial de Registro auxiliar - Inicial, Primaria y Secundaria - Todas las \u00e1reas - 2026<\/title>\n<meta name=\"description\" content=\"En el caso del Registro Auxiliar, se ha optado por la r\u00fabrica anal\u00edtica para la evaluaci\u00f3n al t\u00e9rmino de cada trimestre con el objeto de certificar el...\" \/>\n<meta name=\"robots\" content=\"index, follow, max-snippet:-1, max-image-preview:large, max-video-preview:-1\" \/>\n<link rel=\"canonical\" href=\"https:\/\/webdelmaestrocmf.com\/portal\/formato-referencial-de-registro-auxiliar-primaria-todas-las-areas\/\" \/>\n<meta property=\"og:locale\" content=\"es_ES\" \/>\n<meta property=\"og:type\" content=\"article\" \/>\n<meta property=\"og:title\" content=\"Formato referencial de Registro auxiliar - Inicial, Primaria y Secundaria - Todas las \u00e1reas - 2026\" \/>\n<meta property=\"og:description\" content=\"En el caso del Registro Auxiliar, se ha optado por la r\u00fabrica anal\u00edtica para la evaluaci\u00f3n al t\u00e9rmino de cada trimestre con el objeto de certificar el...\" \/>\n<meta property=\"og:url\" content=\"https:\/\/webdelmaestrocmf.com\/portal\/formato-referencial-de-registro-auxiliar-primaria-todas-las-areas\/\" \/>\n<meta property=\"og:site_name\" content=\"Web del Maestro CMF\" \/>\n<meta property=\"article:publisher\" content=\"https:\/\/www.facebook.com\/WebdelMaestroCMF\/\" \/>\n<meta property=\"article:author\" content=\"https:\/\/www.facebook.com\/WebdelMaestroCMF\/\" \/>\n<meta property=\"article:published_time\" content=\"2020-03-26T23:24:48+00:00\" \/>\n<meta property=\"article:modified_time\" content=\"2022-03-27T22:24:11+00:00\" \/>\n<meta property=\"og:image\" content=\"https:\/\/i0.wp.com\/webdelmaestrocmf.com\/portal\/wp-content\/uploads\/2020\/03\/2-15.jpg?fit=1100%2C680&ssl=1\" \/>\n\t<meta property=\"og:image:width\" content=\"1100\" \/>\n\t<meta property=\"og:image:height\" content=\"680\" \/>\n\t<meta property=\"og:image:type\" content=\"image\/jpeg\" \/>\n<meta name=\"author\" content=\"Web del Maestro CMF\" \/>\n<meta name=\"twitter:card\" content=\"summary_large_image\" \/>\n<meta name=\"twitter:creator\" content=\"@cmf_w\" \/>\n<meta name=\"twitter:site\" content=\"@cmf_w\" \/>\n<script type=\"application\/ld+json\" class=\"yoast-schema-graph\">{\"@context\":\"https:\\\/\\\/schema.org\",\"@graph\":[{\"@type\":\"ScholarlyArticle\",\"@id\":\"https:\\\/\\\/webdelmaestrocmf.com\\\/portal\\\/formato-referencial-de-registro-auxiliar-primaria-todas-las-areas\\\/#article\",\"isPartOf\":{\"@id\":\"https:\\\/\\\/webdelmaestrocmf.com\\\/portal\\\/formato-referencial-de-registro-auxiliar-primaria-todas-las-areas\\\/\"},\"author\":{\"name\":\"Web del Maestro CMF\",\"@id\":\"https:\\\/\\\/webdelmaestrocmf.com\\\/portal\\\/#\\\/schema\\\/person\\\/1072a2ed7bd960df8ef99a551fa35dc5\"},\"headline\":\"Formato referencial de Registro auxiliar &#8211; Inicial, Primaria y Secundaria &#8211; Todas las \u00e1reas\",\"datePublished\":\"2020-03-26T23:24:48+00:00\",\"dateModified\":\"2022-03-27T22:24:11+00:00\",\"mainEntityOfPage\":{\"@id\":\"https:\\\/\\\/webdelmaestrocmf.com\\\/portal\\\/formato-referencial-de-registro-auxiliar-primaria-todas-las-areas\\\/\"},\"wordCount\":300,\"commentCount\":0,\"publisher\":{\"@id\":\"https:\\\/\\\/webdelmaestrocmf.com\\\/portal\\\/#organization\"},\"image\":{\"@id\":\"https:\\\/\\\/webdelmaestrocmf.com\\\/portal\\\/formato-referencial-de-registro-auxiliar-primaria-todas-las-areas\\\/#primaryimage\"},\"thumbnailUrl\":\"https:\\\/\\\/webdelmaestrocmf.com\\\/portal\\\/wp-content\\\/uploads\\\/2020\\\/03\\\/2-15.jpg\",\"keywords\":[\"auxiliar\",\"FORMATO\",\"las \u00e1reas\",\"PRIMARIA\",\"Referencial\",\"registro\",\"TODAS\"],\"articleSection\":[\"Descargas Manuales PDF\",\"Recursos\"],\"inLanguage\":\"es\",\"potentialAction\":[{\"@type\":\"CommentAction\",\"name\":\"Comment\",\"target\":[\"https:\\\/\\\/webdelmaestrocmf.com\\\/portal\\\/formato-referencial-de-registro-auxiliar-primaria-todas-las-areas\\\/#respond\"]}]},{\"@type\":\"WebPage\",\"@id\":\"https:\\\/\\\/webdelmaestrocmf.com\\\/portal\\\/formato-referencial-de-registro-auxiliar-primaria-todas-las-areas\\\/\",\"url\":\"https:\\\/\\\/webdelmaestrocmf.com\\\/portal\\\/formato-referencial-de-registro-auxiliar-primaria-todas-las-areas\\\/\",\"name\":\"Formato referencial de Registro auxiliar - Inicial, Primaria y Secundaria - Todas las \u00e1reas - 2026\",\"isPartOf\":{\"@id\":\"https:\\\/\\\/webdelmaestrocmf.com\\\/portal\\\/#website\"},\"primaryImageOfPage\":{\"@id\":\"https:\\\/\\\/webdelmaestrocmf.com\\\/portal\\\/formato-referencial-de-registro-auxiliar-primaria-todas-las-areas\\\/#primaryimage\"},\"image\":{\"@id\":\"https:\\\/\\\/webdelmaestrocmf.com\\\/portal\\\/formato-referencial-de-registro-auxiliar-primaria-todas-las-areas\\\/#primaryimage\"},\"thumbnailUrl\":\"https:\\\/\\\/webdelmaestrocmf.com\\\/portal\\\/wp-content\\\/uploads\\\/2020\\\/03\\\/2-15.jpg\",\"datePublished\":\"2020-03-26T23:24:48+00:00\",\"dateModified\":\"2022-03-27T22:24:11+00:00\",\"description\":\"En el caso del Registro Auxiliar, se ha optado por la r\u00fabrica anal\u00edtica para la evaluaci\u00f3n al t\u00e9rmino de cada trimestre con el objeto de certificar el...\",\"breadcrumb\":{\"@id\":\"https:\\\/\\\/webdelmaestrocmf.com\\\/portal\\\/formato-referencial-de-registro-auxiliar-primaria-todas-las-areas\\\/#breadcrumb\"},\"inLanguage\":\"es\",\"potentialAction\":[{\"@type\":\"ReadAction\",\"target\":[\"https:\\\/\\\/webdelmaestrocmf.com\\\/portal\\\/formato-referencial-de-registro-auxiliar-primaria-todas-las-areas\\\/\"]}]},{\"@type\":\"ImageObject\",\"inLanguage\":\"es\",\"@id\":\"https:\\\/\\\/webdelmaestrocmf.com\\\/portal\\\/formato-referencial-de-registro-auxiliar-primaria-todas-las-areas\\\/#primaryimage\",\"url\":\"https:\\\/\\\/webdelmaestrocmf.com\\\/portal\\\/wp-content\\\/uploads\\\/2020\\\/03\\\/2-15.jpg\",\"contentUrl\":\"https:\\\/\\\/webdelmaestrocmf.com\\\/portal\\\/wp-content\\\/uploads\\\/2020\\\/03\\\/2-15.jpg\",\"width\":1100,\"height\":680},{\"@type\":\"BreadcrumbList\",\"@id\":\"https:\\\/\\\/webdelmaestrocmf.com\\\/portal\\\/formato-referencial-de-registro-auxiliar-primaria-todas-las-areas\\\/#breadcrumb\",\"itemListElement\":[{\"@type\":\"ListItem\",\"position\":1,\"name\":\"Portada\",\"item\":\"https:\\\/\\\/webdelmaestrocmf.com\\\/portal\\\/\"},{\"@type\":\"ListItem\",\"position\":2,\"name\":\"Recursos\",\"item\":\"https:\\\/\\\/webdelmaestrocmf.com\\\/portal\\\/category\\\/pedagogia\\\/\"},{\"@type\":\"ListItem\",\"position\":3,\"name\":\"Formato referencial de Registro auxiliar &#8211; Inicial, Primaria y Secundaria &#8211; Todas las \u00e1reas\"}]},{\"@type\":\"WebSite\",\"@id\":\"https:\\\/\\\/webdelmaestrocmf.com\\\/portal\\\/#website\",\"url\":\"https:\\\/\\\/webdelmaestrocmf.com\\\/portal\\\/\",\"name\":\"Web del Maestro CMF\",\"description\":\"Maestros al servicio de la educaci\u00f3n\",\"publisher\":{\"@id\":\"https:\\\/\\\/webdelmaestrocmf.com\\\/portal\\\/#organization\"},\"alternateName\":\"WMCMF\",\"potentialAction\":[{\"@type\":\"SearchAction\",\"target\":{\"@type\":\"EntryPoint\",\"urlTemplate\":\"https:\\\/\\\/webdelmaestrocmf.com\\\/portal\\\/?s={search_term_string}\"},\"query-input\":{\"@type\":\"PropertyValueSpecification\",\"valueRequired\":true,\"valueName\":\"search_term_string\"}}],\"inLanguage\":\"es\"},{\"@type\":\"Organization\",\"@id\":\"https:\\\/\\\/webdelmaestrocmf.com\\\/portal\\\/#organization\",\"name\":\"Web del Maestro CMF\",\"alternateName\":\"WMCMF\",\"url\":\"https:\\\/\\\/webdelmaestrocmf.com\\\/portal\\\/\",\"logo\":{\"@type\":\"ImageObject\",\"inLanguage\":\"es\",\"@id\":\"https:\\\/\\\/webdelmaestrocmf.com\\\/portal\\\/#\\\/schema\\\/logo\\\/image\\\/\",\"url\":\"https:\\\/\\\/webdelmaestrocmf.com\\\/portal\\\/wp-content\\\/uploads\\\/2023\\\/01\\\/logo-wmcmf-2.png\",\"contentUrl\":\"https:\\\/\\\/webdelmaestrocmf.com\\\/portal\\\/wp-content\\\/uploads\\\/2023\\\/01\\\/logo-wmcmf-2.png\",\"width\":200,\"height\":60,\"caption\":\"Web del Maestro CMF\"},\"image\":{\"@id\":\"https:\\\/\\\/webdelmaestrocmf.com\\\/portal\\\/#\\\/schema\\\/logo\\\/image\\\/\"},\"sameAs\":[\"https:\\\/\\\/www.facebook.com\\\/WebdelMaestroCMF\\\/\",\"https:\\\/\\\/x.com\\\/cmf_w\",\"https:\\\/\\\/www.pinterest.com\\\/WMCMF\\\/\",\"https:\\\/\\\/www.linkedin.com\\\/company\\\/web-del-maestro-cmf\\\/\",\"https:\\\/\\\/www.instagram.com\\\/wmcmf\\\/\",\"https:\\\/\\\/www.youtube.com\\\/channel\\\/UCDPSvjbdodE5sHnC3OxutHw\",\"https:\\\/\\\/mastodon.social\\\/@wmcmf\",\"https:\\\/\\\/www.tiktok.com\\\/@webdelmaestrocmf\"]},{\"@type\":\"Person\",\"@id\":\"https:\\\/\\\/webdelmaestrocmf.com\\\/portal\\\/#\\\/schema\\\/person\\\/1072a2ed7bd960df8ef99a551fa35dc5\",\"name\":\"Web del Maestro CMF\",\"image\":{\"@type\":\"ImageObject\",\"inLanguage\":\"es\",\"@id\":\"https:\\\/\\\/secure.gravatar.com\\\/avatar\\\/23291dd5b5ae1077dcff3dbb04c3e02bd28403fa75af6d8787d5e97c5bbbe30b?s=96&d=mm&r=g\",\"url\":\"https:\\\/\\\/secure.gravatar.com\\\/avatar\\\/23291dd5b5ae1077dcff3dbb04c3e02bd28403fa75af6d8787d5e97c5bbbe30b?s=96&d=mm&r=g\",\"contentUrl\":\"https:\\\/\\\/secure.gravatar.com\\\/avatar\\\/23291dd5b5ae1077dcff3dbb04c3e02bd28403fa75af6d8787d5e97c5bbbe30b?s=96&d=mm&r=g\",\"caption\":\"Web del Maestro CMF\"},\"description\":\"Esta Web se cre\u00f3 sin fines de lucro, con fines educativos, cient\u00edficos y acad\u00e9micos, para personas que tengan dificultades y\\\/o inconvenientes en visualizar el material original. El objetivo es entregar recursos, compartir experiencias y materiales que ayuden a los padres de familia, maestros y estudiantes en su actualizaci\u00f3n y formaci\u00f3n permanente, en bien de la Educaci\u00f3n.\",\"sameAs\":[\"http:\\\/\\\/webdelmaestrocmf.com\\\/portal\",\"https:\\\/\\\/www.facebook.com\\\/WebdelMaestroCMF\\\/\",\"https:\\\/\\\/www.instagram.com\\\/wmcmf\\\/\",\"https:\\\/\\\/cl.linkedin.com\\\/company\\\/web-del-maestro-cmf\",\"https:\\\/\\\/www.pinterest.com\\\/WMCMF\\\/publicaciones\\\/\",\"https:\\\/\\\/x.com\\\/cmf_w\",\"https:\\\/\\\/www.youtube.com\\\/@WMCMF\"]}]}<\/script>\n<!-- \/ Yoast SEO plugin. -->","yoast_head_json":{"title":"Formato referencial de Registro auxiliar - Inicial, Primaria y Secundaria - Todas las \u00e1reas - 2026","description":"En el caso del Registro Auxiliar, se ha optado por la r\u00fabrica anal\u00edtica para la evaluaci\u00f3n al t\u00e9rmino de cada trimestre con el objeto de certificar el...","robots":{"index":"index","follow":"follow","max-snippet":"max-snippet:-1","max-image-preview":"max-image-preview:large","max-video-preview":"max-video-preview:-1"},"canonical":"https:\/\/webdelmaestrocmf.com\/portal\/formato-referencial-de-registro-auxiliar-primaria-todas-las-areas\/","og_locale":"es_ES","og_type":"article","og_title":"Formato referencial de Registro auxiliar - Inicial, Primaria y Secundaria - Todas las \u00e1reas - 2026","og_description":"En el caso del Registro Auxiliar, se ha optado por la r\u00fabrica anal\u00edtica para la evaluaci\u00f3n al t\u00e9rmino de cada trimestre con el objeto de certificar el...","og_url":"https:\/\/webdelmaestrocmf.com\/portal\/formato-referencial-de-registro-auxiliar-primaria-todas-las-areas\/","og_site_name":"Web del Maestro CMF","article_publisher":"https:\/\/www.facebook.com\/WebdelMaestroCMF\/","article_author":"https:\/\/www.facebook.com\/WebdelMaestroCMF\/","article_published_time":"2020-03-26T23:24:48+00:00","article_modified_time":"2022-03-27T22:24:11+00:00","og_image":[{"width":1100,"height":680,"url":"https:\/\/i0.wp.com\/webdelmaestrocmf.com\/portal\/wp-content\/uploads\/2020\/03\/2-15.jpg?fit=1100%2C680&ssl=1","type":"image\/jpeg"}],"author":"Web del Maestro CMF","twitter_card":"summary_large_image","twitter_creator":"@cmf_w","twitter_site":"@cmf_w","schema":{"@context":"https:\/\/schema.org","@graph":[{"@type":"ScholarlyArticle","@id":"https:\/\/webdelmaestrocmf.com\/portal\/formato-referencial-de-registro-auxiliar-primaria-todas-las-areas\/#article","isPartOf":{"@id":"https:\/\/webdelmaestrocmf.com\/portal\/formato-referencial-de-registro-auxiliar-primaria-todas-las-areas\/"},"author":{"name":"Web del Maestro CMF","@id":"https:\/\/webdelmaestrocmf.com\/portal\/#\/schema\/person\/1072a2ed7bd960df8ef99a551fa35dc5"},"headline":"Formato referencial de Registro auxiliar &#8211; Inicial, Primaria y Secundaria &#8211; Todas las \u00e1reas","datePublished":"2020-03-26T23:24:48+00:00","dateModified":"2022-03-27T22:24:11+00:00","mainEntityOfPage":{"@id":"https:\/\/webdelmaestrocmf.com\/portal\/formato-referencial-de-registro-auxiliar-primaria-todas-las-areas\/"},"wordCount":300,"commentCount":0,"publisher":{"@id":"https:\/\/webdelmaestrocmf.com\/portal\/#organization"},"image":{"@id":"https:\/\/webdelmaestrocmf.com\/portal\/formato-referencial-de-registro-auxiliar-primaria-todas-las-areas\/#primaryimage"},"thumbnailUrl":"https:\/\/webdelmaestrocmf.com\/portal\/wp-content\/uploads\/2020\/03\/2-15.jpg","keywords":["auxiliar","FORMATO","las \u00e1reas","PRIMARIA","Referencial","registro","TODAS"],"articleSection":["Descargas Manuales PDF","Recursos"],"inLanguage":"es","potentialAction":[{"@type":"CommentAction","name":"Comment","target":["https:\/\/webdelmaestrocmf.com\/portal\/formato-referencial-de-registro-auxiliar-primaria-todas-las-areas\/#respond"]}]},{"@type":"WebPage","@id":"https:\/\/webdelmaestrocmf.com\/portal\/formato-referencial-de-registro-auxiliar-primaria-todas-las-areas\/","url":"https:\/\/webdelmaestrocmf.com\/portal\/formato-referencial-de-registro-auxiliar-primaria-todas-las-areas\/","name":"Formato referencial de Registro auxiliar - Inicial, Primaria y Secundaria - Todas las \u00e1reas - 2026","isPartOf":{"@id":"https:\/\/webdelmaestrocmf.com\/portal\/#website"},"primaryImageOfPage":{"@id":"https:\/\/webdelmaestrocmf.com\/portal\/formato-referencial-de-registro-auxiliar-primaria-todas-las-areas\/#primaryimage"},"image":{"@id":"https:\/\/webdelmaestrocmf.com\/portal\/formato-referencial-de-registro-auxiliar-primaria-todas-las-areas\/#primaryimage"},"thumbnailUrl":"https:\/\/webdelmaestrocmf.com\/portal\/wp-content\/uploads\/2020\/03\/2-15.jpg","datePublished":"2020-03-26T23:24:48+00:00","dateModified":"2022-03-27T22:24:11+00:00","description":"En el caso del Registro Auxiliar, se ha optado por la r\u00fabrica anal\u00edtica para la evaluaci\u00f3n al t\u00e9rmino de cada trimestre con el objeto de certificar el...","breadcrumb":{"@id":"https:\/\/webdelmaestrocmf.com\/portal\/formato-referencial-de-registro-auxiliar-primaria-todas-las-areas\/#breadcrumb"},"inLanguage":"es","potentialAction":[{"@type":"ReadAction","target":["https:\/\/webdelmaestrocmf.com\/portal\/formato-referencial-de-registro-auxiliar-primaria-todas-las-areas\/"]}]},{"@type":"ImageObject","inLanguage":"es","@id":"https:\/\/webdelmaestrocmf.com\/portal\/formato-referencial-de-registro-auxiliar-primaria-todas-las-areas\/#primaryimage","url":"https:\/\/webdelmaestrocmf.com\/portal\/wp-content\/uploads\/2020\/03\/2-15.jpg","contentUrl":"https:\/\/webdelmaestrocmf.com\/portal\/wp-content\/uploads\/2020\/03\/2-15.jpg","width":1100,"height":680},{"@type":"BreadcrumbList","@id":"https:\/\/webdelmaestrocmf.com\/portal\/formato-referencial-de-registro-auxiliar-primaria-todas-las-areas\/#breadcrumb","itemListElement":[{"@type":"ListItem","position":1,"name":"Portada","item":"https:\/\/webdelmaestrocmf.com\/portal\/"},{"@type":"ListItem","position":2,"name":"Recursos","item":"https:\/\/webdelmaestrocmf.com\/portal\/category\/pedagogia\/"},{"@type":"ListItem","position":3,"name":"Formato referencial de Registro auxiliar &#8211; Inicial, Primaria y Secundaria &#8211; Todas las \u00e1reas"}]},{"@type":"WebSite","@id":"https:\/\/webdelmaestrocmf.com\/portal\/#website","url":"https:\/\/webdelmaestrocmf.com\/portal\/","name":"Web del Maestro CMF","description":"Maestros al servicio de la educaci\u00f3n","publisher":{"@id":"https:\/\/webdelmaestrocmf.com\/portal\/#organization"},"alternateName":"WMCMF","potentialAction":[{"@type":"SearchAction","target":{"@type":"EntryPoint","urlTemplate":"https:\/\/webdelmaestrocmf.com\/portal\/?s={search_term_string}"},"query-input":{"@type":"PropertyValueSpecification","valueRequired":true,"valueName":"search_term_string"}}],"inLanguage":"es"},{"@type":"Organization","@id":"https:\/\/webdelmaestrocmf.com\/portal\/#organization","name":"Web del Maestro CMF","alternateName":"WMCMF","url":"https:\/\/webdelmaestrocmf.com\/portal\/","logo":{"@type":"ImageObject","inLanguage":"es","@id":"https:\/\/webdelmaestrocmf.com\/portal\/#\/schema\/logo\/image\/","url":"https:\/\/webdelmaestrocmf.com\/portal\/wp-content\/uploads\/2023\/01\/logo-wmcmf-2.png","contentUrl":"https:\/\/webdelmaestrocmf.com\/portal\/wp-content\/uploads\/2023\/01\/logo-wmcmf-2.png","width":200,"height":60,"caption":"Web del Maestro CMF"},"image":{"@id":"https:\/\/webdelmaestrocmf.com\/portal\/#\/schema\/logo\/image\/"},"sameAs":["https:\/\/www.facebook.com\/WebdelMaestroCMF\/","https:\/\/x.com\/cmf_w","https:\/\/www.pinterest.com\/WMCMF\/","https:\/\/www.linkedin.com\/company\/web-del-maestro-cmf\/","https:\/\/www.instagram.com\/wmcmf\/","https:\/\/www.youtube.com\/channel\/UCDPSvjbdodE5sHnC3OxutHw","https:\/\/mastodon.social\/@wmcmf","https:\/\/www.tiktok.com\/@webdelmaestrocmf"]},{"@type":"Person","@id":"https:\/\/webdelmaestrocmf.com\/portal\/#\/schema\/person\/1072a2ed7bd960df8ef99a551fa35dc5","name":"Web del Maestro CMF","image":{"@type":"ImageObject","inLanguage":"es","@id":"https:\/\/secure.gravatar.com\/avatar\/23291dd5b5ae1077dcff3dbb04c3e02bd28403fa75af6d8787d5e97c5bbbe30b?s=96&d=mm&r=g","url":"https:\/\/secure.gravatar.com\/avatar\/23291dd5b5ae1077dcff3dbb04c3e02bd28403fa75af6d8787d5e97c5bbbe30b?s=96&d=mm&r=g","contentUrl":"https:\/\/secure.gravatar.com\/avatar\/23291dd5b5ae1077dcff3dbb04c3e02bd28403fa75af6d8787d5e97c5bbbe30b?s=96&d=mm&r=g","caption":"Web del Maestro CMF"},"description":"Esta Web se cre\u00f3 sin fines de lucro, con fines educativos, cient\u00edficos y acad\u00e9micos, para personas que tengan dificultades y\/o inconvenientes en visualizar el material original. El objetivo es entregar recursos, compartir experiencias y materiales que ayuden a los padres de familia, maestros y estudiantes en su actualizaci\u00f3n y formaci\u00f3n permanente, en bien de la Educaci\u00f3n.","sameAs":["http:\/\/webdelmaestrocmf.com\/portal","https:\/\/www.facebook.com\/WebdelMaestroCMF\/","https:\/\/www.instagram.com\/wmcmf\/","https:\/\/cl.linkedin.com\/company\/web-del-maestro-cmf","https:\/\/www.pinterest.com\/WMCMF\/publicaciones\/","https:\/\/x.com\/cmf_w","https:\/\/www.youtube.com\/@WMCMF"]}]}},"jetpack_featured_media_url":"https:\/\/webdelmaestrocmf.com\/portal\/wp-content\/uploads\/2020\/03\/2-15.jpg","jetpack_sharing_enabled":true,"jetpack-related-posts":[{"id":104112,"url":"https:\/\/webdelmaestrocmf.com\/portal\/como-es-la-evaluacion-formativa-en-la-nem\/","url_meta":{"origin":45846,"position":0},"title":"C\u00f3mo es la evaluaci\u00f3n formativa en la NEM","author":"Web del Maestro CMF","date":"20 febrero, 2024","format":false,"excerpt":"La evaluaci\u00f3n formativa en la Nueva Escuela Mexicana (NEM) se caracteriza por ser un proceso continuo y contextualizado que se centra en el aprendizaje de cada estudiante. A diferencia de la evaluaci\u00f3n tradicional, que solo mide el resultado final, la evaluaci\u00f3n formativa busca acompa\u00f1ar al estudiante en su proceso de\u2026","rel":"","context":"En \u00abEvaluaci\u00f3n formativa\u00bb","block_context":{"text":"Evaluaci\u00f3n formativa","link":"https:\/\/webdelmaestrocmf.com\/portal\/category\/pedagogia\/evaluacion-formativa\/"},"img":{"alt_text":"","src":"https:\/\/i0.wp.com\/webdelmaestrocmf.com\/portal\/wp-content\/uploads\/2024\/02\/Banner-1-portada-imagen-10-1-7-3.jpg?resize=350%2C200&ssl=1","width":350,"height":200,"srcset":"https:\/\/i0.wp.com\/webdelmaestrocmf.com\/portal\/wp-content\/uploads\/2024\/02\/Banner-1-portada-imagen-10-1-7-3.jpg?resize=350%2C200&ssl=1 1x, https:\/\/i0.wp.com\/webdelmaestrocmf.com\/portal\/wp-content\/uploads\/2024\/02\/Banner-1-portada-imagen-10-1-7-3.jpg?resize=525%2C300&ssl=1 1.5x, https:\/\/i0.wp.com\/webdelmaestrocmf.com\/portal\/wp-content\/uploads\/2024\/02\/Banner-1-portada-imagen-10-1-7-3.jpg?resize=700%2C400&ssl=1 2x"},"classes":[]},{"id":84887,"url":"https:\/\/webdelmaestrocmf.com\/portal\/evaluacion-diagnostica-2023-fasciculos-referenciales\/","url_meta":{"origin":45846,"position":1},"title":"Evaluaci\u00f3n Diagn\u00f3stica Primaria 2025","author":"Web del Maestro CMF","date":"26 febrero, 2025","format":false,"excerpt":"La evaluaci\u00f3n diagn\u00f3stica es un proceso clave en la educaci\u00f3n que permite conocer el punto de partida de los aprendizajes de las y los estudiantes al inicio de un nuevo ciclo escolar. En 2025, los lineamientos establecidos por Mejoredu enfatizan que estas evaluaciones tienen un car\u00e1cter formativo y no est\u00e1n\u2026","rel":"","context":"En \u00abDescargas Manuales PDF\u00bb","block_context":{"text":"Descargas Manuales PDF","link":"https:\/\/webdelmaestrocmf.com\/portal\/category\/pedagogia\/descargas-manuales-pdf\/"},"img":{"alt_text":"","src":"https:\/\/i0.wp.com\/webdelmaestrocmf.com\/portal\/wp-content\/uploads\/2023\/02\/1A-Banner-1-portada-imagen-10-1-96.jpg?resize=350%2C200&ssl=1","width":350,"height":200,"srcset":"https:\/\/i0.wp.com\/webdelmaestrocmf.com\/portal\/wp-content\/uploads\/2023\/02\/1A-Banner-1-portada-imagen-10-1-96.jpg?resize=350%2C200&ssl=1 1x, https:\/\/i0.wp.com\/webdelmaestrocmf.com\/portal\/wp-content\/uploads\/2023\/02\/1A-Banner-1-portada-imagen-10-1-96.jpg?resize=525%2C300&ssl=1 1.5x, https:\/\/i0.wp.com\/webdelmaestrocmf.com\/portal\/wp-content\/uploads\/2023\/02\/1A-Banner-1-portada-imagen-10-1-96.jpg?resize=700%2C400&ssl=1 2x"},"classes":[]},{"id":86544,"url":"https:\/\/webdelmaestrocmf.com\/portal\/instrumentos-de-evaluacion-para-todas-las-areas-inicial-primaria-y-secundaria\/","url_meta":{"origin":45846,"position":2},"title":"Instrumentos de evaluaci\u00f3n para todas las \u00e1reas inicial, primaria y secundaria","author":"Web del Maestro CMF","date":"2 abril, 2023","format":false,"excerpt":"Los instrumentos de evaluaci\u00f3n son aquellas herramientas reales y f\u00edsicas utilizadas para valorar el aprendizaje. Sirven para sistematizar las valoraciones del evaluador sobre los diferentes aspectos a evaluar. (Ibarra y Rodr\u00edguez, 2011). Los instrumentos de evaluaci\u00f3n son t\u00e9cnicas y herramientas que permiten evaluar tanto el proceso de ense\u00f1anza como la\u2026","rel":"","context":"En \u00abEvaluar\u00bb","block_context":{"text":"Evaluar","link":"https:\/\/webdelmaestrocmf.com\/portal\/category\/pedagogia\/evaluar\/"},"img":{"alt_text":"","src":"https:\/\/i0.wp.com\/webdelmaestrocmf.com\/portal\/wp-content\/uploads\/2023\/04\/A12B3C4D-65.jpg?resize=350%2C200&ssl=1","width":350,"height":200,"srcset":"https:\/\/i0.wp.com\/webdelmaestrocmf.com\/portal\/wp-content\/uploads\/2023\/04\/A12B3C4D-65.jpg?resize=350%2C200&ssl=1 1x, https:\/\/i0.wp.com\/webdelmaestrocmf.com\/portal\/wp-content\/uploads\/2023\/04\/A12B3C4D-65.jpg?resize=525%2C300&ssl=1 1.5x, https:\/\/i0.wp.com\/webdelmaestrocmf.com\/portal\/wp-content\/uploads\/2023\/04\/A12B3C4D-65.jpg?resize=700%2C400&ssl=1 2x"},"classes":[]},{"id":84033,"url":"https:\/\/webdelmaestrocmf.com\/portal\/formatos-de-instrumentos-de-evaluacion-preescolar-y-primaria\/","url_meta":{"origin":45846,"position":3},"title":"Formatos de Instrumentos de Evaluaci\u00f3n Preescolar y Primaria","author":"Web del Maestro CMF","date":"9 enero, 2024","format":false,"excerpt":"Este material te sera de gran ayuda, ya que contiene los\u00a0instrumentos de evaluaci\u00f3n en preescolar, con las cuales podr\u00e1s tener una mejor referencia del desempe\u00f1o de tus peque\u00f1os. Estos\u00a0instrumentos de evaluaci\u00f3n para preescolar\u00a0funcionan tanto para Primero de Preescolar, Segundo y Tercer Grado. y son un complemento ideal para tener los\u2026","rel":"","context":"En \u00abDescargas Manuales PDF\u00bb","block_context":{"text":"Descargas Manuales PDF","link":"https:\/\/webdelmaestrocmf.com\/portal\/category\/pedagogia\/descargas-manuales-pdf\/"},"img":{"alt_text":"instrumentos","src":"https:\/\/i0.wp.com\/webdelmaestrocmf.com\/portal\/wp-content\/uploads\/2024\/01\/B-dibujos-1-1-2.jpg?resize=350%2C200&ssl=1","width":350,"height":200,"srcset":"https:\/\/i0.wp.com\/webdelmaestrocmf.com\/portal\/wp-content\/uploads\/2024\/01\/B-dibujos-1-1-2.jpg?resize=350%2C200&ssl=1 1x, https:\/\/i0.wp.com\/webdelmaestrocmf.com\/portal\/wp-content\/uploads\/2024\/01\/B-dibujos-1-1-2.jpg?resize=525%2C300&ssl=1 1.5x, https:\/\/i0.wp.com\/webdelmaestrocmf.com\/portal\/wp-content\/uploads\/2024\/01\/B-dibujos-1-1-2.jpg?resize=700%2C400&ssl=1 2x"},"classes":[]},{"id":90309,"url":"https:\/\/webdelmaestrocmf.com\/portal\/medios-tecnicas-e-instrumentos-de-evaluacion-formativa-y-compartida-del-aprendizaje\/","url_meta":{"origin":45846,"position":4},"title":"Medios, t\u00e9cnicas e instrumentos de evaluaci\u00f3n formativa y compartida del aprendizaje","author":"Web del Maestro CMF","date":"2 julio, 2023","format":false,"excerpt":"Las t\u00e9cnicas e instrumentos de evaluaci\u00f3n son elementos fundamentales en el proceso de medici\u00f3n y valoraci\u00f3n del desempe\u00f1o, conocimientos, habilidades o competencias de las personas en diferentes contextos. Ya sea en el \u00e1mbito educativo, laboral o de investigaci\u00f3n, la evaluaci\u00f3n se utiliza para obtener informaci\u00f3n precisa y objetiva sobre el\u2026","rel":"","context":"En \u00abInstrumentos de evaluaci\u00f3n\u00bb","block_context":{"text":"Instrumentos de evaluaci\u00f3n","link":"https:\/\/webdelmaestrocmf.com\/portal\/category\/pedagogia\/instrumentos-de-evaluacion\/"},"img":{"alt_text":"","src":"https:\/\/i0.wp.com\/webdelmaestrocmf.com\/portal\/wp-content\/uploads\/2023\/07\/A12B3C4D-14.jpg?resize=350%2C200&ssl=1","width":350,"height":200,"srcset":"https:\/\/i0.wp.com\/webdelmaestrocmf.com\/portal\/wp-content\/uploads\/2023\/07\/A12B3C4D-14.jpg?resize=350%2C200&ssl=1 1x, https:\/\/i0.wp.com\/webdelmaestrocmf.com\/portal\/wp-content\/uploads\/2023\/07\/A12B3C4D-14.jpg?resize=525%2C300&ssl=1 1.5x, https:\/\/i0.wp.com\/webdelmaestrocmf.com\/portal\/wp-content\/uploads\/2023\/07\/A12B3C4D-14.jpg?resize=700%2C400&ssl=1 2x"},"classes":[]},{"id":38393,"url":"https:\/\/webdelmaestrocmf.com\/portal\/como-incluir-la-evaluacion-diagnostica-la-formativa-y-la-sumativa-en-mi-planeacion\/","url_meta":{"origin":45846,"position":5},"title":"\u00bfC\u00f3mo incluir la evaluaci\u00f3n Diagn\u00f3stica, la Formativa y la Sumativa en mi Planeaci\u00f3n?","author":"Web del Maestro CMF","date":"17 marzo, 2024","format":false,"excerpt":"Dentro de la evaluaci\u00f3n existen algunas definiciones que en ocasiones no nos pueden quedar del todo claras, unas de ellas son las diferentes funciones y momentos de aplicaci\u00f3n. Desde que se lleva a cabo la planeaci\u00f3n did\u00e1ctica, es necesario distinguir los diferentes momentos y tipos de evaluaci\u00f3n que se tendr\u00e1n\u2026","rel":"","context":"En \u00abEvaluar\u00bb","block_context":{"text":"Evaluar","link":"https:\/\/webdelmaestrocmf.com\/portal\/category\/pedagogia\/evaluar\/"},"img":{"alt_text":"","src":"https:\/\/i0.wp.com\/webdelmaestrocmf.com\/portal\/wp-content\/uploads\/2019\/07\/Banner-1-portada-imagen-10-1-21.jpg?resize=350%2C200&ssl=1","width":350,"height":200,"srcset":"https:\/\/i0.wp.com\/webdelmaestrocmf.com\/portal\/wp-content\/uploads\/2019\/07\/Banner-1-portada-imagen-10-1-21.jpg?resize=350%2C200&ssl=1 1x, https:\/\/i0.wp.com\/webdelmaestrocmf.com\/portal\/wp-content\/uploads\/2019\/07\/Banner-1-portada-imagen-10-1-21.jpg?resize=525%2C300&ssl=1 1.5x, https:\/\/i0.wp.com\/webdelmaestrocmf.com\/portal\/wp-content\/uploads\/2019\/07\/Banner-1-portada-imagen-10-1-21.jpg?resize=700%2C400&ssl=1 2x"},"classes":[]}],"_links":{"self":[{"href":"https:\/\/webdelmaestrocmf.com\/portal\/wp-json\/wp\/v2\/posts\/45846","targetHints":{"allow":["GET"]}}],"collection":[{"href":"https:\/\/webdelmaestrocmf.com\/portal\/wp-json\/wp\/v2\/posts"}],"about":[{"href":"https:\/\/webdelmaestrocmf.com\/portal\/wp-json\/wp\/v2\/types\/post"}],"author":[{"embeddable":true,"href":"https:\/\/webdelmaestrocmf.com\/portal\/wp-json\/wp\/v2\/users\/1"}],"replies":[{"embeddable":true,"href":"https:\/\/webdelmaestrocmf.com\/portal\/wp-json\/wp\/v2\/comments?post=45846"}],"version-history":[{"count":0,"href":"https:\/\/webdelmaestrocmf.com\/portal\/wp-json\/wp\/v2\/posts\/45846\/revisions"}],"wp:featuredmedia":[{"embeddable":true,"href":"https:\/\/webdelmaestrocmf.com\/portal\/wp-json\/wp\/v2\/media\/45848"}],"wp:attachment":[{"href":"https:\/\/webdelmaestrocmf.com\/portal\/wp-json\/wp\/v2\/media?parent=45846"}],"wp:term":[{"taxonomy":"category","embeddable":true,"href":"https:\/\/webdelmaestrocmf.com\/portal\/wp-json\/wp\/v2\/categories?post=45846"},{"taxonomy":"post_tag","embeddable":true,"href":"https:\/\/webdelmaestrocmf.com\/portal\/wp-json\/wp\/v2\/tags?post=45846"}],"curies":[{"name":"wp","href":"https:\/\/api.w.org\/{rel}","templated":true}]}}