{"id":45798,"date":"2023-12-23T19:40:20","date_gmt":"2023-12-23T22:40:20","guid":{"rendered":"https:\/\/webdelmaestrocmf.com\/portal\/?p=45798"},"modified":"2023-12-23T19:51:52","modified_gmt":"2023-12-23T22:51:52","slug":"la-moral-es-importante-y-la-empatia-esta-relacionada-con-ella","status":"publish","type":"post","link":"https:\/\/webdelmaestrocmf.com\/portal\/la-moral-es-importante-y-la-empatia-esta-relacionada-con-ella\/","title":{"rendered":"Mary Gordon: La moral es importante y la empat\u00eda est\u00e1 relacionada con ella"},"content":{"rendered":"<p style=\"text-align: justify;\"><strong>La escritora estadounidense Mary Gordon (1949), es mejor conocida por sus novelas, memorias y cr\u00edtica literaria. Estudi\u00f3 en Universidad de Syracuse. Actualmente es profesora de ingl\u00e9s de McIntosh en el Barnard College y en Hope Valley, Rhode Island. Ha recibido reconocimientos como The Story Prize, Beca Guggenheim en Artes Creativas, Estados Unidos y Canad\u00e1, Premios Janet Heidinger Kafka.<\/strong><!--more--><\/p>\n<p style=\"text-align: justify;\">\u201cHa colaborado con numerosas instituciones educativas y organismos internacionales, como la Organizaci\u00f3n para la Cooperaci\u00f3n y el Desarrollo Econ\u00f3micos (OCDE), la Organizaci\u00f3n Mundial de la Salud (OMS), el gobierno de Estados Unidos y la Fundaci\u00f3n Nelson Mandela\u201d. Para la Profesora Gordon, \u201c<strong>explicar conceptos complicados normalmente requiere de la habilidad y experiencia de un maestro entrenado<\/strong>\u201d, por que \u201cla idea es construir una sociedad m\u00e1s afectuosa desde el aula hacia fuera\u201d (CHANGEMAKERS).<\/p>\n<p style=\"text-align: justify;\">En esta oportunidad, gracias a El Pa\u00eds, BBVA y la Editorial Santillana, desde su aporte educativo APRENDEMOS JUNTOS, compartimos por razones \u00fanicamente educativas y de formaci\u00f3n permanente, el di\u00e1logo entre Zuberoa Marcos y la profesora Gordon. Les animamos a <strong>visualizar<\/strong> y (de ser posible) <strong>socializar<\/strong> los videos (subtitulados) y <strong>leer <\/strong>la transcripci\u00f3n (completa) del di\u00e1logo en el enlace que se\u00f1alamos al final de la presente publicaci\u00f3n. La profesora Mary Gordon opina sobre empat\u00eda, la familia, la tarea docente, alfabetizaci\u00f3n emocional,<\/p>\n<p style=\"text-align: justify;\">Les hacemos presente que solo publicamos partes del di\u00e1logo, y que los resaltados y letras cursivas son nuestros.<\/p>\n<h5 style=\"text-align: left;\"><strong>TUS HIJOS APRENDEN DE LO QUE VEN EN TI \u00a0MOMENTO DESTACADO 05\u00b4 12)<\/strong><\/h5>\n<p><iframe loading=\"lazy\" title=\"Empat\u00eda: tus hijos aprenden de lo que ven en ti. Mary Gordon, educadora y emprendedora social\" src=\"https:\/\/www.youtube.com\/embed\/IndVjm3LzzQ\" width=\"100%\" height=\"315\" frameborder=\"0\" allowfullscreen=\"allowfullscreen\"><span data-mce-type=\"bookmark\" style=\"display: inline-block; width: 0px; overflow: hidden; line-height: 0;\" class=\"mce_SELRES_start\">\ufeff<\/span><\/iframe><\/p>\n<h5 style=\"text-align: left;\"><strong>ZUBEROA MARCOS: &#8230; \u00bfc\u00f3mo definir\u00edas t\u00fa la empat\u00eda?<\/strong><\/h5>\n<p style=\"text-align: justify;\"><strong>MARY GORDON:<\/strong> \u201cConsidero que la empat\u00eda es la <strong>habilidad de entender c\u00f3mo se siente otra persona,<\/strong> y ser capaz de <strong>sentir con esa persona<\/strong>. Creo que la empat\u00eda tiene un componente cognitivo, el cambiar la perspectiva, y un componente afectivo, la emoci\u00f3n. [&#8230;] Creo que el <strong>lado humano, el lado <\/strong>afectivo, es necesario para desarrollar verdaderamente la empat\u00eda\u201d.<\/p>\n<h5 style=\"text-align: left;\"><strong>ZUBEROA MARCOS: \u00bfCrees que estamos poniendo demasiado \u00e9nfasis en las habilidades cognitivas de la gente y prestando muy poca atenci\u00f3n a nuestro lado humano? \u00bfA que somos humanos y debemos ser seres sociales? \u00bfA que necesitamos conexiones y relaciones para alcanzar el \u00e9xito, tanto profesional como personal? <\/strong><\/h5>\n<p style=\"text-align: justify;\"><strong>MARY GORDON:<\/strong> \u201cS\u00ed, creo que se da <strong>demasiado \u00e9nfasis a la educaci\u00f3n cient\u00edfica y los logros cognitivos<\/strong> y la gente no ve que, si observamos a los <strong>ni\u00f1os muy peque\u00f1os, aprenden a trav\u00e9s de relaciones basadas en el amor y el apoyo<\/strong>, y eso es igual cuando crecen. Necesitan sentir que alguien ve sus progresos, necesitan que los animen. <strong>Los ni\u00f1os aprenden mejor<\/strong> en entornos en que se sienten integrados. [&#8230;] los profesores deben estar al tanto de c\u00f3mo el apego les puede ayudar a ense\u00f1ar. [&#8230;]\u00a0<strong>los profesores necesitan comprender c\u00f3mo ense\u00f1ar<\/strong> teniendo en cuenta esos traumas. Tienen que entender las circunstancias de los ni\u00f1os <strong>antes de llenarles m\u00e1s la cabeza<\/strong>.<\/p>\n<p><img loading=\"lazy\" decoding=\"async\" class=\"alignnone size-full wp-image-45800\" src=\"https:\/\/webdelmaestrocmf.com\/portal\/wp-content\/uploads\/2020\/03\/c2.jpg\" alt=\"\" width=\"1200\" height=\"628\" srcset=\"https:\/\/webdelmaestrocmf.com\/portal\/wp-content\/uploads\/2020\/03\/c2.jpg 1200w, https:\/\/webdelmaestrocmf.com\/portal\/wp-content\/uploads\/2020\/03\/c2-300x157.jpg 300w, https:\/\/webdelmaestrocmf.com\/portal\/wp-content\/uploads\/2020\/03\/c2-1024x536.jpg 1024w, https:\/\/webdelmaestrocmf.com\/portal\/wp-content\/uploads\/2020\/03\/c2-768x402.jpg 768w, https:\/\/webdelmaestrocmf.com\/portal\/wp-content\/uploads\/2020\/03\/c2-110x58.jpg 110w, https:\/\/webdelmaestrocmf.com\/portal\/wp-content\/uploads\/2020\/03\/c2-200x105.jpg 200w, https:\/\/webdelmaestrocmf.com\/portal\/wp-content\/uploads\/2020\/03\/c2-380x199.jpg 380w, https:\/\/webdelmaestrocmf.com\/portal\/wp-content\/uploads\/2020\/03\/c2-255x133.jpg 255w, https:\/\/webdelmaestrocmf.com\/portal\/wp-content\/uploads\/2020\/03\/c2-550x288.jpg 550w, https:\/\/webdelmaestrocmf.com\/portal\/wp-content\/uploads\/2020\/03\/c2-800x419.jpg 800w, https:\/\/webdelmaestrocmf.com\/portal\/wp-content\/uploads\/2020\/03\/c2-1160x607.jpg 1160w\" sizes=\"auto, (max-width: 1200px) 100vw, 1200px\" \/>9<\/p>\n<p style=\"text-align: justify;\">Tienen que abrirse a establecer relaciones con ellos, y creo que, tradicionalmente, a los profesores se les ha dicho que mantengan las distancias, que sean profesionales. [&#8230;] Tienen que abrirse, dar cari\u00f1o, darse cuenta de que <strong>si van a ser profesores<\/strong>, tienen que llegar a esos ni\u00f1os [&#8230;] a los profesores no se les ense\u00f1a que <strong>los ni\u00f1os aprenden a trav\u00e9s del amor<\/strong>.[&#8230;]\u00a0Educamos de manera muy diferente a ni\u00f1os y ni\u00f1as, tanto en Norteam\u00e9rica como en Europa. <strong>A las chicas se les dice que se callen<\/strong> y, <strong>a los chicos, que no sientan<\/strong>. Es un mensaje muy da\u00f1ino. Tenemos que poder llegar los unos a los otros, establecer buenas relaciones, y <strong>solo podemos hacerlo mediante la em<\/strong>pat\u00eda\u201d.<\/p>\n<p style=\"text-align: justify;\">Art\u00edculo relacionado:\u00a0<a href=\"https:\/\/webdelmaestrocmf.com\/portal\/nora-rodriguez-la-generosidad-la-amabilidad-la-empatia-la-ayuda-mutua-entre-otros-nos-hacen-mejores-seres-humanos\/\" target=\"_top\" rel=\"noopener\">Nora Rodr\u00edguez: La generosidad, la amabilidad, la empat\u00eda, la ayuda mutua, entre otros, nos hacen mejores seres humanos<\/a><\/p>\n<h5 style=\"text-align: left;\"><strong>ZUBEROA MARCOS: &#8230; Cuando estabas en el colegio, cuando eras una ni\u00f1a, nada de esto exist\u00eda. \u00bfC\u00f3mo aprendiste y experimentaste t\u00fa todo esto?<\/strong><\/h5>\n<p style=\"text-align: justify;\"><strong>MARY GORDON:<\/strong> \u201cSi miro hacia atr\u00e1s, creo que <strong>tuve una infancia bastante inusual<\/strong>. Fue una infancia normal y aburrida, no hubo tragedias, no hubo drama, pero tuve algunas experiencias distintas.[&#8230;] Por ejemplo, mi madre sol\u00eda invitar a la gente que acababa de salir de prisi\u00f3n a nuestra casa, para tomar su primera cena en libertad. [&#8230;] Aprend\u00ed de ella que <strong>todos somos humanos<\/strong>, que estamos solo a un paso de esa situaci\u00f3n, que la persona que acaba de salir de prisi\u00f3n no es diferente de nosotros. Que la gente as\u00ed de pobre tampoco es diferente a nosotros. [&#8230;] Mi padre me ense\u00f1\u00f3 que pod\u00eda hacer algo para ayudar.[&#8230;]\u201d.<\/p>\n<h5 style=\"text-align: left;\"><strong>EMPAT\u00cdA Y ALFABETIZACI\u00d3N EMOCIONAL, DOS RECETAS PARA LA INFANCIA <\/strong>(VIDEO COMPLETO 46\u201d 49\u201d)<\/h5>\n<p><iframe loading=\"lazy\" title=\"Empat\u00eda y alfabetizaci\u00f3n emocional, dos recetas para la infancia. Mary Gordon, educadora\" src=\"https:\/\/www.youtube.com\/embed\/BRdWhowQTxY\" width=\"100%\" height=\"315\" frameborder=\"0\" allowfullscreen=\"allowfullscreen\"><span data-mce-type=\"bookmark\" style=\"display: inline-block; width: 0px; overflow: hidden; line-height: 0;\" class=\"mce_SELRES_start\">\ufeff<\/span><\/iframe><\/p>\n<h5 style=\"text-align: left;\"><strong>ZUBEROA MARCOS: Mary, adem\u00e1s de \u2018Roots of Empathy\u2019 tienes otro programa: \u2018Seeds of Empathy\u2019. \u00bfQu\u00e9 es?<\/strong><\/h5>\n<p style=\"text-align: justify;\"><strong>MARY GORDON:<\/strong> \u201cEl programa est\u00e1 dedicado a ni\u00f1os m\u00e1s peque\u00f1os. Trabajamos mucho en la <strong>alfabetizaci\u00f3n temprana<\/strong>, pero a trav\u00e9s del cari\u00f1o y los juegos. No se trata de aprender a escribir, sino de <strong>emocionarse por aprender, por hablar, por escuchar y por conect<\/strong>ar los unos con los otros. [&#8230;] estamos formando a los profesores que trabajan en escuelas infantiles para que tengan disponibles los materiales que les permitan demostrar a los <strong>ni\u00f1os cu\u00e1nto les gusta a los profesores<\/strong> leerles un cuento, cu\u00e1nto se divierten con ellos y que pueden divertirse mientras aprenden igual que ellos se divierten ense\u00f1\u00e1ndoles. [&#8230;]\u201d.<\/p>\n<p style=\"text-align: justify;\">Quiz\u00e1 le pueda interesar este art\u00edculo relacionado:\u00a0<a href=\"https:\/\/webdelmaestrocmf.com\/portal\/yo-creo-que-la-educacion-tiene-mucho-que-ver-con-el-corazon\/\" target=\"_top\" rel=\"noopener\">\u00c1lex Rovira Celma: Yo creo que la educaci\u00f3n tiene mucho que ver con el coraz\u00f3n<\/a><\/p>\n<h5 style=\"text-align: left;\"><strong>ZUBEROA MARCOS: \u00bfC\u00f3mo te ves a ti misma en cinco, diez, quince, veinte a\u00f1os?<\/strong><\/h5>\n<p style=\"text-align: justify;\"><strong>MARY GORDON:<\/strong> \u201c[&#8230;] Me encanta y siempre me ha encantado lo que hago, creo que <strong>es un privilegio hacer lo que h<\/strong>ago. Trabajo con gente incre\u00edble que est\u00e1 ayudando a cambiar el mundo. [&#8230;] quiero viajar donde la gente me necesite. <strong>Mientras tenga la energ\u00eda para ha<\/strong>cerlo, quiero seguir haci\u00e9ndolo. [&#8230;] me gustar\u00eda poder seguir haciendo lo mismo, haciendo incluso m\u00e1s y <strong>trabajar m\u00e1s aspectos de la empat\u00eda<\/strong>. Presentar la empat\u00eda de diferentes maneras a poblaciones diferentes\u201d.<\/p>\n<p style=\"text-align: justify;\">La transcripci\u00f3n completa de este di\u00e1logo, que le sugerimos leer, la pueden Ustedes encontrar en este enlace<strong>: <a href=\"https:\/\/aprendemosjuntos.elpais.com\/especial\/empatia-tus-hijos-aprenden-de-lo-que-ven-en-ti-mary-gordon\/\" target=\"_blank\" rel=\"noopener noreferrer\">EMPAT\u00cdA Y ALFABETIZACI\u00d3N EMOCIONAL, DOS RECETAS PARA LA INFANCIA<\/a><\/strong><\/p>\n<p style=\"text-align: justify;\">Esta publicaci\u00f3n corresponde a<a href=\"https:\/\/webdelmaestrocmf.com\/portal\/serie-de-videos-aprendamos-juntos-para-sumar-por-la-educacion\/\" target=\"_blank\" rel=\"noopener noreferrer\"><strong> la SERIE DE VIDEOS: APRENDAMOS JUNTOS, PARA SUMAR POR LA EDUCACI\u00d3N.<\/strong><\/a><\/p>\n<p style=\"text-align: center;\">\u201cCuando los ni\u00f1os tienen empat\u00eda, son capaces de entender sus propias emociones y as\u00ed pueden expresar mejor lo que ellos sienten\u201d.<\/p>\n<p style=\"text-align: right;\"><strong>REDACCI\u00d3N WEB DEL MAESTRO CMF<\/strong><\/p>\n\t\t<div class=\"pk-inline-posts\">\n\t\t\t\n\t\t\t<div class=\"pk-inline-posts-container pk-inline-posts-template-list\"\n\t\t\t\tdata-columns=\"1\">\n\t\t\t\t\t\t<article id=\"post-95717\" class=\"post-95717 post type-post status-publish format-video has-post-thumbnail category-charlas tag-aprendamos-juntos tag-aprendemos-juntos-2030 tag-aprender tag-aprendizaje tag-bbva tag-calificacion-por-notas tag-cerebro tag-compresion tag-descanso tag-dislexia tag-dormir tag-entrevista tag-error tag-escritura tag-fonologia tag-lectura tag-lenguaje-oral tag-matematica tag-memoria tag-neurociencia tag-neurona tag-para-sumar-por-la-educacion tag-pensamiento tag-sinapsis tag-stanislas-dehaene tag-sueno tag-tecnologia tag-videos post_format-post-format-video cs-entry cs-video-wrap\">\n\t\t\t<div class=\"pk-post-outer\">\n\n\t\t\t\t\t\t\t\t<div class=\"pk-post-inner\">\n\t\t\t\t\t<div class=\"entry-thumbnail\">\n\t\t\t\t\t\t<div class=\"pk-overlay pk-overlay-ratio pk-ratio-landscape\">\n\t\t\t\t\t\t\t<div class=\"pk-overlay-background\">\n\t\t\t\t\t\t\t\t<a href=\"https:\/\/webdelmaestrocmf.com\/portal\/stanislas-dehaene-el-mayor-talento-de-un-profesor-es-ser-capaz-de-dirigir-la-atencion-del-alumno-hacia-el-nivel-correcto\/\" class=\"pk-overlay-link\">\n\t\t\t\t\t\t\t\t\t<img loading=\"lazy\" decoding=\"async\" width=\"300\" height=\"225\" src=\"https:\/\/webdelmaestrocmf.com\/portal\/wp-content\/uploads\/2024\/02\/1AA-Banner-1-portada-imagen-10-1-copia-300x225.webp\" class=\"attachment-pk-thumbnail size-pk-thumbnail wp-post-image\" alt=\"\" \/>\t\t\t\t\t\t\t\t<\/a>\n\t\t\t\t\t\t\t<\/div>\n\t\t\t\t\t\t<\/div>\n\t\t\t\t\t<\/div>\n\t\t\t\t<\/div>\n\t\t\t\t\n\t\t\t\t<div class=\"pk-post-inner\">\n\t\t\t\t\t<header>\n\t\t\t\t\t\t<h3 class=\"pk-title\"><a href=\"https:\/\/webdelmaestrocmf.com\/portal\/stanislas-dehaene-el-mayor-talento-de-un-profesor-es-ser-capaz-de-dirigir-la-atencion-del-alumno-hacia-el-nivel-correcto\/\" rel=\"bookmark\">Stanislas Dehaene: El mayor talento de un profesor es ser capaz de dirigir la atenci\u00f3n del alumno, hacia el nivel correcto<\/a><\/h3>\t\t\t\t\t<\/header><!-- .entry-header -->\n\t\t\t\t<\/div><!-- .post-inner -->\n\n\t\t\t<\/div><!-- .post-outer -->\n\t\t<\/article>\n\t\t\t<article id=\"post-98898\" class=\"post-98898 post type-post status-publish format-video has-post-thumbnail category-charlas tag-duermen-poco tag-estudiantes tag-estudiantes-que-duermen-poco tag-javier-albares tag-problemas-escolares post_format-post-format-video cs-entry cs-video-wrap\">\n\t\t\t<div class=\"pk-post-outer\">\n\n\t\t\t\t\t\t\t\t<div class=\"pk-post-inner\">\n\t\t\t\t\t<div class=\"entry-thumbnail\">\n\t\t\t\t\t\t<div class=\"pk-overlay pk-overlay-ratio pk-ratio-landscape\">\n\t\t\t\t\t\t\t<div class=\"pk-overlay-background\">\n\t\t\t\t\t\t\t\t<a href=\"https:\/\/webdelmaestrocmf.com\/portal\/javier-albares-los-estudiantes-que-duermen-poco-tienen-muchisimos-mas-problemas-escolares\/\" class=\"pk-overlay-link\">\n\t\t\t\t\t\t\t\t\t<img loading=\"lazy\" decoding=\"async\" width=\"300\" height=\"225\" src=\"https:\/\/webdelmaestrocmf.com\/portal\/wp-content\/uploads\/2023\/10\/A12B3C4D-4-2-300x225.jpg\" class=\"attachment-pk-thumbnail size-pk-thumbnail wp-post-image\" alt=\"Javier Albares\" \/>\t\t\t\t\t\t\t\t<\/a>\n\t\t\t\t\t\t\t<\/div>\n\t\t\t\t\t\t<\/div>\n\t\t\t\t\t<\/div>\n\t\t\t\t<\/div>\n\t\t\t\t\n\t\t\t\t<div class=\"pk-post-inner\">\n\t\t\t\t\t<header>\n\t\t\t\t\t\t<h3 class=\"pk-title\"><a href=\"https:\/\/webdelmaestrocmf.com\/portal\/javier-albares-los-estudiantes-que-duermen-poco-tienen-muchisimos-mas-problemas-escolares\/\" rel=\"bookmark\">Javier Albares: Los estudiantes que duermen poco, tienen much\u00edsimos m\u00e1s problemas escolares<\/a><\/h3>\t\t\t\t\t<\/header><!-- .entry-header -->\n\t\t\t\t<\/div><!-- .post-inner -->\n\n\t\t\t<\/div><!-- .post-outer -->\n\t\t<\/article>\n\t\t\t<article id=\"post-77345\" class=\"post-77345 post type-post status-publish format-video has-post-thumbnail category-charlas tag-amor tag-antonio-rios-sarrio tag-autoridad tag-hijo post_format-post-format-video cs-entry cs-video-wrap\">\n\t\t\t<div class=\"pk-post-outer\">\n\n\t\t\t\t\t\t\t\t<div class=\"pk-post-inner\">\n\t\t\t\t\t<div class=\"entry-thumbnail\">\n\t\t\t\t\t\t<div class=\"pk-overlay pk-overlay-ratio pk-ratio-landscape\">\n\t\t\t\t\t\t\t<div class=\"pk-overlay-background\">\n\t\t\t\t\t\t\t\t<a href=\"https:\/\/webdelmaestrocmf.com\/portal\/mucho-amor-eso-no-puede-faltar-nunca-en-la-vida-de-un-hijo-y-mucha-autoridad\/\" class=\"pk-overlay-link\">\n\t\t\t\t\t\t\t\t\t<img loading=\"lazy\" decoding=\"async\" width=\"300\" height=\"225\" src=\"https:\/\/webdelmaestrocmf.com\/portal\/wp-content\/uploads\/2025\/06\/1AA-Banner-1-portada-imagen-10-1-copia-5-300x225.webp\" class=\"attachment-pk-thumbnail size-pk-thumbnail wp-post-image\" alt=\"\" \/>\t\t\t\t\t\t\t\t<\/a>\n\t\t\t\t\t\t\t<\/div>\n\t\t\t\t\t\t<\/div>\n\t\t\t\t\t<\/div>\n\t\t\t\t<\/div>\n\t\t\t\t\n\t\t\t\t<div class=\"pk-post-inner\">\n\t\t\t\t\t<header>\n\t\t\t\t\t\t<h3 class=\"pk-title\"><a href=\"https:\/\/webdelmaestrocmf.com\/portal\/mucho-amor-eso-no-puede-faltar-nunca-en-la-vida-de-un-hijo-y-mucha-autoridad\/\" rel=\"bookmark\">Antonio R\u00edos: Mucho amor, eso no puede faltar nunca en la vida de un hijo, y mucha autoridad<\/a><\/h3>\t\t\t\t\t<\/header><!-- .entry-header -->\n\t\t\t\t<\/div><!-- .post-inner -->\n\n\t\t\t<\/div><!-- .post-outer -->\n\t\t<\/article>\n\t\t\t\t<\/div>\n\t\t<\/div>\n\t\t\n","protected":false},"excerpt":{"rendered":"La escritora estadounidense Mary Gordon (1949), es mejor conocida por sus novelas, memorias y cr\u00edtica literaria. Estudi\u00f3 en&hellip;","protected":false},"author":1,"featured_media":101839,"comment_status":"open","ping_status":"closed","sticky":false,"template":"","format":"video","meta":{"csco_display_header_overlay":false,"csco_singular_sidebar":"disabled","csco_page_header_type":"large","csco_page_load_nextpost":"default","csco_post_video_location":[],"csco_post_video_location_hash":"","csco_post_video_url":"","csco_post_video_bg_start_time":0,"csco_post_video_bg_end_time":0,"csco_post_video_bg_volume":false,"_jetpack_memberships_contains_paid_content":false,"footnotes":""},"categories":[3453],"tags":[4822,607,4633,4823,3087,4821],"class_list":{"0":"post-45798","1":"post","2":"type-post","3":"status-publish","4":"format-video","5":"has-post-thumbnail","7":"category-charlas","8":"tag-ella","9":"tag-empatia","10":"tag-importante","11":"tag-mary-gordon","12":"tag-moral","13":"tag-relacionada","14":"post_format-post-format-video","15":"cs-entry","16":"cs-video-wrap"},"yoast_head":"<!-- This site is optimized with the Yoast SEO plugin v27.5 - https:\/\/yoast.com\/product\/yoast-seo-wordpress\/ -->\n<title>Mary Gordon: La moral es importante y la empat\u00eda est\u00e1 relacionada con ella - 2026<\/title>\n<meta name=\"description\" content=\"La escritora estadounidense Mary Gordon (1949), es mejor conocida por sus novelas, memorias y cr\u00edtica literaria. Estudi\u00f3 en...\" \/>\n<meta name=\"robots\" content=\"index, follow, max-snippet:-1, max-image-preview:large, max-video-preview:-1\" \/>\n<link rel=\"canonical\" href=\"https:\/\/webdelmaestrocmf.com\/portal\/la-moral-es-importante-y-la-empatia-esta-relacionada-con-ella\/\" \/>\n<meta property=\"og:locale\" content=\"es_ES\" \/>\n<meta property=\"og:type\" content=\"article\" \/>\n<meta property=\"og:title\" content=\"Mary Gordon: La moral es importante y la empat\u00eda est\u00e1 relacionada con ella - 2026\" \/>\n<meta property=\"og:description\" content=\"La escritora estadounidense Mary Gordon (1949), es mejor conocida por sus novelas, memorias y cr\u00edtica literaria. Estudi\u00f3 en...\" \/>\n<meta property=\"og:url\" content=\"https:\/\/webdelmaestrocmf.com\/portal\/la-moral-es-importante-y-la-empatia-esta-relacionada-con-ella\/\" \/>\n<meta property=\"og:site_name\" content=\"Web del Maestro CMF\" \/>\n<meta property=\"article:publisher\" content=\"https:\/\/www.facebook.com\/WebdelMaestroCMF\/\" \/>\n<meta property=\"article:author\" content=\"https:\/\/www.facebook.com\/WebdelMaestroCMF\/\" \/>\n<meta property=\"article:published_time\" content=\"2023-12-23T22:40:20+00:00\" \/>\n<meta property=\"article:modified_time\" content=\"2023-12-23T22:51:52+00:00\" \/>\n<meta property=\"og:image\" content=\"https:\/\/webdelmaestrocmf.com\/portal\/wp-content\/uploads\/2022\/09\/A12B3C4D-2.jpg\" \/>\n\t<meta property=\"og:image:width\" content=\"900\" \/>\n\t<meta property=\"og:image:height\" content=\"556\" \/>\n\t<meta property=\"og:image:type\" content=\"image\/jpeg\" \/>\n<meta name=\"author\" content=\"Web del Maestro CMF\" \/>\n<meta name=\"twitter:card\" content=\"summary_large_image\" \/>\n<meta name=\"twitter:creator\" content=\"@cmf_w\" \/>\n<meta name=\"twitter:site\" content=\"@cmf_w\" \/>\n<script type=\"application\/ld+json\" class=\"yoast-schema-graph\">{\"@context\":\"https:\\\/\\\/schema.org\",\"@graph\":[{\"@type\":\"ScholarlyArticle\",\"@id\":\"https:\\\/\\\/webdelmaestrocmf.com\\\/portal\\\/la-moral-es-importante-y-la-empatia-esta-relacionada-con-ella\\\/#article\",\"isPartOf\":{\"@id\":\"https:\\\/\\\/webdelmaestrocmf.com\\\/portal\\\/la-moral-es-importante-y-la-empatia-esta-relacionada-con-ella\\\/\"},\"author\":{\"name\":\"Web del Maestro CMF\",\"@id\":\"https:\\\/\\\/webdelmaestrocmf.com\\\/portal\\\/#\\\/schema\\\/person\\\/1072a2ed7bd960df8ef99a551fa35dc5\"},\"headline\":\"Mary Gordon: La moral es importante y la empat\u00eda est\u00e1 relacionada con ella\",\"datePublished\":\"2023-12-23T22:40:20+00:00\",\"dateModified\":\"2023-12-23T22:51:52+00:00\",\"mainEntityOfPage\":{\"@id\":\"https:\\\/\\\/webdelmaestrocmf.com\\\/portal\\\/la-moral-es-importante-y-la-empatia-esta-relacionada-con-ella\\\/\"},\"wordCount\":1136,\"commentCount\":0,\"publisher\":{\"@id\":\"https:\\\/\\\/webdelmaestrocmf.com\\\/portal\\\/#organization\"},\"image\":{\"@id\":\"https:\\\/\\\/webdelmaestrocmf.com\\\/portal\\\/la-moral-es-importante-y-la-empatia-esta-relacionada-con-ella\\\/#primaryimage\"},\"thumbnailUrl\":\"https:\\\/\\\/webdelmaestrocmf.com\\\/portal\\\/wp-content\\\/uploads\\\/2022\\\/09\\\/A12B3C4D-2.jpg\",\"keywords\":[\"ella\",\"EMPAT\u00cdA\",\"importante\",\"MARY GORDON\",\"MORAL\",\"relacionada\"],\"articleSection\":[\"Charlas\"],\"inLanguage\":\"es\",\"potentialAction\":[{\"@type\":\"CommentAction\",\"name\":\"Comment\",\"target\":[\"https:\\\/\\\/webdelmaestrocmf.com\\\/portal\\\/la-moral-es-importante-y-la-empatia-esta-relacionada-con-ella\\\/#respond\"]}]},{\"@type\":\"WebPage\",\"@id\":\"https:\\\/\\\/webdelmaestrocmf.com\\\/portal\\\/la-moral-es-importante-y-la-empatia-esta-relacionada-con-ella\\\/\",\"url\":\"https:\\\/\\\/webdelmaestrocmf.com\\\/portal\\\/la-moral-es-importante-y-la-empatia-esta-relacionada-con-ella\\\/\",\"name\":\"Mary Gordon: La moral es importante y la empat\u00eda est\u00e1 relacionada con ella - 2026\",\"isPartOf\":{\"@id\":\"https:\\\/\\\/webdelmaestrocmf.com\\\/portal\\\/#website\"},\"primaryImageOfPage\":{\"@id\":\"https:\\\/\\\/webdelmaestrocmf.com\\\/portal\\\/la-moral-es-importante-y-la-empatia-esta-relacionada-con-ella\\\/#primaryimage\"},\"image\":{\"@id\":\"https:\\\/\\\/webdelmaestrocmf.com\\\/portal\\\/la-moral-es-importante-y-la-empatia-esta-relacionada-con-ella\\\/#primaryimage\"},\"thumbnailUrl\":\"https:\\\/\\\/webdelmaestrocmf.com\\\/portal\\\/wp-content\\\/uploads\\\/2022\\\/09\\\/A12B3C4D-2.jpg\",\"datePublished\":\"2023-12-23T22:40:20+00:00\",\"dateModified\":\"2023-12-23T22:51:52+00:00\",\"description\":\"La escritora estadounidense Mary Gordon (1949), es mejor conocida por sus novelas, memorias y cr\u00edtica literaria. Estudi\u00f3 en...\",\"breadcrumb\":{\"@id\":\"https:\\\/\\\/webdelmaestrocmf.com\\\/portal\\\/la-moral-es-importante-y-la-empatia-esta-relacionada-con-ella\\\/#breadcrumb\"},\"inLanguage\":\"es\",\"potentialAction\":[{\"@type\":\"ReadAction\",\"target\":[\"https:\\\/\\\/webdelmaestrocmf.com\\\/portal\\\/la-moral-es-importante-y-la-empatia-esta-relacionada-con-ella\\\/\"]}]},{\"@type\":\"ImageObject\",\"inLanguage\":\"es\",\"@id\":\"https:\\\/\\\/webdelmaestrocmf.com\\\/portal\\\/la-moral-es-importante-y-la-empatia-esta-relacionada-con-ella\\\/#primaryimage\",\"url\":\"https:\\\/\\\/webdelmaestrocmf.com\\\/portal\\\/wp-content\\\/uploads\\\/2022\\\/09\\\/A12B3C4D-2.jpg\",\"contentUrl\":\"https:\\\/\\\/webdelmaestrocmf.com\\\/portal\\\/wp-content\\\/uploads\\\/2022\\\/09\\\/A12B3C4D-2.jpg\",\"width\":900,\"height\":556},{\"@type\":\"BreadcrumbList\",\"@id\":\"https:\\\/\\\/webdelmaestrocmf.com\\\/portal\\\/la-moral-es-importante-y-la-empatia-esta-relacionada-con-ella\\\/#breadcrumb\",\"itemListElement\":[{\"@type\":\"ListItem\",\"position\":1,\"name\":\"Portada\",\"item\":\"https:\\\/\\\/webdelmaestrocmf.com\\\/portal\\\/\"},{\"@type\":\"ListItem\",\"position\":2,\"name\":\"Charlas\",\"item\":\"https:\\\/\\\/webdelmaestrocmf.com\\\/portal\\\/category\\\/charlas\\\/\"},{\"@type\":\"ListItem\",\"position\":3,\"name\":\"Mary Gordon: La moral es importante y la empat\u00eda est\u00e1 relacionada con ella\"}]},{\"@type\":\"WebSite\",\"@id\":\"https:\\\/\\\/webdelmaestrocmf.com\\\/portal\\\/#website\",\"url\":\"https:\\\/\\\/webdelmaestrocmf.com\\\/portal\\\/\",\"name\":\"Web del Maestro CMF\",\"description\":\"Maestros al servicio de la educaci\u00f3n\",\"publisher\":{\"@id\":\"https:\\\/\\\/webdelmaestrocmf.com\\\/portal\\\/#organization\"},\"alternateName\":\"WMCMF\",\"potentialAction\":[{\"@type\":\"SearchAction\",\"target\":{\"@type\":\"EntryPoint\",\"urlTemplate\":\"https:\\\/\\\/webdelmaestrocmf.com\\\/portal\\\/?s={search_term_string}\"},\"query-input\":{\"@type\":\"PropertyValueSpecification\",\"valueRequired\":true,\"valueName\":\"search_term_string\"}}],\"inLanguage\":\"es\"},{\"@type\":\"Organization\",\"@id\":\"https:\\\/\\\/webdelmaestrocmf.com\\\/portal\\\/#organization\",\"name\":\"Web del Maestro CMF\",\"alternateName\":\"WMCMF\",\"url\":\"https:\\\/\\\/webdelmaestrocmf.com\\\/portal\\\/\",\"logo\":{\"@type\":\"ImageObject\",\"inLanguage\":\"es\",\"@id\":\"https:\\\/\\\/webdelmaestrocmf.com\\\/portal\\\/#\\\/schema\\\/logo\\\/image\\\/\",\"url\":\"https:\\\/\\\/webdelmaestrocmf.com\\\/portal\\\/wp-content\\\/uploads\\\/2023\\\/01\\\/logo-wmcmf-2.png\",\"contentUrl\":\"https:\\\/\\\/webdelmaestrocmf.com\\\/portal\\\/wp-content\\\/uploads\\\/2023\\\/01\\\/logo-wmcmf-2.png\",\"width\":200,\"height\":60,\"caption\":\"Web del Maestro CMF\"},\"image\":{\"@id\":\"https:\\\/\\\/webdelmaestrocmf.com\\\/portal\\\/#\\\/schema\\\/logo\\\/image\\\/\"},\"sameAs\":[\"https:\\\/\\\/www.facebook.com\\\/WebdelMaestroCMF\\\/\",\"https:\\\/\\\/x.com\\\/cmf_w\",\"https:\\\/\\\/www.pinterest.com\\\/WMCMF\\\/\",\"https:\\\/\\\/www.linkedin.com\\\/company\\\/web-del-maestro-cmf\\\/\",\"https:\\\/\\\/www.instagram.com\\\/wmcmf\\\/\",\"https:\\\/\\\/www.youtube.com\\\/channel\\\/UCDPSvjbdodE5sHnC3OxutHw\",\"https:\\\/\\\/mastodon.social\\\/@wmcmf\",\"https:\\\/\\\/www.tiktok.com\\\/@webdelmaestrocmf\"]},{\"@type\":\"Person\",\"@id\":\"https:\\\/\\\/webdelmaestrocmf.com\\\/portal\\\/#\\\/schema\\\/person\\\/1072a2ed7bd960df8ef99a551fa35dc5\",\"name\":\"Web del Maestro CMF\",\"image\":{\"@type\":\"ImageObject\",\"inLanguage\":\"es\",\"@id\":\"https:\\\/\\\/secure.gravatar.com\\\/avatar\\\/23291dd5b5ae1077dcff3dbb04c3e02bd28403fa75af6d8787d5e97c5bbbe30b?s=96&d=mm&r=g\",\"url\":\"https:\\\/\\\/secure.gravatar.com\\\/avatar\\\/23291dd5b5ae1077dcff3dbb04c3e02bd28403fa75af6d8787d5e97c5bbbe30b?s=96&d=mm&r=g\",\"contentUrl\":\"https:\\\/\\\/secure.gravatar.com\\\/avatar\\\/23291dd5b5ae1077dcff3dbb04c3e02bd28403fa75af6d8787d5e97c5bbbe30b?s=96&d=mm&r=g\",\"caption\":\"Web del Maestro CMF\"},\"description\":\"Esta Web se cre\u00f3 sin fines de lucro, con fines educativos, cient\u00edficos y acad\u00e9micos, para personas que tengan dificultades y\\\/o inconvenientes en visualizar el material original. El objetivo es entregar recursos, compartir experiencias y materiales que ayuden a los padres de familia, maestros y estudiantes en su actualizaci\u00f3n y formaci\u00f3n permanente, en bien de la Educaci\u00f3n.\",\"sameAs\":[\"http:\\\/\\\/webdelmaestrocmf.com\\\/portal\",\"https:\\\/\\\/www.facebook.com\\\/WebdelMaestroCMF\\\/\",\"https:\\\/\\\/www.instagram.com\\\/wmcmf\\\/\",\"https:\\\/\\\/cl.linkedin.com\\\/company\\\/web-del-maestro-cmf\",\"https:\\\/\\\/www.pinterest.com\\\/WMCMF\\\/publicaciones\\\/\",\"https:\\\/\\\/x.com\\\/cmf_w\",\"https:\\\/\\\/www.youtube.com\\\/@WMCMF\"]}]}<\/script>\n<!-- \/ Yoast SEO plugin. -->","yoast_head_json":{"title":"Mary Gordon: La moral es importante y la empat\u00eda est\u00e1 relacionada con ella - 2026","description":"La escritora estadounidense Mary Gordon (1949), es mejor conocida por sus novelas, memorias y cr\u00edtica literaria. Estudi\u00f3 en...","robots":{"index":"index","follow":"follow","max-snippet":"max-snippet:-1","max-image-preview":"max-image-preview:large","max-video-preview":"max-video-preview:-1"},"canonical":"https:\/\/webdelmaestrocmf.com\/portal\/la-moral-es-importante-y-la-empatia-esta-relacionada-con-ella\/","og_locale":"es_ES","og_type":"article","og_title":"Mary Gordon: La moral es importante y la empat\u00eda est\u00e1 relacionada con ella - 2026","og_description":"La escritora estadounidense Mary Gordon (1949), es mejor conocida por sus novelas, memorias y cr\u00edtica literaria. Estudi\u00f3 en...","og_url":"https:\/\/webdelmaestrocmf.com\/portal\/la-moral-es-importante-y-la-empatia-esta-relacionada-con-ella\/","og_site_name":"Web del Maestro CMF","article_publisher":"https:\/\/www.facebook.com\/WebdelMaestroCMF\/","article_author":"https:\/\/www.facebook.com\/WebdelMaestroCMF\/","article_published_time":"2023-12-23T22:40:20+00:00","article_modified_time":"2023-12-23T22:51:52+00:00","og_image":[{"width":900,"height":556,"url":"https:\/\/webdelmaestrocmf.com\/portal\/wp-content\/uploads\/2022\/09\/A12B3C4D-2.jpg","type":"image\/jpeg"}],"author":"Web del Maestro CMF","twitter_card":"summary_large_image","twitter_creator":"@cmf_w","twitter_site":"@cmf_w","schema":{"@context":"https:\/\/schema.org","@graph":[{"@type":"ScholarlyArticle","@id":"https:\/\/webdelmaestrocmf.com\/portal\/la-moral-es-importante-y-la-empatia-esta-relacionada-con-ella\/#article","isPartOf":{"@id":"https:\/\/webdelmaestrocmf.com\/portal\/la-moral-es-importante-y-la-empatia-esta-relacionada-con-ella\/"},"author":{"name":"Web del Maestro CMF","@id":"https:\/\/webdelmaestrocmf.com\/portal\/#\/schema\/person\/1072a2ed7bd960df8ef99a551fa35dc5"},"headline":"Mary Gordon: La moral es importante y la empat\u00eda est\u00e1 relacionada con ella","datePublished":"2023-12-23T22:40:20+00:00","dateModified":"2023-12-23T22:51:52+00:00","mainEntityOfPage":{"@id":"https:\/\/webdelmaestrocmf.com\/portal\/la-moral-es-importante-y-la-empatia-esta-relacionada-con-ella\/"},"wordCount":1136,"commentCount":0,"publisher":{"@id":"https:\/\/webdelmaestrocmf.com\/portal\/#organization"},"image":{"@id":"https:\/\/webdelmaestrocmf.com\/portal\/la-moral-es-importante-y-la-empatia-esta-relacionada-con-ella\/#primaryimage"},"thumbnailUrl":"https:\/\/webdelmaestrocmf.com\/portal\/wp-content\/uploads\/2022\/09\/A12B3C4D-2.jpg","keywords":["ella","EMPAT\u00cdA","importante","MARY GORDON","MORAL","relacionada"],"articleSection":["Charlas"],"inLanguage":"es","potentialAction":[{"@type":"CommentAction","name":"Comment","target":["https:\/\/webdelmaestrocmf.com\/portal\/la-moral-es-importante-y-la-empatia-esta-relacionada-con-ella\/#respond"]}]},{"@type":"WebPage","@id":"https:\/\/webdelmaestrocmf.com\/portal\/la-moral-es-importante-y-la-empatia-esta-relacionada-con-ella\/","url":"https:\/\/webdelmaestrocmf.com\/portal\/la-moral-es-importante-y-la-empatia-esta-relacionada-con-ella\/","name":"Mary Gordon: La moral es importante y la empat\u00eda est\u00e1 relacionada con ella - 2026","isPartOf":{"@id":"https:\/\/webdelmaestrocmf.com\/portal\/#website"},"primaryImageOfPage":{"@id":"https:\/\/webdelmaestrocmf.com\/portal\/la-moral-es-importante-y-la-empatia-esta-relacionada-con-ella\/#primaryimage"},"image":{"@id":"https:\/\/webdelmaestrocmf.com\/portal\/la-moral-es-importante-y-la-empatia-esta-relacionada-con-ella\/#primaryimage"},"thumbnailUrl":"https:\/\/webdelmaestrocmf.com\/portal\/wp-content\/uploads\/2022\/09\/A12B3C4D-2.jpg","datePublished":"2023-12-23T22:40:20+00:00","dateModified":"2023-12-23T22:51:52+00:00","description":"La escritora estadounidense Mary Gordon (1949), es mejor conocida por sus novelas, memorias y cr\u00edtica literaria. Estudi\u00f3 en...","breadcrumb":{"@id":"https:\/\/webdelmaestrocmf.com\/portal\/la-moral-es-importante-y-la-empatia-esta-relacionada-con-ella\/#breadcrumb"},"inLanguage":"es","potentialAction":[{"@type":"ReadAction","target":["https:\/\/webdelmaestrocmf.com\/portal\/la-moral-es-importante-y-la-empatia-esta-relacionada-con-ella\/"]}]},{"@type":"ImageObject","inLanguage":"es","@id":"https:\/\/webdelmaestrocmf.com\/portal\/la-moral-es-importante-y-la-empatia-esta-relacionada-con-ella\/#primaryimage","url":"https:\/\/webdelmaestrocmf.com\/portal\/wp-content\/uploads\/2022\/09\/A12B3C4D-2.jpg","contentUrl":"https:\/\/webdelmaestrocmf.com\/portal\/wp-content\/uploads\/2022\/09\/A12B3C4D-2.jpg","width":900,"height":556},{"@type":"BreadcrumbList","@id":"https:\/\/webdelmaestrocmf.com\/portal\/la-moral-es-importante-y-la-empatia-esta-relacionada-con-ella\/#breadcrumb","itemListElement":[{"@type":"ListItem","position":1,"name":"Portada","item":"https:\/\/webdelmaestrocmf.com\/portal\/"},{"@type":"ListItem","position":2,"name":"Charlas","item":"https:\/\/webdelmaestrocmf.com\/portal\/category\/charlas\/"},{"@type":"ListItem","position":3,"name":"Mary Gordon: La moral es importante y la empat\u00eda est\u00e1 relacionada con ella"}]},{"@type":"WebSite","@id":"https:\/\/webdelmaestrocmf.com\/portal\/#website","url":"https:\/\/webdelmaestrocmf.com\/portal\/","name":"Web del Maestro CMF","description":"Maestros al servicio de la educaci\u00f3n","publisher":{"@id":"https:\/\/webdelmaestrocmf.com\/portal\/#organization"},"alternateName":"WMCMF","potentialAction":[{"@type":"SearchAction","target":{"@type":"EntryPoint","urlTemplate":"https:\/\/webdelmaestrocmf.com\/portal\/?s={search_term_string}"},"query-input":{"@type":"PropertyValueSpecification","valueRequired":true,"valueName":"search_term_string"}}],"inLanguage":"es"},{"@type":"Organization","@id":"https:\/\/webdelmaestrocmf.com\/portal\/#organization","name":"Web del Maestro CMF","alternateName":"WMCMF","url":"https:\/\/webdelmaestrocmf.com\/portal\/","logo":{"@type":"ImageObject","inLanguage":"es","@id":"https:\/\/webdelmaestrocmf.com\/portal\/#\/schema\/logo\/image\/","url":"https:\/\/webdelmaestrocmf.com\/portal\/wp-content\/uploads\/2023\/01\/logo-wmcmf-2.png","contentUrl":"https:\/\/webdelmaestrocmf.com\/portal\/wp-content\/uploads\/2023\/01\/logo-wmcmf-2.png","width":200,"height":60,"caption":"Web del Maestro CMF"},"image":{"@id":"https:\/\/webdelmaestrocmf.com\/portal\/#\/schema\/logo\/image\/"},"sameAs":["https:\/\/www.facebook.com\/WebdelMaestroCMF\/","https:\/\/x.com\/cmf_w","https:\/\/www.pinterest.com\/WMCMF\/","https:\/\/www.linkedin.com\/company\/web-del-maestro-cmf\/","https:\/\/www.instagram.com\/wmcmf\/","https:\/\/www.youtube.com\/channel\/UCDPSvjbdodE5sHnC3OxutHw","https:\/\/mastodon.social\/@wmcmf","https:\/\/www.tiktok.com\/@webdelmaestrocmf"]},{"@type":"Person","@id":"https:\/\/webdelmaestrocmf.com\/portal\/#\/schema\/person\/1072a2ed7bd960df8ef99a551fa35dc5","name":"Web del Maestro CMF","image":{"@type":"ImageObject","inLanguage":"es","@id":"https:\/\/secure.gravatar.com\/avatar\/23291dd5b5ae1077dcff3dbb04c3e02bd28403fa75af6d8787d5e97c5bbbe30b?s=96&d=mm&r=g","url":"https:\/\/secure.gravatar.com\/avatar\/23291dd5b5ae1077dcff3dbb04c3e02bd28403fa75af6d8787d5e97c5bbbe30b?s=96&d=mm&r=g","contentUrl":"https:\/\/secure.gravatar.com\/avatar\/23291dd5b5ae1077dcff3dbb04c3e02bd28403fa75af6d8787d5e97c5bbbe30b?s=96&d=mm&r=g","caption":"Web del Maestro CMF"},"description":"Esta Web se cre\u00f3 sin fines de lucro, con fines educativos, cient\u00edficos y acad\u00e9micos, para personas que tengan dificultades y\/o inconvenientes en visualizar el material original. El objetivo es entregar recursos, compartir experiencias y materiales que ayuden a los padres de familia, maestros y estudiantes en su actualizaci\u00f3n y formaci\u00f3n permanente, en bien de la Educaci\u00f3n.","sameAs":["http:\/\/webdelmaestrocmf.com\/portal","https:\/\/www.facebook.com\/WebdelMaestroCMF\/","https:\/\/www.instagram.com\/wmcmf\/","https:\/\/cl.linkedin.com\/company\/web-del-maestro-cmf","https:\/\/www.pinterest.com\/WMCMF\/publicaciones\/","https:\/\/x.com\/cmf_w","https:\/\/www.youtube.com\/@WMCMF"]}]}},"jetpack_featured_media_url":"https:\/\/webdelmaestrocmf.com\/portal\/wp-content\/uploads\/2022\/09\/A12B3C4D-2.jpg","jetpack_sharing_enabled":true,"jetpack-related-posts":[{"id":55662,"url":"https:\/\/webdelmaestrocmf.com\/portal\/empatia-es-saber-leer-los-sentimientos-de-los-demas\/","url_meta":{"origin":45798,"position":0},"title":"Empat\u00eda es saber leer los sentimientos de los dem\u00e1s","author":"Web del Maestro CMF","date":"6 diciembre, 2020","format":"video","excerpt":"La actriz espa\u00f1ola Blanca Portillo Mart\u00ednez de Velasco (1963), abandon\u00f3 su deseo de ser azafata y opt\u00f3 por inscribirse en el taller de teatro y m\u00e1s tarde en la Real Escuela Superior de Arte Dram\u00e1tico. En sus inicios trabaj\u00f3 principalmente en el teatro, y luego debut\u00f3 como actriz televisiva en\u2026","rel":"","context":"En \u00abAdolescente\u00bb","block_context":{"text":"Adolescente","link":"https:\/\/webdelmaestrocmf.com\/portal\/category\/adolescente\/"},"img":{"alt_text":"","src":"https:\/\/i0.wp.com\/webdelmaestrocmf.com\/portal\/wp-content\/uploads\/2020\/12\/1-copia-19.jpg?resize=350%2C200&ssl=1","width":350,"height":200,"srcset":"https:\/\/i0.wp.com\/webdelmaestrocmf.com\/portal\/wp-content\/uploads\/2020\/12\/1-copia-19.jpg?resize=350%2C200&ssl=1 1x, https:\/\/i0.wp.com\/webdelmaestrocmf.com\/portal\/wp-content\/uploads\/2020\/12\/1-copia-19.jpg?resize=525%2C300&ssl=1 1.5x, https:\/\/i0.wp.com\/webdelmaestrocmf.com\/portal\/wp-content\/uploads\/2020\/12\/1-copia-19.jpg?resize=700%2C400&ssl=1 2x, https:\/\/i0.wp.com\/webdelmaestrocmf.com\/portal\/wp-content\/uploads\/2020\/12\/1-copia-19.jpg?resize=1050%2C600&ssl=1 3x"},"classes":[]},{"id":26108,"url":"https:\/\/webdelmaestrocmf.com\/portal\/la-educacion-inclusiva-derecho-humano-los-estudiantes-educados-todos-juntos\/","url_meta":{"origin":45798,"position":1},"title":"Gordon Porter: La educaci\u00f3n inclusiva es un derecho humano de los estudiantes a ser educados todos juntos","author":"Web del Maestro CMF","date":"29 enero, 2018","format":false,"excerpt":"La Educaci\u00f3n Inclusiva, es aquella que permite identificar y responder a la diversidad de las necesidades de todos los estudiantes, mediante una mayor participaci\u00f3n en el aprendizaje y reducir la exclusi\u00f3n del sistema educativo. \u201cConsiste en que los alumnos con discapacidad [f\u00edsicas o mentales, o con necesidades especiales], estudien con\u2026","rel":"","context":"En \u00abEntrevistas\u00bb","block_context":{"text":"Entrevistas","link":"https:\/\/webdelmaestrocmf.com\/portal\/category\/noticias\/entrevistas\/"},"img":{"alt_text":"","src":"https:\/\/i0.wp.com\/webdelmaestrocmf.com\/portal\/wp-content\/uploads\/2018\/01\/1-39.jpg?resize=350%2C200&ssl=1","width":350,"height":200,"srcset":"https:\/\/i0.wp.com\/webdelmaestrocmf.com\/portal\/wp-content\/uploads\/2018\/01\/1-39.jpg?resize=350%2C200&ssl=1 1x, https:\/\/i0.wp.com\/webdelmaestrocmf.com\/portal\/wp-content\/uploads\/2018\/01\/1-39.jpg?resize=525%2C300&ssl=1 1.5x, https:\/\/i0.wp.com\/webdelmaestrocmf.com\/portal\/wp-content\/uploads\/2018\/01\/1-39.jpg?resize=700%2C400&ssl=1 2x"},"classes":[]},{"id":4599,"url":"https:\/\/webdelmaestrocmf.com\/portal\/mensaje-del-vaticano-en-el-dia-mundial-del-autismo-acojamos-y-demos-esperanza\/","url_meta":{"origin":45798,"position":2},"title":"D\u00eda Mundial del Autismo: Acojamos y demos esperanza","author":"Web del Maestro CMF","date":"2 abril, 2025","format":false,"excerpt":"Acoger a los ni\u00f1os con autismo en las escuelas implica reconocer y valorar la diversidad como un principio fundamental de la educaci\u00f3n. Cada ni\u00f1o tiene su propio ritmo y forma de aprender, y la escuela debe ser un espacio inclusivo que respete estas diferencias. La responsabilidad de la sociedad es\u2026","rel":"","context":"En \u00abAutismo\u00bb","block_context":{"text":"Autismo","link":"https:\/\/webdelmaestrocmf.com\/portal\/category\/pedagogia\/autismo\/"},"img":{"alt_text":"","src":"https:\/\/i0.wp.com\/webdelmaestrocmf.com\/portal\/wp-content\/uploads\/2016\/04\/1A-Banner-1-portada-imagen-10-1-31.jpg?resize=350%2C200&ssl=1","width":350,"height":200,"srcset":"https:\/\/i0.wp.com\/webdelmaestrocmf.com\/portal\/wp-content\/uploads\/2016\/04\/1A-Banner-1-portada-imagen-10-1-31.jpg?resize=350%2C200&ssl=1 1x, https:\/\/i0.wp.com\/webdelmaestrocmf.com\/portal\/wp-content\/uploads\/2016\/04\/1A-Banner-1-portada-imagen-10-1-31.jpg?resize=525%2C300&ssl=1 1.5x, https:\/\/i0.wp.com\/webdelmaestrocmf.com\/portal\/wp-content\/uploads\/2016\/04\/1A-Banner-1-portada-imagen-10-1-31.jpg?resize=700%2C400&ssl=1 2x"},"classes":[]},{"id":45326,"url":"https:\/\/webdelmaestrocmf.com\/portal\/instruccion-educacion-e-ideologia-de-genero-segun-joaquin-maria-nebreda-perez\/","url_meta":{"origin":45798,"position":3},"title":"Instrucci\u00f3n, Educaci\u00f3n e Ideolog\u00eda de G\u00e9nero, seg\u00fan Joaqu\u00edn Mar\u00eda Nebreda P\u00e9rez","author":"Web del Maestro CMF","date":"11 marzo, 2020","format":false,"excerpt":"El Doctor Joaqu\u00edn Mar\u00eda Nebreda P\u00e9rez, ha escrito para el ABC (Espa\u00f1a) un art\u00edculo cuyo t\u00edtulo alude a tres conceptos que como educadores hemos construido mentalmente y que ordinariamente usamos como resultado de nuestro proceso de haber particularizado sus caracter\u00edsticas con exactitud. Tres conceptos que quisi\u00e9ramos invitar a reflexionar desde\u2026","rel":"","context":"En \u00abINTER\u00c9S\u00bb","block_context":{"text":"INTER\u00c9S","link":"https:\/\/webdelmaestrocmf.com\/portal\/category\/noticias-educacion\/"},"img":{"alt_text":"","src":"https:\/\/i0.wp.com\/webdelmaestrocmf.com\/portal\/wp-content\/uploads\/2020\/03\/2c-15.jpg?resize=350%2C200&ssl=1","width":350,"height":200,"srcset":"https:\/\/i0.wp.com\/webdelmaestrocmf.com\/portal\/wp-content\/uploads\/2020\/03\/2c-15.jpg?resize=350%2C200&ssl=1 1x, https:\/\/i0.wp.com\/webdelmaestrocmf.com\/portal\/wp-content\/uploads\/2020\/03\/2c-15.jpg?resize=525%2C300&ssl=1 1.5x, https:\/\/i0.wp.com\/webdelmaestrocmf.com\/portal\/wp-content\/uploads\/2020\/03\/2c-15.jpg?resize=700%2C400&ssl=1 2x, https:\/\/i0.wp.com\/webdelmaestrocmf.com\/portal\/wp-content\/uploads\/2020\/03\/2c-15.jpg?resize=1050%2C600&ssl=1 3x"},"classes":[]},{"id":85353,"url":"https:\/\/webdelmaestrocmf.com\/portal\/8m-una-fecha-importante-para-reconocer-el-singular-aporte-femenino-al-desarrollo-de-la-humanidad\/","url_meta":{"origin":45798,"position":4},"title":"8M: Una fecha importante para reconocer el singular aporte femenino al desarrollo de la humanidad","author":"Web del Maestro CMF","date":"4 marzo, 2023","format":false,"excerpt":"El 8 de marzo de 1857, un grupo de mujeres en Nueva York (USA) realiz\u00f3 una huelga bajo el lema \u201cPan y rosas\u201d, reclamando igualdad laboral y unas mejores condiciones. Este movimiento contribuy\u00f3 a la creaci\u00f3n del primer sindicato femenino, y en 1908 ya marchaban 15.000 personas por las calles\u2026","rel":"","context":"En \u00abYo opino - WMCMF\u00bb","block_context":{"text":"Yo opino - WMCMF","link":"https:\/\/webdelmaestrocmf.com\/portal\/category\/jamb\/"},"img":{"alt_text":"","src":"https:\/\/i0.wp.com\/webdelmaestrocmf.com\/portal\/wp-content\/uploads\/2023\/03\/Banner-Facebook-2023-4-1.jpg?resize=350%2C200&ssl=1","width":350,"height":200,"srcset":"https:\/\/i0.wp.com\/webdelmaestrocmf.com\/portal\/wp-content\/uploads\/2023\/03\/Banner-Facebook-2023-4-1.jpg?resize=350%2C200&ssl=1 1x, https:\/\/i0.wp.com\/webdelmaestrocmf.com\/portal\/wp-content\/uploads\/2023\/03\/Banner-Facebook-2023-4-1.jpg?resize=525%2C300&ssl=1 1.5x, https:\/\/i0.wp.com\/webdelmaestrocmf.com\/portal\/wp-content\/uploads\/2023\/03\/Banner-Facebook-2023-4-1.jpg?resize=700%2C400&ssl=1 2x"},"classes":[]},{"id":17740,"url":"https:\/\/webdelmaestrocmf.com\/portal\/buen-maestro-se-convierte-referente-la-vida-alumnos\/","url_meta":{"origin":45798,"position":5},"title":"Jorge Pacheco: El buen maestro se convierte en referente en la vida de sus alumnos","author":"Web del Maestro CMF","date":"23 agosto, 2018","format":false,"excerpt":"En nuestras anteriores publicaciones:\u00a0Para desenmascarar las malas referencias,\u00a0y\u00a0Los malos ejemplos educativos\u00a0\u00a0dijimos que M\u00e1x Scheler nos alert\u00f3 sobre la decadencia en que se est\u00e1 cayendo, respecto a la referencialidad de los modelos de nuestros ni\u00f1os y j\u00f3venes, pues del genio, el h\u00e9roe y el santo hoy han sido sustituidos por el\u2026","rel":"","context":"En \u00abNoticias\u00bb","block_context":{"text":"Noticias","link":"https:\/\/webdelmaestrocmf.com\/portal\/category\/noticias\/"},"img":{"alt_text":"","src":"https:\/\/i0.wp.com\/webdelmaestrocmf.com\/portal\/wp-content\/uploads\/2018\/08\/1-87.jpg?resize=350%2C200&ssl=1","width":350,"height":200,"srcset":"https:\/\/i0.wp.com\/webdelmaestrocmf.com\/portal\/wp-content\/uploads\/2018\/08\/1-87.jpg?resize=350%2C200&ssl=1 1x, https:\/\/i0.wp.com\/webdelmaestrocmf.com\/portal\/wp-content\/uploads\/2018\/08\/1-87.jpg?resize=525%2C300&ssl=1 1.5x, https:\/\/i0.wp.com\/webdelmaestrocmf.com\/portal\/wp-content\/uploads\/2018\/08\/1-87.jpg?resize=700%2C400&ssl=1 2x, https:\/\/i0.wp.com\/webdelmaestrocmf.com\/portal\/wp-content\/uploads\/2018\/08\/1-87.jpg?resize=1050%2C600&ssl=1 3x"},"classes":[]}],"_links":{"self":[{"href":"https:\/\/webdelmaestrocmf.com\/portal\/wp-json\/wp\/v2\/posts\/45798","targetHints":{"allow":["GET"]}}],"collection":[{"href":"https:\/\/webdelmaestrocmf.com\/portal\/wp-json\/wp\/v2\/posts"}],"about":[{"href":"https:\/\/webdelmaestrocmf.com\/portal\/wp-json\/wp\/v2\/types\/post"}],"author":[{"embeddable":true,"href":"https:\/\/webdelmaestrocmf.com\/portal\/wp-json\/wp\/v2\/users\/1"}],"replies":[{"embeddable":true,"href":"https:\/\/webdelmaestrocmf.com\/portal\/wp-json\/wp\/v2\/comments?post=45798"}],"version-history":[{"count":0,"href":"https:\/\/webdelmaestrocmf.com\/portal\/wp-json\/wp\/v2\/posts\/45798\/revisions"}],"wp:featuredmedia":[{"embeddable":true,"href":"https:\/\/webdelmaestrocmf.com\/portal\/wp-json\/wp\/v2\/media\/101839"}],"wp:attachment":[{"href":"https:\/\/webdelmaestrocmf.com\/portal\/wp-json\/wp\/v2\/media?parent=45798"}],"wp:term":[{"taxonomy":"category","embeddable":true,"href":"https:\/\/webdelmaestrocmf.com\/portal\/wp-json\/wp\/v2\/categories?post=45798"},{"taxonomy":"post_tag","embeddable":true,"href":"https:\/\/webdelmaestrocmf.com\/portal\/wp-json\/wp\/v2\/tags?post=45798"}],"curies":[{"name":"wp","href":"https:\/\/api.w.org\/{rel}","templated":true}]}}