{"id":45724,"date":"2020-03-21T21:10:36","date_gmt":"2020-03-22T00:10:36","guid":{"rendered":"https:\/\/webdelmaestrocmf.com\/portal\/?p=45724"},"modified":"2020-03-21T21:13:37","modified_gmt":"2020-03-22T00:13:37","slug":"curso-virtual-obligatorio-para-docentes-actuando-frente-al-coronavirus-covid-19","status":"publish","type":"post","link":"https:\/\/webdelmaestrocmf.com\/portal\/curso-virtual-obligatorio-para-docentes-actuando-frente-al-coronavirus-covid-19\/","title":{"rendered":"Curso virtual obligatorio para docentes: \u00abActuando frente al Coronavirus COVID-19\u00bb"},"content":{"rendered":"<h5 style=\"text-align: justify;\">Este curso es obligatorio para docentes nombrados y contratados de la Educaci\u00f3n B\u00e1sica y Educaci\u00f3n T\u00e9cnica Productiva.<\/h5>\n<h5 style=\"text-align: justify;\">El Ministerio de Educaci\u00f3n del Per\u00fa brinda a todos los docentes a nivel nacional su oferta formativa virtual 2020. En ese marco, ha puesto en marcha un curso MOOC denominado: <strong>\u00abActuando frente al Coronavirus COVID-19\u00bb<\/strong>, con el prop\u00f3sito de ofrecer al docente herramientas y recursos pedag\u00f3gicos que le permitan promover conductas saludables y responsables en sus estudiantes.<\/h5>\n<p><!--more--><\/p>\n<h5 style=\"text-align: justify;\"><strong>\u00bfEn qu\u00e9 consiste el curso?<\/strong><\/h5>\n<p style=\"text-align: justify;\">Es un curso autoformativo, puesto que toda la metodolog\u00eda est\u00e1 orientada al autoaprendizaje del docente. Adem\u00e1s, los participantes tendr\u00e1n la posibilidad de acceder al curso de acuerdo a la disponibilidad de sus propios horarios.<\/p>\n<p style=\"text-align: justify;\">Mediante este curso, el docente podr\u00e1 conocer datos importantes sobre el Coronavirus, identificar los principales s\u00edntomas, promover medidas de prevenci\u00f3n y cuidado frente al virus COVID-19 en la escuela, con las familias y la comunidad.<\/p>\n<p style=\"text-align: justify;\">Asimismo, podr\u00e1 desarrollar acciones que promuevan conductas saludables y responsables con sus estudiantes, incorporando actividades de contenci\u00f3n y de aprendizajes para los tres niveles: inicial, primaria y secundaria.<\/p>\n<p><img loading=\"lazy\" decoding=\"async\" class=\"alignnone size-full wp-image-45726\" src=\"https:\/\/webdelmaestrocmf.com\/portal\/wp-content\/uploads\/2020\/03\/1-10.png\" alt=\"\" width=\"700\" height=\"370\" srcset=\"https:\/\/webdelmaestrocmf.com\/portal\/wp-content\/uploads\/2020\/03\/1-10.png 700w, https:\/\/webdelmaestrocmf.com\/portal\/wp-content\/uploads\/2020\/03\/1-10-300x159.png 300w, https:\/\/webdelmaestrocmf.com\/portal\/wp-content\/uploads\/2020\/03\/1-10-110x58.png 110w, https:\/\/webdelmaestrocmf.com\/portal\/wp-content\/uploads\/2020\/03\/1-10-200x106.png 200w, https:\/\/webdelmaestrocmf.com\/portal\/wp-content\/uploads\/2020\/03\/1-10-380x201.png 380w, https:\/\/webdelmaestrocmf.com\/portal\/wp-content\/uploads\/2020\/03\/1-10-255x135.png 255w, https:\/\/webdelmaestrocmf.com\/portal\/wp-content\/uploads\/2020\/03\/1-10-550x291.png 550w\" sizes=\"auto, (max-width: 700px) 100vw, 700px\" \/><\/p>\n<h5 style=\"text-align: justify;\"><strong>\u00bfQu\u00e9 temas se abordar\u00e1n?<\/strong><\/h5>\n<p style=\"text-align: justify;\">Este curso est\u00e1 organizado en tres m\u00f3dulos:<\/p>\n<ul style=\"text-align: justify;\">\n<li><strong>Unidad 1: Conociendo al COVID-19: <\/strong>Datos importantes sobre el Coronavirus, s\u00edntomas y propagaci\u00f3n.<\/li>\n<\/ul>\n<ul style=\"text-align: justify;\">\n<li><strong>Unidad\u00a0 2: Prevenci\u00f3n y cuidado frente al COVID-19: <\/strong>Medidas preventivas en la escuela, en la familia y en la comunidad.<\/li>\n<\/ul>\n<ul style=\"text-align: justify;\">\n<li><strong>Unidad 3: Actividades para promover conductas saludables y responsables: <\/strong>El curso ofrece sugerencias y orientaciones importantes para desarrollar actividades con los estudiantes que le permitan promover conductas saludables y responsables en sus estudiantes; as\u00ed como plantear actividades de aprendizaje que promuevan el conocimiento, la investigaci\u00f3n, la reflexi\u00f3n y el compromiso frente a la propagaci\u00f3n, transmisi\u00f3n del COVID-19 y las acciones de protecci\u00f3n.<\/li>\n<\/ul>\n<h5 style=\"text-align: justify;\"><strong>\u00bfQui\u00e9nes pueden participar?<\/strong><\/h5>\n<p style=\"text-align: justify;\">Este curso es obligatorio para docentes nombrados y contratados de la Educaci\u00f3n B\u00e1sica y Educaci\u00f3n T\u00e9cnica Productiva.<\/p>\n<p style=\"text-align: justify;\"><strong>Duraci\u00f3n:\u00a0<\/strong>el curso\u00a0<strong>inicia este martes 17 de marzo y los participantes podr\u00e1n culminarlo en una semana<\/strong>. Se entregar\u00e1 constancia de participaci\u00f3n de 15 horas.<\/p>\n<h5 style=\"text-align: justify;\"><strong>Matric\u00falate<\/strong><\/h5>\n<p style=\"text-align: justify;\">Para matricularte en este curso, haz clic en el siguiente enlace: <a href=\"https:\/\/campusvirtual.perueduca.pe\/login\/index.php\" target=\"_blank\" rel=\"noopener noreferrer\">Actuando frente al Coronavirus COVID-19<\/a><\/p>\n<p><strong>Este contenido ha sido publicado originalmente por PER\u00da EDUCA en la siguiente direcci\u00f3n: <a href=\"http:\/\/perueduca.pe\" target=\"_blank\" rel=\"noopener noreferrer\">perueduca.pe<\/a><\/strong><\/p>\n<p style=\"text-align: center;\">Recomendamos a la Comunidad Educativa Digital tener en cuenta que, el enlace y\/o la carpeta en donde est\u00e1n alojados los libros, recursos y\/o materiales, no es administrado por la Web del Maestro CMF, pueda ser que en cuesti\u00f3n de d\u00edas (o seg\u00fan el tiempo transcurrido desde su publicaci\u00f3n), los enlaces no funcionen y el material ya no se encuentre disponible. Gracias por su comprensi\u00f3n.<\/p>\n<h3><strong>ENLACE DE LECTURA:<\/strong><\/h3>\n<p style=\"text-align: center;\">\u00a1Comparte y as\u00ed m\u00e1s docentes utilizar\u00e1n estos recursos\u00a0gratis! Muchas gracias.<\/p>\n<p style=\"text-align: center;\"><span style=\"color: #000000;\"><a style=\"color: #000000;\" href=\"https:\/\/campusvirtual.perueduca.pe\/login\/index.php\" target=\"_blank\" rel=\"noopener noreferrer\"><strong>ACTUANDO FRENTE AL CORONAVIRUS COVID-19<\/strong><\/a><\/span><\/p>\n\t\t<div class=\"pk-inline-posts\">\n\t\t\t\n\t\t\t<div class=\"pk-inline-posts-container pk-inline-posts-template-list\"\n\t\t\t\tdata-columns=\"1\">\n\t\t\t\t\t\t<article id=\"post-31801\" class=\"post-31801 post type-post status-publish format-standard has-post-thumbnail category-inteligencias-multiples category-pedagogia tag-aula tag-estrategias-clave tag-guia-para-docentes tag-inteligencias tag-inteligencias-multiples tag-inteligencias-multiples-en-el-aula tag-multiples cs-entry cs-video-wrap\">\n\t\t\t<div class=\"pk-post-outer\">\n\n\t\t\t\t\t\t\t\t<div class=\"pk-post-inner\">\n\t\t\t\t\t<div class=\"entry-thumbnail\">\n\t\t\t\t\t\t<div class=\"pk-overlay pk-overlay-ratio pk-ratio-landscape\">\n\t\t\t\t\t\t\t<div class=\"pk-overlay-background\">\n\t\t\t\t\t\t\t\t<a href=\"https:\/\/webdelmaestrocmf.com\/portal\/guia-para-docentes-las-inteligencias-multiples-en-el-aula\/\" class=\"pk-overlay-link\">\n\t\t\t\t\t\t\t\t\t<img loading=\"lazy\" decoding=\"async\" width=\"300\" height=\"225\" src=\"https:\/\/webdelmaestrocmf.com\/portal\/wp-content\/uploads\/2020\/11\/Banner-1-portada-imagen-10-1-15-300x225.jpg\" class=\"attachment-pk-thumbnail size-pk-thumbnail wp-post-image\" alt=\"inteligencias m\u00faltiples\" \/>\t\t\t\t\t\t\t\t<\/a>\n\t\t\t\t\t\t\t<\/div>\n\t\t\t\t\t\t<\/div>\n\t\t\t\t\t<\/div>\n\t\t\t\t<\/div>\n\t\t\t\t\n\t\t\t\t<div class=\"pk-post-inner\">\n\t\t\t\t\t<header>\n\t\t\t\t\t\t<h3 class=\"pk-title\"><a href=\"https:\/\/webdelmaestrocmf.com\/portal\/guia-para-docentes-las-inteligencias-multiples-en-el-aula\/\" rel=\"bookmark\">Gu\u00eda para docentes sobre las inteligencias m\u00faltiples en el aula<\/a><\/h3>\t\t\t\t\t<\/header><!-- .entry-header -->\n\t\t\t\t<\/div><!-- .post-inner -->\n\n\t\t\t<\/div><!-- .post-outer -->\n\t\t<\/article>\n\t\t\t\t<\/div>\n\t\t<\/div>\n\t\t\n","protected":false},"excerpt":{"rendered":"Este curso es obligatorio para docentes nombrados y contratados de la Educaci\u00f3n B\u00e1sica y Educaci\u00f3n T\u00e9cnica Productiva. El&hellip;","protected":false},"author":1,"featured_media":45727,"comment_status":"open","ping_status":"closed","sticky":false,"template":"","format":"standard","meta":{"csco_display_header_overlay":false,"csco_singular_sidebar":"default","csco_page_header_type":"default","csco_page_load_nextpost":"default","csco_post_video_location":[],"csco_post_video_location_hash":"","csco_post_video_url":"","csco_post_video_bg_start_time":0,"csco_post_video_bg_end_time":0,"csco_post_video_bg_volume":false,"_jetpack_memberships_contains_paid_content":false,"footnotes":""},"categories":[1171,735],"tags":[4819,4734,4798,1720,58,4486,4818,2422],"class_list":{"0":"post-45724","1":"post","2":"type-post","3":"status-publish","4":"format-standard","5":"has-post-thumbnail","7":"category-cursos","8":"category-pedagogia","9":"tag-actuando","10":"tag-coronavirus","11":"tag-covid-19","12":"tag-curso","13":"tag-docentes","14":"tag-frente","15":"tag-obligatorio","16":"tag-virtual","17":"cs-entry","18":"cs-video-wrap"},"yoast_head":"<!-- This site is optimized with the Yoast SEO plugin v27.5 - https:\/\/yoast.com\/product\/yoast-seo-wordpress\/ -->\n<title>Curso virtual obligatorio para docentes: &quot;Actuando frente al Coronavirus COVID-19&quot; - 2026<\/title>\n<meta name=\"description\" content=\"Este curso es obligatorio para docentes nombrados y contratados de la Educaci\u00f3n B\u00e1sica y Educaci\u00f3n T\u00e9cnica Productiva. El Ministerio de Educaci\u00f3n...\" \/>\n<meta name=\"robots\" content=\"index, follow, max-snippet:-1, max-image-preview:large, max-video-preview:-1\" \/>\n<link rel=\"canonical\" href=\"https:\/\/webdelmaestrocmf.com\/portal\/curso-virtual-obligatorio-para-docentes-actuando-frente-al-coronavirus-covid-19\/\" \/>\n<meta property=\"og:locale\" content=\"es_ES\" \/>\n<meta property=\"og:type\" content=\"article\" \/>\n<meta property=\"og:title\" content=\"Curso virtual obligatorio para docentes: &quot;Actuando frente al Coronavirus COVID-19&quot; - 2026\" \/>\n<meta property=\"og:description\" content=\"Este curso es obligatorio para docentes nombrados y contratados de la Educaci\u00f3n B\u00e1sica y Educaci\u00f3n T\u00e9cnica Productiva. El Ministerio de Educaci\u00f3n...\" \/>\n<meta property=\"og:url\" content=\"https:\/\/webdelmaestrocmf.com\/portal\/curso-virtual-obligatorio-para-docentes-actuando-frente-al-coronavirus-covid-19\/\" \/>\n<meta property=\"og:site_name\" content=\"Web del Maestro CMF\" \/>\n<meta property=\"article:publisher\" content=\"https:\/\/www.facebook.com\/WebdelMaestroCMF\/\" \/>\n<meta property=\"article:author\" content=\"https:\/\/www.facebook.com\/WebdelMaestroCMF\/\" \/>\n<meta property=\"article:published_time\" content=\"2020-03-22T00:10:36+00:00\" \/>\n<meta property=\"article:modified_time\" content=\"2020-03-22T00:13:37+00:00\" \/>\n<meta property=\"og:image\" content=\"https:\/\/i0.wp.com\/webdelmaestrocmf.com\/portal\/wp-content\/uploads\/2020\/03\/1b-5.jpg?fit=1100%2C680&ssl=1\" \/>\n\t<meta property=\"og:image:width\" content=\"1100\" \/>\n\t<meta property=\"og:image:height\" content=\"680\" \/>\n\t<meta property=\"og:image:type\" content=\"image\/jpeg\" \/>\n<meta name=\"author\" content=\"Web del Maestro CMF\" \/>\n<meta name=\"twitter:card\" content=\"summary_large_image\" \/>\n<meta name=\"twitter:creator\" content=\"@cmf_w\" \/>\n<meta name=\"twitter:site\" content=\"@cmf_w\" \/>\n<script type=\"application\/ld+json\" class=\"yoast-schema-graph\">{\"@context\":\"https:\\\/\\\/schema.org\",\"@graph\":[{\"@type\":\"ScholarlyArticle\",\"@id\":\"https:\\\/\\\/webdelmaestrocmf.com\\\/portal\\\/curso-virtual-obligatorio-para-docentes-actuando-frente-al-coronavirus-covid-19\\\/#article\",\"isPartOf\":{\"@id\":\"https:\\\/\\\/webdelmaestrocmf.com\\\/portal\\\/curso-virtual-obligatorio-para-docentes-actuando-frente-al-coronavirus-covid-19\\\/\"},\"author\":{\"name\":\"Web del Maestro CMF\",\"@id\":\"https:\\\/\\\/webdelmaestrocmf.com\\\/portal\\\/#\\\/schema\\\/person\\\/1072a2ed7bd960df8ef99a551fa35dc5\"},\"headline\":\"Curso virtual obligatorio para docentes: \u00abActuando frente al Coronavirus COVID-19\u00bb\",\"datePublished\":\"2020-03-22T00:10:36+00:00\",\"dateModified\":\"2020-03-22T00:13:37+00:00\",\"mainEntityOfPage\":{\"@id\":\"https:\\\/\\\/webdelmaestrocmf.com\\\/portal\\\/curso-virtual-obligatorio-para-docentes-actuando-frente-al-coronavirus-covid-19\\\/\"},\"wordCount\":491,\"commentCount\":0,\"publisher\":{\"@id\":\"https:\\\/\\\/webdelmaestrocmf.com\\\/portal\\\/#organization\"},\"image\":{\"@id\":\"https:\\\/\\\/webdelmaestrocmf.com\\\/portal\\\/curso-virtual-obligatorio-para-docentes-actuando-frente-al-coronavirus-covid-19\\\/#primaryimage\"},\"thumbnailUrl\":\"https:\\\/\\\/webdelmaestrocmf.com\\\/portal\\\/wp-content\\\/uploads\\\/2020\\\/03\\\/1b-5.jpg\",\"keywords\":[\"Actuando\",\"coronavirus\",\"Covid 19\",\"CURSO\",\"DOCENTES\",\"frente\",\"obligatorio\",\"VIRTUAL\"],\"articleSection\":[\"Cursos\",\"Recursos\"],\"inLanguage\":\"es\",\"potentialAction\":[{\"@type\":\"CommentAction\",\"name\":\"Comment\",\"target\":[\"https:\\\/\\\/webdelmaestrocmf.com\\\/portal\\\/curso-virtual-obligatorio-para-docentes-actuando-frente-al-coronavirus-covid-19\\\/#respond\"]}]},{\"@type\":\"WebPage\",\"@id\":\"https:\\\/\\\/webdelmaestrocmf.com\\\/portal\\\/curso-virtual-obligatorio-para-docentes-actuando-frente-al-coronavirus-covid-19\\\/\",\"url\":\"https:\\\/\\\/webdelmaestrocmf.com\\\/portal\\\/curso-virtual-obligatorio-para-docentes-actuando-frente-al-coronavirus-covid-19\\\/\",\"name\":\"Curso virtual obligatorio para docentes: \\\"Actuando frente al Coronavirus COVID-19\\\" - 2026\",\"isPartOf\":{\"@id\":\"https:\\\/\\\/webdelmaestrocmf.com\\\/portal\\\/#website\"},\"primaryImageOfPage\":{\"@id\":\"https:\\\/\\\/webdelmaestrocmf.com\\\/portal\\\/curso-virtual-obligatorio-para-docentes-actuando-frente-al-coronavirus-covid-19\\\/#primaryimage\"},\"image\":{\"@id\":\"https:\\\/\\\/webdelmaestrocmf.com\\\/portal\\\/curso-virtual-obligatorio-para-docentes-actuando-frente-al-coronavirus-covid-19\\\/#primaryimage\"},\"thumbnailUrl\":\"https:\\\/\\\/webdelmaestrocmf.com\\\/portal\\\/wp-content\\\/uploads\\\/2020\\\/03\\\/1b-5.jpg\",\"datePublished\":\"2020-03-22T00:10:36+00:00\",\"dateModified\":\"2020-03-22T00:13:37+00:00\",\"description\":\"Este curso es obligatorio para docentes nombrados y contratados de la Educaci\u00f3n B\u00e1sica y Educaci\u00f3n T\u00e9cnica Productiva. El Ministerio de Educaci\u00f3n...\",\"breadcrumb\":{\"@id\":\"https:\\\/\\\/webdelmaestrocmf.com\\\/portal\\\/curso-virtual-obligatorio-para-docentes-actuando-frente-al-coronavirus-covid-19\\\/#breadcrumb\"},\"inLanguage\":\"es\",\"potentialAction\":[{\"@type\":\"ReadAction\",\"target\":[\"https:\\\/\\\/webdelmaestrocmf.com\\\/portal\\\/curso-virtual-obligatorio-para-docentes-actuando-frente-al-coronavirus-covid-19\\\/\"]}]},{\"@type\":\"ImageObject\",\"inLanguage\":\"es\",\"@id\":\"https:\\\/\\\/webdelmaestrocmf.com\\\/portal\\\/curso-virtual-obligatorio-para-docentes-actuando-frente-al-coronavirus-covid-19\\\/#primaryimage\",\"url\":\"https:\\\/\\\/webdelmaestrocmf.com\\\/portal\\\/wp-content\\\/uploads\\\/2020\\\/03\\\/1b-5.jpg\",\"contentUrl\":\"https:\\\/\\\/webdelmaestrocmf.com\\\/portal\\\/wp-content\\\/uploads\\\/2020\\\/03\\\/1b-5.jpg\",\"width\":1100,\"height\":680},{\"@type\":\"BreadcrumbList\",\"@id\":\"https:\\\/\\\/webdelmaestrocmf.com\\\/portal\\\/curso-virtual-obligatorio-para-docentes-actuando-frente-al-coronavirus-covid-19\\\/#breadcrumb\",\"itemListElement\":[{\"@type\":\"ListItem\",\"position\":1,\"name\":\"Portada\",\"item\":\"https:\\\/\\\/webdelmaestrocmf.com\\\/portal\\\/\"},{\"@type\":\"ListItem\",\"position\":2,\"name\":\"Recursos\",\"item\":\"https:\\\/\\\/webdelmaestrocmf.com\\\/portal\\\/category\\\/pedagogia\\\/\"},{\"@type\":\"ListItem\",\"position\":3,\"name\":\"Curso virtual obligatorio para docentes: &#8220;Actuando frente al Coronavirus COVID-19&#8221;\"}]},{\"@type\":\"WebSite\",\"@id\":\"https:\\\/\\\/webdelmaestrocmf.com\\\/portal\\\/#website\",\"url\":\"https:\\\/\\\/webdelmaestrocmf.com\\\/portal\\\/\",\"name\":\"Web del Maestro CMF\",\"description\":\"Maestros al servicio de la educaci\u00f3n\",\"publisher\":{\"@id\":\"https:\\\/\\\/webdelmaestrocmf.com\\\/portal\\\/#organization\"},\"alternateName\":\"WMCMF\",\"potentialAction\":[{\"@type\":\"SearchAction\",\"target\":{\"@type\":\"EntryPoint\",\"urlTemplate\":\"https:\\\/\\\/webdelmaestrocmf.com\\\/portal\\\/?s={search_term_string}\"},\"query-input\":{\"@type\":\"PropertyValueSpecification\",\"valueRequired\":true,\"valueName\":\"search_term_string\"}}],\"inLanguage\":\"es\"},{\"@type\":\"Organization\",\"@id\":\"https:\\\/\\\/webdelmaestrocmf.com\\\/portal\\\/#organization\",\"name\":\"Web del Maestro CMF\",\"alternateName\":\"WMCMF\",\"url\":\"https:\\\/\\\/webdelmaestrocmf.com\\\/portal\\\/\",\"logo\":{\"@type\":\"ImageObject\",\"inLanguage\":\"es\",\"@id\":\"https:\\\/\\\/webdelmaestrocmf.com\\\/portal\\\/#\\\/schema\\\/logo\\\/image\\\/\",\"url\":\"https:\\\/\\\/webdelmaestrocmf.com\\\/portal\\\/wp-content\\\/uploads\\\/2023\\\/01\\\/logo-wmcmf-2.png\",\"contentUrl\":\"https:\\\/\\\/webdelmaestrocmf.com\\\/portal\\\/wp-content\\\/uploads\\\/2023\\\/01\\\/logo-wmcmf-2.png\",\"width\":200,\"height\":60,\"caption\":\"Web del Maestro CMF\"},\"image\":{\"@id\":\"https:\\\/\\\/webdelmaestrocmf.com\\\/portal\\\/#\\\/schema\\\/logo\\\/image\\\/\"},\"sameAs\":[\"https:\\\/\\\/www.facebook.com\\\/WebdelMaestroCMF\\\/\",\"https:\\\/\\\/x.com\\\/cmf_w\",\"https:\\\/\\\/www.pinterest.com\\\/WMCMF\\\/\",\"https:\\\/\\\/www.linkedin.com\\\/company\\\/web-del-maestro-cmf\\\/\",\"https:\\\/\\\/www.instagram.com\\\/wmcmf\\\/\",\"https:\\\/\\\/www.youtube.com\\\/channel\\\/UCDPSvjbdodE5sHnC3OxutHw\",\"https:\\\/\\\/mastodon.social\\\/@wmcmf\",\"https:\\\/\\\/www.tiktok.com\\\/@webdelmaestrocmf\"]},{\"@type\":\"Person\",\"@id\":\"https:\\\/\\\/webdelmaestrocmf.com\\\/portal\\\/#\\\/schema\\\/person\\\/1072a2ed7bd960df8ef99a551fa35dc5\",\"name\":\"Web del Maestro CMF\",\"image\":{\"@type\":\"ImageObject\",\"inLanguage\":\"es\",\"@id\":\"https:\\\/\\\/secure.gravatar.com\\\/avatar\\\/23291dd5b5ae1077dcff3dbb04c3e02bd28403fa75af6d8787d5e97c5bbbe30b?s=96&d=mm&r=g\",\"url\":\"https:\\\/\\\/secure.gravatar.com\\\/avatar\\\/23291dd5b5ae1077dcff3dbb04c3e02bd28403fa75af6d8787d5e97c5bbbe30b?s=96&d=mm&r=g\",\"contentUrl\":\"https:\\\/\\\/secure.gravatar.com\\\/avatar\\\/23291dd5b5ae1077dcff3dbb04c3e02bd28403fa75af6d8787d5e97c5bbbe30b?s=96&d=mm&r=g\",\"caption\":\"Web del Maestro CMF\"},\"description\":\"Esta Web se cre\u00f3 sin fines de lucro, con fines educativos, cient\u00edficos y acad\u00e9micos, para personas que tengan dificultades y\\\/o inconvenientes en visualizar el material original. El objetivo es entregar recursos, compartir experiencias y materiales que ayuden a los padres de familia, maestros y estudiantes en su actualizaci\u00f3n y formaci\u00f3n permanente, en bien de la Educaci\u00f3n.\",\"sameAs\":[\"http:\\\/\\\/webdelmaestrocmf.com\\\/portal\",\"https:\\\/\\\/www.facebook.com\\\/WebdelMaestroCMF\\\/\",\"https:\\\/\\\/www.instagram.com\\\/wmcmf\\\/\",\"https:\\\/\\\/cl.linkedin.com\\\/company\\\/web-del-maestro-cmf\",\"https:\\\/\\\/www.pinterest.com\\\/WMCMF\\\/publicaciones\\\/\",\"https:\\\/\\\/x.com\\\/cmf_w\",\"https:\\\/\\\/www.youtube.com\\\/@WMCMF\"]}]}<\/script>\n<!-- \/ Yoast SEO plugin. -->","yoast_head_json":{"title":"Curso virtual obligatorio para docentes: \"Actuando frente al Coronavirus COVID-19\" - 2026","description":"Este curso es obligatorio para docentes nombrados y contratados de la Educaci\u00f3n B\u00e1sica y Educaci\u00f3n T\u00e9cnica Productiva. El Ministerio de Educaci\u00f3n...","robots":{"index":"index","follow":"follow","max-snippet":"max-snippet:-1","max-image-preview":"max-image-preview:large","max-video-preview":"max-video-preview:-1"},"canonical":"https:\/\/webdelmaestrocmf.com\/portal\/curso-virtual-obligatorio-para-docentes-actuando-frente-al-coronavirus-covid-19\/","og_locale":"es_ES","og_type":"article","og_title":"Curso virtual obligatorio para docentes: \"Actuando frente al Coronavirus COVID-19\" - 2026","og_description":"Este curso es obligatorio para docentes nombrados y contratados de la Educaci\u00f3n B\u00e1sica y Educaci\u00f3n T\u00e9cnica Productiva. El Ministerio de Educaci\u00f3n...","og_url":"https:\/\/webdelmaestrocmf.com\/portal\/curso-virtual-obligatorio-para-docentes-actuando-frente-al-coronavirus-covid-19\/","og_site_name":"Web del Maestro CMF","article_publisher":"https:\/\/www.facebook.com\/WebdelMaestroCMF\/","article_author":"https:\/\/www.facebook.com\/WebdelMaestroCMF\/","article_published_time":"2020-03-22T00:10:36+00:00","article_modified_time":"2020-03-22T00:13:37+00:00","og_image":[{"width":1100,"height":680,"url":"https:\/\/i0.wp.com\/webdelmaestrocmf.com\/portal\/wp-content\/uploads\/2020\/03\/1b-5.jpg?fit=1100%2C680&ssl=1","type":"image\/jpeg"}],"author":"Web del Maestro CMF","twitter_card":"summary_large_image","twitter_creator":"@cmf_w","twitter_site":"@cmf_w","schema":{"@context":"https:\/\/schema.org","@graph":[{"@type":"ScholarlyArticle","@id":"https:\/\/webdelmaestrocmf.com\/portal\/curso-virtual-obligatorio-para-docentes-actuando-frente-al-coronavirus-covid-19\/#article","isPartOf":{"@id":"https:\/\/webdelmaestrocmf.com\/portal\/curso-virtual-obligatorio-para-docentes-actuando-frente-al-coronavirus-covid-19\/"},"author":{"name":"Web del Maestro CMF","@id":"https:\/\/webdelmaestrocmf.com\/portal\/#\/schema\/person\/1072a2ed7bd960df8ef99a551fa35dc5"},"headline":"Curso virtual obligatorio para docentes: \u00abActuando frente al Coronavirus COVID-19\u00bb","datePublished":"2020-03-22T00:10:36+00:00","dateModified":"2020-03-22T00:13:37+00:00","mainEntityOfPage":{"@id":"https:\/\/webdelmaestrocmf.com\/portal\/curso-virtual-obligatorio-para-docentes-actuando-frente-al-coronavirus-covid-19\/"},"wordCount":491,"commentCount":0,"publisher":{"@id":"https:\/\/webdelmaestrocmf.com\/portal\/#organization"},"image":{"@id":"https:\/\/webdelmaestrocmf.com\/portal\/curso-virtual-obligatorio-para-docentes-actuando-frente-al-coronavirus-covid-19\/#primaryimage"},"thumbnailUrl":"https:\/\/webdelmaestrocmf.com\/portal\/wp-content\/uploads\/2020\/03\/1b-5.jpg","keywords":["Actuando","coronavirus","Covid 19","CURSO","DOCENTES","frente","obligatorio","VIRTUAL"],"articleSection":["Cursos","Recursos"],"inLanguage":"es","potentialAction":[{"@type":"CommentAction","name":"Comment","target":["https:\/\/webdelmaestrocmf.com\/portal\/curso-virtual-obligatorio-para-docentes-actuando-frente-al-coronavirus-covid-19\/#respond"]}]},{"@type":"WebPage","@id":"https:\/\/webdelmaestrocmf.com\/portal\/curso-virtual-obligatorio-para-docentes-actuando-frente-al-coronavirus-covid-19\/","url":"https:\/\/webdelmaestrocmf.com\/portal\/curso-virtual-obligatorio-para-docentes-actuando-frente-al-coronavirus-covid-19\/","name":"Curso virtual obligatorio para docentes: \"Actuando frente al Coronavirus COVID-19\" - 2026","isPartOf":{"@id":"https:\/\/webdelmaestrocmf.com\/portal\/#website"},"primaryImageOfPage":{"@id":"https:\/\/webdelmaestrocmf.com\/portal\/curso-virtual-obligatorio-para-docentes-actuando-frente-al-coronavirus-covid-19\/#primaryimage"},"image":{"@id":"https:\/\/webdelmaestrocmf.com\/portal\/curso-virtual-obligatorio-para-docentes-actuando-frente-al-coronavirus-covid-19\/#primaryimage"},"thumbnailUrl":"https:\/\/webdelmaestrocmf.com\/portal\/wp-content\/uploads\/2020\/03\/1b-5.jpg","datePublished":"2020-03-22T00:10:36+00:00","dateModified":"2020-03-22T00:13:37+00:00","description":"Este curso es obligatorio para docentes nombrados y contratados de la Educaci\u00f3n B\u00e1sica y Educaci\u00f3n T\u00e9cnica Productiva. El Ministerio de Educaci\u00f3n...","breadcrumb":{"@id":"https:\/\/webdelmaestrocmf.com\/portal\/curso-virtual-obligatorio-para-docentes-actuando-frente-al-coronavirus-covid-19\/#breadcrumb"},"inLanguage":"es","potentialAction":[{"@type":"ReadAction","target":["https:\/\/webdelmaestrocmf.com\/portal\/curso-virtual-obligatorio-para-docentes-actuando-frente-al-coronavirus-covid-19\/"]}]},{"@type":"ImageObject","inLanguage":"es","@id":"https:\/\/webdelmaestrocmf.com\/portal\/curso-virtual-obligatorio-para-docentes-actuando-frente-al-coronavirus-covid-19\/#primaryimage","url":"https:\/\/webdelmaestrocmf.com\/portal\/wp-content\/uploads\/2020\/03\/1b-5.jpg","contentUrl":"https:\/\/webdelmaestrocmf.com\/portal\/wp-content\/uploads\/2020\/03\/1b-5.jpg","width":1100,"height":680},{"@type":"BreadcrumbList","@id":"https:\/\/webdelmaestrocmf.com\/portal\/curso-virtual-obligatorio-para-docentes-actuando-frente-al-coronavirus-covid-19\/#breadcrumb","itemListElement":[{"@type":"ListItem","position":1,"name":"Portada","item":"https:\/\/webdelmaestrocmf.com\/portal\/"},{"@type":"ListItem","position":2,"name":"Recursos","item":"https:\/\/webdelmaestrocmf.com\/portal\/category\/pedagogia\/"},{"@type":"ListItem","position":3,"name":"Curso virtual obligatorio para docentes: &#8220;Actuando frente al Coronavirus COVID-19&#8221;"}]},{"@type":"WebSite","@id":"https:\/\/webdelmaestrocmf.com\/portal\/#website","url":"https:\/\/webdelmaestrocmf.com\/portal\/","name":"Web del Maestro CMF","description":"Maestros al servicio de la educaci\u00f3n","publisher":{"@id":"https:\/\/webdelmaestrocmf.com\/portal\/#organization"},"alternateName":"WMCMF","potentialAction":[{"@type":"SearchAction","target":{"@type":"EntryPoint","urlTemplate":"https:\/\/webdelmaestrocmf.com\/portal\/?s={search_term_string}"},"query-input":{"@type":"PropertyValueSpecification","valueRequired":true,"valueName":"search_term_string"}}],"inLanguage":"es"},{"@type":"Organization","@id":"https:\/\/webdelmaestrocmf.com\/portal\/#organization","name":"Web del Maestro CMF","alternateName":"WMCMF","url":"https:\/\/webdelmaestrocmf.com\/portal\/","logo":{"@type":"ImageObject","inLanguage":"es","@id":"https:\/\/webdelmaestrocmf.com\/portal\/#\/schema\/logo\/image\/","url":"https:\/\/webdelmaestrocmf.com\/portal\/wp-content\/uploads\/2023\/01\/logo-wmcmf-2.png","contentUrl":"https:\/\/webdelmaestrocmf.com\/portal\/wp-content\/uploads\/2023\/01\/logo-wmcmf-2.png","width":200,"height":60,"caption":"Web del Maestro CMF"},"image":{"@id":"https:\/\/webdelmaestrocmf.com\/portal\/#\/schema\/logo\/image\/"},"sameAs":["https:\/\/www.facebook.com\/WebdelMaestroCMF\/","https:\/\/x.com\/cmf_w","https:\/\/www.pinterest.com\/WMCMF\/","https:\/\/www.linkedin.com\/company\/web-del-maestro-cmf\/","https:\/\/www.instagram.com\/wmcmf\/","https:\/\/www.youtube.com\/channel\/UCDPSvjbdodE5sHnC3OxutHw","https:\/\/mastodon.social\/@wmcmf","https:\/\/www.tiktok.com\/@webdelmaestrocmf"]},{"@type":"Person","@id":"https:\/\/webdelmaestrocmf.com\/portal\/#\/schema\/person\/1072a2ed7bd960df8ef99a551fa35dc5","name":"Web del Maestro CMF","image":{"@type":"ImageObject","inLanguage":"es","@id":"https:\/\/secure.gravatar.com\/avatar\/23291dd5b5ae1077dcff3dbb04c3e02bd28403fa75af6d8787d5e97c5bbbe30b?s=96&d=mm&r=g","url":"https:\/\/secure.gravatar.com\/avatar\/23291dd5b5ae1077dcff3dbb04c3e02bd28403fa75af6d8787d5e97c5bbbe30b?s=96&d=mm&r=g","contentUrl":"https:\/\/secure.gravatar.com\/avatar\/23291dd5b5ae1077dcff3dbb04c3e02bd28403fa75af6d8787d5e97c5bbbe30b?s=96&d=mm&r=g","caption":"Web del Maestro CMF"},"description":"Esta Web se cre\u00f3 sin fines de lucro, con fines educativos, cient\u00edficos y acad\u00e9micos, para personas que tengan dificultades y\/o inconvenientes en visualizar el material original. El objetivo es entregar recursos, compartir experiencias y materiales que ayuden a los padres de familia, maestros y estudiantes en su actualizaci\u00f3n y formaci\u00f3n permanente, en bien de la Educaci\u00f3n.","sameAs":["http:\/\/webdelmaestrocmf.com\/portal","https:\/\/www.facebook.com\/WebdelMaestroCMF\/","https:\/\/www.instagram.com\/wmcmf\/","https:\/\/cl.linkedin.com\/company\/web-del-maestro-cmf","https:\/\/www.pinterest.com\/WMCMF\/publicaciones\/","https:\/\/x.com\/cmf_w","https:\/\/www.youtube.com\/@WMCMF"]}]}},"jetpack_featured_media_url":"https:\/\/webdelmaestrocmf.com\/portal\/wp-content\/uploads\/2020\/03\/1b-5.jpg","jetpack_sharing_enabled":true,"jetpack-related-posts":[{"id":46754,"url":"https:\/\/webdelmaestrocmf.com\/portal\/nueva-convocatoria-al-curso-virtual-actuando-frente-al-coronavirus-covid-19\/","url_meta":{"origin":45724,"position":0},"title":"Nueva convocatoria al curso virtual \u00abActuando frente al Coronavirus (COVID-19)\u00bb","author":"Web del Maestro CMF","date":"28 abril, 2020","format":false,"excerpt":"Dirigido a todos los docentes que no pudieron preinscribirse o para aquellos que se matricularon y no lograron culminar el curso. Puede participar todos los docentes que no lograron preinscribirse en las convocatorias pasadas o para todos aquellos que se matricularon y no pudieron culminar satisfactoriamente el curso virtual, por\u2026","rel":"","context":"En \u00abCursos\u00bb","block_context":{"text":"Cursos","link":"https:\/\/webdelmaestrocmf.com\/portal\/category\/cursos\/"},"img":{"alt_text":"","src":"https:\/\/i0.wp.com\/webdelmaestrocmf.com\/portal\/wp-content\/uploads\/2020\/04\/a2-6.jpg?resize=350%2C200&ssl=1","width":350,"height":200,"srcset":"https:\/\/i0.wp.com\/webdelmaestrocmf.com\/portal\/wp-content\/uploads\/2020\/04\/a2-6.jpg?resize=350%2C200&ssl=1 1x, https:\/\/i0.wp.com\/webdelmaestrocmf.com\/portal\/wp-content\/uploads\/2020\/04\/a2-6.jpg?resize=525%2C300&ssl=1 1.5x, https:\/\/i0.wp.com\/webdelmaestrocmf.com\/portal\/wp-content\/uploads\/2020\/04\/a2-6.jpg?resize=700%2C400&ssl=1 2x, https:\/\/i0.wp.com\/webdelmaestrocmf.com\/portal\/wp-content\/uploads\/2020\/04\/a2-6.jpg?resize=1050%2C600&ssl=1 3x"},"classes":[]},{"id":52457,"url":"https:\/\/webdelmaestrocmf.com\/portal\/recopilacion-de-material-educativo-virtual-sobre-el-covid-19-cuentos-guias-informativas-cuadernos-de-actividades-etc\/","url_meta":{"origin":45724,"position":1},"title":"Recopilaci\u00f3n de material educativo virtual sobre el Covid-19: cuentos, gu\u00edas informativas, cuadernos de actividades, etc","author":"Web del Maestro CMF","date":"5 octubre, 2020","format":false,"excerpt":"Compartimos una serie de recursos educativos, buenas pr\u00e1cticas y lecturas \u00fatiles dirigidas a docentes, personal no acad\u00e9mico y estudiantes para hacer frente a la crisis mundial desatada por el coronavirus (COVID-19). Un n\u00famero creciente de instituciones educativas alrededor del mundo est\u00e1n cerrando campus y planteles completos como medida precautoria ante\u2026","rel":"","context":"En \u00abDescargas Manuales PDF\u00bb","block_context":{"text":"Descargas Manuales PDF","link":"https:\/\/webdelmaestrocmf.com\/portal\/category\/pedagogia\/descargas-manuales-pdf\/"},"img":{"alt_text":"","src":"https:\/\/i0.wp.com\/webdelmaestrocmf.com\/portal\/wp-content\/uploads\/2020\/10\/1-copia-13.jpg?resize=350%2C200&ssl=1","width":350,"height":200,"srcset":"https:\/\/i0.wp.com\/webdelmaestrocmf.com\/portal\/wp-content\/uploads\/2020\/10\/1-copia-13.jpg?resize=350%2C200&ssl=1 1x, https:\/\/i0.wp.com\/webdelmaestrocmf.com\/portal\/wp-content\/uploads\/2020\/10\/1-copia-13.jpg?resize=525%2C300&ssl=1 1.5x, https:\/\/i0.wp.com\/webdelmaestrocmf.com\/portal\/wp-content\/uploads\/2020\/10\/1-copia-13.jpg?resize=700%2C400&ssl=1 2x, https:\/\/i0.wp.com\/webdelmaestrocmf.com\/portal\/wp-content\/uploads\/2020\/10\/1-copia-13.jpg?resize=1050%2C600&ssl=1 3x"},"classes":[]},{"id":46460,"url":"https:\/\/webdelmaestrocmf.com\/portal\/como-ser-mas-que-un-docente-que-lee-diapositivas-y-entusiasmar-a-los-alumnos-en-esta-cuarentena\/","url_meta":{"origin":45724,"position":2},"title":"\u00bfC\u00f3mo ser m\u00e1s que un docente que lee diapositivas y entusiasmar mucho m\u00e1s a sus alumnos?","author":"Web del Maestro CMF","date":"29 noviembre, 2021","format":false,"excerpt":"La pandemia del coronavirus obliga al sistema educativo a cambiar sus metodolog\u00edas tradicionales y de car\u00e1cter presencial, para acudir a las herramientas y plataformas digitales. Estudiantes de todos los niveles de educaci\u00f3n\u00a0com\u00fan, especial y de adultos, tendr\u00e1n que continuar, en cuarentena, con sus procesos de aprendizaje a trav\u00e9s de la\u2026","rel":"","context":"En \u00abConsejos\u00bb","block_context":{"text":"Consejos","link":"https:\/\/webdelmaestrocmf.com\/portal\/category\/pedagogia\/consejos\/"},"img":{"alt_text":"","src":"https:\/\/i0.wp.com\/webdelmaestrocmf.com\/portal\/wp-content\/uploads\/2021\/11\/1-54.jpg?resize=350%2C200&ssl=1","width":350,"height":200,"srcset":"https:\/\/i0.wp.com\/webdelmaestrocmf.com\/portal\/wp-content\/uploads\/2021\/11\/1-54.jpg?resize=350%2C200&ssl=1 1x, https:\/\/i0.wp.com\/webdelmaestrocmf.com\/portal\/wp-content\/uploads\/2021\/11\/1-54.jpg?resize=525%2C300&ssl=1 1.5x, https:\/\/i0.wp.com\/webdelmaestrocmf.com\/portal\/wp-content\/uploads\/2021\/11\/1-54.jpg?resize=700%2C400&ssl=1 2x, https:\/\/i0.wp.com\/webdelmaestrocmf.com\/portal\/wp-content\/uploads\/2021\/11\/1-54.jpg?resize=1050%2C600&ssl=1 3x"},"classes":[]},{"id":46625,"url":"https:\/\/webdelmaestrocmf.com\/portal\/recursos-para-ensenanza-a-distancia-colegios-y-universidades\/","url_meta":{"origin":45724,"position":3},"title":"Recursos para ense\u00f1anza a distancia (Colegios y Universidades)","author":"Web del Maestro CMF","date":"23 abril, 2020","format":false,"excerpt":"La Subsecretar\u00eda de Educaci\u00f3n Superior ha acordado una alianza con diversas casas de estudio, con trayectoria y experiencia en el desarrollo de modalidades alternativas de ense\u00f1anza, para que puedan compartir sus buenas pr\u00e1cticas y entregar capacitaci\u00f3n a los docentes de aquellos planteles que requieran apoyo en el marco de la\u2026","rel":"","context":"En \u00abDescargas Manuales PDF\u00bb","block_context":{"text":"Descargas Manuales PDF","link":"https:\/\/webdelmaestrocmf.com\/portal\/category\/pedagogia\/descargas-manuales-pdf\/"},"img":{"alt_text":"","src":"https:\/\/i0.wp.com\/webdelmaestrocmf.com\/portal\/wp-content\/uploads\/2020\/04\/3-97.jpg?resize=350%2C200&ssl=1","width":350,"height":200,"srcset":"https:\/\/i0.wp.com\/webdelmaestrocmf.com\/portal\/wp-content\/uploads\/2020\/04\/3-97.jpg?resize=350%2C200&ssl=1 1x, https:\/\/i0.wp.com\/webdelmaestrocmf.com\/portal\/wp-content\/uploads\/2020\/04\/3-97.jpg?resize=525%2C300&ssl=1 1.5x, https:\/\/i0.wp.com\/webdelmaestrocmf.com\/portal\/wp-content\/uploads\/2020\/04\/3-97.jpg?resize=700%2C400&ssl=1 2x, https:\/\/i0.wp.com\/webdelmaestrocmf.com\/portal\/wp-content\/uploads\/2020\/04\/3-97.jpg?resize=1050%2C600&ssl=1 3x"},"classes":[]},{"id":46520,"url":"https:\/\/webdelmaestrocmf.com\/portal\/jose-antonio-marina-este-ano-academico-tiene-que-ser-peculiar-flexible-un-ejemplo-del-adaptative-learning\/","url_meta":{"origin":45724,"position":4},"title":"Jos\u00e9 Antonio Marina: Este a\u00f1o acad\u00e9mico tiene que ser peculiar, flexible, un ejemplo del \u00abadaptative learning\u00bb","author":"Web del Maestro CMF","date":"7 julio, 2020","format":false,"excerpt":"Responder al desaf\u00edo para que los estudiantes sigan estudiando con una planificaci\u00f3n acad\u00e9mica aprobado al inicio del a\u00f1o escolar y los profesores desarrollen su rol de ense\u00f1ar a aprender, con las escuelas cerradas, es una realidad que hasta hace poco ni se examinaba, ni se ten\u00eda como posible. La comunidad\u2026","rel":"","context":"En \u00abEntrevistas\u00bb","block_context":{"text":"Entrevistas","link":"https:\/\/webdelmaestrocmf.com\/portal\/category\/noticias\/entrevistas\/"},"img":{"alt_text":"","src":"https:\/\/i0.wp.com\/webdelmaestrocmf.com\/portal\/wp-content\/uploads\/2020\/04\/2-16.jpg?resize=350%2C200&ssl=1","width":350,"height":200,"srcset":"https:\/\/i0.wp.com\/webdelmaestrocmf.com\/portal\/wp-content\/uploads\/2020\/04\/2-16.jpg?resize=350%2C200&ssl=1 1x, https:\/\/i0.wp.com\/webdelmaestrocmf.com\/portal\/wp-content\/uploads\/2020\/04\/2-16.jpg?resize=525%2C300&ssl=1 1.5x, https:\/\/i0.wp.com\/webdelmaestrocmf.com\/portal\/wp-content\/uploads\/2020\/04\/2-16.jpg?resize=700%2C400&ssl=1 2x, https:\/\/i0.wp.com\/webdelmaestrocmf.com\/portal\/wp-content\/uploads\/2020\/04\/2-16.jpg?resize=1050%2C600&ssl=1 3x"},"classes":[]},{"id":46533,"url":"https:\/\/webdelmaestrocmf.com\/portal\/curso-virtual-el-rol-del-docente-en-la-ensenanza-aprendizaje-a-distancia\/","url_meta":{"origin":45724,"position":5},"title":"Curso virtual \u00abEl rol del docente en la ense\u00f1anza aprendizaje a distancia\u00bb","author":"Web del Maestro CMF","date":"18 abril, 2020","format":false,"excerpt":"El Ministerio de Educaci\u00f3n, a trav\u00e9s de la Direcci\u00f3n de Formaci\u00f3n Docente en Servicio (DIFODS), pone a disposici\u00f3n de los docentes contratados, nombrados y especialistas de las Direcciones Regionales de Educaci\u00f3n y de las Unidades de Gesti\u00f3n Educativa Local el curso virtual \"El rol del docente en la ense\u00f1anza aprendizaje\u2026","rel":"","context":"En \u00abCursos\u00bb","block_context":{"text":"Cursos","link":"https:\/\/webdelmaestrocmf.com\/portal\/category\/cursos\/"},"img":{"alt_text":"","src":"https:\/\/i0.wp.com\/webdelmaestrocmf.com\/portal\/wp-content\/uploads\/2020\/04\/1-15.jpeg?resize=350%2C200&ssl=1","width":350,"height":200,"srcset":"https:\/\/i0.wp.com\/webdelmaestrocmf.com\/portal\/wp-content\/uploads\/2020\/04\/1-15.jpeg?resize=350%2C200&ssl=1 1x, https:\/\/i0.wp.com\/webdelmaestrocmf.com\/portal\/wp-content\/uploads\/2020\/04\/1-15.jpeg?resize=525%2C300&ssl=1 1.5x, https:\/\/i0.wp.com\/webdelmaestrocmf.com\/portal\/wp-content\/uploads\/2020\/04\/1-15.jpeg?resize=700%2C400&ssl=1 2x, https:\/\/i0.wp.com\/webdelmaestrocmf.com\/portal\/wp-content\/uploads\/2020\/04\/1-15.jpeg?resize=1050%2C600&ssl=1 3x"},"classes":[]}],"_links":{"self":[{"href":"https:\/\/webdelmaestrocmf.com\/portal\/wp-json\/wp\/v2\/posts\/45724","targetHints":{"allow":["GET"]}}],"collection":[{"href":"https:\/\/webdelmaestrocmf.com\/portal\/wp-json\/wp\/v2\/posts"}],"about":[{"href":"https:\/\/webdelmaestrocmf.com\/portal\/wp-json\/wp\/v2\/types\/post"}],"author":[{"embeddable":true,"href":"https:\/\/webdelmaestrocmf.com\/portal\/wp-json\/wp\/v2\/users\/1"}],"replies":[{"embeddable":true,"href":"https:\/\/webdelmaestrocmf.com\/portal\/wp-json\/wp\/v2\/comments?post=45724"}],"version-history":[{"count":0,"href":"https:\/\/webdelmaestrocmf.com\/portal\/wp-json\/wp\/v2\/posts\/45724\/revisions"}],"wp:featuredmedia":[{"embeddable":true,"href":"https:\/\/webdelmaestrocmf.com\/portal\/wp-json\/wp\/v2\/media\/45727"}],"wp:attachment":[{"href":"https:\/\/webdelmaestrocmf.com\/portal\/wp-json\/wp\/v2\/media?parent=45724"}],"wp:term":[{"taxonomy":"category","embeddable":true,"href":"https:\/\/webdelmaestrocmf.com\/portal\/wp-json\/wp\/v2\/categories?post=45724"},{"taxonomy":"post_tag","embeddable":true,"href":"https:\/\/webdelmaestrocmf.com\/portal\/wp-json\/wp\/v2\/tags?post=45724"}],"curies":[{"name":"wp","href":"https:\/\/api.w.org\/{rel}","templated":true}]}}