{"id":45717,"date":"2020-03-21T20:42:08","date_gmt":"2020-03-21T23:42:08","guid":{"rendered":"https:\/\/webdelmaestrocmf.com\/portal\/?p=45717"},"modified":"2023-10-25T23:43:51","modified_gmt":"2023-10-26T02:43:51","slug":"la-buena-comprension-y-expresion-lectora-de-la-infancia-influye-en-la-vida-adulta","status":"publish","type":"post","link":"https:\/\/webdelmaestrocmf.com\/portal\/la-buena-comprension-y-expresion-lectora-de-la-infancia-influye-en-la-vida-adulta\/","title":{"rendered":"La buena comprensi\u00f3n y expresi\u00f3n lectora de la infancia influye en la vida adulta"},"content":{"rendered":"<p style=\"text-align: justify;\"><strong>Un plan lector, que probablemente manejamos o hemos manejado, \u00a0debe incidir fundamentalmente en el desarrollo de habilidades que haga a los estudiantes \u201ccapaces de cuestionar, poner en duda los textos, pero tambi\u00e9n las noticias y los gestos de un mundo que cambia a ritmo vertiginoso, y desarrollar un pensamiento cr\u00edtico\u201d. Y esta competencia la necesitamos en todas las asignaturas.<\/strong> <!--more--><\/p>\n<p style=\"text-align: justify;\">Un estudiante que lea, pero <strong>no sepa comprender la lectura, tendr\u00e1 una dificultad muy grande con cualquier asignatura.<\/strong> Por eso nos toca a todos los profesores, lograr que nuestros estudiantes sean capaces de decirnos <strong>qu\u00e9 han le\u00eddo, qu\u00e9 han comprendido y que lo digan con sus propias palabras<\/strong>.<\/p>\n<p style=\"text-align: justify;\">Para la profesora Carmen Busto, con m\u00e1s de 40 a\u00f1os de experiencia sobre las dificultades del aprendizaje de lectoescritura, opina que <strong>ordinariamente tenemos muy buenos maestros y profesionales,<\/strong> pero el gusto por la lectura <strong>no se puede imponer<\/strong>, como dice el escritor Jorge Luis Borges: \u00abel verbo leer, como el verbo amar y el verbo so\u00f1ar, no soporta \u00abel modo\u00a0<strong>imperativo<\/strong>\u00ab\u00bb. La afici\u00f3n por la lectura y la escritura de los ni\u00f1os y adolescentes, depende mucho\u00a0 y de la relaci\u00f3n familia-escuela, por que \u201ces de gran importancia <strong>la estimulaci\u00f3n que reciban los ni\u00f1os en el ambiente familiar para leer.<\/strong> Hay alumnos que aprenden por s\u00ed solos, con la gu\u00eda del maestro les es suficiente. Y hay otros que aun siendo capaces pueden presentar problemas de atenci\u00f3n, motricidad, motivaci\u00f3n\u2026 que les priva de un buen aprendizaje escolar\u201d.<\/p>\n<p style=\"text-align: justify;\">Art\u00edculo relacionado: <a href=\"https:\/\/webdelmaestrocmf.com\/portal\/si-los-docentes-no-leen-son-incapaces-de-transmitir-el-placer-de-la-lectura\/\">Emilia Ferreiro: Si los docentes no leen, son incapaces de transmitir el placer de la lectura<\/a><\/p>\n<p style=\"text-align: justify;\">\u201cHay que dar una mayor importancia a la educaci\u00f3n infantil. <strong>La etapa de tres a seis a\u00f1os es fundamental para el aprendizaje escolar.<\/strong> Si en la etapa infantil hay una buena base de habilidades en cuanto a la percepci\u00f3n visual y auditiva, al ritmo, a la estructuraci\u00f3n espacio-temporal\u2026 posteriormente en la etapa de educaci\u00f3n primaria tendr\u00e1n m\u00e1s facilidades. <strong>Los buenos resultados en educaci\u00f3n infantil y primaria permiten anticipar buenos resultados en educaci\u00f3n secundaria.<\/strong> Gran parte de los problemas en secundaria se deben a la falta de una buena base preparatoria de comprensi\u00f3n y expresi\u00f3n lectora\u201d. <a href=\"https:\/\/elpais.com\/sociedad\/2019\/11\/15\/actualidad\/1573824431_752758.html?fbclid=IwAR1ehoLXnzaQkJCA11cmbnLl8m-DwxscN3QqGKv_8z-1MsaT9OFBWVgIxAk\" target=\"_blank\" rel=\"noopener noreferrer\"><strong>\u201cHAY NI\u00d1OS QUE APRUEBAN PRIMARIA SIN UNA BUENA BASE DE COMPRENSI\u00d3N Y EXPRESI\u00d3N LECTORA\u201d<\/strong><\/a><\/p>\n<p style=\"text-align: justify;\">Quiz\u00e1 le se \u00fatil: <a href=\"https:\/\/webdelmaestrocmf.com\/portal\/tips-para-lograr-que-su-hijo-ame-la-lectura-descarga-pdf\/\" target=\"_top\" rel=\"noopener\">Tips para lograr que su hijo ame y no odie la lectura<\/a><\/p>\n<p style=\"text-align: justify;\">Ojal\u00e1 les sea \u00fatil conocer <strong>Los lineamientos del Plan Lector para primaria y secundaria <\/strong>del Ministerio de Educaci\u00f3n de Per\u00fa, as\u00ed como alguno de los de los enlaces en los cuales encontrar\u00e1 <strong>cientos de obras literarias para leer y descargar en formato PDF<\/strong>, porque como nos dice la psic\u00f3loga brit\u00e1nica Pen\u00e9lope Jane Leach, nos dice <strong><em>\u201cnunca es demasiado temprano para compartir un libro con los ni\u00f1os. si aguardamos a que sepan leer para leerles, es como si esper\u00e1ramos a que sepan hablar para hablarles\u201d.<\/em><\/strong><\/p>\n<p><img loading=\"lazy\" decoding=\"async\" class=\"alignnone wp-image-86896 size-full\" src=\"https:\/\/webdelmaestrocmf.com\/portal\/wp-content\/uploads\/2020\/03\/ZA12B3C4D-86-1-1.jpg\" alt=\"comprensi\u00f3n lectora\" width=\"700\" height=\"365\" srcset=\"https:\/\/webdelmaestrocmf.com\/portal\/wp-content\/uploads\/2020\/03\/ZA12B3C4D-86-1-1.jpg 700w, https:\/\/webdelmaestrocmf.com\/portal\/wp-content\/uploads\/2020\/03\/ZA12B3C4D-86-1-1-300x156.jpg 300w, https:\/\/webdelmaestrocmf.com\/portal\/wp-content\/uploads\/2020\/03\/ZA12B3C4D-86-1-1-110x57.jpg 110w, https:\/\/webdelmaestrocmf.com\/portal\/wp-content\/uploads\/2020\/03\/ZA12B3C4D-86-1-1-200x104.jpg 200w, https:\/\/webdelmaestrocmf.com\/portal\/wp-content\/uploads\/2020\/03\/ZA12B3C4D-86-1-1-380x198.jpg 380w, https:\/\/webdelmaestrocmf.com\/portal\/wp-content\/uploads\/2020\/03\/ZA12B3C4D-86-1-1-255x133.jpg 255w, https:\/\/webdelmaestrocmf.com\/portal\/wp-content\/uploads\/2020\/03\/ZA12B3C4D-86-1-1-550x287.jpg 550w\" sizes=\"auto, (max-width: 700px) 100vw, 700px\" \/><\/p>\n<h5>5 estrategias para fomentar la lectura cr\u00edtica en las aulas<\/h5>\n<p style=\"text-align: justify;\">Como puedes ver, fomentar los distintos tipos de lectura cr\u00edtica va mucho m\u00e1s all\u00e1 de ense\u00f1ar a leer con velocidad o a memorizar lo que hay en los textos. Significa poder acomodar ese conocimiento en el lugar correcto para crear sinergias cognitivas que nos ayuden a tener una relaci\u00f3n m\u00e1s enriquecedora con nuestra realidad y con otras realidades.<\/p>\n<p style=\"text-align: justify;\">Uno de los prerrequisitos para desarrollar la lectura cr\u00edtica es que la acci\u00f3n de leer no genere resistencias psicoemocionales. Si no personalizamos adecuadamente las lecturas que ofrecemos a nuestros alumnos, nos arriesgamos a que no est\u00e9n listos a\u00fan para esa clase de textos y solo generaremos sentimientos de frustraci\u00f3n y rechazo.<\/p>\n<p style=\"text-align: justify;\">No todos los alumnos tienen\u00a0 el mismo nivel de comprensi\u00f3n lectora. Sobre todo en los primeros a\u00f1os escolares la variabilidad puede ser muy amplia, y es responsabilidad de los docentes y los padres de familia no caer en el error de imponer lecturas con las que el estudiante no se sienta c\u00f3modo.<\/p>\n<p style=\"text-align: justify;\">A continuaci\u00f3n, compartimos seis estrategias que motivan a los alumnos a involucrarse de manera cr\u00edtica con sus lecturas, incluso desde las primeras etapas de su educaci\u00f3n.<\/p>\n<ol>\n<li style=\"text-align: justify;\">\n<h5>Preguntar qu\u00e9 opinan sobre lo que acaban de leer<\/h5>\n<p>Frecuentemente, pasamos por alto el hecho de que cualquier actividad cr\u00edtica implica una toma de postura y desperdiciamos oportunidades tan evidentes y simples como la de preguntarles a nuestros alumnos<\/p>\n<ul>\n<li aria-level=\"1\">\u00bfQu\u00e9 piensan de lo que leyeron?<\/li>\n<li aria-level=\"1\">\u00bfC\u00f3mo los hizo sentir el texto?<\/li>\n<li aria-level=\"1\">\u00bfQu\u00e9 utilidad creen que tiene en su d\u00eda a d\u00eda?<\/li>\n<li aria-level=\"1\">\u00bfSe identificaron con un personaje? \u00bfPor qu\u00e9?<\/li>\n<li aria-level=\"1\">\u00bfConsideras que la informaci\u00f3n que le\u00edste es confiable?<\/li>\n<li aria-level=\"1\">\u00bfCu\u00e1l es la estructura del texto? \u00bfC\u00f3mo se ver\u00eda si fuera un esquema?<\/li>\n<li aria-level=\"1\">\u00bfQu\u00e9 ideas surgieron en ti a partir de esta lectura?<\/li>\n<\/ul>\n<p>Los distintos tipos de lectura cr\u00edtica se pueden fortalecer si generas el h\u00e1bito en el aula de discutir y debatir los contenidos, tomando un rol de moderador m\u00e1s que de \u201cautoridad en la materia\u201d, para que tus alumnos aprendan a desarrollar, sostener y enriquecer sus opiniones.<\/li>\n<li style=\"text-align: justify;\">\n<h5>Aplicar todos los principios de la gamificaci\u00f3n<\/h5>\n<p>La gamificaci\u00f3n es una de las t\u00e9cnicas pedag\u00f3gicas m\u00e1s extendidas en la por su gran capacidad motivadora. En lo relativo al fomento de la lectura cr\u00edtica, nos ofrece una herramienta maravillosa para convertir la comprensi\u00f3n lectora en un juego en el cual los alumnos est\u00e9n entusiasmados por participar.<\/p>\n<p>Por ejemplo, si tenemos un texto o una historia interesante en la cual queremos que los alumnos se involucren a fondo, podemos crear un objetivo l\u00fadico a partir de las 6 \u201cW\u2019s\u201d y pedirles a nuestros estudiantes que despu\u00e9s de leer el texto dibujen o representen con m\u00edmica el qui\u00e9n, c\u00f3mo, cu\u00e1ndo, d\u00f3nde, por qu\u00e9 y qu\u00e9 de lo que acaban de leer.<\/p>\n<p>Aqu\u00ed lo importante es vincular un objetivo de lectura cr\u00edtica que vaya m\u00e1s all\u00e1 del nivel de comprensi\u00f3n b\u00e1sico, con una recompensa inmediata gamificada. Otro ejemplo ser\u00eda hacer un concurso en el que los participantes dibujen lo que los hizo sentir el texto a nivel emocional y luego fundamenten su obra ante un jurado conformado por sus compa\u00f1eros y por el docente.<\/li>\n<li style=\"text-align: justify;\">\n<h5>Aprovechar los intereses del alumno<\/h5>\n<p>Los intereses individuales y los talentos \u00fanicos de los ni\u00f1os comienzan a manifestarse desde los a\u00f1os preescolares y a medida que pasan los a\u00f1os se van perfilando con mayor claridad.<\/p>\n<p>Desde que los peque\u00f1os muestran un acercamiento particular a un tema, una actividad o una disciplina, es importante dejar a su alcance material de lectura relacionado y apto para su nivel lector y siempre ir sustituyendo esas lecturas por otras con un mayor nivel de complejidad que satisfaga la curiosidad creciente del alumno.<\/p>\n<p>De esta forma, aprovechamos al m\u00e1ximo el inter\u00e9s intr\u00ednseco que generan sus aptitudes e inclinaciones particulares.<\/li>\n<li style=\"text-align: justify;\">\n<h5>Aprendizaje basado en proyectos<\/h5>\n<p>Entre sus muchas ventajas, el aprendizaje basado en proyectos (ABP) tambi\u00e9n fomenta la lectura cr\u00edtica porque obliga a los alumnos a investigar, discriminar y sintetizar informaci\u00f3n \u00fatil para lograr un objetivo en concreto.<\/p>\n<p>Las metas del ABP est\u00e1n dise\u00f1adas para que los alumnos aprendan a relacionar informaci\u00f3n multidisciplinaria para concretar misiones ambiciosas. Por ejemplo, en un proyecto cuyo objetivo sea cosechar un peque\u00f1o huerto de plantas comestibles, los estudiantes tendr\u00e1n que investigar distintos temas relacionados con la bot\u00e1nica, las legumbres o vegetales que se pueden sembrar en un determinado clima, cu\u00e1les son las condiciones que necesita tener el suelo, qu\u00e9 cuidados hay que darles, qu\u00e9 tipos de riego existen, etc.<\/p>\n<p>Otra clase de aprendizaje basado en proyectos es aquel en que los alumnos se convierten en los maestros de otros estudiantes. La misi\u00f3n es formar equipos autodirigidos que a partir de la investigaci\u00f3n respondan de forma satisfactoria una pregunta compleja y expongan sus hallazgos. Por ejemplo, \u00bfpor qu\u00e9 se hace de noche?, \u00bfpor qu\u00e9 se dan las guerras?, o \u00bfc\u00f3mo se hace el chocolate?.<\/li>\n<li style=\"text-align: justify;\">\n<h5>Aprovechar los libros interactivos<\/h5>\n<p>Todas las herramientas multimedia e interactivas de las que podamos hacer uso para fomentar la lectura son bienvenidas. Los libros interactivos o digitales de \u00faltima generaci\u00f3n son entornos complejos de aprendizaje pensados para ofrecer una experiencia integral que genera asociaciones positivas con la lectura desde edades muy tempranas<\/p>\n<p>Una buena\u00a0biblioteca virtual\u00a0para tu instituci\u00f3n, que cuente con libros de texto pero tambi\u00e9n con obras interactivas de literatura infantil, es un gran valor diferenciador para tus alumnos, sobre todo porque los padres no siempre pueden o no siempre saben c\u00f3mo elegir lecturas adecuadas para sus peque\u00f1os.<\/li>\n<\/ol>\n<p style=\"text-align: justify;\">Aqu\u00ed tiene Usted los enlaces en los que podr\u00e1 encontrar recursos que le ayudar\u00e1n a motivar la afici\u00f3n por la lectura.<\/p>\n<ul>\n<li style=\"text-align: justify;\"><a href=\"https:\/\/drive.google.com\/file\/d\/1E1l85LkcXm2U1nuvtb4GEwCjvAuuexS5\/view\" target=\"_blank\" rel=\"noopener noreferrer\">PLAN LECTOR PARA PRIMARIA Y SECUNDARIA 2020<\/a><\/li>\n<li style=\"text-align: justify;\"><a href=\"https:\/\/drive.google.com\/file\/d\/1ZTJ8s4NOrSr6k4LxSky-H_3jjOJwWAzZ\/view?fbclid=IwAR2zM7R5866hDLtIIex1sDvKX5V7ysbkn_2VYaYFlsSw_5J4SIlXLRMgC7Q\" target=\"_blank\" rel=\"noopener noreferrer\">PLAN LECTOR<\/a><\/li>\n<li style=\"text-align: justify;\"><a href=\"https:\/\/webdelmaestrocmf.com\/portal\/35-cuentos-infantiles-cortos-para-descargar\/\" target=\"_blank\" rel=\"noopener noreferrer\">37 CUENTOS INFANTILES PARA DESCARGAR<\/a><\/li>\n<li style=\"text-align: justify;\"><a href=\"http:\/\/www.cuentosinfantilesadormir.com\/descargarcuentosinfantiles.htm\" target=\"_blank\" rel=\"noopener noreferrer\">CUENTOS INFANTILES A DORMIR<\/a><\/li>\n<\/ul>\n<h5>Libros para descargar:<\/h5>\n<p>Aqu\u00ed la colecci\u00f3n de los mejores libros para leer gratis.<\/p>\n<table id=\"tablepress-17\" class=\"tablepress tablepress-id-17 tablepress-responsive dataTable no-footer\">\n<thead>\n<tr class=\"row-1 odd\">\n<th class=\"column-1 sorting_disabled\" style=\"text-align: center;\" colspan=\"1\" rowspan=\"1\">Libro<\/th>\n<th class=\"column-2 sorting_disabled\" style=\"text-align: center;\" colspan=\"1\" rowspan=\"1\">desc\u00e1rgalo<\/th>\n<th class=\"column-3 sorting_disabled\" style=\"text-align: center;\" colspan=\"1\" rowspan=\"1\">Autor<\/th>\n<\/tr>\n<\/thead>\n<tbody class=\"row-hover\">\n<tr class=\"row-2 even\">\n<td class=\"column-1\"><strong>Coraz\u00f3n. Diario de un ni\u00f1o<\/strong><\/td>\n<td class=\"column-2\"><a href=\"http:\/\/bibliotecadigital.ilce.edu.mx\/Colecciones\/ObrasClasicas\/_docs\/Corazon_Amicis.pdf\" target=\"_blank\" rel=\"nofollow noopener noreferrer\">Click para leer<\/a><\/td>\n<td class=\"column-3\">Amicis, Edmundo de<\/td>\n<\/tr>\n<tr class=\"row-3 odd\">\n<td class=\"column-1\"><strong>Tres cuentos de Las mil y una noches<\/strong><\/td>\n<td class=\"column-2\"><a href=\"http:\/\/bibliotecadigital.ilce.edu.mx\/Colecciones\/ObrasClasicas\/_docs\/3Cuentos_LasMilNoches.pdf\" target=\"_blank\" rel=\"nofollow noopener noreferrer\">Click para leer<\/a><\/td>\n<td class=\"column-3\">An\u00f3nimo<\/td>\n<\/tr>\n<tr class=\"row-4 even\">\n<td class=\"column-1\"><strong>Diez cuentos de Las mil y una noches<\/strong><\/td>\n<td class=\"column-2\"><a href=\"http:\/\/bibliotecadigital.ilce.edu.mx\/Colecciones\/ObrasClasicas\/_docs\/10Cuentos_LasMilNoches.pdf\" target=\"_blank\" rel=\"nofollow noopener noreferrer\">Click para leer<\/a><\/td>\n<td class=\"column-3\">An\u00f3nimo<\/td>\n<\/tr>\n<tr class=\"row-5 odd\">\n<td class=\"column-1\"><strong>Caballer\u00eda roja<\/strong><\/td>\n<td class=\"column-2\"><a href=\"http:\/\/bibliotecadigital.ilce.edu.mx\/Colecciones\/ObrasClasicas\/_docs\/CaballeriaRoja_Babel.pdf\" target=\"_blank\" rel=\"nofollow noopener noreferrer\">Click para leer<\/a><\/td>\n<td class=\"column-3\">Babel, Isaac Emmanvilovich<\/td>\n<\/tr>\n<tr class=\"row-6 even\">\n<td class=\"column-1\"><strong>Alberto Savaruz<\/strong><\/td>\n<td class=\"column-2\"><a href=\"http:\/\/bibliotecadigital.ilce.edu.mx\/Colecciones\/ObrasClasicas\/_docs\/Alberto_Savaruz-Honore_de_Balzac.pdf\" target=\"_blank\" rel=\"nofollow noopener noreferrer\">Click para leer<\/a><\/td>\n<td class=\"column-3\">Balzac, Honor\u00e9 de<\/td>\n<\/tr>\n<tr class=\"row-7 odd\">\n<td class=\"column-1\"><strong>El asesinato<\/strong><\/td>\n<td class=\"column-2\"><a href=\"http:\/\/bibliotecadigital.ilce.edu.mx\/Colecciones\/ObrasClasicas\/_docs\/Asesinato.pdf\" target=\"_blank\" rel=\"nofollow noopener noreferrer\">Click para leer<\/a><\/td>\n<td class=\"column-3\">Ch\u00e9jov, Ant\u00f3n<\/td>\n<\/tr>\n<tr class=\"row-8 even\">\n<td class=\"column-1\"><strong>El jard\u00edn de los cerezos<\/strong><\/td>\n<td class=\"column-2\"><a href=\"http:\/\/bibliotecadigital.ilce.edu.mx\/Colecciones\/ObrasClasicas\/_docs\/JardinCerezos.pdf\" target=\"_blank\" rel=\"nofollow noopener noreferrer\">Click para leer<\/a><\/td>\n<td class=\"column-3\">Ch\u00e9jov, Ant\u00f3n<\/td>\n<\/tr>\n<tr class=\"row-9 odd\">\n<td class=\"column-1\"><strong>El pabell\u00f3n No. 6<\/strong><\/td>\n<td class=\"column-2\"><a href=\"http:\/\/bibliotecadigital.ilce.edu.mx\/Colecciones\/ObrasClasicas\/_docs\/Pabellon6.pdf\" target=\"_blank\" rel=\"nofollow noopener noreferrer\">Click para leer<\/a><\/td>\n<td class=\"column-3\">Ch\u00e9jov, Ant\u00f3n<\/td>\n<\/tr>\n<tr class=\"row-10 even\">\n<td class=\"column-1\"><strong>El misterio de Copper Beeches<\/strong><\/td>\n<td class=\"column-2\"><a href=\"http:\/\/bibliotecadigital.ilce.edu.mx\/Colecciones\/ObrasClasicas\/_docs\/MisterioCopper_Doyle.pdf\" target=\"_blank\" rel=\"nofollow noopener noreferrer\">Click para leer<\/a><\/td>\n<td class=\"column-3\">Conan Doyle, Arthur<\/td>\n<\/tr>\n<tr class=\"row-11 odd\">\n<td class=\"column-1\"><strong>El misterio del valle Boscombe<\/strong><\/td>\n<td class=\"column-2\"><a href=\"http:\/\/bibliotecadigital.ilce.edu.mx\/Colecciones\/ObrasClasicas\/_docs\/MisterioValleBoscombe_Doyle.pdf\" target=\"_blank\" rel=\"nofollow noopener noreferrer\">Click para leer<\/a><\/td>\n<td class=\"column-3\">Conan Doyle, Arthur<\/td>\n<\/tr>\n<tr class=\"row-12 even\">\n<td class=\"column-1\"><strong>El signo de los cuatro<\/strong><\/td>\n<td class=\"column-2\"><a href=\"http:\/\/bibliotecadigital.ilce.edu.mx\/Colecciones\/ObrasClasicas\/_docs\/SignoCuatro_Doyle.pdf\" target=\"_blank\" rel=\"nofollow noopener noreferrer\">Click para leer<\/a><\/td>\n<td class=\"column-3\">Conan Doyle, Arthur<\/td>\n<\/tr>\n<tr class=\"row-13 odd\">\n<td class=\"column-1\"><strong>Espanto en las alturas<\/strong><\/td>\n<td class=\"column-2\"><a href=\"http:\/\/bibliotecadigital.ilce.edu.mx\/Colecciones\/ObrasClasicas\/_docs\/EspantoAlturas_Doyle.pdf\" target=\"_blank\" rel=\"nofollow noopener noreferrer\">Click para leer<\/a><\/td>\n<td class=\"column-3\">Conan Doyle, Arthur<\/td>\n<\/tr>\n<tr class=\"row-14 even\">\n<td class=\"column-1\"><strong>Un esc\u00e1ndalo en Bohemia<\/strong><\/td>\n<td class=\"column-2\"><a href=\"http:\/\/bibliotecadigital.ilce.edu.mx\/Colecciones\/ObrasClasicas\/_docs\/EscandaloBohemia_Doyle.pdf\" target=\"_blank\" rel=\"nofollow noopener noreferrer\">Click para leer<\/a><\/td>\n<td class=\"column-3\">Conan Doyle, Arthur<\/td>\n<\/tr>\n<tr class=\"row-15 odd\">\n<td class=\"column-1\"><strong>El coraz\u00f3n de las tinieblas<\/strong><\/td>\n<td class=\"column-2\"><a href=\"http:\/\/bibliotecadigital.ilce.edu.mx\/Colecciones\/ObrasClasicas\/_docs\/CorazonTinieblas_Conrad.pdf\" target=\"_blank\" rel=\"nofollow noopener noreferrer\">Click para leer<\/a><\/td>\n<td class=\"column-3\">Conrad, Joseph<\/td>\n<\/tr>\n<tr class=\"row-16 even\">\n<td class=\"column-1\"><strong>La teor\u00eda de la evoluci\u00f3n: El origen de las especies<\/strong><\/td>\n<td class=\"column-2\"><a href=\"http:\/\/bibliotecadigital.ilce.edu.mx\/Colecciones\/ObrasClasicas\/_docs\/TeoriaEvolucion-Darwin.pdf\" target=\"_blank\" rel=\"nofollow noopener noreferrer\">Click para leer<\/a><\/td>\n<td class=\"column-3\">Darwin, Charles<\/td>\n<\/tr>\n<tr class=\"row-17 odd\">\n<td class=\"column-1\"><strong>Tartar\u00edn de Tarasc\u00f3n<\/strong><\/td>\n<td class=\"column-2\"><a href=\"http:\/\/bibliotecadigital.ilce.edu.mx\/Colecciones\/ObrasClasicas\/_docs\/Tartarin_de_Tarascon-Alphonse_Daudet.pdf\" target=\"_blank\" rel=\"nofollow noopener noreferrer\">Click para leer<\/a><\/td>\n<td class=\"column-3\">Daudet, Alphonse<\/td>\n<\/tr>\n<tr class=\"row-18 even\">\n<td class=\"column-1\"><strong>Proceso por asesinato<\/strong><\/td>\n<td class=\"column-2\"><a href=\"http:\/\/bibliotecadigital.ilce.edu.mx\/Colecciones\/ObrasClasicas\/_docs\/ProcesoAsesinato.pdf\" target=\"_blank\" rel=\"nofollow noopener noreferrer\">Click para leer<\/a><\/td>\n<td class=\"column-3\">Dickens, Charles<\/td>\n<\/tr>\n<tr class=\"row-19 odd\">\n<td class=\"column-1\"><strong>Noches blancas<\/strong><\/td>\n<td class=\"column-2\"><a href=\"http:\/\/bibliotecadigital.ilce.edu.mx\/Colecciones\/ObrasClasicas\/_docs\/NochesBlancas.pdf\" target=\"_blank\" rel=\"nofollow noopener noreferrer\">Click para leer<\/a><\/td>\n<td class=\"column-3\">Dostoievski, Fedor<\/td>\n<\/tr>\n<tr class=\"row-20 even\">\n<td class=\"column-1\"><strong>La reliquia<\/strong><\/td>\n<td class=\"column-2\"><a href=\"http:\/\/bibliotecadigital.ilce.edu.mx\/Colecciones\/ObrasClasicas\/_docs\/Reliquia.pdf\" target=\"_blank\" rel=\"nofollow noopener noreferrer\">Click para leer<\/a><\/td>\n<td class=\"column-3\">E\u00e7a de Queiroz, Jos\u00e9 Mar\u00eda<\/td>\n<\/tr>\n<tr class=\"row-21 odd\">\n<td class=\"column-1\"><strong>El anillo<\/strong><\/td>\n<td class=\"column-2\"><a href=\"http:\/\/bibliotecadigital.ilce.edu.mx\/Colecciones\/ObrasClasicas\/_docs\/Anillo.pdf\" target=\"_blank\" rel=\"nofollow noopener noreferrer\">Click para leer<\/a><\/td>\n<td class=\"column-3\">Eichendorff, Joseph von<\/td>\n<\/tr>\n<tr class=\"row-22 even\">\n<td class=\"column-1\"><strong>Prometeo encadenado<\/strong><\/td>\n<td class=\"column-2\"><a href=\"http:\/\/bibliotecadigital.ilce.edu.mx\/Colecciones\/ObrasClasicas\/_docs\/PrometeoEncadenado.pdf\" target=\"_blank\" rel=\"nofollow noopener noreferrer\">Click para leer<\/a><\/td>\n<td class=\"column-3\">Esquilo<\/td>\n<\/tr>\n<tr class=\"row-23 odd\">\n<td class=\"column-1\"><strong>Las troyanas<\/strong><\/td>\n<td class=\"column-2\"><a href=\"http:\/\/bibliotecadigital.ilce.edu.mx\/Colecciones\/ObrasClasicas\/_docs\/Troyanas.pdf\" target=\"_blank\" rel=\"nofollow noopener noreferrer\">Click para leer<\/a><\/td>\n<td class=\"column-3\">Eur\u00edpides<\/td>\n<\/tr>\n<tr class=\"row-24 even\">\n<td class=\"column-1\"><strong>El cuento de la serpiente verde<\/strong><\/td>\n<td class=\"column-2\"><a href=\"http:\/\/bibliotecadigital.ilce.edu.mx\/Colecciones\/ObrasClasicas\/_docs\/SerpienteVerde.pdf\" target=\"_blank\" rel=\"nofollow noopener noreferrer\">Click para leer<\/a><\/td>\n<td class=\"column-3\">Goethe, Johann Wolfgang<\/td>\n<\/tr>\n<tr class=\"row-25 odd\">\n<td class=\"column-1\"><strong>Diario de un loco<\/strong><\/td>\n<td class=\"column-2\"><a href=\"http:\/\/bibliotecadigital.ilce.edu.mx\/Colecciones\/ObrasClasicas\/_docs\/DiarioLoco.pdf\" target=\"_blank\" rel=\"nofollow noopener noreferrer\">Click para leer<\/a><\/td>\n<td class=\"column-3\">Gogol, Nikolai<\/td>\n<\/tr>\n<tr class=\"row-26 even\">\n<td class=\"column-1\"><strong>El capote<\/strong><\/td>\n<td class=\"column-2\"><a href=\"http:\/\/bibliotecadigital.ilce.edu.mx\/Colecciones\/ObrasClasicas\/_docs\/Capote.pdf\" target=\"_blank\" rel=\"nofollow noopener noreferrer\">Click para leer<\/a><\/td>\n<td class=\"column-3\">Gogol, Nikolai<\/td>\n<\/tr>\n<tr class=\"row-27 odd\">\n<td class=\"column-1\"><strong>El retrato<\/strong><\/td>\n<td class=\"column-2\"><a href=\"http:\/\/bibliotecadigital.ilce.edu.mx\/Colecciones\/ObrasClasicas\/_docs\/Retrato.pdf\" target=\"_blank\" rel=\"nofollow noopener noreferrer\">Click para leer<\/a><\/td>\n<td class=\"column-3\">Gogol, Nikolai<\/td>\n<\/tr>\n<tr class=\"row-28 even\">\n<td class=\"column-1\"><strong>La perspectiva Nevsky<\/strong><\/td>\n<td class=\"column-2\"><a href=\"http:\/\/bibliotecadigital.ilce.edu.mx\/Colecciones\/ObrasClasicas\/_docs\/PerspectivaNevsky.pdf\" target=\"_blank\" rel=\"nofollow noopener noreferrer\">Click para leer<\/a><\/td>\n<td class=\"column-3\">Gogol, Nikolai<\/td>\n<\/tr>\n<tr class=\"row-29 odd\">\n<td class=\"column-1\"><strong>El encuentro inesperado.<\/strong><\/td>\n<td class=\"column-2\"><a href=\"http:\/\/bibliotecadigital.ilce.edu.mx\/Colecciones\/ObrasClasicas\/_docs\/EncuentroInesperado.pdf\" target=\"_blank\" rel=\"nofollow noopener noreferrer\">Click para leer<\/a><\/td>\n<td class=\"column-3\">Hebel, Johann Peter<\/td>\n<\/tr>\n<tr class=\"row-30 even\">\n<td class=\"column-1\"><strong>Demian<\/strong><\/td>\n<td class=\"column-2\"><a href=\"http:\/\/bibliotecadigital.ilce.edu.mx\/Colecciones\/ObrasClasicas\/_docs\/Demian_HermannHesse.pdf\" target=\"_blank\" rel=\"nofollow noopener noreferrer\">Click para leer<\/a><\/td>\n<td class=\"column-3\">Hesse, Hermann<\/td>\n<\/tr>\n<tr class=\"row-31 odd\">\n<td class=\"column-1\"><strong>El lobo estepario<\/strong><\/td>\n<td class=\"column-2\"><a href=\"http:\/\/bibliotecadigital.ilce.edu.mx\/Colecciones\/ObrasClasicas\/_docs\/ElLoboEstepario.pdf\" target=\"_blank\" rel=\"nofollow noopener noreferrer\">Click para leer<\/a><\/td>\n<td class=\"column-3\">Hesse, Hermann<\/td>\n<\/tr>\n<tr class=\"row-32 even\">\n<td class=\"column-1\"><strong>Siddhartha<\/strong><\/td>\n<td class=\"column-2\"><a href=\"http:\/\/bibliotecadigital.ilce.edu.mx\/Colecciones\/ObrasClasicas\/_docs\/Siddhartha.pdf\" target=\"_blank\" rel=\"nofollow noopener noreferrer\">Click para leer<\/a><\/td>\n<td class=\"column-3\">Hesse, Hermann<\/td>\n<\/tr>\n<tr class=\"row-33 odd\">\n<td class=\"column-1\"><strong>Cuentos de miedo<\/strong><\/td>\n<td class=\"column-2\"><a href=\"http:\/\/bibliotecadigital.ilce.edu.mx\/Colecciones\/ObrasClasicas\/_docs\/CuentosDeMiedo_Hoffmann.pdf\" target=\"_blank\" rel=\"nofollow noopener noreferrer\">Click para leer<\/a><\/td>\n<td class=\"column-3\">Hoffmann, E.T.A.<\/td>\n<\/tr>\n<tr class=\"row-34 even\">\n<td class=\"column-1\"><strong>La Il\u00edada<\/strong><\/td>\n<td class=\"column-2\"><a href=\"http:\/\/bibliotecadigital.ilce.edu.mx\/Colecciones\/ObrasClasicas\/_docs\/Iliada.pdf\" target=\"_blank\" rel=\"nofollow noopener noreferrer\">Click para leer<\/a><\/td>\n<td class=\"column-3\">Homero<\/td>\n<\/tr>\n<tr class=\"row-35 odd\">\n<td class=\"column-1\"><strong>La Odisea<\/strong><\/td>\n<td class=\"column-2\"><a href=\"http:\/\/bibliotecadigital.ilce.edu.mx\/Colecciones\/ObrasClasicas\/_docs\/Odisea.pdf\" target=\"_blank\" rel=\"nofollow noopener noreferrer\">Click para leer<\/a><\/td>\n<td class=\"column-3\">Homero<\/td>\n<\/tr>\n<tr class=\"row-36 even\">\n<td class=\"column-1\"><strong>Bug Jargal<\/strong><\/td>\n<td class=\"column-2\"><a href=\"http:\/\/bibliotecadigital.ilce.edu.mx\/Colecciones\/ObrasClasicas\/_docs\/Bug_Jargal-Victor_Hugo.pdf\" target=\"_blank\" rel=\"nofollow noopener noreferrer\">Click para leer<\/a><\/td>\n<td class=\"column-3\">Hugo, Victor<\/td>\n<\/tr>\n<tr class=\"row-37 odd\">\n<td class=\"column-1\"><strong>Cuentos de la Alhambra. Dos leyendas<\/strong><\/td>\n<td class=\"column-2\"><a href=\"http:\/\/bibliotecadigital.ilce.edu.mx\/Colecciones\/ObrasClasicas\/_docs\/CuentosAlhambra.pdf\" target=\"_blank\" rel=\"nofollow noopener noreferrer\">Click para leer<\/a><\/td>\n<td class=\"column-3\">Irving, Washington<\/td>\n<\/tr>\n<tr class=\"row-38 even\">\n<td class=\"column-1\"><strong>La vuelta de tuerca<\/strong><\/td>\n<td class=\"column-2\"><a href=\"http:\/\/bibliotecadigital.ilce.edu.mx\/Colecciones\/ObrasClasicas\/_docs\/VueltaDeTuerca.pdf\" target=\"_blank\" rel=\"nofollow noopener noreferrer\">Click para leer<\/a><\/td>\n<td class=\"column-3\">James, Henry<\/td>\n<\/tr>\n<tr class=\"row-39 odd\">\n<td class=\"column-1\"><strong>La rosa amarilla<\/strong><\/td>\n<td class=\"column-2\"><a href=\"http:\/\/bibliotecadigital.ilce.edu.mx\/Colecciones\/ObrasClasicas\/_docs\/RosaAmarilla.pdf\" target=\"_blank\" rel=\"nofollow noopener noreferrer\">Click para leer<\/a><\/td>\n<td class=\"column-3\">J\u00f3kai, Mor<\/td>\n<\/tr>\n<tr class=\"row-40 even\">\n<td class=\"column-1\"><strong>Una cruza<\/strong><\/td>\n<td class=\"column-2\"><a href=\"http:\/\/bibliotecadigital.ilce.edu.mx\/Colecciones\/ObrasClasicas\/_docs\/Una_cruza-Franz_Kafka.pdf\" target=\"_blank\" rel=\"nofollow noopener noreferrer\">Click para leer<\/a><\/td>\n<td class=\"column-3\">Kafka, Franz<\/td>\n<\/tr>\n<tr class=\"row-41 odd\">\n<td class=\"column-1\"><strong>El carrito fantasma<\/strong><\/td>\n<td class=\"column-2\"><a href=\"http:\/\/bibliotecadigital.ilce.edu.mx\/Colecciones\/ObrasClasicas\/_docs\/CarritoFantasma_Kipling.pdf\" target=\"_blank\" rel=\"nofollow noopener noreferrer\">Click para leer<\/a><\/td>\n<td class=\"column-3\">Kipling, Rudyard<\/td>\n<\/tr>\n<tr class=\"row-42 even\">\n<td class=\"column-1\"><strong>Si&#8230;<\/strong><\/td>\n<td class=\"column-2\"><a href=\"http:\/\/bibliotecadigital.ilce.edu.mx\/Colecciones\/ObrasClasicas\/_docs\/Si.pdf\" target=\"_blank\" rel=\"nofollow noopener noreferrer\">Click para leer<\/a><\/td>\n<td class=\"column-3\">Kipling, Rudyard<\/td>\n<\/tr>\n<tr class=\"row-43 odd\">\n<td class=\"column-1\"><strong>Tao Te King<\/strong><\/td>\n<td class=\"column-2\"><a href=\"http:\/\/bibliotecadigital.ilce.edu.mx\/Colecciones\/ObrasClasicas\/_docs\/TaoTeKing_LaoTse.pdf\" target=\"_blank\" rel=\"nofollow noopener noreferrer\">Click para leer<\/a><\/td>\n<td class=\"column-3\">Lao Tse<\/td>\n<\/tr>\n<tr class=\"row-44 even\">\n<td class=\"column-1\"><strong>T\u00e9 verde<\/strong><\/td>\n<td class=\"column-2\"><a href=\"http:\/\/bibliotecadigital.ilce.edu.mx\/Colecciones\/ObrasClasicas\/_docs\/TeVerde.pdf\" target=\"_blank\" rel=\"nofollow noopener noreferrer\">Click para leer<\/a><\/td>\n<td class=\"column-3\">Le Fanu, Joseph Sheridan<\/td>\n<\/tr>\n<tr class=\"row-45 odd\">\n<td class=\"column-1\"><strong>Katha Upanishad<\/strong><\/td>\n<td class=\"column-2\"><a href=\"http:\/\/bibliotecadigital.ilce.edu.mx\/Colecciones\/ObrasClasicas\/_docs\/Katha_Upanishad-Literatura_clasica_hindu.pdf\" target=\"_blank\" rel=\"nofollow noopener noreferrer\">Click para leer<\/a><\/td>\n<td class=\"column-3\">Literatura cl\u00e1sica hind\u00fa<\/td>\n<\/tr>\n<tr class=\"row-46 even\">\n<td class=\"column-1\"><strong>La leyenda de Gilgamesh<\/strong><\/td>\n<td class=\"column-2\"><a href=\"http:\/\/bibliotecadigital.ilce.edu.mx\/Colecciones\/ObrasClasicas\/_docs\/Gilgamesh.pdf\" target=\"_blank\" rel=\"nofollow noopener noreferrer\">Click para leer<\/a><\/td>\n<td class=\"column-3\">Literatura de Babilonia<\/td>\n<\/tr>\n<tr class=\"row-47 odd\">\n<td class=\"column-1\"><strong>El color surgido del espacio y seis cuentos cortos<\/strong><\/td>\n<td class=\"column-2\"><a href=\"http:\/\/bibliotecadigital.ilce.edu.mx\/Colecciones\/ObrasClasicas\/_docs\/Elcolorsurgidodelespacio.pdf\" target=\"_blank\" rel=\"nofollow noopener noreferrer\">Click para leer<\/a><\/td>\n<td class=\"column-3\">Lovecraft, H.P.<\/td>\n<\/tr>\n<tr class=\"row-48 even\">\n<td class=\"column-1\"><strong>An\u00e9cdota pecuniaria<\/strong><\/td>\n<td class=\"column-2\"><a href=\"http:\/\/bibliotecadigital.ilce.edu.mx\/Colecciones\/ObrasClasicas\/_docs\/AnecdotaPecuniaria.pdf\" target=\"_blank\" rel=\"nofollow noopener noreferrer\">Click para leer<\/a><\/td>\n<td class=\"column-3\">Machado de Assis, Joaqu\u00edn Mar\u00eda<\/td>\n<\/tr>\n<tr class=\"row-49 odd\">\n<td class=\"column-1\"><strong>Cl\u00e1usula testamentaria<\/strong><\/td>\n<td class=\"column-2\"><a href=\"http:\/\/bibliotecadigital.ilce.edu.mx\/Colecciones\/ObrasClasicas\/_docs\/ClausulaTestamentaria.pdf\" target=\"_blank\" rel=\"nofollow noopener noreferrer\">Click para leer<\/a><\/td>\n<td class=\"column-3\">Machado de Assis, Joaqu\u00edn Mar\u00eda<\/td>\n<\/tr>\n<tr class=\"row-50 even\">\n<td class=\"column-1\"><strong>El alienista<\/strong><\/td>\n<td class=\"column-2\"><a href=\"http:\/\/bibliotecadigital.ilce.edu.mx\/Colecciones\/ObrasClasicas\/_docs\/Alienista.pdf\" target=\"_blank\" rel=\"nofollow noopener noreferrer\">Click para leer<\/a><\/td>\n<td class=\"column-3\">Machado de Assis, Joaqu\u00edn Mar\u00eda<\/td>\n<\/tr>\n<tr class=\"row-51 odd\">\n<td class=\"column-1\"><strong>El secreto de Augusta<\/strong><\/td>\n<td class=\"column-2\"><a href=\"http:\/\/bibliotecadigital.ilce.edu.mx\/Colecciones\/ObrasClasicas\/_docs\/SecretoAugusta.pdf\" target=\"_blank\" rel=\"nofollow noopener noreferrer\">Click para leer<\/a><\/td>\n<td class=\"column-3\">Machado de Assis, Joaqu\u00edn Mar\u00eda<\/td>\n<\/tr>\n<tr class=\"row-52 even\">\n<td class=\"column-1\"><strong>La causa secreta<\/strong><\/td>\n<td class=\"column-2\"><a href=\"http:\/\/bibliotecadigital.ilce.edu.mx\/Colecciones\/ObrasClasicas\/_docs\/CausaSecreta.pdf\" target=\"_blank\" rel=\"nofollow noopener noreferrer\">Click para leer<\/a><\/td>\n<td class=\"column-3\">Machado de Assis, Joaqu\u00edn Mar\u00eda<\/td>\n<\/tr>\n<tr class=\"row-53 odd\">\n<td class=\"column-1\"><strong>Un hombre c\u00e9lebre<\/strong><\/td>\n<td class=\"column-2\"><a href=\"http:\/\/bibliotecadigital.ilce.edu.mx\/Colecciones\/ObrasClasicas\/_docs\/HombreCelebre.pdf\" target=\"_blank\" rel=\"nofollow noopener noreferrer\">Click para leer<\/a><\/td>\n<td class=\"column-3\">Machado de Assis, Joaqu\u00edn Mar\u00eda<\/td>\n<\/tr>\n<tr class=\"row-54 even\">\n<td class=\"column-1\"><strong>La siesta del fauno, otros poemas y sonetos<\/strong><\/td>\n<td class=\"column-2\"><a href=\"http:\/\/bibliotecadigital.ilce.edu.mx\/Colecciones\/ObrasClasicas\/_docs\/SiestaFauno_Mallarme.pdf\" target=\"_blank\" rel=\"nofollow noopener noreferrer\">Click para leer<\/a><\/td>\n<td class=\"column-3\">Mallarm\u00e9, St\u00e9phane<\/td>\n<\/tr>\n<tr class=\"row-55 odd\">\n<td class=\"column-1\"><strong>Meditaciones<\/strong><\/td>\n<td class=\"column-2\"><a href=\"http:\/\/bibliotecadigital.ilce.edu.mx\/Colecciones\/ObrasClasicas\/_docs\/Meditaciones_MarcoAurelio.pdf\" target=\"_blank\" rel=\"nofollow noopener noreferrer\">Click para leer<\/a><\/td>\n<td class=\"column-3\">Marco Aurelio<\/td>\n<\/tr>\n<tr class=\"row-56 even\">\n<td class=\"column-1\"><strong>La mujer loba<\/strong><\/td>\n<td class=\"column-2\"><a href=\"http:\/\/bibliotecadigital.ilce.edu.mx\/Colecciones\/ObrasClasicas\/_docs\/MujerLoba.pdf\" target=\"_blank\" rel=\"nofollow noopener noreferrer\">Click para leer<\/a><\/td>\n<td class=\"column-3\">Marryat, Frederick<\/td>\n<\/tr>\n<tr class=\"row-57 odd\">\n<td class=\"column-1\"><strong>\u00bfLoco?<\/strong><\/td>\n<td class=\"column-2\"><a href=\"http:\/\/bibliotecadigital.ilce.edu.mx\/Colecciones\/ObrasClasicas\/_docs\/Loco.pdf\" target=\"_blank\" rel=\"nofollow noopener noreferrer\">Click para leer<\/a><\/td>\n<td class=\"column-3\">Maupassant, Guy de<\/td>\n<\/tr>\n<tr class=\"row-58 even\">\n<td class=\"column-1\"><strong>\u00bfQui\u00e9n sabe?<\/strong><\/td>\n<td class=\"column-2\"><a href=\"http:\/\/bibliotecadigital.ilce.edu.mx\/Colecciones\/ObrasClasicas\/_docs\/QuienSabe.pdf\" target=\"_blank\" rel=\"nofollow noopener noreferrer\">Click para leer<\/a><\/td>\n<td class=\"column-3\">Maupassant, Guy de<\/td>\n<\/tr>\n<tr class=\"row-59 odd\">\n<td class=\"column-1\"><strong>Aparici\u00f3n<\/strong><\/td>\n<td class=\"column-2\"><a href=\"http:\/\/bibliotecadigital.ilce.edu.mx\/Colecciones\/ObrasClasicas\/_docs\/Aparicion.pdf\" target=\"_blank\" rel=\"nofollow noopener noreferrer\">Click para leer<\/a><\/td>\n<td class=\"column-3\">Maupassant, Guy de<\/td>\n<\/tr>\n<tr class=\"row-60 even\">\n<td class=\"column-1\"><strong>Carta que se encontr\u00f3 a un ahogado<\/strong><\/td>\n<td class=\"column-2\"><a href=\"http:\/\/bibliotecadigital.ilce.edu.mx\/Colecciones\/ObrasClasicas\/_docs\/CartaEncontro.pdf\" target=\"_blank\" rel=\"nofollow noopener noreferrer\">Click para leer<\/a><\/td>\n<td class=\"column-3\">Maupassant, Guy de<\/td>\n<\/tr>\n<tr class=\"row-61 odd\">\n<td class=\"column-1\"><strong>Cuento de Navidad<\/strong><\/td>\n<td class=\"column-2\"><a href=\"http:\/\/bibliotecadigital.ilce.edu.mx\/Colecciones\/ObrasClasicas\/_docs\/CuentoNavidad.pdf\" target=\"_blank\" rel=\"nofollow noopener noreferrer\">Click para leer<\/a><\/td>\n<td class=\"column-3\">Maupassant, Guy de<\/td>\n<\/tr>\n<tr class=\"row-62 even\">\n<td class=\"column-1\"><strong>El Horla<\/strong><\/td>\n<td class=\"column-2\"><a href=\"http:\/\/bibliotecadigital.ilce.edu.mx\/Colecciones\/ObrasClasicas\/_docs\/Horla.pdf\" target=\"_blank\" rel=\"nofollow noopener noreferrer\">Click para leer<\/a><\/td>\n<td class=\"column-3\">Maupassant, Guy de<\/td>\n<\/tr>\n<tr class=\"row-63 odd\">\n<td class=\"column-1\"><strong>El lobo<\/strong><\/td>\n<td class=\"column-2\"><a href=\"http:\/\/bibliotecadigital.ilce.edu.mx\/Colecciones\/ObrasClasicas\/_docs\/Lobo.pdf\" target=\"_blank\" rel=\"nofollow noopener noreferrer\">Click para leer<\/a><\/td>\n<td class=\"column-3\">Maupassant, Guy de<\/td>\n<\/tr>\n<tr class=\"row-64 even\">\n<td class=\"column-1\"><strong>El miedo<\/strong><\/td>\n<td class=\"column-2\"><a href=\"http:\/\/bibliotecadigital.ilce.edu.mx\/Colecciones\/ObrasClasicas\/_docs\/Miedo.pdf\" target=\"_blank\" rel=\"nofollow noopener noreferrer\">Click para leer<\/a><\/td>\n<td class=\"column-3\">Maupassant, Guy de<\/td>\n<\/tr>\n<tr class=\"row-65 odd\">\n<td class=\"column-1\"><strong>Junto a un muerto<\/strong><\/td>\n<td class=\"column-2\"><a href=\"http:\/\/bibliotecadigital.ilce.edu.mx\/Colecciones\/ObrasClasicas\/_docs\/JuntoMuerto.pdf\" target=\"_blank\" rel=\"nofollow noopener noreferrer\">Click para leer<\/a><\/td>\n<td class=\"column-3\">Maupassant, Guy de<\/td>\n<\/tr>\n<tr class=\"row-66 even\">\n<td class=\"column-1\"><strong>La cabellera<\/strong><\/td>\n<td class=\"column-2\"><a href=\"http:\/\/bibliotecadigital.ilce.edu.mx\/Colecciones\/ObrasClasicas\/_docs\/Cabellera.pdf\" target=\"_blank\" rel=\"nofollow noopener noreferrer\">Click para leer<\/a><\/td>\n<td class=\"column-3\">Maupassant, Guy de<\/td>\n<\/tr>\n<tr class=\"row-67 odd\">\n<td class=\"column-1\"><strong>La mano disecada<\/strong><\/td>\n<td class=\"column-2\"><a href=\"http:\/\/bibliotecadigital.ilce.edu.mx\/Colecciones\/ObrasClasicas\/_docs\/ManoDisecada.pdf\" target=\"_blank\" rel=\"nofollow noopener noreferrer\">Click para leer<\/a><\/td>\n<td class=\"column-3\">Maupassant, Guy de<\/td>\n<\/tr>\n<tr class=\"row-68 even\">\n<td class=\"column-1\"><strong>Los sepulcrales<\/strong><\/td>\n<td class=\"column-2\"><a href=\"http:\/\/bibliotecadigital.ilce.edu.mx\/Colecciones\/ObrasClasicas\/_docs\/Sepulcrales.pdf\" target=\"_blank\" rel=\"nofollow noopener noreferrer\">Click para leer<\/a><\/td>\n<td class=\"column-3\">Maupassant, Guy de<\/td>\n<\/tr>\n<tr class=\"row-69 odd\">\n<td class=\"column-1\"><strong>Suicidas<\/strong><\/td>\n<td class=\"column-2\"><a href=\"http:\/\/bibliotecadigital.ilce.edu.mx\/Colecciones\/ObrasClasicas\/_docs\/Suicidas.pdf\" target=\"_blank\" rel=\"nofollow noopener noreferrer\">Click para leer<\/a><\/td>\n<td class=\"column-3\">Maupassant, Guy de<\/td>\n<\/tr>\n<tr class=\"row-70 even\">\n<td class=\"column-1\"><strong>Un loco<\/strong><\/td>\n<td class=\"column-2\"><a href=\"http:\/\/bibliotecadigital.ilce.edu.mx\/Colecciones\/ObrasClasicas\/_docs\/UnLoco.pdf\" target=\"_blank\" rel=\"nofollow noopener noreferrer\">Click para leer<\/a><\/td>\n<td class=\"column-3\">Maupassant, Guy de<\/td>\n<\/tr>\n<tr class=\"row-71 odd\">\n<td class=\"column-1\"><strong>La mano encantada<\/strong><\/td>\n<td class=\"column-2\"><a href=\"http:\/\/bibliotecadigital.ilce.edu.mx\/Colecciones\/ObrasClasicas\/_docs\/ManoEncantada.pdf\" target=\"_blank\" rel=\"nofollow noopener noreferrer\">Click para leer<\/a><\/td>\n<td class=\"column-3\">Nerval, G\u00e9rard de<\/td>\n<\/tr>\n<tr class=\"row-72 even\">\n<td class=\"column-1\"><strong>El anticristo<\/strong><\/td>\n<td class=\"column-2\"><a href=\"http:\/\/bibliotecadigital.ilce.edu.mx\/Colecciones\/ObrasClasicas\/_docs\/Anticristo.pdf\" target=\"_blank\" rel=\"nofollow noopener noreferrer\">Click para leer<\/a><\/td>\n<td class=\"column-3\">Nietzsche, Friedrich<\/td>\n<\/tr>\n<tr class=\"row-73 odd\">\n<td class=\"column-1\"><strong>Apolog\u00eda de S\u00f3crates<\/strong><\/td>\n<td class=\"column-2\"><a href=\"http:\/\/bibliotecadigital.ilce.edu.mx\/Colecciones\/ObrasClasicas\/_docs\/Apologia_de_Socrates-Platon.pdf\" target=\"_blank\" rel=\"nofollow noopener noreferrer\">Click para leer<\/a><\/td>\n<td class=\"column-3\">Plat\u00f3n<\/td>\n<\/tr>\n<tr class=\"row-74 even\">\n<td class=\"column-1\"><strong>El banquete<\/strong><\/td>\n<td class=\"column-2\"><a href=\"http:\/\/bibliotecadigital.ilce.edu.mx\/Colecciones\/ObrasClasicas\/_docs\/El_banquete-Platon.pdf\" target=\"_blank\" rel=\"nofollow noopener noreferrer\">Click para leer<\/a><\/td>\n<td class=\"column-3\">Plat\u00f3n<\/td>\n<\/tr>\n<tr class=\"row-75 odd\">\n<td class=\"column-1\"><strong>Fed\u00f3n o del alma<\/strong><\/td>\n<td class=\"column-2\"><a href=\"http:\/\/bibliotecadigital.ilce.edu.mx\/Colecciones\/ObrasClasicas\/_docs\/Fedon_o_del_alma-Platon.pdf\" target=\"_blank\" rel=\"nofollow noopener noreferrer\">Click para leer<\/a><\/td>\n<td class=\"column-3\">Plat\u00f3n<\/td>\n<\/tr>\n<tr class=\"row-76 even\">\n<td class=\"column-1\"><strong>Berenice<\/strong><\/td>\n<td class=\"column-2\"><a href=\"http:\/\/bibliotecadigital.ilce.edu.mx\/Colecciones\/ObrasClasicas\/_docs\/Berenice.pdf\" target=\"_blank\" rel=\"nofollow noopener noreferrer\">Click para leer<\/a><\/td>\n<td class=\"column-3\">Poe, Edgar Allan<\/td>\n<\/tr>\n<tr class=\"row-77 odd\">\n<td class=\"column-1\"><strong>El camelo del globo<\/strong><\/td>\n<td class=\"column-2\"><a href=\"http:\/\/bibliotecadigital.ilce.edu.mx\/Colecciones\/ObrasClasicas\/_docs\/CameloGlobo.pdf\" target=\"_blank\" rel=\"nofollow noopener noreferrer\">Click para leer<\/a><\/td>\n<td class=\"column-3\">Poe, Edgar Allan<\/td>\n<\/tr>\n<tr class=\"row-78 even\">\n<td class=\"column-1\"><strong>El coraz\u00f3n delator<\/strong><\/td>\n<td class=\"column-2\"><a href=\"http:\/\/bibliotecadigital.ilce.edu.mx\/Colecciones\/ObrasClasicas\/_docs\/CorazonDelator.pdf\" target=\"_blank\" rel=\"nofollow noopener noreferrer\">Click para leer<\/a><\/td>\n<td class=\"column-3\">Poe, Edgar Allan<\/td>\n<\/tr>\n<tr class=\"row-79 odd\">\n<td class=\"column-1\"><strong>El cuervo<\/strong><\/td>\n<td class=\"column-2\"><a href=\"http:\/\/bibliotecadigital.ilce.edu.mx\/Colecciones\/ObrasClasicas\/_docs\/Cuervo.pdf\" target=\"_blank\" rel=\"nofollow noopener noreferrer\">Click para leer<\/a><\/td>\n<td class=\"column-3\">Poe, Edgar Allan<\/td>\n<\/tr>\n<tr class=\"row-80 even\">\n<td class=\"column-1\"><strong>El entierro prematuro<\/strong><\/td>\n<td class=\"column-2\"><a href=\"http:\/\/bibliotecadigital.ilce.edu.mx\/Colecciones\/ObrasClasicas\/_docs\/EntierroPrematuro.pdf\" target=\"_blank\" rel=\"nofollow noopener noreferrer\">Click para leer<\/a><\/td>\n<td class=\"column-3\">Poe, Edgar Allan<\/td>\n<\/tr>\n<tr class=\"row-81 odd\">\n<td class=\"column-1\"><strong>El escarabajo de oro<\/strong><\/td>\n<td class=\"column-2\"><a href=\"http:\/\/bibliotecadigital.ilce.edu.mx\/Colecciones\/ObrasClasicas\/_docs\/EscarabajoOro.pdf\" target=\"_blank\" rel=\"nofollow noopener noreferrer\">Click para leer<\/a><\/td>\n<td class=\"column-3\">Poe, Edgar Allan<\/td>\n<\/tr>\n<tr class=\"row-82 even\">\n<td class=\"column-1\"><strong>El gato negro<\/strong><\/td>\n<td class=\"column-2\"><a href=\"http:\/\/bibliotecadigital.ilce.edu.mx\/Colecciones\/ObrasClasicas\/_docs\/GatoNegro.pdf\" target=\"_blank\" rel=\"nofollow noopener noreferrer\">Click para leer<\/a><\/td>\n<td class=\"column-3\">Poe, Edgar Allan<\/td>\n<\/tr>\n<tr class=\"row-83 odd\">\n<td class=\"column-1\"><strong>El retrato oval<\/strong><\/td>\n<td class=\"column-2\"><a href=\"http:\/\/bibliotecadigital.ilce.edu.mx\/Colecciones\/ObrasClasicas\/_docs\/RetratoOval.pdf\" target=\"_blank\" rel=\"nofollow noopener noreferrer\">Click para leer<\/a><\/td>\n<td class=\"column-3\">Poe, Edgar Allan<\/td>\n<\/tr>\n<tr class=\"row-84 even\">\n<td class=\"column-1\"><strong>El tonel de amontillado<\/strong><\/td>\n<td class=\"column-2\"><a href=\"http:\/\/bibliotecadigital.ilce.edu.mx\/Colecciones\/ObrasClasicas\/_docs\/TonelAmontillado.pdf\" target=\"_blank\" rel=\"nofollow noopener noreferrer\">Click para leer<\/a><\/td>\n<td class=\"column-3\">Poe, Edgar Allan<\/td>\n<\/tr>\n<tr class=\"row-85 odd\">\n<td class=\"column-1\"><strong>La ca\u00edda de la casa de Usher<\/strong><\/td>\n<td class=\"column-2\"><a href=\"http:\/\/bibliotecadigital.ilce.edu.mx\/Colecciones\/ObrasClasicas\/_docs\/CaidaCasaUsher.pdf\" target=\"_blank\" rel=\"nofollow noopener noreferrer\">Click para leer<\/a><\/td>\n<td class=\"column-3\">Poe, Edgar Allan<\/td>\n<\/tr>\n<tr class=\"row-86 even\">\n<td class=\"column-1\"><strong>Ligeia<\/strong><\/td>\n<td class=\"column-2\"><a href=\"http:\/\/bibliotecadigital.ilce.edu.mx\/Colecciones\/ObrasClasicas\/_docs\/Ligeia.pdf\" target=\"_blank\" rel=\"nofollow noopener noreferrer\">Click para leer<\/a><\/td>\n<td class=\"column-3\">Poe, Edgar Allan<\/td>\n<\/tr>\n<tr class=\"row-87 odd\">\n<td class=\"column-1\"><strong>Los cr\u00edmenes de la calle Morgue<\/strong><\/td>\n<td class=\"column-2\"><a href=\"http:\/\/bibliotecadigital.ilce.edu.mx\/Colecciones\/ObrasClasicas\/_docs\/CrimenesCalleMorgue.pdf\" target=\"_blank\" rel=\"nofollow noopener noreferrer\">Click para leer<\/a><\/td>\n<td class=\"column-3\">Poe, Edgar Allan<\/td>\n<\/tr>\n<tr class=\"row-88 even\">\n<td class=\"column-1\"><strong>Metzengerstein<\/strong><\/td>\n<td class=\"column-2\"><a href=\"http:\/\/bibliotecadigital.ilce.edu.mx\/Colecciones\/ObrasClasicas\/_docs\/Metzengerstein.pdf\" target=\"_blank\" rel=\"nofollow noopener noreferrer\">Click para leer<\/a><\/td>\n<td class=\"column-3\">Poe, Edgar Allan<\/td>\n<\/tr>\n<tr class=\"row-89 odd\">\n<td class=\"column-1\"><strong>William Wilson<\/strong><\/td>\n<td class=\"column-2\"><a href=\"http:\/\/bibliotecadigital.ilce.edu.mx\/Colecciones\/ObrasClasicas\/_docs\/WilliamWilson.pdf\" target=\"_blank\" rel=\"nofollow noopener noreferrer\">Click para leer<\/a><\/td>\n<td class=\"column-3\">Poe, Edgar Allan<\/td>\n<\/tr>\n<tr class=\"row-90 even\">\n<td class=\"column-1\"><strong>El fabricante de ata\u00fades<\/strong><\/td>\n<td class=\"column-2\"><a href=\"http:\/\/bibliotecadigital.ilce.edu.mx\/Colecciones\/ObrasClasicas\/_docs\/Elfabricantedeataudes.pdf\" target=\"_blank\" rel=\"nofollow noopener noreferrer\">Click para leer<\/a><\/td>\n<td class=\"column-3\">Pushkin, Aleksandr<\/td>\n<\/tr>\n<tr class=\"row-91 odd\">\n<td class=\"column-1\"><strong>El cuento de Omar y Dilaram<\/strong><\/td>\n<td class=\"column-2\"><a href=\"http:\/\/bibliotecadigital.ilce.edu.mx\/Colecciones\/ObrasClasicas\/_docs\/OmarDilaram.pdf\" target=\"_blank\" rel=\"nofollow noopener noreferrer\">Click para leer<\/a><\/td>\n<td class=\"column-3\">Raabe, Wilhelm<\/td>\n<\/tr>\n<tr class=\"row-92 even\">\n<td class=\"column-1\"><strong>Una temporada en el infierno<\/strong><\/td>\n<td class=\"column-2\"><a href=\"http:\/\/bibliotecadigital.ilce.edu.mx\/Colecciones\/ObrasClasicas\/_docs\/Una_temporada_en_el_infierno-Arthur_Rimbaud.pdf\" target=\"_blank\" rel=\"nofollow noopener noreferrer\">Click para leer<\/a><\/td>\n<td class=\"column-3\">Rimbaud, Arthur<\/td>\n<\/tr>\n<tr class=\"row-93 odd\">\n<td class=\"column-1\"><strong>El contrato social<\/strong><\/td>\n<td class=\"column-2\"><a href=\"http:\/\/bibliotecadigital.ilce.edu.mx\/Colecciones\/ObrasClasicas\/_docs\/ContratoSocial.pdf\" target=\"_blank\" rel=\"nofollow noopener noreferrer\">Click para leer<\/a><\/td>\n<td class=\"column-3\">Rousseau, Jean-Jacques<\/td>\n<\/tr>\n<tr class=\"row-94 even\">\n<td class=\"column-1\"><strong>El principito<\/strong><\/td>\n<td class=\"column-2\"><a href=\"http:\/\/bibliotecadigital.ilce.edu.mx\/Colecciones\/ObrasClasicas\/_docs\/ElPrincipito.pdf\" target=\"_blank\" rel=\"nofollow noopener noreferrer\">Click para leer<\/a><\/td>\n<td class=\"column-3\">Saint-Exup\u00e9ry, Antoine de<\/td>\n<\/tr>\n<tr class=\"row-95 odd\">\n<td class=\"column-1\"><strong>El mortal inmortal<\/strong><\/td>\n<td class=\"column-2\"><a href=\"http:\/\/bibliotecadigital.ilce.edu.mx\/Colecciones\/ObrasClasicas\/_docs\/Mortal_inmortal-Shelley.pdf\" target=\"_blank\" rel=\"nofollow noopener noreferrer\">Click para leer<\/a><\/td>\n<td class=\"column-3\">Shelley, Mary<\/td>\n<\/tr>\n<tr class=\"row-96 even\">\n<td class=\"column-1\"><strong>La nube de lluvia<\/strong><\/td>\n<td class=\"column-2\"><a href=\"http:\/\/bibliotecadigital.ilce.edu.mx\/Colecciones\/ObrasClasicas\/_docs\/NubeLluvia.pdf\" target=\"_blank\" rel=\"nofollow noopener noreferrer\">Click para leer<\/a><\/td>\n<td class=\"column-3\">Storm, Theodor<\/td>\n<\/tr>\n<tr class=\"row-97 odd\">\n<td class=\"column-1\"><strong>El extra\u00f1o caso del Dr. Jekyll y Mr. Hyde<\/strong><\/td>\n<td class=\"column-2\"><a href=\"http:\/\/bibliotecadigital.ilce.edu.mx\/Colecciones\/ObrasClasicas\/_docs\/ElExtranoCasoDe.pdf\" target=\"_blank\" rel=\"nofollow noopener noreferrer\">Click para leer<\/a><\/td>\n<td class=\"column-3\">Stevenson, Robert Louis<\/td>\n<\/tr>\n<tr class=\"row-98 even\">\n<td class=\"column-1\"><strong>Markheim<\/strong><\/td>\n<td class=\"column-2\"><a href=\"http:\/\/bibliotecadigital.ilce.edu.mx\/Colecciones\/ObrasClasicas\/_docs\/Markheim.pdf\" target=\"_blank\" rel=\"nofollow noopener noreferrer\">Click para leer<\/a><\/td>\n<td class=\"column-3\">Stevenson, Robert Louis<\/td>\n<\/tr>\n<tr class=\"row-99 odd\">\n<td class=\"column-1\"><strong>Olalla<\/strong><\/td>\n<td class=\"column-2\"><a href=\"http:\/\/bibliotecadigital.ilce.edu.mx\/Colecciones\/ObrasClasicas\/_docs\/Olalla.pdf\" target=\"_blank\" rel=\"nofollow noopener noreferrer\">Click para leer<\/a><\/td>\n<td class=\"column-3\">Stevenson, Robert Louis<\/td>\n<\/tr>\n<tr class=\"row-100 even\">\n<td class=\"column-1\"><strong>Dr\u00e1cula<\/strong><\/td>\n<td class=\"column-2\"><a href=\"http:\/\/bibliotecadigital.ilce.edu.mx\/Colecciones\/ObrasClasicas\/_docs\/Dracula_Stoker.pdf\" target=\"_blank\" rel=\"nofollow noopener noreferrer\">Click para leer<\/a><\/td>\n<td class=\"column-3\">Stoker, Bram<\/td>\n<\/tr>\n<tr class=\"row-101 odd\">\n<td class=\"column-1\"><strong>La casa del juez<\/strong><\/td>\n<td class=\"column-2\"><a href=\"http:\/\/bibliotecadigital.ilce.edu.mx\/Colecciones\/ObrasClasicas\/_docs\/Casa_del_juez-Stoker.pdf\" target=\"_blank\" rel=\"nofollow noopener noreferrer\">Click para leer<\/a><\/td>\n<td class=\"column-3\">Stoker, Bram<\/td>\n<\/tr>\n<tr class=\"row-102 even\">\n<td class=\"column-1\"><strong>El jardinero<\/strong><\/td>\n<td class=\"column-2\"><a href=\"http:\/\/bibliotecadigital.ilce.edu.mx\/Colecciones\/ObrasClasicas\/_docs\/Jardinero.pdf\" target=\"_blank\" rel=\"nofollow noopener noreferrer\">Click para leer<\/a><\/td>\n<td class=\"column-3\">Tagore, Rabindranath<\/td>\n<\/tr>\n<tr class=\"row-103 odd\">\n<td class=\"column-1\"><strong>Los elfos<\/strong><\/td>\n<td class=\"column-2\"><a href=\"http:\/\/bibliotecadigital.ilce.edu.mx\/Colecciones\/ObrasClasicas\/_docs\/Elfos.pdf\" target=\"_blank\" rel=\"nofollow noopener noreferrer\">Click para leer<\/a><\/td>\n<td class=\"column-3\">Tieck, Ludwing<\/td>\n<\/tr>\n<tr class=\"row-104 even\">\n<td class=\"column-1\"><strong>El origen del mal<\/strong><\/td>\n<td class=\"column-2\"><a href=\"http:\/\/bibliotecadigital.ilce.edu.mx\/Colecciones\/ObrasClasicas\/_docs\/OrigenMal.pdf\" target=\"_blank\" rel=\"nofollow noopener noreferrer\">Click para leer<\/a><\/td>\n<td class=\"column-3\">Tolstoi, Le\u00f3n<\/td>\n<\/tr>\n<tr class=\"row-105 odd\">\n<td class=\"column-1\"><strong>La muerte de Iv\u00e1n Ilich<\/strong><\/td>\n<td class=\"column-2\"><a href=\"http:\/\/bibliotecadigital.ilce.edu.mx\/Colecciones\/ObrasClasicas\/_docs\/MuerteIvanIlich.pdf\" target=\"_blank\" rel=\"nofollow noopener noreferrer\">Click para leer<\/a><\/td>\n<td class=\"column-3\">Tolstoi, Le\u00f3n<\/td>\n<\/tr>\n<tr class=\"row-106 even\">\n<td class=\"column-1\"><strong>Demetrio Rudin<\/strong><\/td>\n<td class=\"column-2\"><a href=\"http:\/\/bibliotecadigital.ilce.edu.mx\/Colecciones\/ObrasClasicas\/_docs\/DemetrioRudin.pdf\" target=\"_blank\" rel=\"nofollow noopener noreferrer\">Click para leer<\/a><\/td>\n<td class=\"column-3\">Turgueniev, Iv\u00e1n S.<\/td>\n<\/tr>\n<tr class=\"row-107 odd\">\n<td class=\"column-1\"><strong>De la Tierra a la Luna<\/strong><\/td>\n<td class=\"column-2\"><a href=\"http:\/\/bibliotecadigital.ilce.edu.mx\/Colecciones\/ObrasClasicas\/_docs\/DeTierraLuna.pdf\" target=\"_blank\" rel=\"nofollow noopener noreferrer\">Click para leer<\/a><\/td>\n<td class=\"column-3\">Verne, Julio<\/td>\n<\/tr>\n<tr class=\"row-108 even\">\n<td class=\"column-1\"><strong>El castillo de los C\u00e1rpatos<\/strong><\/td>\n<td class=\"column-2\"><a href=\"http:\/\/bibliotecadigital.ilce.edu.mx\/Colecciones\/ObrasClasicas\/_docs\/El_castillo_de_los_Carpatos-Julio_Verne.pdf\" target=\"_blank\" rel=\"nofollow noopener noreferrer\">Click para leer<\/a><\/td>\n<td class=\"column-3\">Verne, Julio<\/td>\n<\/tr>\n<tr class=\"row-109 odd\">\n<td class=\"column-1\"><strong>El eterno Ad\u00e1n<\/strong><\/td>\n<td class=\"column-2\"><a href=\"http:\/\/bibliotecadigital.ilce.edu.mx\/Colecciones\/ObrasClasicas\/_docs\/ElEternoAdan.pdf\" target=\"_blank\" rel=\"nofollow noopener noreferrer\">Click para leer<\/a><\/td>\n<td class=\"column-3\">Verne, Julio<\/td>\n<\/tr>\n<tr class=\"row-110 even\">\n<td class=\"column-1\"><strong>C\u00e1ndido o el optimismo<\/strong><\/td>\n<td class=\"column-2\"><a href=\"http:\/\/bibliotecadigital.ilce.edu.mx\/Colecciones\/ObrasClasicas\/_docs\/Candido_Voltaire.pdf\" target=\"_blank\" rel=\"nofollow noopener noreferrer\">Click para leer<\/a><\/td>\n<td class=\"column-3\">Voltaire<\/td>\n<\/tr>\n<tr class=\"row-111 odd\">\n<td class=\"column-1\"><strong>Un maravilloso cuento oriental de un santo desnudo<\/strong><\/td>\n<td class=\"column-2\"><a href=\"http:\/\/bibliotecadigital.ilce.edu.mx\/Colecciones\/ObrasClasicas\/_docs\/MaravillosoCuento.pdf\" target=\"_blank\" rel=\"nofollow noopener noreferrer\">Click para leer<\/a><\/td>\n<td class=\"column-3\">Wackenr\u00f6der, Wilhelm Heinrich<\/td>\n<\/tr>\n<tr class=\"row-112 even\">\n<td class=\"column-1\"><strong>El fantasma de Canterville<\/strong><\/td>\n<td class=\"column-2\"><a href=\"http:\/\/bibliotecadigital.ilce.edu.mx\/Colecciones\/ObrasClasicas\/_docs\/El_fantasma_de_Canterville-Oscar_Wilde.pdf\" target=\"_blank\" rel=\"nofollow noopener noreferrer\">Click para leer<\/a><\/td>\n<td class=\"column-3\">Wilde, Oscar<\/td>\n<\/tr>\n<tr class=\"row-113 odd\">\n<td class=\"column-1\"><strong>Una partida de ajedrez<\/strong><\/td>\n<td class=\"column-2\"><a href=\"http:\/\/bibliotecadigital.ilce.edu.mx\/Colecciones\/ObrasClasicas\/_docs\/Una%20partida%20de%20ajedrez.pdf\" target=\"_blank\" rel=\"nofollow noopener noreferrer\">Click para leer<\/a><\/td>\n<td class=\"column-3\">Zweig, Stefan<\/td>\n<\/tr>\n<\/tbody>\n<\/table>\n<p>Cuentos cl\u00e1sicos<\/p>\n<ul>\n<li><a href=\"http:\/\/www.cuentosinfantilesadormir.com\/lacerillera.pdf\" target=\"_blank\" rel=\"noopener\">La cerillera<\/a><\/li>\n<li><a href=\"http:\/\/www.cuentosinfantilesadormir.com\/barbaazul.pdf\" target=\"_blank\" rel=\"noopener\">Barba azul<\/a><\/li>\n<li><a href=\"http:\/\/www.cuentosinfantilesadormir.com\/peterpan.pdf\" target=\"_blank\" rel=\"noopener\">Peter Pan<\/a><\/li>\n<li><a href=\"http:\/\/www.cuentosinfantilesadormir.com\/caperucitaroja.pdf\" target=\"_blank\" rel=\"noopener\">Caperucita Roja<\/a><\/li>\n<li><a href=\"http:\/\/www.cuentosinfantilesadormir.com\/elgatoconbotas.pdf\" target=\"_blank\" rel=\"noopener\">El Gato con botas<\/a><\/li>\n<li><a href=\"http:\/\/www.cuentosinfantilesadormir.com\/elflautistadehamelin.pdf\" target=\"_blank\" rel=\"noopener\">El flautista de Hamelin<\/a><\/li>\n<li><a href=\"http:\/\/www.cuentosinfantilesadormir.com\/simbatelmarino.pdf\" target=\"_blank\" rel=\"noopener\">Simbat el marino<\/a><\/li>\n<li><a href=\"http:\/\/www.cuentosinfantilesadormir.com\/elsastrecillovaliente.pdf\" target=\"_blank\" rel=\"noopener\">El sastrecillo valiente<\/a><\/li>\n<li><a href=\"http:\/\/www.cuentosinfantilesadormir.com\/blancanieves.pdf\" target=\"_blank\" rel=\"noopener\">Blancanieves<\/a><\/li>\n<li><a href=\"http:\/\/www.cuentosinfantilesadormir.com\/lasirenita.pdf\" target=\"_blank\" rel=\"noopener\">La Sirenita<\/a><\/li>\n<li><a href=\"http:\/\/www.cuentosinfantilesadormir.com\/elmagodeoz.pdf\" target=\"_blank\" rel=\"noopener\">El mago de Oz<\/a><\/li>\n<li><a href=\"http:\/\/www.cuentosinfantilesadormir.com\/laliebreylatortuga.pdf\">La liebre y la tortuga<\/a><\/li>\n<li><a href=\"http:\/\/www.cuentosinfantilesadormir.com\/elruisenorylarosa.pdf\" target=\"_blank\" rel=\"noopener\">El ruise\u00f1or y la rosa<\/a><\/li>\n<li><a href=\"http:\/\/www.cuentosinfantilesadormir.com\/laprincesayelguisante.pdf\" target=\"_blank\" rel=\"noopener\">La princesa y el guisante<\/a><\/li>\n<li><a href=\"http:\/\/www.cuentosinfantilesadormir.com\/laratitapresumida.pdf\" target=\"_blank\" rel=\"noopener\">La ratita presumida<\/a><\/li>\n<li><a href=\"http:\/\/www.cuentosinfantilesadormir.com\/pinocho.pdf\" target=\"_blank\" rel=\"noopener\">Pinocho<\/a><\/li>\n<li><a href=\"http:\/\/www.cuentosinfantilesadormir.com\/aladinoylalamparamaravillosa.pdf\" target=\"_blank\" rel=\"noopener\">Aladino y la lampara maravillosa<\/a><\/li>\n<li><a href=\"http:\/\/www.cuentosinfantilesadormir.com\/elmagomerlin.pdf\" target=\"_blank\" rel=\"noopener\">El mago Merlin<\/a><\/li>\n<li><a href=\"http:\/\/www.cuentosinfantilesadormir.com\/aliciaenelpaisdelasmaravillas.pdf\" target=\"_blank\" rel=\"noopener\">Alicia en el pa\u00eds de las maravillas<\/a><\/li>\n<li><a href=\"http:\/\/www.cuentosinfantilesadormir.com\/elreyleon.pdf\" target=\"_blank\" rel=\"noopener\">El Rey Le\u00f3n<\/a><\/li>\n<li><a href=\"http:\/\/www.cuentosinfantilesadormir.com\/elarboldeloszapatos.pdf\" target=\"_blank\" rel=\"noopener\">El \u00e1rbol de los zapatos<\/a><\/li>\n<li><a href=\"http:\/\/www.cuentosinfantilesadormir.com\/cenicienta.pdf\" target=\"_blank\" rel=\"noopener\">Cenicienta<\/a><\/li>\n<li><a href=\"http:\/\/www.cuentosinfantilesadormir.com\/pulgarcito.pdf\" target=\"_blank\" rel=\"noopener\">Pulgarcito<\/a><\/li>\n<li><a href=\"http:\/\/www.cuentosinfantilesadormir.com\/elsoldaditodeplomo.pdf\">El soldadito de plomo<\/a><\/li>\n<li><a href=\"http:\/\/www.cuentosinfantilesadormir.com\/losmusicosdebremen.pdf\" target=\"_blank\" rel=\"noopener\">Los musicos de Bremen<\/a><\/li>\n<li><a href=\"http:\/\/www.cuentosinfantilesadormir.com\/ellibrodelaselva.pdf\" target=\"_blank\" rel=\"noopener\">El libro de la selva<\/a><\/li>\n<li><a href=\"http:\/\/www.cuentosinfantilesadormir.com\/labelladurmiente.pdf\" target=\"_blank\" rel=\"noopener\">La bella durmiente<\/a><\/li>\n<li><a href=\"http:\/\/www.cuentosinfantilesadormir.com\/101dalmatas.pdf\" target=\"_blank\" rel=\"noopener\">101 Dalmatas<\/a><\/li>\n<li><a href=\"http:\/\/www.cuentosinfantilesadormir.com\/losviajesdegulliver.pdf\" target=\"_blank\" rel=\"noopener\">Los viajes de Gulliver<\/a><\/li>\n<li><a href=\"http:\/\/www.cuentosinfantilesadormir.com\/elgiganteegoista.pdf\" target=\"_blank\" rel=\"noopener\">El gigante egoista<\/a><\/li>\n<li><a href=\"http:\/\/www.cuentosinfantilesadormir.com\/lalechera.pdf\" target=\"_blank\" rel=\"noopener\">La lechera<\/a><\/li>\n<li><a href=\"http:\/\/www.cuentosinfantilesadormir.com\/elprincipeyelmendigo.pdf\" target=\"_blank\" rel=\"noopener\">El principe y el mendigo<\/a><\/li>\n<li><a href=\"http:\/\/www.cuentosinfantilesadormir.com\/pocahontas.pdf\" target=\"_blank\" rel=\"noopener\">Pocahontas<\/a><\/li>\n<li><a href=\"http:\/\/www.cuentosinfantilesadormir.com\/laocadeoro.pdf\" target=\"_blank\" rel=\"noopener\">La oca de oro<\/a><\/li>\n<li><a href=\"http:\/\/www.cuentosinfantilesadormir.com\/rapunzel.pdf\" target=\"_blank\" rel=\"noopener\">Rapunzel<\/a><\/li>\n<li><a href=\"http:\/\/www.cuentosinfantilesadormir.com\/lahilandera.pdf\" target=\"_blank\" rel=\"noopener\">La hilandera<\/a><\/li>\n<li><a href=\"http:\/\/www.cuentosinfantilesadormir.com\/elavaromercader.pdf\" target=\"_blank\" rel=\"noopener\">El avaro mercader<\/a><\/li>\n<li><a href=\"http:\/\/www.cuentosinfantilesadormir.com\/elprincipefeliz.pdf\" target=\"_blank\" rel=\"noopener\">El principe feliz<\/a><\/li>\n<li><a href=\"http:\/\/www.cuentosinfantilesadormir.com\/lacampana.pdf\" target=\"_blank\" rel=\"noopener\">La campana<\/a><\/li>\n<li><a href=\"http:\/\/www.cuentosinfantilesadormir.com\/elenanosaltarin.pdf\" target=\"_blank\" rel=\"noopener\">El enano saltar\u00edn<\/a><\/li>\n<li><a href=\"http:\/\/www.cuentosinfantilesadormir.com\/lostrescerditos.pdf\" target=\"_blank\" rel=\"noopener\">Los tres cerditos<\/a><\/li>\n<li><a href=\"http:\/\/www.cuentosinfantilesadormir.com\/hanselygretel.pdf\">Hansel y Gretel<\/a><\/li>\n<li><a href=\"http:\/\/www.cuentosinfantilesadormir.com\/bambi.pdf\" target=\"_blank\" rel=\"noopener\">Bambi<\/a><\/li>\n<li><a href=\"http:\/\/www.cuentosinfantilesadormir.com\/lossietecabritosyellobo.pdf\" target=\"_blank\" rel=\"noopener\">Los siete cabritos y el lobo<\/a><\/li>\n<li><a href=\"http:\/\/www.cuentosinfantilesadormir.com\/lostresosos.pdf\" target=\"_blank\" rel=\"noopener\">Los tres osos<\/a><\/li>\n<li><a href=\"http:\/\/www.cuentosinfantilesadormir.com\/elloboylassietecabritas.pdf\" target=\"_blank\" rel=\"noopener\">El lobo y las 7 cabritas<\/a><\/li>\n<li><a href=\"http:\/\/www.cuentosinfantilesadormir.com\/elfantasmadecanterville.pdf\" target=\"_blank\" rel=\"noopener\">El fantasma de Canterville<\/a><\/li>\n<li><a href=\"http:\/\/www.cuentosinfantilesadormir.com\/losduendesyelzapatero.pdf\" target=\"_blank\" rel=\"noopener\">Los duendes y el zapatero<\/a><\/li>\n<li><a href=\"http:\/\/www.cuentosinfantilesadormir.com\/lagallinadeloshuevosdeoro.pdf\" target=\"_blank\" rel=\"noopener\">La gallina de los huevos de oro<\/a><\/li>\n<li><a href=\"http:\/\/www.cuentosinfantilesadormir.com\/lastreshijasdelrey.pdf\" target=\"_blank\" rel=\"noopener\">Las tres hijas del rey<\/a><\/li>\n<li><a href=\"http:\/\/www.cuentosinfantilesadormir.com\/gulliver.pdf\" target=\"_blank\" rel=\"noopener\">Gulliver<\/a><\/li>\n<li><a href=\"http:\/\/www.cuentosinfantilesadormir.com\/elreymidas.pdf\" target=\"_blank\" rel=\"noopener\">El Rey Midas<\/a><\/li>\n<li><a href=\"http:\/\/www.cuentosinfantilesadormir.com\/losseiscisnes.pdf\" target=\"_blank\" rel=\"noopener\">Los seis cisnes<\/a><\/li>\n<li><a href=\"http:\/\/www.cuentosinfantilesadormir.com\/ricitosdeoro.pdf\" target=\"_blank\" rel=\"noopener\">Ricitos de oro<\/a><\/li>\n<li><a href=\"http:\/\/www.cuentosinfantilesadormir.com\/elabeto.pdf\" target=\"_blank\" rel=\"noopener\">El Abeto<\/a><\/li>\n<li><a href=\"http:\/\/www.cuentosinfantilesadormir.com\/elprincipito_ilustrado.pdf\" target=\"_blank\" rel=\"noopener\">El Principito<\/a><\/li>\n<li><a href=\"http:\/\/www.cuentosinfantilesadormir.com\/elpatitofeo.pdf\" target=\"_blank\" rel=\"noopener\">El patito feo<\/a><\/li>\n<li><a href=\"http:\/\/www.cuentosinfantilesadormir.com\/alibabaylos40ladrones.pdf\" target=\"_blank\" rel=\"noopener\">Alibaba y los 40 ladrones<\/a><\/li>\n<li><a href=\"http:\/\/www.cuentosinfantilesadormir.com\/lastreshilanderas.pdf\" target=\"_blank\" rel=\"noopener\">Las tres hilanderas<\/a><\/li>\n<li><a href=\"http:\/\/www.cuentosinfantilesadormir.com\/yoringayyoringuel.pdf\" target=\"_blank\" rel=\"noopener\">Yoringa y Yoringuel<\/a><\/li>\n<\/ul>\n<p>Otros cuentos<\/p>\n<ul>\n<li><a href=\"http:\/\/www.cuentosinfantilesadormir.com\/CUENTO-EL-SAPO.pdf\" target=\"_blank\" rel=\"noopener\">El Sapo<\/a><\/li>\n<li><a href=\"http:\/\/www.cuentosinfantilesadormir.com\/El-perro-y-el-gato.pdf\" target=\"_blank\" rel=\"noopener\">El perro y el gato<\/a><\/li>\n<li><a href=\"http:\/\/www.cuentosinfantilesadormir.com\/el-paso-de-cebra.pdf\" target=\"_blank\" rel=\"noopener\">El paso de cebra<\/a><\/li>\n<li><a href=\"http:\/\/www.cuentosinfantilesadormir.com\/polvodehadas.pdf\" target=\"_blank\" rel=\"noopener\">Polvo de hadas<\/a><\/li>\n<li><a href=\"http:\/\/www.cuentosinfantilesadormir.com\/lacasadelosjuguetes.pdf\" target=\"_blank\" rel=\"noopener\">La casa de los juguetes<\/a><\/li>\n<li><a href=\"http:\/\/www.cuentosinfantilesadormir.com\/anayelcaballitoverde.pdf\" target=\"_blank\" rel=\"noopener\">Ana y el caballito verde<\/a><\/li>\n<li><a href=\"http:\/\/www.cuentosinfantilesadormir.com\/elburroyelpozo.pdf\" target=\"_blank\" rel=\"noopener\">El burro y el pozo<\/a><\/li>\n<li><a href=\"http:\/\/www.cuentosinfantilesadormir.com\/elperroquenosabialadrar.pdf\" target=\"_blank\" rel=\"noopener\">El perro que no sab\u00eda ladrar<\/a><\/li>\n<li><a href=\"http:\/\/www.cuentosinfantilesadormir.com\/lastreshojasdelaserpiente.pdf\" target=\"_blank\" rel=\"noopener\">Las tres hojas de la serpiente<\/a><\/li>\n<li><a href=\"http:\/\/www.cuentosinfantilesadormir.com\/elcometa.pdf\" target=\"_blank\" rel=\"noopener\">El cometa<\/a><\/li>\n<li><a href=\"http:\/\/www.cuentosinfantilesadormir.com\/larosamasbelladelmundo.pdf\" target=\"_blank\" rel=\"noopener\">La rosa m\u00e1s bella del mundo<\/a><\/li>\n<li><a href=\"http:\/\/www.cuentosinfantilesadormir.com\/elpajaritoquenopodiavolar.pdf\" target=\"_blank\" rel=\"noopener\">El pajarito que no pod\u00eda volar<\/a><\/li>\n<li><a href=\"http:\/\/www.cuentosinfantilesadormir.com\/lagataencantada.pdf\" target=\"_blank\" rel=\"noopener\">La gata encantada<\/a><\/li>\n<li><a href=\"http:\/\/www.cuentosinfantilesadormir.com\/lamariposablanca.pdf\" target=\"_blank\" rel=\"noopener\">La mariposa blanca<\/a><\/li>\n<li><a href=\"http:\/\/www.cuentosinfantilesadormir.com\/lareinadelasabejas.pdf\" target=\"_blank\" rel=\"noopener\">La reina de las abejas<\/a><\/li>\n<li><a href=\"http:\/\/www.cuentosinfantilesadormir.com\/laprincesacisne.pdf\" target=\"_blank\" rel=\"noopener\">La princesa cisne<\/a><\/li>\n<li><a href=\"http:\/\/www.cuentosinfantilesadormir.com\/laprincesadefuego.pdf\" target=\"_blank\" rel=\"noopener\">La princesa de fuego<\/a><\/li>\n<li><a href=\"http:\/\/www.cuentosinfantilesadormir.com\/laaranaviajera.pdf\" target=\"_blank\" rel=\"noopener\">La ara\u00f1a viajera<\/a><\/li>\n<li><a href=\"http:\/\/www.cuentosinfantilesadormir.com\/laprincesaylarosamagica.pdf\" target=\"_blank\" rel=\"noopener\">La princesa y la rosa m\u00e1gica<\/a><\/li>\n<li><a href=\"http:\/\/www.cuentosinfantilesadormir.com\/elcaballodelcarrusel.pdf\" target=\"_blank\" rel=\"noopener\">El caballo del carrusel<\/a><\/li>\n<li><a href=\"http:\/\/www.cuentosinfantilesadormir.com\/loschanclosdelasuerte.pdf\" target=\"_blank\" rel=\"noopener\">Los chanclos de la suerte<\/a><\/li>\n<li><a href=\"http:\/\/www.cuentosinfantilesadormir.com\/losverdezuelos.pdf\" target=\"_blank\" rel=\"noopener\">Los verdezuelos<\/a><\/li>\n<li><a href=\"http:\/\/www.cuentosinfantilesadormir.com\/sopadepalillodemorcilla.pdf\" target=\"_blank\" rel=\"noopener\">Sopa de palillo de morcilla<\/a><\/li>\n<li><a href=\"http:\/\/www.cuentosinfantilesadormir.com\/laprincesapresumida.pdf\" target=\"_blank\" rel=\"noopener\">La princesa presumida<\/a><\/li>\n<li><a href=\"http:\/\/www.cuentosinfantilesadormir.com\/elcaracolylagamba.pdf\" target=\"_blank\" rel=\"noopener\">El caracol y la gamba<\/a><\/li>\n<li><a href=\"http:\/\/www.cuentosinfantilesadormir.com\/unahistoria.pdf\" target=\"_blank\" rel=\"noopener\">Una historia<\/a><\/li>\n<li><a href=\"http:\/\/www.cuentosinfantilesadormir.com\/untramodelasartadeperlas.pdf\" target=\"_blank\" rel=\"noopener\">Un tramo de la sarta de perlas<\/a><\/li>\n<li><a href=\"http:\/\/www.cuentosinfantilesadormir.com\/lahormigachusy.pdf\" target=\"_blank\" rel=\"noopener\">La Hormiga Chusy<\/a><\/li>\n<li><a href=\"http:\/\/www.cuentosinfantilesadormir.com\/elburritodescontento.pdf\" target=\"_blank\" rel=\"noopener\">El Burrito descontento<\/a><\/li>\n<li><a href=\"http:\/\/www.cuentosinfantilesadormir.com\/elciervoengreido.pdf\" target=\"_blank\" rel=\"noopener\">El Ciervo engre\u00eddo<\/a><\/li>\n<li><a href=\"http:\/\/www.cuentosinfantilesadormir.com\/DesdeunaventanadeVartou.pdf\" target=\"_blank\" rel=\"noopener\">Desde una ventana de Vartou<\/a><\/li>\n<li><a href=\"http:\/\/www.cuentosinfantilesadormir.com\/losvecinos.pdf\" target=\"_blank\" rel=\"noopener\">Los vecinos<\/a><\/li>\n<li><a href=\"http:\/\/www.cuentosinfantilesadormir.com\/laviejajuana.pdf\" target=\"_blank\" rel=\"noopener\">Lo que contaba la vieja Juana<\/a><\/li>\n<li><a href=\"http:\/\/www.cuentosinfantilesadormir.com\/pedropericoypedrin.pdf\" target=\"_blank\" rel=\"noopener\">Pedro,Perico y Pedr\u00edn<\/a><\/li>\n<li><a href=\"http:\/\/www.cuentosinfantilesadormir.com\/dentrodemilanos.pdf\" target=\"_blank\" rel=\"noopener\">Dentro de mil a\u00f1os<\/a><\/li>\n<li><a href=\"http:\/\/www.cuentosinfantilesadormir.com\/latempestatcambialosrotulos.pdf\" target=\"_blank\" rel=\"noopener\">La tempestat cambia los r\u00f3tulos<\/a><\/li>\n<li><a href=\"http:\/\/www.cuentosinfantilesadormir.com\/lostraposviejos.pdf\" target=\"_blank\" rel=\"noopener\">Los trapos viejos<\/a><\/li>\n<li><a href=\"http:\/\/www.cuentosinfantilesadormir.com\/lasnoviasaprueba.pdf\" target=\"_blank\" rel=\"noopener\">Las novias a prueba<\/a><\/li>\n<li><a href=\"http:\/\/www.cuentosinfantilesadormir.com\/elhadadelpuente.pdf\" target=\"_blank\" rel=\"noopener\">El hada del puente<\/a><\/li>\n<li><a href=\"http:\/\/www.cuentosinfantilesadormir.com\/losdoshermanitos.pdf\" target=\"_blank\" rel=\"noopener\">Los dos hermanitos<\/a><\/li>\n<li><a href=\"http:\/\/www.cuentosinfantilesadormir.com\/eljovengigante.pdf\" target=\"_blank\" rel=\"noopener\">El j\u00f3ven gigante<\/a><\/li>\n<li><a href=\"http:\/\/www.cuentosinfantilesadormir.com\/elmusicoprodigioso.pdf\" target=\"_blank\" rel=\"noopener\">El m\u00fasico prodigioso<\/a><\/li>\n<li><a href=\"http:\/\/www.cuentosinfantilesadormir.com\/latetera.pdf\" target=\"_blank\" rel=\"noopener\">La tetera<\/a><\/li>\n<li><a href=\"http:\/\/www.cuentosinfantilesadormir.com\/lagaviotayelpinguino.pdf\" target=\"_blank\" rel=\"noopener\">La gaviota y el ping\u00fcino<\/a><\/li>\n<li><a href=\"http:\/\/www.cuentosinfantilesadormir.com\/lalamparaazul.pdf\" target=\"_blank\" rel=\"noopener\">La l\u00e1mpara azul<\/a><\/li>\n<li><a href=\"http:\/\/www.cuentosinfantilesadormir.com\/lagotadeagua.pdf\" target=\"_blank\" rel=\"noopener\">La gota de agua<\/a><\/li>\n<li><a href=\"http:\/\/www.cuentosinfantilesadormir.com\/laboladenieve.pdf\" target=\"_blank\" rel=\"noopener\">La bola de nieve<\/a><\/li>\n<li><a href=\"http:\/\/www.cuentosinfantilesadormir.com\/elgloboblanco.pdf\" target=\"_blank\" rel=\"noopener\">El globo blanco<\/a><\/li>\n<li><a href=\"http:\/\/www.cuentosinfantilesadormir.com\/lafiestadelaardilla.pdf\" target=\"_blank\" rel=\"noopener\">La fiesta de la ardilla<\/a><\/li>\n<li><a href=\"http:\/\/www.cuentosinfantilesadormir.com\/latortugacloe.pdf\">La tortuga Cloe<\/a><\/li>\n<li><a href=\"http:\/\/www.cuentosinfantilesadormir.com\/elosodecaramelo.pdf\" target=\"_blank\" rel=\"noopener\">El oso de caramelo<\/a><\/li>\n<li><a href=\"http:\/\/www.cuentosinfantilesadormir.com\/lacajadelosdeseos.pdf\" target=\"_blank\" rel=\"noopener\">La caja de los deseos<\/a><\/li>\n<li><a href=\"http:\/\/www.cuentosinfantilesadormir.com\/lalechuzablanca.pdf\" target=\"_blank\" rel=\"noopener\">La lechuza blanca<\/a><\/li>\n<li><a href=\"http:\/\/www.cuentosinfantilesadormir.com\/lamargarita.pdf\" target=\"_blank\" rel=\"noopener\">La margarita<\/a><\/li>\n<li><a href=\"http:\/\/www.cuentosinfantilesadormir.com\/elduendecilloylamujer.pdf\" target=\"_blank\" rel=\"noopener\">El duendecillo y la mujer<\/a><\/li>\n<li><a href=\"http:\/\/www.cuentosinfantilesadormir.com\/elabadylostresenigmas.pdf\" target=\"_blank\" rel=\"noopener\">El Abad y los tres enigmas<\/a><\/li>\n<li><a href=\"http:\/\/www.cuentosinfantilesadormir.com\/lostresperezosos.pdf\" target=\"_blank\" rel=\"noopener\">Los tres perezosos<\/a><\/li>\n<li><a href=\"http:\/\/www.cuentosinfantilesadormir.com\/elabuelo.pdf\" target=\"_blank\" rel=\"noopener\">El abuelo<\/a><\/li>\n<li><a href=\"http:\/\/www.cuentosinfantilesadormir.com\/elninotravieso.pdf\" target=\"_blank\" rel=\"noopener\">El ni\u00f1o travieso<\/a><\/li>\n<li><a href=\"http:\/\/www.cuentosinfantilesadormir.com\/lasuertepalito.pdf\" target=\"_blank\" rel=\"noopener\">La suerte puede estar en un palito<\/a><\/li>\n<li><a href=\"http:\/\/www.cuentosinfantilesadormir.com\/laninaquepisoteoelpan.pdf\" target=\"_blank\" rel=\"noopener\">La ni\u00f1a que pisote\u00f3 el pan<\/a><\/li>\n<li><a href=\"http:\/\/www.cuentosinfantilesadormir.com\/elpactodeamistat.pdf\" target=\"_blank\" rel=\"noopener\">El pacto de amistat<\/a><\/li>\n<li><a href=\"http:\/\/www.cuentosinfantilesadormir.com\/laultimaperla.pdf\" target=\"_blank\" rel=\"noopener\">La \u00falttima perla<\/a><\/li>\n<li><a href=\"http:\/\/www.cuentosinfantilesadormir.com\/laluna.pdf\" target=\"_blank\" rel=\"noopener\">La Luna<\/a><\/li>\n<li><a href=\"http:\/\/www.cuentosinfantilesadormir.com\/lomasincreible.pdf\" target=\"_blank\" rel=\"noopener\">Lo m\u00e1s incre\u00edble<\/a><\/li>\n<li><a href=\"http:\/\/www.cuentosinfantilesadormir.com\/lapulgayelprofesor.pdf\" target=\"_blank\" rel=\"noopener\">La pulga y el profesor<\/a><\/li>\n<li><a href=\"http:\/\/www.cuentosinfantilesadormir.com\/eljardindelparaiso.pdf\" target=\"_blank\" rel=\"noopener\">El jard\u00edn del para\u00edso<\/a><\/li>\n<li><a href=\"http:\/\/www.cuentosinfantilesadormir.com\/lasirenadelrin.pdf\" target=\"_blank\" rel=\"noopener\">La sirena del Rin<\/a><\/li>\n<li><a href=\"http:\/\/www.cuentosinfantilesadormir.com\/elpotrosalvaje.pdf\" target=\"_blank\" rel=\"noopener\">El potro salvaje<\/a><\/li>\n<li><a href=\"http:\/\/www.cuentosinfantilesadormir.com\/lostrenecitos.pdf\" target=\"_blank\" rel=\"noopener\">Los trenecitos<\/a><\/li>\n<li><a href=\"http:\/\/www.cuentosinfantilesadormir.com\/ellenadoryelduende.pdf\" target=\"_blank\" rel=\"noopener\">El le\u00f1ador y el duende<\/a><\/li>\n<li><a href=\"http:\/\/www.cuentosinfantilesadormir.com\/elamigofiel.pdf\" target=\"_blank\" rel=\"noopener\">El amigo fiel<\/a><\/li>\n<li><a href=\"http:\/\/www.cuentosinfantilesadormir.com\/pieldeasno.pdf\" target=\"_blank\" rel=\"noopener\">Piel de asno<\/a><\/li>\n<li><a href=\"http:\/\/www.cuentosinfantilesadormir.com\/laestufadehierro.pdf\" target=\"_blank\" rel=\"noopener\">La estufa de hierro<\/a><\/li>\n<li><a href=\"http:\/\/www.cuentosinfantilesadormir.com\/lacuevadelasdoncellas.pdf\" target=\"_blank\" rel=\"noopener\">La cueva de las doncellas<\/a><\/li>\n<li><a href=\"http:\/\/www.cuentosinfantilesadormir.com\/El-padre-el-hijo-y-el-burro.pdf\" target=\"_blank\" rel=\"noopener\">El padre el hijo y el burro<\/a><\/li>\n<li><a href=\"http:\/\/www.cuentosinfantilesadormir.com\/loquehaceelpadrebienhechoesta.pdf\" target=\"_blank\" rel=\"noopener\">Lo que hace el padre bien hecho est\u00e1<\/a><\/li>\n<li><a href=\"http:\/\/www.cuentosinfantilesadormir.com\/elosoyelgnomo.pdf\" target=\"_blank\" rel=\"noopener\">El oso y el gnomo<\/a><\/li>\n<li><a href=\"http:\/\/www.cuentosinfantilesadormir.com\/http:\/\/www.cuentosinfantilesadormir.com\/hipopotamobailarin.pdf\" target=\"_blank\" rel=\"noopener\">Valent\u00edn, el hipop\u00f3tamo bailar\u00edn<\/a><\/li>\n<li><a href=\"http:\/\/www.cuentosinfantilesadormir.com\/http:\/\/www.cuentosinfantilesadormir.com\/laprincesasecuestrada.pdf\" target=\"_blank\" rel=\"noopener\">La princesa secuestrada<\/a><\/li>\n<li><a href=\"http:\/\/www.cuentosinfantilesadormir.com\/labodadehans.pdf\" target=\"_blank\" rel=\"noopener\">La boda de Hans<\/a><\/li>\n<li><a href=\"http:\/\/www.cuentosinfantilesadormir.com\/teseoyelminotauro.pdf\" target=\"_blank\" rel=\"noopener\">Teseo y el minotauro<\/a><\/li>\n<li><a href=\"http:\/\/www.cuentosinfantilesadormir.com\/elpirataalpargata.pdf\" target=\"_blank\" rel=\"noopener\">El pirata Alpargata<\/a><\/li>\n<li><a href=\"http:\/\/www.cuentosinfantilesadormir.com\/ladoncellasinmanos.pdf\" target=\"_blank\" rel=\"noopener\">La doncella sin manos<\/a><\/li>\n<li><a href=\"http:\/\/www.cuentosinfantilesadormir.com\/lasprincesasdelicadas.pdf\" target=\"_blank\" rel=\"noopener\">Las princesas delicadas<\/a><\/li>\n<li><a href=\"http:\/\/www.cuentosinfantilesadormir.com\/pegaojos.pdf\" target=\"_blank\" rel=\"noopener\">Pegaojos<\/a><\/li>\n<li><a href=\"http:\/\/www.cuentosinfantilesadormir.com\/elcampesinoyeldiablo.pdf\" target=\"_blank\" rel=\"noopener\">El campesino y el diablo<\/a><\/li>\n<li><a href=\"http:\/\/www.cuentosinfantilesadormir.com\/elpescadorysumujer.pdf\" target=\"_blank\" rel=\"noopener\">El pescador y su mujer<\/a><\/li>\n<li><a href=\"http:\/\/www.cuentosinfantilesadormir.com\/elamadisimorolando.pdf\" target=\"_blank\" rel=\"noopener\">El amadisimo Rolando<\/a><\/li>\n<li><a href=\"http:\/\/www.cuentosinfantilesadormir.com\/lapastoradegansos.pdf\" target=\"_blank\" rel=\"noopener\">La pastora de gansos<\/a><\/li>\n<li><a href=\"http:\/\/www.cuentosinfantilesadormir.com\/el-lino.pdf\" target=\"_blank\" rel=\"noopener\">El lino<\/a><\/li>\n<li><a href=\"http:\/\/www.cuentosinfantilesadormir.com\/elpequenotuk.pdf\" target=\"_blank\" rel=\"noopener\">El peque\u00f1o Tuk<\/a><\/li>\n<li><a href=\"http:\/\/www.cuentosinfantilesadormir.com\/lapastorayeldeshollinador.pdf\" target=\"_blank\" rel=\"noopener\">La pastora y el deshollinador<\/a><\/li>\n<li><a href=\"http:\/\/www.cuentosinfantilesadormir.com\/lamasfeliz.pdf\">La m\u00e1s feliz<\/a><\/li>\n<li><a href=\"http:\/\/www.cuentosinfantilesadormir.com\/loscorredores.pdf\" target=\"_blank\" rel=\"noopener\">Los corredores<\/a><\/li>\n<li><a href=\"http:\/\/www.cuentosinfantilesadormir.com\/elchelindeplata.pdf\" target=\"_blank\" rel=\"noopener\">El chel\u00edn de plata<\/a><\/li>\n<li><a href=\"http:\/\/www.cuentosinfantilesadormir.com\/elagujeroenlamanga.pdf\" target=\"_blank\" rel=\"noopener\">El agujero en la manga<\/a><\/li>\n<li><a href=\"http:\/\/www.cuentosinfantilesadormir.com\/elfamosocohete.pdf\">El famoso cohete<\/a><\/li>\n<li><a href=\"http:\/\/www.cuentosinfantilesadormir.com\/lagamaciega.pdf\" target=\"_blank\" rel=\"noopener\">La gama ciega<\/a><\/li>\n<li><a href=\"http:\/\/www.cuentosinfantilesadormir.com\/lostrescaballos.pdf\" target=\"_blank\" rel=\"noopener\">Los tres caballos<\/a><\/li>\n<li><a href=\"http:\/\/www.cuentosinfantilesadormir.com\/laninadelasflores.pdf\">La ni\u00f1a de las flores<\/a><\/li>\n<li><a href=\"http:\/\/www.cuentosinfantilesadormir.com\/elduendedelatienda.pdf\" target=\"_blank\" rel=\"noopener\">El duende de la tienda<\/a><\/li>\n<li><a href=\"http:\/\/www.cuentosinfantilesadormir.com\/eljovenrey.pdf\" target=\"_blank\" rel=\"noopener\">El joven Rey<\/a><\/li>\n<li><a href=\"http:\/\/www.cuentosinfantilesadormir.com\/riqueteeldelcopete.pdf\" target=\"_blank\" rel=\"noopener\">Riquete el del copete<\/a><\/li>\n<li><a href=\"http:\/\/www.cuentosinfantilesadormir.com\/deseosridiculos.pdf\" target=\"_blank\" rel=\"noopener\">Los deseos ridiculos<\/a><\/li>\n<li><a href=\"http:\/\/www.cuentosinfantilesadormir.com\/laboladecristal.pdf\" target=\"_blank\" rel=\"noopener\">La bola de cristal<\/a><\/li>\n<li><a href=\"http:\/\/www.cuentosinfantilesadormir.com\/chacharasdeninos.pdf\" target=\"_blank\" rel=\"noopener\">Ch\u00e1charas de ni\u00f1os<\/a><\/li>\n<li><a href=\"http:\/\/www.cuentosinfantilesadormir.com\/elenebro.pdf\" target=\"_blank\" rel=\"noopener\">El Enebro<\/a><\/li>\n<li><a href=\"http:\/\/www.cuentosinfantilesadormir.com\/elavefenix.pdf\" target=\"_blank\" rel=\"noopener\">El ave F\u00e9nix<\/a><\/li>\n<li><a href=\"http:\/\/www.cuentosinfantilesadormir.com\/eltambor.pdf\" target=\"_blank\" rel=\"noopener\">El tambor<\/a><\/li>\n<li><a href=\"http:\/\/www.cuentosinfantilesadormir.com\/elaguadelavida.pdf\" target=\"_blank\" rel=\"noopener\">El agua de la vida<\/a><\/li>\n<li><a href=\"http:\/\/www.cuentosinfantilesadormir.com\/bestiapeluda.pdf\" target=\"_blank\" rel=\"noopener\">Bestia peluda<\/a><\/li>\n<li><a href=\"http:\/\/www.cuentosinfantilesadormir.com\/elrayodeluna.pdf\" target=\"_blank\" rel=\"noopener\">El rayo de luna<\/a><\/li>\n<li><a href=\"http:\/\/www.cuentosinfantilesadormir.com\/elgallodecorralylaveleta.pdf\" target=\"_blank\" rel=\"noopener\">El gallo de corral y la veleta<\/a><\/li>\n<li><a href=\"http:\/\/www.cuentosinfantilesadormir.com\/elhombredenieve.pdf\" target=\"_blank\" rel=\"noopener\">El hombre de nieve<\/a><\/li>\n<li><a href=\"http:\/\/www.cuentosinfantilesadormir.com\/lasfloresdelapequenaida.pdf\" target=\"_blank\" rel=\"noopener\">Las flores de la peque\u00f1a ida<\/a><\/li>\n<li><a href=\"http:\/\/www.cuentosinfantilesadormir.com\/elvelonegro.pdf\" target=\"_blank\" rel=\"noopener\">El velo negro<\/a><\/li>\n<\/ul>\n<p>NAVIDAD<\/p>\n<ul>\n<li><a href=\"http:\/\/www.cuentosinfantilesadormir.com\/scrooge.pdf\" target=\"_blank\" rel=\"noopener\">Scrooge<\/a><\/li>\n<li><a href=\"http:\/\/www.cuentosinfantilesadormir.com\/rudolph.pdf\" target=\"_blank\" rel=\"noopener\">El reno Rudolph<\/a><\/li>\n<li><a href=\"http:\/\/www.cuentosinfantilesadormir.com\/uncuentodenavidad.pdf\" target=\"_blank\" rel=\"noopener\">Un cuento de Navidad<\/a><\/li>\n<li><a href=\"http:\/\/www.cuentosinfantilesadormir.com\/cuentodenavidad.pdf\" target=\"_blank\" rel=\"noopener\">Cuento de Navidad<\/a><\/li>\n<li><a href=\"http:\/\/www.cuentosinfantilesadormir.com\/elhombredejengibre.pdf\">El hombre de jengibre<\/a><\/li>\n<li><a href=\"http:\/\/www.cuentosinfantilesadormir.com\/navidadenlosandes.pdf\" target=\"_blank\" rel=\"noopener\">Navidad en los Andes<\/a><\/li>\n<li><a href=\"http:\/\/www.cuentosinfantilesadormir.com\/visiondebaluarte.pdf\" target=\"_blank\" rel=\"noopener\">Visi\u00f3n de baluarte<\/a><\/li>\n<li><a href=\"http:\/\/www.cuentosinfantilesadormir.com\/elmolinodeviento.pdf\" target=\"_blank\" rel=\"noopener\">El molino de viento<\/a><\/li>\n<li><a href=\"http:\/\/www.cuentosinfantilesadormir.com\/elosodormilon.pdf\" target=\"_blank\" rel=\"noopener\">El oso dormil\u00f3n y el elefante<\/a><\/li>\n<li><a href=\"http:\/\/www.cuentosinfantilesadormir.com\/ellobitobueno.pdf\" target=\"_blank\" rel=\"noopener\">El lobito bueno<\/a><\/li>\n<li><a href=\"http:\/\/www.cuentosinfantilesadormir.com\/elalcaravanylaabuilla.pdf\" target=\"_blank\" rel=\"noopener\">El alcarav\u00e1n y la abubilla<\/a><\/li>\n<li><a href=\"http:\/\/www.cuentosinfantilesadormir.com\/elgolletedelabotella.pdf\" target=\"_blank\" rel=\"noopener\">El gollete de la botella<\/a><\/li>\n<li><a href=\"http:\/\/www.cuentosinfantilesadormir.com\/ElfantasmadeCanterville.pdf\" target=\"_blank\" rel=\"noopener\">El fantasma de Canterville<\/a><\/li>\n<li><a href=\"http:\/\/www.cuentosinfantilesadormir.com\/eljabalidebronce.pdf\" target=\"_blank\" rel=\"noopener\">El jabal\u00ed de bronce<\/a><\/li>\n<li><a href=\"http:\/\/www.cuentosinfantilesadormir.com\/lacasavieja.pdf\" target=\"_blank\" rel=\"noopener\">La casa vieja<\/a><\/li>\n<li><a href=\"http:\/\/www.cuentosinfantilesadormir.com\/cuento-lasvelas.pdf\" target=\"_blank\" rel=\"noopener\">Las velas<\/a><\/li>\n<li><a href=\"http:\/\/www.cuentosinfantilesadormir.com\/lasaventurasdelcardo.pdf\">Las aventuras del cardo<\/a><\/li>\n<li><a href=\"http:\/\/www.cuentosinfantilesadormir.com\/elacemilerotalentoso.pdf\" target=\"_blank\" rel=\"noopener\">El acemilero talentoso<\/a><\/li>\n<li><a href=\"http:\/\/www.cuentosinfantilesadormir.com\/elcaldererodesalamanca.pdf\" target=\"_blank\" rel=\"noopener\">El calderero de Salamanca<\/a><\/li>\n<li><a href=\"http:\/\/www.cuentosinfantilesadormir.com\/lospstelesylamuela.pdf\">Los pasteles y la muela<\/a><\/li>\n<li><a href=\"http:\/\/www.cuentosinfantilesadormir.com\/elcapellanyelpalomino.pdf\" target=\"_blank\" rel=\"noopener\">El capell\u00e1n y el palomino<\/a><\/li>\n<li><a href=\"http:\/\/www.cuentosinfantilesadormir.com\/elrealdelsastre.pdf\" target=\"_blank\" rel=\"noopener\">El real del sastre<\/a><\/li>\n<li><a href=\"http:\/\/www.cuentosinfantilesadormir.com\/laconfesion.pdf\" target=\"_blank\" rel=\"noopener\">La confesi\u00f3n encontrada en una prisi\u00f3n<\/a><\/li>\n<li><a href=\"http:\/\/www.cuentosinfantilesadormir.com\/unahistoriadelasdunas.pdf\" target=\"_blank\" rel=\"noopener\">Una historia de las dunas<\/a><\/li>\n<li><a href=\"http:\/\/www.cuentosinfantilesadormir.com\/lamujerdelpescador.pdf\">La mujer del pescador<\/a><\/li>\n<li><a href=\"http:\/\/www.cuentosinfantilesadormir.com\/elnidodecisnes.pdf\" target=\"_blank\" rel=\"noopener\">El nido de cisnes<\/a><\/li>\n<li><a href=\"http:\/\/www.cuentosinfantilesadormir.com\/elultimosuenodelviejoroble.pdf\" target=\"_blank\" rel=\"noopener\">El \u00faltimo sue\u00f1o del viejo roble<\/a><\/li>\n<li><a href=\"http:\/\/www.cuentosinfantilesadormir.com\/elsilbatoencantado.pdf\" target=\"_blank\" rel=\"noopener\">El silbato encantado<\/a><\/li>\n<li><a href=\"http:\/\/www.cuentosinfantilesadormir.com\/Loquedijotodalafamilia.pdf\" target=\"_blank\" rel=\"noopener\">Lo que dijo toda la familia<\/a><\/li>\n<li><a href=\"http:\/\/www.cuentosinfantilesadormir.com\/lapiedrafilosofal.pdf\">La piedra filosofal<\/a><\/li>\n<li><a href=\"http:\/\/www.cuentosinfantilesadormir.com\/lasmediasdelosflamencos.pdf\" target=\"_blank\" rel=\"noopener\">Las medias de los flamencos<\/a><\/li>\n<li><a href=\"http:\/\/www.cuentosinfantilesadormir.com\/elalforfon.pdf\" target=\"_blank\" rel=\"noopener\">El alforf\u00f3n<\/a><\/li>\n<li><a href=\"http:\/\/www.cuentosinfantilesadormir.com\/almendrita.pdf\" target=\"_blank\" rel=\"noopener\">Almendrita<\/a><\/li>\n<li><a href=\"http:\/\/www.cuentosinfantilesadormir.com\/lashadas.pdf\" target=\"_blank\" rel=\"noopener\">Las hadas<\/a><\/li>\n<li><a href=\"http:\/\/www.cuentosinfantilesadormir.com\/elcofrevolador.pdf\" target=\"_blank\" rel=\"noopener\">El cofre volador<\/a><\/li>\n<li><a href=\"http:\/\/www.cuentosinfantilesadormir.com\/lacampasinaprudente.pdf\" target=\"_blank\" rel=\"noopener\">La campesina prudente<\/a><\/li>\n<li><a href=\"http:\/\/www.cuentosinfantilesadormir.com\/hermanitoyhermanita.pdf\" target=\"_blank\" rel=\"noopener\">Hermanito y hermanita<\/a><\/li>\n<li><a href=\"http:\/\/www.cuentosinfantilesadormir.com\/elbisabuelo.pdf\" target=\"_blank\" rel=\"noopener\">El bisabuelo<\/a><\/li>\n<li><a href=\"http:\/\/www.cuentosinfantilesadormir.com\/losdocehermanos.pdf\" target=\"_blank\" rel=\"noopener\">Los doce hermanos<\/a><\/li>\n<li><a href=\"http:\/\/www.cuentosinfantilesadormir.com\/elzorroysucomadre.pdf\" target=\"_blank\" rel=\"noopener\">El zorro y su comadre<\/a><\/li>\n<li><a href=\"http:\/\/www.cuentosinfantilesadormir.com\/abuelita.pdf\" target=\"_blank\" rel=\"noopener\">Abuelita<\/a><\/li>\n<li><a href=\"http:\/\/www.cuentosinfantilesadormir.com\/elacertijo.pdf\" target=\"_blank\" rel=\"noopener\">El acertijo<\/a><\/li>\n<li><a href=\"http:\/\/www.cuentosinfantilesadormir.com\/aventurasdeulises.pdf\" target=\"_blank\" rel=\"noopener\">Las aventuras de Ulises<\/a><\/li>\n<li><a href=\"http:\/\/www.cuentosinfantilesadormir.com\/losdesigualeshijosdeeva.pdf\" target=\"_blank\" rel=\"noopener\">Los desiguales hijos de Eva<\/a><\/li>\n<li><a href=\"http:\/\/www.cuentosinfantilesadormir.com\/laalondracantarinaysaltarina.pdf\" target=\"_blank\" rel=\"noopener\">La alondra cantarina y saltarina<\/a><\/li>\n<li><a href=\"http:\/\/www.cuentosinfantilesadormir.com\/laviejadelbosque.pdf\" target=\"_blank\" rel=\"noopener\">La vieja del bosque<\/a><\/li>\n<li><a href=\"http:\/\/www.cuentosinfantilesadormir.com\/loquesepuedeinventar.pdf\" target=\"_blank\" rel=\"noopener\">Lo que se puede inventar<\/a><\/li>\n<li><a href=\"http:\/\/www.cuentosinfantilesadormir.com\/arreglarelmundo.pdf\" target=\"_blank\" rel=\"noopener\">Arreglar el mundo<\/a><\/li>\n<li><a href=\"http:\/\/www.cuentosinfantilesadormir.com\/elhombrequecontabahistorias.pdf\" target=\"_blank\" rel=\"noopener\">El hombre que contaba historias<\/a><\/li>\n<li><a href=\"http:\/\/www.cuentosinfantilesadormir.com\/elcumpleanosdelainfanta.pdf\" target=\"_blank\" rel=\"noopener\">El cumplea\u00f1os de la infanta<\/a><\/li>\n<li><a href=\"http:\/\/www.cuentosinfantilesadormir.com\/elguardavia.pdf\" target=\"_blank\" rel=\"noopener\">El guardav\u00eda<\/a><\/li>\n<li><a href=\"http:\/\/www.cuentosinfantilesadormir.com\/elhijodelportero.pdf\" target=\"_blank\" rel=\"noopener\">El hijo del portero<\/a><\/li>\n<li><a href=\"http:\/\/www.cuentosinfantilesadormir.com\/eljardineroyelsenor.pdf\" target=\"_blank\" rel=\"noopener\">El jardinero y el se\u00f1or<\/a>\u00a0<a href=\"http:\/\/www.cuentosinfantilesadormir.com\/canterbury-cuento-del-cocinero.pdf\" target=\"_blank\" rel=\"noopener\">El cuento del cocinero<\/a><\/li>\n<li><a href=\"http:\/\/www.cuentosinfantilesadormir.com\/canterbury-palabras-anfitrion-del-grupo.pdf\" target=\"_blank\" rel=\"noopener\">Palabras del anfitrion del grupo<\/a><\/li>\n<li><a href=\"http:\/\/www.cuentosinfantilesadormir.com\/canterbury-prologo-del-magistrado.pdf\" target=\"_blank\" rel=\"noopener\">Pr\u00f3logo del magistrado<\/a><\/li>\n<\/ul>\n<p>Cuentos de Canterbury<\/p>\n<ul>\n<li><a href=\"http:\/\/www.cuentosinfantilesadormir.com\/canterbury-prologo.pdf\" target=\"_blank\" rel=\"noopener\">Prologo<\/a><\/li>\n<li><a href=\"http:\/\/www.cuentosinfantilesadormir.com\/canterbury-el-cuento-del-caballero.pdf\" target=\"_blank\" rel=\"noopener\">El cuento del caballero<\/a><\/li>\n<li><a href=\"http:\/\/www.cuentosinfantilesadormir.com\/canterbury-el-cuento-del-molinero.pdf\" target=\"_blank\" rel=\"noopener\">El cuento del molinero<\/a><\/li>\n<li><a href=\"http:\/\/www.cuentosinfantilesadormir.com\/canterbury-prologo-cuento-del-administrador.pdf\" target=\"_blank\" rel=\"noopener\">Pr\u00f3logo EL cuento del administrador<\/a><\/li>\n<li><a href=\"http:\/\/www.cuentosinfantilesadormir.com\/canterbury-cuento-del-administrador.pdf\" target=\"_blank\" rel=\"noopener\">El cuento del administrador<\/a><\/li>\n<li><a href=\"http:\/\/www.cuentosinfantilesadormir.com\/canterbury-prologo-cuento-del-cocinero.pdf\" target=\"_blank\" rel=\"noopener\">Pr\u00f3logo El cuento del cocinero<\/a><\/li>\n<\/ul>\n<p>Cuentos populares mexicanos<\/p>\n<ul>\n<li><a href=\"http:\/\/www.cuentosinfantilesadormir.com\/elmurcielago.pdf\" target=\"_blank\" rel=\"noopener\">El murci\u00e9lago<\/a><\/li>\n<li><a href=\"http:\/\/www.cuentosinfantilesadormir.com\/cuento-mexicano-itzelinaylosrayosdelsol.html\" target=\"_blank\" rel=\"noopener\">Itzelina y los rayos del Sol<\/a><\/li>\n<li><a href=\"http:\/\/www.cuentosinfantilesadormir.com\/elconejodelaluna.pdf\" target=\"_blank\" rel=\"noopener\">El conejo de la Luna<\/a><\/li>\n<li><a href=\"http:\/\/www.cuentosinfantilesadormir.com\/eltioconejoylagallina.pdf\" target=\"_blank\" rel=\"noopener\">El tio conejo y la gallina<\/a><\/li>\n<li><a href=\"http:\/\/www.cuentosinfantilesadormir.com\/lapalomatorcaz.pdf\" target=\"_blank\" rel=\"noopener\">La paloma torcaz<\/a><\/li>\n<\/ul>\n<p>Cuentos populares espa\u00f1oles<\/p>\n<ul>\n<li><a href=\"http:\/\/www.cuentosinfantilesadormir.com\/blancaninaylareinamora.pdf\" target=\"_blank\" rel=\"noopener\">Blancani\u00f1a y la reina mora<\/a><\/li>\n<li><a href=\"http:\/\/www.cuentosinfantilesadormir.com\/lasdoshermanasylanaranja.pdf\" target=\"_blank\" rel=\"noopener\">Las dos hermanas y la naranja<\/a><\/li>\n<li><a href=\"http:\/\/www.cuentosinfantilesadormir.com\/laredylaspalomas.pdf\" target=\"_blank\" rel=\"noopener\">La red y las palomas<\/a><\/li>\n<li><a href=\"http:\/\/www.cuentosinfantilesadormir.com\/yodosytuuno.pdf\" target=\"_blank\" rel=\"noopener\">Yo dos y tu uno<\/a><\/li>\n<li><a href=\"http:\/\/www.cuentosinfantilesadormir.com\/elburritodescontento.pdf\" target=\"_blank\" rel=\"noopener\">El burrito descontento<\/a><\/li>\n<li><a href=\"http:\/\/www.cuentosinfantilesadormir.com\/labalanzadeplata.pdf\" target=\"_blank\" rel=\"noopener\">La balanza de plata<\/a><\/li>\n<li><a href=\"http:\/\/www.cuentosinfantilesadormir.com\/loimportanteeslevantarse.pdf\" target=\"_blank\" rel=\"noopener\">Lo importante es levantarse<\/a><\/li>\n<li><a href=\"http:\/\/www.cuentosinfantilesadormir.com\/laprincesadejazmin.pdf\" target=\"_blank\" rel=\"noopener\">La princesa de Jazm\u00edn<\/a><\/li>\n<li><a href=\"http:\/\/www.cuentosinfantilesadormir.com\/laovejanegra.pdf\" target=\"_blank\" rel=\"noopener\">La oveja negra<\/a><\/li>\n<li><a href=\"http:\/\/www.cuentosinfantilesadormir.com\/elninoperdido.pdf\" target=\"_blank\" rel=\"noopener\">El ni\u00f1o perdido<\/a><\/li>\n<\/ul>\n<p>Cuentos populares colombianos<\/p>\n<ul>\n<li><a href=\"http:\/\/www.cuentosinfantilesadormir.com\/loscaballosquenoquerianamo.pdf\" target=\"_blank\" rel=\"noopener\">Los caballos que no querian amo<\/a><\/li>\n<li><a href=\"http:\/\/www.cuentosinfantilesadormir.com\/elmonoyeltiburon.pdf\" target=\"_blank\" rel=\"noopener\">El mono y el tibur\u00f3n<\/a><\/li>\n<\/ul>\n<p>Cuentos populares argentinos<\/p>\n<ul>\n<li><a href=\"http:\/\/www.cuentosinfantilesadormir.com\/lacazadorademariposas.pdf\" target=\"_blank\" rel=\"noopener\">La cazadora de mariposas<\/a><\/li>\n<li><a href=\"http:\/\/www.cuentosinfantilesadormir.com\/elzorroyeltigre.pdf\" target=\"_blank\" rel=\"noopener\">El zorro y el tigre<\/a><\/li>\n<\/ul>\n<p>Cuentos populares lituanos<\/p>\n<ul>\n<li><a href=\"http:\/\/www.cuentosinfantilesadormir.com\/edgle.pdf\" target=\"_blank\" rel=\"noopener\">Egle, la reina de las \u00e1spides<\/a><\/li>\n<\/ul>\n<p style=\"text-align: center;\"><em>\u201cLa lectura hace al hombre completo; la conversaci\u00f3n, \u00e1gil, y el escribir, preciso\u201d <\/em>(Sir Francis Bacon)<\/p>\n<p style=\"text-align: center;\"><strong>ENLACE DE LECTURA: <\/strong><a href=\"https:\/\/mega.nz\/folder\/f2ZGSBCI#ZseCWP7zd-cukNcWg6bgkg\" target=\"_blank\" rel=\"noopener\">PLAN LECTOR 2023 PRIMARIA Y SECUNDARIA<\/a><\/p>\n\t\t<div class=\"pk-inline-posts\">\n\t\t\t\n\t\t\t<div class=\"pk-inline-posts-container pk-inline-posts-template-list\"\n\t\t\t\tdata-columns=\"1\">\n\t\t\t\t\t\t<article id=\"post-118333\" class=\"post-118333 post type-post status-publish format-standard has-post-thumbnail category-jamb tag-apego tag-crianza tag-docentes tag-educacion tag-escuela tag-familia tag-infancia tag-responsabilidad tag-vinculo cs-entry cs-video-wrap\">\n\t\t\t<div class=\"pk-post-outer\">\n\n\t\t\t\t\t\t\t\t<div class=\"pk-post-inner\">\n\t\t\t\t\t<div class=\"entry-thumbnail\">\n\t\t\t\t\t\t<div class=\"pk-overlay pk-overlay-ratio pk-ratio-landscape\">\n\t\t\t\t\t\t\t<div class=\"pk-overlay-background\">\n\t\t\t\t\t\t\t\t<a href=\"https:\/\/webdelmaestrocmf.com\/portal\/el-sistema-nos-rompe-a-todos-y-a-los-ninos-primero\/\" class=\"pk-overlay-link\">\n\t\t\t\t\t\t\t\t\t<img loading=\"lazy\" decoding=\"async\" width=\"300\" height=\"225\" src=\"https:\/\/webdelmaestrocmf.com\/portal\/wp-content\/uploads\/2026\/04\/1AA-Banner-1-portada-imagen-10-1-copia-2-300x225.jpg\" class=\"attachment-pk-thumbnail size-pk-thumbnail wp-post-image\" alt=\"\" \/>\t\t\t\t\t\t\t\t<\/a>\n\t\t\t\t\t\t\t<\/div>\n\t\t\t\t\t\t<\/div>\n\t\t\t\t\t<\/div>\n\t\t\t\t<\/div>\n\t\t\t\t\n\t\t\t\t<div class=\"pk-post-inner\">\n\t\t\t\t\t<header>\n\t\t\t\t\t\t<h3 class=\"pk-title\"><a href=\"https:\/\/webdelmaestrocmf.com\/portal\/el-sistema-nos-rompe-a-todos-y-a-los-ninos-primero\/\" rel=\"bookmark\">El sistema nos rompe a todos\u2026 y a los ni\u00f1os primero<\/a><\/h3>\t\t\t\t\t<\/header><!-- .entry-header -->\n\t\t\t\t<\/div><!-- .post-inner -->\n\n\t\t\t<\/div><!-- .post-outer -->\n\t\t<\/article>\n\t\t\t<article id=\"post-118324\" class=\"post-118324 post type-post status-publish format-standard has-post-thumbnail category-jamb tag-administracion-educativa tag-calidad-educativa tag-comunidad-educativa tag-direccion-escolar tag-educacion-digital tag-gestion-escolar tag-innovacion-educativa tag-liderazgo-educativo tag-mejora-continua tag-planificacion-educativa cs-entry cs-video-wrap\">\n\t\t\t<div class=\"pk-post-outer\">\n\n\t\t\t\t\t\t\t\t<div class=\"pk-post-inner\">\n\t\t\t\t\t<div class=\"entry-thumbnail\">\n\t\t\t\t\t\t<div class=\"pk-overlay pk-overlay-ratio pk-ratio-landscape\">\n\t\t\t\t\t\t\t<div class=\"pk-overlay-background\">\n\t\t\t\t\t\t\t\t<a href=\"https:\/\/webdelmaestrocmf.com\/portal\/la-administracion-educativa-el-pilar-silencioso-que-sostiene-la-escuela-administrar-o-gestionar-una-comunidad-educativa-es-lo-mismo\/\" class=\"pk-overlay-link\">\n\t\t\t\t\t\t\t\t\t<img loading=\"lazy\" decoding=\"async\" width=\"300\" height=\"225\" src=\"https:\/\/webdelmaestrocmf.com\/portal\/wp-content\/uploads\/2026\/04\/1AA-Banner-1-portada-imagen-10-1-copia-6-4-300x225.webp\" class=\"attachment-pk-thumbnail size-pk-thumbnail wp-post-image\" alt=\"\" \/>\t\t\t\t\t\t\t\t<\/a>\n\t\t\t\t\t\t\t<\/div>\n\t\t\t\t\t\t<\/div>\n\t\t\t\t\t<\/div>\n\t\t\t\t<\/div>\n\t\t\t\t\n\t\t\t\t<div class=\"pk-post-inner\">\n\t\t\t\t\t<header>\n\t\t\t\t\t\t<h3 class=\"pk-title\"><a href=\"https:\/\/webdelmaestrocmf.com\/portal\/la-administracion-educativa-el-pilar-silencioso-que-sostiene-la-escuela-administrar-o-gestionar-una-comunidad-educativa-es-lo-mismo\/\" rel=\"bookmark\">La administraci\u00f3n educativa: el pilar silencioso que sostiene la escuela. \u00bfAdministrar o gestionar una comunidad educativa es lo mismo?<\/a><\/h3>\t\t\t\t\t<\/header><!-- .entry-header -->\n\t\t\t\t<\/div><!-- .post-inner -->\n\n\t\t\t<\/div><!-- .post-outer -->\n\t\t<\/article>\n\t\t\t<article id=\"post-118319\" class=\"post-118319 post type-post status-publish format-standard has-post-thumbnail category-jamb tag-bienestar-docente tag-clima-escolar tag-convivencia-escolar tag-cultura-escolar tag-direccion-escolar tag-empatia tag-gestion-escolar tag-gestion-institucional tag-laura-lewin tag-liderazgo-educativo tag-trabajo-en-equipo cs-entry cs-video-wrap\">\n\t\t\t<div class=\"pk-post-outer\">\n\n\t\t\t\t\t\t\t\t<div class=\"pk-post-inner\">\n\t\t\t\t\t<div class=\"entry-thumbnail\">\n\t\t\t\t\t\t<div class=\"pk-overlay pk-overlay-ratio pk-ratio-landscape\">\n\t\t\t\t\t\t\t<div class=\"pk-overlay-background\">\n\t\t\t\t\t\t\t\t<a href=\"https:\/\/webdelmaestrocmf.com\/portal\/el-liderazgo-directivo-entre-la-firmeza-institucional-y-la-humanidad\/\" class=\"pk-overlay-link\">\n\t\t\t\t\t\t\t\t\t<img loading=\"lazy\" decoding=\"async\" width=\"300\" height=\"225\" src=\"https:\/\/webdelmaestrocmf.com\/portal\/wp-content\/uploads\/2026\/04\/1AA-Banner-1-portada-imagen-10-1-copia-5-5-300x225.webp\" class=\"attachment-pk-thumbnail size-pk-thumbnail wp-post-image\" alt=\"\" \/>\t\t\t\t\t\t\t\t<\/a>\n\t\t\t\t\t\t\t<\/div>\n\t\t\t\t\t\t<\/div>\n\t\t\t\t\t<\/div>\n\t\t\t\t<\/div>\n\t\t\t\t\n\t\t\t\t<div class=\"pk-post-inner\">\n\t\t\t\t\t<header>\n\t\t\t\t\t\t<h3 class=\"pk-title\"><a href=\"https:\/\/webdelmaestrocmf.com\/portal\/el-liderazgo-directivo-entre-la-firmeza-institucional-y-la-humanidad\/\" rel=\"bookmark\">El liderazgo directivo: entre la firmeza institucional y la humanidad<\/a><\/h3>\t\t\t\t\t<\/header><!-- .entry-header -->\n\t\t\t\t<\/div><!-- .post-inner -->\n\n\t\t\t<\/div><!-- .post-outer -->\n\t\t<\/article>\n\t\t\t\t<\/div>\n\t\t<\/div>\n\t\t\n","protected":false},"excerpt":{"rendered":"Un plan lector, que probablemente manejamos o hemos manejado, \u00a0debe incidir fundamentalmente en el desarrollo de habilidades que&hellip;","protected":false},"author":1,"featured_media":86898,"comment_status":"open","ping_status":"closed","sticky":false,"template":"","format":"standard","meta":{"csco_display_header_overlay":false,"csco_singular_sidebar":"default","csco_page_header_type":"default","csco_page_load_nextpost":"default","csco_post_video_location":[],"csco_post_video_location_hash":"","csco_post_video_url":"","csco_post_video_bg_start_time":0,"csco_post_video_bg_end_time":0,"csco_post_video_bg_volume":false,"_jetpack_memberships_contains_paid_content":false,"footnotes":""},"categories":[61],"tags":[4491,1995,544,4816,673,4817,545,1015],"class_list":{"0":"post-45717","1":"post","2":"type-post","3":"status-publish","4":"format-standard","5":"has-post-thumbnail","7":"category-jamb","8":"tag-adulta","9":"tag-buena","10":"tag-comprension","11":"tag-expresion","12":"tag-infancia","13":"tag-influye","14":"tag-lectora","15":"tag-vida","16":"cs-entry","17":"cs-video-wrap"},"yoast_head":"<!-- This site is optimized with the Yoast SEO plugin v27.5 - https:\/\/yoast.com\/product\/yoast-seo-wordpress\/ -->\n<title>La buena comprensi\u00f3n y expresi\u00f3n lectora de la infancia influye en la vida adulta - 2026<\/title>\n<meta name=\"description\" content=\"Un plan lector, que probablemente manejamos o hemos manejado, \u00a0debe incidir fundamentalmente en el desarrollo de habilidades...\" \/>\n<meta name=\"robots\" content=\"index, follow, max-snippet:-1, max-image-preview:large, max-video-preview:-1\" \/>\n<link rel=\"canonical\" href=\"https:\/\/webdelmaestrocmf.com\/portal\/la-buena-comprension-y-expresion-lectora-de-la-infancia-influye-en-la-vida-adulta\/\" \/>\n<meta property=\"og:locale\" content=\"es_ES\" \/>\n<meta property=\"og:type\" content=\"article\" \/>\n<meta property=\"og:title\" content=\"La buena comprensi\u00f3n y expresi\u00f3n lectora de la infancia influye en la vida adulta - 2026\" \/>\n<meta property=\"og:description\" content=\"Un plan lector, que probablemente manejamos o hemos manejado, \u00a0debe incidir fundamentalmente en el desarrollo de habilidades...\" \/>\n<meta property=\"og:url\" content=\"https:\/\/webdelmaestrocmf.com\/portal\/la-buena-comprension-y-expresion-lectora-de-la-infancia-influye-en-la-vida-adulta\/\" \/>\n<meta property=\"og:site_name\" content=\"Web del Maestro CMF\" \/>\n<meta property=\"article:publisher\" content=\"https:\/\/www.facebook.com\/WebdelMaestroCMF\/\" \/>\n<meta property=\"article:author\" content=\"https:\/\/www.facebook.com\/WebdelMaestroCMF\/\" \/>\n<meta property=\"article:published_time\" content=\"2020-03-21T23:42:08+00:00\" \/>\n<meta property=\"article:modified_time\" content=\"2023-10-26T02:43:51+00:00\" \/>\n<meta property=\"og:image\" content=\"https:\/\/webdelmaestrocmf.com\/portal\/wp-content\/uploads\/2020\/03\/A12B3C4D.jpg\" \/>\n\t<meta property=\"og:image:width\" content=\"900\" \/>\n\t<meta property=\"og:image:height\" content=\"556\" \/>\n\t<meta property=\"og:image:type\" content=\"image\/jpeg\" \/>\n<meta name=\"author\" content=\"Web del Maestro CMF\" \/>\n<meta name=\"twitter:card\" content=\"summary_large_image\" \/>\n<meta name=\"twitter:creator\" content=\"@cmf_w\" \/>\n<meta name=\"twitter:site\" content=\"@cmf_w\" \/>\n<script type=\"application\/ld+json\" class=\"yoast-schema-graph\">{\"@context\":\"https:\\\/\\\/schema.org\",\"@graph\":[{\"@type\":\"ScholarlyArticle\",\"@id\":\"https:\\\/\\\/webdelmaestrocmf.com\\\/portal\\\/la-buena-comprension-y-expresion-lectora-de-la-infancia-influye-en-la-vida-adulta\\\/#article\",\"isPartOf\":{\"@id\":\"https:\\\/\\\/webdelmaestrocmf.com\\\/portal\\\/la-buena-comprension-y-expresion-lectora-de-la-infancia-influye-en-la-vida-adulta\\\/\"},\"author\":{\"name\":\"Web del Maestro CMF\",\"@id\":\"https:\\\/\\\/webdelmaestrocmf.com\\\/portal\\\/#\\\/schema\\\/person\\\/1072a2ed7bd960df8ef99a551fa35dc5\"},\"headline\":\"La buena comprensi\u00f3n y expresi\u00f3n lectora de la infancia influye en la vida adulta\",\"datePublished\":\"2020-03-21T23:42:08+00:00\",\"dateModified\":\"2023-10-26T02:43:51+00:00\",\"mainEntityOfPage\":{\"@id\":\"https:\\\/\\\/webdelmaestrocmf.com\\\/portal\\\/la-buena-comprension-y-expresion-lectora-de-la-infancia-influye-en-la-vida-adulta\\\/\"},\"wordCount\":3697,\"commentCount\":0,\"publisher\":{\"@id\":\"https:\\\/\\\/webdelmaestrocmf.com\\\/portal\\\/#organization\"},\"image\":{\"@id\":\"https:\\\/\\\/webdelmaestrocmf.com\\\/portal\\\/la-buena-comprension-y-expresion-lectora-de-la-infancia-influye-en-la-vida-adulta\\\/#primaryimage\"},\"thumbnailUrl\":\"https:\\\/\\\/webdelmaestrocmf.com\\\/portal\\\/wp-content\\\/uploads\\\/2020\\\/03\\\/A12B3C4D.jpg\",\"keywords\":[\"adulta\",\"buena\",\"comprensi\u00f3n\",\"expresi\u00f3n\",\"infancia\",\"influye\",\"LECTORA\",\"vida\"],\"articleSection\":[\"Yo opino - WMCMF\"],\"inLanguage\":\"es\",\"potentialAction\":[{\"@type\":\"CommentAction\",\"name\":\"Comment\",\"target\":[\"https:\\\/\\\/webdelmaestrocmf.com\\\/portal\\\/la-buena-comprension-y-expresion-lectora-de-la-infancia-influye-en-la-vida-adulta\\\/#respond\"]}]},{\"@type\":\"WebPage\",\"@id\":\"https:\\\/\\\/webdelmaestrocmf.com\\\/portal\\\/la-buena-comprension-y-expresion-lectora-de-la-infancia-influye-en-la-vida-adulta\\\/\",\"url\":\"https:\\\/\\\/webdelmaestrocmf.com\\\/portal\\\/la-buena-comprension-y-expresion-lectora-de-la-infancia-influye-en-la-vida-adulta\\\/\",\"name\":\"La buena comprensi\u00f3n y expresi\u00f3n lectora de la infancia influye en la vida adulta - 2026\",\"isPartOf\":{\"@id\":\"https:\\\/\\\/webdelmaestrocmf.com\\\/portal\\\/#website\"},\"primaryImageOfPage\":{\"@id\":\"https:\\\/\\\/webdelmaestrocmf.com\\\/portal\\\/la-buena-comprension-y-expresion-lectora-de-la-infancia-influye-en-la-vida-adulta\\\/#primaryimage\"},\"image\":{\"@id\":\"https:\\\/\\\/webdelmaestrocmf.com\\\/portal\\\/la-buena-comprension-y-expresion-lectora-de-la-infancia-influye-en-la-vida-adulta\\\/#primaryimage\"},\"thumbnailUrl\":\"https:\\\/\\\/webdelmaestrocmf.com\\\/portal\\\/wp-content\\\/uploads\\\/2020\\\/03\\\/A12B3C4D.jpg\",\"datePublished\":\"2020-03-21T23:42:08+00:00\",\"dateModified\":\"2023-10-26T02:43:51+00:00\",\"description\":\"Un plan lector, que probablemente manejamos o hemos manejado, \u00a0debe incidir fundamentalmente en el desarrollo de habilidades...\",\"breadcrumb\":{\"@id\":\"https:\\\/\\\/webdelmaestrocmf.com\\\/portal\\\/la-buena-comprension-y-expresion-lectora-de-la-infancia-influye-en-la-vida-adulta\\\/#breadcrumb\"},\"inLanguage\":\"es\",\"potentialAction\":[{\"@type\":\"ReadAction\",\"target\":[\"https:\\\/\\\/webdelmaestrocmf.com\\\/portal\\\/la-buena-comprension-y-expresion-lectora-de-la-infancia-influye-en-la-vida-adulta\\\/\"]}]},{\"@type\":\"ImageObject\",\"inLanguage\":\"es\",\"@id\":\"https:\\\/\\\/webdelmaestrocmf.com\\\/portal\\\/la-buena-comprension-y-expresion-lectora-de-la-infancia-influye-en-la-vida-adulta\\\/#primaryimage\",\"url\":\"https:\\\/\\\/webdelmaestrocmf.com\\\/portal\\\/wp-content\\\/uploads\\\/2020\\\/03\\\/A12B3C4D.jpg\",\"contentUrl\":\"https:\\\/\\\/webdelmaestrocmf.com\\\/portal\\\/wp-content\\\/uploads\\\/2020\\\/03\\\/A12B3C4D.jpg\",\"width\":900,\"height\":556},{\"@type\":\"BreadcrumbList\",\"@id\":\"https:\\\/\\\/webdelmaestrocmf.com\\\/portal\\\/la-buena-comprension-y-expresion-lectora-de-la-infancia-influye-en-la-vida-adulta\\\/#breadcrumb\",\"itemListElement\":[{\"@type\":\"ListItem\",\"position\":1,\"name\":\"Portada\",\"item\":\"https:\\\/\\\/webdelmaestrocmf.com\\\/portal\\\/\"},{\"@type\":\"ListItem\",\"position\":2,\"name\":\"Yo opino - WMCMF\",\"item\":\"https:\\\/\\\/webdelmaestrocmf.com\\\/portal\\\/category\\\/jamb\\\/\"},{\"@type\":\"ListItem\",\"position\":3,\"name\":\"La buena comprensi\u00f3n y expresi\u00f3n lectora de la infancia influye en la vida adulta\"}]},{\"@type\":\"WebSite\",\"@id\":\"https:\\\/\\\/webdelmaestrocmf.com\\\/portal\\\/#website\",\"url\":\"https:\\\/\\\/webdelmaestrocmf.com\\\/portal\\\/\",\"name\":\"Web del Maestro CMF\",\"description\":\"Maestros al servicio de la educaci\u00f3n\",\"publisher\":{\"@id\":\"https:\\\/\\\/webdelmaestrocmf.com\\\/portal\\\/#organization\"},\"alternateName\":\"WMCMF\",\"potentialAction\":[{\"@type\":\"SearchAction\",\"target\":{\"@type\":\"EntryPoint\",\"urlTemplate\":\"https:\\\/\\\/webdelmaestrocmf.com\\\/portal\\\/?s={search_term_string}\"},\"query-input\":{\"@type\":\"PropertyValueSpecification\",\"valueRequired\":true,\"valueName\":\"search_term_string\"}}],\"inLanguage\":\"es\"},{\"@type\":\"Organization\",\"@id\":\"https:\\\/\\\/webdelmaestrocmf.com\\\/portal\\\/#organization\",\"name\":\"Web del Maestro CMF\",\"alternateName\":\"WMCMF\",\"url\":\"https:\\\/\\\/webdelmaestrocmf.com\\\/portal\\\/\",\"logo\":{\"@type\":\"ImageObject\",\"inLanguage\":\"es\",\"@id\":\"https:\\\/\\\/webdelmaestrocmf.com\\\/portal\\\/#\\\/schema\\\/logo\\\/image\\\/\",\"url\":\"https:\\\/\\\/webdelmaestrocmf.com\\\/portal\\\/wp-content\\\/uploads\\\/2023\\\/01\\\/logo-wmcmf-2.png\",\"contentUrl\":\"https:\\\/\\\/webdelmaestrocmf.com\\\/portal\\\/wp-content\\\/uploads\\\/2023\\\/01\\\/logo-wmcmf-2.png\",\"width\":200,\"height\":60,\"caption\":\"Web del Maestro CMF\"},\"image\":{\"@id\":\"https:\\\/\\\/webdelmaestrocmf.com\\\/portal\\\/#\\\/schema\\\/logo\\\/image\\\/\"},\"sameAs\":[\"https:\\\/\\\/www.facebook.com\\\/WebdelMaestroCMF\\\/\",\"https:\\\/\\\/x.com\\\/cmf_w\",\"https:\\\/\\\/www.pinterest.com\\\/WMCMF\\\/\",\"https:\\\/\\\/www.linkedin.com\\\/company\\\/web-del-maestro-cmf\\\/\",\"https:\\\/\\\/www.instagram.com\\\/wmcmf\\\/\",\"https:\\\/\\\/www.youtube.com\\\/channel\\\/UCDPSvjbdodE5sHnC3OxutHw\",\"https:\\\/\\\/mastodon.social\\\/@wmcmf\",\"https:\\\/\\\/www.tiktok.com\\\/@webdelmaestrocmf\"]},{\"@type\":\"Person\",\"@id\":\"https:\\\/\\\/webdelmaestrocmf.com\\\/portal\\\/#\\\/schema\\\/person\\\/1072a2ed7bd960df8ef99a551fa35dc5\",\"name\":\"Web del Maestro CMF\",\"image\":{\"@type\":\"ImageObject\",\"inLanguage\":\"es\",\"@id\":\"https:\\\/\\\/secure.gravatar.com\\\/avatar\\\/23291dd5b5ae1077dcff3dbb04c3e02bd28403fa75af6d8787d5e97c5bbbe30b?s=96&d=mm&r=g\",\"url\":\"https:\\\/\\\/secure.gravatar.com\\\/avatar\\\/23291dd5b5ae1077dcff3dbb04c3e02bd28403fa75af6d8787d5e97c5bbbe30b?s=96&d=mm&r=g\",\"contentUrl\":\"https:\\\/\\\/secure.gravatar.com\\\/avatar\\\/23291dd5b5ae1077dcff3dbb04c3e02bd28403fa75af6d8787d5e97c5bbbe30b?s=96&d=mm&r=g\",\"caption\":\"Web del Maestro CMF\"},\"description\":\"Esta Web se cre\u00f3 sin fines de lucro, con fines educativos, cient\u00edficos y acad\u00e9micos, para personas que tengan dificultades y\\\/o inconvenientes en visualizar el material original. El objetivo es entregar recursos, compartir experiencias y materiales que ayuden a los padres de familia, maestros y estudiantes en su actualizaci\u00f3n y formaci\u00f3n permanente, en bien de la Educaci\u00f3n.\",\"sameAs\":[\"http:\\\/\\\/webdelmaestrocmf.com\\\/portal\",\"https:\\\/\\\/www.facebook.com\\\/WebdelMaestroCMF\\\/\",\"https:\\\/\\\/www.instagram.com\\\/wmcmf\\\/\",\"https:\\\/\\\/cl.linkedin.com\\\/company\\\/web-del-maestro-cmf\",\"https:\\\/\\\/www.pinterest.com\\\/WMCMF\\\/publicaciones\\\/\",\"https:\\\/\\\/x.com\\\/cmf_w\",\"https:\\\/\\\/www.youtube.com\\\/@WMCMF\"]}]}<\/script>\n<!-- \/ Yoast SEO plugin. -->","yoast_head_json":{"title":"La buena comprensi\u00f3n y expresi\u00f3n lectora de la infancia influye en la vida adulta - 2026","description":"Un plan lector, que probablemente manejamos o hemos manejado, \u00a0debe incidir fundamentalmente en el desarrollo de habilidades...","robots":{"index":"index","follow":"follow","max-snippet":"max-snippet:-1","max-image-preview":"max-image-preview:large","max-video-preview":"max-video-preview:-1"},"canonical":"https:\/\/webdelmaestrocmf.com\/portal\/la-buena-comprension-y-expresion-lectora-de-la-infancia-influye-en-la-vida-adulta\/","og_locale":"es_ES","og_type":"article","og_title":"La buena comprensi\u00f3n y expresi\u00f3n lectora de la infancia influye en la vida adulta - 2026","og_description":"Un plan lector, que probablemente manejamos o hemos manejado, \u00a0debe incidir fundamentalmente en el desarrollo de habilidades...","og_url":"https:\/\/webdelmaestrocmf.com\/portal\/la-buena-comprension-y-expresion-lectora-de-la-infancia-influye-en-la-vida-adulta\/","og_site_name":"Web del Maestro CMF","article_publisher":"https:\/\/www.facebook.com\/WebdelMaestroCMF\/","article_author":"https:\/\/www.facebook.com\/WebdelMaestroCMF\/","article_published_time":"2020-03-21T23:42:08+00:00","article_modified_time":"2023-10-26T02:43:51+00:00","og_image":[{"width":900,"height":556,"url":"https:\/\/webdelmaestrocmf.com\/portal\/wp-content\/uploads\/2020\/03\/A12B3C4D.jpg","type":"image\/jpeg"}],"author":"Web del Maestro CMF","twitter_card":"summary_large_image","twitter_creator":"@cmf_w","twitter_site":"@cmf_w","schema":{"@context":"https:\/\/schema.org","@graph":[{"@type":"ScholarlyArticle","@id":"https:\/\/webdelmaestrocmf.com\/portal\/la-buena-comprension-y-expresion-lectora-de-la-infancia-influye-en-la-vida-adulta\/#article","isPartOf":{"@id":"https:\/\/webdelmaestrocmf.com\/portal\/la-buena-comprension-y-expresion-lectora-de-la-infancia-influye-en-la-vida-adulta\/"},"author":{"name":"Web del Maestro CMF","@id":"https:\/\/webdelmaestrocmf.com\/portal\/#\/schema\/person\/1072a2ed7bd960df8ef99a551fa35dc5"},"headline":"La buena comprensi\u00f3n y expresi\u00f3n lectora de la infancia influye en la vida adulta","datePublished":"2020-03-21T23:42:08+00:00","dateModified":"2023-10-26T02:43:51+00:00","mainEntityOfPage":{"@id":"https:\/\/webdelmaestrocmf.com\/portal\/la-buena-comprension-y-expresion-lectora-de-la-infancia-influye-en-la-vida-adulta\/"},"wordCount":3697,"commentCount":0,"publisher":{"@id":"https:\/\/webdelmaestrocmf.com\/portal\/#organization"},"image":{"@id":"https:\/\/webdelmaestrocmf.com\/portal\/la-buena-comprension-y-expresion-lectora-de-la-infancia-influye-en-la-vida-adulta\/#primaryimage"},"thumbnailUrl":"https:\/\/webdelmaestrocmf.com\/portal\/wp-content\/uploads\/2020\/03\/A12B3C4D.jpg","keywords":["adulta","buena","comprensi\u00f3n","expresi\u00f3n","infancia","influye","LECTORA","vida"],"articleSection":["Yo opino - WMCMF"],"inLanguage":"es","potentialAction":[{"@type":"CommentAction","name":"Comment","target":["https:\/\/webdelmaestrocmf.com\/portal\/la-buena-comprension-y-expresion-lectora-de-la-infancia-influye-en-la-vida-adulta\/#respond"]}]},{"@type":"WebPage","@id":"https:\/\/webdelmaestrocmf.com\/portal\/la-buena-comprension-y-expresion-lectora-de-la-infancia-influye-en-la-vida-adulta\/","url":"https:\/\/webdelmaestrocmf.com\/portal\/la-buena-comprension-y-expresion-lectora-de-la-infancia-influye-en-la-vida-adulta\/","name":"La buena comprensi\u00f3n y expresi\u00f3n lectora de la infancia influye en la vida adulta - 2026","isPartOf":{"@id":"https:\/\/webdelmaestrocmf.com\/portal\/#website"},"primaryImageOfPage":{"@id":"https:\/\/webdelmaestrocmf.com\/portal\/la-buena-comprension-y-expresion-lectora-de-la-infancia-influye-en-la-vida-adulta\/#primaryimage"},"image":{"@id":"https:\/\/webdelmaestrocmf.com\/portal\/la-buena-comprension-y-expresion-lectora-de-la-infancia-influye-en-la-vida-adulta\/#primaryimage"},"thumbnailUrl":"https:\/\/webdelmaestrocmf.com\/portal\/wp-content\/uploads\/2020\/03\/A12B3C4D.jpg","datePublished":"2020-03-21T23:42:08+00:00","dateModified":"2023-10-26T02:43:51+00:00","description":"Un plan lector, que probablemente manejamos o hemos manejado, \u00a0debe incidir fundamentalmente en el desarrollo de habilidades...","breadcrumb":{"@id":"https:\/\/webdelmaestrocmf.com\/portal\/la-buena-comprension-y-expresion-lectora-de-la-infancia-influye-en-la-vida-adulta\/#breadcrumb"},"inLanguage":"es","potentialAction":[{"@type":"ReadAction","target":["https:\/\/webdelmaestrocmf.com\/portal\/la-buena-comprension-y-expresion-lectora-de-la-infancia-influye-en-la-vida-adulta\/"]}]},{"@type":"ImageObject","inLanguage":"es","@id":"https:\/\/webdelmaestrocmf.com\/portal\/la-buena-comprension-y-expresion-lectora-de-la-infancia-influye-en-la-vida-adulta\/#primaryimage","url":"https:\/\/webdelmaestrocmf.com\/portal\/wp-content\/uploads\/2020\/03\/A12B3C4D.jpg","contentUrl":"https:\/\/webdelmaestrocmf.com\/portal\/wp-content\/uploads\/2020\/03\/A12B3C4D.jpg","width":900,"height":556},{"@type":"BreadcrumbList","@id":"https:\/\/webdelmaestrocmf.com\/portal\/la-buena-comprension-y-expresion-lectora-de-la-infancia-influye-en-la-vida-adulta\/#breadcrumb","itemListElement":[{"@type":"ListItem","position":1,"name":"Portada","item":"https:\/\/webdelmaestrocmf.com\/portal\/"},{"@type":"ListItem","position":2,"name":"Yo opino - WMCMF","item":"https:\/\/webdelmaestrocmf.com\/portal\/category\/jamb\/"},{"@type":"ListItem","position":3,"name":"La buena comprensi\u00f3n y expresi\u00f3n lectora de la infancia influye en la vida adulta"}]},{"@type":"WebSite","@id":"https:\/\/webdelmaestrocmf.com\/portal\/#website","url":"https:\/\/webdelmaestrocmf.com\/portal\/","name":"Web del Maestro CMF","description":"Maestros al servicio de la educaci\u00f3n","publisher":{"@id":"https:\/\/webdelmaestrocmf.com\/portal\/#organization"},"alternateName":"WMCMF","potentialAction":[{"@type":"SearchAction","target":{"@type":"EntryPoint","urlTemplate":"https:\/\/webdelmaestrocmf.com\/portal\/?s={search_term_string}"},"query-input":{"@type":"PropertyValueSpecification","valueRequired":true,"valueName":"search_term_string"}}],"inLanguage":"es"},{"@type":"Organization","@id":"https:\/\/webdelmaestrocmf.com\/portal\/#organization","name":"Web del Maestro CMF","alternateName":"WMCMF","url":"https:\/\/webdelmaestrocmf.com\/portal\/","logo":{"@type":"ImageObject","inLanguage":"es","@id":"https:\/\/webdelmaestrocmf.com\/portal\/#\/schema\/logo\/image\/","url":"https:\/\/webdelmaestrocmf.com\/portal\/wp-content\/uploads\/2023\/01\/logo-wmcmf-2.png","contentUrl":"https:\/\/webdelmaestrocmf.com\/portal\/wp-content\/uploads\/2023\/01\/logo-wmcmf-2.png","width":200,"height":60,"caption":"Web del Maestro CMF"},"image":{"@id":"https:\/\/webdelmaestrocmf.com\/portal\/#\/schema\/logo\/image\/"},"sameAs":["https:\/\/www.facebook.com\/WebdelMaestroCMF\/","https:\/\/x.com\/cmf_w","https:\/\/www.pinterest.com\/WMCMF\/","https:\/\/www.linkedin.com\/company\/web-del-maestro-cmf\/","https:\/\/www.instagram.com\/wmcmf\/","https:\/\/www.youtube.com\/channel\/UCDPSvjbdodE5sHnC3OxutHw","https:\/\/mastodon.social\/@wmcmf","https:\/\/www.tiktok.com\/@webdelmaestrocmf"]},{"@type":"Person","@id":"https:\/\/webdelmaestrocmf.com\/portal\/#\/schema\/person\/1072a2ed7bd960df8ef99a551fa35dc5","name":"Web del Maestro CMF","image":{"@type":"ImageObject","inLanguage":"es","@id":"https:\/\/secure.gravatar.com\/avatar\/23291dd5b5ae1077dcff3dbb04c3e02bd28403fa75af6d8787d5e97c5bbbe30b?s=96&d=mm&r=g","url":"https:\/\/secure.gravatar.com\/avatar\/23291dd5b5ae1077dcff3dbb04c3e02bd28403fa75af6d8787d5e97c5bbbe30b?s=96&d=mm&r=g","contentUrl":"https:\/\/secure.gravatar.com\/avatar\/23291dd5b5ae1077dcff3dbb04c3e02bd28403fa75af6d8787d5e97c5bbbe30b?s=96&d=mm&r=g","caption":"Web del Maestro CMF"},"description":"Esta Web se cre\u00f3 sin fines de lucro, con fines educativos, cient\u00edficos y acad\u00e9micos, para personas que tengan dificultades y\/o inconvenientes en visualizar el material original. El objetivo es entregar recursos, compartir experiencias y materiales que ayuden a los padres de familia, maestros y estudiantes en su actualizaci\u00f3n y formaci\u00f3n permanente, en bien de la Educaci\u00f3n.","sameAs":["http:\/\/webdelmaestrocmf.com\/portal","https:\/\/www.facebook.com\/WebdelMaestroCMF\/","https:\/\/www.instagram.com\/wmcmf\/","https:\/\/cl.linkedin.com\/company\/web-del-maestro-cmf","https:\/\/www.pinterest.com\/WMCMF\/publicaciones\/","https:\/\/x.com\/cmf_w","https:\/\/www.youtube.com\/@WMCMF"]}]}},"jetpack_featured_media_url":"https:\/\/webdelmaestrocmf.com\/portal\/wp-content\/uploads\/2020\/03\/A12B3C4D.jpg","jetpack_sharing_enabled":true,"jetpack-related-posts":[{"id":84296,"url":"https:\/\/webdelmaestrocmf.com\/portal\/beneficios-de-la-comprension-lectora-en-ninos-y-adultos-lo-importante-de-tener-una-buena-comprension-lectora\/","url_meta":{"origin":45717,"position":0},"title":"Beneficios de la comprensi\u00f3n lectora en ni\u00f1os y adultos","author":"Web del Maestro CMF","date":"15 febrero, 2023","format":false,"excerpt":"La comprensi\u00f3n lectora es vital en la sociedad contempor\u00e1nea, pues es la base para aprender y absorber conocimientos a lo largo de la vida.\u00a0La habilidad para obtener informaci\u00f3n y convertirla en conocimiento es crucial para el desarrollo personal, social y laboral de las personas en general. Las sociedades que se\u2026","rel":"","context":"En \u00abComprensi\u00f3n lectora\u00bb","block_context":{"text":"Comprensi\u00f3n lectora","link":"https:\/\/webdelmaestrocmf.com\/portal\/category\/pedagogia\/comprension-lectora\/"},"img":{"alt_text":"","src":"https:\/\/i0.wp.com\/webdelmaestrocmf.com\/portal\/wp-content\/uploads\/2023\/02\/1a2-2.jpg?resize=350%2C200&ssl=1","width":350,"height":200,"srcset":"https:\/\/i0.wp.com\/webdelmaestrocmf.com\/portal\/wp-content\/uploads\/2023\/02\/1a2-2.jpg?resize=350%2C200&ssl=1 1x, https:\/\/i0.wp.com\/webdelmaestrocmf.com\/portal\/wp-content\/uploads\/2023\/02\/1a2-2.jpg?resize=525%2C300&ssl=1 1.5x, https:\/\/i0.wp.com\/webdelmaestrocmf.com\/portal\/wp-content\/uploads\/2023\/02\/1a2-2.jpg?resize=700%2C400&ssl=1 2x"},"classes":[]},{"id":46209,"url":"https:\/\/webdelmaestrocmf.com\/portal\/50-ejercicios-de-comprension-lectora-evaluaciones-incluidas\/","url_meta":{"origin":45717,"position":1},"title":"Pruebas y ejercicios de Comprensi\u00f3n Lectora &#8211; Estructuras sinta\u0301cticas","author":"Web del Maestro CMF","date":"23 junio, 2020","format":false,"excerpt":"La comprensi\u00f3n lectora es la llave maestra que desbloquea las puertas del conocimiento y el aprendizaje. Dentro de esta fascinante aventura de explorar las palabras y los mundos que esconden, las estructuras sint\u00e1cticas son como los puentes que nos gu\u00edan a trav\u00e9s de las p\u00e1ginas de un texto. En este\u2026","rel":"","context":"En \u00abDescargas Manuales PDF\u00bb","block_context":{"text":"Descargas Manuales PDF","link":"https:\/\/webdelmaestrocmf.com\/portal\/category\/pedagogia\/descargas-manuales-pdf\/"},"img":{"alt_text":"lectora","src":"https:\/\/i0.wp.com\/webdelmaestrocmf.com\/portal\/wp-content\/uploads\/2020\/06\/1234-1.jpg?resize=350%2C200&ssl=1","width":350,"height":200,"srcset":"https:\/\/i0.wp.com\/webdelmaestrocmf.com\/portal\/wp-content\/uploads\/2020\/06\/1234-1.jpg?resize=350%2C200&ssl=1 1x, https:\/\/i0.wp.com\/webdelmaestrocmf.com\/portal\/wp-content\/uploads\/2020\/06\/1234-1.jpg?resize=525%2C300&ssl=1 1.5x, https:\/\/i0.wp.com\/webdelmaestrocmf.com\/portal\/wp-content\/uploads\/2020\/06\/1234-1.jpg?resize=700%2C400&ssl=1 2x"},"classes":[]},{"id":112636,"url":"https:\/\/webdelmaestrocmf.com\/portal\/jovenes-que-leen-sin-comprender-pantallas-redes-sociales-e-ia-la-triada-que-erosiona-la-comprension-lectora-escolar-y-universitaria\/","url_meta":{"origin":45717,"position":2},"title":"J\u00f3venes que leen sin comprender: pantallas, redes sociales e IA, la tr\u00edada que erosiona la comprensi\u00f3n lectora escolar y universitaria","author":"Web del Maestro CMF","date":"17 octubre, 2025","format":false,"excerpt":"La comprensi\u00f3n lectora universitaria se desploma: pantallas, redes sociales e IA erosionan la atenci\u00f3n, la reflexi\u00f3n cr\u00edtica y la lectura profunda.","rel":"","context":"En \u00abNoticias Internacionales\u00bb","block_context":{"text":"Noticias Internacionales","link":"https:\/\/webdelmaestrocmf.com\/portal\/category\/noticias-internacionales\/"},"img":{"alt_text":"","src":"https:\/\/i0.wp.com\/webdelmaestrocmf.com\/portal\/wp-content\/uploads\/2025\/10\/1A-Banner-1-portada-imagen-10-1-copia-3-2.jpg?resize=350%2C200&ssl=1","width":350,"height":200,"srcset":"https:\/\/i0.wp.com\/webdelmaestrocmf.com\/portal\/wp-content\/uploads\/2025\/10\/1A-Banner-1-portada-imagen-10-1-copia-3-2.jpg?resize=350%2C200&ssl=1 1x, https:\/\/i0.wp.com\/webdelmaestrocmf.com\/portal\/wp-content\/uploads\/2025\/10\/1A-Banner-1-portada-imagen-10-1-copia-3-2.jpg?resize=525%2C300&ssl=1 1.5x, https:\/\/i0.wp.com\/webdelmaestrocmf.com\/portal\/wp-content\/uploads\/2025\/10\/1A-Banner-1-portada-imagen-10-1-copia-3-2.jpg?resize=700%2C400&ssl=1 2x"},"classes":[]},{"id":118355,"url":"https:\/\/webdelmaestrocmf.com\/portal\/dia-del-nino-aprende-reflexiona-y-fortalece-la-comprension-lectora-descarga-el-cuadernillo-listo-para-usar\/","url_meta":{"origin":45717,"position":3},"title":"D\u00eda del Ni\u00f1o: aprende, reflexiona y fortalece la comprensi\u00f3n lectora | Descarga el cuadernillo sobre el \u00abD\u00eda del ni\u00f1o\u00bb listo para usar","author":"Web del Maestro CMF","date":"27 abril, 2026","format":false,"excerpt":"El D\u00eda del Ni\u00f1o es una oportunidad educativa para fortalecer la comprensi\u00f3n lectora, promover valores y desarrollar el pensamiento cr\u00edtico mediante lecturas significativas y actividades que conectan con la realidad infantil.","rel":"","context":"En \u00abDescarga\u00bb","block_context":{"text":"Descarga","link":"https:\/\/webdelmaestrocmf.com\/portal\/category\/descarga\/"},"img":{"alt_text":"","src":"https:\/\/i0.wp.com\/webdelmaestrocmf.com\/portal\/wp-content\/uploads\/2026\/04\/1AA-Banner-1-portada-imagen-10-1-copia-35.webp?resize=350%2C200&ssl=1","width":350,"height":200,"srcset":"https:\/\/i0.wp.com\/webdelmaestrocmf.com\/portal\/wp-content\/uploads\/2026\/04\/1AA-Banner-1-portada-imagen-10-1-copia-35.webp?resize=350%2C200&ssl=1 1x, https:\/\/i0.wp.com\/webdelmaestrocmf.com\/portal\/wp-content\/uploads\/2026\/04\/1AA-Banner-1-portada-imagen-10-1-copia-35.webp?resize=525%2C300&ssl=1 1.5x, https:\/\/i0.wp.com\/webdelmaestrocmf.com\/portal\/wp-content\/uploads\/2026\/04\/1AA-Banner-1-portada-imagen-10-1-copia-35.webp?resize=700%2C400&ssl=1 2x, https:\/\/i0.wp.com\/webdelmaestrocmf.com\/portal\/wp-content\/uploads\/2026\/04\/1AA-Banner-1-portada-imagen-10-1-copia-35.webp?resize=1050%2C600&ssl=1 3x"},"classes":[]},{"id":99370,"url":"https:\/\/webdelmaestrocmf.com\/portal\/comprension-lectora-estrategias-planificacion-diaria-y-rubricas\/","url_meta":{"origin":45717,"position":4},"title":"Comprensi\u00f3n lectora: estrategias, planificaci\u00f3n diaria y r\u00fabricas","author":"Web del Maestro CMF","date":"6 noviembre, 2023","format":false,"excerpt":"La comprensi\u00f3n lectora es un aspecto fundamental en el desarrollo educativo de cualquier individuo. Se trata de la habilidad para entender y asimilar el significado de un texto, lo cual va m\u00e1s all\u00e1 de la simple decodificaci\u00f3n de palabras. Esta habilidad es crucial a lo largo de la vida, desde\u2026","rel":"","context":"En \u00abComprensi\u00f3n lectora\u00bb","block_context":{"text":"Comprensi\u00f3n lectora","link":"https:\/\/webdelmaestrocmf.com\/portal\/category\/pedagogia\/comprension-lectora\/"},"img":{"alt_text":"comprensi\u00f3n de lectura","src":"https:\/\/i0.wp.com\/webdelmaestrocmf.com\/portal\/wp-content\/uploads\/2023\/11\/A12B3C4D-13.jpg?resize=350%2C200&ssl=1","width":350,"height":200,"srcset":"https:\/\/i0.wp.com\/webdelmaestrocmf.com\/portal\/wp-content\/uploads\/2023\/11\/A12B3C4D-13.jpg?resize=350%2C200&ssl=1 1x, https:\/\/i0.wp.com\/webdelmaestrocmf.com\/portal\/wp-content\/uploads\/2023\/11\/A12B3C4D-13.jpg?resize=525%2C300&ssl=1 1.5x, https:\/\/i0.wp.com\/webdelmaestrocmf.com\/portal\/wp-content\/uploads\/2023\/11\/A12B3C4D-13.jpg?resize=700%2C400&ssl=1 2x"},"classes":[]},{"id":23738,"url":"https:\/\/webdelmaestrocmf.com\/portal\/30-textos-super-cortos-trabajar-la-comprension-lectora\/","url_meta":{"origin":45717,"position":5},"title":"100 Textos cortos para trabajar la comprensi\u00f3n lectora en Ni\u00f1os y Adultos","author":"Web del Maestro CMF","date":"20 septiembre, 2019","format":false,"excerpt":"Al igual que aprendemos a leer de peque\u00f1os, deber\u00edamos aprender del mismo modo a comprender lo que se lee. Desgraciadamente, este \u00faltimo punto siempre ha sido un objetivo a superar en la ense\u00f1anza, dado que los ni\u00f1os frecuentemente aprenden a leer sin adquirir, necesariamente, la habilidad de comprender el significado\u2026","rel":"","context":"En \u00abComunicaci\u00f3n\u00bb","block_context":{"text":"Comunicaci\u00f3n","link":"https:\/\/webdelmaestrocmf.com\/portal\/category\/pedagogia\/comunicacion\/"},"img":{"alt_text":"","src":"https:\/\/i0.wp.com\/webdelmaestrocmf.com\/portal\/wp-content\/uploads\/2019\/09\/1A-Banner-1-portada-imagen-10-1-9.jpg?resize=350%2C200&ssl=1","width":350,"height":200,"srcset":"https:\/\/i0.wp.com\/webdelmaestrocmf.com\/portal\/wp-content\/uploads\/2019\/09\/1A-Banner-1-portada-imagen-10-1-9.jpg?resize=350%2C200&ssl=1 1x, https:\/\/i0.wp.com\/webdelmaestrocmf.com\/portal\/wp-content\/uploads\/2019\/09\/1A-Banner-1-portada-imagen-10-1-9.jpg?resize=525%2C300&ssl=1 1.5x, https:\/\/i0.wp.com\/webdelmaestrocmf.com\/portal\/wp-content\/uploads\/2019\/09\/1A-Banner-1-portada-imagen-10-1-9.jpg?resize=700%2C400&ssl=1 2x"},"classes":[]}],"_links":{"self":[{"href":"https:\/\/webdelmaestrocmf.com\/portal\/wp-json\/wp\/v2\/posts\/45717","targetHints":{"allow":["GET"]}}],"collection":[{"href":"https:\/\/webdelmaestrocmf.com\/portal\/wp-json\/wp\/v2\/posts"}],"about":[{"href":"https:\/\/webdelmaestrocmf.com\/portal\/wp-json\/wp\/v2\/types\/post"}],"author":[{"embeddable":true,"href":"https:\/\/webdelmaestrocmf.com\/portal\/wp-json\/wp\/v2\/users\/1"}],"replies":[{"embeddable":true,"href":"https:\/\/webdelmaestrocmf.com\/portal\/wp-json\/wp\/v2\/comments?post=45717"}],"version-history":[{"count":0,"href":"https:\/\/webdelmaestrocmf.com\/portal\/wp-json\/wp\/v2\/posts\/45717\/revisions"}],"wp:featuredmedia":[{"embeddable":true,"href":"https:\/\/webdelmaestrocmf.com\/portal\/wp-json\/wp\/v2\/media\/86898"}],"wp:attachment":[{"href":"https:\/\/webdelmaestrocmf.com\/portal\/wp-json\/wp\/v2\/media?parent=45717"}],"wp:term":[{"taxonomy":"category","embeddable":true,"href":"https:\/\/webdelmaestrocmf.com\/portal\/wp-json\/wp\/v2\/categories?post=45717"},{"taxonomy":"post_tag","embeddable":true,"href":"https:\/\/webdelmaestrocmf.com\/portal\/wp-json\/wp\/v2\/tags?post=45717"}],"curies":[{"name":"wp","href":"https:\/\/api.w.org\/{rel}","templated":true}]}}