{"id":45437,"date":"2020-03-14T13:08:34","date_gmt":"2020-03-14T16:08:34","guid":{"rendered":"https:\/\/webdelmaestrocmf.com\/portal\/?p=45437"},"modified":"2020-03-15T13:32:49","modified_gmt":"2020-03-15T16:32:49","slug":"flora-griffith-fue-el-cerebro-humano-disenado-para-estudiar","status":"publish","type":"post","link":"https:\/\/webdelmaestrocmf.com\/portal\/flora-griffith-fue-el-cerebro-humano-disenado-para-estudiar\/","title":{"rendered":"[Flora Griffith] \u00bfFue el cerebro humano dise\u00f1ado para \u00abestudiar\u00bb?"},"content":{"rendered":"<h5 style=\"text-align: justify;\">\u00bfHab\u00edas alguna vez considerado la posibilidad de que nuestro cerebro no hubiese sido creado precisamente para la actividad de \u00abestudiar\u00bb?<\/h5>\n<h5 style=\"text-align: justify;\">Descarga el E-book: \u00bf\u00a0<a href=\"https:\/\/drive.google.com\/file\/d\/1DeQuiYqsiKTYJYueMfXF3ohxFdohsgp5\/view?usp=sharing\" target=\"_blank\" rel=\"noopener noreferrer\">FUE EL CEREBRO DISE\u00d1ADO PARA \u00abESTUDIAR\u00bb?<\/a> , y conoce c\u00f3mo el cerebro puede aprender de manera m\u00e1s eficiente. En la primera secci\u00f3n se explica c\u00f3mo el hombre primitivo recababa informaci\u00f3n de su entorno, us\u00e1ndola para su sobrevivencia.<\/h5>\n<p><!--more--><\/p>\n<p style=\"text-align: justify;\">En la segunda, se trata sobre el importante rol que ha jugado su curiosidad por conocer el mundo y\u00a0 en la tercera, se ofrecen algunas recomendaciones basadas en investigaciones y estudios cient\u00edficos en torno a c\u00f3mo aprender de manera m\u00e1s eficiente y efectiva.<\/p>\n<h5 style=\"text-align: justify;\"><strong>\u00bfCon qu\u00e9 fin fue creado el cerebro humano?<\/strong><\/h5>\n<p style=\"text-align: justify;\">Hoy en d\u00eda se ha llegado a la conclusi\u00f3n de que el cerebro humano no fue precisamente dise\u00f1ado para estudiar.<\/p>\n<p style=\"text-align: justify;\">Estudios comparativos de la psicolog\u00eda cognitiva y experimental, aunado a los descubrimientos sobre el funcionamiento del cerebro nos han llevado a concluir que nuestro cerebro vino configurado para captar del entorno toda aquella informaci\u00f3n que vaya dirigida a su protecci\u00f3n y sobrevivencia, pero a trav\u00e9s de un proceso algo distinto al que com\u00fanmente llamamos \u00abestudiar\u201c.<\/p>\n<p><img loading=\"lazy\" decoding=\"async\" class=\"alignnone size-full wp-image-45440\" src=\"https:\/\/webdelmaestrocmf.com\/portal\/wp-content\/uploads\/2020\/03\/2-4.jpg\" alt=\"\" width=\"1100\" height=\"680\" srcset=\"https:\/\/webdelmaestrocmf.com\/portal\/wp-content\/uploads\/2020\/03\/2-4.jpg 1100w, https:\/\/webdelmaestrocmf.com\/portal\/wp-content\/uploads\/2020\/03\/2-4-300x185.jpg 300w, https:\/\/webdelmaestrocmf.com\/portal\/wp-content\/uploads\/2020\/03\/2-4-1024x633.jpg 1024w, https:\/\/webdelmaestrocmf.com\/portal\/wp-content\/uploads\/2020\/03\/2-4-768x475.jpg 768w, https:\/\/webdelmaestrocmf.com\/portal\/wp-content\/uploads\/2020\/03\/2-4-110x68.jpg 110w, https:\/\/webdelmaestrocmf.com\/portal\/wp-content\/uploads\/2020\/03\/2-4-200x124.jpg 200w, https:\/\/webdelmaestrocmf.com\/portal\/wp-content\/uploads\/2020\/03\/2-4-380x235.jpg 380w, https:\/\/webdelmaestrocmf.com\/portal\/wp-content\/uploads\/2020\/03\/2-4-255x158.jpg 255w, https:\/\/webdelmaestrocmf.com\/portal\/wp-content\/uploads\/2020\/03\/2-4-550x340.jpg 550w, https:\/\/webdelmaestrocmf.com\/portal\/wp-content\/uploads\/2020\/03\/2-4-800x495.jpg 800w\" sizes=\"auto, (max-width: 1100px) 100vw, 1100px\" \/><\/p>\n<h5 style=\"text-align: justify;\"><strong>\u00bfC\u00f3mo aprend\u00eda el hombre?<\/strong><\/h5>\n<p style=\"text-align: justify;\">Desde la prehistoria, hace unos 3 millones de a\u00f1os atr\u00e1s, el hombre que habit\u00f3 la tierra fue capaz de sobrevivir y evolucionar hasta lo que somos hoy, porque desarroll\u00f3 la capacidad de percibir y discriminar est\u00edmulos en su entorno.<\/p>\n<p style=\"text-align: justify;\">Hac\u00eda uso de su olfato, su visi\u00f3n, tacto y dem\u00e1s sentidos para identificar d\u00f3nde hab\u00eda alimento, por d\u00f3nde hab\u00eda pasado un depredador, qu\u00e9 plantas pod\u00edan resultar venenosas y cu\u00e1les aptas para su consumo. Gracias a su curiosidad y capacidad de experimentar, fue desarrollando herramientas para facilitar procesos y hacer frente a retos y desaf\u00edos.<\/p>\n<p><strong>Te invitamos a descargar el E-book: \u00bf<a href=\"https:\/\/drive.google.com\/file\/d\/1DeQuiYqsiKTYJYueMfXF3ohxFdohsgp5\/view?usp=sharing\" target=\"_blank\" rel=\"noopener noreferrer\">FUE EL CEREBRO DISE\u00d1ADO PARA \u00abESTUDIAR\u00bb?<\/a> , y conoce c\u00f3mo el cerebro puede aprender de manera m\u00e1s eficiente.<\/strong><\/p>\n<table class=\" alignleft\" border=\"0\" width=\"100%\" cellspacing=\"10\" cellpadding=\"10\">\n<tbody>\n<tr>\n<td style=\"text-align: center;\" width=\"30%\"><strong><img loading=\"lazy\" decoding=\"async\" class=\"size-full wp-image-43202 aligncenter\" src=\"https:\/\/webdelmaestrocmf.com\/portal\/wp-content\/uploads\/2020\/01\/M.jpg\" alt=\"\" width=\"200\" height=\"200\" srcset=\"https:\/\/webdelmaestrocmf.com\/portal\/wp-content\/uploads\/2020\/01\/M.jpg 200w, https:\/\/webdelmaestrocmf.com\/portal\/wp-content\/uploads\/2020\/01\/M-150x150.jpg 150w, https:\/\/webdelmaestrocmf.com\/portal\/wp-content\/uploads\/2020\/01\/M-80x80.jpg 80w, https:\/\/webdelmaestrocmf.com\/portal\/wp-content\/uploads\/2020\/01\/M-110x110.jpg 110w\" sizes=\"auto, (max-width: 200px) 100vw, 200px\" \/><br \/>\nAutor: <\/strong>Flora Griffith, Sub Directora-Seccion Primaria. Panamerican School, Docente Virtual, Tecnolog\u00eda Educativa.<strong><br \/>\n<\/strong><span class=\"lt-line-clamp__raw-line\">En mis mas de 20 a\u00f1os que llevo ejerciendo en el campo de la psicolog\u00eda y la educaci\u00f3n, las NTIc me han permitido la posibilidad de crear y desarrollado programas de capacitaci\u00f3n en l\u00ednea a trav\u00e9s de diversas plataformas. Mi inter\u00e9s es lograr que aquellas personas, que por motivos de movilidad o salud no tiene la oportunidad de trasladarse a un centro educativo, tengan tambi\u00e9n la oportunidad de acceder a la educaci\u00f3n y el conocimiento, y por ende a un futuro m\u00e1s digno. Promuevo el uso eficiente de las tecnolog\u00edas y aprovecharlas para nuestro desarrollo personal y como sociedad; las considero no un fin, si no un medio para evolucionar como sociedad.<\/span>\u00a0<strong><br \/>\nBlog personal:<\/strong> <a href=\"https:\/\/floragriffith.blogspot.com\/\" target=\"_blank\" rel=\"noopener noreferrer\">floragriffith.blogspot.com<\/a><br \/>\n<strong>Linkedin:<\/strong> <a href=\"https:\/\/www.linkedin.com\/in\/fgriffith\/\" target=\"_blank\" rel=\"noopener noreferrer\">Flora Griffith<\/a><br \/>\n<strong>Cuenta de facebook:<\/strong> <a href=\"https:\/\/www.facebook.com\/flora.griffith\/\" target=\"_blank\" rel=\"noopener noreferrer\">flora.griffith<\/a><\/td>\n<\/tr>\n<\/tbody>\n<\/table>\n<p style=\"text-align: left;\">.<\/p>\n\t\t<div class=\"pk-inline-posts\">\n\t\t\t\n\t\t\t<div class=\"pk-inline-posts-container pk-inline-posts-template-list\"\n\t\t\t\tdata-columns=\"1\">\n\t\t\t\t\t\t<article id=\"post-43199\" class=\"post-43199 post type-post status-publish format-standard has-post-thumbnail category-colaborador category-z-colaboradores-flora-griffith tag-aulas tag-flora-griffith tag-reflexion tag-tecnologia cs-entry cs-video-wrap\">\n\t\t\t<div class=\"pk-post-outer\">\n\n\t\t\t\t\t\t\t\t<div class=\"pk-post-inner\">\n\t\t\t\t\t<div class=\"entry-thumbnail\">\n\t\t\t\t\t\t<div class=\"pk-overlay pk-overlay-ratio pk-ratio-landscape\">\n\t\t\t\t\t\t\t<div class=\"pk-overlay-background\">\n\t\t\t\t\t\t\t\t<a href=\"https:\/\/webdelmaestrocmf.com\/portal\/flora-griffith-reflexionemos-sobre-el-uso-efectivo-de-la-tecnologia-en-las-aulas\/\" class=\"pk-overlay-link\">\n\t\t\t\t\t\t\t\t\t<img loading=\"lazy\" decoding=\"async\" width=\"300\" height=\"225\" src=\"https:\/\/webdelmaestrocmf.com\/portal\/wp-content\/uploads\/2020\/01\/1-3-300x225.jpg\" class=\"attachment-pk-thumbnail size-pk-thumbnail wp-post-image\" alt=\"\" \/>\t\t\t\t\t\t\t\t<\/a>\n\t\t\t\t\t\t\t<\/div>\n\t\t\t\t\t\t<\/div>\n\t\t\t\t\t<\/div>\n\t\t\t\t<\/div>\n\t\t\t\t\n\t\t\t\t<div class=\"pk-post-inner\">\n\t\t\t\t\t<header>\n\t\t\t\t\t\t<h3 class=\"pk-title\"><a href=\"https:\/\/webdelmaestrocmf.com\/portal\/flora-griffith-reflexionemos-sobre-el-uso-efectivo-de-la-tecnologia-en-las-aulas\/\" rel=\"bookmark\">[Flora Griffith] Reflexionemos sobre el uso efectivo de la tecnolog\u00eda en las aulas<\/a><\/h3>\t\t\t\t\t<\/header><!-- .entry-header -->\n\t\t\t\t<\/div><!-- .post-inner -->\n\n\t\t\t<\/div><!-- .post-outer -->\n\t\t<\/article>\n\t\t\t\t<\/div>\n\t\t<\/div>\n\t\t\n","protected":false},"excerpt":{"rendered":"\u00bfHab\u00edas alguna vez considerado la posibilidad de que nuestro cerebro no hubiese sido creado precisamente para la actividad&hellip;","protected":false},"author":1,"featured_media":45439,"comment_status":"open","ping_status":"closed","sticky":false,"template":"","format":"standard","meta":{"csco_display_header_overlay":false,"csco_singular_sidebar":"default","csco_page_header_type":"default","csco_page_load_nextpost":"default","csco_post_video_location":[],"csco_post_video_location_hash":"","csco_post_video_url":"","csco_post_video_bg_start_time":0,"csco_post_video_bg_end_time":0,"csco_post_video_bg_volume":false,"_jetpack_memberships_contains_paid_content":false,"footnotes":""},"categories":[1790,4617],"tags":[662,4784,1256,4372],"class_list":{"0":"post-45437","1":"post","2":"type-post","3":"status-publish","4":"format-standard","5":"has-post-thumbnail","7":"category-colaborador","8":"category-z-colaboradores-flora-griffith","9":"tag-cerebro","10":"tag-disenado","11":"tag-estudiar","12":"tag-humano","13":"cs-entry","14":"cs-video-wrap"},"yoast_head":"<!-- This site is optimized with the Yoast SEO plugin v27.5 - https:\/\/yoast.com\/product\/yoast-seo-wordpress\/ -->\n<title>[Flora Griffith] \u00bfFue el cerebro humano dise\u00f1ado para &quot;estudiar&quot;? - 2026<\/title>\n<meta name=\"description\" content=\"Hoy en d\u00eda se ha llegado a la conclusi\u00f3n de que el cerebro humano no fue precisamente dise\u00f1ado para estudiar.Estudios comparativos de la psicolog\u00eda...\" \/>\n<meta name=\"robots\" content=\"index, follow, max-snippet:-1, max-image-preview:large, max-video-preview:-1\" \/>\n<link rel=\"canonical\" href=\"https:\/\/webdelmaestrocmf.com\/portal\/flora-griffith-fue-el-cerebro-humano-disenado-para-estudiar\/\" \/>\n<meta property=\"og:locale\" content=\"es_ES\" \/>\n<meta property=\"og:type\" content=\"article\" \/>\n<meta property=\"og:title\" content=\"[Flora Griffith] \u00bfFue el cerebro humano dise\u00f1ado para &quot;estudiar&quot;? - 2026\" \/>\n<meta property=\"og:description\" content=\"Hoy en d\u00eda se ha llegado a la conclusi\u00f3n de que el cerebro humano no fue precisamente dise\u00f1ado para estudiar.Estudios comparativos de la psicolog\u00eda...\" \/>\n<meta property=\"og:url\" content=\"https:\/\/webdelmaestrocmf.com\/portal\/flora-griffith-fue-el-cerebro-humano-disenado-para-estudiar\/\" \/>\n<meta property=\"og:site_name\" content=\"Web del Maestro CMF\" \/>\n<meta property=\"article:publisher\" content=\"https:\/\/www.facebook.com\/WebdelMaestroCMF\/\" \/>\n<meta property=\"article:author\" content=\"https:\/\/www.facebook.com\/WebdelMaestroCMF\/\" \/>\n<meta property=\"article:published_time\" content=\"2020-03-14T16:08:34+00:00\" \/>\n<meta property=\"article:modified_time\" content=\"2020-03-15T16:32:49+00:00\" \/>\n<meta property=\"og:image\" content=\"https:\/\/i0.wp.com\/webdelmaestrocmf.com\/portal\/wp-content\/uploads\/2020\/03\/1-12.jpg?fit=1100%2C680&ssl=1\" \/>\n\t<meta property=\"og:image:width\" content=\"1100\" \/>\n\t<meta property=\"og:image:height\" content=\"680\" \/>\n\t<meta property=\"og:image:type\" content=\"image\/jpeg\" \/>\n<meta name=\"author\" content=\"Web del Maestro CMF\" \/>\n<meta name=\"twitter:card\" content=\"summary_large_image\" \/>\n<meta name=\"twitter:creator\" content=\"@cmf_w\" \/>\n<meta name=\"twitter:site\" content=\"@cmf_w\" \/>\n<script type=\"application\/ld+json\" class=\"yoast-schema-graph\">{\"@context\":\"https:\\\/\\\/schema.org\",\"@graph\":[{\"@type\":\"ScholarlyArticle\",\"@id\":\"https:\\\/\\\/webdelmaestrocmf.com\\\/portal\\\/flora-griffith-fue-el-cerebro-humano-disenado-para-estudiar\\\/#article\",\"isPartOf\":{\"@id\":\"https:\\\/\\\/webdelmaestrocmf.com\\\/portal\\\/flora-griffith-fue-el-cerebro-humano-disenado-para-estudiar\\\/\"},\"author\":{\"name\":\"Web del Maestro CMF\",\"@id\":\"https:\\\/\\\/webdelmaestrocmf.com\\\/portal\\\/#\\\/schema\\\/person\\\/1072a2ed7bd960df8ef99a551fa35dc5\"},\"headline\":\"[Flora Griffith] \u00bfFue el cerebro humano dise\u00f1ado para \u00abestudiar\u00bb?\",\"datePublished\":\"2020-03-14T16:08:34+00:00\",\"dateModified\":\"2020-03-15T16:32:49+00:00\",\"mainEntityOfPage\":{\"@id\":\"https:\\\/\\\/webdelmaestrocmf.com\\\/portal\\\/flora-griffith-fue-el-cerebro-humano-disenado-para-estudiar\\\/\"},\"wordCount\":501,\"commentCount\":0,\"publisher\":{\"@id\":\"https:\\\/\\\/webdelmaestrocmf.com\\\/portal\\\/#organization\"},\"image\":{\"@id\":\"https:\\\/\\\/webdelmaestrocmf.com\\\/portal\\\/flora-griffith-fue-el-cerebro-humano-disenado-para-estudiar\\\/#primaryimage\"},\"thumbnailUrl\":\"https:\\\/\\\/webdelmaestrocmf.com\\\/portal\\\/wp-content\\\/uploads\\\/2020\\\/03\\\/1-12.jpg\",\"keywords\":[\"Cerebro\",\"dise\u00f1ado\",\"estudiar\",\"HUMANO\"],\"articleSection\":[\"Z-Colaboradores\",\"Z-Colaboradores-Flora-Griffith\"],\"inLanguage\":\"es\",\"potentialAction\":[{\"@type\":\"CommentAction\",\"name\":\"Comment\",\"target\":[\"https:\\\/\\\/webdelmaestrocmf.com\\\/portal\\\/flora-griffith-fue-el-cerebro-humano-disenado-para-estudiar\\\/#respond\"]}]},{\"@type\":\"WebPage\",\"@id\":\"https:\\\/\\\/webdelmaestrocmf.com\\\/portal\\\/flora-griffith-fue-el-cerebro-humano-disenado-para-estudiar\\\/\",\"url\":\"https:\\\/\\\/webdelmaestrocmf.com\\\/portal\\\/flora-griffith-fue-el-cerebro-humano-disenado-para-estudiar\\\/\",\"name\":\"[Flora Griffith] \u00bfFue el cerebro humano dise\u00f1ado para \\\"estudiar\\\"? - 2026\",\"isPartOf\":{\"@id\":\"https:\\\/\\\/webdelmaestrocmf.com\\\/portal\\\/#website\"},\"primaryImageOfPage\":{\"@id\":\"https:\\\/\\\/webdelmaestrocmf.com\\\/portal\\\/flora-griffith-fue-el-cerebro-humano-disenado-para-estudiar\\\/#primaryimage\"},\"image\":{\"@id\":\"https:\\\/\\\/webdelmaestrocmf.com\\\/portal\\\/flora-griffith-fue-el-cerebro-humano-disenado-para-estudiar\\\/#primaryimage\"},\"thumbnailUrl\":\"https:\\\/\\\/webdelmaestrocmf.com\\\/portal\\\/wp-content\\\/uploads\\\/2020\\\/03\\\/1-12.jpg\",\"datePublished\":\"2020-03-14T16:08:34+00:00\",\"dateModified\":\"2020-03-15T16:32:49+00:00\",\"description\":\"Hoy en d\u00eda se ha llegado a la conclusi\u00f3n de que el cerebro humano no fue precisamente dise\u00f1ado para estudiar.Estudios comparativos de la psicolog\u00eda...\",\"breadcrumb\":{\"@id\":\"https:\\\/\\\/webdelmaestrocmf.com\\\/portal\\\/flora-griffith-fue-el-cerebro-humano-disenado-para-estudiar\\\/#breadcrumb\"},\"inLanguage\":\"es\",\"potentialAction\":[{\"@type\":\"ReadAction\",\"target\":[\"https:\\\/\\\/webdelmaestrocmf.com\\\/portal\\\/flora-griffith-fue-el-cerebro-humano-disenado-para-estudiar\\\/\"]}]},{\"@type\":\"ImageObject\",\"inLanguage\":\"es\",\"@id\":\"https:\\\/\\\/webdelmaestrocmf.com\\\/portal\\\/flora-griffith-fue-el-cerebro-humano-disenado-para-estudiar\\\/#primaryimage\",\"url\":\"https:\\\/\\\/webdelmaestrocmf.com\\\/portal\\\/wp-content\\\/uploads\\\/2020\\\/03\\\/1-12.jpg\",\"contentUrl\":\"https:\\\/\\\/webdelmaestrocmf.com\\\/portal\\\/wp-content\\\/uploads\\\/2020\\\/03\\\/1-12.jpg\",\"width\":1100,\"height\":680},{\"@type\":\"BreadcrumbList\",\"@id\":\"https:\\\/\\\/webdelmaestrocmf.com\\\/portal\\\/flora-griffith-fue-el-cerebro-humano-disenado-para-estudiar\\\/#breadcrumb\",\"itemListElement\":[{\"@type\":\"ListItem\",\"position\":1,\"name\":\"Portada\",\"item\":\"https:\\\/\\\/webdelmaestrocmf.com\\\/portal\\\/\"},{\"@type\":\"ListItem\",\"position\":2,\"name\":\"Z-Colaboradores\",\"item\":\"https:\\\/\\\/webdelmaestrocmf.com\\\/portal\\\/category\\\/colaborador\\\/\"},{\"@type\":\"ListItem\",\"position\":3,\"name\":\"[Flora Griffith] \u00bfFue el cerebro humano dise\u00f1ado para &#8220;estudiar&#8221;?\"}]},{\"@type\":\"WebSite\",\"@id\":\"https:\\\/\\\/webdelmaestrocmf.com\\\/portal\\\/#website\",\"url\":\"https:\\\/\\\/webdelmaestrocmf.com\\\/portal\\\/\",\"name\":\"Web del Maestro CMF\",\"description\":\"Maestros al servicio de la educaci\u00f3n\",\"publisher\":{\"@id\":\"https:\\\/\\\/webdelmaestrocmf.com\\\/portal\\\/#organization\"},\"alternateName\":\"WMCMF\",\"potentialAction\":[{\"@type\":\"SearchAction\",\"target\":{\"@type\":\"EntryPoint\",\"urlTemplate\":\"https:\\\/\\\/webdelmaestrocmf.com\\\/portal\\\/?s={search_term_string}\"},\"query-input\":{\"@type\":\"PropertyValueSpecification\",\"valueRequired\":true,\"valueName\":\"search_term_string\"}}],\"inLanguage\":\"es\"},{\"@type\":\"Organization\",\"@id\":\"https:\\\/\\\/webdelmaestrocmf.com\\\/portal\\\/#organization\",\"name\":\"Web del Maestro CMF\",\"alternateName\":\"WMCMF\",\"url\":\"https:\\\/\\\/webdelmaestrocmf.com\\\/portal\\\/\",\"logo\":{\"@type\":\"ImageObject\",\"inLanguage\":\"es\",\"@id\":\"https:\\\/\\\/webdelmaestrocmf.com\\\/portal\\\/#\\\/schema\\\/logo\\\/image\\\/\",\"url\":\"https:\\\/\\\/webdelmaestrocmf.com\\\/portal\\\/wp-content\\\/uploads\\\/2023\\\/01\\\/logo-wmcmf-2.png\",\"contentUrl\":\"https:\\\/\\\/webdelmaestrocmf.com\\\/portal\\\/wp-content\\\/uploads\\\/2023\\\/01\\\/logo-wmcmf-2.png\",\"width\":200,\"height\":60,\"caption\":\"Web del Maestro CMF\"},\"image\":{\"@id\":\"https:\\\/\\\/webdelmaestrocmf.com\\\/portal\\\/#\\\/schema\\\/logo\\\/image\\\/\"},\"sameAs\":[\"https:\\\/\\\/www.facebook.com\\\/WebdelMaestroCMF\\\/\",\"https:\\\/\\\/x.com\\\/cmf_w\",\"https:\\\/\\\/www.pinterest.com\\\/WMCMF\\\/\",\"https:\\\/\\\/www.linkedin.com\\\/company\\\/web-del-maestro-cmf\\\/\",\"https:\\\/\\\/www.instagram.com\\\/wmcmf\\\/\",\"https:\\\/\\\/www.youtube.com\\\/channel\\\/UCDPSvjbdodE5sHnC3OxutHw\",\"https:\\\/\\\/mastodon.social\\\/@wmcmf\",\"https:\\\/\\\/www.tiktok.com\\\/@webdelmaestrocmf\"]},{\"@type\":\"Person\",\"@id\":\"https:\\\/\\\/webdelmaestrocmf.com\\\/portal\\\/#\\\/schema\\\/person\\\/1072a2ed7bd960df8ef99a551fa35dc5\",\"name\":\"Web del Maestro CMF\",\"image\":{\"@type\":\"ImageObject\",\"inLanguage\":\"es\",\"@id\":\"https:\\\/\\\/secure.gravatar.com\\\/avatar\\\/23291dd5b5ae1077dcff3dbb04c3e02bd28403fa75af6d8787d5e97c5bbbe30b?s=96&d=mm&r=g\",\"url\":\"https:\\\/\\\/secure.gravatar.com\\\/avatar\\\/23291dd5b5ae1077dcff3dbb04c3e02bd28403fa75af6d8787d5e97c5bbbe30b?s=96&d=mm&r=g\",\"contentUrl\":\"https:\\\/\\\/secure.gravatar.com\\\/avatar\\\/23291dd5b5ae1077dcff3dbb04c3e02bd28403fa75af6d8787d5e97c5bbbe30b?s=96&d=mm&r=g\",\"caption\":\"Web del Maestro CMF\"},\"description\":\"Esta Web se cre\u00f3 sin fines de lucro, con fines educativos, cient\u00edficos y acad\u00e9micos, para personas que tengan dificultades y\\\/o inconvenientes en visualizar el material original. El objetivo es entregar recursos, compartir experiencias y materiales que ayuden a los padres de familia, maestros y estudiantes en su actualizaci\u00f3n y formaci\u00f3n permanente, en bien de la Educaci\u00f3n.\",\"sameAs\":[\"http:\\\/\\\/webdelmaestrocmf.com\\\/portal\",\"https:\\\/\\\/www.facebook.com\\\/WebdelMaestroCMF\\\/\",\"https:\\\/\\\/www.instagram.com\\\/wmcmf\\\/\",\"https:\\\/\\\/cl.linkedin.com\\\/company\\\/web-del-maestro-cmf\",\"https:\\\/\\\/www.pinterest.com\\\/WMCMF\\\/publicaciones\\\/\",\"https:\\\/\\\/x.com\\\/cmf_w\",\"https:\\\/\\\/www.youtube.com\\\/@WMCMF\"]}]}<\/script>\n<!-- \/ Yoast SEO plugin. -->","yoast_head_json":{"title":"[Flora Griffith] \u00bfFue el cerebro humano dise\u00f1ado para \"estudiar\"? - 2026","description":"Hoy en d\u00eda se ha llegado a la conclusi\u00f3n de que el cerebro humano no fue precisamente dise\u00f1ado para estudiar.Estudios comparativos de la psicolog\u00eda...","robots":{"index":"index","follow":"follow","max-snippet":"max-snippet:-1","max-image-preview":"max-image-preview:large","max-video-preview":"max-video-preview:-1"},"canonical":"https:\/\/webdelmaestrocmf.com\/portal\/flora-griffith-fue-el-cerebro-humano-disenado-para-estudiar\/","og_locale":"es_ES","og_type":"article","og_title":"[Flora Griffith] \u00bfFue el cerebro humano dise\u00f1ado para \"estudiar\"? - 2026","og_description":"Hoy en d\u00eda se ha llegado a la conclusi\u00f3n de que el cerebro humano no fue precisamente dise\u00f1ado para estudiar.Estudios comparativos de la psicolog\u00eda...","og_url":"https:\/\/webdelmaestrocmf.com\/portal\/flora-griffith-fue-el-cerebro-humano-disenado-para-estudiar\/","og_site_name":"Web del Maestro CMF","article_publisher":"https:\/\/www.facebook.com\/WebdelMaestroCMF\/","article_author":"https:\/\/www.facebook.com\/WebdelMaestroCMF\/","article_published_time":"2020-03-14T16:08:34+00:00","article_modified_time":"2020-03-15T16:32:49+00:00","og_image":[{"width":1100,"height":680,"url":"https:\/\/i0.wp.com\/webdelmaestrocmf.com\/portal\/wp-content\/uploads\/2020\/03\/1-12.jpg?fit=1100%2C680&ssl=1","type":"image\/jpeg"}],"author":"Web del Maestro CMF","twitter_card":"summary_large_image","twitter_creator":"@cmf_w","twitter_site":"@cmf_w","schema":{"@context":"https:\/\/schema.org","@graph":[{"@type":"ScholarlyArticle","@id":"https:\/\/webdelmaestrocmf.com\/portal\/flora-griffith-fue-el-cerebro-humano-disenado-para-estudiar\/#article","isPartOf":{"@id":"https:\/\/webdelmaestrocmf.com\/portal\/flora-griffith-fue-el-cerebro-humano-disenado-para-estudiar\/"},"author":{"name":"Web del Maestro CMF","@id":"https:\/\/webdelmaestrocmf.com\/portal\/#\/schema\/person\/1072a2ed7bd960df8ef99a551fa35dc5"},"headline":"[Flora Griffith] \u00bfFue el cerebro humano dise\u00f1ado para \u00abestudiar\u00bb?","datePublished":"2020-03-14T16:08:34+00:00","dateModified":"2020-03-15T16:32:49+00:00","mainEntityOfPage":{"@id":"https:\/\/webdelmaestrocmf.com\/portal\/flora-griffith-fue-el-cerebro-humano-disenado-para-estudiar\/"},"wordCount":501,"commentCount":0,"publisher":{"@id":"https:\/\/webdelmaestrocmf.com\/portal\/#organization"},"image":{"@id":"https:\/\/webdelmaestrocmf.com\/portal\/flora-griffith-fue-el-cerebro-humano-disenado-para-estudiar\/#primaryimage"},"thumbnailUrl":"https:\/\/webdelmaestrocmf.com\/portal\/wp-content\/uploads\/2020\/03\/1-12.jpg","keywords":["Cerebro","dise\u00f1ado","estudiar","HUMANO"],"articleSection":["Z-Colaboradores","Z-Colaboradores-Flora-Griffith"],"inLanguage":"es","potentialAction":[{"@type":"CommentAction","name":"Comment","target":["https:\/\/webdelmaestrocmf.com\/portal\/flora-griffith-fue-el-cerebro-humano-disenado-para-estudiar\/#respond"]}]},{"@type":"WebPage","@id":"https:\/\/webdelmaestrocmf.com\/portal\/flora-griffith-fue-el-cerebro-humano-disenado-para-estudiar\/","url":"https:\/\/webdelmaestrocmf.com\/portal\/flora-griffith-fue-el-cerebro-humano-disenado-para-estudiar\/","name":"[Flora Griffith] \u00bfFue el cerebro humano dise\u00f1ado para \"estudiar\"? - 2026","isPartOf":{"@id":"https:\/\/webdelmaestrocmf.com\/portal\/#website"},"primaryImageOfPage":{"@id":"https:\/\/webdelmaestrocmf.com\/portal\/flora-griffith-fue-el-cerebro-humano-disenado-para-estudiar\/#primaryimage"},"image":{"@id":"https:\/\/webdelmaestrocmf.com\/portal\/flora-griffith-fue-el-cerebro-humano-disenado-para-estudiar\/#primaryimage"},"thumbnailUrl":"https:\/\/webdelmaestrocmf.com\/portal\/wp-content\/uploads\/2020\/03\/1-12.jpg","datePublished":"2020-03-14T16:08:34+00:00","dateModified":"2020-03-15T16:32:49+00:00","description":"Hoy en d\u00eda se ha llegado a la conclusi\u00f3n de que el cerebro humano no fue precisamente dise\u00f1ado para estudiar.Estudios comparativos de la psicolog\u00eda...","breadcrumb":{"@id":"https:\/\/webdelmaestrocmf.com\/portal\/flora-griffith-fue-el-cerebro-humano-disenado-para-estudiar\/#breadcrumb"},"inLanguage":"es","potentialAction":[{"@type":"ReadAction","target":["https:\/\/webdelmaestrocmf.com\/portal\/flora-griffith-fue-el-cerebro-humano-disenado-para-estudiar\/"]}]},{"@type":"ImageObject","inLanguage":"es","@id":"https:\/\/webdelmaestrocmf.com\/portal\/flora-griffith-fue-el-cerebro-humano-disenado-para-estudiar\/#primaryimage","url":"https:\/\/webdelmaestrocmf.com\/portal\/wp-content\/uploads\/2020\/03\/1-12.jpg","contentUrl":"https:\/\/webdelmaestrocmf.com\/portal\/wp-content\/uploads\/2020\/03\/1-12.jpg","width":1100,"height":680},{"@type":"BreadcrumbList","@id":"https:\/\/webdelmaestrocmf.com\/portal\/flora-griffith-fue-el-cerebro-humano-disenado-para-estudiar\/#breadcrumb","itemListElement":[{"@type":"ListItem","position":1,"name":"Portada","item":"https:\/\/webdelmaestrocmf.com\/portal\/"},{"@type":"ListItem","position":2,"name":"Z-Colaboradores","item":"https:\/\/webdelmaestrocmf.com\/portal\/category\/colaborador\/"},{"@type":"ListItem","position":3,"name":"[Flora Griffith] \u00bfFue el cerebro humano dise\u00f1ado para &#8220;estudiar&#8221;?"}]},{"@type":"WebSite","@id":"https:\/\/webdelmaestrocmf.com\/portal\/#website","url":"https:\/\/webdelmaestrocmf.com\/portal\/","name":"Web del Maestro CMF","description":"Maestros al servicio de la educaci\u00f3n","publisher":{"@id":"https:\/\/webdelmaestrocmf.com\/portal\/#organization"},"alternateName":"WMCMF","potentialAction":[{"@type":"SearchAction","target":{"@type":"EntryPoint","urlTemplate":"https:\/\/webdelmaestrocmf.com\/portal\/?s={search_term_string}"},"query-input":{"@type":"PropertyValueSpecification","valueRequired":true,"valueName":"search_term_string"}}],"inLanguage":"es"},{"@type":"Organization","@id":"https:\/\/webdelmaestrocmf.com\/portal\/#organization","name":"Web del Maestro CMF","alternateName":"WMCMF","url":"https:\/\/webdelmaestrocmf.com\/portal\/","logo":{"@type":"ImageObject","inLanguage":"es","@id":"https:\/\/webdelmaestrocmf.com\/portal\/#\/schema\/logo\/image\/","url":"https:\/\/webdelmaestrocmf.com\/portal\/wp-content\/uploads\/2023\/01\/logo-wmcmf-2.png","contentUrl":"https:\/\/webdelmaestrocmf.com\/portal\/wp-content\/uploads\/2023\/01\/logo-wmcmf-2.png","width":200,"height":60,"caption":"Web del Maestro CMF"},"image":{"@id":"https:\/\/webdelmaestrocmf.com\/portal\/#\/schema\/logo\/image\/"},"sameAs":["https:\/\/www.facebook.com\/WebdelMaestroCMF\/","https:\/\/x.com\/cmf_w","https:\/\/www.pinterest.com\/WMCMF\/","https:\/\/www.linkedin.com\/company\/web-del-maestro-cmf\/","https:\/\/www.instagram.com\/wmcmf\/","https:\/\/www.youtube.com\/channel\/UCDPSvjbdodE5sHnC3OxutHw","https:\/\/mastodon.social\/@wmcmf","https:\/\/www.tiktok.com\/@webdelmaestrocmf"]},{"@type":"Person","@id":"https:\/\/webdelmaestrocmf.com\/portal\/#\/schema\/person\/1072a2ed7bd960df8ef99a551fa35dc5","name":"Web del Maestro CMF","image":{"@type":"ImageObject","inLanguage":"es","@id":"https:\/\/secure.gravatar.com\/avatar\/23291dd5b5ae1077dcff3dbb04c3e02bd28403fa75af6d8787d5e97c5bbbe30b?s=96&d=mm&r=g","url":"https:\/\/secure.gravatar.com\/avatar\/23291dd5b5ae1077dcff3dbb04c3e02bd28403fa75af6d8787d5e97c5bbbe30b?s=96&d=mm&r=g","contentUrl":"https:\/\/secure.gravatar.com\/avatar\/23291dd5b5ae1077dcff3dbb04c3e02bd28403fa75af6d8787d5e97c5bbbe30b?s=96&d=mm&r=g","caption":"Web del Maestro CMF"},"description":"Esta Web se cre\u00f3 sin fines de lucro, con fines educativos, cient\u00edficos y acad\u00e9micos, para personas que tengan dificultades y\/o inconvenientes en visualizar el material original. El objetivo es entregar recursos, compartir experiencias y materiales que ayuden a los padres de familia, maestros y estudiantes en su actualizaci\u00f3n y formaci\u00f3n permanente, en bien de la Educaci\u00f3n.","sameAs":["http:\/\/webdelmaestrocmf.com\/portal","https:\/\/www.facebook.com\/WebdelMaestroCMF\/","https:\/\/www.instagram.com\/wmcmf\/","https:\/\/cl.linkedin.com\/company\/web-del-maestro-cmf","https:\/\/www.pinterest.com\/WMCMF\/publicaciones\/","https:\/\/x.com\/cmf_w","https:\/\/www.youtube.com\/@WMCMF"]}]}},"jetpack_featured_media_url":"https:\/\/webdelmaestrocmf.com\/portal\/wp-content\/uploads\/2020\/03\/1-12.jpg","jetpack_sharing_enabled":true,"jetpack-related-posts":[{"id":43199,"url":"https:\/\/webdelmaestrocmf.com\/portal\/flora-griffith-reflexionemos-sobre-el-uso-efectivo-de-la-tecnologia-en-las-aulas\/","url_meta":{"origin":45437,"position":0},"title":"[Flora Griffith] Reflexionemos sobre el uso efectivo de la tecnolog\u00eda en las aulas","author":"Web del Maestro CMF","date":"4 enero, 2020","format":false,"excerpt":"Me top\u00e9 recientemente con los resultados de un interesante estudio realizado\u00a0 por\u00a0\"Reboot Foundation: elevating critical thinking\", el cual lleva como t\u00edtulo: \"AN ANALYSIS OF THE CONNECTION BETWEEN DIGITAL DIVICES AND LEARNING\"\u00a0(An\u00e1lisis de la conexi\u00f3n entre los dispositivos digitales y el aprendizaje),\u00a0 publicado en junio de \u00e9ste a\u00f1o, donde\u00a0 salieron a\u2026","rel":"","context":"En \u00abZ-Colaboradores\u00bb","block_context":{"text":"Z-Colaboradores","link":"https:\/\/webdelmaestrocmf.com\/portal\/category\/colaborador\/"},"img":{"alt_text":"","src":"https:\/\/i0.wp.com\/webdelmaestrocmf.com\/portal\/wp-content\/uploads\/2020\/01\/1-3.jpg?resize=350%2C200&ssl=1","width":350,"height":200,"srcset":"https:\/\/i0.wp.com\/webdelmaestrocmf.com\/portal\/wp-content\/uploads\/2020\/01\/1-3.jpg?resize=350%2C200&ssl=1 1x, https:\/\/i0.wp.com\/webdelmaestrocmf.com\/portal\/wp-content\/uploads\/2020\/01\/1-3.jpg?resize=525%2C300&ssl=1 1.5x, https:\/\/i0.wp.com\/webdelmaestrocmf.com\/portal\/wp-content\/uploads\/2020\/01\/1-3.jpg?resize=700%2C400&ssl=1 2x, https:\/\/i0.wp.com\/webdelmaestrocmf.com\/portal\/wp-content\/uploads\/2020\/01\/1-3.jpg?resize=1050%2C600&ssl=1 3x"},"classes":[]},{"id":102738,"url":"https:\/\/webdelmaestrocmf.com\/portal\/el-interes-del-docente-por-el-cerebro-del-alumno\/","url_meta":{"origin":45437,"position":1},"title":"El inter\u00e9s del docente por el cerebro del alumno","author":"Web del Maestro CMF","date":"17 enero, 2024","format":false,"excerpt":"Los docentes est\u00e1n interesados en el cerebro por una variedad de razones. En primer lugar, el cerebro es el \u00f3rgano responsable del aprendizaje, por lo que comprender c\u00f3mo funciona es esencial para mejorar la ense\u00f1anza y el aprendizaje. En segundo lugar, el cerebro es pl\u00e1stico, lo que significa que puede\u2026","rel":"","context":"En \u00abNeurociencia\u00bb","block_context":{"text":"Neurociencia","link":"https:\/\/webdelmaestrocmf.com\/portal\/category\/pedagogia\/neurociencia\/"},"img":{"alt_text":"","src":"https:\/\/i0.wp.com\/webdelmaestrocmf.com\/portal\/wp-content\/uploads\/2024\/01\/Banner-1-portada-imagen-10-1.jpg?resize=350%2C200&ssl=1","width":350,"height":200,"srcset":"https:\/\/i0.wp.com\/webdelmaestrocmf.com\/portal\/wp-content\/uploads\/2024\/01\/Banner-1-portada-imagen-10-1.jpg?resize=350%2C200&ssl=1 1x, https:\/\/i0.wp.com\/webdelmaestrocmf.com\/portal\/wp-content\/uploads\/2024\/01\/Banner-1-portada-imagen-10-1.jpg?resize=525%2C300&ssl=1 1.5x, https:\/\/i0.wp.com\/webdelmaestrocmf.com\/portal\/wp-content\/uploads\/2024\/01\/Banner-1-portada-imagen-10-1.jpg?resize=700%2C400&ssl=1 2x"},"classes":[]},{"id":63860,"url":"https:\/\/webdelmaestrocmf.com\/portal\/alexander-ortiz-cual-es-el-rol-del-cerebro-en-la-educacion-del-ser-humano\/","url_meta":{"origin":45437,"position":2},"title":"[Alexander Ortiz] \u00bfCu\u00e1l es el rol del cerebro en la educaci\u00f3n del ser humano?","author":"Web del Maestro CMF","date":"9 junio, 2021","format":false,"excerpt":"A lo largo de la historia de la humanidad han proliferado una diversidad de teor\u00edas, enfoques, corrientes, tendencias, modelos y concepciones sobre la educaci\u00f3n, tanto desde dimensiones sociol\u00f3gicas y antropol\u00f3gicas, como psicol\u00f3gicas y pedag\u00f3gicas. Sin embargo, en la actualidad, la Neuropsicolog\u00eda y las neurociencias est\u00e1n generando nuevas reflexiones y lecturas\u2026","rel":"","context":"En \u00abZ-Colaboradores\u00bb","block_context":{"text":"Z-Colaboradores","link":"https:\/\/webdelmaestrocmf.com\/portal\/category\/colaborador\/"},"img":{"alt_text":"","src":"https:\/\/i0.wp.com\/webdelmaestrocmf.com\/portal\/wp-content\/uploads\/2021\/06\/1-copia-4.jpg?resize=350%2C200&ssl=1","width":350,"height":200,"srcset":"https:\/\/i0.wp.com\/webdelmaestrocmf.com\/portal\/wp-content\/uploads\/2021\/06\/1-copia-4.jpg?resize=350%2C200&ssl=1 1x, https:\/\/i0.wp.com\/webdelmaestrocmf.com\/portal\/wp-content\/uploads\/2021\/06\/1-copia-4.jpg?resize=525%2C300&ssl=1 1.5x, https:\/\/i0.wp.com\/webdelmaestrocmf.com\/portal\/wp-content\/uploads\/2021\/06\/1-copia-4.jpg?resize=700%2C400&ssl=1 2x, https:\/\/i0.wp.com\/webdelmaestrocmf.com\/portal\/wp-content\/uploads\/2021\/06\/1-copia-4.jpg?resize=1050%2C600&ssl=1 3x"},"classes":[]},{"id":107494,"url":"https:\/\/webdelmaestrocmf.com\/portal\/la-neuroplasticidad-en-el-aula-como-los-docentes-pueden-aprovecharla\/","url_meta":{"origin":45437,"position":3},"title":"La neuroplasticidad en el aula: c\u00f3mo los docentes pueden aprovecharla","author":"Web del Maestro CMF","date":"14 enero, 2025","format":false,"excerpt":"La neuroplasticidad, la capacidad del cerebro para adaptarse y cambiar a lo largo de la vida, es un concepto revolucionario que ofrece a los docentes la posibilidad de transformar sus pr\u00e1cticas pedag\u00f3gicas. Al comprender c\u00f3mo funciona el cerebro y aplicar este conocimiento en el aula, los educadores pueden crear experiencias\u2026","rel":"","context":"En \u00abNeurociencia\u00bb","block_context":{"text":"Neurociencia","link":"https:\/\/webdelmaestrocmf.com\/portal\/category\/pedagogia\/neurociencia\/"},"img":{"alt_text":"","src":"https:\/\/i0.wp.com\/webdelmaestrocmf.com\/portal\/wp-content\/uploads\/2025\/01\/1A-Banner-1-portada-imagen-10-1-1-1.jpg?resize=350%2C200&ssl=1","width":350,"height":200,"srcset":"https:\/\/i0.wp.com\/webdelmaestrocmf.com\/portal\/wp-content\/uploads\/2025\/01\/1A-Banner-1-portada-imagen-10-1-1-1.jpg?resize=350%2C200&ssl=1 1x, https:\/\/i0.wp.com\/webdelmaestrocmf.com\/portal\/wp-content\/uploads\/2025\/01\/1A-Banner-1-portada-imagen-10-1-1-1.jpg?resize=525%2C300&ssl=1 1.5x, https:\/\/i0.wp.com\/webdelmaestrocmf.com\/portal\/wp-content\/uploads\/2025\/01\/1A-Banner-1-portada-imagen-10-1-1-1.jpg?resize=700%2C400&ssl=1 2x"},"classes":[]},{"id":89680,"url":"https:\/\/webdelmaestrocmf.com\/portal\/el-modelo-pedagogico-de-los-4-cerebros\/","url_meta":{"origin":45437,"position":4},"title":"El Modelo Pedag\u00f3gico de los 4 Cerebros","author":"Web del Maestro CMF","date":"31 mayo, 2023","format":false,"excerpt":"En el mundo educativo, cada estudiante tiene su propio estilo de aprendizaje y preferencias cognitivas \u00fanicas. Reconociendo esta diversidad, el Modelo Pedag\u00f3gico de los 4 Cerebros (MPCC) ofrece un enfoque revolucionario que busca maximizar el potencial de cada individuo en el proceso de ense\u00f1anza y aprendizaje. Basado en la teor\u00eda\u2026","rel":"","context":"En \u00abModelos\u00bb","block_context":{"text":"Modelos","link":"https:\/\/webdelmaestrocmf.com\/portal\/category\/pedagogia\/modelos\/"},"img":{"alt_text":"","src":"https:\/\/i0.wp.com\/webdelmaestrocmf.com\/portal\/wp-content\/uploads\/2023\/05\/A12B3C4D-2023-05-31T203513.246.jpg?resize=350%2C200&ssl=1","width":350,"height":200,"srcset":"https:\/\/i0.wp.com\/webdelmaestrocmf.com\/portal\/wp-content\/uploads\/2023\/05\/A12B3C4D-2023-05-31T203513.246.jpg?resize=350%2C200&ssl=1 1x, https:\/\/i0.wp.com\/webdelmaestrocmf.com\/portal\/wp-content\/uploads\/2023\/05\/A12B3C4D-2023-05-31T203513.246.jpg?resize=525%2C300&ssl=1 1.5x, https:\/\/i0.wp.com\/webdelmaestrocmf.com\/portal\/wp-content\/uploads\/2023\/05\/A12B3C4D-2023-05-31T203513.246.jpg?resize=700%2C400&ssl=1 2x"},"classes":[]},{"id":65477,"url":"https:\/\/webdelmaestrocmf.com\/portal\/alexander-ortiz-como-se-genera-el-aprendizaje-humano\/","url_meta":{"origin":45437,"position":5},"title":"[Alexander Ortiz] \u00bfC\u00f3mo se genera el aprendizaje humano?","author":"Web del Maestro CMF","date":"19 julio, 2021","format":false,"excerpt":"Aunque en la actualidad existen mapas o se ha establecido la cartograf\u00eda del cerebro que muestra los cambios en la actividad cerebral seg\u00fan los estados de \u00e1nimo, o las representaciones mentales y emocionales de los seres humanos, a\u00fan existen muchas inc\u00f3gnitas sobre la din\u00e1mica del cerebro y el proceso mismo\u2026","rel":"","context":"En \u00abZ-Colaboradores\u00bb","block_context":{"text":"Z-Colaboradores","link":"https:\/\/webdelmaestrocmf.com\/portal\/category\/colaborador\/"},"img":{"alt_text":"","src":"https:\/\/i0.wp.com\/webdelmaestrocmf.com\/portal\/wp-content\/uploads\/2021\/07\/1-100.jpg?resize=350%2C200&ssl=1","width":350,"height":200,"srcset":"https:\/\/i0.wp.com\/webdelmaestrocmf.com\/portal\/wp-content\/uploads\/2021\/07\/1-100.jpg?resize=350%2C200&ssl=1 1x, https:\/\/i0.wp.com\/webdelmaestrocmf.com\/portal\/wp-content\/uploads\/2021\/07\/1-100.jpg?resize=525%2C300&ssl=1 1.5x, https:\/\/i0.wp.com\/webdelmaestrocmf.com\/portal\/wp-content\/uploads\/2021\/07\/1-100.jpg?resize=700%2C400&ssl=1 2x, https:\/\/i0.wp.com\/webdelmaestrocmf.com\/portal\/wp-content\/uploads\/2021\/07\/1-100.jpg?resize=1050%2C600&ssl=1 3x"},"classes":[]}],"_links":{"self":[{"href":"https:\/\/webdelmaestrocmf.com\/portal\/wp-json\/wp\/v2\/posts\/45437","targetHints":{"allow":["GET"]}}],"collection":[{"href":"https:\/\/webdelmaestrocmf.com\/portal\/wp-json\/wp\/v2\/posts"}],"about":[{"href":"https:\/\/webdelmaestrocmf.com\/portal\/wp-json\/wp\/v2\/types\/post"}],"author":[{"embeddable":true,"href":"https:\/\/webdelmaestrocmf.com\/portal\/wp-json\/wp\/v2\/users\/1"}],"replies":[{"embeddable":true,"href":"https:\/\/webdelmaestrocmf.com\/portal\/wp-json\/wp\/v2\/comments?post=45437"}],"version-history":[{"count":0,"href":"https:\/\/webdelmaestrocmf.com\/portal\/wp-json\/wp\/v2\/posts\/45437\/revisions"}],"wp:featuredmedia":[{"embeddable":true,"href":"https:\/\/webdelmaestrocmf.com\/portal\/wp-json\/wp\/v2\/media\/45439"}],"wp:attachment":[{"href":"https:\/\/webdelmaestrocmf.com\/portal\/wp-json\/wp\/v2\/media?parent=45437"}],"wp:term":[{"taxonomy":"category","embeddable":true,"href":"https:\/\/webdelmaestrocmf.com\/portal\/wp-json\/wp\/v2\/categories?post=45437"},{"taxonomy":"post_tag","embeddable":true,"href":"https:\/\/webdelmaestrocmf.com\/portal\/wp-json\/wp\/v2\/tags?post=45437"}],"curies":[{"name":"wp","href":"https:\/\/api.w.org\/{rel}","templated":true}]}}