{"id":45326,"date":"2020-03-11T07:26:08","date_gmt":"2020-03-11T10:26:08","guid":{"rendered":"https:\/\/webdelmaestrocmf.com\/portal\/?p=45326"},"modified":"2020-03-11T21:45:44","modified_gmt":"2020-03-12T00:45:44","slug":"instruccion-educacion-e-ideologia-de-genero-segun-joaquin-maria-nebreda-perez","status":"publish","type":"post","link":"https:\/\/webdelmaestrocmf.com\/portal\/instruccion-educacion-e-ideologia-de-genero-segun-joaquin-maria-nebreda-perez\/","title":{"rendered":"Instrucci\u00f3n, Educaci\u00f3n e Ideolog\u00eda de G\u00e9nero, seg\u00fan Joaqu\u00edn Mar\u00eda Nebreda P\u00e9rez"},"content":{"rendered":"<h5 style=\"text-align: justify;\">El Doctor Joaqu\u00edn Mar\u00eda Nebreda P\u00e9rez, ha escrito para el ABC (Espa\u00f1a) un art\u00edculo cuyo t\u00edtulo alude a tres conceptos que como educadores hemos construido mentalmente y que ordinariamente usamos como resultado de nuestro proceso de haber particularizado sus caracter\u00edsticas con exactitud. Tres conceptos que quisi\u00e9ramos invitar a reflexionar desde la propuesta del Doctor Nebreda. Queda como premisa clara que la Web del Maestro CMF, como foro para incentivar y consolidar la formaci\u00f3n permanente, deja a la reflexi\u00f3n cr\u00edtica de los educadores el tomar, descartar o enriquecer el contenido que compartimos.<\/h5>\n<p><!--more--><\/p>\n<p style=\"text-align: justify;\">Un profesor de Filosof\u00eda dec\u00eda frecuentemente: en clases:\u00a0 <strong>\u201cdefinamos los conceptos y luego dialoguemos\u201d.<\/strong> Y no le faltaba raz\u00f3n, (seg\u00fan nuestro entender) pues \u00e9sta es una tarea necesaria y fundamental para los que estamos en el mundo de la educaci\u00f3n. \u00a1<strong>Cu\u00e1nta tinta y tiempo se pierde por no tener las ideas claras sobre los conceptos de los cuales se debate!<\/strong> Basta echar un vistazo a las redes, y comprobaremos que cualquiera opina de todo, no solo con desconocimiento de lo publicado, sino tambi\u00e9n para decir \u201cabsurdos\u201d y desprop\u00f3sitos. El di\u00e1logo que practica y ense\u00f1a el educador (consideramos) debe comenzar por el saber escuchar, antes de opinar. Y <strong>el ejemplo es la mejor pizarra o pantalla.<\/strong><\/p>\n<p style=\"text-align: justify;\">Lectura sugerida:<a href=\"https:\/\/webdelmaestrocmf.com\/portal\/ignacio-sanchez-camara-los-malos-ejemplos-educativos\/\" target=\"_blank\" rel=\"noopener noreferrer\"><strong> IGNACIO S\u00c1NCHEZ C\u00c1MARA LOS MALOS EJEMPLOS EDUCATIVOS<\/strong><\/a><\/p>\n<p style=\"text-align: justify;\">Tambi\u00e9n es bueno recordar que <strong>la capacidad cr\u00edtica y positiva para leer e interpretar un art\u00edculo se aprende, <\/strong>tanto en la escuela como en el hogar. Cuando no se tiene esta habilidad, se corre el riesgo de convertir un di\u00e1logo en una \u201cbatalla\u201d por imponer el propio pensamiento. . Y desde estas perspectivas compartimos este art\u00edculo. Les sugerimos un art\u00edculo anterior con la opini\u00f3n del Profesor Daniel Cassany: <a href=\"https:\/\/webdelmaestrocmf.com\/portal\/10-claves-para-aprender-a-interpretar-los-textos\/\" target=\"_blank\" rel=\"noopener noreferrer\"><strong>10 CLAVES PARA APRENDER A INTERPRETAR LOS TEXTOS.<\/strong><\/a><\/p>\n<p><img loading=\"lazy\" decoding=\"async\" class=\"alignnone size-full wp-image-45327\" src=\"https:\/\/webdelmaestrocmf.com\/portal\/wp-content\/uploads\/2020\/03\/2c-13.jpg\" alt=\"\" width=\"1100\" height=\"680\" srcset=\"https:\/\/webdelmaestrocmf.com\/portal\/wp-content\/uploads\/2020\/03\/2c-13.jpg 1100w, https:\/\/webdelmaestrocmf.com\/portal\/wp-content\/uploads\/2020\/03\/2c-13-300x185.jpg 300w, https:\/\/webdelmaestrocmf.com\/portal\/wp-content\/uploads\/2020\/03\/2c-13-1024x633.jpg 1024w, https:\/\/webdelmaestrocmf.com\/portal\/wp-content\/uploads\/2020\/03\/2c-13-768x475.jpg 768w, https:\/\/webdelmaestrocmf.com\/portal\/wp-content\/uploads\/2020\/03\/2c-13-110x68.jpg 110w, https:\/\/webdelmaestrocmf.com\/portal\/wp-content\/uploads\/2020\/03\/2c-13-200x124.jpg 200w, https:\/\/webdelmaestrocmf.com\/portal\/wp-content\/uploads\/2020\/03\/2c-13-380x235.jpg 380w, https:\/\/webdelmaestrocmf.com\/portal\/wp-content\/uploads\/2020\/03\/2c-13-255x158.jpg 255w, https:\/\/webdelmaestrocmf.com\/portal\/wp-content\/uploads\/2020\/03\/2c-13-550x340.jpg 550w, https:\/\/webdelmaestrocmf.com\/portal\/wp-content\/uploads\/2020\/03\/2c-13-800x495.jpg 800w\" sizes=\"auto, (max-width: 1100px) 100vw, 1100px\" \/><\/p>\n<p style=\"text-align: justify;\">El Doctor Nebreda afirma, en su publicaci\u00f3n, que <strong>en la ense\u00f1anza<\/strong> es importante distinguir dos conceptos: instrucci\u00f3n y educaci\u00f3n: \u201c<strong>la instrucci\u00f3n<\/strong> hace referencia a los conocimientos, cient\u00edficamente contrastados, que el menor ha de adquirir durante la ense\u00f1anza primaria y secundaria y cuya definici\u00f3n y control, <strong>corresponde al Estado<\/strong>, sea en centros p\u00fablicos o privados\u201d; y \u201c<strong>la educaci\u00f3n<\/strong> hace referencia a la transmisi\u00f3n de valores morales, cuya elecci\u00f3n <strong>corresponde a los padres\u201d<\/strong>. Es bueno estar de acuerdo que en la mayor\u00eda de pa\u00edses, es <strong>el Estado<\/strong> quien ofrece (ordinariamente) la instrucci\u00f3n p\u00fablica y que <strong>debe mantener \u201ca neutralidad en criterios morales<\/strong>, porque quienes se integran a las escuelas p\u00fablicas \u201clo hacen para acceder a la instrucci\u00f3n, ya que <strong>el Estado no tiene competencia educativa<\/strong>. El Estado-Administraci\u00f3n <strong>o es neutral en el \u00e1mbito moral o es tir\u00e1nico<\/strong>.\u201d<\/p>\n<p style=\"text-align: justify;\">Art\u00edculo relacionado: <a href=\"https:\/\/webdelmaestrocmf.com\/portal\/padres-recuerden-que-la-buena-educacion-y-la-formacion-en-valores-vienen-de-casa\/\" target=\"_blank\" rel=\"noopener noreferrer\"><strong>PADRES RECUERDEN QUE LA BUENA EDUCACI\u00d3N Y LA FORMACI\u00d3N EN VALORES VIENEN DE CASA.<\/strong><\/a><\/p>\n<p style=\"text-align: justify;\"><strong>El Estado puede, pero no debe adoctrinar en las escuelas p\u00fablicas<\/strong>, -opina Nebreda- quehacer que s\u00ed pueden hacerlo los padres de familia, porque ellos -por ley natural y reconocida en no pocas Cartas Magnas- \u201ctienen el derecho-deber y la libertad de educar seg\u00fan sus convicciones\u201d. Sin embargo, <strong>si los padres de familia escogen un centro educativo particular o privado, para la instrucci\u00f3n y educaci\u00f3n de sus hijos, est\u00e1n delegando su obligaci\u00f3n,<\/strong> y\u00a0 puede ser controlado tanto en la selecci\u00f3n del centro como en los contenidos curriculares acad\u00e9micos que en ellos se ofrecen,. \u201clo que no es posible en los centros p\u00fablicos\u201d. \u201cLos <strong>l\u00edmites<\/strong> son evidentes: el de <strong>la instrucci\u00f3n, es la verdad cient\u00edfica<\/strong> y el de <strong>la educaci\u00f3n, es la frontera de los valores de nuestra civilizaci\u00f3n<\/strong> (Constituci\u00f3n). Estamos hablando de la primera y la segunda ense\u00f1anza.\u201d<\/p>\n<p><img loading=\"lazy\" decoding=\"async\" class=\"alignnone size-full\" src=\"https:\/\/cdn.dribbble.com\/users\/723155\/screenshots\/3844222\/switch.gif\" width=\"800\" height=\"600\" \/><\/p>\n<p style=\"text-align: justify;\">A estos dos conceptos, en algunos pa\u00edses se va introduciendo (o ya se introdujo) un nuevo concepto: <strong>la ideolog\u00eda de g\u00e9nero (ID).<\/strong> El Doctor Nebreda lo define (textualmente) como \u201cun conjunto dogm\u00e1tico, de pretensi\u00f3n constructivista (alteraci\u00f3n imperativa de la antropolog\u00eda universalmente reconocida), que no se ha dejado someter a verificaci\u00f3n cient\u00edfica y que se difunde en forma imperativa\u201d.\u00a0 Y que PROEDUCA define como \u201cuna concepci\u00f3n sociopol\u00edtica y sist\u00e9mica del desarrollo que se refiere a los diferentes papeles que la sociedad asigna a los individuos\u201d. <a href=\"https:\/\/www.oei.es\/historico\/genero\/documentos\/egenero.pdf\" target=\"_blank\" rel=\"noopener noreferrer\"><strong>G\u00c9NERO Y EDUCACI\u00d3N.<\/strong><\/a><\/p>\n<p style=\"text-align: justify;\">Art\u00edculo relacionado: <a href=\"https:\/\/webdelmaestrocmf.com\/portal\/margret-pala-existen-diferencias-en-la-forma-en-que-aprenden-las-ninas-y-los-ninos-en-la-actualidad\/\" target=\"_blank\" rel=\"noopener noreferrer\"><strong>MARGR\u00c9T PAL\u00c1 EXISTEN DIFERENCIAS EN LA FORMA EN QUE APRENDEN LAS NI\u00d1AS Y LOS NI\u00d1OS EN LA ACTUALIDAD<\/strong><\/a><\/p>\n<p><img loading=\"lazy\" decoding=\"async\" class=\"alignnone size-full wp-image-45328\" src=\"https:\/\/webdelmaestrocmf.com\/portal\/wp-content\/uploads\/2020\/03\/2c-14.jpg\" alt=\"\" width=\"1100\" height=\"680\" srcset=\"https:\/\/webdelmaestrocmf.com\/portal\/wp-content\/uploads\/2020\/03\/2c-14.jpg 1100w, https:\/\/webdelmaestrocmf.com\/portal\/wp-content\/uploads\/2020\/03\/2c-14-300x185.jpg 300w, https:\/\/webdelmaestrocmf.com\/portal\/wp-content\/uploads\/2020\/03\/2c-14-1024x633.jpg 1024w, https:\/\/webdelmaestrocmf.com\/portal\/wp-content\/uploads\/2020\/03\/2c-14-768x475.jpg 768w, https:\/\/webdelmaestrocmf.com\/portal\/wp-content\/uploads\/2020\/03\/2c-14-110x68.jpg 110w, https:\/\/webdelmaestrocmf.com\/portal\/wp-content\/uploads\/2020\/03\/2c-14-200x124.jpg 200w, https:\/\/webdelmaestrocmf.com\/portal\/wp-content\/uploads\/2020\/03\/2c-14-380x235.jpg 380w, https:\/\/webdelmaestrocmf.com\/portal\/wp-content\/uploads\/2020\/03\/2c-14-255x158.jpg 255w, https:\/\/webdelmaestrocmf.com\/portal\/wp-content\/uploads\/2020\/03\/2c-14-550x340.jpg 550w, https:\/\/webdelmaestrocmf.com\/portal\/wp-content\/uploads\/2020\/03\/2c-14-800x495.jpg 800w\" sizes=\"auto, (max-width: 1100px) 100vw, 1100px\" \/><\/p>\n<p style=\"text-align: justify;\">Como lo indicamos al inicio, dejamos para su lectura y reflexi\u00f3n personal, y comunitaria la explicaci\u00f3n del Doctor Joaqu\u00edn Mar\u00eda Nebreda, sobre estos tres t\u00e9rminos, que ha sido publicada el 21\/02\/2020 en ABC (Espa\u00f1a) y compartida por el portal de informaci\u00f3n jur\u00eddica IUSTEL, y que podr\u00e1 Usted leer en este enlace: <a href=\"https:\/\/www.iustel.com\/diario_del_derecho\/noticia.asp?ref_iustel=1195294\" target=\"_blank\" rel=\"noopener noreferrer\"><strong>INSTRUCCI\u00d3N, EDUCACI\u00d3N E IDEOLOG\u00cdA DE G\u00c9NERO; POR JOAQU\u00cdN MAR\u00cdA NEBREDA P\u00c9REZ, DOCTOR EN DERECHO<\/strong><\/a><\/p>\n<p style=\"text-align: justify;\">\u00bfTiene importancia hoy, el estar de acuerdo en la definici\u00f3n de los t\u00e9rminos instrucci\u00f3n, educaci\u00f3n e ideolog\u00eda de g\u00e9nero, entre otros? \u00bfCoincide Usted con las definiciones del Doctor Nebreda? \u00bfQu\u00e9 tan importante es estar de acuerdo en los conceptos y definiciones al elaborar un documento escolar?<\/p>\n<p style=\"text-align: center;\"><em>Hay pocas cosas m\u00e1s tr\u00e1gicas que aquellos educadores que han perdido su curiosidad y sentido de la aventura, y que ya no se preocupan por aprender y ense\u00f1ar a aprender <\/em>(cf Gordon B. Hinckley).<\/p>\n<p style=\"text-align: right;\"><strong>REDACCI\u00d3N WEB DEL MAESTRO CMF<\/strong><\/p>\n\t\t<div class=\"pk-inline-posts\">\n\t\t\t\n\t\t\t<div class=\"pk-inline-posts-container pk-inline-posts-template-list\"\n\t\t\t\tdata-columns=\"1\">\n\t\t\t\t\t\t<article id=\"post-26784\" class=\"post-26784 post type-post status-publish format-video has-post-thumbnail category-noticias-educacion tag-envidia tag-sindrome tag-solomon post_format-post-format-video cs-entry cs-video-wrap\">\n\t\t\t<div class=\"pk-post-outer\">\n\n\t\t\t\t\t\t\t\t<div class=\"pk-post-inner\">\n\t\t\t\t\t<div class=\"entry-thumbnail\">\n\t\t\t\t\t\t<div class=\"pk-overlay pk-overlay-ratio pk-ratio-landscape\">\n\t\t\t\t\t\t\t<div class=\"pk-overlay-background\">\n\t\t\t\t\t\t\t\t<a href=\"https:\/\/webdelmaestrocmf.com\/portal\/la-envidia-y-el-sindrome-de-solomon\/\" class=\"pk-overlay-link\">\n\t\t\t\t\t\t\t\t\t<img loading=\"lazy\" decoding=\"async\" width=\"300\" height=\"225\" src=\"https:\/\/webdelmaestrocmf.com\/portal\/wp-content\/uploads\/2021\/03\/1A-Banner-1-portada-imagen-10-1-copia-300x225.webp\" class=\"attachment-pk-thumbnail size-pk-thumbnail wp-post-image\" alt=\"\" \/>\t\t\t\t\t\t\t\t<\/a>\n\t\t\t\t\t\t\t<\/div>\n\t\t\t\t\t\t<\/div>\n\t\t\t\t\t<\/div>\n\t\t\t\t<\/div>\n\t\t\t\t\n\t\t\t\t<div class=\"pk-post-inner\">\n\t\t\t\t\t<header>\n\t\t\t\t\t\t<h3 class=\"pk-title\"><a href=\"https:\/\/webdelmaestrocmf.com\/portal\/la-envidia-y-el-sindrome-de-solomon\/\" rel=\"bookmark\">La envidia y el s\u00edndrome de solomon<\/a><\/h3>\t\t\t\t\t<\/header><!-- .entry-header -->\n\t\t\t\t<\/div><!-- .post-inner -->\n\n\t\t\t<\/div><!-- .post-outer -->\n\t\t<\/article>\n\t\t\t\t<\/div>\n\t\t<\/div>\n\t\t\n","protected":false},"excerpt":{"rendered":"El Doctor Joaqu\u00edn Mar\u00eda Nebreda P\u00e9rez, ha escrito para el ABC (Espa\u00f1a) un art\u00edculo cuyo t\u00edtulo alude a&hellip;","protected":false},"author":1,"featured_media":45331,"comment_status":"open","ping_status":"closed","sticky":false,"template":"","format":"standard","meta":{"csco_display_header_overlay":false,"csco_singular_sidebar":"default","csco_page_header_type":"large","csco_page_load_nextpost":"default","csco_post_video_location":[],"csco_post_video_location_hash":"","csco_post_video_url":"","csco_post_video_bg_start_time":0,"csco_post_video_bg_end_time":0,"csco_post_video_bg_volume":false,"_jetpack_memberships_contains_paid_content":false,"footnotes":""},"categories":[3721],"tags":[4769,4770,3009,55,228,97,3937,4767,3897,4768,184,2380,2381,1014],"class_list":{"0":"post-45326","1":"post","2":"type-post","3":"status-publish","4":"format-standard","5":"has-post-thumbnail","7":"category-noticias-educacion","8":"tag-civiles","9":"tag-constitucion","10":"tag-derechos","11":"tag-educacion","12":"tag-escuela","13":"tag-familia","14":"tag-genero","15":"tag-ideologia","16":"tag-instruccion","17":"tag-joaquin-maria-nebreda-perez","18":"tag-padres","19":"tag-privada","20":"tag-publica","21":"tag-valores","22":"cs-entry","23":"cs-video-wrap"},"yoast_head":"<!-- This site is optimized with the Yoast SEO plugin v27.5 - https:\/\/yoast.com\/product\/yoast-seo-wordpress\/ -->\n<title>Instrucci\u00f3n, Educaci\u00f3n e Ideolog\u00eda de G\u00e9nero, seg\u00fan Joaqu\u00edn Mar\u00eda Nebreda P\u00e9rez - 2026<\/title>\n<meta name=\"description\" content=\"El Doctor Joaqu\u00edn Mar\u00eda Nebreda P\u00e9rez, ha escrito para el ABC (Espa\u00f1a) un art\u00edculo cuyo t\u00edtulo alude a tres conceptos que como educadores hemos...\" \/>\n<meta name=\"robots\" content=\"index, follow, max-snippet:-1, max-image-preview:large, max-video-preview:-1\" \/>\n<link rel=\"canonical\" href=\"https:\/\/webdelmaestrocmf.com\/portal\/instruccion-educacion-e-ideologia-de-genero-segun-joaquin-maria-nebreda-perez\/\" \/>\n<meta property=\"og:locale\" content=\"es_ES\" \/>\n<meta property=\"og:type\" content=\"article\" \/>\n<meta property=\"og:title\" content=\"Instrucci\u00f3n, Educaci\u00f3n e Ideolog\u00eda de G\u00e9nero, seg\u00fan Joaqu\u00edn Mar\u00eda Nebreda P\u00e9rez - 2026\" \/>\n<meta property=\"og:description\" content=\"El Doctor Joaqu\u00edn Mar\u00eda Nebreda P\u00e9rez, ha escrito para el ABC (Espa\u00f1a) un art\u00edculo cuyo t\u00edtulo alude a tres conceptos que como educadores hemos...\" \/>\n<meta property=\"og:url\" content=\"https:\/\/webdelmaestrocmf.com\/portal\/instruccion-educacion-e-ideologia-de-genero-segun-joaquin-maria-nebreda-perez\/\" \/>\n<meta property=\"og:site_name\" content=\"Web del Maestro CMF\" \/>\n<meta property=\"article:publisher\" content=\"https:\/\/www.facebook.com\/WebdelMaestroCMF\/\" \/>\n<meta property=\"article:author\" content=\"https:\/\/www.facebook.com\/WebdelMaestroCMF\/\" \/>\n<meta property=\"article:published_time\" content=\"2020-03-11T10:26:08+00:00\" \/>\n<meta property=\"article:modified_time\" content=\"2020-03-12T00:45:44+00:00\" \/>\n<meta property=\"og:image\" content=\"https:\/\/i0.wp.com\/webdelmaestrocmf.com\/portal\/wp-content\/uploads\/2020\/03\/2c-15.jpg?fit=1100%2C680&ssl=1\" \/>\n\t<meta property=\"og:image:width\" content=\"1100\" \/>\n\t<meta property=\"og:image:height\" content=\"680\" \/>\n\t<meta property=\"og:image:type\" content=\"image\/jpeg\" \/>\n<meta name=\"author\" content=\"Web del Maestro CMF\" \/>\n<meta name=\"twitter:card\" content=\"summary_large_image\" \/>\n<meta name=\"twitter:creator\" content=\"@cmf_w\" \/>\n<meta name=\"twitter:site\" content=\"@cmf_w\" \/>\n<script type=\"application\/ld+json\" class=\"yoast-schema-graph\">{\"@context\":\"https:\\\/\\\/schema.org\",\"@graph\":[{\"@type\":\"ScholarlyArticle\",\"@id\":\"https:\\\/\\\/webdelmaestrocmf.com\\\/portal\\\/instruccion-educacion-e-ideologia-de-genero-segun-joaquin-maria-nebreda-perez\\\/#article\",\"isPartOf\":{\"@id\":\"https:\\\/\\\/webdelmaestrocmf.com\\\/portal\\\/instruccion-educacion-e-ideologia-de-genero-segun-joaquin-maria-nebreda-perez\\\/\"},\"author\":{\"name\":\"Web del Maestro CMF\",\"@id\":\"https:\\\/\\\/webdelmaestrocmf.com\\\/portal\\\/#\\\/schema\\\/person\\\/1072a2ed7bd960df8ef99a551fa35dc5\"},\"headline\":\"Instrucci\u00f3n, Educaci\u00f3n e Ideolog\u00eda de G\u00e9nero, seg\u00fan Joaqu\u00edn Mar\u00eda Nebreda P\u00e9rez\",\"datePublished\":\"2020-03-11T10:26:08+00:00\",\"dateModified\":\"2020-03-12T00:45:44+00:00\",\"mainEntityOfPage\":{\"@id\":\"https:\\\/\\\/webdelmaestrocmf.com\\\/portal\\\/instruccion-educacion-e-ideologia-de-genero-segun-joaquin-maria-nebreda-perez\\\/\"},\"wordCount\":966,\"commentCount\":0,\"publisher\":{\"@id\":\"https:\\\/\\\/webdelmaestrocmf.com\\\/portal\\\/#organization\"},\"image\":{\"@id\":\"https:\\\/\\\/webdelmaestrocmf.com\\\/portal\\\/instruccion-educacion-e-ideologia-de-genero-segun-joaquin-maria-nebreda-perez\\\/#primaryimage\"},\"thumbnailUrl\":\"https:\\\/\\\/webdelmaestrocmf.com\\\/portal\\\/wp-content\\\/uploads\\\/2020\\\/03\\\/2c-15.jpg\",\"keywords\":[\"CIVILES\",\"CONSTITUCI\u00d3N\",\"DERECHOS\",\"EDUCACI\u00d3N\",\"escuela\",\"familia\",\"G\u00c9NERO\",\"IDEOLOG\u00cdA\",\"INSTRUCCI\u00d3N\",\"JOAQU\u00cdN MAR\u00cdA NEBREDA P\u00c9REZ\",\"padres\",\"PRIVADA\",\"p\u00f9blica\",\"valores\"],\"articleSection\":[\"INTER\u00c9S\"],\"inLanguage\":\"es\",\"potentialAction\":[{\"@type\":\"CommentAction\",\"name\":\"Comment\",\"target\":[\"https:\\\/\\\/webdelmaestrocmf.com\\\/portal\\\/instruccion-educacion-e-ideologia-de-genero-segun-joaquin-maria-nebreda-perez\\\/#respond\"]}]},{\"@type\":\"WebPage\",\"@id\":\"https:\\\/\\\/webdelmaestrocmf.com\\\/portal\\\/instruccion-educacion-e-ideologia-de-genero-segun-joaquin-maria-nebreda-perez\\\/\",\"url\":\"https:\\\/\\\/webdelmaestrocmf.com\\\/portal\\\/instruccion-educacion-e-ideologia-de-genero-segun-joaquin-maria-nebreda-perez\\\/\",\"name\":\"Instrucci\u00f3n, Educaci\u00f3n e Ideolog\u00eda de G\u00e9nero, seg\u00fan Joaqu\u00edn Mar\u00eda Nebreda P\u00e9rez - 2026\",\"isPartOf\":{\"@id\":\"https:\\\/\\\/webdelmaestrocmf.com\\\/portal\\\/#website\"},\"primaryImageOfPage\":{\"@id\":\"https:\\\/\\\/webdelmaestrocmf.com\\\/portal\\\/instruccion-educacion-e-ideologia-de-genero-segun-joaquin-maria-nebreda-perez\\\/#primaryimage\"},\"image\":{\"@id\":\"https:\\\/\\\/webdelmaestrocmf.com\\\/portal\\\/instruccion-educacion-e-ideologia-de-genero-segun-joaquin-maria-nebreda-perez\\\/#primaryimage\"},\"thumbnailUrl\":\"https:\\\/\\\/webdelmaestrocmf.com\\\/portal\\\/wp-content\\\/uploads\\\/2020\\\/03\\\/2c-15.jpg\",\"datePublished\":\"2020-03-11T10:26:08+00:00\",\"dateModified\":\"2020-03-12T00:45:44+00:00\",\"description\":\"El Doctor Joaqu\u00edn Mar\u00eda Nebreda P\u00e9rez, ha escrito para el ABC (Espa\u00f1a) un art\u00edculo cuyo t\u00edtulo alude a tres conceptos que como educadores hemos...\",\"breadcrumb\":{\"@id\":\"https:\\\/\\\/webdelmaestrocmf.com\\\/portal\\\/instruccion-educacion-e-ideologia-de-genero-segun-joaquin-maria-nebreda-perez\\\/#breadcrumb\"},\"inLanguage\":\"es\",\"potentialAction\":[{\"@type\":\"ReadAction\",\"target\":[\"https:\\\/\\\/webdelmaestrocmf.com\\\/portal\\\/instruccion-educacion-e-ideologia-de-genero-segun-joaquin-maria-nebreda-perez\\\/\"]}]},{\"@type\":\"ImageObject\",\"inLanguage\":\"es\",\"@id\":\"https:\\\/\\\/webdelmaestrocmf.com\\\/portal\\\/instruccion-educacion-e-ideologia-de-genero-segun-joaquin-maria-nebreda-perez\\\/#primaryimage\",\"url\":\"https:\\\/\\\/webdelmaestrocmf.com\\\/portal\\\/wp-content\\\/uploads\\\/2020\\\/03\\\/2c-15.jpg\",\"contentUrl\":\"https:\\\/\\\/webdelmaestrocmf.com\\\/portal\\\/wp-content\\\/uploads\\\/2020\\\/03\\\/2c-15.jpg\",\"width\":1100,\"height\":680},{\"@type\":\"BreadcrumbList\",\"@id\":\"https:\\\/\\\/webdelmaestrocmf.com\\\/portal\\\/instruccion-educacion-e-ideologia-de-genero-segun-joaquin-maria-nebreda-perez\\\/#breadcrumb\",\"itemListElement\":[{\"@type\":\"ListItem\",\"position\":1,\"name\":\"Portada\",\"item\":\"https:\\\/\\\/webdelmaestrocmf.com\\\/portal\\\/\"},{\"@type\":\"ListItem\",\"position\":2,\"name\":\"INTER\u00c9S\",\"item\":\"https:\\\/\\\/webdelmaestrocmf.com\\\/portal\\\/category\\\/noticias-educacion\\\/\"},{\"@type\":\"ListItem\",\"position\":3,\"name\":\"Instrucci\u00f3n, Educaci\u00f3n e Ideolog\u00eda de G\u00e9nero, seg\u00fan Joaqu\u00edn Mar\u00eda Nebreda P\u00e9rez\"}]},{\"@type\":\"WebSite\",\"@id\":\"https:\\\/\\\/webdelmaestrocmf.com\\\/portal\\\/#website\",\"url\":\"https:\\\/\\\/webdelmaestrocmf.com\\\/portal\\\/\",\"name\":\"Web del Maestro CMF\",\"description\":\"Maestros al servicio de la educaci\u00f3n\",\"publisher\":{\"@id\":\"https:\\\/\\\/webdelmaestrocmf.com\\\/portal\\\/#organization\"},\"alternateName\":\"WMCMF\",\"potentialAction\":[{\"@type\":\"SearchAction\",\"target\":{\"@type\":\"EntryPoint\",\"urlTemplate\":\"https:\\\/\\\/webdelmaestrocmf.com\\\/portal\\\/?s={search_term_string}\"},\"query-input\":{\"@type\":\"PropertyValueSpecification\",\"valueRequired\":true,\"valueName\":\"search_term_string\"}}],\"inLanguage\":\"es\"},{\"@type\":\"Organization\",\"@id\":\"https:\\\/\\\/webdelmaestrocmf.com\\\/portal\\\/#organization\",\"name\":\"Web del Maestro CMF\",\"alternateName\":\"WMCMF\",\"url\":\"https:\\\/\\\/webdelmaestrocmf.com\\\/portal\\\/\",\"logo\":{\"@type\":\"ImageObject\",\"inLanguage\":\"es\",\"@id\":\"https:\\\/\\\/webdelmaestrocmf.com\\\/portal\\\/#\\\/schema\\\/logo\\\/image\\\/\",\"url\":\"https:\\\/\\\/webdelmaestrocmf.com\\\/portal\\\/wp-content\\\/uploads\\\/2023\\\/01\\\/logo-wmcmf-2.png\",\"contentUrl\":\"https:\\\/\\\/webdelmaestrocmf.com\\\/portal\\\/wp-content\\\/uploads\\\/2023\\\/01\\\/logo-wmcmf-2.png\",\"width\":200,\"height\":60,\"caption\":\"Web del Maestro CMF\"},\"image\":{\"@id\":\"https:\\\/\\\/webdelmaestrocmf.com\\\/portal\\\/#\\\/schema\\\/logo\\\/image\\\/\"},\"sameAs\":[\"https:\\\/\\\/www.facebook.com\\\/WebdelMaestroCMF\\\/\",\"https:\\\/\\\/x.com\\\/cmf_w\",\"https:\\\/\\\/www.pinterest.com\\\/WMCMF\\\/\",\"https:\\\/\\\/www.linkedin.com\\\/company\\\/web-del-maestro-cmf\\\/\",\"https:\\\/\\\/www.instagram.com\\\/wmcmf\\\/\",\"https:\\\/\\\/www.youtube.com\\\/channel\\\/UCDPSvjbdodE5sHnC3OxutHw\",\"https:\\\/\\\/mastodon.social\\\/@wmcmf\",\"https:\\\/\\\/www.tiktok.com\\\/@webdelmaestrocmf\"]},{\"@type\":\"Person\",\"@id\":\"https:\\\/\\\/webdelmaestrocmf.com\\\/portal\\\/#\\\/schema\\\/person\\\/1072a2ed7bd960df8ef99a551fa35dc5\",\"name\":\"Web del Maestro CMF\",\"image\":{\"@type\":\"ImageObject\",\"inLanguage\":\"es\",\"@id\":\"https:\\\/\\\/secure.gravatar.com\\\/avatar\\\/23291dd5b5ae1077dcff3dbb04c3e02bd28403fa75af6d8787d5e97c5bbbe30b?s=96&d=mm&r=g\",\"url\":\"https:\\\/\\\/secure.gravatar.com\\\/avatar\\\/23291dd5b5ae1077dcff3dbb04c3e02bd28403fa75af6d8787d5e97c5bbbe30b?s=96&d=mm&r=g\",\"contentUrl\":\"https:\\\/\\\/secure.gravatar.com\\\/avatar\\\/23291dd5b5ae1077dcff3dbb04c3e02bd28403fa75af6d8787d5e97c5bbbe30b?s=96&d=mm&r=g\",\"caption\":\"Web del Maestro CMF\"},\"description\":\"Esta Web se cre\u00f3 sin fines de lucro, con fines educativos, cient\u00edficos y acad\u00e9micos, para personas que tengan dificultades y\\\/o inconvenientes en visualizar el material original. El objetivo es entregar recursos, compartir experiencias y materiales que ayuden a los padres de familia, maestros y estudiantes en su actualizaci\u00f3n y formaci\u00f3n permanente, en bien de la Educaci\u00f3n.\",\"sameAs\":[\"http:\\\/\\\/webdelmaestrocmf.com\\\/portal\",\"https:\\\/\\\/www.facebook.com\\\/WebdelMaestroCMF\\\/\",\"https:\\\/\\\/www.instagram.com\\\/wmcmf\\\/\",\"https:\\\/\\\/cl.linkedin.com\\\/company\\\/web-del-maestro-cmf\",\"https:\\\/\\\/www.pinterest.com\\\/WMCMF\\\/publicaciones\\\/\",\"https:\\\/\\\/x.com\\\/cmf_w\",\"https:\\\/\\\/www.youtube.com\\\/@WMCMF\"]}]}<\/script>\n<!-- \/ Yoast SEO plugin. -->","yoast_head_json":{"title":"Instrucci\u00f3n, Educaci\u00f3n e Ideolog\u00eda de G\u00e9nero, seg\u00fan Joaqu\u00edn Mar\u00eda Nebreda P\u00e9rez - 2026","description":"El Doctor Joaqu\u00edn Mar\u00eda Nebreda P\u00e9rez, ha escrito para el ABC (Espa\u00f1a) un art\u00edculo cuyo t\u00edtulo alude a tres conceptos que como educadores hemos...","robots":{"index":"index","follow":"follow","max-snippet":"max-snippet:-1","max-image-preview":"max-image-preview:large","max-video-preview":"max-video-preview:-1"},"canonical":"https:\/\/webdelmaestrocmf.com\/portal\/instruccion-educacion-e-ideologia-de-genero-segun-joaquin-maria-nebreda-perez\/","og_locale":"es_ES","og_type":"article","og_title":"Instrucci\u00f3n, Educaci\u00f3n e Ideolog\u00eda de G\u00e9nero, seg\u00fan Joaqu\u00edn Mar\u00eda Nebreda P\u00e9rez - 2026","og_description":"El Doctor Joaqu\u00edn Mar\u00eda Nebreda P\u00e9rez, ha escrito para el ABC (Espa\u00f1a) un art\u00edculo cuyo t\u00edtulo alude a tres conceptos que como educadores hemos...","og_url":"https:\/\/webdelmaestrocmf.com\/portal\/instruccion-educacion-e-ideologia-de-genero-segun-joaquin-maria-nebreda-perez\/","og_site_name":"Web del Maestro CMF","article_publisher":"https:\/\/www.facebook.com\/WebdelMaestroCMF\/","article_author":"https:\/\/www.facebook.com\/WebdelMaestroCMF\/","article_published_time":"2020-03-11T10:26:08+00:00","article_modified_time":"2020-03-12T00:45:44+00:00","og_image":[{"width":1100,"height":680,"url":"https:\/\/i0.wp.com\/webdelmaestrocmf.com\/portal\/wp-content\/uploads\/2020\/03\/2c-15.jpg?fit=1100%2C680&ssl=1","type":"image\/jpeg"}],"author":"Web del Maestro CMF","twitter_card":"summary_large_image","twitter_creator":"@cmf_w","twitter_site":"@cmf_w","schema":{"@context":"https:\/\/schema.org","@graph":[{"@type":"ScholarlyArticle","@id":"https:\/\/webdelmaestrocmf.com\/portal\/instruccion-educacion-e-ideologia-de-genero-segun-joaquin-maria-nebreda-perez\/#article","isPartOf":{"@id":"https:\/\/webdelmaestrocmf.com\/portal\/instruccion-educacion-e-ideologia-de-genero-segun-joaquin-maria-nebreda-perez\/"},"author":{"name":"Web del Maestro CMF","@id":"https:\/\/webdelmaestrocmf.com\/portal\/#\/schema\/person\/1072a2ed7bd960df8ef99a551fa35dc5"},"headline":"Instrucci\u00f3n, Educaci\u00f3n e Ideolog\u00eda de G\u00e9nero, seg\u00fan Joaqu\u00edn Mar\u00eda Nebreda P\u00e9rez","datePublished":"2020-03-11T10:26:08+00:00","dateModified":"2020-03-12T00:45:44+00:00","mainEntityOfPage":{"@id":"https:\/\/webdelmaestrocmf.com\/portal\/instruccion-educacion-e-ideologia-de-genero-segun-joaquin-maria-nebreda-perez\/"},"wordCount":966,"commentCount":0,"publisher":{"@id":"https:\/\/webdelmaestrocmf.com\/portal\/#organization"},"image":{"@id":"https:\/\/webdelmaestrocmf.com\/portal\/instruccion-educacion-e-ideologia-de-genero-segun-joaquin-maria-nebreda-perez\/#primaryimage"},"thumbnailUrl":"https:\/\/webdelmaestrocmf.com\/portal\/wp-content\/uploads\/2020\/03\/2c-15.jpg","keywords":["CIVILES","CONSTITUCI\u00d3N","DERECHOS","EDUCACI\u00d3N","escuela","familia","G\u00c9NERO","IDEOLOG\u00cdA","INSTRUCCI\u00d3N","JOAQU\u00cdN MAR\u00cdA NEBREDA P\u00c9REZ","padres","PRIVADA","p\u00f9blica","valores"],"articleSection":["INTER\u00c9S"],"inLanguage":"es","potentialAction":[{"@type":"CommentAction","name":"Comment","target":["https:\/\/webdelmaestrocmf.com\/portal\/instruccion-educacion-e-ideologia-de-genero-segun-joaquin-maria-nebreda-perez\/#respond"]}]},{"@type":"WebPage","@id":"https:\/\/webdelmaestrocmf.com\/portal\/instruccion-educacion-e-ideologia-de-genero-segun-joaquin-maria-nebreda-perez\/","url":"https:\/\/webdelmaestrocmf.com\/portal\/instruccion-educacion-e-ideologia-de-genero-segun-joaquin-maria-nebreda-perez\/","name":"Instrucci\u00f3n, Educaci\u00f3n e Ideolog\u00eda de G\u00e9nero, seg\u00fan Joaqu\u00edn Mar\u00eda Nebreda P\u00e9rez - 2026","isPartOf":{"@id":"https:\/\/webdelmaestrocmf.com\/portal\/#website"},"primaryImageOfPage":{"@id":"https:\/\/webdelmaestrocmf.com\/portal\/instruccion-educacion-e-ideologia-de-genero-segun-joaquin-maria-nebreda-perez\/#primaryimage"},"image":{"@id":"https:\/\/webdelmaestrocmf.com\/portal\/instruccion-educacion-e-ideologia-de-genero-segun-joaquin-maria-nebreda-perez\/#primaryimage"},"thumbnailUrl":"https:\/\/webdelmaestrocmf.com\/portal\/wp-content\/uploads\/2020\/03\/2c-15.jpg","datePublished":"2020-03-11T10:26:08+00:00","dateModified":"2020-03-12T00:45:44+00:00","description":"El Doctor Joaqu\u00edn Mar\u00eda Nebreda P\u00e9rez, ha escrito para el ABC (Espa\u00f1a) un art\u00edculo cuyo t\u00edtulo alude a tres conceptos que como educadores hemos...","breadcrumb":{"@id":"https:\/\/webdelmaestrocmf.com\/portal\/instruccion-educacion-e-ideologia-de-genero-segun-joaquin-maria-nebreda-perez\/#breadcrumb"},"inLanguage":"es","potentialAction":[{"@type":"ReadAction","target":["https:\/\/webdelmaestrocmf.com\/portal\/instruccion-educacion-e-ideologia-de-genero-segun-joaquin-maria-nebreda-perez\/"]}]},{"@type":"ImageObject","inLanguage":"es","@id":"https:\/\/webdelmaestrocmf.com\/portal\/instruccion-educacion-e-ideologia-de-genero-segun-joaquin-maria-nebreda-perez\/#primaryimage","url":"https:\/\/webdelmaestrocmf.com\/portal\/wp-content\/uploads\/2020\/03\/2c-15.jpg","contentUrl":"https:\/\/webdelmaestrocmf.com\/portal\/wp-content\/uploads\/2020\/03\/2c-15.jpg","width":1100,"height":680},{"@type":"BreadcrumbList","@id":"https:\/\/webdelmaestrocmf.com\/portal\/instruccion-educacion-e-ideologia-de-genero-segun-joaquin-maria-nebreda-perez\/#breadcrumb","itemListElement":[{"@type":"ListItem","position":1,"name":"Portada","item":"https:\/\/webdelmaestrocmf.com\/portal\/"},{"@type":"ListItem","position":2,"name":"INTER\u00c9S","item":"https:\/\/webdelmaestrocmf.com\/portal\/category\/noticias-educacion\/"},{"@type":"ListItem","position":3,"name":"Instrucci\u00f3n, Educaci\u00f3n e Ideolog\u00eda de G\u00e9nero, seg\u00fan Joaqu\u00edn Mar\u00eda Nebreda P\u00e9rez"}]},{"@type":"WebSite","@id":"https:\/\/webdelmaestrocmf.com\/portal\/#website","url":"https:\/\/webdelmaestrocmf.com\/portal\/","name":"Web del Maestro CMF","description":"Maestros al servicio de la educaci\u00f3n","publisher":{"@id":"https:\/\/webdelmaestrocmf.com\/portal\/#organization"},"alternateName":"WMCMF","potentialAction":[{"@type":"SearchAction","target":{"@type":"EntryPoint","urlTemplate":"https:\/\/webdelmaestrocmf.com\/portal\/?s={search_term_string}"},"query-input":{"@type":"PropertyValueSpecification","valueRequired":true,"valueName":"search_term_string"}}],"inLanguage":"es"},{"@type":"Organization","@id":"https:\/\/webdelmaestrocmf.com\/portal\/#organization","name":"Web del Maestro CMF","alternateName":"WMCMF","url":"https:\/\/webdelmaestrocmf.com\/portal\/","logo":{"@type":"ImageObject","inLanguage":"es","@id":"https:\/\/webdelmaestrocmf.com\/portal\/#\/schema\/logo\/image\/","url":"https:\/\/webdelmaestrocmf.com\/portal\/wp-content\/uploads\/2023\/01\/logo-wmcmf-2.png","contentUrl":"https:\/\/webdelmaestrocmf.com\/portal\/wp-content\/uploads\/2023\/01\/logo-wmcmf-2.png","width":200,"height":60,"caption":"Web del Maestro CMF"},"image":{"@id":"https:\/\/webdelmaestrocmf.com\/portal\/#\/schema\/logo\/image\/"},"sameAs":["https:\/\/www.facebook.com\/WebdelMaestroCMF\/","https:\/\/x.com\/cmf_w","https:\/\/www.pinterest.com\/WMCMF\/","https:\/\/www.linkedin.com\/company\/web-del-maestro-cmf\/","https:\/\/www.instagram.com\/wmcmf\/","https:\/\/www.youtube.com\/channel\/UCDPSvjbdodE5sHnC3OxutHw","https:\/\/mastodon.social\/@wmcmf","https:\/\/www.tiktok.com\/@webdelmaestrocmf"]},{"@type":"Person","@id":"https:\/\/webdelmaestrocmf.com\/portal\/#\/schema\/person\/1072a2ed7bd960df8ef99a551fa35dc5","name":"Web del Maestro CMF","image":{"@type":"ImageObject","inLanguage":"es","@id":"https:\/\/secure.gravatar.com\/avatar\/23291dd5b5ae1077dcff3dbb04c3e02bd28403fa75af6d8787d5e97c5bbbe30b?s=96&d=mm&r=g","url":"https:\/\/secure.gravatar.com\/avatar\/23291dd5b5ae1077dcff3dbb04c3e02bd28403fa75af6d8787d5e97c5bbbe30b?s=96&d=mm&r=g","contentUrl":"https:\/\/secure.gravatar.com\/avatar\/23291dd5b5ae1077dcff3dbb04c3e02bd28403fa75af6d8787d5e97c5bbbe30b?s=96&d=mm&r=g","caption":"Web del Maestro CMF"},"description":"Esta Web se cre\u00f3 sin fines de lucro, con fines educativos, cient\u00edficos y acad\u00e9micos, para personas que tengan dificultades y\/o inconvenientes en visualizar el material original. El objetivo es entregar recursos, compartir experiencias y materiales que ayuden a los padres de familia, maestros y estudiantes en su actualizaci\u00f3n y formaci\u00f3n permanente, en bien de la Educaci\u00f3n.","sameAs":["http:\/\/webdelmaestrocmf.com\/portal","https:\/\/www.facebook.com\/WebdelMaestroCMF\/","https:\/\/www.instagram.com\/wmcmf\/","https:\/\/cl.linkedin.com\/company\/web-del-maestro-cmf","https:\/\/www.pinterest.com\/WMCMF\/publicaciones\/","https:\/\/x.com\/cmf_w","https:\/\/www.youtube.com\/@WMCMF"]}]}},"jetpack_featured_media_url":"https:\/\/webdelmaestrocmf.com\/portal\/wp-content\/uploads\/2020\/03\/2c-15.jpg","jetpack_sharing_enabled":true,"jetpack-related-posts":[{"id":19005,"url":"https:\/\/webdelmaestrocmf.com\/portal\/profesor-esta-mas-solo-nunca-tarea-educar\/","url_meta":{"origin":45326,"position":0},"title":"Pablo P\u00e9rez: El profesor est\u00e1 m\u00e1s solo que nunca, en su tarea de educar","author":"Web del Maestro CMF","date":"5 abril, 2025","format":false,"excerpt":"El profesor enfrenta soledad creciente, asumiendo mayor responsabilidad educativa ante una sociedad desorientada y familias ausentes. Debe buscar la verdad, ense\u00f1ar con profundidad y formar con humanidad y compromiso \u00e9tico.","rel":"","context":"En \u00abEntrevistas\u00bb","block_context":{"text":"Entrevistas","link":"https:\/\/webdelmaestrocmf.com\/portal\/category\/noticias\/entrevistas\/"},"img":{"alt_text":"","src":"https:\/\/i0.wp.com\/webdelmaestrocmf.com\/portal\/wp-content\/uploads\/2018\/09\/1-16.jpeg?resize=350%2C200&ssl=1","width":350,"height":200,"srcset":"https:\/\/i0.wp.com\/webdelmaestrocmf.com\/portal\/wp-content\/uploads\/2018\/09\/1-16.jpeg?resize=350%2C200&ssl=1 1x, https:\/\/i0.wp.com\/webdelmaestrocmf.com\/portal\/wp-content\/uploads\/2018\/09\/1-16.jpeg?resize=525%2C300&ssl=1 1.5x, https:\/\/i0.wp.com\/webdelmaestrocmf.com\/portal\/wp-content\/uploads\/2018\/09\/1-16.jpeg?resize=700%2C400&ssl=1 2x"},"classes":[]},{"id":115508,"url":"https:\/\/webdelmaestrocmf.com\/portal\/jose-joaquin-brunner-la-educacion-latinoamericana-frente-a-la-desigualdad-y-el-avance-del-crimen-organizado\/","url_meta":{"origin":45326,"position":1},"title":"Jos\u00e9 Joaqu\u00edn Brunner: la educaci\u00f3n latinoamericana frente a la desigualdad y el avance del crimen organizado","author":"Web del Maestro CMF","date":"22 febrero, 2026","format":false,"excerpt":"A un joven de 11 o 12 a\u00f1os le ofrecen enrolarse en un grupo armado y ganar dinero que nunca imagin\u00f3. Sabemos que estamos atrasados; ya hab\u00eda se\u00f1ales en Colombia y M\u00e9xico. No se previno a tiempo y ahora estalla en Ecuador, en Chile\u2026","rel":"","context":"En \u00abEntrevistas\u00bb","block_context":{"text":"Entrevistas","link":"https:\/\/webdelmaestrocmf.com\/portal\/category\/noticias\/entrevistas\/"},"img":{"alt_text":"","src":"https:\/\/i0.wp.com\/webdelmaestrocmf.com\/portal\/wp-content\/uploads\/2026\/02\/1A-Banner-1-portada-imagen-10-1-copia-9-2.webp?resize=350%2C200&ssl=1","width":350,"height":200,"srcset":"https:\/\/i0.wp.com\/webdelmaestrocmf.com\/portal\/wp-content\/uploads\/2026\/02\/1A-Banner-1-portada-imagen-10-1-copia-9-2.webp?resize=350%2C200&ssl=1 1x, https:\/\/i0.wp.com\/webdelmaestrocmf.com\/portal\/wp-content\/uploads\/2026\/02\/1A-Banner-1-portada-imagen-10-1-copia-9-2.webp?resize=525%2C300&ssl=1 1.5x, https:\/\/i0.wp.com\/webdelmaestrocmf.com\/portal\/wp-content\/uploads\/2026\/02\/1A-Banner-1-portada-imagen-10-1-copia-9-2.webp?resize=700%2C400&ssl=1 2x"},"classes":[]},{"id":112932,"url":"https:\/\/webdelmaestrocmf.com\/portal\/de-la-ideologia-de-genero-al-lenguaje-inclusivo-la-cruzada-cultural-del-gobierno-de-bukele-en-la-educacion\/","url_meta":{"origin":45326,"position":2},"title":"De la \u201cideolog\u00eda de g\u00e9nero\u201d al \u201clenguaje inclusivo\u201d: la cruzada cultural del gobierno de Bukele en la educaci\u00f3n","author":"Web del Maestro CMF","date":"28 octubre, 2025","format":false,"excerpt":"Una pol\u00edtica educativa con carga ideol\u00f3gica","rel":"","context":"En \u00abNoticias Internacionales\u00bb","block_context":{"text":"Noticias Internacionales","link":"https:\/\/webdelmaestrocmf.com\/portal\/category\/noticias-internacionales\/"},"img":{"alt_text":"","src":"https:\/\/i0.wp.com\/webdelmaestrocmf.com\/portal\/wp-content\/uploads\/2025\/10\/1A-Banner-1-portada-imagen-10-1-copia-22.jpg?resize=350%2C200&ssl=1","width":350,"height":200,"srcset":"https:\/\/i0.wp.com\/webdelmaestrocmf.com\/portal\/wp-content\/uploads\/2025\/10\/1A-Banner-1-portada-imagen-10-1-copia-22.jpg?resize=350%2C200&ssl=1 1x, https:\/\/i0.wp.com\/webdelmaestrocmf.com\/portal\/wp-content\/uploads\/2025\/10\/1A-Banner-1-portada-imagen-10-1-copia-22.jpg?resize=525%2C300&ssl=1 1.5x, https:\/\/i0.wp.com\/webdelmaestrocmf.com\/portal\/wp-content\/uploads\/2025\/10\/1A-Banner-1-portada-imagen-10-1-copia-22.jpg?resize=700%2C400&ssl=1 2x"},"classes":[]},{"id":17473,"url":"https:\/\/webdelmaestrocmf.com\/portal\/20-libros-docentes-la-tecnologia-aula-2\/","url_meta":{"origin":45326,"position":3},"title":"20 libros sobre la tecnolog\u00eda en el aula y 2 sobre Inteligencia Artificial para Docentes","author":"Web del Maestro CMF","date":"16 enero, 2024","format":false,"excerpt":"El mundo actual est\u00e1 en constante cambio y la educaci\u00f3n no escapa a esta realidad. Conoce 20 libros que te ayudar\u00e1n a afrontar estos cambios y ser un docente innovador. Las Tecnolog\u00edas de la Informaci\u00f3n y Comunicaci\u00f3n (TICs) est\u00e1n revolucionando el mundo y la manera de hacer las cosas; por\u2026","rel":"","context":"En \u00abLibros\u00bb","block_context":{"text":"Libros","link":"https:\/\/webdelmaestrocmf.com\/portal\/category\/pedagogia\/libros\/"},"img":{"alt_text":"tecnolog\u00eda","src":"https:\/\/i0.wp.com\/webdelmaestrocmf.com\/portal\/wp-content\/uploads\/2023\/05\/Banner-1-portada-imagen-10-28.jpg?resize=350%2C200&ssl=1","width":350,"height":200,"srcset":"https:\/\/i0.wp.com\/webdelmaestrocmf.com\/portal\/wp-content\/uploads\/2023\/05\/Banner-1-portada-imagen-10-28.jpg?resize=350%2C200&ssl=1 1x, https:\/\/i0.wp.com\/webdelmaestrocmf.com\/portal\/wp-content\/uploads\/2023\/05\/Banner-1-portada-imagen-10-28.jpg?resize=525%2C300&ssl=1 1.5x, https:\/\/i0.wp.com\/webdelmaestrocmf.com\/portal\/wp-content\/uploads\/2023\/05\/Banner-1-portada-imagen-10-28.jpg?resize=700%2C400&ssl=1 2x"},"classes":[]},{"id":30849,"url":"https:\/\/webdelmaestrocmf.com\/portal\/se-calcula-que-se-ha-triplicado-el-trabajo-burocratico-del-profesor\/","url_meta":{"origin":45326,"position":4},"title":"Se calcula que se ha triplicado el trabajo burocr\u00e1tico del profesor","author":"Web del Maestro CMF","date":"29 agosto, 2018","format":false,"excerpt":"El Profesor Mat\u00edas M\u00e9ndez de nacionalidad espa\u00f1ola, formado en la Universidad Cat\u00f3lica San Antonio de Murcia (Espa\u00f1a), sostiene que \u201cse nos llena la boca de que nuestra crisis es una crisis de valores y no s\u00f3lo nos quedamos at\u00f3nitos ante esta realidad, sino que la fomentamos\u201d. Afirma tambi\u00e9n que el\u2026","rel":"","context":"En \u00abEntrevistas\u00bb","block_context":{"text":"Entrevistas","link":"https:\/\/webdelmaestrocmf.com\/portal\/category\/noticias\/entrevistas\/"},"img":{"alt_text":"","src":"https:\/\/i0.wp.com\/webdelmaestrocmf.com\/portal\/wp-content\/uploads\/2018\/08\/2-22.jpg?resize=350%2C200&ssl=1","width":350,"height":200,"srcset":"https:\/\/i0.wp.com\/webdelmaestrocmf.com\/portal\/wp-content\/uploads\/2018\/08\/2-22.jpg?resize=350%2C200&ssl=1 1x, https:\/\/i0.wp.com\/webdelmaestrocmf.com\/portal\/wp-content\/uploads\/2018\/08\/2-22.jpg?resize=525%2C300&ssl=1 1.5x, https:\/\/i0.wp.com\/webdelmaestrocmf.com\/portal\/wp-content\/uploads\/2018\/08\/2-22.jpg?resize=700%2C400&ssl=1 2x, https:\/\/i0.wp.com\/webdelmaestrocmf.com\/portal\/wp-content\/uploads\/2018\/08\/2-22.jpg?resize=1050%2C600&ssl=1 3x"},"classes":[]},{"id":114826,"url":"https:\/\/webdelmaestrocmf.com\/portal\/en-peru-un-podcast-plantea-que-deberian-ensenar-en-el-colegio-que-el-comunismo-es-tan-malo-o-peor-que-el-nazismo-o-que-cualquier-otra-ideologia-que-ha-conducido-a-ese-tipo-de-practicas-barb\/","url_meta":{"origin":45326,"position":5},"title":"En Per\u00fa, un podcast plantea que \u201cdeber\u00edan ense\u00f1ar en el colegio que el comunismo es tan malo o peor que el nazismo, o que cualquier otra ideolog\u00eda que ha conducido a ese tipo de pr\u00e1cticas barb\u00e1ricas\u201d","author":"Web del Maestro CMF","date":"17 enero, 2026","format":false,"excerpt":"El debate surge en el programa Gatos X Liebre y abre una reflexi\u00f3n sobre ideolog\u00edas, memoria y ense\u00f1anza escolar contempor\u00e1nea.","rel":"","context":"En \u00abNoticias Internacionales\u00bb","block_context":{"text":"Noticias Internacionales","link":"https:\/\/webdelmaestrocmf.com\/portal\/category\/noticias-internacionales\/"},"img":{"alt_text":"","src":"https:\/\/i0.wp.com\/webdelmaestrocmf.com\/portal\/wp-content\/uploads\/2026\/01\/1AA-Banner-1-portada-imagen-10-1-copia-4.webp?resize=350%2C200&ssl=1","width":350,"height":200,"srcset":"https:\/\/i0.wp.com\/webdelmaestrocmf.com\/portal\/wp-content\/uploads\/2026\/01\/1AA-Banner-1-portada-imagen-10-1-copia-4.webp?resize=350%2C200&ssl=1 1x, https:\/\/i0.wp.com\/webdelmaestrocmf.com\/portal\/wp-content\/uploads\/2026\/01\/1AA-Banner-1-portada-imagen-10-1-copia-4.webp?resize=525%2C300&ssl=1 1.5x, https:\/\/i0.wp.com\/webdelmaestrocmf.com\/portal\/wp-content\/uploads\/2026\/01\/1AA-Banner-1-portada-imagen-10-1-copia-4.webp?resize=700%2C400&ssl=1 2x, https:\/\/i0.wp.com\/webdelmaestrocmf.com\/portal\/wp-content\/uploads\/2026\/01\/1AA-Banner-1-portada-imagen-10-1-copia-4.webp?resize=1050%2C600&ssl=1 3x"},"classes":[]}],"_links":{"self":[{"href":"https:\/\/webdelmaestrocmf.com\/portal\/wp-json\/wp\/v2\/posts\/45326","targetHints":{"allow":["GET"]}}],"collection":[{"href":"https:\/\/webdelmaestrocmf.com\/portal\/wp-json\/wp\/v2\/posts"}],"about":[{"href":"https:\/\/webdelmaestrocmf.com\/portal\/wp-json\/wp\/v2\/types\/post"}],"author":[{"embeddable":true,"href":"https:\/\/webdelmaestrocmf.com\/portal\/wp-json\/wp\/v2\/users\/1"}],"replies":[{"embeddable":true,"href":"https:\/\/webdelmaestrocmf.com\/portal\/wp-json\/wp\/v2\/comments?post=45326"}],"version-history":[{"count":0,"href":"https:\/\/webdelmaestrocmf.com\/portal\/wp-json\/wp\/v2\/posts\/45326\/revisions"}],"wp:featuredmedia":[{"embeddable":true,"href":"https:\/\/webdelmaestrocmf.com\/portal\/wp-json\/wp\/v2\/media\/45331"}],"wp:attachment":[{"href":"https:\/\/webdelmaestrocmf.com\/portal\/wp-json\/wp\/v2\/media?parent=45326"}],"wp:term":[{"taxonomy":"category","embeddable":true,"href":"https:\/\/webdelmaestrocmf.com\/portal\/wp-json\/wp\/v2\/categories?post=45326"},{"taxonomy":"post_tag","embeddable":true,"href":"https:\/\/webdelmaestrocmf.com\/portal\/wp-json\/wp\/v2\/tags?post=45326"}],"curies":[{"name":"wp","href":"https:\/\/api.w.org\/{rel}","templated":true}]}}