{"id":45267,"date":"2020-03-10T09:33:59","date_gmt":"2020-03-10T12:33:59","guid":{"rendered":"https:\/\/webdelmaestrocmf.com\/portal\/?p=45267"},"modified":"2020-03-10T20:38:20","modified_gmt":"2020-03-10T23:38:20","slug":"el-papa-francisco-rezo-el-angelus-desde-el-interior-de-su-biblioteca-por-el-coronavirus","status":"publish","type":"post","link":"https:\/\/webdelmaestrocmf.com\/portal\/el-papa-francisco-rezo-el-angelus-desde-el-interior-de-su-biblioteca-por-el-coronavirus\/","title":{"rendered":"El Papa Francisco rez\u00f3 el \u00c1ngelus desde el interior de su biblioteca por el coronavirus"},"content":{"rendered":"<h5 style=\"text-align: justify;\">Por primera vez en su pontificado, Francisco rez\u00f3 el \u00c1ngelus via streaming desde el interior del Palacio Apost\u00f3lico, como medida preventiva contra la propagaci\u00f3n del coronavirus.<\/h5>\n<h5 style=\"text-align: justify;\">Es un poco extra\u00f1o, rezar el \u00c1ngelus hoy, con el Papa \u00abenjaulado\u00bb en la biblioteca. Sin embargo, los veo. Estoy cerca de ustedes.<\/h5>\n<p style=\"text-align: justify;\"><!--more--><\/p>\n<p style=\"text-align: justify;\">A trav\u00e9s de las pantallas, el Papa vio a un grupo de peregrinos en la plaza con una pancarta que dec\u00eda: \u00abPor los olvidados de Idlib\u00bb, la ciudad siria de la que los civiles huyen debido a la violencia.<\/p>\n<h5 style=\"text-align: justify;\">FRANCISCO<\/h5>\n<p style=\"text-align: justify;\">No debemos aapartar la mirada de esta crisis humanitaria. M\u00e1s bien, debemos priorizarla por encima de cualquier otro inter\u00e9s. Recemos por estas personas, nuestros hermanos y hermanas, que tanto sufren en el noroeste de Siria, en la ciudad de Idlib.<\/p>\n<p style=\"text-align: justify;\">Reflexionando sobre la Transfiguraci\u00f3n de Jes\u00fas, Francisco dijo que el amor de Cristo no tiene medida, sino que se da libremente. Record\u00f3 a los cristianos su llamado a estar cerca de \u00c9l y ser testigos de la caridad.<\/p>\n<p style=\"text-align: justify;\"><img loading=\"lazy\" decoding=\"async\" src=\"https:\/\/webdelmaestrocmf.com\/portal\/wp-content\/uploads\/2020\/03\/2c-7.jpg\" alt=\"\" width=\"1100\" height=\"680\" \/><\/p>\n<h5 style=\"text-align: justify;\">FRANCISCO<\/h5>\n<p style=\"text-align: justify;\">Ser testigos de Cristo es un regalo que no merecemos. Nos sentimos indignos, pero no podemos dar un paso atr\u00e1s usando nuestra incapacidad como excusa.<\/p>\n<p style=\"text-align: justify;\">En medio de las medidas preventivas por el coronavirus, el Papa no pudo resistirse y salir a saludar desde la ventana a los peregrinos reunidos en la Plaza de San Pedro.<\/p>\n<p style=\"text-align: justify;\"><iframe loading=\"lazy\" src=\"https:\/\/www.youtube.com\/embed\/OgXaLoI9Rl8\" width=\"100%\" height=\"400\" frameborder=\"0\" allowfullscreen=\"allowfullscreen\"><span data-mce-type=\"bookmark\" style=\"display: inline-block; width: 0px; overflow: hidden; line-height: 0;\" class=\"mce_SELRES_start\">\ufeff<\/span><\/iframe><\/p>\n<p style=\"text-align: justify;\">Claudia Torres<br \/>\nTraducci\u00f3n: Daniel D\u00edaz Vizzi<\/p>\n<p style=\"text-align: justify;\"><strong>Este contenido ha sido publicado originalmente por ROME REPORTS en la siguiente direcci\u00f3n:\u00a0romereports.com<\/strong><\/p>\n\t\t<div class=\"pk-inline-posts\">\n\t\t\t\n\t\t\t<div class=\"pk-inline-posts-container pk-inline-posts-template-list\"\n\t\t\t\tdata-columns=\"1\">\n\t\t\t\t\t\t<article id=\"post-117930\" class=\"post-117930 post type-post status-publish format-standard has-post-thumbnail category-pastoral category-noticias-internacionales category-papa-leon-xiv tag-conflictos tag-derechos-humanos tag-educacion-en-valores-2 tag-etica-3 tag-justicia-social tag-liderazgo tag-papa-2 tag-paz tag-reflexion-2 tag-solidaridad cs-entry cs-video-wrap\">\n\t\t\t<div class=\"pk-post-outer\">\n\n\t\t\t\t\t\t\t\t<div class=\"pk-post-inner\">\n\t\t\t\t\t<div class=\"entry-thumbnail\">\n\t\t\t\t\t\t<div class=\"pk-overlay pk-overlay-ratio pk-ratio-landscape\">\n\t\t\t\t\t\t\t<div class=\"pk-overlay-background\">\n\t\t\t\t\t\t\t\t<a href=\"https:\/\/webdelmaestrocmf.com\/portal\/papa-leon-xiv-el-mundo-esta-siendo-destruido-por-unos-pocos-tiranos-en-referencia-a-trump\/\" class=\"pk-overlay-link\">\n\t\t\t\t\t\t\t\t\t<img loading=\"lazy\" decoding=\"async\" width=\"300\" height=\"225\" src=\"https:\/\/webdelmaestrocmf.com\/portal\/wp-content\/uploads\/2026\/04\/1AA-Banner-1-portada-imagen-10-1-copia-30-300x225.webp\" class=\"attachment-pk-thumbnail size-pk-thumbnail wp-post-image\" alt=\"\" \/>\t\t\t\t\t\t\t\t<\/a>\n\t\t\t\t\t\t\t<\/div>\n\t\t\t\t\t\t<\/div>\n\t\t\t\t\t<\/div>\n\t\t\t\t<\/div>\n\t\t\t\t\n\t\t\t\t<div class=\"pk-post-inner\">\n\t\t\t\t\t<header>\n\t\t\t\t\t\t<h3 class=\"pk-title\"><a href=\"https:\/\/webdelmaestrocmf.com\/portal\/papa-leon-xiv-el-mundo-esta-siendo-destruido-por-unos-pocos-tiranos-en-referencia-a-trump\/\" rel=\"bookmark\">Papa Le\u00f3n XIV: \u201cEl mundo est\u00e1 siendo destruido por unos pocos tiranos\u201d, en referencia a Trump<\/a><\/h3>\t\t\t\t\t<\/header><!-- .entry-header -->\n\t\t\t\t<\/div><!-- .post-inner -->\n\n\t\t\t<\/div><!-- .post-outer -->\n\t\t<\/article>\n\t\t\t\t<\/div>\n\t\t<\/div>\n\t\t\n","protected":false},"excerpt":{"rendered":"Por primera vez en su pontificado, Francisco rez\u00f3 el \u00c1ngelus via streaming desde el interior del Palacio Apost\u00f3lico,&hellip;","protected":false},"author":1,"featured_media":45269,"comment_status":"open","ping_status":"closed","sticky":false,"template":"","format":"standard","meta":{"csco_display_header_overlay":false,"csco_singular_sidebar":"default","csco_page_header_type":"default","csco_page_load_nextpost":"default","csco_post_video_location":[],"csco_post_video_location_hash":"","csco_post_video_url":"","csco_post_video_bg_start_time":0,"csco_post_video_bg_end_time":0,"csco_post_video_bg_volume":false,"_jetpack_memberships_contains_paid_content":false,"footnotes":""},"categories":[431,467],"tags":[1353,3014,4734,1363,3981,880,4763],"class_list":{"0":"post-45267","1":"post","2":"type-post","3":"status-publish","4":"format-standard","5":"has-post-thumbnail","7":"category-pastoral","8":"category-papa-francisco","9":"tag-angelus","10":"tag-biblioteca","11":"tag-coronavirus","12":"tag-francisco","13":"tag-interior","14":"tag-papa","15":"tag-rezo","16":"cs-entry","17":"cs-video-wrap"},"yoast_head":"<!-- This site is optimized with the Yoast SEO plugin v27.5 - https:\/\/yoast.com\/product\/yoast-seo-wordpress\/ -->\n<title>El Papa Francisco rez\u00f3 el \u00c1ngelus desde el interior de su biblioteca por el coronavirus - 2026<\/title>\n<meta name=\"description\" content=\"Por primera vez en su pontificado, Francisco rez\u00f3 el \u00c1ngelus via streaming desde el interior del Palacio Apost\u00f3lico, como medida preventiva...\" \/>\n<meta name=\"robots\" content=\"index, follow, max-snippet:-1, max-image-preview:large, max-video-preview:-1\" \/>\n<link rel=\"canonical\" href=\"https:\/\/webdelmaestrocmf.com\/portal\/el-papa-francisco-rezo-el-angelus-desde-el-interior-de-su-biblioteca-por-el-coronavirus\/\" \/>\n<meta property=\"og:locale\" content=\"es_ES\" \/>\n<meta property=\"og:type\" content=\"article\" \/>\n<meta property=\"og:title\" content=\"El Papa Francisco rez\u00f3 el \u00c1ngelus desde el interior de su biblioteca por el coronavirus - 2026\" \/>\n<meta property=\"og:description\" content=\"Por primera vez en su pontificado, Francisco rez\u00f3 el \u00c1ngelus via streaming desde el interior del Palacio Apost\u00f3lico, como medida preventiva...\" \/>\n<meta property=\"og:url\" content=\"https:\/\/webdelmaestrocmf.com\/portal\/el-papa-francisco-rezo-el-angelus-desde-el-interior-de-su-biblioteca-por-el-coronavirus\/\" \/>\n<meta property=\"og:site_name\" content=\"Web del Maestro CMF\" \/>\n<meta property=\"article:publisher\" content=\"https:\/\/www.facebook.com\/WebdelMaestroCMF\/\" \/>\n<meta property=\"article:author\" content=\"https:\/\/www.facebook.com\/WebdelMaestroCMF\/\" \/>\n<meta property=\"article:published_time\" content=\"2020-03-10T12:33:59+00:00\" \/>\n<meta property=\"article:modified_time\" content=\"2020-03-10T23:38:20+00:00\" \/>\n<meta property=\"og:image\" content=\"https:\/\/i0.wp.com\/webdelmaestrocmf.com\/portal\/wp-content\/uploads\/2020\/03\/3c-1.jpg?fit=1100%2C680&ssl=1\" \/>\n\t<meta property=\"og:image:width\" content=\"1100\" \/>\n\t<meta property=\"og:image:height\" content=\"680\" \/>\n\t<meta property=\"og:image:type\" content=\"image\/jpeg\" \/>\n<meta name=\"author\" content=\"Web del Maestro CMF\" \/>\n<meta name=\"twitter:card\" content=\"summary_large_image\" \/>\n<meta name=\"twitter:creator\" content=\"@cmf_w\" \/>\n<meta name=\"twitter:site\" content=\"@cmf_w\" \/>\n<script type=\"application\/ld+json\" class=\"yoast-schema-graph\">{\"@context\":\"https:\\\/\\\/schema.org\",\"@graph\":[{\"@type\":\"ScholarlyArticle\",\"@id\":\"https:\\\/\\\/webdelmaestrocmf.com\\\/portal\\\/el-papa-francisco-rezo-el-angelus-desde-el-interior-de-su-biblioteca-por-el-coronavirus\\\/#article\",\"isPartOf\":{\"@id\":\"https:\\\/\\\/webdelmaestrocmf.com\\\/portal\\\/el-papa-francisco-rezo-el-angelus-desde-el-interior-de-su-biblioteca-por-el-coronavirus\\\/\"},\"author\":{\"name\":\"Web del Maestro CMF\",\"@id\":\"https:\\\/\\\/webdelmaestrocmf.com\\\/portal\\\/#\\\/schema\\\/person\\\/1072a2ed7bd960df8ef99a551fa35dc5\"},\"headline\":\"El Papa Francisco rez\u00f3 el \u00c1ngelus desde el interior de su biblioteca por el coronavirus\",\"datePublished\":\"2020-03-10T12:33:59+00:00\",\"dateModified\":\"2020-03-10T23:38:20+00:00\",\"mainEntityOfPage\":{\"@id\":\"https:\\\/\\\/webdelmaestrocmf.com\\\/portal\\\/el-papa-francisco-rezo-el-angelus-desde-el-interior-de-su-biblioteca-por-el-coronavirus\\\/\"},\"wordCount\":275,\"commentCount\":0,\"publisher\":{\"@id\":\"https:\\\/\\\/webdelmaestrocmf.com\\\/portal\\\/#organization\"},\"image\":{\"@id\":\"https:\\\/\\\/webdelmaestrocmf.com\\\/portal\\\/el-papa-francisco-rezo-el-angelus-desde-el-interior-de-su-biblioteca-por-el-coronavirus\\\/#primaryimage\"},\"thumbnailUrl\":\"https:\\\/\\\/webdelmaestrocmf.com\\\/portal\\\/wp-content\\\/uploads\\\/2020\\\/03\\\/3c-1.jpg\",\"keywords\":[\"\u00c1ngelus\",\"BIBLIOTECA\",\"coronavirus\",\"Francisco\",\"INTERIOR\",\"pap\u00e1\",\"rez\u00f3\"],\"articleSection\":[\"Mundo cart\u00f3lico\",\"Papa Francisco\"],\"inLanguage\":\"es\",\"potentialAction\":[{\"@type\":\"CommentAction\",\"name\":\"Comment\",\"target\":[\"https:\\\/\\\/webdelmaestrocmf.com\\\/portal\\\/el-papa-francisco-rezo-el-angelus-desde-el-interior-de-su-biblioteca-por-el-coronavirus\\\/#respond\"]}]},{\"@type\":\"WebPage\",\"@id\":\"https:\\\/\\\/webdelmaestrocmf.com\\\/portal\\\/el-papa-francisco-rezo-el-angelus-desde-el-interior-de-su-biblioteca-por-el-coronavirus\\\/\",\"url\":\"https:\\\/\\\/webdelmaestrocmf.com\\\/portal\\\/el-papa-francisco-rezo-el-angelus-desde-el-interior-de-su-biblioteca-por-el-coronavirus\\\/\",\"name\":\"El Papa Francisco rez\u00f3 el \u00c1ngelus desde el interior de su biblioteca por el coronavirus - 2026\",\"isPartOf\":{\"@id\":\"https:\\\/\\\/webdelmaestrocmf.com\\\/portal\\\/#website\"},\"primaryImageOfPage\":{\"@id\":\"https:\\\/\\\/webdelmaestrocmf.com\\\/portal\\\/el-papa-francisco-rezo-el-angelus-desde-el-interior-de-su-biblioteca-por-el-coronavirus\\\/#primaryimage\"},\"image\":{\"@id\":\"https:\\\/\\\/webdelmaestrocmf.com\\\/portal\\\/el-papa-francisco-rezo-el-angelus-desde-el-interior-de-su-biblioteca-por-el-coronavirus\\\/#primaryimage\"},\"thumbnailUrl\":\"https:\\\/\\\/webdelmaestrocmf.com\\\/portal\\\/wp-content\\\/uploads\\\/2020\\\/03\\\/3c-1.jpg\",\"datePublished\":\"2020-03-10T12:33:59+00:00\",\"dateModified\":\"2020-03-10T23:38:20+00:00\",\"description\":\"Por primera vez en su pontificado, Francisco rez\u00f3 el \u00c1ngelus via streaming desde el interior del Palacio Apost\u00f3lico, como medida preventiva...\",\"breadcrumb\":{\"@id\":\"https:\\\/\\\/webdelmaestrocmf.com\\\/portal\\\/el-papa-francisco-rezo-el-angelus-desde-el-interior-de-su-biblioteca-por-el-coronavirus\\\/#breadcrumb\"},\"inLanguage\":\"es\",\"potentialAction\":[{\"@type\":\"ReadAction\",\"target\":[\"https:\\\/\\\/webdelmaestrocmf.com\\\/portal\\\/el-papa-francisco-rezo-el-angelus-desde-el-interior-de-su-biblioteca-por-el-coronavirus\\\/\"]}]},{\"@type\":\"ImageObject\",\"inLanguage\":\"es\",\"@id\":\"https:\\\/\\\/webdelmaestrocmf.com\\\/portal\\\/el-papa-francisco-rezo-el-angelus-desde-el-interior-de-su-biblioteca-por-el-coronavirus\\\/#primaryimage\",\"url\":\"https:\\\/\\\/webdelmaestrocmf.com\\\/portal\\\/wp-content\\\/uploads\\\/2020\\\/03\\\/3c-1.jpg\",\"contentUrl\":\"https:\\\/\\\/webdelmaestrocmf.com\\\/portal\\\/wp-content\\\/uploads\\\/2020\\\/03\\\/3c-1.jpg\",\"width\":1100,\"height\":680},{\"@type\":\"BreadcrumbList\",\"@id\":\"https:\\\/\\\/webdelmaestrocmf.com\\\/portal\\\/el-papa-francisco-rezo-el-angelus-desde-el-interior-de-su-biblioteca-por-el-coronavirus\\\/#breadcrumb\",\"itemListElement\":[{\"@type\":\"ListItem\",\"position\":1,\"name\":\"Portada\",\"item\":\"https:\\\/\\\/webdelmaestrocmf.com\\\/portal\\\/\"},{\"@type\":\"ListItem\",\"position\":2,\"name\":\"Mundo cart\u00f3lico\",\"item\":\"https:\\\/\\\/webdelmaestrocmf.com\\\/portal\\\/category\\\/pastoral\\\/\"},{\"@type\":\"ListItem\",\"position\":3,\"name\":\"El Papa Francisco rez\u00f3 el \u00c1ngelus desde el interior de su biblioteca por el coronavirus\"}]},{\"@type\":\"WebSite\",\"@id\":\"https:\\\/\\\/webdelmaestrocmf.com\\\/portal\\\/#website\",\"url\":\"https:\\\/\\\/webdelmaestrocmf.com\\\/portal\\\/\",\"name\":\"Web del Maestro CMF\",\"description\":\"Maestros al servicio de la educaci\u00f3n\",\"publisher\":{\"@id\":\"https:\\\/\\\/webdelmaestrocmf.com\\\/portal\\\/#organization\"},\"alternateName\":\"WMCMF\",\"potentialAction\":[{\"@type\":\"SearchAction\",\"target\":{\"@type\":\"EntryPoint\",\"urlTemplate\":\"https:\\\/\\\/webdelmaestrocmf.com\\\/portal\\\/?s={search_term_string}\"},\"query-input\":{\"@type\":\"PropertyValueSpecification\",\"valueRequired\":true,\"valueName\":\"search_term_string\"}}],\"inLanguage\":\"es\"},{\"@type\":\"Organization\",\"@id\":\"https:\\\/\\\/webdelmaestrocmf.com\\\/portal\\\/#organization\",\"name\":\"Web del Maestro CMF\",\"alternateName\":\"WMCMF\",\"url\":\"https:\\\/\\\/webdelmaestrocmf.com\\\/portal\\\/\",\"logo\":{\"@type\":\"ImageObject\",\"inLanguage\":\"es\",\"@id\":\"https:\\\/\\\/webdelmaestrocmf.com\\\/portal\\\/#\\\/schema\\\/logo\\\/image\\\/\",\"url\":\"https:\\\/\\\/webdelmaestrocmf.com\\\/portal\\\/wp-content\\\/uploads\\\/2023\\\/01\\\/logo-wmcmf-2.png\",\"contentUrl\":\"https:\\\/\\\/webdelmaestrocmf.com\\\/portal\\\/wp-content\\\/uploads\\\/2023\\\/01\\\/logo-wmcmf-2.png\",\"width\":200,\"height\":60,\"caption\":\"Web del Maestro CMF\"},\"image\":{\"@id\":\"https:\\\/\\\/webdelmaestrocmf.com\\\/portal\\\/#\\\/schema\\\/logo\\\/image\\\/\"},\"sameAs\":[\"https:\\\/\\\/www.facebook.com\\\/WebdelMaestroCMF\\\/\",\"https:\\\/\\\/x.com\\\/cmf_w\",\"https:\\\/\\\/www.pinterest.com\\\/WMCMF\\\/\",\"https:\\\/\\\/www.linkedin.com\\\/company\\\/web-del-maestro-cmf\\\/\",\"https:\\\/\\\/www.instagram.com\\\/wmcmf\\\/\",\"https:\\\/\\\/www.youtube.com\\\/channel\\\/UCDPSvjbdodE5sHnC3OxutHw\",\"https:\\\/\\\/mastodon.social\\\/@wmcmf\",\"https:\\\/\\\/www.tiktok.com\\\/@webdelmaestrocmf\"]},{\"@type\":\"Person\",\"@id\":\"https:\\\/\\\/webdelmaestrocmf.com\\\/portal\\\/#\\\/schema\\\/person\\\/1072a2ed7bd960df8ef99a551fa35dc5\",\"name\":\"Web del Maestro CMF\",\"image\":{\"@type\":\"ImageObject\",\"inLanguage\":\"es\",\"@id\":\"https:\\\/\\\/secure.gravatar.com\\\/avatar\\\/23291dd5b5ae1077dcff3dbb04c3e02bd28403fa75af6d8787d5e97c5bbbe30b?s=96&d=mm&r=g\",\"url\":\"https:\\\/\\\/secure.gravatar.com\\\/avatar\\\/23291dd5b5ae1077dcff3dbb04c3e02bd28403fa75af6d8787d5e97c5bbbe30b?s=96&d=mm&r=g\",\"contentUrl\":\"https:\\\/\\\/secure.gravatar.com\\\/avatar\\\/23291dd5b5ae1077dcff3dbb04c3e02bd28403fa75af6d8787d5e97c5bbbe30b?s=96&d=mm&r=g\",\"caption\":\"Web del Maestro CMF\"},\"description\":\"Esta Web se cre\u00f3 sin fines de lucro, con fines educativos, cient\u00edficos y acad\u00e9micos, para personas que tengan dificultades y\\\/o inconvenientes en visualizar el material original. El objetivo es entregar recursos, compartir experiencias y materiales que ayuden a los padres de familia, maestros y estudiantes en su actualizaci\u00f3n y formaci\u00f3n permanente, en bien de la Educaci\u00f3n.\",\"sameAs\":[\"http:\\\/\\\/webdelmaestrocmf.com\\\/portal\",\"https:\\\/\\\/www.facebook.com\\\/WebdelMaestroCMF\\\/\",\"https:\\\/\\\/www.instagram.com\\\/wmcmf\\\/\",\"https:\\\/\\\/cl.linkedin.com\\\/company\\\/web-del-maestro-cmf\",\"https:\\\/\\\/www.pinterest.com\\\/WMCMF\\\/publicaciones\\\/\",\"https:\\\/\\\/x.com\\\/cmf_w\",\"https:\\\/\\\/www.youtube.com\\\/@WMCMF\"]}]}<\/script>\n<!-- \/ Yoast SEO plugin. -->","yoast_head_json":{"title":"El Papa Francisco rez\u00f3 el \u00c1ngelus desde el interior de su biblioteca por el coronavirus - 2026","description":"Por primera vez en su pontificado, Francisco rez\u00f3 el \u00c1ngelus via streaming desde el interior del Palacio Apost\u00f3lico, como medida preventiva...","robots":{"index":"index","follow":"follow","max-snippet":"max-snippet:-1","max-image-preview":"max-image-preview:large","max-video-preview":"max-video-preview:-1"},"canonical":"https:\/\/webdelmaestrocmf.com\/portal\/el-papa-francisco-rezo-el-angelus-desde-el-interior-de-su-biblioteca-por-el-coronavirus\/","og_locale":"es_ES","og_type":"article","og_title":"El Papa Francisco rez\u00f3 el \u00c1ngelus desde el interior de su biblioteca por el coronavirus - 2026","og_description":"Por primera vez en su pontificado, Francisco rez\u00f3 el \u00c1ngelus via streaming desde el interior del Palacio Apost\u00f3lico, como medida preventiva...","og_url":"https:\/\/webdelmaestrocmf.com\/portal\/el-papa-francisco-rezo-el-angelus-desde-el-interior-de-su-biblioteca-por-el-coronavirus\/","og_site_name":"Web del Maestro CMF","article_publisher":"https:\/\/www.facebook.com\/WebdelMaestroCMF\/","article_author":"https:\/\/www.facebook.com\/WebdelMaestroCMF\/","article_published_time":"2020-03-10T12:33:59+00:00","article_modified_time":"2020-03-10T23:38:20+00:00","og_image":[{"width":1100,"height":680,"url":"https:\/\/i0.wp.com\/webdelmaestrocmf.com\/portal\/wp-content\/uploads\/2020\/03\/3c-1.jpg?fit=1100%2C680&ssl=1","type":"image\/jpeg"}],"author":"Web del Maestro CMF","twitter_card":"summary_large_image","twitter_creator":"@cmf_w","twitter_site":"@cmf_w","schema":{"@context":"https:\/\/schema.org","@graph":[{"@type":"ScholarlyArticle","@id":"https:\/\/webdelmaestrocmf.com\/portal\/el-papa-francisco-rezo-el-angelus-desde-el-interior-de-su-biblioteca-por-el-coronavirus\/#article","isPartOf":{"@id":"https:\/\/webdelmaestrocmf.com\/portal\/el-papa-francisco-rezo-el-angelus-desde-el-interior-de-su-biblioteca-por-el-coronavirus\/"},"author":{"name":"Web del Maestro CMF","@id":"https:\/\/webdelmaestrocmf.com\/portal\/#\/schema\/person\/1072a2ed7bd960df8ef99a551fa35dc5"},"headline":"El Papa Francisco rez\u00f3 el \u00c1ngelus desde el interior de su biblioteca por el coronavirus","datePublished":"2020-03-10T12:33:59+00:00","dateModified":"2020-03-10T23:38:20+00:00","mainEntityOfPage":{"@id":"https:\/\/webdelmaestrocmf.com\/portal\/el-papa-francisco-rezo-el-angelus-desde-el-interior-de-su-biblioteca-por-el-coronavirus\/"},"wordCount":275,"commentCount":0,"publisher":{"@id":"https:\/\/webdelmaestrocmf.com\/portal\/#organization"},"image":{"@id":"https:\/\/webdelmaestrocmf.com\/portal\/el-papa-francisco-rezo-el-angelus-desde-el-interior-de-su-biblioteca-por-el-coronavirus\/#primaryimage"},"thumbnailUrl":"https:\/\/webdelmaestrocmf.com\/portal\/wp-content\/uploads\/2020\/03\/3c-1.jpg","keywords":["\u00c1ngelus","BIBLIOTECA","coronavirus","Francisco","INTERIOR","pap\u00e1","rez\u00f3"],"articleSection":["Mundo cart\u00f3lico","Papa Francisco"],"inLanguage":"es","potentialAction":[{"@type":"CommentAction","name":"Comment","target":["https:\/\/webdelmaestrocmf.com\/portal\/el-papa-francisco-rezo-el-angelus-desde-el-interior-de-su-biblioteca-por-el-coronavirus\/#respond"]}]},{"@type":"WebPage","@id":"https:\/\/webdelmaestrocmf.com\/portal\/el-papa-francisco-rezo-el-angelus-desde-el-interior-de-su-biblioteca-por-el-coronavirus\/","url":"https:\/\/webdelmaestrocmf.com\/portal\/el-papa-francisco-rezo-el-angelus-desde-el-interior-de-su-biblioteca-por-el-coronavirus\/","name":"El Papa Francisco rez\u00f3 el \u00c1ngelus desde el interior de su biblioteca por el coronavirus - 2026","isPartOf":{"@id":"https:\/\/webdelmaestrocmf.com\/portal\/#website"},"primaryImageOfPage":{"@id":"https:\/\/webdelmaestrocmf.com\/portal\/el-papa-francisco-rezo-el-angelus-desde-el-interior-de-su-biblioteca-por-el-coronavirus\/#primaryimage"},"image":{"@id":"https:\/\/webdelmaestrocmf.com\/portal\/el-papa-francisco-rezo-el-angelus-desde-el-interior-de-su-biblioteca-por-el-coronavirus\/#primaryimage"},"thumbnailUrl":"https:\/\/webdelmaestrocmf.com\/portal\/wp-content\/uploads\/2020\/03\/3c-1.jpg","datePublished":"2020-03-10T12:33:59+00:00","dateModified":"2020-03-10T23:38:20+00:00","description":"Por primera vez en su pontificado, Francisco rez\u00f3 el \u00c1ngelus via streaming desde el interior del Palacio Apost\u00f3lico, como medida preventiva...","breadcrumb":{"@id":"https:\/\/webdelmaestrocmf.com\/portal\/el-papa-francisco-rezo-el-angelus-desde-el-interior-de-su-biblioteca-por-el-coronavirus\/#breadcrumb"},"inLanguage":"es","potentialAction":[{"@type":"ReadAction","target":["https:\/\/webdelmaestrocmf.com\/portal\/el-papa-francisco-rezo-el-angelus-desde-el-interior-de-su-biblioteca-por-el-coronavirus\/"]}]},{"@type":"ImageObject","inLanguage":"es","@id":"https:\/\/webdelmaestrocmf.com\/portal\/el-papa-francisco-rezo-el-angelus-desde-el-interior-de-su-biblioteca-por-el-coronavirus\/#primaryimage","url":"https:\/\/webdelmaestrocmf.com\/portal\/wp-content\/uploads\/2020\/03\/3c-1.jpg","contentUrl":"https:\/\/webdelmaestrocmf.com\/portal\/wp-content\/uploads\/2020\/03\/3c-1.jpg","width":1100,"height":680},{"@type":"BreadcrumbList","@id":"https:\/\/webdelmaestrocmf.com\/portal\/el-papa-francisco-rezo-el-angelus-desde-el-interior-de-su-biblioteca-por-el-coronavirus\/#breadcrumb","itemListElement":[{"@type":"ListItem","position":1,"name":"Portada","item":"https:\/\/webdelmaestrocmf.com\/portal\/"},{"@type":"ListItem","position":2,"name":"Mundo cart\u00f3lico","item":"https:\/\/webdelmaestrocmf.com\/portal\/category\/pastoral\/"},{"@type":"ListItem","position":3,"name":"El Papa Francisco rez\u00f3 el \u00c1ngelus desde el interior de su biblioteca por el coronavirus"}]},{"@type":"WebSite","@id":"https:\/\/webdelmaestrocmf.com\/portal\/#website","url":"https:\/\/webdelmaestrocmf.com\/portal\/","name":"Web del Maestro CMF","description":"Maestros al servicio de la educaci\u00f3n","publisher":{"@id":"https:\/\/webdelmaestrocmf.com\/portal\/#organization"},"alternateName":"WMCMF","potentialAction":[{"@type":"SearchAction","target":{"@type":"EntryPoint","urlTemplate":"https:\/\/webdelmaestrocmf.com\/portal\/?s={search_term_string}"},"query-input":{"@type":"PropertyValueSpecification","valueRequired":true,"valueName":"search_term_string"}}],"inLanguage":"es"},{"@type":"Organization","@id":"https:\/\/webdelmaestrocmf.com\/portal\/#organization","name":"Web del Maestro CMF","alternateName":"WMCMF","url":"https:\/\/webdelmaestrocmf.com\/portal\/","logo":{"@type":"ImageObject","inLanguage":"es","@id":"https:\/\/webdelmaestrocmf.com\/portal\/#\/schema\/logo\/image\/","url":"https:\/\/webdelmaestrocmf.com\/portal\/wp-content\/uploads\/2023\/01\/logo-wmcmf-2.png","contentUrl":"https:\/\/webdelmaestrocmf.com\/portal\/wp-content\/uploads\/2023\/01\/logo-wmcmf-2.png","width":200,"height":60,"caption":"Web del Maestro CMF"},"image":{"@id":"https:\/\/webdelmaestrocmf.com\/portal\/#\/schema\/logo\/image\/"},"sameAs":["https:\/\/www.facebook.com\/WebdelMaestroCMF\/","https:\/\/x.com\/cmf_w","https:\/\/www.pinterest.com\/WMCMF\/","https:\/\/www.linkedin.com\/company\/web-del-maestro-cmf\/","https:\/\/www.instagram.com\/wmcmf\/","https:\/\/www.youtube.com\/channel\/UCDPSvjbdodE5sHnC3OxutHw","https:\/\/mastodon.social\/@wmcmf","https:\/\/www.tiktok.com\/@webdelmaestrocmf"]},{"@type":"Person","@id":"https:\/\/webdelmaestrocmf.com\/portal\/#\/schema\/person\/1072a2ed7bd960df8ef99a551fa35dc5","name":"Web del Maestro CMF","image":{"@type":"ImageObject","inLanguage":"es","@id":"https:\/\/secure.gravatar.com\/avatar\/23291dd5b5ae1077dcff3dbb04c3e02bd28403fa75af6d8787d5e97c5bbbe30b?s=96&d=mm&r=g","url":"https:\/\/secure.gravatar.com\/avatar\/23291dd5b5ae1077dcff3dbb04c3e02bd28403fa75af6d8787d5e97c5bbbe30b?s=96&d=mm&r=g","contentUrl":"https:\/\/secure.gravatar.com\/avatar\/23291dd5b5ae1077dcff3dbb04c3e02bd28403fa75af6d8787d5e97c5bbbe30b?s=96&d=mm&r=g","caption":"Web del Maestro CMF"},"description":"Esta Web se cre\u00f3 sin fines de lucro, con fines educativos, cient\u00edficos y acad\u00e9micos, para personas que tengan dificultades y\/o inconvenientes en visualizar el material original. El objetivo es entregar recursos, compartir experiencias y materiales que ayuden a los padres de familia, maestros y estudiantes en su actualizaci\u00f3n y formaci\u00f3n permanente, en bien de la Educaci\u00f3n.","sameAs":["http:\/\/webdelmaestrocmf.com\/portal","https:\/\/www.facebook.com\/WebdelMaestroCMF\/","https:\/\/www.instagram.com\/wmcmf\/","https:\/\/cl.linkedin.com\/company\/web-del-maestro-cmf","https:\/\/www.pinterest.com\/WMCMF\/publicaciones\/","https:\/\/x.com\/cmf_w","https:\/\/www.youtube.com\/@WMCMF"]}]}},"jetpack_featured_media_url":"https:\/\/webdelmaestrocmf.com\/portal\/wp-content\/uploads\/2020\/03\/3c-1.jpg","jetpack_sharing_enabled":true,"jetpack-related-posts":[{"id":40535,"url":"https:\/\/webdelmaestrocmf.com\/portal\/el-papa-francisco-celebra-el-intercambio-de-presos-entre-rusia-y-ucrania-y-reza-por-la-paz\/","url_meta":{"origin":45267,"position":0},"title":"El Papa Francisco celebra el intercambio de presos entre Rusia y Ucrania y reza por la paz","author":"Web del Maestro CMF","date":"16 septiembre, 2019","format":false,"excerpt":"Durante el rezo del \u00c1ngelus el Papa no quiso pasar por alto el acuerdo entre Rusia y Ucrania. Los dos pa\u00edses pactaron un intercambio de presos que se materializ\u00f3 el s\u00e1bado 7 de septiembre. \"Me alegro por las personas liberadas, las cuales han podido abrazar a sus seres queridos, y\u2026","rel":"","context":"En \u00abMundo cart\u00f3lico\u00bb","block_context":{"text":"Mundo cart\u00f3lico","link":"https:\/\/webdelmaestrocmf.com\/portal\/category\/pastoral\/"},"img":{"alt_text":"","src":"https:\/\/i0.wp.com\/webdelmaestrocmf.com\/portal\/wp-content\/uploads\/2019\/09\/1-50.jpg?resize=350%2C200&ssl=1","width":350,"height":200,"srcset":"https:\/\/i0.wp.com\/webdelmaestrocmf.com\/portal\/wp-content\/uploads\/2019\/09\/1-50.jpg?resize=350%2C200&ssl=1 1x, https:\/\/i0.wp.com\/webdelmaestrocmf.com\/portal\/wp-content\/uploads\/2019\/09\/1-50.jpg?resize=525%2C300&ssl=1 1.5x, https:\/\/i0.wp.com\/webdelmaestrocmf.com\/portal\/wp-content\/uploads\/2019\/09\/1-50.jpg?resize=700%2C400&ssl=1 2x, https:\/\/i0.wp.com\/webdelmaestrocmf.com\/portal\/wp-content\/uploads\/2019\/09\/1-50.jpg?resize=1050%2C600&ssl=1 3x"},"classes":[]},{"id":23758,"url":"https:\/\/webdelmaestrocmf.com\/portal\/francisco-reza-la-tripulacion-del-submarino-argentino-desaparecido\/","url_meta":{"origin":45267,"position":1},"title":"Papa Francisco reza por la tripulaci\u00f3n del submarino argentino desaparecido","author":"Web del Maestro CMF","date":"22 noviembre, 2017","format":false,"excerpt":"Durante la oraci\u00f3n del \u00c1ngelus de este domingo, Francisco\u00a0rez\u00f3 por la tripulaci\u00f3n del submarino militar argentino desaparecido\u00a0el mi\u00e9rcoles en aguas del Mar Austral. El papa Francisco rez\u00f3 este domingo por los 44 tripulantes del\u00a0submarino\u00a0argentino ARA San Juan,\u00a0desaparecido\u00a0desde el pasado mi\u00e9rcoles. La plegaria tuvo lugar tras el rezo del \u00c1ngelus en\u2026","rel":"","context":"En \u00abMundo cart\u00f3lico\u00bb","block_context":{"text":"Mundo cart\u00f3lico","link":"https:\/\/webdelmaestrocmf.com\/portal\/category\/pastoral\/"},"img":{"alt_text":"","src":"https:\/\/i0.wp.com\/webdelmaestrocmf.com\/portal\/wp-content\/uploads\/2017\/10\/1ss.jpg?resize=350%2C200&ssl=1","width":350,"height":200,"srcset":"https:\/\/i0.wp.com\/webdelmaestrocmf.com\/portal\/wp-content\/uploads\/2017\/10\/1ss.jpg?resize=350%2C200&ssl=1 1x, https:\/\/i0.wp.com\/webdelmaestrocmf.com\/portal\/wp-content\/uploads\/2017\/10\/1ss.jpg?resize=525%2C300&ssl=1 1.5x"},"classes":[]},{"id":56911,"url":"https:\/\/webdelmaestrocmf.com\/portal\/no-piensan-en-los-que-sufren-la-dura-critica-del-papa-francisco-a-la-gente-que-se-va-de-vacaciones-sin-cumplir-restricciones\/","url_meta":{"origin":45267,"position":2},"title":"\u201cNo piensan en los que sufren\u201d: La dura cr\u00edtica del Papa Francisco a la gente que se va de vacaciones sin cumplir restricciones","author":"Web del Maestro CMF","date":"4 enero, 2021","format":false,"excerpt":"El\u00a0Papa Francisco\u00a0critic\u00f3 este domingo a las personas que se han ido de vacaciones sin respetar las restricciones impuestas por los gobiernos para contener la pandemia del\u00a0coronavirus\u00a0y se\u00f1al\u00f3 que deben ser m\u00e1s conscientes del sufrimiento de los dem\u00e1s. El\u00a0Papa Francisco hizo estas reflexiones momentos despu\u00e9s de rezar el \u00c1ngelus este domingo\u2026","rel":"","context":"En \u00abMundo cart\u00f3lico\u00bb","block_context":{"text":"Mundo cart\u00f3lico","link":"https:\/\/webdelmaestrocmf.com\/portal\/category\/pastoral\/"},"img":{"alt_text":"","src":"https:\/\/i0.wp.com\/webdelmaestrocmf.com\/portal\/wp-content\/uploads\/2021\/01\/1-copia-21.jpg?resize=350%2C200&ssl=1","width":350,"height":200,"srcset":"https:\/\/i0.wp.com\/webdelmaestrocmf.com\/portal\/wp-content\/uploads\/2021\/01\/1-copia-21.jpg?resize=350%2C200&ssl=1 1x, https:\/\/i0.wp.com\/webdelmaestrocmf.com\/portal\/wp-content\/uploads\/2021\/01\/1-copia-21.jpg?resize=525%2C300&ssl=1 1.5x, https:\/\/i0.wp.com\/webdelmaestrocmf.com\/portal\/wp-content\/uploads\/2021\/01\/1-copia-21.jpg?resize=700%2C400&ssl=1 2x, https:\/\/i0.wp.com\/webdelmaestrocmf.com\/portal\/wp-content\/uploads\/2021\/01\/1-copia-21.jpg?resize=1050%2C600&ssl=1 3x"},"classes":[]},{"id":37974,"url":"https:\/\/webdelmaestrocmf.com\/portal\/papa-francisco-no-sigais-la-logica-del-cada-uno-por-su-cuenta\/","url_meta":{"origin":45267,"position":3},"title":"Papa Francisco: No sig\u00e1is la l\u00f3gica del \u201cCada uno por su cuenta\u201d","author":"Web del Maestro CMF","date":"3 julio, 2019","format":false,"excerpt":"Durante el \u00c1ngelus el Papa record\u00f3 que en muchos pa\u00edses la Iglesia celebra en este domingo el Corpus Christi. Explic\u00f3 que el gran mensaje de esta solemnidad es la generosidad, preocuparse los unos por los otros. \u201cJes\u00fas invita a sus disc\u00edpulos a cumplir una verdadera conversi\u00f3n de la l\u00f3gica del\u2026","rel":"","context":"En \u00abMundo cart\u00f3lico\u00bb","block_context":{"text":"Mundo cart\u00f3lico","link":"https:\/\/webdelmaestrocmf.com\/portal\/category\/pastoral\/"},"img":{"alt_text":"","src":"https:\/\/i0.wp.com\/webdelmaestrocmf.com\/portal\/wp-content\/uploads\/2019\/07\/1.jpg?resize=350%2C200&ssl=1","width":350,"height":200,"srcset":"https:\/\/i0.wp.com\/webdelmaestrocmf.com\/portal\/wp-content\/uploads\/2019\/07\/1.jpg?resize=350%2C200&ssl=1 1x, https:\/\/i0.wp.com\/webdelmaestrocmf.com\/portal\/wp-content\/uploads\/2019\/07\/1.jpg?resize=525%2C300&ssl=1 1.5x, https:\/\/i0.wp.com\/webdelmaestrocmf.com\/portal\/wp-content\/uploads\/2019\/07\/1.jpg?resize=700%2C400&ssl=1 2x, https:\/\/i0.wp.com\/webdelmaestrocmf.com\/portal\/wp-content\/uploads\/2019\/07\/1.jpg?resize=1050%2C600&ssl=1 3x"},"classes":[]},{"id":24374,"url":"https:\/\/webdelmaestrocmf.com\/portal\/consejos-del-papa-los-ninos-navidad\/","url_meta":{"origin":45267,"position":4},"title":"Consejos del Papa Francisco a los ni\u00f1os por navidad","author":"Web del Maestro CMF","date":"22 diciembre, 2017","format":false,"excerpt":"As\u00ed recibieron los 25.000 peregrinos al Papa Francisco, cuando se asom\u00f3 a su ventana para el \u00c1ngelus del domingo.\u00a0Adem\u00e1s de ser el llamado \u201cdomingo de los bambinelli\u201d, era el 81 cumplea\u00f1os del Papa. \u201cTanti auguri a te\u201d... El Papa les dio las gracias antes de cumplir la tradici\u00f3n romana de\u2026","rel":"","context":"En \u00abMundo cart\u00f3lico\u00bb","block_context":{"text":"Mundo cart\u00f3lico","link":"https:\/\/webdelmaestrocmf.com\/portal\/category\/pastoral\/"},"img":{"alt_text":"","src":"https:\/\/i0.wp.com\/webdelmaestrocmf.com\/portal\/wp-content\/uploads\/2018\/02\/papa-francisco2.jpg?resize=350%2C200&ssl=1","width":350,"height":200,"srcset":"https:\/\/i0.wp.com\/webdelmaestrocmf.com\/portal\/wp-content\/uploads\/2018\/02\/papa-francisco2.jpg?resize=350%2C200&ssl=1 1x, https:\/\/i0.wp.com\/webdelmaestrocmf.com\/portal\/wp-content\/uploads\/2018\/02\/papa-francisco2.jpg?resize=525%2C300&ssl=1 1.5x, https:\/\/i0.wp.com\/webdelmaestrocmf.com\/portal\/wp-content\/uploads\/2018\/02\/papa-francisco2.jpg?resize=700%2C400&ssl=1 2x"},"classes":[]},{"id":43084,"url":"https:\/\/webdelmaestrocmf.com\/portal\/papa-francisco-reprende-a-los-ninos-que-usan-el-telefono-celular-mientras-comen-con-la-familia\/","url_meta":{"origin":45267,"position":5},"title":"Papa Francisco reprende a los ni\u00f1os que usan el tel\u00e9fono celular mientras comen con la familia","author":"Web del Maestro CMF","date":"29 diciembre, 2019","format":false,"excerpt":"El Papa Francisco\u00a0reprendi\u00f3 este domingo a los ni\u00f1os que est\u00e1n usando el tel\u00e9fono celular y chateando mientras comen con sus padres y dijo que se debe restablecer la \u201ccomunicaci\u00f3n\u201d en las familias. \u201cLa Sagrada Familia, Jes\u00fas, Jos\u00e9 y Mar\u00eda, rezaba, trabajaba y se comunicaba entre ellos y yo me pregunto:\u2026","rel":"","context":"En \u00abMundo cart\u00f3lico\u00bb","block_context":{"text":"Mundo cart\u00f3lico","link":"https:\/\/webdelmaestrocmf.com\/portal\/category\/pastoral\/"},"img":{"alt_text":"","src":"https:\/\/i0.wp.com\/webdelmaestrocmf.com\/portal\/wp-content\/uploads\/2019\/12\/2-29.jpg?resize=350%2C200&ssl=1","width":350,"height":200,"srcset":"https:\/\/i0.wp.com\/webdelmaestrocmf.com\/portal\/wp-content\/uploads\/2019\/12\/2-29.jpg?resize=350%2C200&ssl=1 1x, https:\/\/i0.wp.com\/webdelmaestrocmf.com\/portal\/wp-content\/uploads\/2019\/12\/2-29.jpg?resize=525%2C300&ssl=1 1.5x, https:\/\/i0.wp.com\/webdelmaestrocmf.com\/portal\/wp-content\/uploads\/2019\/12\/2-29.jpg?resize=700%2C400&ssl=1 2x, https:\/\/i0.wp.com\/webdelmaestrocmf.com\/portal\/wp-content\/uploads\/2019\/12\/2-29.jpg?resize=1050%2C600&ssl=1 3x"},"classes":[]}],"_links":{"self":[{"href":"https:\/\/webdelmaestrocmf.com\/portal\/wp-json\/wp\/v2\/posts\/45267","targetHints":{"allow":["GET"]}}],"collection":[{"href":"https:\/\/webdelmaestrocmf.com\/portal\/wp-json\/wp\/v2\/posts"}],"about":[{"href":"https:\/\/webdelmaestrocmf.com\/portal\/wp-json\/wp\/v2\/types\/post"}],"author":[{"embeddable":true,"href":"https:\/\/webdelmaestrocmf.com\/portal\/wp-json\/wp\/v2\/users\/1"}],"replies":[{"embeddable":true,"href":"https:\/\/webdelmaestrocmf.com\/portal\/wp-json\/wp\/v2\/comments?post=45267"}],"version-history":[{"count":0,"href":"https:\/\/webdelmaestrocmf.com\/portal\/wp-json\/wp\/v2\/posts\/45267\/revisions"}],"wp:featuredmedia":[{"embeddable":true,"href":"https:\/\/webdelmaestrocmf.com\/portal\/wp-json\/wp\/v2\/media\/45269"}],"wp:attachment":[{"href":"https:\/\/webdelmaestrocmf.com\/portal\/wp-json\/wp\/v2\/media?parent=45267"}],"wp:term":[{"taxonomy":"category","embeddable":true,"href":"https:\/\/webdelmaestrocmf.com\/portal\/wp-json\/wp\/v2\/categories?post=45267"},{"taxonomy":"post_tag","embeddable":true,"href":"https:\/\/webdelmaestrocmf.com\/portal\/wp-json\/wp\/v2\/tags?post=45267"}],"curies":[{"name":"wp","href":"https:\/\/api.w.org\/{rel}","templated":true}]}}